{"id":9070,"date":"2025-11-07T03:39:51","date_gmt":"2025-11-07T02:39:51","guid":{"rendered":"https:\/\/www.strassenweb.de\/nachrichten\/der-maximalistische-weihnachtsbaum-von-nick-jonas-und-priyanka-chopra-beweist-dass-mehr-mehr-ist-wenn-es-um-die-weihnachtsdekoration-geht-und-es-ist-einfach-den-look-im\/"},"modified":"2025-11-07T03:39:52","modified_gmt":"2025-11-07T02:39:52","slug":"der-maximalistische-weihnachtsbaum-von-nick-jonas-und-priyanka-chopra-beweist-dass-mehr-mehr-ist-wenn-es-um-die-weihnachtsdekoration-geht-und-es-ist-einfach-den-look-im","status":"publish","type":"post","link":"https:\/\/www.strassenweb.de\/nachrichten\/der-maximalistische-weihnachtsbaum-von-nick-jonas-und-priyanka-chopra-beweist-dass-mehr-mehr-ist-wenn-es-um-die-weihnachtsdekoration-geht-und-es-ist-einfach-den-look-im\/","title":{"rendered":"Der maximalistische Weihnachtsbaum von Nick Jonas und Priyanka Chopra beweist, dass \u201emehr mehr ist\u201c, wenn es um die Weihnachtsdekoration geht \u2013 und es ist einfach, den Look im Jahr 2025 nachzubilden"},"content":{"rendered":"<p><\/p>\n<div id=\"article-body\" class=\"article__body \">\n<p id=\"7b0821af-a9ce-4b17-89f2-3c7f5f22efdc\">Mit der kontinuierlichen Weiterentwicklung der Inneneinrichtung hat sich das Pendel entschieden weg vom kargen Minimalismus hin zu einem festlichen Stil entwickelt, der f\u00fcr Opulenz, Freude und Pers\u00f6nlichkeit steht. W\u00e4hrend es immer mehr minimalistische Ideen f\u00fcr Weihnachtsdekorationen gibt, verblasst die schlichte \u00c4sthetik von einst und wird durch etwas viel Mutigeres ersetzt.<\/p>\n<div id=\"ad-unit-1\" class=\"ad-unit\"><\/div>\n<p>Diese maximalistische Stimmung \u2013 das perfekte Urlaubsgegenmittel zur allt\u00e4glichen Zur\u00fcckhaltung \u2013 wird durch die Weihnachtsbaumidee von Nick Jonas und Priyanka Chopra wunderbar verk\u00f6rpert. Obwohl der spektakul\u00e4re Auftritt des Paares schon ein Jahr her ist, f\u00fchlt sich sein Geist der F\u00fclle unglaublich aktuell an und ist der ehrgeizige Plan f\u00fcr die Weihnachtszeit 2025.<\/p>\n<aside data-block-type=\"embed\" data-render-type=\"fte\" data-skip=\"dealsy\" data-widget-type=\"seasonal\" class=\"hawk-root\"><\/aside>\n<p id=\"7b0821af-a9ce-4b17-89f2-3c7f5f22efdc-2\" class=\"paywall\" aria-hidden=\"true\">Der Jonas-Chopra-Baum ist eine Meisterklasse des engagierten Maximalismus. Mit einer H\u00f6he von \u00fcber drei Metern ist es im wahrsten Sinne des Wortes von Kopf bis Fu\u00df geschm\u00fcckt, wobei jeder Zentimeter einem festlichen Zweck dient. Wei\u00dfe Hintergrundlichter bilden die wesentliche Basis, betont durch ein gro\u00dfz\u00fcgiges, als Girlande durchgewebtes Goldband. Die Zweige sind dann reich mit gro\u00dfen roten und goldenen Ornamenten \u00fcbers\u00e4t, unterbrochen von festlichen goldenen Weihnachtssternen.<\/p>\n<div class=\"van_vid_carousel\">\n<div class=\"van_vid_carousel__padding\">\n<div class=\"van_vid_carousel__container\"><\/div>\n<\/div>\n<\/div>\n<div class=\"instagram-embed\" id=\"CX7G1RrPteb\">\n<blockquote class=\"instagram-media\" data-instgrm-captioned data-instgrm-version=\"6\" style=\"width:99.375%; width:-webkit-calc(100% - 2px); width:calc(100% - 2px);\">\n<p>Ein von Nick Jonas (@nickjonas) geteilter Beitrag<\/p>\n<p>Ein Foto gepostet von am <\/p>\n<\/blockquote>\n<\/div>\n<p id=\"de353de8-e193-476e-9ada-2d0e8a877f83\">Dieser vollst\u00e4ndig gekleidete Look passt perfekt zu den vorherrschenden Weihnachtsdekorationstrends. Wir sehen viel weniger l\u00e4ssig gesprenkelte B\u00e4ume und weitaus aufw\u00e4ndigere Designs, die bis in die Spitze voller reicher Textur und Glitzer sind. Designbegeisterte freuen sich \u00fcber die Erlaubnis, sich verw\u00f6hnen zu lassen. Esme Amberg, Head of Design bei The Roost, best\u00e4tigt diese \u00fcberschw\u00e4ngliche Stimmung: \u201eIch glaube nicht, dass man es mit Weihnachten jemals \u00fcbertreiben kann, und wenn es um Lichterketten geht, gilt: Mehr ist mehr!\u201c<\/p>\n<div id=\"ad-unit-2\" class=\"ad-unit\"><\/div>\n<p>Um die visuell reichhaltige \u00c4sthetik von Jonas und Chopra nachzubilden, ist ein systematischer Ansatz der Schl\u00fcssel. Amberg empfiehlt, mit der Beleuchtung zu beginnen: \u201eBeginnen Sie mit der Dekoration Ihres Baumes, indem Sie zuerst die (getesteten) Lichterketten anbringen, beginnen Sie oben und arbeiten Sie sich nach unten vor.\u201c Das gleiche Schichtungsprinzip gilt f\u00fcr Ornamente; Es ist wichtig, jeden Teil des Baumes zu schm\u00fccken und nichts sp\u00e4rlich zu lassen. Amberg schl\u00e4gt vor, die Gr\u00f6\u00dfe strategisch zu nutzen, um eine luxuri\u00f6se Tiefe zu erzeugen: \u201eH\u00e4ngen Sie gr\u00f6\u00dfere Kugeln n\u00e4her an der Mitte des Baumes auf, um ihm mehr Tiefe zu verleihen, und mittelgro\u00dfe Ornamente in den mittleren Schichten und die kleinsten Ornamente an den \u00e4u\u00dferen Spitzen der Zweige \u2013 ich gruppiere sie gerne in kleinen Dreiergruppen.\u201c Eine Mischung aus roten und goldenen Ornamenten, wie die des Paares, sorgt sofort f\u00fcr die begehrte traditionelle und dennoch gehobene Urlaubsw\u00e4rme.<\/p>\n<p>Der ultimative Erfolg maximalistischer Weihnachtsdekoration ist jedoch ihre Pers\u00f6nlichkeit und ihre Verbindung zu Erinnerungen. Amberg empfiehlt einen herzlichen Ansatz: \u201eUm maximalistische Weihnachtsdekoration zu schaffen, h\u00e4ngen Sie zun\u00e4chst Ihre Lieblingsst\u00fccke auf und verteilen Sie Andenken von Gro\u00dfeltern, Geschenke von Freunden oder handgefertigte Schmuckst\u00fccke von den Kindern gleichm\u00e4\u00dfig rund um den Baum, um ein wundersch\u00f6nes, funkelndes Bild aus Freude und Erinnerungen zu schaffen.\u201c<\/p>\n<p>Wenn Ihr Baum noch kahle Stellen aufweist, gibt es eine elegante L\u00f6sung. Amberg empfiehlt: \u201eWenn es ein paar kahle Stellen gibt, durchsuchen Sie den Garten nach \u00c4sten und St\u00e4ngeln, spr\u00fchen Sie sie gr\u00fcn oder gold (besonders zu dieser Jahreszeit gibt es viele Laubsprays) und schlie\u00dfen Sie die Stellen einfach ab, um F\u00fclle und Struktur zu verleihen.\u201c<\/p>\n<div id=\"slice-container-newsletterForm-articleInbodyContent-9Qn4PivXMMZ2mgVQHMQzKZ\" class=\"slice-container newsletter-inbodyContent-slice newsletterForm-articleInbodyContent-9Qn4PivXMMZ2mgVQHMQzKZ slice-container-newsletterForm\"><\/div>\n<p>Letztendlich gilt bei der Gestaltung eines Weihnachtsbaumes f\u00fcr 2025 die Devise: Mehr ist immer mehr.<\/p>\n<h3 class=\"article-body__section\" id=\"section-shop-the-maximalist-look\"><span>Kaufen Sie den maximalistischen Look<\/span><\/h3>\n<aside data-block-type=\"embed\" data-hawk-json='{\"collection\":{\"blocks\":({\"modelName\":\"Organza Wired Ribbon\",\"productName\":\"Organza Wired Ribbon\",\"brand\":null,\"price\":null,\"wasPrice\":null,\"currency\":null,\"image\":{\"copyright\":\"\",\"height\":500,\"id\":\"9sLR4ypyfYxDhPyXRKF4oV\",\"mimeType\":\"image\/jpeg\",\"mos\":\"https:\/\/cdn.mos.cms.futurecdn.net\/9sLR4ypyfYxDhPyXRKF4oV.jpg\",\"role\":\"\",\"width\":500,\"credit\":\"Ribbli\",\"alt\":\"Ribbli Gold Organza Wired Ribbon, Old Gold Sheer Ribbon With Metallic Edge,2-1\/2 Inch X 20 Yards Christmas Tree Ribbon for Decoration, Wired Ribbon for Large Gift Wrapping,wedding Decoration.\",\"caption\":\"\"},\"link\":{\"url\":\"https:\/\/target.georiot.com\/Proxy.ashx?tsid=107655&amp;GR_URL=https%3A%2F%2Famazon.com%2FRibbli-Metallic-Christmas-Decoration-Decoration%2Fdp%2FB09XMG22GV%2Fref%3Dsr_1_3_sspa%3Ftag%3Dhawk-future-20%26ascsubtag%3Dhawk-custom-tracking-20\",\"linkText\":\"$16.99 at Amazon\",\"editorialMerchantName\":\"\",\"merchantId\":1471,\"merchantNetwork\":\"Amazonus\",\"merchantUrl\":\"amazon.com\",\"merchantName\":\"Amazon US\"},\"noAffiliateTracking\":false,\"linkMerchant\":\"Amazon US\"},{\"modelName\":\"Burgundy Velvet Christmas Ornaments, Boxed Set of 8\",\"productName\":\"Burgundy Velvet Christmas Ornaments, Boxed Set of 8\",\"brand\":null,\"price\":59.95,\"wasPrice\":null,\"currency\":\"USD\",\"image\":{\"copyright\":\"\",\"height\":800,\"id\":\"zJ9EEFehceDzCSqLdWQCTA\",\"mimeType\":\"image\/jpeg\",\"mos\":\"https:\/\/cdn.mos.cms.futurecdn.net\/zJ9EEFehceDzCSqLdWQCTA.jpg\",\"role\":\"\",\"width\":800,\"credit\":\"Crate &amp; Barrel\",\"alt\":\"Burgundy Velvet Christmas Ornaments, Boxed Set of 8\",\"caption\":\"\"},\"link\":{\"url\":\"https:\/\/cratebarrel.pxf.io\/c\/221109\/1761190\/20651?subId1=hawk-custom-tracking&amp;sharedId=hawk&amp;u=https%3A%2F%2Fwww.crateandbarrel.com%2Fburgundy-velvet-christmas-ornaments-boxed-set-of-8%2Fs246965\",\"linkText\":\"$59.95 at Crate &amp; Barrel\",\"editorialMerchantName\":\"\",\"merchantId\":537428,\"merchantNetwork\":\"ImpactRad\",\"merchantUrl\":\"crateandbarrel.com\",\"merchantName\":\"Crate &amp; Barrel\"},\"noAffiliateTracking\":false,\"linkMerchant\":\"Crate &amp; Barrel\"},{\"modelName\":\"Carlen Linen Satin Garland\",\"productName\":\"Carlen Linen Satin Garland\",\"brand\":null,\"price\":38,\"wasPrice\":null,\"currency\":\"USD\",\"image\":{\"copyright\":\"\",\"height\":600,\"id\":\"aMNoY4TTsqUqNNPBxSEceb\",\"mimeType\":\"image\/jpeg\",\"mos\":\"https:\/\/cdn.mos.cms.futurecdn.net\/v2\/t:66,l:0,cw:461,ch:461,q:80\/aMNoY4TTsqUqNNPBxSEceb.jpg\",\"role\":\"\",\"width\":461,\"credit\":\"Lulu and Georgia\",\"alt\":\"Carlen Linen Satin Garland\",\"caption\":\"\",\"crop\":{\"top\":66,\"left\":0,\"cropWidth\":461,\"cropHeight\":461,\"quality\":80}},\"link\":{\"url\":\"https:\/\/www.pntra.com\/t\/8-11565-101987-157756?variant=43126169632867&amp;sid=hawk-custom-tracking&amp;website=194177&amp;url=https%3A%2F%2Fwww.luluandgeorgia.com%2Fproducts%2Fcarlen-linen-satin-garland%3Fvariant%3D43126169632867\",\"linkText\":\"$38 at Lulu and Georgia\",\"editorialMerchantName\":\"\",\"merchantId\":206555,\"merchantNetwork\":\"PJ\",\"merchantUrl\":\"luluandgeorgia.com\",\"merchantName\":\"Lulu and Georgia\"},\"noAffiliateTracking\":false,\"linkMerchant\":\"Lulu and Georgia\"})}}' data-model-name=\"Organza Wired Ribbon,Burgundy Velvet Christmas Ornaments, Boxed Set of 8,Carlen Linen Satin Garland\" data-render-type=\"fte\" data-skip=\"disabled\" data-widget-type=\"collection\" class=\"hawk-root\"><\/aside>\n<div class=\"product-container hero-product-container product-block-no-wrap\">\n<div class=\"product-block-row\"><\/div>\n<div class=\"product-block-row\"><\/div>\n<div class=\"product-block-row\"><\/div>\n<\/div>\n<\/div>\n<p><script async src=\"\/\/www.instagram.com\/embed.js\"><\/script><\/p>\n","protected":false},"excerpt":{"rendered":"<p>Mit der kontinuierlichen Weiterentwicklung der Inneneinrichtung hat sich das Pendel entschieden weg vom kargen Minimalismus hin zu einem festlichen Stil entwickelt, der f\u00fcr Opulenz, Freude<\/p>\n","protected":false},"author":1,"featured_media":9071,"comment_status":"closed","ping_status":"","sticky":false,"template":"","format":"standard","meta":{"footnotes":""},"categories":[118],"tags":[2037,11392,51,78,81,9,355,510,15,384,3769,3917,301,2039,11390,11391,37,21,3018,1592,1076],"class_list":["post-9070","post","type-post","status-publish","format-standard","has-post-thumbnail","hentry","category-haus-garten","tag-beweist","tag-chopra","tag-dass","tag-den","tag-der","tag-die","tag-einfach","tag-geht","tag-ist","tag-jahr","tag-jonas","tag-maximalistische","tag-mehr","tag-nachzubilden","tag-nick","tag-priyanka","tag-und","tag-von","tag-weihnachtsbaum","tag-weihnachtsdekoration","tag-wenn","generate-columns","tablet-grid-50","mobile-grid-100","grid-parent","grid-50"],"yoast_head":"<!-- This site is optimized with the Yoast SEO plugin v27.3 - https:\/\/yoast.com\/product\/yoast-seo-wordpress\/ -->\n<title>Der maximalistische Weihnachtsbaum von Nick Jonas und Priyanka Chopra beweist, dass \u201emehr mehr ist\u201c, wenn es um die Weihnachtsdekoration geht \u2013 und es ist einfach, den Look im Jahr 2025 nachzubilden - Nachrichten - Stra\u00dfenweb<\/title>\n<meta name=\"robots\" content=\"index, follow, max-snippet:-1, max-image-preview:large, max-video-preview:-1\" \/>\n<link rel=\"canonical\" href=\"https:\/\/www.strassenweb.de\/nachrichten\/der-maximalistische-weihnachtsbaum-von-nick-jonas-und-priyanka-chopra-beweist-dass-mehr-mehr-ist-wenn-es-um-die-weihnachtsdekoration-geht-und-es-ist-einfach-den-look-im\/\" \/>\n<meta property=\"og:locale\" content=\"de_DE\" \/>\n<meta property=\"og:type\" content=\"article\" \/>\n<meta property=\"og:title\" content=\"Der maximalistische Weihnachtsbaum von Nick Jonas und Priyanka Chopra beweist, dass \u201emehr mehr ist\u201c, wenn es um die Weihnachtsdekoration geht \u2013 und es ist einfach, den Look im Jahr 2025 nachzubilden - Nachrichten - Stra\u00dfenweb\" \/>\n<meta property=\"og:description\" content=\"Mit der kontinuierlichen Weiterentwicklung der Inneneinrichtung hat sich das Pendel entschieden weg vom kargen Minimalismus hin zu einem festlichen Stil entwickelt, der f\u00fcr Opulenz, Freude\" \/>\n<meta property=\"og:url\" content=\"https:\/\/www.strassenweb.de\/nachrichten\/der-maximalistische-weihnachtsbaum-von-nick-jonas-und-priyanka-chopra-beweist-dass-mehr-mehr-ist-wenn-es-um-die-weihnachtsdekoration-geht-und-es-ist-einfach-den-look-im\/\" \/>\n<meta property=\"og:site_name\" content=\"Stra\u00dfenweb\" \/>\n<meta property=\"article:publisher\" content=\"https:\/\/www.facebook.com\/strassenweb\/\" \/>\n<meta property=\"article:published_time\" content=\"2025-11-07T02:39:51+00:00\" \/>\n<meta property=\"article:modified_time\" content=\"2025-11-07T02:39:52+00:00\" \/>\n<meta property=\"og:image\" content=\"https:\/\/www.strassenweb.de\/nachrichten\/wp-content\/uploads\/2025\/11\/Der-maximalistische-Weihnachtsbaum-von-Nick-Jonas-und-Priyanka-Chopra-beweist.jpg\" \/>\n\t<meta property=\"og:image:width\" content=\"2560\" \/>\n\t<meta property=\"og:image:height\" content=\"1440\" \/>\n\t<meta property=\"og:image:type\" content=\"image\/jpeg\" \/>\n<meta name=\"author\" content=\"Robert Hoffmann\" \/>\n<meta name=\"twitter:card\" content=\"summary_large_image\" \/>\n<meta name=\"twitter:label1\" content=\"Verfasst von\" \/>\n\t<meta name=\"twitter:data1\" content=\"Robert Hoffmann\" \/>\n\t<meta name=\"twitter:label2\" content=\"Gesch\u00e4tzte Lesezeit\" \/>\n\t<meta name=\"twitter:data2\" content=\"3\u00a0Minuten\" \/>\n<script type=\"application\/ld+json\" class=\"yoast-schema-graph\">{\"@context\":\"https:\\\/\\\/schema.org\",\"@graph\":[{\"@type\":\"Article\",\"@id\":\"https:\\\/\\\/www.strassenweb.de\\\/nachrichten\\\/der-maximalistische-weihnachtsbaum-von-nick-jonas-und-priyanka-chopra-beweist-dass-mehr-mehr-ist-wenn-es-um-die-weihnachtsdekoration-geht-und-es-ist-einfach-den-look-im\\\/#article\",\"isPartOf\":{\"@id\":\"https:\\\/\\\/www.strassenweb.de\\\/nachrichten\\\/der-maximalistische-weihnachtsbaum-von-nick-jonas-und-priyanka-chopra-beweist-dass-mehr-mehr-ist-wenn-es-um-die-weihnachtsdekoration-geht-und-es-ist-einfach-den-look-im\\\/\"},\"author\":{\"name\":\"Robert Hoffmann\",\"@id\":\"https:\\\/\\\/www.strassenweb.de\\\/nachrichten\\\/#\\\/schema\\\/person\\\/87c9c9067f1211da429a744dc5a5aa41\"},\"headline\":\"Der maximalistische Weihnachtsbaum von Nick Jonas und Priyanka Chopra beweist, dass \u201emehr mehr ist\u201c, wenn es um die Weihnachtsdekoration geht \u2013 und es ist einfach, den Look im Jahr 2025 nachzubilden\",\"datePublished\":\"2025-11-07T02:39:51+00:00\",\"dateModified\":\"2025-11-07T02:39:52+00:00\",\"mainEntityOfPage\":{\"@id\":\"https:\\\/\\\/www.strassenweb.de\\\/nachrichten\\\/der-maximalistische-weihnachtsbaum-von-nick-jonas-und-priyanka-chopra-beweist-dass-mehr-mehr-ist-wenn-es-um-die-weihnachtsdekoration-geht-und-es-ist-einfach-den-look-im\\\/\"},\"wordCount\":613,\"publisher\":{\"@id\":\"https:\\\/\\\/www.strassenweb.de\\\/nachrichten\\\/#organization\"},\"image\":{\"@id\":\"https:\\\/\\\/www.strassenweb.de\\\/nachrichten\\\/der-maximalistische-weihnachtsbaum-von-nick-jonas-und-priyanka-chopra-beweist-dass-mehr-mehr-ist-wenn-es-um-die-weihnachtsdekoration-geht-und-es-ist-einfach-den-look-im\\\/#primaryimage\"},\"thumbnailUrl\":\"https:\\\/\\\/www.strassenweb.de\\\/nachrichten\\\/wp-content\\\/uploads\\\/2025\\\/11\\\/Der-maximalistische-Weihnachtsbaum-von-Nick-Jonas-und-Priyanka-Chopra-beweist.jpg\",\"keywords\":[\"beweist\",\"Chopra\",\"dass\",\"den\",\"der\",\"die\",\"einfach\",\"geht\",\"ist\",\"Jahr\",\"Jonas\",\"maximalistische\",\"mehr\",\"nachzubilden\",\"Nick\",\"Priyanka\",\"und\",\"von\",\"Weihnachtsbaum\",\"Weihnachtsdekoration\",\"wenn\"],\"articleSection\":[\"Haus &amp; Garten\"],\"inLanguage\":\"de\"},{\"@type\":\"WebPage\",\"@id\":\"https:\\\/\\\/www.strassenweb.de\\\/nachrichten\\\/der-maximalistische-weihnachtsbaum-von-nick-jonas-und-priyanka-chopra-beweist-dass-mehr-mehr-ist-wenn-es-um-die-weihnachtsdekoration-geht-und-es-ist-einfach-den-look-im\\\/\",\"url\":\"https:\\\/\\\/www.strassenweb.de\\\/nachrichten\\\/der-maximalistische-weihnachtsbaum-von-nick-jonas-und-priyanka-chopra-beweist-dass-mehr-mehr-ist-wenn-es-um-die-weihnachtsdekoration-geht-und-es-ist-einfach-den-look-im\\\/\",\"name\":\"Der maximalistische Weihnachtsbaum von Nick Jonas und Priyanka Chopra beweist, dass \u201emehr mehr ist\u201c, wenn es um die Weihnachtsdekoration geht \u2013 und es ist einfach, den Look im Jahr 2025 nachzubilden - Nachrichten - Stra\u00dfenweb\",\"isPartOf\":{\"@id\":\"https:\\\/\\\/www.strassenweb.de\\\/nachrichten\\\/#website\"},\"primaryImageOfPage\":{\"@id\":\"https:\\\/\\\/www.strassenweb.de\\\/nachrichten\\\/der-maximalistische-weihnachtsbaum-von-nick-jonas-und-priyanka-chopra-beweist-dass-mehr-mehr-ist-wenn-es-um-die-weihnachtsdekoration-geht-und-es-ist-einfach-den-look-im\\\/#primaryimage\"},\"image\":{\"@id\":\"https:\\\/\\\/www.strassenweb.de\\\/nachrichten\\\/der-maximalistische-weihnachtsbaum-von-nick-jonas-und-priyanka-chopra-beweist-dass-mehr-mehr-ist-wenn-es-um-die-weihnachtsdekoration-geht-und-es-ist-einfach-den-look-im\\\/#primaryimage\"},\"thumbnailUrl\":\"https:\\\/\\\/www.strassenweb.de\\\/nachrichten\\\/wp-content\\\/uploads\\\/2025\\\/11\\\/Der-maximalistische-Weihnachtsbaum-von-Nick-Jonas-und-Priyanka-Chopra-beweist.jpg\",\"datePublished\":\"2025-11-07T02:39:51+00:00\",\"dateModified\":\"2025-11-07T02:39:52+00:00\",\"breadcrumb\":{\"@id\":\"https:\\\/\\\/www.strassenweb.de\\\/nachrichten\\\/der-maximalistische-weihnachtsbaum-von-nick-jonas-und-priyanka-chopra-beweist-dass-mehr-mehr-ist-wenn-es-um-die-weihnachtsdekoration-geht-und-es-ist-einfach-den-look-im\\\/#breadcrumb\"},\"inLanguage\":\"de\",\"potentialAction\":[{\"@type\":\"ReadAction\",\"target\":[\"https:\\\/\\\/www.strassenweb.de\\\/nachrichten\\\/der-maximalistische-weihnachtsbaum-von-nick-jonas-und-priyanka-chopra-beweist-dass-mehr-mehr-ist-wenn-es-um-die-weihnachtsdekoration-geht-und-es-ist-einfach-den-look-im\\\/\"]}]},{\"@type\":\"ImageObject\",\"inLanguage\":\"de\",\"@id\":\"https:\\\/\\\/www.strassenweb.de\\\/nachrichten\\\/der-maximalistische-weihnachtsbaum-von-nick-jonas-und-priyanka-chopra-beweist-dass-mehr-mehr-ist-wenn-es-um-die-weihnachtsdekoration-geht-und-es-ist-einfach-den-look-im\\\/#primaryimage\",\"url\":\"https:\\\/\\\/www.strassenweb.de\\\/nachrichten\\\/wp-content\\\/uploads\\\/2025\\\/11\\\/Der-maximalistische-Weihnachtsbaum-von-Nick-Jonas-und-Priyanka-Chopra-beweist.jpg\",\"contentUrl\":\"https:\\\/\\\/www.strassenweb.de\\\/nachrichten\\\/wp-content\\\/uploads\\\/2025\\\/11\\\/Der-maximalistische-Weihnachtsbaum-von-Nick-Jonas-und-Priyanka-Chopra-beweist.jpg\",\"width\":2560,\"height\":1440,\"caption\":\"Der maximalistische Weihnachtsbaum von Nick Jonas und Priyanka Chopra beweist, dass \u201emehr mehr ist\u201c, wenn es um die Weihnachtsdekoration geht \u2013 und es ist einfach, den Look im Jahr 2025 nachzubilden\"},{\"@type\":\"BreadcrumbList\",\"@id\":\"https:\\\/\\\/www.strassenweb.de\\\/nachrichten\\\/der-maximalistische-weihnachtsbaum-von-nick-jonas-und-priyanka-chopra-beweist-dass-mehr-mehr-ist-wenn-es-um-die-weihnachtsdekoration-geht-und-es-ist-einfach-den-look-im\\\/#breadcrumb\",\"itemListElement\":[{\"@type\":\"ListItem\",\"position\":1,\"name\":\"Home\",\"item\":\"https:\\\/\\\/www.strassenweb.de\\\/nachrichten\\\/\"},{\"@type\":\"ListItem\",\"position\":2,\"name\":\"Der maximalistische Weihnachtsbaum von Nick Jonas und Priyanka Chopra beweist, dass \u201emehr mehr ist\u201c, wenn es um die Weihnachtsdekoration geht \u2013 und es ist einfach, den Look im Jahr 2025 nachzubilden\"}]},{\"@type\":\"WebSite\",\"@id\":\"https:\\\/\\\/www.strassenweb.de\\\/nachrichten\\\/#website\",\"url\":\"https:\\\/\\\/www.strassenweb.de\\\/nachrichten\\\/\",\"name\":\"Stra\u00dfenweb\",\"description\":\"Stra\u00dfenverzeichnis f\u00fcr Deutschland\",\"publisher\":{\"@id\":\"https:\\\/\\\/www.strassenweb.de\\\/nachrichten\\\/#organization\"},\"potentialAction\":[{\"@type\":\"SearchAction\",\"target\":{\"@type\":\"EntryPoint\",\"urlTemplate\":\"https:\\\/\\\/www.strassenweb.de\\\/nachrichten\\\/?s={search_term_string}\"},\"query-input\":{\"@type\":\"PropertyValueSpecification\",\"valueRequired\":true,\"valueName\":\"search_term_string\"}}],\"inLanguage\":\"de\"},{\"@type\":\"Organization\",\"@id\":\"https:\\\/\\\/www.strassenweb.de\\\/nachrichten\\\/#organization\",\"name\":\"Stra\u00dfenweb\",\"url\":\"https:\\\/\\\/www.strassenweb.de\\\/nachrichten\\\/\",\"logo\":{\"@type\":\"ImageObject\",\"inLanguage\":\"de\",\"@id\":\"https:\\\/\\\/www.strassenweb.de\\\/nachrichten\\\/#\\\/schema\\\/logo\\\/image\\\/\",\"url\":\"https:\\\/\\\/www.strassenweb.de\\\/nachrichten\\\/wp-content\\\/uploads\\\/2024\\\/09\\\/cropped-favicon.png\",\"contentUrl\":\"https:\\\/\\\/www.strassenweb.de\\\/nachrichten\\\/wp-content\\\/uploads\\\/2024\\\/09\\\/cropped-favicon.png\",\"width\":512,\"height\":512,\"caption\":\"Stra\u00dfenweb\"},\"image\":{\"@id\":\"https:\\\/\\\/www.strassenweb.de\\\/nachrichten\\\/#\\\/schema\\\/logo\\\/image\\\/\"},\"sameAs\":[\"https:\\\/\\\/www.facebook.com\\\/strassenweb\\\/\"]},{\"@type\":\"Person\",\"@id\":\"https:\\\/\\\/www.strassenweb.de\\\/nachrichten\\\/#\\\/schema\\\/person\\\/87c9c9067f1211da429a744dc5a5aa41\",\"name\":\"Robert Hoffmann\",\"image\":{\"@type\":\"ImageObject\",\"inLanguage\":\"de\",\"@id\":\"https:\\\/\\\/www.strassenweb.de\\\/nachrichten\\\/wp-content\\\/uploads\\\/2024\\\/09\\\/strassenweb-150x150.jpg\",\"url\":\"https:\\\/\\\/www.strassenweb.de\\\/nachrichten\\\/wp-content\\\/uploads\\\/2024\\\/09\\\/strassenweb-150x150.jpg\",\"contentUrl\":\"https:\\\/\\\/www.strassenweb.de\\\/nachrichten\\\/wp-content\\\/uploads\\\/2024\\\/09\\\/strassenweb-150x150.jpg\",\"caption\":\"Robert Hoffmann\"},\"description\":\"Ich hei\u00dfe Robert Hoffmann und ich bin ein leidenschaftlicher Verfechter von \u00d6kologie und Biodiversit\u00e4t. Seit meiner Kindheit in den W\u00e4ldern Bayerns f\u00fchle ich mich mit der Natur verbunden und bin entschlossen, sie zu sch\u00fctzen. Heute widme ich mein Leben der Sensibilisierung anderer f\u00fcr die Bedeutung des Umweltschutzes f\u00fcr zuk\u00fcnftige Generationen.\",\"sameAs\":[\"https:\\\/\\\/www.strassenweb.de\\\/\"]}]}<\/script>\n<!-- \/ Yoast SEO plugin. -->","yoast_head_json":{"title":"Der maximalistische Weihnachtsbaum von Nick Jonas und Priyanka Chopra beweist, dass \u201emehr mehr ist\u201c, wenn es um die Weihnachtsdekoration geht \u2013 und es ist einfach, den Look im Jahr 2025 nachzubilden - Nachrichten - Stra\u00dfenweb","robots":{"index":"index","follow":"follow","max-snippet":"max-snippet:-1","max-image-preview":"max-image-preview:large","max-video-preview":"max-video-preview:-1"},"canonical":"https:\/\/www.strassenweb.de\/nachrichten\/der-maximalistische-weihnachtsbaum-von-nick-jonas-und-priyanka-chopra-beweist-dass-mehr-mehr-ist-wenn-es-um-die-weihnachtsdekoration-geht-und-es-ist-einfach-den-look-im\/","og_locale":"de_DE","og_type":"article","og_title":"Der maximalistische Weihnachtsbaum von Nick Jonas und Priyanka Chopra beweist, dass \u201emehr mehr ist\u201c, wenn es um die Weihnachtsdekoration geht \u2013 und es ist einfach, den Look im Jahr 2025 nachzubilden - Nachrichten - Stra\u00dfenweb","og_description":"Mit der kontinuierlichen Weiterentwicklung der Inneneinrichtung hat sich das Pendel entschieden weg vom kargen Minimalismus hin zu einem festlichen Stil entwickelt, der f\u00fcr Opulenz, Freude","og_url":"https:\/\/www.strassenweb.de\/nachrichten\/der-maximalistische-weihnachtsbaum-von-nick-jonas-und-priyanka-chopra-beweist-dass-mehr-mehr-ist-wenn-es-um-die-weihnachtsdekoration-geht-und-es-ist-einfach-den-look-im\/","og_site_name":"Stra\u00dfenweb","article_publisher":"https:\/\/www.facebook.com\/strassenweb\/","article_published_time":"2025-11-07T02:39:51+00:00","article_modified_time":"2025-11-07T02:39:52+00:00","og_image":[{"width":2560,"height":1440,"url":"https:\/\/www.strassenweb.de\/nachrichten\/wp-content\/uploads\/2025\/11\/Der-maximalistische-Weihnachtsbaum-von-Nick-Jonas-und-Priyanka-Chopra-beweist.jpg","type":"image\/jpeg"}],"author":"Robert Hoffmann","twitter_card":"summary_large_image","twitter_misc":{"Verfasst von":"Robert Hoffmann","Gesch\u00e4tzte Lesezeit":"3\u00a0Minuten"},"schema":{"@context":"https:\/\/schema.org","@graph":[{"@type":"Article","@id":"https:\/\/www.strassenweb.de\/nachrichten\/der-maximalistische-weihnachtsbaum-von-nick-jonas-und-priyanka-chopra-beweist-dass-mehr-mehr-ist-wenn-es-um-die-weihnachtsdekoration-geht-und-es-ist-einfach-den-look-im\/#article","isPartOf":{"@id":"https:\/\/www.strassenweb.de\/nachrichten\/der-maximalistische-weihnachtsbaum-von-nick-jonas-und-priyanka-chopra-beweist-dass-mehr-mehr-ist-wenn-es-um-die-weihnachtsdekoration-geht-und-es-ist-einfach-den-look-im\/"},"author":{"name":"Robert Hoffmann","@id":"https:\/\/www.strassenweb.de\/nachrichten\/#\/schema\/person\/87c9c9067f1211da429a744dc5a5aa41"},"headline":"Der maximalistische Weihnachtsbaum von Nick Jonas und Priyanka Chopra beweist, dass \u201emehr mehr ist\u201c, wenn es um die Weihnachtsdekoration geht \u2013 und es ist einfach, den Look im Jahr 2025 nachzubilden","datePublished":"2025-11-07T02:39:51+00:00","dateModified":"2025-11-07T02:39:52+00:00","mainEntityOfPage":{"@id":"https:\/\/www.strassenweb.de\/nachrichten\/der-maximalistische-weihnachtsbaum-von-nick-jonas-und-priyanka-chopra-beweist-dass-mehr-mehr-ist-wenn-es-um-die-weihnachtsdekoration-geht-und-es-ist-einfach-den-look-im\/"},"wordCount":613,"publisher":{"@id":"https:\/\/www.strassenweb.de\/nachrichten\/#organization"},"image":{"@id":"https:\/\/www.strassenweb.de\/nachrichten\/der-maximalistische-weihnachtsbaum-von-nick-jonas-und-priyanka-chopra-beweist-dass-mehr-mehr-ist-wenn-es-um-die-weihnachtsdekoration-geht-und-es-ist-einfach-den-look-im\/#primaryimage"},"thumbnailUrl":"https:\/\/www.strassenweb.de\/nachrichten\/wp-content\/uploads\/2025\/11\/Der-maximalistische-Weihnachtsbaum-von-Nick-Jonas-und-Priyanka-Chopra-beweist.jpg","keywords":["beweist","Chopra","dass","den","der","die","einfach","geht","ist","Jahr","Jonas","maximalistische","mehr","nachzubilden","Nick","Priyanka","und","von","Weihnachtsbaum","Weihnachtsdekoration","wenn"],"articleSection":["Haus &amp; Garten"],"inLanguage":"de"},{"@type":"WebPage","@id":"https:\/\/www.strassenweb.de\/nachrichten\/der-maximalistische-weihnachtsbaum-von-nick-jonas-und-priyanka-chopra-beweist-dass-mehr-mehr-ist-wenn-es-um-die-weihnachtsdekoration-geht-und-es-ist-einfach-den-look-im\/","url":"https:\/\/www.strassenweb.de\/nachrichten\/der-maximalistische-weihnachtsbaum-von-nick-jonas-und-priyanka-chopra-beweist-dass-mehr-mehr-ist-wenn-es-um-die-weihnachtsdekoration-geht-und-es-ist-einfach-den-look-im\/","name":"Der maximalistische Weihnachtsbaum von Nick Jonas und Priyanka Chopra beweist, dass \u201emehr mehr ist\u201c, wenn es um die Weihnachtsdekoration geht \u2013 und es ist einfach, den Look im Jahr 2025 nachzubilden - Nachrichten - Stra\u00dfenweb","isPartOf":{"@id":"https:\/\/www.strassenweb.de\/nachrichten\/#website"},"primaryImageOfPage":{"@id":"https:\/\/www.strassenweb.de\/nachrichten\/der-maximalistische-weihnachtsbaum-von-nick-jonas-und-priyanka-chopra-beweist-dass-mehr-mehr-ist-wenn-es-um-die-weihnachtsdekoration-geht-und-es-ist-einfach-den-look-im\/#primaryimage"},"image":{"@id":"https:\/\/www.strassenweb.de\/nachrichten\/der-maximalistische-weihnachtsbaum-von-nick-jonas-und-priyanka-chopra-beweist-dass-mehr-mehr-ist-wenn-es-um-die-weihnachtsdekoration-geht-und-es-ist-einfach-den-look-im\/#primaryimage"},"thumbnailUrl":"https:\/\/www.strassenweb.de\/nachrichten\/wp-content\/uploads\/2025\/11\/Der-maximalistische-Weihnachtsbaum-von-Nick-Jonas-und-Priyanka-Chopra-beweist.jpg","datePublished":"2025-11-07T02:39:51+00:00","dateModified":"2025-11-07T02:39:52+00:00","breadcrumb":{"@id":"https:\/\/www.strassenweb.de\/nachrichten\/der-maximalistische-weihnachtsbaum-von-nick-jonas-und-priyanka-chopra-beweist-dass-mehr-mehr-ist-wenn-es-um-die-weihnachtsdekoration-geht-und-es-ist-einfach-den-look-im\/#breadcrumb"},"inLanguage":"de","potentialAction":[{"@type":"ReadAction","target":["https:\/\/www.strassenweb.de\/nachrichten\/der-maximalistische-weihnachtsbaum-von-nick-jonas-und-priyanka-chopra-beweist-dass-mehr-mehr-ist-wenn-es-um-die-weihnachtsdekoration-geht-und-es-ist-einfach-den-look-im\/"]}]},{"@type":"ImageObject","inLanguage":"de","@id":"https:\/\/www.strassenweb.de\/nachrichten\/der-maximalistische-weihnachtsbaum-von-nick-jonas-und-priyanka-chopra-beweist-dass-mehr-mehr-ist-wenn-es-um-die-weihnachtsdekoration-geht-und-es-ist-einfach-den-look-im\/#primaryimage","url":"https:\/\/www.strassenweb.de\/nachrichten\/wp-content\/uploads\/2025\/11\/Der-maximalistische-Weihnachtsbaum-von-Nick-Jonas-und-Priyanka-Chopra-beweist.jpg","contentUrl":"https:\/\/www.strassenweb.de\/nachrichten\/wp-content\/uploads\/2025\/11\/Der-maximalistische-Weihnachtsbaum-von-Nick-Jonas-und-Priyanka-Chopra-beweist.jpg","width":2560,"height":1440,"caption":"Der maximalistische Weihnachtsbaum von Nick Jonas und Priyanka Chopra beweist, dass \u201emehr mehr ist\u201c, wenn es um die Weihnachtsdekoration geht \u2013 und es ist einfach, den Look im Jahr 2025 nachzubilden"},{"@type":"BreadcrumbList","@id":"https:\/\/www.strassenweb.de\/nachrichten\/der-maximalistische-weihnachtsbaum-von-nick-jonas-und-priyanka-chopra-beweist-dass-mehr-mehr-ist-wenn-es-um-die-weihnachtsdekoration-geht-und-es-ist-einfach-den-look-im\/#breadcrumb","itemListElement":[{"@type":"ListItem","position":1,"name":"Home","item":"https:\/\/www.strassenweb.de\/nachrichten\/"},{"@type":"ListItem","position":2,"name":"Der maximalistische Weihnachtsbaum von Nick Jonas und Priyanka Chopra beweist, dass \u201emehr mehr ist\u201c, wenn es um die Weihnachtsdekoration geht \u2013 und es ist einfach, den Look im Jahr 2025 nachzubilden"}]},{"@type":"WebSite","@id":"https:\/\/www.strassenweb.de\/nachrichten\/#website","url":"https:\/\/www.strassenweb.de\/nachrichten\/","name":"Stra\u00dfenweb","description":"Stra\u00dfenverzeichnis f\u00fcr Deutschland","publisher":{"@id":"https:\/\/www.strassenweb.de\/nachrichten\/#organization"},"potentialAction":[{"@type":"SearchAction","target":{"@type":"EntryPoint","urlTemplate":"https:\/\/www.strassenweb.de\/nachrichten\/?s={search_term_string}"},"query-input":{"@type":"PropertyValueSpecification","valueRequired":true,"valueName":"search_term_string"}}],"inLanguage":"de"},{"@type":"Organization","@id":"https:\/\/www.strassenweb.de\/nachrichten\/#organization","name":"Stra\u00dfenweb","url":"https:\/\/www.strassenweb.de\/nachrichten\/","logo":{"@type":"ImageObject","inLanguage":"de","@id":"https:\/\/www.strassenweb.de\/nachrichten\/#\/schema\/logo\/image\/","url":"https:\/\/www.strassenweb.de\/nachrichten\/wp-content\/uploads\/2024\/09\/cropped-favicon.png","contentUrl":"https:\/\/www.strassenweb.de\/nachrichten\/wp-content\/uploads\/2024\/09\/cropped-favicon.png","width":512,"height":512,"caption":"Stra\u00dfenweb"},"image":{"@id":"https:\/\/www.strassenweb.de\/nachrichten\/#\/schema\/logo\/image\/"},"sameAs":["https:\/\/www.facebook.com\/strassenweb\/"]},{"@type":"Person","@id":"https:\/\/www.strassenweb.de\/nachrichten\/#\/schema\/person\/87c9c9067f1211da429a744dc5a5aa41","name":"Robert Hoffmann","image":{"@type":"ImageObject","inLanguage":"de","@id":"https:\/\/www.strassenweb.de\/nachrichten\/wp-content\/uploads\/2024\/09\/strassenweb-150x150.jpg","url":"https:\/\/www.strassenweb.de\/nachrichten\/wp-content\/uploads\/2024\/09\/strassenweb-150x150.jpg","contentUrl":"https:\/\/www.strassenweb.de\/nachrichten\/wp-content\/uploads\/2024\/09\/strassenweb-150x150.jpg","caption":"Robert Hoffmann"},"description":"Ich hei\u00dfe Robert Hoffmann und ich bin ein leidenschaftlicher Verfechter von \u00d6kologie und Biodiversit\u00e4t. Seit meiner Kindheit in den W\u00e4ldern Bayerns f\u00fchle ich mich mit der Natur verbunden und bin entschlossen, sie zu sch\u00fctzen. Heute widme ich mein Leben der Sensibilisierung anderer f\u00fcr die Bedeutung des Umweltschutzes f\u00fcr zuk\u00fcnftige Generationen.","sameAs":["https:\/\/www.strassenweb.de\/"]}]}},"_links":{"self":[{"href":"https:\/\/www.strassenweb.de\/nachrichten\/wp-json\/wp\/v2\/posts\/9070","targetHints":{"allow":["GET"]}}],"collection":[{"href":"https:\/\/www.strassenweb.de\/nachrichten\/wp-json\/wp\/v2\/posts"}],"about":[{"href":"https:\/\/www.strassenweb.de\/nachrichten\/wp-json\/wp\/v2\/types\/post"}],"author":[{"embeddable":true,"href":"https:\/\/www.strassenweb.de\/nachrichten\/wp-json\/wp\/v2\/users\/1"}],"replies":[{"embeddable":true,"href":"https:\/\/www.strassenweb.de\/nachrichten\/wp-json\/wp\/v2\/comments?post=9070"}],"version-history":[{"count":0,"href":"https:\/\/www.strassenweb.de\/nachrichten\/wp-json\/wp\/v2\/posts\/9070\/revisions"}],"wp:featuredmedia":[{"embeddable":true,"href":"https:\/\/www.strassenweb.de\/nachrichten\/wp-json\/wp\/v2\/media\/9071"}],"wp:attachment":[{"href":"https:\/\/www.strassenweb.de\/nachrichten\/wp-json\/wp\/v2\/media?parent=9070"}],"wp:term":[{"taxonomy":"category","embeddable":true,"href":"https:\/\/www.strassenweb.de\/nachrichten\/wp-json\/wp\/v2\/categories?post=9070"},{"taxonomy":"post_tag","embeddable":true,"href":"https:\/\/www.strassenweb.de\/nachrichten\/wp-json\/wp\/v2\/tags?post=9070"}],"curies":[{"name":"wp","href":"https:\/\/api.w.org\/{rel}","templated":true}]}}