{"id":9067,"date":"2025-11-07T00:39:46","date_gmt":"2025-11-06T23:39:46","guid":{"rendered":"https:\/\/www.strassenweb.de\/nachrichten\/rattan-zu-weihnachten-serena-lily-haben-dem-lieblingsmaterial-des-sommers-eine-festliche-note-verliehen\/"},"modified":"2025-11-07T00:39:47","modified_gmt":"2025-11-06T23:39:47","slug":"rattan-zu-weihnachten-serena-lily-haben-dem-lieblingsmaterial-des-sommers-eine-festliche-note-verliehen","status":"publish","type":"post","link":"https:\/\/www.strassenweb.de\/nachrichten\/rattan-zu-weihnachten-serena-lily-haben-dem-lieblingsmaterial-des-sommers-eine-festliche-note-verliehen\/","title":{"rendered":"Rattan zu Weihnachten? Serena &#038; Lily haben dem Lieblingsmaterial des Sommers eine festliche Note verliehen"},"content":{"rendered":"<p><\/p>\n<div id=\"article-body\" class=\"article__body \">\n<p id=\"83da3193-3226-465f-b6ec-5558b44745f6\">Ich habe Rattan immer mit der Sommerzeit in Verbindung gebracht \u2013 es ist ein Grundbestandteil der K\u00fcstendekoration. Aber Serena &#038; Lily beweist, dass das Potenzial dieses vielseitigen Materials weit \u00fcber die Sommerdekoration hinausgeht und zeigt, dass es auch in den Feiertagen genauso hell strahlen kann.<\/p>\n<div id=\"ad-unit-1\" class=\"ad-unit\"><\/div>\n<p>Rattan ist unglaublich anpassungsf\u00e4hig und die Einbindung in die Weihnachtsdekoration verleiht jedem Raum W\u00e4rme, Textur und nat\u00fcrliche Eleganz. Seine neutrale Farbe und sein zeitloser Charme machen es das ganze Jahr \u00fcber zu einer klassischen Wahl, und wenn es f\u00fcr die festliche Jahreszeit gestylt wird, wird Rattan zu einer raffinierten und dauerhaften Idee f\u00fcr die Weihnachtsdekoration.<\/p>\n<p class=\"paywall\" aria-hidden=\"true\">Die Weihnachtskollektion von Serena &#038; Lily l\u00e4sst mich Rattan in einem ganz neuen Licht sehen. Von gewebten Glocken, Schleifen und Sternen \u00fcber Mini-Weihnachtsb\u00e4ume bis hin zu Rattan-Baumr\u00f6cken zeigen diese St\u00fccke, dass dieses Material im Winter genauso auff\u00e4llig ist wie im Sommer.<\/p>\n<div class=\"van_vid_carousel\">\n<div class=\"van_vid_carousel__padding\">\n<div class=\"van_vid_carousel__container\"><\/div>\n<\/div>\n<\/div>\n<figure class=\"van-image-figure inline-layout \" data-bordeaux-image-check id=\"3c8552e7-a2be-4201-949a-043c88a363a6\">\n<div class=\"image-full-width-wrapper\">\n<div class=\"image-widthsetter\" style=\"max-width:2000px;\"><\/div>\n<\/div>\n<\/figure>\n<h2 id=\"shop-rattan-holiday-decor-from-serena-lily-3\">Kaufen Sie Rattan-Weihnachtsdekoration von Serena &#038; Lily<\/h2>\n<aside data-block-type=\"embed\" data-render-type=\"fte\" data-skip=\"dealsy\" data-widget-type=\"seasonal\" class=\"hawk-root\"><\/aside>\n<p id=\"fda4fa34-6234-4263-90e9-7a5f50c59d34-0\">Ich habe die Weihnachtskollektion 2025 von Serena &#038; Lily durchgesehen, um eine Handvoll Rattandekorationen zusammenzustellen, die mit ihrem schicken Look und dem rustikalen Charme eines K\u00fcstenbauernhauses mit Ihrer typischen Weihnachtsdekoration mithalten k\u00f6nnen. Diese Picks sind nicht nur stilvoll und elegant, sondern dank ihrer nat\u00fcrlichen Textur sind sie auch in diesem Winter einen Platz in Ihrem Zuhause umso w\u00fcrdiger. Noch besser: Beim Sale des Jahres der Marke gibt es auf alle diese Fundst\u00fccke bis zu 40 % Rabatt.<\/p>\n<div id=\"ad-unit-2\" class=\"ad-unit\"><\/div>\n<p>Lassen Sie sich vom Ruf von Rattan als Sommerdekoration nicht davon abhalten, es in dieser Weihnachtszeit in Ihr Zuhause zu integrieren. Dank seiner Vielseitigkeit sorgt dieses Material mit Sicherheit daf\u00fcr, dass \u00fcberall in Ihrem Zuhause ein festlicher Look entsteht. Kaufen Sie unten die besten Rattan-Weihnachtsdeko-Fundst\u00fccke von Serena &#038; Lily.<\/p>\n<aside data-block-type=\"embed\" data-hawk-json='{\"collection\":{\"blocks\":({\"modelName\":\"Decorative Wicker Bows\",\"productName\":\"Decorative Wicker Bows\",\"brand\":\"Serena &amp; Lily\",\"price\":28,\"wasPrice\":38,\"currency\":\"USD\",\"image\":{\"copyright\":\"\",\"height\":2000,\"id\":\"UfDFvLDGuGoee6FbqfqZ5M\",\"mimeType\":\"image\/png\",\"mos\":\"https:\/\/cdn.mos.cms.futurecdn.net\/UfDFvLDGuGoee6FbqfqZ5M.png\",\"role\":\"\",\"width\":2000,\"credit\":\"Serena &amp; Lily\",\"alt\":\"a pair of rattan bows\",\"caption\":\"\"},\"link\":{\"url\":\"https:\/\/www.pntrs.com\/t\/8-4759-101987-50885?sid=hawk-custom-tracking&amp;website=194177&amp;url=https%3A%2F%2Fwww.serenaandlily.com%2Fproducts%2Fwicker-bow-gift-topper-set-of-%2F1289888\",\"linkText\":\"\",\"editorialMerchantName\":\"\",\"merchantId\":465085,\"merchantNetwork\":\"PJ\",\"merchantUrl\":\"serenaandlily.com\",\"merchantName\":\"Serena &amp; Lily\"},\"noAffiliateTracking\":false,\"linkMerchant\":\"Serena &amp; Lily\"},{\"modelName\":\"Wicker Trees\",\"productName\":\"Wicker Trees\",\"brand\":\"Serena &amp; Lily\",\"price\":168,\"wasPrice\":248,\"currency\":\"USD\",\"image\":{\"copyright\":\"\",\"height\":2000,\"id\":\"FKUdVe8QRtSjWxnrtobtHM\",\"mimeType\":\"image\/png\",\"mos\":\"https:\/\/cdn.mos.cms.futurecdn.net\/FKUdVe8QRtSjWxnrtobtHM.png\",\"role\":\"\",\"width\":2000,\"credit\":\"Serena &amp; Lily\",\"alt\":\"a collection of three rattan trees\",\"caption\":\"\"},\"link\":{\"url\":\"https:\/\/www.pntrs.com\/t\/8-4759-101987-50885?sid=hawk-custom-tracking&amp;website=194177&amp;url=https%3A%2F%2Fwww.serenaandlily.com%2Fproducts%2Fwicker-christmas-trees-set-of-%2F1300036\",\"linkText\":\"\",\"editorialMerchantName\":\"\",\"merchantId\":465085,\"merchantNetwork\":\"PJ\",\"merchantUrl\":\"serenaandlily.com\",\"merchantName\":\"Serena &amp; Lily\"},\"noAffiliateTracking\":false,\"linkMerchant\":\"Serena &amp; Lily\"},{\"modelName\":\"Decorative Wicker Stars\",\"productName\":\"Decorative Wicker Stars\",\"brand\":\"Serena &amp; Lily\",\"price\":28,\"wasPrice\":38,\"currency\":\"USD\",\"image\":{\"copyright\":\"\",\"height\":2000,\"id\":\"BNXjF6YzmzRnqoiCe55x9M\",\"mimeType\":\"image\/png\",\"mos\":\"https:\/\/cdn.mos.cms.futurecdn.net\/BNXjF6YzmzRnqoiCe55x9M.png\",\"role\":\"\",\"width\":2000,\"credit\":\"Serena &amp; Lily\",\"alt\":\"two rattan stars\",\"caption\":\"\"},\"link\":{\"url\":\"https:\/\/www.pntrs.com\/t\/8-4759-101987-50885?sid=hawk-custom-tracking&amp;website=194177&amp;url=https%3A%2F%2Fwww.serenaandlily.com%2Fproducts%2Fwicker-star-gift-topper-set-of%2F1289889\",\"linkText\":\"\",\"editorialMerchantName\":\"\",\"merchantId\":465085,\"merchantNetwork\":\"PJ\",\"merchantUrl\":\"serenaandlily.com\",\"merchantName\":\"Serena &amp; Lily\"},\"noAffiliateTracking\":false,\"linkMerchant\":\"Serena &amp; Lily\"},{\"modelName\":\"Asheville Vase, Small\",\"productName\":\"Asheville Vase, Small\",\"brand\":\"Serena &amp; Lily\",\"price\":51,\"wasPrice\":68,\"currency\":\"USD\",\"image\":{\"copyright\":\"\",\"height\":2000,\"id\":\"uuiQAwrPzTr5QQykw3NdLM\",\"mimeType\":\"image\/png\",\"mos\":\"https:\/\/cdn.mos.cms.futurecdn.net\/uuiQAwrPzTr5QQykw3NdLM.png\",\"role\":\"\",\"width\":2000,\"credit\":\"Serena &amp; Lily\",\"alt\":\"a rattan vase\",\"caption\":\"\"},\"link\":{\"url\":\"https:\/\/www.pntrs.com\/t\/8-4759-101987-50885?sid=hawk-custom-tracking&amp;website=194177&amp;url=https%3A%2F%2Fwww.serenaandlily.com%2Fproducts%2Fasheville-vase%2F1306543\",\"linkText\":\"\",\"editorialMerchantName\":\"\",\"merchantId\":465085,\"merchantNetwork\":\"PJ\",\"merchantUrl\":\"serenaandlily.com\",\"merchantName\":\"Serena &amp; Lily\"},\"noAffiliateTracking\":false,\"linkMerchant\":\"Serena &amp; Lily\"},{\"modelName\":\"Wicker Sea Cottage\",\"productName\":\"Wicker Sea Cottage\",\"brand\":\"Serena &amp; Lily\",\"price\":133,\"wasPrice\":178,\"currency\":\"USD\",\"image\":{\"copyright\":\"\",\"height\":2000,\"id\":\"PwNXqccWytKNVvGHCdnBZi\",\"mimeType\":\"image\/png\",\"mos\":\"https:\/\/cdn.mos.cms.futurecdn.net\/PwNXqccWytKNVvGHCdnBZi.png\",\"role\":\"\",\"width\":2000,\"credit\":\"Serena &amp; Lily\",\"alt\":\"rattan house\",\"caption\":\"\"},\"link\":{\"url\":\"https:\/\/www.pntrs.com\/t\/8-4759-101987-50885?sid=hawk-custom-tracking&amp;website=194177&amp;url=https%3A%2F%2Fwww.serenaandlily.com%2Fproducts%2Fwicker-sea-cottage-storage-bin%2F1315412\",\"linkText\":\"\",\"editorialMerchantName\":\"\",\"merchantId\":465085,\"merchantNetwork\":\"PJ\",\"merchantUrl\":\"serenaandlily.com\",\"merchantName\":\"Serena &amp; Lily\"},\"noAffiliateTracking\":false,\"linkMerchant\":\"Serena &amp; Lily\"},{\"modelName\":\"Decorative Wicker Bells\",\"productName\":\"Decorative Wicker Bells\",\"brand\":\"Serena &amp; Lily\",\"price\":28,\"wasPrice\":38,\"currency\":\"USD\",\"image\":{\"copyright\":\"\",\"height\":2000,\"id\":\"JHqHMbXEEpuVYB5LwocZCM\",\"mimeType\":\"image\/png\",\"mos\":\"https:\/\/cdn.mos.cms.futurecdn.net\/JHqHMbXEEpuVYB5LwocZCM.png\",\"role\":\"\",\"width\":2000,\"credit\":\"Serena &amp; Lily\",\"alt\":\"a pair of rattan bells\",\"caption\":\"\"},\"link\":{\"url\":\"https:\/\/www.pntrs.com\/t\/8-4759-101987-50885?sid=hawk-custom-tracking&amp;website=194177&amp;url=https%3A%2F%2Fwww.serenaandlily.com%2Fproducts%2Fwicker-bell-gift-topper-set-of%2F1289887\",\"linkText\":\"\",\"editorialMerchantName\":\"\",\"merchantId\":465085,\"merchantNetwork\":\"PJ\",\"merchantUrl\":\"serenaandlily.com\",\"merchantName\":\"Serena &amp; Lily\"},\"noAffiliateTracking\":false,\"linkMerchant\":\"Serena &amp; Lily\"},{\"modelName\":\"Balsam Hill Wicker Tree Collar\",\"productName\":\"Balsam Hill Wicker Tree Collar\",\"brand\":\"Serena &amp; Lily\",\"price\":158,\"wasPrice\":198,\"currency\":\"USD\",\"image\":{\"copyright\":\"\",\"height\":2000,\"id\":\"7WmC9WnF4dQJGznB7Hv7QM\",\"mimeType\":\"image\/png\",\"mos\":\"https:\/\/cdn.mos.cms.futurecdn.net\/7WmC9WnF4dQJGznB7Hv7QM.png\",\"role\":\"\",\"width\":2000,\"credit\":\"Serena &amp; Lily\",\"alt\":\"rattan tree collar\",\"caption\":\"\"},\"link\":{\"url\":\"https:\/\/www.pntrs.com\/t\/8-4759-101987-50885?sid=hawk-custom-tracking&amp;website=194177&amp;url=https%3A%2F%2Fwww.serenaandlily.com%2Fproducts%2Fbalsam-hill-wicker-tree-collar%2F1309159\",\"linkText\":\"\",\"editorialMerchantName\":\"\",\"merchantId\":465085,\"merchantNetwork\":\"PJ\",\"merchantUrl\":\"serenaandlily.com\",\"merchantName\":\"Serena &amp; Lily\"},\"noAffiliateTracking\":false,\"linkMerchant\":\"Serena &amp; Lily\"},{\"modelName\":\"Larkspur Taper Candle Holder\",\"productName\":\"Larkspur Taper Candle Holder\",\"brand\":\"Serena &amp; Lily\",\"price\":246,\"wasPrice\":328,\"currency\":\"USD\",\"image\":{\"copyright\":\"\",\"height\":2000,\"id\":\"DDFSR9bFWE6ZUojdf6emxC\",\"mimeType\":\"image\/png\",\"mos\":\"https:\/\/cdn.mos.cms.futurecdn.net\/DDFSR9bFWE6ZUojdf6emxC.png\",\"role\":\"\",\"width\":2000,\"credit\":\"Serena &amp; Lily\",\"alt\":\"three candle holders\",\"caption\":\"\"},\"link\":{\"url\":\"https:\/\/www.pntrs.com\/t\/8-4759-101987-50885?sid=hawk-custom-tracking&amp;website=194177&amp;url=https%3A%2F%2Fwww.serenaandlily.com%2Fproducts%2Flarkspur-taper-holders%2F1289839\",\"linkText\":\"\",\"editorialMerchantName\":\"\",\"merchantId\":465085,\"merchantNetwork\":\"PJ\",\"merchantUrl\":\"serenaandlily.com\",\"merchantName\":\"Serena &amp; Lily\"},\"noAffiliateTracking\":false,\"linkMerchant\":\"Serena &amp; Lily\"},{\"modelName\":\"South Seas Rattan Side Cart\",\"productName\":\"South Seas Rattan Side Cart\",\"brand\":\"Serena &amp; Lily\",\"price\":348,\"wasPrice\":528,\"currency\":\"USD\",\"image\":{\"copyright\":\"\",\"height\":2000,\"id\":\"xdLNoHXVyoU6CvLSwmJWHM\",\"mimeType\":\"image\/png\",\"mos\":\"https:\/\/cdn.mos.cms.futurecdn.net\/xdLNoHXVyoU6CvLSwmJWHM.png\",\"role\":\"\",\"width\":2000,\"credit\":\"Serena &amp; Lily\",\"alt\":\"a rattan bar cart\",\"caption\":\"\"},\"link\":{\"url\":\"https:\/\/www.pntrs.com\/t\/8-4759-101987-50885?sid=hawk-custom-tracking&amp;website=194177&amp;url=https%3A%2F%2Fwww.serenaandlily.com%2Fproducts%2Fsouth-seas-rattan-side-cart%2F15044\",\"linkText\":\"\",\"editorialMerchantName\":\"\",\"merchantId\":465085,\"merchantNetwork\":\"PJ\",\"merchantUrl\":\"serenaandlily.com\",\"merchantName\":\"Serena &amp; Lily\"},\"noAffiliateTracking\":false,\"linkMerchant\":\"Serena &amp; Lily\"})}}' data-model-name=\"Decorative Wicker Bows,Wicker Trees,Decorative Wicker Stars,Asheville Vase, Small,Wicker Sea Cottage,Decorative Wicker Bells,Balsam Hill Wicker Tree Collar,Larkspur Taper Candle Holder,South Seas Rattan Side Cart\" data-render-type=\"fte\" data-skip=\"disabled\" data-widget-type=\"collection\" class=\"hawk-root\"><\/aside>\n<div class=\"product-container hero-product-container product-block-no-wrap\">\n<div class=\"product-block-row\"><\/div>\n<div class=\"product-block-row\"><\/div>\n<div class=\"product-block-row\"><\/div>\n<div class=\"product-block-row\"><\/div>\n<div class=\"product-block-row\"><\/div>\n<div class=\"product-block-row\"><\/div>\n<div class=\"product-block-row\"><\/div>\n<div class=\"product-block-row\"><\/div>\n<div class=\"product-block-row\"><\/div>\n<\/div>\n<hr id=\"585fa9f9-6234-4cd0-9db7-e2311362dab8\">\n<p id=\"527036ec-2b61-4421-a393-50ff3ac0caa9\">Rattan mag traditionell als sommerliches Material gelten, aber die Kollektion von Serena &#038; Lily verleiht ihm eine festliche Note, die perfekt ist, um das rustikale, rustikale, hausgemachte (mit nur einem Hauch von Strandhaus)-Gef\u00fchl nachzubilden, das sich f\u00fcr Weihnachten 2025 bereits als beliebter Look erweist.<\/p>\n<div id=\"slice-container-newsletterForm-articleInbodyContent-pGVtK8k4AKEqZWxgCo4tFa\" class=\"slice-container newsletter-inbodyContent-slice newsletterForm-articleInbodyContent-pGVtK8k4AKEqZWxgCo4tFa slice-container-newsletterForm\"><\/div>\n<\/div>\n","protected":false},"excerpt":{"rendered":"<p>Ich habe Rattan immer mit der Sommerzeit in Verbindung gebracht \u2013 es ist ein Grundbestandteil der K\u00fcstendekoration. Aber Serena &#038; Lily beweist, dass das Potenzial<\/p>\n","protected":false},"author":1,"featured_media":9068,"comment_status":"closed","ping_status":"","sticky":false,"template":"","format":"standard","meta":{"footnotes":""},"categories":[118],"tags":[91,281,74,2971,469,11389,4374,1389,8649,4026,8142,11313,2105],"class_list":["post-9067","post","type-post","status-publish","format-standard","has-post-thumbnail","hentry","category-haus-garten","tag-dem","tag-des","tag-eine","tag-festliche","tag-haben","tag-lieblingsmaterial","tag-lily","tag-note","tag-rattan","tag-serena","tag-sommers","tag-verliehen","tag-weihnachten","generate-columns","tablet-grid-50","mobile-grid-100","grid-parent","grid-50"],"yoast_head":"<!-- This site is optimized with the Yoast SEO plugin v27.3 - https:\/\/yoast.com\/product\/yoast-seo-wordpress\/ -->\n<title>Rattan zu Weihnachten? Serena &amp; Lily haben dem Lieblingsmaterial des Sommers eine festliche Note verliehen - Nachrichten - Stra\u00dfenweb<\/title>\n<meta name=\"robots\" content=\"index, follow, max-snippet:-1, max-image-preview:large, max-video-preview:-1\" \/>\n<link rel=\"canonical\" href=\"https:\/\/www.strassenweb.de\/nachrichten\/rattan-zu-weihnachten-serena-lily-haben-dem-lieblingsmaterial-des-sommers-eine-festliche-note-verliehen\/\" \/>\n<meta property=\"og:locale\" content=\"de_DE\" \/>\n<meta property=\"og:type\" content=\"article\" \/>\n<meta property=\"og:title\" content=\"Rattan zu Weihnachten? Serena &amp; Lily haben dem Lieblingsmaterial des Sommers eine festliche Note verliehen - Nachrichten - Stra\u00dfenweb\" \/>\n<meta property=\"og:description\" content=\"Ich habe Rattan immer mit der Sommerzeit in Verbindung gebracht \u2013 es ist ein Grundbestandteil der K\u00fcstendekoration. Aber Serena &#038; Lily beweist, dass das Potenzial\" \/>\n<meta property=\"og:url\" content=\"https:\/\/www.strassenweb.de\/nachrichten\/rattan-zu-weihnachten-serena-lily-haben-dem-lieblingsmaterial-des-sommers-eine-festliche-note-verliehen\/\" \/>\n<meta property=\"og:site_name\" content=\"Stra\u00dfenweb\" \/>\n<meta property=\"article:publisher\" content=\"https:\/\/www.facebook.com\/strassenweb\/\" \/>\n<meta property=\"article:published_time\" content=\"2025-11-06T23:39:46+00:00\" \/>\n<meta property=\"article:modified_time\" content=\"2025-11-06T23:39:47+00:00\" \/>\n<meta property=\"og:image\" content=\"https:\/\/www.strassenweb.de\/nachrichten\/wp-content\/uploads\/2025\/11\/Rattan-zu-Weihnachten-Serena-Lily-haben-dem-Lieblingsmaterial-des.png\" \/>\n\t<meta property=\"og:image:width\" content=\"1600\" \/>\n\t<meta property=\"og:image:height\" content=\"900\" \/>\n\t<meta property=\"og:image:type\" content=\"image\/png\" \/>\n<meta name=\"author\" content=\"Robert Hoffmann\" \/>\n<meta name=\"twitter:card\" content=\"summary_large_image\" \/>\n<meta name=\"twitter:label1\" content=\"Verfasst von\" \/>\n\t<meta name=\"twitter:data1\" content=\"Robert Hoffmann\" \/>\n\t<meta name=\"twitter:label2\" content=\"Gesch\u00e4tzte Lesezeit\" \/>\n\t<meta name=\"twitter:data2\" content=\"2\u00a0Minuten\" \/>\n<script type=\"application\/ld+json\" class=\"yoast-schema-graph\">{\"@context\":\"https:\\\/\\\/schema.org\",\"@graph\":[{\"@type\":\"Article\",\"@id\":\"https:\\\/\\\/www.strassenweb.de\\\/nachrichten\\\/rattan-zu-weihnachten-serena-lily-haben-dem-lieblingsmaterial-des-sommers-eine-festliche-note-verliehen\\\/#article\",\"isPartOf\":{\"@id\":\"https:\\\/\\\/www.strassenweb.de\\\/nachrichten\\\/rattan-zu-weihnachten-serena-lily-haben-dem-lieblingsmaterial-des-sommers-eine-festliche-note-verliehen\\\/\"},\"author\":{\"name\":\"Robert Hoffmann\",\"@id\":\"https:\\\/\\\/www.strassenweb.de\\\/nachrichten\\\/#\\\/schema\\\/person\\\/87c9c9067f1211da429a744dc5a5aa41\"},\"headline\":\"Rattan zu Weihnachten? Serena &#038; Lily haben dem Lieblingsmaterial des Sommers eine festliche Note verliehen\",\"datePublished\":\"2025-11-06T23:39:46+00:00\",\"dateModified\":\"2025-11-06T23:39:47+00:00\",\"mainEntityOfPage\":{\"@id\":\"https:\\\/\\\/www.strassenweb.de\\\/nachrichten\\\/rattan-zu-weihnachten-serena-lily-haben-dem-lieblingsmaterial-des-sommers-eine-festliche-note-verliehen\\\/\"},\"wordCount\":342,\"publisher\":{\"@id\":\"https:\\\/\\\/www.strassenweb.de\\\/nachrichten\\\/#organization\"},\"image\":{\"@id\":\"https:\\\/\\\/www.strassenweb.de\\\/nachrichten\\\/rattan-zu-weihnachten-serena-lily-haben-dem-lieblingsmaterial-des-sommers-eine-festliche-note-verliehen\\\/#primaryimage\"},\"thumbnailUrl\":\"https:\\\/\\\/www.strassenweb.de\\\/nachrichten\\\/wp-content\\\/uploads\\\/2025\\\/11\\\/Rattan-zu-Weihnachten-Serena-Lily-haben-dem-Lieblingsmaterial-des.png\",\"keywords\":[\"dem\",\"des\",\"eine\",\"festliche\",\"haben\",\"Lieblingsmaterial\",\"Lily\",\"Note\",\"Rattan\",\"Serena\",\"Sommers\",\"verliehen\",\"Weihnachten\"],\"articleSection\":[\"Haus &amp; Garten\"],\"inLanguage\":\"de\"},{\"@type\":\"WebPage\",\"@id\":\"https:\\\/\\\/www.strassenweb.de\\\/nachrichten\\\/rattan-zu-weihnachten-serena-lily-haben-dem-lieblingsmaterial-des-sommers-eine-festliche-note-verliehen\\\/\",\"url\":\"https:\\\/\\\/www.strassenweb.de\\\/nachrichten\\\/rattan-zu-weihnachten-serena-lily-haben-dem-lieblingsmaterial-des-sommers-eine-festliche-note-verliehen\\\/\",\"name\":\"Rattan zu Weihnachten? Serena & Lily haben dem Lieblingsmaterial des Sommers eine festliche Note verliehen - Nachrichten - Stra\u00dfenweb\",\"isPartOf\":{\"@id\":\"https:\\\/\\\/www.strassenweb.de\\\/nachrichten\\\/#website\"},\"primaryImageOfPage\":{\"@id\":\"https:\\\/\\\/www.strassenweb.de\\\/nachrichten\\\/rattan-zu-weihnachten-serena-lily-haben-dem-lieblingsmaterial-des-sommers-eine-festliche-note-verliehen\\\/#primaryimage\"},\"image\":{\"@id\":\"https:\\\/\\\/www.strassenweb.de\\\/nachrichten\\\/rattan-zu-weihnachten-serena-lily-haben-dem-lieblingsmaterial-des-sommers-eine-festliche-note-verliehen\\\/#primaryimage\"},\"thumbnailUrl\":\"https:\\\/\\\/www.strassenweb.de\\\/nachrichten\\\/wp-content\\\/uploads\\\/2025\\\/11\\\/Rattan-zu-Weihnachten-Serena-Lily-haben-dem-Lieblingsmaterial-des.png\",\"datePublished\":\"2025-11-06T23:39:46+00:00\",\"dateModified\":\"2025-11-06T23:39:47+00:00\",\"breadcrumb\":{\"@id\":\"https:\\\/\\\/www.strassenweb.de\\\/nachrichten\\\/rattan-zu-weihnachten-serena-lily-haben-dem-lieblingsmaterial-des-sommers-eine-festliche-note-verliehen\\\/#breadcrumb\"},\"inLanguage\":\"de\",\"potentialAction\":[{\"@type\":\"ReadAction\",\"target\":[\"https:\\\/\\\/www.strassenweb.de\\\/nachrichten\\\/rattan-zu-weihnachten-serena-lily-haben-dem-lieblingsmaterial-des-sommers-eine-festliche-note-verliehen\\\/\"]}]},{\"@type\":\"ImageObject\",\"inLanguage\":\"de\",\"@id\":\"https:\\\/\\\/www.strassenweb.de\\\/nachrichten\\\/rattan-zu-weihnachten-serena-lily-haben-dem-lieblingsmaterial-des-sommers-eine-festliche-note-verliehen\\\/#primaryimage\",\"url\":\"https:\\\/\\\/www.strassenweb.de\\\/nachrichten\\\/wp-content\\\/uploads\\\/2025\\\/11\\\/Rattan-zu-Weihnachten-Serena-Lily-haben-dem-Lieblingsmaterial-des.png\",\"contentUrl\":\"https:\\\/\\\/www.strassenweb.de\\\/nachrichten\\\/wp-content\\\/uploads\\\/2025\\\/11\\\/Rattan-zu-Weihnachten-Serena-Lily-haben-dem-Lieblingsmaterial-des.png\",\"width\":1600,\"height\":900,\"caption\":\"an assortment of rattan Christmas decor\"},{\"@type\":\"BreadcrumbList\",\"@id\":\"https:\\\/\\\/www.strassenweb.de\\\/nachrichten\\\/rattan-zu-weihnachten-serena-lily-haben-dem-lieblingsmaterial-des-sommers-eine-festliche-note-verliehen\\\/#breadcrumb\",\"itemListElement\":[{\"@type\":\"ListItem\",\"position\":1,\"name\":\"Home\",\"item\":\"https:\\\/\\\/www.strassenweb.de\\\/nachrichten\\\/\"},{\"@type\":\"ListItem\",\"position\":2,\"name\":\"Rattan zu Weihnachten? Serena &#038; Lily haben dem Lieblingsmaterial des Sommers eine festliche Note verliehen\"}]},{\"@type\":\"WebSite\",\"@id\":\"https:\\\/\\\/www.strassenweb.de\\\/nachrichten\\\/#website\",\"url\":\"https:\\\/\\\/www.strassenweb.de\\\/nachrichten\\\/\",\"name\":\"Stra\u00dfenweb\",\"description\":\"Stra\u00dfenverzeichnis f\u00fcr Deutschland\",\"publisher\":{\"@id\":\"https:\\\/\\\/www.strassenweb.de\\\/nachrichten\\\/#organization\"},\"potentialAction\":[{\"@type\":\"SearchAction\",\"target\":{\"@type\":\"EntryPoint\",\"urlTemplate\":\"https:\\\/\\\/www.strassenweb.de\\\/nachrichten\\\/?s={search_term_string}\"},\"query-input\":{\"@type\":\"PropertyValueSpecification\",\"valueRequired\":true,\"valueName\":\"search_term_string\"}}],\"inLanguage\":\"de\"},{\"@type\":\"Organization\",\"@id\":\"https:\\\/\\\/www.strassenweb.de\\\/nachrichten\\\/#organization\",\"name\":\"Stra\u00dfenweb\",\"url\":\"https:\\\/\\\/www.strassenweb.de\\\/nachrichten\\\/\",\"logo\":{\"@type\":\"ImageObject\",\"inLanguage\":\"de\",\"@id\":\"https:\\\/\\\/www.strassenweb.de\\\/nachrichten\\\/#\\\/schema\\\/logo\\\/image\\\/\",\"url\":\"https:\\\/\\\/www.strassenweb.de\\\/nachrichten\\\/wp-content\\\/uploads\\\/2024\\\/09\\\/cropped-favicon.png\",\"contentUrl\":\"https:\\\/\\\/www.strassenweb.de\\\/nachrichten\\\/wp-content\\\/uploads\\\/2024\\\/09\\\/cropped-favicon.png\",\"width\":512,\"height\":512,\"caption\":\"Stra\u00dfenweb\"},\"image\":{\"@id\":\"https:\\\/\\\/www.strassenweb.de\\\/nachrichten\\\/#\\\/schema\\\/logo\\\/image\\\/\"},\"sameAs\":[\"https:\\\/\\\/www.facebook.com\\\/strassenweb\\\/\"]},{\"@type\":\"Person\",\"@id\":\"https:\\\/\\\/www.strassenweb.de\\\/nachrichten\\\/#\\\/schema\\\/person\\\/87c9c9067f1211da429a744dc5a5aa41\",\"name\":\"Robert Hoffmann\",\"image\":{\"@type\":\"ImageObject\",\"inLanguage\":\"de\",\"@id\":\"https:\\\/\\\/www.strassenweb.de\\\/nachrichten\\\/wp-content\\\/uploads\\\/2024\\\/09\\\/strassenweb-150x150.jpg\",\"url\":\"https:\\\/\\\/www.strassenweb.de\\\/nachrichten\\\/wp-content\\\/uploads\\\/2024\\\/09\\\/strassenweb-150x150.jpg\",\"contentUrl\":\"https:\\\/\\\/www.strassenweb.de\\\/nachrichten\\\/wp-content\\\/uploads\\\/2024\\\/09\\\/strassenweb-150x150.jpg\",\"caption\":\"Robert Hoffmann\"},\"description\":\"Ich hei\u00dfe Robert Hoffmann und ich bin ein leidenschaftlicher Verfechter von \u00d6kologie und Biodiversit\u00e4t. Seit meiner Kindheit in den W\u00e4ldern Bayerns f\u00fchle ich mich mit der Natur verbunden und bin entschlossen, sie zu sch\u00fctzen. Heute widme ich mein Leben der Sensibilisierung anderer f\u00fcr die Bedeutung des Umweltschutzes f\u00fcr zuk\u00fcnftige Generationen.\",\"sameAs\":[\"https:\\\/\\\/www.strassenweb.de\\\/\"]}]}<\/script>\n<!-- \/ Yoast SEO plugin. -->","yoast_head_json":{"title":"Rattan zu Weihnachten? Serena & Lily haben dem Lieblingsmaterial des Sommers eine festliche Note verliehen - Nachrichten - Stra\u00dfenweb","robots":{"index":"index","follow":"follow","max-snippet":"max-snippet:-1","max-image-preview":"max-image-preview:large","max-video-preview":"max-video-preview:-1"},"canonical":"https:\/\/www.strassenweb.de\/nachrichten\/rattan-zu-weihnachten-serena-lily-haben-dem-lieblingsmaterial-des-sommers-eine-festliche-note-verliehen\/","og_locale":"de_DE","og_type":"article","og_title":"Rattan zu Weihnachten? Serena & Lily haben dem Lieblingsmaterial des Sommers eine festliche Note verliehen - Nachrichten - Stra\u00dfenweb","og_description":"Ich habe Rattan immer mit der Sommerzeit in Verbindung gebracht \u2013 es ist ein Grundbestandteil der K\u00fcstendekoration. Aber Serena &#038; Lily beweist, dass das Potenzial","og_url":"https:\/\/www.strassenweb.de\/nachrichten\/rattan-zu-weihnachten-serena-lily-haben-dem-lieblingsmaterial-des-sommers-eine-festliche-note-verliehen\/","og_site_name":"Stra\u00dfenweb","article_publisher":"https:\/\/www.facebook.com\/strassenweb\/","article_published_time":"2025-11-06T23:39:46+00:00","article_modified_time":"2025-11-06T23:39:47+00:00","og_image":[{"width":1600,"height":900,"url":"https:\/\/www.strassenweb.de\/nachrichten\/wp-content\/uploads\/2025\/11\/Rattan-zu-Weihnachten-Serena-Lily-haben-dem-Lieblingsmaterial-des.png","type":"image\/png"}],"author":"Robert Hoffmann","twitter_card":"summary_large_image","twitter_misc":{"Verfasst von":"Robert Hoffmann","Gesch\u00e4tzte Lesezeit":"2\u00a0Minuten"},"schema":{"@context":"https:\/\/schema.org","@graph":[{"@type":"Article","@id":"https:\/\/www.strassenweb.de\/nachrichten\/rattan-zu-weihnachten-serena-lily-haben-dem-lieblingsmaterial-des-sommers-eine-festliche-note-verliehen\/#article","isPartOf":{"@id":"https:\/\/www.strassenweb.de\/nachrichten\/rattan-zu-weihnachten-serena-lily-haben-dem-lieblingsmaterial-des-sommers-eine-festliche-note-verliehen\/"},"author":{"name":"Robert Hoffmann","@id":"https:\/\/www.strassenweb.de\/nachrichten\/#\/schema\/person\/87c9c9067f1211da429a744dc5a5aa41"},"headline":"Rattan zu Weihnachten? Serena &#038; Lily haben dem Lieblingsmaterial des Sommers eine festliche Note verliehen","datePublished":"2025-11-06T23:39:46+00:00","dateModified":"2025-11-06T23:39:47+00:00","mainEntityOfPage":{"@id":"https:\/\/www.strassenweb.de\/nachrichten\/rattan-zu-weihnachten-serena-lily-haben-dem-lieblingsmaterial-des-sommers-eine-festliche-note-verliehen\/"},"wordCount":342,"publisher":{"@id":"https:\/\/www.strassenweb.de\/nachrichten\/#organization"},"image":{"@id":"https:\/\/www.strassenweb.de\/nachrichten\/rattan-zu-weihnachten-serena-lily-haben-dem-lieblingsmaterial-des-sommers-eine-festliche-note-verliehen\/#primaryimage"},"thumbnailUrl":"https:\/\/www.strassenweb.de\/nachrichten\/wp-content\/uploads\/2025\/11\/Rattan-zu-Weihnachten-Serena-Lily-haben-dem-Lieblingsmaterial-des.png","keywords":["dem","des","eine","festliche","haben","Lieblingsmaterial","Lily","Note","Rattan","Serena","Sommers","verliehen","Weihnachten"],"articleSection":["Haus &amp; Garten"],"inLanguage":"de"},{"@type":"WebPage","@id":"https:\/\/www.strassenweb.de\/nachrichten\/rattan-zu-weihnachten-serena-lily-haben-dem-lieblingsmaterial-des-sommers-eine-festliche-note-verliehen\/","url":"https:\/\/www.strassenweb.de\/nachrichten\/rattan-zu-weihnachten-serena-lily-haben-dem-lieblingsmaterial-des-sommers-eine-festliche-note-verliehen\/","name":"Rattan zu Weihnachten? Serena & Lily haben dem Lieblingsmaterial des Sommers eine festliche Note verliehen - Nachrichten - Stra\u00dfenweb","isPartOf":{"@id":"https:\/\/www.strassenweb.de\/nachrichten\/#website"},"primaryImageOfPage":{"@id":"https:\/\/www.strassenweb.de\/nachrichten\/rattan-zu-weihnachten-serena-lily-haben-dem-lieblingsmaterial-des-sommers-eine-festliche-note-verliehen\/#primaryimage"},"image":{"@id":"https:\/\/www.strassenweb.de\/nachrichten\/rattan-zu-weihnachten-serena-lily-haben-dem-lieblingsmaterial-des-sommers-eine-festliche-note-verliehen\/#primaryimage"},"thumbnailUrl":"https:\/\/www.strassenweb.de\/nachrichten\/wp-content\/uploads\/2025\/11\/Rattan-zu-Weihnachten-Serena-Lily-haben-dem-Lieblingsmaterial-des.png","datePublished":"2025-11-06T23:39:46+00:00","dateModified":"2025-11-06T23:39:47+00:00","breadcrumb":{"@id":"https:\/\/www.strassenweb.de\/nachrichten\/rattan-zu-weihnachten-serena-lily-haben-dem-lieblingsmaterial-des-sommers-eine-festliche-note-verliehen\/#breadcrumb"},"inLanguage":"de","potentialAction":[{"@type":"ReadAction","target":["https:\/\/www.strassenweb.de\/nachrichten\/rattan-zu-weihnachten-serena-lily-haben-dem-lieblingsmaterial-des-sommers-eine-festliche-note-verliehen\/"]}]},{"@type":"ImageObject","inLanguage":"de","@id":"https:\/\/www.strassenweb.de\/nachrichten\/rattan-zu-weihnachten-serena-lily-haben-dem-lieblingsmaterial-des-sommers-eine-festliche-note-verliehen\/#primaryimage","url":"https:\/\/www.strassenweb.de\/nachrichten\/wp-content\/uploads\/2025\/11\/Rattan-zu-Weihnachten-Serena-Lily-haben-dem-Lieblingsmaterial-des.png","contentUrl":"https:\/\/www.strassenweb.de\/nachrichten\/wp-content\/uploads\/2025\/11\/Rattan-zu-Weihnachten-Serena-Lily-haben-dem-Lieblingsmaterial-des.png","width":1600,"height":900,"caption":"an assortment of rattan Christmas decor"},{"@type":"BreadcrumbList","@id":"https:\/\/www.strassenweb.de\/nachrichten\/rattan-zu-weihnachten-serena-lily-haben-dem-lieblingsmaterial-des-sommers-eine-festliche-note-verliehen\/#breadcrumb","itemListElement":[{"@type":"ListItem","position":1,"name":"Home","item":"https:\/\/www.strassenweb.de\/nachrichten\/"},{"@type":"ListItem","position":2,"name":"Rattan zu Weihnachten? Serena &#038; Lily haben dem Lieblingsmaterial des Sommers eine festliche Note verliehen"}]},{"@type":"WebSite","@id":"https:\/\/www.strassenweb.de\/nachrichten\/#website","url":"https:\/\/www.strassenweb.de\/nachrichten\/","name":"Stra\u00dfenweb","description":"Stra\u00dfenverzeichnis f\u00fcr Deutschland","publisher":{"@id":"https:\/\/www.strassenweb.de\/nachrichten\/#organization"},"potentialAction":[{"@type":"SearchAction","target":{"@type":"EntryPoint","urlTemplate":"https:\/\/www.strassenweb.de\/nachrichten\/?s={search_term_string}"},"query-input":{"@type":"PropertyValueSpecification","valueRequired":true,"valueName":"search_term_string"}}],"inLanguage":"de"},{"@type":"Organization","@id":"https:\/\/www.strassenweb.de\/nachrichten\/#organization","name":"Stra\u00dfenweb","url":"https:\/\/www.strassenweb.de\/nachrichten\/","logo":{"@type":"ImageObject","inLanguage":"de","@id":"https:\/\/www.strassenweb.de\/nachrichten\/#\/schema\/logo\/image\/","url":"https:\/\/www.strassenweb.de\/nachrichten\/wp-content\/uploads\/2024\/09\/cropped-favicon.png","contentUrl":"https:\/\/www.strassenweb.de\/nachrichten\/wp-content\/uploads\/2024\/09\/cropped-favicon.png","width":512,"height":512,"caption":"Stra\u00dfenweb"},"image":{"@id":"https:\/\/www.strassenweb.de\/nachrichten\/#\/schema\/logo\/image\/"},"sameAs":["https:\/\/www.facebook.com\/strassenweb\/"]},{"@type":"Person","@id":"https:\/\/www.strassenweb.de\/nachrichten\/#\/schema\/person\/87c9c9067f1211da429a744dc5a5aa41","name":"Robert Hoffmann","image":{"@type":"ImageObject","inLanguage":"de","@id":"https:\/\/www.strassenweb.de\/nachrichten\/wp-content\/uploads\/2024\/09\/strassenweb-150x150.jpg","url":"https:\/\/www.strassenweb.de\/nachrichten\/wp-content\/uploads\/2024\/09\/strassenweb-150x150.jpg","contentUrl":"https:\/\/www.strassenweb.de\/nachrichten\/wp-content\/uploads\/2024\/09\/strassenweb-150x150.jpg","caption":"Robert Hoffmann"},"description":"Ich hei\u00dfe Robert Hoffmann und ich bin ein leidenschaftlicher Verfechter von \u00d6kologie und Biodiversit\u00e4t. Seit meiner Kindheit in den W\u00e4ldern Bayerns f\u00fchle ich mich mit der Natur verbunden und bin entschlossen, sie zu sch\u00fctzen. Heute widme ich mein Leben der Sensibilisierung anderer f\u00fcr die Bedeutung des Umweltschutzes f\u00fcr zuk\u00fcnftige Generationen.","sameAs":["https:\/\/www.strassenweb.de\/"]}]}},"_links":{"self":[{"href":"https:\/\/www.strassenweb.de\/nachrichten\/wp-json\/wp\/v2\/posts\/9067","targetHints":{"allow":["GET"]}}],"collection":[{"href":"https:\/\/www.strassenweb.de\/nachrichten\/wp-json\/wp\/v2\/posts"}],"about":[{"href":"https:\/\/www.strassenweb.de\/nachrichten\/wp-json\/wp\/v2\/types\/post"}],"author":[{"embeddable":true,"href":"https:\/\/www.strassenweb.de\/nachrichten\/wp-json\/wp\/v2\/users\/1"}],"replies":[{"embeddable":true,"href":"https:\/\/www.strassenweb.de\/nachrichten\/wp-json\/wp\/v2\/comments?post=9067"}],"version-history":[{"count":0,"href":"https:\/\/www.strassenweb.de\/nachrichten\/wp-json\/wp\/v2\/posts\/9067\/revisions"}],"wp:featuredmedia":[{"embeddable":true,"href":"https:\/\/www.strassenweb.de\/nachrichten\/wp-json\/wp\/v2\/media\/9068"}],"wp:attachment":[{"href":"https:\/\/www.strassenweb.de\/nachrichten\/wp-json\/wp\/v2\/media?parent=9067"}],"wp:term":[{"taxonomy":"category","embeddable":true,"href":"https:\/\/www.strassenweb.de\/nachrichten\/wp-json\/wp\/v2\/categories?post=9067"},{"taxonomy":"post_tag","embeddable":true,"href":"https:\/\/www.strassenweb.de\/nachrichten\/wp-json\/wp\/v2\/tags?post=9067"}],"curies":[{"name":"wp","href":"https:\/\/api.w.org\/{rel}","templated":true}]}}