{"id":9056,"date":"2025-11-06T01:39:26","date_gmt":"2025-11-06T00:39:26","guid":{"rendered":"https:\/\/www.strassenweb.de\/nachrichten\/die-festliche-veranda-von-joanna-gaines-ist-mit-einer-girlande-einem-kranz-und-einem-ungewoehnlichen-blumenarrangement-geschmueckt-und-es-ist-kein-weihnachtsbaum\/"},"modified":"2025-11-06T01:39:27","modified_gmt":"2025-11-06T00:39:27","slug":"die-festliche-veranda-von-joanna-gaines-ist-mit-einer-girlande-einem-kranz-und-einem-ungewoehnlichen-blumenarrangement-geschmueckt-und-es-ist-kein-weihnachtsbaum","status":"publish","type":"post","link":"https:\/\/www.strassenweb.de\/nachrichten\/die-festliche-veranda-von-joanna-gaines-ist-mit-einer-girlande-einem-kranz-und-einem-ungewoehnlichen-blumenarrangement-geschmueckt-und-es-ist-kein-weihnachtsbaum\/","title":{"rendered":"Die festliche Veranda von Joanna Gaines ist mit einer Girlande, einem Kranz und einem ungew\u00f6hnlichen Blumenarrangement geschm\u00fcckt \u2013 und es ist kein Weihnachtsbaum"},"content":{"rendered":"<p><\/p>\n<div id=\"article-body\" class=\"article__body \">\n<p id=\"d2f126cf-2d7a-43e5-8078-140f50f7edc5\">Wenn ich die Archive der amerikanischen TV-Pers\u00f6nlichkeit und HGTV-Starin Joanna Gaines durchst\u00f6bere, entfacht das immer wieder meine Liebe zur Weihnachtszeit. W\u00e4hrend ihre charakteristischen dramatischen Weihnachtsbaumideen unvergesslich sind, ist es ihr raffinierter, authentisch vielschichtiger Ansatz zur Au\u00dfendekoration \u2013 selbst in diesem Retro-Beitrag vom letzten Jahr \u2013, der sich f\u00fcr 2025 am inspirierendsten anf\u00fchlt.<\/p>\n<div id=\"ad-unit-1\" class=\"ad-unit\"><\/div>\n<p>F\u00fcr alle, die beim Gedanken an einen weiteren traditionellen Baum seufzen, bietet Gaines eine elegante, realisierbare Alternative: Konzentrieren Sie sich mit einer wundersch\u00f6n kuratierten festlichen Blumentopfpr\u00e4sentation auf den Eingang.<\/p>\n<div class=\"instagram-embed\" id=\"_nOlrrAe_z\">\n<blockquote class=\"instagram-media\" data-instgrm-captioned data-instgrm-version=\"6\" style=\"width:99.375%; width:-webkit-calc(100% - 2px); width:calc(100% - 2px);\">\n<p>Ein von Joanna Gaines (@joannagaines) geteilter Beitrag<\/p>\n<p>Ein Foto gepostet von am <\/p>\n<\/blockquote>\n<\/div>\n<aside data-block-type=\"embed\" data-render-type=\"fte\" data-skip=\"dealsy\" data-widget-type=\"seasonal\" class=\"hawk-root\"><\/aside>\n<p id=\"5a592f65-c18f-4f1f-ad42-8f8d3b1f1e45-0\">Ich finde gro\u00dfe Freude an diesen einfacheren, nat\u00fcrlicheren Details, die eine gew\u00f6hnliche T\u00fcr verwandeln k\u00f6nnen. Ich liebe es, gro\u00dfe, auff\u00e4llige Topff\u00fcller zu verwenden, um die Au\u00dfenpr\u00e4sentation jede Saison aufzufrischen, und Gaines ist eindeutig ein Verfechter dieser eleganten, m\u00fchelosen Technik. Es ist die perfekte M\u00f6glichkeit, Ihre Weihnachtsdekoration im Freien aufzuwerten, G\u00e4ste mit sofortiger Weihnachtsstimmung zu begr\u00fc\u00dfen und den Ton f\u00fcr den Einrichtungsstil Ihres Zuhauses festzulegen.<\/p>\n<div class=\"van_vid_carousel\">\n<div class=\"van_vid_carousel__padding\">\n<div class=\"van_vid_carousel__container\"><\/div>\n<\/div>\n<\/div>\n<p>F\u00fcr mich sind weihnachtliche Dekorationsideen f\u00fcr die Vorderseite des Hauses von entscheidender Bedeutung. Es ist der Anfang und das Ende der Geschichte Ihres Saisonplans, und dieser erste und letzte Eindruck sind von gro\u00dfer Bedeutung. Es ist der ultimative Akt des ruhigen Urlaubsvertrauens.<\/p>\n<div id=\"ad-unit-2\" class=\"ad-unit\"><\/div>\n<p>Keine weihnachtliche Veranda ist komplett f\u00fcr die Feiertage geschm\u00fcckt, ohne \u00fcppiges Laub und nat\u00fcrliche Elemente. Der schlichte Blumentopf ist eines der vielseitigsten Dekorationsst\u00fccke, die uns zur Verf\u00fcgung stehen \u2013 ein wunderbares, strukturiertes Element, das sich auch saisonal am einfachsten \u00e4ndern l\u00e4sst.<\/p>\n<p>Die diesj\u00e4hrigen festlichen Topfdesigns sollten wahre Prunkst\u00fccke sein \u2013 gro\u00df, auff\u00e4llig und formsch\u00f6n, die Aufmerksamkeit erregen und zu Ihrem Lieblingsst\u00fcck f\u00fcr die Weihnachtsdekoration werden. Denken Sie an architektonische Immergr\u00fcnpflanzen gepaart mit kaskadierenden Beeren und Tannenzapfen f\u00fcr maximale visuelle Wirkung.<\/p>\n<p>Was diese Idee so attraktiv macht, ist ihre Best\u00e4ndigkeit; Es handelt sich nicht um einen fl\u00fcchtigen Gartentrend oder eine vor\u00fcbergehende Modeerscheinung. Ganz gleich, ob Sie den pers\u00f6nlichen Charme genie\u00dfen, selbst nach Beeren und Zweigen zu suchen, oder den Komfort hochwertiger, langlebiger k\u00fcnstlicher Designs aus Gartencentern und Gro\u00dfh\u00e4ndlern bevorzugen, ein festlicher Topff\u00fcller ist eine stilvolle Investition, die Ihren Eingangsbereich \u00fcber Jahre hinaus aufwerten wird.<\/p>\n<div id=\"slice-container-newsletterForm-articleInbodyContent-axv5xaRqUzWnNocb2Nw5W8\" class=\"slice-container newsletter-inbodyContent-slice newsletterForm-articleInbodyContent-axv5xaRqUzWnNocb2Nw5W8 slice-container-newsletterForm\"><\/div>\n<p>Durch die Konzentration auf nat\u00fcrliche F\u00fclle und einfache Handwerkskunst sorgt dieser Ansatz daf\u00fcr, dass sich Ihr Urlaubseingang sowohl warm als auch authentisch einladend anf\u00fchlt und den Feierlichkeiten im Inneren einen eleganten, ruhigen Ton verleiht.<\/p>\n<h3 class=\"article-body__section\" id=\"section-shop-the-festive-front-porch-look\"><span>Kaufen Sie den festlichen Veranda-Look<\/span><\/h3>\n<aside data-block-type=\"embed\" data-hawk-json='{\"collection\":{\"blocks\":({\"modelName\":\"Christmas Tree Urn Filler\",\"productName\":\"Christmas Tree Urn Filler\",\"brand\":null,\"price\":39.99,\"wasPrice\":null,\"currency\":\"USD\",\"image\":{\"copyright\":\"\",\"height\":450,\"id\":\"VBw57yXgoSmgkxcquxF6tD\",\"mimeType\":\"image\/jpeg\",\"mos\":\"https:\/\/cdn.mos.cms.futurecdn.net\/VBw57yXgoSmgkxcquxF6tD.jpg\",\"role\":\"\",\"width\":450,\"credit\":\"Lqyan\",\"alt\":\"Christmas Tree Urn Filler, Christmas Pine Bush With Berries &amp; Pinecones, Artificia Christmas Pine Urn Filler Decoration, Pine Bush Ornaments for Planters, Tables, Mantels &amp; Home\",\"caption\":\"\"},\"link\":{\"url\":\"https:\/\/goto.walmart.com\/c\/1943169\/568844\/9383?subId1=hawk-custom-tracking&amp;sharedId=hawk&amp;u=https%3A%2F%2Fwww.walmart.com%2Fip%2FChristmas-Tree-Urn-Filler-Christmas-Pine-Bush-Berries-Pinecones-Artificia-Christmas-Pine-Urn-Filler-Decoration-Pine-Bush-Ornaments-Planters-Tables-Ma%2F18273253641%3F\",\"linkText\":\"$39.99 at Walmart\",\"editorialMerchantName\":\"\",\"merchantId\":108180,\"merchantNetwork\":\"ImpactRadWalmart\",\"merchantUrl\":\"walmart.com\",\"merchantName\":\"Walmart\"},\"noAffiliateTracking\":false,\"linkMerchant\":\"Walmart\"},{\"modelName\":\"Artificial Fall Flowers, 8 Bundles\",\"productName\":\"Artificial Fall Flowers, 8 Bundles\",\"brand\":null,\"price\":13.59,\"wasPrice\":16.99,\"currency\":\"USD\",\"image\":{\"copyright\":\"\",\"height\":1185,\"id\":\"Mma8EUMrgnoV325HrQEvMe\",\"mimeType\":\"image\/jpeg\",\"mos\":\"https:\/\/cdn.mos.cms.futurecdn.net\/Mma8EUMrgnoV325HrQEvMe.jpg\",\"role\":\"\",\"width\":1200,\"credit\":\"RECUTMS\",\"alt\":\"Recutms 8 Bundles Artificial Fall Flowers No Fade Faux Autumn Plants, Fake Indoor Outdoor Greenery Decorations for Thanksgiving Christmas Wedding Party Home Garden Fireplace Du00e9cor (green Orange)\",\"caption\":\"\"},\"link\":{\"url\":\"https:\/\/target.georiot.com\/Proxy.ashx?tsid=107655&amp;GR_URL=https%3A%2F%2Famazon.com%2FRECUTMS-Artificial-Decorations-Thanksgiving-Christmas%2Fdp%2FB096KHPFF8%2Fref%3Dsr_1_14%3Ftag%3Dhawk-future-20%26ascsubtag%3Dhawk-custom-tracking-20\",\"linkText\":\"$13.59 at Amazon\",\"editorialMerchantName\":\"\",\"merchantId\":1471,\"merchantNetwork\":\"Amazonus\",\"merchantUrl\":\"amazon.com\",\"merchantName\":\"Amazon US\"},\"noAffiliateTracking\":false,\"linkMerchant\":\"Amazon US\"},{\"modelName\":\"National Tree Company Pre-Lit Artificial Christmas Tree for Entrances \",\"productName\":\"National Tree Company Pre-Lit Artificial Christmas Tree for Entrances \",\"brand\":null,\"price\":null,\"wasPrice\":null,\"currency\":null,\"image\":{\"copyright\":\"\",\"height\":500,\"id\":\"LGThgrg2S2qbFA2QYUrmkF\",\"mimeType\":\"image\/jpeg\",\"mos\":\"https:\/\/cdn.mos.cms.futurecdn.net\/LGThgrg2S2qbFA2QYUrmkF.jpg\",\"role\":\"\",\"width\":500,\"credit\":\"National Tree Company\",\"alt\":\"National Tree Company Pre-Lit Artificial Christmas Tree for Entrances | Includes Pre-Strung White Lights and Stand | Montclair Spruce - 5 Ft\",\"caption\":\"\"},\"link\":{\"url\":\"https:\/\/target.georiot.com\/Proxy.ashx?tsid=107655&amp;GR_URL=https%3A%2F%2Famazon.com%2FNational-Tree-Montclair-Entrance-MC7-308-50%2Fdp%2FB0045VLB30%2Fref%3Dsr_1_31%3Ftag%3Dhawk-future-20%26ascsubtag%3Dhawk-custom-tracking-20\",\"linkText\":\"Now $35.49 at Amazon\",\"editorialMerchantName\":\"\",\"merchantId\":1471,\"merchantNetwork\":\"Amazonus\",\"merchantUrl\":\"amazon.com\",\"merchantName\":\"Amazon US\"},\"noAffiliateTracking\":false,\"linkMerchant\":\"Amazon US\"})}}' data-model-name=\"Christmas Tree Urn Filler,Artificial Fall Flowers, 8 Bundles,National Tree Company Pre-Lit Artificial Christmas Tree for Entrances \" data-render-type=\"fte\" data-skip=\"disabled\" data-widget-type=\"collection\" class=\"hawk-root\"><\/aside>\n<div class=\"product-container hero-product-container product-block-no-wrap\">\n<div class=\"product-block-row\"><\/div>\n<div class=\"product-block-row\"><\/div>\n<div class=\"product-block-row\"><\/div>\n<\/div>\n<div class=\"block\" id=\"articleTag\" data-component-name=\"PostArticleLinks\">\n<div class=\"border-b border-b-black border-solid py-2.5 text-black font-bold uppercase\">THEMEN<\/div>\n<nav class=\"py-2.5 flex gap-2.5 flex-wrap\" data-analytics-id=\"article-tag\">\n<p>Joanna Gaines<\/p>\n<\/nav>\n<\/div>\n<\/div>\n<p><script async src=\"\/\/www.instagram.com\/embed.js\"><\/script><\/p>\n","protected":false},"excerpt":{"rendered":"<p>Wenn ich die Archive der amerikanischen TV-Pers\u00f6nlichkeit und HGTV-Starin Joanna Gaines durchst\u00f6bere, entfacht das immer wieder meine Liebe zur Weihnachtszeit. W\u00e4hrend ihre charakteristischen dramatischen Weihnachtsbaumideen<\/p>\n","protected":false},"author":1,"featured_media":8631,"comment_status":"closed","ping_status":"","sticky":false,"template":"","format":"standard","meta":{"footnotes":""},"categories":[118],"tags":[11377,9,22,303,2971,194,4022,3147,15,193,2046,3716,146,37,5340,1844,21,3018],"class_list":["post-9056","post","type-post","status-publish","format-standard","has-post-thumbnail","hentry","category-haus-garten","tag-blumenarrangement","tag-die","tag-einem","tag-einer","tag-festliche","tag-gaines","tag-geschmueckt","tag-girlande","tag-ist","tag-joanna","tag-kein","tag-kranz","tag-mit","tag-und","tag-ungewoehnlichen","tag-veranda","tag-von","tag-weihnachtsbaum","generate-columns","tablet-grid-50","mobile-grid-100","grid-parent","grid-50"],"yoast_head":"<!-- This site is optimized with the Yoast SEO plugin v27.3 - https:\/\/yoast.com\/product\/yoast-seo-wordpress\/ -->\n<title>Die festliche Veranda von Joanna Gaines ist mit einer Girlande, einem Kranz und einem ungew\u00f6hnlichen Blumenarrangement geschm\u00fcckt \u2013 und es ist kein Weihnachtsbaum - Nachrichten - Stra\u00dfenweb<\/title>\n<meta name=\"robots\" content=\"index, follow, max-snippet:-1, max-image-preview:large, max-video-preview:-1\" \/>\n<link rel=\"canonical\" href=\"https:\/\/www.strassenweb.de\/nachrichten\/die-festliche-veranda-von-joanna-gaines-ist-mit-einer-girlande-einem-kranz-und-einem-ungewoehnlichen-blumenarrangement-geschmueckt-und-es-ist-kein-weihnachtsbaum\/\" \/>\n<meta property=\"og:locale\" content=\"de_DE\" \/>\n<meta property=\"og:type\" content=\"article\" \/>\n<meta property=\"og:title\" content=\"Die festliche Veranda von Joanna Gaines ist mit einer Girlande, einem Kranz und einem ungew\u00f6hnlichen Blumenarrangement geschm\u00fcckt \u2013 und es ist kein Weihnachtsbaum - Nachrichten - Stra\u00dfenweb\" \/>\n<meta property=\"og:description\" content=\"Wenn ich die Archive der amerikanischen TV-Pers\u00f6nlichkeit und HGTV-Starin Joanna Gaines durchst\u00f6bere, entfacht das immer wieder meine Liebe zur Weihnachtszeit. W\u00e4hrend ihre charakteristischen dramatischen Weihnachtsbaumideen\" \/>\n<meta property=\"og:url\" content=\"https:\/\/www.strassenweb.de\/nachrichten\/die-festliche-veranda-von-joanna-gaines-ist-mit-einer-girlande-einem-kranz-und-einem-ungewoehnlichen-blumenarrangement-geschmueckt-und-es-ist-kein-weihnachtsbaum\/\" \/>\n<meta property=\"og:site_name\" content=\"Stra\u00dfenweb\" \/>\n<meta property=\"article:publisher\" content=\"https:\/\/www.facebook.com\/strassenweb\/\" \/>\n<meta property=\"article:published_time\" content=\"2025-11-06T00:39:26+00:00\" \/>\n<meta property=\"article:modified_time\" content=\"2025-11-06T00:39:27+00:00\" \/>\n<meta property=\"og:image\" content=\"https:\/\/www.strassenweb.de\/nachrichten\/wp-content\/uploads\/2025\/10\/Joanna-Gaines-moechte-dass-Ihre-Kuechen-Weihnachtsdekoration-eine-nostalgische-Palette-umfasst.jpg\" \/>\n\t<meta property=\"og:image:width\" content=\"2560\" \/>\n\t<meta property=\"og:image:height\" content=\"1440\" \/>\n\t<meta property=\"og:image:type\" content=\"image\/jpeg\" \/>\n<meta name=\"author\" content=\"Robert Hoffmann\" \/>\n<meta name=\"twitter:card\" content=\"summary_large_image\" \/>\n<meta name=\"twitter:label1\" content=\"Verfasst von\" \/>\n\t<meta name=\"twitter:data1\" content=\"Robert Hoffmann\" \/>\n\t<meta name=\"twitter:label2\" content=\"Gesch\u00e4tzte Lesezeit\" \/>\n\t<meta name=\"twitter:data2\" content=\"2\u00a0Minuten\" \/>\n<script type=\"application\/ld+json\" class=\"yoast-schema-graph\">{\"@context\":\"https:\\\/\\\/schema.org\",\"@graph\":[{\"@type\":\"Article\",\"@id\":\"https:\\\/\\\/www.strassenweb.de\\\/nachrichten\\\/die-festliche-veranda-von-joanna-gaines-ist-mit-einer-girlande-einem-kranz-und-einem-ungewoehnlichen-blumenarrangement-geschmueckt-und-es-ist-kein-weihnachtsbaum\\\/#article\",\"isPartOf\":{\"@id\":\"https:\\\/\\\/www.strassenweb.de\\\/nachrichten\\\/die-festliche-veranda-von-joanna-gaines-ist-mit-einer-girlande-einem-kranz-und-einem-ungewoehnlichen-blumenarrangement-geschmueckt-und-es-ist-kein-weihnachtsbaum\\\/\"},\"author\":{\"name\":\"Robert Hoffmann\",\"@id\":\"https:\\\/\\\/www.strassenweb.de\\\/nachrichten\\\/#\\\/schema\\\/person\\\/87c9c9067f1211da429a744dc5a5aa41\"},\"headline\":\"Die festliche Veranda von Joanna Gaines ist mit einer Girlande, einem Kranz und einem ungew\u00f6hnlichen Blumenarrangement geschm\u00fcckt \u2013 und es ist kein Weihnachtsbaum\",\"datePublished\":\"2025-11-06T00:39:26+00:00\",\"dateModified\":\"2025-11-06T00:39:27+00:00\",\"mainEntityOfPage\":{\"@id\":\"https:\\\/\\\/www.strassenweb.de\\\/nachrichten\\\/die-festliche-veranda-von-joanna-gaines-ist-mit-einer-girlande-einem-kranz-und-einem-ungewoehnlichen-blumenarrangement-geschmueckt-und-es-ist-kein-weihnachtsbaum\\\/\"},\"wordCount\":457,\"publisher\":{\"@id\":\"https:\\\/\\\/www.strassenweb.de\\\/nachrichten\\\/#organization\"},\"image\":{\"@id\":\"https:\\\/\\\/www.strassenweb.de\\\/nachrichten\\\/die-festliche-veranda-von-joanna-gaines-ist-mit-einer-girlande-einem-kranz-und-einem-ungewoehnlichen-blumenarrangement-geschmueckt-und-es-ist-kein-weihnachtsbaum\\\/#primaryimage\"},\"thumbnailUrl\":\"https:\\\/\\\/www.strassenweb.de\\\/nachrichten\\\/wp-content\\\/uploads\\\/2025\\\/10\\\/Joanna-Gaines-moechte-dass-Ihre-Kuechen-Weihnachtsdekoration-eine-nostalgische-Palette-umfasst.jpg\",\"keywords\":[\"Blumenarrangement\",\"die\",\"einem\",\"einer\",\"festliche\",\"Gaines\",\"geschm\u00fcckt\",\"Girlande\",\"ist\",\"Joanna\",\"kein\",\"Kranz\",\"mit\",\"und\",\"ungew\u00f6hnlichen\",\"Veranda\",\"von\",\"Weihnachtsbaum\"],\"articleSection\":[\"Haus &amp; Garten\"],\"inLanguage\":\"de\"},{\"@type\":\"WebPage\",\"@id\":\"https:\\\/\\\/www.strassenweb.de\\\/nachrichten\\\/die-festliche-veranda-von-joanna-gaines-ist-mit-einer-girlande-einem-kranz-und-einem-ungewoehnlichen-blumenarrangement-geschmueckt-und-es-ist-kein-weihnachtsbaum\\\/\",\"url\":\"https:\\\/\\\/www.strassenweb.de\\\/nachrichten\\\/die-festliche-veranda-von-joanna-gaines-ist-mit-einer-girlande-einem-kranz-und-einem-ungewoehnlichen-blumenarrangement-geschmueckt-und-es-ist-kein-weihnachtsbaum\\\/\",\"name\":\"Die festliche Veranda von Joanna Gaines ist mit einer Girlande, einem Kranz und einem ungew\u00f6hnlichen Blumenarrangement geschm\u00fcckt \u2013 und es ist kein Weihnachtsbaum - Nachrichten - Stra\u00dfenweb\",\"isPartOf\":{\"@id\":\"https:\\\/\\\/www.strassenweb.de\\\/nachrichten\\\/#website\"},\"primaryImageOfPage\":{\"@id\":\"https:\\\/\\\/www.strassenweb.de\\\/nachrichten\\\/die-festliche-veranda-von-joanna-gaines-ist-mit-einer-girlande-einem-kranz-und-einem-ungewoehnlichen-blumenarrangement-geschmueckt-und-es-ist-kein-weihnachtsbaum\\\/#primaryimage\"},\"image\":{\"@id\":\"https:\\\/\\\/www.strassenweb.de\\\/nachrichten\\\/die-festliche-veranda-von-joanna-gaines-ist-mit-einer-girlande-einem-kranz-und-einem-ungewoehnlichen-blumenarrangement-geschmueckt-und-es-ist-kein-weihnachtsbaum\\\/#primaryimage\"},\"thumbnailUrl\":\"https:\\\/\\\/www.strassenweb.de\\\/nachrichten\\\/wp-content\\\/uploads\\\/2025\\\/10\\\/Joanna-Gaines-moechte-dass-Ihre-Kuechen-Weihnachtsdekoration-eine-nostalgische-Palette-umfasst.jpg\",\"datePublished\":\"2025-11-06T00:39:26+00:00\",\"dateModified\":\"2025-11-06T00:39:27+00:00\",\"breadcrumb\":{\"@id\":\"https:\\\/\\\/www.strassenweb.de\\\/nachrichten\\\/die-festliche-veranda-von-joanna-gaines-ist-mit-einer-girlande-einem-kranz-und-einem-ungewoehnlichen-blumenarrangement-geschmueckt-und-es-ist-kein-weihnachtsbaum\\\/#breadcrumb\"},\"inLanguage\":\"de\",\"potentialAction\":[{\"@type\":\"ReadAction\",\"target\":[\"https:\\\/\\\/www.strassenweb.de\\\/nachrichten\\\/die-festliche-veranda-von-joanna-gaines-ist-mit-einer-girlande-einem-kranz-und-einem-ungewoehnlichen-blumenarrangement-geschmueckt-und-es-ist-kein-weihnachtsbaum\\\/\"]}]},{\"@type\":\"ImageObject\",\"inLanguage\":\"de\",\"@id\":\"https:\\\/\\\/www.strassenweb.de\\\/nachrichten\\\/die-festliche-veranda-von-joanna-gaines-ist-mit-einer-girlande-einem-kranz-und-einem-ungewoehnlichen-blumenarrangement-geschmueckt-und-es-ist-kein-weihnachtsbaum\\\/#primaryimage\",\"url\":\"https:\\\/\\\/www.strassenweb.de\\\/nachrichten\\\/wp-content\\\/uploads\\\/2025\\\/10\\\/Joanna-Gaines-moechte-dass-Ihre-Kuechen-Weihnachtsdekoration-eine-nostalgische-Palette-umfasst.jpg\",\"contentUrl\":\"https:\\\/\\\/www.strassenweb.de\\\/nachrichten\\\/wp-content\\\/uploads\\\/2025\\\/10\\\/Joanna-Gaines-moechte-dass-Ihre-Kuechen-Weihnachtsdekoration-eine-nostalgische-Palette-umfasst.jpg\",\"width\":2560,\"height\":1440,\"caption\":\"Joanna Gaines m\u00f6chte, dass Ihre K\u00fcchen-Weihnachtsdekoration eine nostalgische Palette umfasst, die niemals veraltet ist \u2013 ihre erschwingliche Target-Kollektion macht es m\u00fchelos einfach\"},{\"@type\":\"BreadcrumbList\",\"@id\":\"https:\\\/\\\/www.strassenweb.de\\\/nachrichten\\\/die-festliche-veranda-von-joanna-gaines-ist-mit-einer-girlande-einem-kranz-und-einem-ungewoehnlichen-blumenarrangement-geschmueckt-und-es-ist-kein-weihnachtsbaum\\\/#breadcrumb\",\"itemListElement\":[{\"@type\":\"ListItem\",\"position\":1,\"name\":\"Home\",\"item\":\"https:\\\/\\\/www.strassenweb.de\\\/nachrichten\\\/\"},{\"@type\":\"ListItem\",\"position\":2,\"name\":\"Die festliche Veranda von Joanna Gaines ist mit einer Girlande, einem Kranz und einem ungew\u00f6hnlichen Blumenarrangement geschm\u00fcckt \u2013 und es ist kein Weihnachtsbaum\"}]},{\"@type\":\"WebSite\",\"@id\":\"https:\\\/\\\/www.strassenweb.de\\\/nachrichten\\\/#website\",\"url\":\"https:\\\/\\\/www.strassenweb.de\\\/nachrichten\\\/\",\"name\":\"Stra\u00dfenweb\",\"description\":\"Stra\u00dfenverzeichnis f\u00fcr Deutschland\",\"publisher\":{\"@id\":\"https:\\\/\\\/www.strassenweb.de\\\/nachrichten\\\/#organization\"},\"potentialAction\":[{\"@type\":\"SearchAction\",\"target\":{\"@type\":\"EntryPoint\",\"urlTemplate\":\"https:\\\/\\\/www.strassenweb.de\\\/nachrichten\\\/?s={search_term_string}\"},\"query-input\":{\"@type\":\"PropertyValueSpecification\",\"valueRequired\":true,\"valueName\":\"search_term_string\"}}],\"inLanguage\":\"de\"},{\"@type\":\"Organization\",\"@id\":\"https:\\\/\\\/www.strassenweb.de\\\/nachrichten\\\/#organization\",\"name\":\"Stra\u00dfenweb\",\"url\":\"https:\\\/\\\/www.strassenweb.de\\\/nachrichten\\\/\",\"logo\":{\"@type\":\"ImageObject\",\"inLanguage\":\"de\",\"@id\":\"https:\\\/\\\/www.strassenweb.de\\\/nachrichten\\\/#\\\/schema\\\/logo\\\/image\\\/\",\"url\":\"https:\\\/\\\/www.strassenweb.de\\\/nachrichten\\\/wp-content\\\/uploads\\\/2024\\\/09\\\/cropped-favicon.png\",\"contentUrl\":\"https:\\\/\\\/www.strassenweb.de\\\/nachrichten\\\/wp-content\\\/uploads\\\/2024\\\/09\\\/cropped-favicon.png\",\"width\":512,\"height\":512,\"caption\":\"Stra\u00dfenweb\"},\"image\":{\"@id\":\"https:\\\/\\\/www.strassenweb.de\\\/nachrichten\\\/#\\\/schema\\\/logo\\\/image\\\/\"},\"sameAs\":[\"https:\\\/\\\/www.facebook.com\\\/strassenweb\\\/\"]},{\"@type\":\"Person\",\"@id\":\"https:\\\/\\\/www.strassenweb.de\\\/nachrichten\\\/#\\\/schema\\\/person\\\/87c9c9067f1211da429a744dc5a5aa41\",\"name\":\"Robert Hoffmann\",\"image\":{\"@type\":\"ImageObject\",\"inLanguage\":\"de\",\"@id\":\"https:\\\/\\\/www.strassenweb.de\\\/nachrichten\\\/wp-content\\\/uploads\\\/2024\\\/09\\\/strassenweb-150x150.jpg\",\"url\":\"https:\\\/\\\/www.strassenweb.de\\\/nachrichten\\\/wp-content\\\/uploads\\\/2024\\\/09\\\/strassenweb-150x150.jpg\",\"contentUrl\":\"https:\\\/\\\/www.strassenweb.de\\\/nachrichten\\\/wp-content\\\/uploads\\\/2024\\\/09\\\/strassenweb-150x150.jpg\",\"caption\":\"Robert Hoffmann\"},\"description\":\"Ich hei\u00dfe Robert Hoffmann und ich bin ein leidenschaftlicher Verfechter von \u00d6kologie und Biodiversit\u00e4t. Seit meiner Kindheit in den W\u00e4ldern Bayerns f\u00fchle ich mich mit der Natur verbunden und bin entschlossen, sie zu sch\u00fctzen. Heute widme ich mein Leben der Sensibilisierung anderer f\u00fcr die Bedeutung des Umweltschutzes f\u00fcr zuk\u00fcnftige Generationen.\",\"sameAs\":[\"https:\\\/\\\/www.strassenweb.de\\\/\"]}]}<\/script>\n<!-- \/ Yoast SEO plugin. -->","yoast_head_json":{"title":"Die festliche Veranda von Joanna Gaines ist mit einer Girlande, einem Kranz und einem ungew\u00f6hnlichen Blumenarrangement geschm\u00fcckt \u2013 und es ist kein Weihnachtsbaum - Nachrichten - Stra\u00dfenweb","robots":{"index":"index","follow":"follow","max-snippet":"max-snippet:-1","max-image-preview":"max-image-preview:large","max-video-preview":"max-video-preview:-1"},"canonical":"https:\/\/www.strassenweb.de\/nachrichten\/die-festliche-veranda-von-joanna-gaines-ist-mit-einer-girlande-einem-kranz-und-einem-ungewoehnlichen-blumenarrangement-geschmueckt-und-es-ist-kein-weihnachtsbaum\/","og_locale":"de_DE","og_type":"article","og_title":"Die festliche Veranda von Joanna Gaines ist mit einer Girlande, einem Kranz und einem ungew\u00f6hnlichen Blumenarrangement geschm\u00fcckt \u2013 und es ist kein Weihnachtsbaum - Nachrichten - Stra\u00dfenweb","og_description":"Wenn ich die Archive der amerikanischen TV-Pers\u00f6nlichkeit und HGTV-Starin Joanna Gaines durchst\u00f6bere, entfacht das immer wieder meine Liebe zur Weihnachtszeit. W\u00e4hrend ihre charakteristischen dramatischen Weihnachtsbaumideen","og_url":"https:\/\/www.strassenweb.de\/nachrichten\/die-festliche-veranda-von-joanna-gaines-ist-mit-einer-girlande-einem-kranz-und-einem-ungewoehnlichen-blumenarrangement-geschmueckt-und-es-ist-kein-weihnachtsbaum\/","og_site_name":"Stra\u00dfenweb","article_publisher":"https:\/\/www.facebook.com\/strassenweb\/","article_published_time":"2025-11-06T00:39:26+00:00","article_modified_time":"2025-11-06T00:39:27+00:00","og_image":[{"width":2560,"height":1440,"url":"https:\/\/www.strassenweb.de\/nachrichten\/wp-content\/uploads\/2025\/10\/Joanna-Gaines-moechte-dass-Ihre-Kuechen-Weihnachtsdekoration-eine-nostalgische-Palette-umfasst.jpg","type":"image\/jpeg"}],"author":"Robert Hoffmann","twitter_card":"summary_large_image","twitter_misc":{"Verfasst von":"Robert Hoffmann","Gesch\u00e4tzte Lesezeit":"2\u00a0Minuten"},"schema":{"@context":"https:\/\/schema.org","@graph":[{"@type":"Article","@id":"https:\/\/www.strassenweb.de\/nachrichten\/die-festliche-veranda-von-joanna-gaines-ist-mit-einer-girlande-einem-kranz-und-einem-ungewoehnlichen-blumenarrangement-geschmueckt-und-es-ist-kein-weihnachtsbaum\/#article","isPartOf":{"@id":"https:\/\/www.strassenweb.de\/nachrichten\/die-festliche-veranda-von-joanna-gaines-ist-mit-einer-girlande-einem-kranz-und-einem-ungewoehnlichen-blumenarrangement-geschmueckt-und-es-ist-kein-weihnachtsbaum\/"},"author":{"name":"Robert Hoffmann","@id":"https:\/\/www.strassenweb.de\/nachrichten\/#\/schema\/person\/87c9c9067f1211da429a744dc5a5aa41"},"headline":"Die festliche Veranda von Joanna Gaines ist mit einer Girlande, einem Kranz und einem ungew\u00f6hnlichen Blumenarrangement geschm\u00fcckt \u2013 und es ist kein Weihnachtsbaum","datePublished":"2025-11-06T00:39:26+00:00","dateModified":"2025-11-06T00:39:27+00:00","mainEntityOfPage":{"@id":"https:\/\/www.strassenweb.de\/nachrichten\/die-festliche-veranda-von-joanna-gaines-ist-mit-einer-girlande-einem-kranz-und-einem-ungewoehnlichen-blumenarrangement-geschmueckt-und-es-ist-kein-weihnachtsbaum\/"},"wordCount":457,"publisher":{"@id":"https:\/\/www.strassenweb.de\/nachrichten\/#organization"},"image":{"@id":"https:\/\/www.strassenweb.de\/nachrichten\/die-festliche-veranda-von-joanna-gaines-ist-mit-einer-girlande-einem-kranz-und-einem-ungewoehnlichen-blumenarrangement-geschmueckt-und-es-ist-kein-weihnachtsbaum\/#primaryimage"},"thumbnailUrl":"https:\/\/www.strassenweb.de\/nachrichten\/wp-content\/uploads\/2025\/10\/Joanna-Gaines-moechte-dass-Ihre-Kuechen-Weihnachtsdekoration-eine-nostalgische-Palette-umfasst.jpg","keywords":["Blumenarrangement","die","einem","einer","festliche","Gaines","geschm\u00fcckt","Girlande","ist","Joanna","kein","Kranz","mit","und","ungew\u00f6hnlichen","Veranda","von","Weihnachtsbaum"],"articleSection":["Haus &amp; Garten"],"inLanguage":"de"},{"@type":"WebPage","@id":"https:\/\/www.strassenweb.de\/nachrichten\/die-festliche-veranda-von-joanna-gaines-ist-mit-einer-girlande-einem-kranz-und-einem-ungewoehnlichen-blumenarrangement-geschmueckt-und-es-ist-kein-weihnachtsbaum\/","url":"https:\/\/www.strassenweb.de\/nachrichten\/die-festliche-veranda-von-joanna-gaines-ist-mit-einer-girlande-einem-kranz-und-einem-ungewoehnlichen-blumenarrangement-geschmueckt-und-es-ist-kein-weihnachtsbaum\/","name":"Die festliche Veranda von Joanna Gaines ist mit einer Girlande, einem Kranz und einem ungew\u00f6hnlichen Blumenarrangement geschm\u00fcckt \u2013 und es ist kein Weihnachtsbaum - Nachrichten - Stra\u00dfenweb","isPartOf":{"@id":"https:\/\/www.strassenweb.de\/nachrichten\/#website"},"primaryImageOfPage":{"@id":"https:\/\/www.strassenweb.de\/nachrichten\/die-festliche-veranda-von-joanna-gaines-ist-mit-einer-girlande-einem-kranz-und-einem-ungewoehnlichen-blumenarrangement-geschmueckt-und-es-ist-kein-weihnachtsbaum\/#primaryimage"},"image":{"@id":"https:\/\/www.strassenweb.de\/nachrichten\/die-festliche-veranda-von-joanna-gaines-ist-mit-einer-girlande-einem-kranz-und-einem-ungewoehnlichen-blumenarrangement-geschmueckt-und-es-ist-kein-weihnachtsbaum\/#primaryimage"},"thumbnailUrl":"https:\/\/www.strassenweb.de\/nachrichten\/wp-content\/uploads\/2025\/10\/Joanna-Gaines-moechte-dass-Ihre-Kuechen-Weihnachtsdekoration-eine-nostalgische-Palette-umfasst.jpg","datePublished":"2025-11-06T00:39:26+00:00","dateModified":"2025-11-06T00:39:27+00:00","breadcrumb":{"@id":"https:\/\/www.strassenweb.de\/nachrichten\/die-festliche-veranda-von-joanna-gaines-ist-mit-einer-girlande-einem-kranz-und-einem-ungewoehnlichen-blumenarrangement-geschmueckt-und-es-ist-kein-weihnachtsbaum\/#breadcrumb"},"inLanguage":"de","potentialAction":[{"@type":"ReadAction","target":["https:\/\/www.strassenweb.de\/nachrichten\/die-festliche-veranda-von-joanna-gaines-ist-mit-einer-girlande-einem-kranz-und-einem-ungewoehnlichen-blumenarrangement-geschmueckt-und-es-ist-kein-weihnachtsbaum\/"]}]},{"@type":"ImageObject","inLanguage":"de","@id":"https:\/\/www.strassenweb.de\/nachrichten\/die-festliche-veranda-von-joanna-gaines-ist-mit-einer-girlande-einem-kranz-und-einem-ungewoehnlichen-blumenarrangement-geschmueckt-und-es-ist-kein-weihnachtsbaum\/#primaryimage","url":"https:\/\/www.strassenweb.de\/nachrichten\/wp-content\/uploads\/2025\/10\/Joanna-Gaines-moechte-dass-Ihre-Kuechen-Weihnachtsdekoration-eine-nostalgische-Palette-umfasst.jpg","contentUrl":"https:\/\/www.strassenweb.de\/nachrichten\/wp-content\/uploads\/2025\/10\/Joanna-Gaines-moechte-dass-Ihre-Kuechen-Weihnachtsdekoration-eine-nostalgische-Palette-umfasst.jpg","width":2560,"height":1440,"caption":"Joanna Gaines m\u00f6chte, dass Ihre K\u00fcchen-Weihnachtsdekoration eine nostalgische Palette umfasst, die niemals veraltet ist \u2013 ihre erschwingliche Target-Kollektion macht es m\u00fchelos einfach"},{"@type":"BreadcrumbList","@id":"https:\/\/www.strassenweb.de\/nachrichten\/die-festliche-veranda-von-joanna-gaines-ist-mit-einer-girlande-einem-kranz-und-einem-ungewoehnlichen-blumenarrangement-geschmueckt-und-es-ist-kein-weihnachtsbaum\/#breadcrumb","itemListElement":[{"@type":"ListItem","position":1,"name":"Home","item":"https:\/\/www.strassenweb.de\/nachrichten\/"},{"@type":"ListItem","position":2,"name":"Die festliche Veranda von Joanna Gaines ist mit einer Girlande, einem Kranz und einem ungew\u00f6hnlichen Blumenarrangement geschm\u00fcckt \u2013 und es ist kein Weihnachtsbaum"}]},{"@type":"WebSite","@id":"https:\/\/www.strassenweb.de\/nachrichten\/#website","url":"https:\/\/www.strassenweb.de\/nachrichten\/","name":"Stra\u00dfenweb","description":"Stra\u00dfenverzeichnis f\u00fcr Deutschland","publisher":{"@id":"https:\/\/www.strassenweb.de\/nachrichten\/#organization"},"potentialAction":[{"@type":"SearchAction","target":{"@type":"EntryPoint","urlTemplate":"https:\/\/www.strassenweb.de\/nachrichten\/?s={search_term_string}"},"query-input":{"@type":"PropertyValueSpecification","valueRequired":true,"valueName":"search_term_string"}}],"inLanguage":"de"},{"@type":"Organization","@id":"https:\/\/www.strassenweb.de\/nachrichten\/#organization","name":"Stra\u00dfenweb","url":"https:\/\/www.strassenweb.de\/nachrichten\/","logo":{"@type":"ImageObject","inLanguage":"de","@id":"https:\/\/www.strassenweb.de\/nachrichten\/#\/schema\/logo\/image\/","url":"https:\/\/www.strassenweb.de\/nachrichten\/wp-content\/uploads\/2024\/09\/cropped-favicon.png","contentUrl":"https:\/\/www.strassenweb.de\/nachrichten\/wp-content\/uploads\/2024\/09\/cropped-favicon.png","width":512,"height":512,"caption":"Stra\u00dfenweb"},"image":{"@id":"https:\/\/www.strassenweb.de\/nachrichten\/#\/schema\/logo\/image\/"},"sameAs":["https:\/\/www.facebook.com\/strassenweb\/"]},{"@type":"Person","@id":"https:\/\/www.strassenweb.de\/nachrichten\/#\/schema\/person\/87c9c9067f1211da429a744dc5a5aa41","name":"Robert Hoffmann","image":{"@type":"ImageObject","inLanguage":"de","@id":"https:\/\/www.strassenweb.de\/nachrichten\/wp-content\/uploads\/2024\/09\/strassenweb-150x150.jpg","url":"https:\/\/www.strassenweb.de\/nachrichten\/wp-content\/uploads\/2024\/09\/strassenweb-150x150.jpg","contentUrl":"https:\/\/www.strassenweb.de\/nachrichten\/wp-content\/uploads\/2024\/09\/strassenweb-150x150.jpg","caption":"Robert Hoffmann"},"description":"Ich hei\u00dfe Robert Hoffmann und ich bin ein leidenschaftlicher Verfechter von \u00d6kologie und Biodiversit\u00e4t. Seit meiner Kindheit in den W\u00e4ldern Bayerns f\u00fchle ich mich mit der Natur verbunden und bin entschlossen, sie zu sch\u00fctzen. Heute widme ich mein Leben der Sensibilisierung anderer f\u00fcr die Bedeutung des Umweltschutzes f\u00fcr zuk\u00fcnftige Generationen.","sameAs":["https:\/\/www.strassenweb.de\/"]}]}},"_links":{"self":[{"href":"https:\/\/www.strassenweb.de\/nachrichten\/wp-json\/wp\/v2\/posts\/9056","targetHints":{"allow":["GET"]}}],"collection":[{"href":"https:\/\/www.strassenweb.de\/nachrichten\/wp-json\/wp\/v2\/posts"}],"about":[{"href":"https:\/\/www.strassenweb.de\/nachrichten\/wp-json\/wp\/v2\/types\/post"}],"author":[{"embeddable":true,"href":"https:\/\/www.strassenweb.de\/nachrichten\/wp-json\/wp\/v2\/users\/1"}],"replies":[{"embeddable":true,"href":"https:\/\/www.strassenweb.de\/nachrichten\/wp-json\/wp\/v2\/comments?post=9056"}],"version-history":[{"count":0,"href":"https:\/\/www.strassenweb.de\/nachrichten\/wp-json\/wp\/v2\/posts\/9056\/revisions"}],"wp:featuredmedia":[{"embeddable":true,"href":"https:\/\/www.strassenweb.de\/nachrichten\/wp-json\/wp\/v2\/media\/8631"}],"wp:attachment":[{"href":"https:\/\/www.strassenweb.de\/nachrichten\/wp-json\/wp\/v2\/media?parent=9056"}],"wp:term":[{"taxonomy":"category","embeddable":true,"href":"https:\/\/www.strassenweb.de\/nachrichten\/wp-json\/wp\/v2\/categories?post=9056"},{"taxonomy":"post_tag","embeddable":true,"href":"https:\/\/www.strassenweb.de\/nachrichten\/wp-json\/wp\/v2\/tags?post=9056"}],"curies":[{"name":"wp","href":"https:\/\/api.w.org\/{rel}","templated":true}]}}