{"id":9053,"date":"2025-11-05T22:39:14","date_gmt":"2025-11-05T21:39:14","guid":{"rendered":"https:\/\/www.strassenweb.de\/nachrichten\/so-verleihen-sie-ihrem-raum-seele-und-sorgen-dafuer-dass-sich-ihr-zuhause-wie-sie-selbst-anfuehlt\/"},"modified":"2025-11-05T22:39:16","modified_gmt":"2025-11-05T21:39:16","slug":"so-verleihen-sie-ihrem-raum-seele-und-sorgen-dafuer-dass-sich-ihr-zuhause-wie-sie-selbst-anfuehlt","status":"publish","type":"post","link":"https:\/\/www.strassenweb.de\/nachrichten\/so-verleihen-sie-ihrem-raum-seele-und-sorgen-dafuer-dass-sich-ihr-zuhause-wie-sie-selbst-anfuehlt\/","title":{"rendered":"So verleihen Sie Ihrem Raum Seele und sorgen daf\u00fcr, dass sich Ihr Zuhause wie Sie selbst anf\u00fchlt"},"content":{"rendered":"<p><\/p>\n<div id=\"article-body\" class=\"article__body \">\n<div id=\"ad-unit-1\" class=\"ad-unit\"><\/div>\n<p>Es gibt ein bestimmtes Gef\u00fchl, wenn man ein Haus betritt, in dem wirklich gelebt wird. Nicht die unordentliche Art, in der man mit Socken auf dem Boden lebt (obwohl wir alle das schon erlebt haben), sondern die zutiefst beruhigende Art von \u201eIch k\u00f6nnte f\u00fcr immer hier bleiben\u201c.<\/p>\n<aside data-block-type=\"embed\" data-render-type=\"fte\" data-skip=\"dealsy\" data-widget-type=\"seasonal\" class=\"hawk-root\"><\/aside>\n<p id=\"60ae83c1-7933-43e8-84a6-40026002275c-2\">Als ich aufwuchs, sagten die Leute oft \u2013 und tun es immer noch \u2013, dass sich das Haus meiner Eltern wie eine herzliche Umarmung anf\u00fchlte. Ich habe nie ganz verstanden, was das bedeutet, bis ich angefangen habe, selbst zu entwerfen. Da wurde mir klar, dass es genau das Gef\u00fchl war, zu dem ich nach Hause kommen wollte: R\u00e4ume, die Geschichten in ihren Ecken und W\u00e4rme in ihren Knochen tragen. Sie sind nicht unbedingt poliert oder perfekt, aber sie haben Seele \u2013 und das, mein Freund, macht den gro\u00dfen Unterschied.<\/p>\n<div class=\"van_vid_carousel\">\n<div class=\"van_vid_carousel__padding\">\n<div class=\"van_vid_carousel__container\"><\/div>\n<\/div>\n<\/div>\n<p>Ich werde oft gefragt, wie man mit seinen Wohnideen dieses Gef\u00fchl erzeugen kann. Die gute Nachricht? Es erfordert kein gro\u00dfes Budget oder eine umfassende Renovierung. Seele ist nichts, was man kauft. Es wird gesammelt, geschichtet, darin gelebt \u2013 und vor allem braucht es Zeit.<\/p>\n<div id=\"ad-unit-2\" class=\"ad-unit\"><\/div>\n<figure class=\"van-image-figure inline-layout \" data-bordeaux-image-check id=\"88dde495-0427-4954-b872-e64af00650ee\">\n<div class=\"image-full-width-wrapper\">\n<div class=\"image-widthsetter\" style=\"max-width:4000px;\"><\/div>\n<\/div>\n<\/figure>\n<p id=\"7d6b1109-7a92-413d-afd7-46b3dc771bde\">Es gibt keine geheime Anleitung, wie man einem Raum Seele verleiht. Die Chancen stehen gut, dass Sie bereits alles haben, was Sie brauchen \u2013 es liegt nur in einem Regal verstaut oder im Keller verstaut. Manchmal geht es einfach darum, die Dinge ein wenig anders zu sehen. Nicht f\u00fcr das, was sie waren, wie die Schachtel mit der Aufschrift \u201eAusgefallenes Porzellan nur f\u00fcr G\u00e4ste\u201c, sondern f\u00fcr das, was sie sein k\u00f6nnten \u2013 t\u00e4gliche Erinnerungen an Bedeutung und Erinnerung.<\/p>\n<p>Es beginnt oft mit etwas Altem. Nicht unbedingt etwas Antiquit\u00e4tengesch\u00e4ft, sondern einfach etwas mit ein wenig Geschichte. Vielleicht ist es der geborgene Tisch, den Sie am Stra\u00dfenrand gefunden und nach Hause geschleppt haben, weil Sie nicht aufh\u00f6ren konnten, mit der Hand \u00fcber die abgenutzten Kanten zu streichen (das kennen wir doch alle, oder?). Oder ein Vintage-Spiegel, vergoldet und leicht stockfleckig, der das Morgenlicht wunderbar einf\u00e4ngt. Diese St\u00fccke f\u00fcllen nicht nur den Raum \u2013 sie bringen Pr\u00e4senz. Sie halten die Zeit. Ein Raum f\u00fchlt sich sofort geerdeter und menschlicher an, wenn er etwas enth\u00e4lt, das Dinge gesehen hat. Ich schw\u00f6re, man sp\u00fcrt die Geschichten, die in diesen St\u00fccken leben.<\/p>\n<figure class=\"van-image-figure inline-layout \" data-bordeaux-image-check id=\"446f7a6c-4350-4c1f-a544-a5afcd5a5d78\">\n<div class=\"image-full-width-wrapper\">\n<div class=\"image-widthsetter\" style=\"max-width:4500px;\"><\/div>\n<\/div>\n<\/figure>\n<p id=\"6f316e3d-93ab-44e3-93f1-a3c25c8a0069\">Aber die Seele steckt nicht nur in den gro\u00dfen Gesten. Es lebt auch in den ruhigen, allt\u00e4glichen Details. Als w\u00fcrde man an einem Dienstagabend einfach nur so das Silberbesteck seiner Gro\u00dfmutter benutzen. Es ist kein besonderer Anlass erforderlich, au\u00dfer \u00fcber die Ereignisse des Tages nachzudenken. Benutze es jeden Tag. Machen Sie Ihren Alltag zu etwas Besonderem. Das sind keine Museumsst\u00fccke; Sie sind Erinnerungsmacher. Sie erinnern uns daran, wo wir herkommen, und wenn wir sie nutzen, werden diese Momente Teil unseres t\u00e4glichen Rhythmus. Ehrlich gesagt schmeckt eine Sch\u00fcssel M\u00fcsli einfach anders, wenn man sie mit einem L\u00f6ffel isst, der \u00e4lter ist als man selbst.<\/p>\n<div id=\"slice-container-newsletterForm-articleInbodyContent-G8oTedHZTh2kYs36i6H5qB\" class=\"slice-container newsletter-inbodyContent-slice newsletterForm-articleInbodyContent-G8oTedHZTh2kYs36i6H5qB slice-container-newsletterForm\"><\/div>\n<p>Ich bin auch zu der \u00dcberzeugung gelangt, dass Ihr Zuhause Ihre Geschichte fl\u00fcstern und nicht einen Trend verk\u00fcnden sollte. Manche m\u00f6gen sagen, dass \u201eGrandmillennial\u201c oder \u201eVintage\u201c gerade einen Moment haben, aber ich w\u00fcrde es nicht als Trend bezeichnen. Ich w\u00fcrde es eine Wertsch\u00e4tzung f\u00fcr Dinge nennen, die wir schon immer hatten \u2013 wir wussten nur nicht, wie wir sie nutzen sollten.<\/p>\n<p>Eine handgeschriebene Rezeptkarte Ihrer Mutter kann gerahmt und in der K\u00fcche aufgeh\u00e4ngt werden. So wird aus etwas Bescheidenem ein kleiner Schrein voller Gef\u00fchle, mit Butterflecken und allem Drum und Dran. Das alte Flanellhemd deines Vaters, an dem du festgehalten hast? Verwandeln Sie es in ein Kissen. Lassen Sie die Dinge, die Sie lieben, Teil der Landschaft werden.<\/p>\n<p>Auch die Textur spielt eine Hauptrolle. Es ist die unausgesprochene Ebene des Trostes. Denken Sie an Leinenvorh\u00e4nge, die die Brise einfangen, einen Samtstuhl, der Sie dazu einl\u00e4dt, sich hinzusetzen und eine Weile zu bleiben, und einen genoppten Wollteppich unter Ihren F\u00fc\u00dfen, der Ihren Morgenkaffee noch ein wenig gem\u00fctlicher macht. Denken Sie nicht zu viel dar\u00fcber nach \u2013 mischen Sie einfach, was Sie lieben. Wenn es sich gut anf\u00fchlt, geh\u00f6rt es dazu.<\/p>\n<p>Durch geschichtete Texturen wirkt ein Raum nachdenklich und real, auch wenn er nicht perfekt ist. (Was, seien wir ehrlich, nie wirklich der Fall ist. Und Gott sei Dank daf\u00fcr.)<\/p>\n<figure class=\"van-image-figure inline-layout \" data-bordeaux-image-check id=\"5073625a-1425-4a9e-bfd0-1fc920e09ec7\">\n<div class=\"image-full-width-wrapper\">\n<div class=\"image-widthsetter\" style=\"max-width:4000px;\"><\/div>\n<\/div>\n<\/figure>\n<p id=\"79ecde93-228c-4adf-aa5f-ed68c7fdbd8c\">Es hat etwas wunderbar Befreiendes, wenn man sein Zuhause langsam weiterentwickeln l\u00e4sst. Sie m\u00fcssen ein Zimmer nicht an einem Wochenende \u201efertigstellen\u201c. Tats\u00e4chlich, bitte nicht. Lass es atmen. Lassen Sie es Geschichten sammeln. Schnappen Sie sich hier und da ein St\u00fcck \u2013 eine Keramikschale von einem Wochenendmarkt, ein Gem\u00e4lde, das Sie etwas sp\u00fcren l\u00e4sst, auch wenn Sie nicht ganz sicher sind, was. Das sind die Dinge, die einem Raum seinen Herzschlag verleihen.<\/p>\n<p>Rom wurde nicht an einem Tag erbaut \u2026 und Ihr Zuhause auch nicht.<\/p>\n<p>Und wenn sich etwas nicht ganz richtig anf\u00fchlt? Vertrauen Sie Ihrem Bauchgef\u00fchl. Wenn es Sie nicht zum L\u00e4cheln, Seufzen oder Erinnern an etwas Besonderes bringt, muss es wahrscheinlich nicht bleiben. Bei der Schaffung eines Zuhauses mit Seele geht es mehr um Subtraktion als um Perfektion. Behalten Sie, was wichtig ist. Lass den Rest los.<\/p>\n<p>Am Ende werden gef\u00fchlvolle H\u00e4user nicht gestylt, sondern durch Liebe zum Leben erweckt. Sie tragen Fingerabdr\u00fccke, Fehler, Texturen und Geschichten in sich. Sie halten Teile von dem, wo wir waren, fest und schaffen stillschweigend Platz f\u00fcr das, wohin wir gehen.<\/p>\n<p>Und wirklich \u2013 ist es nicht genau das, worum es bei einem Zuhause geht?<\/p>\n<\/div>\n","protected":false},"excerpt":{"rendered":"<p>Es gibt ein bestimmtes Gef\u00fchl, wenn man ein Haus betritt, in dem wirklich gelebt wird. Nicht die unordentliche Art, in der man mit Socken auf<\/p>\n","protected":false},"author":1,"featured_media":9054,"comment_status":"closed","ping_status":"","sticky":false,"template":"","format":"standard","meta":{"footnotes":""},"categories":[118],"tags":[1974,932,51,170,534,182,6908,1697,142,165,253,37,783,26,171],"class_list":["post-9053","post","type-post","status-publish","format-standard","has-post-thumbnail","hentry","category-haus-garten","tag-anfuehlt","tag-dafuer","tag-dass","tag-ihr","tag-ihrem","tag-raum","tag-seele","tag-selbst","tag-sich","tag-sie","tag-sorgen","tag-und","tag-verleihen","tag-wie","tag-zuhause","generate-columns","tablet-grid-50","mobile-grid-100","grid-parent","grid-50"],"yoast_head":"<!-- This site is optimized with the Yoast SEO plugin v27.3 - https:\/\/yoast.com\/product\/yoast-seo-wordpress\/ -->\n<title>So verleihen Sie Ihrem Raum Seele und sorgen daf\u00fcr, dass sich Ihr Zuhause wie Sie selbst anf\u00fchlt - Nachrichten - Stra\u00dfenweb<\/title>\n<meta name=\"robots\" content=\"index, follow, max-snippet:-1, max-image-preview:large, max-video-preview:-1\" \/>\n<link rel=\"canonical\" href=\"https:\/\/www.strassenweb.de\/nachrichten\/so-verleihen-sie-ihrem-raum-seele-und-sorgen-dafuer-dass-sich-ihr-zuhause-wie-sie-selbst-anfuehlt\/\" \/>\n<meta property=\"og:locale\" content=\"de_DE\" \/>\n<meta property=\"og:type\" content=\"article\" \/>\n<meta property=\"og:title\" content=\"So verleihen Sie Ihrem Raum Seele und sorgen daf\u00fcr, dass sich Ihr Zuhause wie Sie selbst anf\u00fchlt - Nachrichten - Stra\u00dfenweb\" \/>\n<meta property=\"og:description\" content=\"Es gibt ein bestimmtes Gef\u00fchl, wenn man ein Haus betritt, in dem wirklich gelebt wird. Nicht die unordentliche Art, in der man mit Socken auf\" \/>\n<meta property=\"og:url\" content=\"https:\/\/www.strassenweb.de\/nachrichten\/so-verleihen-sie-ihrem-raum-seele-und-sorgen-dafuer-dass-sich-ihr-zuhause-wie-sie-selbst-anfuehlt\/\" \/>\n<meta property=\"og:site_name\" content=\"Stra\u00dfenweb\" \/>\n<meta property=\"article:publisher\" content=\"https:\/\/www.facebook.com\/strassenweb\/\" \/>\n<meta property=\"article:published_time\" content=\"2025-11-05T21:39:14+00:00\" \/>\n<meta property=\"article:modified_time\" content=\"2025-11-05T21:39:16+00:00\" \/>\n<meta property=\"og:image\" content=\"https:\/\/www.strassenweb.de\/nachrichten\/wp-content\/uploads\/2025\/11\/So-verleihen-Sie-Ihrem-Raum-Seele-und-sorgen-dafuer-dass.jpg\" \/>\n\t<meta property=\"og:image:width\" content=\"2560\" \/>\n\t<meta property=\"og:image:height\" content=\"1440\" \/>\n\t<meta property=\"og:image:type\" content=\"image\/jpeg\" \/>\n<meta name=\"author\" content=\"Robert Hoffmann\" \/>\n<meta name=\"twitter:card\" content=\"summary_large_image\" \/>\n<meta name=\"twitter:label1\" content=\"Verfasst von\" \/>\n\t<meta name=\"twitter:data1\" content=\"Robert Hoffmann\" \/>\n\t<meta name=\"twitter:label2\" content=\"Gesch\u00e4tzte Lesezeit\" \/>\n\t<meta name=\"twitter:data2\" content=\"5\u00a0Minuten\" \/>\n<script type=\"application\/ld+json\" class=\"yoast-schema-graph\">{\"@context\":\"https:\\\/\\\/schema.org\",\"@graph\":[{\"@type\":\"Article\",\"@id\":\"https:\\\/\\\/www.strassenweb.de\\\/nachrichten\\\/so-verleihen-sie-ihrem-raum-seele-und-sorgen-dafuer-dass-sich-ihr-zuhause-wie-sie-selbst-anfuehlt\\\/#article\",\"isPartOf\":{\"@id\":\"https:\\\/\\\/www.strassenweb.de\\\/nachrichten\\\/so-verleihen-sie-ihrem-raum-seele-und-sorgen-dafuer-dass-sich-ihr-zuhause-wie-sie-selbst-anfuehlt\\\/\"},\"author\":{\"name\":\"Robert Hoffmann\",\"@id\":\"https:\\\/\\\/www.strassenweb.de\\\/nachrichten\\\/#\\\/schema\\\/person\\\/87c9c9067f1211da429a744dc5a5aa41\"},\"headline\":\"So verleihen Sie Ihrem Raum Seele und sorgen daf\u00fcr, dass sich Ihr Zuhause wie Sie selbst anf\u00fchlt\",\"datePublished\":\"2025-11-05T21:39:14+00:00\",\"dateModified\":\"2025-11-05T21:39:16+00:00\",\"mainEntityOfPage\":{\"@id\":\"https:\\\/\\\/www.strassenweb.de\\\/nachrichten\\\/so-verleihen-sie-ihrem-raum-seele-und-sorgen-dafuer-dass-sich-ihr-zuhause-wie-sie-selbst-anfuehlt\\\/\"},\"wordCount\":957,\"publisher\":{\"@id\":\"https:\\\/\\\/www.strassenweb.de\\\/nachrichten\\\/#organization\"},\"image\":{\"@id\":\"https:\\\/\\\/www.strassenweb.de\\\/nachrichten\\\/so-verleihen-sie-ihrem-raum-seele-und-sorgen-dafuer-dass-sich-ihr-zuhause-wie-sie-selbst-anfuehlt\\\/#primaryimage\"},\"thumbnailUrl\":\"https:\\\/\\\/www.strassenweb.de\\\/nachrichten\\\/wp-content\\\/uploads\\\/2025\\\/11\\\/So-verleihen-Sie-Ihrem-Raum-Seele-und-sorgen-dafuer-dass.jpg\",\"keywords\":[\"anf\u00fchlt\",\"daf\u00fcr\",\"dass\",\"Ihr\",\"ihrem\",\"Raum\",\"Seele\",\"selbst\",\"sich\",\"Sie\",\"sorgen\",\"und\",\"verleihen\",\"Wie\",\"Zuhause\"],\"articleSection\":[\"Haus &amp; Garten\"],\"inLanguage\":\"de\"},{\"@type\":\"WebPage\",\"@id\":\"https:\\\/\\\/www.strassenweb.de\\\/nachrichten\\\/so-verleihen-sie-ihrem-raum-seele-und-sorgen-dafuer-dass-sich-ihr-zuhause-wie-sie-selbst-anfuehlt\\\/\",\"url\":\"https:\\\/\\\/www.strassenweb.de\\\/nachrichten\\\/so-verleihen-sie-ihrem-raum-seele-und-sorgen-dafuer-dass-sich-ihr-zuhause-wie-sie-selbst-anfuehlt\\\/\",\"name\":\"So verleihen Sie Ihrem Raum Seele und sorgen daf\u00fcr, dass sich Ihr Zuhause wie Sie selbst anf\u00fchlt - Nachrichten - Stra\u00dfenweb\",\"isPartOf\":{\"@id\":\"https:\\\/\\\/www.strassenweb.de\\\/nachrichten\\\/#website\"},\"primaryImageOfPage\":{\"@id\":\"https:\\\/\\\/www.strassenweb.de\\\/nachrichten\\\/so-verleihen-sie-ihrem-raum-seele-und-sorgen-dafuer-dass-sich-ihr-zuhause-wie-sie-selbst-anfuehlt\\\/#primaryimage\"},\"image\":{\"@id\":\"https:\\\/\\\/www.strassenweb.de\\\/nachrichten\\\/so-verleihen-sie-ihrem-raum-seele-und-sorgen-dafuer-dass-sich-ihr-zuhause-wie-sie-selbst-anfuehlt\\\/#primaryimage\"},\"thumbnailUrl\":\"https:\\\/\\\/www.strassenweb.de\\\/nachrichten\\\/wp-content\\\/uploads\\\/2025\\\/11\\\/So-verleihen-Sie-Ihrem-Raum-Seele-und-sorgen-dafuer-dass.jpg\",\"datePublished\":\"2025-11-05T21:39:14+00:00\",\"dateModified\":\"2025-11-05T21:39:16+00:00\",\"breadcrumb\":{\"@id\":\"https:\\\/\\\/www.strassenweb.de\\\/nachrichten\\\/so-verleihen-sie-ihrem-raum-seele-und-sorgen-dafuer-dass-sich-ihr-zuhause-wie-sie-selbst-anfuehlt\\\/#breadcrumb\"},\"inLanguage\":\"de\",\"potentialAction\":[{\"@type\":\"ReadAction\",\"target\":[\"https:\\\/\\\/www.strassenweb.de\\\/nachrichten\\\/so-verleihen-sie-ihrem-raum-seele-und-sorgen-dafuer-dass-sich-ihr-zuhause-wie-sie-selbst-anfuehlt\\\/\"]}]},{\"@type\":\"ImageObject\",\"inLanguage\":\"de\",\"@id\":\"https:\\\/\\\/www.strassenweb.de\\\/nachrichten\\\/so-verleihen-sie-ihrem-raum-seele-und-sorgen-dafuer-dass-sich-ihr-zuhause-wie-sie-selbst-anfuehlt\\\/#primaryimage\",\"url\":\"https:\\\/\\\/www.strassenweb.de\\\/nachrichten\\\/wp-content\\\/uploads\\\/2025\\\/11\\\/So-verleihen-Sie-Ihrem-Raum-Seele-und-sorgen-dafuer-dass.jpg\",\"contentUrl\":\"https:\\\/\\\/www.strassenweb.de\\\/nachrichten\\\/wp-content\\\/uploads\\\/2025\\\/11\\\/So-verleihen-Sie-Ihrem-Raum-Seele-und-sorgen-dafuer-dass.jpg\",\"width\":2560,\"height\":1440,\"caption\":\"So verleihen Sie Ihrem Raum Seele und sorgen daf\u00fcr, dass sich Ihr Zuhause wie Sie selbst anf\u00fchlt\"},{\"@type\":\"BreadcrumbList\",\"@id\":\"https:\\\/\\\/www.strassenweb.de\\\/nachrichten\\\/so-verleihen-sie-ihrem-raum-seele-und-sorgen-dafuer-dass-sich-ihr-zuhause-wie-sie-selbst-anfuehlt\\\/#breadcrumb\",\"itemListElement\":[{\"@type\":\"ListItem\",\"position\":1,\"name\":\"Home\",\"item\":\"https:\\\/\\\/www.strassenweb.de\\\/nachrichten\\\/\"},{\"@type\":\"ListItem\",\"position\":2,\"name\":\"So verleihen Sie Ihrem Raum Seele und sorgen daf\u00fcr, dass sich Ihr Zuhause wie Sie selbst anf\u00fchlt\"}]},{\"@type\":\"WebSite\",\"@id\":\"https:\\\/\\\/www.strassenweb.de\\\/nachrichten\\\/#website\",\"url\":\"https:\\\/\\\/www.strassenweb.de\\\/nachrichten\\\/\",\"name\":\"Stra\u00dfenweb\",\"description\":\"Stra\u00dfenverzeichnis f\u00fcr Deutschland\",\"publisher\":{\"@id\":\"https:\\\/\\\/www.strassenweb.de\\\/nachrichten\\\/#organization\"},\"potentialAction\":[{\"@type\":\"SearchAction\",\"target\":{\"@type\":\"EntryPoint\",\"urlTemplate\":\"https:\\\/\\\/www.strassenweb.de\\\/nachrichten\\\/?s={search_term_string}\"},\"query-input\":{\"@type\":\"PropertyValueSpecification\",\"valueRequired\":true,\"valueName\":\"search_term_string\"}}],\"inLanguage\":\"de\"},{\"@type\":\"Organization\",\"@id\":\"https:\\\/\\\/www.strassenweb.de\\\/nachrichten\\\/#organization\",\"name\":\"Stra\u00dfenweb\",\"url\":\"https:\\\/\\\/www.strassenweb.de\\\/nachrichten\\\/\",\"logo\":{\"@type\":\"ImageObject\",\"inLanguage\":\"de\",\"@id\":\"https:\\\/\\\/www.strassenweb.de\\\/nachrichten\\\/#\\\/schema\\\/logo\\\/image\\\/\",\"url\":\"https:\\\/\\\/www.strassenweb.de\\\/nachrichten\\\/wp-content\\\/uploads\\\/2024\\\/09\\\/cropped-favicon.png\",\"contentUrl\":\"https:\\\/\\\/www.strassenweb.de\\\/nachrichten\\\/wp-content\\\/uploads\\\/2024\\\/09\\\/cropped-favicon.png\",\"width\":512,\"height\":512,\"caption\":\"Stra\u00dfenweb\"},\"image\":{\"@id\":\"https:\\\/\\\/www.strassenweb.de\\\/nachrichten\\\/#\\\/schema\\\/logo\\\/image\\\/\"},\"sameAs\":[\"https:\\\/\\\/www.facebook.com\\\/strassenweb\\\/\"]},{\"@type\":\"Person\",\"@id\":\"https:\\\/\\\/www.strassenweb.de\\\/nachrichten\\\/#\\\/schema\\\/person\\\/87c9c9067f1211da429a744dc5a5aa41\",\"name\":\"Robert Hoffmann\",\"image\":{\"@type\":\"ImageObject\",\"inLanguage\":\"de\",\"@id\":\"https:\\\/\\\/www.strassenweb.de\\\/nachrichten\\\/wp-content\\\/uploads\\\/2024\\\/09\\\/strassenweb-150x150.jpg\",\"url\":\"https:\\\/\\\/www.strassenweb.de\\\/nachrichten\\\/wp-content\\\/uploads\\\/2024\\\/09\\\/strassenweb-150x150.jpg\",\"contentUrl\":\"https:\\\/\\\/www.strassenweb.de\\\/nachrichten\\\/wp-content\\\/uploads\\\/2024\\\/09\\\/strassenweb-150x150.jpg\",\"caption\":\"Robert Hoffmann\"},\"description\":\"Ich hei\u00dfe Robert Hoffmann und ich bin ein leidenschaftlicher Verfechter von \u00d6kologie und Biodiversit\u00e4t. Seit meiner Kindheit in den W\u00e4ldern Bayerns f\u00fchle ich mich mit der Natur verbunden und bin entschlossen, sie zu sch\u00fctzen. Heute widme ich mein Leben der Sensibilisierung anderer f\u00fcr die Bedeutung des Umweltschutzes f\u00fcr zuk\u00fcnftige Generationen.\",\"sameAs\":[\"https:\\\/\\\/www.strassenweb.de\\\/\"]}]}<\/script>\n<!-- \/ Yoast SEO plugin. -->","yoast_head_json":{"title":"So verleihen Sie Ihrem Raum Seele und sorgen daf\u00fcr, dass sich Ihr Zuhause wie Sie selbst anf\u00fchlt - Nachrichten - Stra\u00dfenweb","robots":{"index":"index","follow":"follow","max-snippet":"max-snippet:-1","max-image-preview":"max-image-preview:large","max-video-preview":"max-video-preview:-1"},"canonical":"https:\/\/www.strassenweb.de\/nachrichten\/so-verleihen-sie-ihrem-raum-seele-und-sorgen-dafuer-dass-sich-ihr-zuhause-wie-sie-selbst-anfuehlt\/","og_locale":"de_DE","og_type":"article","og_title":"So verleihen Sie Ihrem Raum Seele und sorgen daf\u00fcr, dass sich Ihr Zuhause wie Sie selbst anf\u00fchlt - Nachrichten - Stra\u00dfenweb","og_description":"Es gibt ein bestimmtes Gef\u00fchl, wenn man ein Haus betritt, in dem wirklich gelebt wird. Nicht die unordentliche Art, in der man mit Socken auf","og_url":"https:\/\/www.strassenweb.de\/nachrichten\/so-verleihen-sie-ihrem-raum-seele-und-sorgen-dafuer-dass-sich-ihr-zuhause-wie-sie-selbst-anfuehlt\/","og_site_name":"Stra\u00dfenweb","article_publisher":"https:\/\/www.facebook.com\/strassenweb\/","article_published_time":"2025-11-05T21:39:14+00:00","article_modified_time":"2025-11-05T21:39:16+00:00","og_image":[{"width":2560,"height":1440,"url":"https:\/\/www.strassenweb.de\/nachrichten\/wp-content\/uploads\/2025\/11\/So-verleihen-Sie-Ihrem-Raum-Seele-und-sorgen-dafuer-dass.jpg","type":"image\/jpeg"}],"author":"Robert Hoffmann","twitter_card":"summary_large_image","twitter_misc":{"Verfasst von":"Robert Hoffmann","Gesch\u00e4tzte Lesezeit":"5\u00a0Minuten"},"schema":{"@context":"https:\/\/schema.org","@graph":[{"@type":"Article","@id":"https:\/\/www.strassenweb.de\/nachrichten\/so-verleihen-sie-ihrem-raum-seele-und-sorgen-dafuer-dass-sich-ihr-zuhause-wie-sie-selbst-anfuehlt\/#article","isPartOf":{"@id":"https:\/\/www.strassenweb.de\/nachrichten\/so-verleihen-sie-ihrem-raum-seele-und-sorgen-dafuer-dass-sich-ihr-zuhause-wie-sie-selbst-anfuehlt\/"},"author":{"name":"Robert Hoffmann","@id":"https:\/\/www.strassenweb.de\/nachrichten\/#\/schema\/person\/87c9c9067f1211da429a744dc5a5aa41"},"headline":"So verleihen Sie Ihrem Raum Seele und sorgen daf\u00fcr, dass sich Ihr Zuhause wie Sie selbst anf\u00fchlt","datePublished":"2025-11-05T21:39:14+00:00","dateModified":"2025-11-05T21:39:16+00:00","mainEntityOfPage":{"@id":"https:\/\/www.strassenweb.de\/nachrichten\/so-verleihen-sie-ihrem-raum-seele-und-sorgen-dafuer-dass-sich-ihr-zuhause-wie-sie-selbst-anfuehlt\/"},"wordCount":957,"publisher":{"@id":"https:\/\/www.strassenweb.de\/nachrichten\/#organization"},"image":{"@id":"https:\/\/www.strassenweb.de\/nachrichten\/so-verleihen-sie-ihrem-raum-seele-und-sorgen-dafuer-dass-sich-ihr-zuhause-wie-sie-selbst-anfuehlt\/#primaryimage"},"thumbnailUrl":"https:\/\/www.strassenweb.de\/nachrichten\/wp-content\/uploads\/2025\/11\/So-verleihen-Sie-Ihrem-Raum-Seele-und-sorgen-dafuer-dass.jpg","keywords":["anf\u00fchlt","daf\u00fcr","dass","Ihr","ihrem","Raum","Seele","selbst","sich","Sie","sorgen","und","verleihen","Wie","Zuhause"],"articleSection":["Haus &amp; Garten"],"inLanguage":"de"},{"@type":"WebPage","@id":"https:\/\/www.strassenweb.de\/nachrichten\/so-verleihen-sie-ihrem-raum-seele-und-sorgen-dafuer-dass-sich-ihr-zuhause-wie-sie-selbst-anfuehlt\/","url":"https:\/\/www.strassenweb.de\/nachrichten\/so-verleihen-sie-ihrem-raum-seele-und-sorgen-dafuer-dass-sich-ihr-zuhause-wie-sie-selbst-anfuehlt\/","name":"So verleihen Sie Ihrem Raum Seele und sorgen daf\u00fcr, dass sich Ihr Zuhause wie Sie selbst anf\u00fchlt - Nachrichten - Stra\u00dfenweb","isPartOf":{"@id":"https:\/\/www.strassenweb.de\/nachrichten\/#website"},"primaryImageOfPage":{"@id":"https:\/\/www.strassenweb.de\/nachrichten\/so-verleihen-sie-ihrem-raum-seele-und-sorgen-dafuer-dass-sich-ihr-zuhause-wie-sie-selbst-anfuehlt\/#primaryimage"},"image":{"@id":"https:\/\/www.strassenweb.de\/nachrichten\/so-verleihen-sie-ihrem-raum-seele-und-sorgen-dafuer-dass-sich-ihr-zuhause-wie-sie-selbst-anfuehlt\/#primaryimage"},"thumbnailUrl":"https:\/\/www.strassenweb.de\/nachrichten\/wp-content\/uploads\/2025\/11\/So-verleihen-Sie-Ihrem-Raum-Seele-und-sorgen-dafuer-dass.jpg","datePublished":"2025-11-05T21:39:14+00:00","dateModified":"2025-11-05T21:39:16+00:00","breadcrumb":{"@id":"https:\/\/www.strassenweb.de\/nachrichten\/so-verleihen-sie-ihrem-raum-seele-und-sorgen-dafuer-dass-sich-ihr-zuhause-wie-sie-selbst-anfuehlt\/#breadcrumb"},"inLanguage":"de","potentialAction":[{"@type":"ReadAction","target":["https:\/\/www.strassenweb.de\/nachrichten\/so-verleihen-sie-ihrem-raum-seele-und-sorgen-dafuer-dass-sich-ihr-zuhause-wie-sie-selbst-anfuehlt\/"]}]},{"@type":"ImageObject","inLanguage":"de","@id":"https:\/\/www.strassenweb.de\/nachrichten\/so-verleihen-sie-ihrem-raum-seele-und-sorgen-dafuer-dass-sich-ihr-zuhause-wie-sie-selbst-anfuehlt\/#primaryimage","url":"https:\/\/www.strassenweb.de\/nachrichten\/wp-content\/uploads\/2025\/11\/So-verleihen-Sie-Ihrem-Raum-Seele-und-sorgen-dafuer-dass.jpg","contentUrl":"https:\/\/www.strassenweb.de\/nachrichten\/wp-content\/uploads\/2025\/11\/So-verleihen-Sie-Ihrem-Raum-Seele-und-sorgen-dafuer-dass.jpg","width":2560,"height":1440,"caption":"So verleihen Sie Ihrem Raum Seele und sorgen daf\u00fcr, dass sich Ihr Zuhause wie Sie selbst anf\u00fchlt"},{"@type":"BreadcrumbList","@id":"https:\/\/www.strassenweb.de\/nachrichten\/so-verleihen-sie-ihrem-raum-seele-und-sorgen-dafuer-dass-sich-ihr-zuhause-wie-sie-selbst-anfuehlt\/#breadcrumb","itemListElement":[{"@type":"ListItem","position":1,"name":"Home","item":"https:\/\/www.strassenweb.de\/nachrichten\/"},{"@type":"ListItem","position":2,"name":"So verleihen Sie Ihrem Raum Seele und sorgen daf\u00fcr, dass sich Ihr Zuhause wie Sie selbst anf\u00fchlt"}]},{"@type":"WebSite","@id":"https:\/\/www.strassenweb.de\/nachrichten\/#website","url":"https:\/\/www.strassenweb.de\/nachrichten\/","name":"Stra\u00dfenweb","description":"Stra\u00dfenverzeichnis f\u00fcr Deutschland","publisher":{"@id":"https:\/\/www.strassenweb.de\/nachrichten\/#organization"},"potentialAction":[{"@type":"SearchAction","target":{"@type":"EntryPoint","urlTemplate":"https:\/\/www.strassenweb.de\/nachrichten\/?s={search_term_string}"},"query-input":{"@type":"PropertyValueSpecification","valueRequired":true,"valueName":"search_term_string"}}],"inLanguage":"de"},{"@type":"Organization","@id":"https:\/\/www.strassenweb.de\/nachrichten\/#organization","name":"Stra\u00dfenweb","url":"https:\/\/www.strassenweb.de\/nachrichten\/","logo":{"@type":"ImageObject","inLanguage":"de","@id":"https:\/\/www.strassenweb.de\/nachrichten\/#\/schema\/logo\/image\/","url":"https:\/\/www.strassenweb.de\/nachrichten\/wp-content\/uploads\/2024\/09\/cropped-favicon.png","contentUrl":"https:\/\/www.strassenweb.de\/nachrichten\/wp-content\/uploads\/2024\/09\/cropped-favicon.png","width":512,"height":512,"caption":"Stra\u00dfenweb"},"image":{"@id":"https:\/\/www.strassenweb.de\/nachrichten\/#\/schema\/logo\/image\/"},"sameAs":["https:\/\/www.facebook.com\/strassenweb\/"]},{"@type":"Person","@id":"https:\/\/www.strassenweb.de\/nachrichten\/#\/schema\/person\/87c9c9067f1211da429a744dc5a5aa41","name":"Robert Hoffmann","image":{"@type":"ImageObject","inLanguage":"de","@id":"https:\/\/www.strassenweb.de\/nachrichten\/wp-content\/uploads\/2024\/09\/strassenweb-150x150.jpg","url":"https:\/\/www.strassenweb.de\/nachrichten\/wp-content\/uploads\/2024\/09\/strassenweb-150x150.jpg","contentUrl":"https:\/\/www.strassenweb.de\/nachrichten\/wp-content\/uploads\/2024\/09\/strassenweb-150x150.jpg","caption":"Robert Hoffmann"},"description":"Ich hei\u00dfe Robert Hoffmann und ich bin ein leidenschaftlicher Verfechter von \u00d6kologie und Biodiversit\u00e4t. Seit meiner Kindheit in den W\u00e4ldern Bayerns f\u00fchle ich mich mit der Natur verbunden und bin entschlossen, sie zu sch\u00fctzen. Heute widme ich mein Leben der Sensibilisierung anderer f\u00fcr die Bedeutung des Umweltschutzes f\u00fcr zuk\u00fcnftige Generationen.","sameAs":["https:\/\/www.strassenweb.de\/"]}]}},"_links":{"self":[{"href":"https:\/\/www.strassenweb.de\/nachrichten\/wp-json\/wp\/v2\/posts\/9053","targetHints":{"allow":["GET"]}}],"collection":[{"href":"https:\/\/www.strassenweb.de\/nachrichten\/wp-json\/wp\/v2\/posts"}],"about":[{"href":"https:\/\/www.strassenweb.de\/nachrichten\/wp-json\/wp\/v2\/types\/post"}],"author":[{"embeddable":true,"href":"https:\/\/www.strassenweb.de\/nachrichten\/wp-json\/wp\/v2\/users\/1"}],"replies":[{"embeddable":true,"href":"https:\/\/www.strassenweb.de\/nachrichten\/wp-json\/wp\/v2\/comments?post=9053"}],"version-history":[{"count":0,"href":"https:\/\/www.strassenweb.de\/nachrichten\/wp-json\/wp\/v2\/posts\/9053\/revisions"}],"wp:featuredmedia":[{"embeddable":true,"href":"https:\/\/www.strassenweb.de\/nachrichten\/wp-json\/wp\/v2\/media\/9054"}],"wp:attachment":[{"href":"https:\/\/www.strassenweb.de\/nachrichten\/wp-json\/wp\/v2\/media?parent=9053"}],"wp:term":[{"taxonomy":"category","embeddable":true,"href":"https:\/\/www.strassenweb.de\/nachrichten\/wp-json\/wp\/v2\/categories?post=9053"},{"taxonomy":"post_tag","embeddable":true,"href":"https:\/\/www.strassenweb.de\/nachrichten\/wp-json\/wp\/v2\/tags?post=9053"}],"curies":[{"name":"wp","href":"https:\/\/api.w.org\/{rel}","templated":true}]}}