{"id":9034,"date":"2025-11-05T07:40:12","date_gmt":"2025-11-05T06:40:12","guid":{"rendered":"https:\/\/www.strassenweb.de\/nachrichten\/millie-bobby-brown-schmueckt-ihren-weihnachtsbaum-mit-diesem-100-jahre-alten-weihnachtsakzent-und-er-wertet-jede-festliche-dekoration-sofort-auf\/"},"modified":"2025-11-05T07:40:13","modified_gmt":"2025-11-05T06:40:13","slug":"millie-bobby-brown-schmueckt-ihren-weihnachtsbaum-mit-diesem-100-jahre-alten-weihnachtsakzent-und-er-wertet-jede-festliche-dekoration-sofort-auf","status":"publish","type":"post","link":"https:\/\/www.strassenweb.de\/nachrichten\/millie-bobby-brown-schmueckt-ihren-weihnachtsbaum-mit-diesem-100-jahre-alten-weihnachtsakzent-und-er-wertet-jede-festliche-dekoration-sofort-auf\/","title":{"rendered":"Millie Bobby Brown schm\u00fcckt ihren Weihnachtsbaum mit diesem 100 Jahre alten Weihnachtsakzent \u2013 \u200b\u200bund er wertet jede festliche Dekoration sofort auf"},"content":{"rendered":"<p><\/p>\n<div id=\"article-body\" class=\"article__body \">\n<p id=\"63c08d50-369a-41a9-9279-661070efb05a\">Nur wenige Weihnachtstraditionen sind so zeitlos wie rote B\u00e4nder \u2013 von denen man sagt, dass sie Familienbande symbolisieren \u2013, die sich \u00fcber Jahrzehnte hinweg durch die Weiterentwicklung von Dekorationstrends \u00fcberdauert haben. Rote B\u00e4nder sind preisg\u00fcnstig, einfach und zug\u00e4nglich, doch das hat Leute wie Millie Bobby Brown nicht davon abgehalten, sie in den Vordergrund ihres Baumes zu r\u00fccken.<\/p>\n<div id=\"ad-unit-1\" class=\"ad-unit\"><\/div>\n<p>Letztes Jahr, die <em>Fremde Dinge<\/em> Die Schauspielerin und ihr Ehemann, Jake Bongiovi, nutzten ihren Weihnachtsbaum, um zu zeigen, dass altehrw\u00fcrdige Feiertagstraditionen zeitlos bleiben, indem sie rote B\u00e4nder mit Goldbesatz einbauten, um dem Ganzen sofort Struktur zu verleihen. Das Paar blieb den klassischen Weihnachtsdekorationsideen treu und erg\u00e4nzte das Band mit roten und gr\u00fcnen Ornamenten und wei\u00dfen Lichterketten und schuf so eine weihnachtliche Farbpalette, die seit Jahren Bestand hat \u2013 und auch f\u00fcr das Jahr 2025 absolut relevant bleibt.<\/p>\n<div class=\"instagram-embed\" id=\"Ck7aK1VgoRa\">\n<blockquote class=\"instagram-media\" data-instgrm-captioned data-instgrm-version=\"6\" style=\"width:99.375%; width:-webkit-calc(100% - 2px); width:calc(100% - 2px);\">\n<p>Ein von Millie Bobby Brown (@milliebobbybrown) geteilter Beitrag<\/p>\n<p>Ein Foto gepostet von am <\/p>\n<\/blockquote>\n<\/div>\n<aside data-block-type=\"embed\" data-render-type=\"fte\" data-skip=\"dealsy\" data-widget-type=\"seasonal\" class=\"hawk-root\"><\/aside>\n<p id=\"5adf0ae3-1312-48cb-9653-1a6aaf942584-0\">\u201eEin Weihnachtsklassiker, das rote Band, ist eine gro\u00dfartige Investition, da es in der festlichen Jahreszeit nie aus der Mode kommt\u201c, kommentiert Samantha Picard, Botschafterin bei Balsam Hill. Beim Styling von Red Ribbon kann man nichts falsch machen. Millie wickelt das Band um den Baum, aber dieses Jahr empfiehlt Samantha, die B\u00e4nder zu Weihnachten in Schleifen zu verwandeln.<\/p>\n<div class=\"van_vid_carousel\">\n<div class=\"van_vid_carousel__padding\">\n<div class=\"van_vid_carousel__container\"><\/div>\n<\/div>\n<\/div>\n<p>\u201eRibbon liegt dieses Jahr im Trend, da Schleifen immer beliebter werden: Schleifenvideos auf TikTok und Instagram wurden mehr als eine Milliarde Mal angesehen\u201c, f\u00fcgt sie hinzu. \u201eIch liebe es, vorgefertigte Schleifen an Girlanden und Kr\u00e4nzen zu befestigen, da diese \u00fcbergro\u00dfen St\u00fccke eine fantastische Wirkung und Dramatik verleihen und das Rot vor gr\u00fcnem Laub besonders gut zur Geltung kommt.\u201c<\/p>\n<div id=\"ad-unit-2\" class=\"ad-unit\"><\/div>\n<p>\u201eRotes Band verleiht der Weihnachtsdekoration einen zeitlosen Charme.\u201c Sein kr\u00e4ftiger Farbton ruft W\u00e4rme und Festlichkeit hervor; \u201eEs ist auch eine vielseitige Wahl f\u00fcr verschiedene Umgebungen\u201c, so die Experten von Blooming Haus. B\u00e4nder sind eine M\u00f6glichkeit, Ihrem Baum ein modernes Aussehen zu verleihen. Sie empfehlen auch, B\u00e4nder durch die Zweige zu weben, um einen kaskadierenden, modernen Effekt zu erzielen.<\/p>\n<p>\u201eIm Eingangsbereich oder an Ihrer weihnachtlichen Haust\u00fcr wird h\u00e4ufig rotes Band verwendet, um Weihnachtskr\u00e4nze zu schm\u00fccken oder aufzuh\u00e4ngen. Es kann als Haupt- und einziges Element f\u00fcr eine einfache, aber wirkungsvolle festliche Note dienen oder andere Dekorationen erg\u00e4nzen. F\u00fcr zus\u00e4tzlichen Charme w\u00e4hlen Sie dunkelrote Samtb\u00e4nder, die Sie Jahr f\u00fcr Jahr verwenden k\u00f6nnen\u201c, schlie\u00dfen sie.<\/p>\n<p>Ob anmutig um einen Baum drapiert, zu \u00fcbergro\u00dfen Schleifen gebunden oder durch Girlanden und Kr\u00e4nze gewebt, rote B\u00e4nder bleiben ein Symbol f\u00fcr festliche Tradition und dauerhaften Stil. Sein m\u00fcheloser Charme, seine Vielseitigkeit und seine zeitlose Anziehungskraft sorgen daf\u00fcr, dass es Jahr f\u00fcr Jahr weihnachtliche Innenr\u00e4ume versch\u00f6nert.<\/p>\n<div id=\"slice-container-newsletterForm-articleInbodyContent-kvBDx7ZYQQbd8GtmXozkX7\" class=\"slice-container newsletter-inbodyContent-slice newsletterForm-articleInbodyContent-kvBDx7ZYQQbd8GtmXozkX7 slice-container-newsletterForm\"><\/div>\n<p>Auch im Jahr 2025 beweist die schlichte Eleganz des roten Bandes, dass die wirkungsvollsten Dekorationen oft diejenigen sind, die sowohl das Erbe als auch die moderne Kreativit\u00e4t w\u00fcrdigen.<\/p>\n<h3 class=\"article-body__section\" id=\"section-shop-the-look\"><span>Shoppen Sie den Look<\/span><\/h3>\n<aside data-block-type=\"embed\" data-hawk-json=\"{&quot;collection&quot;:{&quot;blocks&quot;:({&quot;modelName&quot;:&quot;Kltribbon Satin Red Ribbon&quot;,&quot;productName&quot;:&quot;Kltribbon Satin Red Ribbon&quot;,&quot;brand&quot;:null,&quot;price&quot;:null,&quot;wasPrice&quot;:null,&quot;currency&quot;:null,&quot;image&quot;:{&quot;copyright&quot;:&quot;&quot;,&quot;height&quot;:500,&quot;id&quot;:&quot;L96BXCPeQqG3UoqAGzEAAX&quot;,&quot;mimeType&quot;:&quot;image\/jpeg&quot;,&quot;mos&quot;:&quot;https:\/\/cdn.mos.cms.futurecdn.net\/L96BXCPeQqG3UoqAGzEAAX.jpg&quot;,&quot;role&quot;:&quot;&quot;,&quot;width&quot;:500,&quot;credit&quot;:&quot;KLTRIBBON&quot;,&quot;alt&quot;:&quot;Kltribbon Wired Satin Ribbon Double Sided Red Ribbon With Gold Lame Edges,1.5 Inch X 10 Yards&quot;,&quot;caption&quot;:&quot;&quot;},&quot;link&quot;:{&quot;url&quot;:&quot;https:\/\/target.georiot.com\/Proxy.ashx?tsid=107655&amp;GR_URL=https%3A%2F%2Famazon.com%2FKLTRIBBON-Wired-Ribbon-Double-Sided%2Fdp%2FB093FWCNQS%2Fr%3Ftag%3Dhawk-future-20%26ascsubtag%3Dhawk-custom-tracking-20&quot;,&quot;linkText&quot;:&quot;$13.95 at Amazon&quot;,&quot;editorialMerchantName&quot;:&quot;&quot;,&quot;merchantId&quot;:1471,&quot;merchantNetwork&quot;:&quot;Amazonus&quot;,&quot;merchantUrl&quot;:&quot;amazon.com&quot;,&quot;merchantName&quot;:&quot;Amazon US&quot;},&quot;noAffiliateTracking&quot;:false,&quot;linkMerchant&quot;:&quot;Amazon US&quot;},{&quot;modelName&quot;:&quot;The Holiday AisleDupion With Gold Swirl Edge&quot;,&quot;productName&quot;:&quot;The Holiday AisleDupion With Gold Swirl Edge&quot;,&quot;brand&quot;:null,&quot;price&quot;:null,&quot;wasPrice&quot;:null,&quot;currency&quot;:null,&quot;image&quot;:{&quot;copyright&quot;:&quot;&quot;,&quot;height&quot;:800,&quot;id&quot;:&quot;7NHA6wy2wg84be9AWi4UBZ&quot;,&quot;mimeType&quot;:&quot;image\/jpeg&quot;,&quot;mos&quot;:&quot;https:\/\/cdn.mos.cms.futurecdn.net\/7NHA6wy2wg84be9AWi4UBZ.jpg&quot;,&quot;role&quot;:&quot;&quot;,&quot;width&quot;:800,&quot;credit&quot;:&quot;Wayfair&quot;,&quot;alt&quot;:&quot;The Holiday Aisleu00ae 3.75&quot; X 10yd Dupion With Gold Swirl Edge Christmas Ribbon | Wayfair&quot;,&quot;caption&quot;:&quot;&quot;},&quot;link&quot;:{&quot;url&quot;:&quot;https:\/\/www.anrdoezrs.net\/click-100624746-15735083?sid=hawk-custom-tracking&amp;url=https:\/\/www.wayfair.com\/holiday-decor\/pdp\/the-holiday-aisle-375-x-10yd-dupion-with-gold-swirl-edge-christmas-ribbon-w002850847.html?piid=1480382485&quot;,&quot;linkText&quot;:&quot;$21.99 at Wayfair&quot;,&quot;editorialMerchantName&quot;:&quot;&quot;,&quot;merchantId&quot;:32629,&quot;merchantNetwork&quot;:&quot;CJ&quot;,&quot;merchantUrl&quot;:&quot;wayfair.com&quot;,&quot;merchantName&quot;:&quot;Wayfair&quot;},&quot;noAffiliateTracking&quot;:false,&quot;linkMerchant&quot;:&quot;Wayfair&quot;},{&quot;modelName&quot;:&quot;Velvet Bow Clip-On Ornaments, Set of 6&quot;,&quot;productName&quot;:&quot;Velvet Bow Clip-On Ornaments, Set of 6&quot;,&quot;brand&quot;:null,&quot;price&quot;:32,&quot;wasPrice&quot;:null,&quot;currency&quot;:&quot;USD&quot;,&quot;image&quot;:{&quot;copyright&quot;:&quot;&quot;,&quot;height&quot;:1450,&quot;id&quot;:&quot;rFEeff6wTEVHFkubJv2pT&quot;,&quot;mimeType&quot;:&quot;image\/jpeg&quot;,&quot;mos&quot;:&quot;https:\/\/cdn.mos.cms.futurecdn.net\/rFEeff6wTEVHFkubJv2pT.jpg&quot;,&quot;role&quot;:&quot;&quot;,&quot;width&quot;:1450,&quot;credit&quot;:&quot;Anthropologie&quot;,&quot;alt&quot;:&quot;Velvet Bow Clip-On Ornaments, Set of 6&quot;,&quot;caption&quot;:&quot;&quot;},&quot;link&quot;:{&quot;url&quot;:&quot;https:\/\/click.linksynergy.com\/deeplink?id=kXQk6%2AivFEQ&amp;mid=37257&amp;u1=hawk-custom-tracking&amp;murl=https%3A%2F%2Fwww.anthropologie.com%2Fanthrohome%2Fshop%2Fvelvet-bow-clip-on-ornaments-set-of-6&quot;,&quot;linkText&quot;:&quot;$32.00 at Anthropologie&quot;,&quot;editorialMerchantName&quot;:&quot;&quot;,&quot;merchantId&quot;:23553,&quot;merchantNetwork&quot;:&quot;LS&quot;,&quot;merchantUrl&quot;:&quot;anthropologie.com&quot;,&quot;merchantName&quot;:&quot;Anthropologie&quot;},&quot;noAffiliateTracking&quot;:false,&quot;linkMerchant&quot;:&quot;Anthropologie&quot;},{&quot;modelName&quot;:&quot;Red Velvet Christmas Garland 6'&quot;,&quot;productName&quot;:&quot;Red Velvet Christmas Garland 6'&quot;,&quot;brand&quot;:null,&quot;price&quot;:28.95,&quot;wasPrice&quot;:null,&quot;currency&quot;:&quot;USD&quot;,&quot;image&quot;:{&quot;copyright&quot;:&quot;&quot;,&quot;height&quot;:800,&quot;id&quot;:&quot;HcX4ZALezqY2zfqV7djYgj&quot;,&quot;mimeType&quot;:&quot;image\/jpeg&quot;,&quot;mos&quot;:&quot;https:\/\/cdn.mos.cms.futurecdn.net\/HcX4ZALezqY2zfqV7djYgj.jpg&quot;,&quot;role&quot;:&quot;&quot;,&quot;width&quot;:800,&quot;credit&quot;:&quot;Crate &amp; Barrel&quot;,&quot;alt&quot;:&quot;Red Velvet Christmas Garland 6'&quot;,&quot;caption&quot;:&quot;&quot;},&quot;link&quot;:{&quot;url&quot;:&quot;https:\/\/cratebarrel.pxf.io\/c\/221109\/1761190\/20651?subId1=hawk-custom-tracking&amp;sharedId=hawk&amp;u=https%3A%2F%2Fwww.crateandbarrel.com%2Fred-velvet-christmas-garland-6%2Fs247266&quot;,&quot;linkText&quot;:&quot;$28.95 at Crate &amp; Barrel&quot;,&quot;editorialMerchantName&quot;:&quot;&quot;,&quot;merchantId&quot;:537428,&quot;merchantNetwork&quot;:&quot;ImpactRad&quot;,&quot;merchantUrl&quot;:&quot;crateandbarrel.com&quot;,&quot;merchantName&quot;:&quot;Crate &amp; Barrel&quot;},&quot;noAffiliateTracking&quot;:false,&quot;linkMerchant&quot;:&quot;Crate &amp; Barrel&quot;},{&quot;modelName&quot;:&quot;Tiffany Fir Slim Tree With Clear Lights&quot;,&quot;productName&quot;:&quot;Tiffany Fir Slim Tree With Clear Lights&quot;,&quot;brand&quot;:null,&quot;price&quot;:null,&quot;wasPrice&quot;:null,&quot;currency&quot;:null,&quot;image&quot;:{&quot;copyright&quot;:&quot;&quot;,&quot;height&quot;:800,&quot;id&quot;:&quot;McAXXD6ocYRPzz6CcFNwv4&quot;,&quot;mimeType&quot;:&quot;image\/jpeg&quot;,&quot;mos&quot;:&quot;https:\/\/cdn.mos.cms.futurecdn.net\/McAXXD6ocYRPzz6CcFNwv4.jpg&quot;,&quot;role&quot;:&quot;&quot;,&quot;width&quot;:800,&quot;credit&quot;:&quot;Wayfair&quot;,&quot;alt&quot;:&quot;The Holiday Aisleu00ae Tiffany Fir Slim Tree With Clear Lights &amp; Reviews | Wayfair&quot;,&quot;caption&quot;:&quot;&quot;},&quot;link&quot;:{&quot;url&quot;:&quot;https:\/\/www.anrdoezrs.net\/click-100624746-15735083?sid=hawk-custom-tracking&amp;url=https:\/\/www.wayfair.com\/holiday-decor\/pdp\/the-holiday-aisle-tiffany-fir-slim-tree-with-clear-lights-w005486123.html?&quot;,&quot;linkText&quot;:&quot;$297.99 at Wayfair&quot;,&quot;editorialMerchantName&quot;:&quot;&quot;,&quot;merchantId&quot;:32629,&quot;merchantNetwork&quot;:&quot;CJ&quot;,&quot;merchantUrl&quot;:&quot;wayfair.com&quot;,&quot;merchantName&quot;:&quot;Wayfair&quot;},&quot;noAffiliateTracking&quot;:false,&quot;linkMerchant&quot;:&quot;Wayfair&quot;},{&quot;modelName&quot;:&quot;Burgundy Velvet Ribbon Bows, 12 Pieces&quot;,&quot;productName&quot;:&quot;Burgundy Velvet Ribbon Bows, 12 Pieces&quot;,&quot;brand&quot;:null,&quot;price&quot;:13.97,&quot;wasPrice&quot;:null,&quot;currency&quot;:&quot;USD&quot;,&quot;image&quot;:{&quot;copyright&quot;:&quot;&quot;,&quot;height&quot;:1500,&quot;id&quot;:&quot;W6Q2FyPdZ2vn8R7P23QggJ&quot;,&quot;mimeType&quot;:&quot;image\/jpeg&quot;,&quot;mos&quot;:&quot;https:\/\/cdn.mos.cms.futurecdn.net\/W6Q2FyPdZ2vn8R7P23QggJ.jpg&quot;,&quot;role&quot;:&quot;&quot;,&quot;width&quot;:1460,&quot;credit&quot;:&quot;Hongsome&quot;,&quot;alt&quot;:&quot;12pcs Burgundy Velvet Ribbon Bows Christmas Tree Decorations,5in X 10in Xmas Ornaments for Tree Home Party Front Door Wreath Garland Holiday Decor&quot;,&quot;caption&quot;:&quot;&quot;},&quot;link&quot;:{&quot;url&quot;:&quot;https:\/\/target.georiot.com\/Proxy.ashx?tsid=107655&amp;GR_URL=https%3A%2F%2Famazon.com%2FBurgundy-Christmas-Decorations-Ornaments-Garland%2Fdp%2FB0FP16QMYR%2Fref%3Dsr_1_9%3Ftag%3Dhawk-future-20%26ascsubtag%3Dhawk-custom-tracking-20&quot;,&quot;linkText&quot;:&quot;$13.97 at Amazon&quot;,&quot;editorialMerchantName&quot;:&quot;&quot;,&quot;merchantId&quot;:1471,&quot;merchantNetwork&quot;:&quot;Amazonus&quot;,&quot;merchantUrl&quot;:&quot;amazon.com&quot;,&quot;merchantName&quot;:&quot;Amazon US&quot;},&quot;noAffiliateTracking&quot;:false,&quot;linkMerchant&quot;:&quot;Amazon US&quot;})}}\" data-model-name=\"Kltribbon Satin Red Ribbon,The Holiday AisleDupion With Gold Swirl Edge,Velvet Bow Clip-On Ornaments, Set of 6,Red Velvet Christmas Garland 6',Tiffany Fir Slim Tree With Clear Lights,Burgundy Velvet Ribbon Bows, 12 Pieces\" data-render-type=\"fte\" data-skip=\"disabled\" data-widget-type=\"collection\" class=\"hawk-root\"><\/aside>\n<div class=\"product-container hero-product-container product-block-no-wrap\">\n<div class=\"product-block-row\"><\/div>\n<div class=\"product-block-row\"><\/div>\n<div class=\"product-block-row\"><\/div>\n<div class=\"product-block-row\"><\/div>\n<div class=\"product-block-row\"><\/div>\n<div class=\"product-block-row\"><\/div>\n<\/div>\n<\/div>\n<p><script async src=\"\/\/www.instagram.com\/embed.js\"><\/script><\/p>\n","protected":false},"excerpt":{"rendered":"<p>Nur wenige Weihnachtstraditionen sind so zeitlos wie rote B\u00e4nder \u2013 von denen man sagt, dass sie Familienbande symbolisieren \u2013, die sich \u00fcber Jahrzehnte hinweg durch<\/p>\n","protected":false},"author":1,"featured_media":9035,"comment_status":"closed","ping_status":"","sticky":false,"template":"","format":"standard","meta":{"footnotes":""},"categories":[118],"tags":[3311,46,3600,3601,2874,32,2971,325,831,2236,3599,146,3006,197,37,11361,3018,4488],"class_list":["post-9034","post","type-post","status-publish","format-standard","has-post-thumbnail","hentry","category-haus-garten","tag-alten","tag-auf","tag-bobby","tag-brown","tag-dekoration","tag-diesem","tag-festliche","tag-ihren","tag-jahre","tag-jede","tag-millie","tag-mit","tag-schmueckt","tag-sofort","tag-und","tag-weihnachtsakzent","tag-weihnachtsbaum","tag-wertet","generate-columns","tablet-grid-50","mobile-grid-100","grid-parent","grid-50"],"yoast_head":"<!-- This site is optimized with the Yoast SEO plugin v27.3 - https:\/\/yoast.com\/product\/yoast-seo-wordpress\/ -->\n<title>Millie Bobby Brown schm\u00fcckt ihren Weihnachtsbaum mit diesem 100 Jahre alten Weihnachtsakzent \u2013 \u200b\u200bund er wertet jede festliche Dekoration sofort auf - Nachrichten - Stra\u00dfenweb<\/title>\n<meta name=\"robots\" content=\"index, follow, max-snippet:-1, max-image-preview:large, max-video-preview:-1\" \/>\n<link rel=\"canonical\" href=\"https:\/\/www.strassenweb.de\/nachrichten\/millie-bobby-brown-schmueckt-ihren-weihnachtsbaum-mit-diesem-100-jahre-alten-weihnachtsakzent-und-er-wertet-jede-festliche-dekoration-sofort-auf\/\" \/>\n<meta property=\"og:locale\" content=\"de_DE\" \/>\n<meta property=\"og:type\" content=\"article\" \/>\n<meta property=\"og:title\" content=\"Millie Bobby Brown schm\u00fcckt ihren Weihnachtsbaum mit diesem 100 Jahre alten Weihnachtsakzent \u2013 \u200b\u200bund er wertet jede festliche Dekoration sofort auf - Nachrichten - Stra\u00dfenweb\" \/>\n<meta property=\"og:description\" content=\"Nur wenige Weihnachtstraditionen sind so zeitlos wie rote B\u00e4nder \u2013 von denen man sagt, dass sie Familienbande symbolisieren \u2013, die sich \u00fcber Jahrzehnte hinweg durch\" \/>\n<meta property=\"og:url\" content=\"https:\/\/www.strassenweb.de\/nachrichten\/millie-bobby-brown-schmueckt-ihren-weihnachtsbaum-mit-diesem-100-jahre-alten-weihnachtsakzent-und-er-wertet-jede-festliche-dekoration-sofort-auf\/\" \/>\n<meta property=\"og:site_name\" content=\"Stra\u00dfenweb\" \/>\n<meta property=\"article:publisher\" content=\"https:\/\/www.facebook.com\/strassenweb\/\" \/>\n<meta property=\"article:published_time\" content=\"2025-11-05T06:40:12+00:00\" \/>\n<meta property=\"article:modified_time\" content=\"2025-11-05T06:40:13+00:00\" \/>\n<meta property=\"og:image\" content=\"https:\/\/www.strassenweb.de\/nachrichten\/wp-content\/uploads\/2025\/11\/Millie-Bobby-Brown-schmueckt-ihren-Weihnachtsbaum-mit-diesem-100-Jahre.jpg\" \/>\n\t<meta property=\"og:image:width\" content=\"2560\" \/>\n\t<meta property=\"og:image:height\" content=\"1440\" \/>\n\t<meta property=\"og:image:type\" content=\"image\/jpeg\" \/>\n<meta name=\"author\" content=\"Robert Hoffmann\" \/>\n<meta name=\"twitter:card\" content=\"summary_large_image\" \/>\n<meta name=\"twitter:label1\" content=\"Verfasst von\" \/>\n\t<meta name=\"twitter:data1\" content=\"Robert Hoffmann\" \/>\n\t<meta name=\"twitter:label2\" content=\"Gesch\u00e4tzte Lesezeit\" \/>\n\t<meta name=\"twitter:data2\" content=\"2\u00a0Minuten\" \/>\n<script type=\"application\/ld+json\" class=\"yoast-schema-graph\">{\"@context\":\"https:\\\/\\\/schema.org\",\"@graph\":[{\"@type\":\"Article\",\"@id\":\"https:\\\/\\\/www.strassenweb.de\\\/nachrichten\\\/millie-bobby-brown-schmueckt-ihren-weihnachtsbaum-mit-diesem-100-jahre-alten-weihnachtsakzent-und-er-wertet-jede-festliche-dekoration-sofort-auf\\\/#article\",\"isPartOf\":{\"@id\":\"https:\\\/\\\/www.strassenweb.de\\\/nachrichten\\\/millie-bobby-brown-schmueckt-ihren-weihnachtsbaum-mit-diesem-100-jahre-alten-weihnachtsakzent-und-er-wertet-jede-festliche-dekoration-sofort-auf\\\/\"},\"author\":{\"name\":\"Robert Hoffmann\",\"@id\":\"https:\\\/\\\/www.strassenweb.de\\\/nachrichten\\\/#\\\/schema\\\/person\\\/87c9c9067f1211da429a744dc5a5aa41\"},\"headline\":\"Millie Bobby Brown schm\u00fcckt ihren Weihnachtsbaum mit diesem 100 Jahre alten Weihnachtsakzent \u2013 \u200b\u200bund er wertet jede festliche Dekoration sofort auf\",\"datePublished\":\"2025-11-05T06:40:12+00:00\",\"dateModified\":\"2025-11-05T06:40:13+00:00\",\"mainEntityOfPage\":{\"@id\":\"https:\\\/\\\/www.strassenweb.de\\\/nachrichten\\\/millie-bobby-brown-schmueckt-ihren-weihnachtsbaum-mit-diesem-100-jahre-alten-weihnachtsakzent-und-er-wertet-jede-festliche-dekoration-sofort-auf\\\/\"},\"wordCount\":515,\"publisher\":{\"@id\":\"https:\\\/\\\/www.strassenweb.de\\\/nachrichten\\\/#organization\"},\"image\":{\"@id\":\"https:\\\/\\\/www.strassenweb.de\\\/nachrichten\\\/millie-bobby-brown-schmueckt-ihren-weihnachtsbaum-mit-diesem-100-jahre-alten-weihnachtsakzent-und-er-wertet-jede-festliche-dekoration-sofort-auf\\\/#primaryimage\"},\"thumbnailUrl\":\"https:\\\/\\\/www.strassenweb.de\\\/nachrichten\\\/wp-content\\\/uploads\\\/2025\\\/11\\\/Millie-Bobby-Brown-schmueckt-ihren-Weihnachtsbaum-mit-diesem-100-Jahre.jpg\",\"keywords\":[\"alten\",\"auf\",\"Bobby\",\"Brown\",\"Dekoration\",\"diesem\",\"festliche\",\"ihren\",\"Jahre\",\"jede\",\"Millie\",\"mit\",\"schm\u00fcckt\",\"sofort\",\"und\",\"Weihnachtsakzent\",\"Weihnachtsbaum\",\"wertet\"],\"articleSection\":[\"Haus &amp; Garten\"],\"inLanguage\":\"de\"},{\"@type\":\"WebPage\",\"@id\":\"https:\\\/\\\/www.strassenweb.de\\\/nachrichten\\\/millie-bobby-brown-schmueckt-ihren-weihnachtsbaum-mit-diesem-100-jahre-alten-weihnachtsakzent-und-er-wertet-jede-festliche-dekoration-sofort-auf\\\/\",\"url\":\"https:\\\/\\\/www.strassenweb.de\\\/nachrichten\\\/millie-bobby-brown-schmueckt-ihren-weihnachtsbaum-mit-diesem-100-jahre-alten-weihnachtsakzent-und-er-wertet-jede-festliche-dekoration-sofort-auf\\\/\",\"name\":\"Millie Bobby Brown schm\u00fcckt ihren Weihnachtsbaum mit diesem 100 Jahre alten Weihnachtsakzent \u2013 \u200b\u200bund er wertet jede festliche Dekoration sofort auf - Nachrichten - Stra\u00dfenweb\",\"isPartOf\":{\"@id\":\"https:\\\/\\\/www.strassenweb.de\\\/nachrichten\\\/#website\"},\"primaryImageOfPage\":{\"@id\":\"https:\\\/\\\/www.strassenweb.de\\\/nachrichten\\\/millie-bobby-brown-schmueckt-ihren-weihnachtsbaum-mit-diesem-100-jahre-alten-weihnachtsakzent-und-er-wertet-jede-festliche-dekoration-sofort-auf\\\/#primaryimage\"},\"image\":{\"@id\":\"https:\\\/\\\/www.strassenweb.de\\\/nachrichten\\\/millie-bobby-brown-schmueckt-ihren-weihnachtsbaum-mit-diesem-100-jahre-alten-weihnachtsakzent-und-er-wertet-jede-festliche-dekoration-sofort-auf\\\/#primaryimage\"},\"thumbnailUrl\":\"https:\\\/\\\/www.strassenweb.de\\\/nachrichten\\\/wp-content\\\/uploads\\\/2025\\\/11\\\/Millie-Bobby-Brown-schmueckt-ihren-Weihnachtsbaum-mit-diesem-100-Jahre.jpg\",\"datePublished\":\"2025-11-05T06:40:12+00:00\",\"dateModified\":\"2025-11-05T06:40:13+00:00\",\"breadcrumb\":{\"@id\":\"https:\\\/\\\/www.strassenweb.de\\\/nachrichten\\\/millie-bobby-brown-schmueckt-ihren-weihnachtsbaum-mit-diesem-100-jahre-alten-weihnachtsakzent-und-er-wertet-jede-festliche-dekoration-sofort-auf\\\/#breadcrumb\"},\"inLanguage\":\"de\",\"potentialAction\":[{\"@type\":\"ReadAction\",\"target\":[\"https:\\\/\\\/www.strassenweb.de\\\/nachrichten\\\/millie-bobby-brown-schmueckt-ihren-weihnachtsbaum-mit-diesem-100-jahre-alten-weihnachtsakzent-und-er-wertet-jede-festliche-dekoration-sofort-auf\\\/\"]}]},{\"@type\":\"ImageObject\",\"inLanguage\":\"de\",\"@id\":\"https:\\\/\\\/www.strassenweb.de\\\/nachrichten\\\/millie-bobby-brown-schmueckt-ihren-weihnachtsbaum-mit-diesem-100-jahre-alten-weihnachtsakzent-und-er-wertet-jede-festliche-dekoration-sofort-auf\\\/#primaryimage\",\"url\":\"https:\\\/\\\/www.strassenweb.de\\\/nachrichten\\\/wp-content\\\/uploads\\\/2025\\\/11\\\/Millie-Bobby-Brown-schmueckt-ihren-Weihnachtsbaum-mit-diesem-100-Jahre.jpg\",\"contentUrl\":\"https:\\\/\\\/www.strassenweb.de\\\/nachrichten\\\/wp-content\\\/uploads\\\/2025\\\/11\\\/Millie-Bobby-Brown-schmueckt-ihren-Weihnachtsbaum-mit-diesem-100-Jahre.jpg\",\"width\":2560,\"height\":1440,\"caption\":\"Millie Bobby Brown schm\u00fcckt ihren Weihnachtsbaum mit diesem 100 Jahre alten Weihnachtsakzent \u2013 \u200b\u200bund er wertet jede festliche Dekoration sofort auf\"},{\"@type\":\"BreadcrumbList\",\"@id\":\"https:\\\/\\\/www.strassenweb.de\\\/nachrichten\\\/millie-bobby-brown-schmueckt-ihren-weihnachtsbaum-mit-diesem-100-jahre-alten-weihnachtsakzent-und-er-wertet-jede-festliche-dekoration-sofort-auf\\\/#breadcrumb\",\"itemListElement\":[{\"@type\":\"ListItem\",\"position\":1,\"name\":\"Home\",\"item\":\"https:\\\/\\\/www.strassenweb.de\\\/nachrichten\\\/\"},{\"@type\":\"ListItem\",\"position\":2,\"name\":\"Millie Bobby Brown schm\u00fcckt ihren Weihnachtsbaum mit diesem 100 Jahre alten Weihnachtsakzent \u2013 \u200b\u200bund er wertet jede festliche Dekoration sofort auf\"}]},{\"@type\":\"WebSite\",\"@id\":\"https:\\\/\\\/www.strassenweb.de\\\/nachrichten\\\/#website\",\"url\":\"https:\\\/\\\/www.strassenweb.de\\\/nachrichten\\\/\",\"name\":\"Stra\u00dfenweb\",\"description\":\"Stra\u00dfenverzeichnis f\u00fcr Deutschland\",\"publisher\":{\"@id\":\"https:\\\/\\\/www.strassenweb.de\\\/nachrichten\\\/#organization\"},\"potentialAction\":[{\"@type\":\"SearchAction\",\"target\":{\"@type\":\"EntryPoint\",\"urlTemplate\":\"https:\\\/\\\/www.strassenweb.de\\\/nachrichten\\\/?s={search_term_string}\"},\"query-input\":{\"@type\":\"PropertyValueSpecification\",\"valueRequired\":true,\"valueName\":\"search_term_string\"}}],\"inLanguage\":\"de\"},{\"@type\":\"Organization\",\"@id\":\"https:\\\/\\\/www.strassenweb.de\\\/nachrichten\\\/#organization\",\"name\":\"Stra\u00dfenweb\",\"url\":\"https:\\\/\\\/www.strassenweb.de\\\/nachrichten\\\/\",\"logo\":{\"@type\":\"ImageObject\",\"inLanguage\":\"de\",\"@id\":\"https:\\\/\\\/www.strassenweb.de\\\/nachrichten\\\/#\\\/schema\\\/logo\\\/image\\\/\",\"url\":\"https:\\\/\\\/www.strassenweb.de\\\/nachrichten\\\/wp-content\\\/uploads\\\/2024\\\/09\\\/cropped-favicon.png\",\"contentUrl\":\"https:\\\/\\\/www.strassenweb.de\\\/nachrichten\\\/wp-content\\\/uploads\\\/2024\\\/09\\\/cropped-favicon.png\",\"width\":512,\"height\":512,\"caption\":\"Stra\u00dfenweb\"},\"image\":{\"@id\":\"https:\\\/\\\/www.strassenweb.de\\\/nachrichten\\\/#\\\/schema\\\/logo\\\/image\\\/\"},\"sameAs\":[\"https:\\\/\\\/www.facebook.com\\\/strassenweb\\\/\"]},{\"@type\":\"Person\",\"@id\":\"https:\\\/\\\/www.strassenweb.de\\\/nachrichten\\\/#\\\/schema\\\/person\\\/87c9c9067f1211da429a744dc5a5aa41\",\"name\":\"Robert Hoffmann\",\"image\":{\"@type\":\"ImageObject\",\"inLanguage\":\"de\",\"@id\":\"https:\\\/\\\/www.strassenweb.de\\\/nachrichten\\\/wp-content\\\/uploads\\\/2024\\\/09\\\/strassenweb-150x150.jpg\",\"url\":\"https:\\\/\\\/www.strassenweb.de\\\/nachrichten\\\/wp-content\\\/uploads\\\/2024\\\/09\\\/strassenweb-150x150.jpg\",\"contentUrl\":\"https:\\\/\\\/www.strassenweb.de\\\/nachrichten\\\/wp-content\\\/uploads\\\/2024\\\/09\\\/strassenweb-150x150.jpg\",\"caption\":\"Robert Hoffmann\"},\"description\":\"Ich hei\u00dfe Robert Hoffmann und ich bin ein leidenschaftlicher Verfechter von \u00d6kologie und Biodiversit\u00e4t. Seit meiner Kindheit in den W\u00e4ldern Bayerns f\u00fchle ich mich mit der Natur verbunden und bin entschlossen, sie zu sch\u00fctzen. Heute widme ich mein Leben der Sensibilisierung anderer f\u00fcr die Bedeutung des Umweltschutzes f\u00fcr zuk\u00fcnftige Generationen.\",\"sameAs\":[\"https:\\\/\\\/www.strassenweb.de\\\/\"]}]}<\/script>\n<!-- \/ Yoast SEO plugin. -->","yoast_head_json":{"title":"Millie Bobby Brown schm\u00fcckt ihren Weihnachtsbaum mit diesem 100 Jahre alten Weihnachtsakzent \u2013 \u200b\u200bund er wertet jede festliche Dekoration sofort auf - Nachrichten - Stra\u00dfenweb","robots":{"index":"index","follow":"follow","max-snippet":"max-snippet:-1","max-image-preview":"max-image-preview:large","max-video-preview":"max-video-preview:-1"},"canonical":"https:\/\/www.strassenweb.de\/nachrichten\/millie-bobby-brown-schmueckt-ihren-weihnachtsbaum-mit-diesem-100-jahre-alten-weihnachtsakzent-und-er-wertet-jede-festliche-dekoration-sofort-auf\/","og_locale":"de_DE","og_type":"article","og_title":"Millie Bobby Brown schm\u00fcckt ihren Weihnachtsbaum mit diesem 100 Jahre alten Weihnachtsakzent \u2013 \u200b\u200bund er wertet jede festliche Dekoration sofort auf - Nachrichten - Stra\u00dfenweb","og_description":"Nur wenige Weihnachtstraditionen sind so zeitlos wie rote B\u00e4nder \u2013 von denen man sagt, dass sie Familienbande symbolisieren \u2013, die sich \u00fcber Jahrzehnte hinweg durch","og_url":"https:\/\/www.strassenweb.de\/nachrichten\/millie-bobby-brown-schmueckt-ihren-weihnachtsbaum-mit-diesem-100-jahre-alten-weihnachtsakzent-und-er-wertet-jede-festliche-dekoration-sofort-auf\/","og_site_name":"Stra\u00dfenweb","article_publisher":"https:\/\/www.facebook.com\/strassenweb\/","article_published_time":"2025-11-05T06:40:12+00:00","article_modified_time":"2025-11-05T06:40:13+00:00","og_image":[{"width":2560,"height":1440,"url":"https:\/\/www.strassenweb.de\/nachrichten\/wp-content\/uploads\/2025\/11\/Millie-Bobby-Brown-schmueckt-ihren-Weihnachtsbaum-mit-diesem-100-Jahre.jpg","type":"image\/jpeg"}],"author":"Robert Hoffmann","twitter_card":"summary_large_image","twitter_misc":{"Verfasst von":"Robert Hoffmann","Gesch\u00e4tzte Lesezeit":"2\u00a0Minuten"},"schema":{"@context":"https:\/\/schema.org","@graph":[{"@type":"Article","@id":"https:\/\/www.strassenweb.de\/nachrichten\/millie-bobby-brown-schmueckt-ihren-weihnachtsbaum-mit-diesem-100-jahre-alten-weihnachtsakzent-und-er-wertet-jede-festliche-dekoration-sofort-auf\/#article","isPartOf":{"@id":"https:\/\/www.strassenweb.de\/nachrichten\/millie-bobby-brown-schmueckt-ihren-weihnachtsbaum-mit-diesem-100-jahre-alten-weihnachtsakzent-und-er-wertet-jede-festliche-dekoration-sofort-auf\/"},"author":{"name":"Robert Hoffmann","@id":"https:\/\/www.strassenweb.de\/nachrichten\/#\/schema\/person\/87c9c9067f1211da429a744dc5a5aa41"},"headline":"Millie Bobby Brown schm\u00fcckt ihren Weihnachtsbaum mit diesem 100 Jahre alten Weihnachtsakzent \u2013 \u200b\u200bund er wertet jede festliche Dekoration sofort auf","datePublished":"2025-11-05T06:40:12+00:00","dateModified":"2025-11-05T06:40:13+00:00","mainEntityOfPage":{"@id":"https:\/\/www.strassenweb.de\/nachrichten\/millie-bobby-brown-schmueckt-ihren-weihnachtsbaum-mit-diesem-100-jahre-alten-weihnachtsakzent-und-er-wertet-jede-festliche-dekoration-sofort-auf\/"},"wordCount":515,"publisher":{"@id":"https:\/\/www.strassenweb.de\/nachrichten\/#organization"},"image":{"@id":"https:\/\/www.strassenweb.de\/nachrichten\/millie-bobby-brown-schmueckt-ihren-weihnachtsbaum-mit-diesem-100-jahre-alten-weihnachtsakzent-und-er-wertet-jede-festliche-dekoration-sofort-auf\/#primaryimage"},"thumbnailUrl":"https:\/\/www.strassenweb.de\/nachrichten\/wp-content\/uploads\/2025\/11\/Millie-Bobby-Brown-schmueckt-ihren-Weihnachtsbaum-mit-diesem-100-Jahre.jpg","keywords":["alten","auf","Bobby","Brown","Dekoration","diesem","festliche","ihren","Jahre","jede","Millie","mit","schm\u00fcckt","sofort","und","Weihnachtsakzent","Weihnachtsbaum","wertet"],"articleSection":["Haus &amp; Garten"],"inLanguage":"de"},{"@type":"WebPage","@id":"https:\/\/www.strassenweb.de\/nachrichten\/millie-bobby-brown-schmueckt-ihren-weihnachtsbaum-mit-diesem-100-jahre-alten-weihnachtsakzent-und-er-wertet-jede-festliche-dekoration-sofort-auf\/","url":"https:\/\/www.strassenweb.de\/nachrichten\/millie-bobby-brown-schmueckt-ihren-weihnachtsbaum-mit-diesem-100-jahre-alten-weihnachtsakzent-und-er-wertet-jede-festliche-dekoration-sofort-auf\/","name":"Millie Bobby Brown schm\u00fcckt ihren Weihnachtsbaum mit diesem 100 Jahre alten Weihnachtsakzent \u2013 \u200b\u200bund er wertet jede festliche Dekoration sofort auf - Nachrichten - Stra\u00dfenweb","isPartOf":{"@id":"https:\/\/www.strassenweb.de\/nachrichten\/#website"},"primaryImageOfPage":{"@id":"https:\/\/www.strassenweb.de\/nachrichten\/millie-bobby-brown-schmueckt-ihren-weihnachtsbaum-mit-diesem-100-jahre-alten-weihnachtsakzent-und-er-wertet-jede-festliche-dekoration-sofort-auf\/#primaryimage"},"image":{"@id":"https:\/\/www.strassenweb.de\/nachrichten\/millie-bobby-brown-schmueckt-ihren-weihnachtsbaum-mit-diesem-100-jahre-alten-weihnachtsakzent-und-er-wertet-jede-festliche-dekoration-sofort-auf\/#primaryimage"},"thumbnailUrl":"https:\/\/www.strassenweb.de\/nachrichten\/wp-content\/uploads\/2025\/11\/Millie-Bobby-Brown-schmueckt-ihren-Weihnachtsbaum-mit-diesem-100-Jahre.jpg","datePublished":"2025-11-05T06:40:12+00:00","dateModified":"2025-11-05T06:40:13+00:00","breadcrumb":{"@id":"https:\/\/www.strassenweb.de\/nachrichten\/millie-bobby-brown-schmueckt-ihren-weihnachtsbaum-mit-diesem-100-jahre-alten-weihnachtsakzent-und-er-wertet-jede-festliche-dekoration-sofort-auf\/#breadcrumb"},"inLanguage":"de","potentialAction":[{"@type":"ReadAction","target":["https:\/\/www.strassenweb.de\/nachrichten\/millie-bobby-brown-schmueckt-ihren-weihnachtsbaum-mit-diesem-100-jahre-alten-weihnachtsakzent-und-er-wertet-jede-festliche-dekoration-sofort-auf\/"]}]},{"@type":"ImageObject","inLanguage":"de","@id":"https:\/\/www.strassenweb.de\/nachrichten\/millie-bobby-brown-schmueckt-ihren-weihnachtsbaum-mit-diesem-100-jahre-alten-weihnachtsakzent-und-er-wertet-jede-festliche-dekoration-sofort-auf\/#primaryimage","url":"https:\/\/www.strassenweb.de\/nachrichten\/wp-content\/uploads\/2025\/11\/Millie-Bobby-Brown-schmueckt-ihren-Weihnachtsbaum-mit-diesem-100-Jahre.jpg","contentUrl":"https:\/\/www.strassenweb.de\/nachrichten\/wp-content\/uploads\/2025\/11\/Millie-Bobby-Brown-schmueckt-ihren-Weihnachtsbaum-mit-diesem-100-Jahre.jpg","width":2560,"height":1440,"caption":"Millie Bobby Brown schm\u00fcckt ihren Weihnachtsbaum mit diesem 100 Jahre alten Weihnachtsakzent \u2013 \u200b\u200bund er wertet jede festliche Dekoration sofort auf"},{"@type":"BreadcrumbList","@id":"https:\/\/www.strassenweb.de\/nachrichten\/millie-bobby-brown-schmueckt-ihren-weihnachtsbaum-mit-diesem-100-jahre-alten-weihnachtsakzent-und-er-wertet-jede-festliche-dekoration-sofort-auf\/#breadcrumb","itemListElement":[{"@type":"ListItem","position":1,"name":"Home","item":"https:\/\/www.strassenweb.de\/nachrichten\/"},{"@type":"ListItem","position":2,"name":"Millie Bobby Brown schm\u00fcckt ihren Weihnachtsbaum mit diesem 100 Jahre alten Weihnachtsakzent \u2013 \u200b\u200bund er wertet jede festliche Dekoration sofort auf"}]},{"@type":"WebSite","@id":"https:\/\/www.strassenweb.de\/nachrichten\/#website","url":"https:\/\/www.strassenweb.de\/nachrichten\/","name":"Stra\u00dfenweb","description":"Stra\u00dfenverzeichnis f\u00fcr Deutschland","publisher":{"@id":"https:\/\/www.strassenweb.de\/nachrichten\/#organization"},"potentialAction":[{"@type":"SearchAction","target":{"@type":"EntryPoint","urlTemplate":"https:\/\/www.strassenweb.de\/nachrichten\/?s={search_term_string}"},"query-input":{"@type":"PropertyValueSpecification","valueRequired":true,"valueName":"search_term_string"}}],"inLanguage":"de"},{"@type":"Organization","@id":"https:\/\/www.strassenweb.de\/nachrichten\/#organization","name":"Stra\u00dfenweb","url":"https:\/\/www.strassenweb.de\/nachrichten\/","logo":{"@type":"ImageObject","inLanguage":"de","@id":"https:\/\/www.strassenweb.de\/nachrichten\/#\/schema\/logo\/image\/","url":"https:\/\/www.strassenweb.de\/nachrichten\/wp-content\/uploads\/2024\/09\/cropped-favicon.png","contentUrl":"https:\/\/www.strassenweb.de\/nachrichten\/wp-content\/uploads\/2024\/09\/cropped-favicon.png","width":512,"height":512,"caption":"Stra\u00dfenweb"},"image":{"@id":"https:\/\/www.strassenweb.de\/nachrichten\/#\/schema\/logo\/image\/"},"sameAs":["https:\/\/www.facebook.com\/strassenweb\/"]},{"@type":"Person","@id":"https:\/\/www.strassenweb.de\/nachrichten\/#\/schema\/person\/87c9c9067f1211da429a744dc5a5aa41","name":"Robert Hoffmann","image":{"@type":"ImageObject","inLanguage":"de","@id":"https:\/\/www.strassenweb.de\/nachrichten\/wp-content\/uploads\/2024\/09\/strassenweb-150x150.jpg","url":"https:\/\/www.strassenweb.de\/nachrichten\/wp-content\/uploads\/2024\/09\/strassenweb-150x150.jpg","contentUrl":"https:\/\/www.strassenweb.de\/nachrichten\/wp-content\/uploads\/2024\/09\/strassenweb-150x150.jpg","caption":"Robert Hoffmann"},"description":"Ich hei\u00dfe Robert Hoffmann und ich bin ein leidenschaftlicher Verfechter von \u00d6kologie und Biodiversit\u00e4t. Seit meiner Kindheit in den W\u00e4ldern Bayerns f\u00fchle ich mich mit der Natur verbunden und bin entschlossen, sie zu sch\u00fctzen. Heute widme ich mein Leben der Sensibilisierung anderer f\u00fcr die Bedeutung des Umweltschutzes f\u00fcr zuk\u00fcnftige Generationen.","sameAs":["https:\/\/www.strassenweb.de\/"]}]}},"_links":{"self":[{"href":"https:\/\/www.strassenweb.de\/nachrichten\/wp-json\/wp\/v2\/posts\/9034","targetHints":{"allow":["GET"]}}],"collection":[{"href":"https:\/\/www.strassenweb.de\/nachrichten\/wp-json\/wp\/v2\/posts"}],"about":[{"href":"https:\/\/www.strassenweb.de\/nachrichten\/wp-json\/wp\/v2\/types\/post"}],"author":[{"embeddable":true,"href":"https:\/\/www.strassenweb.de\/nachrichten\/wp-json\/wp\/v2\/users\/1"}],"replies":[{"embeddable":true,"href":"https:\/\/www.strassenweb.de\/nachrichten\/wp-json\/wp\/v2\/comments?post=9034"}],"version-history":[{"count":0,"href":"https:\/\/www.strassenweb.de\/nachrichten\/wp-json\/wp\/v2\/posts\/9034\/revisions"}],"wp:featuredmedia":[{"embeddable":true,"href":"https:\/\/www.strassenweb.de\/nachrichten\/wp-json\/wp\/v2\/media\/9035"}],"wp:attachment":[{"href":"https:\/\/www.strassenweb.de\/nachrichten\/wp-json\/wp\/v2\/media?parent=9034"}],"wp:term":[{"taxonomy":"category","embeddable":true,"href":"https:\/\/www.strassenweb.de\/nachrichten\/wp-json\/wp\/v2\/categories?post=9034"},{"taxonomy":"post_tag","embeddable":true,"href":"https:\/\/www.strassenweb.de\/nachrichten\/wp-json\/wp\/v2\/tags?post=9034"}],"curies":[{"name":"wp","href":"https:\/\/api.w.org\/{rel}","templated":true}]}}