{"id":9010,"date":"2025-11-04T17:39:15","date_gmt":"2025-11-04T16:39:15","guid":{"rendered":"https:\/\/www.strassenweb.de\/nachrichten\/aufbau-einer-grueneren-zukunft-fuer-wales-adeiladu-dyfodol-gwyrddach-i-gymru-november-2025\/"},"modified":"2025-11-04T17:39:15","modified_gmt":"2025-11-04T16:39:15","slug":"aufbau-einer-grueneren-zukunft-fuer-wales-adeiladu-dyfodol-gwyrddach-i-gymru-november-2025","status":"publish","type":"post","link":"https:\/\/www.strassenweb.de\/nachrichten\/aufbau-einer-grueneren-zukunft-fuer-wales-adeiladu-dyfodol-gwyrddach-i-gymru-november-2025\/","title":{"rendered":"Aufbau einer gr\u00fcneren Zukunft f\u00fcr Wales \/ Adeiladu Dyfodol Gwyrddach i Gymru, November 2025"},"content":{"rendered":"<h4 class=\"wp-block-heading\">Green Economy Conference 2025 zur Vereinigung von Unternehmen, Gemeinschaft und Industrie in S\u00fcdwales<\/h4>\n<p>4theRegion freut sich, die R\u00fcckkehr der Green Economy Conference bekannt zu geben<br \/>findet am Donnerstag, 13. November 2025, in der Swansea Building Society Arena statt.<\/p>\n<p>Diese gro\u00dfe regionale Veranstaltung bringt Unternehmen, politische Entscheidungstr\u00e4ger, P\u00e4dagogen usw. zusammen<br \/>Gemeinschaftsorganisationen aus ganz S\u00fcdwales, um zu erkunden, wie Zusammenarbeit, Innovation und Investitionen den Weg von Wales in eine gr\u00fcne, faire und wohlhabende Zukunft beschleunigen k\u00f6nnen.<\/p>\n<p>Dawn Lyle, Mitbegr\u00fcnderin von 4theRegion, sagte:<\/p>\n<p>\u201eBei der Green Economy Conference geht es um mehr als nur um Diskussion, es geht um Taten. Es ist ein<br \/>Ein Ort, an dem Unternehmen, P\u00e4dagogen und Gemeinden zusammenkommen, um echte Fortschritte bei Nachhaltigkeit und regionalem Wachstum zu erzielen. S\u00fcdwales verf\u00fcgt \u00fcber die n\u00f6tige Kreativit\u00e4t und Zusammenarbeit, um diesen \u00dcbergang voranzutreiben, und diese Veranstaltung ist eine Feier dieses gemeinsamen Ziels.\u201c<\/p>\n<p>Die Green Economy Conference, die bereits zum dritten Mal stattfindet, ist zu einer der wichtigsten in Wales geworden<br \/>wichtige Plattformen f\u00fcr die Zusammenarbeit im Bereich Nachhaltigkeit und regionale Entwicklung. Die diesj\u00e4hrige Veranstaltung wird inspirierende Podiumsdiskussionen, praktische Workshops und einen belebten Ausstellungsraum kombinieren und die Menschen, Projekte und Organisationen pr\u00e4sentieren, die den Wandel in der Region vorantreiben. Von erneuerbaren Energien und nachhaltigem Bauen bis hin zu lokalen Lebensmittelsystemen und der Kreislaufwirtschaft verspricht der Tag, Ideen zu verbinden und neue Partnerschaften anzusto\u00dfen.<\/p>\n<h4 class=\"wp-block-heading\">Spotlight auf den Celtic Freeport<\/h4>\n<p>Im Mittelpunkt des Tages steht das Celtic Freeport Panel mit dem Titel \u201eVon der Vision zur Realit\u00e4t\u201c.<br \/>zusammen mit f\u00fchrenden Stimmen von RWE, dem Pembrokeshire College und dem Neath Port Talbot Council.<\/p>\n<p>Der Celtic Freeport stellt eines der ehrgeizigsten gr\u00fcnen Investitionsprogramme von Wales dar, das Port Talbot und Milford Haven umfasst und darauf abzielt, 11.500 neue Arbeitspl\u00e4tze zu schaffen und 8,4 Milliarden Pfund an Auslandsinvestitionen zu generieren.<\/p>\n<p>Luciana Ciubotariu, CEO des Celtic Freeport, f\u00fcgte hinzu:<\/p>\n<p>\u201eDer Celtic Freeport ist stolz darauf, an der Green Economy Conference teilzunehmen, um unsere Vision, Investitionen nach Wales zu locken, zu teilen. Wir unterst\u00fctzen bestehende Industrien und beschleunigen gleichzeitig einen gerechteren \u00dcbergang zu einer umweltfreundlicheren Wirtschaft durch integrative Partnerschaften, die Gemeinden st\u00e4rken und eine widerstandsf\u00e4hige Zukunft aufbauen. Durch die Entwicklung eines erstklassigen Industrie- und Innovationskorridors werden wir die St\u00e4rken von Wales in den Bereichen Energie, Ingenieurwesen und Fertigung nutzen, um die Kompetenzentwicklung voranzutreiben und das industrielle Wachstum zu unterst\u00fctzen.\u201c<\/p>\n<h4 class=\"wp-block-heading\">Kompetenzen, Gesch\u00e4ft und gr\u00fcnes Wachstum<\/h4>\n<p>Neben Energie und Industrie wird die Konferenz auch das Wachstum nachhaltiger Unternehmen und die Notwendigkeit hervorheben, unsere Arbeitskr\u00e4fte mit den F\u00e4higkeiten von morgen auszustatten.<\/p>\n<p>Die Sitzungen im Laufe des Tages konzentrieren sich darauf, wie Bildung, Wirtschaft und Regierung zusammenarbeiten k\u00f6nnen, um junge Menschen und Fachkr\u00e4fte auf neue gr\u00fcne Sektoren vorzubereiten, von Sanierung und Bauwesen bis hin zu erneuerbaren Energien und Innovationen in der Kreislaufwirtschaft.<\/p>\n<p>Matt Callaghan, Manager f\u00fcr wirtschaftliche Erneuerung beim Swansea Council, sagte:<\/p>\n<p>\u201eDer Swansea Council ist stolz darauf, die Green Economy Conference as weiterhin zu unterst\u00fctzen<br \/>Teil unseres gemeinsamen Ziels, bis 2050 in Swansea einen Netto-Nullpunkt zu erreichen. Diese Veranstaltung bietet eine wichtige Plattform, um die innovative Arbeit lokaler Unternehmen zu f\u00f6rdern, die kohlenstoffarme Praktiken in ihren t\u00e4glichen Betrieb integrieren. Wir freuen uns darauf, Kontakte zu kn\u00fcpfen, zu lernen und zusammenzuarbeiten, um unseren \u00dcbergang zu einer umweltfreundlicheren, widerstandsf\u00e4higeren Wirtschaft zu beschleunigen.\u201c<\/p>\n<figure class=\"wp-block-image size-full\"><\/figure>\n<h4 class=\"wp-block-heading\">Tag der lokalen Ern\u00e4hrung<\/h4>\n<p>Auch das Thema Essen wird bei der diesj\u00e4hrigen Konferenz im Mittelpunkt stehen, wobei im Rahmen der Hauptveranstaltung ein spezieller Local Food Day stattfindet. Der Local Food Day wird in Zusammenarbeit mit Bwyd Abertawe und dem Swansea Council organisiert und bietet Vortr\u00e4ge, Verkostungen und Vorf\u00fchrungen<br \/>Wir feiern die bl\u00fchende lokale Gastronomieszene der Region. Von einer Farm-to-Fork-Sitzung unter der Leitung von The<br \/>Vom Shed Restaurant bis hin zu Workshops zu Food Trails und lokalen Lieferketten wird das Programm angeboten<br \/>Entdecken Sie, wie walisische Produzenten und Lebensmittelunternehmen eine entscheidende Rolle beim Aufbau einer widerstandsf\u00e4higeren und nachhaltigeren lokalen Wirtschaft spielen k\u00f6nnen.<\/p>\n<p>Mary Duckett, Managerin von Bwyd Abertawe, sagte:<\/p>\n<p>\u201eBei Bwyd Abertawe Food geht es um eine nachhaltige Ver\u00e4nderung der Lebensmittelsysteme f\u00fcr Swansea<br \/>Nat\u00fcrlich sind starke regionale Verbindungen zu gleichgesinnten Lebensmittelunternehmen und -produzenten erforderlich.<br \/>Beim Wandel nachhaltiger Lebensmittelsysteme geht es darum, unsere Wirtschaftspraktiken zu \u00fcberpr\u00fcfen, und die Green Economy Conference ist f\u00fcr uns eine gro\u00dfartige Gelegenheit, zusammenzukommen und relevante Themen wie die Reduzierung der Lieferkette und die Lokalisierung der Lebensmittelbeschaffung zwischen Lebensmittelunternehmen, Erzeugern und Produzenten zu diskutieren. Ich freue mich sehr auf den Tag \u2013 vielen Dank 4theRegion!\u201c<\/p>\n<h4 class=\"wp-block-heading\">Innovation und Partnerschaft pr\u00e4sentieren<\/h4>\n<p>In der gesamten Arena werden auf der Green Economy Conference regionale Innovatoren, gr\u00fcne Lieferanten und Nachhaltigkeitsf\u00fchrer vorgestellt. Die Delegierten k\u00f6nnen St\u00e4nde lokaler Unternehmen, Universit\u00e4ten und Gemeinschaftsprojekte erkunden und neue Ideen, Produkte und Partnerschaften entdecken, die zur Gestaltung der nachhaltigen Zukunft von Wales beitragen.<\/p>\n<p>Adam Firth, CEO von HDM Solar UK, sagte:<\/p>\n<p>\u201eDiese Veranstaltung ist mehr als nur ein Meilenstein f\u00fcr unser Unternehmen \u2013 sie ist ein Statement von uns.\u201c<br \/>Engagement f\u00fcr Wales. Wir sind hier, um den gr\u00fcnen Wandel der Region zu unterst\u00fctzen, indem wir Solarenergie f\u00fcr alle zug\u00e4nglicher, erschwinglicher und erreichbarer machen.\u201c<\/p>\n<p>Die Teilnahme ist kostenlos und offen f\u00fcr alle, die sich f\u00fcr den gr\u00fcnen Wandel, das Gr\u00fcne, interessieren<br \/>Die Wirtschaftskonferenz 2025 verspricht einen Tag voller Inspiration, Verbindung und Zusammenarbeit.<br \/>bringt die Menschen und Ideen zusammen, die die nachhaltige Zukunft von Wales gestalten.<\/p>\n<h4 class=\"wp-block-heading\">Manylion y Digwyddiad \/ Veranstaltungsdetails:<\/h4>\n<p><strong>Dyddiade \/ Datum: <\/strong>Donnerstag, 13. November 2025<br \/><strong>Lleoliad \/ Veranstaltungsort: <\/strong>Swansea Building Society Arena, Swansea<br \/><strong>Amser \/ Zeit: <\/strong>9:30 \u2013 17:00 Uhr<br \/><strong>Tocynnau \/ Tickets: <\/strong>Kostenlos \u2013 Anmeldung \u00fcber die 4theRegion-Website \u2013<br \/>https:\/\/www.4theregion.org.uk\/green-economy-conference-2025\/<\/p><\/p>\n","protected":false},"excerpt":{"rendered":"<p>Green Economy Conference 2025 zur Vereinigung von Unternehmen, Gemeinschaft und Industrie in S\u00fcdwales 4theRegion freut sich, die R\u00fcckkehr der Green Economy Conference bekannt zu gebenfindet<\/p>\n","protected":false},"author":1,"featured_media":9011,"comment_status":"closed","ping_status":"","sticky":false,"template":"","format":"standard","meta":{"footnotes":""},"categories":[101],"tags":[11335,5715,11336,303,55,11334,11337,11338,926,229,1228],"class_list":["post-9010","post","type-post","status-publish","format-standard","has-post-thumbnail","hentry","category-oekologie","tag-adeiladu","tag-aufbau","tag-dyfodol","tag-einer","tag-fuer","tag-grueneren","tag-gwyrddach","tag-gymru","tag-november","tag-wales","tag-zukunft","generate-columns","tablet-grid-50","mobile-grid-100","grid-parent","grid-50"],"yoast_head":"<!-- This site is optimized with the Yoast SEO plugin v27.3 - https:\/\/yoast.com\/product\/yoast-seo-wordpress\/ -->\n<title>Aufbau einer gr\u00fcneren Zukunft f\u00fcr Wales \/ Adeiladu Dyfodol Gwyrddach i Gymru, November 2025 - Nachrichten - Stra\u00dfenweb<\/title>\n<meta name=\"robots\" content=\"index, follow, max-snippet:-1, max-image-preview:large, max-video-preview:-1\" \/>\n<link rel=\"canonical\" href=\"https:\/\/www.strassenweb.de\/nachrichten\/aufbau-einer-grueneren-zukunft-fuer-wales-adeiladu-dyfodol-gwyrddach-i-gymru-november-2025\/\" \/>\n<meta property=\"og:locale\" content=\"de_DE\" \/>\n<meta property=\"og:type\" content=\"article\" \/>\n<meta property=\"og:title\" content=\"Aufbau einer gr\u00fcneren Zukunft f\u00fcr Wales \/ Adeiladu Dyfodol Gwyrddach i Gymru, November 2025 - Nachrichten - Stra\u00dfenweb\" \/>\n<meta property=\"og:description\" content=\"Green Economy Conference 2025 zur Vereinigung von Unternehmen, Gemeinschaft und Industrie in S\u00fcdwales 4theRegion freut sich, die R\u00fcckkehr der Green Economy Conference bekannt zu gebenfindet\" \/>\n<meta property=\"og:url\" content=\"https:\/\/www.strassenweb.de\/nachrichten\/aufbau-einer-grueneren-zukunft-fuer-wales-adeiladu-dyfodol-gwyrddach-i-gymru-november-2025\/\" \/>\n<meta property=\"og:site_name\" content=\"Stra\u00dfenweb\" \/>\n<meta property=\"article:publisher\" content=\"https:\/\/www.facebook.com\/strassenweb\/\" \/>\n<meta property=\"article:published_time\" content=\"2025-11-04T16:39:15+00:00\" \/>\n<meta property=\"og:image\" content=\"https:\/\/www.strassenweb.de\/nachrichten\/wp-content\/uploads\/2025\/11\/1762274355_Aufbau-einer-grueneren-Zukunft-fuer-Wales-Adeiladu-Dyfodol-Gwyrddach.jpg\" \/>\n\t<meta property=\"og:image:width\" content=\"900\" \/>\n\t<meta property=\"og:image:height\" content=\"600\" \/>\n\t<meta property=\"og:image:type\" content=\"image\/jpeg\" \/>\n<meta name=\"author\" content=\"Robert Hoffmann\" \/>\n<meta name=\"twitter:card\" content=\"summary_large_image\" \/>\n<meta name=\"twitter:label1\" content=\"Verfasst von\" \/>\n\t<meta name=\"twitter:data1\" content=\"Robert Hoffmann\" \/>\n\t<meta name=\"twitter:label2\" content=\"Gesch\u00e4tzte Lesezeit\" \/>\n\t<meta name=\"twitter:data2\" content=\"5\u00a0Minuten\" \/>\n<script type=\"application\/ld+json\" class=\"yoast-schema-graph\">{\"@context\":\"https:\\\/\\\/schema.org\",\"@graph\":[{\"@type\":\"Article\",\"@id\":\"https:\\\/\\\/www.strassenweb.de\\\/nachrichten\\\/aufbau-einer-grueneren-zukunft-fuer-wales-adeiladu-dyfodol-gwyrddach-i-gymru-november-2025\\\/#article\",\"isPartOf\":{\"@id\":\"https:\\\/\\\/www.strassenweb.de\\\/nachrichten\\\/aufbau-einer-grueneren-zukunft-fuer-wales-adeiladu-dyfodol-gwyrddach-i-gymru-november-2025\\\/\"},\"author\":{\"name\":\"Robert Hoffmann\",\"@id\":\"https:\\\/\\\/www.strassenweb.de\\\/nachrichten\\\/#\\\/schema\\\/person\\\/87c9c9067f1211da429a744dc5a5aa41\"},\"headline\":\"Aufbau einer gr\u00fcneren Zukunft f\u00fcr Wales \\\/ Adeiladu Dyfodol Gwyrddach i Gymru, November 2025\",\"datePublished\":\"2025-11-04T16:39:15+00:00\",\"mainEntityOfPage\":{\"@id\":\"https:\\\/\\\/www.strassenweb.de\\\/nachrichten\\\/aufbau-einer-grueneren-zukunft-fuer-wales-adeiladu-dyfodol-gwyrddach-i-gymru-november-2025\\\/\"},\"wordCount\":948,\"publisher\":{\"@id\":\"https:\\\/\\\/www.strassenweb.de\\\/nachrichten\\\/#organization\"},\"image\":{\"@id\":\"https:\\\/\\\/www.strassenweb.de\\\/nachrichten\\\/aufbau-einer-grueneren-zukunft-fuer-wales-adeiladu-dyfodol-gwyrddach-i-gymru-november-2025\\\/#primaryimage\"},\"thumbnailUrl\":\"https:\\\/\\\/www.strassenweb.de\\\/nachrichten\\\/wp-content\\\/uploads\\\/2025\\\/11\\\/1762274355_Aufbau-einer-grueneren-Zukunft-fuer-Wales-Adeiladu-Dyfodol-Gwyrddach.jpg\",\"keywords\":[\"Adeiladu\",\"Aufbau\",\"Dyfodol\",\"einer\",\"f\u00fcr\",\"gr\u00fcneren\",\"Gwyrddach\",\"Gymru\",\"November\",\"Wales\",\"Zukunft\"],\"articleSection\":[\"\u00d6kologie\"],\"inLanguage\":\"de\"},{\"@type\":\"WebPage\",\"@id\":\"https:\\\/\\\/www.strassenweb.de\\\/nachrichten\\\/aufbau-einer-grueneren-zukunft-fuer-wales-adeiladu-dyfodol-gwyrddach-i-gymru-november-2025\\\/\",\"url\":\"https:\\\/\\\/www.strassenweb.de\\\/nachrichten\\\/aufbau-einer-grueneren-zukunft-fuer-wales-adeiladu-dyfodol-gwyrddach-i-gymru-november-2025\\\/\",\"name\":\"Aufbau einer gr\u00fcneren Zukunft f\u00fcr Wales \\\/ Adeiladu Dyfodol Gwyrddach i Gymru, November 2025 - Nachrichten - Stra\u00dfenweb\",\"isPartOf\":{\"@id\":\"https:\\\/\\\/www.strassenweb.de\\\/nachrichten\\\/#website\"},\"primaryImageOfPage\":{\"@id\":\"https:\\\/\\\/www.strassenweb.de\\\/nachrichten\\\/aufbau-einer-grueneren-zukunft-fuer-wales-adeiladu-dyfodol-gwyrddach-i-gymru-november-2025\\\/#primaryimage\"},\"image\":{\"@id\":\"https:\\\/\\\/www.strassenweb.de\\\/nachrichten\\\/aufbau-einer-grueneren-zukunft-fuer-wales-adeiladu-dyfodol-gwyrddach-i-gymru-november-2025\\\/#primaryimage\"},\"thumbnailUrl\":\"https:\\\/\\\/www.strassenweb.de\\\/nachrichten\\\/wp-content\\\/uploads\\\/2025\\\/11\\\/1762274355_Aufbau-einer-grueneren-Zukunft-fuer-Wales-Adeiladu-Dyfodol-Gwyrddach.jpg\",\"datePublished\":\"2025-11-04T16:39:15+00:00\",\"breadcrumb\":{\"@id\":\"https:\\\/\\\/www.strassenweb.de\\\/nachrichten\\\/aufbau-einer-grueneren-zukunft-fuer-wales-adeiladu-dyfodol-gwyrddach-i-gymru-november-2025\\\/#breadcrumb\"},\"inLanguage\":\"de\",\"potentialAction\":[{\"@type\":\"ReadAction\",\"target\":[\"https:\\\/\\\/www.strassenweb.de\\\/nachrichten\\\/aufbau-einer-grueneren-zukunft-fuer-wales-adeiladu-dyfodol-gwyrddach-i-gymru-november-2025\\\/\"]}]},{\"@type\":\"ImageObject\",\"inLanguage\":\"de\",\"@id\":\"https:\\\/\\\/www.strassenweb.de\\\/nachrichten\\\/aufbau-einer-grueneren-zukunft-fuer-wales-adeiladu-dyfodol-gwyrddach-i-gymru-november-2025\\\/#primaryimage\",\"url\":\"https:\\\/\\\/www.strassenweb.de\\\/nachrichten\\\/wp-content\\\/uploads\\\/2025\\\/11\\\/1762274355_Aufbau-einer-grueneren-Zukunft-fuer-Wales-Adeiladu-Dyfodol-Gwyrddach.jpg\",\"contentUrl\":\"https:\\\/\\\/www.strassenweb.de\\\/nachrichten\\\/wp-content\\\/uploads\\\/2025\\\/11\\\/1762274355_Aufbau-einer-grueneren-Zukunft-fuer-Wales-Adeiladu-Dyfodol-Gwyrddach.jpg\",\"width\":900,\"height\":600,\"caption\":\"Building a Greener Future for Wales \\\/ Adeiladu Dyfodol Gwyrddach i Gymru\"},{\"@type\":\"BreadcrumbList\",\"@id\":\"https:\\\/\\\/www.strassenweb.de\\\/nachrichten\\\/aufbau-einer-grueneren-zukunft-fuer-wales-adeiladu-dyfodol-gwyrddach-i-gymru-november-2025\\\/#breadcrumb\",\"itemListElement\":[{\"@type\":\"ListItem\",\"position\":1,\"name\":\"Home\",\"item\":\"https:\\\/\\\/www.strassenweb.de\\\/nachrichten\\\/\"},{\"@type\":\"ListItem\",\"position\":2,\"name\":\"Aufbau einer gr\u00fcneren Zukunft f\u00fcr Wales \\\/ Adeiladu Dyfodol Gwyrddach i Gymru, November 2025\"}]},{\"@type\":\"WebSite\",\"@id\":\"https:\\\/\\\/www.strassenweb.de\\\/nachrichten\\\/#website\",\"url\":\"https:\\\/\\\/www.strassenweb.de\\\/nachrichten\\\/\",\"name\":\"Stra\u00dfenweb\",\"description\":\"Stra\u00dfenverzeichnis f\u00fcr Deutschland\",\"publisher\":{\"@id\":\"https:\\\/\\\/www.strassenweb.de\\\/nachrichten\\\/#organization\"},\"potentialAction\":[{\"@type\":\"SearchAction\",\"target\":{\"@type\":\"EntryPoint\",\"urlTemplate\":\"https:\\\/\\\/www.strassenweb.de\\\/nachrichten\\\/?s={search_term_string}\"},\"query-input\":{\"@type\":\"PropertyValueSpecification\",\"valueRequired\":true,\"valueName\":\"search_term_string\"}}],\"inLanguage\":\"de\"},{\"@type\":\"Organization\",\"@id\":\"https:\\\/\\\/www.strassenweb.de\\\/nachrichten\\\/#organization\",\"name\":\"Stra\u00dfenweb\",\"url\":\"https:\\\/\\\/www.strassenweb.de\\\/nachrichten\\\/\",\"logo\":{\"@type\":\"ImageObject\",\"inLanguage\":\"de\",\"@id\":\"https:\\\/\\\/www.strassenweb.de\\\/nachrichten\\\/#\\\/schema\\\/logo\\\/image\\\/\",\"url\":\"https:\\\/\\\/www.strassenweb.de\\\/nachrichten\\\/wp-content\\\/uploads\\\/2024\\\/09\\\/cropped-favicon.png\",\"contentUrl\":\"https:\\\/\\\/www.strassenweb.de\\\/nachrichten\\\/wp-content\\\/uploads\\\/2024\\\/09\\\/cropped-favicon.png\",\"width\":512,\"height\":512,\"caption\":\"Stra\u00dfenweb\"},\"image\":{\"@id\":\"https:\\\/\\\/www.strassenweb.de\\\/nachrichten\\\/#\\\/schema\\\/logo\\\/image\\\/\"},\"sameAs\":[\"https:\\\/\\\/www.facebook.com\\\/strassenweb\\\/\"]},{\"@type\":\"Person\",\"@id\":\"https:\\\/\\\/www.strassenweb.de\\\/nachrichten\\\/#\\\/schema\\\/person\\\/87c9c9067f1211da429a744dc5a5aa41\",\"name\":\"Robert Hoffmann\",\"image\":{\"@type\":\"ImageObject\",\"inLanguage\":\"de\",\"@id\":\"https:\\\/\\\/www.strassenweb.de\\\/nachrichten\\\/wp-content\\\/uploads\\\/2024\\\/09\\\/strassenweb-150x150.jpg\",\"url\":\"https:\\\/\\\/www.strassenweb.de\\\/nachrichten\\\/wp-content\\\/uploads\\\/2024\\\/09\\\/strassenweb-150x150.jpg\",\"contentUrl\":\"https:\\\/\\\/www.strassenweb.de\\\/nachrichten\\\/wp-content\\\/uploads\\\/2024\\\/09\\\/strassenweb-150x150.jpg\",\"caption\":\"Robert Hoffmann\"},\"description\":\"Ich hei\u00dfe Robert Hoffmann und ich bin ein leidenschaftlicher Verfechter von \u00d6kologie und Biodiversit\u00e4t. Seit meiner Kindheit in den W\u00e4ldern Bayerns f\u00fchle ich mich mit der Natur verbunden und bin entschlossen, sie zu sch\u00fctzen. Heute widme ich mein Leben der Sensibilisierung anderer f\u00fcr die Bedeutung des Umweltschutzes f\u00fcr zuk\u00fcnftige Generationen.\",\"sameAs\":[\"https:\\\/\\\/www.strassenweb.de\\\/\"]}]}<\/script>\n<!-- \/ Yoast SEO plugin. -->","yoast_head_json":{"title":"Aufbau einer gr\u00fcneren Zukunft f\u00fcr Wales \/ Adeiladu Dyfodol Gwyrddach i Gymru, November 2025 - Nachrichten - Stra\u00dfenweb","robots":{"index":"index","follow":"follow","max-snippet":"max-snippet:-1","max-image-preview":"max-image-preview:large","max-video-preview":"max-video-preview:-1"},"canonical":"https:\/\/www.strassenweb.de\/nachrichten\/aufbau-einer-grueneren-zukunft-fuer-wales-adeiladu-dyfodol-gwyrddach-i-gymru-november-2025\/","og_locale":"de_DE","og_type":"article","og_title":"Aufbau einer gr\u00fcneren Zukunft f\u00fcr Wales \/ Adeiladu Dyfodol Gwyrddach i Gymru, November 2025 - Nachrichten - Stra\u00dfenweb","og_description":"Green Economy Conference 2025 zur Vereinigung von Unternehmen, Gemeinschaft und Industrie in S\u00fcdwales 4theRegion freut sich, die R\u00fcckkehr der Green Economy Conference bekannt zu gebenfindet","og_url":"https:\/\/www.strassenweb.de\/nachrichten\/aufbau-einer-grueneren-zukunft-fuer-wales-adeiladu-dyfodol-gwyrddach-i-gymru-november-2025\/","og_site_name":"Stra\u00dfenweb","article_publisher":"https:\/\/www.facebook.com\/strassenweb\/","article_published_time":"2025-11-04T16:39:15+00:00","og_image":[{"width":900,"height":600,"url":"https:\/\/www.strassenweb.de\/nachrichten\/wp-content\/uploads\/2025\/11\/1762274355_Aufbau-einer-grueneren-Zukunft-fuer-Wales-Adeiladu-Dyfodol-Gwyrddach.jpg","type":"image\/jpeg"}],"author":"Robert Hoffmann","twitter_card":"summary_large_image","twitter_misc":{"Verfasst von":"Robert Hoffmann","Gesch\u00e4tzte Lesezeit":"5\u00a0Minuten"},"schema":{"@context":"https:\/\/schema.org","@graph":[{"@type":"Article","@id":"https:\/\/www.strassenweb.de\/nachrichten\/aufbau-einer-grueneren-zukunft-fuer-wales-adeiladu-dyfodol-gwyrddach-i-gymru-november-2025\/#article","isPartOf":{"@id":"https:\/\/www.strassenweb.de\/nachrichten\/aufbau-einer-grueneren-zukunft-fuer-wales-adeiladu-dyfodol-gwyrddach-i-gymru-november-2025\/"},"author":{"name":"Robert Hoffmann","@id":"https:\/\/www.strassenweb.de\/nachrichten\/#\/schema\/person\/87c9c9067f1211da429a744dc5a5aa41"},"headline":"Aufbau einer gr\u00fcneren Zukunft f\u00fcr Wales \/ Adeiladu Dyfodol Gwyrddach i Gymru, November 2025","datePublished":"2025-11-04T16:39:15+00:00","mainEntityOfPage":{"@id":"https:\/\/www.strassenweb.de\/nachrichten\/aufbau-einer-grueneren-zukunft-fuer-wales-adeiladu-dyfodol-gwyrddach-i-gymru-november-2025\/"},"wordCount":948,"publisher":{"@id":"https:\/\/www.strassenweb.de\/nachrichten\/#organization"},"image":{"@id":"https:\/\/www.strassenweb.de\/nachrichten\/aufbau-einer-grueneren-zukunft-fuer-wales-adeiladu-dyfodol-gwyrddach-i-gymru-november-2025\/#primaryimage"},"thumbnailUrl":"https:\/\/www.strassenweb.de\/nachrichten\/wp-content\/uploads\/2025\/11\/1762274355_Aufbau-einer-grueneren-Zukunft-fuer-Wales-Adeiladu-Dyfodol-Gwyrddach.jpg","keywords":["Adeiladu","Aufbau","Dyfodol","einer","f\u00fcr","gr\u00fcneren","Gwyrddach","Gymru","November","Wales","Zukunft"],"articleSection":["\u00d6kologie"],"inLanguage":"de"},{"@type":"WebPage","@id":"https:\/\/www.strassenweb.de\/nachrichten\/aufbau-einer-grueneren-zukunft-fuer-wales-adeiladu-dyfodol-gwyrddach-i-gymru-november-2025\/","url":"https:\/\/www.strassenweb.de\/nachrichten\/aufbau-einer-grueneren-zukunft-fuer-wales-adeiladu-dyfodol-gwyrddach-i-gymru-november-2025\/","name":"Aufbau einer gr\u00fcneren Zukunft f\u00fcr Wales \/ Adeiladu Dyfodol Gwyrddach i Gymru, November 2025 - Nachrichten - Stra\u00dfenweb","isPartOf":{"@id":"https:\/\/www.strassenweb.de\/nachrichten\/#website"},"primaryImageOfPage":{"@id":"https:\/\/www.strassenweb.de\/nachrichten\/aufbau-einer-grueneren-zukunft-fuer-wales-adeiladu-dyfodol-gwyrddach-i-gymru-november-2025\/#primaryimage"},"image":{"@id":"https:\/\/www.strassenweb.de\/nachrichten\/aufbau-einer-grueneren-zukunft-fuer-wales-adeiladu-dyfodol-gwyrddach-i-gymru-november-2025\/#primaryimage"},"thumbnailUrl":"https:\/\/www.strassenweb.de\/nachrichten\/wp-content\/uploads\/2025\/11\/1762274355_Aufbau-einer-grueneren-Zukunft-fuer-Wales-Adeiladu-Dyfodol-Gwyrddach.jpg","datePublished":"2025-11-04T16:39:15+00:00","breadcrumb":{"@id":"https:\/\/www.strassenweb.de\/nachrichten\/aufbau-einer-grueneren-zukunft-fuer-wales-adeiladu-dyfodol-gwyrddach-i-gymru-november-2025\/#breadcrumb"},"inLanguage":"de","potentialAction":[{"@type":"ReadAction","target":["https:\/\/www.strassenweb.de\/nachrichten\/aufbau-einer-grueneren-zukunft-fuer-wales-adeiladu-dyfodol-gwyrddach-i-gymru-november-2025\/"]}]},{"@type":"ImageObject","inLanguage":"de","@id":"https:\/\/www.strassenweb.de\/nachrichten\/aufbau-einer-grueneren-zukunft-fuer-wales-adeiladu-dyfodol-gwyrddach-i-gymru-november-2025\/#primaryimage","url":"https:\/\/www.strassenweb.de\/nachrichten\/wp-content\/uploads\/2025\/11\/1762274355_Aufbau-einer-grueneren-Zukunft-fuer-Wales-Adeiladu-Dyfodol-Gwyrddach.jpg","contentUrl":"https:\/\/www.strassenweb.de\/nachrichten\/wp-content\/uploads\/2025\/11\/1762274355_Aufbau-einer-grueneren-Zukunft-fuer-Wales-Adeiladu-Dyfodol-Gwyrddach.jpg","width":900,"height":600,"caption":"Building a Greener Future for Wales \/ Adeiladu Dyfodol Gwyrddach i Gymru"},{"@type":"BreadcrumbList","@id":"https:\/\/www.strassenweb.de\/nachrichten\/aufbau-einer-grueneren-zukunft-fuer-wales-adeiladu-dyfodol-gwyrddach-i-gymru-november-2025\/#breadcrumb","itemListElement":[{"@type":"ListItem","position":1,"name":"Home","item":"https:\/\/www.strassenweb.de\/nachrichten\/"},{"@type":"ListItem","position":2,"name":"Aufbau einer gr\u00fcneren Zukunft f\u00fcr Wales \/ Adeiladu Dyfodol Gwyrddach i Gymru, November 2025"}]},{"@type":"WebSite","@id":"https:\/\/www.strassenweb.de\/nachrichten\/#website","url":"https:\/\/www.strassenweb.de\/nachrichten\/","name":"Stra\u00dfenweb","description":"Stra\u00dfenverzeichnis f\u00fcr Deutschland","publisher":{"@id":"https:\/\/www.strassenweb.de\/nachrichten\/#organization"},"potentialAction":[{"@type":"SearchAction","target":{"@type":"EntryPoint","urlTemplate":"https:\/\/www.strassenweb.de\/nachrichten\/?s={search_term_string}"},"query-input":{"@type":"PropertyValueSpecification","valueRequired":true,"valueName":"search_term_string"}}],"inLanguage":"de"},{"@type":"Organization","@id":"https:\/\/www.strassenweb.de\/nachrichten\/#organization","name":"Stra\u00dfenweb","url":"https:\/\/www.strassenweb.de\/nachrichten\/","logo":{"@type":"ImageObject","inLanguage":"de","@id":"https:\/\/www.strassenweb.de\/nachrichten\/#\/schema\/logo\/image\/","url":"https:\/\/www.strassenweb.de\/nachrichten\/wp-content\/uploads\/2024\/09\/cropped-favicon.png","contentUrl":"https:\/\/www.strassenweb.de\/nachrichten\/wp-content\/uploads\/2024\/09\/cropped-favicon.png","width":512,"height":512,"caption":"Stra\u00dfenweb"},"image":{"@id":"https:\/\/www.strassenweb.de\/nachrichten\/#\/schema\/logo\/image\/"},"sameAs":["https:\/\/www.facebook.com\/strassenweb\/"]},{"@type":"Person","@id":"https:\/\/www.strassenweb.de\/nachrichten\/#\/schema\/person\/87c9c9067f1211da429a744dc5a5aa41","name":"Robert Hoffmann","image":{"@type":"ImageObject","inLanguage":"de","@id":"https:\/\/www.strassenweb.de\/nachrichten\/wp-content\/uploads\/2024\/09\/strassenweb-150x150.jpg","url":"https:\/\/www.strassenweb.de\/nachrichten\/wp-content\/uploads\/2024\/09\/strassenweb-150x150.jpg","contentUrl":"https:\/\/www.strassenweb.de\/nachrichten\/wp-content\/uploads\/2024\/09\/strassenweb-150x150.jpg","caption":"Robert Hoffmann"},"description":"Ich hei\u00dfe Robert Hoffmann und ich bin ein leidenschaftlicher Verfechter von \u00d6kologie und Biodiversit\u00e4t. Seit meiner Kindheit in den W\u00e4ldern Bayerns f\u00fchle ich mich mit der Natur verbunden und bin entschlossen, sie zu sch\u00fctzen. Heute widme ich mein Leben der Sensibilisierung anderer f\u00fcr die Bedeutung des Umweltschutzes f\u00fcr zuk\u00fcnftige Generationen.","sameAs":["https:\/\/www.strassenweb.de\/"]}]}},"_links":{"self":[{"href":"https:\/\/www.strassenweb.de\/nachrichten\/wp-json\/wp\/v2\/posts\/9010","targetHints":{"allow":["GET"]}}],"collection":[{"href":"https:\/\/www.strassenweb.de\/nachrichten\/wp-json\/wp\/v2\/posts"}],"about":[{"href":"https:\/\/www.strassenweb.de\/nachrichten\/wp-json\/wp\/v2\/types\/post"}],"author":[{"embeddable":true,"href":"https:\/\/www.strassenweb.de\/nachrichten\/wp-json\/wp\/v2\/users\/1"}],"replies":[{"embeddable":true,"href":"https:\/\/www.strassenweb.de\/nachrichten\/wp-json\/wp\/v2\/comments?post=9010"}],"version-history":[{"count":0,"href":"https:\/\/www.strassenweb.de\/nachrichten\/wp-json\/wp\/v2\/posts\/9010\/revisions"}],"wp:featuredmedia":[{"embeddable":true,"href":"https:\/\/www.strassenweb.de\/nachrichten\/wp-json\/wp\/v2\/media\/9011"}],"wp:attachment":[{"href":"https:\/\/www.strassenweb.de\/nachrichten\/wp-json\/wp\/v2\/media?parent=9010"}],"wp:term":[{"taxonomy":"category","embeddable":true,"href":"https:\/\/www.strassenweb.de\/nachrichten\/wp-json\/wp\/v2\/categories?post=9010"},{"taxonomy":"post_tag","embeddable":true,"href":"https:\/\/www.strassenweb.de\/nachrichten\/wp-json\/wp\/v2\/tags?post=9010"}],"curies":[{"name":"wp","href":"https:\/\/api.w.org\/{rel}","templated":true}]}}