{"id":8971,"date":"2025-11-02T15:39:18","date_gmt":"2025-11-02T14:39:18","guid":{"rendered":"https:\/\/www.strassenweb.de\/nachrichten\/kris-jenner-wertet-die-weihnachtsdekoration-mit-eleganten-minimalistischen-girlanden-ausgewaehlten-figuren-und-durchdachten-sentimentalen-details-in-jeder-ecke-auf\/"},"modified":"2025-11-02T15:39:21","modified_gmt":"2025-11-02T14:39:21","slug":"kris-jenner-wertet-die-weihnachtsdekoration-mit-eleganten-minimalistischen-girlanden-ausgewaehlten-figuren-und-durchdachten-sentimentalen-details-in-jeder-ecke-auf","status":"publish","type":"post","link":"https:\/\/www.strassenweb.de\/nachrichten\/kris-jenner-wertet-die-weihnachtsdekoration-mit-eleganten-minimalistischen-girlanden-ausgewaehlten-figuren-und-durchdachten-sentimentalen-details-in-jeder-ecke-auf\/","title":{"rendered":"Kris Jenner wertet die Weihnachtsdekoration mit eleganten, minimalistischen Girlanden, ausgew\u00e4hlten Figuren und durchdachten, sentimentalen Details in jeder Ecke auf"},"content":{"rendered":"<p><\/p>\n<div id=\"article-body\" class=\"article__body \">\n<p id=\"a796c5d7-0e65-4cbb-85f6-94a81d5be923\">Kris-mas ist da! Wir haben beschlossen, dass es an der Zeit ist, den Instagram-Account der Kardashian-Matriarchin noch einmal zu besuchen, um ihr saisonales Arrangement noch einmal zu w\u00fcrdigen, und es bleibt eines der festlichsten, die wir je gesehen haben.<\/p>\n<div id=\"ad-unit-1\" class=\"ad-unit\"><\/div>\n<p>In einem Karussell auf ihrem pers\u00f6nlichen Account teilte Jenner die Weihnachtsdekoration in ihrem Wohnzimmer, im Eingangsbereich und in ihrer K\u00fcche. Die erste Folie zeigt eine minimalistische Girlande (genau wie diese von Walmart), die mit wei\u00dfen Lichtern bedeckt und romantisch \u00fcber ihrem Kaminsims drapiert ist. Darunter h\u00e4ngen klassische Str\u00fcmpfe im Nussknacker-Design mit den Namen von ihr und ihrem Partner.<\/p>\n<aside data-block-type=\"embed\" data-render-type=\"fte\" data-skip=\"dealsy\" data-widget-type=\"seasonal\" class=\"hawk-root\"><\/aside>\n<p id=\"a796c5d7-0e65-4cbb-85f6-94a81d5be923-2\" class=\"paywall\" aria-hidden=\"true\">In der K\u00fcche wurde Jenners gesamte Insel von einer Ausstellung mit Mini-Weihnachtsm\u00e4nnern, winzigen B\u00e4umen und einem atemberaubenden Lebkuchenhaus eingenommen. Mein pers\u00f6nlicher Favorit, der Eingangsbereich der Prominenten, verf\u00fcgt \u00fcber einen minimalistischen Weihnachtsbaum, umgeben von einem Weihnachtsmann auf einer Karussellfigur und flauschigen wei\u00dfen k\u00fcnstlichen Rentieren.<\/p>\n<div class=\"van_vid_carousel\">\n<div class=\"van_vid_carousel__padding\">\n<div class=\"van_vid_carousel__container\"><\/div>\n<\/div>\n<\/div>\n<p class=\"paywall\" aria-hidden=\"true\">Auf der letzten Folie sehen wir ihren hohen Weihnachtsbaum, der mit verschiedenen Ornamenten geschm\u00fcckt ist. Es ist klar, dass es nicht sorgf\u00e4ltig kuratiert wurde; Vielmehr handelt es sich um sentimentale St\u00fccke, die im Laufe der Jahre sorgf\u00e4ltig ausgew\u00e4hlt wurden.<\/p>\n<div id=\"ad-unit-2\" class=\"ad-unit\"><\/div>\n<div class=\"instagram-embed\" id=\"C0y7Z9ELC7B\">\n<blockquote class=\"instagram-media\" data-instgrm-captioned data-instgrm-version=\"6\" style=\"width:99.375%; width:-webkit-calc(100% - 2px); width:calc(100% - 2px);\">\n<p>Ein von Kris Jenner (@krisjenner) geteilter Beitrag<\/p>\n<p>Ein Foto gepostet von am <\/p>\n<\/blockquote>\n<\/div>\n<div class=\"product-container hero-product-container product-block-no-wrap\">\n<div class=\"product-block-row\"><\/div>\n<div class=\"product-block-row\"><\/div>\n<div class=\"product-block-row\"><\/div>\n<div class=\"product-block-row\"><\/div>\n<div class=\"product-block-row\"><\/div>\n<div class=\"product-block-row\"><\/div>\n<\/div>\n<p id=\"10eebf41-c5d2-4441-8600-52ae18021987\">Der herzerw\u00e4rmende, r\u00fcckw\u00e4rtsgewandte Stil von Jenners Dekor liegt genau im Trend der Weihnachtsdekoration. \u201eNostalgie ist in den letzten Jahren zu einem wichtigen Trend in der Welt der Innenarchitektur geworden, und wir erleben ein weiteres Wiederaufleben, w\u00e4hrend wir in die nostalgischste Zeit des Jahres eintreten\u201c, sagt Danielle Castagna, Innenarchitektin.<\/p>\n<p>Bei Nostalgie geht es mehr um ein \u201eGef\u00fchl\u201c als um ein \u201eAussehen\u201c, was bei der Innenarchitektur eine Herausforderung sein kann.\u201c Dieses Gef\u00fchl spiegelt sich in jedem Aspekt von Jenners Dekor wider. Trotz der sentimentalen Atmosph\u00e4re von Jenners Einrichtung lehnt sie sich nicht so sehr an den Vintage-Weihnachtstrend an, dass sie den Bezug zu ihrem modern gestalteten Zuhause verliert.<\/p>\n<p>Zum Beispiel kombiniert sie die kitschigen Str\u00fcmpfe (wie diese von Amazon) in ihrem Wohnzimmer mit erfrischend modernen und minimalistischen Girlanden, die mit wei\u00dfen Lichtern gesprenkelt sind. Der campy Weihnachtsbaum steht neben einem raumhohen Fenster und erf\u00fcllt den Raum mit Licht und moderner Energie.<\/p>\n<div id=\"slice-container-newsletterForm-articleInbodyContent-shjnDeeeuuJ4bcDXNYn82o\" class=\"slice-container newsletter-inbodyContent-slice newsletterForm-articleInbodyContent-shjnDeeeuuJ4bcDXNYn82o slice-container-newsletterForm\"><\/div>\n<p>Wenn Sie den Trend nachahmen m\u00f6chten, m\u00fcssen Sie sich auf eine Einrichtung einlassen, die Sie an Familie und Zuhause erinnert. Eine einfache M\u00f6glichkeit, dies zu tun, besteht darin, einen nicht kuratierten Weihnachtsbaum zu erstellen.<\/p>\n<p>Castagna empfiehlt: \u201eSie k\u00f6nnten einen Weihnachtsbaum mit Dekorationen und Ornamenten zusammenstellen, die eine Geschichte haben.\u201c Gegenst\u00e4nde wie handgefertigte Kindheitsdekorationen oder Reisesouvenirs w\u00fcrden gut funktionieren. \u201eJedes Jahr k\u00f6nnen dem Baum neue Ornamente hinzugef\u00fcgt werden, um besondere Familienerinnerungen darzustellen und die gemeinsame Reise Ihrer Familie im Laufe der Zeit zu zeigen.\u201c<\/p>\n<p>Unabh\u00e4ngig von Ihrem Designstil ist es nie eine schlechte Idee, der Einrichtung Pers\u00f6nlichkeit und Gef\u00fchl zu verleihen. Nehmen Sie es von Kris Jenner.<\/p>\n<div class=\"min-h-(270px) mb-4 viafoura-twig-component\" id=\"viafoura-engagement-starter-wrapper\" data-component-name=\"Elk:Embed:EngagementStarter\">\n<div class=\"viafoura\">\n<div>\n<vf-conversation-starter target=\"viafoura-comments\" title=\"Are there any other holiday decorating trends you're curious about this season?\" minimum-comment-count=\"1\"><br \/>\n<\/vf-conversation-starter>\n<\/div>\n<\/div>\n<\/div>\n<hr id=\"fd3f52f1-7fec-4fb9-9a95-fcb52e6b055b\">\n<div class=\"block\" id=\"articleTag\" data-component-name=\"PostArticleLinks\">\n<div class=\"border-b border-b-black border-solid py-2.5 text-black font-bold uppercase\">THEMEN<\/div>\n<nav class=\"py-2.5 flex gap-2.5 flex-wrap\" data-analytics-id=\"article-tag\">\n<p>Kris Jenner<\/p>\n<\/nav>\n<\/div>\n<\/div>\n<p><script async src=\"\/\/www.instagram.com\/embed.js\"><\/script><\/p>\n","protected":false},"excerpt":{"rendered":"<p>Kris-mas ist da! Wir haben beschlossen, dass es an der Zeit ist, den Instagram-Account der Kardashian-Matriarchin noch einmal zu besuchen, um ihr saisonales Arrangement noch<\/p>\n","protected":false},"author":1,"featured_media":8972,"comment_status":"closed","ping_status":"","sticky":false,"template":"","format":"standard","meta":{"footnotes":""},"categories":[118],"tags":[46,11297,1237,9,11249,5820,1785,3148,3008,2162,2927,2926,4124,146,2002,37,1592,4488],"class_list":["post-8971","post","type-post","status-publish","format-standard","has-post-thumbnail","hentry","category-haus-garten","tag-auf","tag-ausgewaehlten","tag-details","tag-die","tag-durchdachten","tag-ecke","tag-eleganten","tag-figuren","tag-girlanden","tag-jeder","tag-jenner","tag-kris","tag-minimalistischen","tag-mit","tag-sentimentalen","tag-und","tag-weihnachtsdekoration","tag-wertet","generate-columns","tablet-grid-50","mobile-grid-100","grid-parent","grid-50"],"yoast_head":"<!-- This site is optimized with the Yoast SEO plugin v27.3 - https:\/\/yoast.com\/product\/yoast-seo-wordpress\/ -->\n<title>Kris Jenner wertet die Weihnachtsdekoration mit eleganten, minimalistischen Girlanden, ausgew\u00e4hlten Figuren und durchdachten, sentimentalen Details in jeder Ecke auf - Nachrichten - Stra\u00dfenweb<\/title>\n<meta name=\"robots\" content=\"index, follow, max-snippet:-1, max-image-preview:large, max-video-preview:-1\" \/>\n<link rel=\"canonical\" href=\"https:\/\/www.strassenweb.de\/nachrichten\/kris-jenner-wertet-die-weihnachtsdekoration-mit-eleganten-minimalistischen-girlanden-ausgewaehlten-figuren-und-durchdachten-sentimentalen-details-in-jeder-ecke-auf\/\" \/>\n<meta property=\"og:locale\" content=\"de_DE\" \/>\n<meta property=\"og:type\" content=\"article\" \/>\n<meta property=\"og:title\" content=\"Kris Jenner wertet die Weihnachtsdekoration mit eleganten, minimalistischen Girlanden, ausgew\u00e4hlten Figuren und durchdachten, sentimentalen Details in jeder Ecke auf - Nachrichten - Stra\u00dfenweb\" \/>\n<meta property=\"og:description\" content=\"Kris-mas ist da! Wir haben beschlossen, dass es an der Zeit ist, den Instagram-Account der Kardashian-Matriarchin noch einmal zu besuchen, um ihr saisonales Arrangement noch\" \/>\n<meta property=\"og:url\" content=\"https:\/\/www.strassenweb.de\/nachrichten\/kris-jenner-wertet-die-weihnachtsdekoration-mit-eleganten-minimalistischen-girlanden-ausgewaehlten-figuren-und-durchdachten-sentimentalen-details-in-jeder-ecke-auf\/\" \/>\n<meta property=\"og:site_name\" content=\"Stra\u00dfenweb\" \/>\n<meta property=\"article:publisher\" content=\"https:\/\/www.facebook.com\/strassenweb\/\" \/>\n<meta property=\"article:published_time\" content=\"2025-11-02T14:39:18+00:00\" \/>\n<meta property=\"article:modified_time\" content=\"2025-11-02T14:39:21+00:00\" \/>\n<meta property=\"og:image\" content=\"https:\/\/www.strassenweb.de\/nachrichten\/wp-content\/uploads\/2025\/11\/Kris-Jenner-wertet-die-Weihnachtsdekoration-mit-eleganten-minimalistischen-Girlanden-ausgewaehlten.png\" \/>\n\t<meta property=\"og:image:width\" content=\"1600\" \/>\n\t<meta property=\"og:image:height\" content=\"900\" \/>\n\t<meta property=\"og:image:type\" content=\"image\/png\" \/>\n<meta name=\"author\" content=\"Robert Hoffmann\" \/>\n<meta name=\"twitter:card\" content=\"summary_large_image\" \/>\n<meta name=\"twitter:label1\" content=\"Verfasst von\" \/>\n\t<meta name=\"twitter:data1\" content=\"Robert Hoffmann\" \/>\n\t<meta name=\"twitter:label2\" content=\"Gesch\u00e4tzte Lesezeit\" \/>\n\t<meta name=\"twitter:data2\" content=\"2\u00a0Minuten\" \/>\n<script type=\"application\/ld+json\" class=\"yoast-schema-graph\">{\"@context\":\"https:\\\/\\\/schema.org\",\"@graph\":[{\"@type\":\"Article\",\"@id\":\"https:\\\/\\\/www.strassenweb.de\\\/nachrichten\\\/kris-jenner-wertet-die-weihnachtsdekoration-mit-eleganten-minimalistischen-girlanden-ausgewaehlten-figuren-und-durchdachten-sentimentalen-details-in-jeder-ecke-auf\\\/#article\",\"isPartOf\":{\"@id\":\"https:\\\/\\\/www.strassenweb.de\\\/nachrichten\\\/kris-jenner-wertet-die-weihnachtsdekoration-mit-eleganten-minimalistischen-girlanden-ausgewaehlten-figuren-und-durchdachten-sentimentalen-details-in-jeder-ecke-auf\\\/\"},\"author\":{\"name\":\"Robert Hoffmann\",\"@id\":\"https:\\\/\\\/www.strassenweb.de\\\/nachrichten\\\/#\\\/schema\\\/person\\\/87c9c9067f1211da429a744dc5a5aa41\"},\"headline\":\"Kris Jenner wertet die Weihnachtsdekoration mit eleganten, minimalistischen Girlanden, ausgew\u00e4hlten Figuren und durchdachten, sentimentalen Details in jeder Ecke auf\",\"datePublished\":\"2025-11-02T14:39:18+00:00\",\"dateModified\":\"2025-11-02T14:39:21+00:00\",\"mainEntityOfPage\":{\"@id\":\"https:\\\/\\\/www.strassenweb.de\\\/nachrichten\\\/kris-jenner-wertet-die-weihnachtsdekoration-mit-eleganten-minimalistischen-girlanden-ausgewaehlten-figuren-und-durchdachten-sentimentalen-details-in-jeder-ecke-auf\\\/\"},\"wordCount\":508,\"publisher\":{\"@id\":\"https:\\\/\\\/www.strassenweb.de\\\/nachrichten\\\/#organization\"},\"image\":{\"@id\":\"https:\\\/\\\/www.strassenweb.de\\\/nachrichten\\\/kris-jenner-wertet-die-weihnachtsdekoration-mit-eleganten-minimalistischen-girlanden-ausgewaehlten-figuren-und-durchdachten-sentimentalen-details-in-jeder-ecke-auf\\\/#primaryimage\"},\"thumbnailUrl\":\"https:\\\/\\\/www.strassenweb.de\\\/nachrichten\\\/wp-content\\\/uploads\\\/2025\\\/11\\\/Kris-Jenner-wertet-die-Weihnachtsdekoration-mit-eleganten-minimalistischen-Girlanden-ausgewaehlten.png\",\"keywords\":[\"auf\",\"ausgew\u00e4hlten\",\"Details\",\"die\",\"durchdachten\",\"Ecke\",\"eleganten\",\"Figuren\",\"Girlanden\",\"jeder\",\"Jenner\",\"Kris\",\"minimalistischen\",\"mit\",\"sentimentalen\",\"und\",\"Weihnachtsdekoration\",\"wertet\"],\"articleSection\":[\"Haus &amp; Garten\"],\"inLanguage\":\"de\"},{\"@type\":\"WebPage\",\"@id\":\"https:\\\/\\\/www.strassenweb.de\\\/nachrichten\\\/kris-jenner-wertet-die-weihnachtsdekoration-mit-eleganten-minimalistischen-girlanden-ausgewaehlten-figuren-und-durchdachten-sentimentalen-details-in-jeder-ecke-auf\\\/\",\"url\":\"https:\\\/\\\/www.strassenweb.de\\\/nachrichten\\\/kris-jenner-wertet-die-weihnachtsdekoration-mit-eleganten-minimalistischen-girlanden-ausgewaehlten-figuren-und-durchdachten-sentimentalen-details-in-jeder-ecke-auf\\\/\",\"name\":\"Kris Jenner wertet die Weihnachtsdekoration mit eleganten, minimalistischen Girlanden, ausgew\u00e4hlten Figuren und durchdachten, sentimentalen Details in jeder Ecke auf - Nachrichten - Stra\u00dfenweb\",\"isPartOf\":{\"@id\":\"https:\\\/\\\/www.strassenweb.de\\\/nachrichten\\\/#website\"},\"primaryImageOfPage\":{\"@id\":\"https:\\\/\\\/www.strassenweb.de\\\/nachrichten\\\/kris-jenner-wertet-die-weihnachtsdekoration-mit-eleganten-minimalistischen-girlanden-ausgewaehlten-figuren-und-durchdachten-sentimentalen-details-in-jeder-ecke-auf\\\/#primaryimage\"},\"image\":{\"@id\":\"https:\\\/\\\/www.strassenweb.de\\\/nachrichten\\\/kris-jenner-wertet-die-weihnachtsdekoration-mit-eleganten-minimalistischen-girlanden-ausgewaehlten-figuren-und-durchdachten-sentimentalen-details-in-jeder-ecke-auf\\\/#primaryimage\"},\"thumbnailUrl\":\"https:\\\/\\\/www.strassenweb.de\\\/nachrichten\\\/wp-content\\\/uploads\\\/2025\\\/11\\\/Kris-Jenner-wertet-die-Weihnachtsdekoration-mit-eleganten-minimalistischen-Girlanden-ausgewaehlten.png\",\"datePublished\":\"2025-11-02T14:39:18+00:00\",\"dateModified\":\"2025-11-02T14:39:21+00:00\",\"breadcrumb\":{\"@id\":\"https:\\\/\\\/www.strassenweb.de\\\/nachrichten\\\/kris-jenner-wertet-die-weihnachtsdekoration-mit-eleganten-minimalistischen-girlanden-ausgewaehlten-figuren-und-durchdachten-sentimentalen-details-in-jeder-ecke-auf\\\/#breadcrumb\"},\"inLanguage\":\"de\",\"potentialAction\":[{\"@type\":\"ReadAction\",\"target\":[\"https:\\\/\\\/www.strassenweb.de\\\/nachrichten\\\/kris-jenner-wertet-die-weihnachtsdekoration-mit-eleganten-minimalistischen-girlanden-ausgewaehlten-figuren-und-durchdachten-sentimentalen-details-in-jeder-ecke-auf\\\/\"]}]},{\"@type\":\"ImageObject\",\"inLanguage\":\"de\",\"@id\":\"https:\\\/\\\/www.strassenweb.de\\\/nachrichten\\\/kris-jenner-wertet-die-weihnachtsdekoration-mit-eleganten-minimalistischen-girlanden-ausgewaehlten-figuren-und-durchdachten-sentimentalen-details-in-jeder-ecke-auf\\\/#primaryimage\",\"url\":\"https:\\\/\\\/www.strassenweb.de\\\/nachrichten\\\/wp-content\\\/uploads\\\/2025\\\/11\\\/Kris-Jenner-wertet-die-Weihnachtsdekoration-mit-eleganten-minimalistischen-Girlanden-ausgewaehlten.png\",\"contentUrl\":\"https:\\\/\\\/www.strassenweb.de\\\/nachrichten\\\/wp-content\\\/uploads\\\/2025\\\/11\\\/Kris-Jenner-wertet-die-Weihnachtsdekoration-mit-eleganten-minimalistischen-Girlanden-ausgewaehlten.png\",\"width\":1600,\"height\":900,\"caption\":\"Kris Jenner\"},{\"@type\":\"BreadcrumbList\",\"@id\":\"https:\\\/\\\/www.strassenweb.de\\\/nachrichten\\\/kris-jenner-wertet-die-weihnachtsdekoration-mit-eleganten-minimalistischen-girlanden-ausgewaehlten-figuren-und-durchdachten-sentimentalen-details-in-jeder-ecke-auf\\\/#breadcrumb\",\"itemListElement\":[{\"@type\":\"ListItem\",\"position\":1,\"name\":\"Home\",\"item\":\"https:\\\/\\\/www.strassenweb.de\\\/nachrichten\\\/\"},{\"@type\":\"ListItem\",\"position\":2,\"name\":\"Kris Jenner wertet die Weihnachtsdekoration mit eleganten, minimalistischen Girlanden, ausgew\u00e4hlten Figuren und durchdachten, sentimentalen Details in jeder Ecke auf\"}]},{\"@type\":\"WebSite\",\"@id\":\"https:\\\/\\\/www.strassenweb.de\\\/nachrichten\\\/#website\",\"url\":\"https:\\\/\\\/www.strassenweb.de\\\/nachrichten\\\/\",\"name\":\"Stra\u00dfenweb\",\"description\":\"Stra\u00dfenverzeichnis f\u00fcr Deutschland\",\"publisher\":{\"@id\":\"https:\\\/\\\/www.strassenweb.de\\\/nachrichten\\\/#organization\"},\"potentialAction\":[{\"@type\":\"SearchAction\",\"target\":{\"@type\":\"EntryPoint\",\"urlTemplate\":\"https:\\\/\\\/www.strassenweb.de\\\/nachrichten\\\/?s={search_term_string}\"},\"query-input\":{\"@type\":\"PropertyValueSpecification\",\"valueRequired\":true,\"valueName\":\"search_term_string\"}}],\"inLanguage\":\"de\"},{\"@type\":\"Organization\",\"@id\":\"https:\\\/\\\/www.strassenweb.de\\\/nachrichten\\\/#organization\",\"name\":\"Stra\u00dfenweb\",\"url\":\"https:\\\/\\\/www.strassenweb.de\\\/nachrichten\\\/\",\"logo\":{\"@type\":\"ImageObject\",\"inLanguage\":\"de\",\"@id\":\"https:\\\/\\\/www.strassenweb.de\\\/nachrichten\\\/#\\\/schema\\\/logo\\\/image\\\/\",\"url\":\"https:\\\/\\\/www.strassenweb.de\\\/nachrichten\\\/wp-content\\\/uploads\\\/2024\\\/09\\\/cropped-favicon.png\",\"contentUrl\":\"https:\\\/\\\/www.strassenweb.de\\\/nachrichten\\\/wp-content\\\/uploads\\\/2024\\\/09\\\/cropped-favicon.png\",\"width\":512,\"height\":512,\"caption\":\"Stra\u00dfenweb\"},\"image\":{\"@id\":\"https:\\\/\\\/www.strassenweb.de\\\/nachrichten\\\/#\\\/schema\\\/logo\\\/image\\\/\"},\"sameAs\":[\"https:\\\/\\\/www.facebook.com\\\/strassenweb\\\/\"]},{\"@type\":\"Person\",\"@id\":\"https:\\\/\\\/www.strassenweb.de\\\/nachrichten\\\/#\\\/schema\\\/person\\\/87c9c9067f1211da429a744dc5a5aa41\",\"name\":\"Robert Hoffmann\",\"image\":{\"@type\":\"ImageObject\",\"inLanguage\":\"de\",\"@id\":\"https:\\\/\\\/www.strassenweb.de\\\/nachrichten\\\/wp-content\\\/uploads\\\/2024\\\/09\\\/strassenweb-150x150.jpg\",\"url\":\"https:\\\/\\\/www.strassenweb.de\\\/nachrichten\\\/wp-content\\\/uploads\\\/2024\\\/09\\\/strassenweb-150x150.jpg\",\"contentUrl\":\"https:\\\/\\\/www.strassenweb.de\\\/nachrichten\\\/wp-content\\\/uploads\\\/2024\\\/09\\\/strassenweb-150x150.jpg\",\"caption\":\"Robert Hoffmann\"},\"description\":\"Ich hei\u00dfe Robert Hoffmann und ich bin ein leidenschaftlicher Verfechter von \u00d6kologie und Biodiversit\u00e4t. Seit meiner Kindheit in den W\u00e4ldern Bayerns f\u00fchle ich mich mit der Natur verbunden und bin entschlossen, sie zu sch\u00fctzen. Heute widme ich mein Leben der Sensibilisierung anderer f\u00fcr die Bedeutung des Umweltschutzes f\u00fcr zuk\u00fcnftige Generationen.\",\"sameAs\":[\"https:\\\/\\\/www.strassenweb.de\\\/\"]}]}<\/script>\n<!-- \/ Yoast SEO plugin. -->","yoast_head_json":{"title":"Kris Jenner wertet die Weihnachtsdekoration mit eleganten, minimalistischen Girlanden, ausgew\u00e4hlten Figuren und durchdachten, sentimentalen Details in jeder Ecke auf - Nachrichten - Stra\u00dfenweb","robots":{"index":"index","follow":"follow","max-snippet":"max-snippet:-1","max-image-preview":"max-image-preview:large","max-video-preview":"max-video-preview:-1"},"canonical":"https:\/\/www.strassenweb.de\/nachrichten\/kris-jenner-wertet-die-weihnachtsdekoration-mit-eleganten-minimalistischen-girlanden-ausgewaehlten-figuren-und-durchdachten-sentimentalen-details-in-jeder-ecke-auf\/","og_locale":"de_DE","og_type":"article","og_title":"Kris Jenner wertet die Weihnachtsdekoration mit eleganten, minimalistischen Girlanden, ausgew\u00e4hlten Figuren und durchdachten, sentimentalen Details in jeder Ecke auf - Nachrichten - Stra\u00dfenweb","og_description":"Kris-mas ist da! Wir haben beschlossen, dass es an der Zeit ist, den Instagram-Account der Kardashian-Matriarchin noch einmal zu besuchen, um ihr saisonales Arrangement noch","og_url":"https:\/\/www.strassenweb.de\/nachrichten\/kris-jenner-wertet-die-weihnachtsdekoration-mit-eleganten-minimalistischen-girlanden-ausgewaehlten-figuren-und-durchdachten-sentimentalen-details-in-jeder-ecke-auf\/","og_site_name":"Stra\u00dfenweb","article_publisher":"https:\/\/www.facebook.com\/strassenweb\/","article_published_time":"2025-11-02T14:39:18+00:00","article_modified_time":"2025-11-02T14:39:21+00:00","og_image":[{"width":1600,"height":900,"url":"https:\/\/www.strassenweb.de\/nachrichten\/wp-content\/uploads\/2025\/11\/Kris-Jenner-wertet-die-Weihnachtsdekoration-mit-eleganten-minimalistischen-Girlanden-ausgewaehlten.png","type":"image\/png"}],"author":"Robert Hoffmann","twitter_card":"summary_large_image","twitter_misc":{"Verfasst von":"Robert Hoffmann","Gesch\u00e4tzte Lesezeit":"2\u00a0Minuten"},"schema":{"@context":"https:\/\/schema.org","@graph":[{"@type":"Article","@id":"https:\/\/www.strassenweb.de\/nachrichten\/kris-jenner-wertet-die-weihnachtsdekoration-mit-eleganten-minimalistischen-girlanden-ausgewaehlten-figuren-und-durchdachten-sentimentalen-details-in-jeder-ecke-auf\/#article","isPartOf":{"@id":"https:\/\/www.strassenweb.de\/nachrichten\/kris-jenner-wertet-die-weihnachtsdekoration-mit-eleganten-minimalistischen-girlanden-ausgewaehlten-figuren-und-durchdachten-sentimentalen-details-in-jeder-ecke-auf\/"},"author":{"name":"Robert Hoffmann","@id":"https:\/\/www.strassenweb.de\/nachrichten\/#\/schema\/person\/87c9c9067f1211da429a744dc5a5aa41"},"headline":"Kris Jenner wertet die Weihnachtsdekoration mit eleganten, minimalistischen Girlanden, ausgew\u00e4hlten Figuren und durchdachten, sentimentalen Details in jeder Ecke auf","datePublished":"2025-11-02T14:39:18+00:00","dateModified":"2025-11-02T14:39:21+00:00","mainEntityOfPage":{"@id":"https:\/\/www.strassenweb.de\/nachrichten\/kris-jenner-wertet-die-weihnachtsdekoration-mit-eleganten-minimalistischen-girlanden-ausgewaehlten-figuren-und-durchdachten-sentimentalen-details-in-jeder-ecke-auf\/"},"wordCount":508,"publisher":{"@id":"https:\/\/www.strassenweb.de\/nachrichten\/#organization"},"image":{"@id":"https:\/\/www.strassenweb.de\/nachrichten\/kris-jenner-wertet-die-weihnachtsdekoration-mit-eleganten-minimalistischen-girlanden-ausgewaehlten-figuren-und-durchdachten-sentimentalen-details-in-jeder-ecke-auf\/#primaryimage"},"thumbnailUrl":"https:\/\/www.strassenweb.de\/nachrichten\/wp-content\/uploads\/2025\/11\/Kris-Jenner-wertet-die-Weihnachtsdekoration-mit-eleganten-minimalistischen-Girlanden-ausgewaehlten.png","keywords":["auf","ausgew\u00e4hlten","Details","die","durchdachten","Ecke","eleganten","Figuren","Girlanden","jeder","Jenner","Kris","minimalistischen","mit","sentimentalen","und","Weihnachtsdekoration","wertet"],"articleSection":["Haus &amp; Garten"],"inLanguage":"de"},{"@type":"WebPage","@id":"https:\/\/www.strassenweb.de\/nachrichten\/kris-jenner-wertet-die-weihnachtsdekoration-mit-eleganten-minimalistischen-girlanden-ausgewaehlten-figuren-und-durchdachten-sentimentalen-details-in-jeder-ecke-auf\/","url":"https:\/\/www.strassenweb.de\/nachrichten\/kris-jenner-wertet-die-weihnachtsdekoration-mit-eleganten-minimalistischen-girlanden-ausgewaehlten-figuren-und-durchdachten-sentimentalen-details-in-jeder-ecke-auf\/","name":"Kris Jenner wertet die Weihnachtsdekoration mit eleganten, minimalistischen Girlanden, ausgew\u00e4hlten Figuren und durchdachten, sentimentalen Details in jeder Ecke auf - Nachrichten - Stra\u00dfenweb","isPartOf":{"@id":"https:\/\/www.strassenweb.de\/nachrichten\/#website"},"primaryImageOfPage":{"@id":"https:\/\/www.strassenweb.de\/nachrichten\/kris-jenner-wertet-die-weihnachtsdekoration-mit-eleganten-minimalistischen-girlanden-ausgewaehlten-figuren-und-durchdachten-sentimentalen-details-in-jeder-ecke-auf\/#primaryimage"},"image":{"@id":"https:\/\/www.strassenweb.de\/nachrichten\/kris-jenner-wertet-die-weihnachtsdekoration-mit-eleganten-minimalistischen-girlanden-ausgewaehlten-figuren-und-durchdachten-sentimentalen-details-in-jeder-ecke-auf\/#primaryimage"},"thumbnailUrl":"https:\/\/www.strassenweb.de\/nachrichten\/wp-content\/uploads\/2025\/11\/Kris-Jenner-wertet-die-Weihnachtsdekoration-mit-eleganten-minimalistischen-Girlanden-ausgewaehlten.png","datePublished":"2025-11-02T14:39:18+00:00","dateModified":"2025-11-02T14:39:21+00:00","breadcrumb":{"@id":"https:\/\/www.strassenweb.de\/nachrichten\/kris-jenner-wertet-die-weihnachtsdekoration-mit-eleganten-minimalistischen-girlanden-ausgewaehlten-figuren-und-durchdachten-sentimentalen-details-in-jeder-ecke-auf\/#breadcrumb"},"inLanguage":"de","potentialAction":[{"@type":"ReadAction","target":["https:\/\/www.strassenweb.de\/nachrichten\/kris-jenner-wertet-die-weihnachtsdekoration-mit-eleganten-minimalistischen-girlanden-ausgewaehlten-figuren-und-durchdachten-sentimentalen-details-in-jeder-ecke-auf\/"]}]},{"@type":"ImageObject","inLanguage":"de","@id":"https:\/\/www.strassenweb.de\/nachrichten\/kris-jenner-wertet-die-weihnachtsdekoration-mit-eleganten-minimalistischen-girlanden-ausgewaehlten-figuren-und-durchdachten-sentimentalen-details-in-jeder-ecke-auf\/#primaryimage","url":"https:\/\/www.strassenweb.de\/nachrichten\/wp-content\/uploads\/2025\/11\/Kris-Jenner-wertet-die-Weihnachtsdekoration-mit-eleganten-minimalistischen-Girlanden-ausgewaehlten.png","contentUrl":"https:\/\/www.strassenweb.de\/nachrichten\/wp-content\/uploads\/2025\/11\/Kris-Jenner-wertet-die-Weihnachtsdekoration-mit-eleganten-minimalistischen-Girlanden-ausgewaehlten.png","width":1600,"height":900,"caption":"Kris Jenner"},{"@type":"BreadcrumbList","@id":"https:\/\/www.strassenweb.de\/nachrichten\/kris-jenner-wertet-die-weihnachtsdekoration-mit-eleganten-minimalistischen-girlanden-ausgewaehlten-figuren-und-durchdachten-sentimentalen-details-in-jeder-ecke-auf\/#breadcrumb","itemListElement":[{"@type":"ListItem","position":1,"name":"Home","item":"https:\/\/www.strassenweb.de\/nachrichten\/"},{"@type":"ListItem","position":2,"name":"Kris Jenner wertet die Weihnachtsdekoration mit eleganten, minimalistischen Girlanden, ausgew\u00e4hlten Figuren und durchdachten, sentimentalen Details in jeder Ecke auf"}]},{"@type":"WebSite","@id":"https:\/\/www.strassenweb.de\/nachrichten\/#website","url":"https:\/\/www.strassenweb.de\/nachrichten\/","name":"Stra\u00dfenweb","description":"Stra\u00dfenverzeichnis f\u00fcr Deutschland","publisher":{"@id":"https:\/\/www.strassenweb.de\/nachrichten\/#organization"},"potentialAction":[{"@type":"SearchAction","target":{"@type":"EntryPoint","urlTemplate":"https:\/\/www.strassenweb.de\/nachrichten\/?s={search_term_string}"},"query-input":{"@type":"PropertyValueSpecification","valueRequired":true,"valueName":"search_term_string"}}],"inLanguage":"de"},{"@type":"Organization","@id":"https:\/\/www.strassenweb.de\/nachrichten\/#organization","name":"Stra\u00dfenweb","url":"https:\/\/www.strassenweb.de\/nachrichten\/","logo":{"@type":"ImageObject","inLanguage":"de","@id":"https:\/\/www.strassenweb.de\/nachrichten\/#\/schema\/logo\/image\/","url":"https:\/\/www.strassenweb.de\/nachrichten\/wp-content\/uploads\/2024\/09\/cropped-favicon.png","contentUrl":"https:\/\/www.strassenweb.de\/nachrichten\/wp-content\/uploads\/2024\/09\/cropped-favicon.png","width":512,"height":512,"caption":"Stra\u00dfenweb"},"image":{"@id":"https:\/\/www.strassenweb.de\/nachrichten\/#\/schema\/logo\/image\/"},"sameAs":["https:\/\/www.facebook.com\/strassenweb\/"]},{"@type":"Person","@id":"https:\/\/www.strassenweb.de\/nachrichten\/#\/schema\/person\/87c9c9067f1211da429a744dc5a5aa41","name":"Robert Hoffmann","image":{"@type":"ImageObject","inLanguage":"de","@id":"https:\/\/www.strassenweb.de\/nachrichten\/wp-content\/uploads\/2024\/09\/strassenweb-150x150.jpg","url":"https:\/\/www.strassenweb.de\/nachrichten\/wp-content\/uploads\/2024\/09\/strassenweb-150x150.jpg","contentUrl":"https:\/\/www.strassenweb.de\/nachrichten\/wp-content\/uploads\/2024\/09\/strassenweb-150x150.jpg","caption":"Robert Hoffmann"},"description":"Ich hei\u00dfe Robert Hoffmann und ich bin ein leidenschaftlicher Verfechter von \u00d6kologie und Biodiversit\u00e4t. Seit meiner Kindheit in den W\u00e4ldern Bayerns f\u00fchle ich mich mit der Natur verbunden und bin entschlossen, sie zu sch\u00fctzen. Heute widme ich mein Leben der Sensibilisierung anderer f\u00fcr die Bedeutung des Umweltschutzes f\u00fcr zuk\u00fcnftige Generationen.","sameAs":["https:\/\/www.strassenweb.de\/"]}]}},"_links":{"self":[{"href":"https:\/\/www.strassenweb.de\/nachrichten\/wp-json\/wp\/v2\/posts\/8971","targetHints":{"allow":["GET"]}}],"collection":[{"href":"https:\/\/www.strassenweb.de\/nachrichten\/wp-json\/wp\/v2\/posts"}],"about":[{"href":"https:\/\/www.strassenweb.de\/nachrichten\/wp-json\/wp\/v2\/types\/post"}],"author":[{"embeddable":true,"href":"https:\/\/www.strassenweb.de\/nachrichten\/wp-json\/wp\/v2\/users\/1"}],"replies":[{"embeddable":true,"href":"https:\/\/www.strassenweb.de\/nachrichten\/wp-json\/wp\/v2\/comments?post=8971"}],"version-history":[{"count":0,"href":"https:\/\/www.strassenweb.de\/nachrichten\/wp-json\/wp\/v2\/posts\/8971\/revisions"}],"wp:featuredmedia":[{"embeddable":true,"href":"https:\/\/www.strassenweb.de\/nachrichten\/wp-json\/wp\/v2\/media\/8972"}],"wp:attachment":[{"href":"https:\/\/www.strassenweb.de\/nachrichten\/wp-json\/wp\/v2\/media?parent=8971"}],"wp:term":[{"taxonomy":"category","embeddable":true,"href":"https:\/\/www.strassenweb.de\/nachrichten\/wp-json\/wp\/v2\/categories?post=8971"},{"taxonomy":"post_tag","embeddable":true,"href":"https:\/\/www.strassenweb.de\/nachrichten\/wp-json\/wp\/v2\/tags?post=8971"}],"curies":[{"name":"wp","href":"https:\/\/api.w.org\/{rel}","templated":true}]}}