{"id":8965,"date":"2025-11-02T09:39:26","date_gmt":"2025-11-02T08:39:26","guid":{"rendered":"https:\/\/www.strassenweb.de\/nachrichten\/ich-warte-nicht-auf-das-jahr-2026-warmer-minimalismus-ist-der-groesste-trend-von-dem-designer-sagen-dass-sie-ihn-naechstes-jahr-alle-uebernehmen-werden\/"},"modified":"2025-11-02T09:39:27","modified_gmt":"2025-11-02T08:39:27","slug":"ich-warte-nicht-auf-das-jahr-2026-warmer-minimalismus-ist-der-groesste-trend-von-dem-designer-sagen-dass-sie-ihn-naechstes-jahr-alle-uebernehmen-werden","status":"publish","type":"post","link":"https:\/\/www.strassenweb.de\/nachrichten\/ich-warte-nicht-auf-das-jahr-2026-warmer-minimalismus-ist-der-groesste-trend-von-dem-designer-sagen-dass-sie-ihn-naechstes-jahr-alle-uebernehmen-werden\/","title":{"rendered":"Ich warte nicht auf das Jahr 2026 \u2013 \u201eWarmer Minimalismus\u201c ist der gr\u00f6\u00dfte Trend, von dem Designer sagen, dass sie ihn n\u00e4chstes Jahr alle \u00fcbernehmen werden"},"content":{"rendered":"<p><\/p>\n<div id=\"article-body\" class=\"article__body \">\n<p id=\"9761faec-6cb8-4adb-9517-338822d866e5\">Warmer Minimalismus stellt k\u00fchle, klinische Innenr\u00e4ume auf den Kopf und ist eine Design\u00e4sthetik, die Unordnungsphobikern, neutralen Fans und denen, die k\u00fchle Gl\u00fchbirnen wie die Pest meiden, gerecht wird.<\/p>\n<div id=\"ad-unit-1\" class=\"ad-unit\"><\/div>\n<p>Der Look verbindet minimalistische Dekorideen mit warmen Farbschemata, Texturen und Mustern und schafft so einen Einrichtungstrend, der sich lebendig, einladend und genau richtig f\u00fcr das Jahr 2026 anf\u00fchlt.<\/p>\n<aside data-block-type=\"embed\" data-render-type=\"fte\" data-skip=\"dealsy\" data-widget-type=\"seasonal\" class=\"hawk-root\"><\/aside>\n<p id=\"9761faec-6cb8-4adb-9517-338822d866e5-2\">Ich habe es \u00fcberall auftauchen sehen \u2013 von sanft get\u00f6nten K\u00fcchen und mit Leinen umh\u00fcllten Wohnzimmern bis hin zu Schlafzimmern, die in subtile Schichten geh\u00fcllt sind. Es ist ein Look, der zeigt, wo Design gerade steht: ruhig, geerdet und vor allem heimelig. Wenn es beim traditionellen Minimalismus um weniger ging, geht es beim warmen Minimalismus um weniger, aber <em>besser<\/em>.<\/p>\n<div class=\"van_vid_carousel\">\n<div class=\"van_vid_carousel__padding\">\n<div class=\"van_vid_carousel__container\"><\/div>\n<\/div>\n<\/div>\n<h2 id=\"what-is-warm-minimalism-3\">Was ist \u201ewarmer Minimalismus\u201c?<\/h2>\n<figure class=\"van-image-figure inline-layout \" data-bordeaux-image-check id=\"7f934eb4-2bfc-40ea-a64b-4f98f59264ce\">\n<div class=\"image-full-width-wrapper\">\n<div class=\"image-widthsetter\" style=\"max-width:2400px;\"><\/div>\n<\/div>\n<\/figure>\n<p id=\"6e007018-3b52-4ae2-8606-5c194fa15046\">Wie sieht also warmer Minimalismus in der Praxis eigentlich aus? Den Designern zufolge geht es darum, die Kanten weicher zu gestalten, indem sie kr\u00e4ftiges Wei\u00df gegen W\u00e4rme, scharfe Winkel gegen weiche Textur und Perfektion gegen Pers\u00f6nlichkeit austauschen.<\/p>\n<div id=\"ad-unit-2\" class=\"ad-unit\"><\/div>\n<p>Wie Designerin Molly Torres Portnof von DATE Interiors erkl\u00e4rt: \u201eW\u00e4hrend Minimalismus manchmal kahl oder kalt wirken kann, verbindet warmer Minimalismus Einfachheit und Absichtlichkeit mit warmen, erdigen T\u00f6nen, geschichteten Texturen und nat\u00fcrlichen Materialien.\u201c Die Wirkung ist einladend, gem\u00fctlich und sch\u00f6n.\u201c<\/p>\n<p>Designer Sean Symington sagt, dass dieser beruhigende Wandel anhalten wird: \u201eIch denke, wir werden in Zukunft definitiv mehr warme Minimalismus-Trends sehen\u201c, sagt Sean. \u201eUm dies zu erreichen, geht es um Einfachheit mit Seele \u2013 die Schaffung ruhiger R\u00e4ume, die sich dennoch lebendig anf\u00fchlen\u201c, erkl\u00e4rt er.<\/p>\n<p>Und Robin Bird stimmt zu: \u201eWarmer Minimalismus wird definitiv eines der dominierenden Themen f\u00fcr das neue Jahr sein.\u201c \u201eDie Leute werden mutiger in ihren Entscheidungen (juhuu!) und lieben das Gem\u00fctliche.\u201c<\/p>\n<div id=\"slice-container-newsletterForm-articleInbodyContent-dBQSVFLwtR64mRGAj3KzWZ\" class=\"slice-container newsletter-inbodyContent-slice newsletterForm-articleInbodyContent-dBQSVFLwtR64mRGAj3KzWZ slice-container-newsletterForm\"><\/div>\n<figure class=\"van-image-figure inline-layout \" data-bordeaux-image-check id=\"b98f443d-98f4-492c-accf-4abdc274e86d\">\n<div class=\"image-full-width-wrapper\">\n<div class=\"image-widthsetter\" style=\"max-width:2000px;\"><\/div>\n<\/div>\n<\/figure>\n<p id=\"26eb4712-8c43-4476-a569-8f0f82e55154\">\u201eDer warme Minimalismus ist schon seit einiger Zeit in Mode und er wird auch bleiben\u201c, f\u00fcgt Sara Alexander, Gr\u00fcnderin von The Scale Collective, hinzu. \u201eIm Kontext unseres gesch\u00e4ftigen Lebens und der st\u00e4ndigen Nachrichtenflut str\u00f6men die Menschen zum Minimalismus und werden dies auch weiterhin tun, weil sie in einem Raum leben m\u00f6chten, der sich wie ein Zufluchtsort anf\u00fchlt, und in einer Spa-\u00e4hnlichen Umgebung, die sie zu Hause warm umh\u00fcllt.\u201c<\/p>\n<p>Nicht zu verwechseln mit der gem\u00fctlichen Moderne, auch wenn sie sicherlich gemeinsame Designmerkmale haben, geht es beim warmen Minimalismus im Kern darum, die Dinge zur\u00fcckzunehmen (aber nicht zu sehr).<\/p>\n<p>Die Designerin Sarah Ellison von Frank &#038; Faber beschreibt es als \u201eeine Weiterentwicklung einiger der zur\u00fcckhaltenderen Innenr\u00e4ume, die wir im letzten Jahrzehnt gesehen haben\u201c. Er weist die gleiche ruhige Zur\u00fcckhaltung auf wie der klassische Minimalismus, sagt sie, \u201ehat aber nichts von der Strenge oder Strenge.\u201c Es geht darum, R\u00e4ume zu schaffen, die zur\u00fcckhaltend und bedacht wirken, aber dennoch einladend und behaglich wirken.\u201c<\/p>\n<p>F\u00fcr Bethany Adams geht es auch darum, neu zu denken, was Minimalismus sein kann. \u201eMinimalismus hat einen schlechten Ruf, weil er zu kahl und kalt ist \u2013 all diese wei\u00dfen W\u00e4nde und scharfen Ecken\u201c, sagt sie. \u201eDer neue Look greift die Schlichtheit des Originals auf und begr\u00fc\u00dft gleichzeitig sanftere Farben und edlere Materialien.\u201c<\/p>\n<h2 id=\"how-to-get-the-warm-minimalist-look-3\">So erhalten Sie den warmen, minimalistischen Look<\/h2>\n<figure class=\"van-image-figure inline-layout \" data-bordeaux-image-check id=\"9edbef29-fe7b-4dd1-be59-d29288ef2dcf\">\n<div class=\"image-full-width-wrapper\">\n<div class=\"image-widthsetter\" style=\"max-width:2400px;\"><\/div>\n<\/div>\n<\/figure>\n<p id=\"61d8e9cd-4903-45db-87f2-3344c1500efc\">Beim warmen Minimalismus geht es darum, ein Gleichgewicht zu finden \u2013 R\u00e4ume ruhig und zur\u00fcckhaltend zu halten und ihnen gleichzeitig genug W\u00e4rme, Tiefe und Charakter zu verleihen, damit sie sich bewohnt anf\u00fchlen. Dabei geht es nicht darum, einen minimalistischen Raum mit Accessoires zu \u00fcberladen, sondern darum, Textur, Ton und Gef\u00fchl zu \u00fcberlagern.<\/p>\n<p>\u201eWarmer Minimalismus f\u00fchlt sich nie kalt an, sondern vermittelt stattdessen das Gef\u00fchl einer goldenen Stunde \u2013 den Moment, der zum Innehalten und Verweilen einl\u00e4dt \u2013 den man verl\u00e4ngern und genie\u00dfen m\u00f6chte\u201c, f\u00fcgt Sara Alexander hinzu. Von Farben und Materialien bis hin zu einer \u00fcbersichtlichen Zusammenstellung \u2013 hier erfahren Sie, wie Sie diesen umfassenden Trend nach Hause bringen.<\/p>\n<h3 class=\"article-body__section\" id=\"section-1-start-with-soft-color\"><span>1. Beginnen Sie mit Soft Color<\/span><\/h3>\n<figure class=\"van-image-figure inline-layout \" data-bordeaux-image-check id=\"d2d1ce0e-cb72-40c0-9045-334ed3935a1c\">\n<div class=\"image-full-width-wrapper\">\n<div class=\"image-widthsetter\" style=\"max-width:2400px;\"><\/div>\n<\/div>\n<\/figure>\n<p id=\"c3547f88-374e-496b-9bb3-ebd90afa3410\">Wie zu erwarten ist, ist das Dekorieren mit neutralen Farben die Grundlage f\u00fcr warmen Minimalismus. Geben Sie mit Ihrer Farbpalette den richtigen Ton an, und alles andere wird sich von selbst ergeben.<\/p>\n<p>Neben cremigen Wei\u00df-, Taupe- und Erdt\u00f6nen bevorzugen Designer eher Farbt\u00f6ne, die eine sanfte W\u00e4rme vermitteln, als reine Wei\u00dft\u00f6ne oder k\u00fchle Graut\u00f6ne. \u201eF\u00fcr mich geht es beim warmen Minimalismus vor allem darum, R\u00e4ume zu schaffen, die zur\u00fcckhaltend, aber bewusst vielschichtig wirken\u201c, sagt Chelsea Miller vom Good Ave Design Studio. \u201eDer Schl\u00fcssel liegt in der Textur und darin, w\u00e4rmere neutrale T\u00f6ne zu bevorzugen und gleichzeitig k\u00fchlere Farbpaletten zu meiden.\u201c Ich empfehle cremige Wei\u00df-, Taupe- und satte Erdt\u00f6ne, die ein Gef\u00fchl von Ruhe und Tiefe vermitteln.\u201c<\/p>\n<p>\u201eDenken Sie an neutrale Farben wie Pale Oak von Benjamin Moore und Dimity von Farrow &#038; Ball sowie an nat\u00fcrliche Materialien wie Leder, Holz, Leinen und Wolle\u201c, schl\u00e4gt Molly Torres Portnof vor. Diese Farbt\u00f6ne bringen W\u00e4rme ohne Schwere und bilden dennoch einen vollkommen neutralen Hintergrund f\u00fcr den Rest Ihres Entwurfs.<\/p>\n<p>Sean Symington bemerkt au\u00dferdem, dass tiefe Farbt\u00f6ne mit warmen Untert\u00f6nen sofort Tiefe verleihen: \u201eW\u00e4rmere T\u00f6ne wie Ocker, sanfte Terrakottat\u00f6ne und cremige Neutralt\u00f6ne verleihen sofort Tiefe und W\u00e4rme\u201c, f\u00fcgt er hinzu. \u201eDas Durchtr\u00e4nken von Farben eignet sich auch hervorragend f\u00fcr diesen Stil, da es eine mutige, zusammenh\u00e4ngende Aussage macht, ohne zu viel zu bewirken.\u201c Die Idee besteht darin, einen Raum in W\u00e4rme zu h\u00fcllen und so einen nahtlosen, einh\u00fcllenden Effekt zu erzeugen, anstatt sich auf Kontraste zu verlassen.<\/p>\n<h3 class=\"article-body__section\" id=\"section-2-focus-on-texture\"><span>2. Konzentrieren Sie sich auf die Textur<\/span><\/h3>\n<figure class=\"van-image-figure inline-layout \" data-bordeaux-image-check id=\"72ada516-0c3c-4c64-bb3c-4ccebad264eb\">\n<div class=\"image-full-width-wrapper\">\n<div class=\"image-widthsetter\" style=\"max-width:2400px;\"><\/div>\n<\/div>\n<\/figure>\n<p id=\"32e30d3b-cc45-4044-906a-0c7ee69cf79b\">In minimalistischen R\u00e4umen ersetzt die Textur oft das Muster und wird zur Hauptquelle f\u00fcr Reichtum und Tiefe. Und das Gleiche gilt auch f\u00fcr diese \u00c4sthetik.<\/p>\n<p>\u201eBei diesem modernen Projekt (siehe oben) hatten wir das Gef\u00fchl, dass es notwendig sei, W\u00e4rme hinzuzuf\u00fcgen, um die schlichte moderne Architektur abzumildern\u201c, erkl\u00e4rt Designerin Bess Lovern. \u201eWir lieben es, mit den Stoffen und M\u00f6beln eine wirklich neutrale Palette zu schaffen und der Kunst Raum zu lassen, um die Pers\u00f6nlichkeit wirklich zum Ausdruck zu bringen.\u201c<\/p>\n<p>\u201eWir achten gerne darauf, immer unterschiedliche Oberfl\u00e4chen, Materialien und Schattierungen zu integrieren, damit der Raum auch bei monochromatischer und minimalistischer Farbpalette immer noch Charakter hat\u201c, erkl\u00e4rt sie.<\/p>\n<p>Sarah Ellison nennt Textur und Materialit\u00e4t den \u201eSchl\u00fcssel zum Erfolg\u201c dieses Looks und f\u00fcgt hinzu: \u201eKonzentrieren Sie sich auf warme Naturt\u00f6ne wie rohe Eiche, Leinen, Ton und Stein neben gealterten und immer alternden Metallt\u00f6nen\u201c, schl\u00e4gt sie vor. So etwas wie die Weatherford Sconce aus unlackiertem Messing von Rejuvenation w\u00fcrde perfekt funktionieren.<\/p>\n<figure class=\"van-image-figure inline-layout \" data-bordeaux-image-check id=\"bf9d5bd1-4bbb-4211-9d84-807157a569d8\">\n<div class=\"image-full-width-wrapper\">\n<div class=\"image-widthsetter\" style=\"max-width:2400px;\"><\/div>\n<\/div>\n<\/figure>\n<p id=\"3eb23761-e52b-4625-8259-880b86062c99\">\u201eRaumfarbideen sollten einfach gehalten werden, mit einer Farbblock\u00e4sthetik, die einen m\u00f6glichst ruhigen Hintergrund in warmen, von der Natur inspirierten T\u00f6nen wie sanften Neutralt\u00f6nen, Pilzen, ged\u00e4mpftem Ocker und Gr\u00fcnt\u00f6nen bietet\u201c, f\u00fcgt Sarah hinzu.<\/p>\n<p>\u201eDie Heimtextilien sind einfach, aber strukturiert und nat\u00fcrlich, mit langen Vorh\u00e4ngen aus Leinen oder schwerer Baumwolle, gewebten Teppichen und strukturierten Lampenschirmen\u201c, f\u00e4hrt sie fort. \u201eIm warmen Minimalismus lieben wir Unvollkommenheiten mit handgefertigten Fliesen, alten Holzb\u00f6den und nat\u00fcrlich zerknitterter Bettw\u00e4sche.\u201c \u201eF\u00fcr Designer, die in historischen oder l\u00e4ndlichen H\u00e4usern arbeiten, bietet der warme Minimalismus eine ideale Br\u00fccke zwischen Alt und Neu und l\u00e4sst den urspr\u00fcnglichen Charakter in einem ruhigen, zeitgen\u00f6ssischen Rahmen atmen.\u201c<\/p>\n<p>Um diesen Lagenlook zu meistern, sollten Sie auch \u00fcber Textilien hinausdenken. \u201eWenn Sie \u00fcber das n\u00f6tige Budget verf\u00fcgen, macht Putz jeden Raum weicher und verleiht ihm F\u00fclle und Tiefe\u201c, schl\u00e4gt Robin vor. Erw\u00e4gen Sie taktile Oberfl\u00e4chen, gealterte Beschl\u00e4ge sowie Stein- oder Marmorelemente, um sofort W\u00e4rme zu verleihen. Der Kimberly-Beistelltisch von Lulu and Georgia kombiniert br\u00fcniertes Messing und warmen Marmor, um den Look zu kombinieren, w\u00e4hrend Robin vorschl\u00e4gt, Kissenbez\u00fcge auszutauschen und eine bequeme Steppdecke hinzuzuf\u00fcgen.<\/p>\n<h3 class=\"article-body__section\" id=\"section-3-layer-with-warmth\"><span>3. Schicht mit W\u00e4rme<\/span><\/h3>\n<figure class=\"van-image-figure inline-layout \" data-bordeaux-image-check id=\"5be92e8e-2ac1-4dce-9ce3-ec8d3ead76e1\">\n<div class=\"image-full-width-wrapper\">\n<div class=\"image-widthsetter\" style=\"max-width:2000px;\"><\/div>\n<\/div>\n<\/figure>\n<p id=\"940569bc-7c2a-43d4-abb4-6c05ff64a7fa\">Sobald die Grundlagen geschaffen sind, ist es die Schichtung, die dem Plan Leben einhaucht. Warmer Minimalismus beginnt vielleicht mit Zur\u00fcckhaltung, aber seine Seele findet er in St\u00fccken, die Weichheit, Licht und Pers\u00f6nlichkeit verleihen.<\/p>\n<p>F\u00fcr die Designerin Lauren Gilberthorpe geht es dabei nicht nur darum, wie sich ein Raum anf\u00fchlt, sondern auch darum, wie er aussieht. \u201eSanfte Farben und Texturen spielen eine wichtige Rolle, aber auch das Verst\u00e4ndnis des Lichts in einem Zuhause kann einen gro\u00dfen Einfluss haben\u201c, r\u00e4t sie. \u201eK\u00fcnstliche Beleuchtung kann dazu f\u00fchren, dass ein Raum kahl wirkt, wenn er nicht sorgf\u00e4ltig gestaltet wird.\u201c \u201eW\u00e4rme kommt sowohl durch die Materialien als auch durch die Umgebung.\u201c Designer empfehlen, Ihre Gl\u00fchbirnen gegen dimmbare 2700K warmwei\u00dfe Gl\u00fchbirnen auszutauschen, um eine zus\u00e4tzliche Atmosph\u00e4re zu schaffen.<\/p>\n<p>\u201eBer\u00fccksichtigen Sie beim Entwerfen auch alle unsere Sinne \u2013 wie ein Raum aussieht, sich anf\u00fchlt und sogar riecht\u201c, f\u00fcgt sie hinzu. \u201eGeruch weckt sofort die Sinne und tr\u00e4gt zur Atmosph\u00e4re bei.\u201c<\/p>\n<p>\u201eEine einfache Anleitung zum Kreieren dieses Looks besteht darin, in wichtige M\u00f6belst\u00fccke zu investieren, \u00e4hnlich wie die Auswahl der Basics f\u00fcr eine Capsule-Garderobe\u201c, f\u00e4hrt Lauren fort. \u201eDas sind St\u00fccke, die zeitlos sind und den Raum verankern.\u201c Von dort aus langsam Materialien, Kunstwerke und Teppiche auftragen. Teppiche sind besonders wichtig, da sie sowohl optisch als auch physisch W\u00e4rme erzeugen. Durchdachte Accessoires, Kissen und \u00dcberw\u00fcrfe runden den Raum ab und verleihen ihm Charakter.\u201c<\/p>\n<h3 class=\"article-body__section\" id=\"section-4-curate-don-t-clutter\"><span>4. Kuratieren, nicht \u00fcberladen<\/span><\/h3>\n<figure class=\"van-image-figure inline-layout \" data-bordeaux-image-check id=\"030a2023-90ed-4665-b912-70b2cdb73794\">\n<div class=\"image-full-width-wrapper\">\n<div class=\"image-widthsetter\" style=\"max-width:3750px;\"><\/div>\n<\/div>\n<\/figure>\n<p id=\"53f65ddd-c762-4c18-aad6-80f8ce408ac1\">Schlie\u00dflich ist es die Zur\u00fcckhaltung, die warmen Minimalismus von schlichter Gem\u00fctlichkeit unterscheidet. Das Ziel besteht nicht darin, einen Raum zu f\u00fcllen, sondern ihn zu verfeinern und das Unn\u00f6tige zu reduzieren, damit die besten Teile gl\u00e4nzen k\u00f6nnen. \u201eDie Idee besteht darin, H\u00e4user so zu versch\u00f6nern, dass sie komfortabel, aber aufger\u00e4umt sind\u201c, sagt Lauren.<\/p>\n<p>\u201eDer beste Weg, den Trend auszuprobieren, besteht darin, eine zur\u00fcckhaltende Farbpalette zu w\u00e4hlen und auf die luxuri\u00f6sen Schichten und Musterspiele zu verzichten, die einen Raum in Richtung Maximalismus f\u00fchren k\u00f6nnen\u201c, r\u00e4t Bethany. \u201eTiefe, kr\u00e4ftige Farbt\u00f6ne helfen ebenso wie die Einrichtung mit nat\u00fcrlichen Materialien: Denken Sie an Stein, Holz, Metall.\u201c Halten Sie es vor allem einfach und ruhig, dann wird Ihr Raum sowohl warm als auch beruhigend sein.\u201c<\/p>\n<p>Sarah Ellison schlie\u00dft sich dieser Meinung an und f\u00fcgt hinzu: \u201eDekorationsst\u00fccke werden sparsam ausgew\u00e4hlt, aber jedes einzelne erz\u00e4hlt eine Geschichte, hat eine taktile Qualit\u00e4t und einen ausgepr\u00e4gten Sinn f\u00fcr Geschichte und Charakter.\u201c Es geht nicht um die Abwesenheit von <em>Dinge<\/em>aber das Vorhandensein genau der richtigen Teile.<\/p>\n<h2 id=\"shop-the-look-3\">Shoppen Sie den Look<\/h2>\n<div class=\"product-container hero-product-container product-block-no-wrap\">\n<div class=\"product-block-row\"><\/div>\n<div class=\"product-block-row\"><\/div>\n<div class=\"product-block-row\"><\/div>\n<div class=\"product-block-row\"><\/div>\n<div class=\"product-block-row\"><\/div>\n<div class=\"product-block-row\"><\/div>\n<\/div>\n<hr id=\"88b3375a-4a2f-4ad5-8230-e75e67d236de\">\n<p id=\"a7452119-3932-45c3-8c53-908a4f132eed\">Nach Jahren der Extreme, mit der k\u00fchlen Zur\u00fcckhaltung des Minimalismus auf der einen und der \u00fcberschw\u00e4nglichen Schichtung des Maximalismus auf der anderen Seite, fungiert der warme Minimalismus als beruhigende Br\u00fccke zwischen beiden. Ruhig, aber charaktervoll, einfach, aber niemals steril. Wenn Sie auf der Suche nach mehr Inspiration sind, werfen Sie einen Blick auf die Lieblingsdekorationen der Designerin Molly Kidd mit warmem Minimalismus.<\/p>\n<\/div>\n","protected":false},"excerpt":{"rendered":"<p>Warmer Minimalismus stellt k\u00fchle, klinische Innenr\u00e4ume auf den Kopf und ist eine Design\u00e4sthetik, die Unordnungsphobikern, neutralen Fans und denen, die k\u00fchle Gl\u00fchbirnen wie die Pest<\/p>\n","protected":false},"author":1,"featured_media":8966,"comment_status":"closed","ping_status":"","sticky":false,"template":"","format":"standard","meta":{"footnotes":""},"categories":[118],"tags":[176,46,112,51,91,81,216,113,129,634,15,384,3572,3825,61,284,165,504,5180,21,1973,10533,27],"class_list":["post-8965","post","type-post","status-publish","format-standard","has-post-thumbnail","hentry","category-haus-garten","tag-alle","tag-auf","tag-das","tag-dass","tag-dem","tag-der","tag-designer","tag-groesste","tag-ich","tag-ihn","tag-ist","tag-jahr","tag-minimalismus","tag-naechstes","tag-nicht","tag-sagen","tag-sie","tag-trend","tag-uebernehmen","tag-von","tag-waermer","tag-warte","tag-werden","generate-columns","tablet-grid-50","mobile-grid-100","grid-parent","grid-50"],"yoast_head":"<!-- This site is optimized with the Yoast SEO plugin v27.3 - https:\/\/yoast.com\/product\/yoast-seo-wordpress\/ -->\n<title>Ich warte nicht auf das Jahr 2026 \u2013 \u201eWarmer Minimalismus\u201c ist der gr\u00f6\u00dfte Trend, von dem Designer sagen, dass sie ihn n\u00e4chstes Jahr alle \u00fcbernehmen werden - Nachrichten - Stra\u00dfenweb<\/title>\n<meta name=\"robots\" content=\"index, follow, max-snippet:-1, max-image-preview:large, max-video-preview:-1\" \/>\n<link rel=\"canonical\" href=\"https:\/\/www.strassenweb.de\/nachrichten\/ich-warte-nicht-auf-das-jahr-2026-warmer-minimalismus-ist-der-groesste-trend-von-dem-designer-sagen-dass-sie-ihn-naechstes-jahr-alle-uebernehmen-werden\/\" \/>\n<meta property=\"og:locale\" content=\"de_DE\" \/>\n<meta property=\"og:type\" content=\"article\" \/>\n<meta property=\"og:title\" content=\"Ich warte nicht auf das Jahr 2026 \u2013 \u201eWarmer Minimalismus\u201c ist der gr\u00f6\u00dfte Trend, von dem Designer sagen, dass sie ihn n\u00e4chstes Jahr alle \u00fcbernehmen werden - Nachrichten - Stra\u00dfenweb\" \/>\n<meta property=\"og:description\" content=\"Warmer Minimalismus stellt k\u00fchle, klinische Innenr\u00e4ume auf den Kopf und ist eine Design\u00e4sthetik, die Unordnungsphobikern, neutralen Fans und denen, die k\u00fchle Gl\u00fchbirnen wie die Pest\" \/>\n<meta property=\"og:url\" content=\"https:\/\/www.strassenweb.de\/nachrichten\/ich-warte-nicht-auf-das-jahr-2026-warmer-minimalismus-ist-der-groesste-trend-von-dem-designer-sagen-dass-sie-ihn-naechstes-jahr-alle-uebernehmen-werden\/\" \/>\n<meta property=\"og:site_name\" content=\"Stra\u00dfenweb\" \/>\n<meta property=\"article:publisher\" content=\"https:\/\/www.facebook.com\/strassenweb\/\" \/>\n<meta property=\"article:published_time\" content=\"2025-11-02T08:39:26+00:00\" \/>\n<meta property=\"article:modified_time\" content=\"2025-11-02T08:39:27+00:00\" \/>\n<meta property=\"og:image\" content=\"https:\/\/www.strassenweb.de\/nachrichten\/wp-content\/uploads\/2025\/11\/Ich-warte-nicht-auf-das-Jahr-2026-\u2013-\u201eWarmer-Minimalismus.jpg\" \/>\n\t<meta property=\"og:image:width\" content=\"1600\" \/>\n\t<meta property=\"og:image:height\" content=\"900\" \/>\n\t<meta property=\"og:image:type\" content=\"image\/jpeg\" \/>\n<meta name=\"author\" content=\"Robert Hoffmann\" \/>\n<meta name=\"twitter:card\" content=\"summary_large_image\" \/>\n<meta name=\"twitter:label1\" content=\"Verfasst von\" \/>\n\t<meta name=\"twitter:data1\" content=\"Robert Hoffmann\" \/>\n\t<meta name=\"twitter:label2\" content=\"Gesch\u00e4tzte Lesezeit\" \/>\n\t<meta name=\"twitter:data2\" content=\"9\u00a0Minuten\" \/>\n<script type=\"application\/ld+json\" class=\"yoast-schema-graph\">{\"@context\":\"https:\\\/\\\/schema.org\",\"@graph\":[{\"@type\":\"Article\",\"@id\":\"https:\\\/\\\/www.strassenweb.de\\\/nachrichten\\\/ich-warte-nicht-auf-das-jahr-2026-warmer-minimalismus-ist-der-groesste-trend-von-dem-designer-sagen-dass-sie-ihn-naechstes-jahr-alle-uebernehmen-werden\\\/#article\",\"isPartOf\":{\"@id\":\"https:\\\/\\\/www.strassenweb.de\\\/nachrichten\\\/ich-warte-nicht-auf-das-jahr-2026-warmer-minimalismus-ist-der-groesste-trend-von-dem-designer-sagen-dass-sie-ihn-naechstes-jahr-alle-uebernehmen-werden\\\/\"},\"author\":{\"name\":\"Robert Hoffmann\",\"@id\":\"https:\\\/\\\/www.strassenweb.de\\\/nachrichten\\\/#\\\/schema\\\/person\\\/87c9c9067f1211da429a744dc5a5aa41\"},\"headline\":\"Ich warte nicht auf das Jahr 2026 \u2013 \u201eWarmer Minimalismus\u201c ist der gr\u00f6\u00dfte Trend, von dem Designer sagen, dass sie ihn n\u00e4chstes Jahr alle \u00fcbernehmen werden\",\"datePublished\":\"2025-11-02T08:39:26+00:00\",\"dateModified\":\"2025-11-02T08:39:27+00:00\",\"mainEntityOfPage\":{\"@id\":\"https:\\\/\\\/www.strassenweb.de\\\/nachrichten\\\/ich-warte-nicht-auf-das-jahr-2026-warmer-minimalismus-ist-der-groesste-trend-von-dem-designer-sagen-dass-sie-ihn-naechstes-jahr-alle-uebernehmen-werden\\\/\"},\"wordCount\":1869,\"publisher\":{\"@id\":\"https:\\\/\\\/www.strassenweb.de\\\/nachrichten\\\/#organization\"},\"image\":{\"@id\":\"https:\\\/\\\/www.strassenweb.de\\\/nachrichten\\\/ich-warte-nicht-auf-das-jahr-2026-warmer-minimalismus-ist-der-groesste-trend-von-dem-designer-sagen-dass-sie-ihn-naechstes-jahr-alle-uebernehmen-werden\\\/#primaryimage\"},\"thumbnailUrl\":\"https:\\\/\\\/www.strassenweb.de\\\/nachrichten\\\/wp-content\\\/uploads\\\/2025\\\/11\\\/Ich-warte-nicht-auf-das-Jahr-2026-\u2013-\u201eWarmer-Minimalismus.jpg\",\"keywords\":[\"alle\",\"auf\",\"das\",\"dass\",\"dem\",\"der\",\"Designer\",\"gr\u00f6\u00dfte\",\"ich\",\"ihn\",\"ist\",\"Jahr\",\"Minimalismus\",\"n\u00e4chstes\",\"nicht\",\"sagen\",\"Sie\",\"Trend\",\"\u00fcbernehmen\",\"von\",\"w\u00e4rmer\",\"warte\",\"werden\"],\"articleSection\":[\"Haus &amp; Garten\"],\"inLanguage\":\"de\"},{\"@type\":\"WebPage\",\"@id\":\"https:\\\/\\\/www.strassenweb.de\\\/nachrichten\\\/ich-warte-nicht-auf-das-jahr-2026-warmer-minimalismus-ist-der-groesste-trend-von-dem-designer-sagen-dass-sie-ihn-naechstes-jahr-alle-uebernehmen-werden\\\/\",\"url\":\"https:\\\/\\\/www.strassenweb.de\\\/nachrichten\\\/ich-warte-nicht-auf-das-jahr-2026-warmer-minimalismus-ist-der-groesste-trend-von-dem-designer-sagen-dass-sie-ihn-naechstes-jahr-alle-uebernehmen-werden\\\/\",\"name\":\"Ich warte nicht auf das Jahr 2026 \u2013 \u201eWarmer Minimalismus\u201c ist der gr\u00f6\u00dfte Trend, von dem Designer sagen, dass sie ihn n\u00e4chstes Jahr alle \u00fcbernehmen werden - Nachrichten - Stra\u00dfenweb\",\"isPartOf\":{\"@id\":\"https:\\\/\\\/www.strassenweb.de\\\/nachrichten\\\/#website\"},\"primaryImageOfPage\":{\"@id\":\"https:\\\/\\\/www.strassenweb.de\\\/nachrichten\\\/ich-warte-nicht-auf-das-jahr-2026-warmer-minimalismus-ist-der-groesste-trend-von-dem-designer-sagen-dass-sie-ihn-naechstes-jahr-alle-uebernehmen-werden\\\/#primaryimage\"},\"image\":{\"@id\":\"https:\\\/\\\/www.strassenweb.de\\\/nachrichten\\\/ich-warte-nicht-auf-das-jahr-2026-warmer-minimalismus-ist-der-groesste-trend-von-dem-designer-sagen-dass-sie-ihn-naechstes-jahr-alle-uebernehmen-werden\\\/#primaryimage\"},\"thumbnailUrl\":\"https:\\\/\\\/www.strassenweb.de\\\/nachrichten\\\/wp-content\\\/uploads\\\/2025\\\/11\\\/Ich-warte-nicht-auf-das-Jahr-2026-\u2013-\u201eWarmer-Minimalismus.jpg\",\"datePublished\":\"2025-11-02T08:39:26+00:00\",\"dateModified\":\"2025-11-02T08:39:27+00:00\",\"breadcrumb\":{\"@id\":\"https:\\\/\\\/www.strassenweb.de\\\/nachrichten\\\/ich-warte-nicht-auf-das-jahr-2026-warmer-minimalismus-ist-der-groesste-trend-von-dem-designer-sagen-dass-sie-ihn-naechstes-jahr-alle-uebernehmen-werden\\\/#breadcrumb\"},\"inLanguage\":\"de\",\"potentialAction\":[{\"@type\":\"ReadAction\",\"target\":[\"https:\\\/\\\/www.strassenweb.de\\\/nachrichten\\\/ich-warte-nicht-auf-das-jahr-2026-warmer-minimalismus-ist-der-groesste-trend-von-dem-designer-sagen-dass-sie-ihn-naechstes-jahr-alle-uebernehmen-werden\\\/\"]}]},{\"@type\":\"ImageObject\",\"inLanguage\":\"de\",\"@id\":\"https:\\\/\\\/www.strassenweb.de\\\/nachrichten\\\/ich-warte-nicht-auf-das-jahr-2026-warmer-minimalismus-ist-der-groesste-trend-von-dem-designer-sagen-dass-sie-ihn-naechstes-jahr-alle-uebernehmen-werden\\\/#primaryimage\",\"url\":\"https:\\\/\\\/www.strassenweb.de\\\/nachrichten\\\/wp-content\\\/uploads\\\/2025\\\/11\\\/Ich-warte-nicht-auf-das-Jahr-2026-\u2013-\u201eWarmer-Minimalismus.jpg\",\"contentUrl\":\"https:\\\/\\\/www.strassenweb.de\\\/nachrichten\\\/wp-content\\\/uploads\\\/2025\\\/11\\\/Ich-warte-nicht-auf-das-Jahr-2026-\u2013-\u201eWarmer-Minimalismus.jpg\",\"width\":1600,\"height\":900,\"caption\":\"warm minimalist living room with all neutral decor, a wrought iron coffee table, arm chairs with foliage printed cushions and a skirted couch\"},{\"@type\":\"BreadcrumbList\",\"@id\":\"https:\\\/\\\/www.strassenweb.de\\\/nachrichten\\\/ich-warte-nicht-auf-das-jahr-2026-warmer-minimalismus-ist-der-groesste-trend-von-dem-designer-sagen-dass-sie-ihn-naechstes-jahr-alle-uebernehmen-werden\\\/#breadcrumb\",\"itemListElement\":[{\"@type\":\"ListItem\",\"position\":1,\"name\":\"Home\",\"item\":\"https:\\\/\\\/www.strassenweb.de\\\/nachrichten\\\/\"},{\"@type\":\"ListItem\",\"position\":2,\"name\":\"Ich warte nicht auf das Jahr 2026 \u2013 \u201eWarmer Minimalismus\u201c ist der gr\u00f6\u00dfte Trend, von dem Designer sagen, dass sie ihn n\u00e4chstes Jahr alle \u00fcbernehmen werden\"}]},{\"@type\":\"WebSite\",\"@id\":\"https:\\\/\\\/www.strassenweb.de\\\/nachrichten\\\/#website\",\"url\":\"https:\\\/\\\/www.strassenweb.de\\\/nachrichten\\\/\",\"name\":\"Stra\u00dfenweb\",\"description\":\"Stra\u00dfenverzeichnis f\u00fcr Deutschland\",\"publisher\":{\"@id\":\"https:\\\/\\\/www.strassenweb.de\\\/nachrichten\\\/#organization\"},\"potentialAction\":[{\"@type\":\"SearchAction\",\"target\":{\"@type\":\"EntryPoint\",\"urlTemplate\":\"https:\\\/\\\/www.strassenweb.de\\\/nachrichten\\\/?s={search_term_string}\"},\"query-input\":{\"@type\":\"PropertyValueSpecification\",\"valueRequired\":true,\"valueName\":\"search_term_string\"}}],\"inLanguage\":\"de\"},{\"@type\":\"Organization\",\"@id\":\"https:\\\/\\\/www.strassenweb.de\\\/nachrichten\\\/#organization\",\"name\":\"Stra\u00dfenweb\",\"url\":\"https:\\\/\\\/www.strassenweb.de\\\/nachrichten\\\/\",\"logo\":{\"@type\":\"ImageObject\",\"inLanguage\":\"de\",\"@id\":\"https:\\\/\\\/www.strassenweb.de\\\/nachrichten\\\/#\\\/schema\\\/logo\\\/image\\\/\",\"url\":\"https:\\\/\\\/www.strassenweb.de\\\/nachrichten\\\/wp-content\\\/uploads\\\/2024\\\/09\\\/cropped-favicon.png\",\"contentUrl\":\"https:\\\/\\\/www.strassenweb.de\\\/nachrichten\\\/wp-content\\\/uploads\\\/2024\\\/09\\\/cropped-favicon.png\",\"width\":512,\"height\":512,\"caption\":\"Stra\u00dfenweb\"},\"image\":{\"@id\":\"https:\\\/\\\/www.strassenweb.de\\\/nachrichten\\\/#\\\/schema\\\/logo\\\/image\\\/\"},\"sameAs\":[\"https:\\\/\\\/www.facebook.com\\\/strassenweb\\\/\"]},{\"@type\":\"Person\",\"@id\":\"https:\\\/\\\/www.strassenweb.de\\\/nachrichten\\\/#\\\/schema\\\/person\\\/87c9c9067f1211da429a744dc5a5aa41\",\"name\":\"Robert Hoffmann\",\"image\":{\"@type\":\"ImageObject\",\"inLanguage\":\"de\",\"@id\":\"https:\\\/\\\/www.strassenweb.de\\\/nachrichten\\\/wp-content\\\/uploads\\\/2024\\\/09\\\/strassenweb-150x150.jpg\",\"url\":\"https:\\\/\\\/www.strassenweb.de\\\/nachrichten\\\/wp-content\\\/uploads\\\/2024\\\/09\\\/strassenweb-150x150.jpg\",\"contentUrl\":\"https:\\\/\\\/www.strassenweb.de\\\/nachrichten\\\/wp-content\\\/uploads\\\/2024\\\/09\\\/strassenweb-150x150.jpg\",\"caption\":\"Robert Hoffmann\"},\"description\":\"Ich hei\u00dfe Robert Hoffmann und ich bin ein leidenschaftlicher Verfechter von \u00d6kologie und Biodiversit\u00e4t. Seit meiner Kindheit in den W\u00e4ldern Bayerns f\u00fchle ich mich mit der Natur verbunden und bin entschlossen, sie zu sch\u00fctzen. Heute widme ich mein Leben der Sensibilisierung anderer f\u00fcr die Bedeutung des Umweltschutzes f\u00fcr zuk\u00fcnftige Generationen.\",\"sameAs\":[\"https:\\\/\\\/www.strassenweb.de\\\/\"]}]}<\/script>\n<!-- \/ Yoast SEO plugin. -->","yoast_head_json":{"title":"Ich warte nicht auf das Jahr 2026 \u2013 \u201eWarmer Minimalismus\u201c ist der gr\u00f6\u00dfte Trend, von dem Designer sagen, dass sie ihn n\u00e4chstes Jahr alle \u00fcbernehmen werden - Nachrichten - Stra\u00dfenweb","robots":{"index":"index","follow":"follow","max-snippet":"max-snippet:-1","max-image-preview":"max-image-preview:large","max-video-preview":"max-video-preview:-1"},"canonical":"https:\/\/www.strassenweb.de\/nachrichten\/ich-warte-nicht-auf-das-jahr-2026-warmer-minimalismus-ist-der-groesste-trend-von-dem-designer-sagen-dass-sie-ihn-naechstes-jahr-alle-uebernehmen-werden\/","og_locale":"de_DE","og_type":"article","og_title":"Ich warte nicht auf das Jahr 2026 \u2013 \u201eWarmer Minimalismus\u201c ist der gr\u00f6\u00dfte Trend, von dem Designer sagen, dass sie ihn n\u00e4chstes Jahr alle \u00fcbernehmen werden - Nachrichten - Stra\u00dfenweb","og_description":"Warmer Minimalismus stellt k\u00fchle, klinische Innenr\u00e4ume auf den Kopf und ist eine Design\u00e4sthetik, die Unordnungsphobikern, neutralen Fans und denen, die k\u00fchle Gl\u00fchbirnen wie die Pest","og_url":"https:\/\/www.strassenweb.de\/nachrichten\/ich-warte-nicht-auf-das-jahr-2026-warmer-minimalismus-ist-der-groesste-trend-von-dem-designer-sagen-dass-sie-ihn-naechstes-jahr-alle-uebernehmen-werden\/","og_site_name":"Stra\u00dfenweb","article_publisher":"https:\/\/www.facebook.com\/strassenweb\/","article_published_time":"2025-11-02T08:39:26+00:00","article_modified_time":"2025-11-02T08:39:27+00:00","og_image":[{"width":1600,"height":900,"url":"https:\/\/www.strassenweb.de\/nachrichten\/wp-content\/uploads\/2025\/11\/Ich-warte-nicht-auf-das-Jahr-2026-\u2013-\u201eWarmer-Minimalismus.jpg","type":"image\/jpeg"}],"author":"Robert Hoffmann","twitter_card":"summary_large_image","twitter_misc":{"Verfasst von":"Robert Hoffmann","Gesch\u00e4tzte Lesezeit":"9\u00a0Minuten"},"schema":{"@context":"https:\/\/schema.org","@graph":[{"@type":"Article","@id":"https:\/\/www.strassenweb.de\/nachrichten\/ich-warte-nicht-auf-das-jahr-2026-warmer-minimalismus-ist-der-groesste-trend-von-dem-designer-sagen-dass-sie-ihn-naechstes-jahr-alle-uebernehmen-werden\/#article","isPartOf":{"@id":"https:\/\/www.strassenweb.de\/nachrichten\/ich-warte-nicht-auf-das-jahr-2026-warmer-minimalismus-ist-der-groesste-trend-von-dem-designer-sagen-dass-sie-ihn-naechstes-jahr-alle-uebernehmen-werden\/"},"author":{"name":"Robert Hoffmann","@id":"https:\/\/www.strassenweb.de\/nachrichten\/#\/schema\/person\/87c9c9067f1211da429a744dc5a5aa41"},"headline":"Ich warte nicht auf das Jahr 2026 \u2013 \u201eWarmer Minimalismus\u201c ist der gr\u00f6\u00dfte Trend, von dem Designer sagen, dass sie ihn n\u00e4chstes Jahr alle \u00fcbernehmen werden","datePublished":"2025-11-02T08:39:26+00:00","dateModified":"2025-11-02T08:39:27+00:00","mainEntityOfPage":{"@id":"https:\/\/www.strassenweb.de\/nachrichten\/ich-warte-nicht-auf-das-jahr-2026-warmer-minimalismus-ist-der-groesste-trend-von-dem-designer-sagen-dass-sie-ihn-naechstes-jahr-alle-uebernehmen-werden\/"},"wordCount":1869,"publisher":{"@id":"https:\/\/www.strassenweb.de\/nachrichten\/#organization"},"image":{"@id":"https:\/\/www.strassenweb.de\/nachrichten\/ich-warte-nicht-auf-das-jahr-2026-warmer-minimalismus-ist-der-groesste-trend-von-dem-designer-sagen-dass-sie-ihn-naechstes-jahr-alle-uebernehmen-werden\/#primaryimage"},"thumbnailUrl":"https:\/\/www.strassenweb.de\/nachrichten\/wp-content\/uploads\/2025\/11\/Ich-warte-nicht-auf-das-Jahr-2026-\u2013-\u201eWarmer-Minimalismus.jpg","keywords":["alle","auf","das","dass","dem","der","Designer","gr\u00f6\u00dfte","ich","ihn","ist","Jahr","Minimalismus","n\u00e4chstes","nicht","sagen","Sie","Trend","\u00fcbernehmen","von","w\u00e4rmer","warte","werden"],"articleSection":["Haus &amp; Garten"],"inLanguage":"de"},{"@type":"WebPage","@id":"https:\/\/www.strassenweb.de\/nachrichten\/ich-warte-nicht-auf-das-jahr-2026-warmer-minimalismus-ist-der-groesste-trend-von-dem-designer-sagen-dass-sie-ihn-naechstes-jahr-alle-uebernehmen-werden\/","url":"https:\/\/www.strassenweb.de\/nachrichten\/ich-warte-nicht-auf-das-jahr-2026-warmer-minimalismus-ist-der-groesste-trend-von-dem-designer-sagen-dass-sie-ihn-naechstes-jahr-alle-uebernehmen-werden\/","name":"Ich warte nicht auf das Jahr 2026 \u2013 \u201eWarmer Minimalismus\u201c ist der gr\u00f6\u00dfte Trend, von dem Designer sagen, dass sie ihn n\u00e4chstes Jahr alle \u00fcbernehmen werden - Nachrichten - Stra\u00dfenweb","isPartOf":{"@id":"https:\/\/www.strassenweb.de\/nachrichten\/#website"},"primaryImageOfPage":{"@id":"https:\/\/www.strassenweb.de\/nachrichten\/ich-warte-nicht-auf-das-jahr-2026-warmer-minimalismus-ist-der-groesste-trend-von-dem-designer-sagen-dass-sie-ihn-naechstes-jahr-alle-uebernehmen-werden\/#primaryimage"},"image":{"@id":"https:\/\/www.strassenweb.de\/nachrichten\/ich-warte-nicht-auf-das-jahr-2026-warmer-minimalismus-ist-der-groesste-trend-von-dem-designer-sagen-dass-sie-ihn-naechstes-jahr-alle-uebernehmen-werden\/#primaryimage"},"thumbnailUrl":"https:\/\/www.strassenweb.de\/nachrichten\/wp-content\/uploads\/2025\/11\/Ich-warte-nicht-auf-das-Jahr-2026-\u2013-\u201eWarmer-Minimalismus.jpg","datePublished":"2025-11-02T08:39:26+00:00","dateModified":"2025-11-02T08:39:27+00:00","breadcrumb":{"@id":"https:\/\/www.strassenweb.de\/nachrichten\/ich-warte-nicht-auf-das-jahr-2026-warmer-minimalismus-ist-der-groesste-trend-von-dem-designer-sagen-dass-sie-ihn-naechstes-jahr-alle-uebernehmen-werden\/#breadcrumb"},"inLanguage":"de","potentialAction":[{"@type":"ReadAction","target":["https:\/\/www.strassenweb.de\/nachrichten\/ich-warte-nicht-auf-das-jahr-2026-warmer-minimalismus-ist-der-groesste-trend-von-dem-designer-sagen-dass-sie-ihn-naechstes-jahr-alle-uebernehmen-werden\/"]}]},{"@type":"ImageObject","inLanguage":"de","@id":"https:\/\/www.strassenweb.de\/nachrichten\/ich-warte-nicht-auf-das-jahr-2026-warmer-minimalismus-ist-der-groesste-trend-von-dem-designer-sagen-dass-sie-ihn-naechstes-jahr-alle-uebernehmen-werden\/#primaryimage","url":"https:\/\/www.strassenweb.de\/nachrichten\/wp-content\/uploads\/2025\/11\/Ich-warte-nicht-auf-das-Jahr-2026-\u2013-\u201eWarmer-Minimalismus.jpg","contentUrl":"https:\/\/www.strassenweb.de\/nachrichten\/wp-content\/uploads\/2025\/11\/Ich-warte-nicht-auf-das-Jahr-2026-\u2013-\u201eWarmer-Minimalismus.jpg","width":1600,"height":900,"caption":"warm minimalist living room with all neutral decor, a wrought iron coffee table, arm chairs with foliage printed cushions and a skirted couch"},{"@type":"BreadcrumbList","@id":"https:\/\/www.strassenweb.de\/nachrichten\/ich-warte-nicht-auf-das-jahr-2026-warmer-minimalismus-ist-der-groesste-trend-von-dem-designer-sagen-dass-sie-ihn-naechstes-jahr-alle-uebernehmen-werden\/#breadcrumb","itemListElement":[{"@type":"ListItem","position":1,"name":"Home","item":"https:\/\/www.strassenweb.de\/nachrichten\/"},{"@type":"ListItem","position":2,"name":"Ich warte nicht auf das Jahr 2026 \u2013 \u201eWarmer Minimalismus\u201c ist der gr\u00f6\u00dfte Trend, von dem Designer sagen, dass sie ihn n\u00e4chstes Jahr alle \u00fcbernehmen werden"}]},{"@type":"WebSite","@id":"https:\/\/www.strassenweb.de\/nachrichten\/#website","url":"https:\/\/www.strassenweb.de\/nachrichten\/","name":"Stra\u00dfenweb","description":"Stra\u00dfenverzeichnis f\u00fcr Deutschland","publisher":{"@id":"https:\/\/www.strassenweb.de\/nachrichten\/#organization"},"potentialAction":[{"@type":"SearchAction","target":{"@type":"EntryPoint","urlTemplate":"https:\/\/www.strassenweb.de\/nachrichten\/?s={search_term_string}"},"query-input":{"@type":"PropertyValueSpecification","valueRequired":true,"valueName":"search_term_string"}}],"inLanguage":"de"},{"@type":"Organization","@id":"https:\/\/www.strassenweb.de\/nachrichten\/#organization","name":"Stra\u00dfenweb","url":"https:\/\/www.strassenweb.de\/nachrichten\/","logo":{"@type":"ImageObject","inLanguage":"de","@id":"https:\/\/www.strassenweb.de\/nachrichten\/#\/schema\/logo\/image\/","url":"https:\/\/www.strassenweb.de\/nachrichten\/wp-content\/uploads\/2024\/09\/cropped-favicon.png","contentUrl":"https:\/\/www.strassenweb.de\/nachrichten\/wp-content\/uploads\/2024\/09\/cropped-favicon.png","width":512,"height":512,"caption":"Stra\u00dfenweb"},"image":{"@id":"https:\/\/www.strassenweb.de\/nachrichten\/#\/schema\/logo\/image\/"},"sameAs":["https:\/\/www.facebook.com\/strassenweb\/"]},{"@type":"Person","@id":"https:\/\/www.strassenweb.de\/nachrichten\/#\/schema\/person\/87c9c9067f1211da429a744dc5a5aa41","name":"Robert Hoffmann","image":{"@type":"ImageObject","inLanguage":"de","@id":"https:\/\/www.strassenweb.de\/nachrichten\/wp-content\/uploads\/2024\/09\/strassenweb-150x150.jpg","url":"https:\/\/www.strassenweb.de\/nachrichten\/wp-content\/uploads\/2024\/09\/strassenweb-150x150.jpg","contentUrl":"https:\/\/www.strassenweb.de\/nachrichten\/wp-content\/uploads\/2024\/09\/strassenweb-150x150.jpg","caption":"Robert Hoffmann"},"description":"Ich hei\u00dfe Robert Hoffmann und ich bin ein leidenschaftlicher Verfechter von \u00d6kologie und Biodiversit\u00e4t. Seit meiner Kindheit in den W\u00e4ldern Bayerns f\u00fchle ich mich mit der Natur verbunden und bin entschlossen, sie zu sch\u00fctzen. Heute widme ich mein Leben der Sensibilisierung anderer f\u00fcr die Bedeutung des Umweltschutzes f\u00fcr zuk\u00fcnftige Generationen.","sameAs":["https:\/\/www.strassenweb.de\/"]}]}},"_links":{"self":[{"href":"https:\/\/www.strassenweb.de\/nachrichten\/wp-json\/wp\/v2\/posts\/8965","targetHints":{"allow":["GET"]}}],"collection":[{"href":"https:\/\/www.strassenweb.de\/nachrichten\/wp-json\/wp\/v2\/posts"}],"about":[{"href":"https:\/\/www.strassenweb.de\/nachrichten\/wp-json\/wp\/v2\/types\/post"}],"author":[{"embeddable":true,"href":"https:\/\/www.strassenweb.de\/nachrichten\/wp-json\/wp\/v2\/users\/1"}],"replies":[{"embeddable":true,"href":"https:\/\/www.strassenweb.de\/nachrichten\/wp-json\/wp\/v2\/comments?post=8965"}],"version-history":[{"count":0,"href":"https:\/\/www.strassenweb.de\/nachrichten\/wp-json\/wp\/v2\/posts\/8965\/revisions"}],"wp:featuredmedia":[{"embeddable":true,"href":"https:\/\/www.strassenweb.de\/nachrichten\/wp-json\/wp\/v2\/media\/8966"}],"wp:attachment":[{"href":"https:\/\/www.strassenweb.de\/nachrichten\/wp-json\/wp\/v2\/media?parent=8965"}],"wp:term":[{"taxonomy":"category","embeddable":true,"href":"https:\/\/www.strassenweb.de\/nachrichten\/wp-json\/wp\/v2\/categories?post=8965"},{"taxonomy":"post_tag","embeddable":true,"href":"https:\/\/www.strassenweb.de\/nachrichten\/wp-json\/wp\/v2\/tags?post=8965"}],"curies":[{"name":"wp","href":"https:\/\/api.w.org\/{rel}","templated":true}]}}