{"id":8954,"date":"2025-11-01T21:39:14","date_gmt":"2025-11-01T20:39:14","guid":{"rendered":"https:\/\/www.strassenweb.de\/nachrichten\/ich-mochte-es-nicht-fuer-die-glasreinigung-aber-ein-jahr-spaeter-schwoere-ich-auf-dieses-ueberraschende-kuechengeraet-mit-dem-ich-ganz-einfach-schimmel-in-meiner-dusche-vertreiben-kann\/"},"modified":"2025-11-01T21:39:15","modified_gmt":"2025-11-01T20:39:15","slug":"ich-mochte-es-nicht-fuer-die-glasreinigung-aber-ein-jahr-spaeter-schwoere-ich-auf-dieses-ueberraschende-kuechengeraet-mit-dem-ich-ganz-einfach-schimmel-in-meiner-dusche-vertreiben-kann","status":"publish","type":"post","link":"https:\/\/www.strassenweb.de\/nachrichten\/ich-mochte-es-nicht-fuer-die-glasreinigung-aber-ein-jahr-spaeter-schwoere-ich-auf-dieses-ueberraschende-kuechengeraet-mit-dem-ich-ganz-einfach-schimmel-in-meiner-dusche-vertreiben-kann\/","title":{"rendered":"Ich mochte es nicht f\u00fcr die Glasreinigung, aber ein Jahr sp\u00e4ter schw\u00f6re ich auf dieses \u00fcberraschende K\u00fcchenger\u00e4t, mit dem ich ganz einfach Schimmel in meiner Dusche vertreiben kann"},"content":{"rendered":"<p><\/p>\n<div id=\"article-body\" class=\"article__body \">\n<p id=\"fea38906-27df-4519-9000-0612d6f445b9\">Nachdem ich mit Schimmel in meinem Badezimmer zu k\u00e4mpfen hatte, insbesondere weil das k\u00e4ltere Wetter die Frischluftzufuhr in meinem Zuhause verringerte, machte ich mich auf die Suche nach einer L\u00f6sung, die schnell, einfach und praktisch ist.<\/p>\n<div id=\"ad-unit-1\" class=\"ad-unit\"><\/div>\n<p>Da fiel mir ein, dass ich die bei Amazon erh\u00e4ltliche Dishmatic-Sp\u00fclb\u00fcrste hatte, die ich vor Monaten gekauft hatte, um einen Reinigungs-Hack zu testen, den ich online entdeckt hatte.<\/p>\n<aside data-block-type=\"embed\" data-render-type=\"fte\" data-skip=\"dealsy\" data-widget-type=\"seasonal\" class=\"hawk-root\"><\/aside>\n<p id=\"fea38906-27df-4519-9000-0612d6f445b9-2\" class=\"paywall\" aria-hidden=\"true\">Seitdem hat es sich als die beste Waffe in meinem Kampf gegen Schimmel in meinem Zuhause erwiesen und tr\u00e4gt dazu bei, dass meine Dusche mit einem schnellen und einfachen Wischen leicht desinfiziert, gl\u00e4nzend und vor allem schimmelfrei bleibt.<\/p>\n<div class=\"van_vid_carousel\">\n<div class=\"van_vid_carousel__padding\">\n<div class=\"van_vid_carousel__container\"><\/div>\n<\/div>\n<\/div>\n<h2 id=\"i-swear-by-this-dishmatic-brush-to-keep-my-shower-mold-free-3\">Ich schw\u00f6re auf diese Dishmatic-B\u00fcrste, um meine Dusche schimmelfrei zu halten<\/h2>\n<p id=\"1c1b0ebc-b433-4581-9951-525beb3c4284\"><em>Alle Preise waren zum Zeitpunkt der Ver\u00f6ffentlichung korrekt.<\/em><\/p>\n<div id=\"ad-unit-2\" class=\"ad-unit\"><\/div>\n<div class=\"product-container horizontal-product-container\">\n<div class=\"product-block-row\"><\/div>\n<\/div>\n<p id=\"357c2dc8-b7c1-4d7a-804f-8c6df73e27bd\">Zufriedene K\u00e4ufer sagen, dass sie ein \u201ePreis-Leistungs-Verh\u00e4ltnis\u201c bietet, und ich kann das best\u00e4tigen \u2013 ich benutze meine bei Amazon erh\u00e4ltliche Dishmatic-Sp\u00fclb\u00fcrste seit fast einem Jahr fast t\u00e4glich in meiner Dusche. Und obwohl ich wei\u00df, dass es nicht erfunden wurde, um Schimmel in Ihrem Zuhause vorzubeugen und zu beseitigen, macht es den Umgang mit bl\u00fchendem Duschschimmel einfacher als je zuvor.<\/p>\n<p>Mit einem haltbaren, ergonomischen Kunststoffgriff und einem robusten Schwamm lassen sich nasse Stellen und Schimmelpilzbereiche m\u00fchelos greifen und abwischen, weshalb dies mittlerweile einer der Reinigungsschritte ist, die ich immer nach dem Duschen durchf\u00fchre.<\/p>\n<p>Au\u00dferdem hat es eine praktische, kompakte Gr\u00f6\u00dfe, was bedeutet, dass es sich super einfach in meinen Badezimmer-Aufbewahrungsideen verstauen l\u00e4sst, ohne meine Badezimmerideen zu unterbrechen, da ich wei\u00df, dass es nicht gerade das stilvollste Reinigungswerkzeug ist.<\/p>\n<div id=\"slice-container-newsletterForm-articleInbodyContent-kLWar9ujS8DaK2TAzEoLgG\" class=\"slice-container newsletter-inbodyContent-slice newsletterForm-articleInbodyContent-kLWar9ujS8DaK2TAzEoLgG slice-container-newsletterForm\"><\/div>\n<div class=\"min-h-(270px) mb-4 viafoura-twig-component\" id=\"viafoura-engagement-starter-wrapper\" data-component-name=\"Elk:Embed:EngagementStarter\">\n<div class=\"viafoura\">\n<div>\n<vf-conversation-starter target=\"viafoura-comments\" title=\"Have your say\" description=\"How do you keep your shower mold-free?\" minimum-comment-count=\"5\"><br \/>\n<\/vf-conversation-starter>\n<\/div>\n<\/div>\n<\/div>\n<p id=\"d2e597a5-880f-4394-b674-0966bdbbc89c\">Ich bin auch nicht der Einzige, der es gerne f\u00fcr diesen Zweck verwendet. Isabella Flores, Reinigungsexpertin bei Sparkly Maid San Diego, stimmt dem zu und sagt: \u201eEin Dishmatic-Stab ist einfach ein Halter, der eine saubere und kontrollierte Anwendung einer Reinigungsl\u00f6sung \u00fcber die gesamte Duschoberfl\u00e4che ohne gro\u00dfen Aufwand erm\u00f6glicht.\u201c<\/p>\n<p>\u201eEs tr\u00e4gt sich auch nach mehrmaligem Gebrauch gut, h\u00e4lt die H\u00e4nde davon ab, mit den \u00fcblichen Chemikalien zu schrubben und zu reinigen, und ist f\u00fcr schnelles Eingreifen immer griffbereit.\u201c<\/p>\n<p>\u201eDer Dishmatic-Zauberstab ist au\u00dferdem nachf\u00fcllbar, sodass Benutzer ihr eigenes bevorzugtes Produkt zur Vorbeugung von Schimmel in der Dusche ausw\u00e4hlen k\u00f6nnen.\u201c<\/p>\n<p>Was den Inhalt meines Inhalts angeht, habe ich einfach ein paar einfache alte Duschreiniger darin, \u00e4hnlich dem bei Amazon erh\u00e4ltlichen \u201eMethod Daily Shower Spray Cleaner\u201c \u2013 ich schraube einfach den Deckel ab, um ihn auf diese Weise abzuf\u00fcllen. Bei besonders schlimmen Stellen finde ich, dass ein kurzer Spritzer RMR-141 Mold and Mildew Killer, ebenfalls bei Amazon erh\u00e4ltlich, Wunder wirkt.<\/p>\n<p>Und wenn Sie feststellen, dass Sie es unter der Dusche nicht mehr brauchen, k\u00f6nnen Sie es nat\u00fcrlich zusammen mit einigen Expertentipps zum Geschirrsp\u00fclen in der K\u00fcche verwenden. Ich habe w\u00e4hrend meines gesamten Studiums einen f\u00fcr diesen Zweck verwendet und war begeistert von der Benutzerfreundlichkeit und davon, wie einfach es ist, den Schwamm auszutauschen, wenn er anf\u00e4ngt, etwas glanzlos auszusehen.<\/p>\n<p>Wie ein anderer Rezensent es ausdr\u00fcckt: \u201eDas richtige Werkzeug ist wichtig\u201c, und ich stimme voll und ganz zu. \u201eIch habe das Dishmatic-Ger\u00e4t meines Freundes ausprobiert und bin nie wieder zur\u00fcckgekehrt.\u201c \u201eDer Preis ist auch gro\u00dfartig, probieren Sie es aus, Sie werden es lieben\u201c, fahren sie fort, also vertrauen Sie ihnen und schnappen Sie sich diese alternative Scheuerb\u00fcrste, die die Ausgabe wert ist, egal wie Sie sie verwenden.<\/p>\n<h2 class=\"article-body__section\" id=\"section-what-to-shop\"><span>Was man einkaufen sollte<\/span><\/h2>\n<div class=\"product-container hero-product-container product-block-no-wrap\">\n<div class=\"product-block-row\"><\/div>\n<div class=\"product-block-row\"><\/div>\n<div class=\"product-block-row\"><\/div>\n<div class=\"product-block-row\"><\/div>\n<div class=\"product-block-row\"><\/div>\n<div class=\"product-block-row\"><\/div>\n<\/div>\n<h2 class=\"article-body__section\" id=\"section-meet-the-expert\"><span>Treffen Sie den Experten<\/span><\/h2>\n<hr id=\"f098d6ed-5435-4e52-a773-5d8175bd98fb\">\n<p id=\"38015047-8c6a-4499-905f-8f9931e583bc\">\u201eDurch die h\u00e4ufige Verwendung des Stabs werden die Fliesen und Fugen kontinuierlich mit Reiniger bedeckt, wodurch das organische Wachstum und die Bildung von Seifenschaum, der Nahrung f\u00fcr Schimmelpilze ist, gehemmt werden\u201c, f\u00fcgt Isabella hinzu. \u201eSanftes und h\u00e4ufiges Schrubben tr\u00e4gt au\u00dferdem dazu bei, Schimmel aufzubrechen, bevor er zu stark wachsen kann, und kann verhindern, dass sich feuchte Bereiche in Brutst\u00e4tten verwandeln.\u201c<\/p>\n<p>\u201eAngesichts der Tatsache, dass Schimmel in Feuchtigkeit und R\u00fcckst\u00e4nden gedeiht, ist die Vermeidung von R\u00fcckst\u00e4nden der beste Vorbeugungsmechanismus.\u201c Und schonendes Schrubben und die h\u00e4ufige Anwendung wirken nicht nur hervorragend gegen Schimmelbefall, sondern sind auch gesundheitsf\u00f6rdernd.\u201c<\/p>\n<p>An anderen Orten k\u00f6nnen Sie Feuchtigkeit, Schimmel und Kondenswasser vorbeugen, wenn Sie die genaue Temperatur kennen, die Ihr Thermostat im Winter einhalten muss.<\/p>\n<div class=\"block\" id=\"articleTag\" data-component-name=\"PostArticleLinks\">\n<div class=\"border-b border-b-black border-solid py-2.5 text-black font-bold uppercase\">THEMEN<\/div>\n<nav class=\"py-2.5 flex gap-2.5 flex-wrap\" data-analytics-id=\"article-tag\">\n<p>Schimmel<\/p>\n<\/nav>\n<\/div>\n<\/div>\n","protected":false},"excerpt":{"rendered":"<p>Nachdem ich mit Schimmel in meinem Badezimmer zu k\u00e4mpfen hatte, insbesondere weil das k\u00e4ltere Wetter die Frischluftzufuhr in meinem Zuhause verringerte, machte ich mich auf<\/p>\n","protected":false},"author":1,"featured_media":8955,"comment_status":"closed","ping_status":"","sticky":false,"template":"","format":"standard","meta":{"footnotes":""},"categories":[118],"tags":[357,46,91,9,531,8382,43,355,55,480,11277,129,384,781,533,1666,146,7284,61,577,2215,1163,2155,11278],"class_list":["post-8954","post","type-post","status-publish","format-standard","has-post-thumbnail","hentry","category-haus-garten","tag-aber","tag-auf","tag-dem","tag-die","tag-dieses","tag-dusche","tag-ein","tag-einfach","tag-fuer","tag-ganz","tag-glasreinigung","tag-ich","tag-jahr","tag-kann","tag-kuechengeraet","tag-meiner","tag-mit","tag-moechte","tag-nicht","tag-schimmel","tag-schwoere","tag-spaeter","tag-ueberraschende","tag-vertreiben","generate-columns","tablet-grid-50","mobile-grid-100","grid-parent","grid-50"],"yoast_head":"<!-- This site is optimized with the Yoast SEO plugin v27.3 - https:\/\/yoast.com\/product\/yoast-seo-wordpress\/ -->\n<title>Ich mochte es nicht f\u00fcr die Glasreinigung, aber ein Jahr sp\u00e4ter schw\u00f6re ich auf dieses \u00fcberraschende K\u00fcchenger\u00e4t, mit dem ich ganz einfach Schimmel in meiner Dusche vertreiben kann - Nachrichten - Stra\u00dfenweb<\/title>\n<meta name=\"robots\" content=\"index, follow, max-snippet:-1, max-image-preview:large, max-video-preview:-1\" \/>\n<link rel=\"canonical\" href=\"https:\/\/www.strassenweb.de\/nachrichten\/ich-mochte-es-nicht-fuer-die-glasreinigung-aber-ein-jahr-spaeter-schwoere-ich-auf-dieses-ueberraschende-kuechengeraet-mit-dem-ich-ganz-einfach-schimmel-in-meiner-dusche-vertreiben-kann\/\" \/>\n<meta property=\"og:locale\" content=\"de_DE\" \/>\n<meta property=\"og:type\" content=\"article\" \/>\n<meta property=\"og:title\" content=\"Ich mochte es nicht f\u00fcr die Glasreinigung, aber ein Jahr sp\u00e4ter schw\u00f6re ich auf dieses \u00fcberraschende K\u00fcchenger\u00e4t, mit dem ich ganz einfach Schimmel in meiner Dusche vertreiben kann - Nachrichten - Stra\u00dfenweb\" \/>\n<meta property=\"og:description\" content=\"Nachdem ich mit Schimmel in meinem Badezimmer zu k\u00e4mpfen hatte, insbesondere weil das k\u00e4ltere Wetter die Frischluftzufuhr in meinem Zuhause verringerte, machte ich mich auf\" \/>\n<meta property=\"og:url\" content=\"https:\/\/www.strassenweb.de\/nachrichten\/ich-mochte-es-nicht-fuer-die-glasreinigung-aber-ein-jahr-spaeter-schwoere-ich-auf-dieses-ueberraschende-kuechengeraet-mit-dem-ich-ganz-einfach-schimmel-in-meiner-dusche-vertreiben-kann\/\" \/>\n<meta property=\"og:site_name\" content=\"Stra\u00dfenweb\" \/>\n<meta property=\"article:publisher\" content=\"https:\/\/www.facebook.com\/strassenweb\/\" \/>\n<meta property=\"article:published_time\" content=\"2025-11-01T20:39:14+00:00\" \/>\n<meta property=\"article:modified_time\" content=\"2025-11-01T20:39:15+00:00\" \/>\n<meta property=\"og:image\" content=\"https:\/\/www.strassenweb.de\/nachrichten\/wp-content\/uploads\/2025\/11\/Ich-mochte-es-nicht-fuer-die-Glasreinigung-aber-ein-Jahr.jpg\" \/>\n\t<meta property=\"og:image:width\" content=\"1600\" \/>\n\t<meta property=\"og:image:height\" content=\"900\" \/>\n\t<meta property=\"og:image:type\" content=\"image\/jpeg\" \/>\n<meta name=\"author\" content=\"Robert Hoffmann\" \/>\n<meta name=\"twitter:card\" content=\"summary_large_image\" \/>\n<meta name=\"twitter:label1\" content=\"Verfasst von\" \/>\n\t<meta name=\"twitter:data1\" content=\"Robert Hoffmann\" \/>\n\t<meta name=\"twitter:label2\" content=\"Gesch\u00e4tzte Lesezeit\" \/>\n\t<meta name=\"twitter:data2\" content=\"4\u00a0Minuten\" \/>\n<script type=\"application\/ld+json\" class=\"yoast-schema-graph\">{\"@context\":\"https:\\\/\\\/schema.org\",\"@graph\":[{\"@type\":\"Article\",\"@id\":\"https:\\\/\\\/www.strassenweb.de\\\/nachrichten\\\/ich-mochte-es-nicht-fuer-die-glasreinigung-aber-ein-jahr-spaeter-schwoere-ich-auf-dieses-ueberraschende-kuechengeraet-mit-dem-ich-ganz-einfach-schimmel-in-meiner-dusche-vertreiben-kann\\\/#article\",\"isPartOf\":{\"@id\":\"https:\\\/\\\/www.strassenweb.de\\\/nachrichten\\\/ich-mochte-es-nicht-fuer-die-glasreinigung-aber-ein-jahr-spaeter-schwoere-ich-auf-dieses-ueberraschende-kuechengeraet-mit-dem-ich-ganz-einfach-schimmel-in-meiner-dusche-vertreiben-kann\\\/\"},\"author\":{\"name\":\"Robert Hoffmann\",\"@id\":\"https:\\\/\\\/www.strassenweb.de\\\/nachrichten\\\/#\\\/schema\\\/person\\\/87c9c9067f1211da429a744dc5a5aa41\"},\"headline\":\"Ich mochte es nicht f\u00fcr die Glasreinigung, aber ein Jahr sp\u00e4ter schw\u00f6re ich auf dieses \u00fcberraschende K\u00fcchenger\u00e4t, mit dem ich ganz einfach Schimmel in meiner Dusche vertreiben kann\",\"datePublished\":\"2025-11-01T20:39:14+00:00\",\"dateModified\":\"2025-11-01T20:39:15+00:00\",\"mainEntityOfPage\":{\"@id\":\"https:\\\/\\\/www.strassenweb.de\\\/nachrichten\\\/ich-mochte-es-nicht-fuer-die-glasreinigung-aber-ein-jahr-spaeter-schwoere-ich-auf-dieses-ueberraschende-kuechengeraet-mit-dem-ich-ganz-einfach-schimmel-in-meiner-dusche-vertreiben-kann\\\/\"},\"wordCount\":755,\"publisher\":{\"@id\":\"https:\\\/\\\/www.strassenweb.de\\\/nachrichten\\\/#organization\"},\"image\":{\"@id\":\"https:\\\/\\\/www.strassenweb.de\\\/nachrichten\\\/ich-mochte-es-nicht-fuer-die-glasreinigung-aber-ein-jahr-spaeter-schwoere-ich-auf-dieses-ueberraschende-kuechengeraet-mit-dem-ich-ganz-einfach-schimmel-in-meiner-dusche-vertreiben-kann\\\/#primaryimage\"},\"thumbnailUrl\":\"https:\\\/\\\/www.strassenweb.de\\\/nachrichten\\\/wp-content\\\/uploads\\\/2025\\\/11\\\/Ich-mochte-es-nicht-fuer-die-Glasreinigung-aber-ein-Jahr.jpg\",\"keywords\":[\"aber\",\"auf\",\"dem\",\"die\",\"dieses\",\"Dusche\",\"ein\",\"einfach\",\"f\u00fcr\",\"ganz\",\"Glasreinigung\",\"ich\",\"Jahr\",\"kann\",\"K\u00fcchenger\u00e4t\",\"meiner\",\"mit\",\"m\u00f6chte\",\"nicht\",\"Schimmel\",\"schw\u00f6re\",\"sp\u00e4ter\",\"\u00fcberraschende\",\"vertreiben\"],\"articleSection\":[\"Haus &amp; Garten\"],\"inLanguage\":\"de\"},{\"@type\":\"WebPage\",\"@id\":\"https:\\\/\\\/www.strassenweb.de\\\/nachrichten\\\/ich-mochte-es-nicht-fuer-die-glasreinigung-aber-ein-jahr-spaeter-schwoere-ich-auf-dieses-ueberraschende-kuechengeraet-mit-dem-ich-ganz-einfach-schimmel-in-meiner-dusche-vertreiben-kann\\\/\",\"url\":\"https:\\\/\\\/www.strassenweb.de\\\/nachrichten\\\/ich-mochte-es-nicht-fuer-die-glasreinigung-aber-ein-jahr-spaeter-schwoere-ich-auf-dieses-ueberraschende-kuechengeraet-mit-dem-ich-ganz-einfach-schimmel-in-meiner-dusche-vertreiben-kann\\\/\",\"name\":\"Ich mochte es nicht f\u00fcr die Glasreinigung, aber ein Jahr sp\u00e4ter schw\u00f6re ich auf dieses \u00fcberraschende K\u00fcchenger\u00e4t, mit dem ich ganz einfach Schimmel in meiner Dusche vertreiben kann - Nachrichten - Stra\u00dfenweb\",\"isPartOf\":{\"@id\":\"https:\\\/\\\/www.strassenweb.de\\\/nachrichten\\\/#website\"},\"primaryImageOfPage\":{\"@id\":\"https:\\\/\\\/www.strassenweb.de\\\/nachrichten\\\/ich-mochte-es-nicht-fuer-die-glasreinigung-aber-ein-jahr-spaeter-schwoere-ich-auf-dieses-ueberraschende-kuechengeraet-mit-dem-ich-ganz-einfach-schimmel-in-meiner-dusche-vertreiben-kann\\\/#primaryimage\"},\"image\":{\"@id\":\"https:\\\/\\\/www.strassenweb.de\\\/nachrichten\\\/ich-mochte-es-nicht-fuer-die-glasreinigung-aber-ein-jahr-spaeter-schwoere-ich-auf-dieses-ueberraschende-kuechengeraet-mit-dem-ich-ganz-einfach-schimmel-in-meiner-dusche-vertreiben-kann\\\/#primaryimage\"},\"thumbnailUrl\":\"https:\\\/\\\/www.strassenweb.de\\\/nachrichten\\\/wp-content\\\/uploads\\\/2025\\\/11\\\/Ich-mochte-es-nicht-fuer-die-Glasreinigung-aber-ein-Jahr.jpg\",\"datePublished\":\"2025-11-01T20:39:14+00:00\",\"dateModified\":\"2025-11-01T20:39:15+00:00\",\"breadcrumb\":{\"@id\":\"https:\\\/\\\/www.strassenweb.de\\\/nachrichten\\\/ich-mochte-es-nicht-fuer-die-glasreinigung-aber-ein-jahr-spaeter-schwoere-ich-auf-dieses-ueberraschende-kuechengeraet-mit-dem-ich-ganz-einfach-schimmel-in-meiner-dusche-vertreiben-kann\\\/#breadcrumb\"},\"inLanguage\":\"de\",\"potentialAction\":[{\"@type\":\"ReadAction\",\"target\":[\"https:\\\/\\\/www.strassenweb.de\\\/nachrichten\\\/ich-mochte-es-nicht-fuer-die-glasreinigung-aber-ein-jahr-spaeter-schwoere-ich-auf-dieses-ueberraschende-kuechengeraet-mit-dem-ich-ganz-einfach-schimmel-in-meiner-dusche-vertreiben-kann\\\/\"]}]},{\"@type\":\"ImageObject\",\"inLanguage\":\"de\",\"@id\":\"https:\\\/\\\/www.strassenweb.de\\\/nachrichten\\\/ich-mochte-es-nicht-fuer-die-glasreinigung-aber-ein-jahr-spaeter-schwoere-ich-auf-dieses-ueberraschende-kuechengeraet-mit-dem-ich-ganz-einfach-schimmel-in-meiner-dusche-vertreiben-kann\\\/#primaryimage\",\"url\":\"https:\\\/\\\/www.strassenweb.de\\\/nachrichten\\\/wp-content\\\/uploads\\\/2025\\\/11\\\/Ich-mochte-es-nicht-fuer-die-Glasreinigung-aber-ein-Jahr.jpg\",\"contentUrl\":\"https:\\\/\\\/www.strassenweb.de\\\/nachrichten\\\/wp-content\\\/uploads\\\/2025\\\/11\\\/Ich-mochte-es-nicht-fuer-die-Glasreinigung-aber-ein-Jahr.jpg\",\"width\":1600,\"height\":900,\"caption\":\"A blue and white tiled bathroom with large bathtub with gold faucets, colorful artwork, and tiled archway to a shower behind\"},{\"@type\":\"BreadcrumbList\",\"@id\":\"https:\\\/\\\/www.strassenweb.de\\\/nachrichten\\\/ich-mochte-es-nicht-fuer-die-glasreinigung-aber-ein-jahr-spaeter-schwoere-ich-auf-dieses-ueberraschende-kuechengeraet-mit-dem-ich-ganz-einfach-schimmel-in-meiner-dusche-vertreiben-kann\\\/#breadcrumb\",\"itemListElement\":[{\"@type\":\"ListItem\",\"position\":1,\"name\":\"Home\",\"item\":\"https:\\\/\\\/www.strassenweb.de\\\/nachrichten\\\/\"},{\"@type\":\"ListItem\",\"position\":2,\"name\":\"Ich mochte es nicht f\u00fcr die Glasreinigung, aber ein Jahr sp\u00e4ter schw\u00f6re ich auf dieses \u00fcberraschende K\u00fcchenger\u00e4t, mit dem ich ganz einfach Schimmel in meiner Dusche vertreiben kann\"}]},{\"@type\":\"WebSite\",\"@id\":\"https:\\\/\\\/www.strassenweb.de\\\/nachrichten\\\/#website\",\"url\":\"https:\\\/\\\/www.strassenweb.de\\\/nachrichten\\\/\",\"name\":\"Stra\u00dfenweb\",\"description\":\"Stra\u00dfenverzeichnis f\u00fcr Deutschland\",\"publisher\":{\"@id\":\"https:\\\/\\\/www.strassenweb.de\\\/nachrichten\\\/#organization\"},\"potentialAction\":[{\"@type\":\"SearchAction\",\"target\":{\"@type\":\"EntryPoint\",\"urlTemplate\":\"https:\\\/\\\/www.strassenweb.de\\\/nachrichten\\\/?s={search_term_string}\"},\"query-input\":{\"@type\":\"PropertyValueSpecification\",\"valueRequired\":true,\"valueName\":\"search_term_string\"}}],\"inLanguage\":\"de\"},{\"@type\":\"Organization\",\"@id\":\"https:\\\/\\\/www.strassenweb.de\\\/nachrichten\\\/#organization\",\"name\":\"Stra\u00dfenweb\",\"url\":\"https:\\\/\\\/www.strassenweb.de\\\/nachrichten\\\/\",\"logo\":{\"@type\":\"ImageObject\",\"inLanguage\":\"de\",\"@id\":\"https:\\\/\\\/www.strassenweb.de\\\/nachrichten\\\/#\\\/schema\\\/logo\\\/image\\\/\",\"url\":\"https:\\\/\\\/www.strassenweb.de\\\/nachrichten\\\/wp-content\\\/uploads\\\/2024\\\/09\\\/cropped-favicon.png\",\"contentUrl\":\"https:\\\/\\\/www.strassenweb.de\\\/nachrichten\\\/wp-content\\\/uploads\\\/2024\\\/09\\\/cropped-favicon.png\",\"width\":512,\"height\":512,\"caption\":\"Stra\u00dfenweb\"},\"image\":{\"@id\":\"https:\\\/\\\/www.strassenweb.de\\\/nachrichten\\\/#\\\/schema\\\/logo\\\/image\\\/\"},\"sameAs\":[\"https:\\\/\\\/www.facebook.com\\\/strassenweb\\\/\"]},{\"@type\":\"Person\",\"@id\":\"https:\\\/\\\/www.strassenweb.de\\\/nachrichten\\\/#\\\/schema\\\/person\\\/87c9c9067f1211da429a744dc5a5aa41\",\"name\":\"Robert Hoffmann\",\"image\":{\"@type\":\"ImageObject\",\"inLanguage\":\"de\",\"@id\":\"https:\\\/\\\/www.strassenweb.de\\\/nachrichten\\\/wp-content\\\/uploads\\\/2024\\\/09\\\/strassenweb-150x150.jpg\",\"url\":\"https:\\\/\\\/www.strassenweb.de\\\/nachrichten\\\/wp-content\\\/uploads\\\/2024\\\/09\\\/strassenweb-150x150.jpg\",\"contentUrl\":\"https:\\\/\\\/www.strassenweb.de\\\/nachrichten\\\/wp-content\\\/uploads\\\/2024\\\/09\\\/strassenweb-150x150.jpg\",\"caption\":\"Robert Hoffmann\"},\"description\":\"Ich hei\u00dfe Robert Hoffmann und ich bin ein leidenschaftlicher Verfechter von \u00d6kologie und Biodiversit\u00e4t. Seit meiner Kindheit in den W\u00e4ldern Bayerns f\u00fchle ich mich mit der Natur verbunden und bin entschlossen, sie zu sch\u00fctzen. Heute widme ich mein Leben der Sensibilisierung anderer f\u00fcr die Bedeutung des Umweltschutzes f\u00fcr zuk\u00fcnftige Generationen.\",\"sameAs\":[\"https:\\\/\\\/www.strassenweb.de\\\/\"]}]}<\/script>\n<!-- \/ Yoast SEO plugin. -->","yoast_head_json":{"title":"Ich mochte es nicht f\u00fcr die Glasreinigung, aber ein Jahr sp\u00e4ter schw\u00f6re ich auf dieses \u00fcberraschende K\u00fcchenger\u00e4t, mit dem ich ganz einfach Schimmel in meiner Dusche vertreiben kann - Nachrichten - Stra\u00dfenweb","robots":{"index":"index","follow":"follow","max-snippet":"max-snippet:-1","max-image-preview":"max-image-preview:large","max-video-preview":"max-video-preview:-1"},"canonical":"https:\/\/www.strassenweb.de\/nachrichten\/ich-mochte-es-nicht-fuer-die-glasreinigung-aber-ein-jahr-spaeter-schwoere-ich-auf-dieses-ueberraschende-kuechengeraet-mit-dem-ich-ganz-einfach-schimmel-in-meiner-dusche-vertreiben-kann\/","og_locale":"de_DE","og_type":"article","og_title":"Ich mochte es nicht f\u00fcr die Glasreinigung, aber ein Jahr sp\u00e4ter schw\u00f6re ich auf dieses \u00fcberraschende K\u00fcchenger\u00e4t, mit dem ich ganz einfach Schimmel in meiner Dusche vertreiben kann - Nachrichten - Stra\u00dfenweb","og_description":"Nachdem ich mit Schimmel in meinem Badezimmer zu k\u00e4mpfen hatte, insbesondere weil das k\u00e4ltere Wetter die Frischluftzufuhr in meinem Zuhause verringerte, machte ich mich auf","og_url":"https:\/\/www.strassenweb.de\/nachrichten\/ich-mochte-es-nicht-fuer-die-glasreinigung-aber-ein-jahr-spaeter-schwoere-ich-auf-dieses-ueberraschende-kuechengeraet-mit-dem-ich-ganz-einfach-schimmel-in-meiner-dusche-vertreiben-kann\/","og_site_name":"Stra\u00dfenweb","article_publisher":"https:\/\/www.facebook.com\/strassenweb\/","article_published_time":"2025-11-01T20:39:14+00:00","article_modified_time":"2025-11-01T20:39:15+00:00","og_image":[{"width":1600,"height":900,"url":"https:\/\/www.strassenweb.de\/nachrichten\/wp-content\/uploads\/2025\/11\/Ich-mochte-es-nicht-fuer-die-Glasreinigung-aber-ein-Jahr.jpg","type":"image\/jpeg"}],"author":"Robert Hoffmann","twitter_card":"summary_large_image","twitter_misc":{"Verfasst von":"Robert Hoffmann","Gesch\u00e4tzte Lesezeit":"4\u00a0Minuten"},"schema":{"@context":"https:\/\/schema.org","@graph":[{"@type":"Article","@id":"https:\/\/www.strassenweb.de\/nachrichten\/ich-mochte-es-nicht-fuer-die-glasreinigung-aber-ein-jahr-spaeter-schwoere-ich-auf-dieses-ueberraschende-kuechengeraet-mit-dem-ich-ganz-einfach-schimmel-in-meiner-dusche-vertreiben-kann\/#article","isPartOf":{"@id":"https:\/\/www.strassenweb.de\/nachrichten\/ich-mochte-es-nicht-fuer-die-glasreinigung-aber-ein-jahr-spaeter-schwoere-ich-auf-dieses-ueberraschende-kuechengeraet-mit-dem-ich-ganz-einfach-schimmel-in-meiner-dusche-vertreiben-kann\/"},"author":{"name":"Robert Hoffmann","@id":"https:\/\/www.strassenweb.de\/nachrichten\/#\/schema\/person\/87c9c9067f1211da429a744dc5a5aa41"},"headline":"Ich mochte es nicht f\u00fcr die Glasreinigung, aber ein Jahr sp\u00e4ter schw\u00f6re ich auf dieses \u00fcberraschende K\u00fcchenger\u00e4t, mit dem ich ganz einfach Schimmel in meiner Dusche vertreiben kann","datePublished":"2025-11-01T20:39:14+00:00","dateModified":"2025-11-01T20:39:15+00:00","mainEntityOfPage":{"@id":"https:\/\/www.strassenweb.de\/nachrichten\/ich-mochte-es-nicht-fuer-die-glasreinigung-aber-ein-jahr-spaeter-schwoere-ich-auf-dieses-ueberraschende-kuechengeraet-mit-dem-ich-ganz-einfach-schimmel-in-meiner-dusche-vertreiben-kann\/"},"wordCount":755,"publisher":{"@id":"https:\/\/www.strassenweb.de\/nachrichten\/#organization"},"image":{"@id":"https:\/\/www.strassenweb.de\/nachrichten\/ich-mochte-es-nicht-fuer-die-glasreinigung-aber-ein-jahr-spaeter-schwoere-ich-auf-dieses-ueberraschende-kuechengeraet-mit-dem-ich-ganz-einfach-schimmel-in-meiner-dusche-vertreiben-kann\/#primaryimage"},"thumbnailUrl":"https:\/\/www.strassenweb.de\/nachrichten\/wp-content\/uploads\/2025\/11\/Ich-mochte-es-nicht-fuer-die-Glasreinigung-aber-ein-Jahr.jpg","keywords":["aber","auf","dem","die","dieses","Dusche","ein","einfach","f\u00fcr","ganz","Glasreinigung","ich","Jahr","kann","K\u00fcchenger\u00e4t","meiner","mit","m\u00f6chte","nicht","Schimmel","schw\u00f6re","sp\u00e4ter","\u00fcberraschende","vertreiben"],"articleSection":["Haus &amp; Garten"],"inLanguage":"de"},{"@type":"WebPage","@id":"https:\/\/www.strassenweb.de\/nachrichten\/ich-mochte-es-nicht-fuer-die-glasreinigung-aber-ein-jahr-spaeter-schwoere-ich-auf-dieses-ueberraschende-kuechengeraet-mit-dem-ich-ganz-einfach-schimmel-in-meiner-dusche-vertreiben-kann\/","url":"https:\/\/www.strassenweb.de\/nachrichten\/ich-mochte-es-nicht-fuer-die-glasreinigung-aber-ein-jahr-spaeter-schwoere-ich-auf-dieses-ueberraschende-kuechengeraet-mit-dem-ich-ganz-einfach-schimmel-in-meiner-dusche-vertreiben-kann\/","name":"Ich mochte es nicht f\u00fcr die Glasreinigung, aber ein Jahr sp\u00e4ter schw\u00f6re ich auf dieses \u00fcberraschende K\u00fcchenger\u00e4t, mit dem ich ganz einfach Schimmel in meiner Dusche vertreiben kann - Nachrichten - Stra\u00dfenweb","isPartOf":{"@id":"https:\/\/www.strassenweb.de\/nachrichten\/#website"},"primaryImageOfPage":{"@id":"https:\/\/www.strassenweb.de\/nachrichten\/ich-mochte-es-nicht-fuer-die-glasreinigung-aber-ein-jahr-spaeter-schwoere-ich-auf-dieses-ueberraschende-kuechengeraet-mit-dem-ich-ganz-einfach-schimmel-in-meiner-dusche-vertreiben-kann\/#primaryimage"},"image":{"@id":"https:\/\/www.strassenweb.de\/nachrichten\/ich-mochte-es-nicht-fuer-die-glasreinigung-aber-ein-jahr-spaeter-schwoere-ich-auf-dieses-ueberraschende-kuechengeraet-mit-dem-ich-ganz-einfach-schimmel-in-meiner-dusche-vertreiben-kann\/#primaryimage"},"thumbnailUrl":"https:\/\/www.strassenweb.de\/nachrichten\/wp-content\/uploads\/2025\/11\/Ich-mochte-es-nicht-fuer-die-Glasreinigung-aber-ein-Jahr.jpg","datePublished":"2025-11-01T20:39:14+00:00","dateModified":"2025-11-01T20:39:15+00:00","breadcrumb":{"@id":"https:\/\/www.strassenweb.de\/nachrichten\/ich-mochte-es-nicht-fuer-die-glasreinigung-aber-ein-jahr-spaeter-schwoere-ich-auf-dieses-ueberraschende-kuechengeraet-mit-dem-ich-ganz-einfach-schimmel-in-meiner-dusche-vertreiben-kann\/#breadcrumb"},"inLanguage":"de","potentialAction":[{"@type":"ReadAction","target":["https:\/\/www.strassenweb.de\/nachrichten\/ich-mochte-es-nicht-fuer-die-glasreinigung-aber-ein-jahr-spaeter-schwoere-ich-auf-dieses-ueberraschende-kuechengeraet-mit-dem-ich-ganz-einfach-schimmel-in-meiner-dusche-vertreiben-kann\/"]}]},{"@type":"ImageObject","inLanguage":"de","@id":"https:\/\/www.strassenweb.de\/nachrichten\/ich-mochte-es-nicht-fuer-die-glasreinigung-aber-ein-jahr-spaeter-schwoere-ich-auf-dieses-ueberraschende-kuechengeraet-mit-dem-ich-ganz-einfach-schimmel-in-meiner-dusche-vertreiben-kann\/#primaryimage","url":"https:\/\/www.strassenweb.de\/nachrichten\/wp-content\/uploads\/2025\/11\/Ich-mochte-es-nicht-fuer-die-Glasreinigung-aber-ein-Jahr.jpg","contentUrl":"https:\/\/www.strassenweb.de\/nachrichten\/wp-content\/uploads\/2025\/11\/Ich-mochte-es-nicht-fuer-die-Glasreinigung-aber-ein-Jahr.jpg","width":1600,"height":900,"caption":"A blue and white tiled bathroom with large bathtub with gold faucets, colorful artwork, and tiled archway to a shower behind"},{"@type":"BreadcrumbList","@id":"https:\/\/www.strassenweb.de\/nachrichten\/ich-mochte-es-nicht-fuer-die-glasreinigung-aber-ein-jahr-spaeter-schwoere-ich-auf-dieses-ueberraschende-kuechengeraet-mit-dem-ich-ganz-einfach-schimmel-in-meiner-dusche-vertreiben-kann\/#breadcrumb","itemListElement":[{"@type":"ListItem","position":1,"name":"Home","item":"https:\/\/www.strassenweb.de\/nachrichten\/"},{"@type":"ListItem","position":2,"name":"Ich mochte es nicht f\u00fcr die Glasreinigung, aber ein Jahr sp\u00e4ter schw\u00f6re ich auf dieses \u00fcberraschende K\u00fcchenger\u00e4t, mit dem ich ganz einfach Schimmel in meiner Dusche vertreiben kann"}]},{"@type":"WebSite","@id":"https:\/\/www.strassenweb.de\/nachrichten\/#website","url":"https:\/\/www.strassenweb.de\/nachrichten\/","name":"Stra\u00dfenweb","description":"Stra\u00dfenverzeichnis f\u00fcr Deutschland","publisher":{"@id":"https:\/\/www.strassenweb.de\/nachrichten\/#organization"},"potentialAction":[{"@type":"SearchAction","target":{"@type":"EntryPoint","urlTemplate":"https:\/\/www.strassenweb.de\/nachrichten\/?s={search_term_string}"},"query-input":{"@type":"PropertyValueSpecification","valueRequired":true,"valueName":"search_term_string"}}],"inLanguage":"de"},{"@type":"Organization","@id":"https:\/\/www.strassenweb.de\/nachrichten\/#organization","name":"Stra\u00dfenweb","url":"https:\/\/www.strassenweb.de\/nachrichten\/","logo":{"@type":"ImageObject","inLanguage":"de","@id":"https:\/\/www.strassenweb.de\/nachrichten\/#\/schema\/logo\/image\/","url":"https:\/\/www.strassenweb.de\/nachrichten\/wp-content\/uploads\/2024\/09\/cropped-favicon.png","contentUrl":"https:\/\/www.strassenweb.de\/nachrichten\/wp-content\/uploads\/2024\/09\/cropped-favicon.png","width":512,"height":512,"caption":"Stra\u00dfenweb"},"image":{"@id":"https:\/\/www.strassenweb.de\/nachrichten\/#\/schema\/logo\/image\/"},"sameAs":["https:\/\/www.facebook.com\/strassenweb\/"]},{"@type":"Person","@id":"https:\/\/www.strassenweb.de\/nachrichten\/#\/schema\/person\/87c9c9067f1211da429a744dc5a5aa41","name":"Robert Hoffmann","image":{"@type":"ImageObject","inLanguage":"de","@id":"https:\/\/www.strassenweb.de\/nachrichten\/wp-content\/uploads\/2024\/09\/strassenweb-150x150.jpg","url":"https:\/\/www.strassenweb.de\/nachrichten\/wp-content\/uploads\/2024\/09\/strassenweb-150x150.jpg","contentUrl":"https:\/\/www.strassenweb.de\/nachrichten\/wp-content\/uploads\/2024\/09\/strassenweb-150x150.jpg","caption":"Robert Hoffmann"},"description":"Ich hei\u00dfe Robert Hoffmann und ich bin ein leidenschaftlicher Verfechter von \u00d6kologie und Biodiversit\u00e4t. Seit meiner Kindheit in den W\u00e4ldern Bayerns f\u00fchle ich mich mit der Natur verbunden und bin entschlossen, sie zu sch\u00fctzen. Heute widme ich mein Leben der Sensibilisierung anderer f\u00fcr die Bedeutung des Umweltschutzes f\u00fcr zuk\u00fcnftige Generationen.","sameAs":["https:\/\/www.strassenweb.de\/"]}]}},"_links":{"self":[{"href":"https:\/\/www.strassenweb.de\/nachrichten\/wp-json\/wp\/v2\/posts\/8954","targetHints":{"allow":["GET"]}}],"collection":[{"href":"https:\/\/www.strassenweb.de\/nachrichten\/wp-json\/wp\/v2\/posts"}],"about":[{"href":"https:\/\/www.strassenweb.de\/nachrichten\/wp-json\/wp\/v2\/types\/post"}],"author":[{"embeddable":true,"href":"https:\/\/www.strassenweb.de\/nachrichten\/wp-json\/wp\/v2\/users\/1"}],"replies":[{"embeddable":true,"href":"https:\/\/www.strassenweb.de\/nachrichten\/wp-json\/wp\/v2\/comments?post=8954"}],"version-history":[{"count":0,"href":"https:\/\/www.strassenweb.de\/nachrichten\/wp-json\/wp\/v2\/posts\/8954\/revisions"}],"wp:featuredmedia":[{"embeddable":true,"href":"https:\/\/www.strassenweb.de\/nachrichten\/wp-json\/wp\/v2\/media\/8955"}],"wp:attachment":[{"href":"https:\/\/www.strassenweb.de\/nachrichten\/wp-json\/wp\/v2\/media?parent=8954"}],"wp:term":[{"taxonomy":"category","embeddable":true,"href":"https:\/\/www.strassenweb.de\/nachrichten\/wp-json\/wp\/v2\/categories?post=8954"},{"taxonomy":"post_tag","embeddable":true,"href":"https:\/\/www.strassenweb.de\/nachrichten\/wp-json\/wp\/v2\/tags?post=8954"}],"curies":[{"name":"wp","href":"https:\/\/api.w.org\/{rel}","templated":true}]}}