{"id":8942,"date":"2025-11-01T09:39:31","date_gmt":"2025-11-01T08:39:31","guid":{"rendered":"https:\/\/www.strassenweb.de\/nachrichten\/an-annas-tisch-vorspiel-zu-einem-schoenen-sonntagsessen\/"},"modified":"2025-11-01T09:39:33","modified_gmt":"2025-11-01T08:39:33","slug":"an-annas-tisch-vorspiel-zu-einem-schoenen-sonntagsessen","status":"publish","type":"post","link":"https:\/\/www.strassenweb.de\/nachrichten\/an-annas-tisch-vorspiel-zu-einem-schoenen-sonntagsessen\/","title":{"rendered":"An Annas Tisch: Vorspiel zu einem sch\u00f6nen Sonntagsessen"},"content":{"rendered":"<p><\/p>\n<div id=\"article-body\" class=\"article__body \">\n<p id=\"252edde0-dfd3-4c5a-b4d5-9d44e9873c6d\">Es ist wieder diese Jahreszeit \u2013 dieser Moment kurz nach Halloween \u2013, in dem mir klar wird, dass ich (wieder einmal) nicht besonders gut organisiert bei der Planung f\u00fcr die kommenden Monate war. November und Dezember sind voller sch\u00f6ner Dinge: Freunde, Familie, Reisen, Essen und Trinken. Es ist gewiss eine Genusssaison. Und obwohl es eine wunderbare Zeit ist, kann es auch eine anstrengende Zeit sein, die Vorbereitungen f\u00fcr die Weihnachtsfeiertage und dar\u00fcber hinaus zu bew\u00e4ltigen. Ich wei\u00df, dass ich bis zum zweiten Weihnachtsfeiertag (f\u00fcr die Amerikaner der Tag nach Weihnachten) kein Benzin mehr haben und h\u00f6chstwahrscheinlich den gr\u00f6\u00dften Teil des Tages Schinken auf Toast essen werde.<\/p>\n<p>In diesem Moment genie\u00dfe ich jedoch die Ruhe vor der Hektik der Feste, und dazu geh\u00f6rt es, wohltuendes Essen und gem\u00fctliche R\u00e4ume zu schaffen, die die K\u00e4lte in der Luft abwehren. Mittlerweile haben wir den \u201eBack-to-Alles\u201c-Sprint im September hinter uns, haben den Garten aufger\u00e4umt (so, hier gibt es noch viel zu tun), haben das erste Feuer der Saison angez\u00fcndet und genie\u00dfen die einfache Art des Kochens und der Unterhaltung, die das Sonntagsessen darstellt.<\/p>\n<figure class=\"van-image-figure full-width-layout \" data-bordeaux-image-check id=\"d1cc95d5-700d-4ee7-bbed-9c7a9bc2c33e\">\n<div class=\"image-full-width-wrapper\">\n<div class=\"image-widthsetter\"><\/div>\n<\/div><figcaption class=\"full-width-layout \">\n<div class=\"caption-text\">\n<p>Das Feuer ist angez\u00fcndet und ich habe saisonales Laub aus dem Garten f\u00fcr meinen Tisch gesammelt<\/p>\n<\/div>\n<\/figcaption><\/figure>\n<h2 id=\"the-easy-art-of-a-sunday-lunch-3\">Die einfache Kunst eines Sonntagsessens<\/h2>\n<p id=\"f6205782-def8-4126-88d6-c1b15b47d69f\">Ich liebe einen Sonntagsbraten, auch wenn ich dieses Jahr etwas weniger auf gro\u00dfe Pl\u00e4ne und eher auf lockeres \u201eHerausfinden nach Lust und Laune\u201c aus bin. Trotzdem bleibt ein Hauch von Theater: Das formellere Geschirr kommt zum Vorschein und die zerknitterte, gr\u00fcndlich gewaschene Bettw\u00e4sche und die Bistrogl\u00e4ser werden durch durchdachtere herbstliche Tischdekorationsideen, geb\u00fcgelte Servietten und Weingl\u00e4ser mit Stielen ersetzt. Auf dem Tisch gibt es jedoch immer noch Platz f\u00fcr Launen (immer!), und meine Tischdekoration tendiert eher zum eher skulpturalen St\u00e4bchen-in-einem-Glas-Stil, bei dem gro\u00dfe Zweige in Herbstfarben (ich habe meine Kreppmyrte nach St\u00e4ngeln durchsucht) oder die Bl\u00fcten am Ende der Saison (habe ich schon meine Dahlien-Tischdekoration erw\u00e4hnt?!) die Hauptrolle spielen.<\/p>\n<figure class=\"van-image-figure full-width-layout \" data-bordeaux-image-check id=\"4a2ad2cf-1dfc-4f70-9868-60ddd440a6e5\">\n<div class=\"image-full-width-wrapper\">\n<div class=\"image-widthsetter\"><\/div>\n<\/div>\n<\/figure>\n<h2 id=\"freezer-as-muse-3\">Freezer als Muse<\/h2>\n<aside data-block-type=\"embed\" data-render-type=\"fte\" data-skip=\"dealsy\" data-widget-type=\"seasonal\" class=\"hawk-root\"><\/aside>\n<p id=\"2d1fd68b-94eb-4537-b83c-f95099ffe2b7-0\">Es ist auch die Zeit des Jahres, in der ich ernsthaft mit dem Batch-Cooking beginne \u2013 Kessel mit H\u00fchnerbr\u00fche und duftenden Kr\u00e4utersaucen, wobei ich meinen Vorrat an Blattkr\u00e4utern zum Saisonende aufbrauche und genug Bolognaise-Sauce, um ein Rugby-Team zu ern\u00e4hren. In meinem Gefrierschrank sieht es so aus, als w\u00e4re ich eine Art verr\u00fcckter Lebensmittelsammler, der sich auf eingebildete Monate der Knappheit vorbereitet und dabei ignoriert, dass es im November und Dezember \u00fcberhaupt nichts Knappes gibt. Aber als ich auf einer Farm im l\u00e4ndlichen Australien aufgewachsen bin, in einiger Entfernung vom n\u00e4chsten Supermarkt, war es immer das Ziel, so viel wie m\u00f6glich aufzubewahren und nichts zu verschwenden. Deshalb liegt mir ein organisierter Gefrierschrank voller Lebensmittel in der DNA.<\/p>\n<p>Diese Angewohnheit ist wirklich praktisch, wenn man sich \u00fcberlegt, was man zum Mittagessen am Sonntag kochen soll, denn damit mehr in den Gefrierschrank passt, muss etwas herauskommen. Ich habe Schweinekoteletts, in Scheiben geschnittene und gebackene K\u00e4sekekse (eine gute, schnelle Kombination zu einem Getr\u00e4nk vor dem Abendessen), oben erw\u00e4hnte H\u00fchnerbr\u00fche, mit Aromen versetzten Rotweinsirup und einige gefrorene Pflaumen ausgegraben. Es gab auch einen H\u00fchnereintopf (und weitere Slow-Cooker-Rezepte), den ich vergessen hatte (eher eine Angelegenheit f\u00fcr den Wochentag), gefrorene N\u00fcsse (die beste Art, diese aufzubewahren), gekochte Fr\u00fchkartoffeln, etwas leckeres vorgefertigtes Geb\u00e4ck und sogar einen Schokoladenkuchen. Das soll nicht hei\u00dfen, dass ich alles f\u00fcr das Men\u00fc vorgekocht hatte, aber ein wenig Hilfe kann viel bewirken.<\/p>\n<figure class=\"van-image-figure full-width-layout \" data-bordeaux-image-check id=\"a6691aad-3e4f-4290-934b-12907f6eae6d\">\n<div class=\"image-full-width-wrapper\">\n<div class=\"image-widthsetter\"><\/div>\n<\/div><figcaption class=\"full-width-layout \">\n<div class=\"caption-text\">\n<p>Meine Batch-Cooking-Bounty- und Gefrierf\u00fcller<\/p>\n<\/div>\n<\/figcaption><\/figure>\n<h2 id=\"the-warm-up-act-3\">Der Aufw\u00e4rmakt<\/h2>\n<p id=\"407eac7f-b31e-4ead-969c-199af53253d4\">Ich beginne mit der H\u00fchnerbr\u00fche, die so lange k\u00f6chelt, bis sie um mindestens ein Drittel reduziert ist und eine satte, tiefgoldene Farbe annimmt. F\u00fcgen Sie nach Belieben Salz und ein paar Pfefferk\u00f6rner hinzu und servieren Sie es mit etwas trockenem Sherry, wie man es in einem meiner Lieblingsrestaurants in New York, dem Antons, macht. Diese Kombination hat auf vielen Dinnerpartys als einfache Vorspeise zum Vorbereiten gedient: Der Geschmack ist tief und s\u00e4ttigend, wie es nur H\u00fchnersuppe sein kann, wobei der Sherry durchdringt, um ihm etwas W\u00fcrze zu verleihen. Ich serviere es in Vintage-Teetassen, damit es beeindruckend aussieht, k\u00f6stlich und nahrhaft schmeckt und immer ein paar Oohs und Aahs hervorruft.<\/p>\n<figure class=\"van-image-figure full-width-layout \" data-bordeaux-image-check id=\"627d2edc-13d9-41cc-9474-88b0009985c9\">\n<div class=\"image-full-width-wrapper\">\n<div class=\"image-widthsetter\"><\/div>\n<\/div><figcaption class=\"full-width-layout \">\n<div class=\"caption-text\">\n<p>Meine H\u00fchnerbr\u00fche, serviert in blauen und wei\u00dfen Vintage-Teetassen<\/p>\n<\/div>\n<\/figcaption><\/figure>\n<h2 id=\"the-main-event-3\">Das Hauptereignis<\/h2>\n<p id=\"58803119-b939-4b6c-a756-2d16d37f2730\">Zum Sonntagmittag serviere ich die gew\u00fcrzte Br\u00fche mit Schweinekoteletts auf Fenchel, Zwiebeln und \u00c4pfeln mit Kartoffelp\u00fcree als Beilage und einem Pflaumen-Feigen-Clafloutis. Die meisten k\u00f6nnen im Voraus vorbereitet werden, sodass Sie mehr Zeit f\u00fcr das Tischdrama haben.<\/p>\n<h2 id=\"roast-pork-chops-with-fennel-onion-and-apple-serves-2-4-3\">Gebratene Schweinekoteletts mit Fenchel, Zwiebeln und Apfel (f\u00fcr 2\u20134 Personen)<\/h2>\n<figure class=\"van-image-figure full-width-layout \" data-bordeaux-image-check id=\"36f48014-3f6f-4823-9bf3-c9f40f9666d3\">\n<div class=\"image-full-width-wrapper\">\n<div class=\"image-widthsetter\"><\/div>\n<\/div><figcaption class=\"full-width-layout \">\n<div class=\"caption-text\">\n<p>Meine gew\u00fcrzten Schweinekoteletts wurden direkt auf den Tisch in einer gusseisernen Pfanne serviert<\/p>\n<\/div>\n<\/figcaption><\/figure>\n<ul id=\"44794ef6-9f23-43f3-a020-18bc23094bbc\">\n<li>Heizen Sie den Ofen auf 400 \u00b0F vor.<\/li>\n<li>Klopfen <strong>2-4 dick geschnittene Schweinekoteletts<\/strong> trocknen und w\u00fcrzen <strong>Salz<\/strong>, <strong>schwarzer Pfeffer<\/strong>und ungef\u00e4hr <strong>Je 2 Teel\u00f6ffel gemahlener K\u00fcmmel und Koriandersamen<\/strong>und in das Fleisch dr\u00fccken.<\/li>\n<li>Erhitzen Sie eine gusseiserne Pfanne auf mittlerer bis hoher Stufe mit etwas \u00d6l und braten Sie die Koteletts mit einem Rosmarinzweig etwa 2 Minuten pro Seite an, bis sie braun sind, und legen Sie sie dann auf einen Teller.<\/li>\n<li>In derselben Pfanne hinzuf\u00fcgen <strong>2 geschnittene Fenchelknollen<\/strong> Und <strong>1 geschnittene Zwiebel<\/strong> Mit einer Prise Salz und Pfeffer (und bei Bedarf etwas mehr \u00d6l) 5\u20137 Minuten kochen, bis es leicht karamellisiert ist.<\/li>\n<li>Hinzuf\u00fcgen <strong>1 d\u00fcnn geschnittener Apfel<\/strong> und kurz umr\u00fchren, dann das Schweinefleisch wieder darauf legen und die Pfanne f\u00fcr 8\u201310 Minuten in den Ofen stellen, bis es gerade gar ist.<\/li>\n<li>Lassen Sie das Schweinefleisch 3\u20134 Minuten ruhen und r\u00fchren Sie es dann um <strong>1\u20132 Essl\u00f6ffel Sherryessig (nach Geschmack)<\/strong> In den Fenchel und den Apfel geben und auf einen Teller geben.<\/li>\n<li>Ein paar knusprige <strong>Salbeibl\u00e4tter<\/strong> In Butter anbraten und zum Servieren \u00fcber das Schweinefleisch streuen, die Koteletts quer zur Faser aufschneiden und auf den Fenchel und den Apfel legen.<\/li>\n<\/ul>\n<h2 id=\"crisp-smashed-potatoes-3\">Knusprige Kartoffelp\u00fcree<\/h2>\n<p id=\"b7bf04ad-038b-4802-be77-2e0139aca660\">Ich habe immer einen Vorrat an Baby- oder neuen Parboiled-Kartoffeln im Gefrierschrank, der erste Schritt dieser genialen Methode zum Zubereiten der ewig zuverl\u00e4ssigen Kartoffeln: Durch das Einfrieren werden sie noch knuspriger.<\/p>\n<ul id=\"0cd8acfa-6751-4741-b7e7-39ca8aa07417\">\n<li>Gie\u00dfen Sie etwas ein <strong>gefrorene Kartoffeln<\/strong> Auf eine Auflaufform geben, damit bespr\u00fchen oder betr\u00e4ufeln <strong>Oliven\u00f6l (oder Entenfett)<\/strong> und in einen vorgeheizten Ofen bei 200 \u00b0C geben, bis er weich ist, etwa 15 Minuten.<\/li>\n<li>W\u00e4hrend sie noch warm sind, zerdr\u00fccken Sie jede Kartoffel vorsichtig mit der R\u00fcckseite eines Glases oder Bechers, sodass sie platzt und flach wird und am oberen Rand Krater bildet, und betr\u00e4ufeln Sie sie dann mit mehr<strong> Oliven\u00f6l <\/strong>Alles damit bestreichen (das Spray funktioniert hier perfekt) und ca. 20-25 Minuten r\u00f6sten, bis es knusprig und gebr\u00e4unt ist.<\/li>\n<li>Mit bestreut servieren <strong>Salz oder Kr\u00e4uter<\/strong> nach Geschmack.<\/li>\n<\/ul>\n<h2 id=\"plum-and-fig-clafoutis-3\">Pflaumen- und Feigen-Clafoutis<\/h2>\n<figure class=\"van-image-figure full-width-layout \" data-bordeaux-image-check id=\"80483fe1-046b-47a7-ab03-68306dace9d7\">\n<div class=\"image-full-width-wrapper\">\n<div class=\"image-widthsetter\"><\/div>\n<\/div>\n<\/figure>\n<ul id=\"0f095d64-6ed2-4dad-bfeb-a76921deeb67\">\n<li>Eine 9\u00d713 Zoll gro\u00dfe Auflaufform mit Butter bestreichen und den Boden damit bestreuen <strong>Turbinado-Zucker <\/strong>(optional).<\/li>\n<li>Werfen <strong>6 Pflaumen (geviertelt)<\/strong> Und <strong>6\u20138 frische Feigen (halbiert)<\/strong> mit etwa <strong>2\u20133 EL gek\u00fchlter Rotweinsirup<\/strong> (Das Rezept daf\u00fcr finden Sie in meiner letzten Kolumne \u00fcber Feigen und Dahlien) (auch optional), nur leicht bestreichen.<\/li>\n<li>Ordnen Sie die Fr\u00fcchte mit der Schnittseite nach oben in der Form an. In einer der besten K\u00fcchenmaschinen mixen <strong>1 Tasse Vollmilch<\/strong>, <strong>3 gro\u00dfe Eier<\/strong>, <strong>\u00bd Tasse Zucker<\/strong>, <strong>1 TL Vanilleextrakt<\/strong>und a <strong>Prise Salz<\/strong>dann hinzuf\u00fcgen <strong>\u00bd Tasse Allzweckmehl<\/strong> und kurz pulsieren, bis eine glatte Masse entsteht (der Teig kann im Voraus zubereitet und bis zu 24 Stunden gek\u00fchlt werden).<\/li>\n<li>Gie\u00dfen Sie den Teig vorsichtig \u00fcber die Fr\u00fcchte und backen Sie ihn 40\u201350 Minuten lang bei 350 \u00b0F, bis er aufgebl\u00e4ht und leicht goldbraun ist. Warm servieren mit <strong>Mascarpone<\/strong> und mehr <strong>Rotweinsirup<\/strong>.<\/li>\n<\/ul>\n<h2 id=\"styling-it-up-3\">Stylen Sie es<\/h2>\n<p id=\"d84d2ac0-d4aa-4114-9fd9-bbad5d7dbc66\">Die herbstliche Landschaft und die Farben der Tierwelt haben mich dieses Jahr so \u200b\u200bsehr inspiriert \u2013 vor ein paar Wochen habe ich sogar einen Fasan in der N\u00e4he meines Hauses in North Fork gesehen \u2013, dass ich nicht widerstehen kann, einen wundersch\u00f6nen Tisch mit dem Thema einer herbstlichen Dinnerparty zu decken, selbst f\u00fcr ein einfaches Sonntagsessen. Manchmal finde ich es etwas Launenhaftiges, mich zur\u00fcckzuhalten und die Dinge schlicht und einfach zu halten; Manchmal f\u00fcge ich einen Hauch von Drama hinzu, wo Ruhe v\u00f6llig ausreichend gewesen w\u00e4re. Hier habe ich eine Grundlage aus einer von Bl\u00e4ttern inspirierten Tischdecke und geschichteten Herbstfarben und -texturen in den Leinen- und Glaswaren geschaffen. Ich verwende mein Vintage-Geschirrset von Sanssouci Rosenthal, Italia-Weingl\u00e4ser und einige bernsteinfarbene Glaswaren mit den pilzf\u00f6rmigen Knospenvasen, die ich bei White Flower, einem Vintage-Garten- und Blumenladen in der N\u00e4he meines Hauses in Southold, North Fork, gekauft habe.<\/p>\n<figure class=\"van-image-figure full-width-layout \" data-bordeaux-image-check id=\"9fa1a095-a073-43f7-8250-3333dae0c910\">\n<div class=\"image-full-width-wrapper\">\n<div class=\"image-widthsetter\"><\/div>\n<\/div>\n<\/figure>\n<p id=\"df1e6823-50e9-4a15-85b0-c2053bcdc622\">F\u00fcr Blumen erfinde ich sie nach und nach. Es ist nicht viel Fachwissen und schon gar keine Ausr\u00fcstung erforderlich, daher ist es oft eine technische Meisterleistung, dass die Stiele in der nicht angeordneten Anordnung bleiben. Ich gruppiere gerne bestimmte Blumen und f\u00fcge etwas Unerwartetes hinzu. Meine Lieblingsidee f\u00fcr die Dekoration mit Blumen und Bl\u00e4ttern im Herbst waren Magnolienbl\u00e4tter als Struktur, mit Gruppierungen aus Fetthenne, Dahlien, getrockneten Hortensien und Nieswurz (die einzige im Laden gekaufte Blume, aber ich liebe sie), und jetzt f\u00fcge ich einige lange Rosmarinstiele hinzu.<\/p>\n<p>Genie\u00dfen Sie diese Zeit, bevor die Saison ganz zu Ende geht, und kochen Sie f\u00fcr eine, zwei oder eine gro\u00dfe Menschenmenge. Verbringen Sie den Tag mit Kochen oder Schm\u00fccken. Kochen Sie einfach, machen Sie es herrlich und machen Sie sich bereit zum Eintauchen.<\/p>\n<h2 id=\"this-that-3\">Dies und das <\/h2>\n<ul id=\"5635452f-5ec1-4ad2-889d-4e6c8cf5c0ea\">\n<li><strong>Das Eine:<\/strong> Eine hochwertige K\u00fcchenmaschine ist das Arbeitspferd der K\u00fcche. Es gibt gute Marken in unterschiedlichen Preisklassen. Ich mag diese K\u00fcchenmaschine der Cuisinart 50th Anniversary Edition von Williams Sonoma wegen ihres nostalgischen Aussehens.<\/li>\n<li><strong>Investieren Sie in: <\/strong>Gut gestaltetes Besteck. Sie verwenden es jeden Tag und ein hochwertiges Set sollte alle t\u00e4glichen Mahlzeiten und Partys \u00fcberdauern. Ich habe dieses Astier de Villatte-Besteckset aus Edelstahl von John Derian gehabt und liebe es immer noch. Ich habe mir auch diese wundersch\u00f6ne Bean and Bone-Kollektion von RW Guild angesehen, die perfekte Mischung aus moderner Schlichtheit.<\/li>\n<li><strong>F\u00fcr den Tisch<\/strong>: Wenn Sie auf der Suche nach Leinenservietten sind, um Ihren Tisch in dieser Saison aufzupeppen, sind diese italienischen Leinenservietten von Eastfork in allen rostigen Herbstt\u00f6nen erh\u00e4ltlich. Ich bin von der Hortus Home-Tischdecke besessen, seit ich sie auf dem Field &#038; Supply Market im Hudson Valley gesehen habe. Und die Pilzknospenvasen von White Flower. Nate, der Besitzer, hat ein wirklich sch\u00f6nes Gesp\u00fcr f\u00fcr Vintage- und neue Garten- und Pflanzenst\u00fccke.<\/li>\n<li><strong>Begehren:<\/strong> Dieser Tiffany Twist Tumbler wurde in Murano, Italien, handgefertigt und mundgeblasen. (DIES IST NUR AUF DER KANADISCHEN WEBSITE VERF\u00dcGBAR \u2013 IST DAS EIN PROBLEM?)<\/li>\n<li><strong>Kochen von:<\/strong> Ottolenghis Simple (bei Amazon) \u2013 ich greife immer wieder darauf zur\u00fcck, um mich inspirieren zu lassen<\/li>\n<li><strong>Anh\u00f6ren: <\/strong>Dieser langformatige Podcast \u201eDas Tagebuch eines CEO\u201c bietet Gespr\u00e4che mit Vordenkern zu allen Themen, von Gesundheitsthemen \u00fcber Beziehungen bis hin zur Unternehmensf\u00fchrung.<\/li>\n<\/ul>\n<h2 id=\"finds-of-the-week-3\">Fundst\u00fccke der Woche<\/h2>\n<div class=\"product-container hero-product-container product-block-no-wrap\">\n<div class=\"product-block-row\"><\/div>\n<div class=\"product-block-row\"><\/div>\n<div class=\"product-block-row\"><\/div>\n<div class=\"product-block-row\"><\/div>\n<div class=\"product-block-row\"><\/div>\n<div class=\"product-block-row\"><\/div>\n<\/div>\n<\/div>\n","protected":false},"excerpt":{"rendered":"<p>Es ist wieder diese Jahreszeit \u2013 dieser Moment kurz nach Halloween \u2013, in dem mir klar wird, dass ich (wieder einmal) nicht besonders gut organisiert<\/p>\n","protected":false},"author":1,"featured_media":8943,"comment_status":"closed","ping_status":"","sticky":false,"template":"","format":"standard","meta":{"footnotes":""},"categories":[118],"tags":[10879,22,2649,11094,4979,11269],"class_list":["post-8942","post","type-post","status-publish","format-standard","has-post-thumbnail","hentry","category-haus-garten","tag-annas","tag-einem","tag-schoenen","tag-sonntagsessen","tag-tisch","tag-vorspiel","generate-columns","tablet-grid-50","mobile-grid-100","grid-parent","grid-50"],"yoast_head":"<!-- This site is optimized with the Yoast SEO plugin v27.3 - https:\/\/yoast.com\/product\/yoast-seo-wordpress\/ -->\n<title>An Annas Tisch: Vorspiel zu einem sch\u00f6nen Sonntagsessen - Nachrichten - Stra\u00dfenweb<\/title>\n<meta name=\"robots\" content=\"index, follow, max-snippet:-1, max-image-preview:large, max-video-preview:-1\" \/>\n<link rel=\"canonical\" href=\"https:\/\/www.strassenweb.de\/nachrichten\/an-annas-tisch-vorspiel-zu-einem-schoenen-sonntagsessen\/\" \/>\n<meta property=\"og:locale\" content=\"de_DE\" \/>\n<meta property=\"og:type\" content=\"article\" \/>\n<meta property=\"og:title\" content=\"An Annas Tisch: Vorspiel zu einem sch\u00f6nen Sonntagsessen - Nachrichten - Stra\u00dfenweb\" \/>\n<meta property=\"og:description\" content=\"Es ist wieder diese Jahreszeit \u2013 dieser Moment kurz nach Halloween \u2013, in dem mir klar wird, dass ich (wieder einmal) nicht besonders gut organisiert\" \/>\n<meta property=\"og:url\" content=\"https:\/\/www.strassenweb.de\/nachrichten\/an-annas-tisch-vorspiel-zu-einem-schoenen-sonntagsessen\/\" \/>\n<meta property=\"og:site_name\" content=\"Stra\u00dfenweb\" \/>\n<meta property=\"article:publisher\" content=\"https:\/\/www.facebook.com\/strassenweb\/\" \/>\n<meta property=\"article:published_time\" content=\"2025-11-01T08:39:31+00:00\" \/>\n<meta property=\"article:modified_time\" content=\"2025-11-01T08:39:33+00:00\" \/>\n<meta property=\"og:image\" content=\"https:\/\/www.strassenweb.de\/nachrichten\/wp-content\/uploads\/2025\/11\/An-Annas-Tisch-Vorspiel-zu-einem-schoenen-Sonntagsessen.jpg\" \/>\n\t<meta property=\"og:image:width\" content=\"2560\" \/>\n\t<meta property=\"og:image:height\" content=\"1440\" \/>\n\t<meta property=\"og:image:type\" content=\"image\/jpeg\" \/>\n<meta name=\"author\" content=\"Robert Hoffmann\" \/>\n<meta name=\"twitter:card\" content=\"summary_large_image\" \/>\n<meta name=\"twitter:label1\" content=\"Verfasst von\" \/>\n\t<meta name=\"twitter:data1\" content=\"Robert Hoffmann\" \/>\n\t<meta name=\"twitter:label2\" content=\"Gesch\u00e4tzte Lesezeit\" \/>\n\t<meta name=\"twitter:data2\" content=\"9\u00a0Minuten\" \/>\n<script type=\"application\/ld+json\" class=\"yoast-schema-graph\">{\"@context\":\"https:\\\/\\\/schema.org\",\"@graph\":[{\"@type\":\"Article\",\"@id\":\"https:\\\/\\\/www.strassenweb.de\\\/nachrichten\\\/an-annas-tisch-vorspiel-zu-einem-schoenen-sonntagsessen\\\/#article\",\"isPartOf\":{\"@id\":\"https:\\\/\\\/www.strassenweb.de\\\/nachrichten\\\/an-annas-tisch-vorspiel-zu-einem-schoenen-sonntagsessen\\\/\"},\"author\":{\"name\":\"Robert Hoffmann\",\"@id\":\"https:\\\/\\\/www.strassenweb.de\\\/nachrichten\\\/#\\\/schema\\\/person\\\/87c9c9067f1211da429a744dc5a5aa41\"},\"headline\":\"An Annas Tisch: Vorspiel zu einem sch\u00f6nen Sonntagsessen\",\"datePublished\":\"2025-11-01T08:39:31+00:00\",\"dateModified\":\"2025-11-01T08:39:33+00:00\",\"mainEntityOfPage\":{\"@id\":\"https:\\\/\\\/www.strassenweb.de\\\/nachrichten\\\/an-annas-tisch-vorspiel-zu-einem-schoenen-sonntagsessen\\\/\"},\"wordCount\":1823,\"publisher\":{\"@id\":\"https:\\\/\\\/www.strassenweb.de\\\/nachrichten\\\/#organization\"},\"image\":{\"@id\":\"https:\\\/\\\/www.strassenweb.de\\\/nachrichten\\\/an-annas-tisch-vorspiel-zu-einem-schoenen-sonntagsessen\\\/#primaryimage\"},\"thumbnailUrl\":\"https:\\\/\\\/www.strassenweb.de\\\/nachrichten\\\/wp-content\\\/uploads\\\/2025\\\/11\\\/An-Annas-Tisch-Vorspiel-zu-einem-schoenen-Sonntagsessen.jpg\",\"keywords\":[\"Annas\",\"einem\",\"sch\u00f6nen\",\"Sonntagsessen\",\"Tisch\",\"Vorspiel\"],\"articleSection\":[\"Haus &amp; Garten\"],\"inLanguage\":\"de\"},{\"@type\":\"WebPage\",\"@id\":\"https:\\\/\\\/www.strassenweb.de\\\/nachrichten\\\/an-annas-tisch-vorspiel-zu-einem-schoenen-sonntagsessen\\\/\",\"url\":\"https:\\\/\\\/www.strassenweb.de\\\/nachrichten\\\/an-annas-tisch-vorspiel-zu-einem-schoenen-sonntagsessen\\\/\",\"name\":\"An Annas Tisch: Vorspiel zu einem sch\u00f6nen Sonntagsessen - Nachrichten - Stra\u00dfenweb\",\"isPartOf\":{\"@id\":\"https:\\\/\\\/www.strassenweb.de\\\/nachrichten\\\/#website\"},\"primaryImageOfPage\":{\"@id\":\"https:\\\/\\\/www.strassenweb.de\\\/nachrichten\\\/an-annas-tisch-vorspiel-zu-einem-schoenen-sonntagsessen\\\/#primaryimage\"},\"image\":{\"@id\":\"https:\\\/\\\/www.strassenweb.de\\\/nachrichten\\\/an-annas-tisch-vorspiel-zu-einem-schoenen-sonntagsessen\\\/#primaryimage\"},\"thumbnailUrl\":\"https:\\\/\\\/www.strassenweb.de\\\/nachrichten\\\/wp-content\\\/uploads\\\/2025\\\/11\\\/An-Annas-Tisch-Vorspiel-zu-einem-schoenen-Sonntagsessen.jpg\",\"datePublished\":\"2025-11-01T08:39:31+00:00\",\"dateModified\":\"2025-11-01T08:39:33+00:00\",\"breadcrumb\":{\"@id\":\"https:\\\/\\\/www.strassenweb.de\\\/nachrichten\\\/an-annas-tisch-vorspiel-zu-einem-schoenen-sonntagsessen\\\/#breadcrumb\"},\"inLanguage\":\"de\",\"potentialAction\":[{\"@type\":\"ReadAction\",\"target\":[\"https:\\\/\\\/www.strassenweb.de\\\/nachrichten\\\/an-annas-tisch-vorspiel-zu-einem-schoenen-sonntagsessen\\\/\"]}]},{\"@type\":\"ImageObject\",\"inLanguage\":\"de\",\"@id\":\"https:\\\/\\\/www.strassenweb.de\\\/nachrichten\\\/an-annas-tisch-vorspiel-zu-einem-schoenen-sonntagsessen\\\/#primaryimage\",\"url\":\"https:\\\/\\\/www.strassenweb.de\\\/nachrichten\\\/wp-content\\\/uploads\\\/2025\\\/11\\\/An-Annas-Tisch-Vorspiel-zu-einem-schoenen-Sonntagsessen.jpg\",\"contentUrl\":\"https:\\\/\\\/www.strassenweb.de\\\/nachrichten\\\/wp-content\\\/uploads\\\/2025\\\/11\\\/An-Annas-Tisch-Vorspiel-zu-einem-schoenen-Sonntagsessen.jpg\",\"width\":2560,\"height\":1440,\"caption\":\"Table set for four people with rustic fall decor\"},{\"@type\":\"BreadcrumbList\",\"@id\":\"https:\\\/\\\/www.strassenweb.de\\\/nachrichten\\\/an-annas-tisch-vorspiel-zu-einem-schoenen-sonntagsessen\\\/#breadcrumb\",\"itemListElement\":[{\"@type\":\"ListItem\",\"position\":1,\"name\":\"Home\",\"item\":\"https:\\\/\\\/www.strassenweb.de\\\/nachrichten\\\/\"},{\"@type\":\"ListItem\",\"position\":2,\"name\":\"An Annas Tisch: Vorspiel zu einem sch\u00f6nen Sonntagsessen\"}]},{\"@type\":\"WebSite\",\"@id\":\"https:\\\/\\\/www.strassenweb.de\\\/nachrichten\\\/#website\",\"url\":\"https:\\\/\\\/www.strassenweb.de\\\/nachrichten\\\/\",\"name\":\"Stra\u00dfenweb\",\"description\":\"Stra\u00dfenverzeichnis f\u00fcr Deutschland\",\"publisher\":{\"@id\":\"https:\\\/\\\/www.strassenweb.de\\\/nachrichten\\\/#organization\"},\"potentialAction\":[{\"@type\":\"SearchAction\",\"target\":{\"@type\":\"EntryPoint\",\"urlTemplate\":\"https:\\\/\\\/www.strassenweb.de\\\/nachrichten\\\/?s={search_term_string}\"},\"query-input\":{\"@type\":\"PropertyValueSpecification\",\"valueRequired\":true,\"valueName\":\"search_term_string\"}}],\"inLanguage\":\"de\"},{\"@type\":\"Organization\",\"@id\":\"https:\\\/\\\/www.strassenweb.de\\\/nachrichten\\\/#organization\",\"name\":\"Stra\u00dfenweb\",\"url\":\"https:\\\/\\\/www.strassenweb.de\\\/nachrichten\\\/\",\"logo\":{\"@type\":\"ImageObject\",\"inLanguage\":\"de\",\"@id\":\"https:\\\/\\\/www.strassenweb.de\\\/nachrichten\\\/#\\\/schema\\\/logo\\\/image\\\/\",\"url\":\"https:\\\/\\\/www.strassenweb.de\\\/nachrichten\\\/wp-content\\\/uploads\\\/2024\\\/09\\\/cropped-favicon.png\",\"contentUrl\":\"https:\\\/\\\/www.strassenweb.de\\\/nachrichten\\\/wp-content\\\/uploads\\\/2024\\\/09\\\/cropped-favicon.png\",\"width\":512,\"height\":512,\"caption\":\"Stra\u00dfenweb\"},\"image\":{\"@id\":\"https:\\\/\\\/www.strassenweb.de\\\/nachrichten\\\/#\\\/schema\\\/logo\\\/image\\\/\"},\"sameAs\":[\"https:\\\/\\\/www.facebook.com\\\/strassenweb\\\/\"]},{\"@type\":\"Person\",\"@id\":\"https:\\\/\\\/www.strassenweb.de\\\/nachrichten\\\/#\\\/schema\\\/person\\\/87c9c9067f1211da429a744dc5a5aa41\",\"name\":\"Robert Hoffmann\",\"image\":{\"@type\":\"ImageObject\",\"inLanguage\":\"de\",\"@id\":\"https:\\\/\\\/www.strassenweb.de\\\/nachrichten\\\/wp-content\\\/uploads\\\/2024\\\/09\\\/strassenweb-150x150.jpg\",\"url\":\"https:\\\/\\\/www.strassenweb.de\\\/nachrichten\\\/wp-content\\\/uploads\\\/2024\\\/09\\\/strassenweb-150x150.jpg\",\"contentUrl\":\"https:\\\/\\\/www.strassenweb.de\\\/nachrichten\\\/wp-content\\\/uploads\\\/2024\\\/09\\\/strassenweb-150x150.jpg\",\"caption\":\"Robert Hoffmann\"},\"description\":\"Ich hei\u00dfe Robert Hoffmann und ich bin ein leidenschaftlicher Verfechter von \u00d6kologie und Biodiversit\u00e4t. Seit meiner Kindheit in den W\u00e4ldern Bayerns f\u00fchle ich mich mit der Natur verbunden und bin entschlossen, sie zu sch\u00fctzen. Heute widme ich mein Leben der Sensibilisierung anderer f\u00fcr die Bedeutung des Umweltschutzes f\u00fcr zuk\u00fcnftige Generationen.\",\"sameAs\":[\"https:\\\/\\\/www.strassenweb.de\\\/\"]}]}<\/script>\n<!-- \/ Yoast SEO plugin. -->","yoast_head_json":{"title":"An Annas Tisch: Vorspiel zu einem sch\u00f6nen Sonntagsessen - Nachrichten - Stra\u00dfenweb","robots":{"index":"index","follow":"follow","max-snippet":"max-snippet:-1","max-image-preview":"max-image-preview:large","max-video-preview":"max-video-preview:-1"},"canonical":"https:\/\/www.strassenweb.de\/nachrichten\/an-annas-tisch-vorspiel-zu-einem-schoenen-sonntagsessen\/","og_locale":"de_DE","og_type":"article","og_title":"An Annas Tisch: Vorspiel zu einem sch\u00f6nen Sonntagsessen - Nachrichten - Stra\u00dfenweb","og_description":"Es ist wieder diese Jahreszeit \u2013 dieser Moment kurz nach Halloween \u2013, in dem mir klar wird, dass ich (wieder einmal) nicht besonders gut organisiert","og_url":"https:\/\/www.strassenweb.de\/nachrichten\/an-annas-tisch-vorspiel-zu-einem-schoenen-sonntagsessen\/","og_site_name":"Stra\u00dfenweb","article_publisher":"https:\/\/www.facebook.com\/strassenweb\/","article_published_time":"2025-11-01T08:39:31+00:00","article_modified_time":"2025-11-01T08:39:33+00:00","og_image":[{"width":2560,"height":1440,"url":"https:\/\/www.strassenweb.de\/nachrichten\/wp-content\/uploads\/2025\/11\/An-Annas-Tisch-Vorspiel-zu-einem-schoenen-Sonntagsessen.jpg","type":"image\/jpeg"}],"author":"Robert Hoffmann","twitter_card":"summary_large_image","twitter_misc":{"Verfasst von":"Robert Hoffmann","Gesch\u00e4tzte Lesezeit":"9\u00a0Minuten"},"schema":{"@context":"https:\/\/schema.org","@graph":[{"@type":"Article","@id":"https:\/\/www.strassenweb.de\/nachrichten\/an-annas-tisch-vorspiel-zu-einem-schoenen-sonntagsessen\/#article","isPartOf":{"@id":"https:\/\/www.strassenweb.de\/nachrichten\/an-annas-tisch-vorspiel-zu-einem-schoenen-sonntagsessen\/"},"author":{"name":"Robert Hoffmann","@id":"https:\/\/www.strassenweb.de\/nachrichten\/#\/schema\/person\/87c9c9067f1211da429a744dc5a5aa41"},"headline":"An Annas Tisch: Vorspiel zu einem sch\u00f6nen Sonntagsessen","datePublished":"2025-11-01T08:39:31+00:00","dateModified":"2025-11-01T08:39:33+00:00","mainEntityOfPage":{"@id":"https:\/\/www.strassenweb.de\/nachrichten\/an-annas-tisch-vorspiel-zu-einem-schoenen-sonntagsessen\/"},"wordCount":1823,"publisher":{"@id":"https:\/\/www.strassenweb.de\/nachrichten\/#organization"},"image":{"@id":"https:\/\/www.strassenweb.de\/nachrichten\/an-annas-tisch-vorspiel-zu-einem-schoenen-sonntagsessen\/#primaryimage"},"thumbnailUrl":"https:\/\/www.strassenweb.de\/nachrichten\/wp-content\/uploads\/2025\/11\/An-Annas-Tisch-Vorspiel-zu-einem-schoenen-Sonntagsessen.jpg","keywords":["Annas","einem","sch\u00f6nen","Sonntagsessen","Tisch","Vorspiel"],"articleSection":["Haus &amp; Garten"],"inLanguage":"de"},{"@type":"WebPage","@id":"https:\/\/www.strassenweb.de\/nachrichten\/an-annas-tisch-vorspiel-zu-einem-schoenen-sonntagsessen\/","url":"https:\/\/www.strassenweb.de\/nachrichten\/an-annas-tisch-vorspiel-zu-einem-schoenen-sonntagsessen\/","name":"An Annas Tisch: Vorspiel zu einem sch\u00f6nen Sonntagsessen - Nachrichten - Stra\u00dfenweb","isPartOf":{"@id":"https:\/\/www.strassenweb.de\/nachrichten\/#website"},"primaryImageOfPage":{"@id":"https:\/\/www.strassenweb.de\/nachrichten\/an-annas-tisch-vorspiel-zu-einem-schoenen-sonntagsessen\/#primaryimage"},"image":{"@id":"https:\/\/www.strassenweb.de\/nachrichten\/an-annas-tisch-vorspiel-zu-einem-schoenen-sonntagsessen\/#primaryimage"},"thumbnailUrl":"https:\/\/www.strassenweb.de\/nachrichten\/wp-content\/uploads\/2025\/11\/An-Annas-Tisch-Vorspiel-zu-einem-schoenen-Sonntagsessen.jpg","datePublished":"2025-11-01T08:39:31+00:00","dateModified":"2025-11-01T08:39:33+00:00","breadcrumb":{"@id":"https:\/\/www.strassenweb.de\/nachrichten\/an-annas-tisch-vorspiel-zu-einem-schoenen-sonntagsessen\/#breadcrumb"},"inLanguage":"de","potentialAction":[{"@type":"ReadAction","target":["https:\/\/www.strassenweb.de\/nachrichten\/an-annas-tisch-vorspiel-zu-einem-schoenen-sonntagsessen\/"]}]},{"@type":"ImageObject","inLanguage":"de","@id":"https:\/\/www.strassenweb.de\/nachrichten\/an-annas-tisch-vorspiel-zu-einem-schoenen-sonntagsessen\/#primaryimage","url":"https:\/\/www.strassenweb.de\/nachrichten\/wp-content\/uploads\/2025\/11\/An-Annas-Tisch-Vorspiel-zu-einem-schoenen-Sonntagsessen.jpg","contentUrl":"https:\/\/www.strassenweb.de\/nachrichten\/wp-content\/uploads\/2025\/11\/An-Annas-Tisch-Vorspiel-zu-einem-schoenen-Sonntagsessen.jpg","width":2560,"height":1440,"caption":"Table set for four people with rustic fall decor"},{"@type":"BreadcrumbList","@id":"https:\/\/www.strassenweb.de\/nachrichten\/an-annas-tisch-vorspiel-zu-einem-schoenen-sonntagsessen\/#breadcrumb","itemListElement":[{"@type":"ListItem","position":1,"name":"Home","item":"https:\/\/www.strassenweb.de\/nachrichten\/"},{"@type":"ListItem","position":2,"name":"An Annas Tisch: Vorspiel zu einem sch\u00f6nen Sonntagsessen"}]},{"@type":"WebSite","@id":"https:\/\/www.strassenweb.de\/nachrichten\/#website","url":"https:\/\/www.strassenweb.de\/nachrichten\/","name":"Stra\u00dfenweb","description":"Stra\u00dfenverzeichnis f\u00fcr Deutschland","publisher":{"@id":"https:\/\/www.strassenweb.de\/nachrichten\/#organization"},"potentialAction":[{"@type":"SearchAction","target":{"@type":"EntryPoint","urlTemplate":"https:\/\/www.strassenweb.de\/nachrichten\/?s={search_term_string}"},"query-input":{"@type":"PropertyValueSpecification","valueRequired":true,"valueName":"search_term_string"}}],"inLanguage":"de"},{"@type":"Organization","@id":"https:\/\/www.strassenweb.de\/nachrichten\/#organization","name":"Stra\u00dfenweb","url":"https:\/\/www.strassenweb.de\/nachrichten\/","logo":{"@type":"ImageObject","inLanguage":"de","@id":"https:\/\/www.strassenweb.de\/nachrichten\/#\/schema\/logo\/image\/","url":"https:\/\/www.strassenweb.de\/nachrichten\/wp-content\/uploads\/2024\/09\/cropped-favicon.png","contentUrl":"https:\/\/www.strassenweb.de\/nachrichten\/wp-content\/uploads\/2024\/09\/cropped-favicon.png","width":512,"height":512,"caption":"Stra\u00dfenweb"},"image":{"@id":"https:\/\/www.strassenweb.de\/nachrichten\/#\/schema\/logo\/image\/"},"sameAs":["https:\/\/www.facebook.com\/strassenweb\/"]},{"@type":"Person","@id":"https:\/\/www.strassenweb.de\/nachrichten\/#\/schema\/person\/87c9c9067f1211da429a744dc5a5aa41","name":"Robert Hoffmann","image":{"@type":"ImageObject","inLanguage":"de","@id":"https:\/\/www.strassenweb.de\/nachrichten\/wp-content\/uploads\/2024\/09\/strassenweb-150x150.jpg","url":"https:\/\/www.strassenweb.de\/nachrichten\/wp-content\/uploads\/2024\/09\/strassenweb-150x150.jpg","contentUrl":"https:\/\/www.strassenweb.de\/nachrichten\/wp-content\/uploads\/2024\/09\/strassenweb-150x150.jpg","caption":"Robert Hoffmann"},"description":"Ich hei\u00dfe Robert Hoffmann und ich bin ein leidenschaftlicher Verfechter von \u00d6kologie und Biodiversit\u00e4t. Seit meiner Kindheit in den W\u00e4ldern Bayerns f\u00fchle ich mich mit der Natur verbunden und bin entschlossen, sie zu sch\u00fctzen. Heute widme ich mein Leben der Sensibilisierung anderer f\u00fcr die Bedeutung des Umweltschutzes f\u00fcr zuk\u00fcnftige Generationen.","sameAs":["https:\/\/www.strassenweb.de\/"]}]}},"_links":{"self":[{"href":"https:\/\/www.strassenweb.de\/nachrichten\/wp-json\/wp\/v2\/posts\/8942","targetHints":{"allow":["GET"]}}],"collection":[{"href":"https:\/\/www.strassenweb.de\/nachrichten\/wp-json\/wp\/v2\/posts"}],"about":[{"href":"https:\/\/www.strassenweb.de\/nachrichten\/wp-json\/wp\/v2\/types\/post"}],"author":[{"embeddable":true,"href":"https:\/\/www.strassenweb.de\/nachrichten\/wp-json\/wp\/v2\/users\/1"}],"replies":[{"embeddable":true,"href":"https:\/\/www.strassenweb.de\/nachrichten\/wp-json\/wp\/v2\/comments?post=8942"}],"version-history":[{"count":0,"href":"https:\/\/www.strassenweb.de\/nachrichten\/wp-json\/wp\/v2\/posts\/8942\/revisions"}],"wp:featuredmedia":[{"embeddable":true,"href":"https:\/\/www.strassenweb.de\/nachrichten\/wp-json\/wp\/v2\/media\/8943"}],"wp:attachment":[{"href":"https:\/\/www.strassenweb.de\/nachrichten\/wp-json\/wp\/v2\/media?parent=8942"}],"wp:term":[{"taxonomy":"category","embeddable":true,"href":"https:\/\/www.strassenweb.de\/nachrichten\/wp-json\/wp\/v2\/categories?post=8942"},{"taxonomy":"post_tag","embeddable":true,"href":"https:\/\/www.strassenweb.de\/nachrichten\/wp-json\/wp\/v2\/tags?post=8942"}],"curies":[{"name":"wp","href":"https:\/\/api.w.org\/{rel}","templated":true}]}}