{"id":8924,"date":"2025-10-31T15:39:15","date_gmt":"2025-10-31T14:39:15","guid":{"rendered":"https:\/\/www.strassenweb.de\/nachrichten\/amanda-seyfrieds-kuecheninsel-vereint-holz-und-marmor-in-einem-subtilen-aber-aussagekraeftigen-design-das-laut-experten-ihren-luxurioesen-raum-aufwertet\/"},"modified":"2025-10-31T15:39:16","modified_gmt":"2025-10-31T14:39:16","slug":"amanda-seyfrieds-kuecheninsel-vereint-holz-und-marmor-in-einem-subtilen-aber-aussagekraeftigen-design-das-laut-experten-ihren-luxurioesen-raum-aufwertet","status":"publish","type":"post","link":"https:\/\/www.strassenweb.de\/nachrichten\/amanda-seyfrieds-kuecheninsel-vereint-holz-und-marmor-in-einem-subtilen-aber-aussagekraeftigen-design-das-laut-experten-ihren-luxurioesen-raum-aufwertet\/","title":{"rendered":"Amanda Seyfrieds K\u00fccheninsel vereint Holz und Marmor in einem subtilen, aber aussagekr\u00e4ftigen Design, das laut Experten ihren luxuri\u00f6sen Raum aufwertet"},"content":{"rendered":"<p><\/p>\n<div id=\"article-body\" class=\"article__body \">\n<p id=\"dd9e69b8-f6a6-4c11-8a0f-6400136d5e66\">Eine gut gestaltete K\u00fccheninsel ist ein wirkungsvolles Element, um den Stil und die Funktionalit\u00e4t Ihrer K\u00fcche zu verbessern. Es kann neue Materialien einf\u00fchren und den Fluss Ihres Layouts verbessern. Dies wird im Haus von Amanda Seyfried perfekt veranschaulicht, wo eine sorgf\u00e4ltig gefertigte K\u00fccheninsel beides erreicht.<\/p>\n<div id=\"ad-unit-1\" class=\"ad-unit\"><\/div>\n<p>Der <em>Sieben Schleier <\/em>In der K\u00fcche der Schauspielerin steht eine organisch-luxuri\u00f6se \u00c4sthetik im Mittelpunkt, die von einer Palette aus frischem Wei\u00df und dem weichen, hellen Braun von Naturholz dominiert wird.<\/p>\n<aside data-block-type=\"embed\" data-render-type=\"fte\" data-skip=\"dealsy\" data-widget-type=\"seasonal\" class=\"hawk-root\"><\/aside>\n<p id=\"dd9e69b8-f6a6-4c11-8a0f-6400136d5e66-2\">Diese Kombination schafft einen auffallend hellen und modernen Raum, der sich wirklich warm anf\u00fchlt \u2013 ein willkommenes Gegenmittel gegen die K\u00e4lte, wenn die Tage k\u00fcrzer werden. Offene Regale \u00fcber dem Herd verhindern, dass sich der Bereich schwer anf\u00fchlt, w\u00e4hrend eine minimalistische Leuchte einen modernen Touch verleiht, ideal f\u00fcr gem\u00fctliche Abende drinnen.<\/p>\n<div class=\"van_vid_carousel\">\n<div class=\"van_vid_carousel__padding\">\n<div class=\"van_vid_carousel__container\"><\/div>\n<\/div>\n<\/div>\n<div class=\"instagram-embed\" id=\"CuALiW0uad8\">\n<blockquote class=\"instagram-media\" data-instgrm-captioned data-instgrm-version=\"6\" style=\"width:99.375%; width:-webkit-calc(100% - 2px); width:calc(100% - 2px);\">\n<p>Ein von General Assembly (@gen_assembly) geteilter Beitrag<\/p>\n<p>Ein Foto gepostet von am <\/p>\n<\/blockquote>\n<\/div>\n<h2 id=\"shop-the-wood-kitchen-edit-3\">Shoppen Sie die Auswahl an Holzk\u00fcchen<\/h2>\n<div class=\"product-container hero-product-container product-block-no-wrap\">\n<div class=\"product-block-row\"><\/div>\n<div class=\"product-block-row\"><\/div>\n<div class=\"product-block-row\"><\/div>\n<\/div>\n<p id=\"6e4b0411-af41-4f57-a9eb-30e6389892a1\">Seyfrieds wundersch\u00f6ne Insel ist f\u00fcr diese positive Designauswirkung von entscheidender Bedeutung. \u201eDie Kombination aus Holz und Marmor in dieser K\u00fccheninsel ist gleicherma\u00dfen subtil und aussagekr\u00e4ftig\u201c, bemerkt Kathy Kuo, eine renommierte Innenarchitektin aus New York.<\/p>\n<div id=\"ad-unit-2\" class=\"ad-unit\"><\/div>\n<p>Sie f\u00fcgt hinzu: \u201eIch finde es toll, dass es sich um eine nahtlose Verschmelzung zweier organischer Materialien handelt und das Ergebnis so einfach ist, dass es einem sofort ins Auge f\u00e4llt.\u201c \u201eDie neutralen Farben der Insel erm\u00f6glichen es, dass jeder Farbtupfer \u2013 wie das hier gezeigte wundersch\u00f6ne hellviolette Blumenarrangement \u2013 \u200b\u200bwirklich im Mittelpunkt steht.\u201c<\/p>\n<p>Die Materialien der Insel harmonieren sowohl untereinander als auch mit dem Rest des Raumes einwandfrei. \u201eDas Nebeneinander von Holz und wei\u00dfem Marmor ist eine Designentscheidung, die W\u00e4rme und Raffinesse in Einklang bringt\u201c, sagt Nina Lichtenstein, eine Innenarchitektin aus Westchester.<\/p>\n<p>Sie f\u00e4hrt fort: \u201eIn Seyfrieds wei\u00dfer K\u00fcche hebt sich die Holzinsel vom makellosen wei\u00dfen Hintergrund ab und dient als Anker, der den Raum erdet.\u201c Das nat\u00fcrliche Holz sorgt f\u00fcr einen organischen Touch und sorgt f\u00fcr Struktur und W\u00e4rme, die einen sch\u00f6nen Kontrast zur k\u00fchlen, glatten Oberfl\u00e4che der K\u00fcchenarbeitsplatte aus wei\u00dfem Marmor bilden. Diese Kombination ist nicht nur optisch ansprechend, sondern auch funktional, da Marmor eine langlebige und leicht zu reinigende Oberfl\u00e4che bietet, die sich perfekt f\u00fcr die Zubereitung von Speisen und den Empfang von G\u00e4sten eignet, was besonders in der bevorstehenden Kochsaison f\u00fcr die Feiertage n\u00fctzlich ist.<\/p>\n<div id=\"slice-container-newsletterForm-articleInbodyContent-eYQUx94Ai7zxk7zsyiXxHg\" class=\"slice-container newsletter-inbodyContent-slice newsletterForm-articleInbodyContent-eYQUx94Ai7zxk7zsyiXxHg slice-container-newsletterForm\"><\/div>\n<p>Lichtenstein bemerkt au\u00dferdem: \u201eDie Holzt\u00f6ne der Insel spiegeln sich in den hellen Holzb\u00f6den und den etwas dunkleren Holzhockern wider, die mit schwarzen Metallbeinen f\u00fcr einen industriellen Touch versehen sind.\u201c Dieser zusammenh\u00e4ngende Einsatz von Holz schafft einen harmonischen Fluss und lenkt den Blick auf nat\u00fcrliche Weise durch den Raum. \u201eDas Design der K\u00fcche stellt sicher, dass die Insel im Mittelpunkt bleibt, w\u00e4hrend die umgebenden Elemente \u2013 elegante wei\u00dfe Schr\u00e4nke, offene Regale und sorgf\u00e4ltig ausgew\u00e4hlte Accessoires in Schwarz, Wei\u00df und Holz \u2013 ihre Pr\u00e4senz erg\u00e4nzen und verst\u00e4rken.\u201c<\/p>\n<p>Auch wenn die Kombination aus wei\u00dfem Marmor und Naturholz nicht neu ist, erzeugt die einzigartige Ausf\u00fchrung in Amanda Seyfrieds Raum einen brillanten, unerwarteten Effekt. Dieser raffinierte, erdende Look ist schlicht genug, um diesen Herbst oder Winter in jede K\u00fcche \u00fcbernommen zu werden.<\/p>\n<div class=\"min-h-(270px) mb-4 viafoura-twig-component\" id=\"viafoura-engagement-starter-wrapper\" data-component-name=\"Elk:Embed:EngagementStarter\">\n<div class=\"viafoura\">\n<div>\n<vf-conversation-starter target=\"viafoura-comments\" minimum-comment-count=\"1\"><br \/>\n<\/vf-conversation-starter>\n<\/div>\n<\/div>\n<\/div>\n<hr id=\"d3ee5d2a-7f08-4d49-b2d0-795ca25731e1\">\n<\/div>\n<p><script async src=\"\/\/www.instagram.com\/embed.js\"><\/script><\/p>\n","protected":false},"excerpt":{"rendered":"<p>Eine gut gestaltete K\u00fccheninsel ist ein wirkungsvolles Element, um den Stil und die Funktionalit\u00e4t Ihrer K\u00fcche zu verbessern. Es kann neue Materialien einf\u00fchren und den<\/p>\n","protected":false},"author":1,"featured_media":8925,"comment_status":"closed","ping_status":"","sticky":false,"template":"","format":"standard","meta":{"footnotes":""},"categories":[118],"tags":[357,2944,11253,11252,112,679,22,667,1246,325,3392,329,2928,6089,182,2945,3333,37,291],"class_list":["post-8924","post","type-post","status-publish","format-standard","has-post-thumbnail","hentry","category-haus-garten","tag-aber","tag-amanda","tag-aufwertet","tag-aussagekraeftigen","tag-das","tag-design","tag-einem","tag-experten","tag-holz","tag-ihren","tag-kuecheninsel","tag-laut","tag-luxurioesen","tag-marmor","tag-raum","tag-seyfrieds","tag-subtilen","tag-und","tag-vereint","generate-columns","tablet-grid-50","mobile-grid-100","grid-parent","grid-50"],"yoast_head":"<!-- This site is optimized with the Yoast SEO plugin v27.3 - https:\/\/yoast.com\/product\/yoast-seo-wordpress\/ -->\n<title>Amanda Seyfrieds K\u00fccheninsel vereint Holz und Marmor in einem subtilen, aber aussagekr\u00e4ftigen Design, das laut Experten ihren luxuri\u00f6sen Raum aufwertet - Nachrichten - Stra\u00dfenweb<\/title>\n<meta name=\"robots\" content=\"index, follow, max-snippet:-1, max-image-preview:large, max-video-preview:-1\" \/>\n<link rel=\"canonical\" href=\"https:\/\/www.strassenweb.de\/nachrichten\/amanda-seyfrieds-kuecheninsel-vereint-holz-und-marmor-in-einem-subtilen-aber-aussagekraeftigen-design-das-laut-experten-ihren-luxurioesen-raum-aufwertet\/\" \/>\n<meta property=\"og:locale\" content=\"de_DE\" \/>\n<meta property=\"og:type\" content=\"article\" \/>\n<meta property=\"og:title\" content=\"Amanda Seyfrieds K\u00fccheninsel vereint Holz und Marmor in einem subtilen, aber aussagekr\u00e4ftigen Design, das laut Experten ihren luxuri\u00f6sen Raum aufwertet - Nachrichten - Stra\u00dfenweb\" \/>\n<meta property=\"og:description\" content=\"Eine gut gestaltete K\u00fccheninsel ist ein wirkungsvolles Element, um den Stil und die Funktionalit\u00e4t Ihrer K\u00fcche zu verbessern. Es kann neue Materialien einf\u00fchren und den\" \/>\n<meta property=\"og:url\" content=\"https:\/\/www.strassenweb.de\/nachrichten\/amanda-seyfrieds-kuecheninsel-vereint-holz-und-marmor-in-einem-subtilen-aber-aussagekraeftigen-design-das-laut-experten-ihren-luxurioesen-raum-aufwertet\/\" \/>\n<meta property=\"og:site_name\" content=\"Stra\u00dfenweb\" \/>\n<meta property=\"article:publisher\" content=\"https:\/\/www.facebook.com\/strassenweb\/\" \/>\n<meta property=\"article:published_time\" content=\"2025-10-31T14:39:15+00:00\" \/>\n<meta property=\"article:modified_time\" content=\"2025-10-31T14:39:16+00:00\" \/>\n<meta property=\"og:image\" content=\"https:\/\/www.strassenweb.de\/nachrichten\/wp-content\/uploads\/2025\/10\/Amanda-Seyfrieds-Kuecheninsel-vereint-Holz-und-Marmor-in-einem-subtilen.jpg\" \/>\n\t<meta property=\"og:image:width\" content=\"1600\" \/>\n\t<meta property=\"og:image:height\" content=\"900\" \/>\n\t<meta property=\"og:image:type\" content=\"image\/jpeg\" \/>\n<meta name=\"author\" content=\"Robert Hoffmann\" \/>\n<meta name=\"twitter:card\" content=\"summary_large_image\" \/>\n<meta name=\"twitter:label1\" content=\"Verfasst von\" \/>\n\t<meta name=\"twitter:data1\" content=\"Robert Hoffmann\" \/>\n\t<meta name=\"twitter:label2\" content=\"Gesch\u00e4tzte Lesezeit\" \/>\n\t<meta name=\"twitter:data2\" content=\"3\u00a0Minuten\" \/>\n<script type=\"application\/ld+json\" class=\"yoast-schema-graph\">{\"@context\":\"https:\\\/\\\/schema.org\",\"@graph\":[{\"@type\":\"Article\",\"@id\":\"https:\\\/\\\/www.strassenweb.de\\\/nachrichten\\\/amanda-seyfrieds-kuecheninsel-vereint-holz-und-marmor-in-einem-subtilen-aber-aussagekraeftigen-design-das-laut-experten-ihren-luxurioesen-raum-aufwertet\\\/#article\",\"isPartOf\":{\"@id\":\"https:\\\/\\\/www.strassenweb.de\\\/nachrichten\\\/amanda-seyfrieds-kuecheninsel-vereint-holz-und-marmor-in-einem-subtilen-aber-aussagekraeftigen-design-das-laut-experten-ihren-luxurioesen-raum-aufwertet\\\/\"},\"author\":{\"name\":\"Robert Hoffmann\",\"@id\":\"https:\\\/\\\/www.strassenweb.de\\\/nachrichten\\\/#\\\/schema\\\/person\\\/87c9c9067f1211da429a744dc5a5aa41\"},\"headline\":\"Amanda Seyfrieds K\u00fccheninsel vereint Holz und Marmor in einem subtilen, aber aussagekr\u00e4ftigen Design, das laut Experten ihren luxuri\u00f6sen Raum aufwertet\",\"datePublished\":\"2025-10-31T14:39:15+00:00\",\"dateModified\":\"2025-10-31T14:39:16+00:00\",\"mainEntityOfPage\":{\"@id\":\"https:\\\/\\\/www.strassenweb.de\\\/nachrichten\\\/amanda-seyfrieds-kuecheninsel-vereint-holz-und-marmor-in-einem-subtilen-aber-aussagekraeftigen-design-das-laut-experten-ihren-luxurioesen-raum-aufwertet\\\/\"},\"wordCount\":577,\"publisher\":{\"@id\":\"https:\\\/\\\/www.strassenweb.de\\\/nachrichten\\\/#organization\"},\"image\":{\"@id\":\"https:\\\/\\\/www.strassenweb.de\\\/nachrichten\\\/amanda-seyfrieds-kuecheninsel-vereint-holz-und-marmor-in-einem-subtilen-aber-aussagekraeftigen-design-das-laut-experten-ihren-luxurioesen-raum-aufwertet\\\/#primaryimage\"},\"thumbnailUrl\":\"https:\\\/\\\/www.strassenweb.de\\\/nachrichten\\\/wp-content\\\/uploads\\\/2025\\\/10\\\/Amanda-Seyfrieds-Kuecheninsel-vereint-Holz-und-Marmor-in-einem-subtilen.jpg\",\"keywords\":[\"aber\",\"Amanda\",\"aufwertet\",\"aussagekr\u00e4ftigen\",\"das\",\"Design\",\"einem\",\"Experten\",\"Holz\",\"ihren\",\"K\u00fccheninsel\",\"laut\",\"luxuri\u00f6sen\",\"Marmor\",\"Raum\",\"Seyfrieds\",\"subtilen\",\"und\",\"vereint\"],\"articleSection\":[\"Haus &amp; Garten\"],\"inLanguage\":\"de\"},{\"@type\":\"WebPage\",\"@id\":\"https:\\\/\\\/www.strassenweb.de\\\/nachrichten\\\/amanda-seyfrieds-kuecheninsel-vereint-holz-und-marmor-in-einem-subtilen-aber-aussagekraeftigen-design-das-laut-experten-ihren-luxurioesen-raum-aufwertet\\\/\",\"url\":\"https:\\\/\\\/www.strassenweb.de\\\/nachrichten\\\/amanda-seyfrieds-kuecheninsel-vereint-holz-und-marmor-in-einem-subtilen-aber-aussagekraeftigen-design-das-laut-experten-ihren-luxurioesen-raum-aufwertet\\\/\",\"name\":\"Amanda Seyfrieds K\u00fccheninsel vereint Holz und Marmor in einem subtilen, aber aussagekr\u00e4ftigen Design, das laut Experten ihren luxuri\u00f6sen Raum aufwertet - Nachrichten - Stra\u00dfenweb\",\"isPartOf\":{\"@id\":\"https:\\\/\\\/www.strassenweb.de\\\/nachrichten\\\/#website\"},\"primaryImageOfPage\":{\"@id\":\"https:\\\/\\\/www.strassenweb.de\\\/nachrichten\\\/amanda-seyfrieds-kuecheninsel-vereint-holz-und-marmor-in-einem-subtilen-aber-aussagekraeftigen-design-das-laut-experten-ihren-luxurioesen-raum-aufwertet\\\/#primaryimage\"},\"image\":{\"@id\":\"https:\\\/\\\/www.strassenweb.de\\\/nachrichten\\\/amanda-seyfrieds-kuecheninsel-vereint-holz-und-marmor-in-einem-subtilen-aber-aussagekraeftigen-design-das-laut-experten-ihren-luxurioesen-raum-aufwertet\\\/#primaryimage\"},\"thumbnailUrl\":\"https:\\\/\\\/www.strassenweb.de\\\/nachrichten\\\/wp-content\\\/uploads\\\/2025\\\/10\\\/Amanda-Seyfrieds-Kuecheninsel-vereint-Holz-und-Marmor-in-einem-subtilen.jpg\",\"datePublished\":\"2025-10-31T14:39:15+00:00\",\"dateModified\":\"2025-10-31T14:39:16+00:00\",\"breadcrumb\":{\"@id\":\"https:\\\/\\\/www.strassenweb.de\\\/nachrichten\\\/amanda-seyfrieds-kuecheninsel-vereint-holz-und-marmor-in-einem-subtilen-aber-aussagekraeftigen-design-das-laut-experten-ihren-luxurioesen-raum-aufwertet\\\/#breadcrumb\"},\"inLanguage\":\"de\",\"potentialAction\":[{\"@type\":\"ReadAction\",\"target\":[\"https:\\\/\\\/www.strassenweb.de\\\/nachrichten\\\/amanda-seyfrieds-kuecheninsel-vereint-holz-und-marmor-in-einem-subtilen-aber-aussagekraeftigen-design-das-laut-experten-ihren-luxurioesen-raum-aufwertet\\\/\"]}]},{\"@type\":\"ImageObject\",\"inLanguage\":\"de\",\"@id\":\"https:\\\/\\\/www.strassenweb.de\\\/nachrichten\\\/amanda-seyfrieds-kuecheninsel-vereint-holz-und-marmor-in-einem-subtilen-aber-aussagekraeftigen-design-das-laut-experten-ihren-luxurioesen-raum-aufwertet\\\/#primaryimage\",\"url\":\"https:\\\/\\\/www.strassenweb.de\\\/nachrichten\\\/wp-content\\\/uploads\\\/2025\\\/10\\\/Amanda-Seyfrieds-Kuecheninsel-vereint-Holz-und-Marmor-in-einem-subtilen.jpg\",\"contentUrl\":\"https:\\\/\\\/www.strassenweb.de\\\/nachrichten\\\/wp-content\\\/uploads\\\/2025\\\/10\\\/Amanda-Seyfrieds-Kuecheninsel-vereint-Holz-und-Marmor-in-einem-subtilen.jpg\",\"width\":1600,\"height\":900,\"caption\":\"Amanda Seyfried\"},{\"@type\":\"BreadcrumbList\",\"@id\":\"https:\\\/\\\/www.strassenweb.de\\\/nachrichten\\\/amanda-seyfrieds-kuecheninsel-vereint-holz-und-marmor-in-einem-subtilen-aber-aussagekraeftigen-design-das-laut-experten-ihren-luxurioesen-raum-aufwertet\\\/#breadcrumb\",\"itemListElement\":[{\"@type\":\"ListItem\",\"position\":1,\"name\":\"Home\",\"item\":\"https:\\\/\\\/www.strassenweb.de\\\/nachrichten\\\/\"},{\"@type\":\"ListItem\",\"position\":2,\"name\":\"Amanda Seyfrieds K\u00fccheninsel vereint Holz und Marmor in einem subtilen, aber aussagekr\u00e4ftigen Design, das laut Experten ihren luxuri\u00f6sen Raum aufwertet\"}]},{\"@type\":\"WebSite\",\"@id\":\"https:\\\/\\\/www.strassenweb.de\\\/nachrichten\\\/#website\",\"url\":\"https:\\\/\\\/www.strassenweb.de\\\/nachrichten\\\/\",\"name\":\"Stra\u00dfenweb\",\"description\":\"Stra\u00dfenverzeichnis f\u00fcr Deutschland\",\"publisher\":{\"@id\":\"https:\\\/\\\/www.strassenweb.de\\\/nachrichten\\\/#organization\"},\"potentialAction\":[{\"@type\":\"SearchAction\",\"target\":{\"@type\":\"EntryPoint\",\"urlTemplate\":\"https:\\\/\\\/www.strassenweb.de\\\/nachrichten\\\/?s={search_term_string}\"},\"query-input\":{\"@type\":\"PropertyValueSpecification\",\"valueRequired\":true,\"valueName\":\"search_term_string\"}}],\"inLanguage\":\"de\"},{\"@type\":\"Organization\",\"@id\":\"https:\\\/\\\/www.strassenweb.de\\\/nachrichten\\\/#organization\",\"name\":\"Stra\u00dfenweb\",\"url\":\"https:\\\/\\\/www.strassenweb.de\\\/nachrichten\\\/\",\"logo\":{\"@type\":\"ImageObject\",\"inLanguage\":\"de\",\"@id\":\"https:\\\/\\\/www.strassenweb.de\\\/nachrichten\\\/#\\\/schema\\\/logo\\\/image\\\/\",\"url\":\"https:\\\/\\\/www.strassenweb.de\\\/nachrichten\\\/wp-content\\\/uploads\\\/2024\\\/09\\\/cropped-favicon.png\",\"contentUrl\":\"https:\\\/\\\/www.strassenweb.de\\\/nachrichten\\\/wp-content\\\/uploads\\\/2024\\\/09\\\/cropped-favicon.png\",\"width\":512,\"height\":512,\"caption\":\"Stra\u00dfenweb\"},\"image\":{\"@id\":\"https:\\\/\\\/www.strassenweb.de\\\/nachrichten\\\/#\\\/schema\\\/logo\\\/image\\\/\"},\"sameAs\":[\"https:\\\/\\\/www.facebook.com\\\/strassenweb\\\/\"]},{\"@type\":\"Person\",\"@id\":\"https:\\\/\\\/www.strassenweb.de\\\/nachrichten\\\/#\\\/schema\\\/person\\\/87c9c9067f1211da429a744dc5a5aa41\",\"name\":\"Robert Hoffmann\",\"image\":{\"@type\":\"ImageObject\",\"inLanguage\":\"de\",\"@id\":\"https:\\\/\\\/www.strassenweb.de\\\/nachrichten\\\/wp-content\\\/uploads\\\/2024\\\/09\\\/strassenweb-150x150.jpg\",\"url\":\"https:\\\/\\\/www.strassenweb.de\\\/nachrichten\\\/wp-content\\\/uploads\\\/2024\\\/09\\\/strassenweb-150x150.jpg\",\"contentUrl\":\"https:\\\/\\\/www.strassenweb.de\\\/nachrichten\\\/wp-content\\\/uploads\\\/2024\\\/09\\\/strassenweb-150x150.jpg\",\"caption\":\"Robert Hoffmann\"},\"description\":\"Ich hei\u00dfe Robert Hoffmann und ich bin ein leidenschaftlicher Verfechter von \u00d6kologie und Biodiversit\u00e4t. Seit meiner Kindheit in den W\u00e4ldern Bayerns f\u00fchle ich mich mit der Natur verbunden und bin entschlossen, sie zu sch\u00fctzen. Heute widme ich mein Leben der Sensibilisierung anderer f\u00fcr die Bedeutung des Umweltschutzes f\u00fcr zuk\u00fcnftige Generationen.\",\"sameAs\":[\"https:\\\/\\\/www.strassenweb.de\\\/\"]}]}<\/script>\n<!-- \/ Yoast SEO plugin. -->","yoast_head_json":{"title":"Amanda Seyfrieds K\u00fccheninsel vereint Holz und Marmor in einem subtilen, aber aussagekr\u00e4ftigen Design, das laut Experten ihren luxuri\u00f6sen Raum aufwertet - Nachrichten - Stra\u00dfenweb","robots":{"index":"index","follow":"follow","max-snippet":"max-snippet:-1","max-image-preview":"max-image-preview:large","max-video-preview":"max-video-preview:-1"},"canonical":"https:\/\/www.strassenweb.de\/nachrichten\/amanda-seyfrieds-kuecheninsel-vereint-holz-und-marmor-in-einem-subtilen-aber-aussagekraeftigen-design-das-laut-experten-ihren-luxurioesen-raum-aufwertet\/","og_locale":"de_DE","og_type":"article","og_title":"Amanda Seyfrieds K\u00fccheninsel vereint Holz und Marmor in einem subtilen, aber aussagekr\u00e4ftigen Design, das laut Experten ihren luxuri\u00f6sen Raum aufwertet - Nachrichten - Stra\u00dfenweb","og_description":"Eine gut gestaltete K\u00fccheninsel ist ein wirkungsvolles Element, um den Stil und die Funktionalit\u00e4t Ihrer K\u00fcche zu verbessern. Es kann neue Materialien einf\u00fchren und den","og_url":"https:\/\/www.strassenweb.de\/nachrichten\/amanda-seyfrieds-kuecheninsel-vereint-holz-und-marmor-in-einem-subtilen-aber-aussagekraeftigen-design-das-laut-experten-ihren-luxurioesen-raum-aufwertet\/","og_site_name":"Stra\u00dfenweb","article_publisher":"https:\/\/www.facebook.com\/strassenweb\/","article_published_time":"2025-10-31T14:39:15+00:00","article_modified_time":"2025-10-31T14:39:16+00:00","og_image":[{"width":1600,"height":900,"url":"https:\/\/www.strassenweb.de\/nachrichten\/wp-content\/uploads\/2025\/10\/Amanda-Seyfrieds-Kuecheninsel-vereint-Holz-und-Marmor-in-einem-subtilen.jpg","type":"image\/jpeg"}],"author":"Robert Hoffmann","twitter_card":"summary_large_image","twitter_misc":{"Verfasst von":"Robert Hoffmann","Gesch\u00e4tzte Lesezeit":"3\u00a0Minuten"},"schema":{"@context":"https:\/\/schema.org","@graph":[{"@type":"Article","@id":"https:\/\/www.strassenweb.de\/nachrichten\/amanda-seyfrieds-kuecheninsel-vereint-holz-und-marmor-in-einem-subtilen-aber-aussagekraeftigen-design-das-laut-experten-ihren-luxurioesen-raum-aufwertet\/#article","isPartOf":{"@id":"https:\/\/www.strassenweb.de\/nachrichten\/amanda-seyfrieds-kuecheninsel-vereint-holz-und-marmor-in-einem-subtilen-aber-aussagekraeftigen-design-das-laut-experten-ihren-luxurioesen-raum-aufwertet\/"},"author":{"name":"Robert Hoffmann","@id":"https:\/\/www.strassenweb.de\/nachrichten\/#\/schema\/person\/87c9c9067f1211da429a744dc5a5aa41"},"headline":"Amanda Seyfrieds K\u00fccheninsel vereint Holz und Marmor in einem subtilen, aber aussagekr\u00e4ftigen Design, das laut Experten ihren luxuri\u00f6sen Raum aufwertet","datePublished":"2025-10-31T14:39:15+00:00","dateModified":"2025-10-31T14:39:16+00:00","mainEntityOfPage":{"@id":"https:\/\/www.strassenweb.de\/nachrichten\/amanda-seyfrieds-kuecheninsel-vereint-holz-und-marmor-in-einem-subtilen-aber-aussagekraeftigen-design-das-laut-experten-ihren-luxurioesen-raum-aufwertet\/"},"wordCount":577,"publisher":{"@id":"https:\/\/www.strassenweb.de\/nachrichten\/#organization"},"image":{"@id":"https:\/\/www.strassenweb.de\/nachrichten\/amanda-seyfrieds-kuecheninsel-vereint-holz-und-marmor-in-einem-subtilen-aber-aussagekraeftigen-design-das-laut-experten-ihren-luxurioesen-raum-aufwertet\/#primaryimage"},"thumbnailUrl":"https:\/\/www.strassenweb.de\/nachrichten\/wp-content\/uploads\/2025\/10\/Amanda-Seyfrieds-Kuecheninsel-vereint-Holz-und-Marmor-in-einem-subtilen.jpg","keywords":["aber","Amanda","aufwertet","aussagekr\u00e4ftigen","das","Design","einem","Experten","Holz","ihren","K\u00fccheninsel","laut","luxuri\u00f6sen","Marmor","Raum","Seyfrieds","subtilen","und","vereint"],"articleSection":["Haus &amp; Garten"],"inLanguage":"de"},{"@type":"WebPage","@id":"https:\/\/www.strassenweb.de\/nachrichten\/amanda-seyfrieds-kuecheninsel-vereint-holz-und-marmor-in-einem-subtilen-aber-aussagekraeftigen-design-das-laut-experten-ihren-luxurioesen-raum-aufwertet\/","url":"https:\/\/www.strassenweb.de\/nachrichten\/amanda-seyfrieds-kuecheninsel-vereint-holz-und-marmor-in-einem-subtilen-aber-aussagekraeftigen-design-das-laut-experten-ihren-luxurioesen-raum-aufwertet\/","name":"Amanda Seyfrieds K\u00fccheninsel vereint Holz und Marmor in einem subtilen, aber aussagekr\u00e4ftigen Design, das laut Experten ihren luxuri\u00f6sen Raum aufwertet - Nachrichten - Stra\u00dfenweb","isPartOf":{"@id":"https:\/\/www.strassenweb.de\/nachrichten\/#website"},"primaryImageOfPage":{"@id":"https:\/\/www.strassenweb.de\/nachrichten\/amanda-seyfrieds-kuecheninsel-vereint-holz-und-marmor-in-einem-subtilen-aber-aussagekraeftigen-design-das-laut-experten-ihren-luxurioesen-raum-aufwertet\/#primaryimage"},"image":{"@id":"https:\/\/www.strassenweb.de\/nachrichten\/amanda-seyfrieds-kuecheninsel-vereint-holz-und-marmor-in-einem-subtilen-aber-aussagekraeftigen-design-das-laut-experten-ihren-luxurioesen-raum-aufwertet\/#primaryimage"},"thumbnailUrl":"https:\/\/www.strassenweb.de\/nachrichten\/wp-content\/uploads\/2025\/10\/Amanda-Seyfrieds-Kuecheninsel-vereint-Holz-und-Marmor-in-einem-subtilen.jpg","datePublished":"2025-10-31T14:39:15+00:00","dateModified":"2025-10-31T14:39:16+00:00","breadcrumb":{"@id":"https:\/\/www.strassenweb.de\/nachrichten\/amanda-seyfrieds-kuecheninsel-vereint-holz-und-marmor-in-einem-subtilen-aber-aussagekraeftigen-design-das-laut-experten-ihren-luxurioesen-raum-aufwertet\/#breadcrumb"},"inLanguage":"de","potentialAction":[{"@type":"ReadAction","target":["https:\/\/www.strassenweb.de\/nachrichten\/amanda-seyfrieds-kuecheninsel-vereint-holz-und-marmor-in-einem-subtilen-aber-aussagekraeftigen-design-das-laut-experten-ihren-luxurioesen-raum-aufwertet\/"]}]},{"@type":"ImageObject","inLanguage":"de","@id":"https:\/\/www.strassenweb.de\/nachrichten\/amanda-seyfrieds-kuecheninsel-vereint-holz-und-marmor-in-einem-subtilen-aber-aussagekraeftigen-design-das-laut-experten-ihren-luxurioesen-raum-aufwertet\/#primaryimage","url":"https:\/\/www.strassenweb.de\/nachrichten\/wp-content\/uploads\/2025\/10\/Amanda-Seyfrieds-Kuecheninsel-vereint-Holz-und-Marmor-in-einem-subtilen.jpg","contentUrl":"https:\/\/www.strassenweb.de\/nachrichten\/wp-content\/uploads\/2025\/10\/Amanda-Seyfrieds-Kuecheninsel-vereint-Holz-und-Marmor-in-einem-subtilen.jpg","width":1600,"height":900,"caption":"Amanda Seyfried"},{"@type":"BreadcrumbList","@id":"https:\/\/www.strassenweb.de\/nachrichten\/amanda-seyfrieds-kuecheninsel-vereint-holz-und-marmor-in-einem-subtilen-aber-aussagekraeftigen-design-das-laut-experten-ihren-luxurioesen-raum-aufwertet\/#breadcrumb","itemListElement":[{"@type":"ListItem","position":1,"name":"Home","item":"https:\/\/www.strassenweb.de\/nachrichten\/"},{"@type":"ListItem","position":2,"name":"Amanda Seyfrieds K\u00fccheninsel vereint Holz und Marmor in einem subtilen, aber aussagekr\u00e4ftigen Design, das laut Experten ihren luxuri\u00f6sen Raum aufwertet"}]},{"@type":"WebSite","@id":"https:\/\/www.strassenweb.de\/nachrichten\/#website","url":"https:\/\/www.strassenweb.de\/nachrichten\/","name":"Stra\u00dfenweb","description":"Stra\u00dfenverzeichnis f\u00fcr Deutschland","publisher":{"@id":"https:\/\/www.strassenweb.de\/nachrichten\/#organization"},"potentialAction":[{"@type":"SearchAction","target":{"@type":"EntryPoint","urlTemplate":"https:\/\/www.strassenweb.de\/nachrichten\/?s={search_term_string}"},"query-input":{"@type":"PropertyValueSpecification","valueRequired":true,"valueName":"search_term_string"}}],"inLanguage":"de"},{"@type":"Organization","@id":"https:\/\/www.strassenweb.de\/nachrichten\/#organization","name":"Stra\u00dfenweb","url":"https:\/\/www.strassenweb.de\/nachrichten\/","logo":{"@type":"ImageObject","inLanguage":"de","@id":"https:\/\/www.strassenweb.de\/nachrichten\/#\/schema\/logo\/image\/","url":"https:\/\/www.strassenweb.de\/nachrichten\/wp-content\/uploads\/2024\/09\/cropped-favicon.png","contentUrl":"https:\/\/www.strassenweb.de\/nachrichten\/wp-content\/uploads\/2024\/09\/cropped-favicon.png","width":512,"height":512,"caption":"Stra\u00dfenweb"},"image":{"@id":"https:\/\/www.strassenweb.de\/nachrichten\/#\/schema\/logo\/image\/"},"sameAs":["https:\/\/www.facebook.com\/strassenweb\/"]},{"@type":"Person","@id":"https:\/\/www.strassenweb.de\/nachrichten\/#\/schema\/person\/87c9c9067f1211da429a744dc5a5aa41","name":"Robert Hoffmann","image":{"@type":"ImageObject","inLanguage":"de","@id":"https:\/\/www.strassenweb.de\/nachrichten\/wp-content\/uploads\/2024\/09\/strassenweb-150x150.jpg","url":"https:\/\/www.strassenweb.de\/nachrichten\/wp-content\/uploads\/2024\/09\/strassenweb-150x150.jpg","contentUrl":"https:\/\/www.strassenweb.de\/nachrichten\/wp-content\/uploads\/2024\/09\/strassenweb-150x150.jpg","caption":"Robert Hoffmann"},"description":"Ich hei\u00dfe Robert Hoffmann und ich bin ein leidenschaftlicher Verfechter von \u00d6kologie und Biodiversit\u00e4t. Seit meiner Kindheit in den W\u00e4ldern Bayerns f\u00fchle ich mich mit der Natur verbunden und bin entschlossen, sie zu sch\u00fctzen. Heute widme ich mein Leben der Sensibilisierung anderer f\u00fcr die Bedeutung des Umweltschutzes f\u00fcr zuk\u00fcnftige Generationen.","sameAs":["https:\/\/www.strassenweb.de\/"]}]}},"_links":{"self":[{"href":"https:\/\/www.strassenweb.de\/nachrichten\/wp-json\/wp\/v2\/posts\/8924","targetHints":{"allow":["GET"]}}],"collection":[{"href":"https:\/\/www.strassenweb.de\/nachrichten\/wp-json\/wp\/v2\/posts"}],"about":[{"href":"https:\/\/www.strassenweb.de\/nachrichten\/wp-json\/wp\/v2\/types\/post"}],"author":[{"embeddable":true,"href":"https:\/\/www.strassenweb.de\/nachrichten\/wp-json\/wp\/v2\/users\/1"}],"replies":[{"embeddable":true,"href":"https:\/\/www.strassenweb.de\/nachrichten\/wp-json\/wp\/v2\/comments?post=8924"}],"version-history":[{"count":0,"href":"https:\/\/www.strassenweb.de\/nachrichten\/wp-json\/wp\/v2\/posts\/8924\/revisions"}],"wp:featuredmedia":[{"embeddable":true,"href":"https:\/\/www.strassenweb.de\/nachrichten\/wp-json\/wp\/v2\/media\/8925"}],"wp:attachment":[{"href":"https:\/\/www.strassenweb.de\/nachrichten\/wp-json\/wp\/v2\/media?parent=8924"}],"wp:term":[{"taxonomy":"category","embeddable":true,"href":"https:\/\/www.strassenweb.de\/nachrichten\/wp-json\/wp\/v2\/categories?post=8924"},{"taxonomy":"post_tag","embeddable":true,"href":"https:\/\/www.strassenweb.de\/nachrichten\/wp-json\/wp\/v2\/tags?post=8924"}],"curies":[{"name":"wp","href":"https:\/\/api.w.org\/{rel}","templated":true}]}}