{"id":892,"date":"2024-10-13T23:40:17","date_gmt":"2024-10-13T21:40:17","guid":{"rendered":"https:\/\/www.strassenweb.de\/nachrichten\/dieser-designer-hat-bei-der-gestaltung-seines-gemuetlichen-sofas-einfach-alle-regeln-ueber-bord-geworfen-er-bringt-uns-dazu-alles-zu-ueberdenken-was-wir-ueber-kleine-raeume-wussten\/"},"modified":"2024-10-13T23:40:18","modified_gmt":"2024-10-13T21:40:18","slug":"dieser-designer-hat-bei-der-gestaltung-seines-gemuetlichen-sofas-einfach-alle-regeln-ueber-bord-geworfen-er-bringt-uns-dazu-alles-zu-ueberdenken-was-wir-ueber-kleine-raeume-wussten","status":"publish","type":"post","link":"https:\/\/www.strassenweb.de\/nachrichten\/dieser-designer-hat-bei-der-gestaltung-seines-gemuetlichen-sofas-einfach-alle-regeln-ueber-bord-geworfen-er-bringt-uns-dazu-alles-zu-ueberdenken-was-wir-ueber-kleine-raeume-wussten\/","title":{"rendered":"Dieser Designer hat bei der Gestaltung seines gem\u00fctlichen Sofas einfach alle Regeln \u00fcber Bord geworfen \u2013 er bringt uns dazu, alles zu \u00fcberdenken, was wir \u00fcber kleine R\u00e4ume wussten"},"content":{"rendered":"<p><\/p>\n<div id=\"article-body\" class=\"article__body \">\n<p>Es gibt ein paar bew\u00e4hrte Regeln f\u00fcr die Inneneinrichtung, an die sich alle Experten halten. Von der idealen M\u00f6belplatzierung bis hin zu Beleuchtungstricks und Farb-Hacks, die bestimmte R\u00e4ume gr\u00f6\u00dfer (oder kleiner) wirken lassen \u2013 diese \u201eRegeln\u201c sind das Wissen von Innenarchitekten.<\/p>\n<div id=\"ad-unit-1\" class=\"ad-unit\"><\/div>\n<p>Als wir den Designer Drew Micheal Scott von Lone Fox entdeckten, der bei der Neugestaltung des gem\u00fctlichen Zimmers in seinem Privathaus v\u00f6llig gegen die Regeln versto\u00dfen hatte, waren wir ziemlich neugierig.<\/p>\n<aside class=\"hawk-nest\" data-render-type=\"fte\" data-skip=\"dealsy\" data-widget-type=\"seasonal\">\n<div class=\"hawk-master-widget-hawk-base-wrapper\"><\/div>\n<\/aside>\n<p>Drew hat all die kleinen Raumideen, die wir zu kennen und zu lieben glaubten, durchbrochen, indem er seinen gem\u00fctlichen Raum in einen dunklen, kuscheligen Farbton getaucht und ihn mit reichlich M\u00f6beln ausgestattet hat. Hier gehen wir die drei Regeln f\u00fcr die Gestaltung kleiner R\u00e4ume durch, die er uns zum Umdenken gebracht hat, nachdem er diese vielseitige und einladende Neugestaltung gesehen hat.<\/p>\n<div id=\"desktop-in-article\" class=\"in-article ad-unit\">\n<div id=\"desktop-taboola-mid-article\"><\/div>\n<\/div>\n<div id=\"mobile-in-article\" class=\"in-article ad-unit\">\n<div id=\"mobile-taboola-mid-article\"><\/div>\n<\/div>\n<div class=\"instagram-embed\">\n<blockquote class=\"instagram-media\" data-instgrm-captioned data-instgrm-version=\"6\" style=\"width:99.375%; width:-webkit-calc(100% - 2px); width:calc(100% - 2px);\">\n<p>Ein von Lone Fox geteilter Beitrag von Drew Michael Scott (@lonefoxhome)<\/p>\n<p>Ein Foto gepostet von am <\/p>\n<\/blockquote>\n<\/div>\n<p>Fr\u00fcher ein ged\u00e4mpftes Heimb\u00fcro, das einfach nicht ausreichend genutzt wurde, gab der Sch\u00f6pfer Drew \u2013 der vor allem f\u00fcr seinen warmen \u00dcbergangsstil und seine kreativen DIY-Videos bekannt ist \u2013 seine Niederlage zu und machte es sich zur Aufgabe, diesen ungenutzten Raum neu zu dekorieren. Und das Ergebnis ist eher unerwartet.<\/p>\n<div class=\"van_vid_carousel\">\n<div class=\"van_vid_carousel__padding\">\n<div class=\"van_vid_carousel__container\"><\/div>\n<\/div>\n<\/div>\n<p>\u201eDer erste Teil dieses Raums war mein B\u00fcro, in dem ich ehrlich gesagt im letzten Jahr nur vielleicht f\u00fcnf Mal gesessen habe (ich arbeite fast immer an meinem Esstisch)\u201c, sagt Drew. \u201eIch habe immer wieder dar\u00fcber nachgedacht, wie dieser Raum aussehen soll, aber ich habe mich eher f\u00fcr einen Lounge-\/Konversationsbereich entschieden.\u201c<\/p>\n<div id=\"ad-unit-2\" class=\"ad-unit\"><\/div>\n<p>Unten unterhalten wir uns mit Drew \u00fcber die Inspiration hinter dem gem\u00fctlichen Design und die drei Regeln f\u00fcr die Inneneinrichtung kleiner R\u00e4ume, die er uns hinterfragen l\u00e4sst.<\/p>\n<h2 id=\"3-small-space-design-rules-we-re-now-rethinking-3\">3 Regeln f\u00fcr die Gestaltung kleiner R\u00e4ume, die wir jetzt \u00fcberdenken <\/h2>\n<h3 class=\"article-body__section\" id=\"section-1-dark-colors-should-be-avoided\"><span>1. Dunkle Farben sollten vermieden werden<\/span><\/h3>\n<figure class=\"van-image-figure inline-layout \" data-bordeaux-image-check>\n<div class=\"image-full-width-wrapper\">\n<div class=\"image-widthsetter\" style=\"max-width:2000px;\"><\/div>\n<\/div>\n<\/figure>\n<p>Eine Frage, die Innenarchitekten oft gestellt wird, ist, welche Farben einen kleinen Raum gr\u00f6\u00dfer erscheinen lassen \u2013 und die h\u00e4ufigste Antwort ist, dass helle und helle Farbt\u00f6ne am besten funktionieren, um den Raum luftiger erscheinen zu lassen.<\/p>\n<div id=\"slice-container-newsletterForm-articleInbodyContent-m38Uac2R9pgwqZPPWoAwx3\" class=\"slice-container newsletter-inbodyContent-slice newsletterForm-articleInbodyContent-m38Uac2R9pgwqZPPWoAwx3 slice-container-newsletterForm\"><\/div>\n<p>Im krassen Gegensatz dazu hat sich der Gr\u00fcnder von Lone Fox Home daf\u00fcr entschieden, seinen Raum in Vogue Green von Sherwin Williams in einem matten Finish zu tauchen, das er im Video als seine Lieblingsfarbe bezeichnet. Anstatt die W\u00e4nde einzubeziehen, passt es sich stattdessen der Gr\u00f6\u00dfe des Raums an und schafft so eine gem\u00fctliche und gem\u00fctliche Atmosph\u00e4re.<\/p>\n<p>\u201eWeil der Raum so gut beleuchtet war und mit einem neutralen Raum verbunden war, wusste ich, dass ich eine kr\u00e4ftige Wandfarbe w\u00e4hlen wollte\u201c, erkl\u00e4rt Drew. \u201eAu\u00dferdem hatte ich diesen Raum zuvor in einem mittleren Gr\u00fcnton gestrichen und hatte immer das Gef\u00fchl, dass er nur ein wenig langweilig wirkte, also war es genau das, was ich suchte, etwas dunkler und kr\u00e4ftiger zu werden.\u201c<\/p>\n<h3 class=\"article-body__section\" id=\"section-2-larger-furniture-won-t-work\"><span>2. Gr\u00f6\u00dfere M\u00f6bel funktionieren nicht<\/span><\/h3>\n<figure class=\"van-image-figure inline-layout \" data-bordeaux-image-check>\n<div class=\"image-full-width-wrapper\">\n<div class=\"image-widthsetter\" style=\"max-width:2000px;\"><\/div>\n<\/div>\n<\/figure>\n<p>Um einen kleinen Raum optimal zu nutzen, empfehlen Experten in der Regel, den Raum nicht mit gro\u00dfen, \u00fcbergro\u00dfen M\u00f6beln und Dekorationen vollzustopfen.<\/p>\n<p>Drew hingegen f\u00fcllte sein kleines Wohnzimmer mit einer gro\u00dfen Couch, zwei auff\u00e4lligen Sesseln mit zahlreichen Hockern und Beistelltischen. Wie er so perfekt beweist, k\u00f6nnen gro\u00dfe St\u00fccke, wenn sie richtig gemacht werden, den Raum ger\u00e4umiger erscheinen lassen. Also skalieren Sie!<\/p>\n<p>Es f\u00fchlt sich zwar falsch an, aber tats\u00e4chlich k\u00f6nnen viele kleine M\u00f6bel in Puppenhausgr\u00f6\u00dfe dazu f\u00fchren, dass sich ein Raum \u00fcberladen anf\u00fchlt. Versuchen Sie also, jeden Zentimeter Ihres Raums mit den gr\u00f6\u00dften St\u00fccken, die Sie finden k\u00f6nnen, zu maximieren, damit sie in den Raum passen.<\/p>\n<p>\u201eIch wusste, dass ich dieses braune Vintage-Ledersofa verwenden wollte, weil es die perfekte Gr\u00f6\u00dfe f\u00fcr den Raum hatte und mir gefiel, wie die Farbe des Leders im Kontrast zum Gr\u00fcn wirkte\u201c, f\u00e4hrt Drew fort. \u201eIch habe den Raum mit einigen Vintage-St\u00fccken versch\u00f6nert, die ich schon seit einiger Zeit behalte, darunter die deutsche Glaslampe, die ich letztes Jahr von meiner Round-Top-Reise im Handgep\u00e4ck dabei hatte.\u201c<\/p>\n<h3 class=\"article-body__section\" id=\"section-3-dark-ceilings-will-suck-out-all-the-light\"><span>3. Dunkle Decken saugen das gesamte Licht aus<\/span><\/h3>\n<figure class=\"van-image-figure inline-layout \" data-bordeaux-image-check>\n<div class=\"image-full-width-wrapper\">\n<div class=\"image-widthsetter\" style=\"max-width:2000px;\"><\/div>\n<\/div>\n<\/figure>\n<p>Die Idee, alle W\u00e4nde und die Decke mit farbdurchtr\u00e4nkter Farbe zu versehen, um einen Raum gr\u00f6\u00dfer und luftiger wirken zu lassen \u2013 die Linie an der Schnittstelle zwischen W\u00e4nden und Decke wird verwischt, sodass die W\u00e4nde durchgehend wirken und die Illusion von etwas mehr Raum entsteht.<\/p>\n<p>In einem \u00e4hnlichen Effekt vermeidet die Deckenverkleidung aus dunklem Holz in Drew&#8217;s Snug die harten Linien, die eine traditionelle wei\u00dfe Decke mit sich bringt. In einem weiteren Tutorial-Video, das er auf Instagram geteilt hat, erkl\u00e4rte Drew, wie er die Decke zun\u00e4chst dunkelbraun gestrichen hat, um zu testen, wie er sich zu einem tiefen Farbton oben f\u00fchlt, bevor er das Holz mit einer dunklen Beize versehen hat, die zu den urspr\u00fcnglichen Walnussholzbalken aus den 1920er-Jahren passt.<\/p>\n<p>\u201eIch habe vor Kurzem ein Bild f\u00fcr eine smaragdgr\u00fcne Wand gesehen und die \u201eCountry Club, altes Geld\u201c-Stimmung hallte in meinem Kopf wider\u201c, f\u00fcgt Drew hinzu. \u201eEtwas an einem klassischen Dunkelgr\u00fcn f\u00fchlte sich einfach richtig an.\u201c Ich wollte, dass sich der Raum mit satten Farben und Texturen wie ein eigener kleiner Teil des Hauses anf\u00fchlt. \u201eDie kleinen Fuchswappen in den Fenstern wurden nach meinem Logo individuell 3D-gerendert und gedruckt und verliehen dem Raum die wertvollste pers\u00f6nliche Note.\u201c<\/p>\n<h2 id=\"shop-the-lone-fox-look-3\">Kaufen Sie den Lone Fox Look<\/h2>\n<div class=\"product-container hero-product-container product-block-no-wrap\"><\/div>\n<hr>\n<p>Die Verwendung eines so tiefen, smaragdgr\u00fcnen Farbtons gepaart mit einer noch pr\u00e4chtigeren Decke und vielen gestapelten M\u00f6beln in diesem kleinen, gem\u00fctlichen Raum in Drews Haus hat beim Team von wirklich gro\u00dfen Anklang gefunden <em>H&#038;G<\/em>. Wir verzichten auf die bew\u00e4hrten Designregeln, nach denen wir uns richten, und lieben die Art und Weise, wie Drew das Regelwerk auf den Kopf gestellt und einen Raum geschaffen hat, der sich keineswegs klein, sondern vielmehr gem\u00fctlich, \u00fcppig und wirklich, wirklich cool anf\u00fchlt.<\/p>\n<\/div>\n<p><script async src=\"\/\/www.instagram.com\/embed.js\"><\/script><\/p>\n","protected":false},"excerpt":{"rendered":"<p>Es gibt ein paar bew\u00e4hrte Regeln f\u00fcr die Inneneinrichtung, an die sich alle Experten halten. Von der idealen M\u00f6belplatzierung bis hin zu Beleuchtungstricks und Farb-Hacks,<\/p>\n","protected":false},"author":1,"featured_media":893,"comment_status":"closed","ping_status":"","sticky":false,"template":"","format":"standard","meta":{"footnotes":""},"categories":[118],"tags":[176,157,152,1745,563,803,81,216,1554,355,1743,1457,1746,189,1672,1728,949,709,1744,260,1747,802,411,1748],"class_list":["post-892","post","type-post","status-publish","format-standard","has-post-thumbnail","hentry","category-haus-garten","tag-alle","tag-alles","tag-bei","tag-bord","tag-bringt","tag-dazu","tag-der","tag-designer","tag-dieser","tag-einfach","tag-gemuetlichen","tag-gestaltung","tag-geworfen","tag-hat","tag-kleine","tag-raeume","tag-regeln","tag-seines","tag-sofas","tag-ueber","tag-ueberdenken","tag-uns","tag-wir","tag-wussten","generate-columns","tablet-grid-50","mobile-grid-100","grid-parent","grid-50"],"yoast_head":"<!-- This site is optimized with the Yoast SEO plugin v27.3 - https:\/\/yoast.com\/product\/yoast-seo-wordpress\/ -->\n<title>Dieser Designer hat bei der Gestaltung seines gem\u00fctlichen Sofas einfach alle Regeln \u00fcber Bord geworfen \u2013 er bringt uns dazu, alles zu \u00fcberdenken, was wir \u00fcber kleine R\u00e4ume wussten - Nachrichten - Stra\u00dfenweb<\/title>\n<meta name=\"robots\" content=\"index, follow, max-snippet:-1, max-image-preview:large, max-video-preview:-1\" \/>\n<link rel=\"canonical\" href=\"https:\/\/www.strassenweb.de\/nachrichten\/dieser-designer-hat-bei-der-gestaltung-seines-gemuetlichen-sofas-einfach-alle-regeln-ueber-bord-geworfen-er-bringt-uns-dazu-alles-zu-ueberdenken-was-wir-ueber-kleine-raeume-wussten\/\" \/>\n<meta property=\"og:locale\" content=\"de_DE\" \/>\n<meta property=\"og:type\" content=\"article\" \/>\n<meta property=\"og:title\" content=\"Dieser Designer hat bei der Gestaltung seines gem\u00fctlichen Sofas einfach alle Regeln \u00fcber Bord geworfen \u2013 er bringt uns dazu, alles zu \u00fcberdenken, was wir \u00fcber kleine R\u00e4ume wussten - Nachrichten - Stra\u00dfenweb\" \/>\n<meta property=\"og:description\" content=\"Es gibt ein paar bew\u00e4hrte Regeln f\u00fcr die Inneneinrichtung, an die sich alle Experten halten. Von der idealen M\u00f6belplatzierung bis hin zu Beleuchtungstricks und Farb-Hacks,\" \/>\n<meta property=\"og:url\" content=\"https:\/\/www.strassenweb.de\/nachrichten\/dieser-designer-hat-bei-der-gestaltung-seines-gemuetlichen-sofas-einfach-alle-regeln-ueber-bord-geworfen-er-bringt-uns-dazu-alles-zu-ueberdenken-was-wir-ueber-kleine-raeume-wussten\/\" \/>\n<meta property=\"og:site_name\" content=\"Stra\u00dfenweb\" \/>\n<meta property=\"article:publisher\" content=\"https:\/\/www.facebook.com\/strassenweb\/\" \/>\n<meta property=\"article:published_time\" content=\"2024-10-13T21:40:17+00:00\" \/>\n<meta property=\"article:modified_time\" content=\"2024-10-13T21:40:18+00:00\" \/>\n<meta property=\"og:image\" content=\"https:\/\/www.strassenweb.de\/nachrichten\/wp-content\/uploads\/2024\/10\/Dieser-Designer-hat-bei-der-Gestaltung-seines-gemuetlichen-Sofas-einfach.jpg\" \/>\n\t<meta property=\"og:image:width\" content=\"1200\" \/>\n\t<meta property=\"og:image:height\" content=\"675\" \/>\n\t<meta property=\"og:image:type\" content=\"image\/jpeg\" \/>\n<meta name=\"author\" content=\"Robert Hoffmann\" \/>\n<meta name=\"twitter:card\" content=\"summary_large_image\" \/>\n<meta name=\"twitter:label1\" content=\"Verfasst von\" \/>\n\t<meta name=\"twitter:data1\" content=\"Robert Hoffmann\" \/>\n\t<meta name=\"twitter:label2\" content=\"Gesch\u00e4tzte Lesezeit\" \/>\n\t<meta name=\"twitter:data2\" content=\"5\u00a0Minuten\" \/>\n<script type=\"application\/ld+json\" class=\"yoast-schema-graph\">{\"@context\":\"https:\\\/\\\/schema.org\",\"@graph\":[{\"@type\":\"Article\",\"@id\":\"https:\\\/\\\/www.strassenweb.de\\\/nachrichten\\\/dieser-designer-hat-bei-der-gestaltung-seines-gemuetlichen-sofas-einfach-alle-regeln-ueber-bord-geworfen-er-bringt-uns-dazu-alles-zu-ueberdenken-was-wir-ueber-kleine-raeume-wussten\\\/#article\",\"isPartOf\":{\"@id\":\"https:\\\/\\\/www.strassenweb.de\\\/nachrichten\\\/dieser-designer-hat-bei-der-gestaltung-seines-gemuetlichen-sofas-einfach-alle-regeln-ueber-bord-geworfen-er-bringt-uns-dazu-alles-zu-ueberdenken-was-wir-ueber-kleine-raeume-wussten\\\/\"},\"author\":{\"name\":\"Robert Hoffmann\",\"@id\":\"https:\\\/\\\/www.strassenweb.de\\\/nachrichten\\\/#\\\/schema\\\/person\\\/87c9c9067f1211da429a744dc5a5aa41\"},\"headline\":\"Dieser Designer hat bei der Gestaltung seines gem\u00fctlichen Sofas einfach alle Regeln \u00fcber Bord geworfen \u2013 er bringt uns dazu, alles zu \u00fcberdenken, was wir \u00fcber kleine R\u00e4ume wussten\",\"datePublished\":\"2024-10-13T21:40:17+00:00\",\"dateModified\":\"2024-10-13T21:40:18+00:00\",\"mainEntityOfPage\":{\"@id\":\"https:\\\/\\\/www.strassenweb.de\\\/nachrichten\\\/dieser-designer-hat-bei-der-gestaltung-seines-gemuetlichen-sofas-einfach-alle-regeln-ueber-bord-geworfen-er-bringt-uns-dazu-alles-zu-ueberdenken-was-wir-ueber-kleine-raeume-wussten\\\/\"},\"wordCount\":1036,\"publisher\":{\"@id\":\"https:\\\/\\\/www.strassenweb.de\\\/nachrichten\\\/#organization\"},\"image\":{\"@id\":\"https:\\\/\\\/www.strassenweb.de\\\/nachrichten\\\/dieser-designer-hat-bei-der-gestaltung-seines-gemuetlichen-sofas-einfach-alle-regeln-ueber-bord-geworfen-er-bringt-uns-dazu-alles-zu-ueberdenken-was-wir-ueber-kleine-raeume-wussten\\\/#primaryimage\"},\"thumbnailUrl\":\"https:\\\/\\\/www.strassenweb.de\\\/nachrichten\\\/wp-content\\\/uploads\\\/2024\\\/10\\\/Dieser-Designer-hat-bei-der-Gestaltung-seines-gemuetlichen-Sofas-einfach.jpg\",\"keywords\":[\"alle\",\"alles\",\"Bei\",\"Bord\",\"bringt\",\"dazu\",\"der\",\"Designer\",\"dieser\",\"einfach\",\"gem\u00fctlichen\",\"Gestaltung\",\"geworfen\",\"hat\",\"kleine\",\"R\u00e4ume\",\"Regeln\",\"seines\",\"Sofas\",\"\u00fcber\",\"\u00fcberdenken\",\"uns\",\"wir\",\"wussten\"],\"articleSection\":[\"Haus &amp; Garten\"],\"inLanguage\":\"de\"},{\"@type\":\"WebPage\",\"@id\":\"https:\\\/\\\/www.strassenweb.de\\\/nachrichten\\\/dieser-designer-hat-bei-der-gestaltung-seines-gemuetlichen-sofas-einfach-alle-regeln-ueber-bord-geworfen-er-bringt-uns-dazu-alles-zu-ueberdenken-was-wir-ueber-kleine-raeume-wussten\\\/\",\"url\":\"https:\\\/\\\/www.strassenweb.de\\\/nachrichten\\\/dieser-designer-hat-bei-der-gestaltung-seines-gemuetlichen-sofas-einfach-alle-regeln-ueber-bord-geworfen-er-bringt-uns-dazu-alles-zu-ueberdenken-was-wir-ueber-kleine-raeume-wussten\\\/\",\"name\":\"Dieser Designer hat bei der Gestaltung seines gem\u00fctlichen Sofas einfach alle Regeln \u00fcber Bord geworfen \u2013 er bringt uns dazu, alles zu \u00fcberdenken, was wir \u00fcber kleine R\u00e4ume wussten - Nachrichten - Stra\u00dfenweb\",\"isPartOf\":{\"@id\":\"https:\\\/\\\/www.strassenweb.de\\\/nachrichten\\\/#website\"},\"primaryImageOfPage\":{\"@id\":\"https:\\\/\\\/www.strassenweb.de\\\/nachrichten\\\/dieser-designer-hat-bei-der-gestaltung-seines-gemuetlichen-sofas-einfach-alle-regeln-ueber-bord-geworfen-er-bringt-uns-dazu-alles-zu-ueberdenken-was-wir-ueber-kleine-raeume-wussten\\\/#primaryimage\"},\"image\":{\"@id\":\"https:\\\/\\\/www.strassenweb.de\\\/nachrichten\\\/dieser-designer-hat-bei-der-gestaltung-seines-gemuetlichen-sofas-einfach-alle-regeln-ueber-bord-geworfen-er-bringt-uns-dazu-alles-zu-ueberdenken-was-wir-ueber-kleine-raeume-wussten\\\/#primaryimage\"},\"thumbnailUrl\":\"https:\\\/\\\/www.strassenweb.de\\\/nachrichten\\\/wp-content\\\/uploads\\\/2024\\\/10\\\/Dieser-Designer-hat-bei-der-Gestaltung-seines-gemuetlichen-Sofas-einfach.jpg\",\"datePublished\":\"2024-10-13T21:40:17+00:00\",\"dateModified\":\"2024-10-13T21:40:18+00:00\",\"breadcrumb\":{\"@id\":\"https:\\\/\\\/www.strassenweb.de\\\/nachrichten\\\/dieser-designer-hat-bei-der-gestaltung-seines-gemuetlichen-sofas-einfach-alle-regeln-ueber-bord-geworfen-er-bringt-uns-dazu-alles-zu-ueberdenken-was-wir-ueber-kleine-raeume-wussten\\\/#breadcrumb\"},\"inLanguage\":\"de\",\"potentialAction\":[{\"@type\":\"ReadAction\",\"target\":[\"https:\\\/\\\/www.strassenweb.de\\\/nachrichten\\\/dieser-designer-hat-bei-der-gestaltung-seines-gemuetlichen-sofas-einfach-alle-regeln-ueber-bord-geworfen-er-bringt-uns-dazu-alles-zu-ueberdenken-was-wir-ueber-kleine-raeume-wussten\\\/\"]}]},{\"@type\":\"ImageObject\",\"inLanguage\":\"de\",\"@id\":\"https:\\\/\\\/www.strassenweb.de\\\/nachrichten\\\/dieser-designer-hat-bei-der-gestaltung-seines-gemuetlichen-sofas-einfach-alle-regeln-ueber-bord-geworfen-er-bringt-uns-dazu-alles-zu-ueberdenken-was-wir-ueber-kleine-raeume-wussten\\\/#primaryimage\",\"url\":\"https:\\\/\\\/www.strassenweb.de\\\/nachrichten\\\/wp-content\\\/uploads\\\/2024\\\/10\\\/Dieser-Designer-hat-bei-der-Gestaltung-seines-gemuetlichen-Sofas-einfach.jpg\",\"contentUrl\":\"https:\\\/\\\/www.strassenweb.de\\\/nachrichten\\\/wp-content\\\/uploads\\\/2024\\\/10\\\/Dieser-Designer-hat-bei-der-Gestaltung-seines-gemuetlichen-Sofas-einfach.jpg\",\"width\":1200,\"height\":675,\"caption\":\"Dieser Designer hat bei der Gestaltung seines gem\u00fctlichen Sofas einfach alle Regeln \u00fcber Bord geworfen \u2013 er bringt uns dazu, alles zu \u00fcberdenken, was wir \u00fcber kleine R\u00e4ume wussten\"},{\"@type\":\"BreadcrumbList\",\"@id\":\"https:\\\/\\\/www.strassenweb.de\\\/nachrichten\\\/dieser-designer-hat-bei-der-gestaltung-seines-gemuetlichen-sofas-einfach-alle-regeln-ueber-bord-geworfen-er-bringt-uns-dazu-alles-zu-ueberdenken-was-wir-ueber-kleine-raeume-wussten\\\/#breadcrumb\",\"itemListElement\":[{\"@type\":\"ListItem\",\"position\":1,\"name\":\"Home\",\"item\":\"https:\\\/\\\/www.strassenweb.de\\\/nachrichten\\\/\"},{\"@type\":\"ListItem\",\"position\":2,\"name\":\"Dieser Designer hat bei der Gestaltung seines gem\u00fctlichen Sofas einfach alle Regeln \u00fcber Bord geworfen \u2013 er bringt uns dazu, alles zu \u00fcberdenken, was wir \u00fcber kleine R\u00e4ume wussten\"}]},{\"@type\":\"WebSite\",\"@id\":\"https:\\\/\\\/www.strassenweb.de\\\/nachrichten\\\/#website\",\"url\":\"https:\\\/\\\/www.strassenweb.de\\\/nachrichten\\\/\",\"name\":\"Stra\u00dfenweb\",\"description\":\"Stra\u00dfenverzeichnis f\u00fcr Deutschland\",\"publisher\":{\"@id\":\"https:\\\/\\\/www.strassenweb.de\\\/nachrichten\\\/#organization\"},\"potentialAction\":[{\"@type\":\"SearchAction\",\"target\":{\"@type\":\"EntryPoint\",\"urlTemplate\":\"https:\\\/\\\/www.strassenweb.de\\\/nachrichten\\\/?s={search_term_string}\"},\"query-input\":{\"@type\":\"PropertyValueSpecification\",\"valueRequired\":true,\"valueName\":\"search_term_string\"}}],\"inLanguage\":\"de\"},{\"@type\":\"Organization\",\"@id\":\"https:\\\/\\\/www.strassenweb.de\\\/nachrichten\\\/#organization\",\"name\":\"Stra\u00dfenweb\",\"url\":\"https:\\\/\\\/www.strassenweb.de\\\/nachrichten\\\/\",\"logo\":{\"@type\":\"ImageObject\",\"inLanguage\":\"de\",\"@id\":\"https:\\\/\\\/www.strassenweb.de\\\/nachrichten\\\/#\\\/schema\\\/logo\\\/image\\\/\",\"url\":\"https:\\\/\\\/www.strassenweb.de\\\/nachrichten\\\/wp-content\\\/uploads\\\/2024\\\/09\\\/cropped-favicon.png\",\"contentUrl\":\"https:\\\/\\\/www.strassenweb.de\\\/nachrichten\\\/wp-content\\\/uploads\\\/2024\\\/09\\\/cropped-favicon.png\",\"width\":512,\"height\":512,\"caption\":\"Stra\u00dfenweb\"},\"image\":{\"@id\":\"https:\\\/\\\/www.strassenweb.de\\\/nachrichten\\\/#\\\/schema\\\/logo\\\/image\\\/\"},\"sameAs\":[\"https:\\\/\\\/www.facebook.com\\\/strassenweb\\\/\"]},{\"@type\":\"Person\",\"@id\":\"https:\\\/\\\/www.strassenweb.de\\\/nachrichten\\\/#\\\/schema\\\/person\\\/87c9c9067f1211da429a744dc5a5aa41\",\"name\":\"Robert Hoffmann\",\"image\":{\"@type\":\"ImageObject\",\"inLanguage\":\"de\",\"@id\":\"https:\\\/\\\/www.strassenweb.de\\\/nachrichten\\\/wp-content\\\/uploads\\\/2024\\\/09\\\/strassenweb-150x150.jpg\",\"url\":\"https:\\\/\\\/www.strassenweb.de\\\/nachrichten\\\/wp-content\\\/uploads\\\/2024\\\/09\\\/strassenweb-150x150.jpg\",\"contentUrl\":\"https:\\\/\\\/www.strassenweb.de\\\/nachrichten\\\/wp-content\\\/uploads\\\/2024\\\/09\\\/strassenweb-150x150.jpg\",\"caption\":\"Robert Hoffmann\"},\"description\":\"Ich hei\u00dfe Robert Hoffmann und ich bin ein leidenschaftlicher Verfechter von \u00d6kologie und Biodiversit\u00e4t. Seit meiner Kindheit in den W\u00e4ldern Bayerns f\u00fchle ich mich mit der Natur verbunden und bin entschlossen, sie zu sch\u00fctzen. Heute widme ich mein Leben der Sensibilisierung anderer f\u00fcr die Bedeutung des Umweltschutzes f\u00fcr zuk\u00fcnftige Generationen.\",\"sameAs\":[\"https:\\\/\\\/www.strassenweb.de\\\/\"]}]}<\/script>\n<!-- \/ Yoast SEO plugin. -->","yoast_head_json":{"title":"Dieser Designer hat bei der Gestaltung seines gem\u00fctlichen Sofas einfach alle Regeln \u00fcber Bord geworfen \u2013 er bringt uns dazu, alles zu \u00fcberdenken, was wir \u00fcber kleine R\u00e4ume wussten - Nachrichten - Stra\u00dfenweb","robots":{"index":"index","follow":"follow","max-snippet":"max-snippet:-1","max-image-preview":"max-image-preview:large","max-video-preview":"max-video-preview:-1"},"canonical":"https:\/\/www.strassenweb.de\/nachrichten\/dieser-designer-hat-bei-der-gestaltung-seines-gemuetlichen-sofas-einfach-alle-regeln-ueber-bord-geworfen-er-bringt-uns-dazu-alles-zu-ueberdenken-was-wir-ueber-kleine-raeume-wussten\/","og_locale":"de_DE","og_type":"article","og_title":"Dieser Designer hat bei der Gestaltung seines gem\u00fctlichen Sofas einfach alle Regeln \u00fcber Bord geworfen \u2013 er bringt uns dazu, alles zu \u00fcberdenken, was wir \u00fcber kleine R\u00e4ume wussten - Nachrichten - Stra\u00dfenweb","og_description":"Es gibt ein paar bew\u00e4hrte Regeln f\u00fcr die Inneneinrichtung, an die sich alle Experten halten. Von der idealen M\u00f6belplatzierung bis hin zu Beleuchtungstricks und Farb-Hacks,","og_url":"https:\/\/www.strassenweb.de\/nachrichten\/dieser-designer-hat-bei-der-gestaltung-seines-gemuetlichen-sofas-einfach-alle-regeln-ueber-bord-geworfen-er-bringt-uns-dazu-alles-zu-ueberdenken-was-wir-ueber-kleine-raeume-wussten\/","og_site_name":"Stra\u00dfenweb","article_publisher":"https:\/\/www.facebook.com\/strassenweb\/","article_published_time":"2024-10-13T21:40:17+00:00","article_modified_time":"2024-10-13T21:40:18+00:00","og_image":[{"width":1200,"height":675,"url":"https:\/\/www.strassenweb.de\/nachrichten\/wp-content\/uploads\/2024\/10\/Dieser-Designer-hat-bei-der-Gestaltung-seines-gemuetlichen-Sofas-einfach.jpg","type":"image\/jpeg"}],"author":"Robert Hoffmann","twitter_card":"summary_large_image","twitter_misc":{"Verfasst von":"Robert Hoffmann","Gesch\u00e4tzte Lesezeit":"5\u00a0Minuten"},"schema":{"@context":"https:\/\/schema.org","@graph":[{"@type":"Article","@id":"https:\/\/www.strassenweb.de\/nachrichten\/dieser-designer-hat-bei-der-gestaltung-seines-gemuetlichen-sofas-einfach-alle-regeln-ueber-bord-geworfen-er-bringt-uns-dazu-alles-zu-ueberdenken-was-wir-ueber-kleine-raeume-wussten\/#article","isPartOf":{"@id":"https:\/\/www.strassenweb.de\/nachrichten\/dieser-designer-hat-bei-der-gestaltung-seines-gemuetlichen-sofas-einfach-alle-regeln-ueber-bord-geworfen-er-bringt-uns-dazu-alles-zu-ueberdenken-was-wir-ueber-kleine-raeume-wussten\/"},"author":{"name":"Robert Hoffmann","@id":"https:\/\/www.strassenweb.de\/nachrichten\/#\/schema\/person\/87c9c9067f1211da429a744dc5a5aa41"},"headline":"Dieser Designer hat bei der Gestaltung seines gem\u00fctlichen Sofas einfach alle Regeln \u00fcber Bord geworfen \u2013 er bringt uns dazu, alles zu \u00fcberdenken, was wir \u00fcber kleine R\u00e4ume wussten","datePublished":"2024-10-13T21:40:17+00:00","dateModified":"2024-10-13T21:40:18+00:00","mainEntityOfPage":{"@id":"https:\/\/www.strassenweb.de\/nachrichten\/dieser-designer-hat-bei-der-gestaltung-seines-gemuetlichen-sofas-einfach-alle-regeln-ueber-bord-geworfen-er-bringt-uns-dazu-alles-zu-ueberdenken-was-wir-ueber-kleine-raeume-wussten\/"},"wordCount":1036,"publisher":{"@id":"https:\/\/www.strassenweb.de\/nachrichten\/#organization"},"image":{"@id":"https:\/\/www.strassenweb.de\/nachrichten\/dieser-designer-hat-bei-der-gestaltung-seines-gemuetlichen-sofas-einfach-alle-regeln-ueber-bord-geworfen-er-bringt-uns-dazu-alles-zu-ueberdenken-was-wir-ueber-kleine-raeume-wussten\/#primaryimage"},"thumbnailUrl":"https:\/\/www.strassenweb.de\/nachrichten\/wp-content\/uploads\/2024\/10\/Dieser-Designer-hat-bei-der-Gestaltung-seines-gemuetlichen-Sofas-einfach.jpg","keywords":["alle","alles","Bei","Bord","bringt","dazu","der","Designer","dieser","einfach","gem\u00fctlichen","Gestaltung","geworfen","hat","kleine","R\u00e4ume","Regeln","seines","Sofas","\u00fcber","\u00fcberdenken","uns","wir","wussten"],"articleSection":["Haus &amp; Garten"],"inLanguage":"de"},{"@type":"WebPage","@id":"https:\/\/www.strassenweb.de\/nachrichten\/dieser-designer-hat-bei-der-gestaltung-seines-gemuetlichen-sofas-einfach-alle-regeln-ueber-bord-geworfen-er-bringt-uns-dazu-alles-zu-ueberdenken-was-wir-ueber-kleine-raeume-wussten\/","url":"https:\/\/www.strassenweb.de\/nachrichten\/dieser-designer-hat-bei-der-gestaltung-seines-gemuetlichen-sofas-einfach-alle-regeln-ueber-bord-geworfen-er-bringt-uns-dazu-alles-zu-ueberdenken-was-wir-ueber-kleine-raeume-wussten\/","name":"Dieser Designer hat bei der Gestaltung seines gem\u00fctlichen Sofas einfach alle Regeln \u00fcber Bord geworfen \u2013 er bringt uns dazu, alles zu \u00fcberdenken, was wir \u00fcber kleine R\u00e4ume wussten - Nachrichten - Stra\u00dfenweb","isPartOf":{"@id":"https:\/\/www.strassenweb.de\/nachrichten\/#website"},"primaryImageOfPage":{"@id":"https:\/\/www.strassenweb.de\/nachrichten\/dieser-designer-hat-bei-der-gestaltung-seines-gemuetlichen-sofas-einfach-alle-regeln-ueber-bord-geworfen-er-bringt-uns-dazu-alles-zu-ueberdenken-was-wir-ueber-kleine-raeume-wussten\/#primaryimage"},"image":{"@id":"https:\/\/www.strassenweb.de\/nachrichten\/dieser-designer-hat-bei-der-gestaltung-seines-gemuetlichen-sofas-einfach-alle-regeln-ueber-bord-geworfen-er-bringt-uns-dazu-alles-zu-ueberdenken-was-wir-ueber-kleine-raeume-wussten\/#primaryimage"},"thumbnailUrl":"https:\/\/www.strassenweb.de\/nachrichten\/wp-content\/uploads\/2024\/10\/Dieser-Designer-hat-bei-der-Gestaltung-seines-gemuetlichen-Sofas-einfach.jpg","datePublished":"2024-10-13T21:40:17+00:00","dateModified":"2024-10-13T21:40:18+00:00","breadcrumb":{"@id":"https:\/\/www.strassenweb.de\/nachrichten\/dieser-designer-hat-bei-der-gestaltung-seines-gemuetlichen-sofas-einfach-alle-regeln-ueber-bord-geworfen-er-bringt-uns-dazu-alles-zu-ueberdenken-was-wir-ueber-kleine-raeume-wussten\/#breadcrumb"},"inLanguage":"de","potentialAction":[{"@type":"ReadAction","target":["https:\/\/www.strassenweb.de\/nachrichten\/dieser-designer-hat-bei-der-gestaltung-seines-gemuetlichen-sofas-einfach-alle-regeln-ueber-bord-geworfen-er-bringt-uns-dazu-alles-zu-ueberdenken-was-wir-ueber-kleine-raeume-wussten\/"]}]},{"@type":"ImageObject","inLanguage":"de","@id":"https:\/\/www.strassenweb.de\/nachrichten\/dieser-designer-hat-bei-der-gestaltung-seines-gemuetlichen-sofas-einfach-alle-regeln-ueber-bord-geworfen-er-bringt-uns-dazu-alles-zu-ueberdenken-was-wir-ueber-kleine-raeume-wussten\/#primaryimage","url":"https:\/\/www.strassenweb.de\/nachrichten\/wp-content\/uploads\/2024\/10\/Dieser-Designer-hat-bei-der-Gestaltung-seines-gemuetlichen-Sofas-einfach.jpg","contentUrl":"https:\/\/www.strassenweb.de\/nachrichten\/wp-content\/uploads\/2024\/10\/Dieser-Designer-hat-bei-der-Gestaltung-seines-gemuetlichen-Sofas-einfach.jpg","width":1200,"height":675,"caption":"Dieser Designer hat bei der Gestaltung seines gem\u00fctlichen Sofas einfach alle Regeln \u00fcber Bord geworfen \u2013 er bringt uns dazu, alles zu \u00fcberdenken, was wir \u00fcber kleine R\u00e4ume wussten"},{"@type":"BreadcrumbList","@id":"https:\/\/www.strassenweb.de\/nachrichten\/dieser-designer-hat-bei-der-gestaltung-seines-gemuetlichen-sofas-einfach-alle-regeln-ueber-bord-geworfen-er-bringt-uns-dazu-alles-zu-ueberdenken-was-wir-ueber-kleine-raeume-wussten\/#breadcrumb","itemListElement":[{"@type":"ListItem","position":1,"name":"Home","item":"https:\/\/www.strassenweb.de\/nachrichten\/"},{"@type":"ListItem","position":2,"name":"Dieser Designer hat bei der Gestaltung seines gem\u00fctlichen Sofas einfach alle Regeln \u00fcber Bord geworfen \u2013 er bringt uns dazu, alles zu \u00fcberdenken, was wir \u00fcber kleine R\u00e4ume wussten"}]},{"@type":"WebSite","@id":"https:\/\/www.strassenweb.de\/nachrichten\/#website","url":"https:\/\/www.strassenweb.de\/nachrichten\/","name":"Stra\u00dfenweb","description":"Stra\u00dfenverzeichnis f\u00fcr Deutschland","publisher":{"@id":"https:\/\/www.strassenweb.de\/nachrichten\/#organization"},"potentialAction":[{"@type":"SearchAction","target":{"@type":"EntryPoint","urlTemplate":"https:\/\/www.strassenweb.de\/nachrichten\/?s={search_term_string}"},"query-input":{"@type":"PropertyValueSpecification","valueRequired":true,"valueName":"search_term_string"}}],"inLanguage":"de"},{"@type":"Organization","@id":"https:\/\/www.strassenweb.de\/nachrichten\/#organization","name":"Stra\u00dfenweb","url":"https:\/\/www.strassenweb.de\/nachrichten\/","logo":{"@type":"ImageObject","inLanguage":"de","@id":"https:\/\/www.strassenweb.de\/nachrichten\/#\/schema\/logo\/image\/","url":"https:\/\/www.strassenweb.de\/nachrichten\/wp-content\/uploads\/2024\/09\/cropped-favicon.png","contentUrl":"https:\/\/www.strassenweb.de\/nachrichten\/wp-content\/uploads\/2024\/09\/cropped-favicon.png","width":512,"height":512,"caption":"Stra\u00dfenweb"},"image":{"@id":"https:\/\/www.strassenweb.de\/nachrichten\/#\/schema\/logo\/image\/"},"sameAs":["https:\/\/www.facebook.com\/strassenweb\/"]},{"@type":"Person","@id":"https:\/\/www.strassenweb.de\/nachrichten\/#\/schema\/person\/87c9c9067f1211da429a744dc5a5aa41","name":"Robert Hoffmann","image":{"@type":"ImageObject","inLanguage":"de","@id":"https:\/\/www.strassenweb.de\/nachrichten\/wp-content\/uploads\/2024\/09\/strassenweb-150x150.jpg","url":"https:\/\/www.strassenweb.de\/nachrichten\/wp-content\/uploads\/2024\/09\/strassenweb-150x150.jpg","contentUrl":"https:\/\/www.strassenweb.de\/nachrichten\/wp-content\/uploads\/2024\/09\/strassenweb-150x150.jpg","caption":"Robert Hoffmann"},"description":"Ich hei\u00dfe Robert Hoffmann und ich bin ein leidenschaftlicher Verfechter von \u00d6kologie und Biodiversit\u00e4t. Seit meiner Kindheit in den W\u00e4ldern Bayerns f\u00fchle ich mich mit der Natur verbunden und bin entschlossen, sie zu sch\u00fctzen. Heute widme ich mein Leben der Sensibilisierung anderer f\u00fcr die Bedeutung des Umweltschutzes f\u00fcr zuk\u00fcnftige Generationen.","sameAs":["https:\/\/www.strassenweb.de\/"]}]}},"_links":{"self":[{"href":"https:\/\/www.strassenweb.de\/nachrichten\/wp-json\/wp\/v2\/posts\/892","targetHints":{"allow":["GET"]}}],"collection":[{"href":"https:\/\/www.strassenweb.de\/nachrichten\/wp-json\/wp\/v2\/posts"}],"about":[{"href":"https:\/\/www.strassenweb.de\/nachrichten\/wp-json\/wp\/v2\/types\/post"}],"author":[{"embeddable":true,"href":"https:\/\/www.strassenweb.de\/nachrichten\/wp-json\/wp\/v2\/users\/1"}],"replies":[{"embeddable":true,"href":"https:\/\/www.strassenweb.de\/nachrichten\/wp-json\/wp\/v2\/comments?post=892"}],"version-history":[{"count":0,"href":"https:\/\/www.strassenweb.de\/nachrichten\/wp-json\/wp\/v2\/posts\/892\/revisions"}],"wp:featuredmedia":[{"embeddable":true,"href":"https:\/\/www.strassenweb.de\/nachrichten\/wp-json\/wp\/v2\/media\/893"}],"wp:attachment":[{"href":"https:\/\/www.strassenweb.de\/nachrichten\/wp-json\/wp\/v2\/media?parent=892"}],"wp:term":[{"taxonomy":"category","embeddable":true,"href":"https:\/\/www.strassenweb.de\/nachrichten\/wp-json\/wp\/v2\/categories?post=892"},{"taxonomy":"post_tag","embeddable":true,"href":"https:\/\/www.strassenweb.de\/nachrichten\/wp-json\/wp\/v2\/tags?post=892"}],"curies":[{"name":"wp","href":"https:\/\/api.w.org\/{rel}","templated":true}]}}