{"id":8915,"date":"2025-10-31T06:39:46","date_gmt":"2025-10-31T05:39:46","guid":{"rendered":"https:\/\/www.strassenweb.de\/nachrichten\/seit-ich-denken-kann-sehne-ich-mich-nach-den-stuecken-von-john-derian-jetzt-kann-ich-den-ikonischen-charme-des-kuenstlers-ab-nur-15-auf-meinen-festlichen-tisch-bringen\/"},"modified":"2025-10-31T06:39:47","modified_gmt":"2025-10-31T05:39:47","slug":"seit-ich-denken-kann-sehne-ich-mich-nach-den-stuecken-von-john-derian-jetzt-kann-ich-den-ikonischen-charme-des-kuenstlers-ab-nur-15-auf-meinen-festlichen-tisch-bringen","status":"publish","type":"post","link":"https:\/\/www.strassenweb.de\/nachrichten\/seit-ich-denken-kann-sehne-ich-mich-nach-den-stuecken-von-john-derian-jetzt-kann-ich-den-ikonischen-charme-des-kuenstlers-ab-nur-15-auf-meinen-festlichen-tisch-bringen\/","title":{"rendered":"Seit ich denken kann, sehne ich mich nach den St\u00fccken von John Derian \u2013 jetzt kann ich den ikonischen Charme des K\u00fcnstlers ab nur 15 $ auf meinen festlichen Tisch bringen"},"content":{"rendered":"<p><\/p>\n<div id=\"article-body\" class=\"article__body \">\n<p id=\"e9263577-74a4-4417-b22d-9f99c12645e8\">Die Inneneinrichtung von John Derian ist eine Ikone und eine ziemliche Investition \u2013 es sei denn, Sie kaufen sie nat\u00fcrlich bei Target. Es mag zu sch\u00f6n erscheinen, um wahr zu sein, aber der beliebte Decoupage-K\u00fcnstler hat eine Reihe von St\u00fccken auf den Markt gebracht, die bei nur 15 $ beginnen, und sie geben mir so viele Ideen f\u00fcr die weihnachtliche Tischdekoration. Ich w\u00fcrde sagen, dass das Geschirr von John Derian f\u00fcr Target die Antwort auf eine wirklich skurrile Weihnachtszeit ist.<\/p>\n<div id=\"ad-unit-1\" class=\"ad-unit\"><\/div>\n<p>Wenn Sie mir vor Monaten gesagt h\u00e4tten, dass ich mich nach den fr\u00f6hlichen St\u00fccken wie der Bonbonschale mit Steinzeugf\u00fc\u00dfen und dem weihnachtlichen Salz- und Pfefferset aus Stein sehne, h\u00e4tte ich Ihnen das nicht geglaubt, aber John Derians einzigartiger Stil hat etwas an sich, das mich dazu bringt, meinen Weihnachtstisch in ein kitschiges Wunderland zu verwandeln.<\/p>\n<figure class=\"van-image-figure inline-layout \" data-bordeaux-image-check id=\"e979c416-b5b4-40a1-a45d-312abceba1cb\">\n<div class=\"image-full-width-wrapper\">\n<div class=\"image-widthsetter\" style=\"max-width:2000px;\"><\/div>\n<\/div><figcaption class=\"inline-layout \">\n<div class=\"caption-text\">\n<p>Kaufen Sie John Derians XL-Steinzeug-Servierplatte und Artischockenkerze bei Target<\/p>\n<\/div>\n<\/figcaption><\/figure>\n<p id=\"c44e3407-98b6-4c8c-8bc2-07596712fe12\">Ich sollte mich nicht wundern: Ich war v\u00f6llig besessen von Retro-inspirierten Produkten wie der Weihnachtskollektion \u201eKitsch Christmas\u201c von Anthropologie und dem Cabin-Kitsch-Geschirr von Joanna Gaines bei Target. Doch so lustig und nostalgisch die St\u00fccke von John Derian auch wirken, ich liebe es, dass sie zeitlosen Designs des 18. und 19. Jahrhunderts entstammen, bei denen von der Natur inspirierte Motive und atemberaubende Juwelent\u00f6ne im Vordergrund stehen.<\/p>\n<div class=\"van_vid_carousel\">\n<div class=\"van_vid_carousel__padding\">\n<div class=\"van_vid_carousel__container\"><\/div>\n<\/div>\n<\/div>\n<p>Werfen Sie zum Beispiel einen Blick auf die Blattplatte aus Steinzeug von John Derian: Sie wirkt traditionell, liegt aber auch m\u00fchelos im Trend. Tats\u00e4chlich erinnert es mich an meine Lieblingsst\u00fccke mit Obst- und Gem\u00fcsemotiven aus der Herbstgeschirrkollektion 2025 von H&#038;M. Und wenn ich nicht bereits eine betr\u00e4chtliche Anzahl artischockenf\u00f6rmiger Ornamente von H&#038;M h\u00e4tte, w\u00fcrde ich auch die Artischockenkerze von John Derian in meinen Warenkorb legen.<\/p>\n<div id=\"ad-unit-2\" class=\"ad-unit\"><\/div>\n<figure class=\"van-image-figure inline-layout \" data-bordeaux-image-check id=\"38b95899-6eb7-421a-b2a9-300cf61898ac\">\n<div class=\"image-full-width-wrapper\">\n<div class=\"image-widthsetter\" style=\"max-width:2000px;\"><\/div>\n<\/div><figcaption class=\"inline-layout \">\n<div class=\"caption-text\">\n<p>Kaufen Sie John Derians Baum-Tischl\u00e4ufer und Keks-Cocktailgl\u00e4ser bei Target<\/p>\n<\/div>\n<\/figcaption><\/figure>\n<p id=\"d5fc958e-8dac-4fff-8e72-980d54e8c71d\">Die Blattplatte aus Steinzeug ist jedoch nicht der einzige Geschirrheld in der Kollektion. Das mattierte Coup\u00e9-Getr\u00e4nkegeschirr weist das gleiche blassgr\u00fcne botanische Design auf, w\u00e4hrend die rot-cremefarbene Blatttischdecke eine dezentere Interpretation von Derians Arbeit darstellt und perfekt zu klassischem wei\u00dfem Geschirr, roten Servietten und funkelnden Goldakzenten passt.<\/p>\n<aside data-block-type=\"embed\" data-render-type=\"fte\" data-skip=\"dealsy\" data-widget-type=\"seasonal\" class=\"hawk-root\"><\/aside>\n<p id=\"d5fc958e-8dac-4fff-8e72-980d54e8c71d-1\">Au\u00dferdem ist es schwierig, den Cocktailgl\u00e4sern mit Keksaufdruck gerecht zu werden: Denken Sie an verspielte, cartoonartige Motive mit einem herrlich festlichen Thema. Derians charakteristische Illustrationen kommen in St\u00fccken wie diesen wirklich zur Geltung \u2013 und dass ich bei seinen Entw\u00fcrfen Hunderte von Dollar einsparen kann, ist f\u00fcr mich keine Selbstverst\u00e4ndlichkeit.<\/p>\n<h2 id=\"shop-john-derian-tableware-at-target-3\">Kaufen Sie John Derian Tableware bei Target<\/h2>\n<div class=\"product-container hero-product-container product-block-no-wrap\">\n<div class=\"product-block-row\"><\/div>\n<div class=\"product-block-row\"><\/div>\n<div class=\"product-block-row\"><\/div>\n<\/div>\n<hr id=\"534d6258-454c-4a9a-83a9-d2d8921c53a2\">\n<p id=\"197264ed-4340-4064-8a5f-11703db73a3b\">Suchen Sie nach mehr Tischdekoration zum Thema Feiertage mit einem Retro-Touch? Schauen Sie sich die Weihnachtsgeschirrkollektion 2025 von Pottery Barn mit Norman Rockwell an. Genau wie die Designs von John Derian f\u00e4ngt die Pottery Barn-Kollektion perfekt ein Gef\u00fchl amerikanischer festlicher Nostalgie ein.<\/p>\n<div id=\"slice-container-newsletterForm-articleInbodyContent-gxAMdU7pLrETzgc7JkHKJ6\" class=\"slice-container newsletter-inbodyContent-slice newsletterForm-articleInbodyContent-gxAMdU7pLrETzgc7JkHKJ6 slice-container-newsletterForm\"><\/div>\n<div class=\"block\" id=\"articleTag\" data-component-name=\"PostArticleLinks\">\n<div class=\"border-b border-b-black border-solid py-2.5 text-black font-bold uppercase\">THEMEN<\/div>\n<nav class=\"py-2.5 flex gap-2.5 flex-wrap\" data-analytics-id=\"article-tag\">\n<p>Ziel<\/p>\n<\/nav>\n<\/div>\n<\/div>\n","protected":false},"excerpt":{"rendered":"<p>Die Inneneinrichtung von John Derian ist eine Ikone und eine ziemliche Investition \u2013 es sei denn, Sie kaufen sie nat\u00fcrlich bei Target. Es mag zu<\/p>\n","protected":false},"author":1,"featured_media":8916,"comment_status":"closed","ping_status":"","sticky":false,"template":"","format":"standard","meta":{"footnotes":""},"categories":[118],"tags":[46,625,390,78,502,11246,281,2650,129,4615,1272,8028,781,11247,1096,1122,341,54,9167,836,3934,4979,21],"class_list":["post-8915","post","type-post","status-publish","format-standard","has-post-thumbnail","hentry","category-haus-garten","tag-auf","tag-bringen","tag-charme","tag-den","tag-denken","tag-derian","tag-des","tag-festlichen","tag-ich","tag-ikonischen","tag-jetzt","tag-john","tag-kann","tag-kuenstlers","tag-meinen","tag-mich","tag-nach","tag-nur","tag-sehne","tag-seit","tag-stuecken","tag-tisch","tag-von","generate-columns","tablet-grid-50","mobile-grid-100","grid-parent","grid-50"],"yoast_head":"<!-- This site is optimized with the Yoast SEO plugin v27.3 - https:\/\/yoast.com\/product\/yoast-seo-wordpress\/ -->\n<title>Seit ich denken kann, sehne ich mich nach den St\u00fccken von John Derian \u2013 jetzt kann ich den ikonischen Charme des K\u00fcnstlers ab nur 15 $ auf meinen festlichen Tisch bringen - Nachrichten - Stra\u00dfenweb<\/title>\n<meta name=\"robots\" content=\"index, follow, max-snippet:-1, max-image-preview:large, max-video-preview:-1\" \/>\n<link rel=\"canonical\" href=\"https:\/\/www.strassenweb.de\/nachrichten\/seit-ich-denken-kann-sehne-ich-mich-nach-den-stuecken-von-john-derian-jetzt-kann-ich-den-ikonischen-charme-des-kuenstlers-ab-nur-15-auf-meinen-festlichen-tisch-bringen\/\" \/>\n<meta property=\"og:locale\" content=\"de_DE\" \/>\n<meta property=\"og:type\" content=\"article\" \/>\n<meta property=\"og:title\" content=\"Seit ich denken kann, sehne ich mich nach den St\u00fccken von John Derian \u2013 jetzt kann ich den ikonischen Charme des K\u00fcnstlers ab nur 15 $ auf meinen festlichen Tisch bringen - Nachrichten - Stra\u00dfenweb\" \/>\n<meta property=\"og:description\" content=\"Die Inneneinrichtung von John Derian ist eine Ikone und eine ziemliche Investition \u2013 es sei denn, Sie kaufen sie nat\u00fcrlich bei Target. Es mag zu\" \/>\n<meta property=\"og:url\" content=\"https:\/\/www.strassenweb.de\/nachrichten\/seit-ich-denken-kann-sehne-ich-mich-nach-den-stuecken-von-john-derian-jetzt-kann-ich-den-ikonischen-charme-des-kuenstlers-ab-nur-15-auf-meinen-festlichen-tisch-bringen\/\" \/>\n<meta property=\"og:site_name\" content=\"Stra\u00dfenweb\" \/>\n<meta property=\"article:publisher\" content=\"https:\/\/www.facebook.com\/strassenweb\/\" \/>\n<meta property=\"article:published_time\" content=\"2025-10-31T05:39:46+00:00\" \/>\n<meta property=\"article:modified_time\" content=\"2025-10-31T05:39:47+00:00\" \/>\n<meta property=\"og:image\" content=\"https:\/\/www.strassenweb.de\/nachrichten\/wp-content\/uploads\/2025\/10\/Seit-ich-denken-kann-sehne-ich-mich-nach-den-Stuecken.jpg\" \/>\n\t<meta property=\"og:image:width\" content=\"1600\" \/>\n\t<meta property=\"og:image:height\" content=\"900\" \/>\n\t<meta property=\"og:image:type\" content=\"image\/jpeg\" \/>\n<meta name=\"author\" content=\"Robert Hoffmann\" \/>\n<meta name=\"twitter:card\" content=\"summary_large_image\" \/>\n<meta name=\"twitter:label1\" content=\"Verfasst von\" \/>\n\t<meta name=\"twitter:data1\" content=\"Robert Hoffmann\" \/>\n\t<meta name=\"twitter:label2\" content=\"Gesch\u00e4tzte Lesezeit\" \/>\n\t<meta name=\"twitter:data2\" content=\"2\u00a0Minuten\" \/>\n<script type=\"application\/ld+json\" class=\"yoast-schema-graph\">{\"@context\":\"https:\\\/\\\/schema.org\",\"@graph\":[{\"@type\":\"Article\",\"@id\":\"https:\\\/\\\/www.strassenweb.de\\\/nachrichten\\\/seit-ich-denken-kann-sehne-ich-mich-nach-den-stuecken-von-john-derian-jetzt-kann-ich-den-ikonischen-charme-des-kuenstlers-ab-nur-15-auf-meinen-festlichen-tisch-bringen\\\/#article\",\"isPartOf\":{\"@id\":\"https:\\\/\\\/www.strassenweb.de\\\/nachrichten\\\/seit-ich-denken-kann-sehne-ich-mich-nach-den-stuecken-von-john-derian-jetzt-kann-ich-den-ikonischen-charme-des-kuenstlers-ab-nur-15-auf-meinen-festlichen-tisch-bringen\\\/\"},\"author\":{\"name\":\"Robert Hoffmann\",\"@id\":\"https:\\\/\\\/www.strassenweb.de\\\/nachrichten\\\/#\\\/schema\\\/person\\\/87c9c9067f1211da429a744dc5a5aa41\"},\"headline\":\"Seit ich denken kann, sehne ich mich nach den St\u00fccken von John Derian \u2013 jetzt kann ich den ikonischen Charme des K\u00fcnstlers ab nur 15 $ auf meinen festlichen Tisch bringen\",\"datePublished\":\"2025-10-31T05:39:46+00:00\",\"dateModified\":\"2025-10-31T05:39:47+00:00\",\"mainEntityOfPage\":{\"@id\":\"https:\\\/\\\/www.strassenweb.de\\\/nachrichten\\\/seit-ich-denken-kann-sehne-ich-mich-nach-den-stuecken-von-john-derian-jetzt-kann-ich-den-ikonischen-charme-des-kuenstlers-ab-nur-15-auf-meinen-festlichen-tisch-bringen\\\/\"},\"wordCount\":492,\"publisher\":{\"@id\":\"https:\\\/\\\/www.strassenweb.de\\\/nachrichten\\\/#organization\"},\"image\":{\"@id\":\"https:\\\/\\\/www.strassenweb.de\\\/nachrichten\\\/seit-ich-denken-kann-sehne-ich-mich-nach-den-stuecken-von-john-derian-jetzt-kann-ich-den-ikonischen-charme-des-kuenstlers-ab-nur-15-auf-meinen-festlichen-tisch-bringen\\\/#primaryimage\"},\"thumbnailUrl\":\"https:\\\/\\\/www.strassenweb.de\\\/nachrichten\\\/wp-content\\\/uploads\\\/2025\\\/10\\\/Seit-ich-denken-kann-sehne-ich-mich-nach-den-Stuecken.jpg\",\"keywords\":[\"auf\",\"bringen\",\"Charme\",\"den\",\"denken\",\"Derian\",\"des\",\"festlichen\",\"ich\",\"ikonischen\",\"jetzt\",\"John\",\"kann\",\"K\u00fcnstlers\",\"meinen\",\"mich\",\"Nach\",\"nur\",\"sehne\",\"seit\",\"St\u00fccken\",\"Tisch\",\"von\"],\"articleSection\":[\"Haus &amp; Garten\"],\"inLanguage\":\"de\"},{\"@type\":\"WebPage\",\"@id\":\"https:\\\/\\\/www.strassenweb.de\\\/nachrichten\\\/seit-ich-denken-kann-sehne-ich-mich-nach-den-stuecken-von-john-derian-jetzt-kann-ich-den-ikonischen-charme-des-kuenstlers-ab-nur-15-auf-meinen-festlichen-tisch-bringen\\\/\",\"url\":\"https:\\\/\\\/www.strassenweb.de\\\/nachrichten\\\/seit-ich-denken-kann-sehne-ich-mich-nach-den-stuecken-von-john-derian-jetzt-kann-ich-den-ikonischen-charme-des-kuenstlers-ab-nur-15-auf-meinen-festlichen-tisch-bringen\\\/\",\"name\":\"Seit ich denken kann, sehne ich mich nach den St\u00fccken von John Derian \u2013 jetzt kann ich den ikonischen Charme des K\u00fcnstlers ab nur 15 $ auf meinen festlichen Tisch bringen - Nachrichten - Stra\u00dfenweb\",\"isPartOf\":{\"@id\":\"https:\\\/\\\/www.strassenweb.de\\\/nachrichten\\\/#website\"},\"primaryImageOfPage\":{\"@id\":\"https:\\\/\\\/www.strassenweb.de\\\/nachrichten\\\/seit-ich-denken-kann-sehne-ich-mich-nach-den-stuecken-von-john-derian-jetzt-kann-ich-den-ikonischen-charme-des-kuenstlers-ab-nur-15-auf-meinen-festlichen-tisch-bringen\\\/#primaryimage\"},\"image\":{\"@id\":\"https:\\\/\\\/www.strassenweb.de\\\/nachrichten\\\/seit-ich-denken-kann-sehne-ich-mich-nach-den-stuecken-von-john-derian-jetzt-kann-ich-den-ikonischen-charme-des-kuenstlers-ab-nur-15-auf-meinen-festlichen-tisch-bringen\\\/#primaryimage\"},\"thumbnailUrl\":\"https:\\\/\\\/www.strassenweb.de\\\/nachrichten\\\/wp-content\\\/uploads\\\/2025\\\/10\\\/Seit-ich-denken-kann-sehne-ich-mich-nach-den-Stuecken.jpg\",\"datePublished\":\"2025-10-31T05:39:46+00:00\",\"dateModified\":\"2025-10-31T05:39:47+00:00\",\"breadcrumb\":{\"@id\":\"https:\\\/\\\/www.strassenweb.de\\\/nachrichten\\\/seit-ich-denken-kann-sehne-ich-mich-nach-den-stuecken-von-john-derian-jetzt-kann-ich-den-ikonischen-charme-des-kuenstlers-ab-nur-15-auf-meinen-festlichen-tisch-bringen\\\/#breadcrumb\"},\"inLanguage\":\"de\",\"potentialAction\":[{\"@type\":\"ReadAction\",\"target\":[\"https:\\\/\\\/www.strassenweb.de\\\/nachrichten\\\/seit-ich-denken-kann-sehne-ich-mich-nach-den-stuecken-von-john-derian-jetzt-kann-ich-den-ikonischen-charme-des-kuenstlers-ab-nur-15-auf-meinen-festlichen-tisch-bringen\\\/\"]}]},{\"@type\":\"ImageObject\",\"inLanguage\":\"de\",\"@id\":\"https:\\\/\\\/www.strassenweb.de\\\/nachrichten\\\/seit-ich-denken-kann-sehne-ich-mich-nach-den-stuecken-von-john-derian-jetzt-kann-ich-den-ikonischen-charme-des-kuenstlers-ab-nur-15-auf-meinen-festlichen-tisch-bringen\\\/#primaryimage\",\"url\":\"https:\\\/\\\/www.strassenweb.de\\\/nachrichten\\\/wp-content\\\/uploads\\\/2025\\\/10\\\/Seit-ich-denken-kann-sehne-ich-mich-nach-den-Stuecken.jpg\",\"contentUrl\":\"https:\\\/\\\/www.strassenweb.de\\\/nachrichten\\\/wp-content\\\/uploads\\\/2025\\\/10\\\/Seit-ich-denken-kann-sehne-ich-mich-nach-den-Stuecken.jpg\",\"width\":1600,\"height\":900,\"caption\":\"Red and white leaf tablecloth with green frosted coupe glasses and a Christmas tree candle\"},{\"@type\":\"BreadcrumbList\",\"@id\":\"https:\\\/\\\/www.strassenweb.de\\\/nachrichten\\\/seit-ich-denken-kann-sehne-ich-mich-nach-den-stuecken-von-john-derian-jetzt-kann-ich-den-ikonischen-charme-des-kuenstlers-ab-nur-15-auf-meinen-festlichen-tisch-bringen\\\/#breadcrumb\",\"itemListElement\":[{\"@type\":\"ListItem\",\"position\":1,\"name\":\"Home\",\"item\":\"https:\\\/\\\/www.strassenweb.de\\\/nachrichten\\\/\"},{\"@type\":\"ListItem\",\"position\":2,\"name\":\"Seit ich denken kann, sehne ich mich nach den St\u00fccken von John Derian \u2013 jetzt kann ich den ikonischen Charme des K\u00fcnstlers ab nur 15 $ auf meinen festlichen Tisch bringen\"}]},{\"@type\":\"WebSite\",\"@id\":\"https:\\\/\\\/www.strassenweb.de\\\/nachrichten\\\/#website\",\"url\":\"https:\\\/\\\/www.strassenweb.de\\\/nachrichten\\\/\",\"name\":\"Stra\u00dfenweb\",\"description\":\"Stra\u00dfenverzeichnis f\u00fcr Deutschland\",\"publisher\":{\"@id\":\"https:\\\/\\\/www.strassenweb.de\\\/nachrichten\\\/#organization\"},\"potentialAction\":[{\"@type\":\"SearchAction\",\"target\":{\"@type\":\"EntryPoint\",\"urlTemplate\":\"https:\\\/\\\/www.strassenweb.de\\\/nachrichten\\\/?s={search_term_string}\"},\"query-input\":{\"@type\":\"PropertyValueSpecification\",\"valueRequired\":true,\"valueName\":\"search_term_string\"}}],\"inLanguage\":\"de\"},{\"@type\":\"Organization\",\"@id\":\"https:\\\/\\\/www.strassenweb.de\\\/nachrichten\\\/#organization\",\"name\":\"Stra\u00dfenweb\",\"url\":\"https:\\\/\\\/www.strassenweb.de\\\/nachrichten\\\/\",\"logo\":{\"@type\":\"ImageObject\",\"inLanguage\":\"de\",\"@id\":\"https:\\\/\\\/www.strassenweb.de\\\/nachrichten\\\/#\\\/schema\\\/logo\\\/image\\\/\",\"url\":\"https:\\\/\\\/www.strassenweb.de\\\/nachrichten\\\/wp-content\\\/uploads\\\/2024\\\/09\\\/cropped-favicon.png\",\"contentUrl\":\"https:\\\/\\\/www.strassenweb.de\\\/nachrichten\\\/wp-content\\\/uploads\\\/2024\\\/09\\\/cropped-favicon.png\",\"width\":512,\"height\":512,\"caption\":\"Stra\u00dfenweb\"},\"image\":{\"@id\":\"https:\\\/\\\/www.strassenweb.de\\\/nachrichten\\\/#\\\/schema\\\/logo\\\/image\\\/\"},\"sameAs\":[\"https:\\\/\\\/www.facebook.com\\\/strassenweb\\\/\"]},{\"@type\":\"Person\",\"@id\":\"https:\\\/\\\/www.strassenweb.de\\\/nachrichten\\\/#\\\/schema\\\/person\\\/87c9c9067f1211da429a744dc5a5aa41\",\"name\":\"Robert Hoffmann\",\"image\":{\"@type\":\"ImageObject\",\"inLanguage\":\"de\",\"@id\":\"https:\\\/\\\/www.strassenweb.de\\\/nachrichten\\\/wp-content\\\/uploads\\\/2024\\\/09\\\/strassenweb-150x150.jpg\",\"url\":\"https:\\\/\\\/www.strassenweb.de\\\/nachrichten\\\/wp-content\\\/uploads\\\/2024\\\/09\\\/strassenweb-150x150.jpg\",\"contentUrl\":\"https:\\\/\\\/www.strassenweb.de\\\/nachrichten\\\/wp-content\\\/uploads\\\/2024\\\/09\\\/strassenweb-150x150.jpg\",\"caption\":\"Robert Hoffmann\"},\"description\":\"Ich hei\u00dfe Robert Hoffmann und ich bin ein leidenschaftlicher Verfechter von \u00d6kologie und Biodiversit\u00e4t. Seit meiner Kindheit in den W\u00e4ldern Bayerns f\u00fchle ich mich mit der Natur verbunden und bin entschlossen, sie zu sch\u00fctzen. Heute widme ich mein Leben der Sensibilisierung anderer f\u00fcr die Bedeutung des Umweltschutzes f\u00fcr zuk\u00fcnftige Generationen.\",\"sameAs\":[\"https:\\\/\\\/www.strassenweb.de\\\/\"]}]}<\/script>\n<!-- \/ Yoast SEO plugin. -->","yoast_head_json":{"title":"Seit ich denken kann, sehne ich mich nach den St\u00fccken von John Derian \u2013 jetzt kann ich den ikonischen Charme des K\u00fcnstlers ab nur 15 $ auf meinen festlichen Tisch bringen - Nachrichten - Stra\u00dfenweb","robots":{"index":"index","follow":"follow","max-snippet":"max-snippet:-1","max-image-preview":"max-image-preview:large","max-video-preview":"max-video-preview:-1"},"canonical":"https:\/\/www.strassenweb.de\/nachrichten\/seit-ich-denken-kann-sehne-ich-mich-nach-den-stuecken-von-john-derian-jetzt-kann-ich-den-ikonischen-charme-des-kuenstlers-ab-nur-15-auf-meinen-festlichen-tisch-bringen\/","og_locale":"de_DE","og_type":"article","og_title":"Seit ich denken kann, sehne ich mich nach den St\u00fccken von John Derian \u2013 jetzt kann ich den ikonischen Charme des K\u00fcnstlers ab nur 15 $ auf meinen festlichen Tisch bringen - Nachrichten - Stra\u00dfenweb","og_description":"Die Inneneinrichtung von John Derian ist eine Ikone und eine ziemliche Investition \u2013 es sei denn, Sie kaufen sie nat\u00fcrlich bei Target. Es mag zu","og_url":"https:\/\/www.strassenweb.de\/nachrichten\/seit-ich-denken-kann-sehne-ich-mich-nach-den-stuecken-von-john-derian-jetzt-kann-ich-den-ikonischen-charme-des-kuenstlers-ab-nur-15-auf-meinen-festlichen-tisch-bringen\/","og_site_name":"Stra\u00dfenweb","article_publisher":"https:\/\/www.facebook.com\/strassenweb\/","article_published_time":"2025-10-31T05:39:46+00:00","article_modified_time":"2025-10-31T05:39:47+00:00","og_image":[{"width":1600,"height":900,"url":"https:\/\/www.strassenweb.de\/nachrichten\/wp-content\/uploads\/2025\/10\/Seit-ich-denken-kann-sehne-ich-mich-nach-den-Stuecken.jpg","type":"image\/jpeg"}],"author":"Robert Hoffmann","twitter_card":"summary_large_image","twitter_misc":{"Verfasst von":"Robert Hoffmann","Gesch\u00e4tzte Lesezeit":"2\u00a0Minuten"},"schema":{"@context":"https:\/\/schema.org","@graph":[{"@type":"Article","@id":"https:\/\/www.strassenweb.de\/nachrichten\/seit-ich-denken-kann-sehne-ich-mich-nach-den-stuecken-von-john-derian-jetzt-kann-ich-den-ikonischen-charme-des-kuenstlers-ab-nur-15-auf-meinen-festlichen-tisch-bringen\/#article","isPartOf":{"@id":"https:\/\/www.strassenweb.de\/nachrichten\/seit-ich-denken-kann-sehne-ich-mich-nach-den-stuecken-von-john-derian-jetzt-kann-ich-den-ikonischen-charme-des-kuenstlers-ab-nur-15-auf-meinen-festlichen-tisch-bringen\/"},"author":{"name":"Robert Hoffmann","@id":"https:\/\/www.strassenweb.de\/nachrichten\/#\/schema\/person\/87c9c9067f1211da429a744dc5a5aa41"},"headline":"Seit ich denken kann, sehne ich mich nach den St\u00fccken von John Derian \u2013 jetzt kann ich den ikonischen Charme des K\u00fcnstlers ab nur 15 $ auf meinen festlichen Tisch bringen","datePublished":"2025-10-31T05:39:46+00:00","dateModified":"2025-10-31T05:39:47+00:00","mainEntityOfPage":{"@id":"https:\/\/www.strassenweb.de\/nachrichten\/seit-ich-denken-kann-sehne-ich-mich-nach-den-stuecken-von-john-derian-jetzt-kann-ich-den-ikonischen-charme-des-kuenstlers-ab-nur-15-auf-meinen-festlichen-tisch-bringen\/"},"wordCount":492,"publisher":{"@id":"https:\/\/www.strassenweb.de\/nachrichten\/#organization"},"image":{"@id":"https:\/\/www.strassenweb.de\/nachrichten\/seit-ich-denken-kann-sehne-ich-mich-nach-den-stuecken-von-john-derian-jetzt-kann-ich-den-ikonischen-charme-des-kuenstlers-ab-nur-15-auf-meinen-festlichen-tisch-bringen\/#primaryimage"},"thumbnailUrl":"https:\/\/www.strassenweb.de\/nachrichten\/wp-content\/uploads\/2025\/10\/Seit-ich-denken-kann-sehne-ich-mich-nach-den-Stuecken.jpg","keywords":["auf","bringen","Charme","den","denken","Derian","des","festlichen","ich","ikonischen","jetzt","John","kann","K\u00fcnstlers","meinen","mich","Nach","nur","sehne","seit","St\u00fccken","Tisch","von"],"articleSection":["Haus &amp; Garten"],"inLanguage":"de"},{"@type":"WebPage","@id":"https:\/\/www.strassenweb.de\/nachrichten\/seit-ich-denken-kann-sehne-ich-mich-nach-den-stuecken-von-john-derian-jetzt-kann-ich-den-ikonischen-charme-des-kuenstlers-ab-nur-15-auf-meinen-festlichen-tisch-bringen\/","url":"https:\/\/www.strassenweb.de\/nachrichten\/seit-ich-denken-kann-sehne-ich-mich-nach-den-stuecken-von-john-derian-jetzt-kann-ich-den-ikonischen-charme-des-kuenstlers-ab-nur-15-auf-meinen-festlichen-tisch-bringen\/","name":"Seit ich denken kann, sehne ich mich nach den St\u00fccken von John Derian \u2013 jetzt kann ich den ikonischen Charme des K\u00fcnstlers ab nur 15 $ auf meinen festlichen Tisch bringen - Nachrichten - Stra\u00dfenweb","isPartOf":{"@id":"https:\/\/www.strassenweb.de\/nachrichten\/#website"},"primaryImageOfPage":{"@id":"https:\/\/www.strassenweb.de\/nachrichten\/seit-ich-denken-kann-sehne-ich-mich-nach-den-stuecken-von-john-derian-jetzt-kann-ich-den-ikonischen-charme-des-kuenstlers-ab-nur-15-auf-meinen-festlichen-tisch-bringen\/#primaryimage"},"image":{"@id":"https:\/\/www.strassenweb.de\/nachrichten\/seit-ich-denken-kann-sehne-ich-mich-nach-den-stuecken-von-john-derian-jetzt-kann-ich-den-ikonischen-charme-des-kuenstlers-ab-nur-15-auf-meinen-festlichen-tisch-bringen\/#primaryimage"},"thumbnailUrl":"https:\/\/www.strassenweb.de\/nachrichten\/wp-content\/uploads\/2025\/10\/Seit-ich-denken-kann-sehne-ich-mich-nach-den-Stuecken.jpg","datePublished":"2025-10-31T05:39:46+00:00","dateModified":"2025-10-31T05:39:47+00:00","breadcrumb":{"@id":"https:\/\/www.strassenweb.de\/nachrichten\/seit-ich-denken-kann-sehne-ich-mich-nach-den-stuecken-von-john-derian-jetzt-kann-ich-den-ikonischen-charme-des-kuenstlers-ab-nur-15-auf-meinen-festlichen-tisch-bringen\/#breadcrumb"},"inLanguage":"de","potentialAction":[{"@type":"ReadAction","target":["https:\/\/www.strassenweb.de\/nachrichten\/seit-ich-denken-kann-sehne-ich-mich-nach-den-stuecken-von-john-derian-jetzt-kann-ich-den-ikonischen-charme-des-kuenstlers-ab-nur-15-auf-meinen-festlichen-tisch-bringen\/"]}]},{"@type":"ImageObject","inLanguage":"de","@id":"https:\/\/www.strassenweb.de\/nachrichten\/seit-ich-denken-kann-sehne-ich-mich-nach-den-stuecken-von-john-derian-jetzt-kann-ich-den-ikonischen-charme-des-kuenstlers-ab-nur-15-auf-meinen-festlichen-tisch-bringen\/#primaryimage","url":"https:\/\/www.strassenweb.de\/nachrichten\/wp-content\/uploads\/2025\/10\/Seit-ich-denken-kann-sehne-ich-mich-nach-den-Stuecken.jpg","contentUrl":"https:\/\/www.strassenweb.de\/nachrichten\/wp-content\/uploads\/2025\/10\/Seit-ich-denken-kann-sehne-ich-mich-nach-den-Stuecken.jpg","width":1600,"height":900,"caption":"Red and white leaf tablecloth with green frosted coupe glasses and a Christmas tree candle"},{"@type":"BreadcrumbList","@id":"https:\/\/www.strassenweb.de\/nachrichten\/seit-ich-denken-kann-sehne-ich-mich-nach-den-stuecken-von-john-derian-jetzt-kann-ich-den-ikonischen-charme-des-kuenstlers-ab-nur-15-auf-meinen-festlichen-tisch-bringen\/#breadcrumb","itemListElement":[{"@type":"ListItem","position":1,"name":"Home","item":"https:\/\/www.strassenweb.de\/nachrichten\/"},{"@type":"ListItem","position":2,"name":"Seit ich denken kann, sehne ich mich nach den St\u00fccken von John Derian \u2013 jetzt kann ich den ikonischen Charme des K\u00fcnstlers ab nur 15 $ auf meinen festlichen Tisch bringen"}]},{"@type":"WebSite","@id":"https:\/\/www.strassenweb.de\/nachrichten\/#website","url":"https:\/\/www.strassenweb.de\/nachrichten\/","name":"Stra\u00dfenweb","description":"Stra\u00dfenverzeichnis f\u00fcr Deutschland","publisher":{"@id":"https:\/\/www.strassenweb.de\/nachrichten\/#organization"},"potentialAction":[{"@type":"SearchAction","target":{"@type":"EntryPoint","urlTemplate":"https:\/\/www.strassenweb.de\/nachrichten\/?s={search_term_string}"},"query-input":{"@type":"PropertyValueSpecification","valueRequired":true,"valueName":"search_term_string"}}],"inLanguage":"de"},{"@type":"Organization","@id":"https:\/\/www.strassenweb.de\/nachrichten\/#organization","name":"Stra\u00dfenweb","url":"https:\/\/www.strassenweb.de\/nachrichten\/","logo":{"@type":"ImageObject","inLanguage":"de","@id":"https:\/\/www.strassenweb.de\/nachrichten\/#\/schema\/logo\/image\/","url":"https:\/\/www.strassenweb.de\/nachrichten\/wp-content\/uploads\/2024\/09\/cropped-favicon.png","contentUrl":"https:\/\/www.strassenweb.de\/nachrichten\/wp-content\/uploads\/2024\/09\/cropped-favicon.png","width":512,"height":512,"caption":"Stra\u00dfenweb"},"image":{"@id":"https:\/\/www.strassenweb.de\/nachrichten\/#\/schema\/logo\/image\/"},"sameAs":["https:\/\/www.facebook.com\/strassenweb\/"]},{"@type":"Person","@id":"https:\/\/www.strassenweb.de\/nachrichten\/#\/schema\/person\/87c9c9067f1211da429a744dc5a5aa41","name":"Robert Hoffmann","image":{"@type":"ImageObject","inLanguage":"de","@id":"https:\/\/www.strassenweb.de\/nachrichten\/wp-content\/uploads\/2024\/09\/strassenweb-150x150.jpg","url":"https:\/\/www.strassenweb.de\/nachrichten\/wp-content\/uploads\/2024\/09\/strassenweb-150x150.jpg","contentUrl":"https:\/\/www.strassenweb.de\/nachrichten\/wp-content\/uploads\/2024\/09\/strassenweb-150x150.jpg","caption":"Robert Hoffmann"},"description":"Ich hei\u00dfe Robert Hoffmann und ich bin ein leidenschaftlicher Verfechter von \u00d6kologie und Biodiversit\u00e4t. Seit meiner Kindheit in den W\u00e4ldern Bayerns f\u00fchle ich mich mit der Natur verbunden und bin entschlossen, sie zu sch\u00fctzen. Heute widme ich mein Leben der Sensibilisierung anderer f\u00fcr die Bedeutung des Umweltschutzes f\u00fcr zuk\u00fcnftige Generationen.","sameAs":["https:\/\/www.strassenweb.de\/"]}]}},"_links":{"self":[{"href":"https:\/\/www.strassenweb.de\/nachrichten\/wp-json\/wp\/v2\/posts\/8915","targetHints":{"allow":["GET"]}}],"collection":[{"href":"https:\/\/www.strassenweb.de\/nachrichten\/wp-json\/wp\/v2\/posts"}],"about":[{"href":"https:\/\/www.strassenweb.de\/nachrichten\/wp-json\/wp\/v2\/types\/post"}],"author":[{"embeddable":true,"href":"https:\/\/www.strassenweb.de\/nachrichten\/wp-json\/wp\/v2\/users\/1"}],"replies":[{"embeddable":true,"href":"https:\/\/www.strassenweb.de\/nachrichten\/wp-json\/wp\/v2\/comments?post=8915"}],"version-history":[{"count":0,"href":"https:\/\/www.strassenweb.de\/nachrichten\/wp-json\/wp\/v2\/posts\/8915\/revisions"}],"wp:featuredmedia":[{"embeddable":true,"href":"https:\/\/www.strassenweb.de\/nachrichten\/wp-json\/wp\/v2\/media\/8916"}],"wp:attachment":[{"href":"https:\/\/www.strassenweb.de\/nachrichten\/wp-json\/wp\/v2\/media?parent=8915"}],"wp:term":[{"taxonomy":"category","embeddable":true,"href":"https:\/\/www.strassenweb.de\/nachrichten\/wp-json\/wp\/v2\/categories?post=8915"},{"taxonomy":"post_tag","embeddable":true,"href":"https:\/\/www.strassenweb.de\/nachrichten\/wp-json\/wp\/v2\/tags?post=8915"}],"curies":[{"name":"wp","href":"https:\/\/api.w.org\/{rel}","templated":true}]}}