{"id":8912,"date":"2025-10-31T03:39:15","date_gmt":"2025-10-31T02:39:15","guid":{"rendered":"https:\/\/www.strassenweb.de\/nachrichten\/die-kuecheninsel-von-anne-hathaway-geht-neue-massstaebe-experten-sagen-dass-ihr-intelligentes-conversation-seating-design-im-jahr-2026-trends-setzen-wird\/"},"modified":"2025-10-31T03:39:16","modified_gmt":"2025-10-31T02:39:16","slug":"die-kuecheninsel-von-anne-hathaway-geht-neue-massstaebe-experten-sagen-dass-ihr-intelligentes-conversation-seating-design-im-jahr-2026-trends-setzen-wird","status":"publish","type":"post","link":"https:\/\/www.strassenweb.de\/nachrichten\/die-kuecheninsel-von-anne-hathaway-geht-neue-massstaebe-experten-sagen-dass-ihr-intelligentes-conversation-seating-design-im-jahr-2026-trends-setzen-wird\/","title":{"rendered":"Die K\u00fccheninsel von Anne Hathaway geht neue Ma\u00dfst\u00e4be: Experten sagen, dass ihr intelligentes \u201eConversation Seating\u201c-Design im Jahr 2026 Trends setzen wird"},"content":{"rendered":"<p><\/p>\n<div id=\"article-body\" class=\"article__body \">\n<p id=\"292c8d5c-a059-4a59-98a6-308ef8bdfbb2\">Die K\u00fcche ist wirklich das Herzst\u00fcck des Hauses, und die K\u00fccheninsel ist immer sein Mittelpunkt. Bei Anne Hathaway verwandelt ein langer \u00dcberhang ihre Insel von einem blo\u00dfen Nebengedanken in einen wundersch\u00f6nen Treffpunkt \u2013 perfekt f\u00fcr gem\u00fctliche Herbstabende oder die Zubereitung von Feiertagsmahlzeiten.<\/p>\n<div id=\"ad-unit-1\" class=\"ad-unit\"><\/div>\n<p>Die K\u00fccheninsel der Schauspielerin ist Teil einer Hausneugestaltung, die vom renommierten Studio Shamshiri durchgef\u00fchrt wurde. Hathaways K\u00fcche verf\u00fcgt \u00fcber mintfarbene Unterschr\u00e4nke, obere Holzregale und Kupfert\u00f6pfe, die an Haken hinter einem wei\u00df-goldenen Herd h\u00e4ngen. Schwarze Arbeitsplatten bilden einen starken Kontrast zur Holzarbeitsplatte auf ihrer Insel. Dieses m\u00f6bel\u00e4hnliche St\u00fcck hat darunter Schr\u00e4nke und einen Anbau, der von Barhockern umgeben ist.<\/p>\n<aside data-block-type=\"embed\" data-render-type=\"fte\" data-skip=\"dealsy\" data-widget-type=\"seasonal\" class=\"hawk-root\"><\/aside>\n<p id=\"292c8d5c-a059-4a59-98a6-308ef8bdfbb2-2\" class=\"paywall\" aria-hidden=\"true\">Das Design ist eine Meisterklasse bei der Schaffung eines Raums f\u00fcr <em>Leben<\/em>nicht nur wegen des Aussehens. Echo Lattner, Hauptdesigner bei Echo Marie Studio in Santa Fe, erkl\u00e4rt: \u201eAnne Hathaways gro\u00dfer Insel\u00fcberhang tr\u00e4gt zur einladenden Atmosph\u00e4re der K\u00fcche bei, indem er G\u00e4sten und K\u00fcchenmitarbeitern einen Platz bietet, an dem sie auf drei Seiten der Insel problemlos einen Hocker hochziehen k\u00f6nnen.\u201c Diese einfachen, aber sch\u00f6nen Holzhocker von Wayfair sind denen in Annes Raum sehr \u00e4hnlich und einfach perfekt f\u00fcr einen geselligen Rahmen.<\/p>\n<div class=\"van_vid_carousel\">\n<div class=\"van_vid_carousel__padding\">\n<div class=\"van_vid_carousel__container\"><\/div>\n<\/div>\n<\/div>\n<p class=\"paywall\" aria-hidden=\"true\">\u201eDies erm\u00f6glicht Gespr\u00e4chssitze im Raum, im Gegensatz zu herk\u00f6mmlichen \u00dcberh\u00e4ngen, die die Sitzpl\u00e4tze auf eine Seite der Theke beschr\u00e4nken\u201c, sagt Echo.<\/p>\n<div id=\"ad-unit-2\" class=\"ad-unit\"><\/div>\n<div class=\"instagram-embed\" id=\"B2FV81thWCX\">\n<blockquote class=\"instagram-media\" data-instgrm-captioned data-instgrm-version=\"6\" style=\"width:99.375%; width:-webkit-calc(100% - 2px); width:calc(100% - 2px);\">\n<p>Ein von Studio Shamshiri (@studioshamshiri) geteilter Beitrag<\/p>\n<p>Ein Foto gepostet von am <\/p>\n<\/blockquote>\n<\/div>\n<h2 id=\"shop-the-anne-hathaway-inspired-edit-3\">Kaufen Sie die von Anne Hathaway inspirierte Auswahl<\/h2>\n<div class=\"product-container hero-product-container product-block-no-wrap\">\n<div class=\"product-block-row\"><\/div>\n<div class=\"product-block-row\"><\/div>\n<div class=\"product-block-row\"><\/div>\n<div class=\"product-block-row\"><\/div>\n<div class=\"product-block-row\"><\/div>\n<div class=\"product-block-row\"><\/div>\n<\/div>\n<p id=\"f81944aa-b847-4fab-a9e4-a1a99f38d107\">Die Idee einer Inselk\u00fcchenarbeitsplatte bietet auch praktische Kochvorteile. Ruben Gutierrez, Direktor des in Miami ans\u00e4ssigen Unternehmens Errez Design, sagt: \u201eDie Wirkung des gro\u00dfen \u00dcberhangs auf dieser K\u00fccheninsel ist unverkennbar.\u201c Es geht um Praktikabilit\u00e4t, aber mit einem Hauch von Anmut. Dieser \u00dcberhang erweitert den Arbeitsbereich. Es \u00fcberfordert den Raum nicht, verleiht der Insel aber Pr\u00e4senz und macht sie zum Herzst\u00fcck der K\u00fcche.\u201c<\/p>\n<p>\u201eDie verl\u00e4ngerte Theke sorgt f\u00fcr zus\u00e4tzliche Sichtbarkeit, um die detaillierte Schrankkonstruktion in einem Ausma\u00df zur Geltung zu bringen, das sonst nur schwer zu erkennen w\u00e4re\u201c, f\u00fcgt Lattner hinzu.<\/p>\n<div id=\"slice-container-newsletterForm-articleInbodyContent-E5QQXVoe8QkvPp88CKthAU\" class=\"slice-container newsletter-inbodyContent-slice newsletterForm-articleInbodyContent-E5QQXVoe8QkvPp88CKthAU slice-container-newsletterForm\"><\/div>\n<p>Die einfache Funktionalit\u00e4t und das wundersch\u00f6ne Aussehen der Insel machen sie zu einem hervorragenden Modell f\u00fcr aktuelles Design.<\/p>\n<p>Lattner erkl\u00e4rt: \u201eDie Kombination aus einer von M\u00f6beln inspirierten Insel und einem verl\u00e4ngerten \u00dcberhang ist ein ausgezeichneter Einstieg f\u00fcr Mieter mit offenen K\u00fcchengrundrissen im Landhausstil, die zus\u00e4tzliche Sitzgelegenheiten ben\u00f6tigen und gleichzeitig Inselfunktion und Stauraum anstelle eines Tisches ben\u00f6tigen.\u201c<\/p>\n<p>Wenn Ihnen das K\u00fcchenlayout gef\u00e4llt, ist es zum Gl\u00fcck einfach, es nachzubilden. Lattner r\u00e4t: \u201eJeder kann einen \u00e4hnlichen verl\u00e4ngerten \u00dcberhang-Look schaffen, indem er entweder eine gefundene M\u00f6belinsel verwendet oder eine neue Insel mit Beinen baut, Holz einbaut und dem Inselstil entsprechende Unterst\u00fctzung hinzuf\u00fcgt.\u201c Der Schl\u00fcssel zum Erfolg liegt darin, dass sich die gesamte Insel wie ein M\u00f6belst\u00fcck anf\u00fchlt und an sich schon Charme hat. \u201eDie verl\u00e4ngerte Arbeitsplatte und die St\u00fctzflosse erinnern an die Nostalgie eines Klapptisches.\u201c<\/p>\n<p>Stellen Sie vor dem Einstieg sicher, dass Sie Ihre K\u00fcche richtig planen. Gutierrez warnt: \u201eSie m\u00f6chten nicht, dass sich der \u00dcberhang wie festgeklebt anf\u00fchlt \u2013 Sie m\u00f6chten, dass er mit dem Rest der K\u00fcche \u00fcbereinstimmt.\u201c W\u00e4hlen Sie Materialien, die das widerspiegeln, was sich bereits im Raum befindet: warme H\u00f6lzer, sanfte T\u00f6ne, etwas, das sich anf\u00fchlt, als w\u00e4re es schon immer dort gewesen, aber dennoch frisch wirkt. Halten Sie es funktional, aber verzichten Sie nicht auf die \u00c4sthetik.\u201c<\/p>\n<p>Praktikabilit\u00e4t und Sch\u00f6nheit m\u00fcssen sich nicht ausschlie\u00dfen, und die K\u00fcche von Anne Hathaway ist ein Paradebeispiel daf\u00fcr.<\/p>\n<div class=\"min-h-(270px) mb-4 viafoura-twig-component\" id=\"viafoura-engagement-starter-wrapper\" data-component-name=\"Elk:Embed:EngagementStarter\">\n<div class=\"viafoura\">\n<div>\n<vf-conversation-starter target=\"viafoura-comments\" minimum-comment-count=\"1\"><br \/>\n<\/vf-conversation-starter>\n<\/div>\n<\/div>\n<\/div>\n<hr id=\"92246418-6c3b-40a0-a0f7-c01858c4d242\">\n<div class=\"block\" id=\"articleTag\" data-component-name=\"PostArticleLinks\">\n<div class=\"border-b border-b-black border-solid py-2.5 text-black font-bold uppercase\">THEMEN<\/div>\n<nav class=\"py-2.5 flex gap-2.5 flex-wrap\" data-analytics-id=\"article-tag\">\n<p>Anne Hathaway<\/p>\n<\/nav>\n<\/div>\n<\/div>\n<p><script async src=\"\/\/www.instagram.com\/embed.js\"><\/script><\/p>\n","protected":false},"excerpt":{"rendered":"<p>Die K\u00fcche ist wirklich das Herzst\u00fcck des Hauses, und die K\u00fccheninsel ist immer sein Mittelpunkt. Bei Anne Hathaway verwandelt ein langer \u00dcberhang ihre Insel von<\/p>\n","protected":false},"author":1,"featured_media":8913,"comment_status":"closed","ping_status":"","sticky":false,"template":"","format":"standard","meta":{"footnotes":""},"categories":[118],"tags":[1459,11244,51,9,667,510,1460,170,8234,384,3392,11243,108,284,11245,4819,1733,21,71],"class_list":["post-8912","post","type-post","status-publish","format-standard","has-post-thumbnail","hentry","category-haus-garten","tag-anne","tag-conversation","tag-dass","tag-die","tag-experten","tag-geht","tag-hathaway","tag-ihr","tag-intelligentes","tag-jahr","tag-kuecheninsel","tag-massstaebe","tag-neue","tag-sagen","tag-seatingdesign","tag-setzen","tag-trends","tag-von","tag-wird","generate-columns","tablet-grid-50","mobile-grid-100","grid-parent","grid-50"],"yoast_head":"<!-- This site is optimized with the Yoast SEO plugin v27.3 - https:\/\/yoast.com\/product\/yoast-seo-wordpress\/ -->\n<title>Die K\u00fccheninsel von Anne Hathaway geht neue Ma\u00dfst\u00e4be: Experten sagen, dass ihr intelligentes \u201eConversation Seating\u201c-Design im Jahr 2026 Trends setzen wird - Nachrichten - Stra\u00dfenweb<\/title>\n<meta name=\"robots\" content=\"index, follow, max-snippet:-1, max-image-preview:large, max-video-preview:-1\" \/>\n<link rel=\"canonical\" href=\"https:\/\/www.strassenweb.de\/nachrichten\/die-kuecheninsel-von-anne-hathaway-geht-neue-massstaebe-experten-sagen-dass-ihr-intelligentes-conversation-seating-design-im-jahr-2026-trends-setzen-wird\/\" \/>\n<meta property=\"og:locale\" content=\"de_DE\" \/>\n<meta property=\"og:type\" content=\"article\" \/>\n<meta property=\"og:title\" content=\"Die K\u00fccheninsel von Anne Hathaway geht neue Ma\u00dfst\u00e4be: Experten sagen, dass ihr intelligentes \u201eConversation Seating\u201c-Design im Jahr 2026 Trends setzen wird - Nachrichten - Stra\u00dfenweb\" \/>\n<meta property=\"og:description\" content=\"Die K\u00fcche ist wirklich das Herzst\u00fcck des Hauses, und die K\u00fccheninsel ist immer sein Mittelpunkt. Bei Anne Hathaway verwandelt ein langer \u00dcberhang ihre Insel von\" \/>\n<meta property=\"og:url\" content=\"https:\/\/www.strassenweb.de\/nachrichten\/die-kuecheninsel-von-anne-hathaway-geht-neue-massstaebe-experten-sagen-dass-ihr-intelligentes-conversation-seating-design-im-jahr-2026-trends-setzen-wird\/\" \/>\n<meta property=\"og:site_name\" content=\"Stra\u00dfenweb\" \/>\n<meta property=\"article:publisher\" content=\"https:\/\/www.facebook.com\/strassenweb\/\" \/>\n<meta property=\"article:published_time\" content=\"2025-10-31T02:39:15+00:00\" \/>\n<meta property=\"article:modified_time\" content=\"2025-10-31T02:39:16+00:00\" \/>\n<meta property=\"og:image\" content=\"https:\/\/www.strassenweb.de\/nachrichten\/wp-content\/uploads\/2025\/10\/Die-Kuecheninsel-von-Anne-Hathaway-geht-neue-Massstaebe-Experten-sagen.jpg\" \/>\n\t<meta property=\"og:image:width\" content=\"2560\" \/>\n\t<meta property=\"og:image:height\" content=\"1440\" \/>\n\t<meta property=\"og:image:type\" content=\"image\/jpeg\" \/>\n<meta name=\"author\" content=\"Robert Hoffmann\" \/>\n<meta name=\"twitter:card\" content=\"summary_large_image\" \/>\n<meta name=\"twitter:label1\" content=\"Verfasst von\" \/>\n\t<meta name=\"twitter:data1\" content=\"Robert Hoffmann\" \/>\n\t<meta name=\"twitter:label2\" content=\"Gesch\u00e4tzte Lesezeit\" \/>\n\t<meta name=\"twitter:data2\" content=\"3\u00a0Minuten\" \/>\n<script type=\"application\/ld+json\" class=\"yoast-schema-graph\">{\"@context\":\"https:\\\/\\\/schema.org\",\"@graph\":[{\"@type\":\"Article\",\"@id\":\"https:\\\/\\\/www.strassenweb.de\\\/nachrichten\\\/die-kuecheninsel-von-anne-hathaway-geht-neue-massstaebe-experten-sagen-dass-ihr-intelligentes-conversation-seating-design-im-jahr-2026-trends-setzen-wird\\\/#article\",\"isPartOf\":{\"@id\":\"https:\\\/\\\/www.strassenweb.de\\\/nachrichten\\\/die-kuecheninsel-von-anne-hathaway-geht-neue-massstaebe-experten-sagen-dass-ihr-intelligentes-conversation-seating-design-im-jahr-2026-trends-setzen-wird\\\/\"},\"author\":{\"name\":\"Robert Hoffmann\",\"@id\":\"https:\\\/\\\/www.strassenweb.de\\\/nachrichten\\\/#\\\/schema\\\/person\\\/87c9c9067f1211da429a744dc5a5aa41\"},\"headline\":\"Die K\u00fccheninsel von Anne Hathaway geht neue Ma\u00dfst\u00e4be: Experten sagen, dass ihr intelligentes \u201eConversation Seating\u201c-Design im Jahr 2026 Trends setzen wird\",\"datePublished\":\"2025-10-31T02:39:15+00:00\",\"dateModified\":\"2025-10-31T02:39:16+00:00\",\"mainEntityOfPage\":{\"@id\":\"https:\\\/\\\/www.strassenweb.de\\\/nachrichten\\\/die-kuecheninsel-von-anne-hathaway-geht-neue-massstaebe-experten-sagen-dass-ihr-intelligentes-conversation-seating-design-im-jahr-2026-trends-setzen-wird\\\/\"},\"wordCount\":652,\"publisher\":{\"@id\":\"https:\\\/\\\/www.strassenweb.de\\\/nachrichten\\\/#organization\"},\"image\":{\"@id\":\"https:\\\/\\\/www.strassenweb.de\\\/nachrichten\\\/die-kuecheninsel-von-anne-hathaway-geht-neue-massstaebe-experten-sagen-dass-ihr-intelligentes-conversation-seating-design-im-jahr-2026-trends-setzen-wird\\\/#primaryimage\"},\"thumbnailUrl\":\"https:\\\/\\\/www.strassenweb.de\\\/nachrichten\\\/wp-content\\\/uploads\\\/2025\\\/10\\\/Die-Kuecheninsel-von-Anne-Hathaway-geht-neue-Massstaebe-Experten-sagen.jpg\",\"keywords\":[\"Anne\",\"Conversation\",\"dass\",\"die\",\"Experten\",\"geht\",\"Hathaway\",\"Ihr\",\"intelligentes\",\"Jahr\",\"K\u00fccheninsel\",\"Ma\u00dfst\u00e4be\",\"Neue\",\"sagen\",\"SeatingDesign\",\"setzen\",\"Trends\",\"von\",\"wird\"],\"articleSection\":[\"Haus &amp; Garten\"],\"inLanguage\":\"de\"},{\"@type\":\"WebPage\",\"@id\":\"https:\\\/\\\/www.strassenweb.de\\\/nachrichten\\\/die-kuecheninsel-von-anne-hathaway-geht-neue-massstaebe-experten-sagen-dass-ihr-intelligentes-conversation-seating-design-im-jahr-2026-trends-setzen-wird\\\/\",\"url\":\"https:\\\/\\\/www.strassenweb.de\\\/nachrichten\\\/die-kuecheninsel-von-anne-hathaway-geht-neue-massstaebe-experten-sagen-dass-ihr-intelligentes-conversation-seating-design-im-jahr-2026-trends-setzen-wird\\\/\",\"name\":\"Die K\u00fccheninsel von Anne Hathaway geht neue Ma\u00dfst\u00e4be: Experten sagen, dass ihr intelligentes \u201eConversation Seating\u201c-Design im Jahr 2026 Trends setzen wird - Nachrichten - Stra\u00dfenweb\",\"isPartOf\":{\"@id\":\"https:\\\/\\\/www.strassenweb.de\\\/nachrichten\\\/#website\"},\"primaryImageOfPage\":{\"@id\":\"https:\\\/\\\/www.strassenweb.de\\\/nachrichten\\\/die-kuecheninsel-von-anne-hathaway-geht-neue-massstaebe-experten-sagen-dass-ihr-intelligentes-conversation-seating-design-im-jahr-2026-trends-setzen-wird\\\/#primaryimage\"},\"image\":{\"@id\":\"https:\\\/\\\/www.strassenweb.de\\\/nachrichten\\\/die-kuecheninsel-von-anne-hathaway-geht-neue-massstaebe-experten-sagen-dass-ihr-intelligentes-conversation-seating-design-im-jahr-2026-trends-setzen-wird\\\/#primaryimage\"},\"thumbnailUrl\":\"https:\\\/\\\/www.strassenweb.de\\\/nachrichten\\\/wp-content\\\/uploads\\\/2025\\\/10\\\/Die-Kuecheninsel-von-Anne-Hathaway-geht-neue-Massstaebe-Experten-sagen.jpg\",\"datePublished\":\"2025-10-31T02:39:15+00:00\",\"dateModified\":\"2025-10-31T02:39:16+00:00\",\"breadcrumb\":{\"@id\":\"https:\\\/\\\/www.strassenweb.de\\\/nachrichten\\\/die-kuecheninsel-von-anne-hathaway-geht-neue-massstaebe-experten-sagen-dass-ihr-intelligentes-conversation-seating-design-im-jahr-2026-trends-setzen-wird\\\/#breadcrumb\"},\"inLanguage\":\"de\",\"potentialAction\":[{\"@type\":\"ReadAction\",\"target\":[\"https:\\\/\\\/www.strassenweb.de\\\/nachrichten\\\/die-kuecheninsel-von-anne-hathaway-geht-neue-massstaebe-experten-sagen-dass-ihr-intelligentes-conversation-seating-design-im-jahr-2026-trends-setzen-wird\\\/\"]}]},{\"@type\":\"ImageObject\",\"inLanguage\":\"de\",\"@id\":\"https:\\\/\\\/www.strassenweb.de\\\/nachrichten\\\/die-kuecheninsel-von-anne-hathaway-geht-neue-massstaebe-experten-sagen-dass-ihr-intelligentes-conversation-seating-design-im-jahr-2026-trends-setzen-wird\\\/#primaryimage\",\"url\":\"https:\\\/\\\/www.strassenweb.de\\\/nachrichten\\\/wp-content\\\/uploads\\\/2025\\\/10\\\/Die-Kuecheninsel-von-Anne-Hathaway-geht-neue-Massstaebe-Experten-sagen.jpg\",\"contentUrl\":\"https:\\\/\\\/www.strassenweb.de\\\/nachrichten\\\/wp-content\\\/uploads\\\/2025\\\/10\\\/Die-Kuecheninsel-von-Anne-Hathaway-geht-neue-Massstaebe-Experten-sagen.jpg\",\"width\":2560,\"height\":1440,\"caption\":\"Die K\u00fccheninsel von Anne Hathaway geht neue Ma\u00dfst\u00e4be: Experten sagen, dass ihr intelligentes \u201eConversation Seating\u201c-Design im Jahr 2026 Trends setzen wird\"},{\"@type\":\"BreadcrumbList\",\"@id\":\"https:\\\/\\\/www.strassenweb.de\\\/nachrichten\\\/die-kuecheninsel-von-anne-hathaway-geht-neue-massstaebe-experten-sagen-dass-ihr-intelligentes-conversation-seating-design-im-jahr-2026-trends-setzen-wird\\\/#breadcrumb\",\"itemListElement\":[{\"@type\":\"ListItem\",\"position\":1,\"name\":\"Home\",\"item\":\"https:\\\/\\\/www.strassenweb.de\\\/nachrichten\\\/\"},{\"@type\":\"ListItem\",\"position\":2,\"name\":\"Die K\u00fccheninsel von Anne Hathaway geht neue Ma\u00dfst\u00e4be: Experten sagen, dass ihr intelligentes \u201eConversation Seating\u201c-Design im Jahr 2026 Trends setzen wird\"}]},{\"@type\":\"WebSite\",\"@id\":\"https:\\\/\\\/www.strassenweb.de\\\/nachrichten\\\/#website\",\"url\":\"https:\\\/\\\/www.strassenweb.de\\\/nachrichten\\\/\",\"name\":\"Stra\u00dfenweb\",\"description\":\"Stra\u00dfenverzeichnis f\u00fcr Deutschland\",\"publisher\":{\"@id\":\"https:\\\/\\\/www.strassenweb.de\\\/nachrichten\\\/#organization\"},\"potentialAction\":[{\"@type\":\"SearchAction\",\"target\":{\"@type\":\"EntryPoint\",\"urlTemplate\":\"https:\\\/\\\/www.strassenweb.de\\\/nachrichten\\\/?s={search_term_string}\"},\"query-input\":{\"@type\":\"PropertyValueSpecification\",\"valueRequired\":true,\"valueName\":\"search_term_string\"}}],\"inLanguage\":\"de\"},{\"@type\":\"Organization\",\"@id\":\"https:\\\/\\\/www.strassenweb.de\\\/nachrichten\\\/#organization\",\"name\":\"Stra\u00dfenweb\",\"url\":\"https:\\\/\\\/www.strassenweb.de\\\/nachrichten\\\/\",\"logo\":{\"@type\":\"ImageObject\",\"inLanguage\":\"de\",\"@id\":\"https:\\\/\\\/www.strassenweb.de\\\/nachrichten\\\/#\\\/schema\\\/logo\\\/image\\\/\",\"url\":\"https:\\\/\\\/www.strassenweb.de\\\/nachrichten\\\/wp-content\\\/uploads\\\/2024\\\/09\\\/cropped-favicon.png\",\"contentUrl\":\"https:\\\/\\\/www.strassenweb.de\\\/nachrichten\\\/wp-content\\\/uploads\\\/2024\\\/09\\\/cropped-favicon.png\",\"width\":512,\"height\":512,\"caption\":\"Stra\u00dfenweb\"},\"image\":{\"@id\":\"https:\\\/\\\/www.strassenweb.de\\\/nachrichten\\\/#\\\/schema\\\/logo\\\/image\\\/\"},\"sameAs\":[\"https:\\\/\\\/www.facebook.com\\\/strassenweb\\\/\"]},{\"@type\":\"Person\",\"@id\":\"https:\\\/\\\/www.strassenweb.de\\\/nachrichten\\\/#\\\/schema\\\/person\\\/87c9c9067f1211da429a744dc5a5aa41\",\"name\":\"Robert Hoffmann\",\"image\":{\"@type\":\"ImageObject\",\"inLanguage\":\"de\",\"@id\":\"https:\\\/\\\/www.strassenweb.de\\\/nachrichten\\\/wp-content\\\/uploads\\\/2024\\\/09\\\/strassenweb-150x150.jpg\",\"url\":\"https:\\\/\\\/www.strassenweb.de\\\/nachrichten\\\/wp-content\\\/uploads\\\/2024\\\/09\\\/strassenweb-150x150.jpg\",\"contentUrl\":\"https:\\\/\\\/www.strassenweb.de\\\/nachrichten\\\/wp-content\\\/uploads\\\/2024\\\/09\\\/strassenweb-150x150.jpg\",\"caption\":\"Robert Hoffmann\"},\"description\":\"Ich hei\u00dfe Robert Hoffmann und ich bin ein leidenschaftlicher Verfechter von \u00d6kologie und Biodiversit\u00e4t. Seit meiner Kindheit in den W\u00e4ldern Bayerns f\u00fchle ich mich mit der Natur verbunden und bin entschlossen, sie zu sch\u00fctzen. Heute widme ich mein Leben der Sensibilisierung anderer f\u00fcr die Bedeutung des Umweltschutzes f\u00fcr zuk\u00fcnftige Generationen.\",\"sameAs\":[\"https:\\\/\\\/www.strassenweb.de\\\/\"]}]}<\/script>\n<!-- \/ Yoast SEO plugin. -->","yoast_head_json":{"title":"Die K\u00fccheninsel von Anne Hathaway geht neue Ma\u00dfst\u00e4be: Experten sagen, dass ihr intelligentes \u201eConversation Seating\u201c-Design im Jahr 2026 Trends setzen wird - Nachrichten - Stra\u00dfenweb","robots":{"index":"index","follow":"follow","max-snippet":"max-snippet:-1","max-image-preview":"max-image-preview:large","max-video-preview":"max-video-preview:-1"},"canonical":"https:\/\/www.strassenweb.de\/nachrichten\/die-kuecheninsel-von-anne-hathaway-geht-neue-massstaebe-experten-sagen-dass-ihr-intelligentes-conversation-seating-design-im-jahr-2026-trends-setzen-wird\/","og_locale":"de_DE","og_type":"article","og_title":"Die K\u00fccheninsel von Anne Hathaway geht neue Ma\u00dfst\u00e4be: Experten sagen, dass ihr intelligentes \u201eConversation Seating\u201c-Design im Jahr 2026 Trends setzen wird - Nachrichten - Stra\u00dfenweb","og_description":"Die K\u00fcche ist wirklich das Herzst\u00fcck des Hauses, und die K\u00fccheninsel ist immer sein Mittelpunkt. Bei Anne Hathaway verwandelt ein langer \u00dcberhang ihre Insel von","og_url":"https:\/\/www.strassenweb.de\/nachrichten\/die-kuecheninsel-von-anne-hathaway-geht-neue-massstaebe-experten-sagen-dass-ihr-intelligentes-conversation-seating-design-im-jahr-2026-trends-setzen-wird\/","og_site_name":"Stra\u00dfenweb","article_publisher":"https:\/\/www.facebook.com\/strassenweb\/","article_published_time":"2025-10-31T02:39:15+00:00","article_modified_time":"2025-10-31T02:39:16+00:00","og_image":[{"width":2560,"height":1440,"url":"https:\/\/www.strassenweb.de\/nachrichten\/wp-content\/uploads\/2025\/10\/Die-Kuecheninsel-von-Anne-Hathaway-geht-neue-Massstaebe-Experten-sagen.jpg","type":"image\/jpeg"}],"author":"Robert Hoffmann","twitter_card":"summary_large_image","twitter_misc":{"Verfasst von":"Robert Hoffmann","Gesch\u00e4tzte Lesezeit":"3\u00a0Minuten"},"schema":{"@context":"https:\/\/schema.org","@graph":[{"@type":"Article","@id":"https:\/\/www.strassenweb.de\/nachrichten\/die-kuecheninsel-von-anne-hathaway-geht-neue-massstaebe-experten-sagen-dass-ihr-intelligentes-conversation-seating-design-im-jahr-2026-trends-setzen-wird\/#article","isPartOf":{"@id":"https:\/\/www.strassenweb.de\/nachrichten\/die-kuecheninsel-von-anne-hathaway-geht-neue-massstaebe-experten-sagen-dass-ihr-intelligentes-conversation-seating-design-im-jahr-2026-trends-setzen-wird\/"},"author":{"name":"Robert Hoffmann","@id":"https:\/\/www.strassenweb.de\/nachrichten\/#\/schema\/person\/87c9c9067f1211da429a744dc5a5aa41"},"headline":"Die K\u00fccheninsel von Anne Hathaway geht neue Ma\u00dfst\u00e4be: Experten sagen, dass ihr intelligentes \u201eConversation Seating\u201c-Design im Jahr 2026 Trends setzen wird","datePublished":"2025-10-31T02:39:15+00:00","dateModified":"2025-10-31T02:39:16+00:00","mainEntityOfPage":{"@id":"https:\/\/www.strassenweb.de\/nachrichten\/die-kuecheninsel-von-anne-hathaway-geht-neue-massstaebe-experten-sagen-dass-ihr-intelligentes-conversation-seating-design-im-jahr-2026-trends-setzen-wird\/"},"wordCount":652,"publisher":{"@id":"https:\/\/www.strassenweb.de\/nachrichten\/#organization"},"image":{"@id":"https:\/\/www.strassenweb.de\/nachrichten\/die-kuecheninsel-von-anne-hathaway-geht-neue-massstaebe-experten-sagen-dass-ihr-intelligentes-conversation-seating-design-im-jahr-2026-trends-setzen-wird\/#primaryimage"},"thumbnailUrl":"https:\/\/www.strassenweb.de\/nachrichten\/wp-content\/uploads\/2025\/10\/Die-Kuecheninsel-von-Anne-Hathaway-geht-neue-Massstaebe-Experten-sagen.jpg","keywords":["Anne","Conversation","dass","die","Experten","geht","Hathaway","Ihr","intelligentes","Jahr","K\u00fccheninsel","Ma\u00dfst\u00e4be","Neue","sagen","SeatingDesign","setzen","Trends","von","wird"],"articleSection":["Haus &amp; Garten"],"inLanguage":"de"},{"@type":"WebPage","@id":"https:\/\/www.strassenweb.de\/nachrichten\/die-kuecheninsel-von-anne-hathaway-geht-neue-massstaebe-experten-sagen-dass-ihr-intelligentes-conversation-seating-design-im-jahr-2026-trends-setzen-wird\/","url":"https:\/\/www.strassenweb.de\/nachrichten\/die-kuecheninsel-von-anne-hathaway-geht-neue-massstaebe-experten-sagen-dass-ihr-intelligentes-conversation-seating-design-im-jahr-2026-trends-setzen-wird\/","name":"Die K\u00fccheninsel von Anne Hathaway geht neue Ma\u00dfst\u00e4be: Experten sagen, dass ihr intelligentes \u201eConversation Seating\u201c-Design im Jahr 2026 Trends setzen wird - Nachrichten - Stra\u00dfenweb","isPartOf":{"@id":"https:\/\/www.strassenweb.de\/nachrichten\/#website"},"primaryImageOfPage":{"@id":"https:\/\/www.strassenweb.de\/nachrichten\/die-kuecheninsel-von-anne-hathaway-geht-neue-massstaebe-experten-sagen-dass-ihr-intelligentes-conversation-seating-design-im-jahr-2026-trends-setzen-wird\/#primaryimage"},"image":{"@id":"https:\/\/www.strassenweb.de\/nachrichten\/die-kuecheninsel-von-anne-hathaway-geht-neue-massstaebe-experten-sagen-dass-ihr-intelligentes-conversation-seating-design-im-jahr-2026-trends-setzen-wird\/#primaryimage"},"thumbnailUrl":"https:\/\/www.strassenweb.de\/nachrichten\/wp-content\/uploads\/2025\/10\/Die-Kuecheninsel-von-Anne-Hathaway-geht-neue-Massstaebe-Experten-sagen.jpg","datePublished":"2025-10-31T02:39:15+00:00","dateModified":"2025-10-31T02:39:16+00:00","breadcrumb":{"@id":"https:\/\/www.strassenweb.de\/nachrichten\/die-kuecheninsel-von-anne-hathaway-geht-neue-massstaebe-experten-sagen-dass-ihr-intelligentes-conversation-seating-design-im-jahr-2026-trends-setzen-wird\/#breadcrumb"},"inLanguage":"de","potentialAction":[{"@type":"ReadAction","target":["https:\/\/www.strassenweb.de\/nachrichten\/die-kuecheninsel-von-anne-hathaway-geht-neue-massstaebe-experten-sagen-dass-ihr-intelligentes-conversation-seating-design-im-jahr-2026-trends-setzen-wird\/"]}]},{"@type":"ImageObject","inLanguage":"de","@id":"https:\/\/www.strassenweb.de\/nachrichten\/die-kuecheninsel-von-anne-hathaway-geht-neue-massstaebe-experten-sagen-dass-ihr-intelligentes-conversation-seating-design-im-jahr-2026-trends-setzen-wird\/#primaryimage","url":"https:\/\/www.strassenweb.de\/nachrichten\/wp-content\/uploads\/2025\/10\/Die-Kuecheninsel-von-Anne-Hathaway-geht-neue-Massstaebe-Experten-sagen.jpg","contentUrl":"https:\/\/www.strassenweb.de\/nachrichten\/wp-content\/uploads\/2025\/10\/Die-Kuecheninsel-von-Anne-Hathaway-geht-neue-Massstaebe-Experten-sagen.jpg","width":2560,"height":1440,"caption":"Die K\u00fccheninsel von Anne Hathaway geht neue Ma\u00dfst\u00e4be: Experten sagen, dass ihr intelligentes \u201eConversation Seating\u201c-Design im Jahr 2026 Trends setzen wird"},{"@type":"BreadcrumbList","@id":"https:\/\/www.strassenweb.de\/nachrichten\/die-kuecheninsel-von-anne-hathaway-geht-neue-massstaebe-experten-sagen-dass-ihr-intelligentes-conversation-seating-design-im-jahr-2026-trends-setzen-wird\/#breadcrumb","itemListElement":[{"@type":"ListItem","position":1,"name":"Home","item":"https:\/\/www.strassenweb.de\/nachrichten\/"},{"@type":"ListItem","position":2,"name":"Die K\u00fccheninsel von Anne Hathaway geht neue Ma\u00dfst\u00e4be: Experten sagen, dass ihr intelligentes \u201eConversation Seating\u201c-Design im Jahr 2026 Trends setzen wird"}]},{"@type":"WebSite","@id":"https:\/\/www.strassenweb.de\/nachrichten\/#website","url":"https:\/\/www.strassenweb.de\/nachrichten\/","name":"Stra\u00dfenweb","description":"Stra\u00dfenverzeichnis f\u00fcr Deutschland","publisher":{"@id":"https:\/\/www.strassenweb.de\/nachrichten\/#organization"},"potentialAction":[{"@type":"SearchAction","target":{"@type":"EntryPoint","urlTemplate":"https:\/\/www.strassenweb.de\/nachrichten\/?s={search_term_string}"},"query-input":{"@type":"PropertyValueSpecification","valueRequired":true,"valueName":"search_term_string"}}],"inLanguage":"de"},{"@type":"Organization","@id":"https:\/\/www.strassenweb.de\/nachrichten\/#organization","name":"Stra\u00dfenweb","url":"https:\/\/www.strassenweb.de\/nachrichten\/","logo":{"@type":"ImageObject","inLanguage":"de","@id":"https:\/\/www.strassenweb.de\/nachrichten\/#\/schema\/logo\/image\/","url":"https:\/\/www.strassenweb.de\/nachrichten\/wp-content\/uploads\/2024\/09\/cropped-favicon.png","contentUrl":"https:\/\/www.strassenweb.de\/nachrichten\/wp-content\/uploads\/2024\/09\/cropped-favicon.png","width":512,"height":512,"caption":"Stra\u00dfenweb"},"image":{"@id":"https:\/\/www.strassenweb.de\/nachrichten\/#\/schema\/logo\/image\/"},"sameAs":["https:\/\/www.facebook.com\/strassenweb\/"]},{"@type":"Person","@id":"https:\/\/www.strassenweb.de\/nachrichten\/#\/schema\/person\/87c9c9067f1211da429a744dc5a5aa41","name":"Robert Hoffmann","image":{"@type":"ImageObject","inLanguage":"de","@id":"https:\/\/www.strassenweb.de\/nachrichten\/wp-content\/uploads\/2024\/09\/strassenweb-150x150.jpg","url":"https:\/\/www.strassenweb.de\/nachrichten\/wp-content\/uploads\/2024\/09\/strassenweb-150x150.jpg","contentUrl":"https:\/\/www.strassenweb.de\/nachrichten\/wp-content\/uploads\/2024\/09\/strassenweb-150x150.jpg","caption":"Robert Hoffmann"},"description":"Ich hei\u00dfe Robert Hoffmann und ich bin ein leidenschaftlicher Verfechter von \u00d6kologie und Biodiversit\u00e4t. Seit meiner Kindheit in den W\u00e4ldern Bayerns f\u00fchle ich mich mit der Natur verbunden und bin entschlossen, sie zu sch\u00fctzen. Heute widme ich mein Leben der Sensibilisierung anderer f\u00fcr die Bedeutung des Umweltschutzes f\u00fcr zuk\u00fcnftige Generationen.","sameAs":["https:\/\/www.strassenweb.de\/"]}]}},"_links":{"self":[{"href":"https:\/\/www.strassenweb.de\/nachrichten\/wp-json\/wp\/v2\/posts\/8912","targetHints":{"allow":["GET"]}}],"collection":[{"href":"https:\/\/www.strassenweb.de\/nachrichten\/wp-json\/wp\/v2\/posts"}],"about":[{"href":"https:\/\/www.strassenweb.de\/nachrichten\/wp-json\/wp\/v2\/types\/post"}],"author":[{"embeddable":true,"href":"https:\/\/www.strassenweb.de\/nachrichten\/wp-json\/wp\/v2\/users\/1"}],"replies":[{"embeddable":true,"href":"https:\/\/www.strassenweb.de\/nachrichten\/wp-json\/wp\/v2\/comments?post=8912"}],"version-history":[{"count":0,"href":"https:\/\/www.strassenweb.de\/nachrichten\/wp-json\/wp\/v2\/posts\/8912\/revisions"}],"wp:featuredmedia":[{"embeddable":true,"href":"https:\/\/www.strassenweb.de\/nachrichten\/wp-json\/wp\/v2\/media\/8913"}],"wp:attachment":[{"href":"https:\/\/www.strassenweb.de\/nachrichten\/wp-json\/wp\/v2\/media?parent=8912"}],"wp:term":[{"taxonomy":"category","embeddable":true,"href":"https:\/\/www.strassenweb.de\/nachrichten\/wp-json\/wp\/v2\/categories?post=8912"},{"taxonomy":"post_tag","embeddable":true,"href":"https:\/\/www.strassenweb.de\/nachrichten\/wp-json\/wp\/v2\/tags?post=8912"}],"curies":[{"name":"wp","href":"https:\/\/api.w.org\/{rel}","templated":true}]}}