{"id":8906,"date":"2025-10-30T21:39:25","date_gmt":"2025-10-30T20:39:25","guid":{"rendered":"https:\/\/www.strassenweb.de\/nachrichten\/wie-gisele-buendchens-kontrastreiche-kuecheninsel-gewoehnliche-materialien-in-ein-dramatisches-statement-anspruchsvollen-designs-verwandelt\/"},"modified":"2025-10-30T21:39:28","modified_gmt":"2025-10-30T20:39:28","slug":"wie-gisele-buendchens-kontrastreiche-kuecheninsel-gewoehnliche-materialien-in-ein-dramatisches-statement-anspruchsvollen-designs-verwandelt","status":"publish","type":"post","link":"https:\/\/www.strassenweb.de\/nachrichten\/wie-gisele-buendchens-kontrastreiche-kuecheninsel-gewoehnliche-materialien-in-ein-dramatisches-statement-anspruchsvollen-designs-verwandelt\/","title":{"rendered":"Wie Gisele B\u00fcndchens kontrastreiche K\u00fccheninsel gew\u00f6hnliche Materialien in ein dramatisches Statement anspruchsvollen Designs verwandelt"},"content":{"rendered":"<p><\/p>\n<div id=\"article-body\" class=\"article__body \">\n<p id=\"32794892-8746-4b01-830d-361a0462e35d\">Wenn Naturholzschr\u00e4nke eine bekannte Stilikone sind, dann ist eine Naturholzinsel ihr weniger bekanntes Gegenst\u00fcck. Es ist eine fantastische M\u00f6glichkeit, die Eleganz von Naturholz hervorzuheben, mit dem zus\u00e4tzlichen Vorteil, dass Sie in engeren Kontakt mit der Arbeitsplatte kommen. Im Haus von Gisele B\u00fcndchen kommt dieses oft \u00fcbersehene Merkmal zum Vorschein.<\/p>\n<div id=\"ad-unit-1\" class=\"ad-unit\"><\/div>\n<p>Die K\u00fcche des Modells ist eine friedliche Oase aus dunklem Naturholz mit frischen wei\u00dfen Akzenten. Zeitgen\u00f6ssische Pendelleuchten (\u00e4hnlich denen von Wayfair) h\u00e4ngen \u00fcber der Mitte des Raumes und erhellen die Arbeitsplatten aus gl\u00e4nzend wei\u00dfem Marmor. Edelstahlbeschl\u00e4ge spiegeln die moderne Atmosph\u00e4re des Raums wider. Auf der K\u00fccheninsel bietet dunkles, mattes Holz einen atemberaubenden Kontrast zur wei\u00dfen Arbeitsplatte.<\/p>\n<aside data-block-type=\"embed\" data-render-type=\"fte\" data-skip=\"dealsy\" data-widget-type=\"seasonal\" class=\"hawk-root\"><\/aside>\n<div class=\"van_vid_carousel\">\n<div class=\"van_vid_carousel__padding\">\n<div class=\"van_vid_carousel__container\"><\/div>\n<\/div>\n<\/div>\n<p class=\"paywall\" aria-hidden=\"true\">\u201eDie Mischung ist faszinierend und klassisch zugleich.\u201c \u201eDieser kontrastreiche Look wird sich in den n\u00e4chsten Jahren mit Sicherheit zu einem gro\u00dfen Trend im Innendesign entwickeln, da wir auf die Verwendung nat\u00fcrlicherer Materialien setzen\u201c, f\u00e4hrt sie fort.<\/p>\n<div id=\"ad-unit-2\" class=\"ad-unit\"><\/div>\n<div class=\"instagram-embed\" id=\"C53aIIdg_P0\">\n<blockquote class=\"instagram-media\" data-instgrm-captioned data-instgrm-version=\"6\" style=\"width:99.375%; width:-webkit-calc(100% - 2px); width:calc(100% - 2px);\">\n<p>Ein Beitrag geteilt von Gisele B\u00fcndchen (@gisele)<\/p>\n<p>Ein Foto gepostet von am <\/p>\n<\/blockquote>\n<\/div>\n<h2 id=\"shop-the-gisele-inspired-kitchen-edit-3\">Kaufen Sie die von Gisele inspirierte K\u00fcchenauswahl<\/h2>\n<p id=\"8f9bd8cb-ae0d-415d-8add-f2ae1aa17d60\">Bevor Sie sich f\u00fcr K\u00fcchenschr\u00e4nke aus reinem Naturholz entscheiden, sollten Sie die \u00c4sthetik mit einigen sorgf\u00e4ltig ausgew\u00e4hlten Akzenten auf der Arbeitsplatte aus Holz ausprobieren. Eine sch\u00f6ne dunkle Holzschale wie die folgende bietet die Vorteile dieses Materials ohne langfristige Bindung.<\/p>\n<p>Giseles Look kann man sich auch mit kompliziertem Porzellan gefallen lassen, \u00e4hnlich den Sch\u00fcsseln, die sie zum Aufbewahren von Zutaten beim Kochen verwendet.<\/p>\n<div class=\"product-container hero-product-container product-block-no-wrap\">\n<div class=\"product-block-row\"><\/div>\n<div class=\"product-block-row\"><\/div>\n<div class=\"product-block-row\"><\/div>\n<\/div>\n<p id=\"c60f194a-bb51-4d09-b617-d604f82d77f0\">\u00dcber die Farben hinaus erzeugt der Unterschied in den Materialien selbst ein \u00fcberzeugendes visuelles Interesse. \u201eIm Innenbereich ist derzeit ein sp\u00fcrbarer Trend hin zu nat\u00fcrlicheren Materialien und erdbezogenen Farbt\u00f6nen zu beobachten\u201c, sagt Greg Roth, Innenarchitekt und Architekt aus Kalifornien. Da die Herbstsaison eine tiefere Verbindung zur Natur f\u00f6rdert, erscheint dieser Trend besonders aktuell.<\/p>\n<div id=\"slice-container-newsletterForm-articleInbodyContent-sWLVUemsJMDgPhq6A3QNw\" class=\"slice-container newsletter-inbodyContent-slice newsletterForm-articleInbodyContent-sWLVUemsJMDgPhq6A3QNw slice-container-newsletterForm\"><\/div>\n<p>Er f\u00e4hrt fort: \u201eW\u00e4hrend uns die fein verflochtene Beziehung des Menschen zur Natur immer deutlicher wird, wird unser Drang, unsere Bindung zu Mutter Erde zu st\u00e4rken \u2013 die Verantwortung f\u00fcr ihre F\u00fcrsorge und Verwaltung zu \u00fcbernehmen \u2013 immer st\u00e4rker.\u201c Wir sehen dies in B\u00fcndchens K\u00fcche mit der erdenden Pr\u00e4senz von Naturholz und grauem Marmor widergespiegelt.<\/p>\n<figure class=\"van-image-figure inline-layout \" data-bordeaux-image-check id=\"7a1b8e81-e35c-4877-be20-7226bf531446\">\n<div class=\"image-full-width-wrapper\">\n<div class=\"image-widthsetter\" style=\"max-width:2000px;\"><\/div>\n<\/div><figcaption class=\"inline-layout \">\n<div class=\"caption-text\">\n<p>Eine Insel \u00e4hnlich der in B\u00fcndchens Raum.<\/p>\n<\/div>\n<\/figcaption><\/figure>\n<p id=\"f6a987c5-8f11-4235-9b99-5ff63b75813c\">\u201eDas Zusammenspiel nat\u00fcrlicher Texturen und erdiger Farben in dieser K\u00fcche erinnert an die wohlige W\u00e4rme einer sonnendurchfluteten Landschaft und sorgt f\u00fcr ein Interieur, das uns nicht nur einl\u00e4dt, sondern uns auch in der Gro\u00dfz\u00fcgigkeit der Ressourcen von Mutter Natur verankert\u201c, f\u00fcgt Greg hinzu.<\/p>\n<p>Dies ist besonders willkommen, da wir bei den k\u00fchlen Temperaturen im Herbst und Winter gem\u00fctliche R\u00fcckzugsorte in Innenr\u00e4umen suchen. Da diese Materialien immer beliebter werden, sind K\u00fccheninseln wie die von B\u00fcndchen auf dem besten Weg, ein gro\u00dfer K\u00fccheninsel-Trend zu werden. Werden Sie diesem Beispiel folgen?<\/p>\n<div class=\"min-h-(270px) mb-4 viafoura-twig-component\" id=\"viafoura-engagement-starter-wrapper\" data-component-name=\"Elk:Embed:EngagementStarter\">\n<div class=\"viafoura\">\n<div>\n<vf-conversation-starter target=\"viafoura-comments\" minimum-comment-count=\"1\"><br \/>\n<\/vf-conversation-starter>\n<\/div>\n<\/div>\n<\/div>\n<hr id=\"3b237adb-3d51-49d6-ada2-120ad5b7f53d\">\n<div class=\"block\" id=\"articleTag\" data-component-name=\"PostArticleLinks\">\n<div class=\"border-b border-b-black border-solid py-2.5 text-black font-bold uppercase\">THEMEN<\/div>\n<nav class=\"py-2.5 flex gap-2.5 flex-wrap\" data-analytics-id=\"article-tag\">\n<p>Gisele B\u00fcndchen<\/p>\n<\/nav>\n<\/div>\n<\/div>\n<p><script async src=\"\/\/www.instagram.com\/embed.js\"><\/script><\/p>\n","protected":false},"excerpt":{"rendered":"<p>Wenn Naturholzschr\u00e4nke eine bekannte Stilikone sind, dann ist eine Naturholzinsel ihr weniger bekanntes Gegenst\u00fcck. Es ist eine fantastische M\u00f6glichkeit, die Eleganz von Naturholz hervorzuheben, mit<\/p>\n","protected":false},"author":1,"featured_media":8907,"comment_status":"closed","ping_status":"","sticky":false,"template":"","format":"standard","meta":{"footnotes":""},"categories":[118],"tags":[213,11238,3498,7438,43,9916,2584,11239,3392,5548,1250,662,26],"class_list":["post-8906","post","type-post","status-publish","format-standard","has-post-thumbnail","hentry","category-haus-garten","tag-anspruchsvollen","tag-buendchens","tag-designs","tag-dramatisches","tag-ein","tag-gewoehnliche","tag-gisele","tag-kontrastreiche","tag-kuecheninsel","tag-materialien","tag-statement","tag-verwandelt","tag-wie","generate-columns","tablet-grid-50","mobile-grid-100","grid-parent","grid-50"],"yoast_head":"<!-- This site is optimized with the Yoast SEO plugin v27.3 - https:\/\/yoast.com\/product\/yoast-seo-wordpress\/ -->\n<title>Wie Gisele B\u00fcndchens kontrastreiche K\u00fccheninsel gew\u00f6hnliche Materialien in ein dramatisches Statement anspruchsvollen Designs verwandelt - Nachrichten - Stra\u00dfenweb<\/title>\n<meta name=\"robots\" content=\"index, follow, max-snippet:-1, max-image-preview:large, max-video-preview:-1\" \/>\n<link rel=\"canonical\" href=\"https:\/\/www.strassenweb.de\/nachrichten\/wie-gisele-buendchens-kontrastreiche-kuecheninsel-gewoehnliche-materialien-in-ein-dramatisches-statement-anspruchsvollen-designs-verwandelt\/\" \/>\n<meta property=\"og:locale\" content=\"de_DE\" \/>\n<meta property=\"og:type\" content=\"article\" \/>\n<meta property=\"og:title\" content=\"Wie Gisele B\u00fcndchens kontrastreiche K\u00fccheninsel gew\u00f6hnliche Materialien in ein dramatisches Statement anspruchsvollen Designs verwandelt - Nachrichten - Stra\u00dfenweb\" \/>\n<meta property=\"og:description\" content=\"Wenn Naturholzschr\u00e4nke eine bekannte Stilikone sind, dann ist eine Naturholzinsel ihr weniger bekanntes Gegenst\u00fcck. Es ist eine fantastische M\u00f6glichkeit, die Eleganz von Naturholz hervorzuheben, mit\" \/>\n<meta property=\"og:url\" content=\"https:\/\/www.strassenweb.de\/nachrichten\/wie-gisele-buendchens-kontrastreiche-kuecheninsel-gewoehnliche-materialien-in-ein-dramatisches-statement-anspruchsvollen-designs-verwandelt\/\" \/>\n<meta property=\"og:site_name\" content=\"Stra\u00dfenweb\" \/>\n<meta property=\"article:publisher\" content=\"https:\/\/www.facebook.com\/strassenweb\/\" \/>\n<meta property=\"article:published_time\" content=\"2025-10-30T20:39:25+00:00\" \/>\n<meta property=\"article:modified_time\" content=\"2025-10-30T20:39:28+00:00\" \/>\n<meta property=\"og:image\" content=\"https:\/\/www.strassenweb.de\/nachrichten\/wp-content\/uploads\/2025\/10\/Wie-Gisele-Buendchens-kontrastreiche-Kuecheninsel-gewoehnliche-Materialien-in-ein-dramatisches-1024x576.png\" \/>\n\t<meta property=\"og:image:width\" content=\"1024\" \/>\n\t<meta property=\"og:image:height\" content=\"576\" \/>\n\t<meta property=\"og:image:type\" content=\"image\/png\" \/>\n<meta name=\"author\" content=\"Robert Hoffmann\" \/>\n<meta name=\"twitter:card\" content=\"summary_large_image\" \/>\n<meta name=\"twitter:label1\" content=\"Verfasst von\" \/>\n\t<meta name=\"twitter:data1\" content=\"Robert Hoffmann\" \/>\n\t<meta name=\"twitter:label2\" content=\"Gesch\u00e4tzte Lesezeit\" \/>\n\t<meta name=\"twitter:data2\" content=\"2\u00a0Minuten\" \/>\n<script type=\"application\/ld+json\" class=\"yoast-schema-graph\">{\"@context\":\"https:\\\/\\\/schema.org\",\"@graph\":[{\"@type\":\"Article\",\"@id\":\"https:\\\/\\\/www.strassenweb.de\\\/nachrichten\\\/wie-gisele-buendchens-kontrastreiche-kuecheninsel-gewoehnliche-materialien-in-ein-dramatisches-statement-anspruchsvollen-designs-verwandelt\\\/#article\",\"isPartOf\":{\"@id\":\"https:\\\/\\\/www.strassenweb.de\\\/nachrichten\\\/wie-gisele-buendchens-kontrastreiche-kuecheninsel-gewoehnliche-materialien-in-ein-dramatisches-statement-anspruchsvollen-designs-verwandelt\\\/\"},\"author\":{\"name\":\"Robert Hoffmann\",\"@id\":\"https:\\\/\\\/www.strassenweb.de\\\/nachrichten\\\/#\\\/schema\\\/person\\\/87c9c9067f1211da429a744dc5a5aa41\"},\"headline\":\"Wie Gisele B\u00fcndchens kontrastreiche K\u00fccheninsel gew\u00f6hnliche Materialien in ein dramatisches Statement anspruchsvollen Designs verwandelt\",\"datePublished\":\"2025-10-30T20:39:25+00:00\",\"dateModified\":\"2025-10-30T20:39:28+00:00\",\"mainEntityOfPage\":{\"@id\":\"https:\\\/\\\/www.strassenweb.de\\\/nachrichten\\\/wie-gisele-buendchens-kontrastreiche-kuecheninsel-gewoehnliche-materialien-in-ein-dramatisches-statement-anspruchsvollen-designs-verwandelt\\\/\"},\"wordCount\":502,\"publisher\":{\"@id\":\"https:\\\/\\\/www.strassenweb.de\\\/nachrichten\\\/#organization\"},\"image\":{\"@id\":\"https:\\\/\\\/www.strassenweb.de\\\/nachrichten\\\/wie-gisele-buendchens-kontrastreiche-kuecheninsel-gewoehnliche-materialien-in-ein-dramatisches-statement-anspruchsvollen-designs-verwandelt\\\/#primaryimage\"},\"thumbnailUrl\":\"https:\\\/\\\/www.strassenweb.de\\\/nachrichten\\\/wp-content\\\/uploads\\\/2025\\\/10\\\/Wie-Gisele-Buendchens-kontrastreiche-Kuecheninsel-gewoehnliche-Materialien-in-ein-dramatisches.png\",\"keywords\":[\"anspruchsvollen\",\"B\u00fcndchens\",\"Designs\",\"dramatisches\",\"ein\",\"gew\u00f6hnliche\",\"Gisele\",\"kontrastreiche\",\"K\u00fccheninsel\",\"Materialien\",\"Statement\",\"verwandelt\",\"Wie\"],\"articleSection\":[\"Haus &amp; Garten\"],\"inLanguage\":\"de\"},{\"@type\":\"WebPage\",\"@id\":\"https:\\\/\\\/www.strassenweb.de\\\/nachrichten\\\/wie-gisele-buendchens-kontrastreiche-kuecheninsel-gewoehnliche-materialien-in-ein-dramatisches-statement-anspruchsvollen-designs-verwandelt\\\/\",\"url\":\"https:\\\/\\\/www.strassenweb.de\\\/nachrichten\\\/wie-gisele-buendchens-kontrastreiche-kuecheninsel-gewoehnliche-materialien-in-ein-dramatisches-statement-anspruchsvollen-designs-verwandelt\\\/\",\"name\":\"Wie Gisele B\u00fcndchens kontrastreiche K\u00fccheninsel gew\u00f6hnliche Materialien in ein dramatisches Statement anspruchsvollen Designs verwandelt - Nachrichten - Stra\u00dfenweb\",\"isPartOf\":{\"@id\":\"https:\\\/\\\/www.strassenweb.de\\\/nachrichten\\\/#website\"},\"primaryImageOfPage\":{\"@id\":\"https:\\\/\\\/www.strassenweb.de\\\/nachrichten\\\/wie-gisele-buendchens-kontrastreiche-kuecheninsel-gewoehnliche-materialien-in-ein-dramatisches-statement-anspruchsvollen-designs-verwandelt\\\/#primaryimage\"},\"image\":{\"@id\":\"https:\\\/\\\/www.strassenweb.de\\\/nachrichten\\\/wie-gisele-buendchens-kontrastreiche-kuecheninsel-gewoehnliche-materialien-in-ein-dramatisches-statement-anspruchsvollen-designs-verwandelt\\\/#primaryimage\"},\"thumbnailUrl\":\"https:\\\/\\\/www.strassenweb.de\\\/nachrichten\\\/wp-content\\\/uploads\\\/2025\\\/10\\\/Wie-Gisele-Buendchens-kontrastreiche-Kuecheninsel-gewoehnliche-Materialien-in-ein-dramatisches.png\",\"datePublished\":\"2025-10-30T20:39:25+00:00\",\"dateModified\":\"2025-10-30T20:39:28+00:00\",\"breadcrumb\":{\"@id\":\"https:\\\/\\\/www.strassenweb.de\\\/nachrichten\\\/wie-gisele-buendchens-kontrastreiche-kuecheninsel-gewoehnliche-materialien-in-ein-dramatisches-statement-anspruchsvollen-designs-verwandelt\\\/#breadcrumb\"},\"inLanguage\":\"de\",\"potentialAction\":[{\"@type\":\"ReadAction\",\"target\":[\"https:\\\/\\\/www.strassenweb.de\\\/nachrichten\\\/wie-gisele-buendchens-kontrastreiche-kuecheninsel-gewoehnliche-materialien-in-ein-dramatisches-statement-anspruchsvollen-designs-verwandelt\\\/\"]}]},{\"@type\":\"ImageObject\",\"inLanguage\":\"de\",\"@id\":\"https:\\\/\\\/www.strassenweb.de\\\/nachrichten\\\/wie-gisele-buendchens-kontrastreiche-kuecheninsel-gewoehnliche-materialien-in-ein-dramatisches-statement-anspruchsvollen-designs-verwandelt\\\/#primaryimage\",\"url\":\"https:\\\/\\\/www.strassenweb.de\\\/nachrichten\\\/wp-content\\\/uploads\\\/2025\\\/10\\\/Wie-Gisele-Buendchens-kontrastreiche-Kuecheninsel-gewoehnliche-Materialien-in-ein-dramatisches.png\",\"contentUrl\":\"https:\\\/\\\/www.strassenweb.de\\\/nachrichten\\\/wp-content\\\/uploads\\\/2025\\\/10\\\/Wie-Gisele-Buendchens-kontrastreiche-Kuecheninsel-gewoehnliche-Materialien-in-ein-dramatisches.png\",\"width\":1600,\"height\":900,\"caption\":\"Gisele B\u00fcndchen\"},{\"@type\":\"BreadcrumbList\",\"@id\":\"https:\\\/\\\/www.strassenweb.de\\\/nachrichten\\\/wie-gisele-buendchens-kontrastreiche-kuecheninsel-gewoehnliche-materialien-in-ein-dramatisches-statement-anspruchsvollen-designs-verwandelt\\\/#breadcrumb\",\"itemListElement\":[{\"@type\":\"ListItem\",\"position\":1,\"name\":\"Home\",\"item\":\"https:\\\/\\\/www.strassenweb.de\\\/nachrichten\\\/\"},{\"@type\":\"ListItem\",\"position\":2,\"name\":\"Wie Gisele B\u00fcndchens kontrastreiche K\u00fccheninsel gew\u00f6hnliche Materialien in ein dramatisches Statement anspruchsvollen Designs verwandelt\"}]},{\"@type\":\"WebSite\",\"@id\":\"https:\\\/\\\/www.strassenweb.de\\\/nachrichten\\\/#website\",\"url\":\"https:\\\/\\\/www.strassenweb.de\\\/nachrichten\\\/\",\"name\":\"Stra\u00dfenweb\",\"description\":\"Stra\u00dfenverzeichnis f\u00fcr Deutschland\",\"publisher\":{\"@id\":\"https:\\\/\\\/www.strassenweb.de\\\/nachrichten\\\/#organization\"},\"potentialAction\":[{\"@type\":\"SearchAction\",\"target\":{\"@type\":\"EntryPoint\",\"urlTemplate\":\"https:\\\/\\\/www.strassenweb.de\\\/nachrichten\\\/?s={search_term_string}\"},\"query-input\":{\"@type\":\"PropertyValueSpecification\",\"valueRequired\":true,\"valueName\":\"search_term_string\"}}],\"inLanguage\":\"de\"},{\"@type\":\"Organization\",\"@id\":\"https:\\\/\\\/www.strassenweb.de\\\/nachrichten\\\/#organization\",\"name\":\"Stra\u00dfenweb\",\"url\":\"https:\\\/\\\/www.strassenweb.de\\\/nachrichten\\\/\",\"logo\":{\"@type\":\"ImageObject\",\"inLanguage\":\"de\",\"@id\":\"https:\\\/\\\/www.strassenweb.de\\\/nachrichten\\\/#\\\/schema\\\/logo\\\/image\\\/\",\"url\":\"https:\\\/\\\/www.strassenweb.de\\\/nachrichten\\\/wp-content\\\/uploads\\\/2024\\\/09\\\/cropped-favicon.png\",\"contentUrl\":\"https:\\\/\\\/www.strassenweb.de\\\/nachrichten\\\/wp-content\\\/uploads\\\/2024\\\/09\\\/cropped-favicon.png\",\"width\":512,\"height\":512,\"caption\":\"Stra\u00dfenweb\"},\"image\":{\"@id\":\"https:\\\/\\\/www.strassenweb.de\\\/nachrichten\\\/#\\\/schema\\\/logo\\\/image\\\/\"},\"sameAs\":[\"https:\\\/\\\/www.facebook.com\\\/strassenweb\\\/\"]},{\"@type\":\"Person\",\"@id\":\"https:\\\/\\\/www.strassenweb.de\\\/nachrichten\\\/#\\\/schema\\\/person\\\/87c9c9067f1211da429a744dc5a5aa41\",\"name\":\"Robert Hoffmann\",\"image\":{\"@type\":\"ImageObject\",\"inLanguage\":\"de\",\"@id\":\"https:\\\/\\\/www.strassenweb.de\\\/nachrichten\\\/wp-content\\\/uploads\\\/2024\\\/09\\\/strassenweb-150x150.jpg\",\"url\":\"https:\\\/\\\/www.strassenweb.de\\\/nachrichten\\\/wp-content\\\/uploads\\\/2024\\\/09\\\/strassenweb-150x150.jpg\",\"contentUrl\":\"https:\\\/\\\/www.strassenweb.de\\\/nachrichten\\\/wp-content\\\/uploads\\\/2024\\\/09\\\/strassenweb-150x150.jpg\",\"caption\":\"Robert Hoffmann\"},\"description\":\"Ich hei\u00dfe Robert Hoffmann und ich bin ein leidenschaftlicher Verfechter von \u00d6kologie und Biodiversit\u00e4t. Seit meiner Kindheit in den W\u00e4ldern Bayerns f\u00fchle ich mich mit der Natur verbunden und bin entschlossen, sie zu sch\u00fctzen. Heute widme ich mein Leben der Sensibilisierung anderer f\u00fcr die Bedeutung des Umweltschutzes f\u00fcr zuk\u00fcnftige Generationen.\",\"sameAs\":[\"https:\\\/\\\/www.strassenweb.de\\\/\"]}]}<\/script>\n<!-- \/ Yoast SEO plugin. -->","yoast_head_json":{"title":"Wie Gisele B\u00fcndchens kontrastreiche K\u00fccheninsel gew\u00f6hnliche Materialien in ein dramatisches Statement anspruchsvollen Designs verwandelt - Nachrichten - Stra\u00dfenweb","robots":{"index":"index","follow":"follow","max-snippet":"max-snippet:-1","max-image-preview":"max-image-preview:large","max-video-preview":"max-video-preview:-1"},"canonical":"https:\/\/www.strassenweb.de\/nachrichten\/wie-gisele-buendchens-kontrastreiche-kuecheninsel-gewoehnliche-materialien-in-ein-dramatisches-statement-anspruchsvollen-designs-verwandelt\/","og_locale":"de_DE","og_type":"article","og_title":"Wie Gisele B\u00fcndchens kontrastreiche K\u00fccheninsel gew\u00f6hnliche Materialien in ein dramatisches Statement anspruchsvollen Designs verwandelt - Nachrichten - Stra\u00dfenweb","og_description":"Wenn Naturholzschr\u00e4nke eine bekannte Stilikone sind, dann ist eine Naturholzinsel ihr weniger bekanntes Gegenst\u00fcck. Es ist eine fantastische M\u00f6glichkeit, die Eleganz von Naturholz hervorzuheben, mit","og_url":"https:\/\/www.strassenweb.de\/nachrichten\/wie-gisele-buendchens-kontrastreiche-kuecheninsel-gewoehnliche-materialien-in-ein-dramatisches-statement-anspruchsvollen-designs-verwandelt\/","og_site_name":"Stra\u00dfenweb","article_publisher":"https:\/\/www.facebook.com\/strassenweb\/","article_published_time":"2025-10-30T20:39:25+00:00","article_modified_time":"2025-10-30T20:39:28+00:00","og_image":[{"width":1024,"height":576,"url":"https:\/\/www.strassenweb.de\/nachrichten\/wp-content\/uploads\/2025\/10\/Wie-Gisele-Buendchens-kontrastreiche-Kuecheninsel-gewoehnliche-Materialien-in-ein-dramatisches-1024x576.png","type":"image\/png"}],"author":"Robert Hoffmann","twitter_card":"summary_large_image","twitter_misc":{"Verfasst von":"Robert Hoffmann","Gesch\u00e4tzte Lesezeit":"2\u00a0Minuten"},"schema":{"@context":"https:\/\/schema.org","@graph":[{"@type":"Article","@id":"https:\/\/www.strassenweb.de\/nachrichten\/wie-gisele-buendchens-kontrastreiche-kuecheninsel-gewoehnliche-materialien-in-ein-dramatisches-statement-anspruchsvollen-designs-verwandelt\/#article","isPartOf":{"@id":"https:\/\/www.strassenweb.de\/nachrichten\/wie-gisele-buendchens-kontrastreiche-kuecheninsel-gewoehnliche-materialien-in-ein-dramatisches-statement-anspruchsvollen-designs-verwandelt\/"},"author":{"name":"Robert Hoffmann","@id":"https:\/\/www.strassenweb.de\/nachrichten\/#\/schema\/person\/87c9c9067f1211da429a744dc5a5aa41"},"headline":"Wie Gisele B\u00fcndchens kontrastreiche K\u00fccheninsel gew\u00f6hnliche Materialien in ein dramatisches Statement anspruchsvollen Designs verwandelt","datePublished":"2025-10-30T20:39:25+00:00","dateModified":"2025-10-30T20:39:28+00:00","mainEntityOfPage":{"@id":"https:\/\/www.strassenweb.de\/nachrichten\/wie-gisele-buendchens-kontrastreiche-kuecheninsel-gewoehnliche-materialien-in-ein-dramatisches-statement-anspruchsvollen-designs-verwandelt\/"},"wordCount":502,"publisher":{"@id":"https:\/\/www.strassenweb.de\/nachrichten\/#organization"},"image":{"@id":"https:\/\/www.strassenweb.de\/nachrichten\/wie-gisele-buendchens-kontrastreiche-kuecheninsel-gewoehnliche-materialien-in-ein-dramatisches-statement-anspruchsvollen-designs-verwandelt\/#primaryimage"},"thumbnailUrl":"https:\/\/www.strassenweb.de\/nachrichten\/wp-content\/uploads\/2025\/10\/Wie-Gisele-Buendchens-kontrastreiche-Kuecheninsel-gewoehnliche-Materialien-in-ein-dramatisches.png","keywords":["anspruchsvollen","B\u00fcndchens","Designs","dramatisches","ein","gew\u00f6hnliche","Gisele","kontrastreiche","K\u00fccheninsel","Materialien","Statement","verwandelt","Wie"],"articleSection":["Haus &amp; Garten"],"inLanguage":"de"},{"@type":"WebPage","@id":"https:\/\/www.strassenweb.de\/nachrichten\/wie-gisele-buendchens-kontrastreiche-kuecheninsel-gewoehnliche-materialien-in-ein-dramatisches-statement-anspruchsvollen-designs-verwandelt\/","url":"https:\/\/www.strassenweb.de\/nachrichten\/wie-gisele-buendchens-kontrastreiche-kuecheninsel-gewoehnliche-materialien-in-ein-dramatisches-statement-anspruchsvollen-designs-verwandelt\/","name":"Wie Gisele B\u00fcndchens kontrastreiche K\u00fccheninsel gew\u00f6hnliche Materialien in ein dramatisches Statement anspruchsvollen Designs verwandelt - Nachrichten - Stra\u00dfenweb","isPartOf":{"@id":"https:\/\/www.strassenweb.de\/nachrichten\/#website"},"primaryImageOfPage":{"@id":"https:\/\/www.strassenweb.de\/nachrichten\/wie-gisele-buendchens-kontrastreiche-kuecheninsel-gewoehnliche-materialien-in-ein-dramatisches-statement-anspruchsvollen-designs-verwandelt\/#primaryimage"},"image":{"@id":"https:\/\/www.strassenweb.de\/nachrichten\/wie-gisele-buendchens-kontrastreiche-kuecheninsel-gewoehnliche-materialien-in-ein-dramatisches-statement-anspruchsvollen-designs-verwandelt\/#primaryimage"},"thumbnailUrl":"https:\/\/www.strassenweb.de\/nachrichten\/wp-content\/uploads\/2025\/10\/Wie-Gisele-Buendchens-kontrastreiche-Kuecheninsel-gewoehnliche-Materialien-in-ein-dramatisches.png","datePublished":"2025-10-30T20:39:25+00:00","dateModified":"2025-10-30T20:39:28+00:00","breadcrumb":{"@id":"https:\/\/www.strassenweb.de\/nachrichten\/wie-gisele-buendchens-kontrastreiche-kuecheninsel-gewoehnliche-materialien-in-ein-dramatisches-statement-anspruchsvollen-designs-verwandelt\/#breadcrumb"},"inLanguage":"de","potentialAction":[{"@type":"ReadAction","target":["https:\/\/www.strassenweb.de\/nachrichten\/wie-gisele-buendchens-kontrastreiche-kuecheninsel-gewoehnliche-materialien-in-ein-dramatisches-statement-anspruchsvollen-designs-verwandelt\/"]}]},{"@type":"ImageObject","inLanguage":"de","@id":"https:\/\/www.strassenweb.de\/nachrichten\/wie-gisele-buendchens-kontrastreiche-kuecheninsel-gewoehnliche-materialien-in-ein-dramatisches-statement-anspruchsvollen-designs-verwandelt\/#primaryimage","url":"https:\/\/www.strassenweb.de\/nachrichten\/wp-content\/uploads\/2025\/10\/Wie-Gisele-Buendchens-kontrastreiche-Kuecheninsel-gewoehnliche-Materialien-in-ein-dramatisches.png","contentUrl":"https:\/\/www.strassenweb.de\/nachrichten\/wp-content\/uploads\/2025\/10\/Wie-Gisele-Buendchens-kontrastreiche-Kuecheninsel-gewoehnliche-Materialien-in-ein-dramatisches.png","width":1600,"height":900,"caption":"Gisele B\u00fcndchen"},{"@type":"BreadcrumbList","@id":"https:\/\/www.strassenweb.de\/nachrichten\/wie-gisele-buendchens-kontrastreiche-kuecheninsel-gewoehnliche-materialien-in-ein-dramatisches-statement-anspruchsvollen-designs-verwandelt\/#breadcrumb","itemListElement":[{"@type":"ListItem","position":1,"name":"Home","item":"https:\/\/www.strassenweb.de\/nachrichten\/"},{"@type":"ListItem","position":2,"name":"Wie Gisele B\u00fcndchens kontrastreiche K\u00fccheninsel gew\u00f6hnliche Materialien in ein dramatisches Statement anspruchsvollen Designs verwandelt"}]},{"@type":"WebSite","@id":"https:\/\/www.strassenweb.de\/nachrichten\/#website","url":"https:\/\/www.strassenweb.de\/nachrichten\/","name":"Stra\u00dfenweb","description":"Stra\u00dfenverzeichnis f\u00fcr Deutschland","publisher":{"@id":"https:\/\/www.strassenweb.de\/nachrichten\/#organization"},"potentialAction":[{"@type":"SearchAction","target":{"@type":"EntryPoint","urlTemplate":"https:\/\/www.strassenweb.de\/nachrichten\/?s={search_term_string}"},"query-input":{"@type":"PropertyValueSpecification","valueRequired":true,"valueName":"search_term_string"}}],"inLanguage":"de"},{"@type":"Organization","@id":"https:\/\/www.strassenweb.de\/nachrichten\/#organization","name":"Stra\u00dfenweb","url":"https:\/\/www.strassenweb.de\/nachrichten\/","logo":{"@type":"ImageObject","inLanguage":"de","@id":"https:\/\/www.strassenweb.de\/nachrichten\/#\/schema\/logo\/image\/","url":"https:\/\/www.strassenweb.de\/nachrichten\/wp-content\/uploads\/2024\/09\/cropped-favicon.png","contentUrl":"https:\/\/www.strassenweb.de\/nachrichten\/wp-content\/uploads\/2024\/09\/cropped-favicon.png","width":512,"height":512,"caption":"Stra\u00dfenweb"},"image":{"@id":"https:\/\/www.strassenweb.de\/nachrichten\/#\/schema\/logo\/image\/"},"sameAs":["https:\/\/www.facebook.com\/strassenweb\/"]},{"@type":"Person","@id":"https:\/\/www.strassenweb.de\/nachrichten\/#\/schema\/person\/87c9c9067f1211da429a744dc5a5aa41","name":"Robert Hoffmann","image":{"@type":"ImageObject","inLanguage":"de","@id":"https:\/\/www.strassenweb.de\/nachrichten\/wp-content\/uploads\/2024\/09\/strassenweb-150x150.jpg","url":"https:\/\/www.strassenweb.de\/nachrichten\/wp-content\/uploads\/2024\/09\/strassenweb-150x150.jpg","contentUrl":"https:\/\/www.strassenweb.de\/nachrichten\/wp-content\/uploads\/2024\/09\/strassenweb-150x150.jpg","caption":"Robert Hoffmann"},"description":"Ich hei\u00dfe Robert Hoffmann und ich bin ein leidenschaftlicher Verfechter von \u00d6kologie und Biodiversit\u00e4t. Seit meiner Kindheit in den W\u00e4ldern Bayerns f\u00fchle ich mich mit der Natur verbunden und bin entschlossen, sie zu sch\u00fctzen. Heute widme ich mein Leben der Sensibilisierung anderer f\u00fcr die Bedeutung des Umweltschutzes f\u00fcr zuk\u00fcnftige Generationen.","sameAs":["https:\/\/www.strassenweb.de\/"]}]}},"_links":{"self":[{"href":"https:\/\/www.strassenweb.de\/nachrichten\/wp-json\/wp\/v2\/posts\/8906","targetHints":{"allow":["GET"]}}],"collection":[{"href":"https:\/\/www.strassenweb.de\/nachrichten\/wp-json\/wp\/v2\/posts"}],"about":[{"href":"https:\/\/www.strassenweb.de\/nachrichten\/wp-json\/wp\/v2\/types\/post"}],"author":[{"embeddable":true,"href":"https:\/\/www.strassenweb.de\/nachrichten\/wp-json\/wp\/v2\/users\/1"}],"replies":[{"embeddable":true,"href":"https:\/\/www.strassenweb.de\/nachrichten\/wp-json\/wp\/v2\/comments?post=8906"}],"version-history":[{"count":0,"href":"https:\/\/www.strassenweb.de\/nachrichten\/wp-json\/wp\/v2\/posts\/8906\/revisions"}],"wp:featuredmedia":[{"embeddable":true,"href":"https:\/\/www.strassenweb.de\/nachrichten\/wp-json\/wp\/v2\/media\/8907"}],"wp:attachment":[{"href":"https:\/\/www.strassenweb.de\/nachrichten\/wp-json\/wp\/v2\/media?parent=8906"}],"wp:term":[{"taxonomy":"category","embeddable":true,"href":"https:\/\/www.strassenweb.de\/nachrichten\/wp-json\/wp\/v2\/categories?post=8906"},{"taxonomy":"post_tag","embeddable":true,"href":"https:\/\/www.strassenweb.de\/nachrichten\/wp-json\/wp\/v2\/tags?post=8906"}],"curies":[{"name":"wp","href":"https:\/\/api.w.org\/{rel}","templated":true}]}}