{"id":8900,"date":"2025-10-30T18:39:14","date_gmt":"2025-10-30T17:39:14","guid":{"rendered":"https:\/\/www.strassenweb.de\/nachrichten\/keine-traurigen-beige-feiertage-mehr-demi-moores-schlichter-aber-waermender-und-farbenfroher-weihnachtsbaum-bedeutet-eine-rueckkehr-zur-traditionellen-dekoration-fuer-2025\/"},"modified":"2025-10-30T18:39:15","modified_gmt":"2025-10-30T17:39:15","slug":"keine-traurigen-beige-feiertage-mehr-demi-moores-schlichter-aber-waermender-und-farbenfroher-weihnachtsbaum-bedeutet-eine-rueckkehr-zur-traditionellen-dekoration-fuer-2025","status":"publish","type":"post","link":"https:\/\/www.strassenweb.de\/nachrichten\/keine-traurigen-beige-feiertage-mehr-demi-moores-schlichter-aber-waermender-und-farbenfroher-weihnachtsbaum-bedeutet-eine-rueckkehr-zur-traditionellen-dekoration-fuer-2025\/","title":{"rendered":"Keine traurigen beige Feiertage mehr \u2013 Demi Moores schlichter (aber w\u00e4rmender und farbenfroher) Weihnachtsbaum bedeutet eine R\u00fcckkehr zur traditionellen Dekoration f\u00fcr 2025"},"content":{"rendered":"<p><\/p>\n<div id=\"article-body\" class=\"article__body \">\n<p id=\"b86e4ce7-9fdf-4df4-9b25-ebce2c748baf\">Die fr\u00fchen 2020er Jahre standen ganz im Zeichen des Minimalismus. Trends wie ruhiger Luxus, die R\u00fcckkehr von Beige und Boucl\u00e9 setzten sich f\u00fcr helle, unaufdringliche Farben ein und dominierten die Trends bei der Weihnachtsdekoration. Dieses Jahr sind Designbegeisterte bereit f\u00fcr mehr Spannung, W\u00e4rme und Nostalgie. Demi Moores traditioneller Weihnachtsbaum ist ein Vorbote dessen, was noch kommt.<\/p>\n<div id=\"ad-unit-1\" class=\"ad-unit\"><\/div>\n<p>Moores Hauptwohnsitz ist eine Ranch in Hailey, Idaho, die (so wie es aussieht) den klassischen Ranch-Stil vertritt, und es scheint, als h\u00e4tte sie einen Baum ausgew\u00e4hlt, der diesen nostalgischen Americana-Look erg\u00e4nzt. Ein Instagram-Beitrag aus dem Jahr 2024 zeigt Demi, wie sie einem hohen k\u00fcnstlichen Weihnachtsbaum wei\u00dfe Lichter und mundgeblasene Glasornamente hinzuf\u00fcgt. Obwohl das Bild vor fast einem Jahr aufgenommen wurde, deuten aktuelle Trendprognosen darauf hin, dass es seiner Zeit voraus war.<\/p>\n<aside data-block-type=\"embed\" data-render-type=\"fte\" data-skip=\"dealsy\" data-widget-type=\"seasonal\" class=\"hawk-root\"><\/aside>\n<p id=\"b86e4ce7-9fdf-4df4-9b25-ebce2c748baf-2\" class=\"paywall\" aria-hidden=\"true\">Im Wesentlichen drehen sich alle diesj\u00e4hrigen Weihnachtstrends um Nostalgie, was darauf hindeutet, dass die zweite H\u00e4lfte des Jahrzehnts bei Deko-Ideen eher in die Vergangenheit blicken wird. In unseren Social-Media-Feeds dominiert beispielsweise die \u201eRalph-Lauren-\u00c4sthetik\u201c, die den typisch amerikanischen Preppy-Stil des Designers vertritt. Hinzu kommt die Beliebtheit von Looks wie \u201eKitschmas\u201c und \u201eCharlie Brown\u201c, die an die Farben der Mitte des Jahrhunderts erinnern. Die Daten von Etsy zeigen, dass die Suchanfragen nach \u201eBunte Accessoires\u201c in diesem Jahr um 3.000 % gestiegen sind.<\/p>\n<div class=\"van_vid_carousel\">\n<div class=\"van_vid_carousel__padding\">\n<div class=\"van_vid_carousel__container\"><\/div>\n<\/div>\n<\/div>\n<div class=\"instagram-embed\" id=\"DEBBLXVTyBc\">\n<blockquote class=\"instagram-media\" data-instgrm-captioned data-instgrm-version=\"6\" style=\"width:99.375%; width:-webkit-calc(100% - 2px); width:calc(100% - 2px);\">\n<p>Ein von Demi Moore (@demimoore) geteilter Beitrag<\/p>\n<p>Ein Foto gepostet von am <\/p>\n<\/blockquote>\n<\/div>\n<p id=\"2994cfa4-497b-45a9-9600-191ca8bc0ac1\">Demi Moores Dekor liegt irgendwo dazwischen. Die Herangehensweise der Schauspielerin an Weihnachtstrends zeigt, dass sie festliche Nostalgie aufgreift und diese gleichzeitig mit moderner \u00c4sthetik in Einklang bringt. Es ist mutig und farbenfroh und w\u00fcrdigt gleichzeitig ihren eher zur\u00fcckhaltenden pers\u00f6nlichen Stil.<\/p>\n<div id=\"ad-unit-2\" class=\"ad-unit\"><\/div>\n<h3 class=\"article-body__section\" id=\"section-recreate-demi-s-style-at-home\"><span>Kreieren Sie Demis Stil zu Hause nach<\/span><\/h3>\n<div class=\"product-container hero-product-container product-block-no-wrap\">\n<div class=\"product-block-row\"><\/div>\n<div class=\"product-block-row\"><\/div>\n<div class=\"product-block-row\"><\/div>\n<div class=\"product-block-row\"><\/div>\n<div class=\"product-block-row\"><\/div>\n<div class=\"product-block-row\"><\/div>\n<\/div>\n<p id=\"9c8d60c7-291b-4dc5-b060-8b1239e852fb\">Dayna Isom Johnson, Expertin f\u00fcr Designtrends bei Etsy, bezeichnet diesen ausgewogenen Ansatz f\u00fcr die Weihnachtsdekoration als \u201ePlay Haus\u201c. Es ist sowohl mutig als auch sorgf\u00e4ltig vom pers\u00f6nlichen Stil geleitet, wie der Baum von Demi Moore.<\/p>\n<p>Dayna erkl\u00e4rt: \u201ePlay Haus ist eine verspielte, farbenfrohe \u00c4sthetik, die kindliche Staunen und spielerischen Spa\u00df vereint.\u201c Play Haus verk\u00f6rpert die Rebellion der Generation Z gegen Politur. \u201eEs zelebriert dopamingetriebenes Chaos, surreale Sammlerst\u00fccke und nostalgische Accessoires, die sich wie ein IRL-Gehirnbruch anf\u00fchlen.\u201c<\/p>\n<p>Um den Trend aufzugreifen, greifen Sie auf maximalistische Weihnachtsdekoration der 80er Jahre gepaart mit modernem Geschmack zur\u00fcck.<\/p>\n<div id=\"slice-container-newsletterForm-articleInbodyContent-nUrMCBbQ4QwZ3WbPJkDUST\" class=\"slice-container newsletter-inbodyContent-slice newsletterForm-articleInbodyContent-nUrMCBbQ4QwZ3WbPJkDUST slice-container-newsletterForm\"><\/div>\n<p>Dayna r\u00e4t: \u201eStellen Sie sich \u00fcbergro\u00dfe Schleifen, farbenfrohe Farbpaletten und Cartoon-Keramik direkt aus einer Spielzeugkiste vor.\u201c Maximalistisch, respektlos und freudeorientiert verwandelt Play Haus die Festtage in einen Spielplatz der Kreativit\u00e4t \u2013 eine Verlagerung von kuratierten Feeds hin zu ungefiltertem Ausdruck in seiner beschenkbarsten Form.\u201c<\/p>\n<p>Machen Sie es wie Demi und kombinieren Sie Dekor, das eine Reihe von Dingen zelebriert, die Sie lieben, um den Look aufzugreifen. \u201eNicht nur dekorieren, sondern mit Accessoires ausstatten\u201c, schl\u00e4gt Dayna vor. \u201eSchaffen Sie Ihren Raum so, wie Sie sich selbst kleiden w\u00fcrden, h\u00e4ngen Sie einen Squishy als Baumschmuck auf oder verschenken Sie ein Sammlerst\u00fcck, das Freude macht!\u201c<\/p>\n<hr id=\"163111a0-69cc-4c3e-82a1-ab530a1bee73\">\n<p id=\"ec931b1e-3c4c-46f4-8bbb-661927286c16\">Der Baum von Demi Moore signalisiert einen Wandel hin zur Tradition in unserer Weihnachtsdekoration. Wenn Sie den Look dieses Jahr nachahmen m\u00f6chten, ist unsere Auswahl an Weihnachtsdekorationen von Wayfair ein fabelhafter und erschwinglicher Ausgangspunkt.<\/p>\n<div class=\"min-h-(270px) mb-4 viafoura-twig-component\" id=\"viafoura-engagement-starter-wrapper\" data-component-name=\"Elk:Embed:EngagementStarter\">\n<div class=\"viafoura\">\n<div>\n<vf-conversation-starter target=\"viafoura-comments\" title=\"Will you be trying our traditional Christmas decor in your home this year?\" description=\"What do you think of Demi Moore's decor?\" minimum-comment-count=\"5\"><br \/>\n<\/vf-conversation-starter>\n<\/div>\n<\/div>\n<\/div>\n<hr id=\"499cce54-3cc0-45df-9700-65f72040edf0\">\n<\/div>\n<p><script async src=\"\/\/www.instagram.com\/embed.js\"><\/script><\/p>\n","protected":false},"excerpt":{"rendered":"<p>Die fr\u00fchen 2020er Jahre standen ganz im Zeichen des Minimalismus. Trends wie ruhiger Luxus, die R\u00fcckkehr von Beige und Boucl\u00e9 setzten sich f\u00fcr helle, unaufdringliche<\/p>\n","protected":false},"author":1,"featured_media":8901,"comment_status":"closed","ping_status":"","sticky":false,"template":"","format":"standard","meta":{"footnotes":""},"categories":[118],"tags":[357,2465,3478,2874,5604,74,11236,3163,55,1771,301,4622,1612,11234,1898,11233,37,11235,3018,99],"class_list":["post-8900","post","type-post","status-publish","format-standard","has-post-thumbnail","hentry","category-haus-garten","tag-aber","tag-bedeutet","tag-beige","tag-dekoration","tag-demi","tag-eine","tag-farbenfroher","tag-feiertage","tag-fuer","tag-keine","tag-mehr","tag-moores","tag-rueckkehr","tag-schlichter","tag-traditionellen","tag-traurigen","tag-und","tag-waermender","tag-weihnachtsbaum","tag-zur","generate-columns","tablet-grid-50","mobile-grid-100","grid-parent","grid-50"],"yoast_head":"<!-- This site is optimized with the Yoast SEO plugin v27.3 - https:\/\/yoast.com\/product\/yoast-seo-wordpress\/ -->\n<title>Keine traurigen beige Feiertage mehr \u2013 Demi Moores schlichter (aber w\u00e4rmender und farbenfroher) Weihnachtsbaum bedeutet eine R\u00fcckkehr zur traditionellen Dekoration f\u00fcr 2025 - Nachrichten - Stra\u00dfenweb<\/title>\n<meta name=\"robots\" content=\"index, follow, max-snippet:-1, max-image-preview:large, max-video-preview:-1\" \/>\n<link rel=\"canonical\" href=\"https:\/\/www.strassenweb.de\/nachrichten\/keine-traurigen-beige-feiertage-mehr-demi-moores-schlichter-aber-waermender-und-farbenfroher-weihnachtsbaum-bedeutet-eine-rueckkehr-zur-traditionellen-dekoration-fuer-2025\/\" \/>\n<meta property=\"og:locale\" content=\"de_DE\" \/>\n<meta property=\"og:type\" content=\"article\" \/>\n<meta property=\"og:title\" content=\"Keine traurigen beige Feiertage mehr \u2013 Demi Moores schlichter (aber w\u00e4rmender und farbenfroher) Weihnachtsbaum bedeutet eine R\u00fcckkehr zur traditionellen Dekoration f\u00fcr 2025 - Nachrichten - Stra\u00dfenweb\" \/>\n<meta property=\"og:description\" content=\"Die fr\u00fchen 2020er Jahre standen ganz im Zeichen des Minimalismus. Trends wie ruhiger Luxus, die R\u00fcckkehr von Beige und Boucl\u00e9 setzten sich f\u00fcr helle, unaufdringliche\" \/>\n<meta property=\"og:url\" content=\"https:\/\/www.strassenweb.de\/nachrichten\/keine-traurigen-beige-feiertage-mehr-demi-moores-schlichter-aber-waermender-und-farbenfroher-weihnachtsbaum-bedeutet-eine-rueckkehr-zur-traditionellen-dekoration-fuer-2025\/\" \/>\n<meta property=\"og:site_name\" content=\"Stra\u00dfenweb\" \/>\n<meta property=\"article:publisher\" content=\"https:\/\/www.facebook.com\/strassenweb\/\" \/>\n<meta property=\"article:published_time\" content=\"2025-10-30T17:39:14+00:00\" \/>\n<meta property=\"article:modified_time\" content=\"2025-10-30T17:39:15+00:00\" \/>\n<meta property=\"og:image\" content=\"https:\/\/www.strassenweb.de\/nachrichten\/wp-content\/uploads\/2025\/10\/Keine-traurigen-beige-Feiertage-mehr-\u2013-Demi-Moores-schlichter-aber.jpg\" \/>\n\t<meta property=\"og:image:width\" content=\"1600\" \/>\n\t<meta property=\"og:image:height\" content=\"900\" \/>\n\t<meta property=\"og:image:type\" content=\"image\/jpeg\" \/>\n<meta name=\"author\" content=\"Robert Hoffmann\" \/>\n<meta name=\"twitter:card\" content=\"summary_large_image\" \/>\n<meta name=\"twitter:label1\" content=\"Verfasst von\" \/>\n\t<meta name=\"twitter:data1\" content=\"Robert Hoffmann\" \/>\n\t<meta name=\"twitter:label2\" content=\"Gesch\u00e4tzte Lesezeit\" \/>\n\t<meta name=\"twitter:data2\" content=\"3\u00a0Minuten\" \/>\n<script type=\"application\/ld+json\" class=\"yoast-schema-graph\">{\"@context\":\"https:\\\/\\\/schema.org\",\"@graph\":[{\"@type\":\"Article\",\"@id\":\"https:\\\/\\\/www.strassenweb.de\\\/nachrichten\\\/keine-traurigen-beige-feiertage-mehr-demi-moores-schlichter-aber-waermender-und-farbenfroher-weihnachtsbaum-bedeutet-eine-rueckkehr-zur-traditionellen-dekoration-fuer-2025\\\/#article\",\"isPartOf\":{\"@id\":\"https:\\\/\\\/www.strassenweb.de\\\/nachrichten\\\/keine-traurigen-beige-feiertage-mehr-demi-moores-schlichter-aber-waermender-und-farbenfroher-weihnachtsbaum-bedeutet-eine-rueckkehr-zur-traditionellen-dekoration-fuer-2025\\\/\"},\"author\":{\"name\":\"Robert Hoffmann\",\"@id\":\"https:\\\/\\\/www.strassenweb.de\\\/nachrichten\\\/#\\\/schema\\\/person\\\/87c9c9067f1211da429a744dc5a5aa41\"},\"headline\":\"Keine traurigen beige Feiertage mehr \u2013 Demi Moores schlichter (aber w\u00e4rmender und farbenfroher) Weihnachtsbaum bedeutet eine R\u00fcckkehr zur traditionellen Dekoration f\u00fcr 2025\",\"datePublished\":\"2025-10-30T17:39:14+00:00\",\"dateModified\":\"2025-10-30T17:39:15+00:00\",\"mainEntityOfPage\":{\"@id\":\"https:\\\/\\\/www.strassenweb.de\\\/nachrichten\\\/keine-traurigen-beige-feiertage-mehr-demi-moores-schlichter-aber-waermender-und-farbenfroher-weihnachtsbaum-bedeutet-eine-rueckkehr-zur-traditionellen-dekoration-fuer-2025\\\/\"},\"wordCount\":548,\"publisher\":{\"@id\":\"https:\\\/\\\/www.strassenweb.de\\\/nachrichten\\\/#organization\"},\"image\":{\"@id\":\"https:\\\/\\\/www.strassenweb.de\\\/nachrichten\\\/keine-traurigen-beige-feiertage-mehr-demi-moores-schlichter-aber-waermender-und-farbenfroher-weihnachtsbaum-bedeutet-eine-rueckkehr-zur-traditionellen-dekoration-fuer-2025\\\/#primaryimage\"},\"thumbnailUrl\":\"https:\\\/\\\/www.strassenweb.de\\\/nachrichten\\\/wp-content\\\/uploads\\\/2025\\\/10\\\/Keine-traurigen-beige-Feiertage-mehr-\u2013-Demi-Moores-schlichter-aber.jpg\",\"keywords\":[\"aber\",\"bedeutet\",\"Beige\",\"Dekoration\",\"Demi\",\"eine\",\"farbenfroher\",\"Feiertage\",\"f\u00fcr\",\"keine\",\"mehr\",\"Moores\",\"R\u00fcckkehr\",\"schlichter\",\"traditionellen\",\"traurigen\",\"und\",\"w\u00e4rmender\",\"Weihnachtsbaum\",\"zur\"],\"articleSection\":[\"Haus &amp; Garten\"],\"inLanguage\":\"de\"},{\"@type\":\"WebPage\",\"@id\":\"https:\\\/\\\/www.strassenweb.de\\\/nachrichten\\\/keine-traurigen-beige-feiertage-mehr-demi-moores-schlichter-aber-waermender-und-farbenfroher-weihnachtsbaum-bedeutet-eine-rueckkehr-zur-traditionellen-dekoration-fuer-2025\\\/\",\"url\":\"https:\\\/\\\/www.strassenweb.de\\\/nachrichten\\\/keine-traurigen-beige-feiertage-mehr-demi-moores-schlichter-aber-waermender-und-farbenfroher-weihnachtsbaum-bedeutet-eine-rueckkehr-zur-traditionellen-dekoration-fuer-2025\\\/\",\"name\":\"Keine traurigen beige Feiertage mehr \u2013 Demi Moores schlichter (aber w\u00e4rmender und farbenfroher) Weihnachtsbaum bedeutet eine R\u00fcckkehr zur traditionellen Dekoration f\u00fcr 2025 - Nachrichten - Stra\u00dfenweb\",\"isPartOf\":{\"@id\":\"https:\\\/\\\/www.strassenweb.de\\\/nachrichten\\\/#website\"},\"primaryImageOfPage\":{\"@id\":\"https:\\\/\\\/www.strassenweb.de\\\/nachrichten\\\/keine-traurigen-beige-feiertage-mehr-demi-moores-schlichter-aber-waermender-und-farbenfroher-weihnachtsbaum-bedeutet-eine-rueckkehr-zur-traditionellen-dekoration-fuer-2025\\\/#primaryimage\"},\"image\":{\"@id\":\"https:\\\/\\\/www.strassenweb.de\\\/nachrichten\\\/keine-traurigen-beige-feiertage-mehr-demi-moores-schlichter-aber-waermender-und-farbenfroher-weihnachtsbaum-bedeutet-eine-rueckkehr-zur-traditionellen-dekoration-fuer-2025\\\/#primaryimage\"},\"thumbnailUrl\":\"https:\\\/\\\/www.strassenweb.de\\\/nachrichten\\\/wp-content\\\/uploads\\\/2025\\\/10\\\/Keine-traurigen-beige-Feiertage-mehr-\u2013-Demi-Moores-schlichter-aber.jpg\",\"datePublished\":\"2025-10-30T17:39:14+00:00\",\"dateModified\":\"2025-10-30T17:39:15+00:00\",\"breadcrumb\":{\"@id\":\"https:\\\/\\\/www.strassenweb.de\\\/nachrichten\\\/keine-traurigen-beige-feiertage-mehr-demi-moores-schlichter-aber-waermender-und-farbenfroher-weihnachtsbaum-bedeutet-eine-rueckkehr-zur-traditionellen-dekoration-fuer-2025\\\/#breadcrumb\"},\"inLanguage\":\"de\",\"potentialAction\":[{\"@type\":\"ReadAction\",\"target\":[\"https:\\\/\\\/www.strassenweb.de\\\/nachrichten\\\/keine-traurigen-beige-feiertage-mehr-demi-moores-schlichter-aber-waermender-und-farbenfroher-weihnachtsbaum-bedeutet-eine-rueckkehr-zur-traditionellen-dekoration-fuer-2025\\\/\"]}]},{\"@type\":\"ImageObject\",\"inLanguage\":\"de\",\"@id\":\"https:\\\/\\\/www.strassenweb.de\\\/nachrichten\\\/keine-traurigen-beige-feiertage-mehr-demi-moores-schlichter-aber-waermender-und-farbenfroher-weihnachtsbaum-bedeutet-eine-rueckkehr-zur-traditionellen-dekoration-fuer-2025\\\/#primaryimage\",\"url\":\"https:\\\/\\\/www.strassenweb.de\\\/nachrichten\\\/wp-content\\\/uploads\\\/2025\\\/10\\\/Keine-traurigen-beige-Feiertage-mehr-\u2013-Demi-Moores-schlichter-aber.jpg\",\"contentUrl\":\"https:\\\/\\\/www.strassenweb.de\\\/nachrichten\\\/wp-content\\\/uploads\\\/2025\\\/10\\\/Keine-traurigen-beige-Feiertage-mehr-\u2013-Demi-Moores-schlichter-aber.jpg\",\"width\":1600,\"height\":900,\"caption\":\"Demi Moore\"},{\"@type\":\"BreadcrumbList\",\"@id\":\"https:\\\/\\\/www.strassenweb.de\\\/nachrichten\\\/keine-traurigen-beige-feiertage-mehr-demi-moores-schlichter-aber-waermender-und-farbenfroher-weihnachtsbaum-bedeutet-eine-rueckkehr-zur-traditionellen-dekoration-fuer-2025\\\/#breadcrumb\",\"itemListElement\":[{\"@type\":\"ListItem\",\"position\":1,\"name\":\"Home\",\"item\":\"https:\\\/\\\/www.strassenweb.de\\\/nachrichten\\\/\"},{\"@type\":\"ListItem\",\"position\":2,\"name\":\"Keine traurigen beige Feiertage mehr \u2013 Demi Moores schlichter (aber w\u00e4rmender und farbenfroher) Weihnachtsbaum bedeutet eine R\u00fcckkehr zur traditionellen Dekoration f\u00fcr 2025\"}]},{\"@type\":\"WebSite\",\"@id\":\"https:\\\/\\\/www.strassenweb.de\\\/nachrichten\\\/#website\",\"url\":\"https:\\\/\\\/www.strassenweb.de\\\/nachrichten\\\/\",\"name\":\"Stra\u00dfenweb\",\"description\":\"Stra\u00dfenverzeichnis f\u00fcr Deutschland\",\"publisher\":{\"@id\":\"https:\\\/\\\/www.strassenweb.de\\\/nachrichten\\\/#organization\"},\"potentialAction\":[{\"@type\":\"SearchAction\",\"target\":{\"@type\":\"EntryPoint\",\"urlTemplate\":\"https:\\\/\\\/www.strassenweb.de\\\/nachrichten\\\/?s={search_term_string}\"},\"query-input\":{\"@type\":\"PropertyValueSpecification\",\"valueRequired\":true,\"valueName\":\"search_term_string\"}}],\"inLanguage\":\"de\"},{\"@type\":\"Organization\",\"@id\":\"https:\\\/\\\/www.strassenweb.de\\\/nachrichten\\\/#organization\",\"name\":\"Stra\u00dfenweb\",\"url\":\"https:\\\/\\\/www.strassenweb.de\\\/nachrichten\\\/\",\"logo\":{\"@type\":\"ImageObject\",\"inLanguage\":\"de\",\"@id\":\"https:\\\/\\\/www.strassenweb.de\\\/nachrichten\\\/#\\\/schema\\\/logo\\\/image\\\/\",\"url\":\"https:\\\/\\\/www.strassenweb.de\\\/nachrichten\\\/wp-content\\\/uploads\\\/2024\\\/09\\\/cropped-favicon.png\",\"contentUrl\":\"https:\\\/\\\/www.strassenweb.de\\\/nachrichten\\\/wp-content\\\/uploads\\\/2024\\\/09\\\/cropped-favicon.png\",\"width\":512,\"height\":512,\"caption\":\"Stra\u00dfenweb\"},\"image\":{\"@id\":\"https:\\\/\\\/www.strassenweb.de\\\/nachrichten\\\/#\\\/schema\\\/logo\\\/image\\\/\"},\"sameAs\":[\"https:\\\/\\\/www.facebook.com\\\/strassenweb\\\/\"]},{\"@type\":\"Person\",\"@id\":\"https:\\\/\\\/www.strassenweb.de\\\/nachrichten\\\/#\\\/schema\\\/person\\\/87c9c9067f1211da429a744dc5a5aa41\",\"name\":\"Robert Hoffmann\",\"image\":{\"@type\":\"ImageObject\",\"inLanguage\":\"de\",\"@id\":\"https:\\\/\\\/www.strassenweb.de\\\/nachrichten\\\/wp-content\\\/uploads\\\/2024\\\/09\\\/strassenweb-150x150.jpg\",\"url\":\"https:\\\/\\\/www.strassenweb.de\\\/nachrichten\\\/wp-content\\\/uploads\\\/2024\\\/09\\\/strassenweb-150x150.jpg\",\"contentUrl\":\"https:\\\/\\\/www.strassenweb.de\\\/nachrichten\\\/wp-content\\\/uploads\\\/2024\\\/09\\\/strassenweb-150x150.jpg\",\"caption\":\"Robert Hoffmann\"},\"description\":\"Ich hei\u00dfe Robert Hoffmann und ich bin ein leidenschaftlicher Verfechter von \u00d6kologie und Biodiversit\u00e4t. Seit meiner Kindheit in den W\u00e4ldern Bayerns f\u00fchle ich mich mit der Natur verbunden und bin entschlossen, sie zu sch\u00fctzen. Heute widme ich mein Leben der Sensibilisierung anderer f\u00fcr die Bedeutung des Umweltschutzes f\u00fcr zuk\u00fcnftige Generationen.\",\"sameAs\":[\"https:\\\/\\\/www.strassenweb.de\\\/\"]}]}<\/script>\n<!-- \/ Yoast SEO plugin. -->","yoast_head_json":{"title":"Keine traurigen beige Feiertage mehr \u2013 Demi Moores schlichter (aber w\u00e4rmender und farbenfroher) Weihnachtsbaum bedeutet eine R\u00fcckkehr zur traditionellen Dekoration f\u00fcr 2025 - Nachrichten - Stra\u00dfenweb","robots":{"index":"index","follow":"follow","max-snippet":"max-snippet:-1","max-image-preview":"max-image-preview:large","max-video-preview":"max-video-preview:-1"},"canonical":"https:\/\/www.strassenweb.de\/nachrichten\/keine-traurigen-beige-feiertage-mehr-demi-moores-schlichter-aber-waermender-und-farbenfroher-weihnachtsbaum-bedeutet-eine-rueckkehr-zur-traditionellen-dekoration-fuer-2025\/","og_locale":"de_DE","og_type":"article","og_title":"Keine traurigen beige Feiertage mehr \u2013 Demi Moores schlichter (aber w\u00e4rmender und farbenfroher) Weihnachtsbaum bedeutet eine R\u00fcckkehr zur traditionellen Dekoration f\u00fcr 2025 - Nachrichten - Stra\u00dfenweb","og_description":"Die fr\u00fchen 2020er Jahre standen ganz im Zeichen des Minimalismus. Trends wie ruhiger Luxus, die R\u00fcckkehr von Beige und Boucl\u00e9 setzten sich f\u00fcr helle, unaufdringliche","og_url":"https:\/\/www.strassenweb.de\/nachrichten\/keine-traurigen-beige-feiertage-mehr-demi-moores-schlichter-aber-waermender-und-farbenfroher-weihnachtsbaum-bedeutet-eine-rueckkehr-zur-traditionellen-dekoration-fuer-2025\/","og_site_name":"Stra\u00dfenweb","article_publisher":"https:\/\/www.facebook.com\/strassenweb\/","article_published_time":"2025-10-30T17:39:14+00:00","article_modified_time":"2025-10-30T17:39:15+00:00","og_image":[{"width":1600,"height":900,"url":"https:\/\/www.strassenweb.de\/nachrichten\/wp-content\/uploads\/2025\/10\/Keine-traurigen-beige-Feiertage-mehr-\u2013-Demi-Moores-schlichter-aber.jpg","type":"image\/jpeg"}],"author":"Robert Hoffmann","twitter_card":"summary_large_image","twitter_misc":{"Verfasst von":"Robert Hoffmann","Gesch\u00e4tzte Lesezeit":"3\u00a0Minuten"},"schema":{"@context":"https:\/\/schema.org","@graph":[{"@type":"Article","@id":"https:\/\/www.strassenweb.de\/nachrichten\/keine-traurigen-beige-feiertage-mehr-demi-moores-schlichter-aber-waermender-und-farbenfroher-weihnachtsbaum-bedeutet-eine-rueckkehr-zur-traditionellen-dekoration-fuer-2025\/#article","isPartOf":{"@id":"https:\/\/www.strassenweb.de\/nachrichten\/keine-traurigen-beige-feiertage-mehr-demi-moores-schlichter-aber-waermender-und-farbenfroher-weihnachtsbaum-bedeutet-eine-rueckkehr-zur-traditionellen-dekoration-fuer-2025\/"},"author":{"name":"Robert Hoffmann","@id":"https:\/\/www.strassenweb.de\/nachrichten\/#\/schema\/person\/87c9c9067f1211da429a744dc5a5aa41"},"headline":"Keine traurigen beige Feiertage mehr \u2013 Demi Moores schlichter (aber w\u00e4rmender und farbenfroher) Weihnachtsbaum bedeutet eine R\u00fcckkehr zur traditionellen Dekoration f\u00fcr 2025","datePublished":"2025-10-30T17:39:14+00:00","dateModified":"2025-10-30T17:39:15+00:00","mainEntityOfPage":{"@id":"https:\/\/www.strassenweb.de\/nachrichten\/keine-traurigen-beige-feiertage-mehr-demi-moores-schlichter-aber-waermender-und-farbenfroher-weihnachtsbaum-bedeutet-eine-rueckkehr-zur-traditionellen-dekoration-fuer-2025\/"},"wordCount":548,"publisher":{"@id":"https:\/\/www.strassenweb.de\/nachrichten\/#organization"},"image":{"@id":"https:\/\/www.strassenweb.de\/nachrichten\/keine-traurigen-beige-feiertage-mehr-demi-moores-schlichter-aber-waermender-und-farbenfroher-weihnachtsbaum-bedeutet-eine-rueckkehr-zur-traditionellen-dekoration-fuer-2025\/#primaryimage"},"thumbnailUrl":"https:\/\/www.strassenweb.de\/nachrichten\/wp-content\/uploads\/2025\/10\/Keine-traurigen-beige-Feiertage-mehr-\u2013-Demi-Moores-schlichter-aber.jpg","keywords":["aber","bedeutet","Beige","Dekoration","Demi","eine","farbenfroher","Feiertage","f\u00fcr","keine","mehr","Moores","R\u00fcckkehr","schlichter","traditionellen","traurigen","und","w\u00e4rmender","Weihnachtsbaum","zur"],"articleSection":["Haus &amp; Garten"],"inLanguage":"de"},{"@type":"WebPage","@id":"https:\/\/www.strassenweb.de\/nachrichten\/keine-traurigen-beige-feiertage-mehr-demi-moores-schlichter-aber-waermender-und-farbenfroher-weihnachtsbaum-bedeutet-eine-rueckkehr-zur-traditionellen-dekoration-fuer-2025\/","url":"https:\/\/www.strassenweb.de\/nachrichten\/keine-traurigen-beige-feiertage-mehr-demi-moores-schlichter-aber-waermender-und-farbenfroher-weihnachtsbaum-bedeutet-eine-rueckkehr-zur-traditionellen-dekoration-fuer-2025\/","name":"Keine traurigen beige Feiertage mehr \u2013 Demi Moores schlichter (aber w\u00e4rmender und farbenfroher) Weihnachtsbaum bedeutet eine R\u00fcckkehr zur traditionellen Dekoration f\u00fcr 2025 - Nachrichten - Stra\u00dfenweb","isPartOf":{"@id":"https:\/\/www.strassenweb.de\/nachrichten\/#website"},"primaryImageOfPage":{"@id":"https:\/\/www.strassenweb.de\/nachrichten\/keine-traurigen-beige-feiertage-mehr-demi-moores-schlichter-aber-waermender-und-farbenfroher-weihnachtsbaum-bedeutet-eine-rueckkehr-zur-traditionellen-dekoration-fuer-2025\/#primaryimage"},"image":{"@id":"https:\/\/www.strassenweb.de\/nachrichten\/keine-traurigen-beige-feiertage-mehr-demi-moores-schlichter-aber-waermender-und-farbenfroher-weihnachtsbaum-bedeutet-eine-rueckkehr-zur-traditionellen-dekoration-fuer-2025\/#primaryimage"},"thumbnailUrl":"https:\/\/www.strassenweb.de\/nachrichten\/wp-content\/uploads\/2025\/10\/Keine-traurigen-beige-Feiertage-mehr-\u2013-Demi-Moores-schlichter-aber.jpg","datePublished":"2025-10-30T17:39:14+00:00","dateModified":"2025-10-30T17:39:15+00:00","breadcrumb":{"@id":"https:\/\/www.strassenweb.de\/nachrichten\/keine-traurigen-beige-feiertage-mehr-demi-moores-schlichter-aber-waermender-und-farbenfroher-weihnachtsbaum-bedeutet-eine-rueckkehr-zur-traditionellen-dekoration-fuer-2025\/#breadcrumb"},"inLanguage":"de","potentialAction":[{"@type":"ReadAction","target":["https:\/\/www.strassenweb.de\/nachrichten\/keine-traurigen-beige-feiertage-mehr-demi-moores-schlichter-aber-waermender-und-farbenfroher-weihnachtsbaum-bedeutet-eine-rueckkehr-zur-traditionellen-dekoration-fuer-2025\/"]}]},{"@type":"ImageObject","inLanguage":"de","@id":"https:\/\/www.strassenweb.de\/nachrichten\/keine-traurigen-beige-feiertage-mehr-demi-moores-schlichter-aber-waermender-und-farbenfroher-weihnachtsbaum-bedeutet-eine-rueckkehr-zur-traditionellen-dekoration-fuer-2025\/#primaryimage","url":"https:\/\/www.strassenweb.de\/nachrichten\/wp-content\/uploads\/2025\/10\/Keine-traurigen-beige-Feiertage-mehr-\u2013-Demi-Moores-schlichter-aber.jpg","contentUrl":"https:\/\/www.strassenweb.de\/nachrichten\/wp-content\/uploads\/2025\/10\/Keine-traurigen-beige-Feiertage-mehr-\u2013-Demi-Moores-schlichter-aber.jpg","width":1600,"height":900,"caption":"Demi Moore"},{"@type":"BreadcrumbList","@id":"https:\/\/www.strassenweb.de\/nachrichten\/keine-traurigen-beige-feiertage-mehr-demi-moores-schlichter-aber-waermender-und-farbenfroher-weihnachtsbaum-bedeutet-eine-rueckkehr-zur-traditionellen-dekoration-fuer-2025\/#breadcrumb","itemListElement":[{"@type":"ListItem","position":1,"name":"Home","item":"https:\/\/www.strassenweb.de\/nachrichten\/"},{"@type":"ListItem","position":2,"name":"Keine traurigen beige Feiertage mehr \u2013 Demi Moores schlichter (aber w\u00e4rmender und farbenfroher) Weihnachtsbaum bedeutet eine R\u00fcckkehr zur traditionellen Dekoration f\u00fcr 2025"}]},{"@type":"WebSite","@id":"https:\/\/www.strassenweb.de\/nachrichten\/#website","url":"https:\/\/www.strassenweb.de\/nachrichten\/","name":"Stra\u00dfenweb","description":"Stra\u00dfenverzeichnis f\u00fcr Deutschland","publisher":{"@id":"https:\/\/www.strassenweb.de\/nachrichten\/#organization"},"potentialAction":[{"@type":"SearchAction","target":{"@type":"EntryPoint","urlTemplate":"https:\/\/www.strassenweb.de\/nachrichten\/?s={search_term_string}"},"query-input":{"@type":"PropertyValueSpecification","valueRequired":true,"valueName":"search_term_string"}}],"inLanguage":"de"},{"@type":"Organization","@id":"https:\/\/www.strassenweb.de\/nachrichten\/#organization","name":"Stra\u00dfenweb","url":"https:\/\/www.strassenweb.de\/nachrichten\/","logo":{"@type":"ImageObject","inLanguage":"de","@id":"https:\/\/www.strassenweb.de\/nachrichten\/#\/schema\/logo\/image\/","url":"https:\/\/www.strassenweb.de\/nachrichten\/wp-content\/uploads\/2024\/09\/cropped-favicon.png","contentUrl":"https:\/\/www.strassenweb.de\/nachrichten\/wp-content\/uploads\/2024\/09\/cropped-favicon.png","width":512,"height":512,"caption":"Stra\u00dfenweb"},"image":{"@id":"https:\/\/www.strassenweb.de\/nachrichten\/#\/schema\/logo\/image\/"},"sameAs":["https:\/\/www.facebook.com\/strassenweb\/"]},{"@type":"Person","@id":"https:\/\/www.strassenweb.de\/nachrichten\/#\/schema\/person\/87c9c9067f1211da429a744dc5a5aa41","name":"Robert Hoffmann","image":{"@type":"ImageObject","inLanguage":"de","@id":"https:\/\/www.strassenweb.de\/nachrichten\/wp-content\/uploads\/2024\/09\/strassenweb-150x150.jpg","url":"https:\/\/www.strassenweb.de\/nachrichten\/wp-content\/uploads\/2024\/09\/strassenweb-150x150.jpg","contentUrl":"https:\/\/www.strassenweb.de\/nachrichten\/wp-content\/uploads\/2024\/09\/strassenweb-150x150.jpg","caption":"Robert Hoffmann"},"description":"Ich hei\u00dfe Robert Hoffmann und ich bin ein leidenschaftlicher Verfechter von \u00d6kologie und Biodiversit\u00e4t. Seit meiner Kindheit in den W\u00e4ldern Bayerns f\u00fchle ich mich mit der Natur verbunden und bin entschlossen, sie zu sch\u00fctzen. Heute widme ich mein Leben der Sensibilisierung anderer f\u00fcr die Bedeutung des Umweltschutzes f\u00fcr zuk\u00fcnftige Generationen.","sameAs":["https:\/\/www.strassenweb.de\/"]}]}},"_links":{"self":[{"href":"https:\/\/www.strassenweb.de\/nachrichten\/wp-json\/wp\/v2\/posts\/8900","targetHints":{"allow":["GET"]}}],"collection":[{"href":"https:\/\/www.strassenweb.de\/nachrichten\/wp-json\/wp\/v2\/posts"}],"about":[{"href":"https:\/\/www.strassenweb.de\/nachrichten\/wp-json\/wp\/v2\/types\/post"}],"author":[{"embeddable":true,"href":"https:\/\/www.strassenweb.de\/nachrichten\/wp-json\/wp\/v2\/users\/1"}],"replies":[{"embeddable":true,"href":"https:\/\/www.strassenweb.de\/nachrichten\/wp-json\/wp\/v2\/comments?post=8900"}],"version-history":[{"count":0,"href":"https:\/\/www.strassenweb.de\/nachrichten\/wp-json\/wp\/v2\/posts\/8900\/revisions"}],"wp:featuredmedia":[{"embeddable":true,"href":"https:\/\/www.strassenweb.de\/nachrichten\/wp-json\/wp\/v2\/media\/8901"}],"wp:attachment":[{"href":"https:\/\/www.strassenweb.de\/nachrichten\/wp-json\/wp\/v2\/media?parent=8900"}],"wp:term":[{"taxonomy":"category","embeddable":true,"href":"https:\/\/www.strassenweb.de\/nachrichten\/wp-json\/wp\/v2\/categories?post=8900"},{"taxonomy":"post_tag","embeddable":true,"href":"https:\/\/www.strassenweb.de\/nachrichten\/wp-json\/wp\/v2\/tags?post=8900"}],"curies":[{"name":"wp","href":"https:\/\/api.w.org\/{rel}","templated":true}]}}