{"id":8891,"date":"2025-10-30T12:39:18","date_gmt":"2025-10-30T11:39:18","guid":{"rendered":"https:\/\/www.strassenweb.de\/nachrichten\/es-gibt-drei-materialien-derer-ich-nie-muede-werde-und-wenn-sie-zusammen-verwendet-werden-verleihen-sie-einem-raum-ein-magisches-gefuehl\/"},"modified":"2025-10-30T12:39:19","modified_gmt":"2025-10-30T11:39:19","slug":"es-gibt-drei-materialien-derer-ich-nie-muede-werde-und-wenn-sie-zusammen-verwendet-werden-verleihen-sie-einem-raum-ein-magisches-gefuehl","status":"publish","type":"post","link":"https:\/\/www.strassenweb.de\/nachrichten\/es-gibt-drei-materialien-derer-ich-nie-muede-werde-und-wenn-sie-zusammen-verwendet-werden-verleihen-sie-einem-raum-ein-magisches-gefuehl\/","title":{"rendered":"Es gibt drei Materialien, derer ich nie m\u00fcde werde \u2013 und wenn sie zusammen verwendet werden, verleihen sie einem Raum ein magisches Gef\u00fchl"},"content":{"rendered":"<p><\/p>\n<div id=\"article-body\" class=\"article__body \">\n<div id=\"ad-unit-1\" class=\"ad-unit\"><\/div>\n<p>Wenn man an ein Projekt herangeht, ist Ausgewogenheit meiner Meinung nach eines der wesentlichsten Designprinzipien. Zu viel von einem einzelnen Element kann einen Raum \u00fcberw\u00e4ltigen, aber die richtige Kombination schafft Harmonie und Leichtigkeit. Im Laufe der Zeit bin ich zu drei langlebigen Materialien zur\u00fcckgekehrt \u2013 Leinen, Eiche und Stein \u2013 jedes mit seinem eigenen Charakter, aber alle vereint durch einen Sinn f\u00fcr nat\u00fcrliche Sch\u00f6nheit und zeitlose Anziehungskraft. Zusammen bilden sie eine Designsprache, die sich ruhig, geerdet und ruhig luxuri\u00f6s anf\u00fchlt.<\/p>\n<aside data-block-type=\"embed\" data-render-type=\"fte\" data-skip=\"dealsy\" data-widget-type=\"seasonal\" class=\"hawk-root\"><\/aside>\n<p id=\"202cce39-013f-4d26-9362-21e64770e953-2\">Leinen vermittelt sofort ein Gef\u00fchl von Weichheit und Leichtigkeit, einen haptischen Komfort, der einem Raum ein bewohntes und einladendes Gef\u00fchl verleiht. Seine organische Textur und sein m\u00fcheloser Fall eignen sich wunderbar f\u00fcr Polster, Vorh\u00e4nge oder sogar die einfachsten Details. Ich liebe es, wie Leinen mit seiner Umgebung interagiert \u2013 es mildert die Erhabenheit eines historischen Interieurs oder verleiht einem modernen, minimalistischen Raum W\u00e4rme. Es ist zur\u00fcckhaltend und dennoch transformativ und schafft eine entspannte Eleganz, die niemals gek\u00fcnstelt wirkt.<\/p>\n<div class=\"van_vid_carousel\">\n<div class=\"van_vid_carousel__padding\">\n<div class=\"van_vid_carousel__container\"><\/div>\n<\/div>\n<\/div>\n<p>Ein Teil der Magie von Leinen liegt in seiner Vielseitigkeit. Leichtere Gewichte ergeben den perfekten transparenten Stoff, der das Sonnenlicht in einen sanften, schmeichelnden Glanz streut, der sich ruhig und nat\u00fcrlich anf\u00fchlt. Zu diesem Zweck greife ich fast immer auf Leinen zur\u00fcck \u2013 es schafft eine Atmosph\u00e4re, die sowohl hell als auch intim ist. Schwerere Gewebe verleihen der Polsterung Substanz und Struktur und ver\u00e4ndern den Ton eines St\u00fccks von l\u00e4ssig und wohnlich zu raffiniert und ma\u00dfgeschneidert. Doch selbst in seiner poliertesten Form wirkt Leinen nie starr oder formell. Es zeichnet sich durch eine inh\u00e4rente Ehrlichkeit und Leichtigkeit aus, die einen Raum erden und daf\u00fcr sorgen, dass Komfort stets im Mittelpunkt guten Designs steht.<\/p>\n<div id=\"ad-unit-2\" class=\"ad-unit\"><\/div>\n<figure class=\"van-image-figure inline-layout \" data-bordeaux-image-check id=\"9a86467a-7da6-4f9a-b2fa-00f0c21f0a65\">\n<div class=\"image-full-width-wrapper\">\n<div class=\"image-widthsetter\" style=\"max-width:3024px;\"><\/div>\n<\/div>\n<\/figure>\n<p id=\"97c578e0-8ee7-4faf-8f86-ca8f9a121bfd\">Diese Anpassungsf\u00e4higkeit macht Leinen zu einer unverzichtbaren Grundlage in meinen Projekten. Ganz gleich, ob es subtil eingesetzt wird, um einen Raum weicher zu machen, oder bewusster, um ihn zu verankern: Leinen bringt W\u00e4rme, Haptik und eine zeitlose Qualit\u00e4t mit sich, die mit zunehmendem Alter noch intensiver wird.<\/p>\n<p>Im Gegensatz dazu sorgt Eiche f\u00fcr Tiefe, Vielseitigkeit und eine erdende Pr\u00e4senz. Ich bin unendlich inspiriert davon, wie unterschiedliche Holzbehandlungen einen Raum verwandeln k\u00f6nnen \u2013 vom Charakter eines Vintage-Tischs aus recyceltem Material bis hin zu den klaren Linien eines modernen Eichendielenbretts. Das Mischen von Holzt\u00f6nen sorgt f\u00fcr mehr F\u00fclle und verleiht einem Raum eine lebendige Authentizit\u00e4t, die eine Geschichte erz\u00e4hlt. Eiche in all ihren Formen tr\u00e4gt ihre Geschichte auf wunderbare Weise weiter und tr\u00e4gt ihr Alter mit Anmut, was ich zutiefst bewundere.<\/p>\n<p>Bei fast jedem Projekt handelt es sich bei unserer Tischlerei um Ma\u00dfanfertigungen, die speziell f\u00fcr das Zuhause entworfen wurden. Dies gew\u00e4hrleistet eine nahtlose Passform und erm\u00f6glicht gleichzeitig die vollst\u00e4ndige Kontrolle \u00fcber die Verarbeitung. Ich entscheide mich selten f\u00fcr eine Beiz- oder Holzbehandlung, bis der Marmor im Raum ausgew\u00e4hlt wurde. Der Stein gibt den Ton an, und von da an verfeinere ich die Holzarbeiten, indem ich kleine Proben direkt mit dem ausgew\u00e4hlten Marmor teste, bis ich die perfekte Balance erreicht habe. Es geht eher um Harmonie als um Kontrast, um sicherzustellen, dass die Tischlerei sich erg\u00e4nzt und nicht konkurriert und so einen Raum schafft, der sowohl zusammenh\u00e4ngend als auch zeitlos wirkt.<\/p>\n<div id=\"slice-container-newsletterForm-articleInbodyContent-jQHeXS62CTsLiJriRN4dof\" class=\"slice-container newsletter-inbodyContent-slice newsletterForm-articleInbodyContent-jQHeXS62CTsLiJriRN4dof slice-container-newsletterForm\"><\/div>\n<figure class=\"van-image-figure inline-layout \" data-bordeaux-image-check id=\"acfa3aeb-7268-43a9-938b-1bfe02b76aab\">\n<div class=\"image-full-width-wrapper\">\n<div class=\"image-widthsetter\" style=\"max-width:2048px;\"><\/div>\n<\/div>\n<\/figure>\n<p id=\"88b911fc-f742-49d8-be9a-ea57de27411f\">Ich liebe es auch, mit Vintage-St\u00fccken zu dekorieren oder Altholz in meine Designs zu integrieren. Ganz gleich, ob es sich um einen verwitterten Tisch oder einen kleinen dekorativen Akzent handelt, diese St\u00fccke tragen eine Patina und einen Sinn f\u00fcr Geschichte in sich, den neue Materialien einfach nicht reproduzieren k\u00f6nnen. In Kombination mit modernen Oberfl\u00e4chen schafft Altholz einen Dialog zwischen Alt und Neu und verleiht einem Raum Tiefe, Charakter und Seele. Es verhindert, dass sich Innenr\u00e4ume \u00fcberm\u00e4\u00dfig makellos anf\u00fchlen, und verleiht ihnen Authentizit\u00e4t und W\u00e4rme, die sie zu echtem Wohngef\u00fchl machen.<\/p>\n<figure class=\"van-image-figure inline-layout \" data-bordeaux-image-check id=\"fc713ceb-84ea-45ee-b920-95ae1d56f578\">\n<div class=\"image-full-width-wrapper\">\n<div class=\"image-widthsetter\" style=\"max-width:4000px;\"><\/div>\n<\/div>\n<\/figure>\n<p id=\"4e09cb94-b1ba-46c2-8914-4f1aa796e998\">Und dann ist da noch Stein, ein Material, das schon immer zu meinen pers\u00f6nlichen Favoriten geh\u00f6rte. Wie ich bereits erw\u00e4hnt habe, gehe ich bei der Verwendung mit Bedacht und Bedacht vor und stelle sicher, dass es den Raum nie \u00fcberfordert, sondern die anderen Elemente erg\u00e4nzt. Stein strahlt Eleganz und Best\u00e4ndigkeit aus, doch in Kombination mit der W\u00e4rme von Eiche und der Weichheit von Leinen entsteht eine perfekte Balance. Eine Arbeitsplatte aus geschliffenem Marmor beispielsweise wirkt zug\u00e4nglich und entspannt, wenn sie mit einem warmen Eichenschrank und mit Leinen gepolsterten Esszimmerst\u00fchlen kombiniert wird. Es ist dieses Zusammenspiel von weich und hart, warm und k\u00fchl, raffiniert und entspannt, das Innenr\u00e4ume schafft, die nicht nur optisch ausgewogen, sondern auch emotional ansprechend sind.<\/p>\n<p>Stein verankert einen Raum, aber in Kombination mit Eiche und Leinen wird er eher zum Teil eines gr\u00f6\u00dferen Gespr\u00e4chs als zu einer eigenst\u00e4ndigen Aussage. W\u00e4hrend ich in meinen Projekten viele andere Oberfl\u00e4chen verwende, bilden Leinen, Eiche und Stein fast immer die Grundlage jeder Palette. Sie fungieren als Ankerpunkte, von denen aus alles andere \u2013 Metalle, Glas, Putz, Stoffe und Farbakzente \u2013 aufbauen und gedeihen kann.<\/p>\n<p>Jedes bringt etwas Besonderes mit sich: Leinen macht weich und entspannt, Eiche erdet und w\u00e4rmt und Stein verleiht St\u00e4rke und Stabilit\u00e4t. F\u00fcr sich genommen sind sie wundersch\u00f6n; Gemeinsam schaffen sie eine Harmonie, die einen Raum \u00fcber die \u00c4sthetik hinaus zu einem Erlebnisraum erhebt.<\/p>\n<p>F\u00fcr mich geht es bei diesem Trio weniger darum, Designtrends zu folgen, als vielmehr darum, eine Philosophie zu verk\u00f6rpern, wie sich ein Zuhause anf\u00fchlen sollte \u2013 zeitlos, vielschichtig und \u00e4u\u00dferst komfortabel. Sie spiegeln die Ausgewogenheit wider, die ich bei jedem Projekt anstrebe, und sorgen daf\u00fcr, dass die von uns geschaffenen R\u00e4ume nicht nur gesehen, sondern wirklich gef\u00fchlt werden.<\/p>\n<p>Letztlich sind Leinen, Eiche und Stein Materialien, die mir nie langweilig werden. Jedes ist einzigartig, aber zusammen bilden sie ein perfektes Gleichgewicht \u2013 und schaffen so authentische, funktionale und langlebige Innenr\u00e4ume.<\/p>\n<\/div>\n","protected":false},"excerpt":{"rendered":"<p>Wenn man an ein Projekt herangeht, ist Ausgewogenheit meiner Meinung nach eines der wesentlichsten Designprinzipien. Zu viel von einem einzelnen Element kann einen Raum \u00fcberw\u00e4ltigen,<\/p>\n","protected":false},"author":1,"featured_media":8892,"comment_status":"closed","ping_status":"","sticky":false,"template":"","format":"standard","meta":{"footnotes":""},"categories":[118],"tags":[11227,851,43,22,3057,53,129,8274,5548,2285,460,182,165,37,783,207,1076,1865,27,1349],"class_list":["post-8891","post","type-post","status-publish","format-standard","has-post-thumbnail","hentry","category-haus-garten","tag-derer","tag-drei","tag-ein","tag-einem","tag-gefuehl","tag-gibt","tag-ich","tag-magisches","tag-materialien","tag-muede","tag-nie","tag-raum","tag-sie","tag-und","tag-verleihen","tag-verwendet","tag-wenn","tag-werde","tag-werden","tag-zusammen","generate-columns","tablet-grid-50","mobile-grid-100","grid-parent","grid-50"],"yoast_head":"<!-- This site is optimized with the Yoast SEO plugin v27.3 - https:\/\/yoast.com\/product\/yoast-seo-wordpress\/ -->\n<title>Es gibt drei Materialien, derer ich nie m\u00fcde werde \u2013 und wenn sie zusammen verwendet werden, verleihen sie einem Raum ein magisches Gef\u00fchl - Nachrichten - Stra\u00dfenweb<\/title>\n<meta name=\"robots\" content=\"index, follow, max-snippet:-1, max-image-preview:large, max-video-preview:-1\" \/>\n<link rel=\"canonical\" href=\"https:\/\/www.strassenweb.de\/nachrichten\/es-gibt-drei-materialien-derer-ich-nie-muede-werde-und-wenn-sie-zusammen-verwendet-werden-verleihen-sie-einem-raum-ein-magisches-gefuehl\/\" \/>\n<meta property=\"og:locale\" content=\"de_DE\" \/>\n<meta property=\"og:type\" content=\"article\" \/>\n<meta property=\"og:title\" content=\"Es gibt drei Materialien, derer ich nie m\u00fcde werde \u2013 und wenn sie zusammen verwendet werden, verleihen sie einem Raum ein magisches Gef\u00fchl - Nachrichten - Stra\u00dfenweb\" \/>\n<meta property=\"og:description\" content=\"Wenn man an ein Projekt herangeht, ist Ausgewogenheit meiner Meinung nach eines der wesentlichsten Designprinzipien. Zu viel von einem einzelnen Element kann einen Raum \u00fcberw\u00e4ltigen,\" \/>\n<meta property=\"og:url\" content=\"https:\/\/www.strassenweb.de\/nachrichten\/es-gibt-drei-materialien-derer-ich-nie-muede-werde-und-wenn-sie-zusammen-verwendet-werden-verleihen-sie-einem-raum-ein-magisches-gefuehl\/\" \/>\n<meta property=\"og:site_name\" content=\"Stra\u00dfenweb\" \/>\n<meta property=\"article:publisher\" content=\"https:\/\/www.facebook.com\/strassenweb\/\" \/>\n<meta property=\"article:published_time\" content=\"2025-10-30T11:39:18+00:00\" \/>\n<meta property=\"article:modified_time\" content=\"2025-10-30T11:39:19+00:00\" \/>\n<meta property=\"og:image\" content=\"https:\/\/www.strassenweb.de\/nachrichten\/wp-content\/uploads\/2025\/10\/Es-gibt-drei-Materialien-derer-ich-nie-muede-werde-\u2013.jpg\" \/>\n\t<meta property=\"og:image:width\" content=\"1959\" \/>\n\t<meta property=\"og:image:height\" content=\"1101\" \/>\n\t<meta property=\"og:image:type\" content=\"image\/jpeg\" \/>\n<meta name=\"author\" content=\"Robert Hoffmann\" \/>\n<meta name=\"twitter:card\" content=\"summary_large_image\" \/>\n<meta name=\"twitter:label1\" content=\"Verfasst von\" \/>\n\t<meta name=\"twitter:data1\" content=\"Robert Hoffmann\" \/>\n\t<meta name=\"twitter:label2\" content=\"Gesch\u00e4tzte Lesezeit\" \/>\n\t<meta name=\"twitter:data2\" content=\"5\u00a0Minuten\" \/>\n<script type=\"application\/ld+json\" class=\"yoast-schema-graph\">{\"@context\":\"https:\\\/\\\/schema.org\",\"@graph\":[{\"@type\":\"Article\",\"@id\":\"https:\\\/\\\/www.strassenweb.de\\\/nachrichten\\\/es-gibt-drei-materialien-derer-ich-nie-muede-werde-und-wenn-sie-zusammen-verwendet-werden-verleihen-sie-einem-raum-ein-magisches-gefuehl\\\/#article\",\"isPartOf\":{\"@id\":\"https:\\\/\\\/www.strassenweb.de\\\/nachrichten\\\/es-gibt-drei-materialien-derer-ich-nie-muede-werde-und-wenn-sie-zusammen-verwendet-werden-verleihen-sie-einem-raum-ein-magisches-gefuehl\\\/\"},\"author\":{\"name\":\"Robert Hoffmann\",\"@id\":\"https:\\\/\\\/www.strassenweb.de\\\/nachrichten\\\/#\\\/schema\\\/person\\\/87c9c9067f1211da429a744dc5a5aa41\"},\"headline\":\"Es gibt drei Materialien, derer ich nie m\u00fcde werde \u2013 und wenn sie zusammen verwendet werden, verleihen sie einem Raum ein magisches Gef\u00fchl\",\"datePublished\":\"2025-10-30T11:39:18+00:00\",\"dateModified\":\"2025-10-30T11:39:19+00:00\",\"mainEntityOfPage\":{\"@id\":\"https:\\\/\\\/www.strassenweb.de\\\/nachrichten\\\/es-gibt-drei-materialien-derer-ich-nie-muede-werde-und-wenn-sie-zusammen-verwendet-werden-verleihen-sie-einem-raum-ein-magisches-gefuehl\\\/\"},\"wordCount\":1017,\"publisher\":{\"@id\":\"https:\\\/\\\/www.strassenweb.de\\\/nachrichten\\\/#organization\"},\"image\":{\"@id\":\"https:\\\/\\\/www.strassenweb.de\\\/nachrichten\\\/es-gibt-drei-materialien-derer-ich-nie-muede-werde-und-wenn-sie-zusammen-verwendet-werden-verleihen-sie-einem-raum-ein-magisches-gefuehl\\\/#primaryimage\"},\"thumbnailUrl\":\"https:\\\/\\\/www.strassenweb.de\\\/nachrichten\\\/wp-content\\\/uploads\\\/2025\\\/10\\\/Es-gibt-drei-Materialien-derer-ich-nie-muede-werde-\u2013.jpg\",\"keywords\":[\"derer\",\"drei\",\"ein\",\"einem\",\"Gef\u00fchl\",\"gibt\",\"ich\",\"magisches\",\"Materialien\",\"m\u00fcde\",\"nie\",\"Raum\",\"Sie\",\"und\",\"verleihen\",\"verwendet\",\"wenn\",\"werde\",\"werden\",\"zusammen\"],\"articleSection\":[\"Haus &amp; Garten\"],\"inLanguage\":\"de\"},{\"@type\":\"WebPage\",\"@id\":\"https:\\\/\\\/www.strassenweb.de\\\/nachrichten\\\/es-gibt-drei-materialien-derer-ich-nie-muede-werde-und-wenn-sie-zusammen-verwendet-werden-verleihen-sie-einem-raum-ein-magisches-gefuehl\\\/\",\"url\":\"https:\\\/\\\/www.strassenweb.de\\\/nachrichten\\\/es-gibt-drei-materialien-derer-ich-nie-muede-werde-und-wenn-sie-zusammen-verwendet-werden-verleihen-sie-einem-raum-ein-magisches-gefuehl\\\/\",\"name\":\"Es gibt drei Materialien, derer ich nie m\u00fcde werde \u2013 und wenn sie zusammen verwendet werden, verleihen sie einem Raum ein magisches Gef\u00fchl - Nachrichten - Stra\u00dfenweb\",\"isPartOf\":{\"@id\":\"https:\\\/\\\/www.strassenweb.de\\\/nachrichten\\\/#website\"},\"primaryImageOfPage\":{\"@id\":\"https:\\\/\\\/www.strassenweb.de\\\/nachrichten\\\/es-gibt-drei-materialien-derer-ich-nie-muede-werde-und-wenn-sie-zusammen-verwendet-werden-verleihen-sie-einem-raum-ein-magisches-gefuehl\\\/#primaryimage\"},\"image\":{\"@id\":\"https:\\\/\\\/www.strassenweb.de\\\/nachrichten\\\/es-gibt-drei-materialien-derer-ich-nie-muede-werde-und-wenn-sie-zusammen-verwendet-werden-verleihen-sie-einem-raum-ein-magisches-gefuehl\\\/#primaryimage\"},\"thumbnailUrl\":\"https:\\\/\\\/www.strassenweb.de\\\/nachrichten\\\/wp-content\\\/uploads\\\/2025\\\/10\\\/Es-gibt-drei-Materialien-derer-ich-nie-muede-werde-\u2013.jpg\",\"datePublished\":\"2025-10-30T11:39:18+00:00\",\"dateModified\":\"2025-10-30T11:39:19+00:00\",\"breadcrumb\":{\"@id\":\"https:\\\/\\\/www.strassenweb.de\\\/nachrichten\\\/es-gibt-drei-materialien-derer-ich-nie-muede-werde-und-wenn-sie-zusammen-verwendet-werden-verleihen-sie-einem-raum-ein-magisches-gefuehl\\\/#breadcrumb\"},\"inLanguage\":\"de\",\"potentialAction\":[{\"@type\":\"ReadAction\",\"target\":[\"https:\\\/\\\/www.strassenweb.de\\\/nachrichten\\\/es-gibt-drei-materialien-derer-ich-nie-muede-werde-und-wenn-sie-zusammen-verwendet-werden-verleihen-sie-einem-raum-ein-magisches-gefuehl\\\/\"]}]},{\"@type\":\"ImageObject\",\"inLanguage\":\"de\",\"@id\":\"https:\\\/\\\/www.strassenweb.de\\\/nachrichten\\\/es-gibt-drei-materialien-derer-ich-nie-muede-werde-und-wenn-sie-zusammen-verwendet-werden-verleihen-sie-einem-raum-ein-magisches-gefuehl\\\/#primaryimage\",\"url\":\"https:\\\/\\\/www.strassenweb.de\\\/nachrichten\\\/wp-content\\\/uploads\\\/2025\\\/10\\\/Es-gibt-drei-Materialien-derer-ich-nie-muede-werde-\u2013.jpg\",\"contentUrl\":\"https:\\\/\\\/www.strassenweb.de\\\/nachrichten\\\/wp-content\\\/uploads\\\/2025\\\/10\\\/Es-gibt-drei-Materialien-derer-ich-nie-muede-werde-\u2013.jpg\",\"width\":1959,\"height\":1101,\"caption\":\"Es gibt drei Materialien, derer ich nie m\u00fcde werde \u2013 und wenn sie zusammen verwendet werden, verleihen sie einem Raum ein magisches Gef\u00fchl\"},{\"@type\":\"BreadcrumbList\",\"@id\":\"https:\\\/\\\/www.strassenweb.de\\\/nachrichten\\\/es-gibt-drei-materialien-derer-ich-nie-muede-werde-und-wenn-sie-zusammen-verwendet-werden-verleihen-sie-einem-raum-ein-magisches-gefuehl\\\/#breadcrumb\",\"itemListElement\":[{\"@type\":\"ListItem\",\"position\":1,\"name\":\"Home\",\"item\":\"https:\\\/\\\/www.strassenweb.de\\\/nachrichten\\\/\"},{\"@type\":\"ListItem\",\"position\":2,\"name\":\"Es gibt drei Materialien, derer ich nie m\u00fcde werde \u2013 und wenn sie zusammen verwendet werden, verleihen sie einem Raum ein magisches Gef\u00fchl\"}]},{\"@type\":\"WebSite\",\"@id\":\"https:\\\/\\\/www.strassenweb.de\\\/nachrichten\\\/#website\",\"url\":\"https:\\\/\\\/www.strassenweb.de\\\/nachrichten\\\/\",\"name\":\"Stra\u00dfenweb\",\"description\":\"Stra\u00dfenverzeichnis f\u00fcr Deutschland\",\"publisher\":{\"@id\":\"https:\\\/\\\/www.strassenweb.de\\\/nachrichten\\\/#organization\"},\"potentialAction\":[{\"@type\":\"SearchAction\",\"target\":{\"@type\":\"EntryPoint\",\"urlTemplate\":\"https:\\\/\\\/www.strassenweb.de\\\/nachrichten\\\/?s={search_term_string}\"},\"query-input\":{\"@type\":\"PropertyValueSpecification\",\"valueRequired\":true,\"valueName\":\"search_term_string\"}}],\"inLanguage\":\"de\"},{\"@type\":\"Organization\",\"@id\":\"https:\\\/\\\/www.strassenweb.de\\\/nachrichten\\\/#organization\",\"name\":\"Stra\u00dfenweb\",\"url\":\"https:\\\/\\\/www.strassenweb.de\\\/nachrichten\\\/\",\"logo\":{\"@type\":\"ImageObject\",\"inLanguage\":\"de\",\"@id\":\"https:\\\/\\\/www.strassenweb.de\\\/nachrichten\\\/#\\\/schema\\\/logo\\\/image\\\/\",\"url\":\"https:\\\/\\\/www.strassenweb.de\\\/nachrichten\\\/wp-content\\\/uploads\\\/2024\\\/09\\\/cropped-favicon.png\",\"contentUrl\":\"https:\\\/\\\/www.strassenweb.de\\\/nachrichten\\\/wp-content\\\/uploads\\\/2024\\\/09\\\/cropped-favicon.png\",\"width\":512,\"height\":512,\"caption\":\"Stra\u00dfenweb\"},\"image\":{\"@id\":\"https:\\\/\\\/www.strassenweb.de\\\/nachrichten\\\/#\\\/schema\\\/logo\\\/image\\\/\"},\"sameAs\":[\"https:\\\/\\\/www.facebook.com\\\/strassenweb\\\/\"]},{\"@type\":\"Person\",\"@id\":\"https:\\\/\\\/www.strassenweb.de\\\/nachrichten\\\/#\\\/schema\\\/person\\\/87c9c9067f1211da429a744dc5a5aa41\",\"name\":\"Robert Hoffmann\",\"image\":{\"@type\":\"ImageObject\",\"inLanguage\":\"de\",\"@id\":\"https:\\\/\\\/www.strassenweb.de\\\/nachrichten\\\/wp-content\\\/uploads\\\/2024\\\/09\\\/strassenweb-150x150.jpg\",\"url\":\"https:\\\/\\\/www.strassenweb.de\\\/nachrichten\\\/wp-content\\\/uploads\\\/2024\\\/09\\\/strassenweb-150x150.jpg\",\"contentUrl\":\"https:\\\/\\\/www.strassenweb.de\\\/nachrichten\\\/wp-content\\\/uploads\\\/2024\\\/09\\\/strassenweb-150x150.jpg\",\"caption\":\"Robert Hoffmann\"},\"description\":\"Ich hei\u00dfe Robert Hoffmann und ich bin ein leidenschaftlicher Verfechter von \u00d6kologie und Biodiversit\u00e4t. Seit meiner Kindheit in den W\u00e4ldern Bayerns f\u00fchle ich mich mit der Natur verbunden und bin entschlossen, sie zu sch\u00fctzen. Heute widme ich mein Leben der Sensibilisierung anderer f\u00fcr die Bedeutung des Umweltschutzes f\u00fcr zuk\u00fcnftige Generationen.\",\"sameAs\":[\"https:\\\/\\\/www.strassenweb.de\\\/\"]}]}<\/script>\n<!-- \/ Yoast SEO plugin. -->","yoast_head_json":{"title":"Es gibt drei Materialien, derer ich nie m\u00fcde werde \u2013 und wenn sie zusammen verwendet werden, verleihen sie einem Raum ein magisches Gef\u00fchl - Nachrichten - Stra\u00dfenweb","robots":{"index":"index","follow":"follow","max-snippet":"max-snippet:-1","max-image-preview":"max-image-preview:large","max-video-preview":"max-video-preview:-1"},"canonical":"https:\/\/www.strassenweb.de\/nachrichten\/es-gibt-drei-materialien-derer-ich-nie-muede-werde-und-wenn-sie-zusammen-verwendet-werden-verleihen-sie-einem-raum-ein-magisches-gefuehl\/","og_locale":"de_DE","og_type":"article","og_title":"Es gibt drei Materialien, derer ich nie m\u00fcde werde \u2013 und wenn sie zusammen verwendet werden, verleihen sie einem Raum ein magisches Gef\u00fchl - Nachrichten - Stra\u00dfenweb","og_description":"Wenn man an ein Projekt herangeht, ist Ausgewogenheit meiner Meinung nach eines der wesentlichsten Designprinzipien. Zu viel von einem einzelnen Element kann einen Raum \u00fcberw\u00e4ltigen,","og_url":"https:\/\/www.strassenweb.de\/nachrichten\/es-gibt-drei-materialien-derer-ich-nie-muede-werde-und-wenn-sie-zusammen-verwendet-werden-verleihen-sie-einem-raum-ein-magisches-gefuehl\/","og_site_name":"Stra\u00dfenweb","article_publisher":"https:\/\/www.facebook.com\/strassenweb\/","article_published_time":"2025-10-30T11:39:18+00:00","article_modified_time":"2025-10-30T11:39:19+00:00","og_image":[{"width":1959,"height":1101,"url":"https:\/\/www.strassenweb.de\/nachrichten\/wp-content\/uploads\/2025\/10\/Es-gibt-drei-Materialien-derer-ich-nie-muede-werde-\u2013.jpg","type":"image\/jpeg"}],"author":"Robert Hoffmann","twitter_card":"summary_large_image","twitter_misc":{"Verfasst von":"Robert Hoffmann","Gesch\u00e4tzte Lesezeit":"5\u00a0Minuten"},"schema":{"@context":"https:\/\/schema.org","@graph":[{"@type":"Article","@id":"https:\/\/www.strassenweb.de\/nachrichten\/es-gibt-drei-materialien-derer-ich-nie-muede-werde-und-wenn-sie-zusammen-verwendet-werden-verleihen-sie-einem-raum-ein-magisches-gefuehl\/#article","isPartOf":{"@id":"https:\/\/www.strassenweb.de\/nachrichten\/es-gibt-drei-materialien-derer-ich-nie-muede-werde-und-wenn-sie-zusammen-verwendet-werden-verleihen-sie-einem-raum-ein-magisches-gefuehl\/"},"author":{"name":"Robert Hoffmann","@id":"https:\/\/www.strassenweb.de\/nachrichten\/#\/schema\/person\/87c9c9067f1211da429a744dc5a5aa41"},"headline":"Es gibt drei Materialien, derer ich nie m\u00fcde werde \u2013 und wenn sie zusammen verwendet werden, verleihen sie einem Raum ein magisches Gef\u00fchl","datePublished":"2025-10-30T11:39:18+00:00","dateModified":"2025-10-30T11:39:19+00:00","mainEntityOfPage":{"@id":"https:\/\/www.strassenweb.de\/nachrichten\/es-gibt-drei-materialien-derer-ich-nie-muede-werde-und-wenn-sie-zusammen-verwendet-werden-verleihen-sie-einem-raum-ein-magisches-gefuehl\/"},"wordCount":1017,"publisher":{"@id":"https:\/\/www.strassenweb.de\/nachrichten\/#organization"},"image":{"@id":"https:\/\/www.strassenweb.de\/nachrichten\/es-gibt-drei-materialien-derer-ich-nie-muede-werde-und-wenn-sie-zusammen-verwendet-werden-verleihen-sie-einem-raum-ein-magisches-gefuehl\/#primaryimage"},"thumbnailUrl":"https:\/\/www.strassenweb.de\/nachrichten\/wp-content\/uploads\/2025\/10\/Es-gibt-drei-Materialien-derer-ich-nie-muede-werde-\u2013.jpg","keywords":["derer","drei","ein","einem","Gef\u00fchl","gibt","ich","magisches","Materialien","m\u00fcde","nie","Raum","Sie","und","verleihen","verwendet","wenn","werde","werden","zusammen"],"articleSection":["Haus &amp; Garten"],"inLanguage":"de"},{"@type":"WebPage","@id":"https:\/\/www.strassenweb.de\/nachrichten\/es-gibt-drei-materialien-derer-ich-nie-muede-werde-und-wenn-sie-zusammen-verwendet-werden-verleihen-sie-einem-raum-ein-magisches-gefuehl\/","url":"https:\/\/www.strassenweb.de\/nachrichten\/es-gibt-drei-materialien-derer-ich-nie-muede-werde-und-wenn-sie-zusammen-verwendet-werden-verleihen-sie-einem-raum-ein-magisches-gefuehl\/","name":"Es gibt drei Materialien, derer ich nie m\u00fcde werde \u2013 und wenn sie zusammen verwendet werden, verleihen sie einem Raum ein magisches Gef\u00fchl - Nachrichten - Stra\u00dfenweb","isPartOf":{"@id":"https:\/\/www.strassenweb.de\/nachrichten\/#website"},"primaryImageOfPage":{"@id":"https:\/\/www.strassenweb.de\/nachrichten\/es-gibt-drei-materialien-derer-ich-nie-muede-werde-und-wenn-sie-zusammen-verwendet-werden-verleihen-sie-einem-raum-ein-magisches-gefuehl\/#primaryimage"},"image":{"@id":"https:\/\/www.strassenweb.de\/nachrichten\/es-gibt-drei-materialien-derer-ich-nie-muede-werde-und-wenn-sie-zusammen-verwendet-werden-verleihen-sie-einem-raum-ein-magisches-gefuehl\/#primaryimage"},"thumbnailUrl":"https:\/\/www.strassenweb.de\/nachrichten\/wp-content\/uploads\/2025\/10\/Es-gibt-drei-Materialien-derer-ich-nie-muede-werde-\u2013.jpg","datePublished":"2025-10-30T11:39:18+00:00","dateModified":"2025-10-30T11:39:19+00:00","breadcrumb":{"@id":"https:\/\/www.strassenweb.de\/nachrichten\/es-gibt-drei-materialien-derer-ich-nie-muede-werde-und-wenn-sie-zusammen-verwendet-werden-verleihen-sie-einem-raum-ein-magisches-gefuehl\/#breadcrumb"},"inLanguage":"de","potentialAction":[{"@type":"ReadAction","target":["https:\/\/www.strassenweb.de\/nachrichten\/es-gibt-drei-materialien-derer-ich-nie-muede-werde-und-wenn-sie-zusammen-verwendet-werden-verleihen-sie-einem-raum-ein-magisches-gefuehl\/"]}]},{"@type":"ImageObject","inLanguage":"de","@id":"https:\/\/www.strassenweb.de\/nachrichten\/es-gibt-drei-materialien-derer-ich-nie-muede-werde-und-wenn-sie-zusammen-verwendet-werden-verleihen-sie-einem-raum-ein-magisches-gefuehl\/#primaryimage","url":"https:\/\/www.strassenweb.de\/nachrichten\/wp-content\/uploads\/2025\/10\/Es-gibt-drei-Materialien-derer-ich-nie-muede-werde-\u2013.jpg","contentUrl":"https:\/\/www.strassenweb.de\/nachrichten\/wp-content\/uploads\/2025\/10\/Es-gibt-drei-Materialien-derer-ich-nie-muede-werde-\u2013.jpg","width":1959,"height":1101,"caption":"Es gibt drei Materialien, derer ich nie m\u00fcde werde \u2013 und wenn sie zusammen verwendet werden, verleihen sie einem Raum ein magisches Gef\u00fchl"},{"@type":"BreadcrumbList","@id":"https:\/\/www.strassenweb.de\/nachrichten\/es-gibt-drei-materialien-derer-ich-nie-muede-werde-und-wenn-sie-zusammen-verwendet-werden-verleihen-sie-einem-raum-ein-magisches-gefuehl\/#breadcrumb","itemListElement":[{"@type":"ListItem","position":1,"name":"Home","item":"https:\/\/www.strassenweb.de\/nachrichten\/"},{"@type":"ListItem","position":2,"name":"Es gibt drei Materialien, derer ich nie m\u00fcde werde \u2013 und wenn sie zusammen verwendet werden, verleihen sie einem Raum ein magisches Gef\u00fchl"}]},{"@type":"WebSite","@id":"https:\/\/www.strassenweb.de\/nachrichten\/#website","url":"https:\/\/www.strassenweb.de\/nachrichten\/","name":"Stra\u00dfenweb","description":"Stra\u00dfenverzeichnis f\u00fcr Deutschland","publisher":{"@id":"https:\/\/www.strassenweb.de\/nachrichten\/#organization"},"potentialAction":[{"@type":"SearchAction","target":{"@type":"EntryPoint","urlTemplate":"https:\/\/www.strassenweb.de\/nachrichten\/?s={search_term_string}"},"query-input":{"@type":"PropertyValueSpecification","valueRequired":true,"valueName":"search_term_string"}}],"inLanguage":"de"},{"@type":"Organization","@id":"https:\/\/www.strassenweb.de\/nachrichten\/#organization","name":"Stra\u00dfenweb","url":"https:\/\/www.strassenweb.de\/nachrichten\/","logo":{"@type":"ImageObject","inLanguage":"de","@id":"https:\/\/www.strassenweb.de\/nachrichten\/#\/schema\/logo\/image\/","url":"https:\/\/www.strassenweb.de\/nachrichten\/wp-content\/uploads\/2024\/09\/cropped-favicon.png","contentUrl":"https:\/\/www.strassenweb.de\/nachrichten\/wp-content\/uploads\/2024\/09\/cropped-favicon.png","width":512,"height":512,"caption":"Stra\u00dfenweb"},"image":{"@id":"https:\/\/www.strassenweb.de\/nachrichten\/#\/schema\/logo\/image\/"},"sameAs":["https:\/\/www.facebook.com\/strassenweb\/"]},{"@type":"Person","@id":"https:\/\/www.strassenweb.de\/nachrichten\/#\/schema\/person\/87c9c9067f1211da429a744dc5a5aa41","name":"Robert Hoffmann","image":{"@type":"ImageObject","inLanguage":"de","@id":"https:\/\/www.strassenweb.de\/nachrichten\/wp-content\/uploads\/2024\/09\/strassenweb-150x150.jpg","url":"https:\/\/www.strassenweb.de\/nachrichten\/wp-content\/uploads\/2024\/09\/strassenweb-150x150.jpg","contentUrl":"https:\/\/www.strassenweb.de\/nachrichten\/wp-content\/uploads\/2024\/09\/strassenweb-150x150.jpg","caption":"Robert Hoffmann"},"description":"Ich hei\u00dfe Robert Hoffmann und ich bin ein leidenschaftlicher Verfechter von \u00d6kologie und Biodiversit\u00e4t. Seit meiner Kindheit in den W\u00e4ldern Bayerns f\u00fchle ich mich mit der Natur verbunden und bin entschlossen, sie zu sch\u00fctzen. Heute widme ich mein Leben der Sensibilisierung anderer f\u00fcr die Bedeutung des Umweltschutzes f\u00fcr zuk\u00fcnftige Generationen.","sameAs":["https:\/\/www.strassenweb.de\/"]}]}},"_links":{"self":[{"href":"https:\/\/www.strassenweb.de\/nachrichten\/wp-json\/wp\/v2\/posts\/8891","targetHints":{"allow":["GET"]}}],"collection":[{"href":"https:\/\/www.strassenweb.de\/nachrichten\/wp-json\/wp\/v2\/posts"}],"about":[{"href":"https:\/\/www.strassenweb.de\/nachrichten\/wp-json\/wp\/v2\/types\/post"}],"author":[{"embeddable":true,"href":"https:\/\/www.strassenweb.de\/nachrichten\/wp-json\/wp\/v2\/users\/1"}],"replies":[{"embeddable":true,"href":"https:\/\/www.strassenweb.de\/nachrichten\/wp-json\/wp\/v2\/comments?post=8891"}],"version-history":[{"count":0,"href":"https:\/\/www.strassenweb.de\/nachrichten\/wp-json\/wp\/v2\/posts\/8891\/revisions"}],"wp:featuredmedia":[{"embeddable":true,"href":"https:\/\/www.strassenweb.de\/nachrichten\/wp-json\/wp\/v2\/media\/8892"}],"wp:attachment":[{"href":"https:\/\/www.strassenweb.de\/nachrichten\/wp-json\/wp\/v2\/media?parent=8891"}],"wp:term":[{"taxonomy":"category","embeddable":true,"href":"https:\/\/www.strassenweb.de\/nachrichten\/wp-json\/wp\/v2\/categories?post=8891"},{"taxonomy":"post_tag","embeddable":true,"href":"https:\/\/www.strassenweb.de\/nachrichten\/wp-json\/wp\/v2\/tags?post=8891"}],"curies":[{"name":"wp","href":"https:\/\/api.w.org\/{rel}","templated":true}]}}