{"id":8882,"date":"2025-10-30T06:39:17","date_gmt":"2025-10-30T05:39:17","guid":{"rendered":"https:\/\/www.strassenweb.de\/nachrichten\/5-massgeschneiderte-kuechenmerkmale-die-designer-ihrer-meinung-nach-in-betracht-ziehen-sollten-wenn-sie-im-jahr-2026-umbauen\/"},"modified":"2025-10-30T06:39:18","modified_gmt":"2025-10-30T05:39:18","slug":"5-massgeschneiderte-kuechenmerkmale-die-designer-ihrer-meinung-nach-in-betracht-ziehen-sollten-wenn-sie-im-jahr-2026-umbauen","status":"publish","type":"post","link":"https:\/\/www.strassenweb.de\/nachrichten\/5-massgeschneiderte-kuechenmerkmale-die-designer-ihrer-meinung-nach-in-betracht-ziehen-sollten-wenn-sie-im-jahr-2026-umbauen\/","title":{"rendered":"5 ma\u00dfgeschneiderte K\u00fcchenmerkmale, die Designer Ihrer Meinung nach in Betracht ziehen sollten, wenn Sie im Jahr 2026 umbauen"},"content":{"rendered":"<p><\/p>\n<div id=\"article-body\" class=\"article__body \">\n<p id=\"d9e391f5-656e-4696-ba23-ec3ed7fae777\">K\u00fcchen legen gro\u00dfen Wert auf Personalisierung und Elemente, die den Alltag aufwerten. Und genau aus diesem Grund werden individuelle K\u00fcchenausstattungen immer gefragter.<\/p>\n<div id=\"ad-unit-1\" class=\"ad-unit\"><\/div>\n<p>W\u00e4hrend die meisten Designer ein vollst\u00e4ndig individuelles Design bevorzugen, k\u00f6nnen selbst kleine Elemente Ihre K\u00fcchenideen einzigartig machen und gleichzeitig die Funktionalit\u00e4t erh\u00f6hen. Von unerwartetem Stauraum bis hin zu ma\u00dfgeschneiderten Sitzm\u00f6beln gibt es so viele M\u00f6glichkeiten, diese einzigartigen Details einzuf\u00fchren.<\/p>\n<aside data-block-type=\"embed\" data-render-type=\"fte\" data-skip=\"dealsy\" data-widget-type=\"seasonal\" class=\"hawk-root\"><\/aside>\n<p id=\"d9e391f5-656e-4696-ba23-ec3ed7fae777-2\" class=\"paywall\" aria-hidden=\"true\">Und es gibt ein paar unverzichtbare kundenspezifische Funktionen, die Sie nach Ansicht der Designer ber\u00fccksichtigen sollten, wenn Sie im Jahr 2026 umbauen. Dies sind die f\u00fcnf, die sie am meisten bef\u00fcrworten.<\/p>\n<div class=\"van_vid_carousel\">\n<div class=\"van_vid_carousel__padding\">\n<div class=\"van_vid_carousel__container\"><\/div>\n<\/div>\n<\/div>\n<h2 id=\"5-custom-kitchen-features-to-consider-3\">5 ma\u00dfgeschneiderte K\u00fcchenfunktionen, die Sie ber\u00fccksichtigen sollten<\/h2>\n<p id=\"f0a66a96-6c34-447d-ac79-98ee87bb6e23\">F\u00fcr die meisten Menschen liegt eine komplett ma\u00dfgefertigte K\u00fcche au\u00dferhalb des Budgets, aber das bedeutet nicht, dass Sie nicht trotzdem ein paar kleinere ma\u00dfgefertigte Details einbauen k\u00f6nnen. M\u00f6chten Sie mehr wissen? Das sagten mir Innenarchitekten, als ich fragte, welche Sonderausstattungen es wert sind, in Betracht gezogen zu werden.<\/p>\n<div id=\"ad-unit-2\" class=\"ad-unit\"><\/div>\n<h3 class=\"article-body__section\" id=\"section-1-customize-your-cabinetry\"><span>1. Passen Sie Ihre M\u00f6bel individuell an<\/span><\/h3>\n<figure class=\"van-image-figure inline-layout \" data-bordeaux-image-check id=\"727b9310-920b-405f-8ae7-ffdf2f6f3dd2\">\n<div class=\"image-full-width-wrapper\">\n<div class=\"image-widthsetter\" style=\"max-width:2400px;\"><\/div>\n<\/div>\n<\/figure>\n<p id=\"26003e6e-2491-4974-9f9f-16a2489d80db\">Wenn Sie wirklich eine K\u00fcche mit Stauraum schaffen m\u00f6chten, die auf Ihren Lebensstil und Ihre Bed\u00fcrfnisse zugeschnitten ist, sind ma\u00dfgefertigte Schr\u00e4nke die Antwort, die Designer immer empfehlen.<\/p>\n<p>\u201eDie K\u00fcche ist einer der meistgenutzten R\u00e4ume in einem Zuhause, und gut gestaltete Schr\u00e4nke machen den Unterschied.\u201c Durch die Investition in ma\u00dfgeschneiderte M\u00f6bel k\u00f6nnen wir sowohl Funktionalit\u00e4t als auch Sch\u00f6nheit maximieren. Schon sehr fr\u00fch in einem Projekt planen wir genau, was sich hinter jeder T\u00fcr und Schublade verbirgt, sodass der endg\u00fcltige Raum \u00e4u\u00dferst effizient, intuitiv und auf den Lebensstil des Hausbesitzers zugeschnitten ist\u201c, sagt Lucy Hund, Designdirektorin bei MDI Luxury Design.<\/p>\n<p>Innenarchitektin Marie Flanigan stimmt zu und f\u00fcgt hinzu: \u201eIch empfehle immer, in ma\u00dfgefertigte Fr\u00e4sarbeiten zu investieren \u2013 sie sind das wahre Arbeitspferd der K\u00fcche.\u201c Ma\u00dfgeschneiderte Schr\u00e4nke maximieren nicht nur Stauraum und Funktion, sondern erm\u00f6glichen es Ihnen auch, jedes Detail an Ihren Lebensstil anzupassen, von der Schubladenorganisation bis hin zu versteckten Ger\u00e4tepaneelen.\u201c<\/p>\n<div id=\"slice-container-newsletterForm-articleInbodyContent-dw5ZBKAPcGZ2tswxXjq4T\" class=\"slice-container newsletter-inbodyContent-slice newsletterForm-articleInbodyContent-dw5ZBKAPcGZ2tswxXjq4T slice-container-newsletterForm\"><\/div>\n<figure class=\"van-image-figure inline-layout \" data-bordeaux-image-check id=\"6b485a77-bdba-4c58-82c7-deaea3488557\">\n<div class=\"image-full-width-wrapper\">\n<div class=\"image-widthsetter\" style=\"max-width:2000px;\"><\/div>\n<\/div>\n<\/figure>\n<p id=\"1392ee70-a091-4d5b-9061-e60ce239a02b\">Auch wenn mit ma\u00dfgefertigten Schr\u00e4nken zus\u00e4tzliche Kosten verbunden sind, k\u00f6nnen Sie bei der Lagerung und Anordnung wirklich individuell und gezielt vorgehen. Damit k\u00f6nnen Sie eine eigene Kaffeestation, Schubladen f\u00fcr Produkte und Organizer gestalten, die perfekt zu Ihren Lieblingsmessern passen.<\/p>\n<p>Qualit\u00e4t steht an erster Stelle, aber auch der Stil Ihrer ma\u00dfgefertigten Schr\u00e4nke ist wichtig. \u201eHalten Sie Ihre M\u00f6bel im Einklang mit dem architektonischen Stil Ihres Hauses.\u201c \u201eWenn sich das M\u00fchlenwerk bis ins Innerste des Hauses authentisch anf\u00fchlt \u2013 ob traditionell, modern oder irgendwo dazwischen \u2013 wird es nat\u00fcrlich zeitlos\u201c, sagt Marie.<\/p>\n<p>Und f\u00fcr ein wirklich gehobenes Design empfiehlt Lucy: \u201eF\u00fchren Sie die Schr\u00e4nke bis zur Decke und umh\u00fcllen Sie sie mit der Zierleiste des Hauses.\u201c Es sind die kleinen, aber wirkungsvollen Details, die den Unterschied ausmachen.<\/p>\n<h3 class=\"article-body__section\" id=\"section-2-create-a-cohesive-range-hood-design\"><span>2. Erstellen Sie ein zusammenh\u00e4ngendes Dunstabzugshauben-Design<\/span><\/h3>\n<figure class=\"van-image-figure inline-layout \" data-bordeaux-image-check id=\"bd1cea07-a20b-46f4-b377-f4d97e688374\">\n<div class=\"image-full-width-wrapper\">\n<div class=\"image-widthsetter\" style=\"max-width:2400px;\"><\/div>\n<\/div>\n<\/figure>\n<p id=\"ffa11052-7552-4e76-ad78-dd43df99ad94\">Wenn es ein ma\u00dfgefertigtes K\u00fcchenmerkmal gibt, das zu einem absoluten Grundbestandteil von K\u00fcchen jeder Gr\u00f6\u00dfe und Stilrichtung geworden ist, dann ist es die Dunstabzugshaube. Es nimmt ein normalerweise unansehnliches Element und macht es zu einem Design-Statement, das Zusammenhalt und einen lebendigen Stil schafft, und Designer empfehlen es weiterhin.<\/p>\n<p>\u201eDunstabzugshauben sind zentral in der K\u00fcche angebracht und oft auf Augenh\u00f6he. Sie sind ein wichtiges Element, das es richtig zu machen gilt. \u201eEine ma\u00dfgefertigte Dunstabzugshaube f\u00fcgt sich harmonisch in die Architektur und die M\u00f6bel um sie herum ein und wird zu einem eigenst\u00e4ndigen, sch\u00f6nen Element\u201c, sagt Fred Horlock, Designdirektor bei Neptune.<\/p>\n<p>Paul Kropp, Mitbegr\u00fcnder von Bakes &#038; Kropp, stimmt dem zu und f\u00fcgt hinzu: \u201eEine ma\u00dfgefertigte Dunstabzugshaube bietet die seltene Gelegenheit, etwas wirklich Einzigartiges zu schaffen, ein Statement-St\u00fcck, das sowohl seine eigene Identit\u00e4t bewahrt als auch die Essenz der K\u00fcche einf\u00e4ngt.\u201c Hier treffen Form und Funktion auf Kunstfertigkeit.\u201c<\/p>\n<figure class=\"van-image-figure inline-layout \" data-bordeaux-image-check id=\"f5b6e411-6b4f-4a86-b423-90c871d25d30\">\n<div class=\"image-full-width-wrapper\">\n<div class=\"image-widthsetter\" style=\"max-width:2000px;\"><\/div>\n<\/div>\n<\/figure>\n<p id=\"1795f51d-1d2c-477f-88d2-fe967cbf5bc5\">Um dieses individuelle Element richtig hinzubekommen, ist eine sorgf\u00e4ltige Balance erforderlich \u2013 Sie m\u00f6chten, dass es f\u00fcr sich genommen sch\u00f6n aussieht, aber es muss mit dem Rest Ihrer K\u00fcche harmonieren, unabh\u00e4ngig davon, ob es um das Material, die Farbe oder die Form geht.<\/p>\n<p>\u201eEin individuelles St\u00fcck sollte niemals isoliert existieren; Es sollte mit den umgebenden Materialien, Oberfl\u00e4chen und architektonischen Details in Einklang stehen. \u201eDas Ziel besteht darin, eine Aussage zu machen, die sich sowohl zusammenh\u00e4ngend als auch wesentlich f\u00fcr den Raum anf\u00fchlt\u201c, sagt Paul.<\/p>\n<p>\u201eF\u00fcgen Sie architektonische Akzente mit Leisten oder anspruchsvollen Profilen f\u00fcr ein traditionelles und zeitloses Design hinzu.\u201c Wenn Sie bef\u00fcrchten, dass es zu kastenf\u00f6rmig wirkt, entscheiden Sie sich f\u00fcr geschwungene Konsolen, um den Look abzumildern\u201c, f\u00fcgt Fred hinzu.<\/p>\n<h3 class=\"article-body__section\" id=\"section-3-add-an-unexpected-cup-niche\"><span>3. F\u00fcgen Sie eine unerwartete Tassennische hinzu<\/span><\/h3>\n<figure class=\"van-image-figure inline-layout \" data-bordeaux-image-check id=\"6c0ea9e3-80ec-4fee-9167-63addc2f001e\">\n<div class=\"image-full-width-wrapper\">\n<div class=\"image-widthsetter\" style=\"max-width:2400px;\"><\/div>\n<\/div>\n<\/figure>\n<p id=\"081c17af-ee7a-4ea1-b7e6-65ba141df20c\">Das Sch\u00f6ne an individuellen K\u00fcchenelementen ist, dass Sie Elemente schaffen k\u00f6nnen, die einzigartig f\u00fcr Ihren Raum sind und auf Ihren Lebensstil zugeschnitten sind. Es ist eine Gelegenheit, \u201eden ansonsten ungenutzten Raum f\u00fcr durchdachte Details zu maximieren, die zur Maximierung der Funktionalit\u00e4t beitragen\u201c, sagt Designerin Allison Lind, die die K\u00fcche oben entworfen hat.<\/p>\n<p>Bei diesem Projekt befand sich unterhalb des Fensters etwas ungenutzter Raum, den sie als bezaubernde Tassennische f\u00fcr Morgenrituale umgestaltete. \u201eIndem wir einfach etwas Platz unter einer vorhandenen Fensternische einnahmen, verwandelten wir eine leere Wand in ein niedliches kleines Regal f\u00fcr Kaffeetassen und das ansonsten einfache Fensterbrett in eine Kaffeestation\u201c, erkl\u00e4rt sie.<\/p>\n<p>\u201eDurch die Verwendung des gleichen Materials wie die M\u00f6bel wirkt es besonders individuell und besonders, obwohl es sich um eine einfache Erg\u00e4nzung handelt\u201c, erinnert sie sich. Es ist ein kleines Detail, aber eines, das den Alltag sofort verbessert und aufwertet und gleichzeitig f\u00fcr Ordnung auf der Arbeitsplatte sorgt.<\/p>\n<p>Wenn Sie diesen Stil einer individuellen Nische oder eines Regals einf\u00fchren m\u00f6chten, achten Sie bei der Pr\u00e4sentation der K\u00fcchenutensilien darauf, dass diese nicht \u00fcberladen wirken. Stellen Sie sicher, dass alle Ihre Tassen zusammenh\u00e4ngend sind, wie dieses Set aus 4 Kaffeetassen von Wayfair oder diese Old Havana Mugs von Anthropologie.<\/p>\n<h3 class=\"article-body__section\" id=\"section-4-plan-for-a-cozy-breakfast-nook\"><span>4. Planen Sie eine gem\u00fctliche Fr\u00fchst\u00fccksecke ein<\/span><\/h3>\n<figure class=\"van-image-figure inline-layout \" data-bordeaux-image-check id=\"3f699c70-1fdc-409a-8308-10d5483c33ca\">\n<div class=\"image-full-width-wrapper\">\n<div class=\"image-widthsetter\" style=\"max-width:2400px;\"><\/div>\n<\/div>\n<\/figure>\n<p id=\"e476fe9f-f991-4e96-ba65-b02fa4d1a776\">Von der Fr\u00fchst\u00fccksecke bis zum Essbereich werden diese gem\u00fctlichen Essbereiche zu einem Muss in jeder K\u00fcche. Und wenn Sie sich f\u00fcr eine Bankettbestuhlung entscheiden, empfehlen Designer immer, sich f\u00fcr ein individuelles Design zu entscheiden, wie diese charmante Kabinenk\u00fcche, bei der sich die Bankettbank nahtlos in den Rest des Gesamtkonzepts einf\u00fcgt.<\/p>\n<p>\u201eSchaffen Sie eine K\u00fcche, die nicht nur ein Ort zum Zubereiten von Mahlzeiten ist, sondern auch ein Ort, an dem sich Familie und Freunde treffen k\u00f6nnen.\u201c \u201eDer Einbau einer gem\u00fctlichen Essecke ist eine gro\u00dfartige M\u00f6glichkeit, die Funktionalit\u00e4t der K\u00fcche zu erweitern und ihr gleichzeitig eine etwas heimeligere Atmosph\u00e4re zu verleihen\u201c, sagt Allison.<\/p>\n<p>\u201eVerwenden Sie das gleiche M\u00f6belmaterial oder die gleiche Farbe wie die K\u00fcchenschr\u00e4nke, damit es nahtlos und gewollt wirkt.\u201c Aber f\u00fcgen Sie ein paar lustige Polster und Kissen hinzu, um die harten Oberfl\u00e4chen des Raums aufzulockern\u201c, schl\u00e4gt sie vor.<\/p>\n<p>Dieses anpassbare Bankkissen von Wayfair ist in verschiedenen Farben erh\u00e4ltlich und eignet sich perfekt, um ein K\u00fcchenbankett gem\u00fctlicher zu gestalten. In Kombination mit dem Lanie-Leinen-Lendenkissen von Lulu und Georgia erhalten Sie den perfekten, erh\u00f6hten Sitzbereich.<\/p>\n<h3 class=\"article-body__section\" id=\"section-5-layer-in-a-custom-lighting-scheme\"><span>5. F\u00fcgen Sie ein benutzerdefiniertes Beleuchtungsschema hinzu<\/span><\/h3>\n<figure class=\"van-image-figure inline-layout \" data-bordeaux-image-check id=\"f741722a-bd56-44e4-b9aa-ecf42d3c87c0\">\n<div class=\"image-full-width-wrapper\">\n<div class=\"image-widthsetter\" style=\"max-width:2400px;\"><\/div>\n<\/div>\n<\/figure>\n<p id=\"034ea753-8d34-417c-8518-d6ed00789478\">Ein etwas anderer Ansatz, aber Designer raten oft dazu, ein individuelles Beleuchtungsschema zu kuratieren. Es stellt sicher, dass Ihr Kochbereich funktional bleibt und sorgt gleichzeitig f\u00fcr eine Atmosph\u00e4re, eine Ausgewogenheit, die Sie ohne ein individuelles Design einfach nicht erreichen k\u00f6nnen.<\/p>\n<p>\u201eIndividuelle Beleuchtung ist der stille Held jeder K\u00fcche.\u201c Sie k\u00f6nnen sich bei der schweren Arbeit nicht auf eine Handvoll Einbauleuchten verlassen. \u201eEine wirklich durchdachte K\u00fcche kombiniert ihre Beleuchtung mit Absicht und ber\u00fccksichtigt gleichzeitig Funktion, Atmosph\u00e4re und architektonische Ausgewogenheit\u201c, sagt Jordan Ross, Chefdesigner bei PCD Studios.<\/p>\n<p>\u201eMa\u00dfgeschneiderte Beleuchtung verankert den gesamten Raum\u201c, f\u00fcgt Caroline Danielson von Ferguson Home hinzu. \u201eOb durch Anh\u00e4nger oder ein Schichtschema, es verleiht Tiefe und Dimension.\u201c Es ist die Signatur, die die Stimmung definiert und den Blick lenkt \u2013 sie verk\u00fcndet, dass Sie einen besonderen Ort betreten haben, bevor ein Wort gesprochen wird.\u201c<\/p>\n<p>Eine gute M\u00f6glichkeit, dies zu erreichen, ist die Dreierregel f\u00fcr die K\u00fcchenbeleuchtung. \u201eSchichten Sie Umgebungs-, Arbeits- und Akzentbeleuchtung so, dass jede Quelle einem Zweck dient und Bewegung, Stimmung und Fokus gezielt steuert.\u201c \u201eJedes Element sollte seinen Platz verdienen und Glanz, Klarheit und Betonung mit architektonischer Pr\u00e4zision in Einklang bringen\u201c, sagt Caroline.<\/p>\n<figure class=\"van-image-figure inline-layout \" data-bordeaux-image-check id=\"872db743-4122-4486-b39b-12ec4e7cdcaa\">\n<div class=\"image-full-width-wrapper\">\n<div class=\"image-widthsetter\" style=\"max-width:2000px;\"><\/div>\n<\/div>\n<\/figure>\n<p id=\"6bdd0f13-2919-4f00-8821-0c7294b652b6\">Die geschichtete Beleuchtung in einer K\u00fcche unterscheidet sich von den gem\u00fctlicheren R\u00e4umen in Ihrem Zuhause. Es muss hell und effizient f\u00fcr die Essenszubereitung und das Kochen sein, aber dennoch warm und gem\u00fctlich zum Essen und f\u00fcr entspannte Abende. Und f\u00fcr Jordan geht es auch darum, mit der bestehenden Architektur zu arbeiten.<\/p>\n<p>\u201eEin Beleuchtungsplan sollte die Architektur des Raums ber\u00fccksichtigen und gleichzeitig den Rhythmus seiner Nutzung verbessern.\u201c Stellen Sie sich skulpturale H\u00e4ngeleuchten \u00fcber der Insel vor, um den Raum zu erden, oder f\u00fcgen Sie integrierte Arbeitsbeleuchtung unter den Oberschr\u00e4nken hinzu, um bei der Vorbereitung f\u00fcr Klarheit zu sorgen\u201c, erkl\u00e4rt Jordan.<\/p>\n<p>\u201eSie k\u00f6nnen sogar Wandleuchter hinzuf\u00fcgen, die ein Sortiment umrahmen, sodass es eher wie ein Esszimmer als wie ein Nutzraum wirkt.\u201c Fazit: Wenn es richtig gemacht wird, bewegt sich die Beleuchtung mit Ihnen. Es weckt Sie mit der ersten Tasse Kaffee und sorgt f\u00fcr die richtige Stimmung, wenn nach der Arbeit der erste Korken eines tiefen Napa-Rotes aufspringt.\u201c<\/p>\n<hr id=\"29317b58-f9b7-4d62-acd5-8afc2226a3a3\">\n<p id=\"e0aa6eca-7ff0-4464-b9d0-2ced980f1e53\">Wenn Sie im Jahr 2026 eine K\u00fcche umbauen, sollten Sie diese Merkmale in Betracht ziehen. Es sind kleine Details, die eine K\u00fcche aufwerten und einen Raum schaffen, der die Art und Weise, wie Sie ihn nutzen, wirklich unterst\u00fctzt. Ob es sich um einen eigenen Kaffeebereich handelt, der den Morgen etwas einfacher macht, oder um ein auf Ihre Bed\u00fcrfnisse zugeschnittenes Beleuchtungskonzept \u2013 es lohnt sich, bei der Planung dar\u00fcber nachzudenken.<\/p>\n<\/div>\n","protected":false},"excerpt":{"rendered":"<p>K\u00fcchen legen gro\u00dfen Wert auf Personalisierung und Elemente, die den Alltag aufwerten. Und genau aus diesem Grund werden individuelle K\u00fcchenausstattungen immer gefragter. W\u00e4hrend die meisten<\/p>\n","protected":false},"author":1,"featured_media":8883,"comment_status":"closed","ping_status":"","sticky":false,"template":"","format":"standard","meta":{"footnotes":""},"categories":[118],"tags":[9501,216,9,11,384,11210,10645,3369,341,165,560,11211,1076,8826],"class_list":["post-8882","post","type-post","status-publish","format-standard","has-post-thumbnail","hentry","category-haus-garten","tag-betracht","tag-designer","tag-die","tag-ihrer","tag-jahr","tag-kuechenmerkmale","tag-massgeschneiderte","tag-meinung","tag-nach","tag-sie","tag-sollten","tag-umbauen","tag-wenn","tag-ziehen","generate-columns","tablet-grid-50","mobile-grid-100","grid-parent","grid-50"],"yoast_head":"<!-- This site is optimized with the Yoast SEO plugin v27.3 - https:\/\/yoast.com\/product\/yoast-seo-wordpress\/ -->\n<title>5 ma\u00dfgeschneiderte K\u00fcchenmerkmale, die Designer Ihrer Meinung nach in Betracht ziehen sollten, wenn Sie im Jahr 2026 umbauen - Nachrichten - Stra\u00dfenweb<\/title>\n<meta name=\"robots\" content=\"index, follow, max-snippet:-1, max-image-preview:large, max-video-preview:-1\" \/>\n<link rel=\"canonical\" href=\"https:\/\/www.strassenweb.de\/nachrichten\/5-massgeschneiderte-kuechenmerkmale-die-designer-ihrer-meinung-nach-in-betracht-ziehen-sollten-wenn-sie-im-jahr-2026-umbauen\/\" \/>\n<meta property=\"og:locale\" content=\"de_DE\" \/>\n<meta property=\"og:type\" content=\"article\" \/>\n<meta property=\"og:title\" content=\"5 ma\u00dfgeschneiderte K\u00fcchenmerkmale, die Designer Ihrer Meinung nach in Betracht ziehen sollten, wenn Sie im Jahr 2026 umbauen - Nachrichten - Stra\u00dfenweb\" \/>\n<meta property=\"og:description\" content=\"K\u00fcchen legen gro\u00dfen Wert auf Personalisierung und Elemente, die den Alltag aufwerten. Und genau aus diesem Grund werden individuelle K\u00fcchenausstattungen immer gefragter. W\u00e4hrend die meisten\" \/>\n<meta property=\"og:url\" content=\"https:\/\/www.strassenweb.de\/nachrichten\/5-massgeschneiderte-kuechenmerkmale-die-designer-ihrer-meinung-nach-in-betracht-ziehen-sollten-wenn-sie-im-jahr-2026-umbauen\/\" \/>\n<meta property=\"og:site_name\" content=\"Stra\u00dfenweb\" \/>\n<meta property=\"article:publisher\" content=\"https:\/\/www.facebook.com\/strassenweb\/\" \/>\n<meta property=\"article:published_time\" content=\"2025-10-30T05:39:17+00:00\" \/>\n<meta property=\"article:modified_time\" content=\"2025-10-30T05:39:18+00:00\" \/>\n<meta property=\"og:image\" content=\"https:\/\/www.strassenweb.de\/nachrichten\/wp-content\/uploads\/2025\/10\/5-massgeschneiderte-Kuechenmerkmale-die-Designer-Ihrer-Meinung-nach-in-Betracht.jpg\" \/>\n\t<meta property=\"og:image:width\" content=\"1600\" \/>\n\t<meta property=\"og:image:height\" content=\"900\" \/>\n\t<meta property=\"og:image:type\" content=\"image\/jpeg\" \/>\n<meta name=\"author\" content=\"Robert Hoffmann\" \/>\n<meta name=\"twitter:card\" content=\"summary_large_image\" \/>\n<meta name=\"twitter:label1\" content=\"Verfasst von\" \/>\n\t<meta name=\"twitter:data1\" content=\"Robert Hoffmann\" \/>\n\t<meta name=\"twitter:label2\" content=\"Gesch\u00e4tzte Lesezeit\" \/>\n\t<meta name=\"twitter:data2\" content=\"8\u00a0Minuten\" \/>\n<script type=\"application\/ld+json\" class=\"yoast-schema-graph\">{\"@context\":\"https:\\\/\\\/schema.org\",\"@graph\":[{\"@type\":\"Article\",\"@id\":\"https:\\\/\\\/www.strassenweb.de\\\/nachrichten\\\/5-massgeschneiderte-kuechenmerkmale-die-designer-ihrer-meinung-nach-in-betracht-ziehen-sollten-wenn-sie-im-jahr-2026-umbauen\\\/#article\",\"isPartOf\":{\"@id\":\"https:\\\/\\\/www.strassenweb.de\\\/nachrichten\\\/5-massgeschneiderte-kuechenmerkmale-die-designer-ihrer-meinung-nach-in-betracht-ziehen-sollten-wenn-sie-im-jahr-2026-umbauen\\\/\"},\"author\":{\"name\":\"Robert Hoffmann\",\"@id\":\"https:\\\/\\\/www.strassenweb.de\\\/nachrichten\\\/#\\\/schema\\\/person\\\/87c9c9067f1211da429a744dc5a5aa41\"},\"headline\":\"5 ma\u00dfgeschneiderte K\u00fcchenmerkmale, die Designer Ihrer Meinung nach in Betracht ziehen sollten, wenn Sie im Jahr 2026 umbauen\",\"datePublished\":\"2025-10-30T05:39:17+00:00\",\"dateModified\":\"2025-10-30T05:39:18+00:00\",\"mainEntityOfPage\":{\"@id\":\"https:\\\/\\\/www.strassenweb.de\\\/nachrichten\\\/5-massgeschneiderte-kuechenmerkmale-die-designer-ihrer-meinung-nach-in-betracht-ziehen-sollten-wenn-sie-im-jahr-2026-umbauen\\\/\"},\"wordCount\":1702,\"publisher\":{\"@id\":\"https:\\\/\\\/www.strassenweb.de\\\/nachrichten\\\/#organization\"},\"image\":{\"@id\":\"https:\\\/\\\/www.strassenweb.de\\\/nachrichten\\\/5-massgeschneiderte-kuechenmerkmale-die-designer-ihrer-meinung-nach-in-betracht-ziehen-sollten-wenn-sie-im-jahr-2026-umbauen\\\/#primaryimage\"},\"thumbnailUrl\":\"https:\\\/\\\/www.strassenweb.de\\\/nachrichten\\\/wp-content\\\/uploads\\\/2025\\\/10\\\/5-massgeschneiderte-Kuechenmerkmale-die-Designer-Ihrer-Meinung-nach-in-Betracht.jpg\",\"keywords\":[\"Betracht\",\"Designer\",\"die\",\"ihrer\",\"Jahr\",\"K\u00fcchenmerkmale\",\"ma\u00dfgeschneiderte\",\"Meinung\",\"Nach\",\"Sie\",\"sollten\",\"umbauen\",\"wenn\",\"ziehen\"],\"articleSection\":[\"Haus &amp; Garten\"],\"inLanguage\":\"de\"},{\"@type\":\"WebPage\",\"@id\":\"https:\\\/\\\/www.strassenweb.de\\\/nachrichten\\\/5-massgeschneiderte-kuechenmerkmale-die-designer-ihrer-meinung-nach-in-betracht-ziehen-sollten-wenn-sie-im-jahr-2026-umbauen\\\/\",\"url\":\"https:\\\/\\\/www.strassenweb.de\\\/nachrichten\\\/5-massgeschneiderte-kuechenmerkmale-die-designer-ihrer-meinung-nach-in-betracht-ziehen-sollten-wenn-sie-im-jahr-2026-umbauen\\\/\",\"name\":\"5 ma\u00dfgeschneiderte K\u00fcchenmerkmale, die Designer Ihrer Meinung nach in Betracht ziehen sollten, wenn Sie im Jahr 2026 umbauen - Nachrichten - Stra\u00dfenweb\",\"isPartOf\":{\"@id\":\"https:\\\/\\\/www.strassenweb.de\\\/nachrichten\\\/#website\"},\"primaryImageOfPage\":{\"@id\":\"https:\\\/\\\/www.strassenweb.de\\\/nachrichten\\\/5-massgeschneiderte-kuechenmerkmale-die-designer-ihrer-meinung-nach-in-betracht-ziehen-sollten-wenn-sie-im-jahr-2026-umbauen\\\/#primaryimage\"},\"image\":{\"@id\":\"https:\\\/\\\/www.strassenweb.de\\\/nachrichten\\\/5-massgeschneiderte-kuechenmerkmale-die-designer-ihrer-meinung-nach-in-betracht-ziehen-sollten-wenn-sie-im-jahr-2026-umbauen\\\/#primaryimage\"},\"thumbnailUrl\":\"https:\\\/\\\/www.strassenweb.de\\\/nachrichten\\\/wp-content\\\/uploads\\\/2025\\\/10\\\/5-massgeschneiderte-Kuechenmerkmale-die-Designer-Ihrer-Meinung-nach-in-Betracht.jpg\",\"datePublished\":\"2025-10-30T05:39:17+00:00\",\"dateModified\":\"2025-10-30T05:39:18+00:00\",\"breadcrumb\":{\"@id\":\"https:\\\/\\\/www.strassenweb.de\\\/nachrichten\\\/5-massgeschneiderte-kuechenmerkmale-die-designer-ihrer-meinung-nach-in-betracht-ziehen-sollten-wenn-sie-im-jahr-2026-umbauen\\\/#breadcrumb\"},\"inLanguage\":\"de\",\"potentialAction\":[{\"@type\":\"ReadAction\",\"target\":[\"https:\\\/\\\/www.strassenweb.de\\\/nachrichten\\\/5-massgeschneiderte-kuechenmerkmale-die-designer-ihrer-meinung-nach-in-betracht-ziehen-sollten-wenn-sie-im-jahr-2026-umbauen\\\/\"]}]},{\"@type\":\"ImageObject\",\"inLanguage\":\"de\",\"@id\":\"https:\\\/\\\/www.strassenweb.de\\\/nachrichten\\\/5-massgeschneiderte-kuechenmerkmale-die-designer-ihrer-meinung-nach-in-betracht-ziehen-sollten-wenn-sie-im-jahr-2026-umbauen\\\/#primaryimage\",\"url\":\"https:\\\/\\\/www.strassenweb.de\\\/nachrichten\\\/wp-content\\\/uploads\\\/2025\\\/10\\\/5-massgeschneiderte-Kuechenmerkmale-die-Designer-Ihrer-Meinung-nach-in-Betracht.jpg\",\"contentUrl\":\"https:\\\/\\\/www.strassenweb.de\\\/nachrichten\\\/wp-content\\\/uploads\\\/2025\\\/10\\\/5-massgeschneiderte-Kuechenmerkmale-die-Designer-Ihrer-Meinung-nach-in-Betracht.jpg\",\"width\":1600,\"height\":900,\"caption\":\"A large neutral kitchen with custom cabinets and range hood, a large island, and a small dining space\"},{\"@type\":\"BreadcrumbList\",\"@id\":\"https:\\\/\\\/www.strassenweb.de\\\/nachrichten\\\/5-massgeschneiderte-kuechenmerkmale-die-designer-ihrer-meinung-nach-in-betracht-ziehen-sollten-wenn-sie-im-jahr-2026-umbauen\\\/#breadcrumb\",\"itemListElement\":[{\"@type\":\"ListItem\",\"position\":1,\"name\":\"Home\",\"item\":\"https:\\\/\\\/www.strassenweb.de\\\/nachrichten\\\/\"},{\"@type\":\"ListItem\",\"position\":2,\"name\":\"5 ma\u00dfgeschneiderte K\u00fcchenmerkmale, die Designer Ihrer Meinung nach in Betracht ziehen sollten, wenn Sie im Jahr 2026 umbauen\"}]},{\"@type\":\"WebSite\",\"@id\":\"https:\\\/\\\/www.strassenweb.de\\\/nachrichten\\\/#website\",\"url\":\"https:\\\/\\\/www.strassenweb.de\\\/nachrichten\\\/\",\"name\":\"Stra\u00dfenweb\",\"description\":\"Stra\u00dfenverzeichnis f\u00fcr Deutschland\",\"publisher\":{\"@id\":\"https:\\\/\\\/www.strassenweb.de\\\/nachrichten\\\/#organization\"},\"potentialAction\":[{\"@type\":\"SearchAction\",\"target\":{\"@type\":\"EntryPoint\",\"urlTemplate\":\"https:\\\/\\\/www.strassenweb.de\\\/nachrichten\\\/?s={search_term_string}\"},\"query-input\":{\"@type\":\"PropertyValueSpecification\",\"valueRequired\":true,\"valueName\":\"search_term_string\"}}],\"inLanguage\":\"de\"},{\"@type\":\"Organization\",\"@id\":\"https:\\\/\\\/www.strassenweb.de\\\/nachrichten\\\/#organization\",\"name\":\"Stra\u00dfenweb\",\"url\":\"https:\\\/\\\/www.strassenweb.de\\\/nachrichten\\\/\",\"logo\":{\"@type\":\"ImageObject\",\"inLanguage\":\"de\",\"@id\":\"https:\\\/\\\/www.strassenweb.de\\\/nachrichten\\\/#\\\/schema\\\/logo\\\/image\\\/\",\"url\":\"https:\\\/\\\/www.strassenweb.de\\\/nachrichten\\\/wp-content\\\/uploads\\\/2024\\\/09\\\/cropped-favicon.png\",\"contentUrl\":\"https:\\\/\\\/www.strassenweb.de\\\/nachrichten\\\/wp-content\\\/uploads\\\/2024\\\/09\\\/cropped-favicon.png\",\"width\":512,\"height\":512,\"caption\":\"Stra\u00dfenweb\"},\"image\":{\"@id\":\"https:\\\/\\\/www.strassenweb.de\\\/nachrichten\\\/#\\\/schema\\\/logo\\\/image\\\/\"},\"sameAs\":[\"https:\\\/\\\/www.facebook.com\\\/strassenweb\\\/\"]},{\"@type\":\"Person\",\"@id\":\"https:\\\/\\\/www.strassenweb.de\\\/nachrichten\\\/#\\\/schema\\\/person\\\/87c9c9067f1211da429a744dc5a5aa41\",\"name\":\"Robert Hoffmann\",\"image\":{\"@type\":\"ImageObject\",\"inLanguage\":\"de\",\"@id\":\"https:\\\/\\\/www.strassenweb.de\\\/nachrichten\\\/wp-content\\\/uploads\\\/2024\\\/09\\\/strassenweb-150x150.jpg\",\"url\":\"https:\\\/\\\/www.strassenweb.de\\\/nachrichten\\\/wp-content\\\/uploads\\\/2024\\\/09\\\/strassenweb-150x150.jpg\",\"contentUrl\":\"https:\\\/\\\/www.strassenweb.de\\\/nachrichten\\\/wp-content\\\/uploads\\\/2024\\\/09\\\/strassenweb-150x150.jpg\",\"caption\":\"Robert Hoffmann\"},\"description\":\"Ich hei\u00dfe Robert Hoffmann und ich bin ein leidenschaftlicher Verfechter von \u00d6kologie und Biodiversit\u00e4t. Seit meiner Kindheit in den W\u00e4ldern Bayerns f\u00fchle ich mich mit der Natur verbunden und bin entschlossen, sie zu sch\u00fctzen. Heute widme ich mein Leben der Sensibilisierung anderer f\u00fcr die Bedeutung des Umweltschutzes f\u00fcr zuk\u00fcnftige Generationen.\",\"sameAs\":[\"https:\\\/\\\/www.strassenweb.de\\\/\"]}]}<\/script>\n<!-- \/ Yoast SEO plugin. -->","yoast_head_json":{"title":"5 ma\u00dfgeschneiderte K\u00fcchenmerkmale, die Designer Ihrer Meinung nach in Betracht ziehen sollten, wenn Sie im Jahr 2026 umbauen - Nachrichten - Stra\u00dfenweb","robots":{"index":"index","follow":"follow","max-snippet":"max-snippet:-1","max-image-preview":"max-image-preview:large","max-video-preview":"max-video-preview:-1"},"canonical":"https:\/\/www.strassenweb.de\/nachrichten\/5-massgeschneiderte-kuechenmerkmale-die-designer-ihrer-meinung-nach-in-betracht-ziehen-sollten-wenn-sie-im-jahr-2026-umbauen\/","og_locale":"de_DE","og_type":"article","og_title":"5 ma\u00dfgeschneiderte K\u00fcchenmerkmale, die Designer Ihrer Meinung nach in Betracht ziehen sollten, wenn Sie im Jahr 2026 umbauen - Nachrichten - Stra\u00dfenweb","og_description":"K\u00fcchen legen gro\u00dfen Wert auf Personalisierung und Elemente, die den Alltag aufwerten. Und genau aus diesem Grund werden individuelle K\u00fcchenausstattungen immer gefragter. W\u00e4hrend die meisten","og_url":"https:\/\/www.strassenweb.de\/nachrichten\/5-massgeschneiderte-kuechenmerkmale-die-designer-ihrer-meinung-nach-in-betracht-ziehen-sollten-wenn-sie-im-jahr-2026-umbauen\/","og_site_name":"Stra\u00dfenweb","article_publisher":"https:\/\/www.facebook.com\/strassenweb\/","article_published_time":"2025-10-30T05:39:17+00:00","article_modified_time":"2025-10-30T05:39:18+00:00","og_image":[{"width":1600,"height":900,"url":"https:\/\/www.strassenweb.de\/nachrichten\/wp-content\/uploads\/2025\/10\/5-massgeschneiderte-Kuechenmerkmale-die-Designer-Ihrer-Meinung-nach-in-Betracht.jpg","type":"image\/jpeg"}],"author":"Robert Hoffmann","twitter_card":"summary_large_image","twitter_misc":{"Verfasst von":"Robert Hoffmann","Gesch\u00e4tzte Lesezeit":"8\u00a0Minuten"},"schema":{"@context":"https:\/\/schema.org","@graph":[{"@type":"Article","@id":"https:\/\/www.strassenweb.de\/nachrichten\/5-massgeschneiderte-kuechenmerkmale-die-designer-ihrer-meinung-nach-in-betracht-ziehen-sollten-wenn-sie-im-jahr-2026-umbauen\/#article","isPartOf":{"@id":"https:\/\/www.strassenweb.de\/nachrichten\/5-massgeschneiderte-kuechenmerkmale-die-designer-ihrer-meinung-nach-in-betracht-ziehen-sollten-wenn-sie-im-jahr-2026-umbauen\/"},"author":{"name":"Robert Hoffmann","@id":"https:\/\/www.strassenweb.de\/nachrichten\/#\/schema\/person\/87c9c9067f1211da429a744dc5a5aa41"},"headline":"5 ma\u00dfgeschneiderte K\u00fcchenmerkmale, die Designer Ihrer Meinung nach in Betracht ziehen sollten, wenn Sie im Jahr 2026 umbauen","datePublished":"2025-10-30T05:39:17+00:00","dateModified":"2025-10-30T05:39:18+00:00","mainEntityOfPage":{"@id":"https:\/\/www.strassenweb.de\/nachrichten\/5-massgeschneiderte-kuechenmerkmale-die-designer-ihrer-meinung-nach-in-betracht-ziehen-sollten-wenn-sie-im-jahr-2026-umbauen\/"},"wordCount":1702,"publisher":{"@id":"https:\/\/www.strassenweb.de\/nachrichten\/#organization"},"image":{"@id":"https:\/\/www.strassenweb.de\/nachrichten\/5-massgeschneiderte-kuechenmerkmale-die-designer-ihrer-meinung-nach-in-betracht-ziehen-sollten-wenn-sie-im-jahr-2026-umbauen\/#primaryimage"},"thumbnailUrl":"https:\/\/www.strassenweb.de\/nachrichten\/wp-content\/uploads\/2025\/10\/5-massgeschneiderte-Kuechenmerkmale-die-Designer-Ihrer-Meinung-nach-in-Betracht.jpg","keywords":["Betracht","Designer","die","ihrer","Jahr","K\u00fcchenmerkmale","ma\u00dfgeschneiderte","Meinung","Nach","Sie","sollten","umbauen","wenn","ziehen"],"articleSection":["Haus &amp; Garten"],"inLanguage":"de"},{"@type":"WebPage","@id":"https:\/\/www.strassenweb.de\/nachrichten\/5-massgeschneiderte-kuechenmerkmale-die-designer-ihrer-meinung-nach-in-betracht-ziehen-sollten-wenn-sie-im-jahr-2026-umbauen\/","url":"https:\/\/www.strassenweb.de\/nachrichten\/5-massgeschneiderte-kuechenmerkmale-die-designer-ihrer-meinung-nach-in-betracht-ziehen-sollten-wenn-sie-im-jahr-2026-umbauen\/","name":"5 ma\u00dfgeschneiderte K\u00fcchenmerkmale, die Designer Ihrer Meinung nach in Betracht ziehen sollten, wenn Sie im Jahr 2026 umbauen - Nachrichten - Stra\u00dfenweb","isPartOf":{"@id":"https:\/\/www.strassenweb.de\/nachrichten\/#website"},"primaryImageOfPage":{"@id":"https:\/\/www.strassenweb.de\/nachrichten\/5-massgeschneiderte-kuechenmerkmale-die-designer-ihrer-meinung-nach-in-betracht-ziehen-sollten-wenn-sie-im-jahr-2026-umbauen\/#primaryimage"},"image":{"@id":"https:\/\/www.strassenweb.de\/nachrichten\/5-massgeschneiderte-kuechenmerkmale-die-designer-ihrer-meinung-nach-in-betracht-ziehen-sollten-wenn-sie-im-jahr-2026-umbauen\/#primaryimage"},"thumbnailUrl":"https:\/\/www.strassenweb.de\/nachrichten\/wp-content\/uploads\/2025\/10\/5-massgeschneiderte-Kuechenmerkmale-die-Designer-Ihrer-Meinung-nach-in-Betracht.jpg","datePublished":"2025-10-30T05:39:17+00:00","dateModified":"2025-10-30T05:39:18+00:00","breadcrumb":{"@id":"https:\/\/www.strassenweb.de\/nachrichten\/5-massgeschneiderte-kuechenmerkmale-die-designer-ihrer-meinung-nach-in-betracht-ziehen-sollten-wenn-sie-im-jahr-2026-umbauen\/#breadcrumb"},"inLanguage":"de","potentialAction":[{"@type":"ReadAction","target":["https:\/\/www.strassenweb.de\/nachrichten\/5-massgeschneiderte-kuechenmerkmale-die-designer-ihrer-meinung-nach-in-betracht-ziehen-sollten-wenn-sie-im-jahr-2026-umbauen\/"]}]},{"@type":"ImageObject","inLanguage":"de","@id":"https:\/\/www.strassenweb.de\/nachrichten\/5-massgeschneiderte-kuechenmerkmale-die-designer-ihrer-meinung-nach-in-betracht-ziehen-sollten-wenn-sie-im-jahr-2026-umbauen\/#primaryimage","url":"https:\/\/www.strassenweb.de\/nachrichten\/wp-content\/uploads\/2025\/10\/5-massgeschneiderte-Kuechenmerkmale-die-Designer-Ihrer-Meinung-nach-in-Betracht.jpg","contentUrl":"https:\/\/www.strassenweb.de\/nachrichten\/wp-content\/uploads\/2025\/10\/5-massgeschneiderte-Kuechenmerkmale-die-Designer-Ihrer-Meinung-nach-in-Betracht.jpg","width":1600,"height":900,"caption":"A large neutral kitchen with custom cabinets and range hood, a large island, and a small dining space"},{"@type":"BreadcrumbList","@id":"https:\/\/www.strassenweb.de\/nachrichten\/5-massgeschneiderte-kuechenmerkmale-die-designer-ihrer-meinung-nach-in-betracht-ziehen-sollten-wenn-sie-im-jahr-2026-umbauen\/#breadcrumb","itemListElement":[{"@type":"ListItem","position":1,"name":"Home","item":"https:\/\/www.strassenweb.de\/nachrichten\/"},{"@type":"ListItem","position":2,"name":"5 ma\u00dfgeschneiderte K\u00fcchenmerkmale, die Designer Ihrer Meinung nach in Betracht ziehen sollten, wenn Sie im Jahr 2026 umbauen"}]},{"@type":"WebSite","@id":"https:\/\/www.strassenweb.de\/nachrichten\/#website","url":"https:\/\/www.strassenweb.de\/nachrichten\/","name":"Stra\u00dfenweb","description":"Stra\u00dfenverzeichnis f\u00fcr Deutschland","publisher":{"@id":"https:\/\/www.strassenweb.de\/nachrichten\/#organization"},"potentialAction":[{"@type":"SearchAction","target":{"@type":"EntryPoint","urlTemplate":"https:\/\/www.strassenweb.de\/nachrichten\/?s={search_term_string}"},"query-input":{"@type":"PropertyValueSpecification","valueRequired":true,"valueName":"search_term_string"}}],"inLanguage":"de"},{"@type":"Organization","@id":"https:\/\/www.strassenweb.de\/nachrichten\/#organization","name":"Stra\u00dfenweb","url":"https:\/\/www.strassenweb.de\/nachrichten\/","logo":{"@type":"ImageObject","inLanguage":"de","@id":"https:\/\/www.strassenweb.de\/nachrichten\/#\/schema\/logo\/image\/","url":"https:\/\/www.strassenweb.de\/nachrichten\/wp-content\/uploads\/2024\/09\/cropped-favicon.png","contentUrl":"https:\/\/www.strassenweb.de\/nachrichten\/wp-content\/uploads\/2024\/09\/cropped-favicon.png","width":512,"height":512,"caption":"Stra\u00dfenweb"},"image":{"@id":"https:\/\/www.strassenweb.de\/nachrichten\/#\/schema\/logo\/image\/"},"sameAs":["https:\/\/www.facebook.com\/strassenweb\/"]},{"@type":"Person","@id":"https:\/\/www.strassenweb.de\/nachrichten\/#\/schema\/person\/87c9c9067f1211da429a744dc5a5aa41","name":"Robert Hoffmann","image":{"@type":"ImageObject","inLanguage":"de","@id":"https:\/\/www.strassenweb.de\/nachrichten\/wp-content\/uploads\/2024\/09\/strassenweb-150x150.jpg","url":"https:\/\/www.strassenweb.de\/nachrichten\/wp-content\/uploads\/2024\/09\/strassenweb-150x150.jpg","contentUrl":"https:\/\/www.strassenweb.de\/nachrichten\/wp-content\/uploads\/2024\/09\/strassenweb-150x150.jpg","caption":"Robert Hoffmann"},"description":"Ich hei\u00dfe Robert Hoffmann und ich bin ein leidenschaftlicher Verfechter von \u00d6kologie und Biodiversit\u00e4t. Seit meiner Kindheit in den W\u00e4ldern Bayerns f\u00fchle ich mich mit der Natur verbunden und bin entschlossen, sie zu sch\u00fctzen. Heute widme ich mein Leben der Sensibilisierung anderer f\u00fcr die Bedeutung des Umweltschutzes f\u00fcr zuk\u00fcnftige Generationen.","sameAs":["https:\/\/www.strassenweb.de\/"]}]}},"_links":{"self":[{"href":"https:\/\/www.strassenweb.de\/nachrichten\/wp-json\/wp\/v2\/posts\/8882","targetHints":{"allow":["GET"]}}],"collection":[{"href":"https:\/\/www.strassenweb.de\/nachrichten\/wp-json\/wp\/v2\/posts"}],"about":[{"href":"https:\/\/www.strassenweb.de\/nachrichten\/wp-json\/wp\/v2\/types\/post"}],"author":[{"embeddable":true,"href":"https:\/\/www.strassenweb.de\/nachrichten\/wp-json\/wp\/v2\/users\/1"}],"replies":[{"embeddable":true,"href":"https:\/\/www.strassenweb.de\/nachrichten\/wp-json\/wp\/v2\/comments?post=8882"}],"version-history":[{"count":0,"href":"https:\/\/www.strassenweb.de\/nachrichten\/wp-json\/wp\/v2\/posts\/8882\/revisions"}],"wp:featuredmedia":[{"embeddable":true,"href":"https:\/\/www.strassenweb.de\/nachrichten\/wp-json\/wp\/v2\/media\/8883"}],"wp:attachment":[{"href":"https:\/\/www.strassenweb.de\/nachrichten\/wp-json\/wp\/v2\/media?parent=8882"}],"wp:term":[{"taxonomy":"category","embeddable":true,"href":"https:\/\/www.strassenweb.de\/nachrichten\/wp-json\/wp\/v2\/categories?post=8882"},{"taxonomy":"post_tag","embeddable":true,"href":"https:\/\/www.strassenweb.de\/nachrichten\/wp-json\/wp\/v2\/tags?post=8882"}],"curies":[{"name":"wp","href":"https:\/\/api.w.org\/{rel}","templated":true}]}}