{"id":8873,"date":"2025-10-29T21:40:26","date_gmt":"2025-10-29T20:40:26","guid":{"rendered":"https:\/\/www.strassenweb.de\/nachrichten\/ich-habe-innenarchitekten-gefragt-was-ihrer-meinung-nach-der-am-meisten-unterschaetzte-raum-zum-dekorieren-ist-hier-ist-der-grund-warum-sie-alle-die-gaestetoilette-nannten\/"},"modified":"2025-10-29T21:40:27","modified_gmt":"2025-10-29T20:40:27","slug":"ich-habe-innenarchitekten-gefragt-was-ihrer-meinung-nach-der-am-meisten-unterschaetzte-raum-zum-dekorieren-ist-hier-ist-der-grund-warum-sie-alle-die-gaestetoilette-nannten","status":"publish","type":"post","link":"https:\/\/www.strassenweb.de\/nachrichten\/ich-habe-innenarchitekten-gefragt-was-ihrer-meinung-nach-der-am-meisten-unterschaetzte-raum-zum-dekorieren-ist-hier-ist-der-grund-warum-sie-alle-die-gaestetoilette-nannten\/","title":{"rendered":"Ich habe Innenarchitekten gefragt, was ihrer Meinung nach der am meisten untersch\u00e4tzte Raum zum Dekorieren ist \u2013 hier ist der Grund, warum sie alle die G\u00e4stetoilette nannten"},"content":{"rendered":"<p><\/p>\n<div id=\"article-body\" class=\"article__body \">\n<p id=\"1d0dd904-0cdc-4fb7-830f-aa50aee247fd\">Als ich eine Handvoll Innenarchitekten fragte, welcher Raum ihrer Meinung nach bei der Dekoration am meisten untersch\u00e4tzt wurde, erwartete ich, etwas \u00fcber Eingangsbereiche oder vielleicht Nutzr\u00e4ume zu h\u00f6ren. Aber zu meiner \u00dcberraschung kamen alle mit der gleichen Antwort zur\u00fcck \u2013 und es war eine, an die ich nie wirklich gedacht hatte: die kleine, aber feine G\u00e4stetoilette.<\/p>\n<div id=\"ad-unit-1\" class=\"ad-unit\"><\/div>\n<p>Es stellt sich heraus, dass dieser kleine, oft \u00fcbersehene Raum einen besonderen Platz im Herzen der Designer einnimmt. Frei von den praktischen Zwecken des Hauptbades, ist die G\u00e4stetoilette der Ort, an dem sie sich am meisten frei f\u00fchlen, mit kr\u00e4ftigen Tapeten, satten Farben oder auff\u00e4lliger Beleuchtung Risiken einzugehen. Und hier lassen sie ihrer Kreativit\u00e4t am liebsten freien Lauf.<\/p>\n<aside data-block-type=\"embed\" data-render-type=\"fte\" data-skip=\"dealsy\" data-widget-type=\"seasonal\" class=\"hawk-root\"><\/aside>\n<p id=\"1d0dd904-0cdc-4fb7-830f-aa50aee247fd-2\">Nachdem ich ihre Argumentation geh\u00f6rt habe (und die wundersch\u00f6nen R\u00e4ume gesehen habe, die sie geschaffen haben), beginne ich zu verstehen, warum. Die G\u00e4stetoilette scheint der einzige Ort zu sein, an dem mehr wirklich mehr ist \u2013 und es ist auch der beste Ort, um Ihre G\u00e4ste zu beeindrucken.<\/p>\n<div class=\"van_vid_carousel\">\n<div class=\"van_vid_carousel__padding\">\n<div class=\"van_vid_carousel__container\"><\/div>\n<\/div>\n<\/div>\n<h2 id=\"why-designers-love-decorating-a-powder-room-3\">Warum Designer es lieben, eine G\u00e4stetoilette zu dekorieren<\/h2>\n<figure class=\"van-image-figure inline-layout \" data-bordeaux-image-check id=\"5ad87390-1a35-46d8-852d-211d4f98a86b\">\n<div class=\"image-full-width-wrapper\">\n<div class=\"image-widthsetter\" style=\"max-width:2000px;\"><\/div>\n<\/div>\n<\/figure>\n<p id=\"6914c643-0508-4c0a-a5f6-5f9e7ddd7176\">Wenn Sie dar\u00fcber nachdenken, ist ein k\u00fchner Ansatz f\u00fcr ein Badezimmer in Puderfarbe absolut sinnvoll. Da sie kompakt sind, normalerweise nicht jeden Tag genutzt werden und haupts\u00e4chlich von G\u00e4sten frequentiert werden, sind sie der perfekte Ort, um mutig zu sein, Designrisiken einzugehen und Ihre Pers\u00f6nlichkeit zur Geltung zu bringen, erkl\u00e4rt Kristina Khersonsky von STUDIO KEETA.<\/p>\n<div id=\"ad-unit-2\" class=\"ad-unit\"><\/div>\n<p>\u201eDamentoilette (und kleine Badezimmer im Allgemeinen) geh\u00f6ren zu den besten R\u00e4umen in einem Zuhause, um mutig zu sein\u201c, sagt Kristina. \u201eAus architektonischer Sicht sind G\u00e4stetoiletten oft klein oder etwas seltsam geformt. \u201eDiese angeborene Eigenartigkeit eignet sich tats\u00e4chlich f\u00fcr experimentellere Designentscheidungen.\u201c<\/p>\n<p>\u201eEs ist ein gro\u00dfartiger Ort, um mit unerwarteten Badezimmerfarben, Texturen und Materialien zu spielen, die Sie schon lange im Auge haben, auf die Sie sich aber nicht unbedingt in gr\u00f6\u00dferem Ma\u00dfstab festlegen k\u00f6nnen\u201c, f\u00fcgt sie hinzu. \u201eSie bieten den G\u00e4sten auch einen Moment der \u00dcberraschung und Freude \u2013 eine Chance, ein Erlebnis zu schaffen.\u201c<\/p>\n<figure class=\"van-image-figure inline-layout \" data-bordeaux-image-check id=\"3e5aa680-dcda-4865-9afb-6cfda391e833\">\n<div class=\"image-full-width-wrapper\">\n<div class=\"image-widthsetter\" style=\"max-width:2000px;\"><\/div>\n<\/div>\n<\/figure>\n<p id=\"11a7dce0-dabd-43b2-a050-e7b773f6c0d8\">\u201eWir lieben es, bei Pulverb\u00e4dern mit kr\u00e4ftigen Farben und Mustern Risiken einzugehen, weil sie im Allgemeinen klein sind, sodass man sich nicht daran satt f\u00fchlt und es sich auf der Reise durch das Haus wie ein Energieschub anf\u00fchlt\u201c, sagt Designerin Bess Lovern von Bess Lovern Designs.<\/p>\n<div id=\"slice-container-newsletterForm-articleInbodyContent-5rBay9iArm6v2YyrLc8w9R\" class=\"slice-container newsletter-inbodyContent-slice newsletterForm-articleInbodyContent-5rBay9iArm6v2YyrLc8w9R slice-container-newsletterForm\"><\/div>\n<p>\u201eIn diesem Pulverbad (siehe oben) wollten wir, dass der Raum warm und abenteuerlich wirkt\u201c, erkl\u00e4rt Bess. \u201eWir haben einen belgischen Schminktisch aus dem 19. Jahrhundert in einen Badezimmerwaschtisch mit der originalen Marmorplatte verwandelt.\u201c Es war bereits so sch\u00f6n patiniert, dass es dem Raum so viel Pers\u00f6nlichkeit verlieh.\u201c<\/p>\n<p>\u201eWir entwerfen viel f\u00fcr Kunden, die gerne unterhalten, und wir ermutigen sie immer, etwas anderes zu tun\u201c, f\u00fcgt sie hinzu. \u201eWenn es zum Beispiel eine Farbe oder Idee gibt, die sich v\u00f6llig von dem unterscheidet, was sie im Rest des Hauses haben, sie sie aber trotzdem lieben, sind puderfarbene Badezimmer der perfekte Ort, um sich darauf einzulassen und etwas zu wagen.\u201c<\/p>\n<figure class=\"van-image-figure inline-layout \" data-bordeaux-image-check id=\"8a7ae41b-8b5a-452f-a840-4576a49f2992\">\n<div class=\"image-full-width-wrapper\">\n<div class=\"image-widthsetter\" style=\"max-width:2000px;\"><\/div>\n<\/div>\n<\/figure>\n<p id=\"c223c7d5-8783-4493-9dda-6c5641fba2d3\">Wenn es etwas gibt, das die G\u00e4stetoilette so attraktiv macht, dann ist es, dass sie es Ihnen erm\u00f6glicht, sich sowohl kreativ als auch finanziell zu verw\u00f6hnen, ohne den Aufwand oder die Gr\u00f6\u00dfe eines gr\u00f6\u00dferen Raums.<\/p>\n<p>\u201eEine G\u00e4stetoilette bietet die perfekte Gelegenheit, Spa\u00df zu haben und mutiger zu sein als anderswo im Haus, mit einem kleinen, aber kraftvollen Ausdruck der Pers\u00f6nlichkeit\u201c, sagt Sarah Ellison von Frank &#038; Faber.<\/p>\n<p>\u201eNormalerweise wird es von G\u00e4sten besucht, es ist gro\u00dfartig, f\u00fcr den \u00dcberraschungsmoment zu sorgen und f\u00fcr Gespr\u00e4chsstoff zu sorgen. Und seien wir ehrlich, da ist noch der finanzielle Faktor: Da es sich um einen kleineren, in sich geschlossenen Raum handelt, ist dies eine gro\u00dfartige Gelegenheit, in Badezimmertapeten, Badezimmerbeleuchtung und Messingartikel zu investieren, die Sie lieben, die Sie sich aber vielleicht nicht in gr\u00f6\u00dferem Ma\u00dfstab g\u00f6nnen k\u00f6nnen.\u201c<\/p>\n<p>\u201eEiner meiner Favoriten, den wir entworfen haben, ist eine kleine Garderobe in einer denkmalgesch\u00fctzten, umgebauten M\u00fchle in Dorset, England\u201c, sagt Sarah \u00fcber den s\u00fc\u00dfen Raum, der oben zu sehen ist. \u201eWir haben die wundersch\u00f6ne La Pannonine-Tapete von Pierre Frey zusammen mit einer gestreiften Enkaustik-Bodenfliese, Stoffschirmen und einem Spulenkehldetail verwendet. Es stellt einen so markanten Kontrast zu den zur\u00fcckhaltenderen und robusteren Oberfl\u00e4chen des restlichen Anwesens dar.\u201c<\/p>\n<p>Es ist eine clevere Art, dar\u00fcber nachzudenken, wo man bei einem Umbau Geld ausgeben und wo man sparen sollte \u2013 in der G\u00e4stetoilette scheinen die Tapeten oder Statement-Wandleuchten Ihrer Tr\u00e4ume aufgrund der Wirkung, die sie bieten, pl\u00f6tzlich viel erreichbarer zu sein.<\/p>\n<p>\u201eKompakt zu sein bedeutet, dass Sie es sich pro Quadratmeter leisten k\u00f6nnen, etwas opulenter zu sein \u2013 um zu der Marke oder Ausf\u00fchrung zu greifen, die Sie schon immer geliebt haben, von der Sie aber dachten, sie sei au\u00dferhalb des Budgets\u201c, stimmt Rina Patel von Vastu Interior Design zu. \u201eEs ist \u00fcberraschend, wie wenig man tats\u00e4chlich braucht, um eine gro\u00dfe Wirkung zu erzielen.\u201c<\/p>\n<figure class=\"van-image-figure inline-layout \" data-bordeaux-image-check id=\"515bd854-d21b-4e88-b503-5b53eb9d4bd8\">\n<div class=\"image-full-width-wrapper\">\n<div class=\"image-widthsetter\" style=\"max-width:2000px;\"><\/div>\n<\/div>\n<\/figure>\n<p id=\"d0dc7b22-42cc-4362-9a8b-a826aa64ec06\">Manchmal sind es die Einschr\u00e4nkungen dieser R\u00e4ume, die den Aufenthalt so unvergesslich machen und einen dazu bringen, anders zu denken \u2013 und nirgendwo trifft das mehr zu als in einem historischen Haus.<\/p>\n<p>\u201eIch habe viel in historischen H\u00e4usern gearbeitet, und G\u00e4stetoiletten sind normalerweise die sch\u00f6nste Designherausforderung, da diese R\u00e4ume mit wenigen Ausnahmen zum ersten Mal einem Raum hinzugef\u00fcgt werden\u201c, sagt Designerin Bethany Adams.<\/p>\n<p>Bethany erlebte dies tats\u00e4chlich in ihrem eigenen Haus aus dem Jahr 1897, wo sie ein ehemaliges Dienstbotenbad unter der Treppe in etwas Au\u00dfergew\u00f6hnliches verwandelte. Der Platz war knapp, und als f\u00fcr ein neues Entl\u00fcftungsrohr der Bau einer falschen Wand erforderlich war, beschloss sie, das Waschbecken zehn Zentimeter hinein zu versenken, wodurch die stilvolle, geflieste Nische entstand, die oben zu sehen ist.<\/p>\n<p>\u201eDa der Raum von Anfang an recht klein war, habe ich beschlossen, eine Nische in der neuen Wand zu lassen, damit das Waschbecken darin eingelassen werden konnte\u201c, erkl\u00e4rt sie. \u201eDas Fliesenlegen und Beleuchten der Nische hat diesen problematischen Bereich zu einem absoluten Hingucker gemacht, und es gibt keine einzige Person, die sich nicht dazu \u00e4u\u00dfert \u2013 und keiner von ihnen hat eine Ahnung, dass dieses sch\u00f6ne Design aus der Not heraus entstanden ist!\u201c<\/p>\n<p>Wie Designer am besten wissen, k\u00f6nnen diese Designbeschr\u00e4nkungen oft die Kreativit\u00e4t anregen, anstatt sie zu zerst\u00f6ren. \u201eGelegentlich gibt es G\u00e4stetoiletten ohne Tageslicht, deren Gestaltung am meisten Spa\u00df macht\u201c, f\u00fcgt Rina hinzu. \u201eSie k\u00f6nnen die Stimmungsbeleuchtung vollst\u00e4ndig steuern und so zus\u00e4tzliche Wirkung und Dramatik erzeugen.\u201c Die Beleuchtung muss nicht hell sein; es muss nur schmeichelhaft sein. Sanfte, warme Beleuchtung, die das Finish aufwertet und der Person, die in den Spiegel schaut, schmeichelt.\u201c<\/p>\n<figure class=\"van-image-figure inline-layout \" data-bordeaux-image-check id=\"c3a1a186-b7d2-4dc4-8ffd-ceaf4b5c3127\">\n<div class=\"image-full-width-wrapper\">\n<div class=\"image-widthsetter\" style=\"max-width:2000px;\"><\/div>\n<\/div>\n<\/figure>\n<p id=\"3eff6311-2ff3-4719-833a-9681bff380ce\">Was ich nicht ganz erwartet hatte, war das Wie <em>pers\u00f6nlich<\/em> Designer besch\u00e4ftigen sich mit G\u00e4stetoiletten. Es sind nicht nur Orte, an denen man Mut um seiner selbst willen zeigen kann; Es sind winzige R\u00e4ume zum Geschichtenerz\u00e4hlen.<\/p>\n<p>\u201eEs macht so viel Freude, kleine Badezimmer oder G\u00e4stetoiletten zu gestalten\u201c, sagt Designerin Lauren Gilberthorpe. \u201eSie sind kompakt genug, um Risiken einzugehen und mit Farben, Mustern oder Oberfl\u00e4chen zu spielen, ohne dass es \u00fcberw\u00e4ltigend wirkt.\u201c Bei der Gestaltung einer auff\u00e4lligen G\u00e4stetoilette geht es darum, sie pers\u00f6nlich zu gestalten, sei es ein Wandgem\u00e4lde, das Familienerfolge feiert, oder eine skurrile Tapete, die auf ein beliebtes Hobby verweist.\u201c<\/p>\n<p>\u201eWir genie\u00dfen es oft, ein bisschen Spa\u00df in G\u00e4stetoiletten zu haben, indem wir Kunstwerke verwenden, die eine Geschichte erz\u00e4hlen, oder Accessoires wie verspielte B\u00fccher\u201c, f\u00e4hrt Lauren fort. \u201eIch glaube fest daran, auf kleinem Raum Statement-R\u00e4ume zu schaffen, also ist es eine Chance, etwas skurriler zu sein.\u201c<\/p>\n<p>\u201eVon bemalten T\u00e4felungen \u00fcber botanische Tapeten bis hin zu geschwungenen, ultra-minimalistischen Designs haben wir an einer Vielzahl von Badezimmern gearbeitet. Eines bleibt gleich: Sie sind pers\u00f6nlich und feiern die Menschen, die dort leben.\u201c<\/p>\n<p>\u201eSobald Sie die Pers\u00f6nlichkeit des Raums definiert haben, k\u00f6nnen Sie mit der Schichtung von Details beginnen\u201c, f\u00fcgt Rina hinzu. \u201eDie Toilette mag funktional sein, aber das Waschbecken, die Wasserh\u00e4hne, die Beleuchtung, die Spiegel und die Accessoires sind Ihre Chance, ein Zeichen zu setzen.\u201c Kunden lieben G\u00e4stetoiletten, weil sie auf kleinstem Raum \u00fcberraschen und erfreuen. Es ist das Zimmer, \u00fcber das die G\u00e4ste sp\u00e4ter fl\u00fcstern: \u201eHaben Sie das Badezimmer gesehen?\u201c \u2013 weil es ihnen im Ged\u00e4chtnis haften bleibt.\u2018<\/p>\n<figure class=\"van-image-figure inline-layout \" data-bordeaux-image-check id=\"2ed8c101-94d0-4feb-a902-9b37f81780f2\">\n<div class=\"image-full-width-wrapper\">\n<div class=\"image-widthsetter\" style=\"max-width:2000px;\"><\/div>\n<\/div>\n<\/figure>\n<p id=\"dc00a5d4-f1cf-4ed4-a915-9ccc9b62e2ea\">\u201eEs ist der kleinste Raum im Haus, aber die meisten Menschen, die durch Ihre T\u00fcr gehen, landen in diesem Raum, deshalb liebe ich es, ein umh\u00fcllendes visuelles Erlebnis zu schaffen\u201c, f\u00fcgt Jeff Andrews von Jeff Andrews Design hinzu. \u201eInsbesondere ist das Pulver eine perfekte Gelegenheit, mit auff\u00e4lligen, einzigartigen Wandverkleidungen und Beleuchtungen zu experimentieren.\u201c \u201eSelbst f\u00fcr den subtilsten \u00c4stheten ist ein Pulverbad der richtige Ort, um es zu wagen.\u201c<\/p>\n<p>Und wenn ich von den Designern, mit denen ich gesprochen habe, eine Lektion lernen kann, dann ist es, dass es bei der Dekoration einer G\u00e4stetoilette darum geht, ein Statement zu setzen.<\/p>\n<p>\u201eIch liebe es, G\u00e4stetoiletten zu entwerfen, sie sind so tolle Orte, an denen man kreativ werden kann\u201c, sagt Designer Sean Symington. \u201eIch finde oft, dass man umso mutiger sein kann, je kleiner der Raum ist.\u201c<\/p>\n<p>\u201eIch denke, der Trick besteht darin, sie als eine Erweiterung des Zuhauses zu betrachten und nicht nur als eine vergessene Ecke. Deshalb versuche ich, alles zu Klinische zu vermeiden\u201c, r\u00e4t Sean. \u201eIch mag es, durch Farbe, Textur und Beleuchtung W\u00e4rme und Pers\u00f6nlichkeit zu verleihen.\u201c<\/p>\n<p>Seans Ansatz ist eine Meisterklasse in Sachen Balance. Er erkl\u00e4rt, dass sein Lieblingsansatz darin besteht, halbhohe T\u00e4felungen mit erg\u00e4nzenden Tapeten, sanfte Wandbeleuchtung mit gerafften Lampenschirmen und Kunstwerke zu kombinieren, die Humor oder Charme vermitteln. Ein Statement-Spiegel, f\u00fcgt er hinzu, kann den entscheidenden Unterschied machen \u2013 er reflektiert sowohl Licht als auch Pers\u00f6nlichkeit zur\u00fcck in den Raum.<\/p>\n<div class=\"product-container hero-product-container product-block-no-wrap\">\n<div class=\"product-block-row\"><\/div>\n<div class=\"product-block-row\"><\/div>\n<div class=\"product-block-row\"><\/div>\n<div class=\"product-block-row\"><\/div>\n<div class=\"product-block-row\"><\/div>\n<\/div>\n<div class=\"product-container standard-product-container\">\n<div class=\"product-block-row\"><\/div>\n<\/div>\n<hr id=\"6abdf9eb-b5be-408e-953d-745e25133a2f\">\n<p id=\"6d4312ab-7f6f-4544-8a43-a21d97c0c074\">Die G\u00e4stetoilette ist ein Ort zum Experimentieren mit Farbe, Textur und Pers\u00f6nlichkeit in kleinerem Ma\u00dfstab. Sie ist ein kleiner, aber feiner Raum, der eine Geschichte erz\u00e4hlt, G\u00e4ste zum L\u00e4cheln bringt und sich eher auf Spa\u00df als auf Funktionalit\u00e4t konzentriert. Weitere Ideen, die Ihrem Puderbad etwas Freude bereiten, finden Sie in unserer Zusammenfassung der neuesten Badezimmertrends.<\/p>\n<\/div>\n","protected":false},"excerpt":{"rendered":"<p>Als ich eine Handvoll Innenarchitekten fragte, welcher Raum ihrer Meinung nach bei der Dekoration am meisten untersch\u00e4tzt wurde, erwartete ich, etwas \u00fcber Eingangsbereiche oder vielleicht<\/p>\n","protected":false},"author":1,"featured_media":8874,"comment_status":"closed","ping_status":"","sticky":false,"template":"","format":"standard","meta":{"footnotes":""},"categories":[118],"tags":[176,1126,81,9,11202,3543,458,823,163,129,11,717,15,3369,2314,341,11203,182,165,1717,744,67],"class_list":["post-8873","post","type-post","status-publish","format-standard","has-post-thumbnail","hentry","category-haus-garten","tag-alle","tag-dekorieren","tag-der","tag-die","tag-gaestetoilette","tag-gefragt","tag-grund","tag-habe","tag-hier","tag-ich","tag-ihrer","tag-innenarchitekten","tag-ist","tag-meinung","tag-meisten","tag-nach","tag-nannten","tag-raum","tag-sie","tag-unterschaetzte","tag-warum","tag-zum","generate-columns","tablet-grid-50","mobile-grid-100","grid-parent","grid-50"],"yoast_head":"<!-- This site is optimized with the Yoast SEO plugin v27.3 - https:\/\/yoast.com\/product\/yoast-seo-wordpress\/ -->\n<title>Ich habe Innenarchitekten gefragt, was ihrer Meinung nach der am meisten untersch\u00e4tzte Raum zum Dekorieren ist \u2013 hier ist der Grund, warum sie alle die G\u00e4stetoilette nannten - Nachrichten - Stra\u00dfenweb<\/title>\n<meta name=\"robots\" content=\"index, follow, max-snippet:-1, max-image-preview:large, max-video-preview:-1\" \/>\n<link rel=\"canonical\" href=\"https:\/\/www.strassenweb.de\/nachrichten\/ich-habe-innenarchitekten-gefragt-was-ihrer-meinung-nach-der-am-meisten-unterschaetzte-raum-zum-dekorieren-ist-hier-ist-der-grund-warum-sie-alle-die-gaestetoilette-nannten\/\" \/>\n<meta property=\"og:locale\" content=\"de_DE\" \/>\n<meta property=\"og:type\" content=\"article\" \/>\n<meta property=\"og:title\" content=\"Ich habe Innenarchitekten gefragt, was ihrer Meinung nach der am meisten untersch\u00e4tzte Raum zum Dekorieren ist \u2013 hier ist der Grund, warum sie alle die G\u00e4stetoilette nannten - Nachrichten - Stra\u00dfenweb\" \/>\n<meta property=\"og:description\" content=\"Als ich eine Handvoll Innenarchitekten fragte, welcher Raum ihrer Meinung nach bei der Dekoration am meisten untersch\u00e4tzt wurde, erwartete ich, etwas \u00fcber Eingangsbereiche oder vielleicht\" \/>\n<meta property=\"og:url\" content=\"https:\/\/www.strassenweb.de\/nachrichten\/ich-habe-innenarchitekten-gefragt-was-ihrer-meinung-nach-der-am-meisten-unterschaetzte-raum-zum-dekorieren-ist-hier-ist-der-grund-warum-sie-alle-die-gaestetoilette-nannten\/\" \/>\n<meta property=\"og:site_name\" content=\"Stra\u00dfenweb\" \/>\n<meta property=\"article:publisher\" content=\"https:\/\/www.facebook.com\/strassenweb\/\" \/>\n<meta property=\"article:published_time\" content=\"2025-10-29T20:40:26+00:00\" \/>\n<meta property=\"article:modified_time\" content=\"2025-10-29T20:40:27+00:00\" \/>\n<meta property=\"og:image\" content=\"https:\/\/www.strassenweb.de\/nachrichten\/wp-content\/uploads\/2025\/10\/Ich-habe-Innenarchitekten-gefragt-was-ihrer-Meinung-nach-der-am.jpg\" \/>\n\t<meta property=\"og:image:width\" content=\"1600\" \/>\n\t<meta property=\"og:image:height\" content=\"900\" \/>\n\t<meta property=\"og:image:type\" content=\"image\/jpeg\" \/>\n<meta name=\"author\" content=\"Robert Hoffmann\" \/>\n<meta name=\"twitter:card\" content=\"summary_large_image\" \/>\n<meta name=\"twitter:label1\" content=\"Verfasst von\" \/>\n\t<meta name=\"twitter:data1\" content=\"Robert Hoffmann\" \/>\n\t<meta name=\"twitter:label2\" content=\"Gesch\u00e4tzte Lesezeit\" \/>\n\t<meta name=\"twitter:data2\" content=\"9\u00a0Minuten\" \/>\n<script type=\"application\/ld+json\" class=\"yoast-schema-graph\">{\"@context\":\"https:\\\/\\\/schema.org\",\"@graph\":[{\"@type\":\"Article\",\"@id\":\"https:\\\/\\\/www.strassenweb.de\\\/nachrichten\\\/ich-habe-innenarchitekten-gefragt-was-ihrer-meinung-nach-der-am-meisten-unterschaetzte-raum-zum-dekorieren-ist-hier-ist-der-grund-warum-sie-alle-die-gaestetoilette-nannten\\\/#article\",\"isPartOf\":{\"@id\":\"https:\\\/\\\/www.strassenweb.de\\\/nachrichten\\\/ich-habe-innenarchitekten-gefragt-was-ihrer-meinung-nach-der-am-meisten-unterschaetzte-raum-zum-dekorieren-ist-hier-ist-der-grund-warum-sie-alle-die-gaestetoilette-nannten\\\/\"},\"author\":{\"name\":\"Robert Hoffmann\",\"@id\":\"https:\\\/\\\/www.strassenweb.de\\\/nachrichten\\\/#\\\/schema\\\/person\\\/87c9c9067f1211da429a744dc5a5aa41\"},\"headline\":\"Ich habe Innenarchitekten gefragt, was ihrer Meinung nach der am meisten untersch\u00e4tzte Raum zum Dekorieren ist \u2013 hier ist der Grund, warum sie alle die G\u00e4stetoilette nannten\",\"datePublished\":\"2025-10-29T20:40:26+00:00\",\"dateModified\":\"2025-10-29T20:40:27+00:00\",\"mainEntityOfPage\":{\"@id\":\"https:\\\/\\\/www.strassenweb.de\\\/nachrichten\\\/ich-habe-innenarchitekten-gefragt-was-ihrer-meinung-nach-der-am-meisten-unterschaetzte-raum-zum-dekorieren-ist-hier-ist-der-grund-warum-sie-alle-die-gaestetoilette-nannten\\\/\"},\"wordCount\":1757,\"publisher\":{\"@id\":\"https:\\\/\\\/www.strassenweb.de\\\/nachrichten\\\/#organization\"},\"image\":{\"@id\":\"https:\\\/\\\/www.strassenweb.de\\\/nachrichten\\\/ich-habe-innenarchitekten-gefragt-was-ihrer-meinung-nach-der-am-meisten-unterschaetzte-raum-zum-dekorieren-ist-hier-ist-der-grund-warum-sie-alle-die-gaestetoilette-nannten\\\/#primaryimage\"},\"thumbnailUrl\":\"https:\\\/\\\/www.strassenweb.de\\\/nachrichten\\\/wp-content\\\/uploads\\\/2025\\\/10\\\/Ich-habe-Innenarchitekten-gefragt-was-ihrer-Meinung-nach-der-am.jpg\",\"keywords\":[\"alle\",\"dekorieren\",\"der\",\"die\",\"G\u00e4stetoilette\",\"gefragt\",\"Grund\",\"habe\",\"hier\",\"ich\",\"ihrer\",\"Innenarchitekten\",\"ist\",\"Meinung\",\"meisten\",\"Nach\",\"nannten\",\"Raum\",\"Sie\",\"untersch\u00e4tzte\",\"warum\",\"zum\"],\"articleSection\":[\"Haus &amp; Garten\"],\"inLanguage\":\"de\"},{\"@type\":\"WebPage\",\"@id\":\"https:\\\/\\\/www.strassenweb.de\\\/nachrichten\\\/ich-habe-innenarchitekten-gefragt-was-ihrer-meinung-nach-der-am-meisten-unterschaetzte-raum-zum-dekorieren-ist-hier-ist-der-grund-warum-sie-alle-die-gaestetoilette-nannten\\\/\",\"url\":\"https:\\\/\\\/www.strassenweb.de\\\/nachrichten\\\/ich-habe-innenarchitekten-gefragt-was-ihrer-meinung-nach-der-am-meisten-unterschaetzte-raum-zum-dekorieren-ist-hier-ist-der-grund-warum-sie-alle-die-gaestetoilette-nannten\\\/\",\"name\":\"Ich habe Innenarchitekten gefragt, was ihrer Meinung nach der am meisten untersch\u00e4tzte Raum zum Dekorieren ist \u2013 hier ist der Grund, warum sie alle die G\u00e4stetoilette nannten - Nachrichten - Stra\u00dfenweb\",\"isPartOf\":{\"@id\":\"https:\\\/\\\/www.strassenweb.de\\\/nachrichten\\\/#website\"},\"primaryImageOfPage\":{\"@id\":\"https:\\\/\\\/www.strassenweb.de\\\/nachrichten\\\/ich-habe-innenarchitekten-gefragt-was-ihrer-meinung-nach-der-am-meisten-unterschaetzte-raum-zum-dekorieren-ist-hier-ist-der-grund-warum-sie-alle-die-gaestetoilette-nannten\\\/#primaryimage\"},\"image\":{\"@id\":\"https:\\\/\\\/www.strassenweb.de\\\/nachrichten\\\/ich-habe-innenarchitekten-gefragt-was-ihrer-meinung-nach-der-am-meisten-unterschaetzte-raum-zum-dekorieren-ist-hier-ist-der-grund-warum-sie-alle-die-gaestetoilette-nannten\\\/#primaryimage\"},\"thumbnailUrl\":\"https:\\\/\\\/www.strassenweb.de\\\/nachrichten\\\/wp-content\\\/uploads\\\/2025\\\/10\\\/Ich-habe-Innenarchitekten-gefragt-was-ihrer-Meinung-nach-der-am.jpg\",\"datePublished\":\"2025-10-29T20:40:26+00:00\",\"dateModified\":\"2025-10-29T20:40:27+00:00\",\"breadcrumb\":{\"@id\":\"https:\\\/\\\/www.strassenweb.de\\\/nachrichten\\\/ich-habe-innenarchitekten-gefragt-was-ihrer-meinung-nach-der-am-meisten-unterschaetzte-raum-zum-dekorieren-ist-hier-ist-der-grund-warum-sie-alle-die-gaestetoilette-nannten\\\/#breadcrumb\"},\"inLanguage\":\"de\",\"potentialAction\":[{\"@type\":\"ReadAction\",\"target\":[\"https:\\\/\\\/www.strassenweb.de\\\/nachrichten\\\/ich-habe-innenarchitekten-gefragt-was-ihrer-meinung-nach-der-am-meisten-unterschaetzte-raum-zum-dekorieren-ist-hier-ist-der-grund-warum-sie-alle-die-gaestetoilette-nannten\\\/\"]}]},{\"@type\":\"ImageObject\",\"inLanguage\":\"de\",\"@id\":\"https:\\\/\\\/www.strassenweb.de\\\/nachrichten\\\/ich-habe-innenarchitekten-gefragt-was-ihrer-meinung-nach-der-am-meisten-unterschaetzte-raum-zum-dekorieren-ist-hier-ist-der-grund-warum-sie-alle-die-gaestetoilette-nannten\\\/#primaryimage\",\"url\":\"https:\\\/\\\/www.strassenweb.de\\\/nachrichten\\\/wp-content\\\/uploads\\\/2025\\\/10\\\/Ich-habe-Innenarchitekten-gefragt-was-ihrer-Meinung-nach-der-am.jpg\",\"contentUrl\":\"https:\\\/\\\/www.strassenweb.de\\\/nachrichten\\\/wp-content\\\/uploads\\\/2025\\\/10\\\/Ich-habe-Innenarchitekten-gefragt-was-ihrer-Meinung-nach-der-am.jpg\",\"width\":1600,\"height\":900,\"caption\":\"dark burgundy red powder bathroom with panelled walls and wallpaper above, with a mid century mirror, vintage wall sconces, and a traditional sink on a brass stand\"},{\"@type\":\"BreadcrumbList\",\"@id\":\"https:\\\/\\\/www.strassenweb.de\\\/nachrichten\\\/ich-habe-innenarchitekten-gefragt-was-ihrer-meinung-nach-der-am-meisten-unterschaetzte-raum-zum-dekorieren-ist-hier-ist-der-grund-warum-sie-alle-die-gaestetoilette-nannten\\\/#breadcrumb\",\"itemListElement\":[{\"@type\":\"ListItem\",\"position\":1,\"name\":\"Home\",\"item\":\"https:\\\/\\\/www.strassenweb.de\\\/nachrichten\\\/\"},{\"@type\":\"ListItem\",\"position\":2,\"name\":\"Ich habe Innenarchitekten gefragt, was ihrer Meinung nach der am meisten untersch\u00e4tzte Raum zum Dekorieren ist \u2013 hier ist der Grund, warum sie alle die G\u00e4stetoilette nannten\"}]},{\"@type\":\"WebSite\",\"@id\":\"https:\\\/\\\/www.strassenweb.de\\\/nachrichten\\\/#website\",\"url\":\"https:\\\/\\\/www.strassenweb.de\\\/nachrichten\\\/\",\"name\":\"Stra\u00dfenweb\",\"description\":\"Stra\u00dfenverzeichnis f\u00fcr Deutschland\",\"publisher\":{\"@id\":\"https:\\\/\\\/www.strassenweb.de\\\/nachrichten\\\/#organization\"},\"potentialAction\":[{\"@type\":\"SearchAction\",\"target\":{\"@type\":\"EntryPoint\",\"urlTemplate\":\"https:\\\/\\\/www.strassenweb.de\\\/nachrichten\\\/?s={search_term_string}\"},\"query-input\":{\"@type\":\"PropertyValueSpecification\",\"valueRequired\":true,\"valueName\":\"search_term_string\"}}],\"inLanguage\":\"de\"},{\"@type\":\"Organization\",\"@id\":\"https:\\\/\\\/www.strassenweb.de\\\/nachrichten\\\/#organization\",\"name\":\"Stra\u00dfenweb\",\"url\":\"https:\\\/\\\/www.strassenweb.de\\\/nachrichten\\\/\",\"logo\":{\"@type\":\"ImageObject\",\"inLanguage\":\"de\",\"@id\":\"https:\\\/\\\/www.strassenweb.de\\\/nachrichten\\\/#\\\/schema\\\/logo\\\/image\\\/\",\"url\":\"https:\\\/\\\/www.strassenweb.de\\\/nachrichten\\\/wp-content\\\/uploads\\\/2024\\\/09\\\/cropped-favicon.png\",\"contentUrl\":\"https:\\\/\\\/www.strassenweb.de\\\/nachrichten\\\/wp-content\\\/uploads\\\/2024\\\/09\\\/cropped-favicon.png\",\"width\":512,\"height\":512,\"caption\":\"Stra\u00dfenweb\"},\"image\":{\"@id\":\"https:\\\/\\\/www.strassenweb.de\\\/nachrichten\\\/#\\\/schema\\\/logo\\\/image\\\/\"},\"sameAs\":[\"https:\\\/\\\/www.facebook.com\\\/strassenweb\\\/\"]},{\"@type\":\"Person\",\"@id\":\"https:\\\/\\\/www.strassenweb.de\\\/nachrichten\\\/#\\\/schema\\\/person\\\/87c9c9067f1211da429a744dc5a5aa41\",\"name\":\"Robert Hoffmann\",\"image\":{\"@type\":\"ImageObject\",\"inLanguage\":\"de\",\"@id\":\"https:\\\/\\\/www.strassenweb.de\\\/nachrichten\\\/wp-content\\\/uploads\\\/2024\\\/09\\\/strassenweb-150x150.jpg\",\"url\":\"https:\\\/\\\/www.strassenweb.de\\\/nachrichten\\\/wp-content\\\/uploads\\\/2024\\\/09\\\/strassenweb-150x150.jpg\",\"contentUrl\":\"https:\\\/\\\/www.strassenweb.de\\\/nachrichten\\\/wp-content\\\/uploads\\\/2024\\\/09\\\/strassenweb-150x150.jpg\",\"caption\":\"Robert Hoffmann\"},\"description\":\"Ich hei\u00dfe Robert Hoffmann und ich bin ein leidenschaftlicher Verfechter von \u00d6kologie und Biodiversit\u00e4t. Seit meiner Kindheit in den W\u00e4ldern Bayerns f\u00fchle ich mich mit der Natur verbunden und bin entschlossen, sie zu sch\u00fctzen. Heute widme ich mein Leben der Sensibilisierung anderer f\u00fcr die Bedeutung des Umweltschutzes f\u00fcr zuk\u00fcnftige Generationen.\",\"sameAs\":[\"https:\\\/\\\/www.strassenweb.de\\\/\"]}]}<\/script>\n<!-- \/ Yoast SEO plugin. -->","yoast_head_json":{"title":"Ich habe Innenarchitekten gefragt, was ihrer Meinung nach der am meisten untersch\u00e4tzte Raum zum Dekorieren ist \u2013 hier ist der Grund, warum sie alle die G\u00e4stetoilette nannten - Nachrichten - Stra\u00dfenweb","robots":{"index":"index","follow":"follow","max-snippet":"max-snippet:-1","max-image-preview":"max-image-preview:large","max-video-preview":"max-video-preview:-1"},"canonical":"https:\/\/www.strassenweb.de\/nachrichten\/ich-habe-innenarchitekten-gefragt-was-ihrer-meinung-nach-der-am-meisten-unterschaetzte-raum-zum-dekorieren-ist-hier-ist-der-grund-warum-sie-alle-die-gaestetoilette-nannten\/","og_locale":"de_DE","og_type":"article","og_title":"Ich habe Innenarchitekten gefragt, was ihrer Meinung nach der am meisten untersch\u00e4tzte Raum zum Dekorieren ist \u2013 hier ist der Grund, warum sie alle die G\u00e4stetoilette nannten - Nachrichten - Stra\u00dfenweb","og_description":"Als ich eine Handvoll Innenarchitekten fragte, welcher Raum ihrer Meinung nach bei der Dekoration am meisten untersch\u00e4tzt wurde, erwartete ich, etwas \u00fcber Eingangsbereiche oder vielleicht","og_url":"https:\/\/www.strassenweb.de\/nachrichten\/ich-habe-innenarchitekten-gefragt-was-ihrer-meinung-nach-der-am-meisten-unterschaetzte-raum-zum-dekorieren-ist-hier-ist-der-grund-warum-sie-alle-die-gaestetoilette-nannten\/","og_site_name":"Stra\u00dfenweb","article_publisher":"https:\/\/www.facebook.com\/strassenweb\/","article_published_time":"2025-10-29T20:40:26+00:00","article_modified_time":"2025-10-29T20:40:27+00:00","og_image":[{"width":1600,"height":900,"url":"https:\/\/www.strassenweb.de\/nachrichten\/wp-content\/uploads\/2025\/10\/Ich-habe-Innenarchitekten-gefragt-was-ihrer-Meinung-nach-der-am.jpg","type":"image\/jpeg"}],"author":"Robert Hoffmann","twitter_card":"summary_large_image","twitter_misc":{"Verfasst von":"Robert Hoffmann","Gesch\u00e4tzte Lesezeit":"9\u00a0Minuten"},"schema":{"@context":"https:\/\/schema.org","@graph":[{"@type":"Article","@id":"https:\/\/www.strassenweb.de\/nachrichten\/ich-habe-innenarchitekten-gefragt-was-ihrer-meinung-nach-der-am-meisten-unterschaetzte-raum-zum-dekorieren-ist-hier-ist-der-grund-warum-sie-alle-die-gaestetoilette-nannten\/#article","isPartOf":{"@id":"https:\/\/www.strassenweb.de\/nachrichten\/ich-habe-innenarchitekten-gefragt-was-ihrer-meinung-nach-der-am-meisten-unterschaetzte-raum-zum-dekorieren-ist-hier-ist-der-grund-warum-sie-alle-die-gaestetoilette-nannten\/"},"author":{"name":"Robert Hoffmann","@id":"https:\/\/www.strassenweb.de\/nachrichten\/#\/schema\/person\/87c9c9067f1211da429a744dc5a5aa41"},"headline":"Ich habe Innenarchitekten gefragt, was ihrer Meinung nach der am meisten untersch\u00e4tzte Raum zum Dekorieren ist \u2013 hier ist der Grund, warum sie alle die G\u00e4stetoilette nannten","datePublished":"2025-10-29T20:40:26+00:00","dateModified":"2025-10-29T20:40:27+00:00","mainEntityOfPage":{"@id":"https:\/\/www.strassenweb.de\/nachrichten\/ich-habe-innenarchitekten-gefragt-was-ihrer-meinung-nach-der-am-meisten-unterschaetzte-raum-zum-dekorieren-ist-hier-ist-der-grund-warum-sie-alle-die-gaestetoilette-nannten\/"},"wordCount":1757,"publisher":{"@id":"https:\/\/www.strassenweb.de\/nachrichten\/#organization"},"image":{"@id":"https:\/\/www.strassenweb.de\/nachrichten\/ich-habe-innenarchitekten-gefragt-was-ihrer-meinung-nach-der-am-meisten-unterschaetzte-raum-zum-dekorieren-ist-hier-ist-der-grund-warum-sie-alle-die-gaestetoilette-nannten\/#primaryimage"},"thumbnailUrl":"https:\/\/www.strassenweb.de\/nachrichten\/wp-content\/uploads\/2025\/10\/Ich-habe-Innenarchitekten-gefragt-was-ihrer-Meinung-nach-der-am.jpg","keywords":["alle","dekorieren","der","die","G\u00e4stetoilette","gefragt","Grund","habe","hier","ich","ihrer","Innenarchitekten","ist","Meinung","meisten","Nach","nannten","Raum","Sie","untersch\u00e4tzte","warum","zum"],"articleSection":["Haus &amp; Garten"],"inLanguage":"de"},{"@type":"WebPage","@id":"https:\/\/www.strassenweb.de\/nachrichten\/ich-habe-innenarchitekten-gefragt-was-ihrer-meinung-nach-der-am-meisten-unterschaetzte-raum-zum-dekorieren-ist-hier-ist-der-grund-warum-sie-alle-die-gaestetoilette-nannten\/","url":"https:\/\/www.strassenweb.de\/nachrichten\/ich-habe-innenarchitekten-gefragt-was-ihrer-meinung-nach-der-am-meisten-unterschaetzte-raum-zum-dekorieren-ist-hier-ist-der-grund-warum-sie-alle-die-gaestetoilette-nannten\/","name":"Ich habe Innenarchitekten gefragt, was ihrer Meinung nach der am meisten untersch\u00e4tzte Raum zum Dekorieren ist \u2013 hier ist der Grund, warum sie alle die G\u00e4stetoilette nannten - Nachrichten - Stra\u00dfenweb","isPartOf":{"@id":"https:\/\/www.strassenweb.de\/nachrichten\/#website"},"primaryImageOfPage":{"@id":"https:\/\/www.strassenweb.de\/nachrichten\/ich-habe-innenarchitekten-gefragt-was-ihrer-meinung-nach-der-am-meisten-unterschaetzte-raum-zum-dekorieren-ist-hier-ist-der-grund-warum-sie-alle-die-gaestetoilette-nannten\/#primaryimage"},"image":{"@id":"https:\/\/www.strassenweb.de\/nachrichten\/ich-habe-innenarchitekten-gefragt-was-ihrer-meinung-nach-der-am-meisten-unterschaetzte-raum-zum-dekorieren-ist-hier-ist-der-grund-warum-sie-alle-die-gaestetoilette-nannten\/#primaryimage"},"thumbnailUrl":"https:\/\/www.strassenweb.de\/nachrichten\/wp-content\/uploads\/2025\/10\/Ich-habe-Innenarchitekten-gefragt-was-ihrer-Meinung-nach-der-am.jpg","datePublished":"2025-10-29T20:40:26+00:00","dateModified":"2025-10-29T20:40:27+00:00","breadcrumb":{"@id":"https:\/\/www.strassenweb.de\/nachrichten\/ich-habe-innenarchitekten-gefragt-was-ihrer-meinung-nach-der-am-meisten-unterschaetzte-raum-zum-dekorieren-ist-hier-ist-der-grund-warum-sie-alle-die-gaestetoilette-nannten\/#breadcrumb"},"inLanguage":"de","potentialAction":[{"@type":"ReadAction","target":["https:\/\/www.strassenweb.de\/nachrichten\/ich-habe-innenarchitekten-gefragt-was-ihrer-meinung-nach-der-am-meisten-unterschaetzte-raum-zum-dekorieren-ist-hier-ist-der-grund-warum-sie-alle-die-gaestetoilette-nannten\/"]}]},{"@type":"ImageObject","inLanguage":"de","@id":"https:\/\/www.strassenweb.de\/nachrichten\/ich-habe-innenarchitekten-gefragt-was-ihrer-meinung-nach-der-am-meisten-unterschaetzte-raum-zum-dekorieren-ist-hier-ist-der-grund-warum-sie-alle-die-gaestetoilette-nannten\/#primaryimage","url":"https:\/\/www.strassenweb.de\/nachrichten\/wp-content\/uploads\/2025\/10\/Ich-habe-Innenarchitekten-gefragt-was-ihrer-Meinung-nach-der-am.jpg","contentUrl":"https:\/\/www.strassenweb.de\/nachrichten\/wp-content\/uploads\/2025\/10\/Ich-habe-Innenarchitekten-gefragt-was-ihrer-Meinung-nach-der-am.jpg","width":1600,"height":900,"caption":"dark burgundy red powder bathroom with panelled walls and wallpaper above, with a mid century mirror, vintage wall sconces, and a traditional sink on a brass stand"},{"@type":"BreadcrumbList","@id":"https:\/\/www.strassenweb.de\/nachrichten\/ich-habe-innenarchitekten-gefragt-was-ihrer-meinung-nach-der-am-meisten-unterschaetzte-raum-zum-dekorieren-ist-hier-ist-der-grund-warum-sie-alle-die-gaestetoilette-nannten\/#breadcrumb","itemListElement":[{"@type":"ListItem","position":1,"name":"Home","item":"https:\/\/www.strassenweb.de\/nachrichten\/"},{"@type":"ListItem","position":2,"name":"Ich habe Innenarchitekten gefragt, was ihrer Meinung nach der am meisten untersch\u00e4tzte Raum zum Dekorieren ist \u2013 hier ist der Grund, warum sie alle die G\u00e4stetoilette nannten"}]},{"@type":"WebSite","@id":"https:\/\/www.strassenweb.de\/nachrichten\/#website","url":"https:\/\/www.strassenweb.de\/nachrichten\/","name":"Stra\u00dfenweb","description":"Stra\u00dfenverzeichnis f\u00fcr Deutschland","publisher":{"@id":"https:\/\/www.strassenweb.de\/nachrichten\/#organization"},"potentialAction":[{"@type":"SearchAction","target":{"@type":"EntryPoint","urlTemplate":"https:\/\/www.strassenweb.de\/nachrichten\/?s={search_term_string}"},"query-input":{"@type":"PropertyValueSpecification","valueRequired":true,"valueName":"search_term_string"}}],"inLanguage":"de"},{"@type":"Organization","@id":"https:\/\/www.strassenweb.de\/nachrichten\/#organization","name":"Stra\u00dfenweb","url":"https:\/\/www.strassenweb.de\/nachrichten\/","logo":{"@type":"ImageObject","inLanguage":"de","@id":"https:\/\/www.strassenweb.de\/nachrichten\/#\/schema\/logo\/image\/","url":"https:\/\/www.strassenweb.de\/nachrichten\/wp-content\/uploads\/2024\/09\/cropped-favicon.png","contentUrl":"https:\/\/www.strassenweb.de\/nachrichten\/wp-content\/uploads\/2024\/09\/cropped-favicon.png","width":512,"height":512,"caption":"Stra\u00dfenweb"},"image":{"@id":"https:\/\/www.strassenweb.de\/nachrichten\/#\/schema\/logo\/image\/"},"sameAs":["https:\/\/www.facebook.com\/strassenweb\/"]},{"@type":"Person","@id":"https:\/\/www.strassenweb.de\/nachrichten\/#\/schema\/person\/87c9c9067f1211da429a744dc5a5aa41","name":"Robert Hoffmann","image":{"@type":"ImageObject","inLanguage":"de","@id":"https:\/\/www.strassenweb.de\/nachrichten\/wp-content\/uploads\/2024\/09\/strassenweb-150x150.jpg","url":"https:\/\/www.strassenweb.de\/nachrichten\/wp-content\/uploads\/2024\/09\/strassenweb-150x150.jpg","contentUrl":"https:\/\/www.strassenweb.de\/nachrichten\/wp-content\/uploads\/2024\/09\/strassenweb-150x150.jpg","caption":"Robert Hoffmann"},"description":"Ich hei\u00dfe Robert Hoffmann und ich bin ein leidenschaftlicher Verfechter von \u00d6kologie und Biodiversit\u00e4t. Seit meiner Kindheit in den W\u00e4ldern Bayerns f\u00fchle ich mich mit der Natur verbunden und bin entschlossen, sie zu sch\u00fctzen. Heute widme ich mein Leben der Sensibilisierung anderer f\u00fcr die Bedeutung des Umweltschutzes f\u00fcr zuk\u00fcnftige Generationen.","sameAs":["https:\/\/www.strassenweb.de\/"]}]}},"_links":{"self":[{"href":"https:\/\/www.strassenweb.de\/nachrichten\/wp-json\/wp\/v2\/posts\/8873","targetHints":{"allow":["GET"]}}],"collection":[{"href":"https:\/\/www.strassenweb.de\/nachrichten\/wp-json\/wp\/v2\/posts"}],"about":[{"href":"https:\/\/www.strassenweb.de\/nachrichten\/wp-json\/wp\/v2\/types\/post"}],"author":[{"embeddable":true,"href":"https:\/\/www.strassenweb.de\/nachrichten\/wp-json\/wp\/v2\/users\/1"}],"replies":[{"embeddable":true,"href":"https:\/\/www.strassenweb.de\/nachrichten\/wp-json\/wp\/v2\/comments?post=8873"}],"version-history":[{"count":0,"href":"https:\/\/www.strassenweb.de\/nachrichten\/wp-json\/wp\/v2\/posts\/8873\/revisions"}],"wp:featuredmedia":[{"embeddable":true,"href":"https:\/\/www.strassenweb.de\/nachrichten\/wp-json\/wp\/v2\/media\/8874"}],"wp:attachment":[{"href":"https:\/\/www.strassenweb.de\/nachrichten\/wp-json\/wp\/v2\/media?parent=8873"}],"wp:term":[{"taxonomy":"category","embeddable":true,"href":"https:\/\/www.strassenweb.de\/nachrichten\/wp-json\/wp\/v2\/categories?post=8873"},{"taxonomy":"post_tag","embeddable":true,"href":"https:\/\/www.strassenweb.de\/nachrichten\/wp-json\/wp\/v2\/tags?post=8873"}],"curies":[{"name":"wp","href":"https:\/\/api.w.org\/{rel}","templated":true}]}}