{"id":8846,"date":"2025-10-29T00:39:18","date_gmt":"2025-10-28T23:39:18","guid":{"rendered":"https:\/\/www.strassenweb.de\/nachrichten\/aldi-hat-gerade-den-weihnachtsdekor-trend-zurueckgebracht-von-dem-jeder-besessen-ist-und-fuer-nur-899-koennen-sie-den-mini-baumschleifen-look-jetzt-ganz-einfach-nachmachen\/"},"modified":"2025-10-29T00:39:19","modified_gmt":"2025-10-28T23:39:19","slug":"aldi-hat-gerade-den-weihnachtsdekor-trend-zurueckgebracht-von-dem-jeder-besessen-ist-und-fuer-nur-899-koennen-sie-den-mini-baumschleifen-look-jetzt-ganz-einfach-nachmachen","status":"publish","type":"post","link":"https:\/\/www.strassenweb.de\/nachrichten\/aldi-hat-gerade-den-weihnachtsdekor-trend-zurueckgebracht-von-dem-jeder-besessen-ist-und-fuer-nur-899-koennen-sie-den-mini-baumschleifen-look-jetzt-ganz-einfach-nachmachen\/","title":{"rendered":"ALDI hat gerade den Weihnachtsdekor-Trend zur\u00fcckgebracht, von dem jeder besessen ist \u2013 und f\u00fcr nur 8,99 $ k\u00f6nnen Sie den Mini-Baumschleifen-Look jetzt ganz einfach nachmachen"},"content":{"rendered":"<p><\/p>\n<div id=\"article-body\" class=\"article__body \">\n<p id=\"87ec8ac1-85d0-4458-92da-ac1afac53af4\">Das Dekorieren zu Weihnachten hat etwas so Fr\u00f6hliches an sich \u2013 die Lichter, die Texturen, die kleinen Rituale, die einem Zuhause ein festliches und warmes Gef\u00fchl verleihen.<\/p>\n<div id=\"ad-unit-1\" class=\"ad-unit\"><\/div>\n<p>Jedes Jahr f\u00fchle ich mich zu bestimmten Weihnachtsdeko-Ideen hingezogen, die nie ihren Charme verlieren, und in dieser Saison ist es wieder die Schleife, die mein Herz erobert. Der Mini-Schleifen-Trend war letztes Weihnachten allgegenw\u00e4rtig und ich bin \u00fcberzeugt, dass er anhalten wird. Es hat diese seltene Kombination aus Langlebigkeit und Zeitlosigkeit \u2013 etwas, das sich sowohl nostalgisch als auch m\u00fchelos elegant anf\u00fchlt, egal wie sich der Stil \u00e4ndert.<\/p>\n<aside data-block-type=\"embed\" data-render-type=\"fte\" data-skip=\"dealsy\" data-widget-type=\"seasonal\" class=\"hawk-root\"><\/aside>\n<p id=\"87ec8ac1-85d0-4458-92da-ac1afac53af4-2\" class=\"paywall\" aria-hidden=\"true\">Dieses Jahr habe ich mich in die Merry Moments Velvet Clip-On Bow Ornaments in Rubinrot von ALDI verliebt, die alles einfangen, was den Trend so besonders macht. Die weiche Samtstruktur, der satte Rubinton und das einfache Clip-Design machen sie ebenso einfach wie sch\u00f6n. Sie verwandeln einen Weihnachtsbaum, eine Girlande oder einen Kranz im Handumdrehen mit genau der richtigen Prise festlicher Eleganz \u2013 und f\u00fcr 8,99 $ f\u00fcr sechs Personen sind sie der Beweis daf\u00fcr, dass zeitloser Stil nicht mit einem Luxuspreis verbunden sein muss.<\/p>\n<div class=\"van_vid_carousel\">\n<div class=\"van_vid_carousel__padding\">\n<div class=\"van_vid_carousel__container\"><\/div>\n<\/div>\n<\/div>\n<p>Was ich an B\u00f6gen am meisten liebe, ist ihre Vielseitigkeit. Sie funktionieren sowohl in modernen als auch in traditionellen R\u00e4umen wunderbar, egal ob Sie einen minimalistischen wei\u00dfen Baum schm\u00fccken oder sie zu einer maximalistischeren, glitzernden Pr\u00e4sentation kombinieren. Ihre weiche Textur und elegante Form verleihen W\u00e4rme und Struktur zugleich und machen sie zu einem perfekten i-T\u00fcpfelchen, das einen Raum zusammenh\u00e4lt.<\/p>\n<div id=\"ad-unit-2\" class=\"ad-unit\"><\/div>\n<figure class=\"van-image-figure inline-layout \" data-bordeaux-image-check id=\"f2faff8b-38e4-4a1b-8ce9-84b50ab64c87\">\n<div class=\"image-full-width-wrapper\">\n<div class=\"image-widthsetter\" style=\"max-width:2000px;\"><\/div>\n<\/div>\n<\/figure>\n<p id=\"d63c513b-b1b1-46f6-b8e7-05670226ce66\">Dieses Jahr werde ich sie \u00fcberall an meinem Baum befestigen, aber ich liebe es auch, sie zu Weihnachtskr\u00e4nzen, Geschenkpapier oder sogar Serviettenringen hinzuzuf\u00fcgen, um einen abgestimmten, durchdachten Look zu erzielen. Sie geh\u00f6ren zu den Details, die einem Raum immer ein durchdachtes, gem\u00fctliches und pers\u00f6nliches Gef\u00fchl verleihen. In einer Jahreszeit, in der Tradition und Zusammengeh\u00f6rigkeit gefeiert werden, verk\u00f6rpern Schleifen alles, was ich an festlicher Dekoration liebe.<\/p>\n<p>Diese dekorativen kleinen Schleifen m\u00f6gen derzeit im Trend liegen, aber f\u00fcr mich waren und sind sie schon immer ein zeitloser Klassiker, den ich jedes Jahr zu Weihnachten wiederverwenden werde.<\/p>\n<h3 class=\"article-body__section\" id=\"section-shop-christmas-tree-bows\"><span>Kaufen Sie Weihnachtsbaumschleifen<\/span><\/h3>\n<p id=\"3b987b63-6c37-4b8e-9fdf-83b38566147b\">Schleifen sind eine charmante M\u00f6glichkeit, Ihrem Zuhause in dieser festlichen Jahreszeit einen verspielten, \u201ekoketten\u201c Touch zu verleihen, und ich habe meine Lieblingsstile zusammengestellt, um Ihnen dabei zu helfen, den Look dieses Weihnachten auf den Punkt zu bringen.<\/p>\n<div id=\"slice-container-newsletterForm-articleInbodyContent-mzvVFaFQXihm2TqPtUgAAB\" class=\"slice-container newsletter-inbodyContent-slice newsletterForm-articleInbodyContent-mzvVFaFQXihm2TqPtUgAAB slice-container-newsletterForm\"><\/div>\n<div class=\"product-container hero-product-container product-block-no-wrap\">\n<div class=\"product-block-row\"><\/div>\n<div class=\"product-block-row\"><\/div>\n<div class=\"product-block-row\"><\/div>\n<div class=\"product-block-row\"><\/div>\n<div class=\"product-block-row\"><\/div>\n<div class=\"product-block-row\"><\/div>\n<\/div>\n<\/div>\n","protected":false},"excerpt":{"rendered":"<p>Das Dekorieren zu Weihnachten hat etwas so Fr\u00f6hliches an sich \u2013 die Lichter, die Texturen, die kleinen Rituale, die einem Zuhause ein festliches und warmes<\/p>\n","protected":false},"author":1,"featured_media":8847,"comment_status":"closed","ping_status":"","sticky":false,"template":"","format":"standard","meta":{"footnotes":""},"categories":[118],"tags":[7295,3371,91,78,355,55,480,495,189,15,2162,1272,689,11176,3767,54,165,37,21,3367,7998],"class_list":["post-8846","post","type-post","status-publish","format-standard","has-post-thumbnail","hentry","category-haus-garten","tag-aldi","tag-besessen","tag-dem","tag-den","tag-einfach","tag-fuer","tag-ganz","tag-gerade","tag-hat","tag-ist","tag-jeder","tag-jetzt","tag-koennen","tag-minibaumschleifenlook","tag-nachmachen","tag-nur","tag-sie","tag-und","tag-von","tag-weihnachtsdekortrend","tag-zurueckgebracht","generate-columns","tablet-grid-50","mobile-grid-100","grid-parent","grid-50"],"yoast_head":"<!-- This site is optimized with the Yoast SEO plugin v27.3 - https:\/\/yoast.com\/product\/yoast-seo-wordpress\/ -->\n<title>ALDI hat gerade den Weihnachtsdekor-Trend zur\u00fcckgebracht, von dem jeder besessen ist \u2013 und f\u00fcr nur 8,99 $ k\u00f6nnen Sie den Mini-Baumschleifen-Look jetzt ganz einfach nachmachen - Nachrichten - Stra\u00dfenweb<\/title>\n<meta name=\"robots\" content=\"index, follow, max-snippet:-1, max-image-preview:large, max-video-preview:-1\" \/>\n<link rel=\"canonical\" href=\"https:\/\/www.strassenweb.de\/nachrichten\/aldi-hat-gerade-den-weihnachtsdekor-trend-zurueckgebracht-von-dem-jeder-besessen-ist-und-fuer-nur-899-koennen-sie-den-mini-baumschleifen-look-jetzt-ganz-einfach-nachmachen\/\" \/>\n<meta property=\"og:locale\" content=\"de_DE\" \/>\n<meta property=\"og:type\" content=\"article\" \/>\n<meta property=\"og:title\" content=\"ALDI hat gerade den Weihnachtsdekor-Trend zur\u00fcckgebracht, von dem jeder besessen ist \u2013 und f\u00fcr nur 8,99 $ k\u00f6nnen Sie den Mini-Baumschleifen-Look jetzt ganz einfach nachmachen - Nachrichten - Stra\u00dfenweb\" \/>\n<meta property=\"og:description\" content=\"Das Dekorieren zu Weihnachten hat etwas so Fr\u00f6hliches an sich \u2013 die Lichter, die Texturen, die kleinen Rituale, die einem Zuhause ein festliches und warmes\" \/>\n<meta property=\"og:url\" content=\"https:\/\/www.strassenweb.de\/nachrichten\/aldi-hat-gerade-den-weihnachtsdekor-trend-zurueckgebracht-von-dem-jeder-besessen-ist-und-fuer-nur-899-koennen-sie-den-mini-baumschleifen-look-jetzt-ganz-einfach-nachmachen\/\" \/>\n<meta property=\"og:site_name\" content=\"Stra\u00dfenweb\" \/>\n<meta property=\"article:publisher\" content=\"https:\/\/www.facebook.com\/strassenweb\/\" \/>\n<meta property=\"article:published_time\" content=\"2025-10-28T23:39:18+00:00\" \/>\n<meta property=\"article:modified_time\" content=\"2025-10-28T23:39:19+00:00\" \/>\n<meta property=\"og:image\" content=\"https:\/\/www.strassenweb.de\/nachrichten\/wp-content\/uploads\/2025\/10\/ALDI-hat-gerade-den-Weihnachtsdekor-Trend-zurueckgebracht-von-dem-jeder-besessen.jpg\" \/>\n\t<meta property=\"og:image:width\" content=\"2560\" \/>\n\t<meta property=\"og:image:height\" content=\"1365\" \/>\n\t<meta property=\"og:image:type\" content=\"image\/jpeg\" \/>\n<meta name=\"author\" content=\"Robert Hoffmann\" \/>\n<meta name=\"twitter:card\" content=\"summary_large_image\" \/>\n<meta name=\"twitter:label1\" content=\"Verfasst von\" \/>\n\t<meta name=\"twitter:data1\" content=\"Robert Hoffmann\" \/>\n\t<meta name=\"twitter:label2\" content=\"Gesch\u00e4tzte Lesezeit\" \/>\n\t<meta name=\"twitter:data2\" content=\"2\u00a0Minuten\" \/>\n<script type=\"application\/ld+json\" class=\"yoast-schema-graph\">{\"@context\":\"https:\\\/\\\/schema.org\",\"@graph\":[{\"@type\":\"Article\",\"@id\":\"https:\\\/\\\/www.strassenweb.de\\\/nachrichten\\\/aldi-hat-gerade-den-weihnachtsdekor-trend-zurueckgebracht-von-dem-jeder-besessen-ist-und-fuer-nur-899-koennen-sie-den-mini-baumschleifen-look-jetzt-ganz-einfach-nachmachen\\\/#article\",\"isPartOf\":{\"@id\":\"https:\\\/\\\/www.strassenweb.de\\\/nachrichten\\\/aldi-hat-gerade-den-weihnachtsdekor-trend-zurueckgebracht-von-dem-jeder-besessen-ist-und-fuer-nur-899-koennen-sie-den-mini-baumschleifen-look-jetzt-ganz-einfach-nachmachen\\\/\"},\"author\":{\"name\":\"Robert Hoffmann\",\"@id\":\"https:\\\/\\\/www.strassenweb.de\\\/nachrichten\\\/#\\\/schema\\\/person\\\/87c9c9067f1211da429a744dc5a5aa41\"},\"headline\":\"ALDI hat gerade den Weihnachtsdekor-Trend zur\u00fcckgebracht, von dem jeder besessen ist \u2013 und f\u00fcr nur 8,99 $ k\u00f6nnen Sie den Mini-Baumschleifen-Look jetzt ganz einfach nachmachen\",\"datePublished\":\"2025-10-28T23:39:18+00:00\",\"dateModified\":\"2025-10-28T23:39:19+00:00\",\"mainEntityOfPage\":{\"@id\":\"https:\\\/\\\/www.strassenweb.de\\\/nachrichten\\\/aldi-hat-gerade-den-weihnachtsdekor-trend-zurueckgebracht-von-dem-jeder-besessen-ist-und-fuer-nur-899-koennen-sie-den-mini-baumschleifen-look-jetzt-ganz-einfach-nachmachen\\\/\"},\"wordCount\":420,\"publisher\":{\"@id\":\"https:\\\/\\\/www.strassenweb.de\\\/nachrichten\\\/#organization\"},\"image\":{\"@id\":\"https:\\\/\\\/www.strassenweb.de\\\/nachrichten\\\/aldi-hat-gerade-den-weihnachtsdekor-trend-zurueckgebracht-von-dem-jeder-besessen-ist-und-fuer-nur-899-koennen-sie-den-mini-baumschleifen-look-jetzt-ganz-einfach-nachmachen\\\/#primaryimage\"},\"thumbnailUrl\":\"https:\\\/\\\/www.strassenweb.de\\\/nachrichten\\\/wp-content\\\/uploads\\\/2025\\\/10\\\/ALDI-hat-gerade-den-Weihnachtsdekor-Trend-zurueckgebracht-von-dem-jeder-besessen.jpg\",\"keywords\":[\"Aldi\",\"besessen\",\"dem\",\"den\",\"einfach\",\"f\u00fcr\",\"ganz\",\"gerade\",\"hat\",\"ist\",\"jeder\",\"jetzt\",\"k\u00f6nnen\",\"MiniBaumschleifenLook\",\"nachmachen\",\"nur\",\"Sie\",\"und\",\"von\",\"WeihnachtsdekorTrend\",\"zur\u00fcckgebracht\"],\"articleSection\":[\"Haus &amp; Garten\"],\"inLanguage\":\"de\"},{\"@type\":\"WebPage\",\"@id\":\"https:\\\/\\\/www.strassenweb.de\\\/nachrichten\\\/aldi-hat-gerade-den-weihnachtsdekor-trend-zurueckgebracht-von-dem-jeder-besessen-ist-und-fuer-nur-899-koennen-sie-den-mini-baumschleifen-look-jetzt-ganz-einfach-nachmachen\\\/\",\"url\":\"https:\\\/\\\/www.strassenweb.de\\\/nachrichten\\\/aldi-hat-gerade-den-weihnachtsdekor-trend-zurueckgebracht-von-dem-jeder-besessen-ist-und-fuer-nur-899-koennen-sie-den-mini-baumschleifen-look-jetzt-ganz-einfach-nachmachen\\\/\",\"name\":\"ALDI hat gerade den Weihnachtsdekor-Trend zur\u00fcckgebracht, von dem jeder besessen ist \u2013 und f\u00fcr nur 8,99 $ k\u00f6nnen Sie den Mini-Baumschleifen-Look jetzt ganz einfach nachmachen - Nachrichten - Stra\u00dfenweb\",\"isPartOf\":{\"@id\":\"https:\\\/\\\/www.strassenweb.de\\\/nachrichten\\\/#website\"},\"primaryImageOfPage\":{\"@id\":\"https:\\\/\\\/www.strassenweb.de\\\/nachrichten\\\/aldi-hat-gerade-den-weihnachtsdekor-trend-zurueckgebracht-von-dem-jeder-besessen-ist-und-fuer-nur-899-koennen-sie-den-mini-baumschleifen-look-jetzt-ganz-einfach-nachmachen\\\/#primaryimage\"},\"image\":{\"@id\":\"https:\\\/\\\/www.strassenweb.de\\\/nachrichten\\\/aldi-hat-gerade-den-weihnachtsdekor-trend-zurueckgebracht-von-dem-jeder-besessen-ist-und-fuer-nur-899-koennen-sie-den-mini-baumschleifen-look-jetzt-ganz-einfach-nachmachen\\\/#primaryimage\"},\"thumbnailUrl\":\"https:\\\/\\\/www.strassenweb.de\\\/nachrichten\\\/wp-content\\\/uploads\\\/2025\\\/10\\\/ALDI-hat-gerade-den-Weihnachtsdekor-Trend-zurueckgebracht-von-dem-jeder-besessen.jpg\",\"datePublished\":\"2025-10-28T23:39:18+00:00\",\"dateModified\":\"2025-10-28T23:39:19+00:00\",\"breadcrumb\":{\"@id\":\"https:\\\/\\\/www.strassenweb.de\\\/nachrichten\\\/aldi-hat-gerade-den-weihnachtsdekor-trend-zurueckgebracht-von-dem-jeder-besessen-ist-und-fuer-nur-899-koennen-sie-den-mini-baumschleifen-look-jetzt-ganz-einfach-nachmachen\\\/#breadcrumb\"},\"inLanguage\":\"de\",\"potentialAction\":[{\"@type\":\"ReadAction\",\"target\":[\"https:\\\/\\\/www.strassenweb.de\\\/nachrichten\\\/aldi-hat-gerade-den-weihnachtsdekor-trend-zurueckgebracht-von-dem-jeder-besessen-ist-und-fuer-nur-899-koennen-sie-den-mini-baumschleifen-look-jetzt-ganz-einfach-nachmachen\\\/\"]}]},{\"@type\":\"ImageObject\",\"inLanguage\":\"de\",\"@id\":\"https:\\\/\\\/www.strassenweb.de\\\/nachrichten\\\/aldi-hat-gerade-den-weihnachtsdekor-trend-zurueckgebracht-von-dem-jeder-besessen-ist-und-fuer-nur-899-koennen-sie-den-mini-baumschleifen-look-jetzt-ganz-einfach-nachmachen\\\/#primaryimage\",\"url\":\"https:\\\/\\\/www.strassenweb.de\\\/nachrichten\\\/wp-content\\\/uploads\\\/2025\\\/10\\\/ALDI-hat-gerade-den-Weihnachtsdekor-Trend-zurueckgebracht-von-dem-jeder-besessen.jpg\",\"contentUrl\":\"https:\\\/\\\/www.strassenweb.de\\\/nachrichten\\\/wp-content\\\/uploads\\\/2025\\\/10\\\/ALDI-hat-gerade-den-Weihnachtsdekor-Trend-zurueckgebracht-von-dem-jeder-besessen.jpg\",\"width\":2560,\"height\":1365,\"caption\":\"ALDI hat gerade den Weihnachtsdekor-Trend zur\u00fcckgebracht, von dem jeder besessen ist \u2013 und f\u00fcr nur 8,99 $ k\u00f6nnen Sie den Mini-Baumschleifen-Look jetzt ganz einfach nachmachen\"},{\"@type\":\"BreadcrumbList\",\"@id\":\"https:\\\/\\\/www.strassenweb.de\\\/nachrichten\\\/aldi-hat-gerade-den-weihnachtsdekor-trend-zurueckgebracht-von-dem-jeder-besessen-ist-und-fuer-nur-899-koennen-sie-den-mini-baumschleifen-look-jetzt-ganz-einfach-nachmachen\\\/#breadcrumb\",\"itemListElement\":[{\"@type\":\"ListItem\",\"position\":1,\"name\":\"Home\",\"item\":\"https:\\\/\\\/www.strassenweb.de\\\/nachrichten\\\/\"},{\"@type\":\"ListItem\",\"position\":2,\"name\":\"ALDI hat gerade den Weihnachtsdekor-Trend zur\u00fcckgebracht, von dem jeder besessen ist \u2013 und f\u00fcr nur 8,99 $ k\u00f6nnen Sie den Mini-Baumschleifen-Look jetzt ganz einfach nachmachen\"}]},{\"@type\":\"WebSite\",\"@id\":\"https:\\\/\\\/www.strassenweb.de\\\/nachrichten\\\/#website\",\"url\":\"https:\\\/\\\/www.strassenweb.de\\\/nachrichten\\\/\",\"name\":\"Stra\u00dfenweb\",\"description\":\"Stra\u00dfenverzeichnis f\u00fcr Deutschland\",\"publisher\":{\"@id\":\"https:\\\/\\\/www.strassenweb.de\\\/nachrichten\\\/#organization\"},\"potentialAction\":[{\"@type\":\"SearchAction\",\"target\":{\"@type\":\"EntryPoint\",\"urlTemplate\":\"https:\\\/\\\/www.strassenweb.de\\\/nachrichten\\\/?s={search_term_string}\"},\"query-input\":{\"@type\":\"PropertyValueSpecification\",\"valueRequired\":true,\"valueName\":\"search_term_string\"}}],\"inLanguage\":\"de\"},{\"@type\":\"Organization\",\"@id\":\"https:\\\/\\\/www.strassenweb.de\\\/nachrichten\\\/#organization\",\"name\":\"Stra\u00dfenweb\",\"url\":\"https:\\\/\\\/www.strassenweb.de\\\/nachrichten\\\/\",\"logo\":{\"@type\":\"ImageObject\",\"inLanguage\":\"de\",\"@id\":\"https:\\\/\\\/www.strassenweb.de\\\/nachrichten\\\/#\\\/schema\\\/logo\\\/image\\\/\",\"url\":\"https:\\\/\\\/www.strassenweb.de\\\/nachrichten\\\/wp-content\\\/uploads\\\/2024\\\/09\\\/cropped-favicon.png\",\"contentUrl\":\"https:\\\/\\\/www.strassenweb.de\\\/nachrichten\\\/wp-content\\\/uploads\\\/2024\\\/09\\\/cropped-favicon.png\",\"width\":512,\"height\":512,\"caption\":\"Stra\u00dfenweb\"},\"image\":{\"@id\":\"https:\\\/\\\/www.strassenweb.de\\\/nachrichten\\\/#\\\/schema\\\/logo\\\/image\\\/\"},\"sameAs\":[\"https:\\\/\\\/www.facebook.com\\\/strassenweb\\\/\"]},{\"@type\":\"Person\",\"@id\":\"https:\\\/\\\/www.strassenweb.de\\\/nachrichten\\\/#\\\/schema\\\/person\\\/87c9c9067f1211da429a744dc5a5aa41\",\"name\":\"Robert Hoffmann\",\"image\":{\"@type\":\"ImageObject\",\"inLanguage\":\"de\",\"@id\":\"https:\\\/\\\/www.strassenweb.de\\\/nachrichten\\\/wp-content\\\/uploads\\\/2024\\\/09\\\/strassenweb-150x150.jpg\",\"url\":\"https:\\\/\\\/www.strassenweb.de\\\/nachrichten\\\/wp-content\\\/uploads\\\/2024\\\/09\\\/strassenweb-150x150.jpg\",\"contentUrl\":\"https:\\\/\\\/www.strassenweb.de\\\/nachrichten\\\/wp-content\\\/uploads\\\/2024\\\/09\\\/strassenweb-150x150.jpg\",\"caption\":\"Robert Hoffmann\"},\"description\":\"Ich hei\u00dfe Robert Hoffmann und ich bin ein leidenschaftlicher Verfechter von \u00d6kologie und Biodiversit\u00e4t. Seit meiner Kindheit in den W\u00e4ldern Bayerns f\u00fchle ich mich mit der Natur verbunden und bin entschlossen, sie zu sch\u00fctzen. Heute widme ich mein Leben der Sensibilisierung anderer f\u00fcr die Bedeutung des Umweltschutzes f\u00fcr zuk\u00fcnftige Generationen.\",\"sameAs\":[\"https:\\\/\\\/www.strassenweb.de\\\/\"]}]}<\/script>\n<!-- \/ Yoast SEO plugin. -->","yoast_head_json":{"title":"ALDI hat gerade den Weihnachtsdekor-Trend zur\u00fcckgebracht, von dem jeder besessen ist \u2013 und f\u00fcr nur 8,99 $ k\u00f6nnen Sie den Mini-Baumschleifen-Look jetzt ganz einfach nachmachen - Nachrichten - Stra\u00dfenweb","robots":{"index":"index","follow":"follow","max-snippet":"max-snippet:-1","max-image-preview":"max-image-preview:large","max-video-preview":"max-video-preview:-1"},"canonical":"https:\/\/www.strassenweb.de\/nachrichten\/aldi-hat-gerade-den-weihnachtsdekor-trend-zurueckgebracht-von-dem-jeder-besessen-ist-und-fuer-nur-899-koennen-sie-den-mini-baumschleifen-look-jetzt-ganz-einfach-nachmachen\/","og_locale":"de_DE","og_type":"article","og_title":"ALDI hat gerade den Weihnachtsdekor-Trend zur\u00fcckgebracht, von dem jeder besessen ist \u2013 und f\u00fcr nur 8,99 $ k\u00f6nnen Sie den Mini-Baumschleifen-Look jetzt ganz einfach nachmachen - Nachrichten - Stra\u00dfenweb","og_description":"Das Dekorieren zu Weihnachten hat etwas so Fr\u00f6hliches an sich \u2013 die Lichter, die Texturen, die kleinen Rituale, die einem Zuhause ein festliches und warmes","og_url":"https:\/\/www.strassenweb.de\/nachrichten\/aldi-hat-gerade-den-weihnachtsdekor-trend-zurueckgebracht-von-dem-jeder-besessen-ist-und-fuer-nur-899-koennen-sie-den-mini-baumschleifen-look-jetzt-ganz-einfach-nachmachen\/","og_site_name":"Stra\u00dfenweb","article_publisher":"https:\/\/www.facebook.com\/strassenweb\/","article_published_time":"2025-10-28T23:39:18+00:00","article_modified_time":"2025-10-28T23:39:19+00:00","og_image":[{"width":2560,"height":1365,"url":"https:\/\/www.strassenweb.de\/nachrichten\/wp-content\/uploads\/2025\/10\/ALDI-hat-gerade-den-Weihnachtsdekor-Trend-zurueckgebracht-von-dem-jeder-besessen.jpg","type":"image\/jpeg"}],"author":"Robert Hoffmann","twitter_card":"summary_large_image","twitter_misc":{"Verfasst von":"Robert Hoffmann","Gesch\u00e4tzte Lesezeit":"2\u00a0Minuten"},"schema":{"@context":"https:\/\/schema.org","@graph":[{"@type":"Article","@id":"https:\/\/www.strassenweb.de\/nachrichten\/aldi-hat-gerade-den-weihnachtsdekor-trend-zurueckgebracht-von-dem-jeder-besessen-ist-und-fuer-nur-899-koennen-sie-den-mini-baumschleifen-look-jetzt-ganz-einfach-nachmachen\/#article","isPartOf":{"@id":"https:\/\/www.strassenweb.de\/nachrichten\/aldi-hat-gerade-den-weihnachtsdekor-trend-zurueckgebracht-von-dem-jeder-besessen-ist-und-fuer-nur-899-koennen-sie-den-mini-baumschleifen-look-jetzt-ganz-einfach-nachmachen\/"},"author":{"name":"Robert Hoffmann","@id":"https:\/\/www.strassenweb.de\/nachrichten\/#\/schema\/person\/87c9c9067f1211da429a744dc5a5aa41"},"headline":"ALDI hat gerade den Weihnachtsdekor-Trend zur\u00fcckgebracht, von dem jeder besessen ist \u2013 und f\u00fcr nur 8,99 $ k\u00f6nnen Sie den Mini-Baumschleifen-Look jetzt ganz einfach nachmachen","datePublished":"2025-10-28T23:39:18+00:00","dateModified":"2025-10-28T23:39:19+00:00","mainEntityOfPage":{"@id":"https:\/\/www.strassenweb.de\/nachrichten\/aldi-hat-gerade-den-weihnachtsdekor-trend-zurueckgebracht-von-dem-jeder-besessen-ist-und-fuer-nur-899-koennen-sie-den-mini-baumschleifen-look-jetzt-ganz-einfach-nachmachen\/"},"wordCount":420,"publisher":{"@id":"https:\/\/www.strassenweb.de\/nachrichten\/#organization"},"image":{"@id":"https:\/\/www.strassenweb.de\/nachrichten\/aldi-hat-gerade-den-weihnachtsdekor-trend-zurueckgebracht-von-dem-jeder-besessen-ist-und-fuer-nur-899-koennen-sie-den-mini-baumschleifen-look-jetzt-ganz-einfach-nachmachen\/#primaryimage"},"thumbnailUrl":"https:\/\/www.strassenweb.de\/nachrichten\/wp-content\/uploads\/2025\/10\/ALDI-hat-gerade-den-Weihnachtsdekor-Trend-zurueckgebracht-von-dem-jeder-besessen.jpg","keywords":["Aldi","besessen","dem","den","einfach","f\u00fcr","ganz","gerade","hat","ist","jeder","jetzt","k\u00f6nnen","MiniBaumschleifenLook","nachmachen","nur","Sie","und","von","WeihnachtsdekorTrend","zur\u00fcckgebracht"],"articleSection":["Haus &amp; Garten"],"inLanguage":"de"},{"@type":"WebPage","@id":"https:\/\/www.strassenweb.de\/nachrichten\/aldi-hat-gerade-den-weihnachtsdekor-trend-zurueckgebracht-von-dem-jeder-besessen-ist-und-fuer-nur-899-koennen-sie-den-mini-baumschleifen-look-jetzt-ganz-einfach-nachmachen\/","url":"https:\/\/www.strassenweb.de\/nachrichten\/aldi-hat-gerade-den-weihnachtsdekor-trend-zurueckgebracht-von-dem-jeder-besessen-ist-und-fuer-nur-899-koennen-sie-den-mini-baumschleifen-look-jetzt-ganz-einfach-nachmachen\/","name":"ALDI hat gerade den Weihnachtsdekor-Trend zur\u00fcckgebracht, von dem jeder besessen ist \u2013 und f\u00fcr nur 8,99 $ k\u00f6nnen Sie den Mini-Baumschleifen-Look jetzt ganz einfach nachmachen - Nachrichten - Stra\u00dfenweb","isPartOf":{"@id":"https:\/\/www.strassenweb.de\/nachrichten\/#website"},"primaryImageOfPage":{"@id":"https:\/\/www.strassenweb.de\/nachrichten\/aldi-hat-gerade-den-weihnachtsdekor-trend-zurueckgebracht-von-dem-jeder-besessen-ist-und-fuer-nur-899-koennen-sie-den-mini-baumschleifen-look-jetzt-ganz-einfach-nachmachen\/#primaryimage"},"image":{"@id":"https:\/\/www.strassenweb.de\/nachrichten\/aldi-hat-gerade-den-weihnachtsdekor-trend-zurueckgebracht-von-dem-jeder-besessen-ist-und-fuer-nur-899-koennen-sie-den-mini-baumschleifen-look-jetzt-ganz-einfach-nachmachen\/#primaryimage"},"thumbnailUrl":"https:\/\/www.strassenweb.de\/nachrichten\/wp-content\/uploads\/2025\/10\/ALDI-hat-gerade-den-Weihnachtsdekor-Trend-zurueckgebracht-von-dem-jeder-besessen.jpg","datePublished":"2025-10-28T23:39:18+00:00","dateModified":"2025-10-28T23:39:19+00:00","breadcrumb":{"@id":"https:\/\/www.strassenweb.de\/nachrichten\/aldi-hat-gerade-den-weihnachtsdekor-trend-zurueckgebracht-von-dem-jeder-besessen-ist-und-fuer-nur-899-koennen-sie-den-mini-baumschleifen-look-jetzt-ganz-einfach-nachmachen\/#breadcrumb"},"inLanguage":"de","potentialAction":[{"@type":"ReadAction","target":["https:\/\/www.strassenweb.de\/nachrichten\/aldi-hat-gerade-den-weihnachtsdekor-trend-zurueckgebracht-von-dem-jeder-besessen-ist-und-fuer-nur-899-koennen-sie-den-mini-baumschleifen-look-jetzt-ganz-einfach-nachmachen\/"]}]},{"@type":"ImageObject","inLanguage":"de","@id":"https:\/\/www.strassenweb.de\/nachrichten\/aldi-hat-gerade-den-weihnachtsdekor-trend-zurueckgebracht-von-dem-jeder-besessen-ist-und-fuer-nur-899-koennen-sie-den-mini-baumschleifen-look-jetzt-ganz-einfach-nachmachen\/#primaryimage","url":"https:\/\/www.strassenweb.de\/nachrichten\/wp-content\/uploads\/2025\/10\/ALDI-hat-gerade-den-Weihnachtsdekor-Trend-zurueckgebracht-von-dem-jeder-besessen.jpg","contentUrl":"https:\/\/www.strassenweb.de\/nachrichten\/wp-content\/uploads\/2025\/10\/ALDI-hat-gerade-den-Weihnachtsdekor-Trend-zurueckgebracht-von-dem-jeder-besessen.jpg","width":2560,"height":1365,"caption":"ALDI hat gerade den Weihnachtsdekor-Trend zur\u00fcckgebracht, von dem jeder besessen ist \u2013 und f\u00fcr nur 8,99 $ k\u00f6nnen Sie den Mini-Baumschleifen-Look jetzt ganz einfach nachmachen"},{"@type":"BreadcrumbList","@id":"https:\/\/www.strassenweb.de\/nachrichten\/aldi-hat-gerade-den-weihnachtsdekor-trend-zurueckgebracht-von-dem-jeder-besessen-ist-und-fuer-nur-899-koennen-sie-den-mini-baumschleifen-look-jetzt-ganz-einfach-nachmachen\/#breadcrumb","itemListElement":[{"@type":"ListItem","position":1,"name":"Home","item":"https:\/\/www.strassenweb.de\/nachrichten\/"},{"@type":"ListItem","position":2,"name":"ALDI hat gerade den Weihnachtsdekor-Trend zur\u00fcckgebracht, von dem jeder besessen ist \u2013 und f\u00fcr nur 8,99 $ k\u00f6nnen Sie den Mini-Baumschleifen-Look jetzt ganz einfach nachmachen"}]},{"@type":"WebSite","@id":"https:\/\/www.strassenweb.de\/nachrichten\/#website","url":"https:\/\/www.strassenweb.de\/nachrichten\/","name":"Stra\u00dfenweb","description":"Stra\u00dfenverzeichnis f\u00fcr Deutschland","publisher":{"@id":"https:\/\/www.strassenweb.de\/nachrichten\/#organization"},"potentialAction":[{"@type":"SearchAction","target":{"@type":"EntryPoint","urlTemplate":"https:\/\/www.strassenweb.de\/nachrichten\/?s={search_term_string}"},"query-input":{"@type":"PropertyValueSpecification","valueRequired":true,"valueName":"search_term_string"}}],"inLanguage":"de"},{"@type":"Organization","@id":"https:\/\/www.strassenweb.de\/nachrichten\/#organization","name":"Stra\u00dfenweb","url":"https:\/\/www.strassenweb.de\/nachrichten\/","logo":{"@type":"ImageObject","inLanguage":"de","@id":"https:\/\/www.strassenweb.de\/nachrichten\/#\/schema\/logo\/image\/","url":"https:\/\/www.strassenweb.de\/nachrichten\/wp-content\/uploads\/2024\/09\/cropped-favicon.png","contentUrl":"https:\/\/www.strassenweb.de\/nachrichten\/wp-content\/uploads\/2024\/09\/cropped-favicon.png","width":512,"height":512,"caption":"Stra\u00dfenweb"},"image":{"@id":"https:\/\/www.strassenweb.de\/nachrichten\/#\/schema\/logo\/image\/"},"sameAs":["https:\/\/www.facebook.com\/strassenweb\/"]},{"@type":"Person","@id":"https:\/\/www.strassenweb.de\/nachrichten\/#\/schema\/person\/87c9c9067f1211da429a744dc5a5aa41","name":"Robert Hoffmann","image":{"@type":"ImageObject","inLanguage":"de","@id":"https:\/\/www.strassenweb.de\/nachrichten\/wp-content\/uploads\/2024\/09\/strassenweb-150x150.jpg","url":"https:\/\/www.strassenweb.de\/nachrichten\/wp-content\/uploads\/2024\/09\/strassenweb-150x150.jpg","contentUrl":"https:\/\/www.strassenweb.de\/nachrichten\/wp-content\/uploads\/2024\/09\/strassenweb-150x150.jpg","caption":"Robert Hoffmann"},"description":"Ich hei\u00dfe Robert Hoffmann und ich bin ein leidenschaftlicher Verfechter von \u00d6kologie und Biodiversit\u00e4t. Seit meiner Kindheit in den W\u00e4ldern Bayerns f\u00fchle ich mich mit der Natur verbunden und bin entschlossen, sie zu sch\u00fctzen. Heute widme ich mein Leben der Sensibilisierung anderer f\u00fcr die Bedeutung des Umweltschutzes f\u00fcr zuk\u00fcnftige Generationen.","sameAs":["https:\/\/www.strassenweb.de\/"]}]}},"_links":{"self":[{"href":"https:\/\/www.strassenweb.de\/nachrichten\/wp-json\/wp\/v2\/posts\/8846","targetHints":{"allow":["GET"]}}],"collection":[{"href":"https:\/\/www.strassenweb.de\/nachrichten\/wp-json\/wp\/v2\/posts"}],"about":[{"href":"https:\/\/www.strassenweb.de\/nachrichten\/wp-json\/wp\/v2\/types\/post"}],"author":[{"embeddable":true,"href":"https:\/\/www.strassenweb.de\/nachrichten\/wp-json\/wp\/v2\/users\/1"}],"replies":[{"embeddable":true,"href":"https:\/\/www.strassenweb.de\/nachrichten\/wp-json\/wp\/v2\/comments?post=8846"}],"version-history":[{"count":0,"href":"https:\/\/www.strassenweb.de\/nachrichten\/wp-json\/wp\/v2\/posts\/8846\/revisions"}],"wp:featuredmedia":[{"embeddable":true,"href":"https:\/\/www.strassenweb.de\/nachrichten\/wp-json\/wp\/v2\/media\/8847"}],"wp:attachment":[{"href":"https:\/\/www.strassenweb.de\/nachrichten\/wp-json\/wp\/v2\/media?parent=8846"}],"wp:term":[{"taxonomy":"category","embeddable":true,"href":"https:\/\/www.strassenweb.de\/nachrichten\/wp-json\/wp\/v2\/categories?post=8846"},{"taxonomy":"post_tag","embeddable":true,"href":"https:\/\/www.strassenweb.de\/nachrichten\/wp-json\/wp\/v2\/tags?post=8846"}],"curies":[{"name":"wp","href":"https:\/\/api.w.org\/{rel}","templated":true}]}}