{"id":8837,"date":"2025-10-28T15:39:31","date_gmt":"2025-10-28T14:39:31","guid":{"rendered":"https:\/\/www.strassenweb.de\/nachrichten\/ich-haette-nie-gedacht-dass-ich-einen-kuenstlichen-weihnachtsbaum-einem-echten-vorziehen-wuerde-aber-diese-kuenstlichen-wayfair-baeume-lassen-mich-anders-denken\/"},"modified":"2025-10-28T15:39:35","modified_gmt":"2025-10-28T14:39:35","slug":"ich-haette-nie-gedacht-dass-ich-einen-kuenstlichen-weihnachtsbaum-einem-echten-vorziehen-wuerde-aber-diese-kuenstlichen-wayfair-baeume-lassen-mich-anders-denken","status":"publish","type":"post","link":"https:\/\/www.strassenweb.de\/nachrichten\/ich-haette-nie-gedacht-dass-ich-einen-kuenstlichen-weihnachtsbaum-einem-echten-vorziehen-wuerde-aber-diese-kuenstlichen-wayfair-baeume-lassen-mich-anders-denken\/","title":{"rendered":"Ich h\u00e4tte nie gedacht, dass ich einen k\u00fcnstlichen Weihnachtsbaum einem echten vorziehen w\u00fcrde, aber diese k\u00fcnstlichen Wayfair-B\u00e4ume lassen mich anders denken"},"content":{"rendered":"<p><\/p>\n<div id=\"article-body\" class=\"article__body \">\n<p id=\"1b286ebb-b99c-4b2a-960c-9157671e7857\">So lange ich mich erinnern kann, bevorzuge ich echte Weihnachtsb\u00e4ume gegen\u00fcber k\u00fcnstlichen Alternativen. Wie k\u00f6nnte ein k\u00fcnstlicher Baum mit seinem frischen Duft, seiner satten Farbe und seinem dichten Laub vergleichbar sein?<\/p>\n<div id=\"ad-unit-1\" class=\"ad-unit\"><\/div>\n<p>Das war meine Meinung <em>vor <\/em>Ich zog in meine eigene Wohnung und musste den immensen Aufwand, die st\u00e4ndige Wartung und die Kosten auf sich nehmen, die mit der Auswahl eines echten Weihnachtsbaums einhergehen. Mir wurde schnell klar, dass k\u00fcnstliche B\u00e4ume vielleicht doch gar nicht so schlecht sind. Allerdings gab es eine Sache, die mich davon abhielt, selbst eines zu kaufen \u2013 der \u00fcberm\u00e4\u00dfig falsche Look. Aber hier kommt Wayfair ins Spiel.<\/p>\n<p class=\"paywall\" aria-hidden=\"true\">Auf der Suche nach dem perfekten Baum bin ich auf die Sammlung k\u00fcnstlicher B\u00e4ume von Wayfair gesto\u00dfen. Diese B\u00e4ume sind nicht nur gro\u00df, robust und sehen genauso gut aus wie echte B\u00e4ume, sie werden auch von fr\u00fcheren K\u00e4ufern hoch bewertet. Au\u00dferdem sind viele dieser k\u00fcnstlichen B\u00e4ume im Way-Day-Sale von Wayfair deutlich reduziert.<\/p>\n<div class=\"van_vid_carousel\">\n<div class=\"van_vid_carousel__padding\">\n<div class=\"van_vid_carousel__container\"><\/div>\n<\/div>\n<\/div>\n<figure class=\"van-image-figure inline-layout \" data-bordeaux-image-check id=\"a83a39ca-dbe3-4dc6-a03b-7143668df6fd\">\n<div class=\"image-full-width-wrapper\">\n<div class=\"image-widthsetter\" style=\"max-width:2000px;\"><\/div>\n<\/div>\n<\/figure>\n<h2 id=\"shop-the-best-artificial-trees-from-wayfair-3\">Kaufen Sie die besten k\u00fcnstlichen B\u00e4ume bei Wayfair<\/h2>\n<aside data-block-type=\"embed\" data-render-type=\"fte\" data-skip=\"dealsy\" data-widget-type=\"seasonal\" class=\"hawk-root\"><\/aside>\n<p id=\"4b466dc6-7d81-4481-aec6-b7f52adfbdbe-0\">Diese B\u00e4ume von Wayfair haben den ganzen Reiz eines echten Weihnachtsbaums, ohne den zus\u00e4tzlichen Aufwand und die st\u00e4ndige Pflege. Auch wenn sie vielleicht nicht den frischen, holzigen Duft eines echten Weihnachtsbaums verstr\u00f6men, sehen sie genauso gut aus und werden noch viele Jahre halten. Und glauben Sie mir, es gibt unz\u00e4hlige M\u00f6glichkeiten, Ihr Zuhause zu Weihnachten angenehm duften zu lassen <em>viel <\/em>einfacher, als einen 50 Pfund schweren Tannenbaum durch die Haust\u00fcr zu schleppen.<\/p>\n<div id=\"ad-unit-2\" class=\"ad-unit\"><\/div>\n<p>Um Ihnen einen Vorsprung bei der Suche nach dem richtigen k\u00fcnstlichen Weihnachtsbaum f\u00fcr Ihr Zuhause zu verschaffen, habe ich alle bei Wayfair zum Verkauf stehenden k\u00fcnstlichen B\u00e4ume durchgesehen und sechs Top-Anw\u00e4rter gefunden. Diese B\u00e4ume sehen genauso aus wie die echten, sind aber viel praktischer f\u00fcr Ihr Zuhause. Au\u00dferdem werden sie von Wayfair-K\u00e4ufern sehr gut bewertet.<\/p>\n<p>Unten erwartet Sie Ihr k\u00fcnstlicher Traum-Weihnachtsbaum.<\/p>\n<div class=\"product-container hero-product-container product-block-no-wrap\">\n<div class=\"product-block-row\"><\/div>\n<div class=\"product-block-row\"><\/div>\n<div class=\"product-block-row\"><\/div>\n<div class=\"product-block-row\"><\/div>\n<div class=\"product-block-row\"><\/div>\n<div class=\"product-block-row\"><\/div>\n<\/div>\n<hr id=\"51211f97-812f-48d6-a665-127b9201f3a7\">\n<p id=\"57be6b9d-f688-4e6a-a038-76cea162e96e\">Nachdem Sie nun Ihren k\u00fcnstlichen Weihnachtsbaum gefunden haben, ist es an der Zeit, ihn mit Ornamenten und anderen Dekorationen zum Leben zu erwecken. Auch dabei k\u00f6nnen wir helfen. In unserer speziellen Zusammenfassung finden Sie unsere Liste mit genau den Weihnachtsdekorationen, die Sie bei Wayfair kaufen k\u00f6nnen.<\/p>\n<div id=\"slice-container-newsletterForm-articleInbodyContent-c5xTGJKKU2p5wYQMFRq9t3\" class=\"slice-container newsletter-inbodyContent-slice newsletterForm-articleInbodyContent-c5xTGJKKU2p5wYQMFRq9t3 slice-container-newsletterForm\"><\/div>\n<div class=\"block\" id=\"articleTag\" data-component-name=\"PostArticleLinks\">\n<div class=\"border-b border-b-black border-solid py-2.5 text-black font-bold uppercase\">THEMEN<\/div>\n<nav class=\"py-2.5 flex gap-2.5 flex-wrap\" data-analytics-id=\"article-tag\">\n<p>Weihnachtsb\u00e4ume Wayfair<\/p>\n<\/nav>\n<\/div>\n<\/div>\n","protected":false},"excerpt":{"rendered":"<p>So lange ich mich erinnern kann, bevorzuge ich echte Weihnachtsb\u00e4ume gegen\u00fcber k\u00fcnstlichen Alternativen. Wie k\u00f6nnte ein k\u00fcnstlicher Baum mit seinem frischen Duft, seiner satten Farbe<\/p>\n","protected":false},"author":1,"featured_media":8838,"comment_status":"closed","ping_status":"","sticky":false,"template":"","format":"standard","meta":{"footnotes":""},"categories":[118],"tags":[357,4868,51,502,143,4089,22,166,5284,1533,129,2647,1657,1122,460,11172,11173,3018,1529],"class_list":["post-8837","post","type-post","status-publish","format-standard","has-post-thumbnail","hentry","category-haus-garten","tag-aber","tag-anders","tag-dass","tag-denken","tag-diese","tag-echten","tag-einem","tag-einen","tag-gedacht","tag-haette","tag-ich","tag-kuenstlichen","tag-lassen","tag-mich","tag-nie","tag-vorziehen","tag-wayfairbaeume","tag-weihnachtsbaum","tag-wuerde","generate-columns","tablet-grid-50","mobile-grid-100","grid-parent","grid-50"],"yoast_head":"<!-- This site is optimized with the Yoast SEO plugin v27.3 - https:\/\/yoast.com\/product\/yoast-seo-wordpress\/ -->\n<title>Ich h\u00e4tte nie gedacht, dass ich einen k\u00fcnstlichen Weihnachtsbaum einem echten vorziehen w\u00fcrde, aber diese k\u00fcnstlichen Wayfair-B\u00e4ume lassen mich anders denken - Nachrichten - Stra\u00dfenweb<\/title>\n<meta name=\"robots\" content=\"index, follow, max-snippet:-1, max-image-preview:large, max-video-preview:-1\" \/>\n<link rel=\"canonical\" href=\"https:\/\/www.strassenweb.de\/nachrichten\/ich-haette-nie-gedacht-dass-ich-einen-kuenstlichen-weihnachtsbaum-einem-echten-vorziehen-wuerde-aber-diese-kuenstlichen-wayfair-baeume-lassen-mich-anders-denken\/\" \/>\n<meta property=\"og:locale\" content=\"de_DE\" \/>\n<meta property=\"og:type\" content=\"article\" \/>\n<meta property=\"og:title\" content=\"Ich h\u00e4tte nie gedacht, dass ich einen k\u00fcnstlichen Weihnachtsbaum einem echten vorziehen w\u00fcrde, aber diese k\u00fcnstlichen Wayfair-B\u00e4ume lassen mich anders denken - Nachrichten - Stra\u00dfenweb\" \/>\n<meta property=\"og:description\" content=\"So lange ich mich erinnern kann, bevorzuge ich echte Weihnachtsb\u00e4ume gegen\u00fcber k\u00fcnstlichen Alternativen. Wie k\u00f6nnte ein k\u00fcnstlicher Baum mit seinem frischen Duft, seiner satten Farbe\" \/>\n<meta property=\"og:url\" content=\"https:\/\/www.strassenweb.de\/nachrichten\/ich-haette-nie-gedacht-dass-ich-einen-kuenstlichen-weihnachtsbaum-einem-echten-vorziehen-wuerde-aber-diese-kuenstlichen-wayfair-baeume-lassen-mich-anders-denken\/\" \/>\n<meta property=\"og:site_name\" content=\"Stra\u00dfenweb\" \/>\n<meta property=\"article:publisher\" content=\"https:\/\/www.facebook.com\/strassenweb\/\" \/>\n<meta property=\"article:published_time\" content=\"2025-10-28T14:39:31+00:00\" \/>\n<meta property=\"article:modified_time\" content=\"2025-10-28T14:39:35+00:00\" \/>\n<meta property=\"og:image\" content=\"https:\/\/www.strassenweb.de\/nachrichten\/wp-content\/uploads\/2025\/10\/Ich-haette-nie-gedacht-dass-ich-einen-kuenstlichen-Weihnachtsbaum-einem.png\" \/>\n\t<meta property=\"og:image:width\" content=\"1600\" \/>\n\t<meta property=\"og:image:height\" content=\"900\" \/>\n\t<meta property=\"og:image:type\" content=\"image\/png\" \/>\n<meta name=\"author\" content=\"Robert Hoffmann\" \/>\n<meta name=\"twitter:card\" content=\"summary_large_image\" \/>\n<meta name=\"twitter:label1\" content=\"Verfasst von\" \/>\n\t<meta name=\"twitter:data1\" content=\"Robert Hoffmann\" \/>\n\t<meta name=\"twitter:label2\" content=\"Gesch\u00e4tzte Lesezeit\" \/>\n\t<meta name=\"twitter:data2\" content=\"2\u00a0Minuten\" \/>\n<script type=\"application\/ld+json\" class=\"yoast-schema-graph\">{\"@context\":\"https:\\\/\\\/schema.org\",\"@graph\":[{\"@type\":\"Article\",\"@id\":\"https:\\\/\\\/www.strassenweb.de\\\/nachrichten\\\/ich-haette-nie-gedacht-dass-ich-einen-kuenstlichen-weihnachtsbaum-einem-echten-vorziehen-wuerde-aber-diese-kuenstlichen-wayfair-baeume-lassen-mich-anders-denken\\\/#article\",\"isPartOf\":{\"@id\":\"https:\\\/\\\/www.strassenweb.de\\\/nachrichten\\\/ich-haette-nie-gedacht-dass-ich-einen-kuenstlichen-weihnachtsbaum-einem-echten-vorziehen-wuerde-aber-diese-kuenstlichen-wayfair-baeume-lassen-mich-anders-denken\\\/\"},\"author\":{\"name\":\"Robert Hoffmann\",\"@id\":\"https:\\\/\\\/www.strassenweb.de\\\/nachrichten\\\/#\\\/schema\\\/person\\\/87c9c9067f1211da429a744dc5a5aa41\"},\"headline\":\"Ich h\u00e4tte nie gedacht, dass ich einen k\u00fcnstlichen Weihnachtsbaum einem echten vorziehen w\u00fcrde, aber diese k\u00fcnstlichen Wayfair-B\u00e4ume lassen mich anders denken\",\"datePublished\":\"2025-10-28T14:39:31+00:00\",\"dateModified\":\"2025-10-28T14:39:35+00:00\",\"mainEntityOfPage\":{\"@id\":\"https:\\\/\\\/www.strassenweb.de\\\/nachrichten\\\/ich-haette-nie-gedacht-dass-ich-einen-kuenstlichen-weihnachtsbaum-einem-echten-vorziehen-wuerde-aber-diese-kuenstlichen-wayfair-baeume-lassen-mich-anders-denken\\\/\"},\"wordCount\":410,\"publisher\":{\"@id\":\"https:\\\/\\\/www.strassenweb.de\\\/nachrichten\\\/#organization\"},\"image\":{\"@id\":\"https:\\\/\\\/www.strassenweb.de\\\/nachrichten\\\/ich-haette-nie-gedacht-dass-ich-einen-kuenstlichen-weihnachtsbaum-einem-echten-vorziehen-wuerde-aber-diese-kuenstlichen-wayfair-baeume-lassen-mich-anders-denken\\\/#primaryimage\"},\"thumbnailUrl\":\"https:\\\/\\\/www.strassenweb.de\\\/nachrichten\\\/wp-content\\\/uploads\\\/2025\\\/10\\\/Ich-haette-nie-gedacht-dass-ich-einen-kuenstlichen-Weihnachtsbaum-einem.png\",\"keywords\":[\"aber\",\"anders\",\"dass\",\"denken\",\"diese\",\"echten\",\"einem\",\"einen\",\"gedacht\",\"h\u00e4tte\",\"ich\",\"k\u00fcnstlichen\",\"lassen\",\"mich\",\"nie\",\"vorziehen\",\"WayfairB\u00e4ume\",\"Weihnachtsbaum\",\"w\u00fcrde\"],\"articleSection\":[\"Haus &amp; Garten\"],\"inLanguage\":\"de\"},{\"@type\":\"WebPage\",\"@id\":\"https:\\\/\\\/www.strassenweb.de\\\/nachrichten\\\/ich-haette-nie-gedacht-dass-ich-einen-kuenstlichen-weihnachtsbaum-einem-echten-vorziehen-wuerde-aber-diese-kuenstlichen-wayfair-baeume-lassen-mich-anders-denken\\\/\",\"url\":\"https:\\\/\\\/www.strassenweb.de\\\/nachrichten\\\/ich-haette-nie-gedacht-dass-ich-einen-kuenstlichen-weihnachtsbaum-einem-echten-vorziehen-wuerde-aber-diese-kuenstlichen-wayfair-baeume-lassen-mich-anders-denken\\\/\",\"name\":\"Ich h\u00e4tte nie gedacht, dass ich einen k\u00fcnstlichen Weihnachtsbaum einem echten vorziehen w\u00fcrde, aber diese k\u00fcnstlichen Wayfair-B\u00e4ume lassen mich anders denken - Nachrichten - Stra\u00dfenweb\",\"isPartOf\":{\"@id\":\"https:\\\/\\\/www.strassenweb.de\\\/nachrichten\\\/#website\"},\"primaryImageOfPage\":{\"@id\":\"https:\\\/\\\/www.strassenweb.de\\\/nachrichten\\\/ich-haette-nie-gedacht-dass-ich-einen-kuenstlichen-weihnachtsbaum-einem-echten-vorziehen-wuerde-aber-diese-kuenstlichen-wayfair-baeume-lassen-mich-anders-denken\\\/#primaryimage\"},\"image\":{\"@id\":\"https:\\\/\\\/www.strassenweb.de\\\/nachrichten\\\/ich-haette-nie-gedacht-dass-ich-einen-kuenstlichen-weihnachtsbaum-einem-echten-vorziehen-wuerde-aber-diese-kuenstlichen-wayfair-baeume-lassen-mich-anders-denken\\\/#primaryimage\"},\"thumbnailUrl\":\"https:\\\/\\\/www.strassenweb.de\\\/nachrichten\\\/wp-content\\\/uploads\\\/2025\\\/10\\\/Ich-haette-nie-gedacht-dass-ich-einen-kuenstlichen-Weihnachtsbaum-einem.png\",\"datePublished\":\"2025-10-28T14:39:31+00:00\",\"dateModified\":\"2025-10-28T14:39:35+00:00\",\"breadcrumb\":{\"@id\":\"https:\\\/\\\/www.strassenweb.de\\\/nachrichten\\\/ich-haette-nie-gedacht-dass-ich-einen-kuenstlichen-weihnachtsbaum-einem-echten-vorziehen-wuerde-aber-diese-kuenstlichen-wayfair-baeume-lassen-mich-anders-denken\\\/#breadcrumb\"},\"inLanguage\":\"de\",\"potentialAction\":[{\"@type\":\"ReadAction\",\"target\":[\"https:\\\/\\\/www.strassenweb.de\\\/nachrichten\\\/ich-haette-nie-gedacht-dass-ich-einen-kuenstlichen-weihnachtsbaum-einem-echten-vorziehen-wuerde-aber-diese-kuenstlichen-wayfair-baeume-lassen-mich-anders-denken\\\/\"]}]},{\"@type\":\"ImageObject\",\"inLanguage\":\"de\",\"@id\":\"https:\\\/\\\/www.strassenweb.de\\\/nachrichten\\\/ich-haette-nie-gedacht-dass-ich-einen-kuenstlichen-weihnachtsbaum-einem-echten-vorziehen-wuerde-aber-diese-kuenstlichen-wayfair-baeume-lassen-mich-anders-denken\\\/#primaryimage\",\"url\":\"https:\\\/\\\/www.strassenweb.de\\\/nachrichten\\\/wp-content\\\/uploads\\\/2025\\\/10\\\/Ich-haette-nie-gedacht-dass-ich-einen-kuenstlichen-Weihnachtsbaum-einem.png\",\"contentUrl\":\"https:\\\/\\\/www.strassenweb.de\\\/nachrichten\\\/wp-content\\\/uploads\\\/2025\\\/10\\\/Ich-haette-nie-gedacht-dass-ich-einen-kuenstlichen-Weihnachtsbaum-einem.png\",\"width\":1600,\"height\":900,\"caption\":\"a dining room with a round dining table and three dining chairs, a Christmas tree, and a fireplace with a large wreath above it\"},{\"@type\":\"BreadcrumbList\",\"@id\":\"https:\\\/\\\/www.strassenweb.de\\\/nachrichten\\\/ich-haette-nie-gedacht-dass-ich-einen-kuenstlichen-weihnachtsbaum-einem-echten-vorziehen-wuerde-aber-diese-kuenstlichen-wayfair-baeume-lassen-mich-anders-denken\\\/#breadcrumb\",\"itemListElement\":[{\"@type\":\"ListItem\",\"position\":1,\"name\":\"Home\",\"item\":\"https:\\\/\\\/www.strassenweb.de\\\/nachrichten\\\/\"},{\"@type\":\"ListItem\",\"position\":2,\"name\":\"Ich h\u00e4tte nie gedacht, dass ich einen k\u00fcnstlichen Weihnachtsbaum einem echten vorziehen w\u00fcrde, aber diese k\u00fcnstlichen Wayfair-B\u00e4ume lassen mich anders denken\"}]},{\"@type\":\"WebSite\",\"@id\":\"https:\\\/\\\/www.strassenweb.de\\\/nachrichten\\\/#website\",\"url\":\"https:\\\/\\\/www.strassenweb.de\\\/nachrichten\\\/\",\"name\":\"Stra\u00dfenweb\",\"description\":\"Stra\u00dfenverzeichnis f\u00fcr Deutschland\",\"publisher\":{\"@id\":\"https:\\\/\\\/www.strassenweb.de\\\/nachrichten\\\/#organization\"},\"potentialAction\":[{\"@type\":\"SearchAction\",\"target\":{\"@type\":\"EntryPoint\",\"urlTemplate\":\"https:\\\/\\\/www.strassenweb.de\\\/nachrichten\\\/?s={search_term_string}\"},\"query-input\":{\"@type\":\"PropertyValueSpecification\",\"valueRequired\":true,\"valueName\":\"search_term_string\"}}],\"inLanguage\":\"de\"},{\"@type\":\"Organization\",\"@id\":\"https:\\\/\\\/www.strassenweb.de\\\/nachrichten\\\/#organization\",\"name\":\"Stra\u00dfenweb\",\"url\":\"https:\\\/\\\/www.strassenweb.de\\\/nachrichten\\\/\",\"logo\":{\"@type\":\"ImageObject\",\"inLanguage\":\"de\",\"@id\":\"https:\\\/\\\/www.strassenweb.de\\\/nachrichten\\\/#\\\/schema\\\/logo\\\/image\\\/\",\"url\":\"https:\\\/\\\/www.strassenweb.de\\\/nachrichten\\\/wp-content\\\/uploads\\\/2024\\\/09\\\/cropped-favicon.png\",\"contentUrl\":\"https:\\\/\\\/www.strassenweb.de\\\/nachrichten\\\/wp-content\\\/uploads\\\/2024\\\/09\\\/cropped-favicon.png\",\"width\":512,\"height\":512,\"caption\":\"Stra\u00dfenweb\"},\"image\":{\"@id\":\"https:\\\/\\\/www.strassenweb.de\\\/nachrichten\\\/#\\\/schema\\\/logo\\\/image\\\/\"},\"sameAs\":[\"https:\\\/\\\/www.facebook.com\\\/strassenweb\\\/\"]},{\"@type\":\"Person\",\"@id\":\"https:\\\/\\\/www.strassenweb.de\\\/nachrichten\\\/#\\\/schema\\\/person\\\/87c9c9067f1211da429a744dc5a5aa41\",\"name\":\"Robert Hoffmann\",\"image\":{\"@type\":\"ImageObject\",\"inLanguage\":\"de\",\"@id\":\"https:\\\/\\\/www.strassenweb.de\\\/nachrichten\\\/wp-content\\\/uploads\\\/2024\\\/09\\\/strassenweb-150x150.jpg\",\"url\":\"https:\\\/\\\/www.strassenweb.de\\\/nachrichten\\\/wp-content\\\/uploads\\\/2024\\\/09\\\/strassenweb-150x150.jpg\",\"contentUrl\":\"https:\\\/\\\/www.strassenweb.de\\\/nachrichten\\\/wp-content\\\/uploads\\\/2024\\\/09\\\/strassenweb-150x150.jpg\",\"caption\":\"Robert Hoffmann\"},\"description\":\"Ich hei\u00dfe Robert Hoffmann und ich bin ein leidenschaftlicher Verfechter von \u00d6kologie und Biodiversit\u00e4t. Seit meiner Kindheit in den W\u00e4ldern Bayerns f\u00fchle ich mich mit der Natur verbunden und bin entschlossen, sie zu sch\u00fctzen. Heute widme ich mein Leben der Sensibilisierung anderer f\u00fcr die Bedeutung des Umweltschutzes f\u00fcr zuk\u00fcnftige Generationen.\",\"sameAs\":[\"https:\\\/\\\/www.strassenweb.de\\\/\"]}]}<\/script>\n<!-- \/ Yoast SEO plugin. -->","yoast_head_json":{"title":"Ich h\u00e4tte nie gedacht, dass ich einen k\u00fcnstlichen Weihnachtsbaum einem echten vorziehen w\u00fcrde, aber diese k\u00fcnstlichen Wayfair-B\u00e4ume lassen mich anders denken - Nachrichten - Stra\u00dfenweb","robots":{"index":"index","follow":"follow","max-snippet":"max-snippet:-1","max-image-preview":"max-image-preview:large","max-video-preview":"max-video-preview:-1"},"canonical":"https:\/\/www.strassenweb.de\/nachrichten\/ich-haette-nie-gedacht-dass-ich-einen-kuenstlichen-weihnachtsbaum-einem-echten-vorziehen-wuerde-aber-diese-kuenstlichen-wayfair-baeume-lassen-mich-anders-denken\/","og_locale":"de_DE","og_type":"article","og_title":"Ich h\u00e4tte nie gedacht, dass ich einen k\u00fcnstlichen Weihnachtsbaum einem echten vorziehen w\u00fcrde, aber diese k\u00fcnstlichen Wayfair-B\u00e4ume lassen mich anders denken - Nachrichten - Stra\u00dfenweb","og_description":"So lange ich mich erinnern kann, bevorzuge ich echte Weihnachtsb\u00e4ume gegen\u00fcber k\u00fcnstlichen Alternativen. Wie k\u00f6nnte ein k\u00fcnstlicher Baum mit seinem frischen Duft, seiner satten Farbe","og_url":"https:\/\/www.strassenweb.de\/nachrichten\/ich-haette-nie-gedacht-dass-ich-einen-kuenstlichen-weihnachtsbaum-einem-echten-vorziehen-wuerde-aber-diese-kuenstlichen-wayfair-baeume-lassen-mich-anders-denken\/","og_site_name":"Stra\u00dfenweb","article_publisher":"https:\/\/www.facebook.com\/strassenweb\/","article_published_time":"2025-10-28T14:39:31+00:00","article_modified_time":"2025-10-28T14:39:35+00:00","og_image":[{"width":1600,"height":900,"url":"https:\/\/www.strassenweb.de\/nachrichten\/wp-content\/uploads\/2025\/10\/Ich-haette-nie-gedacht-dass-ich-einen-kuenstlichen-Weihnachtsbaum-einem.png","type":"image\/png"}],"author":"Robert Hoffmann","twitter_card":"summary_large_image","twitter_misc":{"Verfasst von":"Robert Hoffmann","Gesch\u00e4tzte Lesezeit":"2\u00a0Minuten"},"schema":{"@context":"https:\/\/schema.org","@graph":[{"@type":"Article","@id":"https:\/\/www.strassenweb.de\/nachrichten\/ich-haette-nie-gedacht-dass-ich-einen-kuenstlichen-weihnachtsbaum-einem-echten-vorziehen-wuerde-aber-diese-kuenstlichen-wayfair-baeume-lassen-mich-anders-denken\/#article","isPartOf":{"@id":"https:\/\/www.strassenweb.de\/nachrichten\/ich-haette-nie-gedacht-dass-ich-einen-kuenstlichen-weihnachtsbaum-einem-echten-vorziehen-wuerde-aber-diese-kuenstlichen-wayfair-baeume-lassen-mich-anders-denken\/"},"author":{"name":"Robert Hoffmann","@id":"https:\/\/www.strassenweb.de\/nachrichten\/#\/schema\/person\/87c9c9067f1211da429a744dc5a5aa41"},"headline":"Ich h\u00e4tte nie gedacht, dass ich einen k\u00fcnstlichen Weihnachtsbaum einem echten vorziehen w\u00fcrde, aber diese k\u00fcnstlichen Wayfair-B\u00e4ume lassen mich anders denken","datePublished":"2025-10-28T14:39:31+00:00","dateModified":"2025-10-28T14:39:35+00:00","mainEntityOfPage":{"@id":"https:\/\/www.strassenweb.de\/nachrichten\/ich-haette-nie-gedacht-dass-ich-einen-kuenstlichen-weihnachtsbaum-einem-echten-vorziehen-wuerde-aber-diese-kuenstlichen-wayfair-baeume-lassen-mich-anders-denken\/"},"wordCount":410,"publisher":{"@id":"https:\/\/www.strassenweb.de\/nachrichten\/#organization"},"image":{"@id":"https:\/\/www.strassenweb.de\/nachrichten\/ich-haette-nie-gedacht-dass-ich-einen-kuenstlichen-weihnachtsbaum-einem-echten-vorziehen-wuerde-aber-diese-kuenstlichen-wayfair-baeume-lassen-mich-anders-denken\/#primaryimage"},"thumbnailUrl":"https:\/\/www.strassenweb.de\/nachrichten\/wp-content\/uploads\/2025\/10\/Ich-haette-nie-gedacht-dass-ich-einen-kuenstlichen-Weihnachtsbaum-einem.png","keywords":["aber","anders","dass","denken","diese","echten","einem","einen","gedacht","h\u00e4tte","ich","k\u00fcnstlichen","lassen","mich","nie","vorziehen","WayfairB\u00e4ume","Weihnachtsbaum","w\u00fcrde"],"articleSection":["Haus &amp; Garten"],"inLanguage":"de"},{"@type":"WebPage","@id":"https:\/\/www.strassenweb.de\/nachrichten\/ich-haette-nie-gedacht-dass-ich-einen-kuenstlichen-weihnachtsbaum-einem-echten-vorziehen-wuerde-aber-diese-kuenstlichen-wayfair-baeume-lassen-mich-anders-denken\/","url":"https:\/\/www.strassenweb.de\/nachrichten\/ich-haette-nie-gedacht-dass-ich-einen-kuenstlichen-weihnachtsbaum-einem-echten-vorziehen-wuerde-aber-diese-kuenstlichen-wayfair-baeume-lassen-mich-anders-denken\/","name":"Ich h\u00e4tte nie gedacht, dass ich einen k\u00fcnstlichen Weihnachtsbaum einem echten vorziehen w\u00fcrde, aber diese k\u00fcnstlichen Wayfair-B\u00e4ume lassen mich anders denken - Nachrichten - Stra\u00dfenweb","isPartOf":{"@id":"https:\/\/www.strassenweb.de\/nachrichten\/#website"},"primaryImageOfPage":{"@id":"https:\/\/www.strassenweb.de\/nachrichten\/ich-haette-nie-gedacht-dass-ich-einen-kuenstlichen-weihnachtsbaum-einem-echten-vorziehen-wuerde-aber-diese-kuenstlichen-wayfair-baeume-lassen-mich-anders-denken\/#primaryimage"},"image":{"@id":"https:\/\/www.strassenweb.de\/nachrichten\/ich-haette-nie-gedacht-dass-ich-einen-kuenstlichen-weihnachtsbaum-einem-echten-vorziehen-wuerde-aber-diese-kuenstlichen-wayfair-baeume-lassen-mich-anders-denken\/#primaryimage"},"thumbnailUrl":"https:\/\/www.strassenweb.de\/nachrichten\/wp-content\/uploads\/2025\/10\/Ich-haette-nie-gedacht-dass-ich-einen-kuenstlichen-Weihnachtsbaum-einem.png","datePublished":"2025-10-28T14:39:31+00:00","dateModified":"2025-10-28T14:39:35+00:00","breadcrumb":{"@id":"https:\/\/www.strassenweb.de\/nachrichten\/ich-haette-nie-gedacht-dass-ich-einen-kuenstlichen-weihnachtsbaum-einem-echten-vorziehen-wuerde-aber-diese-kuenstlichen-wayfair-baeume-lassen-mich-anders-denken\/#breadcrumb"},"inLanguage":"de","potentialAction":[{"@type":"ReadAction","target":["https:\/\/www.strassenweb.de\/nachrichten\/ich-haette-nie-gedacht-dass-ich-einen-kuenstlichen-weihnachtsbaum-einem-echten-vorziehen-wuerde-aber-diese-kuenstlichen-wayfair-baeume-lassen-mich-anders-denken\/"]}]},{"@type":"ImageObject","inLanguage":"de","@id":"https:\/\/www.strassenweb.de\/nachrichten\/ich-haette-nie-gedacht-dass-ich-einen-kuenstlichen-weihnachtsbaum-einem-echten-vorziehen-wuerde-aber-diese-kuenstlichen-wayfair-baeume-lassen-mich-anders-denken\/#primaryimage","url":"https:\/\/www.strassenweb.de\/nachrichten\/wp-content\/uploads\/2025\/10\/Ich-haette-nie-gedacht-dass-ich-einen-kuenstlichen-Weihnachtsbaum-einem.png","contentUrl":"https:\/\/www.strassenweb.de\/nachrichten\/wp-content\/uploads\/2025\/10\/Ich-haette-nie-gedacht-dass-ich-einen-kuenstlichen-Weihnachtsbaum-einem.png","width":1600,"height":900,"caption":"a dining room with a round dining table and three dining chairs, a Christmas tree, and a fireplace with a large wreath above it"},{"@type":"BreadcrumbList","@id":"https:\/\/www.strassenweb.de\/nachrichten\/ich-haette-nie-gedacht-dass-ich-einen-kuenstlichen-weihnachtsbaum-einem-echten-vorziehen-wuerde-aber-diese-kuenstlichen-wayfair-baeume-lassen-mich-anders-denken\/#breadcrumb","itemListElement":[{"@type":"ListItem","position":1,"name":"Home","item":"https:\/\/www.strassenweb.de\/nachrichten\/"},{"@type":"ListItem","position":2,"name":"Ich h\u00e4tte nie gedacht, dass ich einen k\u00fcnstlichen Weihnachtsbaum einem echten vorziehen w\u00fcrde, aber diese k\u00fcnstlichen Wayfair-B\u00e4ume lassen mich anders denken"}]},{"@type":"WebSite","@id":"https:\/\/www.strassenweb.de\/nachrichten\/#website","url":"https:\/\/www.strassenweb.de\/nachrichten\/","name":"Stra\u00dfenweb","description":"Stra\u00dfenverzeichnis f\u00fcr Deutschland","publisher":{"@id":"https:\/\/www.strassenweb.de\/nachrichten\/#organization"},"potentialAction":[{"@type":"SearchAction","target":{"@type":"EntryPoint","urlTemplate":"https:\/\/www.strassenweb.de\/nachrichten\/?s={search_term_string}"},"query-input":{"@type":"PropertyValueSpecification","valueRequired":true,"valueName":"search_term_string"}}],"inLanguage":"de"},{"@type":"Organization","@id":"https:\/\/www.strassenweb.de\/nachrichten\/#organization","name":"Stra\u00dfenweb","url":"https:\/\/www.strassenweb.de\/nachrichten\/","logo":{"@type":"ImageObject","inLanguage":"de","@id":"https:\/\/www.strassenweb.de\/nachrichten\/#\/schema\/logo\/image\/","url":"https:\/\/www.strassenweb.de\/nachrichten\/wp-content\/uploads\/2024\/09\/cropped-favicon.png","contentUrl":"https:\/\/www.strassenweb.de\/nachrichten\/wp-content\/uploads\/2024\/09\/cropped-favicon.png","width":512,"height":512,"caption":"Stra\u00dfenweb"},"image":{"@id":"https:\/\/www.strassenweb.de\/nachrichten\/#\/schema\/logo\/image\/"},"sameAs":["https:\/\/www.facebook.com\/strassenweb\/"]},{"@type":"Person","@id":"https:\/\/www.strassenweb.de\/nachrichten\/#\/schema\/person\/87c9c9067f1211da429a744dc5a5aa41","name":"Robert Hoffmann","image":{"@type":"ImageObject","inLanguage":"de","@id":"https:\/\/www.strassenweb.de\/nachrichten\/wp-content\/uploads\/2024\/09\/strassenweb-150x150.jpg","url":"https:\/\/www.strassenweb.de\/nachrichten\/wp-content\/uploads\/2024\/09\/strassenweb-150x150.jpg","contentUrl":"https:\/\/www.strassenweb.de\/nachrichten\/wp-content\/uploads\/2024\/09\/strassenweb-150x150.jpg","caption":"Robert Hoffmann"},"description":"Ich hei\u00dfe Robert Hoffmann und ich bin ein leidenschaftlicher Verfechter von \u00d6kologie und Biodiversit\u00e4t. Seit meiner Kindheit in den W\u00e4ldern Bayerns f\u00fchle ich mich mit der Natur verbunden und bin entschlossen, sie zu sch\u00fctzen. Heute widme ich mein Leben der Sensibilisierung anderer f\u00fcr die Bedeutung des Umweltschutzes f\u00fcr zuk\u00fcnftige Generationen.","sameAs":["https:\/\/www.strassenweb.de\/"]}]}},"_links":{"self":[{"href":"https:\/\/www.strassenweb.de\/nachrichten\/wp-json\/wp\/v2\/posts\/8837","targetHints":{"allow":["GET"]}}],"collection":[{"href":"https:\/\/www.strassenweb.de\/nachrichten\/wp-json\/wp\/v2\/posts"}],"about":[{"href":"https:\/\/www.strassenweb.de\/nachrichten\/wp-json\/wp\/v2\/types\/post"}],"author":[{"embeddable":true,"href":"https:\/\/www.strassenweb.de\/nachrichten\/wp-json\/wp\/v2\/users\/1"}],"replies":[{"embeddable":true,"href":"https:\/\/www.strassenweb.de\/nachrichten\/wp-json\/wp\/v2\/comments?post=8837"}],"version-history":[{"count":0,"href":"https:\/\/www.strassenweb.de\/nachrichten\/wp-json\/wp\/v2\/posts\/8837\/revisions"}],"wp:featuredmedia":[{"embeddable":true,"href":"https:\/\/www.strassenweb.de\/nachrichten\/wp-json\/wp\/v2\/media\/8838"}],"wp:attachment":[{"href":"https:\/\/www.strassenweb.de\/nachrichten\/wp-json\/wp\/v2\/media?parent=8837"}],"wp:term":[{"taxonomy":"category","embeddable":true,"href":"https:\/\/www.strassenweb.de\/nachrichten\/wp-json\/wp\/v2\/categories?post=8837"},{"taxonomy":"post_tag","embeddable":true,"href":"https:\/\/www.strassenweb.de\/nachrichten\/wp-json\/wp\/v2\/tags?post=8837"}],"curies":[{"name":"wp","href":"https:\/\/api.w.org\/{rel}","templated":true}]}}