{"id":8831,"date":"2025-10-28T09:39:18","date_gmt":"2025-10-28T08:39:18","guid":{"rendered":"https:\/\/www.strassenweb.de\/nachrichten\/betreten-sie-jennifer-garners-maerchenhafte-leseecke-ein-charmanter-designorientierter-raum-mit-art-deco-buntglas-und-gemuetlicher-holzvertaefelung\/"},"modified":"2025-10-28T09:39:19","modified_gmt":"2025-10-28T08:39:19","slug":"betreten-sie-jennifer-garners-maerchenhafte-leseecke-ein-charmanter-designorientierter-raum-mit-art-deco-buntglas-und-gemuetlicher-holzvertaefelung","status":"publish","type":"post","link":"https:\/\/www.strassenweb.de\/nachrichten\/betreten-sie-jennifer-garners-maerchenhafte-leseecke-ein-charmanter-designorientierter-raum-mit-art-deco-buntglas-und-gemuetlicher-holzvertaefelung\/","title":{"rendered":"Betreten Sie Jennifer Garners m\u00e4rchenhafte Leseecke: Ein charmanter, designorientierter Raum mit Art-d\u00e9co-Buntglas und gem\u00fctlicher Holzvert\u00e4felung"},"content":{"rendered":"<p><\/p>\n<div id=\"article-body\" class=\"article__body \">\n<p id=\"09d109f5-d048-4fd7-99bf-a00daf1a3344\">F\u00fcr mich dreht sich im Herbst alles darum, die kleinen Annehmlichkeiten meines Zuhauses zu genie\u00dfen. Tats\u00e4chlich ist meine Lieblingsbesch\u00e4ftigung vielleicht die einfachste \u2013 es sich mit einem Buch gem\u00fctlich zu machen. Es mag klein klingen, aber es ist zu einem wichtigen Ritual f\u00fcr mich in der gem\u00fctlichen Jahreszeit geworden.<\/p>\n<div id=\"ad-unit-1\" class=\"ad-unit\"><\/div>\n<p>Als ich Jennifer Garners m\u00e4rchenhafte Leseecke sah, war ich sofort neidisch auf Design. Mit einem Buntglasfenster im Art-D\u00e9co-Stil und holzget\u00e4felten W\u00e4nden war ich von der urigen und charmanten Atmosph\u00e4re der Leseecke beeindruckt.<\/p>\n<aside data-block-type=\"embed\" data-render-type=\"fte\" data-skip=\"dealsy\" data-widget-type=\"seasonal\" class=\"hawk-root\"><\/aside>\n<p id=\"09d109f5-d048-4fd7-99bf-a00daf1a3344-2\" class=\"paywall\" aria-hidden=\"true\">Die von Steve und Brooke Giannetti entworfene B\u00fccherecke ist nicht nur im Design, sondern auch in der Geschichte einzigartig. Es wurde mit sentimentalen und nachdenklichen Akzenten versehen und ist damit die ultimative Quelle der Fantasie, die Sie auch in den kommenden Jahren inspirieren und befl\u00fcgeln wird.<\/p>\n<div class=\"van_vid_carousel\">\n<div class=\"van_vid_carousel__padding\">\n<div class=\"van_vid_carousel__container\"><\/div>\n<\/div>\n<\/div>\n<div class=\"instagram-embed\" id=\"DAlVGt2sNfT\">\n<blockquote class=\"instagram-media\" data-instgrm-captioned data-instgrm-version=\"6\" style=\"width:99.375%; width:-webkit-calc(100% - 2px); width:calc(100% - 2px);\">\n<p>Ein von Laure Joliet (@laurejoliet) geteilter Beitrag<\/p>\n<p>Ein Foto gepostet von am <\/p>\n<\/blockquote>\n<\/div>\n<h3 class=\"article-body__section\" id=\"section-shop-the-jennifer-edit\"><span>Kaufen Sie den Jennifer Edit<\/span><\/h3>\n<p id=\"57503903-885e-4802-a74b-7d12994679ec\">Jennifer Garners B\u00fccherecke wirkt so gem\u00fctlich und einladend. Das auff\u00e4llige Buntglasfenster verleiht dem Raum zweifellos eine besondere Atmosph\u00e4re, aber seine gem\u00fctliche Atmosph\u00e4re wird durch durchdachte Dekorationen noch verst\u00e4rkt.<\/p>\n<div id=\"ad-unit-2\" class=\"ad-unit\"><\/div>\n<div class=\"product-container hero-product-container product-block-no-wrap\">\n<div class=\"product-block-row\"><\/div>\n<div class=\"product-block-row\"><\/div>\n<div class=\"product-block-row\"><\/div>\n<\/div>\n<p id=\"8695798c-4e8b-4bc6-a804-bd9295930f87\">Was Jennifer Garners B\u00fccherecke so inspirierend macht, ist ihr einzigartiges Design. Mit einer atemberaubenden Buntglasscheibe und skurrilen Dekorationen ist es der B\u00fccherecken-Trend vom Feinsten.<\/p>\n<p>W\u00e4hrend die Wandvert\u00e4felung zur Gem\u00fctlichkeit des Raumes beitr\u00e4gt und die Kunst- und Handwerksatmosph\u00e4re des Raums unterstreicht, ist es die Buntglasscheibe, die wirklich gl\u00e4nzt. Inspiriert von einem klassischen Kinderbuch wurde das ma\u00dfgeschneiderte St\u00fcck von Reed Bradley, einem Glasmalerei-Experten, geschaffen. Das Buntglas ist nicht nur ein wundersch\u00f6ner Mittelpunkt, der sowohl W\u00e4rme als auch Muster vermittelt, es ist auch ein St\u00fcck mit einer metaphorischen Botschaft, das seine Bewohner in eine Welt der Fantasie entf\u00fchren soll.<\/p>\n<p>\u201eBuntglas ist kein normales Fenster; Es ist ein weiteres Kunstwerk in Ihrem Zuhause. Es erzeugt ein einzigartiges, spezifisches Aussehen und moduliert au\u00dferdem Ihr Licht.\u201c erkl\u00e4rt Dan Staupe von Compass Exteriors. \u201eEs ist ein Merkmal, das aus dem klassischen Design stammt.\u201c Technisch gesehen ist es gotisch und wurde auch w\u00e4hrend der Jugendstil-\u00c4ra prominent dargestellt. Aber mein Punkt ist, dass es sich um ein Designelement handelt, das so traditionell, so sch\u00f6n und so prominent in teuren, sorgf\u00e4ltig entworfenen und langlebigen Strukturen ist, dass es unm\u00f6glich ist, dass es veraltet, m\u00fcde oder kitschig wird. \u201eEs war schon immer sch\u00f6n und wird es auch immer sein.\u201c<\/p>\n<div id=\"slice-container-newsletterForm-articleInbodyContent-kNEHW8cB9RGsAeQSMgNbLT\" class=\"slice-container newsletter-inbodyContent-slice newsletterForm-articleInbodyContent-kNEHW8cB9RGsAeQSMgNbLT slice-container-newsletterForm\"><\/div>\n<p>Buntglas soll gl\u00e4nzen. Jennifers Leseecke ist eine Hommage an das klassische Merkmal, indem sie die dekorativen Akzente zur\u00fccknimmt. Dan f\u00fcgt hinzu: \u201eIch denke, es ist wichtig, das Buntglas als Designelement f\u00fcr sich strahlen zu lassen und alles um es herum ged\u00e4mpft wirken zu lassen.\u201c Sie k\u00f6nnen die Farben des Buntglases selbst im Rest des Raums widerspiegeln, um es mit allem anderen zu verbinden, ohne dass Sie bei Ihrem gesamten Design komplett auf Gothic setzen m\u00fcssen. Es wird immer noch harmonisch aussehen.&#8216;<\/p>\n<hr id=\"43e595f8-bcf9-4cee-b6f1-5ae712953588\">\n<div class=\"min-h-(270px) mb-4 viafoura-twig-component\" id=\"viafoura-engagement-starter-wrapper\" data-component-name=\"Elk:Embed:EngagementStarter\">\n<div class=\"viafoura\">\n<div>\n<vf-conversation-starter target=\"viafoura-comments\" title=\"What do you think of Jennifer's romantic book nook?\" minimum-comment-count=\"3\"><br \/>\n<\/vf-conversation-starter>\n<\/div>\n<\/div>\n<\/div>\n<p id=\"dbd60cec-5760-41d8-ba49-bc2eed76dc14\">Die Leseecke von Jennifer Garner ist atemberaubend ruhig und magisch. Das farbenfrohe Buntglasfenster und die holzget\u00e4felten W\u00e4nde machen es zum perfekten Ort, um dort zu sitzen und ein Buch zu genie\u00dfen.<\/p>\n<div class=\"block\" id=\"articleTag\" data-component-name=\"PostArticleLinks\">\n<div class=\"border-b border-b-black border-solid py-2.5 text-black font-bold uppercase\">THEMEN<\/div>\n<nav class=\"py-2.5 flex gap-2.5 flex-wrap\" data-analytics-id=\"article-tag\">\n<p>Jennifer Garner<\/p>\n<\/nav>\n<\/div>\n<\/div>\n<p><script async src=\"\/\/www.instagram.com\/embed.js\"><\/script><\/p>\n","protected":false},"excerpt":{"rendered":"<p>F\u00fcr mich dreht sich im Herbst alles darum, die kleinen Annehmlichkeiten meines Zuhauses zu genie\u00dfen. Tats\u00e4chlich ist meine Lieblingsbesch\u00e4ftigung vielleicht die einfachste \u2013 es sich<\/p>\n","protected":false},"author":1,"featured_media":8832,"comment_status":"closed","ping_status":"","sticky":false,"template":"","format":"standard","meta":{"footnotes":""},"categories":[118],"tags":[11169,9960,5677,11168,43,3797,1985,11170,528,10623,11167,146,182,165,37],"class_list":["post-8831","post","type-post","status-publish","format-standard","has-post-thumbnail","hentry","category-haus-garten","tag-artdecobuntglas","tag-betreten","tag-charmanter","tag-designorientierter","tag-ein","tag-garners","tag-gemuetlicher","tag-holzvertaefelung","tag-jennifer","tag-leseecke","tag-maerchenhafte","tag-mit","tag-raum","tag-sie","tag-und","generate-columns","tablet-grid-50","mobile-grid-100","grid-parent","grid-50"],"yoast_head":"<!-- This site is optimized with the Yoast SEO plugin v27.3 - https:\/\/yoast.com\/product\/yoast-seo-wordpress\/ -->\n<title>Betreten Sie Jennifer Garners m\u00e4rchenhafte Leseecke: Ein charmanter, designorientierter Raum mit Art-d\u00e9co-Buntglas und gem\u00fctlicher Holzvert\u00e4felung - Nachrichten - Stra\u00dfenweb<\/title>\n<meta name=\"robots\" content=\"index, follow, max-snippet:-1, max-image-preview:large, max-video-preview:-1\" \/>\n<link rel=\"canonical\" href=\"https:\/\/www.strassenweb.de\/nachrichten\/betreten-sie-jennifer-garners-maerchenhafte-leseecke-ein-charmanter-designorientierter-raum-mit-art-deco-buntglas-und-gemuetlicher-holzvertaefelung\/\" \/>\n<meta property=\"og:locale\" content=\"de_DE\" \/>\n<meta property=\"og:type\" content=\"article\" \/>\n<meta property=\"og:title\" content=\"Betreten Sie Jennifer Garners m\u00e4rchenhafte Leseecke: Ein charmanter, designorientierter Raum mit Art-d\u00e9co-Buntglas und gem\u00fctlicher Holzvert\u00e4felung - Nachrichten - Stra\u00dfenweb\" \/>\n<meta property=\"og:description\" content=\"F\u00fcr mich dreht sich im Herbst alles darum, die kleinen Annehmlichkeiten meines Zuhauses zu genie\u00dfen. Tats\u00e4chlich ist meine Lieblingsbesch\u00e4ftigung vielleicht die einfachste \u2013 es sich\" \/>\n<meta property=\"og:url\" content=\"https:\/\/www.strassenweb.de\/nachrichten\/betreten-sie-jennifer-garners-maerchenhafte-leseecke-ein-charmanter-designorientierter-raum-mit-art-deco-buntglas-und-gemuetlicher-holzvertaefelung\/\" \/>\n<meta property=\"og:site_name\" content=\"Stra\u00dfenweb\" \/>\n<meta property=\"article:publisher\" content=\"https:\/\/www.facebook.com\/strassenweb\/\" \/>\n<meta property=\"article:published_time\" content=\"2025-10-28T08:39:18+00:00\" \/>\n<meta property=\"article:modified_time\" content=\"2025-10-28T08:39:19+00:00\" \/>\n<meta property=\"og:image\" content=\"https:\/\/www.strassenweb.de\/nachrichten\/wp-content\/uploads\/2025\/10\/Betreten-Sie-Jennifer-Garners-maerchenhafte-Leseecke-Ein-charmanter-designorientierter-Raum.jpg\" \/>\n\t<meta property=\"og:image:width\" content=\"1600\" \/>\n\t<meta property=\"og:image:height\" content=\"900\" \/>\n\t<meta property=\"og:image:type\" content=\"image\/jpeg\" \/>\n<meta name=\"author\" content=\"Robert Hoffmann\" \/>\n<meta name=\"twitter:card\" content=\"summary_large_image\" \/>\n<meta name=\"twitter:label1\" content=\"Verfasst von\" \/>\n\t<meta name=\"twitter:data1\" content=\"Robert Hoffmann\" \/>\n\t<meta name=\"twitter:label2\" content=\"Gesch\u00e4tzte Lesezeit\" \/>\n\t<meta name=\"twitter:data2\" content=\"3\u00a0Minuten\" \/>\n<script type=\"application\/ld+json\" class=\"yoast-schema-graph\">{\"@context\":\"https:\\\/\\\/schema.org\",\"@graph\":[{\"@type\":\"Article\",\"@id\":\"https:\\\/\\\/www.strassenweb.de\\\/nachrichten\\\/betreten-sie-jennifer-garners-maerchenhafte-leseecke-ein-charmanter-designorientierter-raum-mit-art-deco-buntglas-und-gemuetlicher-holzvertaefelung\\\/#article\",\"isPartOf\":{\"@id\":\"https:\\\/\\\/www.strassenweb.de\\\/nachrichten\\\/betreten-sie-jennifer-garners-maerchenhafte-leseecke-ein-charmanter-designorientierter-raum-mit-art-deco-buntglas-und-gemuetlicher-holzvertaefelung\\\/\"},\"author\":{\"name\":\"Robert Hoffmann\",\"@id\":\"https:\\\/\\\/www.strassenweb.de\\\/nachrichten\\\/#\\\/schema\\\/person\\\/87c9c9067f1211da429a744dc5a5aa41\"},\"headline\":\"Betreten Sie Jennifer Garners m\u00e4rchenhafte Leseecke: Ein charmanter, designorientierter Raum mit Art-d\u00e9co-Buntglas und gem\u00fctlicher Holzvert\u00e4felung\",\"datePublished\":\"2025-10-28T08:39:18+00:00\",\"dateModified\":\"2025-10-28T08:39:19+00:00\",\"mainEntityOfPage\":{\"@id\":\"https:\\\/\\\/www.strassenweb.de\\\/nachrichten\\\/betreten-sie-jennifer-garners-maerchenhafte-leseecke-ein-charmanter-designorientierter-raum-mit-art-deco-buntglas-und-gemuetlicher-holzvertaefelung\\\/\"},\"wordCount\":557,\"publisher\":{\"@id\":\"https:\\\/\\\/www.strassenweb.de\\\/nachrichten\\\/#organization\"},\"image\":{\"@id\":\"https:\\\/\\\/www.strassenweb.de\\\/nachrichten\\\/betreten-sie-jennifer-garners-maerchenhafte-leseecke-ein-charmanter-designorientierter-raum-mit-art-deco-buntglas-und-gemuetlicher-holzvertaefelung\\\/#primaryimage\"},\"thumbnailUrl\":\"https:\\\/\\\/www.strassenweb.de\\\/nachrichten\\\/wp-content\\\/uploads\\\/2025\\\/10\\\/Betreten-Sie-Jennifer-Garners-maerchenhafte-Leseecke-Ein-charmanter-designorientierter-Raum.jpg\",\"keywords\":[\"Artd\u00e9coBuntglas\",\"betreten\",\"charmanter\",\"designorientierter\",\"ein\",\"Garners\",\"gem\u00fctlicher\",\"Holzvert\u00e4felung\",\"Jennifer\",\"Leseecke\",\"m\u00e4rchenhafte\",\"mit\",\"Raum\",\"Sie\",\"und\"],\"articleSection\":[\"Haus &amp; Garten\"],\"inLanguage\":\"de\"},{\"@type\":\"WebPage\",\"@id\":\"https:\\\/\\\/www.strassenweb.de\\\/nachrichten\\\/betreten-sie-jennifer-garners-maerchenhafte-leseecke-ein-charmanter-designorientierter-raum-mit-art-deco-buntglas-und-gemuetlicher-holzvertaefelung\\\/\",\"url\":\"https:\\\/\\\/www.strassenweb.de\\\/nachrichten\\\/betreten-sie-jennifer-garners-maerchenhafte-leseecke-ein-charmanter-designorientierter-raum-mit-art-deco-buntglas-und-gemuetlicher-holzvertaefelung\\\/\",\"name\":\"Betreten Sie Jennifer Garners m\u00e4rchenhafte Leseecke: Ein charmanter, designorientierter Raum mit Art-d\u00e9co-Buntglas und gem\u00fctlicher Holzvert\u00e4felung - Nachrichten - Stra\u00dfenweb\",\"isPartOf\":{\"@id\":\"https:\\\/\\\/www.strassenweb.de\\\/nachrichten\\\/#website\"},\"primaryImageOfPage\":{\"@id\":\"https:\\\/\\\/www.strassenweb.de\\\/nachrichten\\\/betreten-sie-jennifer-garners-maerchenhafte-leseecke-ein-charmanter-designorientierter-raum-mit-art-deco-buntglas-und-gemuetlicher-holzvertaefelung\\\/#primaryimage\"},\"image\":{\"@id\":\"https:\\\/\\\/www.strassenweb.de\\\/nachrichten\\\/betreten-sie-jennifer-garners-maerchenhafte-leseecke-ein-charmanter-designorientierter-raum-mit-art-deco-buntglas-und-gemuetlicher-holzvertaefelung\\\/#primaryimage\"},\"thumbnailUrl\":\"https:\\\/\\\/www.strassenweb.de\\\/nachrichten\\\/wp-content\\\/uploads\\\/2025\\\/10\\\/Betreten-Sie-Jennifer-Garners-maerchenhafte-Leseecke-Ein-charmanter-designorientierter-Raum.jpg\",\"datePublished\":\"2025-10-28T08:39:18+00:00\",\"dateModified\":\"2025-10-28T08:39:19+00:00\",\"breadcrumb\":{\"@id\":\"https:\\\/\\\/www.strassenweb.de\\\/nachrichten\\\/betreten-sie-jennifer-garners-maerchenhafte-leseecke-ein-charmanter-designorientierter-raum-mit-art-deco-buntglas-und-gemuetlicher-holzvertaefelung\\\/#breadcrumb\"},\"inLanguage\":\"de\",\"potentialAction\":[{\"@type\":\"ReadAction\",\"target\":[\"https:\\\/\\\/www.strassenweb.de\\\/nachrichten\\\/betreten-sie-jennifer-garners-maerchenhafte-leseecke-ein-charmanter-designorientierter-raum-mit-art-deco-buntglas-und-gemuetlicher-holzvertaefelung\\\/\"]}]},{\"@type\":\"ImageObject\",\"inLanguage\":\"de\",\"@id\":\"https:\\\/\\\/www.strassenweb.de\\\/nachrichten\\\/betreten-sie-jennifer-garners-maerchenhafte-leseecke-ein-charmanter-designorientierter-raum-mit-art-deco-buntglas-und-gemuetlicher-holzvertaefelung\\\/#primaryimage\",\"url\":\"https:\\\/\\\/www.strassenweb.de\\\/nachrichten\\\/wp-content\\\/uploads\\\/2025\\\/10\\\/Betreten-Sie-Jennifer-Garners-maerchenhafte-Leseecke-Ein-charmanter-designorientierter-Raum.jpg\",\"contentUrl\":\"https:\\\/\\\/www.strassenweb.de\\\/nachrichten\\\/wp-content\\\/uploads\\\/2025\\\/10\\\/Betreten-Sie-Jennifer-Garners-maerchenhafte-Leseecke-Ein-charmanter-designorientierter-Raum.jpg\",\"width\":1600,\"height\":900,\"caption\":\"Jennifer Garner\"},{\"@type\":\"BreadcrumbList\",\"@id\":\"https:\\\/\\\/www.strassenweb.de\\\/nachrichten\\\/betreten-sie-jennifer-garners-maerchenhafte-leseecke-ein-charmanter-designorientierter-raum-mit-art-deco-buntglas-und-gemuetlicher-holzvertaefelung\\\/#breadcrumb\",\"itemListElement\":[{\"@type\":\"ListItem\",\"position\":1,\"name\":\"Home\",\"item\":\"https:\\\/\\\/www.strassenweb.de\\\/nachrichten\\\/\"},{\"@type\":\"ListItem\",\"position\":2,\"name\":\"Betreten Sie Jennifer Garners m\u00e4rchenhafte Leseecke: Ein charmanter, designorientierter Raum mit Art-d\u00e9co-Buntglas und gem\u00fctlicher Holzvert\u00e4felung\"}]},{\"@type\":\"WebSite\",\"@id\":\"https:\\\/\\\/www.strassenweb.de\\\/nachrichten\\\/#website\",\"url\":\"https:\\\/\\\/www.strassenweb.de\\\/nachrichten\\\/\",\"name\":\"Stra\u00dfenweb\",\"description\":\"Stra\u00dfenverzeichnis f\u00fcr Deutschland\",\"publisher\":{\"@id\":\"https:\\\/\\\/www.strassenweb.de\\\/nachrichten\\\/#organization\"},\"potentialAction\":[{\"@type\":\"SearchAction\",\"target\":{\"@type\":\"EntryPoint\",\"urlTemplate\":\"https:\\\/\\\/www.strassenweb.de\\\/nachrichten\\\/?s={search_term_string}\"},\"query-input\":{\"@type\":\"PropertyValueSpecification\",\"valueRequired\":true,\"valueName\":\"search_term_string\"}}],\"inLanguage\":\"de\"},{\"@type\":\"Organization\",\"@id\":\"https:\\\/\\\/www.strassenweb.de\\\/nachrichten\\\/#organization\",\"name\":\"Stra\u00dfenweb\",\"url\":\"https:\\\/\\\/www.strassenweb.de\\\/nachrichten\\\/\",\"logo\":{\"@type\":\"ImageObject\",\"inLanguage\":\"de\",\"@id\":\"https:\\\/\\\/www.strassenweb.de\\\/nachrichten\\\/#\\\/schema\\\/logo\\\/image\\\/\",\"url\":\"https:\\\/\\\/www.strassenweb.de\\\/nachrichten\\\/wp-content\\\/uploads\\\/2024\\\/09\\\/cropped-favicon.png\",\"contentUrl\":\"https:\\\/\\\/www.strassenweb.de\\\/nachrichten\\\/wp-content\\\/uploads\\\/2024\\\/09\\\/cropped-favicon.png\",\"width\":512,\"height\":512,\"caption\":\"Stra\u00dfenweb\"},\"image\":{\"@id\":\"https:\\\/\\\/www.strassenweb.de\\\/nachrichten\\\/#\\\/schema\\\/logo\\\/image\\\/\"},\"sameAs\":[\"https:\\\/\\\/www.facebook.com\\\/strassenweb\\\/\"]},{\"@type\":\"Person\",\"@id\":\"https:\\\/\\\/www.strassenweb.de\\\/nachrichten\\\/#\\\/schema\\\/person\\\/87c9c9067f1211da429a744dc5a5aa41\",\"name\":\"Robert Hoffmann\",\"image\":{\"@type\":\"ImageObject\",\"inLanguage\":\"de\",\"@id\":\"https:\\\/\\\/www.strassenweb.de\\\/nachrichten\\\/wp-content\\\/uploads\\\/2024\\\/09\\\/strassenweb-150x150.jpg\",\"url\":\"https:\\\/\\\/www.strassenweb.de\\\/nachrichten\\\/wp-content\\\/uploads\\\/2024\\\/09\\\/strassenweb-150x150.jpg\",\"contentUrl\":\"https:\\\/\\\/www.strassenweb.de\\\/nachrichten\\\/wp-content\\\/uploads\\\/2024\\\/09\\\/strassenweb-150x150.jpg\",\"caption\":\"Robert Hoffmann\"},\"description\":\"Ich hei\u00dfe Robert Hoffmann und ich bin ein leidenschaftlicher Verfechter von \u00d6kologie und Biodiversit\u00e4t. Seit meiner Kindheit in den W\u00e4ldern Bayerns f\u00fchle ich mich mit der Natur verbunden und bin entschlossen, sie zu sch\u00fctzen. Heute widme ich mein Leben der Sensibilisierung anderer f\u00fcr die Bedeutung des Umweltschutzes f\u00fcr zuk\u00fcnftige Generationen.\",\"sameAs\":[\"https:\\\/\\\/www.strassenweb.de\\\/\"]}]}<\/script>\n<!-- \/ Yoast SEO plugin. -->","yoast_head_json":{"title":"Betreten Sie Jennifer Garners m\u00e4rchenhafte Leseecke: Ein charmanter, designorientierter Raum mit Art-d\u00e9co-Buntglas und gem\u00fctlicher Holzvert\u00e4felung - Nachrichten - Stra\u00dfenweb","robots":{"index":"index","follow":"follow","max-snippet":"max-snippet:-1","max-image-preview":"max-image-preview:large","max-video-preview":"max-video-preview:-1"},"canonical":"https:\/\/www.strassenweb.de\/nachrichten\/betreten-sie-jennifer-garners-maerchenhafte-leseecke-ein-charmanter-designorientierter-raum-mit-art-deco-buntglas-und-gemuetlicher-holzvertaefelung\/","og_locale":"de_DE","og_type":"article","og_title":"Betreten Sie Jennifer Garners m\u00e4rchenhafte Leseecke: Ein charmanter, designorientierter Raum mit Art-d\u00e9co-Buntglas und gem\u00fctlicher Holzvert\u00e4felung - Nachrichten - Stra\u00dfenweb","og_description":"F\u00fcr mich dreht sich im Herbst alles darum, die kleinen Annehmlichkeiten meines Zuhauses zu genie\u00dfen. Tats\u00e4chlich ist meine Lieblingsbesch\u00e4ftigung vielleicht die einfachste \u2013 es sich","og_url":"https:\/\/www.strassenweb.de\/nachrichten\/betreten-sie-jennifer-garners-maerchenhafte-leseecke-ein-charmanter-designorientierter-raum-mit-art-deco-buntglas-und-gemuetlicher-holzvertaefelung\/","og_site_name":"Stra\u00dfenweb","article_publisher":"https:\/\/www.facebook.com\/strassenweb\/","article_published_time":"2025-10-28T08:39:18+00:00","article_modified_time":"2025-10-28T08:39:19+00:00","og_image":[{"width":1600,"height":900,"url":"https:\/\/www.strassenweb.de\/nachrichten\/wp-content\/uploads\/2025\/10\/Betreten-Sie-Jennifer-Garners-maerchenhafte-Leseecke-Ein-charmanter-designorientierter-Raum.jpg","type":"image\/jpeg"}],"author":"Robert Hoffmann","twitter_card":"summary_large_image","twitter_misc":{"Verfasst von":"Robert Hoffmann","Gesch\u00e4tzte Lesezeit":"3\u00a0Minuten"},"schema":{"@context":"https:\/\/schema.org","@graph":[{"@type":"Article","@id":"https:\/\/www.strassenweb.de\/nachrichten\/betreten-sie-jennifer-garners-maerchenhafte-leseecke-ein-charmanter-designorientierter-raum-mit-art-deco-buntglas-und-gemuetlicher-holzvertaefelung\/#article","isPartOf":{"@id":"https:\/\/www.strassenweb.de\/nachrichten\/betreten-sie-jennifer-garners-maerchenhafte-leseecke-ein-charmanter-designorientierter-raum-mit-art-deco-buntglas-und-gemuetlicher-holzvertaefelung\/"},"author":{"name":"Robert Hoffmann","@id":"https:\/\/www.strassenweb.de\/nachrichten\/#\/schema\/person\/87c9c9067f1211da429a744dc5a5aa41"},"headline":"Betreten Sie Jennifer Garners m\u00e4rchenhafte Leseecke: Ein charmanter, designorientierter Raum mit Art-d\u00e9co-Buntglas und gem\u00fctlicher Holzvert\u00e4felung","datePublished":"2025-10-28T08:39:18+00:00","dateModified":"2025-10-28T08:39:19+00:00","mainEntityOfPage":{"@id":"https:\/\/www.strassenweb.de\/nachrichten\/betreten-sie-jennifer-garners-maerchenhafte-leseecke-ein-charmanter-designorientierter-raum-mit-art-deco-buntglas-und-gemuetlicher-holzvertaefelung\/"},"wordCount":557,"publisher":{"@id":"https:\/\/www.strassenweb.de\/nachrichten\/#organization"},"image":{"@id":"https:\/\/www.strassenweb.de\/nachrichten\/betreten-sie-jennifer-garners-maerchenhafte-leseecke-ein-charmanter-designorientierter-raum-mit-art-deco-buntglas-und-gemuetlicher-holzvertaefelung\/#primaryimage"},"thumbnailUrl":"https:\/\/www.strassenweb.de\/nachrichten\/wp-content\/uploads\/2025\/10\/Betreten-Sie-Jennifer-Garners-maerchenhafte-Leseecke-Ein-charmanter-designorientierter-Raum.jpg","keywords":["Artd\u00e9coBuntglas","betreten","charmanter","designorientierter","ein","Garners","gem\u00fctlicher","Holzvert\u00e4felung","Jennifer","Leseecke","m\u00e4rchenhafte","mit","Raum","Sie","und"],"articleSection":["Haus &amp; Garten"],"inLanguage":"de"},{"@type":"WebPage","@id":"https:\/\/www.strassenweb.de\/nachrichten\/betreten-sie-jennifer-garners-maerchenhafte-leseecke-ein-charmanter-designorientierter-raum-mit-art-deco-buntglas-und-gemuetlicher-holzvertaefelung\/","url":"https:\/\/www.strassenweb.de\/nachrichten\/betreten-sie-jennifer-garners-maerchenhafte-leseecke-ein-charmanter-designorientierter-raum-mit-art-deco-buntglas-und-gemuetlicher-holzvertaefelung\/","name":"Betreten Sie Jennifer Garners m\u00e4rchenhafte Leseecke: Ein charmanter, designorientierter Raum mit Art-d\u00e9co-Buntglas und gem\u00fctlicher Holzvert\u00e4felung - Nachrichten - Stra\u00dfenweb","isPartOf":{"@id":"https:\/\/www.strassenweb.de\/nachrichten\/#website"},"primaryImageOfPage":{"@id":"https:\/\/www.strassenweb.de\/nachrichten\/betreten-sie-jennifer-garners-maerchenhafte-leseecke-ein-charmanter-designorientierter-raum-mit-art-deco-buntglas-und-gemuetlicher-holzvertaefelung\/#primaryimage"},"image":{"@id":"https:\/\/www.strassenweb.de\/nachrichten\/betreten-sie-jennifer-garners-maerchenhafte-leseecke-ein-charmanter-designorientierter-raum-mit-art-deco-buntglas-und-gemuetlicher-holzvertaefelung\/#primaryimage"},"thumbnailUrl":"https:\/\/www.strassenweb.de\/nachrichten\/wp-content\/uploads\/2025\/10\/Betreten-Sie-Jennifer-Garners-maerchenhafte-Leseecke-Ein-charmanter-designorientierter-Raum.jpg","datePublished":"2025-10-28T08:39:18+00:00","dateModified":"2025-10-28T08:39:19+00:00","breadcrumb":{"@id":"https:\/\/www.strassenweb.de\/nachrichten\/betreten-sie-jennifer-garners-maerchenhafte-leseecke-ein-charmanter-designorientierter-raum-mit-art-deco-buntglas-und-gemuetlicher-holzvertaefelung\/#breadcrumb"},"inLanguage":"de","potentialAction":[{"@type":"ReadAction","target":["https:\/\/www.strassenweb.de\/nachrichten\/betreten-sie-jennifer-garners-maerchenhafte-leseecke-ein-charmanter-designorientierter-raum-mit-art-deco-buntglas-und-gemuetlicher-holzvertaefelung\/"]}]},{"@type":"ImageObject","inLanguage":"de","@id":"https:\/\/www.strassenweb.de\/nachrichten\/betreten-sie-jennifer-garners-maerchenhafte-leseecke-ein-charmanter-designorientierter-raum-mit-art-deco-buntglas-und-gemuetlicher-holzvertaefelung\/#primaryimage","url":"https:\/\/www.strassenweb.de\/nachrichten\/wp-content\/uploads\/2025\/10\/Betreten-Sie-Jennifer-Garners-maerchenhafte-Leseecke-Ein-charmanter-designorientierter-Raum.jpg","contentUrl":"https:\/\/www.strassenweb.de\/nachrichten\/wp-content\/uploads\/2025\/10\/Betreten-Sie-Jennifer-Garners-maerchenhafte-Leseecke-Ein-charmanter-designorientierter-Raum.jpg","width":1600,"height":900,"caption":"Jennifer Garner"},{"@type":"BreadcrumbList","@id":"https:\/\/www.strassenweb.de\/nachrichten\/betreten-sie-jennifer-garners-maerchenhafte-leseecke-ein-charmanter-designorientierter-raum-mit-art-deco-buntglas-und-gemuetlicher-holzvertaefelung\/#breadcrumb","itemListElement":[{"@type":"ListItem","position":1,"name":"Home","item":"https:\/\/www.strassenweb.de\/nachrichten\/"},{"@type":"ListItem","position":2,"name":"Betreten Sie Jennifer Garners m\u00e4rchenhafte Leseecke: Ein charmanter, designorientierter Raum mit Art-d\u00e9co-Buntglas und gem\u00fctlicher Holzvert\u00e4felung"}]},{"@type":"WebSite","@id":"https:\/\/www.strassenweb.de\/nachrichten\/#website","url":"https:\/\/www.strassenweb.de\/nachrichten\/","name":"Stra\u00dfenweb","description":"Stra\u00dfenverzeichnis f\u00fcr Deutschland","publisher":{"@id":"https:\/\/www.strassenweb.de\/nachrichten\/#organization"},"potentialAction":[{"@type":"SearchAction","target":{"@type":"EntryPoint","urlTemplate":"https:\/\/www.strassenweb.de\/nachrichten\/?s={search_term_string}"},"query-input":{"@type":"PropertyValueSpecification","valueRequired":true,"valueName":"search_term_string"}}],"inLanguage":"de"},{"@type":"Organization","@id":"https:\/\/www.strassenweb.de\/nachrichten\/#organization","name":"Stra\u00dfenweb","url":"https:\/\/www.strassenweb.de\/nachrichten\/","logo":{"@type":"ImageObject","inLanguage":"de","@id":"https:\/\/www.strassenweb.de\/nachrichten\/#\/schema\/logo\/image\/","url":"https:\/\/www.strassenweb.de\/nachrichten\/wp-content\/uploads\/2024\/09\/cropped-favicon.png","contentUrl":"https:\/\/www.strassenweb.de\/nachrichten\/wp-content\/uploads\/2024\/09\/cropped-favicon.png","width":512,"height":512,"caption":"Stra\u00dfenweb"},"image":{"@id":"https:\/\/www.strassenweb.de\/nachrichten\/#\/schema\/logo\/image\/"},"sameAs":["https:\/\/www.facebook.com\/strassenweb\/"]},{"@type":"Person","@id":"https:\/\/www.strassenweb.de\/nachrichten\/#\/schema\/person\/87c9c9067f1211da429a744dc5a5aa41","name":"Robert Hoffmann","image":{"@type":"ImageObject","inLanguage":"de","@id":"https:\/\/www.strassenweb.de\/nachrichten\/wp-content\/uploads\/2024\/09\/strassenweb-150x150.jpg","url":"https:\/\/www.strassenweb.de\/nachrichten\/wp-content\/uploads\/2024\/09\/strassenweb-150x150.jpg","contentUrl":"https:\/\/www.strassenweb.de\/nachrichten\/wp-content\/uploads\/2024\/09\/strassenweb-150x150.jpg","caption":"Robert Hoffmann"},"description":"Ich hei\u00dfe Robert Hoffmann und ich bin ein leidenschaftlicher Verfechter von \u00d6kologie und Biodiversit\u00e4t. Seit meiner Kindheit in den W\u00e4ldern Bayerns f\u00fchle ich mich mit der Natur verbunden und bin entschlossen, sie zu sch\u00fctzen. Heute widme ich mein Leben der Sensibilisierung anderer f\u00fcr die Bedeutung des Umweltschutzes f\u00fcr zuk\u00fcnftige Generationen.","sameAs":["https:\/\/www.strassenweb.de\/"]}]}},"_links":{"self":[{"href":"https:\/\/www.strassenweb.de\/nachrichten\/wp-json\/wp\/v2\/posts\/8831","targetHints":{"allow":["GET"]}}],"collection":[{"href":"https:\/\/www.strassenweb.de\/nachrichten\/wp-json\/wp\/v2\/posts"}],"about":[{"href":"https:\/\/www.strassenweb.de\/nachrichten\/wp-json\/wp\/v2\/types\/post"}],"author":[{"embeddable":true,"href":"https:\/\/www.strassenweb.de\/nachrichten\/wp-json\/wp\/v2\/users\/1"}],"replies":[{"embeddable":true,"href":"https:\/\/www.strassenweb.de\/nachrichten\/wp-json\/wp\/v2\/comments?post=8831"}],"version-history":[{"count":0,"href":"https:\/\/www.strassenweb.de\/nachrichten\/wp-json\/wp\/v2\/posts\/8831\/revisions"}],"wp:featuredmedia":[{"embeddable":true,"href":"https:\/\/www.strassenweb.de\/nachrichten\/wp-json\/wp\/v2\/media\/8832"}],"wp:attachment":[{"href":"https:\/\/www.strassenweb.de\/nachrichten\/wp-json\/wp\/v2\/media?parent=8831"}],"wp:term":[{"taxonomy":"category","embeddable":true,"href":"https:\/\/www.strassenweb.de\/nachrichten\/wp-json\/wp\/v2\/categories?post=8831"},{"taxonomy":"post_tag","embeddable":true,"href":"https:\/\/www.strassenweb.de\/nachrichten\/wp-json\/wp\/v2\/tags?post=8831"}],"curies":[{"name":"wp","href":"https:\/\/api.w.org\/{rel}","templated":true}]}}