{"id":8816,"date":"2025-10-27T18:39:14","date_gmt":"2025-10-27T17:39:14","guid":{"rendered":"https:\/\/www.strassenweb.de\/nachrichten\/designer-sind-sich-einig-die-schwarz-weiss-kueche-von-lebron-und-savannah-james-ist-der-beweis-dafuer-dass-der-klassische-kontrast-niemals-aus-dem-stil-verblasst\/"},"modified":"2025-10-27T18:39:15","modified_gmt":"2025-10-27T17:39:15","slug":"designer-sind-sich-einig-die-schwarz-weiss-kueche-von-lebron-und-savannah-james-ist-der-beweis-dafuer-dass-der-klassische-kontrast-niemals-aus-dem-stil-verblasst","status":"publish","type":"post","link":"https:\/\/www.strassenweb.de\/nachrichten\/designer-sind-sich-einig-die-schwarz-weiss-kueche-von-lebron-und-savannah-james-ist-der-beweis-dafuer-dass-der-klassische-kontrast-niemals-aus-dem-stil-verblasst\/","title":{"rendered":"Designer sind sich einig: Die Schwarz-Wei\u00df-K\u00fcche von LeBron und Savannah James ist der Beweis daf\u00fcr, dass der klassische Kontrast niemals aus dem Stil verblasst"},"content":{"rendered":"<p><\/p>\n<div id=\"article-body\" class=\"article__body \">\n<p id=\"22fee689-7802-4a6a-9484-aa1bae0aeb19\">K\u00fcchentrends kommen und gehen, aber die dauerhafte Eleganz eines Schwarz-Wei\u00df-Konzepts kann nicht bestritten werden. Zwar gibt es viele Farbt\u00f6ne, die wunderbar zu K\u00fcchenschr\u00e4nken, W\u00e4nden oder Schr\u00e4nken passen, aber ein Raum, der mit dieser klassischen Farbkombination ausgestattet ist, wird sich f\u00fcr immer zeitlos anf\u00fchlen.<\/p>\n<div id=\"ad-unit-1\" class=\"ad-unit\"><\/div>\n<p>Obwohl die K\u00fcche von LeBron und Savannah James vor einigen Jahren von der Innenarchitektin Tiffany Brooks entworfen wurde, beweist sie, dass ein Schwarz-Wei\u00df-Farbschema einer der wenigen Stile ist, die sich \u00fcber die Zeit hinweg bew\u00e4hren k\u00f6nnen.<\/p>\n<aside data-block-type=\"embed\" data-render-type=\"fte\" data-skip=\"dealsy\" data-widget-type=\"seasonal\" class=\"hawk-root\"><\/aside>\n<p id=\"22fee689-7802-4a6a-9484-aa1bae0aeb19-2\" class=\"paywall\" aria-hidden=\"true\">Die K\u00fcche wirkt immer noch ruhig luxuri\u00f6s, von den goldenen Akzenten bis zu den Marmorarbeitsplatten; Jedes Detail wirkt hochwertig und durchdacht. Aber es l\u00e4sst sich nicht leugnen, dass es das Schwarz-Wei\u00df-Farbschema ist, das diesen Raum so erfolgreich macht.<\/p>\n<div class=\"van_vid_carousel\">\n<div class=\"van_vid_carousel__padding\">\n<div class=\"van_vid_carousel__container\"><\/div>\n<\/div>\n<\/div>\n<div class=\"instagram-embed\" id=\"C02JHZ9JBc_\">\n<blockquote class=\"instagram-media\" data-instgrm-captioned data-instgrm-version=\"6\" style=\"width:99.375%; width:-webkit-calc(100% - 2px); width:calc(100% - 2px);\">\n<p>Ein Beitrag geteilt von @mrs_savannahrj<\/p>\n<p>Ein Foto gepostet von am <\/p>\n<\/blockquote>\n<\/div>\n<h3 class=\"article-body__section\" id=\"section-shop-the-james-edit\"><span>Kaufen Sie den James-Edit<\/span><\/h3>\n<p id=\"4a2d5e5d-8d6d-4f89-b56a-79d751f694ad\">Die K\u00fcche von LeBron und Savannah ist m\u00fchelos schick. W\u00e4hrend die neutrale Farbpalette und die hochwertigen Materialien ihm eine dauerhafte Eleganz verleihen, tragen die kleineren Details zur luxuri\u00f6sen Atmosph\u00e4re des Raumes bei.<\/p>\n<div id=\"ad-unit-2\" class=\"ad-unit\"><\/div>\n<div class=\"product-container hero-product-container product-block-no-wrap\">\n<div class=\"product-block-row\"><\/div>\n<div class=\"product-block-row\"><\/div>\n<div class=\"product-block-row\"><\/div>\n<div class=\"product-block-row\"><\/div>\n<div class=\"product-block-row\"><\/div>\n<div class=\"product-block-row\"><\/div>\n<\/div>\n<p id=\"d796dfa7-fb34-4234-bbcd-6f70198c6e6e\">Manche m\u00f6gen sagen, schwarz-wei\u00dfe Raumideen seien langweilig oder zu vertraut, aber die K\u00fcche von LeBron und Savannah beweist, dass man sie nicht reparieren muss, wenn sie nicht kaputt ist.<\/p>\n<p>Rick Berres, Gr\u00fcnder von Honey-Doers, erkl\u00e4rt: \u201eEs ist neutral und klassisch, mit Schwarz und Wei\u00df kann man wirklich, wirklich nichts falsch machen, das kann ich nicht genug betonen.\u201c \u201eWenn Sie unschl\u00fcssig sind, sich nicht sicher sind oder keinen ausgepr\u00e4gten Designgeschmack oder eine ausgepr\u00e4gte Vision haben, dann entscheiden Sie sich jedes Mal f\u00fcr Schwarzwei\u00df.\u201c<\/p>\n<p>Von den wei\u00dfen K\u00fcchenschr\u00e4nken bis zum ge\u00e4derten Marmor sorgt die neutrale Farbpalette daf\u00fcr, dass sich der Raum zeitlos anf\u00fchlt. Seine dezenten Farbt\u00f6ne verweisen auf den ruhigen Luxustrend, der auf den reduzierten Einsatz hochwertiger Materialien setzt.<\/p>\n<div id=\"slice-container-newsletterForm-articleInbodyContent-J8UmSwTyse5EDqEpR7pTHB\" class=\"slice-container newsletter-inbodyContent-slice newsletterForm-articleInbodyContent-J8UmSwTyse5EDqEpR7pTHB slice-container-newsletterForm\"><\/div>\n<p>Der komplizierte Marmor erzeugt Tiefe und Kontrast zu den schlichten M\u00f6beln und gibt den Ton des Raums vor. Mor Krisher, Designleiter bei Caesarstone, sagt: \u201eWei\u00dfer Marmor hat eine zeitlose Anziehungskraft \u2013 seine Eleganz und seine kr\u00e4ftigen Maserungen verleihen jedem Raum ein Gef\u00fchl von Luxus, und seine neutrale Farbpalette passt wunderbar zu einer Vielzahl von Einrichtungsstilen, von klassisch bis modern.\u201c Denken Sie daran, Marmorarbeitsplatten sorgf\u00e4ltig zu reinigen. Mor f\u00fcgt hinzu: \u201eAber nat\u00fcrlicher Marmor ist zwar atemberaubend, kann aber auch sehr pflegeintensiv sein.\u201c<\/p>\n<p>Obwohl die Palette neutral ist, wurden hochwertige Details f\u00fcr viel Interesse und Verzierung geschichtet. Die goldenen Armaturen wirken wie dekadente Schn\u00f6rkel, die einen Kontrast zu den Schwarz- und Wei\u00dft\u00f6nen bilden. Ebenso bildet die Dunstabzugshaube aus Edelstahl den perfekten Kontrast zu den hellen Schr\u00e4nken, eine weitere Erinnerung an den High-End-Luxus des Raums.<\/p>\n<hr id=\"f8187f5f-37c0-4460-8e50-9004a2718360\">\n<p id=\"7cc84efb-3031-48aa-a6c2-b52ba5cbae80\">Die K\u00fcche des James&#8217;s wurde kunstvoll gestaltet. Auf den ersten Blick wirkt es minimalistisch, aber die Lagen hochwertiger Materialien verleihen dem Raum ein dezentes und dennoch hochwertiges und luxuri\u00f6ses Gef\u00fchl. Was alles zusammenbringt, ist das Schwarz-Wei\u00df-Farbschema; es erdet das Design und leuchtet ruhig im Hintergrund.<\/p>\n<div class=\"min-h-(270px) mb-4 viafoura-twig-component\" id=\"viafoura-engagement-starter-wrapper\" data-component-name=\"Elk:Embed:EngagementStarter\">\n<div class=\"viafoura\">\n<div>\n<vf-conversation-starter target=\"viafoura-comments\" minimum-comment-count=\"1\"><br \/>\n<\/vf-conversation-starter>\n<\/div>\n<\/div>\n<\/div>\n<hr id=\"923c5310-49ac-40ae-a89b-b4ba51d774c5\">\n<\/div>\n<p><script async src=\"\/\/www.instagram.com\/embed.js\"><\/script><\/p>\n","protected":false},"excerpt":{"rendered":"<p>K\u00fcchentrends kommen und gehen, aber die dauerhafte Eleganz eines Schwarz-Wei\u00df-Konzepts kann nicht bestritten werden. Zwar gibt es viele Farbt\u00f6ne, die wunderbar zu K\u00fcchenschr\u00e4nken, W\u00e4nden oder<\/p>\n","protected":false},"author":1,"featured_media":8817,"comment_status":"closed","ping_status":"","sticky":false,"template":"","format":"standard","meta":{"footnotes":""},"categories":[118],"tags":[287,6725,932,51,91,81,216,9,3424,15,6305,2478,11153,6303,444,6304,10746,142,58,322,37,11154,21],"class_list":["post-8816","post","type-post","status-publish","format-standard","has-post-thumbnail","hentry","category-haus-garten","tag-aus","tag-beweis","tag-dafuer","tag-dass","tag-dem","tag-der","tag-designer","tag-die","tag-einig","tag-ist","tag-james","tag-klassische","tag-kontrast","tag-lebron","tag-niemals","tag-savannah","tag-schwarzweisskueche","tag-sich","tag-sind","tag-stil","tag-und","tag-verblasst","tag-von","generate-columns","tablet-grid-50","mobile-grid-100","grid-parent","grid-50"],"yoast_head":"<!-- This site is optimized with the Yoast SEO plugin v27.3 - https:\/\/yoast.com\/product\/yoast-seo-wordpress\/ -->\n<title>Designer sind sich einig: Die Schwarz-Wei\u00df-K\u00fcche von LeBron und Savannah James ist der Beweis daf\u00fcr, dass der klassische Kontrast niemals aus dem Stil verblasst - Nachrichten - Stra\u00dfenweb<\/title>\n<meta name=\"robots\" content=\"index, follow, max-snippet:-1, max-image-preview:large, max-video-preview:-1\" \/>\n<link rel=\"canonical\" href=\"https:\/\/www.strassenweb.de\/nachrichten\/designer-sind-sich-einig-die-schwarz-weiss-kueche-von-lebron-und-savannah-james-ist-der-beweis-dafuer-dass-der-klassische-kontrast-niemals-aus-dem-stil-verblasst\/\" \/>\n<meta property=\"og:locale\" content=\"de_DE\" \/>\n<meta property=\"og:type\" content=\"article\" \/>\n<meta property=\"og:title\" content=\"Designer sind sich einig: Die Schwarz-Wei\u00df-K\u00fcche von LeBron und Savannah James ist der Beweis daf\u00fcr, dass der klassische Kontrast niemals aus dem Stil verblasst - Nachrichten - Stra\u00dfenweb\" \/>\n<meta property=\"og:description\" content=\"K\u00fcchentrends kommen und gehen, aber die dauerhafte Eleganz eines Schwarz-Wei\u00df-Konzepts kann nicht bestritten werden. Zwar gibt es viele Farbt\u00f6ne, die wunderbar zu K\u00fcchenschr\u00e4nken, W\u00e4nden oder\" \/>\n<meta property=\"og:url\" content=\"https:\/\/www.strassenweb.de\/nachrichten\/designer-sind-sich-einig-die-schwarz-weiss-kueche-von-lebron-und-savannah-james-ist-der-beweis-dafuer-dass-der-klassische-kontrast-niemals-aus-dem-stil-verblasst\/\" \/>\n<meta property=\"og:site_name\" content=\"Stra\u00dfenweb\" \/>\n<meta property=\"article:publisher\" content=\"https:\/\/www.facebook.com\/strassenweb\/\" \/>\n<meta property=\"article:published_time\" content=\"2025-10-27T17:39:14+00:00\" \/>\n<meta property=\"article:modified_time\" content=\"2025-10-27T17:39:15+00:00\" \/>\n<meta property=\"og:image\" content=\"https:\/\/www.strassenweb.de\/nachrichten\/wp-content\/uploads\/2025\/10\/Designer-sind-sich-einig-Die-Schwarz-Weiss-Kueche-von-LeBron-und-Savannah.jpg\" \/>\n\t<meta property=\"og:image:width\" content=\"1600\" \/>\n\t<meta property=\"og:image:height\" content=\"900\" \/>\n\t<meta property=\"og:image:type\" content=\"image\/jpeg\" \/>\n<meta name=\"author\" content=\"Robert Hoffmann\" \/>\n<meta name=\"twitter:card\" content=\"summary_large_image\" \/>\n<meta name=\"twitter:label1\" content=\"Verfasst von\" \/>\n\t<meta name=\"twitter:data1\" content=\"Robert Hoffmann\" \/>\n\t<meta name=\"twitter:label2\" content=\"Gesch\u00e4tzte Lesezeit\" \/>\n\t<meta name=\"twitter:data2\" content=\"3\u00a0Minuten\" \/>\n<script type=\"application\/ld+json\" class=\"yoast-schema-graph\">{\"@context\":\"https:\\\/\\\/schema.org\",\"@graph\":[{\"@type\":\"Article\",\"@id\":\"https:\\\/\\\/www.strassenweb.de\\\/nachrichten\\\/designer-sind-sich-einig-die-schwarz-weiss-kueche-von-lebron-und-savannah-james-ist-der-beweis-dafuer-dass-der-klassische-kontrast-niemals-aus-dem-stil-verblasst\\\/#article\",\"isPartOf\":{\"@id\":\"https:\\\/\\\/www.strassenweb.de\\\/nachrichten\\\/designer-sind-sich-einig-die-schwarz-weiss-kueche-von-lebron-und-savannah-james-ist-der-beweis-dafuer-dass-der-klassische-kontrast-niemals-aus-dem-stil-verblasst\\\/\"},\"author\":{\"name\":\"Robert Hoffmann\",\"@id\":\"https:\\\/\\\/www.strassenweb.de\\\/nachrichten\\\/#\\\/schema\\\/person\\\/87c9c9067f1211da429a744dc5a5aa41\"},\"headline\":\"Designer sind sich einig: Die Schwarz-Wei\u00df-K\u00fcche von LeBron und Savannah James ist der Beweis daf\u00fcr, dass der klassische Kontrast niemals aus dem Stil verblasst\",\"datePublished\":\"2025-10-27T17:39:14+00:00\",\"dateModified\":\"2025-10-27T17:39:15+00:00\",\"mainEntityOfPage\":{\"@id\":\"https:\\\/\\\/www.strassenweb.de\\\/nachrichten\\\/designer-sind-sich-einig-die-schwarz-weiss-kueche-von-lebron-und-savannah-james-ist-der-beweis-dafuer-dass-der-klassische-kontrast-niemals-aus-dem-stil-verblasst\\\/\"},\"wordCount\":539,\"publisher\":{\"@id\":\"https:\\\/\\\/www.strassenweb.de\\\/nachrichten\\\/#organization\"},\"image\":{\"@id\":\"https:\\\/\\\/www.strassenweb.de\\\/nachrichten\\\/designer-sind-sich-einig-die-schwarz-weiss-kueche-von-lebron-und-savannah-james-ist-der-beweis-dafuer-dass-der-klassische-kontrast-niemals-aus-dem-stil-verblasst\\\/#primaryimage\"},\"thumbnailUrl\":\"https:\\\/\\\/www.strassenweb.de\\\/nachrichten\\\/wp-content\\\/uploads\\\/2025\\\/10\\\/Designer-sind-sich-einig-Die-Schwarz-Weiss-Kueche-von-LeBron-und-Savannah.jpg\",\"keywords\":[\"aus\",\"Beweis\",\"daf\u00fcr\",\"dass\",\"dem\",\"der\",\"Designer\",\"die\",\"einig\",\"ist\",\"James\",\"klassische\",\"Kontrast\",\"LeBron\",\"niemals\",\"Savannah\",\"SchwarzWei\u00dfK\u00fcche\",\"sich\",\"sind\",\"Stil\",\"und\",\"verblasst\",\"von\"],\"articleSection\":[\"Haus &amp; Garten\"],\"inLanguage\":\"de\"},{\"@type\":\"WebPage\",\"@id\":\"https:\\\/\\\/www.strassenweb.de\\\/nachrichten\\\/designer-sind-sich-einig-die-schwarz-weiss-kueche-von-lebron-und-savannah-james-ist-der-beweis-dafuer-dass-der-klassische-kontrast-niemals-aus-dem-stil-verblasst\\\/\",\"url\":\"https:\\\/\\\/www.strassenweb.de\\\/nachrichten\\\/designer-sind-sich-einig-die-schwarz-weiss-kueche-von-lebron-und-savannah-james-ist-der-beweis-dafuer-dass-der-klassische-kontrast-niemals-aus-dem-stil-verblasst\\\/\",\"name\":\"Designer sind sich einig: Die Schwarz-Wei\u00df-K\u00fcche von LeBron und Savannah James ist der Beweis daf\u00fcr, dass der klassische Kontrast niemals aus dem Stil verblasst - Nachrichten - Stra\u00dfenweb\",\"isPartOf\":{\"@id\":\"https:\\\/\\\/www.strassenweb.de\\\/nachrichten\\\/#website\"},\"primaryImageOfPage\":{\"@id\":\"https:\\\/\\\/www.strassenweb.de\\\/nachrichten\\\/designer-sind-sich-einig-die-schwarz-weiss-kueche-von-lebron-und-savannah-james-ist-der-beweis-dafuer-dass-der-klassische-kontrast-niemals-aus-dem-stil-verblasst\\\/#primaryimage\"},\"image\":{\"@id\":\"https:\\\/\\\/www.strassenweb.de\\\/nachrichten\\\/designer-sind-sich-einig-die-schwarz-weiss-kueche-von-lebron-und-savannah-james-ist-der-beweis-dafuer-dass-der-klassische-kontrast-niemals-aus-dem-stil-verblasst\\\/#primaryimage\"},\"thumbnailUrl\":\"https:\\\/\\\/www.strassenweb.de\\\/nachrichten\\\/wp-content\\\/uploads\\\/2025\\\/10\\\/Designer-sind-sich-einig-Die-Schwarz-Weiss-Kueche-von-LeBron-und-Savannah.jpg\",\"datePublished\":\"2025-10-27T17:39:14+00:00\",\"dateModified\":\"2025-10-27T17:39:15+00:00\",\"breadcrumb\":{\"@id\":\"https:\\\/\\\/www.strassenweb.de\\\/nachrichten\\\/designer-sind-sich-einig-die-schwarz-weiss-kueche-von-lebron-und-savannah-james-ist-der-beweis-dafuer-dass-der-klassische-kontrast-niemals-aus-dem-stil-verblasst\\\/#breadcrumb\"},\"inLanguage\":\"de\",\"potentialAction\":[{\"@type\":\"ReadAction\",\"target\":[\"https:\\\/\\\/www.strassenweb.de\\\/nachrichten\\\/designer-sind-sich-einig-die-schwarz-weiss-kueche-von-lebron-und-savannah-james-ist-der-beweis-dafuer-dass-der-klassische-kontrast-niemals-aus-dem-stil-verblasst\\\/\"]}]},{\"@type\":\"ImageObject\",\"inLanguage\":\"de\",\"@id\":\"https:\\\/\\\/www.strassenweb.de\\\/nachrichten\\\/designer-sind-sich-einig-die-schwarz-weiss-kueche-von-lebron-und-savannah-james-ist-der-beweis-dafuer-dass-der-klassische-kontrast-niemals-aus-dem-stil-verblasst\\\/#primaryimage\",\"url\":\"https:\\\/\\\/www.strassenweb.de\\\/nachrichten\\\/wp-content\\\/uploads\\\/2025\\\/10\\\/Designer-sind-sich-einig-Die-Schwarz-Weiss-Kueche-von-LeBron-und-Savannah.jpg\",\"contentUrl\":\"https:\\\/\\\/www.strassenweb.de\\\/nachrichten\\\/wp-content\\\/uploads\\\/2025\\\/10\\\/Designer-sind-sich-einig-Die-Schwarz-Weiss-Kueche-von-LeBron-und-Savannah.jpg\",\"width\":1600,\"height\":900,\"caption\":\"LeBron James\"},{\"@type\":\"BreadcrumbList\",\"@id\":\"https:\\\/\\\/www.strassenweb.de\\\/nachrichten\\\/designer-sind-sich-einig-die-schwarz-weiss-kueche-von-lebron-und-savannah-james-ist-der-beweis-dafuer-dass-der-klassische-kontrast-niemals-aus-dem-stil-verblasst\\\/#breadcrumb\",\"itemListElement\":[{\"@type\":\"ListItem\",\"position\":1,\"name\":\"Home\",\"item\":\"https:\\\/\\\/www.strassenweb.de\\\/nachrichten\\\/\"},{\"@type\":\"ListItem\",\"position\":2,\"name\":\"Designer sind sich einig: Die Schwarz-Wei\u00df-K\u00fcche von LeBron und Savannah James ist der Beweis daf\u00fcr, dass der klassische Kontrast niemals aus dem Stil verblasst\"}]},{\"@type\":\"WebSite\",\"@id\":\"https:\\\/\\\/www.strassenweb.de\\\/nachrichten\\\/#website\",\"url\":\"https:\\\/\\\/www.strassenweb.de\\\/nachrichten\\\/\",\"name\":\"Stra\u00dfenweb\",\"description\":\"Stra\u00dfenverzeichnis f\u00fcr Deutschland\",\"publisher\":{\"@id\":\"https:\\\/\\\/www.strassenweb.de\\\/nachrichten\\\/#organization\"},\"potentialAction\":[{\"@type\":\"SearchAction\",\"target\":{\"@type\":\"EntryPoint\",\"urlTemplate\":\"https:\\\/\\\/www.strassenweb.de\\\/nachrichten\\\/?s={search_term_string}\"},\"query-input\":{\"@type\":\"PropertyValueSpecification\",\"valueRequired\":true,\"valueName\":\"search_term_string\"}}],\"inLanguage\":\"de\"},{\"@type\":\"Organization\",\"@id\":\"https:\\\/\\\/www.strassenweb.de\\\/nachrichten\\\/#organization\",\"name\":\"Stra\u00dfenweb\",\"url\":\"https:\\\/\\\/www.strassenweb.de\\\/nachrichten\\\/\",\"logo\":{\"@type\":\"ImageObject\",\"inLanguage\":\"de\",\"@id\":\"https:\\\/\\\/www.strassenweb.de\\\/nachrichten\\\/#\\\/schema\\\/logo\\\/image\\\/\",\"url\":\"https:\\\/\\\/www.strassenweb.de\\\/nachrichten\\\/wp-content\\\/uploads\\\/2024\\\/09\\\/cropped-favicon.png\",\"contentUrl\":\"https:\\\/\\\/www.strassenweb.de\\\/nachrichten\\\/wp-content\\\/uploads\\\/2024\\\/09\\\/cropped-favicon.png\",\"width\":512,\"height\":512,\"caption\":\"Stra\u00dfenweb\"},\"image\":{\"@id\":\"https:\\\/\\\/www.strassenweb.de\\\/nachrichten\\\/#\\\/schema\\\/logo\\\/image\\\/\"},\"sameAs\":[\"https:\\\/\\\/www.facebook.com\\\/strassenweb\\\/\"]},{\"@type\":\"Person\",\"@id\":\"https:\\\/\\\/www.strassenweb.de\\\/nachrichten\\\/#\\\/schema\\\/person\\\/87c9c9067f1211da429a744dc5a5aa41\",\"name\":\"Robert Hoffmann\",\"image\":{\"@type\":\"ImageObject\",\"inLanguage\":\"de\",\"@id\":\"https:\\\/\\\/www.strassenweb.de\\\/nachrichten\\\/wp-content\\\/uploads\\\/2024\\\/09\\\/strassenweb-150x150.jpg\",\"url\":\"https:\\\/\\\/www.strassenweb.de\\\/nachrichten\\\/wp-content\\\/uploads\\\/2024\\\/09\\\/strassenweb-150x150.jpg\",\"contentUrl\":\"https:\\\/\\\/www.strassenweb.de\\\/nachrichten\\\/wp-content\\\/uploads\\\/2024\\\/09\\\/strassenweb-150x150.jpg\",\"caption\":\"Robert Hoffmann\"},\"description\":\"Ich hei\u00dfe Robert Hoffmann und ich bin ein leidenschaftlicher Verfechter von \u00d6kologie und Biodiversit\u00e4t. Seit meiner Kindheit in den W\u00e4ldern Bayerns f\u00fchle ich mich mit der Natur verbunden und bin entschlossen, sie zu sch\u00fctzen. Heute widme ich mein Leben der Sensibilisierung anderer f\u00fcr die Bedeutung des Umweltschutzes f\u00fcr zuk\u00fcnftige Generationen.\",\"sameAs\":[\"https:\\\/\\\/www.strassenweb.de\\\/\"]}]}<\/script>\n<!-- \/ Yoast SEO plugin. -->","yoast_head_json":{"title":"Designer sind sich einig: Die Schwarz-Wei\u00df-K\u00fcche von LeBron und Savannah James ist der Beweis daf\u00fcr, dass der klassische Kontrast niemals aus dem Stil verblasst - Nachrichten - Stra\u00dfenweb","robots":{"index":"index","follow":"follow","max-snippet":"max-snippet:-1","max-image-preview":"max-image-preview:large","max-video-preview":"max-video-preview:-1"},"canonical":"https:\/\/www.strassenweb.de\/nachrichten\/designer-sind-sich-einig-die-schwarz-weiss-kueche-von-lebron-und-savannah-james-ist-der-beweis-dafuer-dass-der-klassische-kontrast-niemals-aus-dem-stil-verblasst\/","og_locale":"de_DE","og_type":"article","og_title":"Designer sind sich einig: Die Schwarz-Wei\u00df-K\u00fcche von LeBron und Savannah James ist der Beweis daf\u00fcr, dass der klassische Kontrast niemals aus dem Stil verblasst - Nachrichten - Stra\u00dfenweb","og_description":"K\u00fcchentrends kommen und gehen, aber die dauerhafte Eleganz eines Schwarz-Wei\u00df-Konzepts kann nicht bestritten werden. Zwar gibt es viele Farbt\u00f6ne, die wunderbar zu K\u00fcchenschr\u00e4nken, W\u00e4nden oder","og_url":"https:\/\/www.strassenweb.de\/nachrichten\/designer-sind-sich-einig-die-schwarz-weiss-kueche-von-lebron-und-savannah-james-ist-der-beweis-dafuer-dass-der-klassische-kontrast-niemals-aus-dem-stil-verblasst\/","og_site_name":"Stra\u00dfenweb","article_publisher":"https:\/\/www.facebook.com\/strassenweb\/","article_published_time":"2025-10-27T17:39:14+00:00","article_modified_time":"2025-10-27T17:39:15+00:00","og_image":[{"width":1600,"height":900,"url":"https:\/\/www.strassenweb.de\/nachrichten\/wp-content\/uploads\/2025\/10\/Designer-sind-sich-einig-Die-Schwarz-Weiss-Kueche-von-LeBron-und-Savannah.jpg","type":"image\/jpeg"}],"author":"Robert Hoffmann","twitter_card":"summary_large_image","twitter_misc":{"Verfasst von":"Robert Hoffmann","Gesch\u00e4tzte Lesezeit":"3\u00a0Minuten"},"schema":{"@context":"https:\/\/schema.org","@graph":[{"@type":"Article","@id":"https:\/\/www.strassenweb.de\/nachrichten\/designer-sind-sich-einig-die-schwarz-weiss-kueche-von-lebron-und-savannah-james-ist-der-beweis-dafuer-dass-der-klassische-kontrast-niemals-aus-dem-stil-verblasst\/#article","isPartOf":{"@id":"https:\/\/www.strassenweb.de\/nachrichten\/designer-sind-sich-einig-die-schwarz-weiss-kueche-von-lebron-und-savannah-james-ist-der-beweis-dafuer-dass-der-klassische-kontrast-niemals-aus-dem-stil-verblasst\/"},"author":{"name":"Robert Hoffmann","@id":"https:\/\/www.strassenweb.de\/nachrichten\/#\/schema\/person\/87c9c9067f1211da429a744dc5a5aa41"},"headline":"Designer sind sich einig: Die Schwarz-Wei\u00df-K\u00fcche von LeBron und Savannah James ist der Beweis daf\u00fcr, dass der klassische Kontrast niemals aus dem Stil verblasst","datePublished":"2025-10-27T17:39:14+00:00","dateModified":"2025-10-27T17:39:15+00:00","mainEntityOfPage":{"@id":"https:\/\/www.strassenweb.de\/nachrichten\/designer-sind-sich-einig-die-schwarz-weiss-kueche-von-lebron-und-savannah-james-ist-der-beweis-dafuer-dass-der-klassische-kontrast-niemals-aus-dem-stil-verblasst\/"},"wordCount":539,"publisher":{"@id":"https:\/\/www.strassenweb.de\/nachrichten\/#organization"},"image":{"@id":"https:\/\/www.strassenweb.de\/nachrichten\/designer-sind-sich-einig-die-schwarz-weiss-kueche-von-lebron-und-savannah-james-ist-der-beweis-dafuer-dass-der-klassische-kontrast-niemals-aus-dem-stil-verblasst\/#primaryimage"},"thumbnailUrl":"https:\/\/www.strassenweb.de\/nachrichten\/wp-content\/uploads\/2025\/10\/Designer-sind-sich-einig-Die-Schwarz-Weiss-Kueche-von-LeBron-und-Savannah.jpg","keywords":["aus","Beweis","daf\u00fcr","dass","dem","der","Designer","die","einig","ist","James","klassische","Kontrast","LeBron","niemals","Savannah","SchwarzWei\u00dfK\u00fcche","sich","sind","Stil","und","verblasst","von"],"articleSection":["Haus &amp; Garten"],"inLanguage":"de"},{"@type":"WebPage","@id":"https:\/\/www.strassenweb.de\/nachrichten\/designer-sind-sich-einig-die-schwarz-weiss-kueche-von-lebron-und-savannah-james-ist-der-beweis-dafuer-dass-der-klassische-kontrast-niemals-aus-dem-stil-verblasst\/","url":"https:\/\/www.strassenweb.de\/nachrichten\/designer-sind-sich-einig-die-schwarz-weiss-kueche-von-lebron-und-savannah-james-ist-der-beweis-dafuer-dass-der-klassische-kontrast-niemals-aus-dem-stil-verblasst\/","name":"Designer sind sich einig: Die Schwarz-Wei\u00df-K\u00fcche von LeBron und Savannah James ist der Beweis daf\u00fcr, dass der klassische Kontrast niemals aus dem Stil verblasst - Nachrichten - Stra\u00dfenweb","isPartOf":{"@id":"https:\/\/www.strassenweb.de\/nachrichten\/#website"},"primaryImageOfPage":{"@id":"https:\/\/www.strassenweb.de\/nachrichten\/designer-sind-sich-einig-die-schwarz-weiss-kueche-von-lebron-und-savannah-james-ist-der-beweis-dafuer-dass-der-klassische-kontrast-niemals-aus-dem-stil-verblasst\/#primaryimage"},"image":{"@id":"https:\/\/www.strassenweb.de\/nachrichten\/designer-sind-sich-einig-die-schwarz-weiss-kueche-von-lebron-und-savannah-james-ist-der-beweis-dafuer-dass-der-klassische-kontrast-niemals-aus-dem-stil-verblasst\/#primaryimage"},"thumbnailUrl":"https:\/\/www.strassenweb.de\/nachrichten\/wp-content\/uploads\/2025\/10\/Designer-sind-sich-einig-Die-Schwarz-Weiss-Kueche-von-LeBron-und-Savannah.jpg","datePublished":"2025-10-27T17:39:14+00:00","dateModified":"2025-10-27T17:39:15+00:00","breadcrumb":{"@id":"https:\/\/www.strassenweb.de\/nachrichten\/designer-sind-sich-einig-die-schwarz-weiss-kueche-von-lebron-und-savannah-james-ist-der-beweis-dafuer-dass-der-klassische-kontrast-niemals-aus-dem-stil-verblasst\/#breadcrumb"},"inLanguage":"de","potentialAction":[{"@type":"ReadAction","target":["https:\/\/www.strassenweb.de\/nachrichten\/designer-sind-sich-einig-die-schwarz-weiss-kueche-von-lebron-und-savannah-james-ist-der-beweis-dafuer-dass-der-klassische-kontrast-niemals-aus-dem-stil-verblasst\/"]}]},{"@type":"ImageObject","inLanguage":"de","@id":"https:\/\/www.strassenweb.de\/nachrichten\/designer-sind-sich-einig-die-schwarz-weiss-kueche-von-lebron-und-savannah-james-ist-der-beweis-dafuer-dass-der-klassische-kontrast-niemals-aus-dem-stil-verblasst\/#primaryimage","url":"https:\/\/www.strassenweb.de\/nachrichten\/wp-content\/uploads\/2025\/10\/Designer-sind-sich-einig-Die-Schwarz-Weiss-Kueche-von-LeBron-und-Savannah.jpg","contentUrl":"https:\/\/www.strassenweb.de\/nachrichten\/wp-content\/uploads\/2025\/10\/Designer-sind-sich-einig-Die-Schwarz-Weiss-Kueche-von-LeBron-und-Savannah.jpg","width":1600,"height":900,"caption":"LeBron James"},{"@type":"BreadcrumbList","@id":"https:\/\/www.strassenweb.de\/nachrichten\/designer-sind-sich-einig-die-schwarz-weiss-kueche-von-lebron-und-savannah-james-ist-der-beweis-dafuer-dass-der-klassische-kontrast-niemals-aus-dem-stil-verblasst\/#breadcrumb","itemListElement":[{"@type":"ListItem","position":1,"name":"Home","item":"https:\/\/www.strassenweb.de\/nachrichten\/"},{"@type":"ListItem","position":2,"name":"Designer sind sich einig: Die Schwarz-Wei\u00df-K\u00fcche von LeBron und Savannah James ist der Beweis daf\u00fcr, dass der klassische Kontrast niemals aus dem Stil verblasst"}]},{"@type":"WebSite","@id":"https:\/\/www.strassenweb.de\/nachrichten\/#website","url":"https:\/\/www.strassenweb.de\/nachrichten\/","name":"Stra\u00dfenweb","description":"Stra\u00dfenverzeichnis f\u00fcr Deutschland","publisher":{"@id":"https:\/\/www.strassenweb.de\/nachrichten\/#organization"},"potentialAction":[{"@type":"SearchAction","target":{"@type":"EntryPoint","urlTemplate":"https:\/\/www.strassenweb.de\/nachrichten\/?s={search_term_string}"},"query-input":{"@type":"PropertyValueSpecification","valueRequired":true,"valueName":"search_term_string"}}],"inLanguage":"de"},{"@type":"Organization","@id":"https:\/\/www.strassenweb.de\/nachrichten\/#organization","name":"Stra\u00dfenweb","url":"https:\/\/www.strassenweb.de\/nachrichten\/","logo":{"@type":"ImageObject","inLanguage":"de","@id":"https:\/\/www.strassenweb.de\/nachrichten\/#\/schema\/logo\/image\/","url":"https:\/\/www.strassenweb.de\/nachrichten\/wp-content\/uploads\/2024\/09\/cropped-favicon.png","contentUrl":"https:\/\/www.strassenweb.de\/nachrichten\/wp-content\/uploads\/2024\/09\/cropped-favicon.png","width":512,"height":512,"caption":"Stra\u00dfenweb"},"image":{"@id":"https:\/\/www.strassenweb.de\/nachrichten\/#\/schema\/logo\/image\/"},"sameAs":["https:\/\/www.facebook.com\/strassenweb\/"]},{"@type":"Person","@id":"https:\/\/www.strassenweb.de\/nachrichten\/#\/schema\/person\/87c9c9067f1211da429a744dc5a5aa41","name":"Robert Hoffmann","image":{"@type":"ImageObject","inLanguage":"de","@id":"https:\/\/www.strassenweb.de\/nachrichten\/wp-content\/uploads\/2024\/09\/strassenweb-150x150.jpg","url":"https:\/\/www.strassenweb.de\/nachrichten\/wp-content\/uploads\/2024\/09\/strassenweb-150x150.jpg","contentUrl":"https:\/\/www.strassenweb.de\/nachrichten\/wp-content\/uploads\/2024\/09\/strassenweb-150x150.jpg","caption":"Robert Hoffmann"},"description":"Ich hei\u00dfe Robert Hoffmann und ich bin ein leidenschaftlicher Verfechter von \u00d6kologie und Biodiversit\u00e4t. Seit meiner Kindheit in den W\u00e4ldern Bayerns f\u00fchle ich mich mit der Natur verbunden und bin entschlossen, sie zu sch\u00fctzen. Heute widme ich mein Leben der Sensibilisierung anderer f\u00fcr die Bedeutung des Umweltschutzes f\u00fcr zuk\u00fcnftige Generationen.","sameAs":["https:\/\/www.strassenweb.de\/"]}]}},"_links":{"self":[{"href":"https:\/\/www.strassenweb.de\/nachrichten\/wp-json\/wp\/v2\/posts\/8816","targetHints":{"allow":["GET"]}}],"collection":[{"href":"https:\/\/www.strassenweb.de\/nachrichten\/wp-json\/wp\/v2\/posts"}],"about":[{"href":"https:\/\/www.strassenweb.de\/nachrichten\/wp-json\/wp\/v2\/types\/post"}],"author":[{"embeddable":true,"href":"https:\/\/www.strassenweb.de\/nachrichten\/wp-json\/wp\/v2\/users\/1"}],"replies":[{"embeddable":true,"href":"https:\/\/www.strassenweb.de\/nachrichten\/wp-json\/wp\/v2\/comments?post=8816"}],"version-history":[{"count":0,"href":"https:\/\/www.strassenweb.de\/nachrichten\/wp-json\/wp\/v2\/posts\/8816\/revisions"}],"wp:featuredmedia":[{"embeddable":true,"href":"https:\/\/www.strassenweb.de\/nachrichten\/wp-json\/wp\/v2\/media\/8817"}],"wp:attachment":[{"href":"https:\/\/www.strassenweb.de\/nachrichten\/wp-json\/wp\/v2\/media?parent=8816"}],"wp:term":[{"taxonomy":"category","embeddable":true,"href":"https:\/\/www.strassenweb.de\/nachrichten\/wp-json\/wp\/v2\/categories?post=8816"},{"taxonomy":"post_tag","embeddable":true,"href":"https:\/\/www.strassenweb.de\/nachrichten\/wp-json\/wp\/v2\/tags?post=8816"}],"curies":[{"name":"wp","href":"https:\/\/api.w.org\/{rel}","templated":true}]}}