{"id":8813,"date":"2025-10-27T16:39:16","date_gmt":"2025-10-27T15:39:16","guid":{"rendered":"https:\/\/www.strassenweb.de\/nachrichten\/400-jahre-nach-dem-aussterben-in-schottland-wurden-biber-in-glen-affric-freigelassen\/"},"modified":"2025-10-27T16:39:16","modified_gmt":"2025-10-27T15:39:16","slug":"400-jahre-nach-dem-aussterben-in-schottland-wurden-biber-in-glen-affric-freigelassen","status":"publish","type":"post","link":"https:\/\/www.strassenweb.de\/nachrichten\/400-jahre-nach-dem-aussterben-in-schottland-wurden-biber-in-glen-affric-freigelassen\/","title":{"rendered":"400 Jahre nach dem Aussterben in Schottland wurden Biber in Glen Affric freigelassen"},"content":{"rendered":"<p>Eine f\u00fcnfk\u00f6pfige Biberfamilie und ein Biberpaar wurden an zwei Standorten am Loch Beinn a Mheadhoin im Glen Affric National Nature Reserve in den nordwestlichen Highlands freigelassen.<\/p>\n<p>Die Biber wurden unter Lizenz von landwirtschaftlichen Fl\u00e4chen in Tayside in ein Gebiet umgesiedelt, in dem ihr nat\u00fcrliches Verhalten sich voraussichtlich positiv auf die Landschaft und die Artenvielfalt auswirken wird.<\/p>\n<p>Forestry and Land Scotland (FLS), das das 17.604 Hektar gro\u00dfe NNR verwaltet, arbeitet seit 2022 mit Trees for Life an der Initiative, unterst\u00fctzt vom Beaver Trust. Das Projekt umfasste drei Phasen umfassender Konsultationen mit lokalen Gemeinden und Landverwaltern.<\/p>\n<p>Alex Mcleod, FLS North Region Manager, sagte: \u201eDie Umsiedlung von Bibern nach Glen Affric ist der H\u00f6hepunkt eines langen, anspruchsvollen und gr\u00fcndlichen Prozesses f\u00fcr FLS und Trees for Life. Die umfassende Einbindung der lokalen Affric-Gemeinschaften, auch durch einen detaillierten Konsultationsprozess, war entscheidend, um sicherzustellen, dass alle Stimmen geh\u00f6rt wurden.\u201c <\/p>\n<p>\u201eDieser hohe Grad an lokaler Konsultation hat dazu beigetragen, Prozesse einzurichten, um alle notwendigen Abhilfema\u00dfnahmen zu besprechen und Bedenken auszur\u00e4umen, die von denen ge\u00e4u\u00dfert wurden, die die Einf\u00fchrung von Bibern nicht bef\u00fcrworten. Wir gr\u00fcnden eine Gruppe, die die laufende \u00dcberwachung \u00fcberwacht, um Managemententscheidungen in den kommenden Monaten und Jahren zu treffen, und ich hoffe, dass die Biber irgendwann zu einem integralen und unbeachteten Teil von Glen Affric werden.\u201c <\/p>\n<p>Steve Micklewright, Vorstandsvorsitzender von Trees for Life, sagte: \u201eAls wir sahen, wie die Biber in den See entlassen wurden, erlebten wir einen Moment der Wildtiergeschichte \u2013 der Hoffnung auf die Bew\u00e4ltigung der Natur- und Klimanotf\u00e4lle und eine bessere Zukunft f\u00fcr die Artenvielfalt und die Menschen schenkte.\u201c<\/p>\n<p>\u201eWir sind stolz darauf, mit FLS an dieser gemeinschaftsorientierten Initiative zusammengearbeitet zu haben. FLS hat \u00fcber viele Jahre hinweg wichtige Arbeiten zur Wiederherstellung von Lebensr\u00e4umen in Glen Affric durchgef\u00fchrt und durch die Wiederansiedlung dieses wichtigen Tieres, das Lebensr\u00e4ume schafft, die Artenvielfalt f\u00f6rdert und \u00dcberschwemmungen verhindert, eine echte F\u00fchrungsrolle bei der Wiederherstellung der Natur bewiesen.\u201c<\/p>\n<p>NatureScot erteilte im August eine Lizenz f\u00fcr die Freilassung von vier Familiengruppen von Bibern in den Gew\u00e4ssern oberhalb des Staudamms Beinn a Mheadhoin, nachdem FLS im vergangenen Dezember einen Antrag gestellt hatte. Die ersten beiden Freilassungen des Biberpaares, gefolgt von der f\u00fcnfk\u00f6pfigen Familie, fanden am 24. Oktober statt.<\/p>\n<p>Biber schaffen Feuchtgebiete, die anderen Wildtieren zugute kommen, Wasser reinigen und \u00dcberschwemmungen reduzieren. Durch den \u00d6kotourismus k\u00f6nnen die Tiere den Gemeinden wirtschaftliche Vorteile bringen. <\/p>\n<p>Manchmal kann die Art auch lokale Probleme verursachen. Die Projektpartner von Glen Affric haben Ma\u00dfnahmen ergriffen, um diese schnell zu beheben, falls sie auftreten.<\/p>\n<p>FLS richtet eine Beaver Community Mitigation and Monitoring Group als Anlaufstelle f\u00fcr Community und Besucher ein, wo Entwicklungen \u00fcberwacht, ausgestrahlt und angegangen werden k\u00f6nnen. Die Gruppe, an der auch NatureScot beteiligt ist, wird sich auch mit der Entwicklung von Bildungsm\u00f6glichkeiten mit \u00f6rtlichen Schulen, der breiteren Gemeinschaft und Besuchern der Region befassen.<\/p>\n<p>Der engagierte Beaver Management Officer von Trees for Life, Tobias Leask, wird mit der gesamten Gemeinde zusammenarbeiten und praktische Unterst\u00fctzung anbieten, um sicherzustellen, dass die Menschen vor Ort die R\u00fcckkehr der Biber durch einen gut verwalteten Prozess genie\u00dfen und davon profitieren k\u00f6nnen.<\/p>\n<p>Die Umsiedlung nach Glen Affric wurde von Dr. Roisin Campbell-Palmer, Leiter der Restaurierung bei Beaver Trust, durchgef\u00fchrt, der sagte: \u201eBiber sind ein starker Verb\u00fcndeter bei der Bew\u00e4ltigung der Biodiversit\u00e4tskrise, und wir freuen uns, diese wichtige Wiederansiedlung in einem der ber\u00fchmtesten T\u00e4ler Schottlands durchgef\u00fchrt zu haben.\u201c <\/p>\n<p>\u201eJedes neue Einzugsgebiet, in dem wir Biber wiederherstellen, bringt Schottland seinem Ziel einer naturreichen, widerstandsf\u00e4higen Zukunft bis 2045 n\u00e4her. Verantwortungsvolle, wohl\u00fcberlegte Umsiedlungen wie diese tragen dazu bei, eine gesunde, vernetzte Biberpopulation im ganzen Land wiederherzustellen.\u201c<\/p>\n<p>Vor ihrer Freilassung in Glen Affric wurden die Biber zur Gesundheitskontrolle in einer speziellen Biberhaltungs- und Quarant\u00e4neeinrichtung im Five Sisters Zoo untergebracht.<\/p>\n<p>Der Anwohner Malcolm Wield sagte: \u201eBiber kommen einer Vielzahl verschiedener Arten zugute, darunter B\u00e4umen, Pflanzen, Wirbellosen, Amphibien, Fischen, anderen S\u00e4ugetieren und V\u00f6geln. Das ist ein gutes Ergebnis f\u00fcr uns, unsere Kinder, unsere Enkelkinder und zuk\u00fcnftige Generationen. Herzlichen Gl\u00fcckwunsch an alle Beteiligten.\u201c<\/p>\n<p>Die Wiederansiedlung tr\u00e4gt zur Umsetzung der nationalen Biberstrategie Schottlands und einer Richtlinie der schottischen Regierung bei, die \u00f6ffentliche Stellen auffordert, die Art auf staatseigenem Land au\u00dferhalb des bestehenden Bibergebiets wieder anzusiedeln.<\/p>\n<p>Der einst in Schottland weit verbreitete Eurasische Biber wurde wegen seines Fells, seines Fleisches und seines Moschus\u00f6ls bis zur Ausrottung gejagt. Aufzeichnungen deuten darauf hin, dass Biber m\u00f6glicherweise bis ins 16. Jahrhundert in geringer Zahl \u00fcberlebt haben. Biber sind eine gesch\u00fctzte einheimische Art, die erstmals 2009 in Schottland wieder angesiedelt wurde. <\/p>\n<p><em>Bildnachweis: Biber beim ersten Schwimmen in Glen Affric, \u00a9 Trees for Life<\/em><\/p>\n","protected":false},"excerpt":{"rendered":"<p>Eine f\u00fcnfk\u00f6pfige Biberfamilie und ein Biberpaar wurden an zwei Standorten am Loch Beinn a Mheadhoin im Glen Affric National Nature Reserve in den nordwestlichen Highlands<\/p>\n","protected":false},"author":1,"featured_media":8814,"comment_status":"closed","ping_status":"","sticky":false,"template":"","format":"standard","meta":{"footnotes":""},"categories":[101],"tags":[9769,1614,6828,91,11152,9768,831,341,1062,1843],"class_list":["post-8813","post","type-post","status-publish","format-standard","has-post-thumbnail","hentry","category-oekologie","tag-affric","tag-aussterben","tag-biber","tag-dem","tag-freigelassen","tag-glen","tag-jahre","tag-nach","tag-schottland","tag-wuerden","generate-columns","tablet-grid-50","mobile-grid-100","grid-parent","grid-50"],"yoast_head":"<!-- This site is optimized with the Yoast SEO plugin v27.3 - https:\/\/yoast.com\/product\/yoast-seo-wordpress\/ -->\n<title>400 Jahre nach dem Aussterben in Schottland wurden Biber in Glen Affric freigelassen - Nachrichten - Stra\u00dfenweb<\/title>\n<meta name=\"robots\" content=\"index, follow, max-snippet:-1, max-image-preview:large, max-video-preview:-1\" \/>\n<link rel=\"canonical\" href=\"https:\/\/www.strassenweb.de\/nachrichten\/400-jahre-nach-dem-aussterben-in-schottland-wurden-biber-in-glen-affric-freigelassen\/\" \/>\n<meta property=\"og:locale\" content=\"de_DE\" \/>\n<meta property=\"og:type\" content=\"article\" \/>\n<meta property=\"og:title\" content=\"400 Jahre nach dem Aussterben in Schottland wurden Biber in Glen Affric freigelassen - Nachrichten - Stra\u00dfenweb\" \/>\n<meta property=\"og:description\" content=\"Eine f\u00fcnfk\u00f6pfige Biberfamilie und ein Biberpaar wurden an zwei Standorten am Loch Beinn a Mheadhoin im Glen Affric National Nature Reserve in den nordwestlichen Highlands\" \/>\n<meta property=\"og:url\" content=\"https:\/\/www.strassenweb.de\/nachrichten\/400-jahre-nach-dem-aussterben-in-schottland-wurden-biber-in-glen-affric-freigelassen\/\" \/>\n<meta property=\"og:site_name\" content=\"Stra\u00dfenweb\" \/>\n<meta property=\"article:publisher\" content=\"https:\/\/www.facebook.com\/strassenweb\/\" \/>\n<meta property=\"article:published_time\" content=\"2025-10-27T15:39:16+00:00\" \/>\n<meta property=\"og:image\" content=\"https:\/\/www.strassenweb.de\/nachrichten\/wp-content\/uploads\/2025\/10\/400-Jahre-nach-dem-Aussterben-in-Schottland-wurden-Biber-in.jpg\" \/>\n\t<meta property=\"og:image:width\" content=\"900\" \/>\n\t<meta property=\"og:image:height\" content=\"600\" \/>\n\t<meta property=\"og:image:type\" content=\"image\/jpeg\" \/>\n<meta name=\"author\" content=\"Robert Hoffmann\" \/>\n<meta name=\"twitter:card\" content=\"summary_large_image\" \/>\n<meta name=\"twitter:label1\" content=\"Verfasst von\" \/>\n\t<meta name=\"twitter:data1\" content=\"Robert Hoffmann\" \/>\n\t<meta name=\"twitter:label2\" content=\"Gesch\u00e4tzte Lesezeit\" \/>\n\t<meta name=\"twitter:data2\" content=\"4\u00a0Minuten\" \/>\n<script type=\"application\/ld+json\" class=\"yoast-schema-graph\">{\"@context\":\"https:\\\/\\\/schema.org\",\"@graph\":[{\"@type\":\"Article\",\"@id\":\"https:\\\/\\\/www.strassenweb.de\\\/nachrichten\\\/400-jahre-nach-dem-aussterben-in-schottland-wurden-biber-in-glen-affric-freigelassen\\\/#article\",\"isPartOf\":{\"@id\":\"https:\\\/\\\/www.strassenweb.de\\\/nachrichten\\\/400-jahre-nach-dem-aussterben-in-schottland-wurden-biber-in-glen-affric-freigelassen\\\/\"},\"author\":{\"name\":\"Robert Hoffmann\",\"@id\":\"https:\\\/\\\/www.strassenweb.de\\\/nachrichten\\\/#\\\/schema\\\/person\\\/87c9c9067f1211da429a744dc5a5aa41\"},\"headline\":\"400 Jahre nach dem Aussterben in Schottland wurden Biber in Glen Affric freigelassen\",\"datePublished\":\"2025-10-27T15:39:16+00:00\",\"mainEntityOfPage\":{\"@id\":\"https:\\\/\\\/www.strassenweb.de\\\/nachrichten\\\/400-jahre-nach-dem-aussterben-in-schottland-wurden-biber-in-glen-affric-freigelassen\\\/\"},\"wordCount\":801,\"publisher\":{\"@id\":\"https:\\\/\\\/www.strassenweb.de\\\/nachrichten\\\/#organization\"},\"image\":{\"@id\":\"https:\\\/\\\/www.strassenweb.de\\\/nachrichten\\\/400-jahre-nach-dem-aussterben-in-schottland-wurden-biber-in-glen-affric-freigelassen\\\/#primaryimage\"},\"thumbnailUrl\":\"https:\\\/\\\/www.strassenweb.de\\\/nachrichten\\\/wp-content\\\/uploads\\\/2025\\\/10\\\/400-Jahre-nach-dem-Aussterben-in-Schottland-wurden-Biber-in.jpg\",\"keywords\":[\"Affric\",\"Aussterben\",\"Biber\",\"dem\",\"freigelassen\",\"Glen\",\"Jahre\",\"Nach\",\"Schottland\",\"w\u00fcrden\"],\"articleSection\":[\"\u00d6kologie\"],\"inLanguage\":\"de\"},{\"@type\":\"WebPage\",\"@id\":\"https:\\\/\\\/www.strassenweb.de\\\/nachrichten\\\/400-jahre-nach-dem-aussterben-in-schottland-wurden-biber-in-glen-affric-freigelassen\\\/\",\"url\":\"https:\\\/\\\/www.strassenweb.de\\\/nachrichten\\\/400-jahre-nach-dem-aussterben-in-schottland-wurden-biber-in-glen-affric-freigelassen\\\/\",\"name\":\"400 Jahre nach dem Aussterben in Schottland wurden Biber in Glen Affric freigelassen - Nachrichten - Stra\u00dfenweb\",\"isPartOf\":{\"@id\":\"https:\\\/\\\/www.strassenweb.de\\\/nachrichten\\\/#website\"},\"primaryImageOfPage\":{\"@id\":\"https:\\\/\\\/www.strassenweb.de\\\/nachrichten\\\/400-jahre-nach-dem-aussterben-in-schottland-wurden-biber-in-glen-affric-freigelassen\\\/#primaryimage\"},\"image\":{\"@id\":\"https:\\\/\\\/www.strassenweb.de\\\/nachrichten\\\/400-jahre-nach-dem-aussterben-in-schottland-wurden-biber-in-glen-affric-freigelassen\\\/#primaryimage\"},\"thumbnailUrl\":\"https:\\\/\\\/www.strassenweb.de\\\/nachrichten\\\/wp-content\\\/uploads\\\/2025\\\/10\\\/400-Jahre-nach-dem-Aussterben-in-Schottland-wurden-Biber-in.jpg\",\"datePublished\":\"2025-10-27T15:39:16+00:00\",\"breadcrumb\":{\"@id\":\"https:\\\/\\\/www.strassenweb.de\\\/nachrichten\\\/400-jahre-nach-dem-aussterben-in-schottland-wurden-biber-in-glen-affric-freigelassen\\\/#breadcrumb\"},\"inLanguage\":\"de\",\"potentialAction\":[{\"@type\":\"ReadAction\",\"target\":[\"https:\\\/\\\/www.strassenweb.de\\\/nachrichten\\\/400-jahre-nach-dem-aussterben-in-schottland-wurden-biber-in-glen-affric-freigelassen\\\/\"]}]},{\"@type\":\"ImageObject\",\"inLanguage\":\"de\",\"@id\":\"https:\\\/\\\/www.strassenweb.de\\\/nachrichten\\\/400-jahre-nach-dem-aussterben-in-schottland-wurden-biber-in-glen-affric-freigelassen\\\/#primaryimage\",\"url\":\"https:\\\/\\\/www.strassenweb.de\\\/nachrichten\\\/wp-content\\\/uploads\\\/2025\\\/10\\\/400-Jahre-nach-dem-Aussterben-in-Schottland-wurden-Biber-in.jpg\",\"contentUrl\":\"https:\\\/\\\/www.strassenweb.de\\\/nachrichten\\\/wp-content\\\/uploads\\\/2025\\\/10\\\/400-Jahre-nach-dem-Aussterben-in-Schottland-wurden-Biber-in.jpg\",\"width\":900,\"height\":600,\"caption\":\"Beavers released in Glen Affric 400 years after extinction in Scotland\"},{\"@type\":\"BreadcrumbList\",\"@id\":\"https:\\\/\\\/www.strassenweb.de\\\/nachrichten\\\/400-jahre-nach-dem-aussterben-in-schottland-wurden-biber-in-glen-affric-freigelassen\\\/#breadcrumb\",\"itemListElement\":[{\"@type\":\"ListItem\",\"position\":1,\"name\":\"Home\",\"item\":\"https:\\\/\\\/www.strassenweb.de\\\/nachrichten\\\/\"},{\"@type\":\"ListItem\",\"position\":2,\"name\":\"400 Jahre nach dem Aussterben in Schottland wurden Biber in Glen Affric freigelassen\"}]},{\"@type\":\"WebSite\",\"@id\":\"https:\\\/\\\/www.strassenweb.de\\\/nachrichten\\\/#website\",\"url\":\"https:\\\/\\\/www.strassenweb.de\\\/nachrichten\\\/\",\"name\":\"Stra\u00dfenweb\",\"description\":\"Stra\u00dfenverzeichnis f\u00fcr Deutschland\",\"publisher\":{\"@id\":\"https:\\\/\\\/www.strassenweb.de\\\/nachrichten\\\/#organization\"},\"potentialAction\":[{\"@type\":\"SearchAction\",\"target\":{\"@type\":\"EntryPoint\",\"urlTemplate\":\"https:\\\/\\\/www.strassenweb.de\\\/nachrichten\\\/?s={search_term_string}\"},\"query-input\":{\"@type\":\"PropertyValueSpecification\",\"valueRequired\":true,\"valueName\":\"search_term_string\"}}],\"inLanguage\":\"de\"},{\"@type\":\"Organization\",\"@id\":\"https:\\\/\\\/www.strassenweb.de\\\/nachrichten\\\/#organization\",\"name\":\"Stra\u00dfenweb\",\"url\":\"https:\\\/\\\/www.strassenweb.de\\\/nachrichten\\\/\",\"logo\":{\"@type\":\"ImageObject\",\"inLanguage\":\"de\",\"@id\":\"https:\\\/\\\/www.strassenweb.de\\\/nachrichten\\\/#\\\/schema\\\/logo\\\/image\\\/\",\"url\":\"https:\\\/\\\/www.strassenweb.de\\\/nachrichten\\\/wp-content\\\/uploads\\\/2024\\\/09\\\/cropped-favicon.png\",\"contentUrl\":\"https:\\\/\\\/www.strassenweb.de\\\/nachrichten\\\/wp-content\\\/uploads\\\/2024\\\/09\\\/cropped-favicon.png\",\"width\":512,\"height\":512,\"caption\":\"Stra\u00dfenweb\"},\"image\":{\"@id\":\"https:\\\/\\\/www.strassenweb.de\\\/nachrichten\\\/#\\\/schema\\\/logo\\\/image\\\/\"},\"sameAs\":[\"https:\\\/\\\/www.facebook.com\\\/strassenweb\\\/\"]},{\"@type\":\"Person\",\"@id\":\"https:\\\/\\\/www.strassenweb.de\\\/nachrichten\\\/#\\\/schema\\\/person\\\/87c9c9067f1211da429a744dc5a5aa41\",\"name\":\"Robert Hoffmann\",\"image\":{\"@type\":\"ImageObject\",\"inLanguage\":\"de\",\"@id\":\"https:\\\/\\\/www.strassenweb.de\\\/nachrichten\\\/wp-content\\\/uploads\\\/2024\\\/09\\\/strassenweb-150x150.jpg\",\"url\":\"https:\\\/\\\/www.strassenweb.de\\\/nachrichten\\\/wp-content\\\/uploads\\\/2024\\\/09\\\/strassenweb-150x150.jpg\",\"contentUrl\":\"https:\\\/\\\/www.strassenweb.de\\\/nachrichten\\\/wp-content\\\/uploads\\\/2024\\\/09\\\/strassenweb-150x150.jpg\",\"caption\":\"Robert Hoffmann\"},\"description\":\"Ich hei\u00dfe Robert Hoffmann und ich bin ein leidenschaftlicher Verfechter von \u00d6kologie und Biodiversit\u00e4t. Seit meiner Kindheit in den W\u00e4ldern Bayerns f\u00fchle ich mich mit der Natur verbunden und bin entschlossen, sie zu sch\u00fctzen. Heute widme ich mein Leben der Sensibilisierung anderer f\u00fcr die Bedeutung des Umweltschutzes f\u00fcr zuk\u00fcnftige Generationen.\",\"sameAs\":[\"https:\\\/\\\/www.strassenweb.de\\\/\"]}]}<\/script>\n<!-- \/ Yoast SEO plugin. -->","yoast_head_json":{"title":"400 Jahre nach dem Aussterben in Schottland wurden Biber in Glen Affric freigelassen - Nachrichten - Stra\u00dfenweb","robots":{"index":"index","follow":"follow","max-snippet":"max-snippet:-1","max-image-preview":"max-image-preview:large","max-video-preview":"max-video-preview:-1"},"canonical":"https:\/\/www.strassenweb.de\/nachrichten\/400-jahre-nach-dem-aussterben-in-schottland-wurden-biber-in-glen-affric-freigelassen\/","og_locale":"de_DE","og_type":"article","og_title":"400 Jahre nach dem Aussterben in Schottland wurden Biber in Glen Affric freigelassen - Nachrichten - Stra\u00dfenweb","og_description":"Eine f\u00fcnfk\u00f6pfige Biberfamilie und ein Biberpaar wurden an zwei Standorten am Loch Beinn a Mheadhoin im Glen Affric National Nature Reserve in den nordwestlichen Highlands","og_url":"https:\/\/www.strassenweb.de\/nachrichten\/400-jahre-nach-dem-aussterben-in-schottland-wurden-biber-in-glen-affric-freigelassen\/","og_site_name":"Stra\u00dfenweb","article_publisher":"https:\/\/www.facebook.com\/strassenweb\/","article_published_time":"2025-10-27T15:39:16+00:00","og_image":[{"width":900,"height":600,"url":"https:\/\/www.strassenweb.de\/nachrichten\/wp-content\/uploads\/2025\/10\/400-Jahre-nach-dem-Aussterben-in-Schottland-wurden-Biber-in.jpg","type":"image\/jpeg"}],"author":"Robert Hoffmann","twitter_card":"summary_large_image","twitter_misc":{"Verfasst von":"Robert Hoffmann","Gesch\u00e4tzte Lesezeit":"4\u00a0Minuten"},"schema":{"@context":"https:\/\/schema.org","@graph":[{"@type":"Article","@id":"https:\/\/www.strassenweb.de\/nachrichten\/400-jahre-nach-dem-aussterben-in-schottland-wurden-biber-in-glen-affric-freigelassen\/#article","isPartOf":{"@id":"https:\/\/www.strassenweb.de\/nachrichten\/400-jahre-nach-dem-aussterben-in-schottland-wurden-biber-in-glen-affric-freigelassen\/"},"author":{"name":"Robert Hoffmann","@id":"https:\/\/www.strassenweb.de\/nachrichten\/#\/schema\/person\/87c9c9067f1211da429a744dc5a5aa41"},"headline":"400 Jahre nach dem Aussterben in Schottland wurden Biber in Glen Affric freigelassen","datePublished":"2025-10-27T15:39:16+00:00","mainEntityOfPage":{"@id":"https:\/\/www.strassenweb.de\/nachrichten\/400-jahre-nach-dem-aussterben-in-schottland-wurden-biber-in-glen-affric-freigelassen\/"},"wordCount":801,"publisher":{"@id":"https:\/\/www.strassenweb.de\/nachrichten\/#organization"},"image":{"@id":"https:\/\/www.strassenweb.de\/nachrichten\/400-jahre-nach-dem-aussterben-in-schottland-wurden-biber-in-glen-affric-freigelassen\/#primaryimage"},"thumbnailUrl":"https:\/\/www.strassenweb.de\/nachrichten\/wp-content\/uploads\/2025\/10\/400-Jahre-nach-dem-Aussterben-in-Schottland-wurden-Biber-in.jpg","keywords":["Affric","Aussterben","Biber","dem","freigelassen","Glen","Jahre","Nach","Schottland","w\u00fcrden"],"articleSection":["\u00d6kologie"],"inLanguage":"de"},{"@type":"WebPage","@id":"https:\/\/www.strassenweb.de\/nachrichten\/400-jahre-nach-dem-aussterben-in-schottland-wurden-biber-in-glen-affric-freigelassen\/","url":"https:\/\/www.strassenweb.de\/nachrichten\/400-jahre-nach-dem-aussterben-in-schottland-wurden-biber-in-glen-affric-freigelassen\/","name":"400 Jahre nach dem Aussterben in Schottland wurden Biber in Glen Affric freigelassen - Nachrichten - Stra\u00dfenweb","isPartOf":{"@id":"https:\/\/www.strassenweb.de\/nachrichten\/#website"},"primaryImageOfPage":{"@id":"https:\/\/www.strassenweb.de\/nachrichten\/400-jahre-nach-dem-aussterben-in-schottland-wurden-biber-in-glen-affric-freigelassen\/#primaryimage"},"image":{"@id":"https:\/\/www.strassenweb.de\/nachrichten\/400-jahre-nach-dem-aussterben-in-schottland-wurden-biber-in-glen-affric-freigelassen\/#primaryimage"},"thumbnailUrl":"https:\/\/www.strassenweb.de\/nachrichten\/wp-content\/uploads\/2025\/10\/400-Jahre-nach-dem-Aussterben-in-Schottland-wurden-Biber-in.jpg","datePublished":"2025-10-27T15:39:16+00:00","breadcrumb":{"@id":"https:\/\/www.strassenweb.de\/nachrichten\/400-jahre-nach-dem-aussterben-in-schottland-wurden-biber-in-glen-affric-freigelassen\/#breadcrumb"},"inLanguage":"de","potentialAction":[{"@type":"ReadAction","target":["https:\/\/www.strassenweb.de\/nachrichten\/400-jahre-nach-dem-aussterben-in-schottland-wurden-biber-in-glen-affric-freigelassen\/"]}]},{"@type":"ImageObject","inLanguage":"de","@id":"https:\/\/www.strassenweb.de\/nachrichten\/400-jahre-nach-dem-aussterben-in-schottland-wurden-biber-in-glen-affric-freigelassen\/#primaryimage","url":"https:\/\/www.strassenweb.de\/nachrichten\/wp-content\/uploads\/2025\/10\/400-Jahre-nach-dem-Aussterben-in-Schottland-wurden-Biber-in.jpg","contentUrl":"https:\/\/www.strassenweb.de\/nachrichten\/wp-content\/uploads\/2025\/10\/400-Jahre-nach-dem-Aussterben-in-Schottland-wurden-Biber-in.jpg","width":900,"height":600,"caption":"Beavers released in Glen Affric 400 years after extinction in Scotland"},{"@type":"BreadcrumbList","@id":"https:\/\/www.strassenweb.de\/nachrichten\/400-jahre-nach-dem-aussterben-in-schottland-wurden-biber-in-glen-affric-freigelassen\/#breadcrumb","itemListElement":[{"@type":"ListItem","position":1,"name":"Home","item":"https:\/\/www.strassenweb.de\/nachrichten\/"},{"@type":"ListItem","position":2,"name":"400 Jahre nach dem Aussterben in Schottland wurden Biber in Glen Affric freigelassen"}]},{"@type":"WebSite","@id":"https:\/\/www.strassenweb.de\/nachrichten\/#website","url":"https:\/\/www.strassenweb.de\/nachrichten\/","name":"Stra\u00dfenweb","description":"Stra\u00dfenverzeichnis f\u00fcr Deutschland","publisher":{"@id":"https:\/\/www.strassenweb.de\/nachrichten\/#organization"},"potentialAction":[{"@type":"SearchAction","target":{"@type":"EntryPoint","urlTemplate":"https:\/\/www.strassenweb.de\/nachrichten\/?s={search_term_string}"},"query-input":{"@type":"PropertyValueSpecification","valueRequired":true,"valueName":"search_term_string"}}],"inLanguage":"de"},{"@type":"Organization","@id":"https:\/\/www.strassenweb.de\/nachrichten\/#organization","name":"Stra\u00dfenweb","url":"https:\/\/www.strassenweb.de\/nachrichten\/","logo":{"@type":"ImageObject","inLanguage":"de","@id":"https:\/\/www.strassenweb.de\/nachrichten\/#\/schema\/logo\/image\/","url":"https:\/\/www.strassenweb.de\/nachrichten\/wp-content\/uploads\/2024\/09\/cropped-favicon.png","contentUrl":"https:\/\/www.strassenweb.de\/nachrichten\/wp-content\/uploads\/2024\/09\/cropped-favicon.png","width":512,"height":512,"caption":"Stra\u00dfenweb"},"image":{"@id":"https:\/\/www.strassenweb.de\/nachrichten\/#\/schema\/logo\/image\/"},"sameAs":["https:\/\/www.facebook.com\/strassenweb\/"]},{"@type":"Person","@id":"https:\/\/www.strassenweb.de\/nachrichten\/#\/schema\/person\/87c9c9067f1211da429a744dc5a5aa41","name":"Robert Hoffmann","image":{"@type":"ImageObject","inLanguage":"de","@id":"https:\/\/www.strassenweb.de\/nachrichten\/wp-content\/uploads\/2024\/09\/strassenweb-150x150.jpg","url":"https:\/\/www.strassenweb.de\/nachrichten\/wp-content\/uploads\/2024\/09\/strassenweb-150x150.jpg","contentUrl":"https:\/\/www.strassenweb.de\/nachrichten\/wp-content\/uploads\/2024\/09\/strassenweb-150x150.jpg","caption":"Robert Hoffmann"},"description":"Ich hei\u00dfe Robert Hoffmann und ich bin ein leidenschaftlicher Verfechter von \u00d6kologie und Biodiversit\u00e4t. Seit meiner Kindheit in den W\u00e4ldern Bayerns f\u00fchle ich mich mit der Natur verbunden und bin entschlossen, sie zu sch\u00fctzen. Heute widme ich mein Leben der Sensibilisierung anderer f\u00fcr die Bedeutung des Umweltschutzes f\u00fcr zuk\u00fcnftige Generationen.","sameAs":["https:\/\/www.strassenweb.de\/"]}]}},"_links":{"self":[{"href":"https:\/\/www.strassenweb.de\/nachrichten\/wp-json\/wp\/v2\/posts\/8813","targetHints":{"allow":["GET"]}}],"collection":[{"href":"https:\/\/www.strassenweb.de\/nachrichten\/wp-json\/wp\/v2\/posts"}],"about":[{"href":"https:\/\/www.strassenweb.de\/nachrichten\/wp-json\/wp\/v2\/types\/post"}],"author":[{"embeddable":true,"href":"https:\/\/www.strassenweb.de\/nachrichten\/wp-json\/wp\/v2\/users\/1"}],"replies":[{"embeddable":true,"href":"https:\/\/www.strassenweb.de\/nachrichten\/wp-json\/wp\/v2\/comments?post=8813"}],"version-history":[{"count":0,"href":"https:\/\/www.strassenweb.de\/nachrichten\/wp-json\/wp\/v2\/posts\/8813\/revisions"}],"wp:featuredmedia":[{"embeddable":true,"href":"https:\/\/www.strassenweb.de\/nachrichten\/wp-json\/wp\/v2\/media\/8814"}],"wp:attachment":[{"href":"https:\/\/www.strassenweb.de\/nachrichten\/wp-json\/wp\/v2\/media?parent=8813"}],"wp:term":[{"taxonomy":"category","embeddable":true,"href":"https:\/\/www.strassenweb.de\/nachrichten\/wp-json\/wp\/v2\/categories?post=8813"},{"taxonomy":"post_tag","embeddable":true,"href":"https:\/\/www.strassenweb.de\/nachrichten\/wp-json\/wp\/v2\/tags?post=8813"}],"curies":[{"name":"wp","href":"https:\/\/api.w.org\/{rel}","templated":true}]}}