{"id":8810,"date":"2025-10-27T15:39:54","date_gmt":"2025-10-27T14:39:54","guid":{"rendered":"https:\/\/www.strassenweb.de\/nachrichten\/ich-habe-nach-einer-pendelleuchte-gesucht-um-einen-gemuetlichen-essbereich-in-meiner-kueche-zu-schaffen-dieses-design-im-vintage-stil-von-wayfair-hat-die-perfekte-groesse-und-kostet-weniger\/"},"modified":"2025-10-27T15:39:55","modified_gmt":"2025-10-27T14:39:55","slug":"ich-habe-nach-einer-pendelleuchte-gesucht-um-einen-gemuetlichen-essbereich-in-meiner-kueche-zu-schaffen-dieses-design-im-vintage-stil-von-wayfair-hat-die-perfekte-groesse-und-kostet-weniger","status":"publish","type":"post","link":"https:\/\/www.strassenweb.de\/nachrichten\/ich-habe-nach-einer-pendelleuchte-gesucht-um-einen-gemuetlichen-essbereich-in-meiner-kueche-zu-schaffen-dieses-design-im-vintage-stil-von-wayfair-hat-die-perfekte-groesse-und-kostet-weniger\/","title":{"rendered":"Ich habe nach einer Pendelleuchte gesucht, um einen gem\u00fctlichen Essbereich in meiner K\u00fcche zu schaffen \u2013 dieses Design im Vintage-Stil von Wayfair hat die perfekte Gr\u00f6\u00dfe und kostet weniger als 63 US-Dollar"},"content":{"rendered":"<p><\/p>\n<div id=\"article-body\" class=\"article__body \">\n<p id=\"2e283501-53ad-457d-bbb6-a9f8a94dacd8\">Es gibt nichts Schickeres als einen gem\u00fctlichen Essbereich in der K\u00fcche. Ich spreche nicht von einem riesigen Tisch f\u00fcr zehn Personen mit einem dekadenten Mittelst\u00fcck, sondern von einer kleinen, intimen Ecke.<\/p>\n<div id=\"ad-unit-1\" class=\"ad-unit\"><\/div>\n<p>Diese charmanten Essbereiche sind ein gro\u00dfer K\u00fcchentrend f\u00fcr 2026 und einer, den ich gerne in meinem eigenen Zuhause einf\u00fchre. Aber wenn es ein Element gibt, bei dem ich Schwierigkeiten habe, es zu finden, dann ist es die Beleuchtung.<\/p>\n<p class=\"paywall\" aria-hidden=\"true\">Bis ich auf Wayfair auf diese 1-flammige Pendelleuchte Modern Farmhouse\u00ae im Vintage-Stil von Laurel Foundry stie\u00df. Es ist klein in der Gr\u00f6\u00dfe, aber riesig im Stil \u2013 und es ist der letzte Schliff, der meinem Essbereich fehlt. Mit einer Ersparnis von \u00fcber 65 US-Dollar im Wayfair-Sale werde ich es mir schnappen, bevor es ausverkauft ist. Und das sollten Sie auch.<\/p>\n<div class=\"van_vid_carousel\">\n<div class=\"van_vid_carousel__padding\">\n<div class=\"van_vid_carousel__container\"><\/div>\n<\/div>\n<\/div>\n<figure class=\"van-image-figure inline-layout \" data-bordeaux-image-check id=\"bd7e0129-3135-4483-9244-229527a84df4\">\n<div class=\"image-full-width-wrapper\">\n<div class=\"image-widthsetter\" style=\"max-width:2000px;\"><\/div>\n<\/div>\n<\/figure>\n<p id=\"69898c53-0be5-4aaf-8686-8a73aa70ed0c\">Es ist nicht immer einfach, in Ihrer K\u00fcche ein Gef\u00fchl von Gem\u00fctlichkeit zu schaffen, insbesondere in der N\u00e4he eines kleinen Essbereichs. K\u00fcchenbeleuchtung spielt eine wichtige Rolle bei der Gestaltung eines charmanten Essbereichs, daher habe ich mich von meinen Lieblings-Innenarchitekten inspirieren lassen.<\/p>\n<div id=\"ad-unit-2\" class=\"ad-unit\"><\/div>\n<aside data-block-type=\"embed\" data-render-type=\"fte\" data-skip=\"dealsy\" data-widget-type=\"seasonal\" class=\"hawk-root\"><\/aside>\n<p id=\"69898c53-0be5-4aaf-8686-8a73aa70ed0c-1\">Und eines haben all ihre Designs f\u00fcr den Essbereich gemeinsam: die Pendelbeleuchtung \u2013 eine einzelne Leuchte, die \u00fcber dem Tisch aufgeh\u00e4ngt wird, um gezieltes Licht zu erzeugen, eine gem\u00fctlichere Atmosph\u00e4re zu schaffen und eine klarer definierte Zone innerhalb einer gr\u00f6\u00dferen K\u00fcche zu schaffen.<\/p>\n<p>Und dieses Design im Vintage-Stil trifft wirklich ins Schwarze.<\/p>\n<p>Es besteht aus Metall mit h\u00fcbschem Wellenschliff und ist die perfekte Balance zwischen Zeitlosigkeit und Verspieltheit. Ich liebe auch die Mischung aus Schwarz und Messing \u2013 sie verleiht einem Essbereich eine stimmungsvolle Dramatik, ohne zu industriell zu wirken.<\/p>\n<div id=\"slice-container-newsletterForm-articleInbodyContent-gvKjw632WYJwhR3oE52cb6\" class=\"slice-container newsletter-inbodyContent-slice newsletterForm-articleInbodyContent-gvKjw632WYJwhR3oE52cb6 slice-container-newsletterForm\"><\/div>\n<p>Aber was am meisten gef\u00e4llt, ist seine Gr\u00f6\u00dfe \u2013 es gibt eine Zeit und einen Ort, um eine \u00fcbergro\u00dfe Pendelleuchte aufzuh\u00e4ngen, aber die zierliche Gr\u00f6\u00dfe dieser Pendelleuchte eignet sich perfekt f\u00fcr einen kleinen Essbereich und sorgt f\u00fcr eine gem\u00fctliche Atmosph\u00e4re, ohne dass ein kleiner Raum unausgeglichen wirkt.<\/p>\n<div class=\"product-container horizontal-product-container\">\n<div class=\"product-block-row\"><\/div>\n<\/div>\n<p id=\"e3d71ba6-8656-4ef7-b658-3ab1b61d48c9\">Es ist immer ein willkommener Bonus, wenn eine Leuchte mit einer Gl\u00fchbirne geliefert wird, und diese hier ist auch dabei. Die LED-Gl\u00fchbirne im Vintage-Stil hat eine Helligkeit von 420 lm und eine Farbtemperatur von 2.700 Kelvin, perfekt f\u00fcr den Essbereich in der K\u00fcche.<\/p>\n<p>Und sie ist derzeit im Wayfair-Sale im Angebot, also ist jetzt die perfekte Gelegenheit, eine stilvolle Leuchte zu einem Bruchteil des Preises zu ergattern \u2013 um genau zu sein \u00fcber 50 % Rabatt.<\/p>\n<p>Egal, ob Sie einen gem\u00fctlichen Essbereich schaffen oder Ihre vorhandenen K\u00fcchenpendelleuchten \u00fcber einer Kochinsel oder Arbeitsplatten auffrischen m\u00f6chten, diese Pendelleuchte ist die perfekte Balance aus zeitlosem Stil, verspieltem Design und funktionaler Beleuchtung.<\/p>\n<p>Und es ist nicht die einzige schicke Pendelleuchte im Angebot. Hier sind ein paar andere Designs, die etwas anders, aber genauso stilvoll sind.<\/p>\n<div class=\"product-container hero-product-container product-block-no-wrap\">\n<div class=\"product-block-row\"><\/div>\n<div class=\"product-block-row\"><\/div>\n<div class=\"product-block-row\"><\/div>\n<\/div>\n<hr id=\"001635e5-ad7c-406d-a0db-7cc36a7ff568\">\n<p id=\"a9d8ff40-bbe6-4c00-8aba-16c729ac8866\">Erschwinglich, Vintage-inspiriert und eine schicke Erg\u00e4nzung f\u00fcr einen gem\u00fctlichen Essbereich \u2013 ich bin total besessen von dieser Pendelleuchte. Es ist die perfekte Balance zwischen Klassik und Verspieltheit, also ein gro\u00dfartiges Beispiel f\u00fcr \u201eEinmal kaufen, gut kaufen\u201c.<\/p>\n<div class=\"block\" id=\"articleTag\" data-component-name=\"PostArticleLinks\">\n<div class=\"border-b border-b-black border-solid py-2.5 text-black font-bold uppercase\">THEMEN<\/div>\n<nav class=\"py-2.5 flex gap-2.5 flex-wrap\" data-analytics-id=\"article-tag\">\n<p>Wayfair<\/p>\n<\/nav>\n<\/div>\n<\/div>\n","protected":false},"excerpt":{"rendered":"<p>Es gibt nichts Schickeres als einen gem\u00fctlichen Essbereich in der K\u00fcche. Ich spreche nicht von einem riesigen Tisch f\u00fcr zehn Personen mit einem dekadenten Mittelst\u00fcck,<\/p>\n","protected":false},"author":1,"featured_media":8811,"comment_status":"closed","ping_status":"","sticky":false,"template":"","format":"standard","meta":{"footnotes":""},"categories":[118],"tags":[935,679,9,531,166,303,11151,1743,6912,358,823,189,129,1474,468,1666,341,11150,2188,215,37,1038,4578,21,5229,648],"class_list":["post-8810","post","type-post","status-publish","format-standard","has-post-thumbnail","hentry","category-haus-garten","tag-als","tag-design","tag-die","tag-dieses","tag-einen","tag-einer","tag-essbereich","tag-gemuetlichen","tag-gesucht","tag-grosse","tag-habe","tag-hat","tag-ich","tag-kostet","tag-kueche","tag-meiner","tag-nach","tag-pendelleuchte","tag-perfekte","tag-schaffen","tag-und","tag-usdollar","tag-vintagestil","tag-von","tag-wayfair","tag-weniger","generate-columns","tablet-grid-50","mobile-grid-100","grid-parent","grid-50"],"yoast_head":"<!-- This site is optimized with the Yoast SEO plugin v27.3 - https:\/\/yoast.com\/product\/yoast-seo-wordpress\/ -->\n<title>Ich habe nach einer Pendelleuchte gesucht, um einen gem\u00fctlichen Essbereich in meiner K\u00fcche zu schaffen \u2013 dieses Design im Vintage-Stil von Wayfair hat die perfekte Gr\u00f6\u00dfe und kostet weniger als 63 US-Dollar - Nachrichten - Stra\u00dfenweb<\/title>\n<meta name=\"robots\" content=\"index, follow, max-snippet:-1, max-image-preview:large, max-video-preview:-1\" \/>\n<link rel=\"canonical\" href=\"https:\/\/www.strassenweb.de\/nachrichten\/ich-habe-nach-einer-pendelleuchte-gesucht-um-einen-gemuetlichen-essbereich-in-meiner-kueche-zu-schaffen-dieses-design-im-vintage-stil-von-wayfair-hat-die-perfekte-groesse-und-kostet-weniger\/\" \/>\n<meta property=\"og:locale\" content=\"de_DE\" \/>\n<meta property=\"og:type\" content=\"article\" \/>\n<meta property=\"og:title\" content=\"Ich habe nach einer Pendelleuchte gesucht, um einen gem\u00fctlichen Essbereich in meiner K\u00fcche zu schaffen \u2013 dieses Design im Vintage-Stil von Wayfair hat die perfekte Gr\u00f6\u00dfe und kostet weniger als 63 US-Dollar - Nachrichten - Stra\u00dfenweb\" \/>\n<meta property=\"og:description\" content=\"Es gibt nichts Schickeres als einen gem\u00fctlichen Essbereich in der K\u00fcche. Ich spreche nicht von einem riesigen Tisch f\u00fcr zehn Personen mit einem dekadenten Mittelst\u00fcck,\" \/>\n<meta property=\"og:url\" content=\"https:\/\/www.strassenweb.de\/nachrichten\/ich-habe-nach-einer-pendelleuchte-gesucht-um-einen-gemuetlichen-essbereich-in-meiner-kueche-zu-schaffen-dieses-design-im-vintage-stil-von-wayfair-hat-die-perfekte-groesse-und-kostet-weniger\/\" \/>\n<meta property=\"og:site_name\" content=\"Stra\u00dfenweb\" \/>\n<meta property=\"article:publisher\" content=\"https:\/\/www.facebook.com\/strassenweb\/\" \/>\n<meta property=\"article:published_time\" content=\"2025-10-27T14:39:54+00:00\" \/>\n<meta property=\"article:modified_time\" content=\"2025-10-27T14:39:55+00:00\" \/>\n<meta property=\"og:image\" content=\"https:\/\/www.strassenweb.de\/nachrichten\/wp-content\/uploads\/2025\/10\/Ich-habe-nach-einer-Pendelleuchte-gesucht-um-einen-gemuetlichen-Essbereich.jpg\" \/>\n\t<meta property=\"og:image:width\" content=\"1600\" \/>\n\t<meta property=\"og:image:height\" content=\"900\" \/>\n\t<meta property=\"og:image:type\" content=\"image\/jpeg\" \/>\n<meta name=\"author\" content=\"Robert Hoffmann\" \/>\n<meta name=\"twitter:card\" content=\"summary_large_image\" \/>\n<meta name=\"twitter:label1\" content=\"Verfasst von\" \/>\n\t<meta name=\"twitter:data1\" content=\"Robert Hoffmann\" \/>\n\t<meta name=\"twitter:label2\" content=\"Gesch\u00e4tzte Lesezeit\" \/>\n\t<meta name=\"twitter:data2\" content=\"3\u00a0Minuten\" \/>\n<script type=\"application\/ld+json\" class=\"yoast-schema-graph\">{\"@context\":\"https:\\\/\\\/schema.org\",\"@graph\":[{\"@type\":\"Article\",\"@id\":\"https:\\\/\\\/www.strassenweb.de\\\/nachrichten\\\/ich-habe-nach-einer-pendelleuchte-gesucht-um-einen-gemuetlichen-essbereich-in-meiner-kueche-zu-schaffen-dieses-design-im-vintage-stil-von-wayfair-hat-die-perfekte-groesse-und-kostet-weniger\\\/#article\",\"isPartOf\":{\"@id\":\"https:\\\/\\\/www.strassenweb.de\\\/nachrichten\\\/ich-habe-nach-einer-pendelleuchte-gesucht-um-einen-gemuetlichen-essbereich-in-meiner-kueche-zu-schaffen-dieses-design-im-vintage-stil-von-wayfair-hat-die-perfekte-groesse-und-kostet-weniger\\\/\"},\"author\":{\"name\":\"Robert Hoffmann\",\"@id\":\"https:\\\/\\\/www.strassenweb.de\\\/nachrichten\\\/#\\\/schema\\\/person\\\/87c9c9067f1211da429a744dc5a5aa41\"},\"headline\":\"Ich habe nach einer Pendelleuchte gesucht, um einen gem\u00fctlichen Essbereich in meiner K\u00fcche zu schaffen \u2013 dieses Design im Vintage-Stil von Wayfair hat die perfekte Gr\u00f6\u00dfe und kostet weniger als 63 US-Dollar\",\"datePublished\":\"2025-10-27T14:39:54+00:00\",\"dateModified\":\"2025-10-27T14:39:55+00:00\",\"mainEntityOfPage\":{\"@id\":\"https:\\\/\\\/www.strassenweb.de\\\/nachrichten\\\/ich-habe-nach-einer-pendelleuchte-gesucht-um-einen-gemuetlichen-essbereich-in-meiner-kueche-zu-schaffen-dieses-design-im-vintage-stil-von-wayfair-hat-die-perfekte-groesse-und-kostet-weniger\\\/\"},\"wordCount\":539,\"publisher\":{\"@id\":\"https:\\\/\\\/www.strassenweb.de\\\/nachrichten\\\/#organization\"},\"image\":{\"@id\":\"https:\\\/\\\/www.strassenweb.de\\\/nachrichten\\\/ich-habe-nach-einer-pendelleuchte-gesucht-um-einen-gemuetlichen-essbereich-in-meiner-kueche-zu-schaffen-dieses-design-im-vintage-stil-von-wayfair-hat-die-perfekte-groesse-und-kostet-weniger\\\/#primaryimage\"},\"thumbnailUrl\":\"https:\\\/\\\/www.strassenweb.de\\\/nachrichten\\\/wp-content\\\/uploads\\\/2025\\\/10\\\/Ich-habe-nach-einer-Pendelleuchte-gesucht-um-einen-gemuetlichen-Essbereich.jpg\",\"keywords\":[\"als\",\"Design\",\"die\",\"dieses\",\"einen\",\"einer\",\"Essbereich\",\"gem\u00fctlichen\",\"gesucht\",\"gro\u00dfe\",\"habe\",\"hat\",\"ich\",\"kostet\",\"K\u00fcche\",\"meiner\",\"Nach\",\"Pendelleuchte\",\"perfekte\",\"schaffen\",\"und\",\"USDollar\",\"VintageStil\",\"von\",\"Wayfair\",\"weniger\"],\"articleSection\":[\"Haus &amp; Garten\"],\"inLanguage\":\"de\"},{\"@type\":\"WebPage\",\"@id\":\"https:\\\/\\\/www.strassenweb.de\\\/nachrichten\\\/ich-habe-nach-einer-pendelleuchte-gesucht-um-einen-gemuetlichen-essbereich-in-meiner-kueche-zu-schaffen-dieses-design-im-vintage-stil-von-wayfair-hat-die-perfekte-groesse-und-kostet-weniger\\\/\",\"url\":\"https:\\\/\\\/www.strassenweb.de\\\/nachrichten\\\/ich-habe-nach-einer-pendelleuchte-gesucht-um-einen-gemuetlichen-essbereich-in-meiner-kueche-zu-schaffen-dieses-design-im-vintage-stil-von-wayfair-hat-die-perfekte-groesse-und-kostet-weniger\\\/\",\"name\":\"Ich habe nach einer Pendelleuchte gesucht, um einen gem\u00fctlichen Essbereich in meiner K\u00fcche zu schaffen \u2013 dieses Design im Vintage-Stil von Wayfair hat die perfekte Gr\u00f6\u00dfe und kostet weniger als 63 US-Dollar - Nachrichten - Stra\u00dfenweb\",\"isPartOf\":{\"@id\":\"https:\\\/\\\/www.strassenweb.de\\\/nachrichten\\\/#website\"},\"primaryImageOfPage\":{\"@id\":\"https:\\\/\\\/www.strassenweb.de\\\/nachrichten\\\/ich-habe-nach-einer-pendelleuchte-gesucht-um-einen-gemuetlichen-essbereich-in-meiner-kueche-zu-schaffen-dieses-design-im-vintage-stil-von-wayfair-hat-die-perfekte-groesse-und-kostet-weniger\\\/#primaryimage\"},\"image\":{\"@id\":\"https:\\\/\\\/www.strassenweb.de\\\/nachrichten\\\/ich-habe-nach-einer-pendelleuchte-gesucht-um-einen-gemuetlichen-essbereich-in-meiner-kueche-zu-schaffen-dieses-design-im-vintage-stil-von-wayfair-hat-die-perfekte-groesse-und-kostet-weniger\\\/#primaryimage\"},\"thumbnailUrl\":\"https:\\\/\\\/www.strassenweb.de\\\/nachrichten\\\/wp-content\\\/uploads\\\/2025\\\/10\\\/Ich-habe-nach-einer-Pendelleuchte-gesucht-um-einen-gemuetlichen-Essbereich.jpg\",\"datePublished\":\"2025-10-27T14:39:54+00:00\",\"dateModified\":\"2025-10-27T14:39:55+00:00\",\"breadcrumb\":{\"@id\":\"https:\\\/\\\/www.strassenweb.de\\\/nachrichten\\\/ich-habe-nach-einer-pendelleuchte-gesucht-um-einen-gemuetlichen-essbereich-in-meiner-kueche-zu-schaffen-dieses-design-im-vintage-stil-von-wayfair-hat-die-perfekte-groesse-und-kostet-weniger\\\/#breadcrumb\"},\"inLanguage\":\"de\",\"potentialAction\":[{\"@type\":\"ReadAction\",\"target\":[\"https:\\\/\\\/www.strassenweb.de\\\/nachrichten\\\/ich-habe-nach-einer-pendelleuchte-gesucht-um-einen-gemuetlichen-essbereich-in-meiner-kueche-zu-schaffen-dieses-design-im-vintage-stil-von-wayfair-hat-die-perfekte-groesse-und-kostet-weniger\\\/\"]}]},{\"@type\":\"ImageObject\",\"inLanguage\":\"de\",\"@id\":\"https:\\\/\\\/www.strassenweb.de\\\/nachrichten\\\/ich-habe-nach-einer-pendelleuchte-gesucht-um-einen-gemuetlichen-essbereich-in-meiner-kueche-zu-schaffen-dieses-design-im-vintage-stil-von-wayfair-hat-die-perfekte-groesse-und-kostet-weniger\\\/#primaryimage\",\"url\":\"https:\\\/\\\/www.strassenweb.de\\\/nachrichten\\\/wp-content\\\/uploads\\\/2025\\\/10\\\/Ich-habe-nach-einer-Pendelleuchte-gesucht-um-einen-gemuetlichen-Essbereich.jpg\",\"contentUrl\":\"https:\\\/\\\/www.strassenweb.de\\\/nachrichten\\\/wp-content\\\/uploads\\\/2025\\\/10\\\/Ich-habe-nach-einer-Pendelleuchte-gesucht-um-einen-gemuetlichen-Essbereich.jpg\",\"width\":1600,\"height\":900,\"caption\":\"Wayfair sale pendant light\"},{\"@type\":\"BreadcrumbList\",\"@id\":\"https:\\\/\\\/www.strassenweb.de\\\/nachrichten\\\/ich-habe-nach-einer-pendelleuchte-gesucht-um-einen-gemuetlichen-essbereich-in-meiner-kueche-zu-schaffen-dieses-design-im-vintage-stil-von-wayfair-hat-die-perfekte-groesse-und-kostet-weniger\\\/#breadcrumb\",\"itemListElement\":[{\"@type\":\"ListItem\",\"position\":1,\"name\":\"Home\",\"item\":\"https:\\\/\\\/www.strassenweb.de\\\/nachrichten\\\/\"},{\"@type\":\"ListItem\",\"position\":2,\"name\":\"Ich habe nach einer Pendelleuchte gesucht, um einen gem\u00fctlichen Essbereich in meiner K\u00fcche zu schaffen \u2013 dieses Design im Vintage-Stil von Wayfair hat die perfekte Gr\u00f6\u00dfe und kostet weniger als 63 US-Dollar\"}]},{\"@type\":\"WebSite\",\"@id\":\"https:\\\/\\\/www.strassenweb.de\\\/nachrichten\\\/#website\",\"url\":\"https:\\\/\\\/www.strassenweb.de\\\/nachrichten\\\/\",\"name\":\"Stra\u00dfenweb\",\"description\":\"Stra\u00dfenverzeichnis f\u00fcr Deutschland\",\"publisher\":{\"@id\":\"https:\\\/\\\/www.strassenweb.de\\\/nachrichten\\\/#organization\"},\"potentialAction\":[{\"@type\":\"SearchAction\",\"target\":{\"@type\":\"EntryPoint\",\"urlTemplate\":\"https:\\\/\\\/www.strassenweb.de\\\/nachrichten\\\/?s={search_term_string}\"},\"query-input\":{\"@type\":\"PropertyValueSpecification\",\"valueRequired\":true,\"valueName\":\"search_term_string\"}}],\"inLanguage\":\"de\"},{\"@type\":\"Organization\",\"@id\":\"https:\\\/\\\/www.strassenweb.de\\\/nachrichten\\\/#organization\",\"name\":\"Stra\u00dfenweb\",\"url\":\"https:\\\/\\\/www.strassenweb.de\\\/nachrichten\\\/\",\"logo\":{\"@type\":\"ImageObject\",\"inLanguage\":\"de\",\"@id\":\"https:\\\/\\\/www.strassenweb.de\\\/nachrichten\\\/#\\\/schema\\\/logo\\\/image\\\/\",\"url\":\"https:\\\/\\\/www.strassenweb.de\\\/nachrichten\\\/wp-content\\\/uploads\\\/2024\\\/09\\\/cropped-favicon.png\",\"contentUrl\":\"https:\\\/\\\/www.strassenweb.de\\\/nachrichten\\\/wp-content\\\/uploads\\\/2024\\\/09\\\/cropped-favicon.png\",\"width\":512,\"height\":512,\"caption\":\"Stra\u00dfenweb\"},\"image\":{\"@id\":\"https:\\\/\\\/www.strassenweb.de\\\/nachrichten\\\/#\\\/schema\\\/logo\\\/image\\\/\"},\"sameAs\":[\"https:\\\/\\\/www.facebook.com\\\/strassenweb\\\/\"]},{\"@type\":\"Person\",\"@id\":\"https:\\\/\\\/www.strassenweb.de\\\/nachrichten\\\/#\\\/schema\\\/person\\\/87c9c9067f1211da429a744dc5a5aa41\",\"name\":\"Robert Hoffmann\",\"image\":{\"@type\":\"ImageObject\",\"inLanguage\":\"de\",\"@id\":\"https:\\\/\\\/www.strassenweb.de\\\/nachrichten\\\/wp-content\\\/uploads\\\/2024\\\/09\\\/strassenweb-150x150.jpg\",\"url\":\"https:\\\/\\\/www.strassenweb.de\\\/nachrichten\\\/wp-content\\\/uploads\\\/2024\\\/09\\\/strassenweb-150x150.jpg\",\"contentUrl\":\"https:\\\/\\\/www.strassenweb.de\\\/nachrichten\\\/wp-content\\\/uploads\\\/2024\\\/09\\\/strassenweb-150x150.jpg\",\"caption\":\"Robert Hoffmann\"},\"description\":\"Ich hei\u00dfe Robert Hoffmann und ich bin ein leidenschaftlicher Verfechter von \u00d6kologie und Biodiversit\u00e4t. Seit meiner Kindheit in den W\u00e4ldern Bayerns f\u00fchle ich mich mit der Natur verbunden und bin entschlossen, sie zu sch\u00fctzen. Heute widme ich mein Leben der Sensibilisierung anderer f\u00fcr die Bedeutung des Umweltschutzes f\u00fcr zuk\u00fcnftige Generationen.\",\"sameAs\":[\"https:\\\/\\\/www.strassenweb.de\\\/\"]}]}<\/script>\n<!-- \/ Yoast SEO plugin. -->","yoast_head_json":{"title":"Ich habe nach einer Pendelleuchte gesucht, um einen gem\u00fctlichen Essbereich in meiner K\u00fcche zu schaffen \u2013 dieses Design im Vintage-Stil von Wayfair hat die perfekte Gr\u00f6\u00dfe und kostet weniger als 63 US-Dollar - Nachrichten - Stra\u00dfenweb","robots":{"index":"index","follow":"follow","max-snippet":"max-snippet:-1","max-image-preview":"max-image-preview:large","max-video-preview":"max-video-preview:-1"},"canonical":"https:\/\/www.strassenweb.de\/nachrichten\/ich-habe-nach-einer-pendelleuchte-gesucht-um-einen-gemuetlichen-essbereich-in-meiner-kueche-zu-schaffen-dieses-design-im-vintage-stil-von-wayfair-hat-die-perfekte-groesse-und-kostet-weniger\/","og_locale":"de_DE","og_type":"article","og_title":"Ich habe nach einer Pendelleuchte gesucht, um einen gem\u00fctlichen Essbereich in meiner K\u00fcche zu schaffen \u2013 dieses Design im Vintage-Stil von Wayfair hat die perfekte Gr\u00f6\u00dfe und kostet weniger als 63 US-Dollar - Nachrichten - Stra\u00dfenweb","og_description":"Es gibt nichts Schickeres als einen gem\u00fctlichen Essbereich in der K\u00fcche. Ich spreche nicht von einem riesigen Tisch f\u00fcr zehn Personen mit einem dekadenten Mittelst\u00fcck,","og_url":"https:\/\/www.strassenweb.de\/nachrichten\/ich-habe-nach-einer-pendelleuchte-gesucht-um-einen-gemuetlichen-essbereich-in-meiner-kueche-zu-schaffen-dieses-design-im-vintage-stil-von-wayfair-hat-die-perfekte-groesse-und-kostet-weniger\/","og_site_name":"Stra\u00dfenweb","article_publisher":"https:\/\/www.facebook.com\/strassenweb\/","article_published_time":"2025-10-27T14:39:54+00:00","article_modified_time":"2025-10-27T14:39:55+00:00","og_image":[{"width":1600,"height":900,"url":"https:\/\/www.strassenweb.de\/nachrichten\/wp-content\/uploads\/2025\/10\/Ich-habe-nach-einer-Pendelleuchte-gesucht-um-einen-gemuetlichen-Essbereich.jpg","type":"image\/jpeg"}],"author":"Robert Hoffmann","twitter_card":"summary_large_image","twitter_misc":{"Verfasst von":"Robert Hoffmann","Gesch\u00e4tzte Lesezeit":"3\u00a0Minuten"},"schema":{"@context":"https:\/\/schema.org","@graph":[{"@type":"Article","@id":"https:\/\/www.strassenweb.de\/nachrichten\/ich-habe-nach-einer-pendelleuchte-gesucht-um-einen-gemuetlichen-essbereich-in-meiner-kueche-zu-schaffen-dieses-design-im-vintage-stil-von-wayfair-hat-die-perfekte-groesse-und-kostet-weniger\/#article","isPartOf":{"@id":"https:\/\/www.strassenweb.de\/nachrichten\/ich-habe-nach-einer-pendelleuchte-gesucht-um-einen-gemuetlichen-essbereich-in-meiner-kueche-zu-schaffen-dieses-design-im-vintage-stil-von-wayfair-hat-die-perfekte-groesse-und-kostet-weniger\/"},"author":{"name":"Robert Hoffmann","@id":"https:\/\/www.strassenweb.de\/nachrichten\/#\/schema\/person\/87c9c9067f1211da429a744dc5a5aa41"},"headline":"Ich habe nach einer Pendelleuchte gesucht, um einen gem\u00fctlichen Essbereich in meiner K\u00fcche zu schaffen \u2013 dieses Design im Vintage-Stil von Wayfair hat die perfekte Gr\u00f6\u00dfe und kostet weniger als 63 US-Dollar","datePublished":"2025-10-27T14:39:54+00:00","dateModified":"2025-10-27T14:39:55+00:00","mainEntityOfPage":{"@id":"https:\/\/www.strassenweb.de\/nachrichten\/ich-habe-nach-einer-pendelleuchte-gesucht-um-einen-gemuetlichen-essbereich-in-meiner-kueche-zu-schaffen-dieses-design-im-vintage-stil-von-wayfair-hat-die-perfekte-groesse-und-kostet-weniger\/"},"wordCount":539,"publisher":{"@id":"https:\/\/www.strassenweb.de\/nachrichten\/#organization"},"image":{"@id":"https:\/\/www.strassenweb.de\/nachrichten\/ich-habe-nach-einer-pendelleuchte-gesucht-um-einen-gemuetlichen-essbereich-in-meiner-kueche-zu-schaffen-dieses-design-im-vintage-stil-von-wayfair-hat-die-perfekte-groesse-und-kostet-weniger\/#primaryimage"},"thumbnailUrl":"https:\/\/www.strassenweb.de\/nachrichten\/wp-content\/uploads\/2025\/10\/Ich-habe-nach-einer-Pendelleuchte-gesucht-um-einen-gemuetlichen-Essbereich.jpg","keywords":["als","Design","die","dieses","einen","einer","Essbereich","gem\u00fctlichen","gesucht","gro\u00dfe","habe","hat","ich","kostet","K\u00fcche","meiner","Nach","Pendelleuchte","perfekte","schaffen","und","USDollar","VintageStil","von","Wayfair","weniger"],"articleSection":["Haus &amp; Garten"],"inLanguage":"de"},{"@type":"WebPage","@id":"https:\/\/www.strassenweb.de\/nachrichten\/ich-habe-nach-einer-pendelleuchte-gesucht-um-einen-gemuetlichen-essbereich-in-meiner-kueche-zu-schaffen-dieses-design-im-vintage-stil-von-wayfair-hat-die-perfekte-groesse-und-kostet-weniger\/","url":"https:\/\/www.strassenweb.de\/nachrichten\/ich-habe-nach-einer-pendelleuchte-gesucht-um-einen-gemuetlichen-essbereich-in-meiner-kueche-zu-schaffen-dieses-design-im-vintage-stil-von-wayfair-hat-die-perfekte-groesse-und-kostet-weniger\/","name":"Ich habe nach einer Pendelleuchte gesucht, um einen gem\u00fctlichen Essbereich in meiner K\u00fcche zu schaffen \u2013 dieses Design im Vintage-Stil von Wayfair hat die perfekte Gr\u00f6\u00dfe und kostet weniger als 63 US-Dollar - Nachrichten - Stra\u00dfenweb","isPartOf":{"@id":"https:\/\/www.strassenweb.de\/nachrichten\/#website"},"primaryImageOfPage":{"@id":"https:\/\/www.strassenweb.de\/nachrichten\/ich-habe-nach-einer-pendelleuchte-gesucht-um-einen-gemuetlichen-essbereich-in-meiner-kueche-zu-schaffen-dieses-design-im-vintage-stil-von-wayfair-hat-die-perfekte-groesse-und-kostet-weniger\/#primaryimage"},"image":{"@id":"https:\/\/www.strassenweb.de\/nachrichten\/ich-habe-nach-einer-pendelleuchte-gesucht-um-einen-gemuetlichen-essbereich-in-meiner-kueche-zu-schaffen-dieses-design-im-vintage-stil-von-wayfair-hat-die-perfekte-groesse-und-kostet-weniger\/#primaryimage"},"thumbnailUrl":"https:\/\/www.strassenweb.de\/nachrichten\/wp-content\/uploads\/2025\/10\/Ich-habe-nach-einer-Pendelleuchte-gesucht-um-einen-gemuetlichen-Essbereich.jpg","datePublished":"2025-10-27T14:39:54+00:00","dateModified":"2025-10-27T14:39:55+00:00","breadcrumb":{"@id":"https:\/\/www.strassenweb.de\/nachrichten\/ich-habe-nach-einer-pendelleuchte-gesucht-um-einen-gemuetlichen-essbereich-in-meiner-kueche-zu-schaffen-dieses-design-im-vintage-stil-von-wayfair-hat-die-perfekte-groesse-und-kostet-weniger\/#breadcrumb"},"inLanguage":"de","potentialAction":[{"@type":"ReadAction","target":["https:\/\/www.strassenweb.de\/nachrichten\/ich-habe-nach-einer-pendelleuchte-gesucht-um-einen-gemuetlichen-essbereich-in-meiner-kueche-zu-schaffen-dieses-design-im-vintage-stil-von-wayfair-hat-die-perfekte-groesse-und-kostet-weniger\/"]}]},{"@type":"ImageObject","inLanguage":"de","@id":"https:\/\/www.strassenweb.de\/nachrichten\/ich-habe-nach-einer-pendelleuchte-gesucht-um-einen-gemuetlichen-essbereich-in-meiner-kueche-zu-schaffen-dieses-design-im-vintage-stil-von-wayfair-hat-die-perfekte-groesse-und-kostet-weniger\/#primaryimage","url":"https:\/\/www.strassenweb.de\/nachrichten\/wp-content\/uploads\/2025\/10\/Ich-habe-nach-einer-Pendelleuchte-gesucht-um-einen-gemuetlichen-Essbereich.jpg","contentUrl":"https:\/\/www.strassenweb.de\/nachrichten\/wp-content\/uploads\/2025\/10\/Ich-habe-nach-einer-Pendelleuchte-gesucht-um-einen-gemuetlichen-Essbereich.jpg","width":1600,"height":900,"caption":"Wayfair sale pendant light"},{"@type":"BreadcrumbList","@id":"https:\/\/www.strassenweb.de\/nachrichten\/ich-habe-nach-einer-pendelleuchte-gesucht-um-einen-gemuetlichen-essbereich-in-meiner-kueche-zu-schaffen-dieses-design-im-vintage-stil-von-wayfair-hat-die-perfekte-groesse-und-kostet-weniger\/#breadcrumb","itemListElement":[{"@type":"ListItem","position":1,"name":"Home","item":"https:\/\/www.strassenweb.de\/nachrichten\/"},{"@type":"ListItem","position":2,"name":"Ich habe nach einer Pendelleuchte gesucht, um einen gem\u00fctlichen Essbereich in meiner K\u00fcche zu schaffen \u2013 dieses Design im Vintage-Stil von Wayfair hat die perfekte Gr\u00f6\u00dfe und kostet weniger als 63 US-Dollar"}]},{"@type":"WebSite","@id":"https:\/\/www.strassenweb.de\/nachrichten\/#website","url":"https:\/\/www.strassenweb.de\/nachrichten\/","name":"Stra\u00dfenweb","description":"Stra\u00dfenverzeichnis f\u00fcr Deutschland","publisher":{"@id":"https:\/\/www.strassenweb.de\/nachrichten\/#organization"},"potentialAction":[{"@type":"SearchAction","target":{"@type":"EntryPoint","urlTemplate":"https:\/\/www.strassenweb.de\/nachrichten\/?s={search_term_string}"},"query-input":{"@type":"PropertyValueSpecification","valueRequired":true,"valueName":"search_term_string"}}],"inLanguage":"de"},{"@type":"Organization","@id":"https:\/\/www.strassenweb.de\/nachrichten\/#organization","name":"Stra\u00dfenweb","url":"https:\/\/www.strassenweb.de\/nachrichten\/","logo":{"@type":"ImageObject","inLanguage":"de","@id":"https:\/\/www.strassenweb.de\/nachrichten\/#\/schema\/logo\/image\/","url":"https:\/\/www.strassenweb.de\/nachrichten\/wp-content\/uploads\/2024\/09\/cropped-favicon.png","contentUrl":"https:\/\/www.strassenweb.de\/nachrichten\/wp-content\/uploads\/2024\/09\/cropped-favicon.png","width":512,"height":512,"caption":"Stra\u00dfenweb"},"image":{"@id":"https:\/\/www.strassenweb.de\/nachrichten\/#\/schema\/logo\/image\/"},"sameAs":["https:\/\/www.facebook.com\/strassenweb\/"]},{"@type":"Person","@id":"https:\/\/www.strassenweb.de\/nachrichten\/#\/schema\/person\/87c9c9067f1211da429a744dc5a5aa41","name":"Robert Hoffmann","image":{"@type":"ImageObject","inLanguage":"de","@id":"https:\/\/www.strassenweb.de\/nachrichten\/wp-content\/uploads\/2024\/09\/strassenweb-150x150.jpg","url":"https:\/\/www.strassenweb.de\/nachrichten\/wp-content\/uploads\/2024\/09\/strassenweb-150x150.jpg","contentUrl":"https:\/\/www.strassenweb.de\/nachrichten\/wp-content\/uploads\/2024\/09\/strassenweb-150x150.jpg","caption":"Robert Hoffmann"},"description":"Ich hei\u00dfe Robert Hoffmann und ich bin ein leidenschaftlicher Verfechter von \u00d6kologie und Biodiversit\u00e4t. Seit meiner Kindheit in den W\u00e4ldern Bayerns f\u00fchle ich mich mit der Natur verbunden und bin entschlossen, sie zu sch\u00fctzen. Heute widme ich mein Leben der Sensibilisierung anderer f\u00fcr die Bedeutung des Umweltschutzes f\u00fcr zuk\u00fcnftige Generationen.","sameAs":["https:\/\/www.strassenweb.de\/"]}]}},"_links":{"self":[{"href":"https:\/\/www.strassenweb.de\/nachrichten\/wp-json\/wp\/v2\/posts\/8810","targetHints":{"allow":["GET"]}}],"collection":[{"href":"https:\/\/www.strassenweb.de\/nachrichten\/wp-json\/wp\/v2\/posts"}],"about":[{"href":"https:\/\/www.strassenweb.de\/nachrichten\/wp-json\/wp\/v2\/types\/post"}],"author":[{"embeddable":true,"href":"https:\/\/www.strassenweb.de\/nachrichten\/wp-json\/wp\/v2\/users\/1"}],"replies":[{"embeddable":true,"href":"https:\/\/www.strassenweb.de\/nachrichten\/wp-json\/wp\/v2\/comments?post=8810"}],"version-history":[{"count":0,"href":"https:\/\/www.strassenweb.de\/nachrichten\/wp-json\/wp\/v2\/posts\/8810\/revisions"}],"wp:featuredmedia":[{"embeddable":true,"href":"https:\/\/www.strassenweb.de\/nachrichten\/wp-json\/wp\/v2\/media\/8811"}],"wp:attachment":[{"href":"https:\/\/www.strassenweb.de\/nachrichten\/wp-json\/wp\/v2\/media?parent=8810"}],"wp:term":[{"taxonomy":"category","embeddable":true,"href":"https:\/\/www.strassenweb.de\/nachrichten\/wp-json\/wp\/v2\/categories?post=8810"},{"taxonomy":"post_tag","embeddable":true,"href":"https:\/\/www.strassenweb.de\/nachrichten\/wp-json\/wp\/v2\/tags?post=8810"}],"curies":[{"name":"wp","href":"https:\/\/api.w.org\/{rel}","templated":true}]}}