{"id":880,"date":"2024-10-13T07:43:34","date_gmt":"2024-10-13T05:43:34","guid":{"rendered":"https:\/\/www.strassenweb.de\/nachrichten\/ich-habe-gerade-drei-tage-in-belgien-verbracht-5-dauerhafte-trends-die-niemals-verblassen-werden-und-sie-werden-sie-alle-nachahmen-wollen\/"},"modified":"2024-10-13T07:43:36","modified_gmt":"2024-10-13T05:43:36","slug":"ich-habe-gerade-drei-tage-in-belgien-verbracht-5-dauerhafte-trends-die-niemals-verblassen-werden-und-sie-werden-sie-alle-nachahmen-wollen","status":"publish","type":"post","link":"https:\/\/www.strassenweb.de\/nachrichten\/ich-habe-gerade-drei-tage-in-belgien-verbracht-5-dauerhafte-trends-die-niemals-verblassen-werden-und-sie-werden-sie-alle-nachahmen-wollen\/","title":{"rendered":"Ich habe gerade drei Tage in Belgien verbracht \u2013 5 dauerhafte Trends, die niemals verblassen werden \u2013 und Sie werden sie alle nachahmen wollen"},"content":{"rendered":"<p><\/p>\n<div id=\"article-body\" class=\"article__body \">\n<p>Jedes Mal, wenn ich ein neues Land oder eine neue Stadt besuche, schaue ich mir gerne die vielen Einrichtungsstile an, die ich entdecken kann. Wohndekoration ist schlie\u00dflich mein Kryptonit.<\/p>\n<div id=\"ad-unit-1\" class=\"ad-unit\"><\/div>\n<p>Nat\u00fcrlich habe ich auch eine Vorliebe f\u00fcr ein bisschen Shoppen, aber ich betrachte mich auch als bewussten K\u00e4ufer, der nie m\u00f6chte, dass meine Einrichtungsideen zu trendorientiert oder zu frivol wirken. Aus diesem Grund finde ich es besonders n\u00fctzlich, nach zeitlosen und klassischen Einrichtungstrends Ausschau zu halten, die langlebig sind.<\/p>\n<aside class=\"hawk-nest\" data-render-type=\"fte\" data-skip=\"dealsy\" data-widget-type=\"seasonal\">\n<div class=\"hawk-master-widget-hawk-base-wrapper\"><\/div>\n<\/aside>\n<p>Ich muss zugeben, dass ich vor meinem Besuch nicht viel \u00fcber die belgische Designszene wusste. Axel Vervoordt ist normalerweise meine Inspirationsquelle, wenn ich \u00fcber den belgischen Stil nachdenke. Allerdings bin ich neu inspiriert, einige der Capsule-Basics, die ich in der belgischen Stadt Antwerpen \u2013 einer kreativen Stadt mit einer profunden Kunst- und Kulturszene \u2013 entdeckt habe, wieder bei mir aufzunehmen. Ich flehe Sie an, diese gro\u00dfartige Stadt zu besuchen, wenn Sie jemals in Europa sind.<\/p>\n<div id=\"desktop-in-article\" class=\"in-article ad-unit\">\n<div id=\"desktop-taboola-mid-article\"><\/div>\n<\/div>\n<div id=\"mobile-in-article\" class=\"in-article ad-unit\">\n<div id=\"mobile-taboola-mid-article\"><\/div>\n<\/div>\n<p>In den etwa drei Tagen, die ich dort verbrachte, tauchten immer wieder dieselben Dekorationsideen und -stile auf. Im Folgenden habe ich die f\u00fcnf wichtigsten Innenarchitekturtrends aufgef\u00fchrt, \u00fcber die es sich derzeit zu informieren lohnt, und ich gehe davon aus, dass sie f\u00fcr immer Bestand haben werden.<\/p>\n<div class=\"van_vid_carousel\">\n<div class=\"van_vid_carousel__padding\">\n<div class=\"van_vid_carousel__container\"><\/div>\n<\/div>\n<\/div>\n<h3 class=\"article-body__section\" id=\"section-1-warm-rich-colors\"><span>1. Warme, satte Farben<\/span><\/h3>\n<figure class=\"van-image-figure inline-layout \" data-bordeaux-image-check>\n<div class=\"image-full-width-wrapper\">\n<div class=\"image-widthsetter\" style=\"max-width:2000px;\"><\/div>\n<\/div>\n<\/figure>\n<p>Eine warme, satte, von der Natur inspirierte Farbpalette ist f\u00fcr viele in Belgien die Raumfarbidee ihrer Wahl.<\/p>\n<div id=\"ad-unit-2\" class=\"ad-unit\"><\/div>\n<p>Die vom Herbst inspirierte belgische Farbpalette bietet unz\u00e4hlige warme Farbt\u00f6ne, die harmonisch zusammenpassen, und wird von Designern wegen ihrer F\u00e4higkeit geliebt, entspannte, erdende R\u00e4ume mit bleibender Anziehungskraft zu schaffen.<\/p>\n<p>Die Farben Rost, Terrakotta, Stein, Taupe und Umbra verleihen Innenr\u00e4umen Ruhe und ein Gef\u00fchl der Gelassenheit. Sie lehnen sich in einem Raum zur\u00fcck und springen einen nicht an\u201c, erkl\u00e4rt Stoffdesignerin Vanessa Arbuthnott.<\/p>\n<p>\u201eNat\u00fcrliche Farben gehen \u00fcber die neutrale Palette gebrochener Wei\u00dft\u00f6ne und sanfter Braunt\u00f6ne hinaus \u2013 diese warme Farbpalette pr\u00e4sentiert uns eine Reihe herrlicher Rostrott\u00f6ne, staubiger Rosat\u00f6ne und Ockergelbt\u00f6ne, die auf nat\u00fcrliche Weise gut zusammenpassen\u201c, f\u00fcgt Sue Jones, Kreativdirektorin und Co., hinzu -Gr\u00fcnder von Oka.<\/p>\n<p>Im Raum oben ist Little Greene&#8217;s Theatre Red die Farbe der Wahl f\u00fcr Herbst\/Winter 2024.<\/p>\n<div class=\"product-container hero-product-container product-block-no-wrap\"><\/div>\n<h3 class=\"article-body__section\" id=\"section-2-one-statement-focal-point\"><span>2. Ein Statement-Schwerpunkt<\/span><\/h3>\n<figure class=\"van-image-figure inline-layout \" data-bordeaux-image-check>\n<div class=\"image-full-width-wrapper\">\n<div class=\"image-widthsetter\" style=\"max-width:2000px;\"><\/div>\n<\/div>\n<\/figure>\n<p>Jeder Raum braucht einen Mittelpunkt; ein Ort, an dem der Blick in die Sch\u00f6nheit und Tiefe eines Plans hineingezogen wird.<\/p>\n<p>Ein Schwerpunkt, auch Hervorhebung genannt, ist ein wichtiger Punkt <u>Grundregel f\u00fcr die Inneneinrichtung<\/u> Wenn Sie dabei helfen, die Aufmerksamkeit auf bestimmte Teile eines Raums zu lenken, kann die Schaffung eines starken Schwerpunkts einem Gesamtkonzept einen auff\u00e4lligen visuellen Reiz und einen unvergesslichen Charakter verleihen.<\/p>\n<p>Sie k\u00f6nnen durch M\u00f6bel, Beleuchtung, Farbe, Muster, Textur und Form, dekorative Akzente und architektonische Elemente Akzente setzen. Der Schl\u00fcssel liegt darin, diese Designmerkmale zu nutzen, um einen Schwerpunkt in einem Raum zu schaffen.<\/p>\n<p>Mein liebster und vielleicht einfachste Weg ist das Dekorieren mit Kunst. Auch ein einzelnes Kunstwerk kann dabei helfen, einen Raum zu definieren. Es dient als praktisches visuelles Hilfsmittel innerhalb eines Raumes \u2013 um den Blick auf einen bestimmten Bereich zu lenken. Es kann auch eine Erz\u00e4hlung entstehen, die die Farbe oder den Stil des restlichen Raums bestimmt.<\/p>\n<h3 class=\"article-body__section\" id=\"section-3-low-key-luxe-textures\"><span>3. Zur\u00fcckhaltende Luxustexturen<\/span><\/h3>\n<figure class=\"van-image-figure inline-layout \" data-bordeaux-image-check>\n<div class=\"image-full-width-wrapper\">\n<div class=\"image-widthsetter\" style=\"max-width:2000px;\"><\/div>\n<\/div>\n<\/figure>\n<p>Wenn es nur einen \u201eTrend\u201c gibt, den Sie aus dieser Liste mitnehmen, dann ist es dieser. Die Verwendung von Texturen in der Innenarchitektur ist der beste Weg, einen Raum von eint\u00f6nig zu fabelhaft zu machen. Es ist eine Vorstellung, die f\u00fcr immer wahr bleiben wird.<\/p>\n<p>Bei der Gestaltung von Texturen geht es nicht nur darum, wie sich Dekor und Heimtextilien anf\u00fchlen, sondern auch um die \u201evisuelle Textur\u201c \u2013 die Verwendung verschiedener Materialien, um einem Raum mehr Aufmerksamkeit zu verleihen und ihm Leben einzuhauchen. Die Belgier verstehen dieses Konzept perfekt.<\/p>\n<p>Ganz einfach: Ohne Textur verf\u00e4llt ein Raum. Es ist wichtig, den Raum als Ganzes zu betrachten und einen Bereich mit gemischten Materialien f\u00fcr Lebendigkeit und W\u00e4rme zusammenzuf\u00fcgen. Es ist eine M\u00f6glichkeit, einem Raum Tiefe und Dimension sowie Komfort zu verleihen.<\/p>\n<p>Tiffany Leigh von Tiffany Leigh Design erkl\u00e4rt: \u201eBei Textur geht es darum, f\u00fchlbare Momente zu schaffen, die zum Ber\u00fchren einladen.\u201c Es bezieht sich auf die Haptik, das Aussehen oder die Konsistenz einer Oberfl\u00e4che oder eines Materials. \u201eTexturen tragen dazu bei, dass ein Raum nicht flach oder eindimensional wirkt.\u201c<\/p>\n<p>Der einfachste Weg, dies zu tun, ist das Schichten. Auch das Layering von Texturen tr\u00e4gt zur Steigerung der Tiefe bei. \u201eDie Schichtung von Materialien, Farben und Formen tr\u00e4gt dazu bei, Ihren Innenr\u00e4umen eine Gesamtstruktur zu verleihen, die das Erscheinungsbild und die Atmosph\u00e4re eines Raums definieren kann\u201c, sagt Martin Waller, Mitbegr\u00fcnder von Andrew Martin.<\/p>\n<p>F\u00fcr einen mehrschichtigen Look sehen taktile Gewebe wie Boucl\u00e9 fantastisch aus, wenn sie mit der luxuri\u00f6sen Haptik von Seide oder grob behauenem Holz kombiniert werden, um einem Raum etwas Tiefe und ein Gef\u00fchl von Geschichte zu verleihen.<\/p>\n<h3 class=\"article-body__section\" id=\"section-4-belgium-minimalism\"><span>4. Belgischer Minimalismus<\/span><\/h3>\n<figure class=\"van-image-figure inline-layout \" data-bordeaux-image-check>\n<div class=\"image-full-width-wrapper\">\n<div class=\"image-widthsetter\" style=\"max-width:3323px;\"><\/div>\n<\/div>\n<\/figure>\n<p>Den minimalistischen Trend gibt es schon lange und die designbewussten Belgier nehmen ihn sehr ernst. Ihre Version ist jedoch viel w\u00e4rmer und einladender.<\/p>\n<p>Im Gegensatz zu seiner k\u00e4lteren, klinischeren Schwester verspricht ein warmes, minimalistisches Interieur mehr Charakter und Komfort in einem sauberen und funktionalen Raum.<\/p>\n<p>Der einfachste Weg, diesen Look zu erreichen, ist, wie es das Designunternehmen Albion Nord getan hat, die Natur in ihrer sch\u00f6nsten Form nachzuahmen. Inspiriert von Farben aus der Natur, verleiht der warme Minimalismus Innenr\u00e4umen eine sanfte und beruhigende Note, die mit Texturen und T\u00f6nen geschichtet werden kann, um sich an die Jahreszeiten anzupassen.<\/p>\n<p>Es gibt so viele wunderbare Vorteile, sich f\u00fcr eine minimalistische \u00c4sthetik zu entscheiden. Ein reduziertes Konzept basiert auf dem Prinzip, Ihr Zuhause von Unordnung zu befreien. Es geht darum, die Kraft eines \u201esauberen\u201c Raums zu nutzen, der nicht nur optisch ansprechend, sondern auch erholsam, modern und geldbeutelfreundlich ist. Es ist nicht einfach so: \u201eWeniger ist mehr\u201c, es geht vielmehr um \u201eweniger, aber bessere Qualit\u00e4t, mehr Textur und biophile Farbe\u201c.<\/p>\n<h3 class=\"article-body__section\" id=\"section-5-well-dressed-windows\"><span>5. Gut gekleidete Fenster<\/span><\/h3>\n<figure class=\"van-image-figure inline-layout \" data-bordeaux-image-check>\n<div class=\"image-full-width-wrapper\">\n<div class=\"image-widthsetter\" style=\"max-width:2000px;\"><\/div>\n<\/div>\n<\/figure>\n<p>Sch\u00f6ne Fensterdekorationsideen sind wesentlich f\u00fcr die Atmosph\u00e4re und Funktion eines Raumes. Jalousien und Rolll\u00e4den bieten Kontrolle \u00fcber Licht und Privatsph\u00e4re sowie eine zus\u00e4tzliche Isolierschicht und sind praktische und dennoch sch\u00f6ne L\u00f6sungen.<\/p>\n<p>Vorh\u00e4nge spielen eine wesentliche Rolle \u2013 \u00fcber die reine Dekoration hinaus \u2013, da sie die W\u00e4rme im Raum halten und Schall absorbieren. Vorh\u00e4nge sind eine Investition, und laut Innenarchitekten geben viele belgische Hausbesitzer oft mehr aus, um sie richtig zu machen. Was das Design betrifft, k\u00f6nnen Vorh\u00e4nge die L\u00fccke zwischen Tradition und Moderne schlie\u00dfen \u2013 alles h\u00e4ngt von Faktoren wie dem gew\u00e4hlten Stoff, der Art der Falte, der Art und Weise, wie sie gef\u00fcttert sind (oder nicht) und der Art und Weise, wie sie h\u00e4ngen. \u201eWundersch\u00f6ne handgefertigte Vorh\u00e4nge mit starker Wattierung werden noch viele Jahre lang wunderbar aussehen\u201c, sagt Designerin Susie Watson.<\/p>\n<p>Die Ma\u00dfanfertigung ist der beste Weg, um sicherzustellen, dass sie effektiv funktionieren \u2013 etwas, das viele Designer und Hausbesitzer in Belgien sehr ernst nehmen. Viele Unternehmen bieten einen Mess- und Montageservice f\u00fcr zu Hause an. Wenn Sie online kaufen, k\u00f6nnen Sie dies selbst tun, aber Pr\u00e4zision ist der Schl\u00fcssel.<\/p>\n<p>Mir ist auch aufgefallen, dass viele H\u00e4user neben Vorh\u00e4ngen auch Fensterl\u00e4den hatten. Die Stile variierten, aber der Caf\u00e9-Stil war am bemerkenswertesten. Ein halbhoher Fensterladen im Caf\u00e9-Stil bietet Privatsph\u00e4re und l\u00e4sst dennoch viel Licht herein. Herk\u00f6mmliche Fensterl\u00e4den (h\u00e4ufiger in amerikanischen H\u00e4usern zu finden) eignen sich jedoch hervorragend zur L\u00e4rm- und W\u00e4rmed\u00e4mmung. Beachten Sie jedoch, dass ihnen die Flexibilit\u00e4t von Lamellen- oder Fensterl\u00e4den fehlt Ebene-auf-Ebene-Designs.<\/p>\n<\/div>\n","protected":false},"excerpt":{"rendered":"<p>Jedes Mal, wenn ich ein neues Land oder eine neue Stadt besuche, schaue ich mir gerne die vielen Einrichtungsstile an, die ich entdecken kann. Wohndekoration<\/p>\n","protected":false},"author":1,"featured_media":881,"comment_status":"closed","ping_status":"","sticky":false,"template":"","format":"standard","meta":{"footnotes":""},"categories":[118],"tags":[176,1730,1732,9,851,495,823,129,1735,444,165,1729,1733,37,1734,1731,27,1736],"class_list":["post-880","post","type-post","status-publish","format-standard","has-post-thumbnail","hentry","category-haus-garten","tag-alle","tag-belgien","tag-dauerhafte","tag-die","tag-drei","tag-gerade","tag-habe","tag-ich","tag-nachahmen","tag-niemals","tag-sie","tag-tage","tag-trends","tag-und","tag-verblassen","tag-verbracht","tag-werden","tag-wollen","generate-columns","tablet-grid-50","mobile-grid-100","grid-parent","grid-50"],"yoast_head":"<!-- This site is optimized with the Yoast SEO plugin v27.3 - https:\/\/yoast.com\/product\/yoast-seo-wordpress\/ -->\n<title>Ich habe gerade drei Tage in Belgien verbracht \u2013 5 dauerhafte Trends, die niemals verblassen werden \u2013 und Sie werden sie alle nachahmen wollen - Nachrichten - Stra\u00dfenweb<\/title>\n<meta name=\"robots\" content=\"index, follow, max-snippet:-1, max-image-preview:large, max-video-preview:-1\" \/>\n<link rel=\"canonical\" href=\"https:\/\/www.strassenweb.de\/nachrichten\/ich-habe-gerade-drei-tage-in-belgien-verbracht-5-dauerhafte-trends-die-niemals-verblassen-werden-und-sie-werden-sie-alle-nachahmen-wollen\/\" \/>\n<meta property=\"og:locale\" content=\"de_DE\" \/>\n<meta property=\"og:type\" content=\"article\" \/>\n<meta property=\"og:title\" content=\"Ich habe gerade drei Tage in Belgien verbracht \u2013 5 dauerhafte Trends, die niemals verblassen werden \u2013 und Sie werden sie alle nachahmen wollen - Nachrichten - Stra\u00dfenweb\" \/>\n<meta property=\"og:description\" content=\"Jedes Mal, wenn ich ein neues Land oder eine neue Stadt besuche, schaue ich mir gerne die vielen Einrichtungsstile an, die ich entdecken kann. Wohndekoration\" \/>\n<meta property=\"og:url\" content=\"https:\/\/www.strassenweb.de\/nachrichten\/ich-habe-gerade-drei-tage-in-belgien-verbracht-5-dauerhafte-trends-die-niemals-verblassen-werden-und-sie-werden-sie-alle-nachahmen-wollen\/\" \/>\n<meta property=\"og:site_name\" content=\"Stra\u00dfenweb\" \/>\n<meta property=\"article:publisher\" content=\"https:\/\/www.facebook.com\/strassenweb\/\" \/>\n<meta property=\"article:published_time\" content=\"2024-10-13T05:43:34+00:00\" \/>\n<meta property=\"article:modified_time\" content=\"2024-10-13T05:43:36+00:00\" \/>\n<meta property=\"og:image\" content=\"https:\/\/www.strassenweb.de\/nachrichten\/wp-content\/uploads\/2024\/10\/Ich-habe-gerade-drei-Tage-in-Belgien-verbracht-\u2013-5.jpg\" \/>\n\t<meta property=\"og:image:width\" content=\"1200\" \/>\n\t<meta property=\"og:image:height\" content=\"680\" \/>\n\t<meta property=\"og:image:type\" content=\"image\/jpeg\" \/>\n<meta name=\"author\" content=\"Robert Hoffmann\" \/>\n<meta name=\"twitter:card\" content=\"summary_large_image\" \/>\n<meta name=\"twitter:label1\" content=\"Verfasst von\" \/>\n\t<meta name=\"twitter:data1\" content=\"Robert Hoffmann\" \/>\n\t<meta name=\"twitter:label2\" content=\"Gesch\u00e4tzte Lesezeit\" \/>\n\t<meta name=\"twitter:data2\" content=\"6\u00a0Minuten\" \/>\n<script type=\"application\/ld+json\" class=\"yoast-schema-graph\">{\"@context\":\"https:\\\/\\\/schema.org\",\"@graph\":[{\"@type\":\"Article\",\"@id\":\"https:\\\/\\\/www.strassenweb.de\\\/nachrichten\\\/ich-habe-gerade-drei-tage-in-belgien-verbracht-5-dauerhafte-trends-die-niemals-verblassen-werden-und-sie-werden-sie-alle-nachahmen-wollen\\\/#article\",\"isPartOf\":{\"@id\":\"https:\\\/\\\/www.strassenweb.de\\\/nachrichten\\\/ich-habe-gerade-drei-tage-in-belgien-verbracht-5-dauerhafte-trends-die-niemals-verblassen-werden-und-sie-werden-sie-alle-nachahmen-wollen\\\/\"},\"author\":{\"name\":\"Robert Hoffmann\",\"@id\":\"https:\\\/\\\/www.strassenweb.de\\\/nachrichten\\\/#\\\/schema\\\/person\\\/87c9c9067f1211da429a744dc5a5aa41\"},\"headline\":\"Ich habe gerade drei Tage in Belgien verbracht \u2013 5 dauerhafte Trends, die niemals verblassen werden \u2013 und Sie werden sie alle nachahmen wollen\",\"datePublished\":\"2024-10-13T05:43:34+00:00\",\"dateModified\":\"2024-10-13T05:43:36+00:00\",\"mainEntityOfPage\":{\"@id\":\"https:\\\/\\\/www.strassenweb.de\\\/nachrichten\\\/ich-habe-gerade-drei-tage-in-belgien-verbracht-5-dauerhafte-trends-die-niemals-verblassen-werden-und-sie-werden-sie-alle-nachahmen-wollen\\\/\"},\"wordCount\":1300,\"publisher\":{\"@id\":\"https:\\\/\\\/www.strassenweb.de\\\/nachrichten\\\/#organization\"},\"image\":{\"@id\":\"https:\\\/\\\/www.strassenweb.de\\\/nachrichten\\\/ich-habe-gerade-drei-tage-in-belgien-verbracht-5-dauerhafte-trends-die-niemals-verblassen-werden-und-sie-werden-sie-alle-nachahmen-wollen\\\/#primaryimage\"},\"thumbnailUrl\":\"https:\\\/\\\/www.strassenweb.de\\\/nachrichten\\\/wp-content\\\/uploads\\\/2024\\\/10\\\/Ich-habe-gerade-drei-Tage-in-Belgien-verbracht-\u2013-5.jpg\",\"keywords\":[\"alle\",\"Belgien\",\"dauerhafte\",\"die\",\"drei\",\"gerade\",\"habe\",\"ich\",\"nachahmen\",\"niemals\",\"Sie\",\"Tage\",\"Trends\",\"und\",\"verblassen\",\"verbracht\",\"werden\",\"wollen\"],\"articleSection\":[\"Haus &amp; Garten\"],\"inLanguage\":\"de\"},{\"@type\":\"WebPage\",\"@id\":\"https:\\\/\\\/www.strassenweb.de\\\/nachrichten\\\/ich-habe-gerade-drei-tage-in-belgien-verbracht-5-dauerhafte-trends-die-niemals-verblassen-werden-und-sie-werden-sie-alle-nachahmen-wollen\\\/\",\"url\":\"https:\\\/\\\/www.strassenweb.de\\\/nachrichten\\\/ich-habe-gerade-drei-tage-in-belgien-verbracht-5-dauerhafte-trends-die-niemals-verblassen-werden-und-sie-werden-sie-alle-nachahmen-wollen\\\/\",\"name\":\"Ich habe gerade drei Tage in Belgien verbracht \u2013 5 dauerhafte Trends, die niemals verblassen werden \u2013 und Sie werden sie alle nachahmen wollen - Nachrichten - Stra\u00dfenweb\",\"isPartOf\":{\"@id\":\"https:\\\/\\\/www.strassenweb.de\\\/nachrichten\\\/#website\"},\"primaryImageOfPage\":{\"@id\":\"https:\\\/\\\/www.strassenweb.de\\\/nachrichten\\\/ich-habe-gerade-drei-tage-in-belgien-verbracht-5-dauerhafte-trends-die-niemals-verblassen-werden-und-sie-werden-sie-alle-nachahmen-wollen\\\/#primaryimage\"},\"image\":{\"@id\":\"https:\\\/\\\/www.strassenweb.de\\\/nachrichten\\\/ich-habe-gerade-drei-tage-in-belgien-verbracht-5-dauerhafte-trends-die-niemals-verblassen-werden-und-sie-werden-sie-alle-nachahmen-wollen\\\/#primaryimage\"},\"thumbnailUrl\":\"https:\\\/\\\/www.strassenweb.de\\\/nachrichten\\\/wp-content\\\/uploads\\\/2024\\\/10\\\/Ich-habe-gerade-drei-Tage-in-Belgien-verbracht-\u2013-5.jpg\",\"datePublished\":\"2024-10-13T05:43:34+00:00\",\"dateModified\":\"2024-10-13T05:43:36+00:00\",\"breadcrumb\":{\"@id\":\"https:\\\/\\\/www.strassenweb.de\\\/nachrichten\\\/ich-habe-gerade-drei-tage-in-belgien-verbracht-5-dauerhafte-trends-die-niemals-verblassen-werden-und-sie-werden-sie-alle-nachahmen-wollen\\\/#breadcrumb\"},\"inLanguage\":\"de\",\"potentialAction\":[{\"@type\":\"ReadAction\",\"target\":[\"https:\\\/\\\/www.strassenweb.de\\\/nachrichten\\\/ich-habe-gerade-drei-tage-in-belgien-verbracht-5-dauerhafte-trends-die-niemals-verblassen-werden-und-sie-werden-sie-alle-nachahmen-wollen\\\/\"]}]},{\"@type\":\"ImageObject\",\"inLanguage\":\"de\",\"@id\":\"https:\\\/\\\/www.strassenweb.de\\\/nachrichten\\\/ich-habe-gerade-drei-tage-in-belgien-verbracht-5-dauerhafte-trends-die-niemals-verblassen-werden-und-sie-werden-sie-alle-nachahmen-wollen\\\/#primaryimage\",\"url\":\"https:\\\/\\\/www.strassenweb.de\\\/nachrichten\\\/wp-content\\\/uploads\\\/2024\\\/10\\\/Ich-habe-gerade-drei-Tage-in-Belgien-verbracht-\u2013-5.jpg\",\"contentUrl\":\"https:\\\/\\\/www.strassenweb.de\\\/nachrichten\\\/wp-content\\\/uploads\\\/2024\\\/10\\\/Ich-habe-gerade-drei-Tage-in-Belgien-verbracht-\u2013-5.jpg\",\"width\":1200,\"height\":680,\"caption\":\"Ich habe gerade drei Tage in Belgien verbracht \u2013 5 dauerhafte Trends, die niemals verblassen werden \u2013 und Sie werden sie alle nachahmen wollen\"},{\"@type\":\"BreadcrumbList\",\"@id\":\"https:\\\/\\\/www.strassenweb.de\\\/nachrichten\\\/ich-habe-gerade-drei-tage-in-belgien-verbracht-5-dauerhafte-trends-die-niemals-verblassen-werden-und-sie-werden-sie-alle-nachahmen-wollen\\\/#breadcrumb\",\"itemListElement\":[{\"@type\":\"ListItem\",\"position\":1,\"name\":\"Home\",\"item\":\"https:\\\/\\\/www.strassenweb.de\\\/nachrichten\\\/\"},{\"@type\":\"ListItem\",\"position\":2,\"name\":\"Ich habe gerade drei Tage in Belgien verbracht \u2013 5 dauerhafte Trends, die niemals verblassen werden \u2013 und Sie werden sie alle nachahmen wollen\"}]},{\"@type\":\"WebSite\",\"@id\":\"https:\\\/\\\/www.strassenweb.de\\\/nachrichten\\\/#website\",\"url\":\"https:\\\/\\\/www.strassenweb.de\\\/nachrichten\\\/\",\"name\":\"Stra\u00dfenweb\",\"description\":\"Stra\u00dfenverzeichnis f\u00fcr Deutschland\",\"publisher\":{\"@id\":\"https:\\\/\\\/www.strassenweb.de\\\/nachrichten\\\/#organization\"},\"potentialAction\":[{\"@type\":\"SearchAction\",\"target\":{\"@type\":\"EntryPoint\",\"urlTemplate\":\"https:\\\/\\\/www.strassenweb.de\\\/nachrichten\\\/?s={search_term_string}\"},\"query-input\":{\"@type\":\"PropertyValueSpecification\",\"valueRequired\":true,\"valueName\":\"search_term_string\"}}],\"inLanguage\":\"de\"},{\"@type\":\"Organization\",\"@id\":\"https:\\\/\\\/www.strassenweb.de\\\/nachrichten\\\/#organization\",\"name\":\"Stra\u00dfenweb\",\"url\":\"https:\\\/\\\/www.strassenweb.de\\\/nachrichten\\\/\",\"logo\":{\"@type\":\"ImageObject\",\"inLanguage\":\"de\",\"@id\":\"https:\\\/\\\/www.strassenweb.de\\\/nachrichten\\\/#\\\/schema\\\/logo\\\/image\\\/\",\"url\":\"https:\\\/\\\/www.strassenweb.de\\\/nachrichten\\\/wp-content\\\/uploads\\\/2024\\\/09\\\/cropped-favicon.png\",\"contentUrl\":\"https:\\\/\\\/www.strassenweb.de\\\/nachrichten\\\/wp-content\\\/uploads\\\/2024\\\/09\\\/cropped-favicon.png\",\"width\":512,\"height\":512,\"caption\":\"Stra\u00dfenweb\"},\"image\":{\"@id\":\"https:\\\/\\\/www.strassenweb.de\\\/nachrichten\\\/#\\\/schema\\\/logo\\\/image\\\/\"},\"sameAs\":[\"https:\\\/\\\/www.facebook.com\\\/strassenweb\\\/\"]},{\"@type\":\"Person\",\"@id\":\"https:\\\/\\\/www.strassenweb.de\\\/nachrichten\\\/#\\\/schema\\\/person\\\/87c9c9067f1211da429a744dc5a5aa41\",\"name\":\"Robert Hoffmann\",\"image\":{\"@type\":\"ImageObject\",\"inLanguage\":\"de\",\"@id\":\"https:\\\/\\\/www.strassenweb.de\\\/nachrichten\\\/wp-content\\\/uploads\\\/2024\\\/09\\\/strassenweb-150x150.jpg\",\"url\":\"https:\\\/\\\/www.strassenweb.de\\\/nachrichten\\\/wp-content\\\/uploads\\\/2024\\\/09\\\/strassenweb-150x150.jpg\",\"contentUrl\":\"https:\\\/\\\/www.strassenweb.de\\\/nachrichten\\\/wp-content\\\/uploads\\\/2024\\\/09\\\/strassenweb-150x150.jpg\",\"caption\":\"Robert Hoffmann\"},\"description\":\"Ich hei\u00dfe Robert Hoffmann und ich bin ein leidenschaftlicher Verfechter von \u00d6kologie und Biodiversit\u00e4t. Seit meiner Kindheit in den W\u00e4ldern Bayerns f\u00fchle ich mich mit der Natur verbunden und bin entschlossen, sie zu sch\u00fctzen. Heute widme ich mein Leben der Sensibilisierung anderer f\u00fcr die Bedeutung des Umweltschutzes f\u00fcr zuk\u00fcnftige Generationen.\",\"sameAs\":[\"https:\\\/\\\/www.strassenweb.de\\\/\"]}]}<\/script>\n<!-- \/ Yoast SEO plugin. -->","yoast_head_json":{"title":"Ich habe gerade drei Tage in Belgien verbracht \u2013 5 dauerhafte Trends, die niemals verblassen werden \u2013 und Sie werden sie alle nachahmen wollen - Nachrichten - Stra\u00dfenweb","robots":{"index":"index","follow":"follow","max-snippet":"max-snippet:-1","max-image-preview":"max-image-preview:large","max-video-preview":"max-video-preview:-1"},"canonical":"https:\/\/www.strassenweb.de\/nachrichten\/ich-habe-gerade-drei-tage-in-belgien-verbracht-5-dauerhafte-trends-die-niemals-verblassen-werden-und-sie-werden-sie-alle-nachahmen-wollen\/","og_locale":"de_DE","og_type":"article","og_title":"Ich habe gerade drei Tage in Belgien verbracht \u2013 5 dauerhafte Trends, die niemals verblassen werden \u2013 und Sie werden sie alle nachahmen wollen - Nachrichten - Stra\u00dfenweb","og_description":"Jedes Mal, wenn ich ein neues Land oder eine neue Stadt besuche, schaue ich mir gerne die vielen Einrichtungsstile an, die ich entdecken kann. Wohndekoration","og_url":"https:\/\/www.strassenweb.de\/nachrichten\/ich-habe-gerade-drei-tage-in-belgien-verbracht-5-dauerhafte-trends-die-niemals-verblassen-werden-und-sie-werden-sie-alle-nachahmen-wollen\/","og_site_name":"Stra\u00dfenweb","article_publisher":"https:\/\/www.facebook.com\/strassenweb\/","article_published_time":"2024-10-13T05:43:34+00:00","article_modified_time":"2024-10-13T05:43:36+00:00","og_image":[{"width":1200,"height":680,"url":"https:\/\/www.strassenweb.de\/nachrichten\/wp-content\/uploads\/2024\/10\/Ich-habe-gerade-drei-Tage-in-Belgien-verbracht-\u2013-5.jpg","type":"image\/jpeg"}],"author":"Robert Hoffmann","twitter_card":"summary_large_image","twitter_misc":{"Verfasst von":"Robert Hoffmann","Gesch\u00e4tzte Lesezeit":"6\u00a0Minuten"},"schema":{"@context":"https:\/\/schema.org","@graph":[{"@type":"Article","@id":"https:\/\/www.strassenweb.de\/nachrichten\/ich-habe-gerade-drei-tage-in-belgien-verbracht-5-dauerhafte-trends-die-niemals-verblassen-werden-und-sie-werden-sie-alle-nachahmen-wollen\/#article","isPartOf":{"@id":"https:\/\/www.strassenweb.de\/nachrichten\/ich-habe-gerade-drei-tage-in-belgien-verbracht-5-dauerhafte-trends-die-niemals-verblassen-werden-und-sie-werden-sie-alle-nachahmen-wollen\/"},"author":{"name":"Robert Hoffmann","@id":"https:\/\/www.strassenweb.de\/nachrichten\/#\/schema\/person\/87c9c9067f1211da429a744dc5a5aa41"},"headline":"Ich habe gerade drei Tage in Belgien verbracht \u2013 5 dauerhafte Trends, die niemals verblassen werden \u2013 und Sie werden sie alle nachahmen wollen","datePublished":"2024-10-13T05:43:34+00:00","dateModified":"2024-10-13T05:43:36+00:00","mainEntityOfPage":{"@id":"https:\/\/www.strassenweb.de\/nachrichten\/ich-habe-gerade-drei-tage-in-belgien-verbracht-5-dauerhafte-trends-die-niemals-verblassen-werden-und-sie-werden-sie-alle-nachahmen-wollen\/"},"wordCount":1300,"publisher":{"@id":"https:\/\/www.strassenweb.de\/nachrichten\/#organization"},"image":{"@id":"https:\/\/www.strassenweb.de\/nachrichten\/ich-habe-gerade-drei-tage-in-belgien-verbracht-5-dauerhafte-trends-die-niemals-verblassen-werden-und-sie-werden-sie-alle-nachahmen-wollen\/#primaryimage"},"thumbnailUrl":"https:\/\/www.strassenweb.de\/nachrichten\/wp-content\/uploads\/2024\/10\/Ich-habe-gerade-drei-Tage-in-Belgien-verbracht-\u2013-5.jpg","keywords":["alle","Belgien","dauerhafte","die","drei","gerade","habe","ich","nachahmen","niemals","Sie","Tage","Trends","und","verblassen","verbracht","werden","wollen"],"articleSection":["Haus &amp; Garten"],"inLanguage":"de"},{"@type":"WebPage","@id":"https:\/\/www.strassenweb.de\/nachrichten\/ich-habe-gerade-drei-tage-in-belgien-verbracht-5-dauerhafte-trends-die-niemals-verblassen-werden-und-sie-werden-sie-alle-nachahmen-wollen\/","url":"https:\/\/www.strassenweb.de\/nachrichten\/ich-habe-gerade-drei-tage-in-belgien-verbracht-5-dauerhafte-trends-die-niemals-verblassen-werden-und-sie-werden-sie-alle-nachahmen-wollen\/","name":"Ich habe gerade drei Tage in Belgien verbracht \u2013 5 dauerhafte Trends, die niemals verblassen werden \u2013 und Sie werden sie alle nachahmen wollen - Nachrichten - Stra\u00dfenweb","isPartOf":{"@id":"https:\/\/www.strassenweb.de\/nachrichten\/#website"},"primaryImageOfPage":{"@id":"https:\/\/www.strassenweb.de\/nachrichten\/ich-habe-gerade-drei-tage-in-belgien-verbracht-5-dauerhafte-trends-die-niemals-verblassen-werden-und-sie-werden-sie-alle-nachahmen-wollen\/#primaryimage"},"image":{"@id":"https:\/\/www.strassenweb.de\/nachrichten\/ich-habe-gerade-drei-tage-in-belgien-verbracht-5-dauerhafte-trends-die-niemals-verblassen-werden-und-sie-werden-sie-alle-nachahmen-wollen\/#primaryimage"},"thumbnailUrl":"https:\/\/www.strassenweb.de\/nachrichten\/wp-content\/uploads\/2024\/10\/Ich-habe-gerade-drei-Tage-in-Belgien-verbracht-\u2013-5.jpg","datePublished":"2024-10-13T05:43:34+00:00","dateModified":"2024-10-13T05:43:36+00:00","breadcrumb":{"@id":"https:\/\/www.strassenweb.de\/nachrichten\/ich-habe-gerade-drei-tage-in-belgien-verbracht-5-dauerhafte-trends-die-niemals-verblassen-werden-und-sie-werden-sie-alle-nachahmen-wollen\/#breadcrumb"},"inLanguage":"de","potentialAction":[{"@type":"ReadAction","target":["https:\/\/www.strassenweb.de\/nachrichten\/ich-habe-gerade-drei-tage-in-belgien-verbracht-5-dauerhafte-trends-die-niemals-verblassen-werden-und-sie-werden-sie-alle-nachahmen-wollen\/"]}]},{"@type":"ImageObject","inLanguage":"de","@id":"https:\/\/www.strassenweb.de\/nachrichten\/ich-habe-gerade-drei-tage-in-belgien-verbracht-5-dauerhafte-trends-die-niemals-verblassen-werden-und-sie-werden-sie-alle-nachahmen-wollen\/#primaryimage","url":"https:\/\/www.strassenweb.de\/nachrichten\/wp-content\/uploads\/2024\/10\/Ich-habe-gerade-drei-Tage-in-Belgien-verbracht-\u2013-5.jpg","contentUrl":"https:\/\/www.strassenweb.de\/nachrichten\/wp-content\/uploads\/2024\/10\/Ich-habe-gerade-drei-Tage-in-Belgien-verbracht-\u2013-5.jpg","width":1200,"height":680,"caption":"Ich habe gerade drei Tage in Belgien verbracht \u2013 5 dauerhafte Trends, die niemals verblassen werden \u2013 und Sie werden sie alle nachahmen wollen"},{"@type":"BreadcrumbList","@id":"https:\/\/www.strassenweb.de\/nachrichten\/ich-habe-gerade-drei-tage-in-belgien-verbracht-5-dauerhafte-trends-die-niemals-verblassen-werden-und-sie-werden-sie-alle-nachahmen-wollen\/#breadcrumb","itemListElement":[{"@type":"ListItem","position":1,"name":"Home","item":"https:\/\/www.strassenweb.de\/nachrichten\/"},{"@type":"ListItem","position":2,"name":"Ich habe gerade drei Tage in Belgien verbracht \u2013 5 dauerhafte Trends, die niemals verblassen werden \u2013 und Sie werden sie alle nachahmen wollen"}]},{"@type":"WebSite","@id":"https:\/\/www.strassenweb.de\/nachrichten\/#website","url":"https:\/\/www.strassenweb.de\/nachrichten\/","name":"Stra\u00dfenweb","description":"Stra\u00dfenverzeichnis f\u00fcr Deutschland","publisher":{"@id":"https:\/\/www.strassenweb.de\/nachrichten\/#organization"},"potentialAction":[{"@type":"SearchAction","target":{"@type":"EntryPoint","urlTemplate":"https:\/\/www.strassenweb.de\/nachrichten\/?s={search_term_string}"},"query-input":{"@type":"PropertyValueSpecification","valueRequired":true,"valueName":"search_term_string"}}],"inLanguage":"de"},{"@type":"Organization","@id":"https:\/\/www.strassenweb.de\/nachrichten\/#organization","name":"Stra\u00dfenweb","url":"https:\/\/www.strassenweb.de\/nachrichten\/","logo":{"@type":"ImageObject","inLanguage":"de","@id":"https:\/\/www.strassenweb.de\/nachrichten\/#\/schema\/logo\/image\/","url":"https:\/\/www.strassenweb.de\/nachrichten\/wp-content\/uploads\/2024\/09\/cropped-favicon.png","contentUrl":"https:\/\/www.strassenweb.de\/nachrichten\/wp-content\/uploads\/2024\/09\/cropped-favicon.png","width":512,"height":512,"caption":"Stra\u00dfenweb"},"image":{"@id":"https:\/\/www.strassenweb.de\/nachrichten\/#\/schema\/logo\/image\/"},"sameAs":["https:\/\/www.facebook.com\/strassenweb\/"]},{"@type":"Person","@id":"https:\/\/www.strassenweb.de\/nachrichten\/#\/schema\/person\/87c9c9067f1211da429a744dc5a5aa41","name":"Robert Hoffmann","image":{"@type":"ImageObject","inLanguage":"de","@id":"https:\/\/www.strassenweb.de\/nachrichten\/wp-content\/uploads\/2024\/09\/strassenweb-150x150.jpg","url":"https:\/\/www.strassenweb.de\/nachrichten\/wp-content\/uploads\/2024\/09\/strassenweb-150x150.jpg","contentUrl":"https:\/\/www.strassenweb.de\/nachrichten\/wp-content\/uploads\/2024\/09\/strassenweb-150x150.jpg","caption":"Robert Hoffmann"},"description":"Ich hei\u00dfe Robert Hoffmann und ich bin ein leidenschaftlicher Verfechter von \u00d6kologie und Biodiversit\u00e4t. Seit meiner Kindheit in den W\u00e4ldern Bayerns f\u00fchle ich mich mit der Natur verbunden und bin entschlossen, sie zu sch\u00fctzen. Heute widme ich mein Leben der Sensibilisierung anderer f\u00fcr die Bedeutung des Umweltschutzes f\u00fcr zuk\u00fcnftige Generationen.","sameAs":["https:\/\/www.strassenweb.de\/"]}]}},"_links":{"self":[{"href":"https:\/\/www.strassenweb.de\/nachrichten\/wp-json\/wp\/v2\/posts\/880","targetHints":{"allow":["GET"]}}],"collection":[{"href":"https:\/\/www.strassenweb.de\/nachrichten\/wp-json\/wp\/v2\/posts"}],"about":[{"href":"https:\/\/www.strassenweb.de\/nachrichten\/wp-json\/wp\/v2\/types\/post"}],"author":[{"embeddable":true,"href":"https:\/\/www.strassenweb.de\/nachrichten\/wp-json\/wp\/v2\/users\/1"}],"replies":[{"embeddable":true,"href":"https:\/\/www.strassenweb.de\/nachrichten\/wp-json\/wp\/v2\/comments?post=880"}],"version-history":[{"count":0,"href":"https:\/\/www.strassenweb.de\/nachrichten\/wp-json\/wp\/v2\/posts\/880\/revisions"}],"wp:featuredmedia":[{"embeddable":true,"href":"https:\/\/www.strassenweb.de\/nachrichten\/wp-json\/wp\/v2\/media\/881"}],"wp:attachment":[{"href":"https:\/\/www.strassenweb.de\/nachrichten\/wp-json\/wp\/v2\/media?parent=880"}],"wp:term":[{"taxonomy":"category","embeddable":true,"href":"https:\/\/www.strassenweb.de\/nachrichten\/wp-json\/wp\/v2\/categories?post=880"},{"taxonomy":"post_tag","embeddable":true,"href":"https:\/\/www.strassenweb.de\/nachrichten\/wp-json\/wp\/v2\/tags?post=880"}],"curies":[{"name":"wp","href":"https:\/\/api.w.org\/{rel}","templated":true}]}}