{"id":8795,"date":"2025-10-27T00:41:05","date_gmt":"2025-10-26T23:41:05","guid":{"rendered":"https:\/\/www.strassenweb.de\/nachrichten\/das-wohnzimmer-von-gwyneth-paltrow-zeigt-unseren-lieblings-einrichtungstrend-des-jahres-2025-und-es-handelt-sich-nicht-um-stillen-luxus-beige-oder-minimalismus\/"},"modified":"2025-10-27T00:41:05","modified_gmt":"2025-10-26T23:41:05","slug":"das-wohnzimmer-von-gwyneth-paltrow-zeigt-unseren-lieblings-einrichtungstrend-des-jahres-2025-und-es-handelt-sich-nicht-um-stillen-luxus-beige-oder-minimalismus","status":"publish","type":"post","link":"https:\/\/www.strassenweb.de\/nachrichten\/das-wohnzimmer-von-gwyneth-paltrow-zeigt-unseren-lieblings-einrichtungstrend-des-jahres-2025-und-es-handelt-sich-nicht-um-stillen-luxus-beige-oder-minimalismus\/","title":{"rendered":"Das Wohnzimmer von Gwyneth Paltrow zeigt unseren Lieblings-Einrichtungstrend des Jahres 2025 \u2013 und es handelt sich nicht um stillen Luxus, Beige oder Minimalismus"},"content":{"rendered":"<p><\/p>\n<div id=\"article-body\" class=\"article__body \">\n<p id=\"48b48b21-bca5-4e61-b77d-eb7f1fb963f5\">Die \u00c4sthetik des \u201estillen Luxus\u201c dominiert weiterhin den Diskurs, aber ein ruhigerer, taktilerer M\u00f6beltrend pr\u00e4gt unsere Innenr\u00e4ume f\u00fcr 2025 wirklich: die Kurve.<\/p>\n<div id=\"ad-unit-1\" class=\"ad-unit\"><\/div>\n<p>Endlich sind wir bereit, scharfe Winkel und starre Linien zu vergessen; Die neuesten M\u00f6beltrends umfassen anmutig den Bogen und den Kreis und lassen sich dabei von der klassischen Architektur inspirieren. Dies ist nicht nur eine Stilaussage; Es liegt ein tiefer Fokus darauf, das Zuhause zu einem wirklich einladenden und zutiefst sozialen Zufluchtsort zu machen.<\/p>\n<div class=\"instagram-embed\" id=\"CbL8BjPrzda\">\n<blockquote class=\"instagram-media\" data-instgrm-captioned data-instgrm-version=\"6\" style=\"width:99.375%; width:-webkit-calc(100% - 2px); width:calc(100% - 2px);\">\n<p>Ein von Brigette Romanek (@brigetteromanek) geteilter Beitrag<\/p>\n<p>Ein Foto gepostet von am <\/p>\n<\/blockquote>\n<\/div>\n<aside data-block-type=\"embed\" data-render-type=\"fte\" data-skip=\"dealsy\" data-widget-type=\"seasonal\" class=\"hawk-root\"><\/aside>\n<p id=\"0bf05dd6-b4a5-4093-bb37-5bdff10dce4d-0\">In einflussreichen R\u00e4umen wie dem von Brigette Romanek entworfenen Wohnzimmer von Gwyneth Paltrow definiert eine clevere Mischung aus klarer Architektur und tief abgerundeten Formen einen gespr\u00e4chigen, komfortablen Sitzbereich im Wohnzimmer.<\/p>\n<div class=\"van_vid_carousel\">\n<div class=\"van_vid_carousel__padding\">\n<div class=\"van_vid_carousel__container\"><\/div>\n<\/div>\n<\/div>\n<p>Romanek brachte die Essenz dieser Philosophie auf den Punkt, indem er sagte: \u201eGwyneth interessierte sich mehr f\u00fcr die Substanz als f\u00fcr den Stil an sich.\u201c Ja, es musste h\u00fcbsch sein, aber ihr ging es vor allem um Dinge wie Stimmung und Bewegung.\u2018 Diese Betonung von Fluss und Gef\u00fchl machte ein kurvenreiches Design zu einem wesentlichen Bestandteil des Plans. Ob v\u00f6llig \u00fcppig oder nur sanft gerundet, geschwungene M\u00f6bel und Einrichtungsgegenst\u00e4nde mildern das Gesamtbild eines Raumes und verleihen dem Dekor einen k\u00fchnen Designschwerpunkt oder einen subtilen Hauch von Formgebung.<\/p>\n<div id=\"ad-unit-2\" class=\"ad-unit\"><\/div>\n<p>Laut Juliette Thomas, Gr\u00fcnderin und Leiterin von Juliettes Interiors, werden \u201egeschwungene M\u00f6bel, insbesondere Sofas und Sessel, weiterhin beliebt sein und den Wohnr\u00e4umen eine willkommene Weichheit verleihen.\u201c Diese werden oft in hellen Farben und stark strukturierten Stoffen wie Wei\u00df- und Cremet\u00f6nen geschm\u00fcckt, wobei Boucl\u00e9 nach wie vor ein Favorit ist.\u201c Diese organischen Linien sind unerl\u00e4sslich, um unsere H\u00e4user gem\u00fctlicher zu gestalten.<\/p>\n<p>Louisa Morgan, Kreativdirektorin von Mandarin Stone, betont: \u201eBei diesem Trend geht es darum, eine Cocooning-Umgebung zu schaffen, die Ihnen hilft, sich k\u00f6rperlich und geistig zu entspannen.\u201c Dies spricht f\u00fcr die biophile Verbindung, die im Spiel ist, da Kurven in der Natur reichlich vorhanden sind; Sie bieten eine entscheidende visuelle und emotionale Erleichterung gegen\u00fcber den geraden, harten Kanten, die f\u00fcr moderne Stadtwohnungen typisch sind.<\/p>\n<p>Dank Materialinnovationen und unserem gemeinsamen Wunsch nach weicheren Silhouetten werden M\u00f6belformen immer raffinierter und fast skulptural. Sara Ramundo, Produktdesignmanagerin bei Devon &#038; Devon, fasst die \u00c4sthetik wunderbar zusammen: \u201eFormteile und Kurven, die gerade Linien weicher machen, stellen das Beste des zeitgen\u00f6ssischen biophilen Designs dar und schaffen einladende R\u00e4ume, in denen Reinheit und Weichheit in Harmonie koexistieren.\u201c<\/p>\n<div id=\"slice-container-newsletterForm-articleInbodyContent-Z4hJvTjvdVz4hyQ6Xmhbi4\" class=\"slice-container newsletter-inbodyContent-slice newsletterForm-articleInbodyContent-Z4hJvTjvdVz4hyQ6Xmhbi4 slice-container-newsletterForm\"><\/div>\n<p>Im Gegensatz zu fl\u00fcchtigen Modeerscheinungen entspricht die Entwicklung hin zu weicheren, st\u00e4rker auf den Menschen ausgerichteten Silhouetten einem grundlegenden Wunsch nach Komfort und Verbindung in unseren H\u00e4usern, weshalb wir davon ausgehen, dass die anhaltende und elegante Kraft der Kurve bis weit ins Jahr 2026 hinein ein dominierender Innenarchitekturtrend bleiben wird.<\/p>\n<h3 class=\"article-body__section\" id=\"section-shop-curved-furniture-and-decor\"><span>Kaufen Sie gebogene M\u00f6bel und Dekorationen<\/span><\/h3>\n<p id=\"2a18f699-e9a6-4598-9048-0c89ec6482d6\">Die Integration von Kurven in die Innenarchitektur vermittelt ein Gef\u00fchl von Fluss, Bewegung und dynamischem Stil. Ich habe eine Sammlung meiner liebsten geschwungenen M\u00f6bel- und Dekorationsst\u00fccke zusammengestellt, um Sie bei Ihrem n\u00e4chsten Design-Update zu inspirieren.<\/p>\n<div class=\"product-container hero-product-container product-block-no-wrap\">\n<div class=\"product-block-row\"><\/div>\n<div class=\"product-block-row\"><\/div>\n<div class=\"product-block-row\"><\/div>\n<\/div>\n<div class=\"block\" id=\"articleTag\" data-component-name=\"PostArticleLinks\">\n<div class=\"border-b border-b-black border-solid py-2.5 text-black font-bold uppercase\">THEMEN<\/div>\n<nav class=\"py-2.5 flex gap-2.5 flex-wrap\" data-analytics-id=\"article-tag\">\n<p>Gwyneth Paltrow<\/p>\n<\/nav>\n<\/div>\n<\/div>\n<p><script async src=\"\/\/www.instagram.com\/embed.js\"><\/script><\/p>\n","protected":false},"excerpt":{"rendered":"<p>Die \u00c4sthetik des \u201estillen Luxus\u201c dominiert weiterhin den Diskurs, aber ein ruhigerer, taktilerer M\u00f6beltrend pr\u00e4gt unsere Innenr\u00e4ume f\u00fcr 2025 wirklich: die Kurve. Endlich sind wir<\/p>\n","protected":false},"author":1,"featured_media":8796,"comment_status":"closed","ping_status":"","sticky":false,"template":"","format":"standard","meta":{"footnotes":""},"categories":[118],"tags":[3478,112,281,3910,4611,282,11138,986,3572,61,60,4609,142,11139,37,2783,21,1229,110],"class_list":["post-8795","post","type-post","status-publish","format-standard","has-post-thumbnail","hentry","category-haus-garten","tag-beige","tag-das","tag-des","tag-gwyneth","tag-handelt","tag-jahres","tag-lieblingseinrichtungstrend","tag-luxus","tag-minimalismus","tag-nicht","tag-oder","tag-paltrow","tag-sich","tag-stillen","tag-und","tag-unseren","tag-von","tag-wohnzimmer","tag-zeigt","generate-columns","tablet-grid-50","mobile-grid-100","grid-parent","grid-50"],"yoast_head":"<!-- This site is optimized with the Yoast SEO plugin v27.3 - https:\/\/yoast.com\/product\/yoast-seo-wordpress\/ -->\n<title>Das Wohnzimmer von Gwyneth Paltrow zeigt unseren Lieblings-Einrichtungstrend des Jahres 2025 \u2013 und es handelt sich nicht um stillen Luxus, Beige oder Minimalismus - Nachrichten - Stra\u00dfenweb<\/title>\n<meta name=\"robots\" content=\"index, follow, max-snippet:-1, max-image-preview:large, max-video-preview:-1\" \/>\n<link rel=\"canonical\" href=\"https:\/\/www.strassenweb.de\/nachrichten\/das-wohnzimmer-von-gwyneth-paltrow-zeigt-unseren-lieblings-einrichtungstrend-des-jahres-2025-und-es-handelt-sich-nicht-um-stillen-luxus-beige-oder-minimalismus\/\" \/>\n<meta property=\"og:locale\" content=\"de_DE\" \/>\n<meta property=\"og:type\" content=\"article\" \/>\n<meta property=\"og:title\" content=\"Das Wohnzimmer von Gwyneth Paltrow zeigt unseren Lieblings-Einrichtungstrend des Jahres 2025 \u2013 und es handelt sich nicht um stillen Luxus, Beige oder Minimalismus - Nachrichten - Stra\u00dfenweb\" \/>\n<meta property=\"og:description\" content=\"Die \u00c4sthetik des \u201estillen Luxus\u201c dominiert weiterhin den Diskurs, aber ein ruhigerer, taktilerer M\u00f6beltrend pr\u00e4gt unsere Innenr\u00e4ume f\u00fcr 2025 wirklich: die Kurve. Endlich sind wir\" \/>\n<meta property=\"og:url\" content=\"https:\/\/www.strassenweb.de\/nachrichten\/das-wohnzimmer-von-gwyneth-paltrow-zeigt-unseren-lieblings-einrichtungstrend-des-jahres-2025-und-es-handelt-sich-nicht-um-stillen-luxus-beige-oder-minimalismus\/\" \/>\n<meta property=\"og:site_name\" content=\"Stra\u00dfenweb\" \/>\n<meta property=\"article:publisher\" content=\"https:\/\/www.facebook.com\/strassenweb\/\" \/>\n<meta property=\"article:published_time\" content=\"2025-10-26T23:41:05+00:00\" \/>\n<meta property=\"og:image\" content=\"https:\/\/www.strassenweb.de\/nachrichten\/wp-content\/uploads\/2025\/10\/Das-Wohnzimmer-von-Gwyneth-Paltrow-zeigt-unseren-Lieblings-Einrichtungstrend-des-Jahres.jpg\" \/>\n\t<meta property=\"og:image:width\" content=\"1600\" \/>\n\t<meta property=\"og:image:height\" content=\"900\" \/>\n\t<meta property=\"og:image:type\" content=\"image\/jpeg\" \/>\n<meta name=\"author\" content=\"Robert Hoffmann\" \/>\n<meta name=\"twitter:card\" content=\"summary_large_image\" \/>\n<meta name=\"twitter:label1\" content=\"Verfasst von\" \/>\n\t<meta name=\"twitter:data1\" content=\"Robert Hoffmann\" \/>\n\t<meta name=\"twitter:label2\" content=\"Gesch\u00e4tzte Lesezeit\" \/>\n\t<meta name=\"twitter:data2\" content=\"3\u00a0Minuten\" \/>\n<script type=\"application\/ld+json\" class=\"yoast-schema-graph\">{\"@context\":\"https:\\\/\\\/schema.org\",\"@graph\":[{\"@type\":\"Article\",\"@id\":\"https:\\\/\\\/www.strassenweb.de\\\/nachrichten\\\/das-wohnzimmer-von-gwyneth-paltrow-zeigt-unseren-lieblings-einrichtungstrend-des-jahres-2025-und-es-handelt-sich-nicht-um-stillen-luxus-beige-oder-minimalismus\\\/#article\",\"isPartOf\":{\"@id\":\"https:\\\/\\\/www.strassenweb.de\\\/nachrichten\\\/das-wohnzimmer-von-gwyneth-paltrow-zeigt-unseren-lieblings-einrichtungstrend-des-jahres-2025-und-es-handelt-sich-nicht-um-stillen-luxus-beige-oder-minimalismus\\\/\"},\"author\":{\"name\":\"Robert Hoffmann\",\"@id\":\"https:\\\/\\\/www.strassenweb.de\\\/nachrichten\\\/#\\\/schema\\\/person\\\/87c9c9067f1211da429a744dc5a5aa41\"},\"headline\":\"Das Wohnzimmer von Gwyneth Paltrow zeigt unseren Lieblings-Einrichtungstrend des Jahres 2025 \u2013 und es handelt sich nicht um stillen Luxus, Beige oder Minimalismus\",\"datePublished\":\"2025-10-26T23:41:05+00:00\",\"mainEntityOfPage\":{\"@id\":\"https:\\\/\\\/www.strassenweb.de\\\/nachrichten\\\/das-wohnzimmer-von-gwyneth-paltrow-zeigt-unseren-lieblings-einrichtungstrend-des-jahres-2025-und-es-handelt-sich-nicht-um-stillen-luxus-beige-oder-minimalismus\\\/\"},\"wordCount\":535,\"publisher\":{\"@id\":\"https:\\\/\\\/www.strassenweb.de\\\/nachrichten\\\/#organization\"},\"image\":{\"@id\":\"https:\\\/\\\/www.strassenweb.de\\\/nachrichten\\\/das-wohnzimmer-von-gwyneth-paltrow-zeigt-unseren-lieblings-einrichtungstrend-des-jahres-2025-und-es-handelt-sich-nicht-um-stillen-luxus-beige-oder-minimalismus\\\/#primaryimage\"},\"thumbnailUrl\":\"https:\\\/\\\/www.strassenweb.de\\\/nachrichten\\\/wp-content\\\/uploads\\\/2025\\\/10\\\/Das-Wohnzimmer-von-Gwyneth-Paltrow-zeigt-unseren-Lieblings-Einrichtungstrend-des-Jahres.jpg\",\"keywords\":[\"Beige\",\"das\",\"des\",\"Gwyneth\",\"handelt\",\"Jahres\",\"LieblingsEinrichtungstrend\",\"Luxus\",\"Minimalismus\",\"nicht\",\"oder\",\"Paltrow\",\"sich\",\"stillen\",\"und\",\"unseren\",\"von\",\"Wohnzimmer\",\"zeigt\"],\"articleSection\":[\"Haus &amp; Garten\"],\"inLanguage\":\"de\"},{\"@type\":\"WebPage\",\"@id\":\"https:\\\/\\\/www.strassenweb.de\\\/nachrichten\\\/das-wohnzimmer-von-gwyneth-paltrow-zeigt-unseren-lieblings-einrichtungstrend-des-jahres-2025-und-es-handelt-sich-nicht-um-stillen-luxus-beige-oder-minimalismus\\\/\",\"url\":\"https:\\\/\\\/www.strassenweb.de\\\/nachrichten\\\/das-wohnzimmer-von-gwyneth-paltrow-zeigt-unseren-lieblings-einrichtungstrend-des-jahres-2025-und-es-handelt-sich-nicht-um-stillen-luxus-beige-oder-minimalismus\\\/\",\"name\":\"Das Wohnzimmer von Gwyneth Paltrow zeigt unseren Lieblings-Einrichtungstrend des Jahres 2025 \u2013 und es handelt sich nicht um stillen Luxus, Beige oder Minimalismus - Nachrichten - Stra\u00dfenweb\",\"isPartOf\":{\"@id\":\"https:\\\/\\\/www.strassenweb.de\\\/nachrichten\\\/#website\"},\"primaryImageOfPage\":{\"@id\":\"https:\\\/\\\/www.strassenweb.de\\\/nachrichten\\\/das-wohnzimmer-von-gwyneth-paltrow-zeigt-unseren-lieblings-einrichtungstrend-des-jahres-2025-und-es-handelt-sich-nicht-um-stillen-luxus-beige-oder-minimalismus\\\/#primaryimage\"},\"image\":{\"@id\":\"https:\\\/\\\/www.strassenweb.de\\\/nachrichten\\\/das-wohnzimmer-von-gwyneth-paltrow-zeigt-unseren-lieblings-einrichtungstrend-des-jahres-2025-und-es-handelt-sich-nicht-um-stillen-luxus-beige-oder-minimalismus\\\/#primaryimage\"},\"thumbnailUrl\":\"https:\\\/\\\/www.strassenweb.de\\\/nachrichten\\\/wp-content\\\/uploads\\\/2025\\\/10\\\/Das-Wohnzimmer-von-Gwyneth-Paltrow-zeigt-unseren-Lieblings-Einrichtungstrend-des-Jahres.jpg\",\"datePublished\":\"2025-10-26T23:41:05+00:00\",\"breadcrumb\":{\"@id\":\"https:\\\/\\\/www.strassenweb.de\\\/nachrichten\\\/das-wohnzimmer-von-gwyneth-paltrow-zeigt-unseren-lieblings-einrichtungstrend-des-jahres-2025-und-es-handelt-sich-nicht-um-stillen-luxus-beige-oder-minimalismus\\\/#breadcrumb\"},\"inLanguage\":\"de\",\"potentialAction\":[{\"@type\":\"ReadAction\",\"target\":[\"https:\\\/\\\/www.strassenweb.de\\\/nachrichten\\\/das-wohnzimmer-von-gwyneth-paltrow-zeigt-unseren-lieblings-einrichtungstrend-des-jahres-2025-und-es-handelt-sich-nicht-um-stillen-luxus-beige-oder-minimalismus\\\/\"]}]},{\"@type\":\"ImageObject\",\"inLanguage\":\"de\",\"@id\":\"https:\\\/\\\/www.strassenweb.de\\\/nachrichten\\\/das-wohnzimmer-von-gwyneth-paltrow-zeigt-unseren-lieblings-einrichtungstrend-des-jahres-2025-und-es-handelt-sich-nicht-um-stillen-luxus-beige-oder-minimalismus\\\/#primaryimage\",\"url\":\"https:\\\/\\\/www.strassenweb.de\\\/nachrichten\\\/wp-content\\\/uploads\\\/2025\\\/10\\\/Das-Wohnzimmer-von-Gwyneth-Paltrow-zeigt-unseren-Lieblings-Einrichtungstrend-des-Jahres.jpg\",\"contentUrl\":\"https:\\\/\\\/www.strassenweb.de\\\/nachrichten\\\/wp-content\\\/uploads\\\/2025\\\/10\\\/Das-Wohnzimmer-von-Gwyneth-Paltrow-zeigt-unseren-Lieblings-Einrichtungstrend-des-Jahres.jpg\",\"width\":1600,\"height\":900,\"caption\":\"Gwyneth Paltrow\"},{\"@type\":\"BreadcrumbList\",\"@id\":\"https:\\\/\\\/www.strassenweb.de\\\/nachrichten\\\/das-wohnzimmer-von-gwyneth-paltrow-zeigt-unseren-lieblings-einrichtungstrend-des-jahres-2025-und-es-handelt-sich-nicht-um-stillen-luxus-beige-oder-minimalismus\\\/#breadcrumb\",\"itemListElement\":[{\"@type\":\"ListItem\",\"position\":1,\"name\":\"Home\",\"item\":\"https:\\\/\\\/www.strassenweb.de\\\/nachrichten\\\/\"},{\"@type\":\"ListItem\",\"position\":2,\"name\":\"Das Wohnzimmer von Gwyneth Paltrow zeigt unseren Lieblings-Einrichtungstrend des Jahres 2025 \u2013 und es handelt sich nicht um stillen Luxus, Beige oder Minimalismus\"}]},{\"@type\":\"WebSite\",\"@id\":\"https:\\\/\\\/www.strassenweb.de\\\/nachrichten\\\/#website\",\"url\":\"https:\\\/\\\/www.strassenweb.de\\\/nachrichten\\\/\",\"name\":\"Stra\u00dfenweb\",\"description\":\"Stra\u00dfenverzeichnis f\u00fcr Deutschland\",\"publisher\":{\"@id\":\"https:\\\/\\\/www.strassenweb.de\\\/nachrichten\\\/#organization\"},\"potentialAction\":[{\"@type\":\"SearchAction\",\"target\":{\"@type\":\"EntryPoint\",\"urlTemplate\":\"https:\\\/\\\/www.strassenweb.de\\\/nachrichten\\\/?s={search_term_string}\"},\"query-input\":{\"@type\":\"PropertyValueSpecification\",\"valueRequired\":true,\"valueName\":\"search_term_string\"}}],\"inLanguage\":\"de\"},{\"@type\":\"Organization\",\"@id\":\"https:\\\/\\\/www.strassenweb.de\\\/nachrichten\\\/#organization\",\"name\":\"Stra\u00dfenweb\",\"url\":\"https:\\\/\\\/www.strassenweb.de\\\/nachrichten\\\/\",\"logo\":{\"@type\":\"ImageObject\",\"inLanguage\":\"de\",\"@id\":\"https:\\\/\\\/www.strassenweb.de\\\/nachrichten\\\/#\\\/schema\\\/logo\\\/image\\\/\",\"url\":\"https:\\\/\\\/www.strassenweb.de\\\/nachrichten\\\/wp-content\\\/uploads\\\/2024\\\/09\\\/cropped-favicon.png\",\"contentUrl\":\"https:\\\/\\\/www.strassenweb.de\\\/nachrichten\\\/wp-content\\\/uploads\\\/2024\\\/09\\\/cropped-favicon.png\",\"width\":512,\"height\":512,\"caption\":\"Stra\u00dfenweb\"},\"image\":{\"@id\":\"https:\\\/\\\/www.strassenweb.de\\\/nachrichten\\\/#\\\/schema\\\/logo\\\/image\\\/\"},\"sameAs\":[\"https:\\\/\\\/www.facebook.com\\\/strassenweb\\\/\"]},{\"@type\":\"Person\",\"@id\":\"https:\\\/\\\/www.strassenweb.de\\\/nachrichten\\\/#\\\/schema\\\/person\\\/87c9c9067f1211da429a744dc5a5aa41\",\"name\":\"Robert Hoffmann\",\"image\":{\"@type\":\"ImageObject\",\"inLanguage\":\"de\",\"@id\":\"https:\\\/\\\/www.strassenweb.de\\\/nachrichten\\\/wp-content\\\/uploads\\\/2024\\\/09\\\/strassenweb-150x150.jpg\",\"url\":\"https:\\\/\\\/www.strassenweb.de\\\/nachrichten\\\/wp-content\\\/uploads\\\/2024\\\/09\\\/strassenweb-150x150.jpg\",\"contentUrl\":\"https:\\\/\\\/www.strassenweb.de\\\/nachrichten\\\/wp-content\\\/uploads\\\/2024\\\/09\\\/strassenweb-150x150.jpg\",\"caption\":\"Robert Hoffmann\"},\"description\":\"Ich hei\u00dfe Robert Hoffmann und ich bin ein leidenschaftlicher Verfechter von \u00d6kologie und Biodiversit\u00e4t. Seit meiner Kindheit in den W\u00e4ldern Bayerns f\u00fchle ich mich mit der Natur verbunden und bin entschlossen, sie zu sch\u00fctzen. Heute widme ich mein Leben der Sensibilisierung anderer f\u00fcr die Bedeutung des Umweltschutzes f\u00fcr zuk\u00fcnftige Generationen.\",\"sameAs\":[\"https:\\\/\\\/www.strassenweb.de\\\/\"]}]}<\/script>\n<!-- \/ Yoast SEO plugin. -->","yoast_head_json":{"title":"Das Wohnzimmer von Gwyneth Paltrow zeigt unseren Lieblings-Einrichtungstrend des Jahres 2025 \u2013 und es handelt sich nicht um stillen Luxus, Beige oder Minimalismus - Nachrichten - Stra\u00dfenweb","robots":{"index":"index","follow":"follow","max-snippet":"max-snippet:-1","max-image-preview":"max-image-preview:large","max-video-preview":"max-video-preview:-1"},"canonical":"https:\/\/www.strassenweb.de\/nachrichten\/das-wohnzimmer-von-gwyneth-paltrow-zeigt-unseren-lieblings-einrichtungstrend-des-jahres-2025-und-es-handelt-sich-nicht-um-stillen-luxus-beige-oder-minimalismus\/","og_locale":"de_DE","og_type":"article","og_title":"Das Wohnzimmer von Gwyneth Paltrow zeigt unseren Lieblings-Einrichtungstrend des Jahres 2025 \u2013 und es handelt sich nicht um stillen Luxus, Beige oder Minimalismus - Nachrichten - Stra\u00dfenweb","og_description":"Die \u00c4sthetik des \u201estillen Luxus\u201c dominiert weiterhin den Diskurs, aber ein ruhigerer, taktilerer M\u00f6beltrend pr\u00e4gt unsere Innenr\u00e4ume f\u00fcr 2025 wirklich: die Kurve. Endlich sind wir","og_url":"https:\/\/www.strassenweb.de\/nachrichten\/das-wohnzimmer-von-gwyneth-paltrow-zeigt-unseren-lieblings-einrichtungstrend-des-jahres-2025-und-es-handelt-sich-nicht-um-stillen-luxus-beige-oder-minimalismus\/","og_site_name":"Stra\u00dfenweb","article_publisher":"https:\/\/www.facebook.com\/strassenweb\/","article_published_time":"2025-10-26T23:41:05+00:00","og_image":[{"width":1600,"height":900,"url":"https:\/\/www.strassenweb.de\/nachrichten\/wp-content\/uploads\/2025\/10\/Das-Wohnzimmer-von-Gwyneth-Paltrow-zeigt-unseren-Lieblings-Einrichtungstrend-des-Jahres.jpg","type":"image\/jpeg"}],"author":"Robert Hoffmann","twitter_card":"summary_large_image","twitter_misc":{"Verfasst von":"Robert Hoffmann","Gesch\u00e4tzte Lesezeit":"3\u00a0Minuten"},"schema":{"@context":"https:\/\/schema.org","@graph":[{"@type":"Article","@id":"https:\/\/www.strassenweb.de\/nachrichten\/das-wohnzimmer-von-gwyneth-paltrow-zeigt-unseren-lieblings-einrichtungstrend-des-jahres-2025-und-es-handelt-sich-nicht-um-stillen-luxus-beige-oder-minimalismus\/#article","isPartOf":{"@id":"https:\/\/www.strassenweb.de\/nachrichten\/das-wohnzimmer-von-gwyneth-paltrow-zeigt-unseren-lieblings-einrichtungstrend-des-jahres-2025-und-es-handelt-sich-nicht-um-stillen-luxus-beige-oder-minimalismus\/"},"author":{"name":"Robert Hoffmann","@id":"https:\/\/www.strassenweb.de\/nachrichten\/#\/schema\/person\/87c9c9067f1211da429a744dc5a5aa41"},"headline":"Das Wohnzimmer von Gwyneth Paltrow zeigt unseren Lieblings-Einrichtungstrend des Jahres 2025 \u2013 und es handelt sich nicht um stillen Luxus, Beige oder Minimalismus","datePublished":"2025-10-26T23:41:05+00:00","mainEntityOfPage":{"@id":"https:\/\/www.strassenweb.de\/nachrichten\/das-wohnzimmer-von-gwyneth-paltrow-zeigt-unseren-lieblings-einrichtungstrend-des-jahres-2025-und-es-handelt-sich-nicht-um-stillen-luxus-beige-oder-minimalismus\/"},"wordCount":535,"publisher":{"@id":"https:\/\/www.strassenweb.de\/nachrichten\/#organization"},"image":{"@id":"https:\/\/www.strassenweb.de\/nachrichten\/das-wohnzimmer-von-gwyneth-paltrow-zeigt-unseren-lieblings-einrichtungstrend-des-jahres-2025-und-es-handelt-sich-nicht-um-stillen-luxus-beige-oder-minimalismus\/#primaryimage"},"thumbnailUrl":"https:\/\/www.strassenweb.de\/nachrichten\/wp-content\/uploads\/2025\/10\/Das-Wohnzimmer-von-Gwyneth-Paltrow-zeigt-unseren-Lieblings-Einrichtungstrend-des-Jahres.jpg","keywords":["Beige","das","des","Gwyneth","handelt","Jahres","LieblingsEinrichtungstrend","Luxus","Minimalismus","nicht","oder","Paltrow","sich","stillen","und","unseren","von","Wohnzimmer","zeigt"],"articleSection":["Haus &amp; Garten"],"inLanguage":"de"},{"@type":"WebPage","@id":"https:\/\/www.strassenweb.de\/nachrichten\/das-wohnzimmer-von-gwyneth-paltrow-zeigt-unseren-lieblings-einrichtungstrend-des-jahres-2025-und-es-handelt-sich-nicht-um-stillen-luxus-beige-oder-minimalismus\/","url":"https:\/\/www.strassenweb.de\/nachrichten\/das-wohnzimmer-von-gwyneth-paltrow-zeigt-unseren-lieblings-einrichtungstrend-des-jahres-2025-und-es-handelt-sich-nicht-um-stillen-luxus-beige-oder-minimalismus\/","name":"Das Wohnzimmer von Gwyneth Paltrow zeigt unseren Lieblings-Einrichtungstrend des Jahres 2025 \u2013 und es handelt sich nicht um stillen Luxus, Beige oder Minimalismus - Nachrichten - Stra\u00dfenweb","isPartOf":{"@id":"https:\/\/www.strassenweb.de\/nachrichten\/#website"},"primaryImageOfPage":{"@id":"https:\/\/www.strassenweb.de\/nachrichten\/das-wohnzimmer-von-gwyneth-paltrow-zeigt-unseren-lieblings-einrichtungstrend-des-jahres-2025-und-es-handelt-sich-nicht-um-stillen-luxus-beige-oder-minimalismus\/#primaryimage"},"image":{"@id":"https:\/\/www.strassenweb.de\/nachrichten\/das-wohnzimmer-von-gwyneth-paltrow-zeigt-unseren-lieblings-einrichtungstrend-des-jahres-2025-und-es-handelt-sich-nicht-um-stillen-luxus-beige-oder-minimalismus\/#primaryimage"},"thumbnailUrl":"https:\/\/www.strassenweb.de\/nachrichten\/wp-content\/uploads\/2025\/10\/Das-Wohnzimmer-von-Gwyneth-Paltrow-zeigt-unseren-Lieblings-Einrichtungstrend-des-Jahres.jpg","datePublished":"2025-10-26T23:41:05+00:00","breadcrumb":{"@id":"https:\/\/www.strassenweb.de\/nachrichten\/das-wohnzimmer-von-gwyneth-paltrow-zeigt-unseren-lieblings-einrichtungstrend-des-jahres-2025-und-es-handelt-sich-nicht-um-stillen-luxus-beige-oder-minimalismus\/#breadcrumb"},"inLanguage":"de","potentialAction":[{"@type":"ReadAction","target":["https:\/\/www.strassenweb.de\/nachrichten\/das-wohnzimmer-von-gwyneth-paltrow-zeigt-unseren-lieblings-einrichtungstrend-des-jahres-2025-und-es-handelt-sich-nicht-um-stillen-luxus-beige-oder-minimalismus\/"]}]},{"@type":"ImageObject","inLanguage":"de","@id":"https:\/\/www.strassenweb.de\/nachrichten\/das-wohnzimmer-von-gwyneth-paltrow-zeigt-unseren-lieblings-einrichtungstrend-des-jahres-2025-und-es-handelt-sich-nicht-um-stillen-luxus-beige-oder-minimalismus\/#primaryimage","url":"https:\/\/www.strassenweb.de\/nachrichten\/wp-content\/uploads\/2025\/10\/Das-Wohnzimmer-von-Gwyneth-Paltrow-zeigt-unseren-Lieblings-Einrichtungstrend-des-Jahres.jpg","contentUrl":"https:\/\/www.strassenweb.de\/nachrichten\/wp-content\/uploads\/2025\/10\/Das-Wohnzimmer-von-Gwyneth-Paltrow-zeigt-unseren-Lieblings-Einrichtungstrend-des-Jahres.jpg","width":1600,"height":900,"caption":"Gwyneth Paltrow"},{"@type":"BreadcrumbList","@id":"https:\/\/www.strassenweb.de\/nachrichten\/das-wohnzimmer-von-gwyneth-paltrow-zeigt-unseren-lieblings-einrichtungstrend-des-jahres-2025-und-es-handelt-sich-nicht-um-stillen-luxus-beige-oder-minimalismus\/#breadcrumb","itemListElement":[{"@type":"ListItem","position":1,"name":"Home","item":"https:\/\/www.strassenweb.de\/nachrichten\/"},{"@type":"ListItem","position":2,"name":"Das Wohnzimmer von Gwyneth Paltrow zeigt unseren Lieblings-Einrichtungstrend des Jahres 2025 \u2013 und es handelt sich nicht um stillen Luxus, Beige oder Minimalismus"}]},{"@type":"WebSite","@id":"https:\/\/www.strassenweb.de\/nachrichten\/#website","url":"https:\/\/www.strassenweb.de\/nachrichten\/","name":"Stra\u00dfenweb","description":"Stra\u00dfenverzeichnis f\u00fcr Deutschland","publisher":{"@id":"https:\/\/www.strassenweb.de\/nachrichten\/#organization"},"potentialAction":[{"@type":"SearchAction","target":{"@type":"EntryPoint","urlTemplate":"https:\/\/www.strassenweb.de\/nachrichten\/?s={search_term_string}"},"query-input":{"@type":"PropertyValueSpecification","valueRequired":true,"valueName":"search_term_string"}}],"inLanguage":"de"},{"@type":"Organization","@id":"https:\/\/www.strassenweb.de\/nachrichten\/#organization","name":"Stra\u00dfenweb","url":"https:\/\/www.strassenweb.de\/nachrichten\/","logo":{"@type":"ImageObject","inLanguage":"de","@id":"https:\/\/www.strassenweb.de\/nachrichten\/#\/schema\/logo\/image\/","url":"https:\/\/www.strassenweb.de\/nachrichten\/wp-content\/uploads\/2024\/09\/cropped-favicon.png","contentUrl":"https:\/\/www.strassenweb.de\/nachrichten\/wp-content\/uploads\/2024\/09\/cropped-favicon.png","width":512,"height":512,"caption":"Stra\u00dfenweb"},"image":{"@id":"https:\/\/www.strassenweb.de\/nachrichten\/#\/schema\/logo\/image\/"},"sameAs":["https:\/\/www.facebook.com\/strassenweb\/"]},{"@type":"Person","@id":"https:\/\/www.strassenweb.de\/nachrichten\/#\/schema\/person\/87c9c9067f1211da429a744dc5a5aa41","name":"Robert Hoffmann","image":{"@type":"ImageObject","inLanguage":"de","@id":"https:\/\/www.strassenweb.de\/nachrichten\/wp-content\/uploads\/2024\/09\/strassenweb-150x150.jpg","url":"https:\/\/www.strassenweb.de\/nachrichten\/wp-content\/uploads\/2024\/09\/strassenweb-150x150.jpg","contentUrl":"https:\/\/www.strassenweb.de\/nachrichten\/wp-content\/uploads\/2024\/09\/strassenweb-150x150.jpg","caption":"Robert Hoffmann"},"description":"Ich hei\u00dfe Robert Hoffmann und ich bin ein leidenschaftlicher Verfechter von \u00d6kologie und Biodiversit\u00e4t. Seit meiner Kindheit in den W\u00e4ldern Bayerns f\u00fchle ich mich mit der Natur verbunden und bin entschlossen, sie zu sch\u00fctzen. Heute widme ich mein Leben der Sensibilisierung anderer f\u00fcr die Bedeutung des Umweltschutzes f\u00fcr zuk\u00fcnftige Generationen.","sameAs":["https:\/\/www.strassenweb.de\/"]}]}},"_links":{"self":[{"href":"https:\/\/www.strassenweb.de\/nachrichten\/wp-json\/wp\/v2\/posts\/8795","targetHints":{"allow":["GET"]}}],"collection":[{"href":"https:\/\/www.strassenweb.de\/nachrichten\/wp-json\/wp\/v2\/posts"}],"about":[{"href":"https:\/\/www.strassenweb.de\/nachrichten\/wp-json\/wp\/v2\/types\/post"}],"author":[{"embeddable":true,"href":"https:\/\/www.strassenweb.de\/nachrichten\/wp-json\/wp\/v2\/users\/1"}],"replies":[{"embeddable":true,"href":"https:\/\/www.strassenweb.de\/nachrichten\/wp-json\/wp\/v2\/comments?post=8795"}],"version-history":[{"count":0,"href":"https:\/\/www.strassenweb.de\/nachrichten\/wp-json\/wp\/v2\/posts\/8795\/revisions"}],"wp:featuredmedia":[{"embeddable":true,"href":"https:\/\/www.strassenweb.de\/nachrichten\/wp-json\/wp\/v2\/media\/8796"}],"wp:attachment":[{"href":"https:\/\/www.strassenweb.de\/nachrichten\/wp-json\/wp\/v2\/media?parent=8795"}],"wp:term":[{"taxonomy":"category","embeddable":true,"href":"https:\/\/www.strassenweb.de\/nachrichten\/wp-json\/wp\/v2\/categories?post=8795"},{"taxonomy":"post_tag","embeddable":true,"href":"https:\/\/www.strassenweb.de\/nachrichten\/wp-json\/wp\/v2\/tags?post=8795"}],"curies":[{"name":"wp","href":"https:\/\/api.w.org\/{rel}","templated":true}]}}