{"id":8785,"date":"2025-10-26T12:39:26","date_gmt":"2025-10-26T11:39:26","guid":{"rendered":"https:\/\/www.strassenweb.de\/nachrichten\/der-white-company-adventskalender-der-jedes-jahr-ausverkauft-ist-ist-endlich-da-und-er-ist-schoener-als-je-zuvor\/"},"modified":"2025-10-26T12:39:27","modified_gmt":"2025-10-26T11:39:27","slug":"der-white-company-adventskalender-der-jedes-jahr-ausverkauft-ist-ist-endlich-da-und-er-ist-schoener-als-je-zuvor","status":"publish","type":"post","link":"https:\/\/www.strassenweb.de\/nachrichten\/der-white-company-adventskalender-der-jedes-jahr-ausverkauft-ist-ist-endlich-da-und-er-ist-schoener-als-je-zuvor\/","title":{"rendered":"Der White Company-Adventskalender, der jedes Jahr ausverkauft ist, ist endlich da \u2013 und er ist sch\u00f6ner als je zuvor"},"content":{"rendered":"<p><\/p>\n<div id=\"article-body\" class=\"article__body \">\n<p id=\"1653a3ea-3d90-4aa8-9e3e-09cbdf49cc70\">Ich war dieses Jahr wirklich begeistert von Adventskalendern, und als der Adventskalender von The White Company vor meiner Haust\u00fcr ankam, verstand ich, warum er in dieser Saison \u00fcberall zu finden ist. Die Leute sind wirklich besessen. Der Preis von 195 \u00a3 ist kein Kleingeld, aber wenn man ihn pers\u00f6nlich betrachtet, erkennt man sofort, warum es sich um den Kalender handelt, den jeder in die H\u00e4nde bekommen m\u00f6chte. Jede T\u00fcr \u00f6ffnet sich zu etwas, das sich wie eine kleine Feier anf\u00fchlt, und der Gesamtwert von 320 \u00a3 macht es zu einem smarten Genuss, den ich dieses Jahr zu meinen Weihnachtsdekorationsideen hinzuf\u00fcgen kann.<\/p>\n<div id=\"ad-unit-1\" class=\"ad-unit\"><\/div>\n<p>Mir ist es \u00fcberall aufgefallen: in Instagram-Feeds, in Gespr\u00e4chen mit Freunden und auf meinem t\u00e4glichen Spaziergang am Sloane Square vorbei, wo es einladend im Schaufenster von The White Company schimmert. Es ist kein Gimmick oder eine Neuheit; Es handelt sich um eine sorgf\u00e4ltig zusammengestellte Auswahl an Produkten, die sich durchdacht und wirklich n\u00fctzlich anf\u00fchlen. Die Kerzen duften wundersch\u00f6n, die Handcremes und K\u00f6rper\u00f6le sind wohltuend und dennoch praktisch und die D\u00fcfte sind unverkennbar klassisch von The White Company. Es gibt keine \u00fcbertriebene Verpackung oder unn\u00f6tigen Schnickschnack, sondern nur Qualit\u00e4t, die nat\u00fcrlich Lust darauf macht, dar\u00fcber zu reden.<\/p>\n<aside data-block-type=\"embed\" data-render-type=\"fte\" data-skip=\"dealsy\" data-widget-type=\"seasonal\" class=\"hawk-root\"><\/aside>\n<p id=\"1653a3ea-3d90-4aa8-9e3e-09cbdf49cc70-2\">Ab Mitte Dezember werden Sie die Aufregung verstehen. Jeder Morgen bringt ein wenig Nervenkitzel, ein wenig Luxus und eine Erinnerung daran, dass einige Dinge \u2013 gut gemacht, durchdacht und einfach \u2013 die Investition wert sind. Hier erfahren Sie, wie Sie es in die H\u00e4nde bekommen und was Sie erwartet.<\/p>\n<div class=\"van_vid_carousel\">\n<div class=\"van_vid_carousel__padding\">\n<div class=\"van_vid_carousel__container\"><\/div>\n<\/div>\n<\/div>\n<div class=\"product-container horizontal-product-container\">\n<div class=\"product-block-row\"><\/div>\n<\/div>\n<p id=\"3c5e9ef7-94a5-493a-8356-5c8e024109d5\">Einer der Vorteile dieses Jobs ist, dass ich mehr Weihnachts-Adventskalender getestet habe, als sich die meisten Menschen vorstellen k\u00f6nnen, selbst solche, die Tausende kosten. Von Duftkerzen bis hin zu Leckereien f\u00fcr zu Hause habe ich sie alle ge\u00f6ffnet und kann mit Zuversicht sagen, dass der Adventskalender von The White Company heraussticht. Es bedeutet nicht, sich zu sehr anzustrengen; Es ist einfach, gut zusammengestellt und wirklich n\u00fctzlich. Jeder Tag bietet etwas, das Ihnen tats\u00e4chlich Spa\u00df macht, und keine winzigen Spielereien, die im Regal stehen. F\u00fcr den Preis scheint es einer der wenigen Kalender zu sein, der einen echten Mehrwert bietet, ohne sich wie eine Neuheit anzuf\u00fchlen.<\/p>\n<div id=\"ad-unit-2\" class=\"ad-unit\"><\/div>\n<p>Im Vergleich zum Rest auf dem Markt sind es die Konsistenz und die Durchdachtheit, die beeindrucken. Sie erhalten Kerzen in Originalgr\u00f6\u00dfe, klassische K\u00f6rperprodukte und beliebte D\u00fcfte, zu denen Sie immer wieder zur\u00fcckkehren werden. Viele Kalender sind sch\u00f6n anzusehen, bieten aber nicht wirklich Produkte an, die Sie auch verwenden w\u00fcrden, oder sie sind voller Wiederholungen und winziger T\u00fctchen. Dieses hier schafft eine seltene Balance: gro\u00dfz\u00fcgig und doch praktisch, luxuri\u00f6s und doch geradlinig. Wenn Sie dar\u00fcber nachdenken, dieses Jahr in einen Adventskalender zu investieren, w\u00fcrde ich pers\u00f6nlich zu diesem greifen. Es ist der Kalender, der den Dezember jeden Tag ein bisschen besonderer macht.<\/p>\n<h2 id=\"other-luxury-advent-calendars-that-truly-impressed-me-3\">Andere Luxus-Adventskalender, die mich wirklich beeindruckt haben<\/h2>\n<div class=\"product-container hero-product-container product-block-no-wrap\">\n<div class=\"product-block-row\"><\/div>\n<div class=\"product-block-row\"><\/div>\n<div class=\"product-block-row\"><\/div>\n<div class=\"product-block-row\"><\/div>\n<div class=\"product-block-row\"><\/div>\n<div class=\"product-block-row\"><\/div>\n<\/div>\n<hr id=\"0131dfae-ea76-4ccc-b043-f46a46ffdfd0\">\n<p id=\"7ff36d83-0c07-421b-ac59-f0b3fa21f3c3\">Nachdem ich all dies getestet habe, ist mir klar geworden, dass die besten Adventskalender mehr k\u00f6nnen, als nur die Tage herunterzuz\u00e4hlen; Sie bereiten den Rahmen f\u00fcr alles Weitere, was folgt. Sie sorgen daf\u00fcr, dass Ihr Zuhause wie Weihnachten riecht, sich anf\u00fchlt und aussieht, noch bevor der Baum \u00fcberhaupt aufgestellt ist. Und wenn Sie Lust haben, noch einen Schritt weiter zu gehen, finden Sie hier zahlreiche Weihnachtsgeschenkideen, die Ihrem Zuhause ein ganz besonderes Gef\u00fchl verleihen.<\/p>\n<div id=\"slice-container-newsletterForm-articleInbodyContent-wdcSGtSHYvEWSAVKtrA2cY\" class=\"slice-container newsletter-inbodyContent-slice newsletterForm-articleInbodyContent-wdcSGtSHYvEWSAVKtrA2cY slice-container-newsletterForm\"><\/div>\n<\/div>\n","protected":false},"excerpt":{"rendered":"<p>Ich war dieses Jahr wirklich begeistert von Adventskalendern, und als der Adventskalender von The White Company vor meiner Haust\u00fcr ankam, verstand ich, warum er in<\/p>\n","protected":false},"author":1,"featured_media":8786,"comment_status":"closed","ping_status":"","sticky":false,"template":"","format":"standard","meta":{"footnotes":""},"categories":[118],"tags":[935,2513,11123,81,1553,15,384,2617,3762,37,2483,4923],"class_list":["post-8785","post","type-post","status-publish","format-standard","has-post-thumbnail","hentry","category-haus-garten","tag-als","tag-ausverkauft","tag-companyadventskalender","tag-der","tag-endlich","tag-ist","tag-jahr","tag-jedes","tag-schoener","tag-und","tag-white","tag-zuvor","generate-columns","tablet-grid-50","mobile-grid-100","grid-parent","grid-50"],"yoast_head":"<!-- This site is optimized with the Yoast SEO plugin v27.3 - https:\/\/yoast.com\/product\/yoast-seo-wordpress\/ -->\n<title>Der White Company-Adventskalender, der jedes Jahr ausverkauft ist, ist endlich da \u2013 und er ist sch\u00f6ner als je zuvor - Nachrichten - Stra\u00dfenweb<\/title>\n<meta name=\"robots\" content=\"index, follow, max-snippet:-1, max-image-preview:large, max-video-preview:-1\" \/>\n<link rel=\"canonical\" href=\"https:\/\/www.strassenweb.de\/nachrichten\/der-white-company-adventskalender-der-jedes-jahr-ausverkauft-ist-ist-endlich-da-und-er-ist-schoener-als-je-zuvor\/\" \/>\n<meta property=\"og:locale\" content=\"de_DE\" \/>\n<meta property=\"og:type\" content=\"article\" \/>\n<meta property=\"og:title\" content=\"Der White Company-Adventskalender, der jedes Jahr ausverkauft ist, ist endlich da \u2013 und er ist sch\u00f6ner als je zuvor - Nachrichten - Stra\u00dfenweb\" \/>\n<meta property=\"og:description\" content=\"Ich war dieses Jahr wirklich begeistert von Adventskalendern, und als der Adventskalender von The White Company vor meiner Haust\u00fcr ankam, verstand ich, warum er in\" \/>\n<meta property=\"og:url\" content=\"https:\/\/www.strassenweb.de\/nachrichten\/der-white-company-adventskalender-der-jedes-jahr-ausverkauft-ist-ist-endlich-da-und-er-ist-schoener-als-je-zuvor\/\" \/>\n<meta property=\"og:site_name\" content=\"Stra\u00dfenweb\" \/>\n<meta property=\"article:publisher\" content=\"https:\/\/www.facebook.com\/strassenweb\/\" \/>\n<meta property=\"article:published_time\" content=\"2025-10-26T11:39:26+00:00\" \/>\n<meta property=\"article:modified_time\" content=\"2025-10-26T11:39:27+00:00\" \/>\n<meta property=\"og:image\" content=\"https:\/\/www.strassenweb.de\/nachrichten\/wp-content\/uploads\/2025\/10\/Der-White-Company-Adventskalender-der-jedes-Jahr-ausverkauft-ist-ist-endlich.jpg\" \/>\n\t<meta property=\"og:image:width\" content=\"1920\" \/>\n\t<meta property=\"og:image:height\" content=\"1080\" \/>\n\t<meta property=\"og:image:type\" content=\"image\/jpeg\" \/>\n<meta name=\"author\" content=\"Robert Hoffmann\" \/>\n<meta name=\"twitter:card\" content=\"summary_large_image\" \/>\n<meta name=\"twitter:label1\" content=\"Verfasst von\" \/>\n\t<meta name=\"twitter:data1\" content=\"Robert Hoffmann\" \/>\n\t<meta name=\"twitter:label2\" content=\"Gesch\u00e4tzte Lesezeit\" \/>\n\t<meta name=\"twitter:data2\" content=\"3\u00a0Minuten\" \/>\n<script type=\"application\/ld+json\" class=\"yoast-schema-graph\">{\"@context\":\"https:\\\/\\\/schema.org\",\"@graph\":[{\"@type\":\"Article\",\"@id\":\"https:\\\/\\\/www.strassenweb.de\\\/nachrichten\\\/der-white-company-adventskalender-der-jedes-jahr-ausverkauft-ist-ist-endlich-da-und-er-ist-schoener-als-je-zuvor\\\/#article\",\"isPartOf\":{\"@id\":\"https:\\\/\\\/www.strassenweb.de\\\/nachrichten\\\/der-white-company-adventskalender-der-jedes-jahr-ausverkauft-ist-ist-endlich-da-und-er-ist-schoener-als-je-zuvor\\\/\"},\"author\":{\"name\":\"Robert Hoffmann\",\"@id\":\"https:\\\/\\\/www.strassenweb.de\\\/nachrichten\\\/#\\\/schema\\\/person\\\/87c9c9067f1211da429a744dc5a5aa41\"},\"headline\":\"Der White Company-Adventskalender, der jedes Jahr ausverkauft ist, ist endlich da \u2013 und er ist sch\u00f6ner als je zuvor\",\"datePublished\":\"2025-10-26T11:39:26+00:00\",\"dateModified\":\"2025-10-26T11:39:27+00:00\",\"mainEntityOfPage\":{\"@id\":\"https:\\\/\\\/www.strassenweb.de\\\/nachrichten\\\/der-white-company-adventskalender-der-jedes-jahr-ausverkauft-ist-ist-endlich-da-und-er-ist-schoener-als-je-zuvor\\\/\"},\"wordCount\":593,\"publisher\":{\"@id\":\"https:\\\/\\\/www.strassenweb.de\\\/nachrichten\\\/#organization\"},\"image\":{\"@id\":\"https:\\\/\\\/www.strassenweb.de\\\/nachrichten\\\/der-white-company-adventskalender-der-jedes-jahr-ausverkauft-ist-ist-endlich-da-und-er-ist-schoener-als-je-zuvor\\\/#primaryimage\"},\"thumbnailUrl\":\"https:\\\/\\\/www.strassenweb.de\\\/nachrichten\\\/wp-content\\\/uploads\\\/2025\\\/10\\\/Der-White-Company-Adventskalender-der-jedes-Jahr-ausverkauft-ist-ist-endlich.jpg\",\"keywords\":[\"als\",\"ausverkauft\",\"CompanyAdventskalender\",\"der\",\"endlich\",\"ist\",\"Jahr\",\"jedes\",\"sch\u00f6ner\",\"und\",\"White\",\"zuvor\"],\"articleSection\":[\"Haus &amp; Garten\"],\"inLanguage\":\"de\"},{\"@type\":\"WebPage\",\"@id\":\"https:\\\/\\\/www.strassenweb.de\\\/nachrichten\\\/der-white-company-adventskalender-der-jedes-jahr-ausverkauft-ist-ist-endlich-da-und-er-ist-schoener-als-je-zuvor\\\/\",\"url\":\"https:\\\/\\\/www.strassenweb.de\\\/nachrichten\\\/der-white-company-adventskalender-der-jedes-jahr-ausverkauft-ist-ist-endlich-da-und-er-ist-schoener-als-je-zuvor\\\/\",\"name\":\"Der White Company-Adventskalender, der jedes Jahr ausverkauft ist, ist endlich da \u2013 und er ist sch\u00f6ner als je zuvor - Nachrichten - Stra\u00dfenweb\",\"isPartOf\":{\"@id\":\"https:\\\/\\\/www.strassenweb.de\\\/nachrichten\\\/#website\"},\"primaryImageOfPage\":{\"@id\":\"https:\\\/\\\/www.strassenweb.de\\\/nachrichten\\\/der-white-company-adventskalender-der-jedes-jahr-ausverkauft-ist-ist-endlich-da-und-er-ist-schoener-als-je-zuvor\\\/#primaryimage\"},\"image\":{\"@id\":\"https:\\\/\\\/www.strassenweb.de\\\/nachrichten\\\/der-white-company-adventskalender-der-jedes-jahr-ausverkauft-ist-ist-endlich-da-und-er-ist-schoener-als-je-zuvor\\\/#primaryimage\"},\"thumbnailUrl\":\"https:\\\/\\\/www.strassenweb.de\\\/nachrichten\\\/wp-content\\\/uploads\\\/2025\\\/10\\\/Der-White-Company-Adventskalender-der-jedes-Jahr-ausverkauft-ist-ist-endlich.jpg\",\"datePublished\":\"2025-10-26T11:39:26+00:00\",\"dateModified\":\"2025-10-26T11:39:27+00:00\",\"breadcrumb\":{\"@id\":\"https:\\\/\\\/www.strassenweb.de\\\/nachrichten\\\/der-white-company-adventskalender-der-jedes-jahr-ausverkauft-ist-ist-endlich-da-und-er-ist-schoener-als-je-zuvor\\\/#breadcrumb\"},\"inLanguage\":\"de\",\"potentialAction\":[{\"@type\":\"ReadAction\",\"target\":[\"https:\\\/\\\/www.strassenweb.de\\\/nachrichten\\\/der-white-company-adventskalender-der-jedes-jahr-ausverkauft-ist-ist-endlich-da-und-er-ist-schoener-als-je-zuvor\\\/\"]}]},{\"@type\":\"ImageObject\",\"inLanguage\":\"de\",\"@id\":\"https:\\\/\\\/www.strassenweb.de\\\/nachrichten\\\/der-white-company-adventskalender-der-jedes-jahr-ausverkauft-ist-ist-endlich-da-und-er-ist-schoener-als-je-zuvor\\\/#primaryimage\",\"url\":\"https:\\\/\\\/www.strassenweb.de\\\/nachrichten\\\/wp-content\\\/uploads\\\/2025\\\/10\\\/Der-White-Company-Adventskalender-der-jedes-Jahr-ausverkauft-ist-ist-endlich.jpg\",\"contentUrl\":\"https:\\\/\\\/www.strassenweb.de\\\/nachrichten\\\/wp-content\\\/uploads\\\/2025\\\/10\\\/Der-White-Company-Adventskalender-der-jedes-Jahr-ausverkauft-ist-ist-endlich.jpg\",\"width\":1920,\"height\":1080,\"caption\":\"The White Company Advent Calendar\"},{\"@type\":\"BreadcrumbList\",\"@id\":\"https:\\\/\\\/www.strassenweb.de\\\/nachrichten\\\/der-white-company-adventskalender-der-jedes-jahr-ausverkauft-ist-ist-endlich-da-und-er-ist-schoener-als-je-zuvor\\\/#breadcrumb\",\"itemListElement\":[{\"@type\":\"ListItem\",\"position\":1,\"name\":\"Home\",\"item\":\"https:\\\/\\\/www.strassenweb.de\\\/nachrichten\\\/\"},{\"@type\":\"ListItem\",\"position\":2,\"name\":\"Der White Company-Adventskalender, der jedes Jahr ausverkauft ist, ist endlich da \u2013 und er ist sch\u00f6ner als je zuvor\"}]},{\"@type\":\"WebSite\",\"@id\":\"https:\\\/\\\/www.strassenweb.de\\\/nachrichten\\\/#website\",\"url\":\"https:\\\/\\\/www.strassenweb.de\\\/nachrichten\\\/\",\"name\":\"Stra\u00dfenweb\",\"description\":\"Stra\u00dfenverzeichnis f\u00fcr Deutschland\",\"publisher\":{\"@id\":\"https:\\\/\\\/www.strassenweb.de\\\/nachrichten\\\/#organization\"},\"potentialAction\":[{\"@type\":\"SearchAction\",\"target\":{\"@type\":\"EntryPoint\",\"urlTemplate\":\"https:\\\/\\\/www.strassenweb.de\\\/nachrichten\\\/?s={search_term_string}\"},\"query-input\":{\"@type\":\"PropertyValueSpecification\",\"valueRequired\":true,\"valueName\":\"search_term_string\"}}],\"inLanguage\":\"de\"},{\"@type\":\"Organization\",\"@id\":\"https:\\\/\\\/www.strassenweb.de\\\/nachrichten\\\/#organization\",\"name\":\"Stra\u00dfenweb\",\"url\":\"https:\\\/\\\/www.strassenweb.de\\\/nachrichten\\\/\",\"logo\":{\"@type\":\"ImageObject\",\"inLanguage\":\"de\",\"@id\":\"https:\\\/\\\/www.strassenweb.de\\\/nachrichten\\\/#\\\/schema\\\/logo\\\/image\\\/\",\"url\":\"https:\\\/\\\/www.strassenweb.de\\\/nachrichten\\\/wp-content\\\/uploads\\\/2024\\\/09\\\/cropped-favicon.png\",\"contentUrl\":\"https:\\\/\\\/www.strassenweb.de\\\/nachrichten\\\/wp-content\\\/uploads\\\/2024\\\/09\\\/cropped-favicon.png\",\"width\":512,\"height\":512,\"caption\":\"Stra\u00dfenweb\"},\"image\":{\"@id\":\"https:\\\/\\\/www.strassenweb.de\\\/nachrichten\\\/#\\\/schema\\\/logo\\\/image\\\/\"},\"sameAs\":[\"https:\\\/\\\/www.facebook.com\\\/strassenweb\\\/\"]},{\"@type\":\"Person\",\"@id\":\"https:\\\/\\\/www.strassenweb.de\\\/nachrichten\\\/#\\\/schema\\\/person\\\/87c9c9067f1211da429a744dc5a5aa41\",\"name\":\"Robert Hoffmann\",\"image\":{\"@type\":\"ImageObject\",\"inLanguage\":\"de\",\"@id\":\"https:\\\/\\\/www.strassenweb.de\\\/nachrichten\\\/wp-content\\\/uploads\\\/2024\\\/09\\\/strassenweb-150x150.jpg\",\"url\":\"https:\\\/\\\/www.strassenweb.de\\\/nachrichten\\\/wp-content\\\/uploads\\\/2024\\\/09\\\/strassenweb-150x150.jpg\",\"contentUrl\":\"https:\\\/\\\/www.strassenweb.de\\\/nachrichten\\\/wp-content\\\/uploads\\\/2024\\\/09\\\/strassenweb-150x150.jpg\",\"caption\":\"Robert Hoffmann\"},\"description\":\"Ich hei\u00dfe Robert Hoffmann und ich bin ein leidenschaftlicher Verfechter von \u00d6kologie und Biodiversit\u00e4t. Seit meiner Kindheit in den W\u00e4ldern Bayerns f\u00fchle ich mich mit der Natur verbunden und bin entschlossen, sie zu sch\u00fctzen. Heute widme ich mein Leben der Sensibilisierung anderer f\u00fcr die Bedeutung des Umweltschutzes f\u00fcr zuk\u00fcnftige Generationen.\",\"sameAs\":[\"https:\\\/\\\/www.strassenweb.de\\\/\"]}]}<\/script>\n<!-- \/ Yoast SEO plugin. -->","yoast_head_json":{"title":"Der White Company-Adventskalender, der jedes Jahr ausverkauft ist, ist endlich da \u2013 und er ist sch\u00f6ner als je zuvor - Nachrichten - Stra\u00dfenweb","robots":{"index":"index","follow":"follow","max-snippet":"max-snippet:-1","max-image-preview":"max-image-preview:large","max-video-preview":"max-video-preview:-1"},"canonical":"https:\/\/www.strassenweb.de\/nachrichten\/der-white-company-adventskalender-der-jedes-jahr-ausverkauft-ist-ist-endlich-da-und-er-ist-schoener-als-je-zuvor\/","og_locale":"de_DE","og_type":"article","og_title":"Der White Company-Adventskalender, der jedes Jahr ausverkauft ist, ist endlich da \u2013 und er ist sch\u00f6ner als je zuvor - Nachrichten - Stra\u00dfenweb","og_description":"Ich war dieses Jahr wirklich begeistert von Adventskalendern, und als der Adventskalender von The White Company vor meiner Haust\u00fcr ankam, verstand ich, warum er in","og_url":"https:\/\/www.strassenweb.de\/nachrichten\/der-white-company-adventskalender-der-jedes-jahr-ausverkauft-ist-ist-endlich-da-und-er-ist-schoener-als-je-zuvor\/","og_site_name":"Stra\u00dfenweb","article_publisher":"https:\/\/www.facebook.com\/strassenweb\/","article_published_time":"2025-10-26T11:39:26+00:00","article_modified_time":"2025-10-26T11:39:27+00:00","og_image":[{"width":1920,"height":1080,"url":"https:\/\/www.strassenweb.de\/nachrichten\/wp-content\/uploads\/2025\/10\/Der-White-Company-Adventskalender-der-jedes-Jahr-ausverkauft-ist-ist-endlich.jpg","type":"image\/jpeg"}],"author":"Robert Hoffmann","twitter_card":"summary_large_image","twitter_misc":{"Verfasst von":"Robert Hoffmann","Gesch\u00e4tzte Lesezeit":"3\u00a0Minuten"},"schema":{"@context":"https:\/\/schema.org","@graph":[{"@type":"Article","@id":"https:\/\/www.strassenweb.de\/nachrichten\/der-white-company-adventskalender-der-jedes-jahr-ausverkauft-ist-ist-endlich-da-und-er-ist-schoener-als-je-zuvor\/#article","isPartOf":{"@id":"https:\/\/www.strassenweb.de\/nachrichten\/der-white-company-adventskalender-der-jedes-jahr-ausverkauft-ist-ist-endlich-da-und-er-ist-schoener-als-je-zuvor\/"},"author":{"name":"Robert Hoffmann","@id":"https:\/\/www.strassenweb.de\/nachrichten\/#\/schema\/person\/87c9c9067f1211da429a744dc5a5aa41"},"headline":"Der White Company-Adventskalender, der jedes Jahr ausverkauft ist, ist endlich da \u2013 und er ist sch\u00f6ner als je zuvor","datePublished":"2025-10-26T11:39:26+00:00","dateModified":"2025-10-26T11:39:27+00:00","mainEntityOfPage":{"@id":"https:\/\/www.strassenweb.de\/nachrichten\/der-white-company-adventskalender-der-jedes-jahr-ausverkauft-ist-ist-endlich-da-und-er-ist-schoener-als-je-zuvor\/"},"wordCount":593,"publisher":{"@id":"https:\/\/www.strassenweb.de\/nachrichten\/#organization"},"image":{"@id":"https:\/\/www.strassenweb.de\/nachrichten\/der-white-company-adventskalender-der-jedes-jahr-ausverkauft-ist-ist-endlich-da-und-er-ist-schoener-als-je-zuvor\/#primaryimage"},"thumbnailUrl":"https:\/\/www.strassenweb.de\/nachrichten\/wp-content\/uploads\/2025\/10\/Der-White-Company-Adventskalender-der-jedes-Jahr-ausverkauft-ist-ist-endlich.jpg","keywords":["als","ausverkauft","CompanyAdventskalender","der","endlich","ist","Jahr","jedes","sch\u00f6ner","und","White","zuvor"],"articleSection":["Haus &amp; Garten"],"inLanguage":"de"},{"@type":"WebPage","@id":"https:\/\/www.strassenweb.de\/nachrichten\/der-white-company-adventskalender-der-jedes-jahr-ausverkauft-ist-ist-endlich-da-und-er-ist-schoener-als-je-zuvor\/","url":"https:\/\/www.strassenweb.de\/nachrichten\/der-white-company-adventskalender-der-jedes-jahr-ausverkauft-ist-ist-endlich-da-und-er-ist-schoener-als-je-zuvor\/","name":"Der White Company-Adventskalender, der jedes Jahr ausverkauft ist, ist endlich da \u2013 und er ist sch\u00f6ner als je zuvor - Nachrichten - Stra\u00dfenweb","isPartOf":{"@id":"https:\/\/www.strassenweb.de\/nachrichten\/#website"},"primaryImageOfPage":{"@id":"https:\/\/www.strassenweb.de\/nachrichten\/der-white-company-adventskalender-der-jedes-jahr-ausverkauft-ist-ist-endlich-da-und-er-ist-schoener-als-je-zuvor\/#primaryimage"},"image":{"@id":"https:\/\/www.strassenweb.de\/nachrichten\/der-white-company-adventskalender-der-jedes-jahr-ausverkauft-ist-ist-endlich-da-und-er-ist-schoener-als-je-zuvor\/#primaryimage"},"thumbnailUrl":"https:\/\/www.strassenweb.de\/nachrichten\/wp-content\/uploads\/2025\/10\/Der-White-Company-Adventskalender-der-jedes-Jahr-ausverkauft-ist-ist-endlich.jpg","datePublished":"2025-10-26T11:39:26+00:00","dateModified":"2025-10-26T11:39:27+00:00","breadcrumb":{"@id":"https:\/\/www.strassenweb.de\/nachrichten\/der-white-company-adventskalender-der-jedes-jahr-ausverkauft-ist-ist-endlich-da-und-er-ist-schoener-als-je-zuvor\/#breadcrumb"},"inLanguage":"de","potentialAction":[{"@type":"ReadAction","target":["https:\/\/www.strassenweb.de\/nachrichten\/der-white-company-adventskalender-der-jedes-jahr-ausverkauft-ist-ist-endlich-da-und-er-ist-schoener-als-je-zuvor\/"]}]},{"@type":"ImageObject","inLanguage":"de","@id":"https:\/\/www.strassenweb.de\/nachrichten\/der-white-company-adventskalender-der-jedes-jahr-ausverkauft-ist-ist-endlich-da-und-er-ist-schoener-als-je-zuvor\/#primaryimage","url":"https:\/\/www.strassenweb.de\/nachrichten\/wp-content\/uploads\/2025\/10\/Der-White-Company-Adventskalender-der-jedes-Jahr-ausverkauft-ist-ist-endlich.jpg","contentUrl":"https:\/\/www.strassenweb.de\/nachrichten\/wp-content\/uploads\/2025\/10\/Der-White-Company-Adventskalender-der-jedes-Jahr-ausverkauft-ist-ist-endlich.jpg","width":1920,"height":1080,"caption":"The White Company Advent Calendar"},{"@type":"BreadcrumbList","@id":"https:\/\/www.strassenweb.de\/nachrichten\/der-white-company-adventskalender-der-jedes-jahr-ausverkauft-ist-ist-endlich-da-und-er-ist-schoener-als-je-zuvor\/#breadcrumb","itemListElement":[{"@type":"ListItem","position":1,"name":"Home","item":"https:\/\/www.strassenweb.de\/nachrichten\/"},{"@type":"ListItem","position":2,"name":"Der White Company-Adventskalender, der jedes Jahr ausverkauft ist, ist endlich da \u2013 und er ist sch\u00f6ner als je zuvor"}]},{"@type":"WebSite","@id":"https:\/\/www.strassenweb.de\/nachrichten\/#website","url":"https:\/\/www.strassenweb.de\/nachrichten\/","name":"Stra\u00dfenweb","description":"Stra\u00dfenverzeichnis f\u00fcr Deutschland","publisher":{"@id":"https:\/\/www.strassenweb.de\/nachrichten\/#organization"},"potentialAction":[{"@type":"SearchAction","target":{"@type":"EntryPoint","urlTemplate":"https:\/\/www.strassenweb.de\/nachrichten\/?s={search_term_string}"},"query-input":{"@type":"PropertyValueSpecification","valueRequired":true,"valueName":"search_term_string"}}],"inLanguage":"de"},{"@type":"Organization","@id":"https:\/\/www.strassenweb.de\/nachrichten\/#organization","name":"Stra\u00dfenweb","url":"https:\/\/www.strassenweb.de\/nachrichten\/","logo":{"@type":"ImageObject","inLanguage":"de","@id":"https:\/\/www.strassenweb.de\/nachrichten\/#\/schema\/logo\/image\/","url":"https:\/\/www.strassenweb.de\/nachrichten\/wp-content\/uploads\/2024\/09\/cropped-favicon.png","contentUrl":"https:\/\/www.strassenweb.de\/nachrichten\/wp-content\/uploads\/2024\/09\/cropped-favicon.png","width":512,"height":512,"caption":"Stra\u00dfenweb"},"image":{"@id":"https:\/\/www.strassenweb.de\/nachrichten\/#\/schema\/logo\/image\/"},"sameAs":["https:\/\/www.facebook.com\/strassenweb\/"]},{"@type":"Person","@id":"https:\/\/www.strassenweb.de\/nachrichten\/#\/schema\/person\/87c9c9067f1211da429a744dc5a5aa41","name":"Robert Hoffmann","image":{"@type":"ImageObject","inLanguage":"de","@id":"https:\/\/www.strassenweb.de\/nachrichten\/wp-content\/uploads\/2024\/09\/strassenweb-150x150.jpg","url":"https:\/\/www.strassenweb.de\/nachrichten\/wp-content\/uploads\/2024\/09\/strassenweb-150x150.jpg","contentUrl":"https:\/\/www.strassenweb.de\/nachrichten\/wp-content\/uploads\/2024\/09\/strassenweb-150x150.jpg","caption":"Robert Hoffmann"},"description":"Ich hei\u00dfe Robert Hoffmann und ich bin ein leidenschaftlicher Verfechter von \u00d6kologie und Biodiversit\u00e4t. Seit meiner Kindheit in den W\u00e4ldern Bayerns f\u00fchle ich mich mit der Natur verbunden und bin entschlossen, sie zu sch\u00fctzen. Heute widme ich mein Leben der Sensibilisierung anderer f\u00fcr die Bedeutung des Umweltschutzes f\u00fcr zuk\u00fcnftige Generationen.","sameAs":["https:\/\/www.strassenweb.de\/"]}]}},"_links":{"self":[{"href":"https:\/\/www.strassenweb.de\/nachrichten\/wp-json\/wp\/v2\/posts\/8785","targetHints":{"allow":["GET"]}}],"collection":[{"href":"https:\/\/www.strassenweb.de\/nachrichten\/wp-json\/wp\/v2\/posts"}],"about":[{"href":"https:\/\/www.strassenweb.de\/nachrichten\/wp-json\/wp\/v2\/types\/post"}],"author":[{"embeddable":true,"href":"https:\/\/www.strassenweb.de\/nachrichten\/wp-json\/wp\/v2\/users\/1"}],"replies":[{"embeddable":true,"href":"https:\/\/www.strassenweb.de\/nachrichten\/wp-json\/wp\/v2\/comments?post=8785"}],"version-history":[{"count":0,"href":"https:\/\/www.strassenweb.de\/nachrichten\/wp-json\/wp\/v2\/posts\/8785\/revisions"}],"wp:featuredmedia":[{"embeddable":true,"href":"https:\/\/www.strassenweb.de\/nachrichten\/wp-json\/wp\/v2\/media\/8786"}],"wp:attachment":[{"href":"https:\/\/www.strassenweb.de\/nachrichten\/wp-json\/wp\/v2\/media?parent=8785"}],"wp:term":[{"taxonomy":"category","embeddable":true,"href":"https:\/\/www.strassenweb.de\/nachrichten\/wp-json\/wp\/v2\/categories?post=8785"},{"taxonomy":"post_tag","embeddable":true,"href":"https:\/\/www.strassenweb.de\/nachrichten\/wp-json\/wp\/v2\/tags?post=8785"}],"curies":[{"name":"wp","href":"https:\/\/api.w.org\/{rel}","templated":true}]}}