{"id":8773,"date":"2025-10-26T01:39:24","date_gmt":"2025-10-25T23:39:24","guid":{"rendered":"https:\/\/www.strassenweb.de\/nachrichten\/nate-berkus-kann-nicht-glauben-dass-er-diesen-weit-verbreiteten-designtrend-mag-hier-sind-seine-ungefilterten-ansichten-darueber-was-im-design-angesagt-ist-und-was-nicht\/"},"modified":"2025-10-26T01:39:27","modified_gmt":"2025-10-25T23:39:27","slug":"nate-berkus-kann-nicht-glauben-dass-er-diesen-weit-verbreiteten-designtrend-mag-hier-sind-seine-ungefilterten-ansichten-darueber-was-im-design-angesagt-ist-und-was-nicht","status":"publish","type":"post","link":"https:\/\/www.strassenweb.de\/nachrichten\/nate-berkus-kann-nicht-glauben-dass-er-diesen-weit-verbreiteten-designtrend-mag-hier-sind-seine-ungefilterten-ansichten-darueber-was-im-design-angesagt-ist-und-was-nicht\/","title":{"rendered":"Nate Berkus kann nicht glauben, dass er diesen weit verbreiteten Designtrend mag \u2013 hier sind seine ungefilterten Ansichten dar\u00fcber, was im Design angesagt ist und was nicht"},"content":{"rendered":"<p><\/p>\n<div id=\"article-body\" class=\"article__body \">\n<p id=\"e83729f8-ac4d-4070-8fa2-4e459f6b6dea\">Wir sch\u00e4tzen Innenarchitekten f\u00fcr ihr Fachwissen, ihre Meinungen und ihre Einblicke in alle Arten von Einrichtungsideen. Aber haben Sie sich jemals gefragt, was die Profis denken? <em>Trends <\/em>\u2013 die m\u00f6glicherweise fl\u00fcchtigen, aber dennoch allgegenw\u00e4rtigen Ideen, die sich in der gesamten Designwelt verbreiten?<\/p>\n<div id=\"ad-unit-1\" class=\"ad-unit\"><\/div>\n<p>Zu unserem Gl\u00fcck ist Nate Berkus hier, um uns die Antworten zu geben. In einem aktuellen Instagram-Video \u00e4u\u00dferte der Innenarchitekt seine Meinung zu drei beliebten Innenarchitekturtrends, die in letzter Zeit die Designszene erobern \u2013 und er hielt sich nicht zur\u00fcck.<\/p>\n<div class=\"instagram-embed\" id=\"DP_q4TBgJdh\">\n<blockquote class=\"instagram-media\" data-instgrm-captioned data-instgrm-version=\"6\" style=\"width:99.375%; width:-webkit-calc(100% - 2px); width:calc(100% - 2px);\">\n<p>Ein von Nate Berkus (@nateberkus) geteilter Beitrag<\/p>\n<p>Ein Foto gepostet von am <\/p>\n<\/blockquote>\n<\/div>\n<aside data-block-type=\"embed\" data-render-type=\"fte\" data-skip=\"dealsy\" data-widget-type=\"seasonal\" class=\"hawk-root\"><\/aside>\n<p id=\"cc05bf99-9df6-4d86-8b76-4abd1b906491-0\">Bei einem kann er nicht glauben, dass es ihm gef\u00e4llt. Bei einem anderen gibt er entschieden zu, dass er nicht mitmachen kann. Lesen Sie weiter, um Nates ungefilterte Meinung zu den derzeit angesagtesten Designtrends zu erfahren.<\/p>\n<div class=\"van_vid_carousel\">\n<div class=\"van_vid_carousel__padding\">\n<div class=\"van_vid_carousel__container\"><\/div>\n<\/div>\n<\/div>\n<h3 class=\"article-body__section\" id=\"section-1-the-unexpected-red-theory\"><span>1. Die \u201eUnerwartetes Rot\u201c-Theorie<\/span><\/h3>\n<figure class=\"van-image-figure inline-layout \" data-bordeaux-image-check id=\"b4fba41a-50c8-4659-9409-974f5819d48f\">\n<div class=\"image-full-width-wrapper\">\n<div class=\"image-widthsetter\" style=\"max-width:2000px;\"><\/div>\n<\/div>\n<\/figure>\n<p id=\"bc0fe496-deb3-4fc7-8f43-42ba2d4a77db\">Die vom Inhaltsersteller und Innenarchitekten Taylor Simon gepr\u00e4gte unerwartete Rottheorie erkl\u00e4rt, dass das Hinzuf\u00fcgen eines Hauchs von Rot zu einem Raum \u2013 sei es in Form eines kleinen Bilderrahmens, eines gro\u00dfen Stuhls oder eines bemalten T\u00fcrrahmens \u2013 den Raum aufwerten und ihm ein frisches, einzigartiges und optisch ansprechendes Gef\u00fchl verleihen kann.<\/p>\n<div id=\"ad-unit-2\" class=\"ad-unit\"><\/div>\n<p>Ein Jahr nach ihrer Entwicklung sorgt die unerwartete rote Theorie immer noch f\u00fcr Aufsehen in der Innenarchitekturszene. Au\u00dferdem hat es das G\u00fctesiegel von Nate Berkus erhalten. \u201eIch kann nicht glauben, dass ich das sage, aber ich stehe tats\u00e4chlich auf dieses rote Ding\u201c, sagt Nate \u00fcber den Trend. Er unterscheidet, dass sich die Theorie des unerwarteten Rots nicht auf einen von roter Farbe durchtr\u00e4nkten Raum bezieht, sondern auf eine einfache \u201erote Linie\u201c, die fast \u00fcberraschend wirkt.<\/p>\n<p>\u201eIch pers\u00f6nlich w\u00fcrde es eher f\u00fcr ein Kinderzimmer nutzen\u201c, meint Nate. Dennoch ist es eine lustige und abenteuerliche Designidee, die Nate unterst\u00fctzt.<\/p>\n<div class=\"product-container hero-product-container product-block-no-wrap\">\n<div class=\"product-block-row\"><\/div>\n<div class=\"product-block-row\"><\/div>\n<div class=\"product-block-row\"><\/div>\n<\/div>\n<h3 class=\"article-body__section\" id=\"section-2-the-whimsigoth-trend\"><span>2. Der \u201eWhimsigoth\u201c-Trend<\/span><\/h3>\n<figure class=\"van-image-figure inline-layout \" data-bordeaux-image-check id=\"370c39c7-2fe6-4ef1-ba9e-349fcda49fbf\">\n<div class=\"image-full-width-wrapper\">\n<div class=\"image-widthsetter\" style=\"max-width:2000px;\"><\/div>\n<\/div>\n<\/figure>\n<p id=\"90647ac7-dded-42a7-a10f-af5b5f6f3a96\">\u201eIch muss euch sagen, das ist nichts f\u00fcr mich\u201c, sagt Nate \u00fcber den skurrilen Einrichtungstrend. Als \u00c4sthetik, die Elemente der gotischen Innenarchitektur mit skurrilem, \u00e4therischem Charme verbindet, hat der Whimsigoth-Trend eine besondere Bedeutung <em>sehr <\/em>spezifischer Look \u2013 ein Look, der definitiv nicht jedermanns Sache ist.<\/p>\n<div id=\"slice-container-newsletterForm-articleInbodyContent-bzXgLocVp7mQawiPdv2M8L\" class=\"slice-container newsletter-inbodyContent-slice newsletterForm-articleInbodyContent-bzXgLocVp7mQawiPdv2M8L slice-container-newsletterForm\"><\/div>\n<p>\u201eIch mag das Ausgefallene, aber mit Gothic (Stil) tue ich mich wirklich schwer\u201c, sagt der Designer, w\u00e4hrend er sich unaufgeregt an ein altes Projekt erinnert, das er f\u00fcr einen Kunden fertiggestellt hat, der sich Gothic-Stil w\u00fcnschte. \u201eIch kann es nicht tun.\u201c Ich kann es nicht!&#8216; Nate bemerkt. \u201eIch mag die Laune; Ich mag Gothic nicht.\u2018<\/p>\n<p>Der Whimsigoth-Trend erh\u00e4lt also teilweise Zustimmung von Nate. Obwohl dieser Trend polarisierend wirken kann, ist er auf jeden Fall spannend. Wenn Sie dunkle, stimmungsvolle R\u00e4ume mit einer belebenden und verspielten Note m\u00f6gen, probieren Sie Whimsigoth in Ihrem Zuhause aus.<\/p>\n<div class=\"product-container hero-product-container product-block-no-wrap\">\n<div class=\"product-block-row\"><\/div>\n<div class=\"product-block-row\"><\/div>\n<div class=\"product-block-row\"><\/div>\n<\/div>\n<h3 class=\"article-body__section\" id=\"section-3-downton-abbey-kitchens\"><span>3. \u201eDownton Abbey\u201c-K\u00fcchen<\/span><\/h3>\n<figure class=\"van-image-figure inline-layout \" data-bordeaux-image-check id=\"dc14d8ee-ce89-45c0-8ef1-9fbd6b89e632\">\n<div class=\"image-full-width-wrapper\">\n<div class=\"image-widthsetter\" style=\"max-width:2000px;\"><\/div>\n<\/div>\n<\/figure>\n<p id=\"36623919-7bcc-4795-a421-c248899b3a1b\">Auch wenn Sie die erfolgreiche TV-Serie noch nie gesehen haben <em>Downton Abbey<\/em>Sie haben wahrscheinlich eine gesehen <em>Downton Abbey<\/em>-Stilk\u00fcche. Stellen Sie sich eine gro\u00dfe, traditionelle K\u00fcche mit einem freistehenden Holztisch als Insel, an den W\u00e4nden h\u00e4ngenden Topfablagen und offenen K\u00fcchenregalen vor. Laut Nate Berkus ist es nicht wirklich fair, dies als K\u00fcchentrend zu bezeichnen.<\/p>\n<p>\u201eDas ist mit Sicherheit einer meiner Favoriten.\u201c \u201eIch glaube nicht einmal, dass das ein Trend ist\u201c, bemerkt der Designer <em>Downton Abbey<\/em> K\u00fcchen. Er bezeichnet sie als \u201ezerlegte\u201c K\u00fcchen und erw\u00e4hnt sogar, dass er und sein Mann Jeremiah Brent gerade eine in ihrem Haus bauen.<\/p>\n<p>\u201eDa ist etwas dran <em>Downton Abbey<\/em> \u201eDie Kellerk\u00fcche \u2013 voll funktionsf\u00e4hig, aber ganz im Vintage-Stil \u2013 finde ich unglaublich sch\u00f6n\u201c, sagt Nate. \u201eJa, Daumen hoch, ja!\u201c<\/p>\n<div class=\"product-container hero-product-container product-block-no-wrap\">\n<div class=\"product-block-row\"><\/div>\n<div class=\"product-block-row\"><\/div>\n<div class=\"product-block-row\"><\/div>\n<\/div>\n<hr id=\"6877a1ea-11f0-4773-a06a-d9b5e06e0393\">\n<p id=\"3281d345-9564-4f3d-acaa-6bce62a434cc\">Nates Urteil steht fest und wie sich herausstellt, ist er damit einverstanden <em>manche <\/em>der beliebtesten Designtrends von heute.<\/p>\n<p>Aber was ist mit den Trends, die Designer im Jahr 2025 nicht mehr sehen wollen? Abgesehen von Nates Abneigung gegen Skurrilit\u00e4t gibt es noch einige weitere Trends, die Innenarchitekten nicht lieben.<\/p>\n<div class=\"block\" id=\"articleTag\" data-component-name=\"PostArticleLinks\">\n<div class=\"border-b border-b-black border-solid py-2.5 text-black font-bold uppercase\">THEMEN<\/div>\n<nav class=\"py-2.5 flex gap-2.5 flex-wrap\" data-analytics-id=\"article-tag\">\n<p>Nate Berkus<\/p>\n<\/nav>\n<\/div>\n<\/div>\n<p><script async src=\"\/\/www.instagram.com\/embed.js\"><\/script><\/p>\n","protected":false},"excerpt":{"rendered":"<p>Wir sch\u00e4tzen Innenarchitekten f\u00fcr ihr Fachwissen, ihre Meinungen und ihre Einblicke in alle Arten von Einrichtungsideen. Aber haben Sie sich jemals gefragt, was die Profis<\/p>\n","protected":false},"author":1,"featured_media":8774,"comment_status":"closed","ping_status":"","sticky":false,"template":"","format":"standard","meta":{"footnotes":""},"categories":[118],"tags":[11115,11114,5287,249,51,679,7755,208,1681,163,15,781,1830,5286,61,186,58,37,11113,11112,11111],"class_list":["post-8773","post","type-post","status-publish","format-standard","has-post-thumbnail","hentry","category-haus-garten","tag-angesagt","tag-ansichten","tag-berkus","tag-darueber","tag-dass","tag-design","tag-designtrend","tag-diesen","tag-glauben","tag-hier","tag-ist","tag-kann","tag-mag","tag-nate","tag-nicht","tag-seine","tag-sind","tag-und","tag-ungefilterten","tag-verbreiteten","tag-weit","generate-columns","tablet-grid-50","mobile-grid-100","grid-parent","grid-50"],"yoast_head":"<!-- This site is optimized with the Yoast SEO plugin v27.3 - https:\/\/yoast.com\/product\/yoast-seo-wordpress\/ -->\n<title>Nate Berkus kann nicht glauben, dass er diesen weit verbreiteten Designtrend mag \u2013 hier sind seine ungefilterten Ansichten dar\u00fcber, was im Design angesagt ist und was nicht - Nachrichten - Stra\u00dfenweb<\/title>\n<meta name=\"robots\" content=\"index, follow, max-snippet:-1, max-image-preview:large, max-video-preview:-1\" \/>\n<link rel=\"canonical\" href=\"https:\/\/www.strassenweb.de\/nachrichten\/nate-berkus-kann-nicht-glauben-dass-er-diesen-weit-verbreiteten-designtrend-mag-hier-sind-seine-ungefilterten-ansichten-darueber-was-im-design-angesagt-ist-und-was-nicht\/\" \/>\n<meta property=\"og:locale\" content=\"de_DE\" \/>\n<meta property=\"og:type\" content=\"article\" \/>\n<meta property=\"og:title\" content=\"Nate Berkus kann nicht glauben, dass er diesen weit verbreiteten Designtrend mag \u2013 hier sind seine ungefilterten Ansichten dar\u00fcber, was im Design angesagt ist und was nicht - Nachrichten - Stra\u00dfenweb\" \/>\n<meta property=\"og:description\" content=\"Wir sch\u00e4tzen Innenarchitekten f\u00fcr ihr Fachwissen, ihre Meinungen und ihre Einblicke in alle Arten von Einrichtungsideen. Aber haben Sie sich jemals gefragt, was die Profis\" \/>\n<meta property=\"og:url\" content=\"https:\/\/www.strassenweb.de\/nachrichten\/nate-berkus-kann-nicht-glauben-dass-er-diesen-weit-verbreiteten-designtrend-mag-hier-sind-seine-ungefilterten-ansichten-darueber-was-im-design-angesagt-ist-und-was-nicht\/\" \/>\n<meta property=\"og:site_name\" content=\"Stra\u00dfenweb\" \/>\n<meta property=\"article:publisher\" content=\"https:\/\/www.facebook.com\/strassenweb\/\" \/>\n<meta property=\"article:published_time\" content=\"2025-10-25T23:39:24+00:00\" \/>\n<meta property=\"article:modified_time\" content=\"2025-10-25T23:39:27+00:00\" \/>\n<meta property=\"og:image\" content=\"https:\/\/www.strassenweb.de\/nachrichten\/wp-content\/uploads\/2025\/10\/Nate-Berkus-kann-nicht-glauben-dass-er-diesen-weit-verbreiteten.png\" \/>\n\t<meta property=\"og:image:width\" content=\"1600\" \/>\n\t<meta property=\"og:image:height\" content=\"900\" \/>\n\t<meta property=\"og:image:type\" content=\"image\/png\" \/>\n<meta name=\"author\" content=\"Robert Hoffmann\" \/>\n<meta name=\"twitter:card\" content=\"summary_large_image\" \/>\n<meta name=\"twitter:label1\" content=\"Verfasst von\" \/>\n\t<meta name=\"twitter:data1\" content=\"Robert Hoffmann\" \/>\n\t<meta name=\"twitter:label2\" content=\"Gesch\u00e4tzte Lesezeit\" \/>\n\t<meta name=\"twitter:data2\" content=\"3\u00a0Minuten\" \/>\n<script type=\"application\/ld+json\" class=\"yoast-schema-graph\">{\"@context\":\"https:\\\/\\\/schema.org\",\"@graph\":[{\"@type\":\"Article\",\"@id\":\"https:\\\/\\\/www.strassenweb.de\\\/nachrichten\\\/nate-berkus-kann-nicht-glauben-dass-er-diesen-weit-verbreiteten-designtrend-mag-hier-sind-seine-ungefilterten-ansichten-darueber-was-im-design-angesagt-ist-und-was-nicht\\\/#article\",\"isPartOf\":{\"@id\":\"https:\\\/\\\/www.strassenweb.de\\\/nachrichten\\\/nate-berkus-kann-nicht-glauben-dass-er-diesen-weit-verbreiteten-designtrend-mag-hier-sind-seine-ungefilterten-ansichten-darueber-was-im-design-angesagt-ist-und-was-nicht\\\/\"},\"author\":{\"name\":\"Robert Hoffmann\",\"@id\":\"https:\\\/\\\/www.strassenweb.de\\\/nachrichten\\\/#\\\/schema\\\/person\\\/87c9c9067f1211da429a744dc5a5aa41\"},\"headline\":\"Nate Berkus kann nicht glauben, dass er diesen weit verbreiteten Designtrend mag \u2013 hier sind seine ungefilterten Ansichten dar\u00fcber, was im Design angesagt ist und was nicht\",\"datePublished\":\"2025-10-25T23:39:24+00:00\",\"dateModified\":\"2025-10-25T23:39:27+00:00\",\"mainEntityOfPage\":{\"@id\":\"https:\\\/\\\/www.strassenweb.de\\\/nachrichten\\\/nate-berkus-kann-nicht-glauben-dass-er-diesen-weit-verbreiteten-designtrend-mag-hier-sind-seine-ungefilterten-ansichten-darueber-was-im-design-angesagt-ist-und-was-nicht\\\/\"},\"wordCount\":667,\"publisher\":{\"@id\":\"https:\\\/\\\/www.strassenweb.de\\\/nachrichten\\\/#organization\"},\"image\":{\"@id\":\"https:\\\/\\\/www.strassenweb.de\\\/nachrichten\\\/nate-berkus-kann-nicht-glauben-dass-er-diesen-weit-verbreiteten-designtrend-mag-hier-sind-seine-ungefilterten-ansichten-darueber-was-im-design-angesagt-ist-und-was-nicht\\\/#primaryimage\"},\"thumbnailUrl\":\"https:\\\/\\\/www.strassenweb.de\\\/nachrichten\\\/wp-content\\\/uploads\\\/2025\\\/10\\\/Nate-Berkus-kann-nicht-glauben-dass-er-diesen-weit-verbreiteten.png\",\"keywords\":[\"angesagt\",\"Ansichten\",\"Berkus\",\"dar\u00fcber\",\"dass\",\"Design\",\"Designtrend\",\"diesen\",\"glauben\",\"hier\",\"ist\",\"kann\",\"mag\",\"Nate\",\"nicht\",\"seine\",\"sind\",\"und\",\"ungefilterten\",\"verbreiteten\",\"weit\"],\"articleSection\":[\"Haus &amp; Garten\"],\"inLanguage\":\"de\"},{\"@type\":\"WebPage\",\"@id\":\"https:\\\/\\\/www.strassenweb.de\\\/nachrichten\\\/nate-berkus-kann-nicht-glauben-dass-er-diesen-weit-verbreiteten-designtrend-mag-hier-sind-seine-ungefilterten-ansichten-darueber-was-im-design-angesagt-ist-und-was-nicht\\\/\",\"url\":\"https:\\\/\\\/www.strassenweb.de\\\/nachrichten\\\/nate-berkus-kann-nicht-glauben-dass-er-diesen-weit-verbreiteten-designtrend-mag-hier-sind-seine-ungefilterten-ansichten-darueber-was-im-design-angesagt-ist-und-was-nicht\\\/\",\"name\":\"Nate Berkus kann nicht glauben, dass er diesen weit verbreiteten Designtrend mag \u2013 hier sind seine ungefilterten Ansichten dar\u00fcber, was im Design angesagt ist und was nicht - Nachrichten - Stra\u00dfenweb\",\"isPartOf\":{\"@id\":\"https:\\\/\\\/www.strassenweb.de\\\/nachrichten\\\/#website\"},\"primaryImageOfPage\":{\"@id\":\"https:\\\/\\\/www.strassenweb.de\\\/nachrichten\\\/nate-berkus-kann-nicht-glauben-dass-er-diesen-weit-verbreiteten-designtrend-mag-hier-sind-seine-ungefilterten-ansichten-darueber-was-im-design-angesagt-ist-und-was-nicht\\\/#primaryimage\"},\"image\":{\"@id\":\"https:\\\/\\\/www.strassenweb.de\\\/nachrichten\\\/nate-berkus-kann-nicht-glauben-dass-er-diesen-weit-verbreiteten-designtrend-mag-hier-sind-seine-ungefilterten-ansichten-darueber-was-im-design-angesagt-ist-und-was-nicht\\\/#primaryimage\"},\"thumbnailUrl\":\"https:\\\/\\\/www.strassenweb.de\\\/nachrichten\\\/wp-content\\\/uploads\\\/2025\\\/10\\\/Nate-Berkus-kann-nicht-glauben-dass-er-diesen-weit-verbreiteten.png\",\"datePublished\":\"2025-10-25T23:39:24+00:00\",\"dateModified\":\"2025-10-25T23:39:27+00:00\",\"breadcrumb\":{\"@id\":\"https:\\\/\\\/www.strassenweb.de\\\/nachrichten\\\/nate-berkus-kann-nicht-glauben-dass-er-diesen-weit-verbreiteten-designtrend-mag-hier-sind-seine-ungefilterten-ansichten-darueber-was-im-design-angesagt-ist-und-was-nicht\\\/#breadcrumb\"},\"inLanguage\":\"de\",\"potentialAction\":[{\"@type\":\"ReadAction\",\"target\":[\"https:\\\/\\\/www.strassenweb.de\\\/nachrichten\\\/nate-berkus-kann-nicht-glauben-dass-er-diesen-weit-verbreiteten-designtrend-mag-hier-sind-seine-ungefilterten-ansichten-darueber-was-im-design-angesagt-ist-und-was-nicht\\\/\"]}]},{\"@type\":\"ImageObject\",\"inLanguage\":\"de\",\"@id\":\"https:\\\/\\\/www.strassenweb.de\\\/nachrichten\\\/nate-berkus-kann-nicht-glauben-dass-er-diesen-weit-verbreiteten-designtrend-mag-hier-sind-seine-ungefilterten-ansichten-darueber-was-im-design-angesagt-ist-und-was-nicht\\\/#primaryimage\",\"url\":\"https:\\\/\\\/www.strassenweb.de\\\/nachrichten\\\/wp-content\\\/uploads\\\/2025\\\/10\\\/Nate-Berkus-kann-nicht-glauben-dass-er-diesen-weit-verbreiteten.png\",\"contentUrl\":\"https:\\\/\\\/www.strassenweb.de\\\/nachrichten\\\/wp-content\\\/uploads\\\/2025\\\/10\\\/Nate-Berkus-kann-nicht-glauben-dass-er-diesen-weit-verbreiteten.png\",\"width\":1600,\"height\":900,\"caption\":\"a large kitchen with teal cabinetry, a white oven, red wall sconces, and a white marble backsplash\"},{\"@type\":\"BreadcrumbList\",\"@id\":\"https:\\\/\\\/www.strassenweb.de\\\/nachrichten\\\/nate-berkus-kann-nicht-glauben-dass-er-diesen-weit-verbreiteten-designtrend-mag-hier-sind-seine-ungefilterten-ansichten-darueber-was-im-design-angesagt-ist-und-was-nicht\\\/#breadcrumb\",\"itemListElement\":[{\"@type\":\"ListItem\",\"position\":1,\"name\":\"Home\",\"item\":\"https:\\\/\\\/www.strassenweb.de\\\/nachrichten\\\/\"},{\"@type\":\"ListItem\",\"position\":2,\"name\":\"Nate Berkus kann nicht glauben, dass er diesen weit verbreiteten Designtrend mag \u2013 hier sind seine ungefilterten Ansichten dar\u00fcber, was im Design angesagt ist und was nicht\"}]},{\"@type\":\"WebSite\",\"@id\":\"https:\\\/\\\/www.strassenweb.de\\\/nachrichten\\\/#website\",\"url\":\"https:\\\/\\\/www.strassenweb.de\\\/nachrichten\\\/\",\"name\":\"Stra\u00dfenweb\",\"description\":\"Stra\u00dfenverzeichnis f\u00fcr Deutschland\",\"publisher\":{\"@id\":\"https:\\\/\\\/www.strassenweb.de\\\/nachrichten\\\/#organization\"},\"potentialAction\":[{\"@type\":\"SearchAction\",\"target\":{\"@type\":\"EntryPoint\",\"urlTemplate\":\"https:\\\/\\\/www.strassenweb.de\\\/nachrichten\\\/?s={search_term_string}\"},\"query-input\":{\"@type\":\"PropertyValueSpecification\",\"valueRequired\":true,\"valueName\":\"search_term_string\"}}],\"inLanguage\":\"de\"},{\"@type\":\"Organization\",\"@id\":\"https:\\\/\\\/www.strassenweb.de\\\/nachrichten\\\/#organization\",\"name\":\"Stra\u00dfenweb\",\"url\":\"https:\\\/\\\/www.strassenweb.de\\\/nachrichten\\\/\",\"logo\":{\"@type\":\"ImageObject\",\"inLanguage\":\"de\",\"@id\":\"https:\\\/\\\/www.strassenweb.de\\\/nachrichten\\\/#\\\/schema\\\/logo\\\/image\\\/\",\"url\":\"https:\\\/\\\/www.strassenweb.de\\\/nachrichten\\\/wp-content\\\/uploads\\\/2024\\\/09\\\/cropped-favicon.png\",\"contentUrl\":\"https:\\\/\\\/www.strassenweb.de\\\/nachrichten\\\/wp-content\\\/uploads\\\/2024\\\/09\\\/cropped-favicon.png\",\"width\":512,\"height\":512,\"caption\":\"Stra\u00dfenweb\"},\"image\":{\"@id\":\"https:\\\/\\\/www.strassenweb.de\\\/nachrichten\\\/#\\\/schema\\\/logo\\\/image\\\/\"},\"sameAs\":[\"https:\\\/\\\/www.facebook.com\\\/strassenweb\\\/\"]},{\"@type\":\"Person\",\"@id\":\"https:\\\/\\\/www.strassenweb.de\\\/nachrichten\\\/#\\\/schema\\\/person\\\/87c9c9067f1211da429a744dc5a5aa41\",\"name\":\"Robert Hoffmann\",\"image\":{\"@type\":\"ImageObject\",\"inLanguage\":\"de\",\"@id\":\"https:\\\/\\\/www.strassenweb.de\\\/nachrichten\\\/wp-content\\\/uploads\\\/2024\\\/09\\\/strassenweb-150x150.jpg\",\"url\":\"https:\\\/\\\/www.strassenweb.de\\\/nachrichten\\\/wp-content\\\/uploads\\\/2024\\\/09\\\/strassenweb-150x150.jpg\",\"contentUrl\":\"https:\\\/\\\/www.strassenweb.de\\\/nachrichten\\\/wp-content\\\/uploads\\\/2024\\\/09\\\/strassenweb-150x150.jpg\",\"caption\":\"Robert Hoffmann\"},\"description\":\"Ich hei\u00dfe Robert Hoffmann und ich bin ein leidenschaftlicher Verfechter von \u00d6kologie und Biodiversit\u00e4t. Seit meiner Kindheit in den W\u00e4ldern Bayerns f\u00fchle ich mich mit der Natur verbunden und bin entschlossen, sie zu sch\u00fctzen. Heute widme ich mein Leben der Sensibilisierung anderer f\u00fcr die Bedeutung des Umweltschutzes f\u00fcr zuk\u00fcnftige Generationen.\",\"sameAs\":[\"https:\\\/\\\/www.strassenweb.de\\\/\"]}]}<\/script>\n<!-- \/ Yoast SEO plugin. -->","yoast_head_json":{"title":"Nate Berkus kann nicht glauben, dass er diesen weit verbreiteten Designtrend mag \u2013 hier sind seine ungefilterten Ansichten dar\u00fcber, was im Design angesagt ist und was nicht - Nachrichten - Stra\u00dfenweb","robots":{"index":"index","follow":"follow","max-snippet":"max-snippet:-1","max-image-preview":"max-image-preview:large","max-video-preview":"max-video-preview:-1"},"canonical":"https:\/\/www.strassenweb.de\/nachrichten\/nate-berkus-kann-nicht-glauben-dass-er-diesen-weit-verbreiteten-designtrend-mag-hier-sind-seine-ungefilterten-ansichten-darueber-was-im-design-angesagt-ist-und-was-nicht\/","og_locale":"de_DE","og_type":"article","og_title":"Nate Berkus kann nicht glauben, dass er diesen weit verbreiteten Designtrend mag \u2013 hier sind seine ungefilterten Ansichten dar\u00fcber, was im Design angesagt ist und was nicht - Nachrichten - Stra\u00dfenweb","og_description":"Wir sch\u00e4tzen Innenarchitekten f\u00fcr ihr Fachwissen, ihre Meinungen und ihre Einblicke in alle Arten von Einrichtungsideen. Aber haben Sie sich jemals gefragt, was die Profis","og_url":"https:\/\/www.strassenweb.de\/nachrichten\/nate-berkus-kann-nicht-glauben-dass-er-diesen-weit-verbreiteten-designtrend-mag-hier-sind-seine-ungefilterten-ansichten-darueber-was-im-design-angesagt-ist-und-was-nicht\/","og_site_name":"Stra\u00dfenweb","article_publisher":"https:\/\/www.facebook.com\/strassenweb\/","article_published_time":"2025-10-25T23:39:24+00:00","article_modified_time":"2025-10-25T23:39:27+00:00","og_image":[{"width":1600,"height":900,"url":"https:\/\/www.strassenweb.de\/nachrichten\/wp-content\/uploads\/2025\/10\/Nate-Berkus-kann-nicht-glauben-dass-er-diesen-weit-verbreiteten.png","type":"image\/png"}],"author":"Robert Hoffmann","twitter_card":"summary_large_image","twitter_misc":{"Verfasst von":"Robert Hoffmann","Gesch\u00e4tzte Lesezeit":"3\u00a0Minuten"},"schema":{"@context":"https:\/\/schema.org","@graph":[{"@type":"Article","@id":"https:\/\/www.strassenweb.de\/nachrichten\/nate-berkus-kann-nicht-glauben-dass-er-diesen-weit-verbreiteten-designtrend-mag-hier-sind-seine-ungefilterten-ansichten-darueber-was-im-design-angesagt-ist-und-was-nicht\/#article","isPartOf":{"@id":"https:\/\/www.strassenweb.de\/nachrichten\/nate-berkus-kann-nicht-glauben-dass-er-diesen-weit-verbreiteten-designtrend-mag-hier-sind-seine-ungefilterten-ansichten-darueber-was-im-design-angesagt-ist-und-was-nicht\/"},"author":{"name":"Robert Hoffmann","@id":"https:\/\/www.strassenweb.de\/nachrichten\/#\/schema\/person\/87c9c9067f1211da429a744dc5a5aa41"},"headline":"Nate Berkus kann nicht glauben, dass er diesen weit verbreiteten Designtrend mag \u2013 hier sind seine ungefilterten Ansichten dar\u00fcber, was im Design angesagt ist und was nicht","datePublished":"2025-10-25T23:39:24+00:00","dateModified":"2025-10-25T23:39:27+00:00","mainEntityOfPage":{"@id":"https:\/\/www.strassenweb.de\/nachrichten\/nate-berkus-kann-nicht-glauben-dass-er-diesen-weit-verbreiteten-designtrend-mag-hier-sind-seine-ungefilterten-ansichten-darueber-was-im-design-angesagt-ist-und-was-nicht\/"},"wordCount":667,"publisher":{"@id":"https:\/\/www.strassenweb.de\/nachrichten\/#organization"},"image":{"@id":"https:\/\/www.strassenweb.de\/nachrichten\/nate-berkus-kann-nicht-glauben-dass-er-diesen-weit-verbreiteten-designtrend-mag-hier-sind-seine-ungefilterten-ansichten-darueber-was-im-design-angesagt-ist-und-was-nicht\/#primaryimage"},"thumbnailUrl":"https:\/\/www.strassenweb.de\/nachrichten\/wp-content\/uploads\/2025\/10\/Nate-Berkus-kann-nicht-glauben-dass-er-diesen-weit-verbreiteten.png","keywords":["angesagt","Ansichten","Berkus","dar\u00fcber","dass","Design","Designtrend","diesen","glauben","hier","ist","kann","mag","Nate","nicht","seine","sind","und","ungefilterten","verbreiteten","weit"],"articleSection":["Haus &amp; Garten"],"inLanguage":"de"},{"@type":"WebPage","@id":"https:\/\/www.strassenweb.de\/nachrichten\/nate-berkus-kann-nicht-glauben-dass-er-diesen-weit-verbreiteten-designtrend-mag-hier-sind-seine-ungefilterten-ansichten-darueber-was-im-design-angesagt-ist-und-was-nicht\/","url":"https:\/\/www.strassenweb.de\/nachrichten\/nate-berkus-kann-nicht-glauben-dass-er-diesen-weit-verbreiteten-designtrend-mag-hier-sind-seine-ungefilterten-ansichten-darueber-was-im-design-angesagt-ist-und-was-nicht\/","name":"Nate Berkus kann nicht glauben, dass er diesen weit verbreiteten Designtrend mag \u2013 hier sind seine ungefilterten Ansichten dar\u00fcber, was im Design angesagt ist und was nicht - Nachrichten - Stra\u00dfenweb","isPartOf":{"@id":"https:\/\/www.strassenweb.de\/nachrichten\/#website"},"primaryImageOfPage":{"@id":"https:\/\/www.strassenweb.de\/nachrichten\/nate-berkus-kann-nicht-glauben-dass-er-diesen-weit-verbreiteten-designtrend-mag-hier-sind-seine-ungefilterten-ansichten-darueber-was-im-design-angesagt-ist-und-was-nicht\/#primaryimage"},"image":{"@id":"https:\/\/www.strassenweb.de\/nachrichten\/nate-berkus-kann-nicht-glauben-dass-er-diesen-weit-verbreiteten-designtrend-mag-hier-sind-seine-ungefilterten-ansichten-darueber-was-im-design-angesagt-ist-und-was-nicht\/#primaryimage"},"thumbnailUrl":"https:\/\/www.strassenweb.de\/nachrichten\/wp-content\/uploads\/2025\/10\/Nate-Berkus-kann-nicht-glauben-dass-er-diesen-weit-verbreiteten.png","datePublished":"2025-10-25T23:39:24+00:00","dateModified":"2025-10-25T23:39:27+00:00","breadcrumb":{"@id":"https:\/\/www.strassenweb.de\/nachrichten\/nate-berkus-kann-nicht-glauben-dass-er-diesen-weit-verbreiteten-designtrend-mag-hier-sind-seine-ungefilterten-ansichten-darueber-was-im-design-angesagt-ist-und-was-nicht\/#breadcrumb"},"inLanguage":"de","potentialAction":[{"@type":"ReadAction","target":["https:\/\/www.strassenweb.de\/nachrichten\/nate-berkus-kann-nicht-glauben-dass-er-diesen-weit-verbreiteten-designtrend-mag-hier-sind-seine-ungefilterten-ansichten-darueber-was-im-design-angesagt-ist-und-was-nicht\/"]}]},{"@type":"ImageObject","inLanguage":"de","@id":"https:\/\/www.strassenweb.de\/nachrichten\/nate-berkus-kann-nicht-glauben-dass-er-diesen-weit-verbreiteten-designtrend-mag-hier-sind-seine-ungefilterten-ansichten-darueber-was-im-design-angesagt-ist-und-was-nicht\/#primaryimage","url":"https:\/\/www.strassenweb.de\/nachrichten\/wp-content\/uploads\/2025\/10\/Nate-Berkus-kann-nicht-glauben-dass-er-diesen-weit-verbreiteten.png","contentUrl":"https:\/\/www.strassenweb.de\/nachrichten\/wp-content\/uploads\/2025\/10\/Nate-Berkus-kann-nicht-glauben-dass-er-diesen-weit-verbreiteten.png","width":1600,"height":900,"caption":"a large kitchen with teal cabinetry, a white oven, red wall sconces, and a white marble backsplash"},{"@type":"BreadcrumbList","@id":"https:\/\/www.strassenweb.de\/nachrichten\/nate-berkus-kann-nicht-glauben-dass-er-diesen-weit-verbreiteten-designtrend-mag-hier-sind-seine-ungefilterten-ansichten-darueber-was-im-design-angesagt-ist-und-was-nicht\/#breadcrumb","itemListElement":[{"@type":"ListItem","position":1,"name":"Home","item":"https:\/\/www.strassenweb.de\/nachrichten\/"},{"@type":"ListItem","position":2,"name":"Nate Berkus kann nicht glauben, dass er diesen weit verbreiteten Designtrend mag \u2013 hier sind seine ungefilterten Ansichten dar\u00fcber, was im Design angesagt ist und was nicht"}]},{"@type":"WebSite","@id":"https:\/\/www.strassenweb.de\/nachrichten\/#website","url":"https:\/\/www.strassenweb.de\/nachrichten\/","name":"Stra\u00dfenweb","description":"Stra\u00dfenverzeichnis f\u00fcr Deutschland","publisher":{"@id":"https:\/\/www.strassenweb.de\/nachrichten\/#organization"},"potentialAction":[{"@type":"SearchAction","target":{"@type":"EntryPoint","urlTemplate":"https:\/\/www.strassenweb.de\/nachrichten\/?s={search_term_string}"},"query-input":{"@type":"PropertyValueSpecification","valueRequired":true,"valueName":"search_term_string"}}],"inLanguage":"de"},{"@type":"Organization","@id":"https:\/\/www.strassenweb.de\/nachrichten\/#organization","name":"Stra\u00dfenweb","url":"https:\/\/www.strassenweb.de\/nachrichten\/","logo":{"@type":"ImageObject","inLanguage":"de","@id":"https:\/\/www.strassenweb.de\/nachrichten\/#\/schema\/logo\/image\/","url":"https:\/\/www.strassenweb.de\/nachrichten\/wp-content\/uploads\/2024\/09\/cropped-favicon.png","contentUrl":"https:\/\/www.strassenweb.de\/nachrichten\/wp-content\/uploads\/2024\/09\/cropped-favicon.png","width":512,"height":512,"caption":"Stra\u00dfenweb"},"image":{"@id":"https:\/\/www.strassenweb.de\/nachrichten\/#\/schema\/logo\/image\/"},"sameAs":["https:\/\/www.facebook.com\/strassenweb\/"]},{"@type":"Person","@id":"https:\/\/www.strassenweb.de\/nachrichten\/#\/schema\/person\/87c9c9067f1211da429a744dc5a5aa41","name":"Robert Hoffmann","image":{"@type":"ImageObject","inLanguage":"de","@id":"https:\/\/www.strassenweb.de\/nachrichten\/wp-content\/uploads\/2024\/09\/strassenweb-150x150.jpg","url":"https:\/\/www.strassenweb.de\/nachrichten\/wp-content\/uploads\/2024\/09\/strassenweb-150x150.jpg","contentUrl":"https:\/\/www.strassenweb.de\/nachrichten\/wp-content\/uploads\/2024\/09\/strassenweb-150x150.jpg","caption":"Robert Hoffmann"},"description":"Ich hei\u00dfe Robert Hoffmann und ich bin ein leidenschaftlicher Verfechter von \u00d6kologie und Biodiversit\u00e4t. Seit meiner Kindheit in den W\u00e4ldern Bayerns f\u00fchle ich mich mit der Natur verbunden und bin entschlossen, sie zu sch\u00fctzen. Heute widme ich mein Leben der Sensibilisierung anderer f\u00fcr die Bedeutung des Umweltschutzes f\u00fcr zuk\u00fcnftige Generationen.","sameAs":["https:\/\/www.strassenweb.de\/"]}]}},"_links":{"self":[{"href":"https:\/\/www.strassenweb.de\/nachrichten\/wp-json\/wp\/v2\/posts\/8773","targetHints":{"allow":["GET"]}}],"collection":[{"href":"https:\/\/www.strassenweb.de\/nachrichten\/wp-json\/wp\/v2\/posts"}],"about":[{"href":"https:\/\/www.strassenweb.de\/nachrichten\/wp-json\/wp\/v2\/types\/post"}],"author":[{"embeddable":true,"href":"https:\/\/www.strassenweb.de\/nachrichten\/wp-json\/wp\/v2\/users\/1"}],"replies":[{"embeddable":true,"href":"https:\/\/www.strassenweb.de\/nachrichten\/wp-json\/wp\/v2\/comments?post=8773"}],"version-history":[{"count":0,"href":"https:\/\/www.strassenweb.de\/nachrichten\/wp-json\/wp\/v2\/posts\/8773\/revisions"}],"wp:featuredmedia":[{"embeddable":true,"href":"https:\/\/www.strassenweb.de\/nachrichten\/wp-json\/wp\/v2\/media\/8774"}],"wp:attachment":[{"href":"https:\/\/www.strassenweb.de\/nachrichten\/wp-json\/wp\/v2\/media?parent=8773"}],"wp:term":[{"taxonomy":"category","embeddable":true,"href":"https:\/\/www.strassenweb.de\/nachrichten\/wp-json\/wp\/v2\/categories?post=8773"},{"taxonomy":"post_tag","embeddable":true,"href":"https:\/\/www.strassenweb.de\/nachrichten\/wp-json\/wp\/v2\/tags?post=8773"}],"curies":[{"name":"wp","href":"https:\/\/api.w.org\/{rel}","templated":true}]}}