{"id":877,"date":"2024-10-13T03:50:22","date_gmt":"2024-10-13T01:50:22","guid":{"rendered":"https:\/\/www.strassenweb.de\/nachrichten\/ich-habe-den-viralen-trick-zum-aufhaengen-von-jeans-ausprobiert-um-meinen-jeans-aufbewahrungsraum-zu-verdoppeln-und-er-ist-perfekt-fuer-kleine-raeume\/"},"modified":"2024-10-13T03:50:23","modified_gmt":"2024-10-13T01:50:23","slug":"ich-habe-den-viralen-trick-zum-aufhaengen-von-jeans-ausprobiert-um-meinen-jeans-aufbewahrungsraum-zu-verdoppeln-und-er-ist-perfekt-fuer-kleine-raeume","status":"publish","type":"post","link":"https:\/\/www.strassenweb.de\/nachrichten\/ich-habe-den-viralen-trick-zum-aufhaengen-von-jeans-ausprobiert-um-meinen-jeans-aufbewahrungsraum-zu-verdoppeln-und-er-ist-perfekt-fuer-kleine-raeume\/","title":{"rendered":"Ich habe den viralen Trick zum Aufh\u00e4ngen von Jeans ausprobiert, um meinen Jeans-Aufbewahrungsraum zu verdoppeln \u2013 und er ist perfekt f\u00fcr kleine R\u00e4ume"},"content":{"rendered":"<p><\/p>\n<div id=\"article-body\" class=\"article__body \">\n<p>Wenn Sie so sind wie ich, haben Sie wahrscheinlich viel zu viele Jeans (und Hosen) und nicht genug Platz, um sie aufzubewahren.<\/p>\n<div id=\"ad-unit-1\" class=\"ad-unit\"><\/div>\n<p>Da Denim sperrig und schwer ist, muss es richtig gelagert werden, damit Ihre Kleidungsst\u00fccke optimal aussehen. Denn bei richtiger Pflege behalten Denim-Jeans und -Jacken sowohl ihre Form als auch ihre Farbe und k\u00f6nnen jahrelang halten.<\/p>\n<aside class=\"hawk-nest\" data-render-type=\"fte\" data-skip=\"dealsy\" data-widget-type=\"seasonal\">\n<div class=\"hawk-master-widget-hawk-base-wrapper\"><\/div>\n<\/aside>\n<p>Nachdem ich jahrelang meine Jeans in \u00fcberf\u00fcllte Schubladen gestopft hatte, brauchte ich noch ein paar Ideen f\u00fcr die Organisation des Kleiderschranks. Dabei fiel mir dieses virale TikTok-Video auf, das eine geniale M\u00f6glichkeit darstellt, Jeans aufzuh\u00e4ngen, selbst wenn man wenig Platz hat \u2013 und ich konnte es kaum erwarten, es auszuprobieren es raus.<\/p>\n<div id=\"desktop-in-article\" class=\"in-article ad-unit\">\n<div id=\"desktop-taboola-mid-article\"><\/div>\n<\/div>\n<div id=\"mobile-in-article\" class=\"in-article ad-unit\">\n<div id=\"mobile-taboola-mid-article\"><\/div>\n<\/div>\n<h2 id=\"this-viral-jean-hanging-hack-doubles-your-denim-storage-3\">Dieser virale Hack zum Aufh\u00e4ngen von Jeans verdoppelt Ihren Denim-Aufbewahrungsraum<\/h2>\n<blockquote class=\"tiktok-embed\" cite=\"https:\/\/www.tiktok.com\/@miks_tiks\/video\/7221589222078287150\" data-video-id=\"7221589222078287150\" style=\"max-width: 605px; min-width: 325px;\">\n<section>\n<p>@miks_tiks<\/p>\n<p>\u266c Eskapismus. &#8211; Superbeschleunigt &#8211; RAYE<\/section>\n<\/blockquote>\n<p>In einem von Mikayla, @miks_tiks, auf TikTok geposteten Video, das inzwischen fast zwei Millionen Likes gesammelt hat, erkl\u00e4rt sie, wie sie ihre Jeans aufh\u00e4ngt und sagt: \u201eEs ist so einfach und es sieht so gut aus!\u201c<\/p>\n<div class=\"van_vid_carousel\">\n<div class=\"van_vid_carousel__padding\">\n<div class=\"van_vid_carousel__container\"><\/div>\n<\/div>\n<\/div>\n<p>So geht&#8217;s:<\/p>\n<div id=\"ad-unit-2\" class=\"ad-unit\"><\/div>\n<h3 class=\"article-body__section\" id=\"section-step-1-find-a-velvet-hanger\"><span>Schritt 1. Finden Sie einen Kleiderb\u00fcgel aus Samt<\/span><\/h3>\n<p>Das Wichtigste zuerst: Sie ben\u00f6tigen einen Kleiderb\u00fcgel f\u00fcr Ihre Jeans. Wir empfehlen die bei QVC erh\u00e4ltlichen Honey-Can-Do S\/5 Collapsible &#038; 50 Velvet Non-Slip Hangers, die robust, langlebig und rutschfest sind.<\/p>\n<h3 class=\"article-body__section\" id=\"section-step-2-fold\"><span>Schritt 2. Falten<\/span><\/h3>\n<figure class=\"van-image-figure inline-layout \" data-bordeaux-image-check>\n<div class=\"image-full-width-wrapper\">\n<div class=\"image-widthsetter\" style=\"max-width:2000px;\"><\/div>\n<\/div>\n<\/figure>\n<p>Als n\u00e4chstes ist es an der Zeit, Ihre Jeans auf den Kleiderb\u00fcgel zu h\u00e4ngen.<\/p>\n<p>\u201eNimm die Jeans und falte sie vertikal in zwei H\u00e4lften\u201c, sagt Mikayla und faltet die beiden Au\u00dfenn\u00e4hte zusammen. F\u00fchren Sie dann das Jeansbein zuerst durch das Loch im Kleiderb\u00fcgel, bis etwa ein Drittel des Beins durch ist.<\/p>\n<p>Dann legen Sie einfach die hintere G\u00fcrtelschlaufe Ihrer Jeans \u00fcber den Hals des Kleiderb\u00fcgels. \u201eDas ist es!\u201c sagt Mikayla. Dies ist ein toller Trick, um auf kleinem Raum einen farblich organisierten Kleiderschrank zu schaffen, und eignet sich perfekt, um einen Schrank zu organisieren, wenn Sie keinen saisonalen Stauraum haben, da Sie Ihre warmen Winterjeans auch im Sommer neben Ihren leichteren Leinenhosen tragen k\u00f6nnen wenn Sie wenig Platz haben und Ideen f\u00fcr kleine Schr\u00e4nke ben\u00f6tigen.<\/p>\n<figure class=\"van-image-figure inline-layout \" data-bordeaux-image-check>\n<div class=\"image-full-width-wrapper\">\n<div class=\"image-widthsetter\" style=\"max-width:2000px;\"><\/div>\n<\/div>\n<\/figure>\n<h3 class=\"article-body__section\" id=\"section-step-3-hang-them-up\"><span>Schritt 3. H\u00e4ngen Sie sie auf<\/span><\/h3>\n<figure class=\"van-image-figure inline-layout \" data-bordeaux-image-check>\n<div class=\"image-full-width-wrapper\">\n<div class=\"image-widthsetter\" style=\"max-width:2000px;\"><\/div>\n<\/div>\n<\/figure>\n<p>So einfach ist das: Ihre Jeans k\u00f6nnen Sie sofort aufh\u00e4ngen, entweder in Ihrem Schrank oder an einer Kleiderstange. Eine bescheidene Kleiderstange hat meinen Mangel an Platz zum Aufh\u00e4ngen gerettet, wie zum Beispiel der Cella Mobile Garderoben-Organizer mit Korb und Regal, erh\u00e4ltlich bei QVC, und das ist eine wirklich clevere M\u00f6glichkeit, einen kleinen Schrank mit viel Kleidung zu organisieren.<\/p>\n<h3 class=\"article-body__section\" id=\"section-what-do-you-need-to-consider-before-tri-folding-your-jeans\"><span>Was m\u00fcssen Sie beachten, bevor Sie Ihre Jeans dreifach falten?<\/span><\/h3>\n<p>Obwohl dieser Trick eine hervorragende M\u00f6glichkeit ist, einige Zentimeter vertikalen Platz in Ihrem Kleiderschrank zu sparen, besteht bei dieser Methode m\u00f6glicherweise die Gefahr, dass die G\u00fcrtelschlaufen an Ihrer Jeans \u00fcberdehnt werden. Ich habe versucht, meine Jeans mit zwei G\u00fcrtelschlaufen \u00fcber den Hals des Kleiderb\u00fcgels zu h\u00e4ngen, was gut funktionierte und bedeutete, dass das Gewicht gleichm\u00e4\u00dfiger verteilt wurde.<\/p>\n<p>Auch bei mir hat dieser Trick funktioniert, da es mir an vertikalem Platz mangelt, aber wenn es in Ihrer Garderobe an der Breite mangelt, wird das bei Ihnen nicht funktionieren. Probieren Sie stattdessen Organisationsmethoden aus, um die vertikale Aufbewahrung in Ihrem Schrank zu nutzen, wie zum Beispiel den LUG Stowaway 4-Tier-H\u00e4ngeschrank-Organizer, der bei QVC erh\u00e4ltlich ist, oder die Aufbewahrung \u00fcber der T\u00fcr, wie zum Beispiel die Cella-Aufbewahrung \u00fcber der T\u00fcr mit 6 K\u00f6rben im Ist-Zustand Rack auch bei QVC erh\u00e4ltlich.<\/p>\n<p>Es kann auch dazu kommen, dass die Falten Ihrer Jeans deutlich knittern, aber mit der besten Methode, Falten aus der Kleidung zu entfernen, l\u00e4sst sich das schnell beheben.<\/p>\n<h3 class=\"article-body__section\" id=\"section-my-verdict\"><span>Mein Urteil?<\/span><\/h3>\n<p>Ehrlich gesagt finde ich Mikaylas Idee zur Kleideraufbewahrung genial. Es sorgt nicht nur daf\u00fcr, dass Ihre Jeans ordentlich gefaltet bleiben, sondern spart auch viel Platz in meinem Kleiderschrank und erm\u00f6glicht es mir, alle meine Hosen gut sichtbar aufzuh\u00e4ngen, was die Auswahl der Outfits am Morgen einfacher macht.<\/p>\n<h2 class=\"article-body__section\" id=\"section-faqs\"><span>FAQs<\/span><\/h2>\n<h3 class=\"article-body__section\" id=\"section-is-it-better-to-hang-or-fold-jeans\"><span>Ist es besser, Jeans aufzuh\u00e4ngen oder zu falten?<\/span><\/h3>\n<p>Da Jeans tendenziell dicker sind als andere Hosenarten, k\u00f6nnen sie gefaltet werden, ohne ihre Form zu verlieren oder die Qualit\u00e4t des Materials zu beeintr\u00e4chtigen \u2013 ideal, wenn Sie wissen m\u00f6chten, wie Sie einen Kleiderschrank ohne Kleiderb\u00fcgel organisieren.<\/p>\n<p>Wenn Sie sie lieber aufh\u00e4ngen m\u00f6chten, ist die Verwendung von Mikaylas Trick eine viel bessere Methode als die Verwendung von Clip-Aufh\u00e4ngern, die durch das Gewicht Vertiefungen hinterlassen oder brechen k\u00f6nnen.<\/p>\n<hr>\n<p>Unser von Experten geleiteter Leitfaden zum Waschen von Jeans und anderen Denim-Artikeln enth\u00e4lt Tipps, wie Sie Ihre Denim-Artikel reinigen, ohne dass sie einlaufen oder ausbleichen.<\/p>\n<\/div>\n<p><script async src=\"\/\/www.tiktok.com\/embed.js\"><\/script><\/p>\n","protected":false},"excerpt":{"rendered":"<p>Wenn Sie so sind wie ich, haben Sie wahrscheinlich viel zu viele Jeans (und Hosen) und nicht genug Platz, um sie aufzubewahren. Da Denim sperrig<\/p>\n","protected":false},"author":1,"featured_media":878,"comment_status":"closed","ping_status":"","sticky":false,"template":"","format":"standard","meta":{"footnotes":""},"categories":[118],"tags":[1724,829,78,55,823,129,15,1725,1726,1672,1096,393,1728,1723,37,1727,1722,21,67],"class_list":["post-877","post","type-post","status-publish","format-standard","has-post-thumbnail","hentry","category-haus-garten","tag-aufhaengen","tag-ausprobiert","tag-den","tag-fuer","tag-habe","tag-ich","tag-ist","tag-jeans","tag-jeansaufbewahrungsraum","tag-kleine","tag-meinen","tag-perfekt","tag-raeume","tag-trick","tag-und","tag-verdoppeln","tag-viralen","tag-von","tag-zum","generate-columns","tablet-grid-50","mobile-grid-100","grid-parent","grid-50"],"yoast_head":"<!-- This site is optimized with the Yoast SEO plugin v27.3 - https:\/\/yoast.com\/product\/yoast-seo-wordpress\/ -->\n<title>Ich habe den viralen Trick zum Aufh\u00e4ngen von Jeans ausprobiert, um meinen Jeans-Aufbewahrungsraum zu verdoppeln \u2013 und er ist perfekt f\u00fcr kleine R\u00e4ume - Nachrichten - Stra\u00dfenweb<\/title>\n<meta name=\"robots\" content=\"index, follow, max-snippet:-1, max-image-preview:large, max-video-preview:-1\" \/>\n<link rel=\"canonical\" href=\"https:\/\/www.strassenweb.de\/nachrichten\/ich-habe-den-viralen-trick-zum-aufhaengen-von-jeans-ausprobiert-um-meinen-jeans-aufbewahrungsraum-zu-verdoppeln-und-er-ist-perfekt-fuer-kleine-raeume\/\" \/>\n<meta property=\"og:locale\" content=\"de_DE\" \/>\n<meta property=\"og:type\" content=\"article\" \/>\n<meta property=\"og:title\" content=\"Ich habe den viralen Trick zum Aufh\u00e4ngen von Jeans ausprobiert, um meinen Jeans-Aufbewahrungsraum zu verdoppeln \u2013 und er ist perfekt f\u00fcr kleine R\u00e4ume - Nachrichten - Stra\u00dfenweb\" \/>\n<meta property=\"og:description\" content=\"Wenn Sie so sind wie ich, haben Sie wahrscheinlich viel zu viele Jeans (und Hosen) und nicht genug Platz, um sie aufzubewahren. Da Denim sperrig\" \/>\n<meta property=\"og:url\" content=\"https:\/\/www.strassenweb.de\/nachrichten\/ich-habe-den-viralen-trick-zum-aufhaengen-von-jeans-ausprobiert-um-meinen-jeans-aufbewahrungsraum-zu-verdoppeln-und-er-ist-perfekt-fuer-kleine-raeume\/\" \/>\n<meta property=\"og:site_name\" content=\"Stra\u00dfenweb\" \/>\n<meta property=\"article:publisher\" content=\"https:\/\/www.facebook.com\/strassenweb\/\" \/>\n<meta property=\"article:published_time\" content=\"2024-10-13T01:50:22+00:00\" \/>\n<meta property=\"article:modified_time\" content=\"2024-10-13T01:50:23+00:00\" \/>\n<meta property=\"og:image\" content=\"https:\/\/www.strassenweb.de\/nachrichten\/wp-content\/uploads\/2024\/10\/Ich-habe-den-viralen-Trick-zum-Aufhaengen-von-Jeans-ausprobiert.jpg\" \/>\n\t<meta property=\"og:image:width\" content=\"1200\" \/>\n\t<meta property=\"og:image:height\" content=\"675\" \/>\n\t<meta property=\"og:image:type\" content=\"image\/jpeg\" \/>\n<meta name=\"author\" content=\"Robert Hoffmann\" \/>\n<meta name=\"twitter:card\" content=\"summary_large_image\" \/>\n<meta name=\"twitter:label1\" content=\"Verfasst von\" \/>\n\t<meta name=\"twitter:data1\" content=\"Robert Hoffmann\" \/>\n\t<meta name=\"twitter:label2\" content=\"Gesch\u00e4tzte Lesezeit\" \/>\n\t<meta name=\"twitter:data2\" content=\"4\u00a0Minuten\" \/>\n<script type=\"application\/ld+json\" class=\"yoast-schema-graph\">{\"@context\":\"https:\\\/\\\/schema.org\",\"@graph\":[{\"@type\":\"Article\",\"@id\":\"https:\\\/\\\/www.strassenweb.de\\\/nachrichten\\\/ich-habe-den-viralen-trick-zum-aufhaengen-von-jeans-ausprobiert-um-meinen-jeans-aufbewahrungsraum-zu-verdoppeln-und-er-ist-perfekt-fuer-kleine-raeume\\\/#article\",\"isPartOf\":{\"@id\":\"https:\\\/\\\/www.strassenweb.de\\\/nachrichten\\\/ich-habe-den-viralen-trick-zum-aufhaengen-von-jeans-ausprobiert-um-meinen-jeans-aufbewahrungsraum-zu-verdoppeln-und-er-ist-perfekt-fuer-kleine-raeume\\\/\"},\"author\":{\"name\":\"Robert Hoffmann\",\"@id\":\"https:\\\/\\\/www.strassenweb.de\\\/nachrichten\\\/#\\\/schema\\\/person\\\/87c9c9067f1211da429a744dc5a5aa41\"},\"headline\":\"Ich habe den viralen Trick zum Aufh\u00e4ngen von Jeans ausprobiert, um meinen Jeans-Aufbewahrungsraum zu verdoppeln \u2013 und er ist perfekt f\u00fcr kleine R\u00e4ume\",\"datePublished\":\"2024-10-13T01:50:22+00:00\",\"dateModified\":\"2024-10-13T01:50:23+00:00\",\"mainEntityOfPage\":{\"@id\":\"https:\\\/\\\/www.strassenweb.de\\\/nachrichten\\\/ich-habe-den-viralen-trick-zum-aufhaengen-von-jeans-ausprobiert-um-meinen-jeans-aufbewahrungsraum-zu-verdoppeln-und-er-ist-perfekt-fuer-kleine-raeume\\\/\"},\"wordCount\":801,\"publisher\":{\"@id\":\"https:\\\/\\\/www.strassenweb.de\\\/nachrichten\\\/#organization\"},\"image\":{\"@id\":\"https:\\\/\\\/www.strassenweb.de\\\/nachrichten\\\/ich-habe-den-viralen-trick-zum-aufhaengen-von-jeans-ausprobiert-um-meinen-jeans-aufbewahrungsraum-zu-verdoppeln-und-er-ist-perfekt-fuer-kleine-raeume\\\/#primaryimage\"},\"thumbnailUrl\":\"https:\\\/\\\/www.strassenweb.de\\\/nachrichten\\\/wp-content\\\/uploads\\\/2024\\\/10\\\/Ich-habe-den-viralen-Trick-zum-Aufhaengen-von-Jeans-ausprobiert.jpg\",\"keywords\":[\"Aufh\u00e4ngen\",\"ausprobiert\",\"den\",\"f\u00fcr\",\"habe\",\"ich\",\"ist\",\"Jeans\",\"JeansAufbewahrungsraum\",\"kleine\",\"meinen\",\"perfekt\",\"R\u00e4ume\",\"Trick\",\"und\",\"verdoppeln\",\"viralen\",\"von\",\"zum\"],\"articleSection\":[\"Haus &amp; Garten\"],\"inLanguage\":\"de\"},{\"@type\":\"WebPage\",\"@id\":\"https:\\\/\\\/www.strassenweb.de\\\/nachrichten\\\/ich-habe-den-viralen-trick-zum-aufhaengen-von-jeans-ausprobiert-um-meinen-jeans-aufbewahrungsraum-zu-verdoppeln-und-er-ist-perfekt-fuer-kleine-raeume\\\/\",\"url\":\"https:\\\/\\\/www.strassenweb.de\\\/nachrichten\\\/ich-habe-den-viralen-trick-zum-aufhaengen-von-jeans-ausprobiert-um-meinen-jeans-aufbewahrungsraum-zu-verdoppeln-und-er-ist-perfekt-fuer-kleine-raeume\\\/\",\"name\":\"Ich habe den viralen Trick zum Aufh\u00e4ngen von Jeans ausprobiert, um meinen Jeans-Aufbewahrungsraum zu verdoppeln \u2013 und er ist perfekt f\u00fcr kleine R\u00e4ume - Nachrichten - Stra\u00dfenweb\",\"isPartOf\":{\"@id\":\"https:\\\/\\\/www.strassenweb.de\\\/nachrichten\\\/#website\"},\"primaryImageOfPage\":{\"@id\":\"https:\\\/\\\/www.strassenweb.de\\\/nachrichten\\\/ich-habe-den-viralen-trick-zum-aufhaengen-von-jeans-ausprobiert-um-meinen-jeans-aufbewahrungsraum-zu-verdoppeln-und-er-ist-perfekt-fuer-kleine-raeume\\\/#primaryimage\"},\"image\":{\"@id\":\"https:\\\/\\\/www.strassenweb.de\\\/nachrichten\\\/ich-habe-den-viralen-trick-zum-aufhaengen-von-jeans-ausprobiert-um-meinen-jeans-aufbewahrungsraum-zu-verdoppeln-und-er-ist-perfekt-fuer-kleine-raeume\\\/#primaryimage\"},\"thumbnailUrl\":\"https:\\\/\\\/www.strassenweb.de\\\/nachrichten\\\/wp-content\\\/uploads\\\/2024\\\/10\\\/Ich-habe-den-viralen-Trick-zum-Aufhaengen-von-Jeans-ausprobiert.jpg\",\"datePublished\":\"2024-10-13T01:50:22+00:00\",\"dateModified\":\"2024-10-13T01:50:23+00:00\",\"breadcrumb\":{\"@id\":\"https:\\\/\\\/www.strassenweb.de\\\/nachrichten\\\/ich-habe-den-viralen-trick-zum-aufhaengen-von-jeans-ausprobiert-um-meinen-jeans-aufbewahrungsraum-zu-verdoppeln-und-er-ist-perfekt-fuer-kleine-raeume\\\/#breadcrumb\"},\"inLanguage\":\"de\",\"potentialAction\":[{\"@type\":\"ReadAction\",\"target\":[\"https:\\\/\\\/www.strassenweb.de\\\/nachrichten\\\/ich-habe-den-viralen-trick-zum-aufhaengen-von-jeans-ausprobiert-um-meinen-jeans-aufbewahrungsraum-zu-verdoppeln-und-er-ist-perfekt-fuer-kleine-raeume\\\/\"]}]},{\"@type\":\"ImageObject\",\"inLanguage\":\"de\",\"@id\":\"https:\\\/\\\/www.strassenweb.de\\\/nachrichten\\\/ich-habe-den-viralen-trick-zum-aufhaengen-von-jeans-ausprobiert-um-meinen-jeans-aufbewahrungsraum-zu-verdoppeln-und-er-ist-perfekt-fuer-kleine-raeume\\\/#primaryimage\",\"url\":\"https:\\\/\\\/www.strassenweb.de\\\/nachrichten\\\/wp-content\\\/uploads\\\/2024\\\/10\\\/Ich-habe-den-viralen-Trick-zum-Aufhaengen-von-Jeans-ausprobiert.jpg\",\"contentUrl\":\"https:\\\/\\\/www.strassenweb.de\\\/nachrichten\\\/wp-content\\\/uploads\\\/2024\\\/10\\\/Ich-habe-den-viralen-Trick-zum-Aufhaengen-von-Jeans-ausprobiert.jpg\",\"width\":1200,\"height\":675,\"caption\":\"Ich habe den viralen Trick zum Aufh\u00e4ngen von Jeans ausprobiert, um meinen Jeans-Aufbewahrungsraum zu verdoppeln \u2013 und er ist perfekt f\u00fcr kleine R\u00e4ume\"},{\"@type\":\"BreadcrumbList\",\"@id\":\"https:\\\/\\\/www.strassenweb.de\\\/nachrichten\\\/ich-habe-den-viralen-trick-zum-aufhaengen-von-jeans-ausprobiert-um-meinen-jeans-aufbewahrungsraum-zu-verdoppeln-und-er-ist-perfekt-fuer-kleine-raeume\\\/#breadcrumb\",\"itemListElement\":[{\"@type\":\"ListItem\",\"position\":1,\"name\":\"Home\",\"item\":\"https:\\\/\\\/www.strassenweb.de\\\/nachrichten\\\/\"},{\"@type\":\"ListItem\",\"position\":2,\"name\":\"Ich habe den viralen Trick zum Aufh\u00e4ngen von Jeans ausprobiert, um meinen Jeans-Aufbewahrungsraum zu verdoppeln \u2013 und er ist perfekt f\u00fcr kleine R\u00e4ume\"}]},{\"@type\":\"WebSite\",\"@id\":\"https:\\\/\\\/www.strassenweb.de\\\/nachrichten\\\/#website\",\"url\":\"https:\\\/\\\/www.strassenweb.de\\\/nachrichten\\\/\",\"name\":\"Stra\u00dfenweb\",\"description\":\"Stra\u00dfenverzeichnis f\u00fcr Deutschland\",\"publisher\":{\"@id\":\"https:\\\/\\\/www.strassenweb.de\\\/nachrichten\\\/#organization\"},\"potentialAction\":[{\"@type\":\"SearchAction\",\"target\":{\"@type\":\"EntryPoint\",\"urlTemplate\":\"https:\\\/\\\/www.strassenweb.de\\\/nachrichten\\\/?s={search_term_string}\"},\"query-input\":{\"@type\":\"PropertyValueSpecification\",\"valueRequired\":true,\"valueName\":\"search_term_string\"}}],\"inLanguage\":\"de\"},{\"@type\":\"Organization\",\"@id\":\"https:\\\/\\\/www.strassenweb.de\\\/nachrichten\\\/#organization\",\"name\":\"Stra\u00dfenweb\",\"url\":\"https:\\\/\\\/www.strassenweb.de\\\/nachrichten\\\/\",\"logo\":{\"@type\":\"ImageObject\",\"inLanguage\":\"de\",\"@id\":\"https:\\\/\\\/www.strassenweb.de\\\/nachrichten\\\/#\\\/schema\\\/logo\\\/image\\\/\",\"url\":\"https:\\\/\\\/www.strassenweb.de\\\/nachrichten\\\/wp-content\\\/uploads\\\/2024\\\/09\\\/cropped-favicon.png\",\"contentUrl\":\"https:\\\/\\\/www.strassenweb.de\\\/nachrichten\\\/wp-content\\\/uploads\\\/2024\\\/09\\\/cropped-favicon.png\",\"width\":512,\"height\":512,\"caption\":\"Stra\u00dfenweb\"},\"image\":{\"@id\":\"https:\\\/\\\/www.strassenweb.de\\\/nachrichten\\\/#\\\/schema\\\/logo\\\/image\\\/\"},\"sameAs\":[\"https:\\\/\\\/www.facebook.com\\\/strassenweb\\\/\"]},{\"@type\":\"Person\",\"@id\":\"https:\\\/\\\/www.strassenweb.de\\\/nachrichten\\\/#\\\/schema\\\/person\\\/87c9c9067f1211da429a744dc5a5aa41\",\"name\":\"Robert Hoffmann\",\"image\":{\"@type\":\"ImageObject\",\"inLanguage\":\"de\",\"@id\":\"https:\\\/\\\/www.strassenweb.de\\\/nachrichten\\\/wp-content\\\/uploads\\\/2024\\\/09\\\/strassenweb-150x150.jpg\",\"url\":\"https:\\\/\\\/www.strassenweb.de\\\/nachrichten\\\/wp-content\\\/uploads\\\/2024\\\/09\\\/strassenweb-150x150.jpg\",\"contentUrl\":\"https:\\\/\\\/www.strassenweb.de\\\/nachrichten\\\/wp-content\\\/uploads\\\/2024\\\/09\\\/strassenweb-150x150.jpg\",\"caption\":\"Robert Hoffmann\"},\"description\":\"Ich hei\u00dfe Robert Hoffmann und ich bin ein leidenschaftlicher Verfechter von \u00d6kologie und Biodiversit\u00e4t. Seit meiner Kindheit in den W\u00e4ldern Bayerns f\u00fchle ich mich mit der Natur verbunden und bin entschlossen, sie zu sch\u00fctzen. Heute widme ich mein Leben der Sensibilisierung anderer f\u00fcr die Bedeutung des Umweltschutzes f\u00fcr zuk\u00fcnftige Generationen.\",\"sameAs\":[\"https:\\\/\\\/www.strassenweb.de\\\/\"]}]}<\/script>\n<!-- \/ Yoast SEO plugin. -->","yoast_head_json":{"title":"Ich habe den viralen Trick zum Aufh\u00e4ngen von Jeans ausprobiert, um meinen Jeans-Aufbewahrungsraum zu verdoppeln \u2013 und er ist perfekt f\u00fcr kleine R\u00e4ume - Nachrichten - Stra\u00dfenweb","robots":{"index":"index","follow":"follow","max-snippet":"max-snippet:-1","max-image-preview":"max-image-preview:large","max-video-preview":"max-video-preview:-1"},"canonical":"https:\/\/www.strassenweb.de\/nachrichten\/ich-habe-den-viralen-trick-zum-aufhaengen-von-jeans-ausprobiert-um-meinen-jeans-aufbewahrungsraum-zu-verdoppeln-und-er-ist-perfekt-fuer-kleine-raeume\/","og_locale":"de_DE","og_type":"article","og_title":"Ich habe den viralen Trick zum Aufh\u00e4ngen von Jeans ausprobiert, um meinen Jeans-Aufbewahrungsraum zu verdoppeln \u2013 und er ist perfekt f\u00fcr kleine R\u00e4ume - Nachrichten - Stra\u00dfenweb","og_description":"Wenn Sie so sind wie ich, haben Sie wahrscheinlich viel zu viele Jeans (und Hosen) und nicht genug Platz, um sie aufzubewahren. Da Denim sperrig","og_url":"https:\/\/www.strassenweb.de\/nachrichten\/ich-habe-den-viralen-trick-zum-aufhaengen-von-jeans-ausprobiert-um-meinen-jeans-aufbewahrungsraum-zu-verdoppeln-und-er-ist-perfekt-fuer-kleine-raeume\/","og_site_name":"Stra\u00dfenweb","article_publisher":"https:\/\/www.facebook.com\/strassenweb\/","article_published_time":"2024-10-13T01:50:22+00:00","article_modified_time":"2024-10-13T01:50:23+00:00","og_image":[{"width":1200,"height":675,"url":"https:\/\/www.strassenweb.de\/nachrichten\/wp-content\/uploads\/2024\/10\/Ich-habe-den-viralen-Trick-zum-Aufhaengen-von-Jeans-ausprobiert.jpg","type":"image\/jpeg"}],"author":"Robert Hoffmann","twitter_card":"summary_large_image","twitter_misc":{"Verfasst von":"Robert Hoffmann","Gesch\u00e4tzte Lesezeit":"4\u00a0Minuten"},"schema":{"@context":"https:\/\/schema.org","@graph":[{"@type":"Article","@id":"https:\/\/www.strassenweb.de\/nachrichten\/ich-habe-den-viralen-trick-zum-aufhaengen-von-jeans-ausprobiert-um-meinen-jeans-aufbewahrungsraum-zu-verdoppeln-und-er-ist-perfekt-fuer-kleine-raeume\/#article","isPartOf":{"@id":"https:\/\/www.strassenweb.de\/nachrichten\/ich-habe-den-viralen-trick-zum-aufhaengen-von-jeans-ausprobiert-um-meinen-jeans-aufbewahrungsraum-zu-verdoppeln-und-er-ist-perfekt-fuer-kleine-raeume\/"},"author":{"name":"Robert Hoffmann","@id":"https:\/\/www.strassenweb.de\/nachrichten\/#\/schema\/person\/87c9c9067f1211da429a744dc5a5aa41"},"headline":"Ich habe den viralen Trick zum Aufh\u00e4ngen von Jeans ausprobiert, um meinen Jeans-Aufbewahrungsraum zu verdoppeln \u2013 und er ist perfekt f\u00fcr kleine R\u00e4ume","datePublished":"2024-10-13T01:50:22+00:00","dateModified":"2024-10-13T01:50:23+00:00","mainEntityOfPage":{"@id":"https:\/\/www.strassenweb.de\/nachrichten\/ich-habe-den-viralen-trick-zum-aufhaengen-von-jeans-ausprobiert-um-meinen-jeans-aufbewahrungsraum-zu-verdoppeln-und-er-ist-perfekt-fuer-kleine-raeume\/"},"wordCount":801,"publisher":{"@id":"https:\/\/www.strassenweb.de\/nachrichten\/#organization"},"image":{"@id":"https:\/\/www.strassenweb.de\/nachrichten\/ich-habe-den-viralen-trick-zum-aufhaengen-von-jeans-ausprobiert-um-meinen-jeans-aufbewahrungsraum-zu-verdoppeln-und-er-ist-perfekt-fuer-kleine-raeume\/#primaryimage"},"thumbnailUrl":"https:\/\/www.strassenweb.de\/nachrichten\/wp-content\/uploads\/2024\/10\/Ich-habe-den-viralen-Trick-zum-Aufhaengen-von-Jeans-ausprobiert.jpg","keywords":["Aufh\u00e4ngen","ausprobiert","den","f\u00fcr","habe","ich","ist","Jeans","JeansAufbewahrungsraum","kleine","meinen","perfekt","R\u00e4ume","Trick","und","verdoppeln","viralen","von","zum"],"articleSection":["Haus &amp; Garten"],"inLanguage":"de"},{"@type":"WebPage","@id":"https:\/\/www.strassenweb.de\/nachrichten\/ich-habe-den-viralen-trick-zum-aufhaengen-von-jeans-ausprobiert-um-meinen-jeans-aufbewahrungsraum-zu-verdoppeln-und-er-ist-perfekt-fuer-kleine-raeume\/","url":"https:\/\/www.strassenweb.de\/nachrichten\/ich-habe-den-viralen-trick-zum-aufhaengen-von-jeans-ausprobiert-um-meinen-jeans-aufbewahrungsraum-zu-verdoppeln-und-er-ist-perfekt-fuer-kleine-raeume\/","name":"Ich habe den viralen Trick zum Aufh\u00e4ngen von Jeans ausprobiert, um meinen Jeans-Aufbewahrungsraum zu verdoppeln \u2013 und er ist perfekt f\u00fcr kleine R\u00e4ume - Nachrichten - Stra\u00dfenweb","isPartOf":{"@id":"https:\/\/www.strassenweb.de\/nachrichten\/#website"},"primaryImageOfPage":{"@id":"https:\/\/www.strassenweb.de\/nachrichten\/ich-habe-den-viralen-trick-zum-aufhaengen-von-jeans-ausprobiert-um-meinen-jeans-aufbewahrungsraum-zu-verdoppeln-und-er-ist-perfekt-fuer-kleine-raeume\/#primaryimage"},"image":{"@id":"https:\/\/www.strassenweb.de\/nachrichten\/ich-habe-den-viralen-trick-zum-aufhaengen-von-jeans-ausprobiert-um-meinen-jeans-aufbewahrungsraum-zu-verdoppeln-und-er-ist-perfekt-fuer-kleine-raeume\/#primaryimage"},"thumbnailUrl":"https:\/\/www.strassenweb.de\/nachrichten\/wp-content\/uploads\/2024\/10\/Ich-habe-den-viralen-Trick-zum-Aufhaengen-von-Jeans-ausprobiert.jpg","datePublished":"2024-10-13T01:50:22+00:00","dateModified":"2024-10-13T01:50:23+00:00","breadcrumb":{"@id":"https:\/\/www.strassenweb.de\/nachrichten\/ich-habe-den-viralen-trick-zum-aufhaengen-von-jeans-ausprobiert-um-meinen-jeans-aufbewahrungsraum-zu-verdoppeln-und-er-ist-perfekt-fuer-kleine-raeume\/#breadcrumb"},"inLanguage":"de","potentialAction":[{"@type":"ReadAction","target":["https:\/\/www.strassenweb.de\/nachrichten\/ich-habe-den-viralen-trick-zum-aufhaengen-von-jeans-ausprobiert-um-meinen-jeans-aufbewahrungsraum-zu-verdoppeln-und-er-ist-perfekt-fuer-kleine-raeume\/"]}]},{"@type":"ImageObject","inLanguage":"de","@id":"https:\/\/www.strassenweb.de\/nachrichten\/ich-habe-den-viralen-trick-zum-aufhaengen-von-jeans-ausprobiert-um-meinen-jeans-aufbewahrungsraum-zu-verdoppeln-und-er-ist-perfekt-fuer-kleine-raeume\/#primaryimage","url":"https:\/\/www.strassenweb.de\/nachrichten\/wp-content\/uploads\/2024\/10\/Ich-habe-den-viralen-Trick-zum-Aufhaengen-von-Jeans-ausprobiert.jpg","contentUrl":"https:\/\/www.strassenweb.de\/nachrichten\/wp-content\/uploads\/2024\/10\/Ich-habe-den-viralen-Trick-zum-Aufhaengen-von-Jeans-ausprobiert.jpg","width":1200,"height":675,"caption":"Ich habe den viralen Trick zum Aufh\u00e4ngen von Jeans ausprobiert, um meinen Jeans-Aufbewahrungsraum zu verdoppeln \u2013 und er ist perfekt f\u00fcr kleine R\u00e4ume"},{"@type":"BreadcrumbList","@id":"https:\/\/www.strassenweb.de\/nachrichten\/ich-habe-den-viralen-trick-zum-aufhaengen-von-jeans-ausprobiert-um-meinen-jeans-aufbewahrungsraum-zu-verdoppeln-und-er-ist-perfekt-fuer-kleine-raeume\/#breadcrumb","itemListElement":[{"@type":"ListItem","position":1,"name":"Home","item":"https:\/\/www.strassenweb.de\/nachrichten\/"},{"@type":"ListItem","position":2,"name":"Ich habe den viralen Trick zum Aufh\u00e4ngen von Jeans ausprobiert, um meinen Jeans-Aufbewahrungsraum zu verdoppeln \u2013 und er ist perfekt f\u00fcr kleine R\u00e4ume"}]},{"@type":"WebSite","@id":"https:\/\/www.strassenweb.de\/nachrichten\/#website","url":"https:\/\/www.strassenweb.de\/nachrichten\/","name":"Stra\u00dfenweb","description":"Stra\u00dfenverzeichnis f\u00fcr Deutschland","publisher":{"@id":"https:\/\/www.strassenweb.de\/nachrichten\/#organization"},"potentialAction":[{"@type":"SearchAction","target":{"@type":"EntryPoint","urlTemplate":"https:\/\/www.strassenweb.de\/nachrichten\/?s={search_term_string}"},"query-input":{"@type":"PropertyValueSpecification","valueRequired":true,"valueName":"search_term_string"}}],"inLanguage":"de"},{"@type":"Organization","@id":"https:\/\/www.strassenweb.de\/nachrichten\/#organization","name":"Stra\u00dfenweb","url":"https:\/\/www.strassenweb.de\/nachrichten\/","logo":{"@type":"ImageObject","inLanguage":"de","@id":"https:\/\/www.strassenweb.de\/nachrichten\/#\/schema\/logo\/image\/","url":"https:\/\/www.strassenweb.de\/nachrichten\/wp-content\/uploads\/2024\/09\/cropped-favicon.png","contentUrl":"https:\/\/www.strassenweb.de\/nachrichten\/wp-content\/uploads\/2024\/09\/cropped-favicon.png","width":512,"height":512,"caption":"Stra\u00dfenweb"},"image":{"@id":"https:\/\/www.strassenweb.de\/nachrichten\/#\/schema\/logo\/image\/"},"sameAs":["https:\/\/www.facebook.com\/strassenweb\/"]},{"@type":"Person","@id":"https:\/\/www.strassenweb.de\/nachrichten\/#\/schema\/person\/87c9c9067f1211da429a744dc5a5aa41","name":"Robert Hoffmann","image":{"@type":"ImageObject","inLanguage":"de","@id":"https:\/\/www.strassenweb.de\/nachrichten\/wp-content\/uploads\/2024\/09\/strassenweb-150x150.jpg","url":"https:\/\/www.strassenweb.de\/nachrichten\/wp-content\/uploads\/2024\/09\/strassenweb-150x150.jpg","contentUrl":"https:\/\/www.strassenweb.de\/nachrichten\/wp-content\/uploads\/2024\/09\/strassenweb-150x150.jpg","caption":"Robert Hoffmann"},"description":"Ich hei\u00dfe Robert Hoffmann und ich bin ein leidenschaftlicher Verfechter von \u00d6kologie und Biodiversit\u00e4t. Seit meiner Kindheit in den W\u00e4ldern Bayerns f\u00fchle ich mich mit der Natur verbunden und bin entschlossen, sie zu sch\u00fctzen. Heute widme ich mein Leben der Sensibilisierung anderer f\u00fcr die Bedeutung des Umweltschutzes f\u00fcr zuk\u00fcnftige Generationen.","sameAs":["https:\/\/www.strassenweb.de\/"]}]}},"_links":{"self":[{"href":"https:\/\/www.strassenweb.de\/nachrichten\/wp-json\/wp\/v2\/posts\/877","targetHints":{"allow":["GET"]}}],"collection":[{"href":"https:\/\/www.strassenweb.de\/nachrichten\/wp-json\/wp\/v2\/posts"}],"about":[{"href":"https:\/\/www.strassenweb.de\/nachrichten\/wp-json\/wp\/v2\/types\/post"}],"author":[{"embeddable":true,"href":"https:\/\/www.strassenweb.de\/nachrichten\/wp-json\/wp\/v2\/users\/1"}],"replies":[{"embeddable":true,"href":"https:\/\/www.strassenweb.de\/nachrichten\/wp-json\/wp\/v2\/comments?post=877"}],"version-history":[{"count":0,"href":"https:\/\/www.strassenweb.de\/nachrichten\/wp-json\/wp\/v2\/posts\/877\/revisions"}],"wp:featuredmedia":[{"embeddable":true,"href":"https:\/\/www.strassenweb.de\/nachrichten\/wp-json\/wp\/v2\/media\/878"}],"wp:attachment":[{"href":"https:\/\/www.strassenweb.de\/nachrichten\/wp-json\/wp\/v2\/media?parent=877"}],"wp:term":[{"taxonomy":"category","embeddable":true,"href":"https:\/\/www.strassenweb.de\/nachrichten\/wp-json\/wp\/v2\/categories?post=877"},{"taxonomy":"post_tag","embeddable":true,"href":"https:\/\/www.strassenweb.de\/nachrichten\/wp-json\/wp\/v2\/tags?post=877"}],"curies":[{"name":"wp","href":"https:\/\/api.w.org\/{rel}","templated":true}]}}