{"id":8767,"date":"2025-10-25T19:41:19","date_gmt":"2025-10-25T17:41:19","guid":{"rendered":"https:\/\/www.strassenweb.de\/nachrichten\/im-wohnzimmer-von-faith-hill-und-tim-mcgraw-die-geschichte-der-blauen-und-weissen-farben-designer-lieben-ruhige-von-der-kueste-inspirierte-raeume-die-nie-aus-der-mode-kommen\/"},"modified":"2025-10-25T19:41:20","modified_gmt":"2025-10-25T17:41:20","slug":"im-wohnzimmer-von-faith-hill-und-tim-mcgraw-die-geschichte-der-blauen-und-weissen-farben-designer-lieben-ruhige-von-der-kueste-inspirierte-raeume-die-nie-aus-der-mode-kommen","status":"publish","type":"post","link":"https:\/\/www.strassenweb.de\/nachrichten\/im-wohnzimmer-von-faith-hill-und-tim-mcgraw-die-geschichte-der-blauen-und-weissen-farben-designer-lieben-ruhige-von-der-kueste-inspirierte-raeume-die-nie-aus-der-mode-kommen\/","title":{"rendered":"Im Wohnzimmer von Faith Hill und Tim McGraw \u2013 Die Geschichte der blauen und wei\u00dfen Farben Designer lieben ruhige, von der K\u00fcste inspirierte R\u00e4ume, die nie aus der Mode kommen"},"content":{"rendered":"<p><\/p>\n<div id=\"article-body\" class=\"article__body \">\n<p id=\"328e04b0-9b95-446f-80bb-40f450042945\">Die Musiker und Songwriter Faith Hill und Tim McGraw sind vielleicht f\u00fcr ihre Country-Klassiker bekannt, aber auch ihre Innenr\u00e4ume sind bewundernswert. Wir konzentrieren uns auf die von Innenarchitekten genehmigte Farbkombination in ihrem modernen K\u00fcstenwohnzimmer.<\/p>\n<div id=\"ad-unit-1\" class=\"ad-unit\"><\/div>\n<p>Das von Ray Booth von Ray Booth Interior Design entworfene Duo beauftragte den traditionell orientierten Designer mit der kompletten Umgestaltung seines Hauses auf den Bahamas. Die Ergebnisse sind atemberaubend, insbesondere das sorgf\u00e4ltig ausgew\u00e4hlte Blau-Wei\u00df-Farbschema, das die Aussicht dahinter wunderbar widerspiegelt. Dieser Look f\u00fchlt sich besonders erfrischend an, wenn wir auf den Sommer zusteuern oder uns einfach einen warmen, sonnigen Kurzurlaub vorstellen.<\/p>\n<aside data-block-type=\"embed\" data-render-type=\"fte\" data-skip=\"dealsy\" data-widget-type=\"seasonal\" class=\"hawk-root\"><\/aside>\n<p id=\"328e04b0-9b95-446f-80bb-40f450042945-2\">Inspiriert von tiefen Ozeanen und samtigen Nachthimmeln sind Blass- und Marineblaut\u00f6ne lebensverbessernde Farbt\u00f6ne, die unser Wohlbefinden steigern k\u00f6nnen, insbesondere in Kombination mit reinem und gebrochenem Wei\u00df. Angesichts der gro\u00dfen Anziehungskraft von Gelassenheit und Ruhe ist es vielleicht keine \u00dcberraschung, dass eine Kombination aus Blau und Wei\u00df nach wie vor eine der beliebtesten Optionen f\u00fcr die Inneneinrichtung ist \u2013 und das Wohnzimmer von Faith Hill und Tim McGraw gibt den Grundstein daf\u00fcr.<\/p>\n<div class=\"van_vid_carousel\">\n<div class=\"van_vid_carousel__padding\">\n<div class=\"van_vid_carousel__container\"><\/div>\n<\/div>\n<\/div>\n<div class=\"instagram-embed\" id=\"CsRIkXEObjB\">\n<blockquote class=\"instagram-media\" data-instgrm-captioned data-instgrm-version=\"6\" style=\"width:99.375%; width:-webkit-calc(100% - 2px); width:calc(100% - 2px);\">\n<p>Ein von RAY BOOTH DESIGN (@rayboothdesign) geteilter Beitrag<\/p>\n<p>Ein Foto gepostet von am <\/p>\n<\/blockquote>\n<\/div>\n<h2 id=\"shop-the-look-3\">Shoppen Sie den Look<\/h2>\n<div class=\"product-container hero-product-container product-block-no-wrap\">\n<div class=\"product-block-row\"><\/div>\n<div class=\"product-block-row\"><\/div>\n<div class=\"product-block-row\"><\/div>\n<\/div>\n<p id=\"bc18a374-da02-4f71-a1b9-2e9aec48caaa\">Die Dekoration mit Blau und Wei\u00df verleiht Ihrem Interieur zeitlosen Charme und bietet die M\u00f6glichkeit, unz\u00e4hlige elegante R\u00e4ume zu schaffen. Kombinieren Sie die beiden Farben, um Ihr Wohnzimmer mit Blau und Wei\u00df in den richtigen Proportionen zu dekorieren, und Sie haben eine klassische Kombination, die nie aus der Mode kommt \u2013 und immer frisch wirkt.<\/p>\n<div id=\"ad-unit-2\" class=\"ad-unit\"><\/div>\n<p>Mit nur einer oder zwei Farben zu arbeiten ist eine \u00dcbung der Zur\u00fcckhaltung, aber die Realit\u00e4t kann verbl\u00fcffend sein. Der Schl\u00fcssel zur Vermeidung eines fl\u00e4chigen Effekts besteht darin, Textur und Muster \u00fcbereinander zu schichten und die Palette schrittweise aufzubauen, um dem Schema Tiefe zu verleihen. Wenn Sie zwei Farbt\u00f6ne verwenden, wie zum Beispiel diese klassische Kombination aus Blau und Wei\u00df, entscheiden Sie sich f\u00fcr subtile Musterkombinationen aus geometrischen Mustern, Streifen oder Blumenmustern.<\/p>\n<p>Die Verwendung eines Farbtons in einem Block, wie bei diesem blauen Teppich gezeigt, wird den Look verankern und Ihnen die M\u00f6glichkeit geben, Spa\u00df mit Details wie Dekokissen und Verzierungen zu haben.<\/p>\n<p>\u201eOb wir arbeiten oder entspannen, kreativ sind oder Sport treiben, es ist wichtig, einen Raum zu haben, der den Optimismus und den Wunsch nach einem Neuanfang widerspiegelt, der f\u00fcr das kommende Jahr ganz oben auf der Agenda steht\u201c, sagt Marianne Shillingford, Kreativdirektorin von Dulux.<\/p>\n<div id=\"slice-container-newsletterForm-articleInbodyContent-Zz9paxKpCLDC8yJciNrYaf\" class=\"slice-container newsletter-inbodyContent-slice newsletterForm-articleInbodyContent-Zz9paxKpCLDC8yJciNrYaf slice-container-newsletterForm\"><\/div>\n<p>Von Natur aus beruhigend, aber ebenso belebend und hoffnungsvoll verspricht eine Palette aus Blau und Wei\u00df, das \u00c4u\u00dfere nach innen zu holen und das Wohlbefinden zu steigern. Kombinieren Sie es mit anderen Neutralt\u00f6nen wie Creme f\u00fcr klassische Ruhe oder mit kr\u00e4ftigeren Senf-, Oliv-, Siena- und Marinet\u00f6nen f\u00fcr ein einzigartiges, aufsehenerregendes Gesamtkonzept.<\/p>\n<p>Blau kann sich nat\u00fcrlich k\u00fchl anf\u00fchlen. Wenn Sie es also in einem Raum verwenden, passen Sie den Farbton an das nat\u00fcrliche Tageslicht an, das der Raum erh\u00e4lt.<\/p>\n<p>Nach Norden und Osten ausgerichtete R\u00e4ume wirken durch Blaut\u00f6ne mit einem Hauch von Gelb, wie zum Beispiel T\u00fcrkis, w\u00e4rmer. F\u00fcr eine weniger dramatische, ruhigere Art, mit Blau und Wei\u00df zu dekorieren, w\u00e4hlen Sie ein Blau, das viel verd\u00fcnnter ist.<\/p>\n<div class=\"min-h-(270px) mb-4 viafoura-twig-component\" id=\"viafoura-engagement-starter-wrapper\" data-component-name=\"Elk:Embed:EngagementStarter\">\n<div class=\"viafoura\">\n<div>\n<vf-conversation-starter target=\"viafoura-comments\" minimum-comment-count=\"1\"><br \/>\n<\/vf-conversation-starter>\n<\/div>\n<\/div>\n<\/div>\n<hr id=\"674b53c1-0306-4a35-b787-a26a03d95592\">\n<\/div>\n<p><script async src=\"\/\/www.instagram.com\/embed.js\"><\/script><\/p>\n","protected":false},"excerpt":{"rendered":"<p>Die Musiker und Songwriter Faith Hill und Tim McGraw sind vielleicht f\u00fcr ihre Country-Klassiker bekannt, aber auch ihre Innenr\u00e4ume sind bewundernswert. Wir konzentrieren uns auf<\/p>\n","protected":false},"author":1,"featured_media":8768,"comment_status":"closed","ping_status":"","sticky":false,"template":"","format":"standard","meta":{"footnotes":""},"categories":[118],"tags":[287,2078,81,216,9,11100,874,972,11101,1879,2119,11104,217,11103,2252,460,1728,3863,11102,37,21,2930,1229],"class_list":["post-8767","post","type-post","status-publish","format-standard","has-post-thumbnail","hentry","category-haus-garten","tag-aus","tag-blauen","tag-der","tag-designer","tag-die","tag-faith","tag-farben","tag-geschichte","tag-hill","tag-inspirierte","tag-kommen","tag-kueste","tag-lieben","tag-mcgraw","tag-mode","tag-nie","tag-raeume","tag-ruhige","tag-tim","tag-und","tag-von","tag-weissen","tag-wohnzimmer","generate-columns","tablet-grid-50","mobile-grid-100","grid-parent","grid-50"],"yoast_head":"<!-- This site is optimized with the Yoast SEO plugin v27.3 - https:\/\/yoast.com\/product\/yoast-seo-wordpress\/ -->\n<title>Im Wohnzimmer von Faith Hill und Tim McGraw \u2013 Die Geschichte der blauen und wei\u00dfen Farben Designer lieben ruhige, von der K\u00fcste inspirierte R\u00e4ume, die nie aus der Mode kommen - Nachrichten - Stra\u00dfenweb<\/title>\n<meta name=\"robots\" content=\"index, follow, max-snippet:-1, max-image-preview:large, max-video-preview:-1\" \/>\n<link rel=\"canonical\" href=\"https:\/\/www.strassenweb.de\/nachrichten\/im-wohnzimmer-von-faith-hill-und-tim-mcgraw-die-geschichte-der-blauen-und-weissen-farben-designer-lieben-ruhige-von-der-kueste-inspirierte-raeume-die-nie-aus-der-mode-kommen\/\" \/>\n<meta property=\"og:locale\" content=\"de_DE\" \/>\n<meta property=\"og:type\" content=\"article\" \/>\n<meta property=\"og:title\" content=\"Im Wohnzimmer von Faith Hill und Tim McGraw \u2013 Die Geschichte der blauen und wei\u00dfen Farben Designer lieben ruhige, von der K\u00fcste inspirierte R\u00e4ume, die nie aus der Mode kommen - Nachrichten - Stra\u00dfenweb\" \/>\n<meta property=\"og:description\" content=\"Die Musiker und Songwriter Faith Hill und Tim McGraw sind vielleicht f\u00fcr ihre Country-Klassiker bekannt, aber auch ihre Innenr\u00e4ume sind bewundernswert. Wir konzentrieren uns auf\" \/>\n<meta property=\"og:url\" content=\"https:\/\/www.strassenweb.de\/nachrichten\/im-wohnzimmer-von-faith-hill-und-tim-mcgraw-die-geschichte-der-blauen-und-weissen-farben-designer-lieben-ruhige-von-der-kueste-inspirierte-raeume-die-nie-aus-der-mode-kommen\/\" \/>\n<meta property=\"og:site_name\" content=\"Stra\u00dfenweb\" \/>\n<meta property=\"article:publisher\" content=\"https:\/\/www.facebook.com\/strassenweb\/\" \/>\n<meta property=\"article:published_time\" content=\"2025-10-25T17:41:19+00:00\" \/>\n<meta property=\"article:modified_time\" content=\"2025-10-25T17:41:20+00:00\" \/>\n<meta property=\"og:image\" content=\"https:\/\/www.strassenweb.de\/nachrichten\/wp-content\/uploads\/2025\/10\/Im-Wohnzimmer-von-Faith-Hill-und-Tim-McGraw-\u2013-Die.jpg\" \/>\n\t<meta property=\"og:image:width\" content=\"2560\" \/>\n\t<meta property=\"og:image:height\" content=\"1440\" \/>\n\t<meta property=\"og:image:type\" content=\"image\/jpeg\" \/>\n<meta name=\"author\" content=\"Robert Hoffmann\" \/>\n<meta name=\"twitter:card\" content=\"summary_large_image\" \/>\n<meta name=\"twitter:label1\" content=\"Verfasst von\" \/>\n\t<meta name=\"twitter:data1\" content=\"Robert Hoffmann\" \/>\n\t<meta name=\"twitter:label2\" content=\"Gesch\u00e4tzte Lesezeit\" \/>\n\t<meta name=\"twitter:data2\" content=\"3\u00a0Minuten\" \/>\n<script type=\"application\/ld+json\" class=\"yoast-schema-graph\">{\"@context\":\"https:\\\/\\\/schema.org\",\"@graph\":[{\"@type\":\"Article\",\"@id\":\"https:\\\/\\\/www.strassenweb.de\\\/nachrichten\\\/im-wohnzimmer-von-faith-hill-und-tim-mcgraw-die-geschichte-der-blauen-und-weissen-farben-designer-lieben-ruhige-von-der-kueste-inspirierte-raeume-die-nie-aus-der-mode-kommen\\\/#article\",\"isPartOf\":{\"@id\":\"https:\\\/\\\/www.strassenweb.de\\\/nachrichten\\\/im-wohnzimmer-von-faith-hill-und-tim-mcgraw-die-geschichte-der-blauen-und-weissen-farben-designer-lieben-ruhige-von-der-kueste-inspirierte-raeume-die-nie-aus-der-mode-kommen\\\/\"},\"author\":{\"name\":\"Robert Hoffmann\",\"@id\":\"https:\\\/\\\/www.strassenweb.de\\\/nachrichten\\\/#\\\/schema\\\/person\\\/87c9c9067f1211da429a744dc5a5aa41\"},\"headline\":\"Im Wohnzimmer von Faith Hill und Tim McGraw \u2013 Die Geschichte der blauen und wei\u00dfen Farben Designer lieben ruhige, von der K\u00fcste inspirierte R\u00e4ume, die nie aus der Mode kommen\",\"datePublished\":\"2025-10-25T17:41:19+00:00\",\"dateModified\":\"2025-10-25T17:41:20+00:00\",\"mainEntityOfPage\":{\"@id\":\"https:\\\/\\\/www.strassenweb.de\\\/nachrichten\\\/im-wohnzimmer-von-faith-hill-und-tim-mcgraw-die-geschichte-der-blauen-und-weissen-farben-designer-lieben-ruhige-von-der-kueste-inspirierte-raeume-die-nie-aus-der-mode-kommen\\\/\"},\"wordCount\":575,\"publisher\":{\"@id\":\"https:\\\/\\\/www.strassenweb.de\\\/nachrichten\\\/#organization\"},\"image\":{\"@id\":\"https:\\\/\\\/www.strassenweb.de\\\/nachrichten\\\/im-wohnzimmer-von-faith-hill-und-tim-mcgraw-die-geschichte-der-blauen-und-weissen-farben-designer-lieben-ruhige-von-der-kueste-inspirierte-raeume-die-nie-aus-der-mode-kommen\\\/#primaryimage\"},\"thumbnailUrl\":\"https:\\\/\\\/www.strassenweb.de\\\/nachrichten\\\/wp-content\\\/uploads\\\/2025\\\/10\\\/Im-Wohnzimmer-von-Faith-Hill-und-Tim-McGraw-\u2013-Die.jpg\",\"keywords\":[\"aus\",\"blauen\",\"der\",\"Designer\",\"die\",\"Faith\",\"Farben\",\"Geschichte\",\"Hill\",\"inspirierte\",\"kommen\",\"K\u00fcste\",\"lieben\",\"McGraw\",\"Mode\",\"nie\",\"R\u00e4ume\",\"ruhige\",\"Tim\",\"und\",\"von\",\"wei\u00dfen\",\"Wohnzimmer\"],\"articleSection\":[\"Haus &amp; Garten\"],\"inLanguage\":\"de\"},{\"@type\":\"WebPage\",\"@id\":\"https:\\\/\\\/www.strassenweb.de\\\/nachrichten\\\/im-wohnzimmer-von-faith-hill-und-tim-mcgraw-die-geschichte-der-blauen-und-weissen-farben-designer-lieben-ruhige-von-der-kueste-inspirierte-raeume-die-nie-aus-der-mode-kommen\\\/\",\"url\":\"https:\\\/\\\/www.strassenweb.de\\\/nachrichten\\\/im-wohnzimmer-von-faith-hill-und-tim-mcgraw-die-geschichte-der-blauen-und-weissen-farben-designer-lieben-ruhige-von-der-kueste-inspirierte-raeume-die-nie-aus-der-mode-kommen\\\/\",\"name\":\"Im Wohnzimmer von Faith Hill und Tim McGraw \u2013 Die Geschichte der blauen und wei\u00dfen Farben Designer lieben ruhige, von der K\u00fcste inspirierte R\u00e4ume, die nie aus der Mode kommen - Nachrichten - Stra\u00dfenweb\",\"isPartOf\":{\"@id\":\"https:\\\/\\\/www.strassenweb.de\\\/nachrichten\\\/#website\"},\"primaryImageOfPage\":{\"@id\":\"https:\\\/\\\/www.strassenweb.de\\\/nachrichten\\\/im-wohnzimmer-von-faith-hill-und-tim-mcgraw-die-geschichte-der-blauen-und-weissen-farben-designer-lieben-ruhige-von-der-kueste-inspirierte-raeume-die-nie-aus-der-mode-kommen\\\/#primaryimage\"},\"image\":{\"@id\":\"https:\\\/\\\/www.strassenweb.de\\\/nachrichten\\\/im-wohnzimmer-von-faith-hill-und-tim-mcgraw-die-geschichte-der-blauen-und-weissen-farben-designer-lieben-ruhige-von-der-kueste-inspirierte-raeume-die-nie-aus-der-mode-kommen\\\/#primaryimage\"},\"thumbnailUrl\":\"https:\\\/\\\/www.strassenweb.de\\\/nachrichten\\\/wp-content\\\/uploads\\\/2025\\\/10\\\/Im-Wohnzimmer-von-Faith-Hill-und-Tim-McGraw-\u2013-Die.jpg\",\"datePublished\":\"2025-10-25T17:41:19+00:00\",\"dateModified\":\"2025-10-25T17:41:20+00:00\",\"breadcrumb\":{\"@id\":\"https:\\\/\\\/www.strassenweb.de\\\/nachrichten\\\/im-wohnzimmer-von-faith-hill-und-tim-mcgraw-die-geschichte-der-blauen-und-weissen-farben-designer-lieben-ruhige-von-der-kueste-inspirierte-raeume-die-nie-aus-der-mode-kommen\\\/#breadcrumb\"},\"inLanguage\":\"de\",\"potentialAction\":[{\"@type\":\"ReadAction\",\"target\":[\"https:\\\/\\\/www.strassenweb.de\\\/nachrichten\\\/im-wohnzimmer-von-faith-hill-und-tim-mcgraw-die-geschichte-der-blauen-und-weissen-farben-designer-lieben-ruhige-von-der-kueste-inspirierte-raeume-die-nie-aus-der-mode-kommen\\\/\"]}]},{\"@type\":\"ImageObject\",\"inLanguage\":\"de\",\"@id\":\"https:\\\/\\\/www.strassenweb.de\\\/nachrichten\\\/im-wohnzimmer-von-faith-hill-und-tim-mcgraw-die-geschichte-der-blauen-und-weissen-farben-designer-lieben-ruhige-von-der-kueste-inspirierte-raeume-die-nie-aus-der-mode-kommen\\\/#primaryimage\",\"url\":\"https:\\\/\\\/www.strassenweb.de\\\/nachrichten\\\/wp-content\\\/uploads\\\/2025\\\/10\\\/Im-Wohnzimmer-von-Faith-Hill-und-Tim-McGraw-\u2013-Die.jpg\",\"contentUrl\":\"https:\\\/\\\/www.strassenweb.de\\\/nachrichten\\\/wp-content\\\/uploads\\\/2025\\\/10\\\/Im-Wohnzimmer-von-Faith-Hill-und-Tim-McGraw-\u2013-Die.jpg\",\"width\":2560,\"height\":1440,\"caption\":\"Im Wohnzimmer von Faith Hill und Tim McGraw \u2013 Die Geschichte der blauen und wei\u00dfen Farben Designer lieben ruhige, von der K\u00fcste inspirierte R\u00e4ume, die nie aus der Mode kommen\"},{\"@type\":\"BreadcrumbList\",\"@id\":\"https:\\\/\\\/www.strassenweb.de\\\/nachrichten\\\/im-wohnzimmer-von-faith-hill-und-tim-mcgraw-die-geschichte-der-blauen-und-weissen-farben-designer-lieben-ruhige-von-der-kueste-inspirierte-raeume-die-nie-aus-der-mode-kommen\\\/#breadcrumb\",\"itemListElement\":[{\"@type\":\"ListItem\",\"position\":1,\"name\":\"Home\",\"item\":\"https:\\\/\\\/www.strassenweb.de\\\/nachrichten\\\/\"},{\"@type\":\"ListItem\",\"position\":2,\"name\":\"Im Wohnzimmer von Faith Hill und Tim McGraw \u2013 Die Geschichte der blauen und wei\u00dfen Farben Designer lieben ruhige, von der K\u00fcste inspirierte R\u00e4ume, die nie aus der Mode kommen\"}]},{\"@type\":\"WebSite\",\"@id\":\"https:\\\/\\\/www.strassenweb.de\\\/nachrichten\\\/#website\",\"url\":\"https:\\\/\\\/www.strassenweb.de\\\/nachrichten\\\/\",\"name\":\"Stra\u00dfenweb\",\"description\":\"Stra\u00dfenverzeichnis f\u00fcr Deutschland\",\"publisher\":{\"@id\":\"https:\\\/\\\/www.strassenweb.de\\\/nachrichten\\\/#organization\"},\"potentialAction\":[{\"@type\":\"SearchAction\",\"target\":{\"@type\":\"EntryPoint\",\"urlTemplate\":\"https:\\\/\\\/www.strassenweb.de\\\/nachrichten\\\/?s={search_term_string}\"},\"query-input\":{\"@type\":\"PropertyValueSpecification\",\"valueRequired\":true,\"valueName\":\"search_term_string\"}}],\"inLanguage\":\"de\"},{\"@type\":\"Organization\",\"@id\":\"https:\\\/\\\/www.strassenweb.de\\\/nachrichten\\\/#organization\",\"name\":\"Stra\u00dfenweb\",\"url\":\"https:\\\/\\\/www.strassenweb.de\\\/nachrichten\\\/\",\"logo\":{\"@type\":\"ImageObject\",\"inLanguage\":\"de\",\"@id\":\"https:\\\/\\\/www.strassenweb.de\\\/nachrichten\\\/#\\\/schema\\\/logo\\\/image\\\/\",\"url\":\"https:\\\/\\\/www.strassenweb.de\\\/nachrichten\\\/wp-content\\\/uploads\\\/2024\\\/09\\\/cropped-favicon.png\",\"contentUrl\":\"https:\\\/\\\/www.strassenweb.de\\\/nachrichten\\\/wp-content\\\/uploads\\\/2024\\\/09\\\/cropped-favicon.png\",\"width\":512,\"height\":512,\"caption\":\"Stra\u00dfenweb\"},\"image\":{\"@id\":\"https:\\\/\\\/www.strassenweb.de\\\/nachrichten\\\/#\\\/schema\\\/logo\\\/image\\\/\"},\"sameAs\":[\"https:\\\/\\\/www.facebook.com\\\/strassenweb\\\/\"]},{\"@type\":\"Person\",\"@id\":\"https:\\\/\\\/www.strassenweb.de\\\/nachrichten\\\/#\\\/schema\\\/person\\\/87c9c9067f1211da429a744dc5a5aa41\",\"name\":\"Robert Hoffmann\",\"image\":{\"@type\":\"ImageObject\",\"inLanguage\":\"de\",\"@id\":\"https:\\\/\\\/www.strassenweb.de\\\/nachrichten\\\/wp-content\\\/uploads\\\/2024\\\/09\\\/strassenweb-150x150.jpg\",\"url\":\"https:\\\/\\\/www.strassenweb.de\\\/nachrichten\\\/wp-content\\\/uploads\\\/2024\\\/09\\\/strassenweb-150x150.jpg\",\"contentUrl\":\"https:\\\/\\\/www.strassenweb.de\\\/nachrichten\\\/wp-content\\\/uploads\\\/2024\\\/09\\\/strassenweb-150x150.jpg\",\"caption\":\"Robert Hoffmann\"},\"description\":\"Ich hei\u00dfe Robert Hoffmann und ich bin ein leidenschaftlicher Verfechter von \u00d6kologie und Biodiversit\u00e4t. Seit meiner Kindheit in den W\u00e4ldern Bayerns f\u00fchle ich mich mit der Natur verbunden und bin entschlossen, sie zu sch\u00fctzen. Heute widme ich mein Leben der Sensibilisierung anderer f\u00fcr die Bedeutung des Umweltschutzes f\u00fcr zuk\u00fcnftige Generationen.\",\"sameAs\":[\"https:\\\/\\\/www.strassenweb.de\\\/\"]}]}<\/script>\n<!-- \/ Yoast SEO plugin. -->","yoast_head_json":{"title":"Im Wohnzimmer von Faith Hill und Tim McGraw \u2013 Die Geschichte der blauen und wei\u00dfen Farben Designer lieben ruhige, von der K\u00fcste inspirierte R\u00e4ume, die nie aus der Mode kommen - Nachrichten - Stra\u00dfenweb","robots":{"index":"index","follow":"follow","max-snippet":"max-snippet:-1","max-image-preview":"max-image-preview:large","max-video-preview":"max-video-preview:-1"},"canonical":"https:\/\/www.strassenweb.de\/nachrichten\/im-wohnzimmer-von-faith-hill-und-tim-mcgraw-die-geschichte-der-blauen-und-weissen-farben-designer-lieben-ruhige-von-der-kueste-inspirierte-raeume-die-nie-aus-der-mode-kommen\/","og_locale":"de_DE","og_type":"article","og_title":"Im Wohnzimmer von Faith Hill und Tim McGraw \u2013 Die Geschichte der blauen und wei\u00dfen Farben Designer lieben ruhige, von der K\u00fcste inspirierte R\u00e4ume, die nie aus der Mode kommen - Nachrichten - Stra\u00dfenweb","og_description":"Die Musiker und Songwriter Faith Hill und Tim McGraw sind vielleicht f\u00fcr ihre Country-Klassiker bekannt, aber auch ihre Innenr\u00e4ume sind bewundernswert. Wir konzentrieren uns auf","og_url":"https:\/\/www.strassenweb.de\/nachrichten\/im-wohnzimmer-von-faith-hill-und-tim-mcgraw-die-geschichte-der-blauen-und-weissen-farben-designer-lieben-ruhige-von-der-kueste-inspirierte-raeume-die-nie-aus-der-mode-kommen\/","og_site_name":"Stra\u00dfenweb","article_publisher":"https:\/\/www.facebook.com\/strassenweb\/","article_published_time":"2025-10-25T17:41:19+00:00","article_modified_time":"2025-10-25T17:41:20+00:00","og_image":[{"width":2560,"height":1440,"url":"https:\/\/www.strassenweb.de\/nachrichten\/wp-content\/uploads\/2025\/10\/Im-Wohnzimmer-von-Faith-Hill-und-Tim-McGraw-\u2013-Die.jpg","type":"image\/jpeg"}],"author":"Robert Hoffmann","twitter_card":"summary_large_image","twitter_misc":{"Verfasst von":"Robert Hoffmann","Gesch\u00e4tzte Lesezeit":"3\u00a0Minuten"},"schema":{"@context":"https:\/\/schema.org","@graph":[{"@type":"Article","@id":"https:\/\/www.strassenweb.de\/nachrichten\/im-wohnzimmer-von-faith-hill-und-tim-mcgraw-die-geschichte-der-blauen-und-weissen-farben-designer-lieben-ruhige-von-der-kueste-inspirierte-raeume-die-nie-aus-der-mode-kommen\/#article","isPartOf":{"@id":"https:\/\/www.strassenweb.de\/nachrichten\/im-wohnzimmer-von-faith-hill-und-tim-mcgraw-die-geschichte-der-blauen-und-weissen-farben-designer-lieben-ruhige-von-der-kueste-inspirierte-raeume-die-nie-aus-der-mode-kommen\/"},"author":{"name":"Robert Hoffmann","@id":"https:\/\/www.strassenweb.de\/nachrichten\/#\/schema\/person\/87c9c9067f1211da429a744dc5a5aa41"},"headline":"Im Wohnzimmer von Faith Hill und Tim McGraw \u2013 Die Geschichte der blauen und wei\u00dfen Farben Designer lieben ruhige, von der K\u00fcste inspirierte R\u00e4ume, die nie aus der Mode kommen","datePublished":"2025-10-25T17:41:19+00:00","dateModified":"2025-10-25T17:41:20+00:00","mainEntityOfPage":{"@id":"https:\/\/www.strassenweb.de\/nachrichten\/im-wohnzimmer-von-faith-hill-und-tim-mcgraw-die-geschichte-der-blauen-und-weissen-farben-designer-lieben-ruhige-von-der-kueste-inspirierte-raeume-die-nie-aus-der-mode-kommen\/"},"wordCount":575,"publisher":{"@id":"https:\/\/www.strassenweb.de\/nachrichten\/#organization"},"image":{"@id":"https:\/\/www.strassenweb.de\/nachrichten\/im-wohnzimmer-von-faith-hill-und-tim-mcgraw-die-geschichte-der-blauen-und-weissen-farben-designer-lieben-ruhige-von-der-kueste-inspirierte-raeume-die-nie-aus-der-mode-kommen\/#primaryimage"},"thumbnailUrl":"https:\/\/www.strassenweb.de\/nachrichten\/wp-content\/uploads\/2025\/10\/Im-Wohnzimmer-von-Faith-Hill-und-Tim-McGraw-\u2013-Die.jpg","keywords":["aus","blauen","der","Designer","die","Faith","Farben","Geschichte","Hill","inspirierte","kommen","K\u00fcste","lieben","McGraw","Mode","nie","R\u00e4ume","ruhige","Tim","und","von","wei\u00dfen","Wohnzimmer"],"articleSection":["Haus &amp; Garten"],"inLanguage":"de"},{"@type":"WebPage","@id":"https:\/\/www.strassenweb.de\/nachrichten\/im-wohnzimmer-von-faith-hill-und-tim-mcgraw-die-geschichte-der-blauen-und-weissen-farben-designer-lieben-ruhige-von-der-kueste-inspirierte-raeume-die-nie-aus-der-mode-kommen\/","url":"https:\/\/www.strassenweb.de\/nachrichten\/im-wohnzimmer-von-faith-hill-und-tim-mcgraw-die-geschichte-der-blauen-und-weissen-farben-designer-lieben-ruhige-von-der-kueste-inspirierte-raeume-die-nie-aus-der-mode-kommen\/","name":"Im Wohnzimmer von Faith Hill und Tim McGraw \u2013 Die Geschichte der blauen und wei\u00dfen Farben Designer lieben ruhige, von der K\u00fcste inspirierte R\u00e4ume, die nie aus der Mode kommen - Nachrichten - Stra\u00dfenweb","isPartOf":{"@id":"https:\/\/www.strassenweb.de\/nachrichten\/#website"},"primaryImageOfPage":{"@id":"https:\/\/www.strassenweb.de\/nachrichten\/im-wohnzimmer-von-faith-hill-und-tim-mcgraw-die-geschichte-der-blauen-und-weissen-farben-designer-lieben-ruhige-von-der-kueste-inspirierte-raeume-die-nie-aus-der-mode-kommen\/#primaryimage"},"image":{"@id":"https:\/\/www.strassenweb.de\/nachrichten\/im-wohnzimmer-von-faith-hill-und-tim-mcgraw-die-geschichte-der-blauen-und-weissen-farben-designer-lieben-ruhige-von-der-kueste-inspirierte-raeume-die-nie-aus-der-mode-kommen\/#primaryimage"},"thumbnailUrl":"https:\/\/www.strassenweb.de\/nachrichten\/wp-content\/uploads\/2025\/10\/Im-Wohnzimmer-von-Faith-Hill-und-Tim-McGraw-\u2013-Die.jpg","datePublished":"2025-10-25T17:41:19+00:00","dateModified":"2025-10-25T17:41:20+00:00","breadcrumb":{"@id":"https:\/\/www.strassenweb.de\/nachrichten\/im-wohnzimmer-von-faith-hill-und-tim-mcgraw-die-geschichte-der-blauen-und-weissen-farben-designer-lieben-ruhige-von-der-kueste-inspirierte-raeume-die-nie-aus-der-mode-kommen\/#breadcrumb"},"inLanguage":"de","potentialAction":[{"@type":"ReadAction","target":["https:\/\/www.strassenweb.de\/nachrichten\/im-wohnzimmer-von-faith-hill-und-tim-mcgraw-die-geschichte-der-blauen-und-weissen-farben-designer-lieben-ruhige-von-der-kueste-inspirierte-raeume-die-nie-aus-der-mode-kommen\/"]}]},{"@type":"ImageObject","inLanguage":"de","@id":"https:\/\/www.strassenweb.de\/nachrichten\/im-wohnzimmer-von-faith-hill-und-tim-mcgraw-die-geschichte-der-blauen-und-weissen-farben-designer-lieben-ruhige-von-der-kueste-inspirierte-raeume-die-nie-aus-der-mode-kommen\/#primaryimage","url":"https:\/\/www.strassenweb.de\/nachrichten\/wp-content\/uploads\/2025\/10\/Im-Wohnzimmer-von-Faith-Hill-und-Tim-McGraw-\u2013-Die.jpg","contentUrl":"https:\/\/www.strassenweb.de\/nachrichten\/wp-content\/uploads\/2025\/10\/Im-Wohnzimmer-von-Faith-Hill-und-Tim-McGraw-\u2013-Die.jpg","width":2560,"height":1440,"caption":"Im Wohnzimmer von Faith Hill und Tim McGraw \u2013 Die Geschichte der blauen und wei\u00dfen Farben Designer lieben ruhige, von der K\u00fcste inspirierte R\u00e4ume, die nie aus der Mode kommen"},{"@type":"BreadcrumbList","@id":"https:\/\/www.strassenweb.de\/nachrichten\/im-wohnzimmer-von-faith-hill-und-tim-mcgraw-die-geschichte-der-blauen-und-weissen-farben-designer-lieben-ruhige-von-der-kueste-inspirierte-raeume-die-nie-aus-der-mode-kommen\/#breadcrumb","itemListElement":[{"@type":"ListItem","position":1,"name":"Home","item":"https:\/\/www.strassenweb.de\/nachrichten\/"},{"@type":"ListItem","position":2,"name":"Im Wohnzimmer von Faith Hill und Tim McGraw \u2013 Die Geschichte der blauen und wei\u00dfen Farben Designer lieben ruhige, von der K\u00fcste inspirierte R\u00e4ume, die nie aus der Mode kommen"}]},{"@type":"WebSite","@id":"https:\/\/www.strassenweb.de\/nachrichten\/#website","url":"https:\/\/www.strassenweb.de\/nachrichten\/","name":"Stra\u00dfenweb","description":"Stra\u00dfenverzeichnis f\u00fcr Deutschland","publisher":{"@id":"https:\/\/www.strassenweb.de\/nachrichten\/#organization"},"potentialAction":[{"@type":"SearchAction","target":{"@type":"EntryPoint","urlTemplate":"https:\/\/www.strassenweb.de\/nachrichten\/?s={search_term_string}"},"query-input":{"@type":"PropertyValueSpecification","valueRequired":true,"valueName":"search_term_string"}}],"inLanguage":"de"},{"@type":"Organization","@id":"https:\/\/www.strassenweb.de\/nachrichten\/#organization","name":"Stra\u00dfenweb","url":"https:\/\/www.strassenweb.de\/nachrichten\/","logo":{"@type":"ImageObject","inLanguage":"de","@id":"https:\/\/www.strassenweb.de\/nachrichten\/#\/schema\/logo\/image\/","url":"https:\/\/www.strassenweb.de\/nachrichten\/wp-content\/uploads\/2024\/09\/cropped-favicon.png","contentUrl":"https:\/\/www.strassenweb.de\/nachrichten\/wp-content\/uploads\/2024\/09\/cropped-favicon.png","width":512,"height":512,"caption":"Stra\u00dfenweb"},"image":{"@id":"https:\/\/www.strassenweb.de\/nachrichten\/#\/schema\/logo\/image\/"},"sameAs":["https:\/\/www.facebook.com\/strassenweb\/"]},{"@type":"Person","@id":"https:\/\/www.strassenweb.de\/nachrichten\/#\/schema\/person\/87c9c9067f1211da429a744dc5a5aa41","name":"Robert Hoffmann","image":{"@type":"ImageObject","inLanguage":"de","@id":"https:\/\/www.strassenweb.de\/nachrichten\/wp-content\/uploads\/2024\/09\/strassenweb-150x150.jpg","url":"https:\/\/www.strassenweb.de\/nachrichten\/wp-content\/uploads\/2024\/09\/strassenweb-150x150.jpg","contentUrl":"https:\/\/www.strassenweb.de\/nachrichten\/wp-content\/uploads\/2024\/09\/strassenweb-150x150.jpg","caption":"Robert Hoffmann"},"description":"Ich hei\u00dfe Robert Hoffmann und ich bin ein leidenschaftlicher Verfechter von \u00d6kologie und Biodiversit\u00e4t. Seit meiner Kindheit in den W\u00e4ldern Bayerns f\u00fchle ich mich mit der Natur verbunden und bin entschlossen, sie zu sch\u00fctzen. Heute widme ich mein Leben der Sensibilisierung anderer f\u00fcr die Bedeutung des Umweltschutzes f\u00fcr zuk\u00fcnftige Generationen.","sameAs":["https:\/\/www.strassenweb.de\/"]}]}},"_links":{"self":[{"href":"https:\/\/www.strassenweb.de\/nachrichten\/wp-json\/wp\/v2\/posts\/8767","targetHints":{"allow":["GET"]}}],"collection":[{"href":"https:\/\/www.strassenweb.de\/nachrichten\/wp-json\/wp\/v2\/posts"}],"about":[{"href":"https:\/\/www.strassenweb.de\/nachrichten\/wp-json\/wp\/v2\/types\/post"}],"author":[{"embeddable":true,"href":"https:\/\/www.strassenweb.de\/nachrichten\/wp-json\/wp\/v2\/users\/1"}],"replies":[{"embeddable":true,"href":"https:\/\/www.strassenweb.de\/nachrichten\/wp-json\/wp\/v2\/comments?post=8767"}],"version-history":[{"count":0,"href":"https:\/\/www.strassenweb.de\/nachrichten\/wp-json\/wp\/v2\/posts\/8767\/revisions"}],"wp:featuredmedia":[{"embeddable":true,"href":"https:\/\/www.strassenweb.de\/nachrichten\/wp-json\/wp\/v2\/media\/8768"}],"wp:attachment":[{"href":"https:\/\/www.strassenweb.de\/nachrichten\/wp-json\/wp\/v2\/media?parent=8767"}],"wp:term":[{"taxonomy":"category","embeddable":true,"href":"https:\/\/www.strassenweb.de\/nachrichten\/wp-json\/wp\/v2\/categories?post=8767"},{"taxonomy":"post_tag","embeddable":true,"href":"https:\/\/www.strassenweb.de\/nachrichten\/wp-json\/wp\/v2\/tags?post=8767"}],"curies":[{"name":"wp","href":"https:\/\/api.w.org\/{rel}","templated":true}]}}