{"id":8761,"date":"2025-10-25T13:39:30","date_gmt":"2025-10-25T11:39:30","guid":{"rendered":"https:\/\/www.strassenweb.de\/nachrichten\/reese-witherspoons-bildschoene-weihnachtsveranda-ist-eine-vom-weihnachtsstern-inspirierte-freude-aus-dem-19-jahrhundert-sie-ist-ab-25-nachbildbar\/"},"modified":"2025-10-25T13:39:31","modified_gmt":"2025-10-25T11:39:31","slug":"reese-witherspoons-bildschoene-weihnachtsveranda-ist-eine-vom-weihnachtsstern-inspirierte-freude-aus-dem-19-jahrhundert-sie-ist-ab-25-nachbildbar","status":"publish","type":"post","link":"https:\/\/www.strassenweb.de\/nachrichten\/reese-witherspoons-bildschoene-weihnachtsveranda-ist-eine-vom-weihnachtsstern-inspirierte-freude-aus-dem-19-jahrhundert-sie-ist-ab-25-nachbildbar\/","title":{"rendered":"Reese Witherspoons bildsch\u00f6ne Weihnachtsveranda ist eine vom Weihnachtsstern inspirierte Freude aus dem 19. Jahrhundert \u2013 sie ist ab 25 $ nachbildbar"},"content":{"rendered":"<p><\/p>\n<div id=\"article-body\" class=\"article__body \">\n<p id=\"c8ac84dd-0f5d-42d0-80e7-e6adb66e04f3\">Es ist die Jahreszeit f\u00fcr \u00fcppiges Laub und Duft, und wie k\u00f6nnte man die Feiertage besser einl\u00e4uten als mit jedermanns Lieblingsweihnachtsblume \u2013 dem Weihnachtsstern?<\/p>\n<div id=\"ad-unit-1\" class=\"ad-unit\"><\/div>\n<p>Weihnachten w\u00e4re ohne ihn einfach nicht komplett. In den 1820er Jahren f\u00fchrte der Diplomat Joel Roberts Poinsett die Pflanze aus Mexiko in die Vereinigten Staaten ein, verbreitete sie weithin und wurde bald mit der Weihnachtszeit in Verbindung gebracht. Die Veranda-Weihnachtssterne der Schauspielerin Reese Witherspoon beweisen heute ihre Anziehungskraft. Ihre bildsch\u00f6ne Veranda ist immer saisonal perfekt gekleidet, und in der Weihnachtszeit ist das offensichtlich nicht anders.<\/p>\n<aside data-block-type=\"embed\" data-render-type=\"fte\" data-skip=\"dealsy\" data-widget-type=\"seasonal\" class=\"hawk-root\"><\/aside>\n<p id=\"c8ac84dd-0f5d-42d0-80e7-e6adb66e04f3-2\" class=\"paywall\" aria-hidden=\"true\">Die meisten Menschen kennen diese fantastisch festlichen roten Pflanzen, aber es gibt sie auch in vielen verschiedenen Farbt\u00f6nen und Zweifarben, von Pfirsich \u00fcber tiefes Kastanienbraun, Zimt, Rosa, Gelb, Aprikose und Wei\u00df. Wenn es jedoch um die besten Weihnachtssterne f\u00fcr Weihnachten geht, ist Rot die erste Wahl.<\/p>\n<div class=\"van_vid_carousel\">\n<div class=\"van_vid_carousel__padding\">\n<div class=\"van_vid_carousel__container\"><\/div>\n<\/div>\n<\/div>\n<p class=\"paywall\" aria-hidden=\"true\">Mein Favorit f\u00fcr 2025 ist dieser Klassiker von Amazon. Es ist k\u00fcnstlich, aber es sieht so realistisch aus, und es wird im Dezember genauso frisch aussehen wie in diesen letzten Tagen im Oktober und im November. Sie erhalten die ganze Sch\u00f6nheit ohne den Unterhalt.<\/p>\n<div id=\"ad-unit-2\" class=\"ad-unit\"><\/div>\n<div class=\"instagram-embed\" id=\"CXUPEEJvm6U\">\n<blockquote class=\"instagram-media\" data-instgrm-captioned data-instgrm-version=\"6\" style=\"width:99.375%; width:-webkit-calc(100% - 2px); width:calc(100% - 2px);\">\n<p>Ein von Reese Witherspoon (@reesewitherspoon) geteilter Beitrag<\/p>\n<p>Ein Foto gepostet von am <\/p>\n<\/blockquote>\n<\/div>\n<h2 id=\"shop-the-poinsettia-edit-3\">Kaufen Sie die Weihnachtsstern-Auswahl <\/h2>\n<div class=\"product-container hero-product-container product-block-no-wrap\">\n<div class=\"product-block-row\"><\/div>\n<div class=\"product-block-row\"><\/div>\n<div class=\"product-block-row\"><\/div>\n<\/div>\n<p id=\"f3cbc815-c011-4532-9824-b917f6c799ad\">Auch wenn bekannt ist, dass diese beliebten Weihnachtspflanzen am Ende der Weihnachtszeit verblassen, ist das kein Grund, sie wegzuwerfen. Da es sich um zarte Stauden handelt, h\u00e4lt ein gesunder Weihnachtsstern bis zum n\u00e4chsten Weihnachten und sogar dar\u00fcber hinaus, wenn Sie ihn richtig pflegen und dabei die Tipps und Ratschl\u00e4ge aus unserem Weihnachtsstern-Pflegeratgeber beachten.<\/p>\n<p>Wenn Sie in einem k\u00e4lteren Klima leben, entscheiden Sie sich alternativ f\u00fcr einen k\u00fcnstlichen Weihnachtsstern, der die ganze Ferienzeit \u00fcber Bestand hat. Au\u00dferdem k\u00f6nnen Sie es ins Haus bringen und n\u00e4chstes Jahr verwenden.<\/p>\n<p>Worauf warten Sie noch? Ihre weihnachtliche Veranda sollte der Ausgangspunkt f\u00fcr die weihnachtliche Ausstattung Ihres Zuhauses sein. Schlie\u00dflich kommt es auf den ersten Eindruck an, also folgen Sie Witherspoons Fu\u00dfstapfen mit symmetrischen Pflanzgef\u00e4\u00dfen mit Weihnachtssternen.<\/p>\n<div id=\"slice-container-newsletterForm-articleInbodyContent-VBCD5RR6DtvkjuvtFfKue9\" class=\"slice-container newsletter-inbodyContent-slice newsletterForm-articleInbodyContent-VBCD5RR6DtvkjuvtFfKue9 slice-container-newsletterForm\"><\/div>\n<p>Wenn Weihnachtssterne nicht zu Ihren Lieblingsblumen f\u00fcr die Feiertage geh\u00f6ren, geh\u00f6ren Stechpalme, Rosmarin, Mistel und Efeu nat\u00fcrlich zu meinen anderen beliebtesten Weihnachtspflanzen \u2013 und sie eignen sich genauso gut f\u00fcr Pflanzgef\u00e4\u00dfe oder Wandh\u00e4nge. Glauben Sie Reese, das ist der beste Weg, Ihren Bordstein dieses Weihnachten attraktiver zu machen.<\/p>\n<div class=\"min-h-(270px) mb-4 viafoura-twig-component\" id=\"viafoura-engagement-starter-wrapper\" data-component-name=\"Elk:Embed:EngagementStarter\">\n<div class=\"viafoura\">\n<div>\n<vf-conversation-starter target=\"viafoura-comments\" title=\"How will you decorate your porch for Christmas?\" minimum-comment-count=\"1\"><br \/>\n<\/vf-conversation-starter>\n<\/div>\n<\/div>\n<\/div>\n<hr id=\"afeb71a5-52f0-40b5-9ca3-48321b69e12d\">\n<div class=\"block\" id=\"articleTag\" data-component-name=\"PostArticleLinks\">\n<div class=\"border-b border-b-black border-solid py-2.5 text-black font-bold uppercase\">THEMEN<\/div>\n<nav class=\"py-2.5 flex gap-2.5 flex-wrap\" data-analytics-id=\"article-tag\">\n<p>Reese Witherspoon<\/p>\n<\/nav>\n<\/div>\n<\/div>\n<p><script async src=\"\/\/www.instagram.com\/embed.js\"><\/script><\/p>\n","protected":false},"excerpt":{"rendered":"<p>Es ist die Jahreszeit f\u00fcr \u00fcppiges Laub und Duft, und wie k\u00f6nnte man die Feiertage besser einl\u00e4uten als mit jedermanns Lieblingsweihnachtsblume \u2013 dem Weihnachtsstern? Weihnachten<\/p>\n","protected":false},"author":1,"featured_media":8762,"comment_status":"closed","ping_status":"","sticky":false,"template":"","format":"standard","meta":{"footnotes":""},"categories":[118],"tags":[287,1445,91,74,9302,1879,15,4927,11097,3269,165,758,3982,11096,5076],"class_list":["post-8761","post","type-post","status-publish","format-standard","has-post-thumbnail","hentry","category-haus-garten","tag-aus","tag-bildschoene","tag-dem","tag-eine","tag-freude","tag-inspirierte","tag-ist","tag-jahrhundert","tag-nachbildbar","tag-reese","tag-sie","tag-vom","tag-weihnachtsstern","tag-weihnachtsveranda","tag-witherspoons","generate-columns","tablet-grid-50","mobile-grid-100","grid-parent","grid-50"],"yoast_head":"<!-- This site is optimized with the Yoast SEO plugin v27.3 - https:\/\/yoast.com\/product\/yoast-seo-wordpress\/ -->\n<title>Reese Witherspoons bildsch\u00f6ne Weihnachtsveranda ist eine vom Weihnachtsstern inspirierte Freude aus dem 19. Jahrhundert \u2013 sie ist ab 25 $ nachbildbar - Nachrichten - Stra\u00dfenweb<\/title>\n<meta name=\"robots\" content=\"index, follow, max-snippet:-1, max-image-preview:large, max-video-preview:-1\" \/>\n<link rel=\"canonical\" href=\"https:\/\/www.strassenweb.de\/nachrichten\/reese-witherspoons-bildschoene-weihnachtsveranda-ist-eine-vom-weihnachtsstern-inspirierte-freude-aus-dem-19-jahrhundert-sie-ist-ab-25-nachbildbar\/\" \/>\n<meta property=\"og:locale\" content=\"de_DE\" \/>\n<meta property=\"og:type\" content=\"article\" \/>\n<meta property=\"og:title\" content=\"Reese Witherspoons bildsch\u00f6ne Weihnachtsveranda ist eine vom Weihnachtsstern inspirierte Freude aus dem 19. Jahrhundert \u2013 sie ist ab 25 $ nachbildbar - Nachrichten - Stra\u00dfenweb\" \/>\n<meta property=\"og:description\" content=\"Es ist die Jahreszeit f\u00fcr \u00fcppiges Laub und Duft, und wie k\u00f6nnte man die Feiertage besser einl\u00e4uten als mit jedermanns Lieblingsweihnachtsblume \u2013 dem Weihnachtsstern? Weihnachten\" \/>\n<meta property=\"og:url\" content=\"https:\/\/www.strassenweb.de\/nachrichten\/reese-witherspoons-bildschoene-weihnachtsveranda-ist-eine-vom-weihnachtsstern-inspirierte-freude-aus-dem-19-jahrhundert-sie-ist-ab-25-nachbildbar\/\" \/>\n<meta property=\"og:site_name\" content=\"Stra\u00dfenweb\" \/>\n<meta property=\"article:publisher\" content=\"https:\/\/www.facebook.com\/strassenweb\/\" \/>\n<meta property=\"article:published_time\" content=\"2025-10-25T11:39:30+00:00\" \/>\n<meta property=\"article:modified_time\" content=\"2025-10-25T11:39:31+00:00\" \/>\n<meta property=\"og:image\" content=\"https:\/\/www.strassenweb.de\/nachrichten\/wp-content\/uploads\/2025\/10\/Reese-Witherspoons-bildschoene-Weihnachtsveranda-ist-eine-vom-Weihnachtsstern-inspirierte-Freude.jpg\" \/>\n\t<meta property=\"og:image:width\" content=\"1600\" \/>\n\t<meta property=\"og:image:height\" content=\"900\" \/>\n\t<meta property=\"og:image:type\" content=\"image\/jpeg\" \/>\n<meta name=\"author\" content=\"Robert Hoffmann\" \/>\n<meta name=\"twitter:card\" content=\"summary_large_image\" \/>\n<meta name=\"twitter:label1\" content=\"Verfasst von\" \/>\n\t<meta name=\"twitter:data1\" content=\"Robert Hoffmann\" \/>\n\t<meta name=\"twitter:label2\" content=\"Gesch\u00e4tzte Lesezeit\" \/>\n\t<meta name=\"twitter:data2\" content=\"2\u00a0Minuten\" \/>\n<script type=\"application\/ld+json\" class=\"yoast-schema-graph\">{\"@context\":\"https:\\\/\\\/schema.org\",\"@graph\":[{\"@type\":\"Article\",\"@id\":\"https:\\\/\\\/www.strassenweb.de\\\/nachrichten\\\/reese-witherspoons-bildschoene-weihnachtsveranda-ist-eine-vom-weihnachtsstern-inspirierte-freude-aus-dem-19-jahrhundert-sie-ist-ab-25-nachbildbar\\\/#article\",\"isPartOf\":{\"@id\":\"https:\\\/\\\/www.strassenweb.de\\\/nachrichten\\\/reese-witherspoons-bildschoene-weihnachtsveranda-ist-eine-vom-weihnachtsstern-inspirierte-freude-aus-dem-19-jahrhundert-sie-ist-ab-25-nachbildbar\\\/\"},\"author\":{\"name\":\"Robert Hoffmann\",\"@id\":\"https:\\\/\\\/www.strassenweb.de\\\/nachrichten\\\/#\\\/schema\\\/person\\\/87c9c9067f1211da429a744dc5a5aa41\"},\"headline\":\"Reese Witherspoons bildsch\u00f6ne Weihnachtsveranda ist eine vom Weihnachtsstern inspirierte Freude aus dem 19. Jahrhundert \u2013 sie ist ab 25 $ nachbildbar\",\"datePublished\":\"2025-10-25T11:39:30+00:00\",\"dateModified\":\"2025-10-25T11:39:31+00:00\",\"mainEntityOfPage\":{\"@id\":\"https:\\\/\\\/www.strassenweb.de\\\/nachrichten\\\/reese-witherspoons-bildschoene-weihnachtsveranda-ist-eine-vom-weihnachtsstern-inspirierte-freude-aus-dem-19-jahrhundert-sie-ist-ab-25-nachbildbar\\\/\"},\"wordCount\":414,\"publisher\":{\"@id\":\"https:\\\/\\\/www.strassenweb.de\\\/nachrichten\\\/#organization\"},\"image\":{\"@id\":\"https:\\\/\\\/www.strassenweb.de\\\/nachrichten\\\/reese-witherspoons-bildschoene-weihnachtsveranda-ist-eine-vom-weihnachtsstern-inspirierte-freude-aus-dem-19-jahrhundert-sie-ist-ab-25-nachbildbar\\\/#primaryimage\"},\"thumbnailUrl\":\"https:\\\/\\\/www.strassenweb.de\\\/nachrichten\\\/wp-content\\\/uploads\\\/2025\\\/10\\\/Reese-Witherspoons-bildschoene-Weihnachtsveranda-ist-eine-vom-Weihnachtsstern-inspirierte-Freude.jpg\",\"keywords\":[\"aus\",\"bildsch\u00f6ne\",\"dem\",\"eine\",\"Freude\",\"inspirierte\",\"ist\",\"Jahrhundert\",\"nachbildbar\",\"Reese\",\"Sie\",\"vom\",\"Weihnachtsstern\",\"Weihnachtsveranda\",\"Witherspoons\"],\"articleSection\":[\"Haus &amp; Garten\"],\"inLanguage\":\"de\"},{\"@type\":\"WebPage\",\"@id\":\"https:\\\/\\\/www.strassenweb.de\\\/nachrichten\\\/reese-witherspoons-bildschoene-weihnachtsveranda-ist-eine-vom-weihnachtsstern-inspirierte-freude-aus-dem-19-jahrhundert-sie-ist-ab-25-nachbildbar\\\/\",\"url\":\"https:\\\/\\\/www.strassenweb.de\\\/nachrichten\\\/reese-witherspoons-bildschoene-weihnachtsveranda-ist-eine-vom-weihnachtsstern-inspirierte-freude-aus-dem-19-jahrhundert-sie-ist-ab-25-nachbildbar\\\/\",\"name\":\"Reese Witherspoons bildsch\u00f6ne Weihnachtsveranda ist eine vom Weihnachtsstern inspirierte Freude aus dem 19. Jahrhundert \u2013 sie ist ab 25 $ nachbildbar - Nachrichten - Stra\u00dfenweb\",\"isPartOf\":{\"@id\":\"https:\\\/\\\/www.strassenweb.de\\\/nachrichten\\\/#website\"},\"primaryImageOfPage\":{\"@id\":\"https:\\\/\\\/www.strassenweb.de\\\/nachrichten\\\/reese-witherspoons-bildschoene-weihnachtsveranda-ist-eine-vom-weihnachtsstern-inspirierte-freude-aus-dem-19-jahrhundert-sie-ist-ab-25-nachbildbar\\\/#primaryimage\"},\"image\":{\"@id\":\"https:\\\/\\\/www.strassenweb.de\\\/nachrichten\\\/reese-witherspoons-bildschoene-weihnachtsveranda-ist-eine-vom-weihnachtsstern-inspirierte-freude-aus-dem-19-jahrhundert-sie-ist-ab-25-nachbildbar\\\/#primaryimage\"},\"thumbnailUrl\":\"https:\\\/\\\/www.strassenweb.de\\\/nachrichten\\\/wp-content\\\/uploads\\\/2025\\\/10\\\/Reese-Witherspoons-bildschoene-Weihnachtsveranda-ist-eine-vom-Weihnachtsstern-inspirierte-Freude.jpg\",\"datePublished\":\"2025-10-25T11:39:30+00:00\",\"dateModified\":\"2025-10-25T11:39:31+00:00\",\"breadcrumb\":{\"@id\":\"https:\\\/\\\/www.strassenweb.de\\\/nachrichten\\\/reese-witherspoons-bildschoene-weihnachtsveranda-ist-eine-vom-weihnachtsstern-inspirierte-freude-aus-dem-19-jahrhundert-sie-ist-ab-25-nachbildbar\\\/#breadcrumb\"},\"inLanguage\":\"de\",\"potentialAction\":[{\"@type\":\"ReadAction\",\"target\":[\"https:\\\/\\\/www.strassenweb.de\\\/nachrichten\\\/reese-witherspoons-bildschoene-weihnachtsveranda-ist-eine-vom-weihnachtsstern-inspirierte-freude-aus-dem-19-jahrhundert-sie-ist-ab-25-nachbildbar\\\/\"]}]},{\"@type\":\"ImageObject\",\"inLanguage\":\"de\",\"@id\":\"https:\\\/\\\/www.strassenweb.de\\\/nachrichten\\\/reese-witherspoons-bildschoene-weihnachtsveranda-ist-eine-vom-weihnachtsstern-inspirierte-freude-aus-dem-19-jahrhundert-sie-ist-ab-25-nachbildbar\\\/#primaryimage\",\"url\":\"https:\\\/\\\/www.strassenweb.de\\\/nachrichten\\\/wp-content\\\/uploads\\\/2025\\\/10\\\/Reese-Witherspoons-bildschoene-Weihnachtsveranda-ist-eine-vom-Weihnachtsstern-inspirierte-Freude.jpg\",\"contentUrl\":\"https:\\\/\\\/www.strassenweb.de\\\/nachrichten\\\/wp-content\\\/uploads\\\/2025\\\/10\\\/Reese-Witherspoons-bildschoene-Weihnachtsveranda-ist-eine-vom-Weihnachtsstern-inspirierte-Freude.jpg\",\"width\":1600,\"height\":900,\"caption\":\"Reese Witherspoon\"},{\"@type\":\"BreadcrumbList\",\"@id\":\"https:\\\/\\\/www.strassenweb.de\\\/nachrichten\\\/reese-witherspoons-bildschoene-weihnachtsveranda-ist-eine-vom-weihnachtsstern-inspirierte-freude-aus-dem-19-jahrhundert-sie-ist-ab-25-nachbildbar\\\/#breadcrumb\",\"itemListElement\":[{\"@type\":\"ListItem\",\"position\":1,\"name\":\"Home\",\"item\":\"https:\\\/\\\/www.strassenweb.de\\\/nachrichten\\\/\"},{\"@type\":\"ListItem\",\"position\":2,\"name\":\"Reese Witherspoons bildsch\u00f6ne Weihnachtsveranda ist eine vom Weihnachtsstern inspirierte Freude aus dem 19. Jahrhundert \u2013 sie ist ab 25 $ nachbildbar\"}]},{\"@type\":\"WebSite\",\"@id\":\"https:\\\/\\\/www.strassenweb.de\\\/nachrichten\\\/#website\",\"url\":\"https:\\\/\\\/www.strassenweb.de\\\/nachrichten\\\/\",\"name\":\"Stra\u00dfenweb\",\"description\":\"Stra\u00dfenverzeichnis f\u00fcr Deutschland\",\"publisher\":{\"@id\":\"https:\\\/\\\/www.strassenweb.de\\\/nachrichten\\\/#organization\"},\"potentialAction\":[{\"@type\":\"SearchAction\",\"target\":{\"@type\":\"EntryPoint\",\"urlTemplate\":\"https:\\\/\\\/www.strassenweb.de\\\/nachrichten\\\/?s={search_term_string}\"},\"query-input\":{\"@type\":\"PropertyValueSpecification\",\"valueRequired\":true,\"valueName\":\"search_term_string\"}}],\"inLanguage\":\"de\"},{\"@type\":\"Organization\",\"@id\":\"https:\\\/\\\/www.strassenweb.de\\\/nachrichten\\\/#organization\",\"name\":\"Stra\u00dfenweb\",\"url\":\"https:\\\/\\\/www.strassenweb.de\\\/nachrichten\\\/\",\"logo\":{\"@type\":\"ImageObject\",\"inLanguage\":\"de\",\"@id\":\"https:\\\/\\\/www.strassenweb.de\\\/nachrichten\\\/#\\\/schema\\\/logo\\\/image\\\/\",\"url\":\"https:\\\/\\\/www.strassenweb.de\\\/nachrichten\\\/wp-content\\\/uploads\\\/2024\\\/09\\\/cropped-favicon.png\",\"contentUrl\":\"https:\\\/\\\/www.strassenweb.de\\\/nachrichten\\\/wp-content\\\/uploads\\\/2024\\\/09\\\/cropped-favicon.png\",\"width\":512,\"height\":512,\"caption\":\"Stra\u00dfenweb\"},\"image\":{\"@id\":\"https:\\\/\\\/www.strassenweb.de\\\/nachrichten\\\/#\\\/schema\\\/logo\\\/image\\\/\"},\"sameAs\":[\"https:\\\/\\\/www.facebook.com\\\/strassenweb\\\/\"]},{\"@type\":\"Person\",\"@id\":\"https:\\\/\\\/www.strassenweb.de\\\/nachrichten\\\/#\\\/schema\\\/person\\\/87c9c9067f1211da429a744dc5a5aa41\",\"name\":\"Robert Hoffmann\",\"image\":{\"@type\":\"ImageObject\",\"inLanguage\":\"de\",\"@id\":\"https:\\\/\\\/www.strassenweb.de\\\/nachrichten\\\/wp-content\\\/uploads\\\/2024\\\/09\\\/strassenweb-150x150.jpg\",\"url\":\"https:\\\/\\\/www.strassenweb.de\\\/nachrichten\\\/wp-content\\\/uploads\\\/2024\\\/09\\\/strassenweb-150x150.jpg\",\"contentUrl\":\"https:\\\/\\\/www.strassenweb.de\\\/nachrichten\\\/wp-content\\\/uploads\\\/2024\\\/09\\\/strassenweb-150x150.jpg\",\"caption\":\"Robert Hoffmann\"},\"description\":\"Ich hei\u00dfe Robert Hoffmann und ich bin ein leidenschaftlicher Verfechter von \u00d6kologie und Biodiversit\u00e4t. Seit meiner Kindheit in den W\u00e4ldern Bayerns f\u00fchle ich mich mit der Natur verbunden und bin entschlossen, sie zu sch\u00fctzen. Heute widme ich mein Leben der Sensibilisierung anderer f\u00fcr die Bedeutung des Umweltschutzes f\u00fcr zuk\u00fcnftige Generationen.\",\"sameAs\":[\"https:\\\/\\\/www.strassenweb.de\\\/\"]}]}<\/script>\n<!-- \/ Yoast SEO plugin. -->","yoast_head_json":{"title":"Reese Witherspoons bildsch\u00f6ne Weihnachtsveranda ist eine vom Weihnachtsstern inspirierte Freude aus dem 19. Jahrhundert \u2013 sie ist ab 25 $ nachbildbar - Nachrichten - Stra\u00dfenweb","robots":{"index":"index","follow":"follow","max-snippet":"max-snippet:-1","max-image-preview":"max-image-preview:large","max-video-preview":"max-video-preview:-1"},"canonical":"https:\/\/www.strassenweb.de\/nachrichten\/reese-witherspoons-bildschoene-weihnachtsveranda-ist-eine-vom-weihnachtsstern-inspirierte-freude-aus-dem-19-jahrhundert-sie-ist-ab-25-nachbildbar\/","og_locale":"de_DE","og_type":"article","og_title":"Reese Witherspoons bildsch\u00f6ne Weihnachtsveranda ist eine vom Weihnachtsstern inspirierte Freude aus dem 19. Jahrhundert \u2013 sie ist ab 25 $ nachbildbar - Nachrichten - Stra\u00dfenweb","og_description":"Es ist die Jahreszeit f\u00fcr \u00fcppiges Laub und Duft, und wie k\u00f6nnte man die Feiertage besser einl\u00e4uten als mit jedermanns Lieblingsweihnachtsblume \u2013 dem Weihnachtsstern? Weihnachten","og_url":"https:\/\/www.strassenweb.de\/nachrichten\/reese-witherspoons-bildschoene-weihnachtsveranda-ist-eine-vom-weihnachtsstern-inspirierte-freude-aus-dem-19-jahrhundert-sie-ist-ab-25-nachbildbar\/","og_site_name":"Stra\u00dfenweb","article_publisher":"https:\/\/www.facebook.com\/strassenweb\/","article_published_time":"2025-10-25T11:39:30+00:00","article_modified_time":"2025-10-25T11:39:31+00:00","og_image":[{"width":1600,"height":900,"url":"https:\/\/www.strassenweb.de\/nachrichten\/wp-content\/uploads\/2025\/10\/Reese-Witherspoons-bildschoene-Weihnachtsveranda-ist-eine-vom-Weihnachtsstern-inspirierte-Freude.jpg","type":"image\/jpeg"}],"author":"Robert Hoffmann","twitter_card":"summary_large_image","twitter_misc":{"Verfasst von":"Robert Hoffmann","Gesch\u00e4tzte Lesezeit":"2\u00a0Minuten"},"schema":{"@context":"https:\/\/schema.org","@graph":[{"@type":"Article","@id":"https:\/\/www.strassenweb.de\/nachrichten\/reese-witherspoons-bildschoene-weihnachtsveranda-ist-eine-vom-weihnachtsstern-inspirierte-freude-aus-dem-19-jahrhundert-sie-ist-ab-25-nachbildbar\/#article","isPartOf":{"@id":"https:\/\/www.strassenweb.de\/nachrichten\/reese-witherspoons-bildschoene-weihnachtsveranda-ist-eine-vom-weihnachtsstern-inspirierte-freude-aus-dem-19-jahrhundert-sie-ist-ab-25-nachbildbar\/"},"author":{"name":"Robert Hoffmann","@id":"https:\/\/www.strassenweb.de\/nachrichten\/#\/schema\/person\/87c9c9067f1211da429a744dc5a5aa41"},"headline":"Reese Witherspoons bildsch\u00f6ne Weihnachtsveranda ist eine vom Weihnachtsstern inspirierte Freude aus dem 19. Jahrhundert \u2013 sie ist ab 25 $ nachbildbar","datePublished":"2025-10-25T11:39:30+00:00","dateModified":"2025-10-25T11:39:31+00:00","mainEntityOfPage":{"@id":"https:\/\/www.strassenweb.de\/nachrichten\/reese-witherspoons-bildschoene-weihnachtsveranda-ist-eine-vom-weihnachtsstern-inspirierte-freude-aus-dem-19-jahrhundert-sie-ist-ab-25-nachbildbar\/"},"wordCount":414,"publisher":{"@id":"https:\/\/www.strassenweb.de\/nachrichten\/#organization"},"image":{"@id":"https:\/\/www.strassenweb.de\/nachrichten\/reese-witherspoons-bildschoene-weihnachtsveranda-ist-eine-vom-weihnachtsstern-inspirierte-freude-aus-dem-19-jahrhundert-sie-ist-ab-25-nachbildbar\/#primaryimage"},"thumbnailUrl":"https:\/\/www.strassenweb.de\/nachrichten\/wp-content\/uploads\/2025\/10\/Reese-Witherspoons-bildschoene-Weihnachtsveranda-ist-eine-vom-Weihnachtsstern-inspirierte-Freude.jpg","keywords":["aus","bildsch\u00f6ne","dem","eine","Freude","inspirierte","ist","Jahrhundert","nachbildbar","Reese","Sie","vom","Weihnachtsstern","Weihnachtsveranda","Witherspoons"],"articleSection":["Haus &amp; Garten"],"inLanguage":"de"},{"@type":"WebPage","@id":"https:\/\/www.strassenweb.de\/nachrichten\/reese-witherspoons-bildschoene-weihnachtsveranda-ist-eine-vom-weihnachtsstern-inspirierte-freude-aus-dem-19-jahrhundert-sie-ist-ab-25-nachbildbar\/","url":"https:\/\/www.strassenweb.de\/nachrichten\/reese-witherspoons-bildschoene-weihnachtsveranda-ist-eine-vom-weihnachtsstern-inspirierte-freude-aus-dem-19-jahrhundert-sie-ist-ab-25-nachbildbar\/","name":"Reese Witherspoons bildsch\u00f6ne Weihnachtsveranda ist eine vom Weihnachtsstern inspirierte Freude aus dem 19. Jahrhundert \u2013 sie ist ab 25 $ nachbildbar - Nachrichten - Stra\u00dfenweb","isPartOf":{"@id":"https:\/\/www.strassenweb.de\/nachrichten\/#website"},"primaryImageOfPage":{"@id":"https:\/\/www.strassenweb.de\/nachrichten\/reese-witherspoons-bildschoene-weihnachtsveranda-ist-eine-vom-weihnachtsstern-inspirierte-freude-aus-dem-19-jahrhundert-sie-ist-ab-25-nachbildbar\/#primaryimage"},"image":{"@id":"https:\/\/www.strassenweb.de\/nachrichten\/reese-witherspoons-bildschoene-weihnachtsveranda-ist-eine-vom-weihnachtsstern-inspirierte-freude-aus-dem-19-jahrhundert-sie-ist-ab-25-nachbildbar\/#primaryimage"},"thumbnailUrl":"https:\/\/www.strassenweb.de\/nachrichten\/wp-content\/uploads\/2025\/10\/Reese-Witherspoons-bildschoene-Weihnachtsveranda-ist-eine-vom-Weihnachtsstern-inspirierte-Freude.jpg","datePublished":"2025-10-25T11:39:30+00:00","dateModified":"2025-10-25T11:39:31+00:00","breadcrumb":{"@id":"https:\/\/www.strassenweb.de\/nachrichten\/reese-witherspoons-bildschoene-weihnachtsveranda-ist-eine-vom-weihnachtsstern-inspirierte-freude-aus-dem-19-jahrhundert-sie-ist-ab-25-nachbildbar\/#breadcrumb"},"inLanguage":"de","potentialAction":[{"@type":"ReadAction","target":["https:\/\/www.strassenweb.de\/nachrichten\/reese-witherspoons-bildschoene-weihnachtsveranda-ist-eine-vom-weihnachtsstern-inspirierte-freude-aus-dem-19-jahrhundert-sie-ist-ab-25-nachbildbar\/"]}]},{"@type":"ImageObject","inLanguage":"de","@id":"https:\/\/www.strassenweb.de\/nachrichten\/reese-witherspoons-bildschoene-weihnachtsveranda-ist-eine-vom-weihnachtsstern-inspirierte-freude-aus-dem-19-jahrhundert-sie-ist-ab-25-nachbildbar\/#primaryimage","url":"https:\/\/www.strassenweb.de\/nachrichten\/wp-content\/uploads\/2025\/10\/Reese-Witherspoons-bildschoene-Weihnachtsveranda-ist-eine-vom-Weihnachtsstern-inspirierte-Freude.jpg","contentUrl":"https:\/\/www.strassenweb.de\/nachrichten\/wp-content\/uploads\/2025\/10\/Reese-Witherspoons-bildschoene-Weihnachtsveranda-ist-eine-vom-Weihnachtsstern-inspirierte-Freude.jpg","width":1600,"height":900,"caption":"Reese Witherspoon"},{"@type":"BreadcrumbList","@id":"https:\/\/www.strassenweb.de\/nachrichten\/reese-witherspoons-bildschoene-weihnachtsveranda-ist-eine-vom-weihnachtsstern-inspirierte-freude-aus-dem-19-jahrhundert-sie-ist-ab-25-nachbildbar\/#breadcrumb","itemListElement":[{"@type":"ListItem","position":1,"name":"Home","item":"https:\/\/www.strassenweb.de\/nachrichten\/"},{"@type":"ListItem","position":2,"name":"Reese Witherspoons bildsch\u00f6ne Weihnachtsveranda ist eine vom Weihnachtsstern inspirierte Freude aus dem 19. Jahrhundert \u2013 sie ist ab 25 $ nachbildbar"}]},{"@type":"WebSite","@id":"https:\/\/www.strassenweb.de\/nachrichten\/#website","url":"https:\/\/www.strassenweb.de\/nachrichten\/","name":"Stra\u00dfenweb","description":"Stra\u00dfenverzeichnis f\u00fcr Deutschland","publisher":{"@id":"https:\/\/www.strassenweb.de\/nachrichten\/#organization"},"potentialAction":[{"@type":"SearchAction","target":{"@type":"EntryPoint","urlTemplate":"https:\/\/www.strassenweb.de\/nachrichten\/?s={search_term_string}"},"query-input":{"@type":"PropertyValueSpecification","valueRequired":true,"valueName":"search_term_string"}}],"inLanguage":"de"},{"@type":"Organization","@id":"https:\/\/www.strassenweb.de\/nachrichten\/#organization","name":"Stra\u00dfenweb","url":"https:\/\/www.strassenweb.de\/nachrichten\/","logo":{"@type":"ImageObject","inLanguage":"de","@id":"https:\/\/www.strassenweb.de\/nachrichten\/#\/schema\/logo\/image\/","url":"https:\/\/www.strassenweb.de\/nachrichten\/wp-content\/uploads\/2024\/09\/cropped-favicon.png","contentUrl":"https:\/\/www.strassenweb.de\/nachrichten\/wp-content\/uploads\/2024\/09\/cropped-favicon.png","width":512,"height":512,"caption":"Stra\u00dfenweb"},"image":{"@id":"https:\/\/www.strassenweb.de\/nachrichten\/#\/schema\/logo\/image\/"},"sameAs":["https:\/\/www.facebook.com\/strassenweb\/"]},{"@type":"Person","@id":"https:\/\/www.strassenweb.de\/nachrichten\/#\/schema\/person\/87c9c9067f1211da429a744dc5a5aa41","name":"Robert Hoffmann","image":{"@type":"ImageObject","inLanguage":"de","@id":"https:\/\/www.strassenweb.de\/nachrichten\/wp-content\/uploads\/2024\/09\/strassenweb-150x150.jpg","url":"https:\/\/www.strassenweb.de\/nachrichten\/wp-content\/uploads\/2024\/09\/strassenweb-150x150.jpg","contentUrl":"https:\/\/www.strassenweb.de\/nachrichten\/wp-content\/uploads\/2024\/09\/strassenweb-150x150.jpg","caption":"Robert Hoffmann"},"description":"Ich hei\u00dfe Robert Hoffmann und ich bin ein leidenschaftlicher Verfechter von \u00d6kologie und Biodiversit\u00e4t. Seit meiner Kindheit in den W\u00e4ldern Bayerns f\u00fchle ich mich mit der Natur verbunden und bin entschlossen, sie zu sch\u00fctzen. Heute widme ich mein Leben der Sensibilisierung anderer f\u00fcr die Bedeutung des Umweltschutzes f\u00fcr zuk\u00fcnftige Generationen.","sameAs":["https:\/\/www.strassenweb.de\/"]}]}},"_links":{"self":[{"href":"https:\/\/www.strassenweb.de\/nachrichten\/wp-json\/wp\/v2\/posts\/8761","targetHints":{"allow":["GET"]}}],"collection":[{"href":"https:\/\/www.strassenweb.de\/nachrichten\/wp-json\/wp\/v2\/posts"}],"about":[{"href":"https:\/\/www.strassenweb.de\/nachrichten\/wp-json\/wp\/v2\/types\/post"}],"author":[{"embeddable":true,"href":"https:\/\/www.strassenweb.de\/nachrichten\/wp-json\/wp\/v2\/users\/1"}],"replies":[{"embeddable":true,"href":"https:\/\/www.strassenweb.de\/nachrichten\/wp-json\/wp\/v2\/comments?post=8761"}],"version-history":[{"count":0,"href":"https:\/\/www.strassenweb.de\/nachrichten\/wp-json\/wp\/v2\/posts\/8761\/revisions"}],"wp:featuredmedia":[{"embeddable":true,"href":"https:\/\/www.strassenweb.de\/nachrichten\/wp-json\/wp\/v2\/media\/8762"}],"wp:attachment":[{"href":"https:\/\/www.strassenweb.de\/nachrichten\/wp-json\/wp\/v2\/media?parent=8761"}],"wp:term":[{"taxonomy":"category","embeddable":true,"href":"https:\/\/www.strassenweb.de\/nachrichten\/wp-json\/wp\/v2\/categories?post=8761"},{"taxonomy":"post_tag","embeddable":true,"href":"https:\/\/www.strassenweb.de\/nachrichten\/wp-json\/wp\/v2\/tags?post=8761"}],"curies":[{"name":"wp","href":"https:\/\/api.w.org\/{rel}","templated":true}]}}