{"id":8755,"date":"2025-10-25T07:39:58","date_gmt":"2025-10-25T05:39:58","guid":{"rendered":"https:\/\/www.strassenweb.de\/nachrichten\/dies-sind-die-3-groessten-beleuchtungsfehler-die-sie-im-herbst-machen-koennen-und-die-eher-eine-kalte-atmosphaere-als-die-gemuetliche-atmosphaere-schaffen-nach-der-sie-sich-sehnen\/"},"modified":"2025-10-25T07:39:59","modified_gmt":"2025-10-25T05:39:59","slug":"dies-sind-die-3-groessten-beleuchtungsfehler-die-sie-im-herbst-machen-koennen-und-die-eher-eine-kalte-atmosphaere-als-die-gemuetliche-atmosphaere-schaffen-nach-der-sie-sich-sehnen","status":"publish","type":"post","link":"https:\/\/www.strassenweb.de\/nachrichten\/dies-sind-die-3-groessten-beleuchtungsfehler-die-sie-im-herbst-machen-koennen-und-die-eher-eine-kalte-atmosphaere-als-die-gemuetliche-atmosphaere-schaffen-nach-der-sie-sich-sehnen\/","title":{"rendered":"Dies sind die 3 gr\u00f6\u00dften Beleuchtungsfehler, die Sie im Herbst machen k\u00f6nnen und die eher eine kalte Atmosph\u00e4re als die gem\u00fctliche Atmosph\u00e4re schaffen, nach der Sie sich sehnen"},"content":{"rendered":"<p><\/p>\n<div id=\"article-body\" class=\"article__body \">\n<p id=\"910fdc9d-e9bc-467f-83f5-3a04e653c902\">Ein gro\u00dfer Teil der Atmosph\u00e4re Ihres Zuhauses h\u00e4ngt davon ab, wie gut Sie Ihre Beleuchtung gestalten. Wir alle m\u00f6chten, dass sich unsere R\u00e4ume gem\u00fctlich und ruhig anf\u00fchlen, nicht karg oder streng, und dennoch muss die richtige Balance gefunden werden <em>viel<\/em> mehr als ein paar Duftkerzen und eine gut platzierte Lampe.<\/p>\n<div id=\"ad-unit-1\" class=\"ad-unit\"><\/div>\n<p>Und im Herbst kommt die Beleuchtung erst richtig zur Geltung. Der Wechsel des Tageslichts bringt eine Vielzahl von S\u00fcnden zum Vorschein \u2013 Ecken, die im Schatten liegen, Gl\u00fchbirnen, die sich pl\u00f6tzlich zu blau anf\u00fchlen. Zum Gl\u00fcck wissen Innenarchitekten alles, was man \u00fcber Beleuchtung wissen muss \u2013 und wissen genau, welche Fehltritte man vermeiden sollte.<\/p>\n<aside data-block-type=\"embed\" data-render-type=\"fte\" data-skip=\"dealsy\" data-widget-type=\"seasonal\" class=\"hawk-root\"><\/aside>\n<p id=\"910fdc9d-e9bc-467f-83f5-3a04e653c902-2\">Den Experten zufolge gibt es drei subtile, aber schwerwiegende Beleuchtungsfehler, die viele von uns im Herbst machen \u2013 Entscheidungen, die einem Raum unbeabsichtigt die W\u00e4rme entziehen k\u00f6nnen. Und es \u00fcberrascht nicht, dass es auf die kleinen Details ankommt.<\/p>\n<div class=\"van_vid_carousel\">\n<div class=\"van_vid_carousel__padding\">\n<div class=\"van_vid_carousel__container\"><\/div>\n<\/div>\n<\/div>\n<h2 id=\"3-lighting-mistakes-to-avoid-in-fall-3\">3 Beleuchtungsfehler, die Sie im Herbst vermeiden sollten<\/h2>\n<p id=\"d582a5a5-750c-471f-b2d0-9eee2c26fa2c\">Bevor Sie zu einer anderen Lampe oder einem neuen Schirm greifen, lohnt es sich zu pr\u00fcfen, wie Ihre Beleuchtungsideen f\u00fcr Sie funktionieren. Von fehlenden Dimmern bis hin zur Wahl des falschen Gl\u00fchbirnentons \u2013 ein paar einfache Vers\u00e4umnisse k\u00f6nnen dazu f\u00fchren, dass sich Ihr Zuhause eher d\u00fcster als beruhigend anf\u00fchlt.<\/p>\n<div id=\"ad-unit-2\" class=\"ad-unit\"><\/div>\n<p>Laut den Designern, mit denen ich gesprochen habe, sind dies die drei h\u00e4ufigsten Beleuchtungsfehler, die man im Herbst vermeiden sollte.<\/p>\n<h3 class=\"article-body__section\" id=\"section-1-skipping-dimmers\"><span>1. Dimmer \u00fcberspringen<\/span><\/h3>\n<figure class=\"van-image-figure inline-layout \" data-bordeaux-image-check id=\"550c3036-3b59-4880-9185-8135a10cddbb\">\n<div class=\"image-full-width-wrapper\">\n<div class=\"image-widthsetter\" style=\"max-width:2000px;\"><\/div>\n<\/div>\n<\/figure>\n<p id=\"a945a0bc-85b9-41e4-8cc1-83eeb4628df3\">Wenn es eine Beleuchtungsfunktion gibt, die Sie bei Designern nicht \u00fcbersehen sollten, dann ist es der bescheidene Dimmer. Ohne die M\u00f6glichkeit, die Helligkeit anzupassen, k\u00f6nnen sich R\u00e4ume in den dunkleren, k\u00fchleren Monaten flach und unfreundlich anf\u00fchlen, und wie die Designerin Nina Lichtenstein sagt: \u201eEin Dimmer l\u00e4sst das Licht wie nat\u00fcrliches Tageslicht auf und ab gehen und erleichtert so den \u00dcbergang von der hellen Energie des Morgens zur Ruhe des Abends.\u201c<\/p>\n<p>\u201eDimmer sind die unbesungenen Helden guter Beleuchtung\u201c, sagt Kit Kemp, Kreativdirektor von Kit Kemp Design Studio. \u201eSie erm\u00f6glichen es Ihnen, die Stimmung zu bestimmen, die Atmosph\u00e4re zu ver\u00e4ndern und selbst den kleinsten R\u00e4umen ein Gef\u00fchl von Theater zu verleihen.\u201c Jeder Raum sollte sie haben; Sie sind wie ein Lautst\u00e4rkeregler f\u00fcr Ihre Innenr\u00e4ume.\u201c<\/p>\n<div id=\"slice-container-newsletterForm-articleInbodyContent-ooSgPdevtGc62uFyWUoFth\" class=\"slice-container newsletter-inbodyContent-slice newsletterForm-articleInbodyContent-ooSgPdevtGc62uFyWUoFth slice-container-newsletterForm\"><\/div>\n<p>\u201eSie bieten die Flexibilit\u00e4t, einen Raum im Laufe des Tages anzupassen, sodass Sie bei Einbruch der Dunkelheit von der Arbeitsbeleuchtung zu einem sanfteren, stimmungsvolleren Licht wechseln k\u00f6nnen\u201c, f\u00fcgt Caroline Milns, Leiterin Innenarchitektur bei Zulufish, hinzu. \u201eEs ist diese Steuerung, die einen Raum von einfach funktional in wundersch\u00f6n stimmungsvoll verwandelt.\u201c<\/p>\n<h3 class=\"article-body__section\" id=\"section-2-relying-on-a-single-light-source\"><span>2. Sich auf eine einzige Lichtquelle verlassen<\/span><\/h3>\n<figure class=\"van-image-figure inline-layout \" data-bordeaux-image-check id=\"d6b18b01-8af3-4db4-b1a1-8d99965949d4\">\n<div class=\"image-full-width-wrapper\">\n<div class=\"image-widthsetter\" style=\"max-width:2400px;\"><\/div>\n<\/div>\n<\/figure>\n<p id=\"e8a9e0ef-2800-4e82-9044-dc23b4747cff\">Jahrelang bin ich davon ausgegangen, dass eine einzige Statement-Pendelleuchte ausreicht, um einen Raum zu beleuchten. Erst als die dunkleren Monate hereinbrachen, bemerkte ich, wie flach und kalt sich meine R\u00e4ume anf\u00fchlten. Wenn Sie sich auf ein einziges zentrales Licht verlassen, entsteht ein grelles, grelles Licht, das die W\u00e4rme selbst aus dem sorgf\u00e4ltigsten dekorierten Raum entziehen kann.<\/p>\n<p>Hollie Moreland, Kreativdirektorin bei David Hunt Lighting, erkl\u00e4rt: \u201eViele Menschen verlassen sich f\u00fcr Bereiche wie Schlafzimmer, Eingangsbereich und Wohnzimmer zu sehr auf eine einzige Lichtquelle, beispielsweise eine einzelne H\u00e4ngeleuchte, die ein helles und schlichtes Gef\u00fchl erzeugen kann.\u201c<\/p>\n<p>\u201eF\u00fchren Sie stattdessen ein mehrschichtiges Beleuchtungsschema ein, das eine Kombination aus Tisch- und Stehlampen, Wandleuchten und Arbeitsbeleuchtung wie Bilderleuchten umfasst, um eine wundersch\u00f6ne, gem\u00fctliche Atmosph\u00e4re zu schaffen\u201c, schl\u00e4gt Hollie vor.<\/p>\n<p>Designerin Jeanne Barber, Gr\u00fcnderin von Camden Grace Interiors, stimmt zu, dass Schichtung der Schl\u00fcssel ist. \u201eDer gr\u00f6\u00dfte Fehler bei der Herbstbeleuchtung besteht darin, sich ausschlie\u00dflich auf die Deckenbeleuchtung zu verlassen\u201c, sagt sie. \u201eWenn die Tage k\u00fcrzer werden, k\u00f6nnen grelle Deckenleuchten kalt und flach wirken. Kombinieren Sie Lampen und Wandleuchten mit Dimmern, um das sanfte, gem\u00fctliche Licht zu erzeugen, nach dem wir uns alle zu dieser Jahreszeit sehnen.\u201c<\/p>\n<h3 class=\"article-body__section\" id=\"section-3-choosing-the-wrong-bulbs\"><span>3. Die Wahl der falschen Gl\u00fchbirnen<\/span><\/h3>\n<figure class=\"van-image-figure inline-layout \" data-bordeaux-image-check id=\"f2a510ce-dc06-4aa6-85e1-a8f48a55cae5\">\n<div class=\"image-full-width-wrapper\">\n<div class=\"image-widthsetter\" style=\"max-width:4757px;\"><\/div>\n<\/div>\n<\/figure>\n<p id=\"99c9640b-5077-4582-95ac-5864b036e981\">Wenn Sie jemals das Licht angeschaltet haben und sich gefragt haben, warum sich Ihr Zimmer pl\u00f6tzlich eher wie ein B\u00fcro als wie ein gem\u00fctlicher R\u00fcckzugsort anf\u00fchlt, liegt der \u00dcbelt\u00e4ter wahrscheinlich an der Temperatur Ihrer Gl\u00fchbirne.<\/p>\n<p>Die Farbe Ihrer Gl\u00fchbirnen \u2013 bekannt als <em>Kelvin <\/em>\u2013 kann die Atmosph\u00e4re eines Raumes bestimmen oder zerst\u00f6ren. Egal wie stilvoll Ihre Leuchten sind, wenn Ihre Gl\u00fchbirnen zu k\u00fchl sind, kann sich alles, von der Farbe Ihres Lacks bis hin zu Ihren Polstern, leblos anf\u00fchlen.<\/p>\n<p>\u201eIgnorieren Sie Kelvin nicht\u201c, warnt Allison Lind, Designdirektorin von Allison Lind Interiors. \u201eDie Temperatur der von Ihnen verwendeten Gl\u00fchbirnen ist unglaublich wichtig \u2013 wundersch\u00f6ne Leuchten oder perfekt platzierte Architekturbeleuchtung sind nutzlos, wenn sie nicht die richtige Temperatur haben.\u201c<\/p>\n<p>Sie empfiehlt, hellere, k\u00fchlere Gl\u00fchbirnen f\u00fcr Arbeitsr\u00e4ume wie K\u00fcchen oder Badezimmer einzusparen, wo man gutes Licht zum Vorbereiten ben\u00f6tigt \u2013 obwohl sie sagt, nie \u00fcber 4000 K \u2013 und sich f\u00fcr dimmbare Versionen zu entscheiden. Alles, was h\u00f6her sei, w\u00fcrde, erkl\u00e4rt sie, blau und hart aussehen.<\/p>\n<p>Jo Plant, Chief Creative Director bei Pooky, f\u00fcgt hinzu: \u201eSeien Sie vorsichtig, wenn Sie Ihre Blumenzwiebeln ausw\u00e4hlen.\u201c Stellen Sie sicher, dass Sie 2700\u20132400 K w\u00e4hlen, um eine sch\u00f6ne Umgebungsbeleuchtung zu erhalten, die einladend und angenehm zum Sitzen ist\u201c, r\u00e4t sie. \u201eSelbst mit einem Dimmer wird sich Ihr Raum kalt anf\u00fchlen, wenn Sie die falsche Farbtemperatur f\u00fcr Ihre Gl\u00fchbirnen oder LEDs w\u00e4hlen, und Sie werden nicht das supergem\u00fctliche Gef\u00fchl haben, das wir alle zu dieser Jahreszeit lieben.\u201c<\/p>\n<div class=\"product-container hero-product-container product-block-no-wrap\">\n<div class=\"product-block-row\"><\/div>\n<div class=\"product-block-row\"><\/div>\n<div class=\"product-block-row\"><\/div>\n<\/div>\n<hr id=\"073950fa-8a6a-43d7-9507-861e5019ab90\">\n<p id=\"f664d24e-ff0c-4e77-b0a9-6ba1af4c513c\">Die kleinsten \u00c4nderungen an Ihrem Beleuchtungskonzept, wie das Hinzuf\u00fcgen eines Dimmers oder der Austausch einer Gl\u00fchbirne, k\u00f6nnen das Erscheinungsbild und die Atmosph\u00e4re eines Raums v\u00f6llig ver\u00e4ndern. Dies ist einer der ersten und einfachsten Schritte, die Sie unternehmen m\u00fcssen, bevor Sie \u00fcberhaupt mit der herbstlichen Dekoration jedes Zimmers beginnen.<\/p>\n<\/div>\n","protected":false},"excerpt":{"rendered":"<p>Ein gro\u00dfer Teil der Atmosph\u00e4re Ihres Zuhauses h\u00e4ngt davon ab, wie gut Sie Ihre Beleuchtung gestalten. Wir alle m\u00f6chten, dass sich unsere R\u00e4ume gem\u00fctlich und<\/p>\n","protected":false},"author":1,"featured_media":8756,"comment_status":"closed","ping_status":"","sticky":false,"template":"","format":"standard","meta":{"footnotes":""},"categories":[118],"tags":[935,961,11091,81,9,503,933,74,959,2600,203,431,689,410,341,215,11092,142,165,58,37],"class_list":["post-8755","post","type-post","status-publish","format-standard","has-post-thumbnail","hentry","category-haus-garten","tag-als","tag-atmosphaere","tag-beleuchtungsfehler","tag-der","tag-die","tag-dies","tag-eher","tag-eine","tag-gemuetliche","tag-groessten","tag-herbst","tag-kaelte","tag-koennen","tag-machen","tag-nach","tag-schaffen","tag-sehnen","tag-sich","tag-sie","tag-sind","tag-und","generate-columns","tablet-grid-50","mobile-grid-100","grid-parent","grid-50"],"yoast_head":"<!-- This site is optimized with the Yoast SEO plugin v27.3 - https:\/\/yoast.com\/product\/yoast-seo-wordpress\/ -->\n<title>Dies sind die 3 gr\u00f6\u00dften Beleuchtungsfehler, die Sie im Herbst machen k\u00f6nnen und die eher eine kalte Atmosph\u00e4re als die gem\u00fctliche Atmosph\u00e4re schaffen, nach der Sie sich sehnen - Nachrichten - Stra\u00dfenweb<\/title>\n<meta name=\"robots\" content=\"index, follow, max-snippet:-1, max-image-preview:large, max-video-preview:-1\" \/>\n<link rel=\"canonical\" href=\"https:\/\/www.strassenweb.de\/nachrichten\/dies-sind-die-3-groessten-beleuchtungsfehler-die-sie-im-herbst-machen-koennen-und-die-eher-eine-kalte-atmosphaere-als-die-gemuetliche-atmosphaere-schaffen-nach-der-sie-sich-sehnen\/\" \/>\n<meta property=\"og:locale\" content=\"de_DE\" \/>\n<meta property=\"og:type\" content=\"article\" \/>\n<meta property=\"og:title\" content=\"Dies sind die 3 gr\u00f6\u00dften Beleuchtungsfehler, die Sie im Herbst machen k\u00f6nnen und die eher eine kalte Atmosph\u00e4re als die gem\u00fctliche Atmosph\u00e4re schaffen, nach der Sie sich sehnen - Nachrichten - Stra\u00dfenweb\" \/>\n<meta property=\"og:description\" content=\"Ein gro\u00dfer Teil der Atmosph\u00e4re Ihres Zuhauses h\u00e4ngt davon ab, wie gut Sie Ihre Beleuchtung gestalten. Wir alle m\u00f6chten, dass sich unsere R\u00e4ume gem\u00fctlich und\" \/>\n<meta property=\"og:url\" content=\"https:\/\/www.strassenweb.de\/nachrichten\/dies-sind-die-3-groessten-beleuchtungsfehler-die-sie-im-herbst-machen-koennen-und-die-eher-eine-kalte-atmosphaere-als-die-gemuetliche-atmosphaere-schaffen-nach-der-sie-sich-sehnen\/\" \/>\n<meta property=\"og:site_name\" content=\"Stra\u00dfenweb\" \/>\n<meta property=\"article:publisher\" content=\"https:\/\/www.facebook.com\/strassenweb\/\" \/>\n<meta property=\"article:published_time\" content=\"2025-10-25T05:39:58+00:00\" \/>\n<meta property=\"article:modified_time\" content=\"2025-10-25T05:39:59+00:00\" \/>\n<meta property=\"og:image\" content=\"https:\/\/www.strassenweb.de\/nachrichten\/wp-content\/uploads\/2025\/10\/Dies-sind-die-3-groessten-Beleuchtungsfehler-die-Sie-im-Herbst.jpg\" \/>\n\t<meta property=\"og:image:width\" content=\"1600\" \/>\n\t<meta property=\"og:image:height\" content=\"900\" \/>\n\t<meta property=\"og:image:type\" content=\"image\/jpeg\" \/>\n<meta name=\"author\" content=\"Robert Hoffmann\" \/>\n<meta name=\"twitter:card\" content=\"summary_large_image\" \/>\n<meta name=\"twitter:label1\" content=\"Verfasst von\" \/>\n\t<meta name=\"twitter:data1\" content=\"Robert Hoffmann\" \/>\n\t<meta name=\"twitter:label2\" content=\"Gesch\u00e4tzte Lesezeit\" \/>\n\t<meta name=\"twitter:data2\" content=\"5\u00a0Minuten\" \/>\n<script type=\"application\/ld+json\" class=\"yoast-schema-graph\">{\"@context\":\"https:\\\/\\\/schema.org\",\"@graph\":[{\"@type\":\"Article\",\"@id\":\"https:\\\/\\\/www.strassenweb.de\\\/nachrichten\\\/dies-sind-die-3-groessten-beleuchtungsfehler-die-sie-im-herbst-machen-koennen-und-die-eher-eine-kalte-atmosphaere-als-die-gemuetliche-atmosphaere-schaffen-nach-der-sie-sich-sehnen\\\/#article\",\"isPartOf\":{\"@id\":\"https:\\\/\\\/www.strassenweb.de\\\/nachrichten\\\/dies-sind-die-3-groessten-beleuchtungsfehler-die-sie-im-herbst-machen-koennen-und-die-eher-eine-kalte-atmosphaere-als-die-gemuetliche-atmosphaere-schaffen-nach-der-sie-sich-sehnen\\\/\"},\"author\":{\"name\":\"Robert Hoffmann\",\"@id\":\"https:\\\/\\\/www.strassenweb.de\\\/nachrichten\\\/#\\\/schema\\\/person\\\/87c9c9067f1211da429a744dc5a5aa41\"},\"headline\":\"Dies sind die 3 gr\u00f6\u00dften Beleuchtungsfehler, die Sie im Herbst machen k\u00f6nnen und die eher eine kalte Atmosph\u00e4re als die gem\u00fctliche Atmosph\u00e4re schaffen, nach der Sie sich sehnen\",\"datePublished\":\"2025-10-25T05:39:58+00:00\",\"dateModified\":\"2025-10-25T05:39:59+00:00\",\"mainEntityOfPage\":{\"@id\":\"https:\\\/\\\/www.strassenweb.de\\\/nachrichten\\\/dies-sind-die-3-groessten-beleuchtungsfehler-die-sie-im-herbst-machen-koennen-und-die-eher-eine-kalte-atmosphaere-als-die-gemuetliche-atmosphaere-schaffen-nach-der-sie-sich-sehnen\\\/\"},\"wordCount\":1006,\"publisher\":{\"@id\":\"https:\\\/\\\/www.strassenweb.de\\\/nachrichten\\\/#organization\"},\"image\":{\"@id\":\"https:\\\/\\\/www.strassenweb.de\\\/nachrichten\\\/dies-sind-die-3-groessten-beleuchtungsfehler-die-sie-im-herbst-machen-koennen-und-die-eher-eine-kalte-atmosphaere-als-die-gemuetliche-atmosphaere-schaffen-nach-der-sie-sich-sehnen\\\/#primaryimage\"},\"thumbnailUrl\":\"https:\\\/\\\/www.strassenweb.de\\\/nachrichten\\\/wp-content\\\/uploads\\\/2025\\\/10\\\/Dies-sind-die-3-groessten-Beleuchtungsfehler-die-Sie-im-Herbst.jpg\",\"keywords\":[\"als\",\"Atmosph\u00e4re\",\"Beleuchtungsfehler\",\"der\",\"die\",\"dies\",\"eher\",\"eine\",\"gem\u00fctliche\",\"gr\u00f6\u00dften\",\"Herbst\",\"K\u00e4lte\",\"k\u00f6nnen\",\"machen\",\"Nach\",\"schaffen\",\"sehnen\",\"sich\",\"Sie\",\"sind\",\"und\"],\"articleSection\":[\"Haus &amp; Garten\"],\"inLanguage\":\"de\"},{\"@type\":\"WebPage\",\"@id\":\"https:\\\/\\\/www.strassenweb.de\\\/nachrichten\\\/dies-sind-die-3-groessten-beleuchtungsfehler-die-sie-im-herbst-machen-koennen-und-die-eher-eine-kalte-atmosphaere-als-die-gemuetliche-atmosphaere-schaffen-nach-der-sie-sich-sehnen\\\/\",\"url\":\"https:\\\/\\\/www.strassenweb.de\\\/nachrichten\\\/dies-sind-die-3-groessten-beleuchtungsfehler-die-sie-im-herbst-machen-koennen-und-die-eher-eine-kalte-atmosphaere-als-die-gemuetliche-atmosphaere-schaffen-nach-der-sie-sich-sehnen\\\/\",\"name\":\"Dies sind die 3 gr\u00f6\u00dften Beleuchtungsfehler, die Sie im Herbst machen k\u00f6nnen und die eher eine kalte Atmosph\u00e4re als die gem\u00fctliche Atmosph\u00e4re schaffen, nach der Sie sich sehnen - Nachrichten - Stra\u00dfenweb\",\"isPartOf\":{\"@id\":\"https:\\\/\\\/www.strassenweb.de\\\/nachrichten\\\/#website\"},\"primaryImageOfPage\":{\"@id\":\"https:\\\/\\\/www.strassenweb.de\\\/nachrichten\\\/dies-sind-die-3-groessten-beleuchtungsfehler-die-sie-im-herbst-machen-koennen-und-die-eher-eine-kalte-atmosphaere-als-die-gemuetliche-atmosphaere-schaffen-nach-der-sie-sich-sehnen\\\/#primaryimage\"},\"image\":{\"@id\":\"https:\\\/\\\/www.strassenweb.de\\\/nachrichten\\\/dies-sind-die-3-groessten-beleuchtungsfehler-die-sie-im-herbst-machen-koennen-und-die-eher-eine-kalte-atmosphaere-als-die-gemuetliche-atmosphaere-schaffen-nach-der-sie-sich-sehnen\\\/#primaryimage\"},\"thumbnailUrl\":\"https:\\\/\\\/www.strassenweb.de\\\/nachrichten\\\/wp-content\\\/uploads\\\/2025\\\/10\\\/Dies-sind-die-3-groessten-Beleuchtungsfehler-die-Sie-im-Herbst.jpg\",\"datePublished\":\"2025-10-25T05:39:58+00:00\",\"dateModified\":\"2025-10-25T05:39:59+00:00\",\"breadcrumb\":{\"@id\":\"https:\\\/\\\/www.strassenweb.de\\\/nachrichten\\\/dies-sind-die-3-groessten-beleuchtungsfehler-die-sie-im-herbst-machen-koennen-und-die-eher-eine-kalte-atmosphaere-als-die-gemuetliche-atmosphaere-schaffen-nach-der-sie-sich-sehnen\\\/#breadcrumb\"},\"inLanguage\":\"de\",\"potentialAction\":[{\"@type\":\"ReadAction\",\"target\":[\"https:\\\/\\\/www.strassenweb.de\\\/nachrichten\\\/dies-sind-die-3-groessten-beleuchtungsfehler-die-sie-im-herbst-machen-koennen-und-die-eher-eine-kalte-atmosphaere-als-die-gemuetliche-atmosphaere-schaffen-nach-der-sie-sich-sehnen\\\/\"]}]},{\"@type\":\"ImageObject\",\"inLanguage\":\"de\",\"@id\":\"https:\\\/\\\/www.strassenweb.de\\\/nachrichten\\\/dies-sind-die-3-groessten-beleuchtungsfehler-die-sie-im-herbst-machen-koennen-und-die-eher-eine-kalte-atmosphaere-als-die-gemuetliche-atmosphaere-schaffen-nach-der-sie-sich-sehnen\\\/#primaryimage\",\"url\":\"https:\\\/\\\/www.strassenweb.de\\\/nachrichten\\\/wp-content\\\/uploads\\\/2025\\\/10\\\/Dies-sind-die-3-groessten-Beleuchtungsfehler-die-Sie-im-Herbst.jpg\",\"contentUrl\":\"https:\\\/\\\/www.strassenweb.de\\\/nachrichten\\\/wp-content\\\/uploads\\\/2025\\\/10\\\/Dies-sind-die-3-groessten-Beleuchtungsfehler-die-Sie-im-Herbst.jpg\",\"width\":1600,\"height\":900,\"caption\":\"yellow living room with a butter yellow couch and a large tapestry hung behind styled with a green velvet armchair and little tables with lamps\"},{\"@type\":\"BreadcrumbList\",\"@id\":\"https:\\\/\\\/www.strassenweb.de\\\/nachrichten\\\/dies-sind-die-3-groessten-beleuchtungsfehler-die-sie-im-herbst-machen-koennen-und-die-eher-eine-kalte-atmosphaere-als-die-gemuetliche-atmosphaere-schaffen-nach-der-sie-sich-sehnen\\\/#breadcrumb\",\"itemListElement\":[{\"@type\":\"ListItem\",\"position\":1,\"name\":\"Home\",\"item\":\"https:\\\/\\\/www.strassenweb.de\\\/nachrichten\\\/\"},{\"@type\":\"ListItem\",\"position\":2,\"name\":\"Dies sind die 3 gr\u00f6\u00dften Beleuchtungsfehler, die Sie im Herbst machen k\u00f6nnen und die eher eine kalte Atmosph\u00e4re als die gem\u00fctliche Atmosph\u00e4re schaffen, nach der Sie sich sehnen\"}]},{\"@type\":\"WebSite\",\"@id\":\"https:\\\/\\\/www.strassenweb.de\\\/nachrichten\\\/#website\",\"url\":\"https:\\\/\\\/www.strassenweb.de\\\/nachrichten\\\/\",\"name\":\"Stra\u00dfenweb\",\"description\":\"Stra\u00dfenverzeichnis f\u00fcr Deutschland\",\"publisher\":{\"@id\":\"https:\\\/\\\/www.strassenweb.de\\\/nachrichten\\\/#organization\"},\"potentialAction\":[{\"@type\":\"SearchAction\",\"target\":{\"@type\":\"EntryPoint\",\"urlTemplate\":\"https:\\\/\\\/www.strassenweb.de\\\/nachrichten\\\/?s={search_term_string}\"},\"query-input\":{\"@type\":\"PropertyValueSpecification\",\"valueRequired\":true,\"valueName\":\"search_term_string\"}}],\"inLanguage\":\"de\"},{\"@type\":\"Organization\",\"@id\":\"https:\\\/\\\/www.strassenweb.de\\\/nachrichten\\\/#organization\",\"name\":\"Stra\u00dfenweb\",\"url\":\"https:\\\/\\\/www.strassenweb.de\\\/nachrichten\\\/\",\"logo\":{\"@type\":\"ImageObject\",\"inLanguage\":\"de\",\"@id\":\"https:\\\/\\\/www.strassenweb.de\\\/nachrichten\\\/#\\\/schema\\\/logo\\\/image\\\/\",\"url\":\"https:\\\/\\\/www.strassenweb.de\\\/nachrichten\\\/wp-content\\\/uploads\\\/2024\\\/09\\\/cropped-favicon.png\",\"contentUrl\":\"https:\\\/\\\/www.strassenweb.de\\\/nachrichten\\\/wp-content\\\/uploads\\\/2024\\\/09\\\/cropped-favicon.png\",\"width\":512,\"height\":512,\"caption\":\"Stra\u00dfenweb\"},\"image\":{\"@id\":\"https:\\\/\\\/www.strassenweb.de\\\/nachrichten\\\/#\\\/schema\\\/logo\\\/image\\\/\"},\"sameAs\":[\"https:\\\/\\\/www.facebook.com\\\/strassenweb\\\/\"]},{\"@type\":\"Person\",\"@id\":\"https:\\\/\\\/www.strassenweb.de\\\/nachrichten\\\/#\\\/schema\\\/person\\\/87c9c9067f1211da429a744dc5a5aa41\",\"name\":\"Robert Hoffmann\",\"image\":{\"@type\":\"ImageObject\",\"inLanguage\":\"de\",\"@id\":\"https:\\\/\\\/www.strassenweb.de\\\/nachrichten\\\/wp-content\\\/uploads\\\/2024\\\/09\\\/strassenweb-150x150.jpg\",\"url\":\"https:\\\/\\\/www.strassenweb.de\\\/nachrichten\\\/wp-content\\\/uploads\\\/2024\\\/09\\\/strassenweb-150x150.jpg\",\"contentUrl\":\"https:\\\/\\\/www.strassenweb.de\\\/nachrichten\\\/wp-content\\\/uploads\\\/2024\\\/09\\\/strassenweb-150x150.jpg\",\"caption\":\"Robert Hoffmann\"},\"description\":\"Ich hei\u00dfe Robert Hoffmann und ich bin ein leidenschaftlicher Verfechter von \u00d6kologie und Biodiversit\u00e4t. Seit meiner Kindheit in den W\u00e4ldern Bayerns f\u00fchle ich mich mit der Natur verbunden und bin entschlossen, sie zu sch\u00fctzen. Heute widme ich mein Leben der Sensibilisierung anderer f\u00fcr die Bedeutung des Umweltschutzes f\u00fcr zuk\u00fcnftige Generationen.\",\"sameAs\":[\"https:\\\/\\\/www.strassenweb.de\\\/\"]}]}<\/script>\n<!-- \/ Yoast SEO plugin. -->","yoast_head_json":{"title":"Dies sind die 3 gr\u00f6\u00dften Beleuchtungsfehler, die Sie im Herbst machen k\u00f6nnen und die eher eine kalte Atmosph\u00e4re als die gem\u00fctliche Atmosph\u00e4re schaffen, nach der Sie sich sehnen - Nachrichten - Stra\u00dfenweb","robots":{"index":"index","follow":"follow","max-snippet":"max-snippet:-1","max-image-preview":"max-image-preview:large","max-video-preview":"max-video-preview:-1"},"canonical":"https:\/\/www.strassenweb.de\/nachrichten\/dies-sind-die-3-groessten-beleuchtungsfehler-die-sie-im-herbst-machen-koennen-und-die-eher-eine-kalte-atmosphaere-als-die-gemuetliche-atmosphaere-schaffen-nach-der-sie-sich-sehnen\/","og_locale":"de_DE","og_type":"article","og_title":"Dies sind die 3 gr\u00f6\u00dften Beleuchtungsfehler, die Sie im Herbst machen k\u00f6nnen und die eher eine kalte Atmosph\u00e4re als die gem\u00fctliche Atmosph\u00e4re schaffen, nach der Sie sich sehnen - Nachrichten - Stra\u00dfenweb","og_description":"Ein gro\u00dfer Teil der Atmosph\u00e4re Ihres Zuhauses h\u00e4ngt davon ab, wie gut Sie Ihre Beleuchtung gestalten. Wir alle m\u00f6chten, dass sich unsere R\u00e4ume gem\u00fctlich und","og_url":"https:\/\/www.strassenweb.de\/nachrichten\/dies-sind-die-3-groessten-beleuchtungsfehler-die-sie-im-herbst-machen-koennen-und-die-eher-eine-kalte-atmosphaere-als-die-gemuetliche-atmosphaere-schaffen-nach-der-sie-sich-sehnen\/","og_site_name":"Stra\u00dfenweb","article_publisher":"https:\/\/www.facebook.com\/strassenweb\/","article_published_time":"2025-10-25T05:39:58+00:00","article_modified_time":"2025-10-25T05:39:59+00:00","og_image":[{"width":1600,"height":900,"url":"https:\/\/www.strassenweb.de\/nachrichten\/wp-content\/uploads\/2025\/10\/Dies-sind-die-3-groessten-Beleuchtungsfehler-die-Sie-im-Herbst.jpg","type":"image\/jpeg"}],"author":"Robert Hoffmann","twitter_card":"summary_large_image","twitter_misc":{"Verfasst von":"Robert Hoffmann","Gesch\u00e4tzte Lesezeit":"5\u00a0Minuten"},"schema":{"@context":"https:\/\/schema.org","@graph":[{"@type":"Article","@id":"https:\/\/www.strassenweb.de\/nachrichten\/dies-sind-die-3-groessten-beleuchtungsfehler-die-sie-im-herbst-machen-koennen-und-die-eher-eine-kalte-atmosphaere-als-die-gemuetliche-atmosphaere-schaffen-nach-der-sie-sich-sehnen\/#article","isPartOf":{"@id":"https:\/\/www.strassenweb.de\/nachrichten\/dies-sind-die-3-groessten-beleuchtungsfehler-die-sie-im-herbst-machen-koennen-und-die-eher-eine-kalte-atmosphaere-als-die-gemuetliche-atmosphaere-schaffen-nach-der-sie-sich-sehnen\/"},"author":{"name":"Robert Hoffmann","@id":"https:\/\/www.strassenweb.de\/nachrichten\/#\/schema\/person\/87c9c9067f1211da429a744dc5a5aa41"},"headline":"Dies sind die 3 gr\u00f6\u00dften Beleuchtungsfehler, die Sie im Herbst machen k\u00f6nnen und die eher eine kalte Atmosph\u00e4re als die gem\u00fctliche Atmosph\u00e4re schaffen, nach der Sie sich sehnen","datePublished":"2025-10-25T05:39:58+00:00","dateModified":"2025-10-25T05:39:59+00:00","mainEntityOfPage":{"@id":"https:\/\/www.strassenweb.de\/nachrichten\/dies-sind-die-3-groessten-beleuchtungsfehler-die-sie-im-herbst-machen-koennen-und-die-eher-eine-kalte-atmosphaere-als-die-gemuetliche-atmosphaere-schaffen-nach-der-sie-sich-sehnen\/"},"wordCount":1006,"publisher":{"@id":"https:\/\/www.strassenweb.de\/nachrichten\/#organization"},"image":{"@id":"https:\/\/www.strassenweb.de\/nachrichten\/dies-sind-die-3-groessten-beleuchtungsfehler-die-sie-im-herbst-machen-koennen-und-die-eher-eine-kalte-atmosphaere-als-die-gemuetliche-atmosphaere-schaffen-nach-der-sie-sich-sehnen\/#primaryimage"},"thumbnailUrl":"https:\/\/www.strassenweb.de\/nachrichten\/wp-content\/uploads\/2025\/10\/Dies-sind-die-3-groessten-Beleuchtungsfehler-die-Sie-im-Herbst.jpg","keywords":["als","Atmosph\u00e4re","Beleuchtungsfehler","der","die","dies","eher","eine","gem\u00fctliche","gr\u00f6\u00dften","Herbst","K\u00e4lte","k\u00f6nnen","machen","Nach","schaffen","sehnen","sich","Sie","sind","und"],"articleSection":["Haus &amp; Garten"],"inLanguage":"de"},{"@type":"WebPage","@id":"https:\/\/www.strassenweb.de\/nachrichten\/dies-sind-die-3-groessten-beleuchtungsfehler-die-sie-im-herbst-machen-koennen-und-die-eher-eine-kalte-atmosphaere-als-die-gemuetliche-atmosphaere-schaffen-nach-der-sie-sich-sehnen\/","url":"https:\/\/www.strassenweb.de\/nachrichten\/dies-sind-die-3-groessten-beleuchtungsfehler-die-sie-im-herbst-machen-koennen-und-die-eher-eine-kalte-atmosphaere-als-die-gemuetliche-atmosphaere-schaffen-nach-der-sie-sich-sehnen\/","name":"Dies sind die 3 gr\u00f6\u00dften Beleuchtungsfehler, die Sie im Herbst machen k\u00f6nnen und die eher eine kalte Atmosph\u00e4re als die gem\u00fctliche Atmosph\u00e4re schaffen, nach der Sie sich sehnen - Nachrichten - Stra\u00dfenweb","isPartOf":{"@id":"https:\/\/www.strassenweb.de\/nachrichten\/#website"},"primaryImageOfPage":{"@id":"https:\/\/www.strassenweb.de\/nachrichten\/dies-sind-die-3-groessten-beleuchtungsfehler-die-sie-im-herbst-machen-koennen-und-die-eher-eine-kalte-atmosphaere-als-die-gemuetliche-atmosphaere-schaffen-nach-der-sie-sich-sehnen\/#primaryimage"},"image":{"@id":"https:\/\/www.strassenweb.de\/nachrichten\/dies-sind-die-3-groessten-beleuchtungsfehler-die-sie-im-herbst-machen-koennen-und-die-eher-eine-kalte-atmosphaere-als-die-gemuetliche-atmosphaere-schaffen-nach-der-sie-sich-sehnen\/#primaryimage"},"thumbnailUrl":"https:\/\/www.strassenweb.de\/nachrichten\/wp-content\/uploads\/2025\/10\/Dies-sind-die-3-groessten-Beleuchtungsfehler-die-Sie-im-Herbst.jpg","datePublished":"2025-10-25T05:39:58+00:00","dateModified":"2025-10-25T05:39:59+00:00","breadcrumb":{"@id":"https:\/\/www.strassenweb.de\/nachrichten\/dies-sind-die-3-groessten-beleuchtungsfehler-die-sie-im-herbst-machen-koennen-und-die-eher-eine-kalte-atmosphaere-als-die-gemuetliche-atmosphaere-schaffen-nach-der-sie-sich-sehnen\/#breadcrumb"},"inLanguage":"de","potentialAction":[{"@type":"ReadAction","target":["https:\/\/www.strassenweb.de\/nachrichten\/dies-sind-die-3-groessten-beleuchtungsfehler-die-sie-im-herbst-machen-koennen-und-die-eher-eine-kalte-atmosphaere-als-die-gemuetliche-atmosphaere-schaffen-nach-der-sie-sich-sehnen\/"]}]},{"@type":"ImageObject","inLanguage":"de","@id":"https:\/\/www.strassenweb.de\/nachrichten\/dies-sind-die-3-groessten-beleuchtungsfehler-die-sie-im-herbst-machen-koennen-und-die-eher-eine-kalte-atmosphaere-als-die-gemuetliche-atmosphaere-schaffen-nach-der-sie-sich-sehnen\/#primaryimage","url":"https:\/\/www.strassenweb.de\/nachrichten\/wp-content\/uploads\/2025\/10\/Dies-sind-die-3-groessten-Beleuchtungsfehler-die-Sie-im-Herbst.jpg","contentUrl":"https:\/\/www.strassenweb.de\/nachrichten\/wp-content\/uploads\/2025\/10\/Dies-sind-die-3-groessten-Beleuchtungsfehler-die-Sie-im-Herbst.jpg","width":1600,"height":900,"caption":"yellow living room with a butter yellow couch and a large tapestry hung behind styled with a green velvet armchair and little tables with lamps"},{"@type":"BreadcrumbList","@id":"https:\/\/www.strassenweb.de\/nachrichten\/dies-sind-die-3-groessten-beleuchtungsfehler-die-sie-im-herbst-machen-koennen-und-die-eher-eine-kalte-atmosphaere-als-die-gemuetliche-atmosphaere-schaffen-nach-der-sie-sich-sehnen\/#breadcrumb","itemListElement":[{"@type":"ListItem","position":1,"name":"Home","item":"https:\/\/www.strassenweb.de\/nachrichten\/"},{"@type":"ListItem","position":2,"name":"Dies sind die 3 gr\u00f6\u00dften Beleuchtungsfehler, die Sie im Herbst machen k\u00f6nnen und die eher eine kalte Atmosph\u00e4re als die gem\u00fctliche Atmosph\u00e4re schaffen, nach der Sie sich sehnen"}]},{"@type":"WebSite","@id":"https:\/\/www.strassenweb.de\/nachrichten\/#website","url":"https:\/\/www.strassenweb.de\/nachrichten\/","name":"Stra\u00dfenweb","description":"Stra\u00dfenverzeichnis f\u00fcr Deutschland","publisher":{"@id":"https:\/\/www.strassenweb.de\/nachrichten\/#organization"},"potentialAction":[{"@type":"SearchAction","target":{"@type":"EntryPoint","urlTemplate":"https:\/\/www.strassenweb.de\/nachrichten\/?s={search_term_string}"},"query-input":{"@type":"PropertyValueSpecification","valueRequired":true,"valueName":"search_term_string"}}],"inLanguage":"de"},{"@type":"Organization","@id":"https:\/\/www.strassenweb.de\/nachrichten\/#organization","name":"Stra\u00dfenweb","url":"https:\/\/www.strassenweb.de\/nachrichten\/","logo":{"@type":"ImageObject","inLanguage":"de","@id":"https:\/\/www.strassenweb.de\/nachrichten\/#\/schema\/logo\/image\/","url":"https:\/\/www.strassenweb.de\/nachrichten\/wp-content\/uploads\/2024\/09\/cropped-favicon.png","contentUrl":"https:\/\/www.strassenweb.de\/nachrichten\/wp-content\/uploads\/2024\/09\/cropped-favicon.png","width":512,"height":512,"caption":"Stra\u00dfenweb"},"image":{"@id":"https:\/\/www.strassenweb.de\/nachrichten\/#\/schema\/logo\/image\/"},"sameAs":["https:\/\/www.facebook.com\/strassenweb\/"]},{"@type":"Person","@id":"https:\/\/www.strassenweb.de\/nachrichten\/#\/schema\/person\/87c9c9067f1211da429a744dc5a5aa41","name":"Robert Hoffmann","image":{"@type":"ImageObject","inLanguage":"de","@id":"https:\/\/www.strassenweb.de\/nachrichten\/wp-content\/uploads\/2024\/09\/strassenweb-150x150.jpg","url":"https:\/\/www.strassenweb.de\/nachrichten\/wp-content\/uploads\/2024\/09\/strassenweb-150x150.jpg","contentUrl":"https:\/\/www.strassenweb.de\/nachrichten\/wp-content\/uploads\/2024\/09\/strassenweb-150x150.jpg","caption":"Robert Hoffmann"},"description":"Ich hei\u00dfe Robert Hoffmann und ich bin ein leidenschaftlicher Verfechter von \u00d6kologie und Biodiversit\u00e4t. Seit meiner Kindheit in den W\u00e4ldern Bayerns f\u00fchle ich mich mit der Natur verbunden und bin entschlossen, sie zu sch\u00fctzen. Heute widme ich mein Leben der Sensibilisierung anderer f\u00fcr die Bedeutung des Umweltschutzes f\u00fcr zuk\u00fcnftige Generationen.","sameAs":["https:\/\/www.strassenweb.de\/"]}]}},"_links":{"self":[{"href":"https:\/\/www.strassenweb.de\/nachrichten\/wp-json\/wp\/v2\/posts\/8755","targetHints":{"allow":["GET"]}}],"collection":[{"href":"https:\/\/www.strassenweb.de\/nachrichten\/wp-json\/wp\/v2\/posts"}],"about":[{"href":"https:\/\/www.strassenweb.de\/nachrichten\/wp-json\/wp\/v2\/types\/post"}],"author":[{"embeddable":true,"href":"https:\/\/www.strassenweb.de\/nachrichten\/wp-json\/wp\/v2\/users\/1"}],"replies":[{"embeddable":true,"href":"https:\/\/www.strassenweb.de\/nachrichten\/wp-json\/wp\/v2\/comments?post=8755"}],"version-history":[{"count":0,"href":"https:\/\/www.strassenweb.de\/nachrichten\/wp-json\/wp\/v2\/posts\/8755\/revisions"}],"wp:featuredmedia":[{"embeddable":true,"href":"https:\/\/www.strassenweb.de\/nachrichten\/wp-json\/wp\/v2\/media\/8756"}],"wp:attachment":[{"href":"https:\/\/www.strassenweb.de\/nachrichten\/wp-json\/wp\/v2\/media?parent=8755"}],"wp:term":[{"taxonomy":"category","embeddable":true,"href":"https:\/\/www.strassenweb.de\/nachrichten\/wp-json\/wp\/v2\/categories?post=8755"},{"taxonomy":"post_tag","embeddable":true,"href":"https:\/\/www.strassenweb.de\/nachrichten\/wp-json\/wp\/v2\/tags?post=8755"}],"curies":[{"name":"wp","href":"https:\/\/api.w.org\/{rel}","templated":true}]}}