{"id":8752,"date":"2025-10-25T04:39:31","date_gmt":"2025-10-25T02:39:31","guid":{"rendered":"https:\/\/www.strassenweb.de\/nachrichten\/designer-sind-sich-uneinig-welche-kuechenschrankfarben-am-teuersten-aussehen-es-liegt-zwischen-diesen-beiden-luxurioesen-farbtoenen\/"},"modified":"2025-10-25T04:39:31","modified_gmt":"2025-10-25T02:39:31","slug":"designer-sind-sich-uneinig-welche-kuechenschrankfarben-am-teuersten-aussehen-es-liegt-zwischen-diesen-beiden-luxurioesen-farbtoenen","status":"publish","type":"post","link":"https:\/\/www.strassenweb.de\/nachrichten\/designer-sind-sich-uneinig-welche-kuechenschrankfarben-am-teuersten-aussehen-es-liegt-zwischen-diesen-beiden-luxurioesen-farbtoenen\/","title":{"rendered":"Designer sind sich uneinig, welche K\u00fcchenschrankfarben am teuersten aussehen \u2013 es liegt zwischen diesen beiden luxuri\u00f6sen Farbt\u00f6nen"},"content":{"rendered":"<p><\/p>\n<div id=\"article-body\" class=\"article__body \">\n<p id=\"069db650-87c4-4f01-b297-3691340cf195\">Ihre K\u00fcche ist eines der teuersten Projekte in Ihrem Zuhause, daher ist es das Letzte, was Sie tun m\u00f6chten, eine Farbe zu w\u00e4hlen, die die Optik mindert. Und wenn Sie sich fragen, welche Schrankfarbe am teuersten aussieht: Designer sagen, dass sie zwischen zwei zeitlosen Farbt\u00f6nen liegt.<\/p>\n<div id=\"ad-unit-1\" class=\"ad-unit\"><\/div>\n<p>Sie k\u00f6nnten Stunden damit verbringen, durch eine scheinbar endlose Liste von Farbideen f\u00fcr die K\u00fcche zu bl\u00e4ttern, aber wenn Sie auf der Suche nach einem luxuri\u00f6sen Look sind, bevorzugen Designer immer ein helles, klassisches Wei\u00df oder einen warmen Beigeton.<\/p>\n<aside data-block-type=\"embed\" data-render-type=\"fte\" data-skip=\"dealsy\" data-widget-type=\"seasonal\" class=\"hawk-root\"><\/aside>\n<p id=\"069db650-87c4-4f01-b297-3691340cf195-2\" class=\"paywall\" aria-hidden=\"true\">Hier erfahren Sie, was Sie \u00fcber die einzelnen Farboptionen wissen m\u00fcssen und wie Designer empfehlen, eine endg\u00fcltige Entscheidung zwischen den beiden zu treffen. Mit diesen Ratschl\u00e4gen k\u00f6nnen Sie die perfekte Schrankfarbe f\u00fcr die Gestaltung einer Luxusk\u00fcche ausw\u00e4hlen.<\/p>\n<div class=\"van_vid_carousel\">\n<div class=\"van_vid_carousel__padding\">\n<div class=\"van_vid_carousel__container\"><\/div>\n<\/div>\n<\/div>\n<h2 id=\"which-kitchen-cabinet-colors-look-most-expensive-3\">Welche K\u00fcchenschrankfarben sehen am teuersten aus?<\/h2>\n<figure class=\"van-image-figure inline-layout \" data-bordeaux-image-check id=\"49cddc00-64cb-44ac-bd3b-b4bfd5754198\">\n<div class=\"image-full-width-wrapper\">\n<div class=\"image-widthsetter\" style=\"max-width:2000px;\"><\/div>\n<\/div>\n<\/figure>\n<p id=\"e423f73b-84eb-4e82-a0dc-9f6a883dac6f\">Der anhaltende Reiz einer neutralen K\u00fcche l\u00e4sst sich nicht leugnen. Es ist ein Look, der die Zeit \u00fcberdauert, unabh\u00e4ngig von den aktuellen Trends, und einen unbestreitbar teuren Look schafft. Auch wenn man denkt, dass Wei\u00df und Beige sehr \u00e4hnliche Farben sind, gibt es doch viele Eigenschaften, die sie voneinander unterscheiden.<\/p>\n<div id=\"ad-unit-2\" class=\"ad-unit\"><\/div>\n<p>Wei\u00df ist heller, klarer und wird wegen seiner F\u00e4higkeit gesch\u00e4tzt, in Umgebungen jeder Gr\u00f6\u00dfe und jedes Stils zu passen, egal ob es sich um eine gem\u00fctliche Landhausk\u00fcche, einen minimalistischen Raum oder etwas moderneres Design handelt.<\/p>\n<p>\u201eWei\u00df hat eine zeitlose Qualit\u00e4t, die in K\u00fcchen wunderbar zur Geltung kommt, weil es Licht reflektiert und das Raumgef\u00fchl verst\u00e4rkt.\u201c \u201eEs bietet eine klare Leinwand, die Architektur und Materialien in den Mittelpunkt r\u00fcckt\u201c, erkl\u00e4rt Innenarchitektin Lauren Gilberthorpe.<\/p>\n<figure class=\"van-image-figure inline-layout \" data-bordeaux-image-check id=\"73c6c628-207d-4ba8-ade6-5b77e6bad20a\">\n<div class=\"image-full-width-wrapper\">\n<div class=\"image-widthsetter\" style=\"max-width:2000px;\"><\/div>\n<\/div>\n<\/figure>\n<p id=\"10f7be46-b88a-4532-9db2-dbcd3decb9c6\">\u201eBei richtiger Verwendung k\u00f6nnen wei\u00dfe M\u00f6bel m\u00fchelos und raffiniert wirken, insbesondere in Kombination mit Naturstein, unlackiertem Messing oder subtilen Strukturelementen, die Tiefe und W\u00e4rme verleihen. \u201eDer Schl\u00fcssel liegt darin, Abwechslung zu schaffen, vielleicht durch eine geschliffene Marmorarbeitsplatte, glasierte Fliesen oder Holzdetails, damit das Schema eher vielschichtig als streng wirkt\u201c, f\u00fcgt sie hinzu.<\/p>\n<div id=\"slice-container-newsletterForm-articleInbodyContent-PnjmyGL3oD4fSTEQPw7TYb\" class=\"slice-container newsletter-inbodyContent-slice newsletterForm-articleInbodyContent-PnjmyGL3oD4fSTEQPw7TYb slice-container-newsletterForm\"><\/div>\n<p>Aber es ist die F\u00e4higkeit von Wei\u00df, sich wunderbar in K\u00fcchen aller Stilrichtungen einzuf\u00fcgen und ihm ein Gef\u00fchl von Luxus zu verleihen, das es so attraktiv macht. Gepaart mit der Tatsache, dass es klassisch und einfach zu stylen ist, ist es nicht verwunderlich, dass sich so viele Designer zu ihm hingezogen f\u00fchlen.<\/p>\n<p>\u201eEs ist die perfekte Farbe f\u00fcr eine nat\u00fcrliche und lichtdurchflutete K\u00fcche.\u201c Es passt perfekt zu hellen und dunklen Arbeitsplatten, Messing- oder Silberbeschl\u00e4gen und traditionellen oder modernen Umgebungen. \u201eEin absoluter Favorit bei allen, und manchmal gibt es nichts Sch\u00f6neres, als es schlicht zu halten\u201c, f\u00fcgt Helen Parker, Kreativdirektorin von deVOL Kitchens, hinzu.<\/p>\n<figure class=\"van-image-figure inline-layout \" data-bordeaux-image-check id=\"885d8aad-4320-4c26-83cf-90874f0f1155\">\n<div class=\"image-full-width-wrapper\">\n<div class=\"image-widthsetter\" style=\"max-width:2000px;\"><\/div>\n<\/div>\n<\/figure>\n<p id=\"1aef63df-7be8-46dd-826b-2cbec25e5ef4\">Wo Wei\u00df klar, hell und zuverl\u00e4ssig zeitlos ist, bietet Beige etwas anderes. Es ist w\u00e4rmer, satter und verleiht einem Schema Tiefe und Kontrast. In vielerlei Hinsicht ist es zur Alternative zu Wei\u00df geworden, wenn Sie etwas weniger Minimalistisches w\u00fcnschen.<\/p>\n<p>\u201eBeige ist immer vielseitig und zeitlos und verleiht jedem Raum W\u00e4rme und Tiefe.\u201c \u201eDiese neutralen Farbt\u00f6ne passen m\u00fchelos zu Holzt\u00f6nen und verst\u00e4rken das Gef\u00fchl von Behaglichkeit und Ruhe, bieten gleichzeitig einen sanften Kontrast und gleichen k\u00fchlere Farbt\u00f6ne wie Blau und Gr\u00fcn aus\u201c, sagt Hannah Yeo, Senior Managerin f\u00fcr Farbmarketing bei Benjamin Moore.<\/p>\n<p>\u201eErdig und geerdet verleihen diese Farbt\u00f6ne Struktur und visuelles Interesse, ohne den Raum zu \u00fcberfordern, was sie zu einer idealen Wahl f\u00fcr K\u00fcchen macht.\u201c \u201eIhre zur\u00fcckhaltende Eleganz l\u00e4sst andere Designelemente zur Geltung kommen und tr\u00e4gt dennoch zu einer zusammenh\u00e4ngenden und einladenden Umgebung bei\u201c, f\u00fcgt sie hinzu.<\/p>\n<figure class=\"van-image-figure inline-layout \" data-bordeaux-image-check id=\"6fa3c24b-7dcb-4b9f-928f-840672d44c3e\">\n<div class=\"image-full-width-wrapper\">\n<div class=\"image-widthsetter\" style=\"max-width:2400px;\"><\/div>\n<\/div>\n<\/figure>\n<p id=\"5a3b530c-bac9-4207-8e11-a9f9d9a046da\">Beige bietet diesen teuren, luxuri\u00f6sen Look, oft jedoch in einem entspannteren, l\u00e4ssigeren Stil. Es handelt sich um eine Farbe, die stillen Luxus und zur\u00fcckhaltende Eleganz vereint, weshalb sie in bestimmten K\u00fcchen gut ankommt.<\/p>\n<p>\u201eBeige und die breitere Familie der warmen Neutralt\u00f6ne erfreuen sich immer gr\u00f6\u00dferer Beliebtheit, weil sie einen entspannteren Landhaus-Look bieten. \u201eDiese Farbt\u00f6ne f\u00fchlen sich von Natur aus luxuri\u00f6s an, wenn sie in hochwertigen Oberfl\u00e4chen wie handbemaltem Holz oder gekalktem Holz ausgef\u00fchrt werden\u201c, sagt Lauren.<\/p>\n<p>\u201eSie verbinden sich wunderbar mit dem nat\u00fcrlichen Licht und ver\u00e4ndern im Laufe des Tages ihren Farbton, wodurch ein Raum entsteht, der sich dynamisch und einladend anf\u00fchlt.\u201c \u201eBeige l\u00e4sst sich auch m\u00fchelos mit nat\u00fcrlichen Materialien wie Eiche, Travertin und ge\u00e4dertem Marmor kombinieren, was einer K\u00fcche eine subtile F\u00fclle verleiht, ohne dass sie \u00fcberdesignt wirkt.\u201c<\/p>\n<h2 id=\"what-s-the-difference-between-white-and-beige-kitchens-3\">Was ist der Unterschied zwischen wei\u00dfen und beigen K\u00fcchen?<\/h2>\n<figure class=\"van-image-figure inline-layout \" data-bordeaux-image-check id=\"14205d6e-3dc2-48d9-bcdc-ddb962f508f3\">\n<div class=\"image-full-width-wrapper\">\n<div class=\"image-widthsetter\" style=\"max-width:2000px;\"><\/div>\n<\/div>\n<\/figure>\n<p id=\"b6cbe7fa-92b6-4448-8205-fafa87c5b8b0\">Wei\u00df und Beige sind beides sch\u00f6ne neutrale T\u00f6ne, aber sie verleihen einer K\u00fcche ein ganz unterschiedliches Aussehen und Gef\u00fchl. Aber die Untert\u00f6ne und Temperaturen dieser T\u00f6ne unterscheiden sich, um eine andere \u00c4sthetik zu erzeugen.<\/p>\n<p>\u201eWei\u00df bietet eine helle, klare Atmosph\u00e4re, die offen und modern wirkt.\u201c Klare Farbt\u00f6ne wie White Heron OC-57 k\u00f6nnen daf\u00fcr sorgen, dass eine K\u00fcche ger\u00e4umiger und luftiger wirkt, und bieten gleichzeitig einen frischen Hintergrund, der sich m\u00fchelos mit einer Vielzahl von Materialien, einschlie\u00dflich Arbeitsplatten und Beschl\u00e4gen, kombinieren l\u00e4sst. \u201eDiese Vielseitigkeit macht Wei\u00df zu einer einfachen und zeitlosen Wahl f\u00fcr M\u00f6bel\u201c, sagt Hannah.<\/p>\n<p>\u201eBeige hingegen sorgen f\u00fcr W\u00e4rme und Tiefe und schaffen eine gem\u00fctliche und einladende Umgebung.\u201c \u201eDiese sanften Neutralt\u00f6ne harmonieren wunderbar mit Metzgerblockoberfl\u00e4chen oder cremigen Wandfarben und bieten eine harmonische und beruhigende \u00c4sthetik, was sie zur idealen Wahl f\u00fcr eine K\u00fcche macht, die Komfort und Charakter sucht\u201c, erkl\u00e4rt sie.<\/p>\n<figure class=\"van-image-figure inline-layout \" data-bordeaux-image-check id=\"7ee3360d-6c57-4b3f-8364-00066c2f8bbd\">\n<div class=\"image-full-width-wrapper\">\n<div class=\"image-widthsetter\" style=\"max-width:2000px;\"><\/div>\n<\/div>\n<\/figure>\n<p id=\"3ab280a9-7bc6-4bae-b79f-7c5059f85cb9\">Lauren f\u00e4ngt es perfekt ein und bemerkt: \u201eDer Unterschied liegt in der Atmosph\u00e4re, die sie schaffen.\u201c Die von Ihnen gew\u00e4hlten K\u00fcchenschrankfarben signalisieren eine andere Stimmung und Energie, und Beige und Wei\u00df rufen unterschiedliche Gef\u00fchle hervor.<\/p>\n<p>\u201eWei\u00dfe K\u00fcchen vermitteln oft ein Gef\u00fchl von Sauberkeit und Pr\u00e4zision, w\u00e4hrend Beige W\u00e4rme und Haptik vermittelt. \u201eWei\u00df wirkt architektonischer und betont Linien und Proportionen, w\u00e4hrend Beige Stimmung und Komfort vermittelt\u201c, erkl\u00e4rt Lauren.<\/p>\n<p>\u201eBeide k\u00f6nnen erh\u00f6ht werden, um luxuri\u00f6s zu wirken, aber ihr Erfolg h\u00e4ngt vom Ton des Lichts, der Materialpalette und davon ab, wie sie sich auf den Rest des Hauses auswirken.\u201c<\/p>\n<h2 id=\"how-to-choose-between-them-3\">Wie man zwischen ihnen w\u00e4hlt<\/h2>\n<figure class=\"van-image-figure inline-layout \" data-bordeaux-image-check id=\"f16ef168-f7e3-407e-9ef9-010d137416cb\">\n<div class=\"image-full-width-wrapper\">\n<div class=\"image-widthsetter\" style=\"max-width:2000px;\"><\/div>\n<\/div>\n<\/figure>\n<p id=\"63fe715e-554f-4eb2-b183-c0785d3f6798\">Grunds\u00e4tzlich sind diese beiden neutralen Farbt\u00f6ne eine stilvolle und zeitlose Option f\u00fcr Ihre K\u00fcchenm\u00f6bel. Die Wahl zwischen ihnen kann schwierig sein, aber Designer sagen, dass es ein paar \u00dcberlegungen gibt, die die Auswahl der richtigen Farbe erleichtern k\u00f6nnen.<\/p>\n<p>\u201eDie K\u00fcche ist ein Raum, in dem mehrere Oberfl\u00e4chen und Materialien zusammentreffen, daher ist Planung unerl\u00e4sslich.\u201c Erstellen Sie zun\u00e4chst ein Moodboard, um sicherzustellen, dass alle Elemente zusammenarbeiten. Probieren Sie Farben immer in Ihrem tats\u00e4chlichen Raum aus und vergleichen Sie sie mit Arbeitsplatten, Akzenten und anderen vorhandenen Elementen\u201c, r\u00e4t Hannah.<\/p>\n<p>\u201eBedenken Sie die langfristige Beziehung zwischen der Farbe Ihrer M\u00f6bel und den umgebenden Materialien, zum Beispiel B\u00f6den, Arbeitsplatten und W\u00e4nden, die sich harmonisch anf\u00fchlen sollten\u201c, f\u00fcgt Lauren hinzu und betont, wie wichtig es ist, zu verstehen, wie eine Farbe mit anderen Materialien und Oberfl\u00e4chen in Ihrer K\u00fcche harmoniert.<\/p>\n<figure class=\"van-image-figure inline-layout \" data-bordeaux-image-check id=\"120ada4e-e977-4fa6-a30e-95367961fcf6\">\n<div class=\"image-full-width-wrapper\">\n<div class=\"image-widthsetter\" style=\"max-width:2000px;\"><\/div>\n<\/div>\n<\/figure>\n<p id=\"d60d0a3f-dd9e-46da-8f65-3497b91a7611\">Ein wirklich wichtiger Faktor, den Sie ber\u00fccksichtigen m\u00fcssen, ist die K\u00fcchenbeleuchtung. \u201eSehen Sie sich die Farbe den ganzen Tag \u00fcber unter verschiedenen Lichtverh\u00e4ltnissen an, um eine fundierte Entscheidung zu treffen\u201c, schl\u00e4gt Hannah vor. Es kommt aber auch auf die Ausrichtung Ihrer K\u00fcche an.<\/p>\n<p>\u201eSehen Sie sich die Qualit\u00e4t des Lichts in Ihrem Raum an, bevor Sie eine Entscheidung treffen.\u201c In nach Norden ausgerichteten R\u00e4umen k\u00f6nnen beispielsweise k\u00fchlere Wei\u00dft\u00f6ne stumpf wirken, w\u00e4hrend w\u00e4rmere Neutralt\u00f6ne den nat\u00fcrlichen Ton des Lichts verst\u00e4rken k\u00f6nnen\u201c, erkl\u00e4rt Lauren.<\/p>\n<p>\u201eLetztendlich h\u00e4ngt Luxus davon ab, wie sich ein Raum zum Wohnen anf\u00fchlt, und nicht nur davon, wie er aussieht. W\u00e4hlen Sie einen Ton, der authentisch zum Zuhause und seiner Umgebung passt, und nicht einen, der auf Instagram gut aussieht.\u201c<\/p>\n<hr id=\"92a82f69-f968-423f-9292-34752d497231\">\n<p id=\"acb449ac-65d0-4b27-990d-ff2432a94594\">Wei\u00df und Beige sind beides luxuri\u00f6se Optionen f\u00fcr die Farbe Ihres K\u00fcchenschranks; Alles h\u00e4ngt davon ab, welche Gesamt\u00e4sthetik Sie sich w\u00fcnschen und was am besten zu dem Licht passt, von dem Ihre K\u00fcche profitiert. Es gibt viele Farbt\u00f6ne, die es wert sind, ausprobiert zu werden. Achten Sie also darauf, die besten wei\u00dfen Farben f\u00fcr K\u00fcchen und die besten beigen Farben in Betracht zu ziehen, so die Designer, die sie verwendet haben.<\/p>\n<\/div>\n","protected":false},"excerpt":{"rendered":"<p>Ihre K\u00fcche ist eines der teuersten Projekte in Ihrem Zuhause, daher ist es das Letzte, was Sie tun m\u00f6chten, eine Farbe zu w\u00e4hlen, die die<\/p>\n","protected":false},"author":1,"featured_media":8753,"comment_status":"closed","ping_status":"","sticky":false,"template":"","format":"standard","meta":{"footnotes":""},"categories":[118],"tags":[1562,2255,216,208,3139,11089,708,2928,142,58,11090,11088,1606,2958],"class_list":["post-8752","post","type-post","status-publish","format-standard","has-post-thumbnail","hentry","category-haus-garten","tag-aussehen","tag-beiden","tag-designer","tag-diesen","tag-farbtoenen","tag-kuechenschrankfarben","tag-liegt","tag-luxurioesen","tag-sich","tag-sind","tag-teuersten","tag-uneinig","tag-welche","tag-zwischen","generate-columns","tablet-grid-50","mobile-grid-100","grid-parent","grid-50"],"yoast_head":"<!-- This site is optimized with the Yoast SEO plugin v27.3 - https:\/\/yoast.com\/product\/yoast-seo-wordpress\/ -->\n<title>Designer sind sich uneinig, welche K\u00fcchenschrankfarben am teuersten aussehen \u2013 es liegt zwischen diesen beiden luxuri\u00f6sen Farbt\u00f6nen - Nachrichten - Stra\u00dfenweb<\/title>\n<meta name=\"robots\" content=\"index, follow, max-snippet:-1, max-image-preview:large, max-video-preview:-1\" \/>\n<link rel=\"canonical\" href=\"https:\/\/www.strassenweb.de\/nachrichten\/designer-sind-sich-uneinig-welche-kuechenschrankfarben-am-teuersten-aussehen-es-liegt-zwischen-diesen-beiden-luxurioesen-farbtoenen\/\" \/>\n<meta property=\"og:locale\" content=\"de_DE\" \/>\n<meta property=\"og:type\" content=\"article\" \/>\n<meta property=\"og:title\" content=\"Designer sind sich uneinig, welche K\u00fcchenschrankfarben am teuersten aussehen \u2013 es liegt zwischen diesen beiden luxuri\u00f6sen Farbt\u00f6nen - Nachrichten - Stra\u00dfenweb\" \/>\n<meta property=\"og:description\" content=\"Ihre K\u00fcche ist eines der teuersten Projekte in Ihrem Zuhause, daher ist es das Letzte, was Sie tun m\u00f6chten, eine Farbe zu w\u00e4hlen, die die\" \/>\n<meta property=\"og:url\" content=\"https:\/\/www.strassenweb.de\/nachrichten\/designer-sind-sich-uneinig-welche-kuechenschrankfarben-am-teuersten-aussehen-es-liegt-zwischen-diesen-beiden-luxurioesen-farbtoenen\/\" \/>\n<meta property=\"og:site_name\" content=\"Stra\u00dfenweb\" \/>\n<meta property=\"article:publisher\" content=\"https:\/\/www.facebook.com\/strassenweb\/\" \/>\n<meta property=\"article:published_time\" content=\"2025-10-25T02:39:31+00:00\" \/>\n<meta property=\"og:image\" content=\"https:\/\/www.strassenweb.de\/nachrichten\/wp-content\/uploads\/2025\/10\/Designer-sind-sich-uneinig-welche-Kuechenschrankfarben-am-teuersten-aussehen-\u2013.jpg\" \/>\n\t<meta property=\"og:image:width\" content=\"1600\" \/>\n\t<meta property=\"og:image:height\" content=\"900\" \/>\n\t<meta property=\"og:image:type\" content=\"image\/jpeg\" \/>\n<meta name=\"author\" content=\"Robert Hoffmann\" \/>\n<meta name=\"twitter:card\" content=\"summary_large_image\" \/>\n<meta name=\"twitter:label1\" content=\"Verfasst von\" \/>\n\t<meta name=\"twitter:data1\" content=\"Robert Hoffmann\" \/>\n\t<meta name=\"twitter:label2\" content=\"Gesch\u00e4tzte Lesezeit\" \/>\n\t<meta name=\"twitter:data2\" content=\"7\u00a0Minuten\" \/>\n<script type=\"application\/ld+json\" class=\"yoast-schema-graph\">{\"@context\":\"https:\\\/\\\/schema.org\",\"@graph\":[{\"@type\":\"Article\",\"@id\":\"https:\\\/\\\/www.strassenweb.de\\\/nachrichten\\\/designer-sind-sich-uneinig-welche-kuechenschrankfarben-am-teuersten-aussehen-es-liegt-zwischen-diesen-beiden-luxurioesen-farbtoenen\\\/#article\",\"isPartOf\":{\"@id\":\"https:\\\/\\\/www.strassenweb.de\\\/nachrichten\\\/designer-sind-sich-uneinig-welche-kuechenschrankfarben-am-teuersten-aussehen-es-liegt-zwischen-diesen-beiden-luxurioesen-farbtoenen\\\/\"},\"author\":{\"name\":\"Robert Hoffmann\",\"@id\":\"https:\\\/\\\/www.strassenweb.de\\\/nachrichten\\\/#\\\/schema\\\/person\\\/87c9c9067f1211da429a744dc5a5aa41\"},\"headline\":\"Designer sind sich uneinig, welche K\u00fcchenschrankfarben am teuersten aussehen \u2013 es liegt zwischen diesen beiden luxuri\u00f6sen Farbt\u00f6nen\",\"datePublished\":\"2025-10-25T02:39:31+00:00\",\"mainEntityOfPage\":{\"@id\":\"https:\\\/\\\/www.strassenweb.de\\\/nachrichten\\\/designer-sind-sich-uneinig-welche-kuechenschrankfarben-am-teuersten-aussehen-es-liegt-zwischen-diesen-beiden-luxurioesen-farbtoenen\\\/\"},\"wordCount\":1458,\"publisher\":{\"@id\":\"https:\\\/\\\/www.strassenweb.de\\\/nachrichten\\\/#organization\"},\"image\":{\"@id\":\"https:\\\/\\\/www.strassenweb.de\\\/nachrichten\\\/designer-sind-sich-uneinig-welche-kuechenschrankfarben-am-teuersten-aussehen-es-liegt-zwischen-diesen-beiden-luxurioesen-farbtoenen\\\/#primaryimage\"},\"thumbnailUrl\":\"https:\\\/\\\/www.strassenweb.de\\\/nachrichten\\\/wp-content\\\/uploads\\\/2025\\\/10\\\/Designer-sind-sich-uneinig-welche-Kuechenschrankfarben-am-teuersten-aussehen-\u2013.jpg\",\"keywords\":[\"aussehen\",\"beiden\",\"Designer\",\"diesen\",\"Farbt\u00f6nen\",\"K\u00fcchenschrankfarben\",\"liegt\",\"luxuri\u00f6sen\",\"sich\",\"sind\",\"teuersten\",\"uneinig\",\"welche\",\"zwischen\"],\"articleSection\":[\"Haus &amp; Garten\"],\"inLanguage\":\"de\"},{\"@type\":\"WebPage\",\"@id\":\"https:\\\/\\\/www.strassenweb.de\\\/nachrichten\\\/designer-sind-sich-uneinig-welche-kuechenschrankfarben-am-teuersten-aussehen-es-liegt-zwischen-diesen-beiden-luxurioesen-farbtoenen\\\/\",\"url\":\"https:\\\/\\\/www.strassenweb.de\\\/nachrichten\\\/designer-sind-sich-uneinig-welche-kuechenschrankfarben-am-teuersten-aussehen-es-liegt-zwischen-diesen-beiden-luxurioesen-farbtoenen\\\/\",\"name\":\"Designer sind sich uneinig, welche K\u00fcchenschrankfarben am teuersten aussehen \u2013 es liegt zwischen diesen beiden luxuri\u00f6sen Farbt\u00f6nen - Nachrichten - Stra\u00dfenweb\",\"isPartOf\":{\"@id\":\"https:\\\/\\\/www.strassenweb.de\\\/nachrichten\\\/#website\"},\"primaryImageOfPage\":{\"@id\":\"https:\\\/\\\/www.strassenweb.de\\\/nachrichten\\\/designer-sind-sich-uneinig-welche-kuechenschrankfarben-am-teuersten-aussehen-es-liegt-zwischen-diesen-beiden-luxurioesen-farbtoenen\\\/#primaryimage\"},\"image\":{\"@id\":\"https:\\\/\\\/www.strassenweb.de\\\/nachrichten\\\/designer-sind-sich-uneinig-welche-kuechenschrankfarben-am-teuersten-aussehen-es-liegt-zwischen-diesen-beiden-luxurioesen-farbtoenen\\\/#primaryimage\"},\"thumbnailUrl\":\"https:\\\/\\\/www.strassenweb.de\\\/nachrichten\\\/wp-content\\\/uploads\\\/2025\\\/10\\\/Designer-sind-sich-uneinig-welche-Kuechenschrankfarben-am-teuersten-aussehen-\u2013.jpg\",\"datePublished\":\"2025-10-25T02:39:31+00:00\",\"breadcrumb\":{\"@id\":\"https:\\\/\\\/www.strassenweb.de\\\/nachrichten\\\/designer-sind-sich-uneinig-welche-kuechenschrankfarben-am-teuersten-aussehen-es-liegt-zwischen-diesen-beiden-luxurioesen-farbtoenen\\\/#breadcrumb\"},\"inLanguage\":\"de\",\"potentialAction\":[{\"@type\":\"ReadAction\",\"target\":[\"https:\\\/\\\/www.strassenweb.de\\\/nachrichten\\\/designer-sind-sich-uneinig-welche-kuechenschrankfarben-am-teuersten-aussehen-es-liegt-zwischen-diesen-beiden-luxurioesen-farbtoenen\\\/\"]}]},{\"@type\":\"ImageObject\",\"inLanguage\":\"de\",\"@id\":\"https:\\\/\\\/www.strassenweb.de\\\/nachrichten\\\/designer-sind-sich-uneinig-welche-kuechenschrankfarben-am-teuersten-aussehen-es-liegt-zwischen-diesen-beiden-luxurioesen-farbtoenen\\\/#primaryimage\",\"url\":\"https:\\\/\\\/www.strassenweb.de\\\/nachrichten\\\/wp-content\\\/uploads\\\/2025\\\/10\\\/Designer-sind-sich-uneinig-welche-Kuechenschrankfarben-am-teuersten-aussehen-\u2013.jpg\",\"contentUrl\":\"https:\\\/\\\/www.strassenweb.de\\\/nachrichten\\\/wp-content\\\/uploads\\\/2025\\\/10\\\/Designer-sind-sich-uneinig-welche-Kuechenschrankfarben-am-teuersten-aussehen-\u2013.jpg\",\"width\":1600,\"height\":900,\"caption\":\"White kitchen with island\"},{\"@type\":\"BreadcrumbList\",\"@id\":\"https:\\\/\\\/www.strassenweb.de\\\/nachrichten\\\/designer-sind-sich-uneinig-welche-kuechenschrankfarben-am-teuersten-aussehen-es-liegt-zwischen-diesen-beiden-luxurioesen-farbtoenen\\\/#breadcrumb\",\"itemListElement\":[{\"@type\":\"ListItem\",\"position\":1,\"name\":\"Home\",\"item\":\"https:\\\/\\\/www.strassenweb.de\\\/nachrichten\\\/\"},{\"@type\":\"ListItem\",\"position\":2,\"name\":\"Designer sind sich uneinig, welche K\u00fcchenschrankfarben am teuersten aussehen \u2013 es liegt zwischen diesen beiden luxuri\u00f6sen Farbt\u00f6nen\"}]},{\"@type\":\"WebSite\",\"@id\":\"https:\\\/\\\/www.strassenweb.de\\\/nachrichten\\\/#website\",\"url\":\"https:\\\/\\\/www.strassenweb.de\\\/nachrichten\\\/\",\"name\":\"Stra\u00dfenweb\",\"description\":\"Stra\u00dfenverzeichnis f\u00fcr Deutschland\",\"publisher\":{\"@id\":\"https:\\\/\\\/www.strassenweb.de\\\/nachrichten\\\/#organization\"},\"potentialAction\":[{\"@type\":\"SearchAction\",\"target\":{\"@type\":\"EntryPoint\",\"urlTemplate\":\"https:\\\/\\\/www.strassenweb.de\\\/nachrichten\\\/?s={search_term_string}\"},\"query-input\":{\"@type\":\"PropertyValueSpecification\",\"valueRequired\":true,\"valueName\":\"search_term_string\"}}],\"inLanguage\":\"de\"},{\"@type\":\"Organization\",\"@id\":\"https:\\\/\\\/www.strassenweb.de\\\/nachrichten\\\/#organization\",\"name\":\"Stra\u00dfenweb\",\"url\":\"https:\\\/\\\/www.strassenweb.de\\\/nachrichten\\\/\",\"logo\":{\"@type\":\"ImageObject\",\"inLanguage\":\"de\",\"@id\":\"https:\\\/\\\/www.strassenweb.de\\\/nachrichten\\\/#\\\/schema\\\/logo\\\/image\\\/\",\"url\":\"https:\\\/\\\/www.strassenweb.de\\\/nachrichten\\\/wp-content\\\/uploads\\\/2024\\\/09\\\/cropped-favicon.png\",\"contentUrl\":\"https:\\\/\\\/www.strassenweb.de\\\/nachrichten\\\/wp-content\\\/uploads\\\/2024\\\/09\\\/cropped-favicon.png\",\"width\":512,\"height\":512,\"caption\":\"Stra\u00dfenweb\"},\"image\":{\"@id\":\"https:\\\/\\\/www.strassenweb.de\\\/nachrichten\\\/#\\\/schema\\\/logo\\\/image\\\/\"},\"sameAs\":[\"https:\\\/\\\/www.facebook.com\\\/strassenweb\\\/\"]},{\"@type\":\"Person\",\"@id\":\"https:\\\/\\\/www.strassenweb.de\\\/nachrichten\\\/#\\\/schema\\\/person\\\/87c9c9067f1211da429a744dc5a5aa41\",\"name\":\"Robert Hoffmann\",\"image\":{\"@type\":\"ImageObject\",\"inLanguage\":\"de\",\"@id\":\"https:\\\/\\\/www.strassenweb.de\\\/nachrichten\\\/wp-content\\\/uploads\\\/2024\\\/09\\\/strassenweb-150x150.jpg\",\"url\":\"https:\\\/\\\/www.strassenweb.de\\\/nachrichten\\\/wp-content\\\/uploads\\\/2024\\\/09\\\/strassenweb-150x150.jpg\",\"contentUrl\":\"https:\\\/\\\/www.strassenweb.de\\\/nachrichten\\\/wp-content\\\/uploads\\\/2024\\\/09\\\/strassenweb-150x150.jpg\",\"caption\":\"Robert Hoffmann\"},\"description\":\"Ich hei\u00dfe Robert Hoffmann und ich bin ein leidenschaftlicher Verfechter von \u00d6kologie und Biodiversit\u00e4t. Seit meiner Kindheit in den W\u00e4ldern Bayerns f\u00fchle ich mich mit der Natur verbunden und bin entschlossen, sie zu sch\u00fctzen. Heute widme ich mein Leben der Sensibilisierung anderer f\u00fcr die Bedeutung des Umweltschutzes f\u00fcr zuk\u00fcnftige Generationen.\",\"sameAs\":[\"https:\\\/\\\/www.strassenweb.de\\\/\"]}]}<\/script>\n<!-- \/ Yoast SEO plugin. -->","yoast_head_json":{"title":"Designer sind sich uneinig, welche K\u00fcchenschrankfarben am teuersten aussehen \u2013 es liegt zwischen diesen beiden luxuri\u00f6sen Farbt\u00f6nen - Nachrichten - Stra\u00dfenweb","robots":{"index":"index","follow":"follow","max-snippet":"max-snippet:-1","max-image-preview":"max-image-preview:large","max-video-preview":"max-video-preview:-1"},"canonical":"https:\/\/www.strassenweb.de\/nachrichten\/designer-sind-sich-uneinig-welche-kuechenschrankfarben-am-teuersten-aussehen-es-liegt-zwischen-diesen-beiden-luxurioesen-farbtoenen\/","og_locale":"de_DE","og_type":"article","og_title":"Designer sind sich uneinig, welche K\u00fcchenschrankfarben am teuersten aussehen \u2013 es liegt zwischen diesen beiden luxuri\u00f6sen Farbt\u00f6nen - Nachrichten - Stra\u00dfenweb","og_description":"Ihre K\u00fcche ist eines der teuersten Projekte in Ihrem Zuhause, daher ist es das Letzte, was Sie tun m\u00f6chten, eine Farbe zu w\u00e4hlen, die die","og_url":"https:\/\/www.strassenweb.de\/nachrichten\/designer-sind-sich-uneinig-welche-kuechenschrankfarben-am-teuersten-aussehen-es-liegt-zwischen-diesen-beiden-luxurioesen-farbtoenen\/","og_site_name":"Stra\u00dfenweb","article_publisher":"https:\/\/www.facebook.com\/strassenweb\/","article_published_time":"2025-10-25T02:39:31+00:00","og_image":[{"width":1600,"height":900,"url":"https:\/\/www.strassenweb.de\/nachrichten\/wp-content\/uploads\/2025\/10\/Designer-sind-sich-uneinig-welche-Kuechenschrankfarben-am-teuersten-aussehen-\u2013.jpg","type":"image\/jpeg"}],"author":"Robert Hoffmann","twitter_card":"summary_large_image","twitter_misc":{"Verfasst von":"Robert Hoffmann","Gesch\u00e4tzte Lesezeit":"7\u00a0Minuten"},"schema":{"@context":"https:\/\/schema.org","@graph":[{"@type":"Article","@id":"https:\/\/www.strassenweb.de\/nachrichten\/designer-sind-sich-uneinig-welche-kuechenschrankfarben-am-teuersten-aussehen-es-liegt-zwischen-diesen-beiden-luxurioesen-farbtoenen\/#article","isPartOf":{"@id":"https:\/\/www.strassenweb.de\/nachrichten\/designer-sind-sich-uneinig-welche-kuechenschrankfarben-am-teuersten-aussehen-es-liegt-zwischen-diesen-beiden-luxurioesen-farbtoenen\/"},"author":{"name":"Robert Hoffmann","@id":"https:\/\/www.strassenweb.de\/nachrichten\/#\/schema\/person\/87c9c9067f1211da429a744dc5a5aa41"},"headline":"Designer sind sich uneinig, welche K\u00fcchenschrankfarben am teuersten aussehen \u2013 es liegt zwischen diesen beiden luxuri\u00f6sen Farbt\u00f6nen","datePublished":"2025-10-25T02:39:31+00:00","mainEntityOfPage":{"@id":"https:\/\/www.strassenweb.de\/nachrichten\/designer-sind-sich-uneinig-welche-kuechenschrankfarben-am-teuersten-aussehen-es-liegt-zwischen-diesen-beiden-luxurioesen-farbtoenen\/"},"wordCount":1458,"publisher":{"@id":"https:\/\/www.strassenweb.de\/nachrichten\/#organization"},"image":{"@id":"https:\/\/www.strassenweb.de\/nachrichten\/designer-sind-sich-uneinig-welche-kuechenschrankfarben-am-teuersten-aussehen-es-liegt-zwischen-diesen-beiden-luxurioesen-farbtoenen\/#primaryimage"},"thumbnailUrl":"https:\/\/www.strassenweb.de\/nachrichten\/wp-content\/uploads\/2025\/10\/Designer-sind-sich-uneinig-welche-Kuechenschrankfarben-am-teuersten-aussehen-\u2013.jpg","keywords":["aussehen","beiden","Designer","diesen","Farbt\u00f6nen","K\u00fcchenschrankfarben","liegt","luxuri\u00f6sen","sich","sind","teuersten","uneinig","welche","zwischen"],"articleSection":["Haus &amp; Garten"],"inLanguage":"de"},{"@type":"WebPage","@id":"https:\/\/www.strassenweb.de\/nachrichten\/designer-sind-sich-uneinig-welche-kuechenschrankfarben-am-teuersten-aussehen-es-liegt-zwischen-diesen-beiden-luxurioesen-farbtoenen\/","url":"https:\/\/www.strassenweb.de\/nachrichten\/designer-sind-sich-uneinig-welche-kuechenschrankfarben-am-teuersten-aussehen-es-liegt-zwischen-diesen-beiden-luxurioesen-farbtoenen\/","name":"Designer sind sich uneinig, welche K\u00fcchenschrankfarben am teuersten aussehen \u2013 es liegt zwischen diesen beiden luxuri\u00f6sen Farbt\u00f6nen - Nachrichten - Stra\u00dfenweb","isPartOf":{"@id":"https:\/\/www.strassenweb.de\/nachrichten\/#website"},"primaryImageOfPage":{"@id":"https:\/\/www.strassenweb.de\/nachrichten\/designer-sind-sich-uneinig-welche-kuechenschrankfarben-am-teuersten-aussehen-es-liegt-zwischen-diesen-beiden-luxurioesen-farbtoenen\/#primaryimage"},"image":{"@id":"https:\/\/www.strassenweb.de\/nachrichten\/designer-sind-sich-uneinig-welche-kuechenschrankfarben-am-teuersten-aussehen-es-liegt-zwischen-diesen-beiden-luxurioesen-farbtoenen\/#primaryimage"},"thumbnailUrl":"https:\/\/www.strassenweb.de\/nachrichten\/wp-content\/uploads\/2025\/10\/Designer-sind-sich-uneinig-welche-Kuechenschrankfarben-am-teuersten-aussehen-\u2013.jpg","datePublished":"2025-10-25T02:39:31+00:00","breadcrumb":{"@id":"https:\/\/www.strassenweb.de\/nachrichten\/designer-sind-sich-uneinig-welche-kuechenschrankfarben-am-teuersten-aussehen-es-liegt-zwischen-diesen-beiden-luxurioesen-farbtoenen\/#breadcrumb"},"inLanguage":"de","potentialAction":[{"@type":"ReadAction","target":["https:\/\/www.strassenweb.de\/nachrichten\/designer-sind-sich-uneinig-welche-kuechenschrankfarben-am-teuersten-aussehen-es-liegt-zwischen-diesen-beiden-luxurioesen-farbtoenen\/"]}]},{"@type":"ImageObject","inLanguage":"de","@id":"https:\/\/www.strassenweb.de\/nachrichten\/designer-sind-sich-uneinig-welche-kuechenschrankfarben-am-teuersten-aussehen-es-liegt-zwischen-diesen-beiden-luxurioesen-farbtoenen\/#primaryimage","url":"https:\/\/www.strassenweb.de\/nachrichten\/wp-content\/uploads\/2025\/10\/Designer-sind-sich-uneinig-welche-Kuechenschrankfarben-am-teuersten-aussehen-\u2013.jpg","contentUrl":"https:\/\/www.strassenweb.de\/nachrichten\/wp-content\/uploads\/2025\/10\/Designer-sind-sich-uneinig-welche-Kuechenschrankfarben-am-teuersten-aussehen-\u2013.jpg","width":1600,"height":900,"caption":"White kitchen with island"},{"@type":"BreadcrumbList","@id":"https:\/\/www.strassenweb.de\/nachrichten\/designer-sind-sich-uneinig-welche-kuechenschrankfarben-am-teuersten-aussehen-es-liegt-zwischen-diesen-beiden-luxurioesen-farbtoenen\/#breadcrumb","itemListElement":[{"@type":"ListItem","position":1,"name":"Home","item":"https:\/\/www.strassenweb.de\/nachrichten\/"},{"@type":"ListItem","position":2,"name":"Designer sind sich uneinig, welche K\u00fcchenschrankfarben am teuersten aussehen \u2013 es liegt zwischen diesen beiden luxuri\u00f6sen Farbt\u00f6nen"}]},{"@type":"WebSite","@id":"https:\/\/www.strassenweb.de\/nachrichten\/#website","url":"https:\/\/www.strassenweb.de\/nachrichten\/","name":"Stra\u00dfenweb","description":"Stra\u00dfenverzeichnis f\u00fcr Deutschland","publisher":{"@id":"https:\/\/www.strassenweb.de\/nachrichten\/#organization"},"potentialAction":[{"@type":"SearchAction","target":{"@type":"EntryPoint","urlTemplate":"https:\/\/www.strassenweb.de\/nachrichten\/?s={search_term_string}"},"query-input":{"@type":"PropertyValueSpecification","valueRequired":true,"valueName":"search_term_string"}}],"inLanguage":"de"},{"@type":"Organization","@id":"https:\/\/www.strassenweb.de\/nachrichten\/#organization","name":"Stra\u00dfenweb","url":"https:\/\/www.strassenweb.de\/nachrichten\/","logo":{"@type":"ImageObject","inLanguage":"de","@id":"https:\/\/www.strassenweb.de\/nachrichten\/#\/schema\/logo\/image\/","url":"https:\/\/www.strassenweb.de\/nachrichten\/wp-content\/uploads\/2024\/09\/cropped-favicon.png","contentUrl":"https:\/\/www.strassenweb.de\/nachrichten\/wp-content\/uploads\/2024\/09\/cropped-favicon.png","width":512,"height":512,"caption":"Stra\u00dfenweb"},"image":{"@id":"https:\/\/www.strassenweb.de\/nachrichten\/#\/schema\/logo\/image\/"},"sameAs":["https:\/\/www.facebook.com\/strassenweb\/"]},{"@type":"Person","@id":"https:\/\/www.strassenweb.de\/nachrichten\/#\/schema\/person\/87c9c9067f1211da429a744dc5a5aa41","name":"Robert Hoffmann","image":{"@type":"ImageObject","inLanguage":"de","@id":"https:\/\/www.strassenweb.de\/nachrichten\/wp-content\/uploads\/2024\/09\/strassenweb-150x150.jpg","url":"https:\/\/www.strassenweb.de\/nachrichten\/wp-content\/uploads\/2024\/09\/strassenweb-150x150.jpg","contentUrl":"https:\/\/www.strassenweb.de\/nachrichten\/wp-content\/uploads\/2024\/09\/strassenweb-150x150.jpg","caption":"Robert Hoffmann"},"description":"Ich hei\u00dfe Robert Hoffmann und ich bin ein leidenschaftlicher Verfechter von \u00d6kologie und Biodiversit\u00e4t. Seit meiner Kindheit in den W\u00e4ldern Bayerns f\u00fchle ich mich mit der Natur verbunden und bin entschlossen, sie zu sch\u00fctzen. Heute widme ich mein Leben der Sensibilisierung anderer f\u00fcr die Bedeutung des Umweltschutzes f\u00fcr zuk\u00fcnftige Generationen.","sameAs":["https:\/\/www.strassenweb.de\/"]}]}},"_links":{"self":[{"href":"https:\/\/www.strassenweb.de\/nachrichten\/wp-json\/wp\/v2\/posts\/8752","targetHints":{"allow":["GET"]}}],"collection":[{"href":"https:\/\/www.strassenweb.de\/nachrichten\/wp-json\/wp\/v2\/posts"}],"about":[{"href":"https:\/\/www.strassenweb.de\/nachrichten\/wp-json\/wp\/v2\/types\/post"}],"author":[{"embeddable":true,"href":"https:\/\/www.strassenweb.de\/nachrichten\/wp-json\/wp\/v2\/users\/1"}],"replies":[{"embeddable":true,"href":"https:\/\/www.strassenweb.de\/nachrichten\/wp-json\/wp\/v2\/comments?post=8752"}],"version-history":[{"count":0,"href":"https:\/\/www.strassenweb.de\/nachrichten\/wp-json\/wp\/v2\/posts\/8752\/revisions"}],"wp:featuredmedia":[{"embeddable":true,"href":"https:\/\/www.strassenweb.de\/nachrichten\/wp-json\/wp\/v2\/media\/8753"}],"wp:attachment":[{"href":"https:\/\/www.strassenweb.de\/nachrichten\/wp-json\/wp\/v2\/media?parent=8752"}],"wp:term":[{"taxonomy":"category","embeddable":true,"href":"https:\/\/www.strassenweb.de\/nachrichten\/wp-json\/wp\/v2\/categories?post=8752"},{"taxonomy":"post_tag","embeddable":true,"href":"https:\/\/www.strassenweb.de\/nachrichten\/wp-json\/wp\/v2\/tags?post=8752"}],"curies":[{"name":"wp","href":"https:\/\/api.w.org\/{rel}","templated":true}]}}