{"id":8737,"date":"2025-10-24T16:39:15","date_gmt":"2025-10-24T14:39:15","guid":{"rendered":"https:\/\/www.strassenweb.de\/nachrichten\/die-geschenkverpackungsaccessoires-von-joanna-gaines-haben-meine-unbeliebteste-festliche-aufgabe-zu-einer-freude-gemacht-sie-sind-wieder-auf-lager-aber-nicht-mehr-lange\/"},"modified":"2025-10-24T16:39:16","modified_gmt":"2025-10-24T14:39:16","slug":"die-geschenkverpackungsaccessoires-von-joanna-gaines-haben-meine-unbeliebteste-festliche-aufgabe-zu-einer-freude-gemacht-sie-sind-wieder-auf-lager-aber-nicht-mehr-lange","status":"publish","type":"post","link":"https:\/\/www.strassenweb.de\/nachrichten\/die-geschenkverpackungsaccessoires-von-joanna-gaines-haben-meine-unbeliebteste-festliche-aufgabe-zu-einer-freude-gemacht-sie-sind-wieder-auf-lager-aber-nicht-mehr-lange\/","title":{"rendered":"Die Geschenkverpackungsaccessoires von Joanna Gaines haben meine unbeliebteste festliche Aufgabe zu einer Freude gemacht \u2013 sie sind wieder auf Lager, aber nicht mehr lange"},"content":{"rendered":"<p><\/p>\n<div id=\"article-body\" class=\"article__body paywall-locker\">\n<p id=\"2da50d9a-e7dc-4c82-8dab-47918d85e556\">Bei all dem Zauber der Festtage f\u00fcrchte ich mich vor einer Sache: dem Verpacken von Geschenken. Zu meinen Weihnachtsdeko-Ideen geh\u00f6rt immer ein prachtvoller Baum voller perfekt verpackter Schachteln, daher ist alles, was diese scheinbar endlose Aufgabe noch angenehmer macht, f\u00fcr mich ein Gewinn.<\/p>\n<div id=\"ad-unit-1\" class=\"ad-unit\"><\/div>\n<p>Als ich die Geschenkverpackungsaccessoires von Joanna Gaines entdeckte, setzte mein Herz einen Schlag aus, was ein guter Anfang ist. Aber sobald ich welche ergattert hatte, waren sie ausverkauft \u2013 ich habe die Hearth &#038; Hand with Magnolia-Kollektion bei Target im Auge behalten, damit sie wiederkommen, damit ich meine neuen liebsten Festtagsfunde mit euch teilen kann. Sie sind jetzt wieder auf Lager, aber ich glaube, dass sie sehr schnell wieder ausverkauft sein werden. Warten Sie also nicht, bis Sie sie in den Warenkorb gelegt haben, denn Sie k\u00f6nnten entt\u00e4uscht sein, wenn Sie mit Ihren festlichen Arbeiten weitermachen wollen.<\/p>\n<aside data-block-type=\"embed\" data-render-type=\"fte\" data-skip=\"dealsy\" data-widget-type=\"seasonal\" class=\"hawk-root\"><\/aside>\n<p id=\"2da50d9a-e7dc-4c82-8dab-47918d85e556-2\" class=\"paywall\" aria-hidden=\"true\">Der Geschenkpapier- und Bandhalter aus Messing und Holz ist ideal, um mein Geschenkpapier ordentlich aufzubewahren, und ich finde es toll, dass es einen passenden Mini-Bandhalter aus Holz und Messing gibt. Um das Ganze abzurunden, werde ich das Set aus Messingschere, Ma\u00dfband und Abroller kaufen, was dazu beitragen wird, dass meine Verpackungsarbeit insgesamt ein angenehmeres Erlebnis wird.<\/p>\n<div class=\"van_vid_carousel\">\n<div class=\"van_vid_carousel__padding\">\n<div class=\"van_vid_carousel__container\"><\/div>\n<\/div>\n<\/div>\n<p id=\"a3a2a01e-9a10-419b-b3ef-3ccfb99a9234\">Es ist nicht so, dass ich mich nicht nach der Befriedigung sehne, das letzte Band an einen Stapel Geschenke zu binden; Es ist nur so, dass ich nie Lust habe, mich hinzusetzen, um das Einpacken zu machen. Die Investition in die Geschenkverpackung und den Bandhalter aus Messing und Holz von Joanna Gaines ist jedoch der perfekte Anreiz.<\/p>\n<div id=\"ad-unit-2\" class=\"ad-unit\"><\/div>\n<p>Dies ist nicht nur ein n\u00fctzliches Werkzeug: Mit seiner organischen Holzoberfl\u00e4che und den polierten Messingstangen ist es ein Dekorationsst\u00fcck, das ich gerne auf meinem Sideboard zur Schau stellen w\u00fcrde. (Au\u00dferdem kann ich die drei Schubladen nutzen, um eine brandneue Messingschere, ein Ma\u00dfband und einen Spender aufzubewahren.) Mit festlicher Geschenkverpackung aufgeh\u00e4ngt und mit B\u00e4ndern drapiert, bringt es mich garantiert in Weihnachtsstimmung.<\/p>\n<figure class=\"van-image-figure inline-layout \" data-bordeaux-image-check id=\"e17d9a10-59b7-4b42-ac84-7e7b6fc6a5ef\">\n<div class=\"image-full-width-wrapper\">\n<div class=\"image-widthsetter\" style=\"max-width:2000px;\"><\/div>\n<\/div><figcaption class=\"inline-layout \">\n<div class=\"caption-text\">\n<p>Im Bild: rotes Gingham-Geschenkpapier und gr\u00fcn karierter gewebter Baumrock von Hearth &#038; Hand mit Magnolia bei Target<\/p>\n<\/div>\n<\/figcaption><\/figure>\n<p id=\"cc30078c-9a71-411c-aee8-f45eeffb6835\">Obwohl es ein gl\u00fccklicher Zufall war, diese praktischen St\u00fccke zu entdecken, hatte ich die Joanna Gaines Christmas Target-Kollektion 2025 schon seit einiger Zeit auf dem Schirm; Es ist voller eleganter, Vintage-inspirierter St\u00fccke, von denen ich wei\u00df, dass sie mein Zuhause verwandeln werden, wenn die Weihnachtszeit kommt. Da ich nun jedoch das Geschenkpapier und den Bandhalter aus Messing und Holz ins Visier genommen habe, muss ich mich mit Vorr\u00e4ten eindecken \u2013 daher stehen das Geschenkpapier mit gr\u00fcnem Gingham-Karomuster und der gr\u00fcn karierte gewebte Baumrock ganz oben auf meiner Liste.<\/p>\n<p>Meine Geschenkverpackung wird nicht l\u00e4nger in meinem Kleiderschrank versteckt, sodass ich mir die Vorstellung, Geschenke komplett zu verpacken, praktisch ersparen kann. Ich wei\u00df, dass ich dieses Jahr die Aussicht genie\u00dfen werde, meine neuen Accessoires sinnvoll einzusetzen \u2013 und ich werde nicht die ganze Verpackung bis zur letzten Minute aufschieben.<\/p>\n<div id=\"slice-container-newsletterForm-articleInbodyContent-qjzRciQd3XNvVuZoJjWRMT\" class=\"slice-container newsletter-inbodyContent-slice newsletterForm-articleInbodyContent-qjzRciQd3XNvVuZoJjWRMT slice-container-newsletterForm\"><\/div>\n<h2 id=\"shop-our-favorite-gift-wrapping-accessories-from-joanna-gaines-3\">Kaufen Sie unser Lieblingszubeh\u00f6r f\u00fcr Geschenkverpackungen von Joanna Gaines<\/h2>\n<div class=\"product-container hero-product-container product-block-no-wrap\">\n<div class=\"product-block-row\"><\/div>\n<div class=\"product-block-row\"><\/div>\n<div class=\"product-block-row\"><\/div>\n<div class=\"product-block-row\"><\/div>\n<div class=\"product-block-row\"><\/div>\n<div class=\"product-block-row\"><\/div>\n<\/div>\n<hr id=\"34c5e5fe-e3ed-4cec-a62f-de7be0c1f10d\">\n<p id=\"2be8b465-b43f-469b-a7e7-ba224f241e7b\">Sind Sie verzweifelt daran interessiert, Ihre eigenen Probleme beim Verpacken von Geschenken zu minimieren? Wenn Sie keine Lust haben, in den Geschenkpapier- und Bandhalter aus Messing und Holz von Joanna Gaines zu investieren, haben wir einen Leitfaden f\u00fcr die besten Aufbewahrungsl\u00f6sungen f\u00fcr Geschenkpapier zusammengestellt.<\/p>\n<div class=\"block\" id=\"articleTag\" data-component-name=\"PostArticleLinks\">\n<div class=\"border-b border-b-black border-solid py-2.5 text-black font-bold uppercase\">THEMEN<\/div>\n<nav class=\"py-2.5 flex gap-2.5 flex-wrap\" data-analytics-id=\"article-tag\">\n<p>Joanna Gaines<\/p>\n<\/nav>\n<\/div>\n<\/div>\n","protected":false},"excerpt":{"rendered":"<p>Bei all dem Zauber der Festtage f\u00fcrchte ich mich vor einer Sache: dem Verpacken von Geschenken. Zu meinen Weihnachtsdeko-Ideen geh\u00f6rt immer ein prachtvoller Baum voller<\/p>\n","protected":false},"author":1,"featured_media":8738,"comment_status":"closed","ping_status":"","sticky":false,"template":"","format":"standard","meta":{"footnotes":""},"categories":[118],"tags":[357,46,3687,9,303,2971,9302,194,2741,11075,469,193,9066,3618,301,1054,61,165,58,11076,21,1440],"class_list":["post-8737","post","type-post","status-publish","format-standard","has-post-thumbnail","hentry","category-haus-garten","tag-aber","tag-auf","tag-aufgabe","tag-die","tag-einer","tag-festliche","tag-freude","tag-gaines","tag-gemacht","tag-geschenkverpackungsaccessoires","tag-haben","tag-joanna","tag-lager","tag-lange","tag-mehr","tag-meine","tag-nicht","tag-sie","tag-sind","tag-unbeliebteste","tag-von","tag-wieder","generate-columns","tablet-grid-50","mobile-grid-100","grid-parent","grid-50"],"yoast_head":"<!-- This site is optimized with the Yoast SEO plugin v27.3 - https:\/\/yoast.com\/product\/yoast-seo-wordpress\/ -->\n<title>Die Geschenkverpackungsaccessoires von Joanna Gaines haben meine unbeliebteste festliche Aufgabe zu einer Freude gemacht \u2013 sie sind wieder auf Lager, aber nicht mehr lange - Nachrichten - Stra\u00dfenweb<\/title>\n<meta name=\"robots\" content=\"index, follow, max-snippet:-1, max-image-preview:large, max-video-preview:-1\" \/>\n<link rel=\"canonical\" href=\"https:\/\/www.strassenweb.de\/nachrichten\/die-geschenkverpackungsaccessoires-von-joanna-gaines-haben-meine-unbeliebteste-festliche-aufgabe-zu-einer-freude-gemacht-sie-sind-wieder-auf-lager-aber-nicht-mehr-lange\/\" \/>\n<meta property=\"og:locale\" content=\"de_DE\" \/>\n<meta property=\"og:type\" content=\"article\" \/>\n<meta property=\"og:title\" content=\"Die Geschenkverpackungsaccessoires von Joanna Gaines haben meine unbeliebteste festliche Aufgabe zu einer Freude gemacht \u2013 sie sind wieder auf Lager, aber nicht mehr lange - Nachrichten - Stra\u00dfenweb\" \/>\n<meta property=\"og:description\" content=\"Bei all dem Zauber der Festtage f\u00fcrchte ich mich vor einer Sache: dem Verpacken von Geschenken. Zu meinen Weihnachtsdeko-Ideen geh\u00f6rt immer ein prachtvoller Baum voller\" \/>\n<meta property=\"og:url\" content=\"https:\/\/www.strassenweb.de\/nachrichten\/die-geschenkverpackungsaccessoires-von-joanna-gaines-haben-meine-unbeliebteste-festliche-aufgabe-zu-einer-freude-gemacht-sie-sind-wieder-auf-lager-aber-nicht-mehr-lange\/\" \/>\n<meta property=\"og:site_name\" content=\"Stra\u00dfenweb\" \/>\n<meta property=\"article:publisher\" content=\"https:\/\/www.facebook.com\/strassenweb\/\" \/>\n<meta property=\"article:published_time\" content=\"2025-10-24T14:39:15+00:00\" \/>\n<meta property=\"article:modified_time\" content=\"2025-10-24T14:39:16+00:00\" \/>\n<meta property=\"og:image\" content=\"https:\/\/www.strassenweb.de\/nachrichten\/wp-content\/uploads\/2025\/10\/Die-Geschenkverpackungsaccessoires-von-Joanna-Gaines-haben-meine-unbeliebteste-festliche-Aufgabe.jpg\" \/>\n\t<meta property=\"og:image:width\" content=\"1600\" \/>\n\t<meta property=\"og:image:height\" content=\"900\" \/>\n\t<meta property=\"og:image:type\" content=\"image\/jpeg\" \/>\n<meta name=\"author\" content=\"Robert Hoffmann\" \/>\n<meta name=\"twitter:card\" content=\"summary_large_image\" \/>\n<meta name=\"twitter:label1\" content=\"Verfasst von\" \/>\n\t<meta name=\"twitter:data1\" content=\"Robert Hoffmann\" \/>\n\t<meta name=\"twitter:label2\" content=\"Gesch\u00e4tzte Lesezeit\" \/>\n\t<meta name=\"twitter:data2\" content=\"3\u00a0Minuten\" \/>\n<script type=\"application\/ld+json\" class=\"yoast-schema-graph\">{\"@context\":\"https:\\\/\\\/schema.org\",\"@graph\":[{\"@type\":\"Article\",\"@id\":\"https:\\\/\\\/www.strassenweb.de\\\/nachrichten\\\/die-geschenkverpackungsaccessoires-von-joanna-gaines-haben-meine-unbeliebteste-festliche-aufgabe-zu-einer-freude-gemacht-sie-sind-wieder-auf-lager-aber-nicht-mehr-lange\\\/#article\",\"isPartOf\":{\"@id\":\"https:\\\/\\\/www.strassenweb.de\\\/nachrichten\\\/die-geschenkverpackungsaccessoires-von-joanna-gaines-haben-meine-unbeliebteste-festliche-aufgabe-zu-einer-freude-gemacht-sie-sind-wieder-auf-lager-aber-nicht-mehr-lange\\\/\"},\"author\":{\"name\":\"Robert Hoffmann\",\"@id\":\"https:\\\/\\\/www.strassenweb.de\\\/nachrichten\\\/#\\\/schema\\\/person\\\/87c9c9067f1211da429a744dc5a5aa41\"},\"headline\":\"Die Geschenkverpackungsaccessoires von Joanna Gaines haben meine unbeliebteste festliche Aufgabe zu einer Freude gemacht \u2013 sie sind wieder auf Lager, aber nicht mehr lange\",\"datePublished\":\"2025-10-24T14:39:15+00:00\",\"dateModified\":\"2025-10-24T14:39:16+00:00\",\"mainEntityOfPage\":{\"@id\":\"https:\\\/\\\/www.strassenweb.de\\\/nachrichten\\\/die-geschenkverpackungsaccessoires-von-joanna-gaines-haben-meine-unbeliebteste-festliche-aufgabe-zu-einer-freude-gemacht-sie-sind-wieder-auf-lager-aber-nicht-mehr-lange\\\/\"},\"wordCount\":568,\"publisher\":{\"@id\":\"https:\\\/\\\/www.strassenweb.de\\\/nachrichten\\\/#organization\"},\"image\":{\"@id\":\"https:\\\/\\\/www.strassenweb.de\\\/nachrichten\\\/die-geschenkverpackungsaccessoires-von-joanna-gaines-haben-meine-unbeliebteste-festliche-aufgabe-zu-einer-freude-gemacht-sie-sind-wieder-auf-lager-aber-nicht-mehr-lange\\\/#primaryimage\"},\"thumbnailUrl\":\"https:\\\/\\\/www.strassenweb.de\\\/nachrichten\\\/wp-content\\\/uploads\\\/2025\\\/10\\\/Die-Geschenkverpackungsaccessoires-von-Joanna-Gaines-haben-meine-unbeliebteste-festliche-Aufgabe.jpg\",\"keywords\":[\"aber\",\"auf\",\"Aufgabe\",\"die\",\"einer\",\"festliche\",\"Freude\",\"Gaines\",\"gemacht\",\"Geschenkverpackungsaccessoires\",\"haben\",\"Joanna\",\"Lager\",\"lange\",\"mehr\",\"meine\",\"nicht\",\"Sie\",\"sind\",\"unbeliebteste\",\"von\",\"wieder\"],\"articleSection\":[\"Haus &amp; Garten\"],\"inLanguage\":\"de\"},{\"@type\":\"WebPage\",\"@id\":\"https:\\\/\\\/www.strassenweb.de\\\/nachrichten\\\/die-geschenkverpackungsaccessoires-von-joanna-gaines-haben-meine-unbeliebteste-festliche-aufgabe-zu-einer-freude-gemacht-sie-sind-wieder-auf-lager-aber-nicht-mehr-lange\\\/\",\"url\":\"https:\\\/\\\/www.strassenweb.de\\\/nachrichten\\\/die-geschenkverpackungsaccessoires-von-joanna-gaines-haben-meine-unbeliebteste-festliche-aufgabe-zu-einer-freude-gemacht-sie-sind-wieder-auf-lager-aber-nicht-mehr-lange\\\/\",\"name\":\"Die Geschenkverpackungsaccessoires von Joanna Gaines haben meine unbeliebteste festliche Aufgabe zu einer Freude gemacht \u2013 sie sind wieder auf Lager, aber nicht mehr lange - Nachrichten - Stra\u00dfenweb\",\"isPartOf\":{\"@id\":\"https:\\\/\\\/www.strassenweb.de\\\/nachrichten\\\/#website\"},\"primaryImageOfPage\":{\"@id\":\"https:\\\/\\\/www.strassenweb.de\\\/nachrichten\\\/die-geschenkverpackungsaccessoires-von-joanna-gaines-haben-meine-unbeliebteste-festliche-aufgabe-zu-einer-freude-gemacht-sie-sind-wieder-auf-lager-aber-nicht-mehr-lange\\\/#primaryimage\"},\"image\":{\"@id\":\"https:\\\/\\\/www.strassenweb.de\\\/nachrichten\\\/die-geschenkverpackungsaccessoires-von-joanna-gaines-haben-meine-unbeliebteste-festliche-aufgabe-zu-einer-freude-gemacht-sie-sind-wieder-auf-lager-aber-nicht-mehr-lange\\\/#primaryimage\"},\"thumbnailUrl\":\"https:\\\/\\\/www.strassenweb.de\\\/nachrichten\\\/wp-content\\\/uploads\\\/2025\\\/10\\\/Die-Geschenkverpackungsaccessoires-von-Joanna-Gaines-haben-meine-unbeliebteste-festliche-Aufgabe.jpg\",\"datePublished\":\"2025-10-24T14:39:15+00:00\",\"dateModified\":\"2025-10-24T14:39:16+00:00\",\"breadcrumb\":{\"@id\":\"https:\\\/\\\/www.strassenweb.de\\\/nachrichten\\\/die-geschenkverpackungsaccessoires-von-joanna-gaines-haben-meine-unbeliebteste-festliche-aufgabe-zu-einer-freude-gemacht-sie-sind-wieder-auf-lager-aber-nicht-mehr-lange\\\/#breadcrumb\"},\"inLanguage\":\"de\",\"potentialAction\":[{\"@type\":\"ReadAction\",\"target\":[\"https:\\\/\\\/www.strassenweb.de\\\/nachrichten\\\/die-geschenkverpackungsaccessoires-von-joanna-gaines-haben-meine-unbeliebteste-festliche-aufgabe-zu-einer-freude-gemacht-sie-sind-wieder-auf-lager-aber-nicht-mehr-lange\\\/\"]}]},{\"@type\":\"ImageObject\",\"inLanguage\":\"de\",\"@id\":\"https:\\\/\\\/www.strassenweb.de\\\/nachrichten\\\/die-geschenkverpackungsaccessoires-von-joanna-gaines-haben-meine-unbeliebteste-festliche-aufgabe-zu-einer-freude-gemacht-sie-sind-wieder-auf-lager-aber-nicht-mehr-lange\\\/#primaryimage\",\"url\":\"https:\\\/\\\/www.strassenweb.de\\\/nachrichten\\\/wp-content\\\/uploads\\\/2025\\\/10\\\/Die-Geschenkverpackungsaccessoires-von-Joanna-Gaines-haben-meine-unbeliebteste-festliche-Aufgabe.jpg\",\"contentUrl\":\"https:\\\/\\\/www.strassenweb.de\\\/nachrichten\\\/wp-content\\\/uploads\\\/2025\\\/10\\\/Die-Geschenkverpackungsaccessoires-von-Joanna-Gaines-haben-meine-unbeliebteste-festliche-Aufgabe.jpg\",\"width\":1600,\"height\":900,\"caption\":\"Wood and brass gift wrap holder with red and green plaid gift wrap\"},{\"@type\":\"BreadcrumbList\",\"@id\":\"https:\\\/\\\/www.strassenweb.de\\\/nachrichten\\\/die-geschenkverpackungsaccessoires-von-joanna-gaines-haben-meine-unbeliebteste-festliche-aufgabe-zu-einer-freude-gemacht-sie-sind-wieder-auf-lager-aber-nicht-mehr-lange\\\/#breadcrumb\",\"itemListElement\":[{\"@type\":\"ListItem\",\"position\":1,\"name\":\"Home\",\"item\":\"https:\\\/\\\/www.strassenweb.de\\\/nachrichten\\\/\"},{\"@type\":\"ListItem\",\"position\":2,\"name\":\"Die Geschenkverpackungsaccessoires von Joanna Gaines haben meine unbeliebteste festliche Aufgabe zu einer Freude gemacht \u2013 sie sind wieder auf Lager, aber nicht mehr lange\"}]},{\"@type\":\"WebSite\",\"@id\":\"https:\\\/\\\/www.strassenweb.de\\\/nachrichten\\\/#website\",\"url\":\"https:\\\/\\\/www.strassenweb.de\\\/nachrichten\\\/\",\"name\":\"Stra\u00dfenweb\",\"description\":\"Stra\u00dfenverzeichnis f\u00fcr Deutschland\",\"publisher\":{\"@id\":\"https:\\\/\\\/www.strassenweb.de\\\/nachrichten\\\/#organization\"},\"potentialAction\":[{\"@type\":\"SearchAction\",\"target\":{\"@type\":\"EntryPoint\",\"urlTemplate\":\"https:\\\/\\\/www.strassenweb.de\\\/nachrichten\\\/?s={search_term_string}\"},\"query-input\":{\"@type\":\"PropertyValueSpecification\",\"valueRequired\":true,\"valueName\":\"search_term_string\"}}],\"inLanguage\":\"de\"},{\"@type\":\"Organization\",\"@id\":\"https:\\\/\\\/www.strassenweb.de\\\/nachrichten\\\/#organization\",\"name\":\"Stra\u00dfenweb\",\"url\":\"https:\\\/\\\/www.strassenweb.de\\\/nachrichten\\\/\",\"logo\":{\"@type\":\"ImageObject\",\"inLanguage\":\"de\",\"@id\":\"https:\\\/\\\/www.strassenweb.de\\\/nachrichten\\\/#\\\/schema\\\/logo\\\/image\\\/\",\"url\":\"https:\\\/\\\/www.strassenweb.de\\\/nachrichten\\\/wp-content\\\/uploads\\\/2024\\\/09\\\/cropped-favicon.png\",\"contentUrl\":\"https:\\\/\\\/www.strassenweb.de\\\/nachrichten\\\/wp-content\\\/uploads\\\/2024\\\/09\\\/cropped-favicon.png\",\"width\":512,\"height\":512,\"caption\":\"Stra\u00dfenweb\"},\"image\":{\"@id\":\"https:\\\/\\\/www.strassenweb.de\\\/nachrichten\\\/#\\\/schema\\\/logo\\\/image\\\/\"},\"sameAs\":[\"https:\\\/\\\/www.facebook.com\\\/strassenweb\\\/\"]},{\"@type\":\"Person\",\"@id\":\"https:\\\/\\\/www.strassenweb.de\\\/nachrichten\\\/#\\\/schema\\\/person\\\/87c9c9067f1211da429a744dc5a5aa41\",\"name\":\"Robert Hoffmann\",\"image\":{\"@type\":\"ImageObject\",\"inLanguage\":\"de\",\"@id\":\"https:\\\/\\\/www.strassenweb.de\\\/nachrichten\\\/wp-content\\\/uploads\\\/2024\\\/09\\\/strassenweb-150x150.jpg\",\"url\":\"https:\\\/\\\/www.strassenweb.de\\\/nachrichten\\\/wp-content\\\/uploads\\\/2024\\\/09\\\/strassenweb-150x150.jpg\",\"contentUrl\":\"https:\\\/\\\/www.strassenweb.de\\\/nachrichten\\\/wp-content\\\/uploads\\\/2024\\\/09\\\/strassenweb-150x150.jpg\",\"caption\":\"Robert Hoffmann\"},\"description\":\"Ich hei\u00dfe Robert Hoffmann und ich bin ein leidenschaftlicher Verfechter von \u00d6kologie und Biodiversit\u00e4t. Seit meiner Kindheit in den W\u00e4ldern Bayerns f\u00fchle ich mich mit der Natur verbunden und bin entschlossen, sie zu sch\u00fctzen. Heute widme ich mein Leben der Sensibilisierung anderer f\u00fcr die Bedeutung des Umweltschutzes f\u00fcr zuk\u00fcnftige Generationen.\",\"sameAs\":[\"https:\\\/\\\/www.strassenweb.de\\\/\"]}]}<\/script>\n<!-- \/ Yoast SEO plugin. -->","yoast_head_json":{"title":"Die Geschenkverpackungsaccessoires von Joanna Gaines haben meine unbeliebteste festliche Aufgabe zu einer Freude gemacht \u2013 sie sind wieder auf Lager, aber nicht mehr lange - Nachrichten - Stra\u00dfenweb","robots":{"index":"index","follow":"follow","max-snippet":"max-snippet:-1","max-image-preview":"max-image-preview:large","max-video-preview":"max-video-preview:-1"},"canonical":"https:\/\/www.strassenweb.de\/nachrichten\/die-geschenkverpackungsaccessoires-von-joanna-gaines-haben-meine-unbeliebteste-festliche-aufgabe-zu-einer-freude-gemacht-sie-sind-wieder-auf-lager-aber-nicht-mehr-lange\/","og_locale":"de_DE","og_type":"article","og_title":"Die Geschenkverpackungsaccessoires von Joanna Gaines haben meine unbeliebteste festliche Aufgabe zu einer Freude gemacht \u2013 sie sind wieder auf Lager, aber nicht mehr lange - Nachrichten - Stra\u00dfenweb","og_description":"Bei all dem Zauber der Festtage f\u00fcrchte ich mich vor einer Sache: dem Verpacken von Geschenken. Zu meinen Weihnachtsdeko-Ideen geh\u00f6rt immer ein prachtvoller Baum voller","og_url":"https:\/\/www.strassenweb.de\/nachrichten\/die-geschenkverpackungsaccessoires-von-joanna-gaines-haben-meine-unbeliebteste-festliche-aufgabe-zu-einer-freude-gemacht-sie-sind-wieder-auf-lager-aber-nicht-mehr-lange\/","og_site_name":"Stra\u00dfenweb","article_publisher":"https:\/\/www.facebook.com\/strassenweb\/","article_published_time":"2025-10-24T14:39:15+00:00","article_modified_time":"2025-10-24T14:39:16+00:00","og_image":[{"width":1600,"height":900,"url":"https:\/\/www.strassenweb.de\/nachrichten\/wp-content\/uploads\/2025\/10\/Die-Geschenkverpackungsaccessoires-von-Joanna-Gaines-haben-meine-unbeliebteste-festliche-Aufgabe.jpg","type":"image\/jpeg"}],"author":"Robert Hoffmann","twitter_card":"summary_large_image","twitter_misc":{"Verfasst von":"Robert Hoffmann","Gesch\u00e4tzte Lesezeit":"3\u00a0Minuten"},"schema":{"@context":"https:\/\/schema.org","@graph":[{"@type":"Article","@id":"https:\/\/www.strassenweb.de\/nachrichten\/die-geschenkverpackungsaccessoires-von-joanna-gaines-haben-meine-unbeliebteste-festliche-aufgabe-zu-einer-freude-gemacht-sie-sind-wieder-auf-lager-aber-nicht-mehr-lange\/#article","isPartOf":{"@id":"https:\/\/www.strassenweb.de\/nachrichten\/die-geschenkverpackungsaccessoires-von-joanna-gaines-haben-meine-unbeliebteste-festliche-aufgabe-zu-einer-freude-gemacht-sie-sind-wieder-auf-lager-aber-nicht-mehr-lange\/"},"author":{"name":"Robert Hoffmann","@id":"https:\/\/www.strassenweb.de\/nachrichten\/#\/schema\/person\/87c9c9067f1211da429a744dc5a5aa41"},"headline":"Die Geschenkverpackungsaccessoires von Joanna Gaines haben meine unbeliebteste festliche Aufgabe zu einer Freude gemacht \u2013 sie sind wieder auf Lager, aber nicht mehr lange","datePublished":"2025-10-24T14:39:15+00:00","dateModified":"2025-10-24T14:39:16+00:00","mainEntityOfPage":{"@id":"https:\/\/www.strassenweb.de\/nachrichten\/die-geschenkverpackungsaccessoires-von-joanna-gaines-haben-meine-unbeliebteste-festliche-aufgabe-zu-einer-freude-gemacht-sie-sind-wieder-auf-lager-aber-nicht-mehr-lange\/"},"wordCount":568,"publisher":{"@id":"https:\/\/www.strassenweb.de\/nachrichten\/#organization"},"image":{"@id":"https:\/\/www.strassenweb.de\/nachrichten\/die-geschenkverpackungsaccessoires-von-joanna-gaines-haben-meine-unbeliebteste-festliche-aufgabe-zu-einer-freude-gemacht-sie-sind-wieder-auf-lager-aber-nicht-mehr-lange\/#primaryimage"},"thumbnailUrl":"https:\/\/www.strassenweb.de\/nachrichten\/wp-content\/uploads\/2025\/10\/Die-Geschenkverpackungsaccessoires-von-Joanna-Gaines-haben-meine-unbeliebteste-festliche-Aufgabe.jpg","keywords":["aber","auf","Aufgabe","die","einer","festliche","Freude","Gaines","gemacht","Geschenkverpackungsaccessoires","haben","Joanna","Lager","lange","mehr","meine","nicht","Sie","sind","unbeliebteste","von","wieder"],"articleSection":["Haus &amp; Garten"],"inLanguage":"de"},{"@type":"WebPage","@id":"https:\/\/www.strassenweb.de\/nachrichten\/die-geschenkverpackungsaccessoires-von-joanna-gaines-haben-meine-unbeliebteste-festliche-aufgabe-zu-einer-freude-gemacht-sie-sind-wieder-auf-lager-aber-nicht-mehr-lange\/","url":"https:\/\/www.strassenweb.de\/nachrichten\/die-geschenkverpackungsaccessoires-von-joanna-gaines-haben-meine-unbeliebteste-festliche-aufgabe-zu-einer-freude-gemacht-sie-sind-wieder-auf-lager-aber-nicht-mehr-lange\/","name":"Die Geschenkverpackungsaccessoires von Joanna Gaines haben meine unbeliebteste festliche Aufgabe zu einer Freude gemacht \u2013 sie sind wieder auf Lager, aber nicht mehr lange - Nachrichten - Stra\u00dfenweb","isPartOf":{"@id":"https:\/\/www.strassenweb.de\/nachrichten\/#website"},"primaryImageOfPage":{"@id":"https:\/\/www.strassenweb.de\/nachrichten\/die-geschenkverpackungsaccessoires-von-joanna-gaines-haben-meine-unbeliebteste-festliche-aufgabe-zu-einer-freude-gemacht-sie-sind-wieder-auf-lager-aber-nicht-mehr-lange\/#primaryimage"},"image":{"@id":"https:\/\/www.strassenweb.de\/nachrichten\/die-geschenkverpackungsaccessoires-von-joanna-gaines-haben-meine-unbeliebteste-festliche-aufgabe-zu-einer-freude-gemacht-sie-sind-wieder-auf-lager-aber-nicht-mehr-lange\/#primaryimage"},"thumbnailUrl":"https:\/\/www.strassenweb.de\/nachrichten\/wp-content\/uploads\/2025\/10\/Die-Geschenkverpackungsaccessoires-von-Joanna-Gaines-haben-meine-unbeliebteste-festliche-Aufgabe.jpg","datePublished":"2025-10-24T14:39:15+00:00","dateModified":"2025-10-24T14:39:16+00:00","breadcrumb":{"@id":"https:\/\/www.strassenweb.de\/nachrichten\/die-geschenkverpackungsaccessoires-von-joanna-gaines-haben-meine-unbeliebteste-festliche-aufgabe-zu-einer-freude-gemacht-sie-sind-wieder-auf-lager-aber-nicht-mehr-lange\/#breadcrumb"},"inLanguage":"de","potentialAction":[{"@type":"ReadAction","target":["https:\/\/www.strassenweb.de\/nachrichten\/die-geschenkverpackungsaccessoires-von-joanna-gaines-haben-meine-unbeliebteste-festliche-aufgabe-zu-einer-freude-gemacht-sie-sind-wieder-auf-lager-aber-nicht-mehr-lange\/"]}]},{"@type":"ImageObject","inLanguage":"de","@id":"https:\/\/www.strassenweb.de\/nachrichten\/die-geschenkverpackungsaccessoires-von-joanna-gaines-haben-meine-unbeliebteste-festliche-aufgabe-zu-einer-freude-gemacht-sie-sind-wieder-auf-lager-aber-nicht-mehr-lange\/#primaryimage","url":"https:\/\/www.strassenweb.de\/nachrichten\/wp-content\/uploads\/2025\/10\/Die-Geschenkverpackungsaccessoires-von-Joanna-Gaines-haben-meine-unbeliebteste-festliche-Aufgabe.jpg","contentUrl":"https:\/\/www.strassenweb.de\/nachrichten\/wp-content\/uploads\/2025\/10\/Die-Geschenkverpackungsaccessoires-von-Joanna-Gaines-haben-meine-unbeliebteste-festliche-Aufgabe.jpg","width":1600,"height":900,"caption":"Wood and brass gift wrap holder with red and green plaid gift wrap"},{"@type":"BreadcrumbList","@id":"https:\/\/www.strassenweb.de\/nachrichten\/die-geschenkverpackungsaccessoires-von-joanna-gaines-haben-meine-unbeliebteste-festliche-aufgabe-zu-einer-freude-gemacht-sie-sind-wieder-auf-lager-aber-nicht-mehr-lange\/#breadcrumb","itemListElement":[{"@type":"ListItem","position":1,"name":"Home","item":"https:\/\/www.strassenweb.de\/nachrichten\/"},{"@type":"ListItem","position":2,"name":"Die Geschenkverpackungsaccessoires von Joanna Gaines haben meine unbeliebteste festliche Aufgabe zu einer Freude gemacht \u2013 sie sind wieder auf Lager, aber nicht mehr lange"}]},{"@type":"WebSite","@id":"https:\/\/www.strassenweb.de\/nachrichten\/#website","url":"https:\/\/www.strassenweb.de\/nachrichten\/","name":"Stra\u00dfenweb","description":"Stra\u00dfenverzeichnis f\u00fcr Deutschland","publisher":{"@id":"https:\/\/www.strassenweb.de\/nachrichten\/#organization"},"potentialAction":[{"@type":"SearchAction","target":{"@type":"EntryPoint","urlTemplate":"https:\/\/www.strassenweb.de\/nachrichten\/?s={search_term_string}"},"query-input":{"@type":"PropertyValueSpecification","valueRequired":true,"valueName":"search_term_string"}}],"inLanguage":"de"},{"@type":"Organization","@id":"https:\/\/www.strassenweb.de\/nachrichten\/#organization","name":"Stra\u00dfenweb","url":"https:\/\/www.strassenweb.de\/nachrichten\/","logo":{"@type":"ImageObject","inLanguage":"de","@id":"https:\/\/www.strassenweb.de\/nachrichten\/#\/schema\/logo\/image\/","url":"https:\/\/www.strassenweb.de\/nachrichten\/wp-content\/uploads\/2024\/09\/cropped-favicon.png","contentUrl":"https:\/\/www.strassenweb.de\/nachrichten\/wp-content\/uploads\/2024\/09\/cropped-favicon.png","width":512,"height":512,"caption":"Stra\u00dfenweb"},"image":{"@id":"https:\/\/www.strassenweb.de\/nachrichten\/#\/schema\/logo\/image\/"},"sameAs":["https:\/\/www.facebook.com\/strassenweb\/"]},{"@type":"Person","@id":"https:\/\/www.strassenweb.de\/nachrichten\/#\/schema\/person\/87c9c9067f1211da429a744dc5a5aa41","name":"Robert Hoffmann","image":{"@type":"ImageObject","inLanguage":"de","@id":"https:\/\/www.strassenweb.de\/nachrichten\/wp-content\/uploads\/2024\/09\/strassenweb-150x150.jpg","url":"https:\/\/www.strassenweb.de\/nachrichten\/wp-content\/uploads\/2024\/09\/strassenweb-150x150.jpg","contentUrl":"https:\/\/www.strassenweb.de\/nachrichten\/wp-content\/uploads\/2024\/09\/strassenweb-150x150.jpg","caption":"Robert Hoffmann"},"description":"Ich hei\u00dfe Robert Hoffmann und ich bin ein leidenschaftlicher Verfechter von \u00d6kologie und Biodiversit\u00e4t. Seit meiner Kindheit in den W\u00e4ldern Bayerns f\u00fchle ich mich mit der Natur verbunden und bin entschlossen, sie zu sch\u00fctzen. Heute widme ich mein Leben der Sensibilisierung anderer f\u00fcr die Bedeutung des Umweltschutzes f\u00fcr zuk\u00fcnftige Generationen.","sameAs":["https:\/\/www.strassenweb.de\/"]}]}},"_links":{"self":[{"href":"https:\/\/www.strassenweb.de\/nachrichten\/wp-json\/wp\/v2\/posts\/8737","targetHints":{"allow":["GET"]}}],"collection":[{"href":"https:\/\/www.strassenweb.de\/nachrichten\/wp-json\/wp\/v2\/posts"}],"about":[{"href":"https:\/\/www.strassenweb.de\/nachrichten\/wp-json\/wp\/v2\/types\/post"}],"author":[{"embeddable":true,"href":"https:\/\/www.strassenweb.de\/nachrichten\/wp-json\/wp\/v2\/users\/1"}],"replies":[{"embeddable":true,"href":"https:\/\/www.strassenweb.de\/nachrichten\/wp-json\/wp\/v2\/comments?post=8737"}],"version-history":[{"count":0,"href":"https:\/\/www.strassenweb.de\/nachrichten\/wp-json\/wp\/v2\/posts\/8737\/revisions"}],"wp:featuredmedia":[{"embeddable":true,"href":"https:\/\/www.strassenweb.de\/nachrichten\/wp-json\/wp\/v2\/media\/8738"}],"wp:attachment":[{"href":"https:\/\/www.strassenweb.de\/nachrichten\/wp-json\/wp\/v2\/media?parent=8737"}],"wp:term":[{"taxonomy":"category","embeddable":true,"href":"https:\/\/www.strassenweb.de\/nachrichten\/wp-json\/wp\/v2\/categories?post=8737"},{"taxonomy":"post_tag","embeddable":true,"href":"https:\/\/www.strassenweb.de\/nachrichten\/wp-json\/wp\/v2\/tags?post=8737"}],"curies":[{"name":"wp","href":"https:\/\/api.w.org\/{rel}","templated":true}]}}