{"id":8728,"date":"2025-10-24T10:39:30","date_gmt":"2025-10-24T08:39:30","guid":{"rendered":"https:\/\/www.strassenweb.de\/nachrichten\/gwyneth-paltrows-weihnachtsdekoration-unterstreicht-die-eleganz-von-subtilem-luxus-dieser-atemberaubende-weihnachtsbaum-trend-koennte-ihre-feierlichkeiten-im-jahr-2025-inspirieren\/"},"modified":"2025-10-24T10:39:31","modified_gmt":"2025-10-24T08:39:31","slug":"gwyneth-paltrows-weihnachtsdekoration-unterstreicht-die-eleganz-von-subtilem-luxus-dieser-atemberaubende-weihnachtsbaum-trend-koennte-ihre-feierlichkeiten-im-jahr-2025-inspirieren","status":"publish","type":"post","link":"https:\/\/www.strassenweb.de\/nachrichten\/gwyneth-paltrows-weihnachtsdekoration-unterstreicht-die-eleganz-von-subtilem-luxus-dieser-atemberaubende-weihnachtsbaum-trend-koennte-ihre-feierlichkeiten-im-jahr-2025-inspirieren\/","title":{"rendered":"Gwyneth Paltrows Weihnachtsdekoration unterstreicht die Eleganz von subtilem Luxus \u2013 dieser atemberaubende Weihnachtsbaum-Trend k\u00f6nnte Ihre Feierlichkeiten im Jahr 2025 inspirieren"},"content":{"rendered":"<p><\/p>\n<div id=\"article-body\" class=\"article__body paywall-locker\">\n<p id=\"9fca60ee-af69-4904-82f0-5cc95ec0659d\">Das Dekorieren mit einer warmen, herbstlichen Farbpalette liegt zweifellos im Trend, und Gwyneth Paltrows Weihnachtsbaum aus dem Vorjahr zeigt, dass die amerikanische Schauspielerin und Unternehmerin der Zeit voraus war.<\/p>\n<div id=\"ad-unit-1\" class=\"ad-unit\"><\/div>\n<p>Die festliche Jahreszeit ist normalerweise \u2013 und \u00fcberwiegend \u2013 stark mit einem Rot- und Weihnachtsfarbschema ges\u00e4ttigt, aber in letzter Zeit hat eine andere, sanftere Palette Einzug in den Zeitgeist gehalten. Das Dekorieren mit Braun, Bronze, Rotguss, Gold und anderen warmen Neutralt\u00f6nen gilt derzeit als anspruchsvolle \u00e4sthetische Wahl.<\/p>\n<aside data-block-type=\"embed\" data-render-type=\"fte\" data-skip=\"dealsy\" data-widget-type=\"seasonal\" class=\"hawk-root\"><\/aside>\n<p id=\"9fca60ee-af69-4904-82f0-5cc95ec0659d-2\">Gwyneth Paltrows ruhiger Luxus-Weihnachtsbaum ist ein wunderbares Beispiel daf\u00fcr, warum diese Palette funktioniert, und es k\u00f6nnte in dieser Saison nicht einfacher sein, diesen Look zu erzielen. Lassen Sie sich bei der Auswahl Ihrer Weihnachtsdeko-Ideen vom jahreszeitlichen Spektrum an Erdt\u00f6nen der Natur inspirieren, um einen warmen, einladenden Raum zu schaffen, den Sie w\u00e4hrend der gesamten Weihnachtszeit \u2013 und bis in den Januar hinein \u2013 lieben werden.<\/p>\n<div class=\"van_vid_carousel\">\n<div class=\"van_vid_carousel__padding\">\n<div class=\"van_vid_carousel__container\"><\/div>\n<\/div>\n<\/div>\n<div class=\"instagram-embed\" id=\"C28BQRluWrN\">\n<blockquote class=\"instagram-media\" data-instgrm-captioned data-instgrm-version=\"6\" style=\"width:99.375%; width:-webkit-calc(100% - 2px); width:calc(100% - 2px);\">\n<p>Ein von Gwyneth Paltrow (@gwynethpaltrow) geteilter Beitrag<\/p>\n<p>Ein Foto gepostet von am <\/p>\n<\/blockquote>\n<\/div>\n<h2 id=\"shop-the-quiet-luxury-christmas-edit-3\">Kaufen Sie die Quiet Luxury Christmas Edition<\/h2>\n<div class=\"product-container hero-product-container product-block-no-wrap\">\n<div class=\"product-block-row\"><\/div>\n<div class=\"product-block-row\"><\/div>\n<div class=\"product-block-row\"><\/div>\n<\/div>\n<p id=\"db055ee2-bc5c-4f54-93cc-b61b627c6660\">Die schillernden Farben der Natur sind eine der Freuden des Herbstes und Winters und bieten reichhaltige Inspiration f\u00fcr die Gestaltung gem\u00fctlicher Weihnachtsinterieurs. B\u00e4ume leuchten in Rot-, Rost- und Goldt\u00f6nen, die in der tiefstehenden Herbst- und Wintersonne so hell leuchten wie flackernde Flammen, w\u00e4hrend die Kupfer- und Kastanient\u00f6ne gefallener Bl\u00e4tter den Boden bedecken.<\/p>\n<div id=\"ad-unit-2\" class=\"ad-unit\"><\/div>\n<p>In letzter Zeit ist mir aufgefallen, dass sich mehr Designer, Dekorateure und Hausbesitzer daf\u00fcr entscheiden, zu Weihnachten mit Neutralt\u00f6nen \u2013 und anderen dezenten, ged\u00e4mpften Farben \u2013 zu dekorieren.<\/p>\n<p>Die Herbstpalette bietet unz\u00e4hlige warme Farbt\u00f6ne, die harmonisch zusammenpassen, und wird von Designern wegen ihrer F\u00e4higkeit geliebt, entspannte, erdende R\u00e4ume mit dauerhaftem Reiz zu schaffen.<\/p>\n<p>\u201eEin Spaziergang durch den Wald ist so inspirierend, wenn Bl\u00e4tter fallen und unter den F\u00fc\u00dfen in Rost, Terrakotta und Ocker knirschen.\u201c Diese Farben verleihen Innenr\u00e4umen, insbesondere zu Weihnachten, Ruhe und ein Gef\u00fchl der Gelassenheit. Sie lehnen sich in einem Raum zur\u00fcck und springen einen nicht an\u201c, erkl\u00e4rt Stoffdesignerin Vanessa Arbuthnott.<\/p>\n<div id=\"slice-container-newsletterForm-articleInbodyContent-bSeZrXhjrpGVjoafsMFw6Q\" class=\"slice-container newsletter-inbodyContent-slice newsletterForm-articleInbodyContent-bSeZrXhjrpGVjoafsMFw6Q slice-container-newsletterForm\"><\/div>\n<p>Das Sch\u00f6ne an der Herbstpalette zu Weihnachten ist, dass die Farbt\u00f6ne wunderbar ineinander \u00fcbergehen, aber auch auf nat\u00fcrliche Weise das Holz, die nat\u00fcrlichen Stoffe und den Stein erg\u00e4nzen, die in M\u00f6beln, architektonischen Elementen und Einrichtungsgegenst\u00e4nden in Ihrer bestehenden Einrichtung vorherrschen. Es ist eine Win-Win-Situation f\u00fcr diejenigen von uns, die den ruhigen Luxus-Weihnachtstrend bevorzugen \u2013 und ihn immer noch lieben.<\/p>\n<div class=\"min-h-(270px) mb-4 viafoura-twig-component\" id=\"viafoura-engagement-starter-wrapper\" data-component-name=\"Elk:Embed:EngagementStarter\">\n<div class=\"viafoura\">\n<div>\n<vf-conversation-starter target=\"viafoura-comments\" minimum-comment-count=\"1\"><br \/>\n<\/vf-conversation-starter>\n<\/div>\n<\/div>\n<\/div>\n<hr id=\"87775fbd-c710-4384-8872-f466f7bb9957\">\n<div class=\"block\" id=\"articleTag\" data-component-name=\"PostArticleLinks\">\n<div class=\"border-b border-b-black border-solid py-2.5 text-black font-bold uppercase\">THEMEN<\/div>\n<nav class=\"py-2.5 flex gap-2.5 flex-wrap\" data-analytics-id=\"article-tag\">\n<p>Gwyneth Paltrow<\/p>\n<\/nav>\n<\/div>\n<\/div>\n<p><script async src=\"\/\/www.instagram.com\/embed.js\"><\/script><\/p>\n","protected":false},"excerpt":{"rendered":"<p>Das Dekorieren mit einer warmen, herbstlichen Farbpalette liegt zweifellos im Trend, und Gwyneth Paltrows Weihnachtsbaum aus dem Vorjahr zeigt, dass die amerikanische Schauspielerin und Unternehmerin<\/p>\n","protected":false},"author":1,"featured_media":8729,"comment_status":"closed","ping_status":"","sticky":false,"template":"","format":"standard","meta":{"footnotes":""},"categories":[118],"tags":[873,9,1554,388,11070,3910,225,804,384,694,986,3911,11068,2343,21,11069,1592],"class_list":["post-8728","post","type-post","status-publish","format-standard","has-post-thumbnail","hentry","category-haus-garten","tag-atemberaubende","tag-die","tag-dieser","tag-eleganz","tag-feierlichkeiten","tag-gwyneth","tag-ihre","tag-inspirieren","tag-jahr","tag-koennte","tag-luxus","tag-paltrows","tag-subtilem","tag-unterstreicht","tag-von","tag-weihnachtsbaumtrend","tag-weihnachtsdekoration","generate-columns","tablet-grid-50","mobile-grid-100","grid-parent","grid-50"],"yoast_head":"<!-- This site is optimized with the Yoast SEO plugin v27.3 - https:\/\/yoast.com\/product\/yoast-seo-wordpress\/ -->\n<title>Gwyneth Paltrows Weihnachtsdekoration unterstreicht die Eleganz von subtilem Luxus \u2013 dieser atemberaubende Weihnachtsbaum-Trend k\u00f6nnte Ihre Feierlichkeiten im Jahr 2025 inspirieren - Nachrichten - Stra\u00dfenweb<\/title>\n<meta name=\"robots\" content=\"index, follow, max-snippet:-1, max-image-preview:large, max-video-preview:-1\" \/>\n<link rel=\"canonical\" href=\"https:\/\/www.strassenweb.de\/nachrichten\/gwyneth-paltrows-weihnachtsdekoration-unterstreicht-die-eleganz-von-subtilem-luxus-dieser-atemberaubende-weihnachtsbaum-trend-koennte-ihre-feierlichkeiten-im-jahr-2025-inspirieren\/\" \/>\n<meta property=\"og:locale\" content=\"de_DE\" \/>\n<meta property=\"og:type\" content=\"article\" \/>\n<meta property=\"og:title\" content=\"Gwyneth Paltrows Weihnachtsdekoration unterstreicht die Eleganz von subtilem Luxus \u2013 dieser atemberaubende Weihnachtsbaum-Trend k\u00f6nnte Ihre Feierlichkeiten im Jahr 2025 inspirieren - Nachrichten - Stra\u00dfenweb\" \/>\n<meta property=\"og:description\" content=\"Das Dekorieren mit einer warmen, herbstlichen Farbpalette liegt zweifellos im Trend, und Gwyneth Paltrows Weihnachtsbaum aus dem Vorjahr zeigt, dass die amerikanische Schauspielerin und Unternehmerin\" \/>\n<meta property=\"og:url\" content=\"https:\/\/www.strassenweb.de\/nachrichten\/gwyneth-paltrows-weihnachtsdekoration-unterstreicht-die-eleganz-von-subtilem-luxus-dieser-atemberaubende-weihnachtsbaum-trend-koennte-ihre-feierlichkeiten-im-jahr-2025-inspirieren\/\" \/>\n<meta property=\"og:site_name\" content=\"Stra\u00dfenweb\" \/>\n<meta property=\"article:publisher\" content=\"https:\/\/www.facebook.com\/strassenweb\/\" \/>\n<meta property=\"article:published_time\" content=\"2025-10-24T08:39:30+00:00\" \/>\n<meta property=\"article:modified_time\" content=\"2025-10-24T08:39:31+00:00\" \/>\n<meta property=\"og:image\" content=\"https:\/\/www.strassenweb.de\/nachrichten\/wp-content\/uploads\/2025\/10\/Gwyneth-Paltrows-Weihnachtsdekoration-unterstreicht-die-Eleganz-von-subtilem-Luxus-\u2013.jpg\" \/>\n\t<meta property=\"og:image:width\" content=\"1600\" \/>\n\t<meta property=\"og:image:height\" content=\"900\" \/>\n\t<meta property=\"og:image:type\" content=\"image\/jpeg\" \/>\n<meta name=\"author\" content=\"Robert Hoffmann\" \/>\n<meta name=\"twitter:card\" content=\"summary_large_image\" \/>\n<meta name=\"twitter:label1\" content=\"Verfasst von\" \/>\n\t<meta name=\"twitter:data1\" content=\"Robert Hoffmann\" \/>\n\t<meta name=\"twitter:label2\" content=\"Gesch\u00e4tzte Lesezeit\" \/>\n\t<meta name=\"twitter:data2\" content=\"2\u00a0Minuten\" \/>\n<script type=\"application\/ld+json\" class=\"yoast-schema-graph\">{\"@context\":\"https:\\\/\\\/schema.org\",\"@graph\":[{\"@type\":\"Article\",\"@id\":\"https:\\\/\\\/www.strassenweb.de\\\/nachrichten\\\/gwyneth-paltrows-weihnachtsdekoration-unterstreicht-die-eleganz-von-subtilem-luxus-dieser-atemberaubende-weihnachtsbaum-trend-koennte-ihre-feierlichkeiten-im-jahr-2025-inspirieren\\\/#article\",\"isPartOf\":{\"@id\":\"https:\\\/\\\/www.strassenweb.de\\\/nachrichten\\\/gwyneth-paltrows-weihnachtsdekoration-unterstreicht-die-eleganz-von-subtilem-luxus-dieser-atemberaubende-weihnachtsbaum-trend-koennte-ihre-feierlichkeiten-im-jahr-2025-inspirieren\\\/\"},\"author\":{\"name\":\"Robert Hoffmann\",\"@id\":\"https:\\\/\\\/www.strassenweb.de\\\/nachrichten\\\/#\\\/schema\\\/person\\\/87c9c9067f1211da429a744dc5a5aa41\"},\"headline\":\"Gwyneth Paltrows Weihnachtsdekoration unterstreicht die Eleganz von subtilem Luxus \u2013 dieser atemberaubende Weihnachtsbaum-Trend k\u00f6nnte Ihre Feierlichkeiten im Jahr 2025 inspirieren\",\"datePublished\":\"2025-10-24T08:39:30+00:00\",\"dateModified\":\"2025-10-24T08:39:31+00:00\",\"mainEntityOfPage\":{\"@id\":\"https:\\\/\\\/www.strassenweb.de\\\/nachrichten\\\/gwyneth-paltrows-weihnachtsdekoration-unterstreicht-die-eleganz-von-subtilem-luxus-dieser-atemberaubende-weihnachtsbaum-trend-koennte-ihre-feierlichkeiten-im-jahr-2025-inspirieren\\\/\"},\"wordCount\":423,\"publisher\":{\"@id\":\"https:\\\/\\\/www.strassenweb.de\\\/nachrichten\\\/#organization\"},\"image\":{\"@id\":\"https:\\\/\\\/www.strassenweb.de\\\/nachrichten\\\/gwyneth-paltrows-weihnachtsdekoration-unterstreicht-die-eleganz-von-subtilem-luxus-dieser-atemberaubende-weihnachtsbaum-trend-koennte-ihre-feierlichkeiten-im-jahr-2025-inspirieren\\\/#primaryimage\"},\"thumbnailUrl\":\"https:\\\/\\\/www.strassenweb.de\\\/nachrichten\\\/wp-content\\\/uploads\\\/2025\\\/10\\\/Gwyneth-Paltrows-Weihnachtsdekoration-unterstreicht-die-Eleganz-von-subtilem-Luxus-\u2013.jpg\",\"keywords\":[\"atemberaubende\",\"die\",\"dieser\",\"Eleganz\",\"Feierlichkeiten\",\"Gwyneth\",\"ihre\",\"inspirieren\",\"Jahr\",\"k\u00f6nnte\",\"Luxus\",\"Paltrows\",\"subtilem\",\"unterstreicht\",\"von\",\"WeihnachtsbaumTrend\",\"Weihnachtsdekoration\"],\"articleSection\":[\"Haus &amp; Garten\"],\"inLanguage\":\"de\"},{\"@type\":\"WebPage\",\"@id\":\"https:\\\/\\\/www.strassenweb.de\\\/nachrichten\\\/gwyneth-paltrows-weihnachtsdekoration-unterstreicht-die-eleganz-von-subtilem-luxus-dieser-atemberaubende-weihnachtsbaum-trend-koennte-ihre-feierlichkeiten-im-jahr-2025-inspirieren\\\/\",\"url\":\"https:\\\/\\\/www.strassenweb.de\\\/nachrichten\\\/gwyneth-paltrows-weihnachtsdekoration-unterstreicht-die-eleganz-von-subtilem-luxus-dieser-atemberaubende-weihnachtsbaum-trend-koennte-ihre-feierlichkeiten-im-jahr-2025-inspirieren\\\/\",\"name\":\"Gwyneth Paltrows Weihnachtsdekoration unterstreicht die Eleganz von subtilem Luxus \u2013 dieser atemberaubende Weihnachtsbaum-Trend k\u00f6nnte Ihre Feierlichkeiten im Jahr 2025 inspirieren - Nachrichten - Stra\u00dfenweb\",\"isPartOf\":{\"@id\":\"https:\\\/\\\/www.strassenweb.de\\\/nachrichten\\\/#website\"},\"primaryImageOfPage\":{\"@id\":\"https:\\\/\\\/www.strassenweb.de\\\/nachrichten\\\/gwyneth-paltrows-weihnachtsdekoration-unterstreicht-die-eleganz-von-subtilem-luxus-dieser-atemberaubende-weihnachtsbaum-trend-koennte-ihre-feierlichkeiten-im-jahr-2025-inspirieren\\\/#primaryimage\"},\"image\":{\"@id\":\"https:\\\/\\\/www.strassenweb.de\\\/nachrichten\\\/gwyneth-paltrows-weihnachtsdekoration-unterstreicht-die-eleganz-von-subtilem-luxus-dieser-atemberaubende-weihnachtsbaum-trend-koennte-ihre-feierlichkeiten-im-jahr-2025-inspirieren\\\/#primaryimage\"},\"thumbnailUrl\":\"https:\\\/\\\/www.strassenweb.de\\\/nachrichten\\\/wp-content\\\/uploads\\\/2025\\\/10\\\/Gwyneth-Paltrows-Weihnachtsdekoration-unterstreicht-die-Eleganz-von-subtilem-Luxus-\u2013.jpg\",\"datePublished\":\"2025-10-24T08:39:30+00:00\",\"dateModified\":\"2025-10-24T08:39:31+00:00\",\"breadcrumb\":{\"@id\":\"https:\\\/\\\/www.strassenweb.de\\\/nachrichten\\\/gwyneth-paltrows-weihnachtsdekoration-unterstreicht-die-eleganz-von-subtilem-luxus-dieser-atemberaubende-weihnachtsbaum-trend-koennte-ihre-feierlichkeiten-im-jahr-2025-inspirieren\\\/#breadcrumb\"},\"inLanguage\":\"de\",\"potentialAction\":[{\"@type\":\"ReadAction\",\"target\":[\"https:\\\/\\\/www.strassenweb.de\\\/nachrichten\\\/gwyneth-paltrows-weihnachtsdekoration-unterstreicht-die-eleganz-von-subtilem-luxus-dieser-atemberaubende-weihnachtsbaum-trend-koennte-ihre-feierlichkeiten-im-jahr-2025-inspirieren\\\/\"]}]},{\"@type\":\"ImageObject\",\"inLanguage\":\"de\",\"@id\":\"https:\\\/\\\/www.strassenweb.de\\\/nachrichten\\\/gwyneth-paltrows-weihnachtsdekoration-unterstreicht-die-eleganz-von-subtilem-luxus-dieser-atemberaubende-weihnachtsbaum-trend-koennte-ihre-feierlichkeiten-im-jahr-2025-inspirieren\\\/#primaryimage\",\"url\":\"https:\\\/\\\/www.strassenweb.de\\\/nachrichten\\\/wp-content\\\/uploads\\\/2025\\\/10\\\/Gwyneth-Paltrows-Weihnachtsdekoration-unterstreicht-die-Eleganz-von-subtilem-Luxus-\u2013.jpg\",\"contentUrl\":\"https:\\\/\\\/www.strassenweb.de\\\/nachrichten\\\/wp-content\\\/uploads\\\/2025\\\/10\\\/Gwyneth-Paltrows-Weihnachtsdekoration-unterstreicht-die-Eleganz-von-subtilem-Luxus-\u2013.jpg\",\"width\":1600,\"height\":900,\"caption\":\"Gwyneth Paltrow for CB2\"},{\"@type\":\"BreadcrumbList\",\"@id\":\"https:\\\/\\\/www.strassenweb.de\\\/nachrichten\\\/gwyneth-paltrows-weihnachtsdekoration-unterstreicht-die-eleganz-von-subtilem-luxus-dieser-atemberaubende-weihnachtsbaum-trend-koennte-ihre-feierlichkeiten-im-jahr-2025-inspirieren\\\/#breadcrumb\",\"itemListElement\":[{\"@type\":\"ListItem\",\"position\":1,\"name\":\"Home\",\"item\":\"https:\\\/\\\/www.strassenweb.de\\\/nachrichten\\\/\"},{\"@type\":\"ListItem\",\"position\":2,\"name\":\"Gwyneth Paltrows Weihnachtsdekoration unterstreicht die Eleganz von subtilem Luxus \u2013 dieser atemberaubende Weihnachtsbaum-Trend k\u00f6nnte Ihre Feierlichkeiten im Jahr 2025 inspirieren\"}]},{\"@type\":\"WebSite\",\"@id\":\"https:\\\/\\\/www.strassenweb.de\\\/nachrichten\\\/#website\",\"url\":\"https:\\\/\\\/www.strassenweb.de\\\/nachrichten\\\/\",\"name\":\"Stra\u00dfenweb\",\"description\":\"Stra\u00dfenverzeichnis f\u00fcr Deutschland\",\"publisher\":{\"@id\":\"https:\\\/\\\/www.strassenweb.de\\\/nachrichten\\\/#organization\"},\"potentialAction\":[{\"@type\":\"SearchAction\",\"target\":{\"@type\":\"EntryPoint\",\"urlTemplate\":\"https:\\\/\\\/www.strassenweb.de\\\/nachrichten\\\/?s={search_term_string}\"},\"query-input\":{\"@type\":\"PropertyValueSpecification\",\"valueRequired\":true,\"valueName\":\"search_term_string\"}}],\"inLanguage\":\"de\"},{\"@type\":\"Organization\",\"@id\":\"https:\\\/\\\/www.strassenweb.de\\\/nachrichten\\\/#organization\",\"name\":\"Stra\u00dfenweb\",\"url\":\"https:\\\/\\\/www.strassenweb.de\\\/nachrichten\\\/\",\"logo\":{\"@type\":\"ImageObject\",\"inLanguage\":\"de\",\"@id\":\"https:\\\/\\\/www.strassenweb.de\\\/nachrichten\\\/#\\\/schema\\\/logo\\\/image\\\/\",\"url\":\"https:\\\/\\\/www.strassenweb.de\\\/nachrichten\\\/wp-content\\\/uploads\\\/2024\\\/09\\\/cropped-favicon.png\",\"contentUrl\":\"https:\\\/\\\/www.strassenweb.de\\\/nachrichten\\\/wp-content\\\/uploads\\\/2024\\\/09\\\/cropped-favicon.png\",\"width\":512,\"height\":512,\"caption\":\"Stra\u00dfenweb\"},\"image\":{\"@id\":\"https:\\\/\\\/www.strassenweb.de\\\/nachrichten\\\/#\\\/schema\\\/logo\\\/image\\\/\"},\"sameAs\":[\"https:\\\/\\\/www.facebook.com\\\/strassenweb\\\/\"]},{\"@type\":\"Person\",\"@id\":\"https:\\\/\\\/www.strassenweb.de\\\/nachrichten\\\/#\\\/schema\\\/person\\\/87c9c9067f1211da429a744dc5a5aa41\",\"name\":\"Robert Hoffmann\",\"image\":{\"@type\":\"ImageObject\",\"inLanguage\":\"de\",\"@id\":\"https:\\\/\\\/www.strassenweb.de\\\/nachrichten\\\/wp-content\\\/uploads\\\/2024\\\/09\\\/strassenweb-150x150.jpg\",\"url\":\"https:\\\/\\\/www.strassenweb.de\\\/nachrichten\\\/wp-content\\\/uploads\\\/2024\\\/09\\\/strassenweb-150x150.jpg\",\"contentUrl\":\"https:\\\/\\\/www.strassenweb.de\\\/nachrichten\\\/wp-content\\\/uploads\\\/2024\\\/09\\\/strassenweb-150x150.jpg\",\"caption\":\"Robert Hoffmann\"},\"description\":\"Ich hei\u00dfe Robert Hoffmann und ich bin ein leidenschaftlicher Verfechter von \u00d6kologie und Biodiversit\u00e4t. Seit meiner Kindheit in den W\u00e4ldern Bayerns f\u00fchle ich mich mit der Natur verbunden und bin entschlossen, sie zu sch\u00fctzen. Heute widme ich mein Leben der Sensibilisierung anderer f\u00fcr die Bedeutung des Umweltschutzes f\u00fcr zuk\u00fcnftige Generationen.\",\"sameAs\":[\"https:\\\/\\\/www.strassenweb.de\\\/\"]}]}<\/script>\n<!-- \/ Yoast SEO plugin. -->","yoast_head_json":{"title":"Gwyneth Paltrows Weihnachtsdekoration unterstreicht die Eleganz von subtilem Luxus \u2013 dieser atemberaubende Weihnachtsbaum-Trend k\u00f6nnte Ihre Feierlichkeiten im Jahr 2025 inspirieren - Nachrichten - Stra\u00dfenweb","robots":{"index":"index","follow":"follow","max-snippet":"max-snippet:-1","max-image-preview":"max-image-preview:large","max-video-preview":"max-video-preview:-1"},"canonical":"https:\/\/www.strassenweb.de\/nachrichten\/gwyneth-paltrows-weihnachtsdekoration-unterstreicht-die-eleganz-von-subtilem-luxus-dieser-atemberaubende-weihnachtsbaum-trend-koennte-ihre-feierlichkeiten-im-jahr-2025-inspirieren\/","og_locale":"de_DE","og_type":"article","og_title":"Gwyneth Paltrows Weihnachtsdekoration unterstreicht die Eleganz von subtilem Luxus \u2013 dieser atemberaubende Weihnachtsbaum-Trend k\u00f6nnte Ihre Feierlichkeiten im Jahr 2025 inspirieren - Nachrichten - Stra\u00dfenweb","og_description":"Das Dekorieren mit einer warmen, herbstlichen Farbpalette liegt zweifellos im Trend, und Gwyneth Paltrows Weihnachtsbaum aus dem Vorjahr zeigt, dass die amerikanische Schauspielerin und Unternehmerin","og_url":"https:\/\/www.strassenweb.de\/nachrichten\/gwyneth-paltrows-weihnachtsdekoration-unterstreicht-die-eleganz-von-subtilem-luxus-dieser-atemberaubende-weihnachtsbaum-trend-koennte-ihre-feierlichkeiten-im-jahr-2025-inspirieren\/","og_site_name":"Stra\u00dfenweb","article_publisher":"https:\/\/www.facebook.com\/strassenweb\/","article_published_time":"2025-10-24T08:39:30+00:00","article_modified_time":"2025-10-24T08:39:31+00:00","og_image":[{"width":1600,"height":900,"url":"https:\/\/www.strassenweb.de\/nachrichten\/wp-content\/uploads\/2025\/10\/Gwyneth-Paltrows-Weihnachtsdekoration-unterstreicht-die-Eleganz-von-subtilem-Luxus-\u2013.jpg","type":"image\/jpeg"}],"author":"Robert Hoffmann","twitter_card":"summary_large_image","twitter_misc":{"Verfasst von":"Robert Hoffmann","Gesch\u00e4tzte Lesezeit":"2\u00a0Minuten"},"schema":{"@context":"https:\/\/schema.org","@graph":[{"@type":"Article","@id":"https:\/\/www.strassenweb.de\/nachrichten\/gwyneth-paltrows-weihnachtsdekoration-unterstreicht-die-eleganz-von-subtilem-luxus-dieser-atemberaubende-weihnachtsbaum-trend-koennte-ihre-feierlichkeiten-im-jahr-2025-inspirieren\/#article","isPartOf":{"@id":"https:\/\/www.strassenweb.de\/nachrichten\/gwyneth-paltrows-weihnachtsdekoration-unterstreicht-die-eleganz-von-subtilem-luxus-dieser-atemberaubende-weihnachtsbaum-trend-koennte-ihre-feierlichkeiten-im-jahr-2025-inspirieren\/"},"author":{"name":"Robert Hoffmann","@id":"https:\/\/www.strassenweb.de\/nachrichten\/#\/schema\/person\/87c9c9067f1211da429a744dc5a5aa41"},"headline":"Gwyneth Paltrows Weihnachtsdekoration unterstreicht die Eleganz von subtilem Luxus \u2013 dieser atemberaubende Weihnachtsbaum-Trend k\u00f6nnte Ihre Feierlichkeiten im Jahr 2025 inspirieren","datePublished":"2025-10-24T08:39:30+00:00","dateModified":"2025-10-24T08:39:31+00:00","mainEntityOfPage":{"@id":"https:\/\/www.strassenweb.de\/nachrichten\/gwyneth-paltrows-weihnachtsdekoration-unterstreicht-die-eleganz-von-subtilem-luxus-dieser-atemberaubende-weihnachtsbaum-trend-koennte-ihre-feierlichkeiten-im-jahr-2025-inspirieren\/"},"wordCount":423,"publisher":{"@id":"https:\/\/www.strassenweb.de\/nachrichten\/#organization"},"image":{"@id":"https:\/\/www.strassenweb.de\/nachrichten\/gwyneth-paltrows-weihnachtsdekoration-unterstreicht-die-eleganz-von-subtilem-luxus-dieser-atemberaubende-weihnachtsbaum-trend-koennte-ihre-feierlichkeiten-im-jahr-2025-inspirieren\/#primaryimage"},"thumbnailUrl":"https:\/\/www.strassenweb.de\/nachrichten\/wp-content\/uploads\/2025\/10\/Gwyneth-Paltrows-Weihnachtsdekoration-unterstreicht-die-Eleganz-von-subtilem-Luxus-\u2013.jpg","keywords":["atemberaubende","die","dieser","Eleganz","Feierlichkeiten","Gwyneth","ihre","inspirieren","Jahr","k\u00f6nnte","Luxus","Paltrows","subtilem","unterstreicht","von","WeihnachtsbaumTrend","Weihnachtsdekoration"],"articleSection":["Haus &amp; Garten"],"inLanguage":"de"},{"@type":"WebPage","@id":"https:\/\/www.strassenweb.de\/nachrichten\/gwyneth-paltrows-weihnachtsdekoration-unterstreicht-die-eleganz-von-subtilem-luxus-dieser-atemberaubende-weihnachtsbaum-trend-koennte-ihre-feierlichkeiten-im-jahr-2025-inspirieren\/","url":"https:\/\/www.strassenweb.de\/nachrichten\/gwyneth-paltrows-weihnachtsdekoration-unterstreicht-die-eleganz-von-subtilem-luxus-dieser-atemberaubende-weihnachtsbaum-trend-koennte-ihre-feierlichkeiten-im-jahr-2025-inspirieren\/","name":"Gwyneth Paltrows Weihnachtsdekoration unterstreicht die Eleganz von subtilem Luxus \u2013 dieser atemberaubende Weihnachtsbaum-Trend k\u00f6nnte Ihre Feierlichkeiten im Jahr 2025 inspirieren - Nachrichten - Stra\u00dfenweb","isPartOf":{"@id":"https:\/\/www.strassenweb.de\/nachrichten\/#website"},"primaryImageOfPage":{"@id":"https:\/\/www.strassenweb.de\/nachrichten\/gwyneth-paltrows-weihnachtsdekoration-unterstreicht-die-eleganz-von-subtilem-luxus-dieser-atemberaubende-weihnachtsbaum-trend-koennte-ihre-feierlichkeiten-im-jahr-2025-inspirieren\/#primaryimage"},"image":{"@id":"https:\/\/www.strassenweb.de\/nachrichten\/gwyneth-paltrows-weihnachtsdekoration-unterstreicht-die-eleganz-von-subtilem-luxus-dieser-atemberaubende-weihnachtsbaum-trend-koennte-ihre-feierlichkeiten-im-jahr-2025-inspirieren\/#primaryimage"},"thumbnailUrl":"https:\/\/www.strassenweb.de\/nachrichten\/wp-content\/uploads\/2025\/10\/Gwyneth-Paltrows-Weihnachtsdekoration-unterstreicht-die-Eleganz-von-subtilem-Luxus-\u2013.jpg","datePublished":"2025-10-24T08:39:30+00:00","dateModified":"2025-10-24T08:39:31+00:00","breadcrumb":{"@id":"https:\/\/www.strassenweb.de\/nachrichten\/gwyneth-paltrows-weihnachtsdekoration-unterstreicht-die-eleganz-von-subtilem-luxus-dieser-atemberaubende-weihnachtsbaum-trend-koennte-ihre-feierlichkeiten-im-jahr-2025-inspirieren\/#breadcrumb"},"inLanguage":"de","potentialAction":[{"@type":"ReadAction","target":["https:\/\/www.strassenweb.de\/nachrichten\/gwyneth-paltrows-weihnachtsdekoration-unterstreicht-die-eleganz-von-subtilem-luxus-dieser-atemberaubende-weihnachtsbaum-trend-koennte-ihre-feierlichkeiten-im-jahr-2025-inspirieren\/"]}]},{"@type":"ImageObject","inLanguage":"de","@id":"https:\/\/www.strassenweb.de\/nachrichten\/gwyneth-paltrows-weihnachtsdekoration-unterstreicht-die-eleganz-von-subtilem-luxus-dieser-atemberaubende-weihnachtsbaum-trend-koennte-ihre-feierlichkeiten-im-jahr-2025-inspirieren\/#primaryimage","url":"https:\/\/www.strassenweb.de\/nachrichten\/wp-content\/uploads\/2025\/10\/Gwyneth-Paltrows-Weihnachtsdekoration-unterstreicht-die-Eleganz-von-subtilem-Luxus-\u2013.jpg","contentUrl":"https:\/\/www.strassenweb.de\/nachrichten\/wp-content\/uploads\/2025\/10\/Gwyneth-Paltrows-Weihnachtsdekoration-unterstreicht-die-Eleganz-von-subtilem-Luxus-\u2013.jpg","width":1600,"height":900,"caption":"Gwyneth Paltrow for CB2"},{"@type":"BreadcrumbList","@id":"https:\/\/www.strassenweb.de\/nachrichten\/gwyneth-paltrows-weihnachtsdekoration-unterstreicht-die-eleganz-von-subtilem-luxus-dieser-atemberaubende-weihnachtsbaum-trend-koennte-ihre-feierlichkeiten-im-jahr-2025-inspirieren\/#breadcrumb","itemListElement":[{"@type":"ListItem","position":1,"name":"Home","item":"https:\/\/www.strassenweb.de\/nachrichten\/"},{"@type":"ListItem","position":2,"name":"Gwyneth Paltrows Weihnachtsdekoration unterstreicht die Eleganz von subtilem Luxus \u2013 dieser atemberaubende Weihnachtsbaum-Trend k\u00f6nnte Ihre Feierlichkeiten im Jahr 2025 inspirieren"}]},{"@type":"WebSite","@id":"https:\/\/www.strassenweb.de\/nachrichten\/#website","url":"https:\/\/www.strassenweb.de\/nachrichten\/","name":"Stra\u00dfenweb","description":"Stra\u00dfenverzeichnis f\u00fcr Deutschland","publisher":{"@id":"https:\/\/www.strassenweb.de\/nachrichten\/#organization"},"potentialAction":[{"@type":"SearchAction","target":{"@type":"EntryPoint","urlTemplate":"https:\/\/www.strassenweb.de\/nachrichten\/?s={search_term_string}"},"query-input":{"@type":"PropertyValueSpecification","valueRequired":true,"valueName":"search_term_string"}}],"inLanguage":"de"},{"@type":"Organization","@id":"https:\/\/www.strassenweb.de\/nachrichten\/#organization","name":"Stra\u00dfenweb","url":"https:\/\/www.strassenweb.de\/nachrichten\/","logo":{"@type":"ImageObject","inLanguage":"de","@id":"https:\/\/www.strassenweb.de\/nachrichten\/#\/schema\/logo\/image\/","url":"https:\/\/www.strassenweb.de\/nachrichten\/wp-content\/uploads\/2024\/09\/cropped-favicon.png","contentUrl":"https:\/\/www.strassenweb.de\/nachrichten\/wp-content\/uploads\/2024\/09\/cropped-favicon.png","width":512,"height":512,"caption":"Stra\u00dfenweb"},"image":{"@id":"https:\/\/www.strassenweb.de\/nachrichten\/#\/schema\/logo\/image\/"},"sameAs":["https:\/\/www.facebook.com\/strassenweb\/"]},{"@type":"Person","@id":"https:\/\/www.strassenweb.de\/nachrichten\/#\/schema\/person\/87c9c9067f1211da429a744dc5a5aa41","name":"Robert Hoffmann","image":{"@type":"ImageObject","inLanguage":"de","@id":"https:\/\/www.strassenweb.de\/nachrichten\/wp-content\/uploads\/2024\/09\/strassenweb-150x150.jpg","url":"https:\/\/www.strassenweb.de\/nachrichten\/wp-content\/uploads\/2024\/09\/strassenweb-150x150.jpg","contentUrl":"https:\/\/www.strassenweb.de\/nachrichten\/wp-content\/uploads\/2024\/09\/strassenweb-150x150.jpg","caption":"Robert Hoffmann"},"description":"Ich hei\u00dfe Robert Hoffmann und ich bin ein leidenschaftlicher Verfechter von \u00d6kologie und Biodiversit\u00e4t. Seit meiner Kindheit in den W\u00e4ldern Bayerns f\u00fchle ich mich mit der Natur verbunden und bin entschlossen, sie zu sch\u00fctzen. Heute widme ich mein Leben der Sensibilisierung anderer f\u00fcr die Bedeutung des Umweltschutzes f\u00fcr zuk\u00fcnftige Generationen.","sameAs":["https:\/\/www.strassenweb.de\/"]}]}},"_links":{"self":[{"href":"https:\/\/www.strassenweb.de\/nachrichten\/wp-json\/wp\/v2\/posts\/8728","targetHints":{"allow":["GET"]}}],"collection":[{"href":"https:\/\/www.strassenweb.de\/nachrichten\/wp-json\/wp\/v2\/posts"}],"about":[{"href":"https:\/\/www.strassenweb.de\/nachrichten\/wp-json\/wp\/v2\/types\/post"}],"author":[{"embeddable":true,"href":"https:\/\/www.strassenweb.de\/nachrichten\/wp-json\/wp\/v2\/users\/1"}],"replies":[{"embeddable":true,"href":"https:\/\/www.strassenweb.de\/nachrichten\/wp-json\/wp\/v2\/comments?post=8728"}],"version-history":[{"count":0,"href":"https:\/\/www.strassenweb.de\/nachrichten\/wp-json\/wp\/v2\/posts\/8728\/revisions"}],"wp:featuredmedia":[{"embeddable":true,"href":"https:\/\/www.strassenweb.de\/nachrichten\/wp-json\/wp\/v2\/media\/8729"}],"wp:attachment":[{"href":"https:\/\/www.strassenweb.de\/nachrichten\/wp-json\/wp\/v2\/media?parent=8728"}],"wp:term":[{"taxonomy":"category","embeddable":true,"href":"https:\/\/www.strassenweb.de\/nachrichten\/wp-json\/wp\/v2\/categories?post=8728"},{"taxonomy":"post_tag","embeddable":true,"href":"https:\/\/www.strassenweb.de\/nachrichten\/wp-json\/wp\/v2\/tags?post=8728"}],"curies":[{"name":"wp","href":"https:\/\/api.w.org\/{rel}","templated":true}]}}