{"id":8701,"date":"2025-10-23T11:39:22","date_gmt":"2025-10-23T09:39:22","guid":{"rendered":"https:\/\/www.strassenweb.de\/nachrichten\/naturschutzorganisationen-fordern-den-ersten-minister-auf-den-toedlichsten-windpark-der-welt-fuer-voegel-zu-stoppen\/"},"modified":"2025-10-23T11:39:22","modified_gmt":"2025-10-23T09:39:22","slug":"naturschutzorganisationen-fordern-den-ersten-minister-auf-den-toedlichsten-windpark-der-welt-fuer-voegel-zu-stoppen","status":"publish","type":"post","link":"https:\/\/www.strassenweb.de\/nachrichten\/naturschutzorganisationen-fordern-den-ersten-minister-auf-den-toedlichsten-windpark-der-welt-fuer-voegel-zu-stoppen\/","title":{"rendered":"Naturschutzorganisationen fordern den Ersten Minister auf, den \u201et\u00f6dlichsten Windpark der Welt\u201c f\u00fcr V\u00f6gel zu stoppen"},"content":{"rendered":"<p><strong>F\u00fcnf Naturschutzorganisationen fordern heute den Ersten Minister Schottlands auf, den Bau des \u201eweltweit t\u00f6dlichsten Windparks f\u00fcr V\u00f6gel\u201c zu stoppen.<\/strong><\/p>\n<p>Laut RSPB und Naturschutzpartnern k\u00f6nnte Berwick Bank mehr V\u00f6gel t\u00f6ten als jeder andere einzelne Windpark auf dem Planeten.<\/p>\n<p>In einem erneuten Appell haben RSPB Scotland, der National Trust for Scotland, die Marine Conservation Society, das Scottish Seabird Centre und der Scottish Wildlife Trust an John Swinney geschrieben und ihn aufgefordert, die Berwick Bank zu stoppen und Seevogelarten vor dem nationalen Aussterben zu bewahren.<\/p>\n<p>Der Offshore-Windpark mit 300 Turbinen wurde vor der K\u00fcste von East Lothian in der N\u00e4he ber\u00fchmter Seevogelstandorte wie dem Bass Rock genehmigt \u2013 trotz Prognosen, dass er im Laufe seiner Lebensdauer Zehntausende Seev\u00f6gel t\u00f6ten wird. <\/p>\n<p>Die eigene Einsch\u00e4tzung der schottischen Regierung zeigt, dass die Berwick Bank voraussichtlich allein im ersten Jahr 2.808 Trottellummen, 814 Dreizehenm\u00f6wen, 260 Basst\u00f6lpel, 154 Tordalke und 65 Papageientaucher t\u00f6ten wird. <\/p>\n<p>Hinzu kommt eine Seevogelkrise in Schottland, bei der bereits 70 % der Arten zur\u00fcckgegangen sind. Die beliebten V\u00f6gel sind zahlreichen Bedrohungen ausgesetzt, darunter nicht nachhaltiger Fischfang, Vogelgrippe und Klimawandel.<\/p>\n<p>Die schottische Regierung erteilte der Berwick Bank am 31. Juli dieses Jahres ihre Zustimmung, obwohl Wohlt\u00e4tigkeitsorganisationen und Naturliebhaber ihre Besorgnis \u00fcber die Entwicklung zum Ausdruck brachten.<\/p>\n<p>Die schottischen Minister verlangen vom Entwickler SSE Renewables den Nachweis, dass eine \u201eausreichende\u201c Entsch\u00e4digung f\u00fcr Seev\u00f6gel geschaffen wird. Doch die Naturschutzorganisationen argumentieren, dass es keine M\u00f6glichkeit gibt, die beispiellose \u00f6kologische Zerst\u00f6rung, die die Berwick Bank mit sich bringen wird, zu kompensieren. <\/p>\n<p>Sie fordern die Aufl\u00f6sung der Berwick Bank, um Seev\u00f6gel zu retten und sich stattdessen auf weniger sch\u00e4dliche Offshore-Windparkprojekte zu konzentrieren.<\/p>\n<p><strong>Anne McCall, Direktorin von RSPB Schottland, sagte:<\/strong> \u201eBerwick Bank ist der t\u00f6dlichste Windpark f\u00fcr V\u00f6gel, den wir auf der ganzen Welt kennen. Er k\u00f6nnte ganze Kolonien von Seev\u00f6geln vernichten und dazu beitragen, einige Arten ganz von Schottland auszurotten.\u201c <\/p>\n<p>\u201eSchottlands Seevogelkolonien geh\u00f6ren zu unseren nationalen Sch\u00e4tzen, von den Papageientauchern der Isle of May bis zu den Basst\u00f6lpeln des Bass Rock. Ein Drittel aller europ\u00e4ischen Seev\u00f6gel br\u00fctet in Schottland, und sie brauchen jetzt mehr denn je unseren Schutz.\u201c <\/p>\n<p>\u201eWir unterst\u00fctzen erneuerbare Energien, aber nicht um jeden Preis. Wir hoffen, dass der Erste Minister und SSE Renewables diese verheerende Entwicklung noch einmal \u00fcberdenken.\u201c<\/p>\n<p>\u201eEs gibt viele Offshore-Windprojekte, die zusammen mehr Energie erzeugen w\u00fcrden als Berwick Bank, und das zu einem Bruchteil der Kosten f\u00fcr die Tierwelt.\u201c<\/p>\n<p><strong>Diarmid Hearns, Interimsdirektor f\u00fcr Naturschutz und Politik beim National Trust for Scotland, sagte:<\/strong> \u201eDer Stopp der Berwick Bank ist der beste Weg, die Seevogelkolonien im St. Abb&#8217;s Head National Nature Reserve und an der gesamten Ostk\u00fcste zu sch\u00fctzen.<\/p>\n<p>\u201eBeim National Trust for Scotland unterst\u00fctzen wir die Bem\u00fchungen um erneuerbare Energien, aber nicht auf Kosten der Natur und Lebensr\u00e4ume, die diese Bem\u00fchungen angesichts des Klimawandels sch\u00fctzen sollen.\u201c<\/p>\n<p><strong>Calum Duncan, Leiter Politik und Interessenvertretung bei der Marine Conservation Society, sagte:<\/strong> \u201eWir m\u00fcssen die Klima- und Naturkrisen gemeinsam angehen. Die Entwicklung von Offshore-Windparks am falschen Ort birgt die Gefahr, dass der R\u00fcckgang der Meerestierwelt, vom Papageientaucher bis zum Schweinswal, beschleunigt wird. Diese Vorschl\u00e4ge betreffen auch einen gro\u00dfen Teil des Meeresschutzgebiets Firth of Forth, das f\u00fcr seine besonderen Lebensr\u00e4ume und eine einzigartige Weichtierart, den Ozeanquahog, ausgewiesen ist, der jahrhundertelang leben kann.\u201c<\/p>\n<p>\u201eDie Genehmigung eines so schlecht gelegenen Projekts w\u00fcrde das Meeresleben entlang der Ostk\u00fcste Schottlands und im Nordosten Englands sch\u00e4digen und die Glaubw\u00fcrdigkeit der schottischen Regierung in Bezug auf Klima- und Naturf\u00fchrerschaft untergraben. Der Vorschlag der Berwick Bank muss eindeutig \u00fcberdacht und aufgehoben werden.\u201c<\/p>\n<p><strong>Harry Huyton, CEO des Scottish Seabird Centre, sagte:<\/strong> \u201eSchottlands Seevogelpopulationen sind weltweit wichtig und werden auch von der schottischen \u00d6ffentlichkeit sehr gesch\u00e4tzt. Dieses Jahr haben wir \u00fcber 15.000 Menschen mitgenommen, um eine der gr\u00f6\u00dften T\u00f6lpelkolonien der Welt auf dem Bass Rock zu besichtigen, und sie sind jedes Mal am Boden zerst\u00f6rt, wenn sie von der Bedrohung h\u00f6ren, die Berwick Bank f\u00fcr dieses Naturwunder und f\u00fcr Seev\u00f6gel im Allgemeinen darstellt. Diese Auswirkungen sind jedoch v\u00f6llig unn\u00f6tig und vermeidbar. Berwick Bank wird voraussichtlich in einer sehr schwierigen Lage liegen Besonderes Gebiet, das trotz der Verf\u00fcgbarkeit alternativer, weniger belastender Standorte ein erstklassiger Nahrungslebensraum f\u00fcr Seev\u00f6gel darstellt.<\/p>\n<p>\u201eSSE und die schottische Regierung m\u00fcssen jetzt handeln \u2013 um sowohl die Natur als auch den Ruf der Branche der erneuerbaren Energien zu sch\u00fctzen. Aus diesem Grund rufen wir unsere Unterst\u00fctzer auf, sich erneut f\u00fcr die Seev\u00f6gel einzusetzen und gemeinsam mit uns eine E-Mail an SSE und den Ersten Minister zu senden und sie aufzufordern, die Berwick Bank zu stoppen.\u201c <\/p>\n<p><strong>Jo Pike, Gesch\u00e4ftsf\u00fchrerin des Scottish Wildlife Trust, sagte:<\/strong> \u201eBerwick Bank ist einfach die falsche Entwicklung am falschen Ort. Die Auswirkungen, die diese Entwicklung auf unsere international wichtigen Seev\u00f6gel zu einem Zeitpunkt haben w\u00fcrde, in dem sie bereits gef\u00e4hrdet sind, sind nicht zu rechtfertigen. Dies gilt insbesondere in Kombination mit der Tatsache, dass es andere Entwicklungsoptionen gibt, die geringere Auswirkungen auf die Natur und eine h\u00f6here Energieerzeugung als Berwick Bank h\u00e4tten. Wir m\u00fcssen zwar unbedingt auf nachhaltigere Energie umsteigen, dies darf jedoch nicht zu Lasten der Natur gehen. Erteilung der Zustimmung dazu Die Entwicklung war die falsche Entscheidung und wir fordern die schottische Regierung dringend auf, dem Aufruf zum Umdenken zuzuh\u00f6ren.\u201c<\/p>\n","protected":false},"excerpt":{"rendered":"<p>F\u00fcnf Naturschutzorganisationen fordern heute den Ersten Minister Schottlands auf, den Bau des \u201eweltweit t\u00f6dlichsten Windparks f\u00fcr V\u00f6gel\u201c zu stoppen. Laut RSPB und Naturschutzpartnern k\u00f6nnte Berwick<\/p>\n","protected":false},"author":1,"featured_media":8702,"comment_status":"closed","ping_status":"","sticky":false,"template":"","format":"standard","meta":{"footnotes":""},"categories":[101],"tags":[46,78,81,1189,2910,55,11038,2601,14,11039,918,2195,11040],"class_list":["post-8701","post","type-post","status-publish","format-standard","has-post-thumbnail","hentry","category-oekologie","tag-auf","tag-den","tag-der","tag-ersten","tag-foerdern","tag-fuer","tag-minister","tag-naturschutzorganisationen","tag-stoppen","tag-toedlichsten","tag-voegel","tag-welt","tag-windpark","generate-columns","tablet-grid-50","mobile-grid-100","grid-parent","grid-50"],"yoast_head":"<!-- This site is optimized with the Yoast SEO plugin v27.3 - https:\/\/yoast.com\/product\/yoast-seo-wordpress\/ -->\n<title>Naturschutzorganisationen fordern den Ersten Minister auf, den \u201et\u00f6dlichsten Windpark der Welt\u201c f\u00fcr V\u00f6gel zu stoppen - Nachrichten - Stra\u00dfenweb<\/title>\n<meta name=\"robots\" content=\"index, follow, max-snippet:-1, max-image-preview:large, max-video-preview:-1\" \/>\n<link rel=\"canonical\" href=\"https:\/\/www.strassenweb.de\/nachrichten\/naturschutzorganisationen-fordern-den-ersten-minister-auf-den-toedlichsten-windpark-der-welt-fuer-voegel-zu-stoppen\/\" \/>\n<meta property=\"og:locale\" content=\"de_DE\" \/>\n<meta property=\"og:type\" content=\"article\" \/>\n<meta property=\"og:title\" content=\"Naturschutzorganisationen fordern den Ersten Minister auf, den \u201et\u00f6dlichsten Windpark der Welt\u201c f\u00fcr V\u00f6gel zu stoppen - Nachrichten - Stra\u00dfenweb\" \/>\n<meta property=\"og:description\" content=\"F\u00fcnf Naturschutzorganisationen fordern heute den Ersten Minister Schottlands auf, den Bau des \u201eweltweit t\u00f6dlichsten Windparks f\u00fcr V\u00f6gel\u201c zu stoppen. Laut RSPB und Naturschutzpartnern k\u00f6nnte Berwick\" \/>\n<meta property=\"og:url\" content=\"https:\/\/www.strassenweb.de\/nachrichten\/naturschutzorganisationen-fordern-den-ersten-minister-auf-den-toedlichsten-windpark-der-welt-fuer-voegel-zu-stoppen\/\" \/>\n<meta property=\"og:site_name\" content=\"Stra\u00dfenweb\" \/>\n<meta property=\"article:publisher\" content=\"https:\/\/www.facebook.com\/strassenweb\/\" \/>\n<meta property=\"article:published_time\" content=\"2025-10-23T09:39:22+00:00\" \/>\n<meta property=\"og:image\" content=\"https:\/\/www.strassenweb.de\/nachrichten\/wp-content\/uploads\/2025\/10\/Naturschutzorganisationen-fordern-den-Ersten-Minister-auf-den-\u201etoedlichsten-Windpark-der.jpg\" \/>\n\t<meta property=\"og:image:width\" content=\"900\" \/>\n\t<meta property=\"og:image:height\" content=\"600\" \/>\n\t<meta property=\"og:image:type\" content=\"image\/jpeg\" \/>\n<meta name=\"author\" content=\"Robert Hoffmann\" \/>\n<meta name=\"twitter:card\" content=\"summary_large_image\" \/>\n<meta name=\"twitter:label1\" content=\"Verfasst von\" \/>\n\t<meta name=\"twitter:data1\" content=\"Robert Hoffmann\" \/>\n\t<meta name=\"twitter:label2\" content=\"Gesch\u00e4tzte Lesezeit\" \/>\n\t<meta name=\"twitter:data2\" content=\"5\u00a0Minuten\" \/>\n<script type=\"application\/ld+json\" class=\"yoast-schema-graph\">{\"@context\":\"https:\\\/\\\/schema.org\",\"@graph\":[{\"@type\":\"Article\",\"@id\":\"https:\\\/\\\/www.strassenweb.de\\\/nachrichten\\\/naturschutzorganisationen-fordern-den-ersten-minister-auf-den-toedlichsten-windpark-der-welt-fuer-voegel-zu-stoppen\\\/#article\",\"isPartOf\":{\"@id\":\"https:\\\/\\\/www.strassenweb.de\\\/nachrichten\\\/naturschutzorganisationen-fordern-den-ersten-minister-auf-den-toedlichsten-windpark-der-welt-fuer-voegel-zu-stoppen\\\/\"},\"author\":{\"name\":\"Robert Hoffmann\",\"@id\":\"https:\\\/\\\/www.strassenweb.de\\\/nachrichten\\\/#\\\/schema\\\/person\\\/87c9c9067f1211da429a744dc5a5aa41\"},\"headline\":\"Naturschutzorganisationen fordern den Ersten Minister auf, den \u201et\u00f6dlichsten Windpark der Welt\u201c f\u00fcr V\u00f6gel zu stoppen\",\"datePublished\":\"2025-10-23T09:39:22+00:00\",\"mainEntityOfPage\":{\"@id\":\"https:\\\/\\\/www.strassenweb.de\\\/nachrichten\\\/naturschutzorganisationen-fordern-den-ersten-minister-auf-den-toedlichsten-windpark-der-welt-fuer-voegel-zu-stoppen\\\/\"},\"wordCount\":932,\"publisher\":{\"@id\":\"https:\\\/\\\/www.strassenweb.de\\\/nachrichten\\\/#organization\"},\"image\":{\"@id\":\"https:\\\/\\\/www.strassenweb.de\\\/nachrichten\\\/naturschutzorganisationen-fordern-den-ersten-minister-auf-den-toedlichsten-windpark-der-welt-fuer-voegel-zu-stoppen\\\/#primaryimage\"},\"thumbnailUrl\":\"https:\\\/\\\/www.strassenweb.de\\\/nachrichten\\\/wp-content\\\/uploads\\\/2025\\\/10\\\/Naturschutzorganisationen-fordern-den-Ersten-Minister-auf-den-\u201etoedlichsten-Windpark-der.jpg\",\"keywords\":[\"auf\",\"den\",\"der\",\"ersten\",\"f\u00f6rdern\",\"f\u00fcr\",\"Minister\",\"Naturschutzorganisationen\",\"stoppen\",\"t\u00f6dlichsten\",\"V\u00f6gel\",\"Welt\",\"Windpark\"],\"articleSection\":[\"\u00d6kologie\"],\"inLanguage\":\"de\"},{\"@type\":\"WebPage\",\"@id\":\"https:\\\/\\\/www.strassenweb.de\\\/nachrichten\\\/naturschutzorganisationen-fordern-den-ersten-minister-auf-den-toedlichsten-windpark-der-welt-fuer-voegel-zu-stoppen\\\/\",\"url\":\"https:\\\/\\\/www.strassenweb.de\\\/nachrichten\\\/naturschutzorganisationen-fordern-den-ersten-minister-auf-den-toedlichsten-windpark-der-welt-fuer-voegel-zu-stoppen\\\/\",\"name\":\"Naturschutzorganisationen fordern den Ersten Minister auf, den \u201et\u00f6dlichsten Windpark der Welt\u201c f\u00fcr V\u00f6gel zu stoppen - Nachrichten - Stra\u00dfenweb\",\"isPartOf\":{\"@id\":\"https:\\\/\\\/www.strassenweb.de\\\/nachrichten\\\/#website\"},\"primaryImageOfPage\":{\"@id\":\"https:\\\/\\\/www.strassenweb.de\\\/nachrichten\\\/naturschutzorganisationen-fordern-den-ersten-minister-auf-den-toedlichsten-windpark-der-welt-fuer-voegel-zu-stoppen\\\/#primaryimage\"},\"image\":{\"@id\":\"https:\\\/\\\/www.strassenweb.de\\\/nachrichten\\\/naturschutzorganisationen-fordern-den-ersten-minister-auf-den-toedlichsten-windpark-der-welt-fuer-voegel-zu-stoppen\\\/#primaryimage\"},\"thumbnailUrl\":\"https:\\\/\\\/www.strassenweb.de\\\/nachrichten\\\/wp-content\\\/uploads\\\/2025\\\/10\\\/Naturschutzorganisationen-fordern-den-Ersten-Minister-auf-den-\u201etoedlichsten-Windpark-der.jpg\",\"datePublished\":\"2025-10-23T09:39:22+00:00\",\"breadcrumb\":{\"@id\":\"https:\\\/\\\/www.strassenweb.de\\\/nachrichten\\\/naturschutzorganisationen-fordern-den-ersten-minister-auf-den-toedlichsten-windpark-der-welt-fuer-voegel-zu-stoppen\\\/#breadcrumb\"},\"inLanguage\":\"de\",\"potentialAction\":[{\"@type\":\"ReadAction\",\"target\":[\"https:\\\/\\\/www.strassenweb.de\\\/nachrichten\\\/naturschutzorganisationen-fordern-den-ersten-minister-auf-den-toedlichsten-windpark-der-welt-fuer-voegel-zu-stoppen\\\/\"]}]},{\"@type\":\"ImageObject\",\"inLanguage\":\"de\",\"@id\":\"https:\\\/\\\/www.strassenweb.de\\\/nachrichten\\\/naturschutzorganisationen-fordern-den-ersten-minister-auf-den-toedlichsten-windpark-der-welt-fuer-voegel-zu-stoppen\\\/#primaryimage\",\"url\":\"https:\\\/\\\/www.strassenweb.de\\\/nachrichten\\\/wp-content\\\/uploads\\\/2025\\\/10\\\/Naturschutzorganisationen-fordern-den-Ersten-Minister-auf-den-\u201etoedlichsten-Windpark-der.jpg\",\"contentUrl\":\"https:\\\/\\\/www.strassenweb.de\\\/nachrichten\\\/wp-content\\\/uploads\\\/2025\\\/10\\\/Naturschutzorganisationen-fordern-den-Ersten-Minister-auf-den-\u201etoedlichsten-Windpark-der.jpg\",\"width\":900,\"height\":600,\"caption\":\"Nature charities call on First Minister to stop &#039;world\u2019s most deadly windfarm&#039; for birds\"},{\"@type\":\"BreadcrumbList\",\"@id\":\"https:\\\/\\\/www.strassenweb.de\\\/nachrichten\\\/naturschutzorganisationen-fordern-den-ersten-minister-auf-den-toedlichsten-windpark-der-welt-fuer-voegel-zu-stoppen\\\/#breadcrumb\",\"itemListElement\":[{\"@type\":\"ListItem\",\"position\":1,\"name\":\"Home\",\"item\":\"https:\\\/\\\/www.strassenweb.de\\\/nachrichten\\\/\"},{\"@type\":\"ListItem\",\"position\":2,\"name\":\"Naturschutzorganisationen fordern den Ersten Minister auf, den \u201et\u00f6dlichsten Windpark der Welt\u201c f\u00fcr V\u00f6gel zu stoppen\"}]},{\"@type\":\"WebSite\",\"@id\":\"https:\\\/\\\/www.strassenweb.de\\\/nachrichten\\\/#website\",\"url\":\"https:\\\/\\\/www.strassenweb.de\\\/nachrichten\\\/\",\"name\":\"Stra\u00dfenweb\",\"description\":\"Stra\u00dfenverzeichnis f\u00fcr Deutschland\",\"publisher\":{\"@id\":\"https:\\\/\\\/www.strassenweb.de\\\/nachrichten\\\/#organization\"},\"potentialAction\":[{\"@type\":\"SearchAction\",\"target\":{\"@type\":\"EntryPoint\",\"urlTemplate\":\"https:\\\/\\\/www.strassenweb.de\\\/nachrichten\\\/?s={search_term_string}\"},\"query-input\":{\"@type\":\"PropertyValueSpecification\",\"valueRequired\":true,\"valueName\":\"search_term_string\"}}],\"inLanguage\":\"de\"},{\"@type\":\"Organization\",\"@id\":\"https:\\\/\\\/www.strassenweb.de\\\/nachrichten\\\/#organization\",\"name\":\"Stra\u00dfenweb\",\"url\":\"https:\\\/\\\/www.strassenweb.de\\\/nachrichten\\\/\",\"logo\":{\"@type\":\"ImageObject\",\"inLanguage\":\"de\",\"@id\":\"https:\\\/\\\/www.strassenweb.de\\\/nachrichten\\\/#\\\/schema\\\/logo\\\/image\\\/\",\"url\":\"https:\\\/\\\/www.strassenweb.de\\\/nachrichten\\\/wp-content\\\/uploads\\\/2024\\\/09\\\/cropped-favicon.png\",\"contentUrl\":\"https:\\\/\\\/www.strassenweb.de\\\/nachrichten\\\/wp-content\\\/uploads\\\/2024\\\/09\\\/cropped-favicon.png\",\"width\":512,\"height\":512,\"caption\":\"Stra\u00dfenweb\"},\"image\":{\"@id\":\"https:\\\/\\\/www.strassenweb.de\\\/nachrichten\\\/#\\\/schema\\\/logo\\\/image\\\/\"},\"sameAs\":[\"https:\\\/\\\/www.facebook.com\\\/strassenweb\\\/\"]},{\"@type\":\"Person\",\"@id\":\"https:\\\/\\\/www.strassenweb.de\\\/nachrichten\\\/#\\\/schema\\\/person\\\/87c9c9067f1211da429a744dc5a5aa41\",\"name\":\"Robert Hoffmann\",\"image\":{\"@type\":\"ImageObject\",\"inLanguage\":\"de\",\"@id\":\"https:\\\/\\\/www.strassenweb.de\\\/nachrichten\\\/wp-content\\\/uploads\\\/2024\\\/09\\\/strassenweb-150x150.jpg\",\"url\":\"https:\\\/\\\/www.strassenweb.de\\\/nachrichten\\\/wp-content\\\/uploads\\\/2024\\\/09\\\/strassenweb-150x150.jpg\",\"contentUrl\":\"https:\\\/\\\/www.strassenweb.de\\\/nachrichten\\\/wp-content\\\/uploads\\\/2024\\\/09\\\/strassenweb-150x150.jpg\",\"caption\":\"Robert Hoffmann\"},\"description\":\"Ich hei\u00dfe Robert Hoffmann und ich bin ein leidenschaftlicher Verfechter von \u00d6kologie und Biodiversit\u00e4t. Seit meiner Kindheit in den W\u00e4ldern Bayerns f\u00fchle ich mich mit der Natur verbunden und bin entschlossen, sie zu sch\u00fctzen. Heute widme ich mein Leben der Sensibilisierung anderer f\u00fcr die Bedeutung des Umweltschutzes f\u00fcr zuk\u00fcnftige Generationen.\",\"sameAs\":[\"https:\\\/\\\/www.strassenweb.de\\\/\"]}]}<\/script>\n<!-- \/ Yoast SEO plugin. -->","yoast_head_json":{"title":"Naturschutzorganisationen fordern den Ersten Minister auf, den \u201et\u00f6dlichsten Windpark der Welt\u201c f\u00fcr V\u00f6gel zu stoppen - Nachrichten - Stra\u00dfenweb","robots":{"index":"index","follow":"follow","max-snippet":"max-snippet:-1","max-image-preview":"max-image-preview:large","max-video-preview":"max-video-preview:-1"},"canonical":"https:\/\/www.strassenweb.de\/nachrichten\/naturschutzorganisationen-fordern-den-ersten-minister-auf-den-toedlichsten-windpark-der-welt-fuer-voegel-zu-stoppen\/","og_locale":"de_DE","og_type":"article","og_title":"Naturschutzorganisationen fordern den Ersten Minister auf, den \u201et\u00f6dlichsten Windpark der Welt\u201c f\u00fcr V\u00f6gel zu stoppen - Nachrichten - Stra\u00dfenweb","og_description":"F\u00fcnf Naturschutzorganisationen fordern heute den Ersten Minister Schottlands auf, den Bau des \u201eweltweit t\u00f6dlichsten Windparks f\u00fcr V\u00f6gel\u201c zu stoppen. Laut RSPB und Naturschutzpartnern k\u00f6nnte Berwick","og_url":"https:\/\/www.strassenweb.de\/nachrichten\/naturschutzorganisationen-fordern-den-ersten-minister-auf-den-toedlichsten-windpark-der-welt-fuer-voegel-zu-stoppen\/","og_site_name":"Stra\u00dfenweb","article_publisher":"https:\/\/www.facebook.com\/strassenweb\/","article_published_time":"2025-10-23T09:39:22+00:00","og_image":[{"width":900,"height":600,"url":"https:\/\/www.strassenweb.de\/nachrichten\/wp-content\/uploads\/2025\/10\/Naturschutzorganisationen-fordern-den-Ersten-Minister-auf-den-\u201etoedlichsten-Windpark-der.jpg","type":"image\/jpeg"}],"author":"Robert Hoffmann","twitter_card":"summary_large_image","twitter_misc":{"Verfasst von":"Robert Hoffmann","Gesch\u00e4tzte Lesezeit":"5\u00a0Minuten"},"schema":{"@context":"https:\/\/schema.org","@graph":[{"@type":"Article","@id":"https:\/\/www.strassenweb.de\/nachrichten\/naturschutzorganisationen-fordern-den-ersten-minister-auf-den-toedlichsten-windpark-der-welt-fuer-voegel-zu-stoppen\/#article","isPartOf":{"@id":"https:\/\/www.strassenweb.de\/nachrichten\/naturschutzorganisationen-fordern-den-ersten-minister-auf-den-toedlichsten-windpark-der-welt-fuer-voegel-zu-stoppen\/"},"author":{"name":"Robert Hoffmann","@id":"https:\/\/www.strassenweb.de\/nachrichten\/#\/schema\/person\/87c9c9067f1211da429a744dc5a5aa41"},"headline":"Naturschutzorganisationen fordern den Ersten Minister auf, den \u201et\u00f6dlichsten Windpark der Welt\u201c f\u00fcr V\u00f6gel zu stoppen","datePublished":"2025-10-23T09:39:22+00:00","mainEntityOfPage":{"@id":"https:\/\/www.strassenweb.de\/nachrichten\/naturschutzorganisationen-fordern-den-ersten-minister-auf-den-toedlichsten-windpark-der-welt-fuer-voegel-zu-stoppen\/"},"wordCount":932,"publisher":{"@id":"https:\/\/www.strassenweb.de\/nachrichten\/#organization"},"image":{"@id":"https:\/\/www.strassenweb.de\/nachrichten\/naturschutzorganisationen-fordern-den-ersten-minister-auf-den-toedlichsten-windpark-der-welt-fuer-voegel-zu-stoppen\/#primaryimage"},"thumbnailUrl":"https:\/\/www.strassenweb.de\/nachrichten\/wp-content\/uploads\/2025\/10\/Naturschutzorganisationen-fordern-den-Ersten-Minister-auf-den-\u201etoedlichsten-Windpark-der.jpg","keywords":["auf","den","der","ersten","f\u00f6rdern","f\u00fcr","Minister","Naturschutzorganisationen","stoppen","t\u00f6dlichsten","V\u00f6gel","Welt","Windpark"],"articleSection":["\u00d6kologie"],"inLanguage":"de"},{"@type":"WebPage","@id":"https:\/\/www.strassenweb.de\/nachrichten\/naturschutzorganisationen-fordern-den-ersten-minister-auf-den-toedlichsten-windpark-der-welt-fuer-voegel-zu-stoppen\/","url":"https:\/\/www.strassenweb.de\/nachrichten\/naturschutzorganisationen-fordern-den-ersten-minister-auf-den-toedlichsten-windpark-der-welt-fuer-voegel-zu-stoppen\/","name":"Naturschutzorganisationen fordern den Ersten Minister auf, den \u201et\u00f6dlichsten Windpark der Welt\u201c f\u00fcr V\u00f6gel zu stoppen - Nachrichten - Stra\u00dfenweb","isPartOf":{"@id":"https:\/\/www.strassenweb.de\/nachrichten\/#website"},"primaryImageOfPage":{"@id":"https:\/\/www.strassenweb.de\/nachrichten\/naturschutzorganisationen-fordern-den-ersten-minister-auf-den-toedlichsten-windpark-der-welt-fuer-voegel-zu-stoppen\/#primaryimage"},"image":{"@id":"https:\/\/www.strassenweb.de\/nachrichten\/naturschutzorganisationen-fordern-den-ersten-minister-auf-den-toedlichsten-windpark-der-welt-fuer-voegel-zu-stoppen\/#primaryimage"},"thumbnailUrl":"https:\/\/www.strassenweb.de\/nachrichten\/wp-content\/uploads\/2025\/10\/Naturschutzorganisationen-fordern-den-Ersten-Minister-auf-den-\u201etoedlichsten-Windpark-der.jpg","datePublished":"2025-10-23T09:39:22+00:00","breadcrumb":{"@id":"https:\/\/www.strassenweb.de\/nachrichten\/naturschutzorganisationen-fordern-den-ersten-minister-auf-den-toedlichsten-windpark-der-welt-fuer-voegel-zu-stoppen\/#breadcrumb"},"inLanguage":"de","potentialAction":[{"@type":"ReadAction","target":["https:\/\/www.strassenweb.de\/nachrichten\/naturschutzorganisationen-fordern-den-ersten-minister-auf-den-toedlichsten-windpark-der-welt-fuer-voegel-zu-stoppen\/"]}]},{"@type":"ImageObject","inLanguage":"de","@id":"https:\/\/www.strassenweb.de\/nachrichten\/naturschutzorganisationen-fordern-den-ersten-minister-auf-den-toedlichsten-windpark-der-welt-fuer-voegel-zu-stoppen\/#primaryimage","url":"https:\/\/www.strassenweb.de\/nachrichten\/wp-content\/uploads\/2025\/10\/Naturschutzorganisationen-fordern-den-Ersten-Minister-auf-den-\u201etoedlichsten-Windpark-der.jpg","contentUrl":"https:\/\/www.strassenweb.de\/nachrichten\/wp-content\/uploads\/2025\/10\/Naturschutzorganisationen-fordern-den-Ersten-Minister-auf-den-\u201etoedlichsten-Windpark-der.jpg","width":900,"height":600,"caption":"Nature charities call on First Minister to stop &#039;world\u2019s most deadly windfarm&#039; for birds"},{"@type":"BreadcrumbList","@id":"https:\/\/www.strassenweb.de\/nachrichten\/naturschutzorganisationen-fordern-den-ersten-minister-auf-den-toedlichsten-windpark-der-welt-fuer-voegel-zu-stoppen\/#breadcrumb","itemListElement":[{"@type":"ListItem","position":1,"name":"Home","item":"https:\/\/www.strassenweb.de\/nachrichten\/"},{"@type":"ListItem","position":2,"name":"Naturschutzorganisationen fordern den Ersten Minister auf, den \u201et\u00f6dlichsten Windpark der Welt\u201c f\u00fcr V\u00f6gel zu stoppen"}]},{"@type":"WebSite","@id":"https:\/\/www.strassenweb.de\/nachrichten\/#website","url":"https:\/\/www.strassenweb.de\/nachrichten\/","name":"Stra\u00dfenweb","description":"Stra\u00dfenverzeichnis f\u00fcr Deutschland","publisher":{"@id":"https:\/\/www.strassenweb.de\/nachrichten\/#organization"},"potentialAction":[{"@type":"SearchAction","target":{"@type":"EntryPoint","urlTemplate":"https:\/\/www.strassenweb.de\/nachrichten\/?s={search_term_string}"},"query-input":{"@type":"PropertyValueSpecification","valueRequired":true,"valueName":"search_term_string"}}],"inLanguage":"de"},{"@type":"Organization","@id":"https:\/\/www.strassenweb.de\/nachrichten\/#organization","name":"Stra\u00dfenweb","url":"https:\/\/www.strassenweb.de\/nachrichten\/","logo":{"@type":"ImageObject","inLanguage":"de","@id":"https:\/\/www.strassenweb.de\/nachrichten\/#\/schema\/logo\/image\/","url":"https:\/\/www.strassenweb.de\/nachrichten\/wp-content\/uploads\/2024\/09\/cropped-favicon.png","contentUrl":"https:\/\/www.strassenweb.de\/nachrichten\/wp-content\/uploads\/2024\/09\/cropped-favicon.png","width":512,"height":512,"caption":"Stra\u00dfenweb"},"image":{"@id":"https:\/\/www.strassenweb.de\/nachrichten\/#\/schema\/logo\/image\/"},"sameAs":["https:\/\/www.facebook.com\/strassenweb\/"]},{"@type":"Person","@id":"https:\/\/www.strassenweb.de\/nachrichten\/#\/schema\/person\/87c9c9067f1211da429a744dc5a5aa41","name":"Robert Hoffmann","image":{"@type":"ImageObject","inLanguage":"de","@id":"https:\/\/www.strassenweb.de\/nachrichten\/wp-content\/uploads\/2024\/09\/strassenweb-150x150.jpg","url":"https:\/\/www.strassenweb.de\/nachrichten\/wp-content\/uploads\/2024\/09\/strassenweb-150x150.jpg","contentUrl":"https:\/\/www.strassenweb.de\/nachrichten\/wp-content\/uploads\/2024\/09\/strassenweb-150x150.jpg","caption":"Robert Hoffmann"},"description":"Ich hei\u00dfe Robert Hoffmann und ich bin ein leidenschaftlicher Verfechter von \u00d6kologie und Biodiversit\u00e4t. Seit meiner Kindheit in den W\u00e4ldern Bayerns f\u00fchle ich mich mit der Natur verbunden und bin entschlossen, sie zu sch\u00fctzen. Heute widme ich mein Leben der Sensibilisierung anderer f\u00fcr die Bedeutung des Umweltschutzes f\u00fcr zuk\u00fcnftige Generationen.","sameAs":["https:\/\/www.strassenweb.de\/"]}]}},"_links":{"self":[{"href":"https:\/\/www.strassenweb.de\/nachrichten\/wp-json\/wp\/v2\/posts\/8701","targetHints":{"allow":["GET"]}}],"collection":[{"href":"https:\/\/www.strassenweb.de\/nachrichten\/wp-json\/wp\/v2\/posts"}],"about":[{"href":"https:\/\/www.strassenweb.de\/nachrichten\/wp-json\/wp\/v2\/types\/post"}],"author":[{"embeddable":true,"href":"https:\/\/www.strassenweb.de\/nachrichten\/wp-json\/wp\/v2\/users\/1"}],"replies":[{"embeddable":true,"href":"https:\/\/www.strassenweb.de\/nachrichten\/wp-json\/wp\/v2\/comments?post=8701"}],"version-history":[{"count":0,"href":"https:\/\/www.strassenweb.de\/nachrichten\/wp-json\/wp\/v2\/posts\/8701\/revisions"}],"wp:featuredmedia":[{"embeddable":true,"href":"https:\/\/www.strassenweb.de\/nachrichten\/wp-json\/wp\/v2\/media\/8702"}],"wp:attachment":[{"href":"https:\/\/www.strassenweb.de\/nachrichten\/wp-json\/wp\/v2\/media?parent=8701"}],"wp:term":[{"taxonomy":"category","embeddable":true,"href":"https:\/\/www.strassenweb.de\/nachrichten\/wp-json\/wp\/v2\/categories?post=8701"},{"taxonomy":"post_tag","embeddable":true,"href":"https:\/\/www.strassenweb.de\/nachrichten\/wp-json\/wp\/v2\/tags?post=8701"}],"curies":[{"name":"wp","href":"https:\/\/api.w.org\/{rel}","templated":true}]}}