{"id":8696,"date":"2025-10-23T07:43:00","date_gmt":"2025-10-23T05:43:00","guid":{"rendered":"https:\/\/www.strassenweb.de\/nachrichten\/diese-innenarchitektin-verwandelte-ihren-kalten-seelenlosen-neubau-in-ein-familienhaus-das-gemuetlich-und-voller-charme-ist\/"},"modified":"2025-10-23T07:43:03","modified_gmt":"2025-10-23T05:43:03","slug":"diese-innenarchitektin-verwandelte-ihren-kalten-seelenlosen-neubau-in-ein-familienhaus-das-gemuetlich-und-voller-charme-ist","status":"publish","type":"post","link":"https:\/\/www.strassenweb.de\/nachrichten\/diese-innenarchitektin-verwandelte-ihren-kalten-seelenlosen-neubau-in-ein-familienhaus-das-gemuetlich-und-voller-charme-ist\/","title":{"rendered":"Diese Innenarchitektin verwandelte ihren \u201ekalten, seelenlosen\u201c Neubau in ein Familienhaus, das gem\u00fctlich und voller Charme ist"},"content":{"rendered":"<p><\/p>\n<div id=\"article-body\" class=\"article__body \">\n<p id=\"080e6205-841c-4208-bb00-0f9dfbcbbcc7\">Wenn ein Haus in einer Zwangsversteigerung zum Abrisswert verkauft wird, vermittelt das nicht das beste Bild von dem, womit Sie arbeiten. Doch die Designerin Steph Schlegelmilch, Gr\u00fcnderin und Kreativdirektorin von Studio Seva, erkannte das Potenzial in diesem ungeliebten Zuhause. Dieses Haus in Westport hatte etwas Besonderes. Anstatt bei Null anzufangen, entschied sie sich daf\u00fcr, mit dem zu arbeiten, was sie hatte \u2013 sie nahm ein, wie sie es nennt, langweiliges \u201eBaumeister-Special\u201c und verwandelte es in ein Familienhaus voller Charakter und Charme.<\/p>\n<aside data-block-type=\"embed\" data-render-type=\"fte\" data-skip=\"dealsy\" data-widget-type=\"seasonal\" class=\"hawk-root\"><\/aside>\n<p id=\"080e6205-841c-4208-bb00-0f9dfbcbbcc7-2\">Die Vision f\u00fcr die Renovierung war \u201ekomfortabel, gehoben und zeitlos mit einem starken europ\u00e4ischen Einfluss\u201c, und durch die richtigen \u00c4nderungen an den richtigen Stellen \u2013 und gleichzeitig die Wahrung der guten Teile des urspr\u00fcnglichen Hauses \u2013 wurde diese Vision definitiv erreicht.<\/p>\n<p class=\"paywall\" aria-hidden=\"true\">Hier erz\u00e4hlt uns die Gr\u00fcnderin von Studio Seva von ihrem Weg zur Renovierung ihres eigenen Zuhauses, vom ersten Besuch bis zu den kleinen Momenten, die sie nach Abschluss des Projekts genie\u00dft.<\/p>\n<figure class=\"van-image-figure full-width-layout \" data-bordeaux-image-check id=\"86367e88-7aa1-44c5-8a4c-88dcb468241b\">\n<div class=\"image-full-width-wrapper\">\n<div class=\"image-widthsetter\"><\/div>\n<\/div>\n<\/figure>\n<p id=\"26c00d9c-94a5-40b1-97b4-4b51b67a859d\">\u201eDas Haus liegt auf einem Eckgrundst\u00fcck an einer wundersch\u00f6nen kurvenreichen Stra\u00dfe und zeichnet sich durch herausragende \u00e4u\u00dfere Merkmale wie die Stuckfassade, das Dach aus Zedernholz sowie Kupferbleche und Dachrinnen aus, die uns sofort in seinen Bann gezogen haben. Das Haus wurde 2005 erbaut und ist weitgehend im englischen Tudor-Stil gehalten, was in unserer Gegend von Westport, wo es sich bei vielen H\u00e4usern um moderne Bauernh\u00e4user handelt, selten ist.\u201c<\/p>\n<p>\u201eAls wir um die Ecke zur Auffahrt bogen, hatten wir das Gef\u00fchl, in ein europ\u00e4isches Landhaus gezogen zu werden. Es war anders als alles, was wir in Westport gesehen hatten! Ich werde nie vergessen, wie ich durch die Vordert\u00fcr ging, mich nach rechts wandte und hinter den gew\u00f6lbten Verkleidungen den atemberaubenden, raumhohen Steinkamin sah.<\/p>\n<p>\u201eMein Mann und ich hatten beide Tr\u00e4nen in den Augen und sagten uns sofort: \u201eDas ist der Richtige\u201c, noch bevor wir das Foyer verlie\u00dfen. \u201eAlle architektonischen Details, Zierleisten und die vielen Stufen, die in verschiedene R\u00e4ume f\u00fchren, haben uns in Erstaunen versetzt.\u201c<\/p>\n<p>\u201eUnsere urspr\u00fcngliche Vision f\u00fcr das Haus bestand darin, es einfach aufzuwerten und alle Materialien einzubringen, die ein Haus wie dieses verdient: Trommelsteinb\u00f6den, individuelle Beleuchtung und Fr\u00e4sarbeiten, die den wahren Stil des Hauses widerspiegeln.\u201c<\/p>\n<figure class=\"van-image-figure full-width-layout \" data-bordeaux-image-check id=\"fc9a1645-fcb0-4b4a-8b5a-efd8bf0aa065\">\n<div class=\"image-full-width-wrapper\">\n<div class=\"image-widthsetter\"><\/div>\n<\/div>\n<\/figure>\n<p id=\"1cb7c9be-0a0d-4bbd-b758-de38153735ab\">\u201eAls wir mit den Renovierungsarbeiten begannen, war das Haus unglaublich kalt. Wir konnten sein Potenzial erahnen, aber als wir es kauften, f\u00fchlte es sich sehr oberfl\u00e4chlich und \u201espeziell f\u00fcr Bauherren\u201c an. \u201eDie installierte Beleuchtung war zum Beispiel in jeder Hinsicht in Ordnung, aber f\u00fcr mich f\u00fchlte sie sich verschwenderisch, unbeabsichtigt und langweilig an.\u201c<\/p>\n<p>\u201eIch konnte es sch\u00e4tzen, dass das Haus f\u00fcr die meisten auf ein akzeptables Niveau gebracht worden war, aber f\u00fcr mich hatte es keine Seele.\u201c \u201eEs gab einen Charme der alten Welt, den der urspr\u00fcngliche Erbauer vorgesehen hatte und den ich einfach sp\u00fcren wollte, der darauf wartete, wiederentdeckt zu werden.\u201c<\/p>\n<p>\u201eAu\u00dferdem mussten umfangreiche Landschaftsbauarbeiten durchgef\u00fchrt werden.\u201c Obwohl wir das Potenzial erkennen konnten, wissen wir, dass es eine schwere Aufgabe w\u00e4re, das \u00c4u\u00dfere und die umliegende Landschaft zusammen mit dem Haus wiederherzustellen.\u201c<\/p>\n<p>\u201eDas Grundst\u00fcck liegt auf einem Felsvorsprung von der Gr\u00f6\u00dfe eines Fu\u00dfballfeldes, daher mussten wir fast 400 Meter des Felsvorsprungs entfernen \u2013 was den Projektzeitplan um drei Monate verz\u00f6gerte.\u201c Es war anstrengend und bereitete uns und unseren Nachbarn Kopfschmerzen. Aber es hat sich gelohnt \u2013 der R\u00fcckzugsort im Hinterhof verf\u00fcgt jetzt \u00fcber einen Pool, mehrstufige Terrassen und G\u00e4rten, St\u00fctzmauern und eine ausgereifte Landschaftsgestaltung.\u201c<\/p>\n<figure class=\"van-image-figure full-width-layout \" data-bordeaux-image-check id=\"c6e7b5bf-c024-4115-91b9-9e7707d6298c\">\n<div class=\"image-full-width-wrapper\">\n<div class=\"image-widthsetter\"><\/div>\n<\/div>\n<\/figure>\n<p id=\"d7b03e11-2a72-4f20-9b70-2d5f341f138c\">\u201eDie K\u00fcche erforderte tats\u00e4chlich nur minimale Arbeiten in Bezug auf Design und Layout, erforderte jedoch viele Verbesserungen hinsichtlich der Funktionalit\u00e4t.\u201c Die urspr\u00fcnglichen Ger\u00e4te waren veraltet, zu klein und seltsam konfiguriert, wie ein K\u00fchlschrank mit Linksanschlag, der direkt neben einem Gefrierschrank mit Linksanschlag stand!\u201c<\/p>\n<p>\u201eAufgrund der \u00c4nderung der Standard-K\u00fchlh\u00f6he vor 20 Jahren bedeutete dies, dass wir auch die integrierte Verkleidung neu gestalten mussten. Wir haben das unterdimensionierte Sortiment gegen eines von Lacanche ausgetauscht, uns eine neue Gipshaube ausgedacht und die Beleuchtung durchgehend modernisiert. Ich habe mich in die Inselanh\u00e4nger von Matthew Cox aus England verliebt \u2013 das waren tats\u00e4chlich die ersten Artikel, die wir f\u00fcr unser Zuhause gekauft haben!\u2018<\/p>\n<figure class=\"van-image-figure full-width-layout \" data-bordeaux-image-check id=\"cd7dca37-bb44-44d6-a511-b235dd750c9b\">\n<div class=\"image-full-width-wrapper\">\n<div class=\"image-widthsetter\"><\/div>\n<\/div>\n<\/figure>\n<p id=\"2a0f10c6-e41b-43b6-a038-4babf5c0ac13\">\u201eDas Ambiente und die Stimmung stehen im Vordergrund, besonders in einem Esszimmer.\u201c Sanftes Licht und angez\u00fcndete Kandelaber am Esstisch haben etwas Besonderes! \u201eIch wollte einen dunklen und schw\u00fclen Raum, und weil der Raum selbst ziemlich gro\u00df ist und hohe Decken hat, habe ich mich daf\u00fcr entschieden.\u201c<\/p>\n<p>\u201eWir haben Putz verwendet, um die W\u00e4nde durchgehend aufzuw\u00e4rmen, da dies f\u00fcr ein Haus im europ\u00e4ischen Stil sinnvoll ist, und die dunklere Oberfl\u00e4che schien die richtige Mischung aus Mut und Sinnlichkeit zu sein.\u201c Da sich das Esszimmer im hinteren Teil des Hauses befindet, ist es nicht das Erste, was man sieht, wenn man das Haus betritt. Ich wusste, dass es gut funktionieren w\u00fcrde, wenn ich diesen dunkleren Ton durch Akzente in anderen R\u00e4umen wiederhole.<\/p>\n<figure class=\"van-image-figure full-width-layout \" data-bordeaux-image-check id=\"bb94da67-acab-447f-a279-e3e832b85721\">\n<div class=\"image-full-width-wrapper\">\n<div class=\"image-widthsetter\"><\/div>\n<\/div>\n<\/figure>\n<p id=\"88882542-3593-441d-b1a2-5c323de35f5c\">\u201eMein Lieblingsraum ist zweifellos unser Familienzimmer.\u201c Es ist der Ort, an dem wir alle t\u00e4glich abh\u00e4ngen und entspannen. Es grenzt an die K\u00fcche und obwohl es sich um einen separaten Raum handelt, haben Sie nicht das Gef\u00fchl, in Ihrem Wohnzimmer zu essen. Ich hasse das tats\u00e4chlich an vielen modernen H\u00e4usern, die heute gebaut werden!\u2018<\/p>\n<p>\u201eEs gibt ein paar besondere Details, die ich in diesem Raum entworfen habe, wie die gew\u00f6lbte Nische mit individuell gebeiztem Eichenholzwerk.\u201c Dem Raum wurde Symmetrie verliehen, indem die Wand neben dem Kamin ausgebaut und eine zweite Quelle f\u00fcr Umgebungsbeleuchtung hinzugef\u00fcgt wurde. \u201eIch habe den perfekten recycelten Balken f\u00fcr unseren Kaminsims gefunden und den Kamin auf Gas umgestellt, was jetzt schick aussieht und den Raum in den k\u00e4lteren Monaten besonders gem\u00fctlich macht.\u201c<\/p>\n<figure class=\"van-image-figure full-width-layout \" data-bordeaux-image-check id=\"d36f9b8d-a65c-40fb-a2dd-3e78ad21feb9\">\n<div class=\"image-full-width-wrapper\">\n<div class=\"image-widthsetter\"><\/div>\n<\/div>\n<\/figure>\n<p id=\"bc0d2a18-e831-4f86-a6ed-a7303c2b37ce\">\u201eIch sammle und besorge st\u00e4ndig, nicht nur f\u00fcr meine Kunden, sondern auch f\u00fcr mein eigenes Zuhause. Es ist ein nie endender Prozess! \u201eIch liebe besonders europ\u00e4ische Marken wie Rose Uniacke, deren Anh\u00e4nger ich in meiner Toilette h\u00e4ngen habe.\u201c<\/p>\n<p>\u201eIch f\u00fchle mich zu einer authentischen, klassischen Atmosph\u00e4re hingezogen und wei\u00df, dass sie in meinem Zuhause funktionieren wird.\u201c Die Beschaffung \u00fcber 1stDibs ist f\u00fcr mich ein spannendes Erlebnis und ich scheine immer neue St\u00fccke von Vintage-M\u00e4rkten mit nach Hause zu bringen. Ich glaube, dass ein Zuhause gesammelt werden sollte, und dazu geh\u00f6rt auch, es mit Gegenst\u00e4nden zu f\u00fcllen, die eine Geschichte zu erz\u00e4hlen haben. \u201eAu\u00dferdem hat Vintage immer eine tolle Patina, was ich sehr sch\u00e4tze.\u201c<\/p>\n<p>\u201eBei der Beschaffung neuer Produkte bem\u00fche ich mich, mein Zuhause nur mit meinen Lieblingsmarken und -herstellern zu f\u00fcllen, wie z. B. Verellen f\u00fcr Erbst\u00fcckqualit\u00e4t und stilsichere M\u00f6bel. Ihre St\u00fccke sind wirklich auf Langlebigkeit ausgelegt und zweifellos die bequemsten, die ich je gefunden habe. Ich finde, dass man bei Unternehmen wie dem ihren mit wirklich guten Leuten zusammenarbeitet, die bei allem, was sie tun, gro\u00dfe Sorgfalt walten lassen \u2013 und das ist mir besonders wichtig.\u201c<\/p>\n<figure class=\"van-image-figure full-width-layout \" data-bordeaux-image-check id=\"9b1171f5-855b-4617-82a6-aebecb3c1237\">\n<div class=\"image-full-width-wrapper\">\n<div class=\"image-widthsetter\"><\/div>\n<\/div>\n<\/figure>\n<p id=\"27649ce7-a34b-4ae3-a33a-b4a598dbe692\">\u201eIch werde nie m\u00fcde, nach einem langen Arbeitstag in dieses Haus zur\u00fcckzukehren, die Dimmer aller Lichter auf 35 % zu stellen und die Akzentbeleuchtung einzuschalten \u2013 Stehlampen, Nachttischlampen, Wandlampen, was auch immer.\u201c Es gibt etwas, das so beruhigend ist, wenn die Beleuchtung niedrig eingestellt ist. Es zwingt mich einfach dazu, mich mit meinem Mann und unserem Goldendoodle auf der Couch zu entspannen und es mir gem\u00fctlich zu machen.\u201c<\/p>\n<p>\u201eWir schaffen f\u00fcr unsere Kunden bewohnte und komfortable H\u00e4user, in denen es sich wie etwas anf\u00fchlt und nicht nur wie etwas aussieht.\u201c Das ist der Kern dessen, wer ich bin und wie ich gestalte, daher denke ich, dass sich dieser Glaube leicht auf mein eigenes Zuhause \u00fcbertragen l\u00e4sst. Dies ist mir gelungen, indem ich durch Texturen und Farbpaletten interessante und dennoch zeitlose Silhouetten, tiefe Sitztiefen und W\u00e4rme einflie\u00dfen lie\u00df. Mir geht es darum, Ihre F\u00fc\u00dfe hochzulegen, und ja, ich lasse auch meinen Hund diese zermatschten Sofar\u00fcckenkissen genie\u00dfen!\u2018<\/p>\n<\/div>\n","protected":false},"excerpt":{"rendered":"<p>Wenn ein Haus in einer Zwangsversteigerung zum Abrisswert verkauft wird, vermittelt das nicht das beste Bild von dem, womit Sie arbeiten. Doch die Designerin Steph<\/p>\n","protected":false},"author":1,"featured_media":8697,"comment_status":"closed","ping_status":"","sticky":false,"template":"","format":"standard","meta":{"footnotes":""},"categories":[118],"tags":[390,112,143,43,8671,934,325,1811,15,2863,11035,11034,37,5274,792],"class_list":["post-8696","post","type-post","status-publish","format-standard","has-post-thumbnail","hentry","category-haus-garten","tag-charme","tag-das","tag-diese","tag-ein","tag-familienhaus","tag-gemuetlich","tag-ihren","tag-innenarchitektin","tag-ist","tag-kalten","tag-neubau","tag-seelenlosen","tag-und","tag-verwandelte","tag-voller","generate-columns","tablet-grid-50","mobile-grid-100","grid-parent","grid-50"],"yoast_head":"<!-- This site is optimized with the Yoast SEO plugin v27.3 - https:\/\/yoast.com\/product\/yoast-seo-wordpress\/ -->\n<title>Diese Innenarchitektin verwandelte ihren \u201ekalten, seelenlosen\u201c Neubau in ein Familienhaus, das gem\u00fctlich und voller Charme ist - Nachrichten - Stra\u00dfenweb<\/title>\n<meta name=\"robots\" content=\"index, follow, max-snippet:-1, max-image-preview:large, max-video-preview:-1\" \/>\n<link rel=\"canonical\" href=\"https:\/\/www.strassenweb.de\/nachrichten\/diese-innenarchitektin-verwandelte-ihren-kalten-seelenlosen-neubau-in-ein-familienhaus-das-gemuetlich-und-voller-charme-ist\/\" \/>\n<meta property=\"og:locale\" content=\"de_DE\" \/>\n<meta property=\"og:type\" content=\"article\" \/>\n<meta property=\"og:title\" content=\"Diese Innenarchitektin verwandelte ihren \u201ekalten, seelenlosen\u201c Neubau in ein Familienhaus, das gem\u00fctlich und voller Charme ist - Nachrichten - Stra\u00dfenweb\" \/>\n<meta property=\"og:description\" content=\"Wenn ein Haus in einer Zwangsversteigerung zum Abrisswert verkauft wird, vermittelt das nicht das beste Bild von dem, womit Sie arbeiten. Doch die Designerin Steph\" \/>\n<meta property=\"og:url\" content=\"https:\/\/www.strassenweb.de\/nachrichten\/diese-innenarchitektin-verwandelte-ihren-kalten-seelenlosen-neubau-in-ein-familienhaus-das-gemuetlich-und-voller-charme-ist\/\" \/>\n<meta property=\"og:site_name\" content=\"Stra\u00dfenweb\" \/>\n<meta property=\"article:publisher\" content=\"https:\/\/www.facebook.com\/strassenweb\/\" \/>\n<meta property=\"article:published_time\" content=\"2025-10-23T05:43:00+00:00\" \/>\n<meta property=\"article:modified_time\" content=\"2025-10-23T05:43:03+00:00\" \/>\n<meta property=\"og:image\" content=\"https:\/\/www.strassenweb.de\/nachrichten\/wp-content\/uploads\/2025\/10\/Diese-Innenarchitektin-verwandelte-ihren-\u201ekalten-seelenlosen-Neubau-in-ein-Familienhaus.jpg\" \/>\n\t<meta property=\"og:image:width\" content=\"2560\" \/>\n\t<meta property=\"og:image:height\" content=\"1440\" \/>\n\t<meta property=\"og:image:type\" content=\"image\/jpeg\" \/>\n<meta name=\"author\" content=\"Robert Hoffmann\" \/>\n<meta name=\"twitter:card\" content=\"summary_large_image\" \/>\n<meta name=\"twitter:label1\" content=\"Verfasst von\" \/>\n\t<meta name=\"twitter:data1\" content=\"Robert Hoffmann\" \/>\n\t<meta name=\"twitter:label2\" content=\"Gesch\u00e4tzte Lesezeit\" \/>\n\t<meta name=\"twitter:data2\" content=\"7\u00a0Minuten\" \/>\n<script type=\"application\/ld+json\" class=\"yoast-schema-graph\">{\"@context\":\"https:\\\/\\\/schema.org\",\"@graph\":[{\"@type\":\"Article\",\"@id\":\"https:\\\/\\\/www.strassenweb.de\\\/nachrichten\\\/diese-innenarchitektin-verwandelte-ihren-kalten-seelenlosen-neubau-in-ein-familienhaus-das-gemuetlich-und-voller-charme-ist\\\/#article\",\"isPartOf\":{\"@id\":\"https:\\\/\\\/www.strassenweb.de\\\/nachrichten\\\/diese-innenarchitektin-verwandelte-ihren-kalten-seelenlosen-neubau-in-ein-familienhaus-das-gemuetlich-und-voller-charme-ist\\\/\"},\"author\":{\"name\":\"Robert Hoffmann\",\"@id\":\"https:\\\/\\\/www.strassenweb.de\\\/nachrichten\\\/#\\\/schema\\\/person\\\/87c9c9067f1211da429a744dc5a5aa41\"},\"headline\":\"Diese Innenarchitektin verwandelte ihren \u201ekalten, seelenlosen\u201c Neubau in ein Familienhaus, das gem\u00fctlich und voller Charme ist\",\"datePublished\":\"2025-10-23T05:43:00+00:00\",\"dateModified\":\"2025-10-23T05:43:03+00:00\",\"mainEntityOfPage\":{\"@id\":\"https:\\\/\\\/www.strassenweb.de\\\/nachrichten\\\/diese-innenarchitektin-verwandelte-ihren-kalten-seelenlosen-neubau-in-ein-familienhaus-das-gemuetlich-und-voller-charme-ist\\\/\"},\"wordCount\":1362,\"publisher\":{\"@id\":\"https:\\\/\\\/www.strassenweb.de\\\/nachrichten\\\/#organization\"},\"image\":{\"@id\":\"https:\\\/\\\/www.strassenweb.de\\\/nachrichten\\\/diese-innenarchitektin-verwandelte-ihren-kalten-seelenlosen-neubau-in-ein-familienhaus-das-gemuetlich-und-voller-charme-ist\\\/#primaryimage\"},\"thumbnailUrl\":\"https:\\\/\\\/www.strassenweb.de\\\/nachrichten\\\/wp-content\\\/uploads\\\/2025\\\/10\\\/Diese-Innenarchitektin-verwandelte-ihren-\u201ekalten-seelenlosen-Neubau-in-ein-Familienhaus.jpg\",\"keywords\":[\"Charme\",\"das\",\"diese\",\"ein\",\"Familienhaus\",\"gem\u00fctlich\",\"ihren\",\"Innenarchitektin\",\"ist\",\"kalten\",\"Neubau\",\"seelenlosen\",\"und\",\"verwandelte\",\"voller\"],\"articleSection\":[\"Haus &amp; Garten\"],\"inLanguage\":\"de\"},{\"@type\":\"WebPage\",\"@id\":\"https:\\\/\\\/www.strassenweb.de\\\/nachrichten\\\/diese-innenarchitektin-verwandelte-ihren-kalten-seelenlosen-neubau-in-ein-familienhaus-das-gemuetlich-und-voller-charme-ist\\\/\",\"url\":\"https:\\\/\\\/www.strassenweb.de\\\/nachrichten\\\/diese-innenarchitektin-verwandelte-ihren-kalten-seelenlosen-neubau-in-ein-familienhaus-das-gemuetlich-und-voller-charme-ist\\\/\",\"name\":\"Diese Innenarchitektin verwandelte ihren \u201ekalten, seelenlosen\u201c Neubau in ein Familienhaus, das gem\u00fctlich und voller Charme ist - Nachrichten - Stra\u00dfenweb\",\"isPartOf\":{\"@id\":\"https:\\\/\\\/www.strassenweb.de\\\/nachrichten\\\/#website\"},\"primaryImageOfPage\":{\"@id\":\"https:\\\/\\\/www.strassenweb.de\\\/nachrichten\\\/diese-innenarchitektin-verwandelte-ihren-kalten-seelenlosen-neubau-in-ein-familienhaus-das-gemuetlich-und-voller-charme-ist\\\/#primaryimage\"},\"image\":{\"@id\":\"https:\\\/\\\/www.strassenweb.de\\\/nachrichten\\\/diese-innenarchitektin-verwandelte-ihren-kalten-seelenlosen-neubau-in-ein-familienhaus-das-gemuetlich-und-voller-charme-ist\\\/#primaryimage\"},\"thumbnailUrl\":\"https:\\\/\\\/www.strassenweb.de\\\/nachrichten\\\/wp-content\\\/uploads\\\/2025\\\/10\\\/Diese-Innenarchitektin-verwandelte-ihren-\u201ekalten-seelenlosen-Neubau-in-ein-Familienhaus.jpg\",\"datePublished\":\"2025-10-23T05:43:00+00:00\",\"dateModified\":\"2025-10-23T05:43:03+00:00\",\"breadcrumb\":{\"@id\":\"https:\\\/\\\/www.strassenweb.de\\\/nachrichten\\\/diese-innenarchitektin-verwandelte-ihren-kalten-seelenlosen-neubau-in-ein-familienhaus-das-gemuetlich-und-voller-charme-ist\\\/#breadcrumb\"},\"inLanguage\":\"de\",\"potentialAction\":[{\"@type\":\"ReadAction\",\"target\":[\"https:\\\/\\\/www.strassenweb.de\\\/nachrichten\\\/diese-innenarchitektin-verwandelte-ihren-kalten-seelenlosen-neubau-in-ein-familienhaus-das-gemuetlich-und-voller-charme-ist\\\/\"]}]},{\"@type\":\"ImageObject\",\"inLanguage\":\"de\",\"@id\":\"https:\\\/\\\/www.strassenweb.de\\\/nachrichten\\\/diese-innenarchitektin-verwandelte-ihren-kalten-seelenlosen-neubau-in-ein-familienhaus-das-gemuetlich-und-voller-charme-ist\\\/#primaryimage\",\"url\":\"https:\\\/\\\/www.strassenweb.de\\\/nachrichten\\\/wp-content\\\/uploads\\\/2025\\\/10\\\/Diese-Innenarchitektin-verwandelte-ihren-\u201ekalten-seelenlosen-Neubau-in-ein-Familienhaus.jpg\",\"contentUrl\":\"https:\\\/\\\/www.strassenweb.de\\\/nachrichten\\\/wp-content\\\/uploads\\\/2025\\\/10\\\/Diese-Innenarchitektin-verwandelte-ihren-\u201ekalten-seelenlosen-Neubau-in-ein-Familienhaus.jpg\",\"width\":2560,\"height\":1440,\"caption\":\"Neutral living room with a large stone fireplace and an arched alcove\"},{\"@type\":\"BreadcrumbList\",\"@id\":\"https:\\\/\\\/www.strassenweb.de\\\/nachrichten\\\/diese-innenarchitektin-verwandelte-ihren-kalten-seelenlosen-neubau-in-ein-familienhaus-das-gemuetlich-und-voller-charme-ist\\\/#breadcrumb\",\"itemListElement\":[{\"@type\":\"ListItem\",\"position\":1,\"name\":\"Home\",\"item\":\"https:\\\/\\\/www.strassenweb.de\\\/nachrichten\\\/\"},{\"@type\":\"ListItem\",\"position\":2,\"name\":\"Diese Innenarchitektin verwandelte ihren \u201ekalten, seelenlosen\u201c Neubau in ein Familienhaus, das gem\u00fctlich und voller Charme ist\"}]},{\"@type\":\"WebSite\",\"@id\":\"https:\\\/\\\/www.strassenweb.de\\\/nachrichten\\\/#website\",\"url\":\"https:\\\/\\\/www.strassenweb.de\\\/nachrichten\\\/\",\"name\":\"Stra\u00dfenweb\",\"description\":\"Stra\u00dfenverzeichnis f\u00fcr Deutschland\",\"publisher\":{\"@id\":\"https:\\\/\\\/www.strassenweb.de\\\/nachrichten\\\/#organization\"},\"potentialAction\":[{\"@type\":\"SearchAction\",\"target\":{\"@type\":\"EntryPoint\",\"urlTemplate\":\"https:\\\/\\\/www.strassenweb.de\\\/nachrichten\\\/?s={search_term_string}\"},\"query-input\":{\"@type\":\"PropertyValueSpecification\",\"valueRequired\":true,\"valueName\":\"search_term_string\"}}],\"inLanguage\":\"de\"},{\"@type\":\"Organization\",\"@id\":\"https:\\\/\\\/www.strassenweb.de\\\/nachrichten\\\/#organization\",\"name\":\"Stra\u00dfenweb\",\"url\":\"https:\\\/\\\/www.strassenweb.de\\\/nachrichten\\\/\",\"logo\":{\"@type\":\"ImageObject\",\"inLanguage\":\"de\",\"@id\":\"https:\\\/\\\/www.strassenweb.de\\\/nachrichten\\\/#\\\/schema\\\/logo\\\/image\\\/\",\"url\":\"https:\\\/\\\/www.strassenweb.de\\\/nachrichten\\\/wp-content\\\/uploads\\\/2024\\\/09\\\/cropped-favicon.png\",\"contentUrl\":\"https:\\\/\\\/www.strassenweb.de\\\/nachrichten\\\/wp-content\\\/uploads\\\/2024\\\/09\\\/cropped-favicon.png\",\"width\":512,\"height\":512,\"caption\":\"Stra\u00dfenweb\"},\"image\":{\"@id\":\"https:\\\/\\\/www.strassenweb.de\\\/nachrichten\\\/#\\\/schema\\\/logo\\\/image\\\/\"},\"sameAs\":[\"https:\\\/\\\/www.facebook.com\\\/strassenweb\\\/\"]},{\"@type\":\"Person\",\"@id\":\"https:\\\/\\\/www.strassenweb.de\\\/nachrichten\\\/#\\\/schema\\\/person\\\/87c9c9067f1211da429a744dc5a5aa41\",\"name\":\"Robert Hoffmann\",\"image\":{\"@type\":\"ImageObject\",\"inLanguage\":\"de\",\"@id\":\"https:\\\/\\\/www.strassenweb.de\\\/nachrichten\\\/wp-content\\\/uploads\\\/2024\\\/09\\\/strassenweb-150x150.jpg\",\"url\":\"https:\\\/\\\/www.strassenweb.de\\\/nachrichten\\\/wp-content\\\/uploads\\\/2024\\\/09\\\/strassenweb-150x150.jpg\",\"contentUrl\":\"https:\\\/\\\/www.strassenweb.de\\\/nachrichten\\\/wp-content\\\/uploads\\\/2024\\\/09\\\/strassenweb-150x150.jpg\",\"caption\":\"Robert Hoffmann\"},\"description\":\"Ich hei\u00dfe Robert Hoffmann und ich bin ein leidenschaftlicher Verfechter von \u00d6kologie und Biodiversit\u00e4t. Seit meiner Kindheit in den W\u00e4ldern Bayerns f\u00fchle ich mich mit der Natur verbunden und bin entschlossen, sie zu sch\u00fctzen. Heute widme ich mein Leben der Sensibilisierung anderer f\u00fcr die Bedeutung des Umweltschutzes f\u00fcr zuk\u00fcnftige Generationen.\",\"sameAs\":[\"https:\\\/\\\/www.strassenweb.de\\\/\"]}]}<\/script>\n<!-- \/ Yoast SEO plugin. -->","yoast_head_json":{"title":"Diese Innenarchitektin verwandelte ihren \u201ekalten, seelenlosen\u201c Neubau in ein Familienhaus, das gem\u00fctlich und voller Charme ist - Nachrichten - Stra\u00dfenweb","robots":{"index":"index","follow":"follow","max-snippet":"max-snippet:-1","max-image-preview":"max-image-preview:large","max-video-preview":"max-video-preview:-1"},"canonical":"https:\/\/www.strassenweb.de\/nachrichten\/diese-innenarchitektin-verwandelte-ihren-kalten-seelenlosen-neubau-in-ein-familienhaus-das-gemuetlich-und-voller-charme-ist\/","og_locale":"de_DE","og_type":"article","og_title":"Diese Innenarchitektin verwandelte ihren \u201ekalten, seelenlosen\u201c Neubau in ein Familienhaus, das gem\u00fctlich und voller Charme ist - Nachrichten - Stra\u00dfenweb","og_description":"Wenn ein Haus in einer Zwangsversteigerung zum Abrisswert verkauft wird, vermittelt das nicht das beste Bild von dem, womit Sie arbeiten. Doch die Designerin Steph","og_url":"https:\/\/www.strassenweb.de\/nachrichten\/diese-innenarchitektin-verwandelte-ihren-kalten-seelenlosen-neubau-in-ein-familienhaus-das-gemuetlich-und-voller-charme-ist\/","og_site_name":"Stra\u00dfenweb","article_publisher":"https:\/\/www.facebook.com\/strassenweb\/","article_published_time":"2025-10-23T05:43:00+00:00","article_modified_time":"2025-10-23T05:43:03+00:00","og_image":[{"width":2560,"height":1440,"url":"https:\/\/www.strassenweb.de\/nachrichten\/wp-content\/uploads\/2025\/10\/Diese-Innenarchitektin-verwandelte-ihren-\u201ekalten-seelenlosen-Neubau-in-ein-Familienhaus.jpg","type":"image\/jpeg"}],"author":"Robert Hoffmann","twitter_card":"summary_large_image","twitter_misc":{"Verfasst von":"Robert Hoffmann","Gesch\u00e4tzte Lesezeit":"7\u00a0Minuten"},"schema":{"@context":"https:\/\/schema.org","@graph":[{"@type":"Article","@id":"https:\/\/www.strassenweb.de\/nachrichten\/diese-innenarchitektin-verwandelte-ihren-kalten-seelenlosen-neubau-in-ein-familienhaus-das-gemuetlich-und-voller-charme-ist\/#article","isPartOf":{"@id":"https:\/\/www.strassenweb.de\/nachrichten\/diese-innenarchitektin-verwandelte-ihren-kalten-seelenlosen-neubau-in-ein-familienhaus-das-gemuetlich-und-voller-charme-ist\/"},"author":{"name":"Robert Hoffmann","@id":"https:\/\/www.strassenweb.de\/nachrichten\/#\/schema\/person\/87c9c9067f1211da429a744dc5a5aa41"},"headline":"Diese Innenarchitektin verwandelte ihren \u201ekalten, seelenlosen\u201c Neubau in ein Familienhaus, das gem\u00fctlich und voller Charme ist","datePublished":"2025-10-23T05:43:00+00:00","dateModified":"2025-10-23T05:43:03+00:00","mainEntityOfPage":{"@id":"https:\/\/www.strassenweb.de\/nachrichten\/diese-innenarchitektin-verwandelte-ihren-kalten-seelenlosen-neubau-in-ein-familienhaus-das-gemuetlich-und-voller-charme-ist\/"},"wordCount":1362,"publisher":{"@id":"https:\/\/www.strassenweb.de\/nachrichten\/#organization"},"image":{"@id":"https:\/\/www.strassenweb.de\/nachrichten\/diese-innenarchitektin-verwandelte-ihren-kalten-seelenlosen-neubau-in-ein-familienhaus-das-gemuetlich-und-voller-charme-ist\/#primaryimage"},"thumbnailUrl":"https:\/\/www.strassenweb.de\/nachrichten\/wp-content\/uploads\/2025\/10\/Diese-Innenarchitektin-verwandelte-ihren-\u201ekalten-seelenlosen-Neubau-in-ein-Familienhaus.jpg","keywords":["Charme","das","diese","ein","Familienhaus","gem\u00fctlich","ihren","Innenarchitektin","ist","kalten","Neubau","seelenlosen","und","verwandelte","voller"],"articleSection":["Haus &amp; Garten"],"inLanguage":"de"},{"@type":"WebPage","@id":"https:\/\/www.strassenweb.de\/nachrichten\/diese-innenarchitektin-verwandelte-ihren-kalten-seelenlosen-neubau-in-ein-familienhaus-das-gemuetlich-und-voller-charme-ist\/","url":"https:\/\/www.strassenweb.de\/nachrichten\/diese-innenarchitektin-verwandelte-ihren-kalten-seelenlosen-neubau-in-ein-familienhaus-das-gemuetlich-und-voller-charme-ist\/","name":"Diese Innenarchitektin verwandelte ihren \u201ekalten, seelenlosen\u201c Neubau in ein Familienhaus, das gem\u00fctlich und voller Charme ist - Nachrichten - Stra\u00dfenweb","isPartOf":{"@id":"https:\/\/www.strassenweb.de\/nachrichten\/#website"},"primaryImageOfPage":{"@id":"https:\/\/www.strassenweb.de\/nachrichten\/diese-innenarchitektin-verwandelte-ihren-kalten-seelenlosen-neubau-in-ein-familienhaus-das-gemuetlich-und-voller-charme-ist\/#primaryimage"},"image":{"@id":"https:\/\/www.strassenweb.de\/nachrichten\/diese-innenarchitektin-verwandelte-ihren-kalten-seelenlosen-neubau-in-ein-familienhaus-das-gemuetlich-und-voller-charme-ist\/#primaryimage"},"thumbnailUrl":"https:\/\/www.strassenweb.de\/nachrichten\/wp-content\/uploads\/2025\/10\/Diese-Innenarchitektin-verwandelte-ihren-\u201ekalten-seelenlosen-Neubau-in-ein-Familienhaus.jpg","datePublished":"2025-10-23T05:43:00+00:00","dateModified":"2025-10-23T05:43:03+00:00","breadcrumb":{"@id":"https:\/\/www.strassenweb.de\/nachrichten\/diese-innenarchitektin-verwandelte-ihren-kalten-seelenlosen-neubau-in-ein-familienhaus-das-gemuetlich-und-voller-charme-ist\/#breadcrumb"},"inLanguage":"de","potentialAction":[{"@type":"ReadAction","target":["https:\/\/www.strassenweb.de\/nachrichten\/diese-innenarchitektin-verwandelte-ihren-kalten-seelenlosen-neubau-in-ein-familienhaus-das-gemuetlich-und-voller-charme-ist\/"]}]},{"@type":"ImageObject","inLanguage":"de","@id":"https:\/\/www.strassenweb.de\/nachrichten\/diese-innenarchitektin-verwandelte-ihren-kalten-seelenlosen-neubau-in-ein-familienhaus-das-gemuetlich-und-voller-charme-ist\/#primaryimage","url":"https:\/\/www.strassenweb.de\/nachrichten\/wp-content\/uploads\/2025\/10\/Diese-Innenarchitektin-verwandelte-ihren-\u201ekalten-seelenlosen-Neubau-in-ein-Familienhaus.jpg","contentUrl":"https:\/\/www.strassenweb.de\/nachrichten\/wp-content\/uploads\/2025\/10\/Diese-Innenarchitektin-verwandelte-ihren-\u201ekalten-seelenlosen-Neubau-in-ein-Familienhaus.jpg","width":2560,"height":1440,"caption":"Neutral living room with a large stone fireplace and an arched alcove"},{"@type":"BreadcrumbList","@id":"https:\/\/www.strassenweb.de\/nachrichten\/diese-innenarchitektin-verwandelte-ihren-kalten-seelenlosen-neubau-in-ein-familienhaus-das-gemuetlich-und-voller-charme-ist\/#breadcrumb","itemListElement":[{"@type":"ListItem","position":1,"name":"Home","item":"https:\/\/www.strassenweb.de\/nachrichten\/"},{"@type":"ListItem","position":2,"name":"Diese Innenarchitektin verwandelte ihren \u201ekalten, seelenlosen\u201c Neubau in ein Familienhaus, das gem\u00fctlich und voller Charme ist"}]},{"@type":"WebSite","@id":"https:\/\/www.strassenweb.de\/nachrichten\/#website","url":"https:\/\/www.strassenweb.de\/nachrichten\/","name":"Stra\u00dfenweb","description":"Stra\u00dfenverzeichnis f\u00fcr Deutschland","publisher":{"@id":"https:\/\/www.strassenweb.de\/nachrichten\/#organization"},"potentialAction":[{"@type":"SearchAction","target":{"@type":"EntryPoint","urlTemplate":"https:\/\/www.strassenweb.de\/nachrichten\/?s={search_term_string}"},"query-input":{"@type":"PropertyValueSpecification","valueRequired":true,"valueName":"search_term_string"}}],"inLanguage":"de"},{"@type":"Organization","@id":"https:\/\/www.strassenweb.de\/nachrichten\/#organization","name":"Stra\u00dfenweb","url":"https:\/\/www.strassenweb.de\/nachrichten\/","logo":{"@type":"ImageObject","inLanguage":"de","@id":"https:\/\/www.strassenweb.de\/nachrichten\/#\/schema\/logo\/image\/","url":"https:\/\/www.strassenweb.de\/nachrichten\/wp-content\/uploads\/2024\/09\/cropped-favicon.png","contentUrl":"https:\/\/www.strassenweb.de\/nachrichten\/wp-content\/uploads\/2024\/09\/cropped-favicon.png","width":512,"height":512,"caption":"Stra\u00dfenweb"},"image":{"@id":"https:\/\/www.strassenweb.de\/nachrichten\/#\/schema\/logo\/image\/"},"sameAs":["https:\/\/www.facebook.com\/strassenweb\/"]},{"@type":"Person","@id":"https:\/\/www.strassenweb.de\/nachrichten\/#\/schema\/person\/87c9c9067f1211da429a744dc5a5aa41","name":"Robert Hoffmann","image":{"@type":"ImageObject","inLanguage":"de","@id":"https:\/\/www.strassenweb.de\/nachrichten\/wp-content\/uploads\/2024\/09\/strassenweb-150x150.jpg","url":"https:\/\/www.strassenweb.de\/nachrichten\/wp-content\/uploads\/2024\/09\/strassenweb-150x150.jpg","contentUrl":"https:\/\/www.strassenweb.de\/nachrichten\/wp-content\/uploads\/2024\/09\/strassenweb-150x150.jpg","caption":"Robert Hoffmann"},"description":"Ich hei\u00dfe Robert Hoffmann und ich bin ein leidenschaftlicher Verfechter von \u00d6kologie und Biodiversit\u00e4t. Seit meiner Kindheit in den W\u00e4ldern Bayerns f\u00fchle ich mich mit der Natur verbunden und bin entschlossen, sie zu sch\u00fctzen. Heute widme ich mein Leben der Sensibilisierung anderer f\u00fcr die Bedeutung des Umweltschutzes f\u00fcr zuk\u00fcnftige Generationen.","sameAs":["https:\/\/www.strassenweb.de\/"]}]}},"_links":{"self":[{"href":"https:\/\/www.strassenweb.de\/nachrichten\/wp-json\/wp\/v2\/posts\/8696","targetHints":{"allow":["GET"]}}],"collection":[{"href":"https:\/\/www.strassenweb.de\/nachrichten\/wp-json\/wp\/v2\/posts"}],"about":[{"href":"https:\/\/www.strassenweb.de\/nachrichten\/wp-json\/wp\/v2\/types\/post"}],"author":[{"embeddable":true,"href":"https:\/\/www.strassenweb.de\/nachrichten\/wp-json\/wp\/v2\/users\/1"}],"replies":[{"embeddable":true,"href":"https:\/\/www.strassenweb.de\/nachrichten\/wp-json\/wp\/v2\/comments?post=8696"}],"version-history":[{"count":0,"href":"https:\/\/www.strassenweb.de\/nachrichten\/wp-json\/wp\/v2\/posts\/8696\/revisions"}],"wp:featuredmedia":[{"embeddable":true,"href":"https:\/\/www.strassenweb.de\/nachrichten\/wp-json\/wp\/v2\/media\/8697"}],"wp:attachment":[{"href":"https:\/\/www.strassenweb.de\/nachrichten\/wp-json\/wp\/v2\/media?parent=8696"}],"wp:term":[{"taxonomy":"category","embeddable":true,"href":"https:\/\/www.strassenweb.de\/nachrichten\/wp-json\/wp\/v2\/categories?post=8696"},{"taxonomy":"post_tag","embeddable":true,"href":"https:\/\/www.strassenweb.de\/nachrichten\/wp-json\/wp\/v2\/tags?post=8696"}],"curies":[{"name":"wp","href":"https:\/\/api.w.org\/{rel}","templated":true}]}}