{"id":8690,"date":"2025-10-23T01:40:43","date_gmt":"2025-10-22T23:40:43","guid":{"rendered":"https:\/\/www.strassenweb.de\/nachrichten\/ina-garten-von-barefoot-contessa-verwandelt-ein-minimalistisches-wohnzimmer-in-einen-stilvollen-winter-rueckzugsort-der-ueberraschend-gemuetlich-ist\/"},"modified":"2025-10-23T01:40:46","modified_gmt":"2025-10-22T23:40:46","slug":"ina-garten-von-barefoot-contessa-verwandelt-ein-minimalistisches-wohnzimmer-in-einen-stilvollen-winter-rueckzugsort-der-ueberraschend-gemuetlich-ist","status":"publish","type":"post","link":"https:\/\/www.strassenweb.de\/nachrichten\/ina-garten-von-barefoot-contessa-verwandelt-ein-minimalistisches-wohnzimmer-in-einen-stilvollen-winter-rueckzugsort-der-ueberraschend-gemuetlich-ist\/","title":{"rendered":"Ina Garten von Barefoot Contessa verwandelt ein minimalistisches Wohnzimmer in einen stilvollen Winter-R\u00fcckzugsort, der \u00fcberraschend gem\u00fctlich ist"},"content":{"rendered":"<p><\/p>\n<div id=\"article-body\" class=\"article__body \">\n<p id=\"f90031c2-ac7e-418f-8baf-e017cb53bbaa\">Minimalistisches Dekor erlebt einen mit Spannung erwarteten Moment im Rampenlicht, aber die Tage der kargen, kalten Innenr\u00e4ume liegen hinter uns. In diesem Herbst und Winter l\u00e4uten Designer und Dekorateure eine neue \u00c4ra des warmen Minimalismus, des verborgenen Reichtums und des stillen Luxus ein.<\/p>\n<div id=\"ad-unit-1\" class=\"ad-unit\"><\/div>\n<p>In unserer schnelllebigen modernen Welt war es noch nie so wichtig, einen erholsamen R\u00fcckzugsort zu haben, an den man zur\u00fcckkehren kann. Es ist keine \u00dcberraschung, dass Hausbesitzer sich den Prinzipien des Minimalismus zuwenden und schlichte R\u00e4ume schaffen, die sich ideal zum Abschalten und Entspannen eignen, wenn die Tage k\u00fcrzer werden.<\/p>\n<aside data-block-type=\"embed\" data-render-type=\"fte\" data-skip=\"dealsy\" data-widget-type=\"seasonal\" class=\"hawk-root\"><\/aside>\n<p id=\"f90031c2-ac7e-418f-8baf-e017cb53bbaa-2\" class=\"paywall\" aria-hidden=\"true\">Schlichte R\u00e4ume, die keine Kompromisse bei Stil und Komfort eingehen, sind der Inbegriff dieses beliebten Einrichtungstrends. In diese Richtung geht das minimalistische Wohnzimmer von Ina Garten.<\/p>\n<div class=\"van_vid_carousel\">\n<div class=\"van_vid_carousel__padding\">\n<div class=\"van_vid_carousel__container\"><\/div>\n<\/div>\n<\/div>\n<p class=\"paywall\" aria-hidden=\"true\">Im Gegensatz zu seinem k\u00e4lteren, klinischeren Vorg\u00e4nger verspricht ein warmes, minimalistisches Interieur mehr Charakter und Komfort in einem sauberen, funktionalen Raum. Das Ergebnis ist ein einladender, ruhiger und aufger\u00e4umter R\u00fcckzugsort, der den Trend des ruhigen Luxus perfekt verk\u00f6rpert und sich ideal zum Entspannen in den k\u00fchleren Monaten eignet.<\/p>\n<div id=\"ad-unit-2\" class=\"ad-unit\"><\/div>\n<div class=\"instagram-embed\" id=\"CnaAyBRK9gN\">\n<blockquote class=\"instagram-media\" data-instgrm-captioned data-instgrm-version=\"6\" style=\"width:99.375%; width:-webkit-calc(100% - 2px); width:calc(100% - 2px);\">\n<p>Ein Beitrag geteilt von Ina Garten (@inagarten)<\/p>\n<p>Ein Foto gepostet von am <\/p>\n<\/blockquote>\n<\/div>\n<h2 id=\"shop-the-look-3\">Shoppen Sie den Look<\/h2>\n<div class=\"product-container hero-product-container product-block-no-wrap\">\n<div class=\"product-block-row\"><\/div>\n<div class=\"product-block-row\"><\/div>\n<div class=\"product-block-row\"><\/div>\n<\/div>\n<p id=\"eff44ba6-9c9f-4962-b2c8-d709b04b66b2\">Bei der Gestaltung eines lichtdurchfluteten und entspannten Wohnzimmers sollte man immer bedenken, dass weniger mehr ist, sagt Genna Margolis, Innenarchitektin und Gr\u00fcnderin von Shapeside.<\/p>\n<p>\u201eSie m\u00f6chten keine M\u00f6bel, die den gesamten Raum ausf\u00fcllen.\u201c \u201eSie m\u00f6chten St\u00fccke, die noch viel Platz lassen, daher sollten die St\u00fccke etwas kleiner als \u00fcblich sein, um das Aussehen zu erhalten.\u201c Und wenn es um die Wanddekoration geht, \u201e\u00fcbertreiben Sie es nicht\u201c, sagt sie, \u201eSie m\u00f6chten eine Wanddekoration haben, ohne die Wandfl\u00e4che zu sehr zu bedecken.\u201c<\/p>\n<p>Im Raum von Ina Garten beschr\u00e4nkt sich das Kunstwerk auf ein einzelnes Schwarz-Wei\u00df-Foto von Audrey Hepburn, das sorgf\u00e4ltig ausgew\u00e4hlt wurde, um die \u00fcberwiegend beige Farbpalette auszugleichen. Wir haben einen \u00e4hnlichen Druck von Audrey selbst gefunden (erh\u00e4ltlich bei Etsy), der \u00fcber Ihrem Kamin genauso sch\u00f6n aussehen wird.<\/p>\n<div id=\"slice-container-newsletterForm-articleInbodyContent-ZWicZ69npDxtt6vvUttKWQ\" class=\"slice-container newsletter-inbodyContent-slice newsletterForm-articleInbodyContent-ZWicZ69npDxtt6vvUttKWQ slice-container-newsletterForm\"><\/div>\n<p>Als Alternative zu Accessoires und Wanddekoration sorgt ein auff\u00e4lliger Wohnzimmerkamin f\u00fcr die dringend ben\u00f6tigte W\u00e4rme \u2013 perfekt f\u00fcr einen abendlichen Glanz. Ideen f\u00fcr eine schwarz-wei\u00dfe Wohnzimmerfarbe sehen immer schick aus.<\/p>\n<p>Ein monochromes Dekorationsschema ist eine minimalistische Wahl, die ein gewisses Ma\u00df an Mut erfordert, da sie eine sorgf\u00e4ltige Bearbeitung und ein starkes Design-Auge erfordert.<\/p>\n<p>Diese Art von Inneneinrichtung kann \u201eflach\u201c wirken, wenn Sie keine Textur und eine subtile Farbvielfalt einbringen, was besonders wichtig ist, da wir uns bei der Dekoration f\u00fcr die Jahreszeiten nach Reichtum sehnen. Aber wenn es sorgf\u00e4ltig zusammengestellt wird, ist es eine gro\u00dfartige M\u00f6glichkeit, ein minimalistisches Wohnzimmer aufzuwerten.<\/p>\n<p>Ton und Textur sind wichtig. Denken Sie daran, dass die erfolgreichsten monochromen Innenr\u00e4ume Bewegung und Tiefe mit haptischen St\u00fccken \u2013 wie Woll\u00fcberw\u00fcrfen und Samtkissen \u2013 kombinieren, um ein warmes und einladendes Minimalkonzept zu schaffen.<\/p>\n<p>Wenn Sie das Schema von Ina Garten nachahmen m\u00f6chten, denken Sie daran, Qualit\u00e4t vor Quantit\u00e4t zu stellen. Dieser zur\u00fcckhaltende Look passt in jede Umgebung und ist besonders effektiv bei der Schaffung einer ruhigen, erholsamen Umgebung f\u00fcr die Weihnachtszeit und dar\u00fcber hinaus.<\/p>\n<div class=\"min-h-(270px) mb-4 viafoura-twig-component\" id=\"viafoura-engagement-starter-wrapper\" data-component-name=\"Elk:Embed:EngagementStarter\">\n<div class=\"viafoura\">\n<div>\n<vf-conversation-starter target=\"viafoura-comments\" minimum-comment-count=\"1\"><br \/>\n<\/vf-conversation-starter>\n<\/div>\n<\/div>\n<\/div>\n<hr id=\"72f1704d-d447-4b97-8676-a958e86cee75\">\n<div class=\"block\" id=\"articleTag\" data-component-name=\"PostArticleLinks\">\n<div class=\"border-b border-b-black border-solid py-2.5 text-black font-bold uppercase\">THEMEN<\/div>\n<nav class=\"py-2.5 flex gap-2.5 flex-wrap\" data-analytics-id=\"article-tag\">\n<p>Ina Garten<\/p>\n<\/nav>\n<\/div>\n<\/div>\n<p><script async src=\"\/\/www.instagram.com\/embed.js\"><\/script><\/p>\n","protected":false},"excerpt":{"rendered":"<p>Minimalistisches Dekor erlebt einen mit Spannung erwarteten Moment im Rampenlicht, aber die Tage der kargen, kalten Innenr\u00e4ume liegen hinter uns. In diesem Herbst und Winter<\/p>\n","protected":false},"author":1,"featured_media":8691,"comment_status":"closed","ping_status":"","sticky":false,"template":"","format":"standard","meta":{"footnotes":""},"categories":[118],"tags":[11027,11028,81,43,166,320,934,1429,15,6321,1376,1641,662,21,11029,1229],"class_list":["post-8690","post","type-post","status-publish","format-standard","has-post-thumbnail","hentry","category-haus-garten","tag-barefoot","tag-contessa","tag-der","tag-ein","tag-einen","tag-garten","tag-gemuetlich","tag-ina","tag-ist","tag-minimalistisches","tag-stilvollen","tag-ueberraschend","tag-verwandelt","tag-von","tag-winterrueckzugsort","tag-wohnzimmer","generate-columns","tablet-grid-50","mobile-grid-100","grid-parent","grid-50"],"yoast_head":"<!-- This site is optimized with the Yoast SEO plugin v27.3 - https:\/\/yoast.com\/product\/yoast-seo-wordpress\/ -->\n<title>Ina Garten von Barefoot Contessa verwandelt ein minimalistisches Wohnzimmer in einen stilvollen Winter-R\u00fcckzugsort, der \u00fcberraschend gem\u00fctlich ist - Nachrichten - Stra\u00dfenweb<\/title>\n<meta name=\"robots\" content=\"index, follow, max-snippet:-1, max-image-preview:large, max-video-preview:-1\" \/>\n<link rel=\"canonical\" href=\"https:\/\/www.strassenweb.de\/nachrichten\/ina-garten-von-barefoot-contessa-verwandelt-ein-minimalistisches-wohnzimmer-in-einen-stilvollen-winter-rueckzugsort-der-ueberraschend-gemuetlich-ist\/\" \/>\n<meta property=\"og:locale\" content=\"de_DE\" \/>\n<meta property=\"og:type\" content=\"article\" \/>\n<meta property=\"og:title\" content=\"Ina Garten von Barefoot Contessa verwandelt ein minimalistisches Wohnzimmer in einen stilvollen Winter-R\u00fcckzugsort, der \u00fcberraschend gem\u00fctlich ist - Nachrichten - Stra\u00dfenweb\" \/>\n<meta property=\"og:description\" content=\"Minimalistisches Dekor erlebt einen mit Spannung erwarteten Moment im Rampenlicht, aber die Tage der kargen, kalten Innenr\u00e4ume liegen hinter uns. In diesem Herbst und Winter\" \/>\n<meta property=\"og:url\" content=\"https:\/\/www.strassenweb.de\/nachrichten\/ina-garten-von-barefoot-contessa-verwandelt-ein-minimalistisches-wohnzimmer-in-einen-stilvollen-winter-rueckzugsort-der-ueberraschend-gemuetlich-ist\/\" \/>\n<meta property=\"og:site_name\" content=\"Stra\u00dfenweb\" \/>\n<meta property=\"article:publisher\" content=\"https:\/\/www.facebook.com\/strassenweb\/\" \/>\n<meta property=\"article:published_time\" content=\"2025-10-22T23:40:43+00:00\" \/>\n<meta property=\"article:modified_time\" content=\"2025-10-22T23:40:46+00:00\" \/>\n<meta property=\"og:image\" content=\"https:\/\/www.strassenweb.de\/nachrichten\/wp-content\/uploads\/2025\/10\/Ina-Garten-von-Barefoot-Contessa-verwandelt-ein-minimalistisches-Wohnzimmer-in.png\" \/>\n\t<meta property=\"og:image:width\" content=\"1600\" \/>\n\t<meta property=\"og:image:height\" content=\"900\" \/>\n\t<meta property=\"og:image:type\" content=\"image\/png\" \/>\n<meta name=\"author\" content=\"Robert Hoffmann\" \/>\n<meta name=\"twitter:card\" content=\"summary_large_image\" \/>\n<meta name=\"twitter:label1\" content=\"Verfasst von\" \/>\n\t<meta name=\"twitter:data1\" content=\"Robert Hoffmann\" \/>\n\t<meta name=\"twitter:label2\" content=\"Gesch\u00e4tzte Lesezeit\" \/>\n\t<meta name=\"twitter:data2\" content=\"3\u00a0Minuten\" \/>\n<script type=\"application\/ld+json\" class=\"yoast-schema-graph\">{\"@context\":\"https:\\\/\\\/schema.org\",\"@graph\":[{\"@type\":\"Article\",\"@id\":\"https:\\\/\\\/www.strassenweb.de\\\/nachrichten\\\/ina-garten-von-barefoot-contessa-verwandelt-ein-minimalistisches-wohnzimmer-in-einen-stilvollen-winter-rueckzugsort-der-ueberraschend-gemuetlich-ist\\\/#article\",\"isPartOf\":{\"@id\":\"https:\\\/\\\/www.strassenweb.de\\\/nachrichten\\\/ina-garten-von-barefoot-contessa-verwandelt-ein-minimalistisches-wohnzimmer-in-einen-stilvollen-winter-rueckzugsort-der-ueberraschend-gemuetlich-ist\\\/\"},\"author\":{\"name\":\"Robert Hoffmann\",\"@id\":\"https:\\\/\\\/www.strassenweb.de\\\/nachrichten\\\/#\\\/schema\\\/person\\\/87c9c9067f1211da429a744dc5a5aa41\"},\"headline\":\"Ina Garten von Barefoot Contessa verwandelt ein minimalistisches Wohnzimmer in einen stilvollen Winter-R\u00fcckzugsort, der \u00fcberraschend gem\u00fctlich ist\",\"datePublished\":\"2025-10-22T23:40:43+00:00\",\"dateModified\":\"2025-10-22T23:40:46+00:00\",\"mainEntityOfPage\":{\"@id\":\"https:\\\/\\\/www.strassenweb.de\\\/nachrichten\\\/ina-garten-von-barefoot-contessa-verwandelt-ein-minimalistisches-wohnzimmer-in-einen-stilvollen-winter-rueckzugsort-der-ueberraschend-gemuetlich-ist\\\/\"},\"wordCount\":554,\"publisher\":{\"@id\":\"https:\\\/\\\/www.strassenweb.de\\\/nachrichten\\\/#organization\"},\"image\":{\"@id\":\"https:\\\/\\\/www.strassenweb.de\\\/nachrichten\\\/ina-garten-von-barefoot-contessa-verwandelt-ein-minimalistisches-wohnzimmer-in-einen-stilvollen-winter-rueckzugsort-der-ueberraschend-gemuetlich-ist\\\/#primaryimage\"},\"thumbnailUrl\":\"https:\\\/\\\/www.strassenweb.de\\\/nachrichten\\\/wp-content\\\/uploads\\\/2025\\\/10\\\/Ina-Garten-von-Barefoot-Contessa-verwandelt-ein-minimalistisches-Wohnzimmer-in.png\",\"keywords\":[\"Barefoot\",\"Contessa\",\"der\",\"ein\",\"einen\",\"Garten\",\"gem\u00fctlich\",\"Ina\",\"ist\",\"minimalistisches\",\"stilvollen\",\"\u00fcberraschend\",\"verwandelt\",\"von\",\"WinterR\u00fcckzugsort\",\"Wohnzimmer\"],\"articleSection\":[\"Haus &amp; Garten\"],\"inLanguage\":\"de\"},{\"@type\":\"WebPage\",\"@id\":\"https:\\\/\\\/www.strassenweb.de\\\/nachrichten\\\/ina-garten-von-barefoot-contessa-verwandelt-ein-minimalistisches-wohnzimmer-in-einen-stilvollen-winter-rueckzugsort-der-ueberraschend-gemuetlich-ist\\\/\",\"url\":\"https:\\\/\\\/www.strassenweb.de\\\/nachrichten\\\/ina-garten-von-barefoot-contessa-verwandelt-ein-minimalistisches-wohnzimmer-in-einen-stilvollen-winter-rueckzugsort-der-ueberraschend-gemuetlich-ist\\\/\",\"name\":\"Ina Garten von Barefoot Contessa verwandelt ein minimalistisches Wohnzimmer in einen stilvollen Winter-R\u00fcckzugsort, der \u00fcberraschend gem\u00fctlich ist - Nachrichten - Stra\u00dfenweb\",\"isPartOf\":{\"@id\":\"https:\\\/\\\/www.strassenweb.de\\\/nachrichten\\\/#website\"},\"primaryImageOfPage\":{\"@id\":\"https:\\\/\\\/www.strassenweb.de\\\/nachrichten\\\/ina-garten-von-barefoot-contessa-verwandelt-ein-minimalistisches-wohnzimmer-in-einen-stilvollen-winter-rueckzugsort-der-ueberraschend-gemuetlich-ist\\\/#primaryimage\"},\"image\":{\"@id\":\"https:\\\/\\\/www.strassenweb.de\\\/nachrichten\\\/ina-garten-von-barefoot-contessa-verwandelt-ein-minimalistisches-wohnzimmer-in-einen-stilvollen-winter-rueckzugsort-der-ueberraschend-gemuetlich-ist\\\/#primaryimage\"},\"thumbnailUrl\":\"https:\\\/\\\/www.strassenweb.de\\\/nachrichten\\\/wp-content\\\/uploads\\\/2025\\\/10\\\/Ina-Garten-von-Barefoot-Contessa-verwandelt-ein-minimalistisches-Wohnzimmer-in.png\",\"datePublished\":\"2025-10-22T23:40:43+00:00\",\"dateModified\":\"2025-10-22T23:40:46+00:00\",\"breadcrumb\":{\"@id\":\"https:\\\/\\\/www.strassenweb.de\\\/nachrichten\\\/ina-garten-von-barefoot-contessa-verwandelt-ein-minimalistisches-wohnzimmer-in-einen-stilvollen-winter-rueckzugsort-der-ueberraschend-gemuetlich-ist\\\/#breadcrumb\"},\"inLanguage\":\"de\",\"potentialAction\":[{\"@type\":\"ReadAction\",\"target\":[\"https:\\\/\\\/www.strassenweb.de\\\/nachrichten\\\/ina-garten-von-barefoot-contessa-verwandelt-ein-minimalistisches-wohnzimmer-in-einen-stilvollen-winter-rueckzugsort-der-ueberraschend-gemuetlich-ist\\\/\"]}]},{\"@type\":\"ImageObject\",\"inLanguage\":\"de\",\"@id\":\"https:\\\/\\\/www.strassenweb.de\\\/nachrichten\\\/ina-garten-von-barefoot-contessa-verwandelt-ein-minimalistisches-wohnzimmer-in-einen-stilvollen-winter-rueckzugsort-der-ueberraschend-gemuetlich-ist\\\/#primaryimage\",\"url\":\"https:\\\/\\\/www.strassenweb.de\\\/nachrichten\\\/wp-content\\\/uploads\\\/2025\\\/10\\\/Ina-Garten-von-Barefoot-Contessa-verwandelt-ein-minimalistisches-Wohnzimmer-in.png\",\"contentUrl\":\"https:\\\/\\\/www.strassenweb.de\\\/nachrichten\\\/wp-content\\\/uploads\\\/2025\\\/10\\\/Ina-Garten-von-Barefoot-Contessa-verwandelt-ein-minimalistisches-Wohnzimmer-in.png\",\"width\":1600,\"height\":900,\"caption\":\"Ina Garten\"},{\"@type\":\"BreadcrumbList\",\"@id\":\"https:\\\/\\\/www.strassenweb.de\\\/nachrichten\\\/ina-garten-von-barefoot-contessa-verwandelt-ein-minimalistisches-wohnzimmer-in-einen-stilvollen-winter-rueckzugsort-der-ueberraschend-gemuetlich-ist\\\/#breadcrumb\",\"itemListElement\":[{\"@type\":\"ListItem\",\"position\":1,\"name\":\"Home\",\"item\":\"https:\\\/\\\/www.strassenweb.de\\\/nachrichten\\\/\"},{\"@type\":\"ListItem\",\"position\":2,\"name\":\"Ina Garten von Barefoot Contessa verwandelt ein minimalistisches Wohnzimmer in einen stilvollen Winter-R\u00fcckzugsort, der \u00fcberraschend gem\u00fctlich ist\"}]},{\"@type\":\"WebSite\",\"@id\":\"https:\\\/\\\/www.strassenweb.de\\\/nachrichten\\\/#website\",\"url\":\"https:\\\/\\\/www.strassenweb.de\\\/nachrichten\\\/\",\"name\":\"Stra\u00dfenweb\",\"description\":\"Stra\u00dfenverzeichnis f\u00fcr Deutschland\",\"publisher\":{\"@id\":\"https:\\\/\\\/www.strassenweb.de\\\/nachrichten\\\/#organization\"},\"potentialAction\":[{\"@type\":\"SearchAction\",\"target\":{\"@type\":\"EntryPoint\",\"urlTemplate\":\"https:\\\/\\\/www.strassenweb.de\\\/nachrichten\\\/?s={search_term_string}\"},\"query-input\":{\"@type\":\"PropertyValueSpecification\",\"valueRequired\":true,\"valueName\":\"search_term_string\"}}],\"inLanguage\":\"de\"},{\"@type\":\"Organization\",\"@id\":\"https:\\\/\\\/www.strassenweb.de\\\/nachrichten\\\/#organization\",\"name\":\"Stra\u00dfenweb\",\"url\":\"https:\\\/\\\/www.strassenweb.de\\\/nachrichten\\\/\",\"logo\":{\"@type\":\"ImageObject\",\"inLanguage\":\"de\",\"@id\":\"https:\\\/\\\/www.strassenweb.de\\\/nachrichten\\\/#\\\/schema\\\/logo\\\/image\\\/\",\"url\":\"https:\\\/\\\/www.strassenweb.de\\\/nachrichten\\\/wp-content\\\/uploads\\\/2024\\\/09\\\/cropped-favicon.png\",\"contentUrl\":\"https:\\\/\\\/www.strassenweb.de\\\/nachrichten\\\/wp-content\\\/uploads\\\/2024\\\/09\\\/cropped-favicon.png\",\"width\":512,\"height\":512,\"caption\":\"Stra\u00dfenweb\"},\"image\":{\"@id\":\"https:\\\/\\\/www.strassenweb.de\\\/nachrichten\\\/#\\\/schema\\\/logo\\\/image\\\/\"},\"sameAs\":[\"https:\\\/\\\/www.facebook.com\\\/strassenweb\\\/\"]},{\"@type\":\"Person\",\"@id\":\"https:\\\/\\\/www.strassenweb.de\\\/nachrichten\\\/#\\\/schema\\\/person\\\/87c9c9067f1211da429a744dc5a5aa41\",\"name\":\"Robert Hoffmann\",\"image\":{\"@type\":\"ImageObject\",\"inLanguage\":\"de\",\"@id\":\"https:\\\/\\\/www.strassenweb.de\\\/nachrichten\\\/wp-content\\\/uploads\\\/2024\\\/09\\\/strassenweb-150x150.jpg\",\"url\":\"https:\\\/\\\/www.strassenweb.de\\\/nachrichten\\\/wp-content\\\/uploads\\\/2024\\\/09\\\/strassenweb-150x150.jpg\",\"contentUrl\":\"https:\\\/\\\/www.strassenweb.de\\\/nachrichten\\\/wp-content\\\/uploads\\\/2024\\\/09\\\/strassenweb-150x150.jpg\",\"caption\":\"Robert Hoffmann\"},\"description\":\"Ich hei\u00dfe Robert Hoffmann und ich bin ein leidenschaftlicher Verfechter von \u00d6kologie und Biodiversit\u00e4t. Seit meiner Kindheit in den W\u00e4ldern Bayerns f\u00fchle ich mich mit der Natur verbunden und bin entschlossen, sie zu sch\u00fctzen. Heute widme ich mein Leben der Sensibilisierung anderer f\u00fcr die Bedeutung des Umweltschutzes f\u00fcr zuk\u00fcnftige Generationen.\",\"sameAs\":[\"https:\\\/\\\/www.strassenweb.de\\\/\"]}]}<\/script>\n<!-- \/ Yoast SEO plugin. -->","yoast_head_json":{"title":"Ina Garten von Barefoot Contessa verwandelt ein minimalistisches Wohnzimmer in einen stilvollen Winter-R\u00fcckzugsort, der \u00fcberraschend gem\u00fctlich ist - Nachrichten - Stra\u00dfenweb","robots":{"index":"index","follow":"follow","max-snippet":"max-snippet:-1","max-image-preview":"max-image-preview:large","max-video-preview":"max-video-preview:-1"},"canonical":"https:\/\/www.strassenweb.de\/nachrichten\/ina-garten-von-barefoot-contessa-verwandelt-ein-minimalistisches-wohnzimmer-in-einen-stilvollen-winter-rueckzugsort-der-ueberraschend-gemuetlich-ist\/","og_locale":"de_DE","og_type":"article","og_title":"Ina Garten von Barefoot Contessa verwandelt ein minimalistisches Wohnzimmer in einen stilvollen Winter-R\u00fcckzugsort, der \u00fcberraschend gem\u00fctlich ist - Nachrichten - Stra\u00dfenweb","og_description":"Minimalistisches Dekor erlebt einen mit Spannung erwarteten Moment im Rampenlicht, aber die Tage der kargen, kalten Innenr\u00e4ume liegen hinter uns. In diesem Herbst und Winter","og_url":"https:\/\/www.strassenweb.de\/nachrichten\/ina-garten-von-barefoot-contessa-verwandelt-ein-minimalistisches-wohnzimmer-in-einen-stilvollen-winter-rueckzugsort-der-ueberraschend-gemuetlich-ist\/","og_site_name":"Stra\u00dfenweb","article_publisher":"https:\/\/www.facebook.com\/strassenweb\/","article_published_time":"2025-10-22T23:40:43+00:00","article_modified_time":"2025-10-22T23:40:46+00:00","og_image":[{"width":1600,"height":900,"url":"https:\/\/www.strassenweb.de\/nachrichten\/wp-content\/uploads\/2025\/10\/Ina-Garten-von-Barefoot-Contessa-verwandelt-ein-minimalistisches-Wohnzimmer-in.png","type":"image\/png"}],"author":"Robert Hoffmann","twitter_card":"summary_large_image","twitter_misc":{"Verfasst von":"Robert Hoffmann","Gesch\u00e4tzte Lesezeit":"3\u00a0Minuten"},"schema":{"@context":"https:\/\/schema.org","@graph":[{"@type":"Article","@id":"https:\/\/www.strassenweb.de\/nachrichten\/ina-garten-von-barefoot-contessa-verwandelt-ein-minimalistisches-wohnzimmer-in-einen-stilvollen-winter-rueckzugsort-der-ueberraschend-gemuetlich-ist\/#article","isPartOf":{"@id":"https:\/\/www.strassenweb.de\/nachrichten\/ina-garten-von-barefoot-contessa-verwandelt-ein-minimalistisches-wohnzimmer-in-einen-stilvollen-winter-rueckzugsort-der-ueberraschend-gemuetlich-ist\/"},"author":{"name":"Robert Hoffmann","@id":"https:\/\/www.strassenweb.de\/nachrichten\/#\/schema\/person\/87c9c9067f1211da429a744dc5a5aa41"},"headline":"Ina Garten von Barefoot Contessa verwandelt ein minimalistisches Wohnzimmer in einen stilvollen Winter-R\u00fcckzugsort, der \u00fcberraschend gem\u00fctlich ist","datePublished":"2025-10-22T23:40:43+00:00","dateModified":"2025-10-22T23:40:46+00:00","mainEntityOfPage":{"@id":"https:\/\/www.strassenweb.de\/nachrichten\/ina-garten-von-barefoot-contessa-verwandelt-ein-minimalistisches-wohnzimmer-in-einen-stilvollen-winter-rueckzugsort-der-ueberraschend-gemuetlich-ist\/"},"wordCount":554,"publisher":{"@id":"https:\/\/www.strassenweb.de\/nachrichten\/#organization"},"image":{"@id":"https:\/\/www.strassenweb.de\/nachrichten\/ina-garten-von-barefoot-contessa-verwandelt-ein-minimalistisches-wohnzimmer-in-einen-stilvollen-winter-rueckzugsort-der-ueberraschend-gemuetlich-ist\/#primaryimage"},"thumbnailUrl":"https:\/\/www.strassenweb.de\/nachrichten\/wp-content\/uploads\/2025\/10\/Ina-Garten-von-Barefoot-Contessa-verwandelt-ein-minimalistisches-Wohnzimmer-in.png","keywords":["Barefoot","Contessa","der","ein","einen","Garten","gem\u00fctlich","Ina","ist","minimalistisches","stilvollen","\u00fcberraschend","verwandelt","von","WinterR\u00fcckzugsort","Wohnzimmer"],"articleSection":["Haus &amp; Garten"],"inLanguage":"de"},{"@type":"WebPage","@id":"https:\/\/www.strassenweb.de\/nachrichten\/ina-garten-von-barefoot-contessa-verwandelt-ein-minimalistisches-wohnzimmer-in-einen-stilvollen-winter-rueckzugsort-der-ueberraschend-gemuetlich-ist\/","url":"https:\/\/www.strassenweb.de\/nachrichten\/ina-garten-von-barefoot-contessa-verwandelt-ein-minimalistisches-wohnzimmer-in-einen-stilvollen-winter-rueckzugsort-der-ueberraschend-gemuetlich-ist\/","name":"Ina Garten von Barefoot Contessa verwandelt ein minimalistisches Wohnzimmer in einen stilvollen Winter-R\u00fcckzugsort, der \u00fcberraschend gem\u00fctlich ist - Nachrichten - Stra\u00dfenweb","isPartOf":{"@id":"https:\/\/www.strassenweb.de\/nachrichten\/#website"},"primaryImageOfPage":{"@id":"https:\/\/www.strassenweb.de\/nachrichten\/ina-garten-von-barefoot-contessa-verwandelt-ein-minimalistisches-wohnzimmer-in-einen-stilvollen-winter-rueckzugsort-der-ueberraschend-gemuetlich-ist\/#primaryimage"},"image":{"@id":"https:\/\/www.strassenweb.de\/nachrichten\/ina-garten-von-barefoot-contessa-verwandelt-ein-minimalistisches-wohnzimmer-in-einen-stilvollen-winter-rueckzugsort-der-ueberraschend-gemuetlich-ist\/#primaryimage"},"thumbnailUrl":"https:\/\/www.strassenweb.de\/nachrichten\/wp-content\/uploads\/2025\/10\/Ina-Garten-von-Barefoot-Contessa-verwandelt-ein-minimalistisches-Wohnzimmer-in.png","datePublished":"2025-10-22T23:40:43+00:00","dateModified":"2025-10-22T23:40:46+00:00","breadcrumb":{"@id":"https:\/\/www.strassenweb.de\/nachrichten\/ina-garten-von-barefoot-contessa-verwandelt-ein-minimalistisches-wohnzimmer-in-einen-stilvollen-winter-rueckzugsort-der-ueberraschend-gemuetlich-ist\/#breadcrumb"},"inLanguage":"de","potentialAction":[{"@type":"ReadAction","target":["https:\/\/www.strassenweb.de\/nachrichten\/ina-garten-von-barefoot-contessa-verwandelt-ein-minimalistisches-wohnzimmer-in-einen-stilvollen-winter-rueckzugsort-der-ueberraschend-gemuetlich-ist\/"]}]},{"@type":"ImageObject","inLanguage":"de","@id":"https:\/\/www.strassenweb.de\/nachrichten\/ina-garten-von-barefoot-contessa-verwandelt-ein-minimalistisches-wohnzimmer-in-einen-stilvollen-winter-rueckzugsort-der-ueberraschend-gemuetlich-ist\/#primaryimage","url":"https:\/\/www.strassenweb.de\/nachrichten\/wp-content\/uploads\/2025\/10\/Ina-Garten-von-Barefoot-Contessa-verwandelt-ein-minimalistisches-Wohnzimmer-in.png","contentUrl":"https:\/\/www.strassenweb.de\/nachrichten\/wp-content\/uploads\/2025\/10\/Ina-Garten-von-Barefoot-Contessa-verwandelt-ein-minimalistisches-Wohnzimmer-in.png","width":1600,"height":900,"caption":"Ina Garten"},{"@type":"BreadcrumbList","@id":"https:\/\/www.strassenweb.de\/nachrichten\/ina-garten-von-barefoot-contessa-verwandelt-ein-minimalistisches-wohnzimmer-in-einen-stilvollen-winter-rueckzugsort-der-ueberraschend-gemuetlich-ist\/#breadcrumb","itemListElement":[{"@type":"ListItem","position":1,"name":"Home","item":"https:\/\/www.strassenweb.de\/nachrichten\/"},{"@type":"ListItem","position":2,"name":"Ina Garten von Barefoot Contessa verwandelt ein minimalistisches Wohnzimmer in einen stilvollen Winter-R\u00fcckzugsort, der \u00fcberraschend gem\u00fctlich ist"}]},{"@type":"WebSite","@id":"https:\/\/www.strassenweb.de\/nachrichten\/#website","url":"https:\/\/www.strassenweb.de\/nachrichten\/","name":"Stra\u00dfenweb","description":"Stra\u00dfenverzeichnis f\u00fcr Deutschland","publisher":{"@id":"https:\/\/www.strassenweb.de\/nachrichten\/#organization"},"potentialAction":[{"@type":"SearchAction","target":{"@type":"EntryPoint","urlTemplate":"https:\/\/www.strassenweb.de\/nachrichten\/?s={search_term_string}"},"query-input":{"@type":"PropertyValueSpecification","valueRequired":true,"valueName":"search_term_string"}}],"inLanguage":"de"},{"@type":"Organization","@id":"https:\/\/www.strassenweb.de\/nachrichten\/#organization","name":"Stra\u00dfenweb","url":"https:\/\/www.strassenweb.de\/nachrichten\/","logo":{"@type":"ImageObject","inLanguage":"de","@id":"https:\/\/www.strassenweb.de\/nachrichten\/#\/schema\/logo\/image\/","url":"https:\/\/www.strassenweb.de\/nachrichten\/wp-content\/uploads\/2024\/09\/cropped-favicon.png","contentUrl":"https:\/\/www.strassenweb.de\/nachrichten\/wp-content\/uploads\/2024\/09\/cropped-favicon.png","width":512,"height":512,"caption":"Stra\u00dfenweb"},"image":{"@id":"https:\/\/www.strassenweb.de\/nachrichten\/#\/schema\/logo\/image\/"},"sameAs":["https:\/\/www.facebook.com\/strassenweb\/"]},{"@type":"Person","@id":"https:\/\/www.strassenweb.de\/nachrichten\/#\/schema\/person\/87c9c9067f1211da429a744dc5a5aa41","name":"Robert Hoffmann","image":{"@type":"ImageObject","inLanguage":"de","@id":"https:\/\/www.strassenweb.de\/nachrichten\/wp-content\/uploads\/2024\/09\/strassenweb-150x150.jpg","url":"https:\/\/www.strassenweb.de\/nachrichten\/wp-content\/uploads\/2024\/09\/strassenweb-150x150.jpg","contentUrl":"https:\/\/www.strassenweb.de\/nachrichten\/wp-content\/uploads\/2024\/09\/strassenweb-150x150.jpg","caption":"Robert Hoffmann"},"description":"Ich hei\u00dfe Robert Hoffmann und ich bin ein leidenschaftlicher Verfechter von \u00d6kologie und Biodiversit\u00e4t. Seit meiner Kindheit in den W\u00e4ldern Bayerns f\u00fchle ich mich mit der Natur verbunden und bin entschlossen, sie zu sch\u00fctzen. Heute widme ich mein Leben der Sensibilisierung anderer f\u00fcr die Bedeutung des Umweltschutzes f\u00fcr zuk\u00fcnftige Generationen.","sameAs":["https:\/\/www.strassenweb.de\/"]}]}},"_links":{"self":[{"href":"https:\/\/www.strassenweb.de\/nachrichten\/wp-json\/wp\/v2\/posts\/8690","targetHints":{"allow":["GET"]}}],"collection":[{"href":"https:\/\/www.strassenweb.de\/nachrichten\/wp-json\/wp\/v2\/posts"}],"about":[{"href":"https:\/\/www.strassenweb.de\/nachrichten\/wp-json\/wp\/v2\/types\/post"}],"author":[{"embeddable":true,"href":"https:\/\/www.strassenweb.de\/nachrichten\/wp-json\/wp\/v2\/users\/1"}],"replies":[{"embeddable":true,"href":"https:\/\/www.strassenweb.de\/nachrichten\/wp-json\/wp\/v2\/comments?post=8690"}],"version-history":[{"count":0,"href":"https:\/\/www.strassenweb.de\/nachrichten\/wp-json\/wp\/v2\/posts\/8690\/revisions"}],"wp:featuredmedia":[{"embeddable":true,"href":"https:\/\/www.strassenweb.de\/nachrichten\/wp-json\/wp\/v2\/media\/8691"}],"wp:attachment":[{"href":"https:\/\/www.strassenweb.de\/nachrichten\/wp-json\/wp\/v2\/media?parent=8690"}],"wp:term":[{"taxonomy":"category","embeddable":true,"href":"https:\/\/www.strassenweb.de\/nachrichten\/wp-json\/wp\/v2\/categories?post=8690"},{"taxonomy":"post_tag","embeddable":true,"href":"https:\/\/www.strassenweb.de\/nachrichten\/wp-json\/wp\/v2\/tags?post=8690"}],"curies":[{"name":"wp","href":"https:\/\/api.w.org\/{rel}","templated":true}]}}