{"id":8684,"date":"2025-10-22T20:39:16","date_gmt":"2025-10-22T18:39:16","guid":{"rendered":"https:\/\/www.strassenweb.de\/nachrichten\/das-klima-in-europa-veraendert-sich-schnell-so-wirkt-es-sich-auf-menschen-und-wirtschaft-aus\/"},"modified":"2025-10-22T20:39:17","modified_gmt":"2025-10-22T18:39:17","slug":"das-klima-in-europa-veraendert-sich-schnell-so-wirkt-es-sich-auf-menschen-und-wirtschaft-aus","status":"publish","type":"post","link":"https:\/\/www.strassenweb.de\/nachrichten\/das-klima-in-europa-veraendert-sich-schnell-so-wirkt-es-sich-auf-menschen-und-wirtschaft-aus\/","title":{"rendered":"Das Klima in Europa ver\u00e4ndert sich schnell \u2013 so wirkt es sich auf Menschen und Wirtschaft aus"},"content":{"rendered":"<p>In ganz Europa steigen die Temperaturen doppelt so stark wie im globalen Durchschnitt. Dieser alarmierende Trend f\u00fchrt zu h\u00e4ufigeren und intensiveren Hitzewellen, D\u00fcrren, \u00dcberschwemmungen und St\u00fcrmen.<\/p>\n<p>Aber beim Klimawandel geht es nicht nur um extremes Wetter. Es sch\u00e4digt \u00d6kosysteme, Infrastruktur und Wirtschaft sowie die Widerstandsf\u00e4higkeit und den Wohlstand der Menschen, was bedeutet, dass die europ\u00e4ische Lebensweise gef\u00e4hrdet ist.<\/p>\n<p>Die neuesten Informationen der Europ\u00e4ischen Umweltagentur zeigen, dass sich der Zustand der Umwelt trotz der Fortschritte verschlechtert. Europa ist der Kontinent, der sich am schnellsten erw\u00e4rmt, und die gro\u00dfen wirtschaftlichen und sozialen Verluste durch klimabedingte Ereignisse nehmen zu \u2013 mit mehr als 738 Milliarden Euro (643 Milliarden Pfund) an Verlusten von 1980 bis 2023 und \u00fcber 162 Milliarden Euro in den letzten drei Jahren.<\/p>\n<p>Anpassung (erforderliche Ma\u00dfnahmen f\u00fcr Gesellschaften zur Anpassung an die negativen Auswirkungen des Klimawandels) ist erforderlich, bleibt aber aufgrund inkonsistenter und unzureichend ausgestatteter Ans\u00e4tze hinter dem eskalierenden Risiko zur\u00fcck. Dadurch wird die Widerstandsf\u00e4higkeit des \u00d6kosystems und der Gesellschaft untergraben.<\/p>\n<p>Gesunde \u00d6kosysteme unterst\u00fctzen ein nachhaltiges Leben, indem sie die Ern\u00e4hrungs- und Wassersicherheit gew\u00e4hrleisten und lebenswichtige G\u00fcter und Dienstleistungen bereitstellen.<\/p>\n<p>F\u00fcr die in Europa lebenden Menschen sind die Auswirkungen bereits sichtbar und pers\u00f6nlich. Menschen sind aufgrund extremer Wetterbedingungen zunehmend Krankheiten, Umweltverschmutzung und sogar vorzeitigem Tod ausgesetzt. H\u00e4user und Gemeinden stehen vor der Zerst\u00f6rung. Zu den extremen Wetterereignissen im Jahr 2025 geh\u00f6rten ausgedehnte \u00dcberschwemmungen in Valencia (Spanien) sowie Waldbr\u00e4nde in der T\u00fcrkei, Portugal, Zypern, Frankreich und Spanien.<\/p>\n<p>\u00d6ffentliche Dienste \u2013 wie das Gesundheitswesen und Fr\u00fchhelfer wie die Feuerwehr \u2013 geraten unter Druck. Der Alltag wird unsicherer. Mehr als 464.000 Menschen in ganz Europa erleben bereits das Trauma der Zwangsvertreibung aufgrund von \u00dcberschwemmungen, Waldbr\u00e4nden und St\u00fcrmen.<\/p>\n<p>Derzeit handelt es sich um Binnenvertreibungen, das hei\u00dft, sie haben die Grenzen in andere L\u00e4nder nicht \u00fcberschritten. Doch dieses Extremwetter kommt mittlerweile h\u00e4ufiger vor, so dass die Gefahr gr\u00f6\u00dferer Vertreibungen zunimmt.<\/p>\n<p>Sturm Amy traf Anfang Oktober auf Gro\u00dfbritannien. Viele B\u00e4ume wurden umgest\u00fcrzt, Tausende Menschen waren tagelang vom Stromnetz getrennt, wodurch der Zugverkehr unterbrochen wurde und viele Haushalte keinen Internetzugang mehr hatten \u2013 was f\u00fcr viele die Lebensader abgeschnitten hat. Schottland war besonders betroffen, da Scottish and Southern Electricity Networks die Stromversorgung von \u00fcber 86.000 Grundst\u00fccken wiederherstellen musste.<\/p>\n<figure class=\"wp-block-image\"><\/figure>\n<p>Diese St\u00f6rungen fordern nicht nur physische Folgen. Sie bringen erheblichen finanziellen und emotionalen Stress mit sich. Familien, Unternehmen und ganze Gemeinden tragen die wachsenden wirtschaftlichen Belastungen durch klimabedingte Sch\u00e4den.<\/p>\n<p>Es besteht ein wachsendes Gef\u00fchl von Stress und Angst im Zusammenhang mit der Ungewissheit und Unvermeidlichkeit klimabedingter extremer Wetterereignisse. Die emotionale Belastung wird noch schlimmer, wenn besonders gef\u00e4hrdete Gemeinschaften mit den Folgen konfrontiert werden, wie zum Beispiel D\u00f6rfer in Spanien und Portugal, wo Waldbr\u00e4nde W\u00e4lder, H\u00e4user und Gesch\u00e4fte verw\u00fcsteten.<\/p>\n<p>Da immer h\u00e4ufiger extreme Wetterereignisse vorhergesagt werden, ist der Wiederaufbau beunruhigend und be\u00e4ngstigend, wenn die Widerstandsf\u00e4higkeit bereits durch Sch\u00e4den geschw\u00e4cht wurde.<\/p>\n<p>Politische Ver\u00e4nderungen in ganz Europa erh\u00f6hen den Druck auf die ohnehin schon fragile Situation. Der Fortschritt wird durch eine R\u00fccknahme gr\u00fcner Politik, die Verleugnung der Klimawissenschaft und eine R\u00fcckkehr zu umweltsch\u00e4dlichen Praktiken gef\u00e4hrdet, wie zum Beispiel die verz\u00f6gerte Einf\u00fchrung des Berichtsgesetzes zur Bek\u00e4mpfung der Entwaldung durch die EU zum zweiten Mal, was bedeutet, dass W\u00e4lder weiterhin von der Zerst\u00f6rung bedroht sind, um G\u00fcter und Rohstoffe wie Palm\u00f6l, Soja und Rindfleisch zu produzieren. Je mehr R\u00fcckschl\u00e4ge es gibt, desto gr\u00f6\u00dfer wird die Angst vor dem Klimawandel, und unsere F\u00e4higkeit, die Klimaziele zu erreichen, ger\u00e4t immer weiter in Vergessenheit.<\/p>\n<h2 class=\"wp-block-heading\">Ein wohlhabenderer Weg<\/h2>\n<p>Wenn jetzt nicht gehandelt wird, wird dies sp\u00e4ter zu h\u00f6heren Kosten f\u00fchren und bestehende Ungleichheiten vertiefen. Andererseits bietet die St\u00e4rkung gr\u00fcner Richtlinien und nachhaltiger Praktiken einen Weg in eine ges\u00fcndere, gerechtere und wohlhabendere Zukunft. Die Kosten der Unt\u00e4tigkeit \u00fcberwiegen bei weitem die Kosten, die mit dem sofortigen Handeln verbunden sind.<\/p>\n<p>Einige Teile Europas st\u00e4rken ihre Widerstandsf\u00e4higkeit, indem sie sich auf saubere Energie konzentrieren, eine st\u00e4rker kreislauforientierte Wirtschaft aufbauen und Naturg\u00fcter wie W\u00e4lder und Fl\u00fcsse sch\u00fctzen.<\/p>\n<p>Programme wie der 4,2-Milliarden-Euro-Fonds zur Unterst\u00fctzung von 77 Dekarbonisierungsprojekten im Rahmen der EU-Umstellung auf saubere Energie sollen dazu beitragen, die Emissionen bis 2050 zu reduzieren. Dar\u00fcber hinaus gibt es Pl\u00e4ne zum Schutz und zur ordnungsgem\u00e4\u00dfen Bewirtschaftung nat\u00fcrlicher Umgebungen wie Torfmoore, die ausgezeichnete Kohlenstoffspeicher sind.<\/p>\n<p>Trotz Herausforderungen wie der Zukunft politischer Agenden und der Bereitschaft, sich f\u00fcr die gr\u00fcne Agenda zu engagieren, gibt es Grund zum Optimismus. Die EU hat die Treibhausgasemissionen seit 1990 bereits um 37 % gesenkt, was beweist, dass bedeutende Ver\u00e4nderungen m\u00f6glich sind. Europa hat sich zu einem globalen Vorreiter im Klimaschutz entwickelt und kann mit anhaltenden Anstrengungen auf Kurs bleiben, um die ehrgeizigen gr\u00fcnen Ziele zu erreichen und bis 2050 den Netto-Nullpunkt zu erreichen.<\/p>\n<p>Aber um Erfolg zu haben, m\u00fcssen alle \u2013 Regierungen, Unternehmen und Gemeinden \u2013 zusammenarbeiten. Indem wir soziale, politische und \u00f6kologische Anstrengungen vereinen, k\u00f6nnen wir auch k\u00fcnftigen Generationen einen lebenswerten und bl\u00fchenden Planeten sichern.<\/p>\n<p>Rosemary Anthony, Dozentin f\u00fcr Klimawandel und Nachhaltigkeit, <em>Universit\u00e4t Salford<\/em><\/p>\n<p>  wird von The Conversation unter einer Creative Commons-Lizenz erneut ver\u00f6ffentlicht. <\/p>\n","protected":false},"excerpt":{"rendered":"<p>In ganz Europa steigen die Temperaturen doppelt so stark wie im globalen Durchschnitt. Dieser alarmierende Trend f\u00fchrt zu h\u00e4ufigeren und intensiveren Hitzewellen, D\u00fcrren, \u00dcberschwemmungen und<\/p>\n","protected":false},"author":1,"featured_media":8685,"comment_status":"closed","ping_status":"","sticky":false,"template":"","format":"standard","meta":{"footnotes":""},"categories":[101],"tags":[46,287,112,593,612,408,1793,142,37,837,937,243],"class_list":["post-8684","post","type-post","status-publish","format-standard","has-post-thumbnail","hentry","category-oekologie","tag-auf","tag-aus","tag-das","tag-europa","tag-klima","tag-menschen","tag-schnell","tag-sich","tag-und","tag-veraendert","tag-wirkt","tag-wirtschaft","generate-columns","tablet-grid-50","mobile-grid-100","grid-parent","grid-50"],"yoast_head":"<!-- This site is optimized with the Yoast SEO plugin v27.3 - https:\/\/yoast.com\/product\/yoast-seo-wordpress\/ -->\n<title>Das Klima in Europa ver\u00e4ndert sich schnell \u2013 so wirkt es sich auf Menschen und Wirtschaft aus - Nachrichten - Stra\u00dfenweb<\/title>\n<meta name=\"robots\" content=\"index, follow, max-snippet:-1, max-image-preview:large, max-video-preview:-1\" \/>\n<link rel=\"canonical\" href=\"https:\/\/www.strassenweb.de\/nachrichten\/das-klima-in-europa-veraendert-sich-schnell-so-wirkt-es-sich-auf-menschen-und-wirtschaft-aus\/\" \/>\n<meta property=\"og:locale\" content=\"de_DE\" \/>\n<meta property=\"og:type\" content=\"article\" \/>\n<meta property=\"og:title\" content=\"Das Klima in Europa ver\u00e4ndert sich schnell \u2013 so wirkt es sich auf Menschen und Wirtschaft aus - Nachrichten - Stra\u00dfenweb\" \/>\n<meta property=\"og:description\" content=\"In ganz Europa steigen die Temperaturen doppelt so stark wie im globalen Durchschnitt. Dieser alarmierende Trend f\u00fchrt zu h\u00e4ufigeren und intensiveren Hitzewellen, D\u00fcrren, \u00dcberschwemmungen und\" \/>\n<meta property=\"og:url\" content=\"https:\/\/www.strassenweb.de\/nachrichten\/das-klima-in-europa-veraendert-sich-schnell-so-wirkt-es-sich-auf-menschen-und-wirtschaft-aus\/\" \/>\n<meta property=\"og:site_name\" content=\"Stra\u00dfenweb\" \/>\n<meta property=\"article:publisher\" content=\"https:\/\/www.facebook.com\/strassenweb\/\" \/>\n<meta property=\"article:published_time\" content=\"2025-10-22T18:39:16+00:00\" \/>\n<meta property=\"article:modified_time\" content=\"2025-10-22T18:39:17+00:00\" \/>\n<meta property=\"og:image\" content=\"https:\/\/www.strassenweb.de\/nachrichten\/wp-content\/uploads\/2025\/10\/Das-Klima-in-Europa-veraendert-sich-schnell-\u2013-so-wirkt.jpg\" \/>\n\t<meta property=\"og:image:width\" content=\"900\" \/>\n\t<meta property=\"og:image:height\" content=\"600\" \/>\n\t<meta property=\"og:image:type\" content=\"image\/jpeg\" \/>\n<meta name=\"author\" content=\"Robert Hoffmann\" \/>\n<meta name=\"twitter:card\" content=\"summary_large_image\" \/>\n<meta name=\"twitter:label1\" content=\"Verfasst von\" \/>\n\t<meta name=\"twitter:data1\" content=\"Robert Hoffmann\" \/>\n\t<meta name=\"twitter:label2\" content=\"Gesch\u00e4tzte Lesezeit\" \/>\n\t<meta name=\"twitter:data2\" content=\"4\u00a0Minuten\" \/>\n<script type=\"application\/ld+json\" class=\"yoast-schema-graph\">{\"@context\":\"https:\\\/\\\/schema.org\",\"@graph\":[{\"@type\":\"Article\",\"@id\":\"https:\\\/\\\/www.strassenweb.de\\\/nachrichten\\\/das-klima-in-europa-veraendert-sich-schnell-so-wirkt-es-sich-auf-menschen-und-wirtschaft-aus\\\/#article\",\"isPartOf\":{\"@id\":\"https:\\\/\\\/www.strassenweb.de\\\/nachrichten\\\/das-klima-in-europa-veraendert-sich-schnell-so-wirkt-es-sich-auf-menschen-und-wirtschaft-aus\\\/\"},\"author\":{\"name\":\"Robert Hoffmann\",\"@id\":\"https:\\\/\\\/www.strassenweb.de\\\/nachrichten\\\/#\\\/schema\\\/person\\\/87c9c9067f1211da429a744dc5a5aa41\"},\"headline\":\"Das Klima in Europa ver\u00e4ndert sich schnell \u2013 so wirkt es sich auf Menschen und Wirtschaft aus\",\"datePublished\":\"2025-10-22T18:39:16+00:00\",\"dateModified\":\"2025-10-22T18:39:17+00:00\",\"mainEntityOfPage\":{\"@id\":\"https:\\\/\\\/www.strassenweb.de\\\/nachrichten\\\/das-klima-in-europa-veraendert-sich-schnell-so-wirkt-es-sich-auf-menschen-und-wirtschaft-aus\\\/\"},\"wordCount\":904,\"publisher\":{\"@id\":\"https:\\\/\\\/www.strassenweb.de\\\/nachrichten\\\/#organization\"},\"image\":{\"@id\":\"https:\\\/\\\/www.strassenweb.de\\\/nachrichten\\\/das-klima-in-europa-veraendert-sich-schnell-so-wirkt-es-sich-auf-menschen-und-wirtschaft-aus\\\/#primaryimage\"},\"thumbnailUrl\":\"https:\\\/\\\/www.strassenweb.de\\\/nachrichten\\\/wp-content\\\/uploads\\\/2025\\\/10\\\/Das-Klima-in-Europa-veraendert-sich-schnell-\u2013-so-wirkt.jpg\",\"keywords\":[\"auf\",\"aus\",\"das\",\"Europa\",\"Klima\",\"Menschen\",\"schnell\",\"sich\",\"und\",\"ver\u00e4ndert\",\"wirkt\",\"Wirtschaft\"],\"articleSection\":[\"\u00d6kologie\"],\"inLanguage\":\"de\"},{\"@type\":\"WebPage\",\"@id\":\"https:\\\/\\\/www.strassenweb.de\\\/nachrichten\\\/das-klima-in-europa-veraendert-sich-schnell-so-wirkt-es-sich-auf-menschen-und-wirtschaft-aus\\\/\",\"url\":\"https:\\\/\\\/www.strassenweb.de\\\/nachrichten\\\/das-klima-in-europa-veraendert-sich-schnell-so-wirkt-es-sich-auf-menschen-und-wirtschaft-aus\\\/\",\"name\":\"Das Klima in Europa ver\u00e4ndert sich schnell \u2013 so wirkt es sich auf Menschen und Wirtschaft aus - Nachrichten - Stra\u00dfenweb\",\"isPartOf\":{\"@id\":\"https:\\\/\\\/www.strassenweb.de\\\/nachrichten\\\/#website\"},\"primaryImageOfPage\":{\"@id\":\"https:\\\/\\\/www.strassenweb.de\\\/nachrichten\\\/das-klima-in-europa-veraendert-sich-schnell-so-wirkt-es-sich-auf-menschen-und-wirtschaft-aus\\\/#primaryimage\"},\"image\":{\"@id\":\"https:\\\/\\\/www.strassenweb.de\\\/nachrichten\\\/das-klima-in-europa-veraendert-sich-schnell-so-wirkt-es-sich-auf-menschen-und-wirtschaft-aus\\\/#primaryimage\"},\"thumbnailUrl\":\"https:\\\/\\\/www.strassenweb.de\\\/nachrichten\\\/wp-content\\\/uploads\\\/2025\\\/10\\\/Das-Klima-in-Europa-veraendert-sich-schnell-\u2013-so-wirkt.jpg\",\"datePublished\":\"2025-10-22T18:39:16+00:00\",\"dateModified\":\"2025-10-22T18:39:17+00:00\",\"breadcrumb\":{\"@id\":\"https:\\\/\\\/www.strassenweb.de\\\/nachrichten\\\/das-klima-in-europa-veraendert-sich-schnell-so-wirkt-es-sich-auf-menschen-und-wirtschaft-aus\\\/#breadcrumb\"},\"inLanguage\":\"de\",\"potentialAction\":[{\"@type\":\"ReadAction\",\"target\":[\"https:\\\/\\\/www.strassenweb.de\\\/nachrichten\\\/das-klima-in-europa-veraendert-sich-schnell-so-wirkt-es-sich-auf-menschen-und-wirtschaft-aus\\\/\"]}]},{\"@type\":\"ImageObject\",\"inLanguage\":\"de\",\"@id\":\"https:\\\/\\\/www.strassenweb.de\\\/nachrichten\\\/das-klima-in-europa-veraendert-sich-schnell-so-wirkt-es-sich-auf-menschen-und-wirtschaft-aus\\\/#primaryimage\",\"url\":\"https:\\\/\\\/www.strassenweb.de\\\/nachrichten\\\/wp-content\\\/uploads\\\/2025\\\/10\\\/Das-Klima-in-Europa-veraendert-sich-schnell-\u2013-so-wirkt.jpg\",\"contentUrl\":\"https:\\\/\\\/www.strassenweb.de\\\/nachrichten\\\/wp-content\\\/uploads\\\/2025\\\/10\\\/Das-Klima-in-Europa-veraendert-sich-schnell-\u2013-so-wirkt.jpg\",\"width\":900,\"height\":600,\"caption\":\"Europe\u2019s climate is changing fast \u2013 here\u2019s how it\u2019s affecting people and the\u00a0economy\"},{\"@type\":\"BreadcrumbList\",\"@id\":\"https:\\\/\\\/www.strassenweb.de\\\/nachrichten\\\/das-klima-in-europa-veraendert-sich-schnell-so-wirkt-es-sich-auf-menschen-und-wirtschaft-aus\\\/#breadcrumb\",\"itemListElement\":[{\"@type\":\"ListItem\",\"position\":1,\"name\":\"Home\",\"item\":\"https:\\\/\\\/www.strassenweb.de\\\/nachrichten\\\/\"},{\"@type\":\"ListItem\",\"position\":2,\"name\":\"Das Klima in Europa ver\u00e4ndert sich schnell \u2013 so wirkt es sich auf Menschen und Wirtschaft aus\"}]},{\"@type\":\"WebSite\",\"@id\":\"https:\\\/\\\/www.strassenweb.de\\\/nachrichten\\\/#website\",\"url\":\"https:\\\/\\\/www.strassenweb.de\\\/nachrichten\\\/\",\"name\":\"Stra\u00dfenweb\",\"description\":\"Stra\u00dfenverzeichnis f\u00fcr Deutschland\",\"publisher\":{\"@id\":\"https:\\\/\\\/www.strassenweb.de\\\/nachrichten\\\/#organization\"},\"potentialAction\":[{\"@type\":\"SearchAction\",\"target\":{\"@type\":\"EntryPoint\",\"urlTemplate\":\"https:\\\/\\\/www.strassenweb.de\\\/nachrichten\\\/?s={search_term_string}\"},\"query-input\":{\"@type\":\"PropertyValueSpecification\",\"valueRequired\":true,\"valueName\":\"search_term_string\"}}],\"inLanguage\":\"de\"},{\"@type\":\"Organization\",\"@id\":\"https:\\\/\\\/www.strassenweb.de\\\/nachrichten\\\/#organization\",\"name\":\"Stra\u00dfenweb\",\"url\":\"https:\\\/\\\/www.strassenweb.de\\\/nachrichten\\\/\",\"logo\":{\"@type\":\"ImageObject\",\"inLanguage\":\"de\",\"@id\":\"https:\\\/\\\/www.strassenweb.de\\\/nachrichten\\\/#\\\/schema\\\/logo\\\/image\\\/\",\"url\":\"https:\\\/\\\/www.strassenweb.de\\\/nachrichten\\\/wp-content\\\/uploads\\\/2024\\\/09\\\/cropped-favicon.png\",\"contentUrl\":\"https:\\\/\\\/www.strassenweb.de\\\/nachrichten\\\/wp-content\\\/uploads\\\/2024\\\/09\\\/cropped-favicon.png\",\"width\":512,\"height\":512,\"caption\":\"Stra\u00dfenweb\"},\"image\":{\"@id\":\"https:\\\/\\\/www.strassenweb.de\\\/nachrichten\\\/#\\\/schema\\\/logo\\\/image\\\/\"},\"sameAs\":[\"https:\\\/\\\/www.facebook.com\\\/strassenweb\\\/\"]},{\"@type\":\"Person\",\"@id\":\"https:\\\/\\\/www.strassenweb.de\\\/nachrichten\\\/#\\\/schema\\\/person\\\/87c9c9067f1211da429a744dc5a5aa41\",\"name\":\"Robert Hoffmann\",\"image\":{\"@type\":\"ImageObject\",\"inLanguage\":\"de\",\"@id\":\"https:\\\/\\\/www.strassenweb.de\\\/nachrichten\\\/wp-content\\\/uploads\\\/2024\\\/09\\\/strassenweb-150x150.jpg\",\"url\":\"https:\\\/\\\/www.strassenweb.de\\\/nachrichten\\\/wp-content\\\/uploads\\\/2024\\\/09\\\/strassenweb-150x150.jpg\",\"contentUrl\":\"https:\\\/\\\/www.strassenweb.de\\\/nachrichten\\\/wp-content\\\/uploads\\\/2024\\\/09\\\/strassenweb-150x150.jpg\",\"caption\":\"Robert Hoffmann\"},\"description\":\"Ich hei\u00dfe Robert Hoffmann und ich bin ein leidenschaftlicher Verfechter von \u00d6kologie und Biodiversit\u00e4t. Seit meiner Kindheit in den W\u00e4ldern Bayerns f\u00fchle ich mich mit der Natur verbunden und bin entschlossen, sie zu sch\u00fctzen. Heute widme ich mein Leben der Sensibilisierung anderer f\u00fcr die Bedeutung des Umweltschutzes f\u00fcr zuk\u00fcnftige Generationen.\",\"sameAs\":[\"https:\\\/\\\/www.strassenweb.de\\\/\"]}]}<\/script>\n<!-- \/ Yoast SEO plugin. -->","yoast_head_json":{"title":"Das Klima in Europa ver\u00e4ndert sich schnell \u2013 so wirkt es sich auf Menschen und Wirtschaft aus - Nachrichten - Stra\u00dfenweb","robots":{"index":"index","follow":"follow","max-snippet":"max-snippet:-1","max-image-preview":"max-image-preview:large","max-video-preview":"max-video-preview:-1"},"canonical":"https:\/\/www.strassenweb.de\/nachrichten\/das-klima-in-europa-veraendert-sich-schnell-so-wirkt-es-sich-auf-menschen-und-wirtschaft-aus\/","og_locale":"de_DE","og_type":"article","og_title":"Das Klima in Europa ver\u00e4ndert sich schnell \u2013 so wirkt es sich auf Menschen und Wirtschaft aus - Nachrichten - Stra\u00dfenweb","og_description":"In ganz Europa steigen die Temperaturen doppelt so stark wie im globalen Durchschnitt. Dieser alarmierende Trend f\u00fchrt zu h\u00e4ufigeren und intensiveren Hitzewellen, D\u00fcrren, \u00dcberschwemmungen und","og_url":"https:\/\/www.strassenweb.de\/nachrichten\/das-klima-in-europa-veraendert-sich-schnell-so-wirkt-es-sich-auf-menschen-und-wirtschaft-aus\/","og_site_name":"Stra\u00dfenweb","article_publisher":"https:\/\/www.facebook.com\/strassenweb\/","article_published_time":"2025-10-22T18:39:16+00:00","article_modified_time":"2025-10-22T18:39:17+00:00","og_image":[{"width":900,"height":600,"url":"https:\/\/www.strassenweb.de\/nachrichten\/wp-content\/uploads\/2025\/10\/Das-Klima-in-Europa-veraendert-sich-schnell-\u2013-so-wirkt.jpg","type":"image\/jpeg"}],"author":"Robert Hoffmann","twitter_card":"summary_large_image","twitter_misc":{"Verfasst von":"Robert Hoffmann","Gesch\u00e4tzte Lesezeit":"4\u00a0Minuten"},"schema":{"@context":"https:\/\/schema.org","@graph":[{"@type":"Article","@id":"https:\/\/www.strassenweb.de\/nachrichten\/das-klima-in-europa-veraendert-sich-schnell-so-wirkt-es-sich-auf-menschen-und-wirtschaft-aus\/#article","isPartOf":{"@id":"https:\/\/www.strassenweb.de\/nachrichten\/das-klima-in-europa-veraendert-sich-schnell-so-wirkt-es-sich-auf-menschen-und-wirtschaft-aus\/"},"author":{"name":"Robert Hoffmann","@id":"https:\/\/www.strassenweb.de\/nachrichten\/#\/schema\/person\/87c9c9067f1211da429a744dc5a5aa41"},"headline":"Das Klima in Europa ver\u00e4ndert sich schnell \u2013 so wirkt es sich auf Menschen und Wirtschaft aus","datePublished":"2025-10-22T18:39:16+00:00","dateModified":"2025-10-22T18:39:17+00:00","mainEntityOfPage":{"@id":"https:\/\/www.strassenweb.de\/nachrichten\/das-klima-in-europa-veraendert-sich-schnell-so-wirkt-es-sich-auf-menschen-und-wirtschaft-aus\/"},"wordCount":904,"publisher":{"@id":"https:\/\/www.strassenweb.de\/nachrichten\/#organization"},"image":{"@id":"https:\/\/www.strassenweb.de\/nachrichten\/das-klima-in-europa-veraendert-sich-schnell-so-wirkt-es-sich-auf-menschen-und-wirtschaft-aus\/#primaryimage"},"thumbnailUrl":"https:\/\/www.strassenweb.de\/nachrichten\/wp-content\/uploads\/2025\/10\/Das-Klima-in-Europa-veraendert-sich-schnell-\u2013-so-wirkt.jpg","keywords":["auf","aus","das","Europa","Klima","Menschen","schnell","sich","und","ver\u00e4ndert","wirkt","Wirtschaft"],"articleSection":["\u00d6kologie"],"inLanguage":"de"},{"@type":"WebPage","@id":"https:\/\/www.strassenweb.de\/nachrichten\/das-klima-in-europa-veraendert-sich-schnell-so-wirkt-es-sich-auf-menschen-und-wirtschaft-aus\/","url":"https:\/\/www.strassenweb.de\/nachrichten\/das-klima-in-europa-veraendert-sich-schnell-so-wirkt-es-sich-auf-menschen-und-wirtschaft-aus\/","name":"Das Klima in Europa ver\u00e4ndert sich schnell \u2013 so wirkt es sich auf Menschen und Wirtschaft aus - Nachrichten - Stra\u00dfenweb","isPartOf":{"@id":"https:\/\/www.strassenweb.de\/nachrichten\/#website"},"primaryImageOfPage":{"@id":"https:\/\/www.strassenweb.de\/nachrichten\/das-klima-in-europa-veraendert-sich-schnell-so-wirkt-es-sich-auf-menschen-und-wirtschaft-aus\/#primaryimage"},"image":{"@id":"https:\/\/www.strassenweb.de\/nachrichten\/das-klima-in-europa-veraendert-sich-schnell-so-wirkt-es-sich-auf-menschen-und-wirtschaft-aus\/#primaryimage"},"thumbnailUrl":"https:\/\/www.strassenweb.de\/nachrichten\/wp-content\/uploads\/2025\/10\/Das-Klima-in-Europa-veraendert-sich-schnell-\u2013-so-wirkt.jpg","datePublished":"2025-10-22T18:39:16+00:00","dateModified":"2025-10-22T18:39:17+00:00","breadcrumb":{"@id":"https:\/\/www.strassenweb.de\/nachrichten\/das-klima-in-europa-veraendert-sich-schnell-so-wirkt-es-sich-auf-menschen-und-wirtschaft-aus\/#breadcrumb"},"inLanguage":"de","potentialAction":[{"@type":"ReadAction","target":["https:\/\/www.strassenweb.de\/nachrichten\/das-klima-in-europa-veraendert-sich-schnell-so-wirkt-es-sich-auf-menschen-und-wirtschaft-aus\/"]}]},{"@type":"ImageObject","inLanguage":"de","@id":"https:\/\/www.strassenweb.de\/nachrichten\/das-klima-in-europa-veraendert-sich-schnell-so-wirkt-es-sich-auf-menschen-und-wirtschaft-aus\/#primaryimage","url":"https:\/\/www.strassenweb.de\/nachrichten\/wp-content\/uploads\/2025\/10\/Das-Klima-in-Europa-veraendert-sich-schnell-\u2013-so-wirkt.jpg","contentUrl":"https:\/\/www.strassenweb.de\/nachrichten\/wp-content\/uploads\/2025\/10\/Das-Klima-in-Europa-veraendert-sich-schnell-\u2013-so-wirkt.jpg","width":900,"height":600,"caption":"Europe\u2019s climate is changing fast \u2013 here\u2019s how it\u2019s affecting people and the\u00a0economy"},{"@type":"BreadcrumbList","@id":"https:\/\/www.strassenweb.de\/nachrichten\/das-klima-in-europa-veraendert-sich-schnell-so-wirkt-es-sich-auf-menschen-und-wirtschaft-aus\/#breadcrumb","itemListElement":[{"@type":"ListItem","position":1,"name":"Home","item":"https:\/\/www.strassenweb.de\/nachrichten\/"},{"@type":"ListItem","position":2,"name":"Das Klima in Europa ver\u00e4ndert sich schnell \u2013 so wirkt es sich auf Menschen und Wirtschaft aus"}]},{"@type":"WebSite","@id":"https:\/\/www.strassenweb.de\/nachrichten\/#website","url":"https:\/\/www.strassenweb.de\/nachrichten\/","name":"Stra\u00dfenweb","description":"Stra\u00dfenverzeichnis f\u00fcr Deutschland","publisher":{"@id":"https:\/\/www.strassenweb.de\/nachrichten\/#organization"},"potentialAction":[{"@type":"SearchAction","target":{"@type":"EntryPoint","urlTemplate":"https:\/\/www.strassenweb.de\/nachrichten\/?s={search_term_string}"},"query-input":{"@type":"PropertyValueSpecification","valueRequired":true,"valueName":"search_term_string"}}],"inLanguage":"de"},{"@type":"Organization","@id":"https:\/\/www.strassenweb.de\/nachrichten\/#organization","name":"Stra\u00dfenweb","url":"https:\/\/www.strassenweb.de\/nachrichten\/","logo":{"@type":"ImageObject","inLanguage":"de","@id":"https:\/\/www.strassenweb.de\/nachrichten\/#\/schema\/logo\/image\/","url":"https:\/\/www.strassenweb.de\/nachrichten\/wp-content\/uploads\/2024\/09\/cropped-favicon.png","contentUrl":"https:\/\/www.strassenweb.de\/nachrichten\/wp-content\/uploads\/2024\/09\/cropped-favicon.png","width":512,"height":512,"caption":"Stra\u00dfenweb"},"image":{"@id":"https:\/\/www.strassenweb.de\/nachrichten\/#\/schema\/logo\/image\/"},"sameAs":["https:\/\/www.facebook.com\/strassenweb\/"]},{"@type":"Person","@id":"https:\/\/www.strassenweb.de\/nachrichten\/#\/schema\/person\/87c9c9067f1211da429a744dc5a5aa41","name":"Robert Hoffmann","image":{"@type":"ImageObject","inLanguage":"de","@id":"https:\/\/www.strassenweb.de\/nachrichten\/wp-content\/uploads\/2024\/09\/strassenweb-150x150.jpg","url":"https:\/\/www.strassenweb.de\/nachrichten\/wp-content\/uploads\/2024\/09\/strassenweb-150x150.jpg","contentUrl":"https:\/\/www.strassenweb.de\/nachrichten\/wp-content\/uploads\/2024\/09\/strassenweb-150x150.jpg","caption":"Robert Hoffmann"},"description":"Ich hei\u00dfe Robert Hoffmann und ich bin ein leidenschaftlicher Verfechter von \u00d6kologie und Biodiversit\u00e4t. Seit meiner Kindheit in den W\u00e4ldern Bayerns f\u00fchle ich mich mit der Natur verbunden und bin entschlossen, sie zu sch\u00fctzen. Heute widme ich mein Leben der Sensibilisierung anderer f\u00fcr die Bedeutung des Umweltschutzes f\u00fcr zuk\u00fcnftige Generationen.","sameAs":["https:\/\/www.strassenweb.de\/"]}]}},"_links":{"self":[{"href":"https:\/\/www.strassenweb.de\/nachrichten\/wp-json\/wp\/v2\/posts\/8684","targetHints":{"allow":["GET"]}}],"collection":[{"href":"https:\/\/www.strassenweb.de\/nachrichten\/wp-json\/wp\/v2\/posts"}],"about":[{"href":"https:\/\/www.strassenweb.de\/nachrichten\/wp-json\/wp\/v2\/types\/post"}],"author":[{"embeddable":true,"href":"https:\/\/www.strassenweb.de\/nachrichten\/wp-json\/wp\/v2\/users\/1"}],"replies":[{"embeddable":true,"href":"https:\/\/www.strassenweb.de\/nachrichten\/wp-json\/wp\/v2\/comments?post=8684"}],"version-history":[{"count":0,"href":"https:\/\/www.strassenweb.de\/nachrichten\/wp-json\/wp\/v2\/posts\/8684\/revisions"}],"wp:featuredmedia":[{"embeddable":true,"href":"https:\/\/www.strassenweb.de\/nachrichten\/wp-json\/wp\/v2\/media\/8685"}],"wp:attachment":[{"href":"https:\/\/www.strassenweb.de\/nachrichten\/wp-json\/wp\/v2\/media?parent=8684"}],"wp:term":[{"taxonomy":"category","embeddable":true,"href":"https:\/\/www.strassenweb.de\/nachrichten\/wp-json\/wp\/v2\/categories?post=8684"},{"taxonomy":"post_tag","embeddable":true,"href":"https:\/\/www.strassenweb.de\/nachrichten\/wp-json\/wp\/v2\/tags?post=8684"}],"curies":[{"name":"wp","href":"https:\/\/api.w.org\/{rel}","templated":true}]}}