{"id":8672,"date":"2025-10-22T14:40:42","date_gmt":"2025-10-22T12:40:42","guid":{"rendered":"https:\/\/www.strassenweb.de\/nachrichten\/woelfe-sind-nach-daenemark-zurueckgekehrt-und-nicht-alle-sind-gluecklich-darueber\/"},"modified":"2025-10-22T14:40:43","modified_gmt":"2025-10-22T12:40:43","slug":"woelfe-sind-nach-daenemark-zurueckgekehrt-und-nicht-alle-sind-gluecklich-darueber","status":"publish","type":"post","link":"https:\/\/www.strassenweb.de\/nachrichten\/woelfe-sind-nach-daenemark-zurueckgekehrt-und-nicht-alle-sind-gluecklich-darueber\/","title":{"rendered":"W\u00f6lfe sind nach D\u00e4nemark zur\u00fcckgekehrt, und nicht alle sind gl\u00fccklich dar\u00fcber"},"content":{"rendered":"<p>Nach Jahrhunderten der Beinahe-Ausrottung haben die europ\u00e4ischen W\u00f6lfe ein bemerkenswertes Comeback erlebt. Im letzten Jahrzehnt ist die Wolfspopulation um fast 60 % gestiegen. Im Jahr 2022 wurden auf dem gesamten Kontinent mehr als 21.500 W\u00f6lfe registriert.<\/p>\n<p>In L\u00e4ndern, die lange Zeit wolfsfrei waren, leben heute bl\u00fchende Rudel. In Deutschland, Italien, Polen, Spanien und Rum\u00e4nien gibt es jeweils mehr als 1.000 W\u00f6lfe. F\u00fcr Wissenschaftler ist dies eine seltene Erfolgsgeschichte im Naturschutz: Ein gro\u00dfes Raubtier erobert Landschaften zur\u00fcck, die von menschlichen Aktivit\u00e4ten dominiert werden.<\/p>\n<p>Wo wir in D\u00e4nemark leben, war das Comeback bescheidener. W\u00f6lfe verschwanden 1813 aus den d\u00e4nischen W\u00e4ldern, als sie bis zur Ausrottung gejagt wurden \u2013 woran sich nur noch Geschichten und M\u00e4rchen erinnern. Dann, im Jahr 2012, \u00fcberquerte ein einsamer m\u00e4nnlicher Wolf die Grenze von Deutschland nach J\u00fctland, der d\u00e4nischen Halbinsel an der Grenze zu Deutschland. Weitere folgten. Im Jahr 2017 feierte D\u00e4nemark sein erstes best\u00e4tigtes Zuchtrudel seit mehr als 200 Jahren.<\/p>\n<p>Heute wird die Wolfspopulation in D\u00e4nemark auf knapp \u00fcber 40 W\u00f6lfe gesch\u00e4tzt, wobei mindestens sieben Brutpaare bekannterma\u00dfen Junge zur Welt gebracht haben.<\/p>\n<p>Doch selbst diese geringe Zahl hat heftige Debatten \u00fcber Viehhaltung und \u00f6ffentliche Sicherheit in einem der am intensivsten bewirtschafteten L\u00e4nder Europas ausgel\u00f6st, wobei die Ansichten \u00fcber W\u00f6lfe offenbar gr\u00f6\u00dfere politische Spaltungen in ganz D\u00e4nemark widerspiegeln.<\/p>\n<p>Die EU hat k\u00fcrzlich den Schutzstatus von W\u00f6lfen herabgestuft und sie von \u201estreng gesch\u00fctzt\u201c auf einfach \u201egesch\u00fctzt\u201c umgestellt. Diese \u00c4nderung erleichtert es den Mitgliedstaaten, lokale T\u00f6tungen zu genehmigen.<\/p>\n<p>Anfang des Fr\u00fchjahrs gab die d\u00e4nische Regierung bekannt, dass \u201eProblemw\u00f6lfe\u201c legal erschossen werden k\u00f6nnen, wenn sie sich wiederholt in St\u00e4dte verirren oder Nutztiere hinter sicheren Z\u00e4unen angreifen. Und im September wurde die erste legale Lizenz zum Erschie\u00dfen eines Wolfes ausgestellt, der mehrere Angriffe begangen hatte.<\/p>\n<p>Experten haben bereits darauf hingewiesen, dass die mysteri\u00f6s hohen Sterblichkeitsraten und das \u201eVerschwinden\u201c der W\u00f6lfe h\u00f6chstwahrscheinlich auf illegale Jagd zur\u00fcckzuf\u00fchren sind. Und Natursch\u00fctzer bef\u00fcrchten, dass Quoten f\u00fcr den Wolfsbestand eingef\u00fchrt werden k\u00f6nnten, wie es im benachbarten Schweden der Fall ist.<\/p>\n<p>Als Politikwissenschaftler wollten wir verstehen, was die D\u00e4nen \u00fcber die R\u00fcckkehr der W\u00f6lfe denken. Diesen Sommer haben wir eine Frage zu W\u00f6lfen in eine YouGov-Umfrage zu Klima und Umwelt aufgenommen. Wir fragten: \u201eStimmen Sie der Aussage zu, dass die Zucht von Wolfsrudeln f\u00fcr die d\u00e4nische Natur von Vorteil ist?\u201c<\/p>\n<figure class=\"wp-block-image\"><\/figure>\n<p>Von den 2.172 Befragten stimmten 43 % nicht zu, 30 % stimmten zu und 27 % waren neutral oder unsicher. Eine Aufschl\u00fcsselung der Ergebnisse nach Politik zeigt deutliche Muster. Anh\u00e4nger linker und gr\u00fcner Parteien \u00e4u\u00dferten sich am positivsten: Fast 45 % stimmten zu, dass W\u00f6lfe gut f\u00fcr die Natur sind. Rechtsgerichtete W\u00e4hler waren weitaus skeptischer, fast die H\u00e4lfte der Anh\u00e4nger neuer rechter Parteien war v\u00f6llig anderer Meinung. Sogar viele W\u00e4hler der Sozialdemokraten (im Allgemeinen als Mitte-Links-W\u00e4hler angesehen) neigten zu Meinungsverschiedenheiten, was zeigt, wie dieses Thema in die traditionellen politischen Gr\u00e4ben integriert wurde.<\/p>\n<p>Die Menschen in Kopenhagen und anderen Gro\u00dfst\u00e4dten standen der R\u00fcckkehr der W\u00f6lfe etwas positiver gegen\u00fcber als die Menschen in kleineren St\u00e4dten oder l\u00e4ndlichen Gebieten, aber die Einstellungen bleiben \u00fcberall gemischt. Das Leben auf dem Land macht einen nicht automatisch zum Wolfskeptiker, und das Stadtleben garantiert auch keine Unterst\u00fctzung.<\/p>\n<p>Das Alter war jedoch der st\u00e4rkste Indikator f\u00fcr die Unterst\u00fctzung. Junge D\u00e4nen (18\u201334) waren mit \u00fcberw\u00e4ltigender Mehrheit der Bef\u00fcrworter, wobei \u00fcber 50 % der Meinung waren, dass W\u00f6lfe der Natur zugute kommen. Allerdings nimmt die Zustimmung mit zunehmendem Alter stetig ab, wobei die Mehrheit der \u00fcber 55-J\u00e4hrigen \u2013 und fast 60 % der \u00fcber 73-J\u00e4hrigen \u2013 v\u00f6llige Ablehnung \u00e4u\u00dfert.<\/p>\n<p>Wir haben mehr als ein Jahrzehnt damit verbracht, uns mit traditionelleren politischen Themen zu befassen, und haben noch nie solche Altersunterschiede gesehen. Auf diese Weise scheint das Wiederaufleben der W\u00f6lfe mehr als nur ein Problem der Tierwelt geworden zu sein.<\/p>\n<h2 class=\"wp-block-heading\">W\u00f6lfe, Mythen und Realit\u00e4t<\/h2>\n<p>Nur wenige Tiere befl\u00fcgeln die Fantasie so sehr wie W\u00f6lfe. Sie erscheinen als B\u00f6sewichte in M\u00e4rchen, als heilige Besch\u00fctzer und Vorboten der Apokalypse in nordischen Mythen und als \u00f6kologische Superhelden in Biologielehrb\u00fcchern. Einige W\u00f6lfe wurden als \u201ebeste Freunde des Menschen\u201c eng mit dem Menschen verbunden, w\u00e4hrend andere zu unserem schlimmsten Feind wurden \u2013 siehe den gro\u00dfen b\u00f6sen Wolf.<\/p>\n<p>Natursch\u00fctzer bezeichnen W\u00f6lfe als \u201eSchl\u00fcsselart\u201c. Das bedeutet, dass ihre Anwesenheit die Erholung von W\u00e4ldern und Grasland erm\u00f6glichen kann, da sie auf nat\u00fcrliche Weise die Anzahl der Hirsche und anderer Beutetiere kontrollieren. Der Yellowstone Park in den USA ist ein Paradebeispiel: Nach der Wiederansiedlung der W\u00f6lfe bl\u00fchten Espen und Weiden zum ersten Mal seit Jahrzehnten wieder.<\/p>\n<p>Aber D\u00e4nemark ist nicht Yellowstone. Die Landschaft ist ein Flickenteppich aus Bauernh\u00f6fen, St\u00e4dten und Autobahnen mit kleinen, stark bewirtschafteten Naturschutzgebieten. Ob W\u00f6lfe hier das \u201ewilde Gleichgewicht\u201c wiederherstellen k\u00f6nnen, ist ungewiss \u2013 und die Ansichten der D\u00e4nen spiegeln diese Unsicherheit wider. Tats\u00e4chlich sind W\u00f6lfe f\u00fcr einige Landwirte und Landbewohner keine Symbole der Wiederverwilderung \u2013 sie sind echte Raubtiere, die Vieh und Lebensgrundlagen bedrohen.<\/p>\n<p>Auch Angst spielt eine Rolle: Eltern machen sich Sorgen um Kinder, die im Wald spazieren gehen, und Hundebesitzer machen sich Sorgen um ihre Haustiere. Statistisch gesehen sind Wolfsangriffe auf Menschen \u00e4u\u00dferst selten, doch die Wahrnehmung \u00fcberwiegt oft die Fakten.<\/p>\n<p>Vorf\u00e4lle in Nachbarl\u00e4ndern k\u00f6nnen die Unruhe verst\u00e4rken. Anfang des Jahres griff ein Wolf in den Niederlanden einen sechsj\u00e4hrigen Jungen an. Und in D\u00e4nemark verbrachten diesen Sommer zwei kleine Jungen Stunden auf einem Baum, weil sie dachten, ein \u201eaggressiver Wolf\u201c sei in der N\u00e4he. Die Geschichte sorgte f\u00fcr Schlagzeilen, doch dann stellte sich heraus, dass es sich bei dem Tier tats\u00e4chlich um eine Gro\u00dfkatze handelte. Es ist eine Erinnerung daran, wie schnell sich Angst ausbreitet, unabh\u00e4ngig davon, ob die Gefahr real ist oder nicht.<\/p>\n<p>Unsere Ergebnisse legen nahe, dass \u00c4ngste und Mythen \u00fcber W\u00f6lfe keine blo\u00dfe Folklore sind. Sie kommen in realen Einstellungen zum Ausdruck und spiegeln tief verwurzelte Werte und kulturelle Identit\u00e4ten wider.<\/p>\n<p>W\u00f6lfe repr\u00e4sentieren mittlerweile viel mehr als nur Wildtiere. Sie sind starke Symbole f\u00fcr Umweltideale und gesellschaftliche Perspektiven \u2013 wobei die Einstellung ihnen gegen\u00fcber weniger von der Geografie als vielmehr von politischen \u00dcberzeugungen und Generationenperspektiven gepr\u00e4gt ist. F\u00fcr politische Entscheidungstr\u00e4ger und Natursch\u00fctzer ist das Verst\u00e4ndnis dieser Wahrnehmungen von entscheidender Bedeutung, um das empfindliche Gleichgewicht zwischen Artenerholung und \u00f6ffentlicher Akzeptanz zu bew\u00e4ltigen.<\/p>\n<p><em>  wurde in Zusammenarbeit mit Videnskab.dk im Rahmen einer Partnerschaft mit The Conversation in Auftrag gegeben. Die d\u00e4nische Version k\u00f6nnen Sie hier lesen.<\/em><\/p>\n<p>Kristian Kongsh\u00f8j, au\u00dferordentlicher Professor f\u00fcr Politikwissenschaft, <em>Universit\u00e4t Aalborg<\/em> und Troels Fage Hedegaard, au\u00dferordentlicher Professor, Center for Comparative Welfare Studies Green Societies, <em>Universit\u00e4t Aalborg<\/em><\/p>\n<p>  wird von The Conversation unter einer Creative Commons-Lizenz erneut ver\u00f6ffentlicht. <\/p>\n<p>Hauptbildnachweis: Bjorn H Stuedal\/Shutterstock<\/p>\n","protected":false},"excerpt":{"rendered":"<p>Nach Jahrhunderten der Beinahe-Ausrottung haben die europ\u00e4ischen W\u00f6lfe ein bemerkenswertes Comeback erlebt. Im letzten Jahrzehnt ist die Wolfspopulation um fast 60 % gestiegen. Im Jahr<\/p>\n","protected":false},"author":1,"featured_media":8673,"comment_status":"closed","ping_status":"","sticky":false,"template":"","format":"standard","meta":{"footnotes":""},"categories":[101],"tags":[176,11009,249,4398,341,61,58,37,11008,11010],"class_list":["post-8672","post","type-post","status-publish","format-standard","has-post-thumbnail","hentry","category-oekologie","tag-alle","tag-daenemark","tag-darueber","tag-gluecklich","tag-nach","tag-nicht","tag-sind","tag-und","tag-woelfe","tag-zurueckgekehrt","generate-columns","tablet-grid-50","mobile-grid-100","grid-parent","grid-50"],"yoast_head":"<!-- This site is optimized with the Yoast SEO plugin v27.3 - https:\/\/yoast.com\/product\/yoast-seo-wordpress\/ -->\n<title>W\u00f6lfe sind nach D\u00e4nemark zur\u00fcckgekehrt, und nicht alle sind gl\u00fccklich dar\u00fcber - Nachrichten - Stra\u00dfenweb<\/title>\n<meta name=\"robots\" content=\"index, follow, max-snippet:-1, max-image-preview:large, max-video-preview:-1\" \/>\n<link rel=\"canonical\" href=\"https:\/\/www.strassenweb.de\/nachrichten\/woelfe-sind-nach-daenemark-zurueckgekehrt-und-nicht-alle-sind-gluecklich-darueber\/\" \/>\n<meta property=\"og:locale\" content=\"de_DE\" \/>\n<meta property=\"og:type\" content=\"article\" \/>\n<meta property=\"og:title\" content=\"W\u00f6lfe sind nach D\u00e4nemark zur\u00fcckgekehrt, und nicht alle sind gl\u00fccklich dar\u00fcber - Nachrichten - Stra\u00dfenweb\" \/>\n<meta property=\"og:description\" content=\"Nach Jahrhunderten der Beinahe-Ausrottung haben die europ\u00e4ischen W\u00f6lfe ein bemerkenswertes Comeback erlebt. Im letzten Jahrzehnt ist die Wolfspopulation um fast 60 % gestiegen. Im Jahr\" \/>\n<meta property=\"og:url\" content=\"https:\/\/www.strassenweb.de\/nachrichten\/woelfe-sind-nach-daenemark-zurueckgekehrt-und-nicht-alle-sind-gluecklich-darueber\/\" \/>\n<meta property=\"og:site_name\" content=\"Stra\u00dfenweb\" \/>\n<meta property=\"article:publisher\" content=\"https:\/\/www.facebook.com\/strassenweb\/\" \/>\n<meta property=\"article:published_time\" content=\"2025-10-22T12:40:42+00:00\" \/>\n<meta property=\"article:modified_time\" content=\"2025-10-22T12:40:43+00:00\" \/>\n<meta property=\"og:image\" content=\"https:\/\/www.strassenweb.de\/nachrichten\/wp-content\/uploads\/2025\/10\/Woelfe-sind-nach-Daenemark-zurueckgekehrt-und-nicht-alle-sind-gluecklich.jpg\" \/>\n\t<meta property=\"og:image:width\" content=\"753\" \/>\n\t<meta property=\"og:image:height\" content=\"423\" \/>\n\t<meta property=\"og:image:type\" content=\"image\/jpeg\" \/>\n<meta name=\"author\" content=\"Robert Hoffmann\" \/>\n<meta name=\"twitter:card\" content=\"summary_large_image\" \/>\n<meta name=\"twitter:label1\" content=\"Verfasst von\" \/>\n\t<meta name=\"twitter:data1\" content=\"Robert Hoffmann\" \/>\n\t<meta name=\"twitter:label2\" content=\"Gesch\u00e4tzte Lesezeit\" \/>\n\t<meta name=\"twitter:data2\" content=\"6\u00a0Minuten\" \/>\n<script type=\"application\/ld+json\" class=\"yoast-schema-graph\">{\"@context\":\"https:\\\/\\\/schema.org\",\"@graph\":[{\"@type\":\"Article\",\"@id\":\"https:\\\/\\\/www.strassenweb.de\\\/nachrichten\\\/woelfe-sind-nach-daenemark-zurueckgekehrt-und-nicht-alle-sind-gluecklich-darueber\\\/#article\",\"isPartOf\":{\"@id\":\"https:\\\/\\\/www.strassenweb.de\\\/nachrichten\\\/woelfe-sind-nach-daenemark-zurueckgekehrt-und-nicht-alle-sind-gluecklich-darueber\\\/\"},\"author\":{\"name\":\"Robert Hoffmann\",\"@id\":\"https:\\\/\\\/www.strassenweb.de\\\/nachrichten\\\/#\\\/schema\\\/person\\\/87c9c9067f1211da429a744dc5a5aa41\"},\"headline\":\"W\u00f6lfe sind nach D\u00e4nemark zur\u00fcckgekehrt, und nicht alle sind gl\u00fccklich dar\u00fcber\",\"datePublished\":\"2025-10-22T12:40:42+00:00\",\"dateModified\":\"2025-10-22T12:40:43+00:00\",\"mainEntityOfPage\":{\"@id\":\"https:\\\/\\\/www.strassenweb.de\\\/nachrichten\\\/woelfe-sind-nach-daenemark-zurueckgekehrt-und-nicht-alle-sind-gluecklich-darueber\\\/\"},\"wordCount\":1202,\"publisher\":{\"@id\":\"https:\\\/\\\/www.strassenweb.de\\\/nachrichten\\\/#organization\"},\"image\":{\"@id\":\"https:\\\/\\\/www.strassenweb.de\\\/nachrichten\\\/woelfe-sind-nach-daenemark-zurueckgekehrt-und-nicht-alle-sind-gluecklich-darueber\\\/#primaryimage\"},\"thumbnailUrl\":\"https:\\\/\\\/www.strassenweb.de\\\/nachrichten\\\/wp-content\\\/uploads\\\/2025\\\/10\\\/Woelfe-sind-nach-Daenemark-zurueckgekehrt-und-nicht-alle-sind-gluecklich.jpg\",\"keywords\":[\"alle\",\"D\u00e4nemark\",\"dar\u00fcber\",\"gl\u00fccklich\",\"Nach\",\"nicht\",\"sind\",\"und\",\"W\u00f6lfe\",\"zur\u00fcckgekehrt\"],\"articleSection\":[\"\u00d6kologie\"],\"inLanguage\":\"de\"},{\"@type\":\"WebPage\",\"@id\":\"https:\\\/\\\/www.strassenweb.de\\\/nachrichten\\\/woelfe-sind-nach-daenemark-zurueckgekehrt-und-nicht-alle-sind-gluecklich-darueber\\\/\",\"url\":\"https:\\\/\\\/www.strassenweb.de\\\/nachrichten\\\/woelfe-sind-nach-daenemark-zurueckgekehrt-und-nicht-alle-sind-gluecklich-darueber\\\/\",\"name\":\"W\u00f6lfe sind nach D\u00e4nemark zur\u00fcckgekehrt, und nicht alle sind gl\u00fccklich dar\u00fcber - Nachrichten - Stra\u00dfenweb\",\"isPartOf\":{\"@id\":\"https:\\\/\\\/www.strassenweb.de\\\/nachrichten\\\/#website\"},\"primaryImageOfPage\":{\"@id\":\"https:\\\/\\\/www.strassenweb.de\\\/nachrichten\\\/woelfe-sind-nach-daenemark-zurueckgekehrt-und-nicht-alle-sind-gluecklich-darueber\\\/#primaryimage\"},\"image\":{\"@id\":\"https:\\\/\\\/www.strassenweb.de\\\/nachrichten\\\/woelfe-sind-nach-daenemark-zurueckgekehrt-und-nicht-alle-sind-gluecklich-darueber\\\/#primaryimage\"},\"thumbnailUrl\":\"https:\\\/\\\/www.strassenweb.de\\\/nachrichten\\\/wp-content\\\/uploads\\\/2025\\\/10\\\/Woelfe-sind-nach-Daenemark-zurueckgekehrt-und-nicht-alle-sind-gluecklich.jpg\",\"datePublished\":\"2025-10-22T12:40:42+00:00\",\"dateModified\":\"2025-10-22T12:40:43+00:00\",\"breadcrumb\":{\"@id\":\"https:\\\/\\\/www.strassenweb.de\\\/nachrichten\\\/woelfe-sind-nach-daenemark-zurueckgekehrt-und-nicht-alle-sind-gluecklich-darueber\\\/#breadcrumb\"},\"inLanguage\":\"de\",\"potentialAction\":[{\"@type\":\"ReadAction\",\"target\":[\"https:\\\/\\\/www.strassenweb.de\\\/nachrichten\\\/woelfe-sind-nach-daenemark-zurueckgekehrt-und-nicht-alle-sind-gluecklich-darueber\\\/\"]}]},{\"@type\":\"ImageObject\",\"inLanguage\":\"de\",\"@id\":\"https:\\\/\\\/www.strassenweb.de\\\/nachrichten\\\/woelfe-sind-nach-daenemark-zurueckgekehrt-und-nicht-alle-sind-gluecklich-darueber\\\/#primaryimage\",\"url\":\"https:\\\/\\\/www.strassenweb.de\\\/nachrichten\\\/wp-content\\\/uploads\\\/2025\\\/10\\\/Woelfe-sind-nach-Daenemark-zurueckgekehrt-und-nicht-alle-sind-gluecklich.jpg\",\"contentUrl\":\"https:\\\/\\\/www.strassenweb.de\\\/nachrichten\\\/wp-content\\\/uploads\\\/2025\\\/10\\\/Woelfe-sind-nach-Daenemark-zurueckgekehrt-und-nicht-alle-sind-gluecklich.jpg\",\"width\":753,\"height\":423,\"caption\":\"Wolves have returned to Denmark, and not everyone is happy about\u00a0it\"},{\"@type\":\"BreadcrumbList\",\"@id\":\"https:\\\/\\\/www.strassenweb.de\\\/nachrichten\\\/woelfe-sind-nach-daenemark-zurueckgekehrt-und-nicht-alle-sind-gluecklich-darueber\\\/#breadcrumb\",\"itemListElement\":[{\"@type\":\"ListItem\",\"position\":1,\"name\":\"Home\",\"item\":\"https:\\\/\\\/www.strassenweb.de\\\/nachrichten\\\/\"},{\"@type\":\"ListItem\",\"position\":2,\"name\":\"W\u00f6lfe sind nach D\u00e4nemark zur\u00fcckgekehrt, und nicht alle sind gl\u00fccklich dar\u00fcber\"}]},{\"@type\":\"WebSite\",\"@id\":\"https:\\\/\\\/www.strassenweb.de\\\/nachrichten\\\/#website\",\"url\":\"https:\\\/\\\/www.strassenweb.de\\\/nachrichten\\\/\",\"name\":\"Stra\u00dfenweb\",\"description\":\"Stra\u00dfenverzeichnis f\u00fcr Deutschland\",\"publisher\":{\"@id\":\"https:\\\/\\\/www.strassenweb.de\\\/nachrichten\\\/#organization\"},\"potentialAction\":[{\"@type\":\"SearchAction\",\"target\":{\"@type\":\"EntryPoint\",\"urlTemplate\":\"https:\\\/\\\/www.strassenweb.de\\\/nachrichten\\\/?s={search_term_string}\"},\"query-input\":{\"@type\":\"PropertyValueSpecification\",\"valueRequired\":true,\"valueName\":\"search_term_string\"}}],\"inLanguage\":\"de\"},{\"@type\":\"Organization\",\"@id\":\"https:\\\/\\\/www.strassenweb.de\\\/nachrichten\\\/#organization\",\"name\":\"Stra\u00dfenweb\",\"url\":\"https:\\\/\\\/www.strassenweb.de\\\/nachrichten\\\/\",\"logo\":{\"@type\":\"ImageObject\",\"inLanguage\":\"de\",\"@id\":\"https:\\\/\\\/www.strassenweb.de\\\/nachrichten\\\/#\\\/schema\\\/logo\\\/image\\\/\",\"url\":\"https:\\\/\\\/www.strassenweb.de\\\/nachrichten\\\/wp-content\\\/uploads\\\/2024\\\/09\\\/cropped-favicon.png\",\"contentUrl\":\"https:\\\/\\\/www.strassenweb.de\\\/nachrichten\\\/wp-content\\\/uploads\\\/2024\\\/09\\\/cropped-favicon.png\",\"width\":512,\"height\":512,\"caption\":\"Stra\u00dfenweb\"},\"image\":{\"@id\":\"https:\\\/\\\/www.strassenweb.de\\\/nachrichten\\\/#\\\/schema\\\/logo\\\/image\\\/\"},\"sameAs\":[\"https:\\\/\\\/www.facebook.com\\\/strassenweb\\\/\"]},{\"@type\":\"Person\",\"@id\":\"https:\\\/\\\/www.strassenweb.de\\\/nachrichten\\\/#\\\/schema\\\/person\\\/87c9c9067f1211da429a744dc5a5aa41\",\"name\":\"Robert Hoffmann\",\"image\":{\"@type\":\"ImageObject\",\"inLanguage\":\"de\",\"@id\":\"https:\\\/\\\/www.strassenweb.de\\\/nachrichten\\\/wp-content\\\/uploads\\\/2024\\\/09\\\/strassenweb-150x150.jpg\",\"url\":\"https:\\\/\\\/www.strassenweb.de\\\/nachrichten\\\/wp-content\\\/uploads\\\/2024\\\/09\\\/strassenweb-150x150.jpg\",\"contentUrl\":\"https:\\\/\\\/www.strassenweb.de\\\/nachrichten\\\/wp-content\\\/uploads\\\/2024\\\/09\\\/strassenweb-150x150.jpg\",\"caption\":\"Robert Hoffmann\"},\"description\":\"Ich hei\u00dfe Robert Hoffmann und ich bin ein leidenschaftlicher Verfechter von \u00d6kologie und Biodiversit\u00e4t. Seit meiner Kindheit in den W\u00e4ldern Bayerns f\u00fchle ich mich mit der Natur verbunden und bin entschlossen, sie zu sch\u00fctzen. Heute widme ich mein Leben der Sensibilisierung anderer f\u00fcr die Bedeutung des Umweltschutzes f\u00fcr zuk\u00fcnftige Generationen.\",\"sameAs\":[\"https:\\\/\\\/www.strassenweb.de\\\/\"]}]}<\/script>\n<!-- \/ Yoast SEO plugin. -->","yoast_head_json":{"title":"W\u00f6lfe sind nach D\u00e4nemark zur\u00fcckgekehrt, und nicht alle sind gl\u00fccklich dar\u00fcber - Nachrichten - Stra\u00dfenweb","robots":{"index":"index","follow":"follow","max-snippet":"max-snippet:-1","max-image-preview":"max-image-preview:large","max-video-preview":"max-video-preview:-1"},"canonical":"https:\/\/www.strassenweb.de\/nachrichten\/woelfe-sind-nach-daenemark-zurueckgekehrt-und-nicht-alle-sind-gluecklich-darueber\/","og_locale":"de_DE","og_type":"article","og_title":"W\u00f6lfe sind nach D\u00e4nemark zur\u00fcckgekehrt, und nicht alle sind gl\u00fccklich dar\u00fcber - Nachrichten - Stra\u00dfenweb","og_description":"Nach Jahrhunderten der Beinahe-Ausrottung haben die europ\u00e4ischen W\u00f6lfe ein bemerkenswertes Comeback erlebt. Im letzten Jahrzehnt ist die Wolfspopulation um fast 60 % gestiegen. Im Jahr","og_url":"https:\/\/www.strassenweb.de\/nachrichten\/woelfe-sind-nach-daenemark-zurueckgekehrt-und-nicht-alle-sind-gluecklich-darueber\/","og_site_name":"Stra\u00dfenweb","article_publisher":"https:\/\/www.facebook.com\/strassenweb\/","article_published_time":"2025-10-22T12:40:42+00:00","article_modified_time":"2025-10-22T12:40:43+00:00","og_image":[{"width":753,"height":423,"url":"https:\/\/www.strassenweb.de\/nachrichten\/wp-content\/uploads\/2025\/10\/Woelfe-sind-nach-Daenemark-zurueckgekehrt-und-nicht-alle-sind-gluecklich.jpg","type":"image\/jpeg"}],"author":"Robert Hoffmann","twitter_card":"summary_large_image","twitter_misc":{"Verfasst von":"Robert Hoffmann","Gesch\u00e4tzte Lesezeit":"6\u00a0Minuten"},"schema":{"@context":"https:\/\/schema.org","@graph":[{"@type":"Article","@id":"https:\/\/www.strassenweb.de\/nachrichten\/woelfe-sind-nach-daenemark-zurueckgekehrt-und-nicht-alle-sind-gluecklich-darueber\/#article","isPartOf":{"@id":"https:\/\/www.strassenweb.de\/nachrichten\/woelfe-sind-nach-daenemark-zurueckgekehrt-und-nicht-alle-sind-gluecklich-darueber\/"},"author":{"name":"Robert Hoffmann","@id":"https:\/\/www.strassenweb.de\/nachrichten\/#\/schema\/person\/87c9c9067f1211da429a744dc5a5aa41"},"headline":"W\u00f6lfe sind nach D\u00e4nemark zur\u00fcckgekehrt, und nicht alle sind gl\u00fccklich dar\u00fcber","datePublished":"2025-10-22T12:40:42+00:00","dateModified":"2025-10-22T12:40:43+00:00","mainEntityOfPage":{"@id":"https:\/\/www.strassenweb.de\/nachrichten\/woelfe-sind-nach-daenemark-zurueckgekehrt-und-nicht-alle-sind-gluecklich-darueber\/"},"wordCount":1202,"publisher":{"@id":"https:\/\/www.strassenweb.de\/nachrichten\/#organization"},"image":{"@id":"https:\/\/www.strassenweb.de\/nachrichten\/woelfe-sind-nach-daenemark-zurueckgekehrt-und-nicht-alle-sind-gluecklich-darueber\/#primaryimage"},"thumbnailUrl":"https:\/\/www.strassenweb.de\/nachrichten\/wp-content\/uploads\/2025\/10\/Woelfe-sind-nach-Daenemark-zurueckgekehrt-und-nicht-alle-sind-gluecklich.jpg","keywords":["alle","D\u00e4nemark","dar\u00fcber","gl\u00fccklich","Nach","nicht","sind","und","W\u00f6lfe","zur\u00fcckgekehrt"],"articleSection":["\u00d6kologie"],"inLanguage":"de"},{"@type":"WebPage","@id":"https:\/\/www.strassenweb.de\/nachrichten\/woelfe-sind-nach-daenemark-zurueckgekehrt-und-nicht-alle-sind-gluecklich-darueber\/","url":"https:\/\/www.strassenweb.de\/nachrichten\/woelfe-sind-nach-daenemark-zurueckgekehrt-und-nicht-alle-sind-gluecklich-darueber\/","name":"W\u00f6lfe sind nach D\u00e4nemark zur\u00fcckgekehrt, und nicht alle sind gl\u00fccklich dar\u00fcber - Nachrichten - Stra\u00dfenweb","isPartOf":{"@id":"https:\/\/www.strassenweb.de\/nachrichten\/#website"},"primaryImageOfPage":{"@id":"https:\/\/www.strassenweb.de\/nachrichten\/woelfe-sind-nach-daenemark-zurueckgekehrt-und-nicht-alle-sind-gluecklich-darueber\/#primaryimage"},"image":{"@id":"https:\/\/www.strassenweb.de\/nachrichten\/woelfe-sind-nach-daenemark-zurueckgekehrt-und-nicht-alle-sind-gluecklich-darueber\/#primaryimage"},"thumbnailUrl":"https:\/\/www.strassenweb.de\/nachrichten\/wp-content\/uploads\/2025\/10\/Woelfe-sind-nach-Daenemark-zurueckgekehrt-und-nicht-alle-sind-gluecklich.jpg","datePublished":"2025-10-22T12:40:42+00:00","dateModified":"2025-10-22T12:40:43+00:00","breadcrumb":{"@id":"https:\/\/www.strassenweb.de\/nachrichten\/woelfe-sind-nach-daenemark-zurueckgekehrt-und-nicht-alle-sind-gluecklich-darueber\/#breadcrumb"},"inLanguage":"de","potentialAction":[{"@type":"ReadAction","target":["https:\/\/www.strassenweb.de\/nachrichten\/woelfe-sind-nach-daenemark-zurueckgekehrt-und-nicht-alle-sind-gluecklich-darueber\/"]}]},{"@type":"ImageObject","inLanguage":"de","@id":"https:\/\/www.strassenweb.de\/nachrichten\/woelfe-sind-nach-daenemark-zurueckgekehrt-und-nicht-alle-sind-gluecklich-darueber\/#primaryimage","url":"https:\/\/www.strassenweb.de\/nachrichten\/wp-content\/uploads\/2025\/10\/Woelfe-sind-nach-Daenemark-zurueckgekehrt-und-nicht-alle-sind-gluecklich.jpg","contentUrl":"https:\/\/www.strassenweb.de\/nachrichten\/wp-content\/uploads\/2025\/10\/Woelfe-sind-nach-Daenemark-zurueckgekehrt-und-nicht-alle-sind-gluecklich.jpg","width":753,"height":423,"caption":"Wolves have returned to Denmark, and not everyone is happy about\u00a0it"},{"@type":"BreadcrumbList","@id":"https:\/\/www.strassenweb.de\/nachrichten\/woelfe-sind-nach-daenemark-zurueckgekehrt-und-nicht-alle-sind-gluecklich-darueber\/#breadcrumb","itemListElement":[{"@type":"ListItem","position":1,"name":"Home","item":"https:\/\/www.strassenweb.de\/nachrichten\/"},{"@type":"ListItem","position":2,"name":"W\u00f6lfe sind nach D\u00e4nemark zur\u00fcckgekehrt, und nicht alle sind gl\u00fccklich dar\u00fcber"}]},{"@type":"WebSite","@id":"https:\/\/www.strassenweb.de\/nachrichten\/#website","url":"https:\/\/www.strassenweb.de\/nachrichten\/","name":"Stra\u00dfenweb","description":"Stra\u00dfenverzeichnis f\u00fcr Deutschland","publisher":{"@id":"https:\/\/www.strassenweb.de\/nachrichten\/#organization"},"potentialAction":[{"@type":"SearchAction","target":{"@type":"EntryPoint","urlTemplate":"https:\/\/www.strassenweb.de\/nachrichten\/?s={search_term_string}"},"query-input":{"@type":"PropertyValueSpecification","valueRequired":true,"valueName":"search_term_string"}}],"inLanguage":"de"},{"@type":"Organization","@id":"https:\/\/www.strassenweb.de\/nachrichten\/#organization","name":"Stra\u00dfenweb","url":"https:\/\/www.strassenweb.de\/nachrichten\/","logo":{"@type":"ImageObject","inLanguage":"de","@id":"https:\/\/www.strassenweb.de\/nachrichten\/#\/schema\/logo\/image\/","url":"https:\/\/www.strassenweb.de\/nachrichten\/wp-content\/uploads\/2024\/09\/cropped-favicon.png","contentUrl":"https:\/\/www.strassenweb.de\/nachrichten\/wp-content\/uploads\/2024\/09\/cropped-favicon.png","width":512,"height":512,"caption":"Stra\u00dfenweb"},"image":{"@id":"https:\/\/www.strassenweb.de\/nachrichten\/#\/schema\/logo\/image\/"},"sameAs":["https:\/\/www.facebook.com\/strassenweb\/"]},{"@type":"Person","@id":"https:\/\/www.strassenweb.de\/nachrichten\/#\/schema\/person\/87c9c9067f1211da429a744dc5a5aa41","name":"Robert Hoffmann","image":{"@type":"ImageObject","inLanguage":"de","@id":"https:\/\/www.strassenweb.de\/nachrichten\/wp-content\/uploads\/2024\/09\/strassenweb-150x150.jpg","url":"https:\/\/www.strassenweb.de\/nachrichten\/wp-content\/uploads\/2024\/09\/strassenweb-150x150.jpg","contentUrl":"https:\/\/www.strassenweb.de\/nachrichten\/wp-content\/uploads\/2024\/09\/strassenweb-150x150.jpg","caption":"Robert Hoffmann"},"description":"Ich hei\u00dfe Robert Hoffmann und ich bin ein leidenschaftlicher Verfechter von \u00d6kologie und Biodiversit\u00e4t. Seit meiner Kindheit in den W\u00e4ldern Bayerns f\u00fchle ich mich mit der Natur verbunden und bin entschlossen, sie zu sch\u00fctzen. Heute widme ich mein Leben der Sensibilisierung anderer f\u00fcr die Bedeutung des Umweltschutzes f\u00fcr zuk\u00fcnftige Generationen.","sameAs":["https:\/\/www.strassenweb.de\/"]}]}},"_links":{"self":[{"href":"https:\/\/www.strassenweb.de\/nachrichten\/wp-json\/wp\/v2\/posts\/8672","targetHints":{"allow":["GET"]}}],"collection":[{"href":"https:\/\/www.strassenweb.de\/nachrichten\/wp-json\/wp\/v2\/posts"}],"about":[{"href":"https:\/\/www.strassenweb.de\/nachrichten\/wp-json\/wp\/v2\/types\/post"}],"author":[{"embeddable":true,"href":"https:\/\/www.strassenweb.de\/nachrichten\/wp-json\/wp\/v2\/users\/1"}],"replies":[{"embeddable":true,"href":"https:\/\/www.strassenweb.de\/nachrichten\/wp-json\/wp\/v2\/comments?post=8672"}],"version-history":[{"count":0,"href":"https:\/\/www.strassenweb.de\/nachrichten\/wp-json\/wp\/v2\/posts\/8672\/revisions"}],"wp:featuredmedia":[{"embeddable":true,"href":"https:\/\/www.strassenweb.de\/nachrichten\/wp-json\/wp\/v2\/media\/8673"}],"wp:attachment":[{"href":"https:\/\/www.strassenweb.de\/nachrichten\/wp-json\/wp\/v2\/media?parent=8672"}],"wp:term":[{"taxonomy":"category","embeddable":true,"href":"https:\/\/www.strassenweb.de\/nachrichten\/wp-json\/wp\/v2\/categories?post=8672"},{"taxonomy":"post_tag","embeddable":true,"href":"https:\/\/www.strassenweb.de\/nachrichten\/wp-json\/wp\/v2\/tags?post=8672"}],"curies":[{"name":"wp","href":"https:\/\/api.w.org\/{rel}","templated":true}]}}