{"id":8651,"date":"2025-10-21T19:39:51","date_gmt":"2025-10-21T17:39:51","guid":{"rendered":"https:\/\/www.strassenweb.de\/nachrichten\/juwelenfarbene-akzente-in-colman-domingos-wohnzimmer-beleben-ein-mid-century-holzdesign-und-erwecken-einen-schwaechelnden-trend-im-jahr-2025-zu-neuem-leben\/"},"modified":"2025-10-21T19:39:52","modified_gmt":"2025-10-21T17:39:52","slug":"juwelenfarbene-akzente-in-colman-domingos-wohnzimmer-beleben-ein-mid-century-holzdesign-und-erwecken-einen-schwaechelnden-trend-im-jahr-2025-zu-neuem-leben","status":"publish","type":"post","link":"https:\/\/www.strassenweb.de\/nachrichten\/juwelenfarbene-akzente-in-colman-domingos-wohnzimmer-beleben-ein-mid-century-holzdesign-und-erwecken-einen-schwaechelnden-trend-im-jahr-2025-zu-neuem-leben\/","title":{"rendered":"Juwelenfarbene Akzente in Colman Domingos Wohnzimmer beleben ein Mid-Century-Holzdesign und erwecken einen schw\u00e4chelnden Trend im Jahr 2025 zu neuem Leben"},"content":{"rendered":"<p><\/p>\n<div id=\"article-body\" class=\"article__body \">\n<aside data-block-type=\"embed\" data-hawk-json='{\"collection\":{\"blocks\":({\"modelName\":\"Togo Sofa for Ligne Roset\",\"productName\":\"Togo Sofa for Ligne Roset\",\"brand\":null,\"price\":6313.01,\"wasPrice\":null,\"currency\":\"AUD\",\"image\":{\"copyright\":\"\",\"height\":768,\"id\":\"k9kPLJtJxaA9QseRX3w8cM\",\"mimeType\":\"image\/jpeg\",\"mos\":\"https:\/\/cdn.mos.cms.futurecdn.net\/k9kPLJtJxaA9QseRX3w8cM.jpg\",\"role\":\"\",\"width\":768,\"credit\":\"Ligne Roset, Michel Ducaroy\",\"alt\":\"A 21st Century Red \"togo\" Two Seater Sofa by Michel Ducaroy for Ligne Roset\",\"caption\":\"\"},\"link\":{\"url\":\"https:\/\/www.gopjn.com\/t\/8-12471-101987-215400?sid=hawk-custom-tracking&amp;website=194177&amp;url=https%3A%2F%2Fwww.1stdibs.com%2Ffurniture%2Fseating%2Fsofas%2F21st-century-red-togo-two-seater-sofa-michel-ducaroy-ligne-roset%2Fid-f_40436672%2F\",\"linkText\":\"From $4,105.83 at 1stDibs\",\"merchantId\":482430,\"merchantNetwork\":\"PJ\",\"merchantUrl\":\"1stdibs.com\",\"merchantName\":\"1stDibs\"},\"noAffiliateTracking\":false,\"linkMerchant\":\"1stDibs\"},{\"modelName\":\"Led Ball Light\",\"productName\":\"Led Ball Light\",\"brand\":null,\"price\":29.99,\"wasPrice\":null,\"currency\":\"USD\",\"image\":{\"copyright\":\"\",\"height\":500,\"id\":\"m6KJrcf9kFc3PetHkwgXXP\",\"mimeType\":\"image\/jpeg\",\"mos\":\"https:\/\/cdn.mos.cms.futurecdn.net\/m6KJrcf9kFc3PetHkwgXXP.jpg\",\"role\":\"\",\"width\":500,\"credit\":\"COPU\",\"alt\":\"Copu Led Ball Light, 6-Inch Glowing Orb Light, Rechargeable Globe Lamp, Dimmable Mood Light W\/remote, Waterproof Ambient Lighting Lamp for Desk Bedroom Bathroom Patio\",\"caption\":\"\"},\"link\":{\"url\":\"https:\/\/target.georiot.com\/Proxy.ashx?tsid=107655&amp;GR_URL=https%3A%2F%2Famazon.com%2FChanging-Rechargeable-Waterproof-Lighting-Bathroom%2Fdp%2FB0C54TC97R%2Fre%3Ftag%3Dhawk-future-20%26ascsubtag%3Dhawk-custom-tracking-20\",\"linkText\":\"From $29.99 at Amazon\",\"merchantId\":1471,\"merchantNetwork\":\"Amazonus\",\"merchantUrl\":\"amazon.com\",\"merchantName\":\"Amazon US\"},\"noAffiliateTracking\":false,\"linkMerchant\":\"Amazon US\"},{\"modelName\":\"Marble Ashtray\",\"productName\":\"Marble Ashtray\",\"brand\":null,\"price\":32.99,\"wasPrice\":null,\"currency\":\"USD\",\"image\":{\"copyright\":\"\",\"height\":2000,\"id\":\"uf9omuSJC2DnLGk6ShKhpT\",\"mimeType\":\"image\/jpeg\",\"mos\":\"https:\/\/cdn.mos.cms.futurecdn.net\/uf9omuSJC2DnLGk6ShKhpT.jpg\",\"role\":\"\",\"width\":2000,\"credit\":\"Amazon\",\"alt\":\"Marble Ashtray\",\"caption\":\"\"},\"link\":{\"url\":\"https:\/\/target.georiot.com\/Proxy.ashx?tsid=107655&amp;GR_URL=https%3A%2F%2Famazon.com%2FKoville-Namibia-Cigarettes-Ashtrays-Accessory%2Fdp%2FB0BGPNL451%2Fr%3Ftag%3Dhawk-future-20%26ascsubtag%3Dhawk-custom-tracking-20\",\"linkText\":\"From $32.99 at Amazon\",\"merchantId\":1471,\"merchantNetwork\":\"Amazonus\",\"merchantUrl\":\"amazon.com\",\"merchantName\":\"Amazon US\"},\"noAffiliateTracking\":false,\"linkMerchant\":\"Amazon US\"})}}' data-model-name=\"Togo Sofa for Ligne Roset,Togo Sofa for Ligne Roset,Led Ball Light,Led Ball Light,Marble Ashtray,Marble Ashtray\" data-render-type=\"fte\" data-skip=\"disabled\" data-widget-type=\"collection\" class=\"hawk-root\"><\/aside>\n<p id=\"9d28d801-2c91-4827-9c86-bc0511b8b407\">Colman Domingo wurde k\u00fcrzlich in der kommenden Staffel zum \u201eFeigen L\u00f6wen\u201c ernannt <em>B\u00f6se<\/em> Film, aber seine Innenr\u00e4ume sind alles andere als. Aufnahmen aus dem Wohnzimmer des Schauspielers zeigen einen mutigen Umgang mit Farben, der seinen holzget\u00e4felten Raum mit Leben und Energie erf\u00fcllt.<\/p>\n<div id=\"ad-unit-1\" class=\"ad-unit\"><\/div>\n<p>Zus\u00e4tzlich zu seinen schauspielerischen F\u00e4higkeiten h\u00e4tte Colman eine alternative Karriere als Innenarchitekt verfolgen k\u00f6nnen; Er und seine Partnerin haben ihr gesamtes Mid-Century-Haus in Malibu selbst dekoriert. Es ist bis zum Rand mit begehrenswerten Designerm\u00f6beln gef\u00fcllt, die f\u00fcr eine unerwartet warme Atmosph\u00e4re sorgen. Sein Wohnzimmer ist das perfekte Beispiel mit einem roten Togo-Sofa von Ligne Roset, einem kobaltblauen Kunstwerk und einem sorgf\u00e4ltig gestalteten goldenen Couchtisch.<\/p>\n<aside data-block-type=\"embed\" data-render-type=\"fte\" data-skip=\"dealsy\" data-widget-type=\"seasonal\" class=\"hawk-root\"><\/aside>\n<p id=\"9d28d801-2c91-4827-9c86-bc0511b8b407-2\" class=\"paywall\" aria-hidden=\"true\">Ich liebe den Trend, Holz zu durchtr\u00e4nken, genauso wie der n\u00e4chste Design-Fanatiker, aber selbst ich muss zugeben, dass ich von den monochromatischen R\u00e4umen aus Holz, Braun und Braun, die meinen Social-Media-Feed \u00fcberschwemmen, m\u00fcde geworden bin. Colmans Wohnzimmer-Farbschema st\u00f6rt diese Wiederholung des Trends. Mutige, juwelenfarbene Akzente verwandeln einen Holzraum in eine gem\u00fctliche und einladende Geschichte.<\/p>\n<div class=\"van_vid_carousel\">\n<div class=\"van_vid_carousel__padding\">\n<div class=\"van_vid_carousel__container\"><\/div>\n<\/div>\n<\/div>\n<div class=\"instagram-embed\" id=\"DEoaBdCoR-R\">\n<blockquote class=\"instagram-media\" data-instgrm-captioned data-instgrm-version=\"6\" style=\"width:99.375%; width:-webkit-calc(100% - 2px); width:calc(100% - 2px);\">\n<p>Ein von CLIMA HOME (@clima_home) geteilter Beitrag<\/p>\n<p>Ein Foto gepostet von am <\/p>\n<\/blockquote>\n<\/div>\n<p id=\"19d66932-f45e-423b-badf-878c2ceb28ec\">Laut Experten ist das Hinzuf\u00fcgen kr\u00e4ftiger Farbt\u00f6ne zu einer schlichten Holzwand wie der von Colman die perfekte Farbidee f\u00fcr das Wohnzimmer.<\/p>\n<div id=\"ad-unit-2\" class=\"ad-unit\"><\/div>\n<p>Magdalena Gierasinska, Innenarchitektin bei Barker &#038; Stonehouse, r\u00e4t: \u201eK\u00fchne Akzente spielen eine entscheidende Rolle dabei, die Neutralit\u00e4t warmer, erdiger Innenr\u00e4ume aufzubrechen.\u201c Ob es sich um einen Sessel in tiefem Smaragdgr\u00fcn, eine Vase in leuchtendem Rubinrot oder ein beeindruckendes Kunstwerk handelt \u2013 diese Farbtupfer verleihen einem Raum Energie und Pers\u00f6nlichkeit.\u201c<\/p>\n<h3 class=\"article-body__section\" id=\"section-recreate-domingo-s-look-at-home\"><span>Erstellen Sie Domingos Look zu Hause nach<\/span><\/h3>\n<div class=\"product-container hero-product-container product-block-no-wrap\">\n<div class=\"product-block-row\"><\/div>\n<div class=\"product-block-row\"><\/div>\n<div class=\"product-block-row\"><\/div>\n<\/div>\n<p id=\"364621e8-b63b-4896-822c-77b9a7e4f6bc\">Dar\u00fcber hinaus entwickeln sich kr\u00e4ftige Farbt\u00f6ne, wie sie in Colmans Wohnzimmer zu sehen sind, aufgrund ihrer Vielseitigkeit zu einem wichtigen Innenarchitekturtrend f\u00fcr 2026. Die Verwendung von \u201ePops\u201c anstelle der Gesamtfarbe ist einfach und mieterfreundlich.<\/p>\n<p>Magdalena erkl\u00e4rt: \u201eK\u00fchne Farbtupfer bieten die M\u00f6glichkeit zur Flexibilit\u00e4t; Hausbesitzer k\u00f6nnen Akzente saisonal austauschen oder im Laufe der Zeit aktualisieren, ohne sich auf gr\u00f6\u00dfere Renovierungen einlassen zu m\u00fcssen. Es ist eine clevere M\u00f6glichkeit, R\u00e4ume dynamisch und ausdrucksstark zu halten.\u201c<\/p>\n<div id=\"slice-container-newsletterForm-articleInbodyContent-uJeZynbaaS7bqSx45Y97TY\" class=\"slice-container newsletter-inbodyContent-slice newsletterForm-articleInbodyContent-uJeZynbaaS7bqSx45Y97TY slice-container-newsletterForm\"><\/div>\n<p>Um diesen Look zu nutzen, m\u00fcssen Sie daran arbeiten, Ihren Einrichtungsstil zu entdecken und ihn in Ihrem Zuhause zum Ausdruck zu bringen. \u201eNutzen Sie die belebende Kraft der Farbe und stellen Sie sich Ihr Zuhause als Leinwand f\u00fcr Selbstvertrauen und Selbstdarstellung vor\u201c, r\u00e4t Magdalena. \u201eGehen Sie beim Dekorieren einen vielseitigen Ansatz und schaffen Sie einen vielschichtigen und zutiefst pers\u00f6nlichen Raum.\u201c<\/p>\n<hr id=\"21e729c8-2684-48b6-a5a7-08cea444541a\">\n<p id=\"d4b4b3b4-edbf-4a91-bb50-7a3b5b3f8b90\">Farbe ist mehr als nur ein Teil Ihres Designs; Es ist das Leben Ihres Zuhauses. Das Wohnzimmer von Colman Domingo zeigt, dass kr\u00e4ftige Akzente eine atemberaubende Wirkung haben k\u00f6nnen, auch wenn Sie eine zur\u00fcckhaltendere Gestaltung bevorzugen. Juwelent\u00f6ne sind so zur\u00fcck.<\/p>\n<div class=\"min-h-(270px) mb-4 viafoura-twig-component\" id=\"viafoura-engagement-starter-wrapper\" data-component-name=\"Elk:Embed:EngagementStarter\">\n<div class=\"viafoura\">\n<div>\n<vf-conversation-starter target=\"viafoura-comments\" title=\"What do you think of the actor's living room?\" description=\"What design lessons from his space would you integrate into your own home?\" minimum-comment-count=\"5\"><br \/>\n<\/vf-conversation-starter>\n<\/div>\n<\/div>\n<\/div>\n<\/div>\n<p><script async src=\"\/\/www.instagram.com\/embed.js\"><\/script><\/p>\n","protected":false},"excerpt":{"rendered":"<p>Colman Domingo wurde k\u00fcrzlich in der kommenden Staffel zum \u201eFeigen L\u00f6wen\u201c ernannt B\u00f6se Film, aber seine Innenr\u00e4ume sind alles andere als. Aufnahmen aus dem Wohnzimmer<\/p>\n","protected":false},"author":1,"featured_media":8652,"comment_status":"closed","ping_status":"","sticky":false,"template":"","format":"standard","meta":{"footnotes":""},"categories":[118],"tags":[788,2021,5656,5657,43,166,2467,384,10987,1071,10988,2545,10989,504,37,1229],"class_list":["post-8651","post","type-post","status-publish","format-standard","has-post-thumbnail","hentry","category-haus-garten","tag-akzente","tag-beleben","tag-colman","tag-domingos","tag-ein","tag-einen","tag-erwecken","tag-jahr","tag-juwelenfarbene","tag-leben","tag-midcenturyholzdesign","tag-neuem","tag-schwaechelnden","tag-trend","tag-und","tag-wohnzimmer","generate-columns","tablet-grid-50","mobile-grid-100","grid-parent","grid-50"],"yoast_head":"<!-- This site is optimized with the Yoast SEO plugin v27.3 - https:\/\/yoast.com\/product\/yoast-seo-wordpress\/ -->\n<title>Juwelenfarbene Akzente in Colman Domingos Wohnzimmer beleben ein Mid-Century-Holzdesign und erwecken einen schw\u00e4chelnden Trend im Jahr 2025 zu neuem Leben - Nachrichten - Stra\u00dfenweb<\/title>\n<meta name=\"robots\" content=\"index, follow, max-snippet:-1, max-image-preview:large, max-video-preview:-1\" \/>\n<link rel=\"canonical\" href=\"https:\/\/www.strassenweb.de\/nachrichten\/juwelenfarbene-akzente-in-colman-domingos-wohnzimmer-beleben-ein-mid-century-holzdesign-und-erwecken-einen-schwaechelnden-trend-im-jahr-2025-zu-neuem-leben\/\" \/>\n<meta property=\"og:locale\" content=\"de_DE\" \/>\n<meta property=\"og:type\" content=\"article\" \/>\n<meta property=\"og:title\" content=\"Juwelenfarbene Akzente in Colman Domingos Wohnzimmer beleben ein Mid-Century-Holzdesign und erwecken einen schw\u00e4chelnden Trend im Jahr 2025 zu neuem Leben - Nachrichten - Stra\u00dfenweb\" \/>\n<meta property=\"og:description\" content=\"Colman Domingo wurde k\u00fcrzlich in der kommenden Staffel zum \u201eFeigen L\u00f6wen\u201c ernannt B\u00f6se Film, aber seine Innenr\u00e4ume sind alles andere als. Aufnahmen aus dem Wohnzimmer\" \/>\n<meta property=\"og:url\" content=\"https:\/\/www.strassenweb.de\/nachrichten\/juwelenfarbene-akzente-in-colman-domingos-wohnzimmer-beleben-ein-mid-century-holzdesign-und-erwecken-einen-schwaechelnden-trend-im-jahr-2025-zu-neuem-leben\/\" \/>\n<meta property=\"og:site_name\" content=\"Stra\u00dfenweb\" \/>\n<meta property=\"article:publisher\" content=\"https:\/\/www.facebook.com\/strassenweb\/\" \/>\n<meta property=\"article:published_time\" content=\"2025-10-21T17:39:51+00:00\" \/>\n<meta property=\"article:modified_time\" content=\"2025-10-21T17:39:52+00:00\" \/>\n<meta property=\"og:image\" content=\"https:\/\/www.strassenweb.de\/nachrichten\/wp-content\/uploads\/2025\/10\/Juwelenfarbene-Akzente-in-Colman-Domingos-Wohnzimmer-beleben-ein-Mid-Century-Holzdesign-und.jpg\" \/>\n\t<meta property=\"og:image:width\" content=\"1600\" \/>\n\t<meta property=\"og:image:height\" content=\"900\" \/>\n\t<meta property=\"og:image:type\" content=\"image\/jpeg\" \/>\n<meta name=\"author\" content=\"Robert Hoffmann\" \/>\n<meta name=\"twitter:card\" content=\"summary_large_image\" \/>\n<meta name=\"twitter:label1\" content=\"Verfasst von\" \/>\n\t<meta name=\"twitter:data1\" content=\"Robert Hoffmann\" \/>\n\t<meta name=\"twitter:label2\" content=\"Gesch\u00e4tzte Lesezeit\" \/>\n\t<meta name=\"twitter:data2\" content=\"2\u00a0Minuten\" \/>\n<script type=\"application\/ld+json\" class=\"yoast-schema-graph\">{\"@context\":\"https:\\\/\\\/schema.org\",\"@graph\":[{\"@type\":\"Article\",\"@id\":\"https:\\\/\\\/www.strassenweb.de\\\/nachrichten\\\/juwelenfarbene-akzente-in-colman-domingos-wohnzimmer-beleben-ein-mid-century-holzdesign-und-erwecken-einen-schwaechelnden-trend-im-jahr-2025-zu-neuem-leben\\\/#article\",\"isPartOf\":{\"@id\":\"https:\\\/\\\/www.strassenweb.de\\\/nachrichten\\\/juwelenfarbene-akzente-in-colman-domingos-wohnzimmer-beleben-ein-mid-century-holzdesign-und-erwecken-einen-schwaechelnden-trend-im-jahr-2025-zu-neuem-leben\\\/\"},\"author\":{\"name\":\"Robert Hoffmann\",\"@id\":\"https:\\\/\\\/www.strassenweb.de\\\/nachrichten\\\/#\\\/schema\\\/person\\\/87c9c9067f1211da429a744dc5a5aa41\"},\"headline\":\"Juwelenfarbene Akzente in Colman Domingos Wohnzimmer beleben ein Mid-Century-Holzdesign und erwecken einen schw\u00e4chelnden Trend im Jahr 2025 zu neuem Leben\",\"datePublished\":\"2025-10-21T17:39:51+00:00\",\"dateModified\":\"2025-10-21T17:39:52+00:00\",\"mainEntityOfPage\":{\"@id\":\"https:\\\/\\\/www.strassenweb.de\\\/nachrichten\\\/juwelenfarbene-akzente-in-colman-domingos-wohnzimmer-beleben-ein-mid-century-holzdesign-und-erwecken-einen-schwaechelnden-trend-im-jahr-2025-zu-neuem-leben\\\/\"},\"wordCount\":493,\"publisher\":{\"@id\":\"https:\\\/\\\/www.strassenweb.de\\\/nachrichten\\\/#organization\"},\"image\":{\"@id\":\"https:\\\/\\\/www.strassenweb.de\\\/nachrichten\\\/juwelenfarbene-akzente-in-colman-domingos-wohnzimmer-beleben-ein-mid-century-holzdesign-und-erwecken-einen-schwaechelnden-trend-im-jahr-2025-zu-neuem-leben\\\/#primaryimage\"},\"thumbnailUrl\":\"https:\\\/\\\/www.strassenweb.de\\\/nachrichten\\\/wp-content\\\/uploads\\\/2025\\\/10\\\/Juwelenfarbene-Akzente-in-Colman-Domingos-Wohnzimmer-beleben-ein-Mid-Century-Holzdesign-und.jpg\",\"keywords\":[\"Akzente\",\"beleben\",\"Colman\",\"Domingos\",\"ein\",\"einen\",\"erwecken\",\"Jahr\",\"Juwelenfarbene\",\"leben\",\"MidCenturyHolzdesign\",\"neuem\",\"schw\u00e4chelnden\",\"Trend\",\"und\",\"Wohnzimmer\"],\"articleSection\":[\"Haus &amp; Garten\"],\"inLanguage\":\"de\"},{\"@type\":\"WebPage\",\"@id\":\"https:\\\/\\\/www.strassenweb.de\\\/nachrichten\\\/juwelenfarbene-akzente-in-colman-domingos-wohnzimmer-beleben-ein-mid-century-holzdesign-und-erwecken-einen-schwaechelnden-trend-im-jahr-2025-zu-neuem-leben\\\/\",\"url\":\"https:\\\/\\\/www.strassenweb.de\\\/nachrichten\\\/juwelenfarbene-akzente-in-colman-domingos-wohnzimmer-beleben-ein-mid-century-holzdesign-und-erwecken-einen-schwaechelnden-trend-im-jahr-2025-zu-neuem-leben\\\/\",\"name\":\"Juwelenfarbene Akzente in Colman Domingos Wohnzimmer beleben ein Mid-Century-Holzdesign und erwecken einen schw\u00e4chelnden Trend im Jahr 2025 zu neuem Leben - Nachrichten - Stra\u00dfenweb\",\"isPartOf\":{\"@id\":\"https:\\\/\\\/www.strassenweb.de\\\/nachrichten\\\/#website\"},\"primaryImageOfPage\":{\"@id\":\"https:\\\/\\\/www.strassenweb.de\\\/nachrichten\\\/juwelenfarbene-akzente-in-colman-domingos-wohnzimmer-beleben-ein-mid-century-holzdesign-und-erwecken-einen-schwaechelnden-trend-im-jahr-2025-zu-neuem-leben\\\/#primaryimage\"},\"image\":{\"@id\":\"https:\\\/\\\/www.strassenweb.de\\\/nachrichten\\\/juwelenfarbene-akzente-in-colman-domingos-wohnzimmer-beleben-ein-mid-century-holzdesign-und-erwecken-einen-schwaechelnden-trend-im-jahr-2025-zu-neuem-leben\\\/#primaryimage\"},\"thumbnailUrl\":\"https:\\\/\\\/www.strassenweb.de\\\/nachrichten\\\/wp-content\\\/uploads\\\/2025\\\/10\\\/Juwelenfarbene-Akzente-in-Colman-Domingos-Wohnzimmer-beleben-ein-Mid-Century-Holzdesign-und.jpg\",\"datePublished\":\"2025-10-21T17:39:51+00:00\",\"dateModified\":\"2025-10-21T17:39:52+00:00\",\"breadcrumb\":{\"@id\":\"https:\\\/\\\/www.strassenweb.de\\\/nachrichten\\\/juwelenfarbene-akzente-in-colman-domingos-wohnzimmer-beleben-ein-mid-century-holzdesign-und-erwecken-einen-schwaechelnden-trend-im-jahr-2025-zu-neuem-leben\\\/#breadcrumb\"},\"inLanguage\":\"de\",\"potentialAction\":[{\"@type\":\"ReadAction\",\"target\":[\"https:\\\/\\\/www.strassenweb.de\\\/nachrichten\\\/juwelenfarbene-akzente-in-colman-domingos-wohnzimmer-beleben-ein-mid-century-holzdesign-und-erwecken-einen-schwaechelnden-trend-im-jahr-2025-zu-neuem-leben\\\/\"]}]},{\"@type\":\"ImageObject\",\"inLanguage\":\"de\",\"@id\":\"https:\\\/\\\/www.strassenweb.de\\\/nachrichten\\\/juwelenfarbene-akzente-in-colman-domingos-wohnzimmer-beleben-ein-mid-century-holzdesign-und-erwecken-einen-schwaechelnden-trend-im-jahr-2025-zu-neuem-leben\\\/#primaryimage\",\"url\":\"https:\\\/\\\/www.strassenweb.de\\\/nachrichten\\\/wp-content\\\/uploads\\\/2025\\\/10\\\/Juwelenfarbene-Akzente-in-Colman-Domingos-Wohnzimmer-beleben-ein-Mid-Century-Holzdesign-und.jpg\",\"contentUrl\":\"https:\\\/\\\/www.strassenweb.de\\\/nachrichten\\\/wp-content\\\/uploads\\\/2025\\\/10\\\/Juwelenfarbene-Akzente-in-Colman-Domingos-Wohnzimmer-beleben-ein-Mid-Century-Holzdesign-und.jpg\",\"width\":1600,\"height\":900,\"caption\":\"Colman Domingo\"},{\"@type\":\"BreadcrumbList\",\"@id\":\"https:\\\/\\\/www.strassenweb.de\\\/nachrichten\\\/juwelenfarbene-akzente-in-colman-domingos-wohnzimmer-beleben-ein-mid-century-holzdesign-und-erwecken-einen-schwaechelnden-trend-im-jahr-2025-zu-neuem-leben\\\/#breadcrumb\",\"itemListElement\":[{\"@type\":\"ListItem\",\"position\":1,\"name\":\"Home\",\"item\":\"https:\\\/\\\/www.strassenweb.de\\\/nachrichten\\\/\"},{\"@type\":\"ListItem\",\"position\":2,\"name\":\"Juwelenfarbene Akzente in Colman Domingos Wohnzimmer beleben ein Mid-Century-Holzdesign und erwecken einen schw\u00e4chelnden Trend im Jahr 2025 zu neuem Leben\"}]},{\"@type\":\"WebSite\",\"@id\":\"https:\\\/\\\/www.strassenweb.de\\\/nachrichten\\\/#website\",\"url\":\"https:\\\/\\\/www.strassenweb.de\\\/nachrichten\\\/\",\"name\":\"Stra\u00dfenweb\",\"description\":\"Stra\u00dfenverzeichnis f\u00fcr Deutschland\",\"publisher\":{\"@id\":\"https:\\\/\\\/www.strassenweb.de\\\/nachrichten\\\/#organization\"},\"potentialAction\":[{\"@type\":\"SearchAction\",\"target\":{\"@type\":\"EntryPoint\",\"urlTemplate\":\"https:\\\/\\\/www.strassenweb.de\\\/nachrichten\\\/?s={search_term_string}\"},\"query-input\":{\"@type\":\"PropertyValueSpecification\",\"valueRequired\":true,\"valueName\":\"search_term_string\"}}],\"inLanguage\":\"de\"},{\"@type\":\"Organization\",\"@id\":\"https:\\\/\\\/www.strassenweb.de\\\/nachrichten\\\/#organization\",\"name\":\"Stra\u00dfenweb\",\"url\":\"https:\\\/\\\/www.strassenweb.de\\\/nachrichten\\\/\",\"logo\":{\"@type\":\"ImageObject\",\"inLanguage\":\"de\",\"@id\":\"https:\\\/\\\/www.strassenweb.de\\\/nachrichten\\\/#\\\/schema\\\/logo\\\/image\\\/\",\"url\":\"https:\\\/\\\/www.strassenweb.de\\\/nachrichten\\\/wp-content\\\/uploads\\\/2024\\\/09\\\/cropped-favicon.png\",\"contentUrl\":\"https:\\\/\\\/www.strassenweb.de\\\/nachrichten\\\/wp-content\\\/uploads\\\/2024\\\/09\\\/cropped-favicon.png\",\"width\":512,\"height\":512,\"caption\":\"Stra\u00dfenweb\"},\"image\":{\"@id\":\"https:\\\/\\\/www.strassenweb.de\\\/nachrichten\\\/#\\\/schema\\\/logo\\\/image\\\/\"},\"sameAs\":[\"https:\\\/\\\/www.facebook.com\\\/strassenweb\\\/\"]},{\"@type\":\"Person\",\"@id\":\"https:\\\/\\\/www.strassenweb.de\\\/nachrichten\\\/#\\\/schema\\\/person\\\/87c9c9067f1211da429a744dc5a5aa41\",\"name\":\"Robert Hoffmann\",\"image\":{\"@type\":\"ImageObject\",\"inLanguage\":\"de\",\"@id\":\"https:\\\/\\\/www.strassenweb.de\\\/nachrichten\\\/wp-content\\\/uploads\\\/2024\\\/09\\\/strassenweb-150x150.jpg\",\"url\":\"https:\\\/\\\/www.strassenweb.de\\\/nachrichten\\\/wp-content\\\/uploads\\\/2024\\\/09\\\/strassenweb-150x150.jpg\",\"contentUrl\":\"https:\\\/\\\/www.strassenweb.de\\\/nachrichten\\\/wp-content\\\/uploads\\\/2024\\\/09\\\/strassenweb-150x150.jpg\",\"caption\":\"Robert Hoffmann\"},\"description\":\"Ich hei\u00dfe Robert Hoffmann und ich bin ein leidenschaftlicher Verfechter von \u00d6kologie und Biodiversit\u00e4t. Seit meiner Kindheit in den W\u00e4ldern Bayerns f\u00fchle ich mich mit der Natur verbunden und bin entschlossen, sie zu sch\u00fctzen. Heute widme ich mein Leben der Sensibilisierung anderer f\u00fcr die Bedeutung des Umweltschutzes f\u00fcr zuk\u00fcnftige Generationen.\",\"sameAs\":[\"https:\\\/\\\/www.strassenweb.de\\\/\"]}]}<\/script>\n<!-- \/ Yoast SEO plugin. -->","yoast_head_json":{"title":"Juwelenfarbene Akzente in Colman Domingos Wohnzimmer beleben ein Mid-Century-Holzdesign und erwecken einen schw\u00e4chelnden Trend im Jahr 2025 zu neuem Leben - Nachrichten - Stra\u00dfenweb","robots":{"index":"index","follow":"follow","max-snippet":"max-snippet:-1","max-image-preview":"max-image-preview:large","max-video-preview":"max-video-preview:-1"},"canonical":"https:\/\/www.strassenweb.de\/nachrichten\/juwelenfarbene-akzente-in-colman-domingos-wohnzimmer-beleben-ein-mid-century-holzdesign-und-erwecken-einen-schwaechelnden-trend-im-jahr-2025-zu-neuem-leben\/","og_locale":"de_DE","og_type":"article","og_title":"Juwelenfarbene Akzente in Colman Domingos Wohnzimmer beleben ein Mid-Century-Holzdesign und erwecken einen schw\u00e4chelnden Trend im Jahr 2025 zu neuem Leben - Nachrichten - Stra\u00dfenweb","og_description":"Colman Domingo wurde k\u00fcrzlich in der kommenden Staffel zum \u201eFeigen L\u00f6wen\u201c ernannt B\u00f6se Film, aber seine Innenr\u00e4ume sind alles andere als. Aufnahmen aus dem Wohnzimmer","og_url":"https:\/\/www.strassenweb.de\/nachrichten\/juwelenfarbene-akzente-in-colman-domingos-wohnzimmer-beleben-ein-mid-century-holzdesign-und-erwecken-einen-schwaechelnden-trend-im-jahr-2025-zu-neuem-leben\/","og_site_name":"Stra\u00dfenweb","article_publisher":"https:\/\/www.facebook.com\/strassenweb\/","article_published_time":"2025-10-21T17:39:51+00:00","article_modified_time":"2025-10-21T17:39:52+00:00","og_image":[{"width":1600,"height":900,"url":"https:\/\/www.strassenweb.de\/nachrichten\/wp-content\/uploads\/2025\/10\/Juwelenfarbene-Akzente-in-Colman-Domingos-Wohnzimmer-beleben-ein-Mid-Century-Holzdesign-und.jpg","type":"image\/jpeg"}],"author":"Robert Hoffmann","twitter_card":"summary_large_image","twitter_misc":{"Verfasst von":"Robert Hoffmann","Gesch\u00e4tzte Lesezeit":"2\u00a0Minuten"},"schema":{"@context":"https:\/\/schema.org","@graph":[{"@type":"Article","@id":"https:\/\/www.strassenweb.de\/nachrichten\/juwelenfarbene-akzente-in-colman-domingos-wohnzimmer-beleben-ein-mid-century-holzdesign-und-erwecken-einen-schwaechelnden-trend-im-jahr-2025-zu-neuem-leben\/#article","isPartOf":{"@id":"https:\/\/www.strassenweb.de\/nachrichten\/juwelenfarbene-akzente-in-colman-domingos-wohnzimmer-beleben-ein-mid-century-holzdesign-und-erwecken-einen-schwaechelnden-trend-im-jahr-2025-zu-neuem-leben\/"},"author":{"name":"Robert Hoffmann","@id":"https:\/\/www.strassenweb.de\/nachrichten\/#\/schema\/person\/87c9c9067f1211da429a744dc5a5aa41"},"headline":"Juwelenfarbene Akzente in Colman Domingos Wohnzimmer beleben ein Mid-Century-Holzdesign und erwecken einen schw\u00e4chelnden Trend im Jahr 2025 zu neuem Leben","datePublished":"2025-10-21T17:39:51+00:00","dateModified":"2025-10-21T17:39:52+00:00","mainEntityOfPage":{"@id":"https:\/\/www.strassenweb.de\/nachrichten\/juwelenfarbene-akzente-in-colman-domingos-wohnzimmer-beleben-ein-mid-century-holzdesign-und-erwecken-einen-schwaechelnden-trend-im-jahr-2025-zu-neuem-leben\/"},"wordCount":493,"publisher":{"@id":"https:\/\/www.strassenweb.de\/nachrichten\/#organization"},"image":{"@id":"https:\/\/www.strassenweb.de\/nachrichten\/juwelenfarbene-akzente-in-colman-domingos-wohnzimmer-beleben-ein-mid-century-holzdesign-und-erwecken-einen-schwaechelnden-trend-im-jahr-2025-zu-neuem-leben\/#primaryimage"},"thumbnailUrl":"https:\/\/www.strassenweb.de\/nachrichten\/wp-content\/uploads\/2025\/10\/Juwelenfarbene-Akzente-in-Colman-Domingos-Wohnzimmer-beleben-ein-Mid-Century-Holzdesign-und.jpg","keywords":["Akzente","beleben","Colman","Domingos","ein","einen","erwecken","Jahr","Juwelenfarbene","leben","MidCenturyHolzdesign","neuem","schw\u00e4chelnden","Trend","und","Wohnzimmer"],"articleSection":["Haus &amp; Garten"],"inLanguage":"de"},{"@type":"WebPage","@id":"https:\/\/www.strassenweb.de\/nachrichten\/juwelenfarbene-akzente-in-colman-domingos-wohnzimmer-beleben-ein-mid-century-holzdesign-und-erwecken-einen-schwaechelnden-trend-im-jahr-2025-zu-neuem-leben\/","url":"https:\/\/www.strassenweb.de\/nachrichten\/juwelenfarbene-akzente-in-colman-domingos-wohnzimmer-beleben-ein-mid-century-holzdesign-und-erwecken-einen-schwaechelnden-trend-im-jahr-2025-zu-neuem-leben\/","name":"Juwelenfarbene Akzente in Colman Domingos Wohnzimmer beleben ein Mid-Century-Holzdesign und erwecken einen schw\u00e4chelnden Trend im Jahr 2025 zu neuem Leben - Nachrichten - Stra\u00dfenweb","isPartOf":{"@id":"https:\/\/www.strassenweb.de\/nachrichten\/#website"},"primaryImageOfPage":{"@id":"https:\/\/www.strassenweb.de\/nachrichten\/juwelenfarbene-akzente-in-colman-domingos-wohnzimmer-beleben-ein-mid-century-holzdesign-und-erwecken-einen-schwaechelnden-trend-im-jahr-2025-zu-neuem-leben\/#primaryimage"},"image":{"@id":"https:\/\/www.strassenweb.de\/nachrichten\/juwelenfarbene-akzente-in-colman-domingos-wohnzimmer-beleben-ein-mid-century-holzdesign-und-erwecken-einen-schwaechelnden-trend-im-jahr-2025-zu-neuem-leben\/#primaryimage"},"thumbnailUrl":"https:\/\/www.strassenweb.de\/nachrichten\/wp-content\/uploads\/2025\/10\/Juwelenfarbene-Akzente-in-Colman-Domingos-Wohnzimmer-beleben-ein-Mid-Century-Holzdesign-und.jpg","datePublished":"2025-10-21T17:39:51+00:00","dateModified":"2025-10-21T17:39:52+00:00","breadcrumb":{"@id":"https:\/\/www.strassenweb.de\/nachrichten\/juwelenfarbene-akzente-in-colman-domingos-wohnzimmer-beleben-ein-mid-century-holzdesign-und-erwecken-einen-schwaechelnden-trend-im-jahr-2025-zu-neuem-leben\/#breadcrumb"},"inLanguage":"de","potentialAction":[{"@type":"ReadAction","target":["https:\/\/www.strassenweb.de\/nachrichten\/juwelenfarbene-akzente-in-colman-domingos-wohnzimmer-beleben-ein-mid-century-holzdesign-und-erwecken-einen-schwaechelnden-trend-im-jahr-2025-zu-neuem-leben\/"]}]},{"@type":"ImageObject","inLanguage":"de","@id":"https:\/\/www.strassenweb.de\/nachrichten\/juwelenfarbene-akzente-in-colman-domingos-wohnzimmer-beleben-ein-mid-century-holzdesign-und-erwecken-einen-schwaechelnden-trend-im-jahr-2025-zu-neuem-leben\/#primaryimage","url":"https:\/\/www.strassenweb.de\/nachrichten\/wp-content\/uploads\/2025\/10\/Juwelenfarbene-Akzente-in-Colman-Domingos-Wohnzimmer-beleben-ein-Mid-Century-Holzdesign-und.jpg","contentUrl":"https:\/\/www.strassenweb.de\/nachrichten\/wp-content\/uploads\/2025\/10\/Juwelenfarbene-Akzente-in-Colman-Domingos-Wohnzimmer-beleben-ein-Mid-Century-Holzdesign-und.jpg","width":1600,"height":900,"caption":"Colman Domingo"},{"@type":"BreadcrumbList","@id":"https:\/\/www.strassenweb.de\/nachrichten\/juwelenfarbene-akzente-in-colman-domingos-wohnzimmer-beleben-ein-mid-century-holzdesign-und-erwecken-einen-schwaechelnden-trend-im-jahr-2025-zu-neuem-leben\/#breadcrumb","itemListElement":[{"@type":"ListItem","position":1,"name":"Home","item":"https:\/\/www.strassenweb.de\/nachrichten\/"},{"@type":"ListItem","position":2,"name":"Juwelenfarbene Akzente in Colman Domingos Wohnzimmer beleben ein Mid-Century-Holzdesign und erwecken einen schw\u00e4chelnden Trend im Jahr 2025 zu neuem Leben"}]},{"@type":"WebSite","@id":"https:\/\/www.strassenweb.de\/nachrichten\/#website","url":"https:\/\/www.strassenweb.de\/nachrichten\/","name":"Stra\u00dfenweb","description":"Stra\u00dfenverzeichnis f\u00fcr Deutschland","publisher":{"@id":"https:\/\/www.strassenweb.de\/nachrichten\/#organization"},"potentialAction":[{"@type":"SearchAction","target":{"@type":"EntryPoint","urlTemplate":"https:\/\/www.strassenweb.de\/nachrichten\/?s={search_term_string}"},"query-input":{"@type":"PropertyValueSpecification","valueRequired":true,"valueName":"search_term_string"}}],"inLanguage":"de"},{"@type":"Organization","@id":"https:\/\/www.strassenweb.de\/nachrichten\/#organization","name":"Stra\u00dfenweb","url":"https:\/\/www.strassenweb.de\/nachrichten\/","logo":{"@type":"ImageObject","inLanguage":"de","@id":"https:\/\/www.strassenweb.de\/nachrichten\/#\/schema\/logo\/image\/","url":"https:\/\/www.strassenweb.de\/nachrichten\/wp-content\/uploads\/2024\/09\/cropped-favicon.png","contentUrl":"https:\/\/www.strassenweb.de\/nachrichten\/wp-content\/uploads\/2024\/09\/cropped-favicon.png","width":512,"height":512,"caption":"Stra\u00dfenweb"},"image":{"@id":"https:\/\/www.strassenweb.de\/nachrichten\/#\/schema\/logo\/image\/"},"sameAs":["https:\/\/www.facebook.com\/strassenweb\/"]},{"@type":"Person","@id":"https:\/\/www.strassenweb.de\/nachrichten\/#\/schema\/person\/87c9c9067f1211da429a744dc5a5aa41","name":"Robert Hoffmann","image":{"@type":"ImageObject","inLanguage":"de","@id":"https:\/\/www.strassenweb.de\/nachrichten\/wp-content\/uploads\/2024\/09\/strassenweb-150x150.jpg","url":"https:\/\/www.strassenweb.de\/nachrichten\/wp-content\/uploads\/2024\/09\/strassenweb-150x150.jpg","contentUrl":"https:\/\/www.strassenweb.de\/nachrichten\/wp-content\/uploads\/2024\/09\/strassenweb-150x150.jpg","caption":"Robert Hoffmann"},"description":"Ich hei\u00dfe Robert Hoffmann und ich bin ein leidenschaftlicher Verfechter von \u00d6kologie und Biodiversit\u00e4t. Seit meiner Kindheit in den W\u00e4ldern Bayerns f\u00fchle ich mich mit der Natur verbunden und bin entschlossen, sie zu sch\u00fctzen. Heute widme ich mein Leben der Sensibilisierung anderer f\u00fcr die Bedeutung des Umweltschutzes f\u00fcr zuk\u00fcnftige Generationen.","sameAs":["https:\/\/www.strassenweb.de\/"]}]}},"_links":{"self":[{"href":"https:\/\/www.strassenweb.de\/nachrichten\/wp-json\/wp\/v2\/posts\/8651","targetHints":{"allow":["GET"]}}],"collection":[{"href":"https:\/\/www.strassenweb.de\/nachrichten\/wp-json\/wp\/v2\/posts"}],"about":[{"href":"https:\/\/www.strassenweb.de\/nachrichten\/wp-json\/wp\/v2\/types\/post"}],"author":[{"embeddable":true,"href":"https:\/\/www.strassenweb.de\/nachrichten\/wp-json\/wp\/v2\/users\/1"}],"replies":[{"embeddable":true,"href":"https:\/\/www.strassenweb.de\/nachrichten\/wp-json\/wp\/v2\/comments?post=8651"}],"version-history":[{"count":0,"href":"https:\/\/www.strassenweb.de\/nachrichten\/wp-json\/wp\/v2\/posts\/8651\/revisions"}],"wp:featuredmedia":[{"embeddable":true,"href":"https:\/\/www.strassenweb.de\/nachrichten\/wp-json\/wp\/v2\/media\/8652"}],"wp:attachment":[{"href":"https:\/\/www.strassenweb.de\/nachrichten\/wp-json\/wp\/v2\/media?parent=8651"}],"wp:term":[{"taxonomy":"category","embeddable":true,"href":"https:\/\/www.strassenweb.de\/nachrichten\/wp-json\/wp\/v2\/categories?post=8651"},{"taxonomy":"post_tag","embeddable":true,"href":"https:\/\/www.strassenweb.de\/nachrichten\/wp-json\/wp\/v2\/tags?post=8651"}],"curies":[{"name":"wp","href":"https:\/\/api.w.org\/{rel}","templated":true}]}}