{"id":863,"date":"2024-10-12T12:43:08","date_gmt":"2024-10-12T10:43:08","guid":{"rendered":"https:\/\/www.strassenweb.de\/nachrichten\/fuer-viele-im-vereinigten-koenigreich-war-2024-das-jahr-ohne-schmetterling\/"},"modified":"2024-10-12T12:43:09","modified_gmt":"2024-10-12T10:43:09","slug":"fuer-viele-im-vereinigten-koenigreich-war-2024-das-jahr-ohne-schmetterling","status":"publish","type":"post","link":"https:\/\/www.strassenweb.de\/nachrichten\/fuer-viele-im-vereinigten-koenigreich-war-2024-das-jahr-ohne-schmetterling\/","title":{"rendered":"F\u00fcr viele im Vereinigten K\u00f6nigreich war 2024 das Jahr ohne Schmetterling"},"content":{"rendered":"<p>Die Wohlt\u00e4tigkeitsorganisation, die hinter der weltweit gr\u00f6\u00dften Schmetterlingsstudie steht, hat den nationalen Notstand ausgerufen.<\/p>\n<p>Beim j\u00e4hrlichen Big Butterfly Count von Butterfly Conservation, das 2010 begann, werden Menschen im Vereinigten K\u00f6nigreich gebeten, die Anzahl der Schmetterlinge und Nachtfalter zu z\u00e4hlen, die sie sehen. \u00dcber 85.000 Freiwillige zeichneten ihre Sichtungen im Jahr 2024 auf, \u00fcber 25 Tage zwischen Mitte Juli und Anfang August, wenn die Bedingungen f\u00fcr die Beobachtung von Schmetterlingen normalerweise am besten sind.<\/p>\n<p>Die Ergebnisse liegen vor. In diesem Sommer gab es die niedrigste durchschnittliche Anzahl an Schmetterlingen pro 15-Minuten-Z\u00e4hlung in der 14-j\u00e4hrigen Geschichte der Umfrage: sieben, weniger als zw\u00f6lf im letzten Jahr. Ein Drittel der Arten hatte den schlimmsten Sommer seit Beginn der Aufzeichnungen, w\u00e4hrend mehr als 9.000 Z\u00e4hlungen \u00fcberhaupt keine Schmetterlinge meldeten.<\/p>\n<p>Der Vergleich der Schmetterlingszahlen zwischen den Jahren ist schwierig, insbesondere wenn Sie nur einen Teil der Saison abdecken. Einige Arten fliegen fr\u00fch in der Saison, andere schl\u00fcpfen sp\u00e4ter. Kaltes Wetter kann die Entwicklung von Larven verz\u00f6gern und die Schmetterlingsaktivit\u00e4t verringern, w\u00e4hrend hei\u00dfes und sonniges Wetter sie beschleunigen kann. Das bedeutet, dass sich der H\u00f6hepunkt des Schmetterlingsreichtums je nach Wetterlage von Jahr zu Jahr verschiebt.<\/p>\n<p>Bei einer auf einen Teil der Saison beschr\u00e4nkten Umfrage k\u00f6nnte dieses Fenster fehlen. Eine M\u00f6glichkeit, dieses Problem zu vermeiden, ist eine regelm\u00e4\u00dfige Z\u00e4hlung \u00fcber die gesamte Saison hinweg. Dies tun \u00dcberwachungssysteme wie das britische Schmetterlings\u00fcberwachungssystem.<\/p>\n<p>Die Big Butterfly Count hingegen l\u00e4uft \u00fcber 25 Tage, wobei Daten zeigen, dass die Schmetterlingsaktivit\u00e4t und -zahl in der Regel ihren H\u00f6hepunkt erreicht, selbst in relativ k\u00fchlen und nassen Sommern wie 2024. Zehntausende Enthusiasten z\u00e4hlen in diesem Zeitraum intensiv.<\/p>\n<p>In diesem Jahr wurden mehr als 140.000 Z\u00e4hlungen registriert. Aufgrund der schieren Menge an Daten w\u00fcrde ich sagen, dass die geringe Zahl der Schmetterlinge im Jahr 2024 \u2013 bei weitem die niedrigste aller Zeiten \u2013 tats\u00e4chlich ein sehr ernstes Ergebnis darstellt. In den vergangenen Jahren gab es R\u00fcckg\u00e4nge, aber diese sind in einem noch nie dagewesenen Ausma\u00df.<\/p>\n<p>Jedes Jahr k\u00f6nnte zuf\u00e4llig ein schlechtes Jahr f\u00fcr Schmetterlinge sein. Achten Sie jedoch auf die Trends im Bericht. Elf Arten (65 % aller Arten) gehen zur\u00fcck und nur drei (11 %) haben in den letzten 14 Jahren zugenommen. Dies deckt sich mit dem, was andere Systeme im Vereinigten K\u00f6nigreich und in Kontinentaleuropa festgestellt haben.<\/p>\n<p>Das europ\u00e4ische Schmetterlings\u00fcberwachungssystem kombiniert die Populationstrends von 17 Arten, von denen einige, darunter der Wiesenbraune und der Blaue Schmetterling, auch vom britischen Big Butterfly Count erfasst werden. Diese kombinierte Analyse beginnt mit dem Jahr 1990 und zeigt einen starken R\u00fcckgang der Populationsdichte dieser Schmetterlinge in den ersten zehn Jahren, einen stabileren Zeitraum \u00fcber zehn Jahre und dann einen R\u00fcckgang um 36 % zwischen 2010 und 2020.<\/p>\n<h2 class=\"wp-block-heading\">Was ist schuld?<\/h2>\n<p>Raupen brauchen Pflanzen zum Fressen und erwachsene Schmetterlinge brauchen Nektar. Leider wird ein Gro\u00dfteil des Lebensraums, in dem Schmetterlinge diese Tiere zuverl\u00e4ssig finden konnten, mittlerweile intensiv bewirtschaftet. Unkr\u00e4uter auf Ackerfl\u00e4chen werden mit wirksamen Herbiziden bek\u00e4mpft, Insektizide k\u00f6nnen Schmetterlingen schaden, auch wenn sie nicht das Ziel sind.<\/p>\n<p>Es ist nicht nur die intensive Landbewirtschaftung, die Schmetterlingen schadet. Wertvolle Lebensr\u00e4ume wie bl\u00fctenreiches Grasland werden aufgegeben, wenn die Landwirtschaft nicht mehr wirtschaftlich ist, und k\u00f6nnen sich in Buschland oder Wald verwandeln.<\/p>\n<figure class=\"wp-block-image\"><\/figure>\n<p>Es gibt gute Belege aus dem Vereinigten K\u00f6nigreich und aus Untersuchungen, die ich in Schweden durchgef\u00fchrt habe, die darauf hindeuten, dass diese Faktoren zum R\u00fcckgang der Schmetterlinge beitragen und oft zusammenwirken. G\u00fcnstige Lebensr\u00e4ume werden kleiner und isolierter voneinander, und die Ma\u00dfnahmen, um dem entgegenzuwirken, indem diese Lebensr\u00e4ume miteinander verbunden werden, m\u00fcssen gut geplant werden.<\/p>\n<p>Leider gibt es ein neues Problem, das immer wichtiger wird. Fragmentierte Schmetterlingspopulationen sind zunehmend anf\u00e4llig f\u00fcr extreme Wetterbedingungen, insbesondere D\u00fcrreperioden. In den letzten Jahren kam es in Gro\u00dfbritannien und den meisten Teilen Europas immer wieder zu D\u00fcrren.<\/p>\n<p>Wenn Pflanzen w\u00e4hrend einer D\u00fcrre verwelken, haben sowohl Raupen als auch Schmetterlinge Schwierigkeiten bei der Nahrungssuche. Wenn die gesamte Population in isolierte Fragmente aufgeteilt wird, k\u00f6nnen klimatische Extreme ihr langfristiges Fortbestehen gef\u00e4hrden.<\/p>\n<p>Eine D\u00fcrre in Schweden im Jahr 2018 f\u00fchrte zum regionalen Aussterben von zwei Schmetterlingsarten und eine D\u00fcrre im Jahr 2023 f\u00fchrte zu einer weiteren. Die durch die Big Butterfly Count festgestellten R\u00fcckg\u00e4nge sind besorgniserregend, da sie auf kleinere und verstreute Populationen hinweisen, die zunehmend anf\u00e4llig f\u00fcr ein volatileres Klima sind.<\/p>\n<h2 class=\"wp-block-heading\">Was kommt als n\u00e4chstes?<\/h2>\n<p>Im Lebenszyklus von Schmetterlingen gibt es eine Abfolge von Eiern \u00fcber Raupen, Puppen und schlie\u00dflich erwachsene Schmetterlinge. Wenn es f\u00fcr erwachsene Schmetterlinge ein schlechtes Jahr gibt (oder ein anderes Lebensstadium), wirkt sich das auf die nachfolgenden Stadien aus.<\/p>\n<p>Eine geringe Anzahl an Schmetterlingen im Jahr 2024 macht es wahrscheinlich, dass weniger Eier gelegt wurden. Infolgedessen k\u00f6nnen wir in der n\u00e4chsten Generation mit weniger Schmetterlingen rechnen. Dies geschah im Vereinigten K\u00f6nigreich nach einer D\u00fcrre im Jahr 1995, als die Populationen der Ringelfalter im darauffolgenden Jahr stark zur\u00fcckgingen. Es dauerte mehrere Jahre, bis sich die Art erholte.<\/p>\n<p>Das Gleiche haben wir nach der D\u00fcrre 2018 bei Locken in Schweden gesehen. Dieser Schmetterling ist nun fast wieder so h\u00e4ufig wie vor der D\u00fcrre und ist die h\u00e4ufigste Art in Schweden.<\/p>\n<figure class=\"wp-block-image\"><img decoding=\"async\" src=\"https:\/\/www.strassenweb.de\/nachrichten\/wp-content\/uploads\/2024\/10\/1728729788_844_Fuer-viele-im-Vereinigten-Koenigreich-war-2024-das-Jahr-ohne.0&#038;q=45&#038;auto=format&#038;w=754&#038;fit=clip.jpeg\" alt=\"Ein Blatt mit winzigen gelben Eiern darauf.\"><\/figure>\n<p>Es gibt auch hoffnungsvollere Szenarien. Schmetterlinge k\u00f6nnen sich beeindruckend erholen, da sie viele Eier legen k\u00f6nnen. Der Sumpf-Scheckenfalter, ein brauner Schmetterling, der in Feuchtgebieten vorkommt, kann sich von einer D\u00fcrre erholen, wenn gut vernetzte Lebensr\u00e4ume vorhanden sind.<\/p>\n<p>Auch einige der schlimmsten Feinde der Schmetterlingsraupen, die Schlupfwespen, leiden unter Nahrungsknappheit. Weniger Raupen bedeuten weniger Wespen und entlasten die n\u00e4chste Generation von Schmetterlingen von einem Teil des Angriffsrisikos.<\/p>\n<p>Eine letzte \u00dcberlegung und wahrscheinlich die wichtigste von allen. Untersuchungen wie die Big Butterfly Count zeigen, dass die Einbindung der \u00d6ffentlichkeit in den Naturschutz funktionieren kann. Die Umfrage ermutigt die Beteiligten, zur Wiederherstellung nat\u00fcrlicher Lebensr\u00e4ume beizutragen und Schmetterlingen und Motten zu helfen. Mehr als 85.000 Schmetterlingsbegeisterte in ganz Gro\u00dfbritannien beteiligten sich an dem Projekt, Schmetterlinge zu verstehen, ihnen zu helfen und sie zu genie\u00dfen. Das ist, wenn \u00fcberhaupt, vielversprechend.<\/p>\n<hr class=\"wp-block-separator has-alpha-channel-opacity\">\n<p>Lars B. Pettersson, au\u00dferordentlicher Professor f\u00fcr Tier\u00f6kologie, <em>Universit\u00e4t Lund<\/em><\/p>\n<p>  wird von The Conversation unter einer Creative Commons-Lizenz erneut ver\u00f6ffentlicht.<\/p>\n","protected":false},"excerpt":{"rendered":"<p>Die Wohlt\u00e4tigkeitsorganisation, die hinter der weltweit gr\u00f6\u00dften Schmetterlingsstudie steht, hat den nationalen Notstand ausgerufen. Beim j\u00e4hrlichen Big Butterfly Count von Butterfly Conservation, das 2010 begann,<\/p>\n","protected":false},"author":1,"featured_media":864,"comment_status":"closed","ping_status":"","sticky":false,"template":"","format":"standard","meta":{"footnotes":""},"categories":[101],"tags":[112,55,384,271,65,1700,270,127,1495],"class_list":["post-863","post","type-post","status-publish","format-standard","has-post-thumbnail","hentry","category-oekologie","tag-das","tag-fuer","tag-jahr","tag-koenigreich","tag-ohne","tag-schmetterling","tag-vereinigten","tag-viele","tag-war","generate-columns","tablet-grid-50","mobile-grid-100","grid-parent","grid-50"],"yoast_head":"<!-- This site is optimized with the Yoast SEO plugin v27.3 - https:\/\/yoast.com\/product\/yoast-seo-wordpress\/ -->\n<title>F\u00fcr viele im Vereinigten K\u00f6nigreich war 2024 das Jahr ohne Schmetterling - Nachrichten - Stra\u00dfenweb<\/title>\n<meta name=\"robots\" content=\"index, follow, max-snippet:-1, max-image-preview:large, max-video-preview:-1\" \/>\n<link rel=\"canonical\" href=\"https:\/\/www.strassenweb.de\/nachrichten\/fuer-viele-im-vereinigten-koenigreich-war-2024-das-jahr-ohne-schmetterling\/\" \/>\n<meta property=\"og:locale\" content=\"de_DE\" \/>\n<meta property=\"og:type\" content=\"article\" \/>\n<meta property=\"og:title\" content=\"F\u00fcr viele im Vereinigten K\u00f6nigreich war 2024 das Jahr ohne Schmetterling - Nachrichten - Stra\u00dfenweb\" \/>\n<meta property=\"og:description\" content=\"Die Wohlt\u00e4tigkeitsorganisation, die hinter der weltweit gr\u00f6\u00dften Schmetterlingsstudie steht, hat den nationalen Notstand ausgerufen. Beim j\u00e4hrlichen Big Butterfly Count von Butterfly Conservation, das 2010 begann,\" \/>\n<meta property=\"og:url\" content=\"https:\/\/www.strassenweb.de\/nachrichten\/fuer-viele-im-vereinigten-koenigreich-war-2024-das-jahr-ohne-schmetterling\/\" \/>\n<meta property=\"og:site_name\" content=\"Stra\u00dfenweb\" \/>\n<meta property=\"article:publisher\" content=\"https:\/\/www.facebook.com\/strassenweb\/\" \/>\n<meta property=\"article:published_time\" content=\"2024-10-12T10:43:08+00:00\" \/>\n<meta property=\"article:modified_time\" content=\"2024-10-12T10:43:09+00:00\" \/>\n<meta property=\"og:image\" content=\"https:\/\/www.strassenweb.de\/nachrichten\/wp-content\/uploads\/2024\/10\/Fuer-viele-im-Vereinigten-Koenigreich-war-2024-das-Jahr-ohne.jpg\" \/>\n\t<meta property=\"og:image:width\" content=\"800\" \/>\n\t<meta property=\"og:image:height\" content=\"526\" \/>\n\t<meta property=\"og:image:type\" content=\"image\/jpeg\" \/>\n<meta name=\"author\" content=\"Robert Hoffmann\" \/>\n<meta name=\"twitter:card\" content=\"summary_large_image\" \/>\n<meta name=\"twitter:label1\" content=\"Verfasst von\" \/>\n\t<meta name=\"twitter:data1\" content=\"Robert Hoffmann\" \/>\n\t<meta name=\"twitter:label2\" content=\"Gesch\u00e4tzte Lesezeit\" \/>\n\t<meta name=\"twitter:data2\" content=\"5\u00a0Minuten\" \/>\n<script type=\"application\/ld+json\" class=\"yoast-schema-graph\">{\"@context\":\"https:\\\/\\\/schema.org\",\"@graph\":[{\"@type\":\"Article\",\"@id\":\"https:\\\/\\\/www.strassenweb.de\\\/nachrichten\\\/fuer-viele-im-vereinigten-koenigreich-war-2024-das-jahr-ohne-schmetterling\\\/#article\",\"isPartOf\":{\"@id\":\"https:\\\/\\\/www.strassenweb.de\\\/nachrichten\\\/fuer-viele-im-vereinigten-koenigreich-war-2024-das-jahr-ohne-schmetterling\\\/\"},\"author\":{\"name\":\"Robert Hoffmann\",\"@id\":\"https:\\\/\\\/www.strassenweb.de\\\/nachrichten\\\/#\\\/schema\\\/person\\\/87c9c9067f1211da429a744dc5a5aa41\"},\"headline\":\"F\u00fcr viele im Vereinigten K\u00f6nigreich war 2024 das Jahr ohne Schmetterling\",\"datePublished\":\"2024-10-12T10:43:08+00:00\",\"dateModified\":\"2024-10-12T10:43:09+00:00\",\"mainEntityOfPage\":{\"@id\":\"https:\\\/\\\/www.strassenweb.de\\\/nachrichten\\\/fuer-viele-im-vereinigten-koenigreich-war-2024-das-jahr-ohne-schmetterling\\\/\"},\"wordCount\":1066,\"publisher\":{\"@id\":\"https:\\\/\\\/www.strassenweb.de\\\/nachrichten\\\/#organization\"},\"image\":{\"@id\":\"https:\\\/\\\/www.strassenweb.de\\\/nachrichten\\\/fuer-viele-im-vereinigten-koenigreich-war-2024-das-jahr-ohne-schmetterling\\\/#primaryimage\"},\"thumbnailUrl\":\"https:\\\/\\\/www.strassenweb.de\\\/nachrichten\\\/wp-content\\\/uploads\\\/2024\\\/10\\\/Fuer-viele-im-Vereinigten-Koenigreich-war-2024-das-Jahr-ohne.jpg\",\"keywords\":[\"das\",\"f\u00fcr\",\"Jahr\",\"K\u00f6nigreich\",\"ohne\",\"Schmetterling\",\"Vereinigten\",\"viele\",\"war\"],\"articleSection\":[\"\u00d6kologie\"],\"inLanguage\":\"de\"},{\"@type\":\"WebPage\",\"@id\":\"https:\\\/\\\/www.strassenweb.de\\\/nachrichten\\\/fuer-viele-im-vereinigten-koenigreich-war-2024-das-jahr-ohne-schmetterling\\\/\",\"url\":\"https:\\\/\\\/www.strassenweb.de\\\/nachrichten\\\/fuer-viele-im-vereinigten-koenigreich-war-2024-das-jahr-ohne-schmetterling\\\/\",\"name\":\"F\u00fcr viele im Vereinigten K\u00f6nigreich war 2024 das Jahr ohne Schmetterling - Nachrichten - Stra\u00dfenweb\",\"isPartOf\":{\"@id\":\"https:\\\/\\\/www.strassenweb.de\\\/nachrichten\\\/#website\"},\"primaryImageOfPage\":{\"@id\":\"https:\\\/\\\/www.strassenweb.de\\\/nachrichten\\\/fuer-viele-im-vereinigten-koenigreich-war-2024-das-jahr-ohne-schmetterling\\\/#primaryimage\"},\"image\":{\"@id\":\"https:\\\/\\\/www.strassenweb.de\\\/nachrichten\\\/fuer-viele-im-vereinigten-koenigreich-war-2024-das-jahr-ohne-schmetterling\\\/#primaryimage\"},\"thumbnailUrl\":\"https:\\\/\\\/www.strassenweb.de\\\/nachrichten\\\/wp-content\\\/uploads\\\/2024\\\/10\\\/Fuer-viele-im-Vereinigten-Koenigreich-war-2024-das-Jahr-ohne.jpg\",\"datePublished\":\"2024-10-12T10:43:08+00:00\",\"dateModified\":\"2024-10-12T10:43:09+00:00\",\"breadcrumb\":{\"@id\":\"https:\\\/\\\/www.strassenweb.de\\\/nachrichten\\\/fuer-viele-im-vereinigten-koenigreich-war-2024-das-jahr-ohne-schmetterling\\\/#breadcrumb\"},\"inLanguage\":\"de\",\"potentialAction\":[{\"@type\":\"ReadAction\",\"target\":[\"https:\\\/\\\/www.strassenweb.de\\\/nachrichten\\\/fuer-viele-im-vereinigten-koenigreich-war-2024-das-jahr-ohne-schmetterling\\\/\"]}]},{\"@type\":\"ImageObject\",\"inLanguage\":\"de\",\"@id\":\"https:\\\/\\\/www.strassenweb.de\\\/nachrichten\\\/fuer-viele-im-vereinigten-koenigreich-war-2024-das-jahr-ohne-schmetterling\\\/#primaryimage\",\"url\":\"https:\\\/\\\/www.strassenweb.de\\\/nachrichten\\\/wp-content\\\/uploads\\\/2024\\\/10\\\/Fuer-viele-im-Vereinigten-Koenigreich-war-2024-das-Jahr-ohne.jpg\",\"contentUrl\":\"https:\\\/\\\/www.strassenweb.de\\\/nachrichten\\\/wp-content\\\/uploads\\\/2024\\\/10\\\/Fuer-viele-im-Vereinigten-Koenigreich-war-2024-das-Jahr-ohne.jpg\",\"width\":800,\"height\":526,\"caption\":\"For many in the UK, 2024 was the year without a\u00a0butterfly\"},{\"@type\":\"BreadcrumbList\",\"@id\":\"https:\\\/\\\/www.strassenweb.de\\\/nachrichten\\\/fuer-viele-im-vereinigten-koenigreich-war-2024-das-jahr-ohne-schmetterling\\\/#breadcrumb\",\"itemListElement\":[{\"@type\":\"ListItem\",\"position\":1,\"name\":\"Home\",\"item\":\"https:\\\/\\\/www.strassenweb.de\\\/nachrichten\\\/\"},{\"@type\":\"ListItem\",\"position\":2,\"name\":\"F\u00fcr viele im Vereinigten K\u00f6nigreich war 2024 das Jahr ohne Schmetterling\"}]},{\"@type\":\"WebSite\",\"@id\":\"https:\\\/\\\/www.strassenweb.de\\\/nachrichten\\\/#website\",\"url\":\"https:\\\/\\\/www.strassenweb.de\\\/nachrichten\\\/\",\"name\":\"Stra\u00dfenweb\",\"description\":\"Stra\u00dfenverzeichnis f\u00fcr Deutschland\",\"publisher\":{\"@id\":\"https:\\\/\\\/www.strassenweb.de\\\/nachrichten\\\/#organization\"},\"potentialAction\":[{\"@type\":\"SearchAction\",\"target\":{\"@type\":\"EntryPoint\",\"urlTemplate\":\"https:\\\/\\\/www.strassenweb.de\\\/nachrichten\\\/?s={search_term_string}\"},\"query-input\":{\"@type\":\"PropertyValueSpecification\",\"valueRequired\":true,\"valueName\":\"search_term_string\"}}],\"inLanguage\":\"de\"},{\"@type\":\"Organization\",\"@id\":\"https:\\\/\\\/www.strassenweb.de\\\/nachrichten\\\/#organization\",\"name\":\"Stra\u00dfenweb\",\"url\":\"https:\\\/\\\/www.strassenweb.de\\\/nachrichten\\\/\",\"logo\":{\"@type\":\"ImageObject\",\"inLanguage\":\"de\",\"@id\":\"https:\\\/\\\/www.strassenweb.de\\\/nachrichten\\\/#\\\/schema\\\/logo\\\/image\\\/\",\"url\":\"https:\\\/\\\/www.strassenweb.de\\\/nachrichten\\\/wp-content\\\/uploads\\\/2024\\\/09\\\/cropped-favicon.png\",\"contentUrl\":\"https:\\\/\\\/www.strassenweb.de\\\/nachrichten\\\/wp-content\\\/uploads\\\/2024\\\/09\\\/cropped-favicon.png\",\"width\":512,\"height\":512,\"caption\":\"Stra\u00dfenweb\"},\"image\":{\"@id\":\"https:\\\/\\\/www.strassenweb.de\\\/nachrichten\\\/#\\\/schema\\\/logo\\\/image\\\/\"},\"sameAs\":[\"https:\\\/\\\/www.facebook.com\\\/strassenweb\\\/\"]},{\"@type\":\"Person\",\"@id\":\"https:\\\/\\\/www.strassenweb.de\\\/nachrichten\\\/#\\\/schema\\\/person\\\/87c9c9067f1211da429a744dc5a5aa41\",\"name\":\"Robert Hoffmann\",\"image\":{\"@type\":\"ImageObject\",\"inLanguage\":\"de\",\"@id\":\"https:\\\/\\\/www.strassenweb.de\\\/nachrichten\\\/wp-content\\\/uploads\\\/2024\\\/09\\\/strassenweb-150x150.jpg\",\"url\":\"https:\\\/\\\/www.strassenweb.de\\\/nachrichten\\\/wp-content\\\/uploads\\\/2024\\\/09\\\/strassenweb-150x150.jpg\",\"contentUrl\":\"https:\\\/\\\/www.strassenweb.de\\\/nachrichten\\\/wp-content\\\/uploads\\\/2024\\\/09\\\/strassenweb-150x150.jpg\",\"caption\":\"Robert Hoffmann\"},\"description\":\"Ich hei\u00dfe Robert Hoffmann und ich bin ein leidenschaftlicher Verfechter von \u00d6kologie und Biodiversit\u00e4t. Seit meiner Kindheit in den W\u00e4ldern Bayerns f\u00fchle ich mich mit der Natur verbunden und bin entschlossen, sie zu sch\u00fctzen. Heute widme ich mein Leben der Sensibilisierung anderer f\u00fcr die Bedeutung des Umweltschutzes f\u00fcr zuk\u00fcnftige Generationen.\",\"sameAs\":[\"https:\\\/\\\/www.strassenweb.de\\\/\"]}]}<\/script>\n<!-- \/ Yoast SEO plugin. -->","yoast_head_json":{"title":"F\u00fcr viele im Vereinigten K\u00f6nigreich war 2024 das Jahr ohne Schmetterling - Nachrichten - Stra\u00dfenweb","robots":{"index":"index","follow":"follow","max-snippet":"max-snippet:-1","max-image-preview":"max-image-preview:large","max-video-preview":"max-video-preview:-1"},"canonical":"https:\/\/www.strassenweb.de\/nachrichten\/fuer-viele-im-vereinigten-koenigreich-war-2024-das-jahr-ohne-schmetterling\/","og_locale":"de_DE","og_type":"article","og_title":"F\u00fcr viele im Vereinigten K\u00f6nigreich war 2024 das Jahr ohne Schmetterling - Nachrichten - Stra\u00dfenweb","og_description":"Die Wohlt\u00e4tigkeitsorganisation, die hinter der weltweit gr\u00f6\u00dften Schmetterlingsstudie steht, hat den nationalen Notstand ausgerufen. Beim j\u00e4hrlichen Big Butterfly Count von Butterfly Conservation, das 2010 begann,","og_url":"https:\/\/www.strassenweb.de\/nachrichten\/fuer-viele-im-vereinigten-koenigreich-war-2024-das-jahr-ohne-schmetterling\/","og_site_name":"Stra\u00dfenweb","article_publisher":"https:\/\/www.facebook.com\/strassenweb\/","article_published_time":"2024-10-12T10:43:08+00:00","article_modified_time":"2024-10-12T10:43:09+00:00","og_image":[{"width":800,"height":526,"url":"https:\/\/www.strassenweb.de\/nachrichten\/wp-content\/uploads\/2024\/10\/Fuer-viele-im-Vereinigten-Koenigreich-war-2024-das-Jahr-ohne.jpg","type":"image\/jpeg"}],"author":"Robert Hoffmann","twitter_card":"summary_large_image","twitter_misc":{"Verfasst von":"Robert Hoffmann","Gesch\u00e4tzte Lesezeit":"5\u00a0Minuten"},"schema":{"@context":"https:\/\/schema.org","@graph":[{"@type":"Article","@id":"https:\/\/www.strassenweb.de\/nachrichten\/fuer-viele-im-vereinigten-koenigreich-war-2024-das-jahr-ohne-schmetterling\/#article","isPartOf":{"@id":"https:\/\/www.strassenweb.de\/nachrichten\/fuer-viele-im-vereinigten-koenigreich-war-2024-das-jahr-ohne-schmetterling\/"},"author":{"name":"Robert Hoffmann","@id":"https:\/\/www.strassenweb.de\/nachrichten\/#\/schema\/person\/87c9c9067f1211da429a744dc5a5aa41"},"headline":"F\u00fcr viele im Vereinigten K\u00f6nigreich war 2024 das Jahr ohne Schmetterling","datePublished":"2024-10-12T10:43:08+00:00","dateModified":"2024-10-12T10:43:09+00:00","mainEntityOfPage":{"@id":"https:\/\/www.strassenweb.de\/nachrichten\/fuer-viele-im-vereinigten-koenigreich-war-2024-das-jahr-ohne-schmetterling\/"},"wordCount":1066,"publisher":{"@id":"https:\/\/www.strassenweb.de\/nachrichten\/#organization"},"image":{"@id":"https:\/\/www.strassenweb.de\/nachrichten\/fuer-viele-im-vereinigten-koenigreich-war-2024-das-jahr-ohne-schmetterling\/#primaryimage"},"thumbnailUrl":"https:\/\/www.strassenweb.de\/nachrichten\/wp-content\/uploads\/2024\/10\/Fuer-viele-im-Vereinigten-Koenigreich-war-2024-das-Jahr-ohne.jpg","keywords":["das","f\u00fcr","Jahr","K\u00f6nigreich","ohne","Schmetterling","Vereinigten","viele","war"],"articleSection":["\u00d6kologie"],"inLanguage":"de"},{"@type":"WebPage","@id":"https:\/\/www.strassenweb.de\/nachrichten\/fuer-viele-im-vereinigten-koenigreich-war-2024-das-jahr-ohne-schmetterling\/","url":"https:\/\/www.strassenweb.de\/nachrichten\/fuer-viele-im-vereinigten-koenigreich-war-2024-das-jahr-ohne-schmetterling\/","name":"F\u00fcr viele im Vereinigten K\u00f6nigreich war 2024 das Jahr ohne Schmetterling - Nachrichten - Stra\u00dfenweb","isPartOf":{"@id":"https:\/\/www.strassenweb.de\/nachrichten\/#website"},"primaryImageOfPage":{"@id":"https:\/\/www.strassenweb.de\/nachrichten\/fuer-viele-im-vereinigten-koenigreich-war-2024-das-jahr-ohne-schmetterling\/#primaryimage"},"image":{"@id":"https:\/\/www.strassenweb.de\/nachrichten\/fuer-viele-im-vereinigten-koenigreich-war-2024-das-jahr-ohne-schmetterling\/#primaryimage"},"thumbnailUrl":"https:\/\/www.strassenweb.de\/nachrichten\/wp-content\/uploads\/2024\/10\/Fuer-viele-im-Vereinigten-Koenigreich-war-2024-das-Jahr-ohne.jpg","datePublished":"2024-10-12T10:43:08+00:00","dateModified":"2024-10-12T10:43:09+00:00","breadcrumb":{"@id":"https:\/\/www.strassenweb.de\/nachrichten\/fuer-viele-im-vereinigten-koenigreich-war-2024-das-jahr-ohne-schmetterling\/#breadcrumb"},"inLanguage":"de","potentialAction":[{"@type":"ReadAction","target":["https:\/\/www.strassenweb.de\/nachrichten\/fuer-viele-im-vereinigten-koenigreich-war-2024-das-jahr-ohne-schmetterling\/"]}]},{"@type":"ImageObject","inLanguage":"de","@id":"https:\/\/www.strassenweb.de\/nachrichten\/fuer-viele-im-vereinigten-koenigreich-war-2024-das-jahr-ohne-schmetterling\/#primaryimage","url":"https:\/\/www.strassenweb.de\/nachrichten\/wp-content\/uploads\/2024\/10\/Fuer-viele-im-Vereinigten-Koenigreich-war-2024-das-Jahr-ohne.jpg","contentUrl":"https:\/\/www.strassenweb.de\/nachrichten\/wp-content\/uploads\/2024\/10\/Fuer-viele-im-Vereinigten-Koenigreich-war-2024-das-Jahr-ohne.jpg","width":800,"height":526,"caption":"For many in the UK, 2024 was the year without a\u00a0butterfly"},{"@type":"BreadcrumbList","@id":"https:\/\/www.strassenweb.de\/nachrichten\/fuer-viele-im-vereinigten-koenigreich-war-2024-das-jahr-ohne-schmetterling\/#breadcrumb","itemListElement":[{"@type":"ListItem","position":1,"name":"Home","item":"https:\/\/www.strassenweb.de\/nachrichten\/"},{"@type":"ListItem","position":2,"name":"F\u00fcr viele im Vereinigten K\u00f6nigreich war 2024 das Jahr ohne Schmetterling"}]},{"@type":"WebSite","@id":"https:\/\/www.strassenweb.de\/nachrichten\/#website","url":"https:\/\/www.strassenweb.de\/nachrichten\/","name":"Stra\u00dfenweb","description":"Stra\u00dfenverzeichnis f\u00fcr Deutschland","publisher":{"@id":"https:\/\/www.strassenweb.de\/nachrichten\/#organization"},"potentialAction":[{"@type":"SearchAction","target":{"@type":"EntryPoint","urlTemplate":"https:\/\/www.strassenweb.de\/nachrichten\/?s={search_term_string}"},"query-input":{"@type":"PropertyValueSpecification","valueRequired":true,"valueName":"search_term_string"}}],"inLanguage":"de"},{"@type":"Organization","@id":"https:\/\/www.strassenweb.de\/nachrichten\/#organization","name":"Stra\u00dfenweb","url":"https:\/\/www.strassenweb.de\/nachrichten\/","logo":{"@type":"ImageObject","inLanguage":"de","@id":"https:\/\/www.strassenweb.de\/nachrichten\/#\/schema\/logo\/image\/","url":"https:\/\/www.strassenweb.de\/nachrichten\/wp-content\/uploads\/2024\/09\/cropped-favicon.png","contentUrl":"https:\/\/www.strassenweb.de\/nachrichten\/wp-content\/uploads\/2024\/09\/cropped-favicon.png","width":512,"height":512,"caption":"Stra\u00dfenweb"},"image":{"@id":"https:\/\/www.strassenweb.de\/nachrichten\/#\/schema\/logo\/image\/"},"sameAs":["https:\/\/www.facebook.com\/strassenweb\/"]},{"@type":"Person","@id":"https:\/\/www.strassenweb.de\/nachrichten\/#\/schema\/person\/87c9c9067f1211da429a744dc5a5aa41","name":"Robert Hoffmann","image":{"@type":"ImageObject","inLanguage":"de","@id":"https:\/\/www.strassenweb.de\/nachrichten\/wp-content\/uploads\/2024\/09\/strassenweb-150x150.jpg","url":"https:\/\/www.strassenweb.de\/nachrichten\/wp-content\/uploads\/2024\/09\/strassenweb-150x150.jpg","contentUrl":"https:\/\/www.strassenweb.de\/nachrichten\/wp-content\/uploads\/2024\/09\/strassenweb-150x150.jpg","caption":"Robert Hoffmann"},"description":"Ich hei\u00dfe Robert Hoffmann und ich bin ein leidenschaftlicher Verfechter von \u00d6kologie und Biodiversit\u00e4t. Seit meiner Kindheit in den W\u00e4ldern Bayerns f\u00fchle ich mich mit der Natur verbunden und bin entschlossen, sie zu sch\u00fctzen. Heute widme ich mein Leben der Sensibilisierung anderer f\u00fcr die Bedeutung des Umweltschutzes f\u00fcr zuk\u00fcnftige Generationen.","sameAs":["https:\/\/www.strassenweb.de\/"]}]}},"_links":{"self":[{"href":"https:\/\/www.strassenweb.de\/nachrichten\/wp-json\/wp\/v2\/posts\/863","targetHints":{"allow":["GET"]}}],"collection":[{"href":"https:\/\/www.strassenweb.de\/nachrichten\/wp-json\/wp\/v2\/posts"}],"about":[{"href":"https:\/\/www.strassenweb.de\/nachrichten\/wp-json\/wp\/v2\/types\/post"}],"author":[{"embeddable":true,"href":"https:\/\/www.strassenweb.de\/nachrichten\/wp-json\/wp\/v2\/users\/1"}],"replies":[{"embeddable":true,"href":"https:\/\/www.strassenweb.de\/nachrichten\/wp-json\/wp\/v2\/comments?post=863"}],"version-history":[{"count":0,"href":"https:\/\/www.strassenweb.de\/nachrichten\/wp-json\/wp\/v2\/posts\/863\/revisions"}],"wp:featuredmedia":[{"embeddable":true,"href":"https:\/\/www.strassenweb.de\/nachrichten\/wp-json\/wp\/v2\/media\/864"}],"wp:attachment":[{"href":"https:\/\/www.strassenweb.de\/nachrichten\/wp-json\/wp\/v2\/media?parent=863"}],"wp:term":[{"taxonomy":"category","embeddable":true,"href":"https:\/\/www.strassenweb.de\/nachrichten\/wp-json\/wp\/v2\/categories?post=863"},{"taxonomy":"post_tag","embeddable":true,"href":"https:\/\/www.strassenweb.de\/nachrichten\/wp-json\/wp\/v2\/tags?post=863"}],"curies":[{"name":"wp","href":"https:\/\/api.w.org\/{rel}","templated":true}]}}