{"id":8599,"date":"2025-10-19T16:39:59","date_gmt":"2025-10-19T14:39:59","guid":{"rendered":"https:\/\/www.strassenweb.de\/nachrichten\/die-weissen-kuechenschraenke-von-jamie-lee-curtis-praesentieren-einen-zeitlosen-traumhaften-farbton-der-nach-meinung-der-designer-jeden-raum-sofort-aufwerten-kann\/"},"modified":"2025-10-19T16:39:59","modified_gmt":"2025-10-19T14:39:59","slug":"die-weissen-kuechenschraenke-von-jamie-lee-curtis-praesentieren-einen-zeitlosen-traumhaften-farbton-der-nach-meinung-der-designer-jeden-raum-sofort-aufwerten-kann","status":"publish","type":"post","link":"https:\/\/www.strassenweb.de\/nachrichten\/die-weissen-kuechenschraenke-von-jamie-lee-curtis-praesentieren-einen-zeitlosen-traumhaften-farbton-der-nach-meinung-der-designer-jeden-raum-sofort-aufwerten-kann\/","title":{"rendered":"Die wei\u00dfen K\u00fcchenschr\u00e4nke von Jamie Lee Curtis pr\u00e4sentieren einen zeitlosen, traumhaften Farbton, der nach Meinung der Designer jeden Raum sofort aufwerten kann"},"content":{"rendered":"<p><\/p>\n<div id=\"article-body\" class=\"article__body \">\n<p id=\"00eff527-e7b4-407a-afe9-83027b1bb7a0\">Die vereinende Kraft wei\u00dfer Schr\u00e4nke ist ein seltener Punkt, \u00fcber den sich Designer einig sind. Dieser Farbton wird oft als \u201eewig\u201c bezeichnet, weil er vielseitig genug ist, um in jedem Raum zu gl\u00e4nzen, einschlie\u00dflich der weitl\u00e4ufigen K\u00fcche von Jamie Lee Curtis in Los Angeles.<\/p>\n<div id=\"ad-unit-1\" class=\"ad-unit\"><\/div>\n<p>Die wei\u00dfe K\u00fcchenschrankfarbe von Jamie Lee Curtis ist eine klassische Wahl. Das ist leicht zu erkennen, denn dieser Farbton vermittelt den Eindruck einer \u201eTraumk\u00fcche\u201c, der wahrscheinlich auch in den kommenden Jahrzehnten stilvoll bleiben wird. Wenn die k\u00fchleren, dunkleren Herbst- und Wintertage n\u00e4her r\u00fccken, ist die helle, luftige Atmosph\u00e4re von Wei\u00df noch attraktiver.<\/p>\n<aside data-block-type=\"embed\" data-render-type=\"fte\" data-skip=\"dealsy\" data-widget-type=\"seasonal\" class=\"hawk-root\"><\/aside>\n<p id=\"00eff527-e7b4-407a-afe9-83027b1bb7a0-2\" class=\"paywall\" aria-hidden=\"true\">\u201eWenn es um die Gestaltung Ihrer Traumk\u00fcche geht, empfehlen wir immer, wirklich zeitlosen Farben und Designs den Vorrang zu geben, die Sie ein Leben lang lieben werden\u201c, kommentiert Mor Krisher, Leiter Produktdesign bei Caesarstone. W\u00e4hrend sich alle Neutralt\u00f6ne zeitlos anf\u00fchlen, sind wei\u00dfe K\u00fcchen oft f\u00fchrend.<\/p>\n<div class=\"van_vid_carousel\">\n<div class=\"van_vid_carousel__padding\">\n<div class=\"van_vid_carousel__container\"><\/div>\n<\/div>\n<\/div>\n<div class=\"instagram-embed\" id=\"CpGNIk1v2YK\">\n<blockquote class=\"instagram-media\" data-instgrm-captioned data-instgrm-version=\"6\" style=\"width:99.375%; width:-webkit-calc(100% - 2px); width:calc(100% - 2px);\">\n<p>Ein von Jamie Lee Curtis (@jamieleecurtis) geteilter Beitrag<\/p>\n<p>Ein Foto gepostet von am <\/p>\n<\/blockquote>\n<\/div>\n<h2 id=\"shop-the-jamie-lee-curtis-kitchen-edit-3\">Kaufen Sie die K\u00fcchenauswahl von Jamie Lee Curtis<\/h2>\n<div class=\"product-container hero-product-container product-block-no-wrap\">\n<div class=\"product-block-row\"><\/div>\n<div class=\"product-block-row\"><\/div>\n<div class=\"product-block-row\"><\/div>\n<\/div>\n<p id=\"199e530e-76d2-4ecb-aa37-b30e94f91b84\">Tom Howley ist einer der vielen Designer, die sich f\u00fcr wei\u00dfe K\u00fcchen einsetzen. Er weist darauf hin, dass die Farbe zwar schon immer beliebt war, in den letzten Jahren jedoch einen besonderen Aufschwung erlebt hat. Denn in unseren K\u00fcchen finden mittlerweile mehr als nur Mahlzeiten statt.<\/p>\n<div id=\"ad-unit-2\" class=\"ad-unit\"><\/div>\n<p>\u201eWir haben in den letzten Jahren einen gro\u00dfen Wandel in der Art und Weise erlebt, wie unsere H\u00e4user aussehen, sich anf\u00fchlen und funktionieren sollen. \u201eDas ist unvermeidlich, weil wir so viel Zeit in ihnen verbracht haben, nachdem wir von der Hektik des Pendelns ins B\u00fcro zu einem Work-from-Home-Lebensstil \u00fcbergegangen sind\u201c, beginnt Howley.<\/p>\n<p>Er f\u00fcgt hinzu: \u201eDa wir w\u00e4hrend der Ferienzeit und dar\u00fcber hinaus mehr Zeit drinnen verbringen, m\u00fcssen wir unsere H\u00e4user viel ger\u00e4umiger, heller und heller wirken lassen.\u201c Wei\u00dfe K\u00fcchen leisten dies perfekt, indem sie jedem Raum eine belebende, transformierende \u00c4sthetik verleihen und die Kunst der Illusion beherrschen, sodass kleinere R\u00e4ume gr\u00f6\u00dfer wirken.\u201c<\/p>\n<p>F\u00fcr ihre K\u00fcche w\u00e4hlte Jamie Lee Curtis eine cremefarbene K\u00fcchenschrankfarbe, die perfekt zu ihrer Marmorinsel und ihren Arbeitsplatten passt. Das Streichen Ihrer Schr\u00e4nke ist vielleicht der einfachste Weg, Curtis\u2018 Aussehen zu erhalten. Allerdings kann die Investition in wei\u00dfe K\u00fcchenarbeitsplatten, wie Mor erkl\u00e4rt, eine tiefgreifende Aussage machen.<\/p>\n<div id=\"slice-container-newsletterForm-articleInbodyContent-YGhggoTpt9Zmh8K2SsBwfK\" class=\"slice-container newsletter-inbodyContent-slice newsletterForm-articleInbodyContent-YGhggoTpt9Zmh8K2SsBwfK slice-container-newsletterForm\"><\/div>\n<p>\u201eObwohl die K\u00fcchenarbeitsplatte oft eines der letzten Elemente ist, die installiert werden, bedeutet das nicht, dass sie ganz unten auf Ihrer Priorit\u00e4tenliste f\u00fcr das K\u00fcchendesign stehen sollte\u201c, sagt er.<\/p>\n<p>\u201eDie Arbeitsplatte ist Teil der Grundlage eines K\u00fcchendesigns, da sie einer der optisch hervorstechendsten Bereiche ist und oft t\u00e4glich stark beansprucht wird. Deshalb sollte sie zuerst in Betracht gezogen und nicht beeintr\u00e4chtigt werden.\u201c \u201eEine sp\u00e4tere Neulackierung Ihrer M\u00f6bel ist eine Option, aber es ist wichtig, die Oberfl\u00e4che Ihrer Arbeitsplatte im Hinblick auf Langlebigkeit auszuw\u00e4hlen.\u201c<\/p>\n<div class=\"min-h-(270px) mb-4 viafoura-twig-component\" id=\"viafoura-engagement-starter-wrapper\" data-component-name=\"Elk:Embed:EngagementStarter\">\n<div class=\"viafoura\">\n<div>\n<vf-conversation-starter target=\"viafoura-comments\" minimum-comment-count=\"1\"><br \/>\n<\/vf-conversation-starter>\n<\/div>\n<\/div>\n<\/div>\n<hr id=\"82d69035-62b7-49f8-b1e8-895ff294da4c\">\n<\/div>\n<p><script async src=\"\/\/www.instagram.com\/embed.js\"><\/script><\/p>\n","protected":false},"excerpt":{"rendered":"<p>Die vereinende Kraft wei\u00dfer Schr\u00e4nke ist ein seltener Punkt, \u00fcber den sich Designer einig sind. Dieser Farbton wird oft als \u201eewig\u201c bezeichnet, weil er vielseitig<\/p>\n","protected":false},"author":1,"featured_media":8600,"comment_status":"closed","ping_status":"","sticky":false,"template":"","format":"standard","meta":{"footnotes":""},"categories":[118],"tags":[3974,7643,81,216,9,166,210,7642,1039,781,3453,4479,3369,341,3538,182,197,10940,21,2930,2232],"class_list":["post-8599","post","type-post","status-publish","format-standard","has-post-thumbnail","hentry","category-haus-garten","tag-aufwerten","tag-curtis","tag-der","tag-designer","tag-die","tag-einen","tag-farbton","tag-jamie","tag-jeden","tag-kann","tag-kuechenschraenke","tag-lee","tag-meinung","tag-nach","tag-praesentieren","tag-raum","tag-sofort","tag-traumhaften","tag-von","tag-weissen","tag-zeitlosen","generate-columns","tablet-grid-50","mobile-grid-100","grid-parent","grid-50"],"yoast_head":"<!-- This site is optimized with the Yoast SEO plugin v27.3 - https:\/\/yoast.com\/product\/yoast-seo-wordpress\/ -->\n<title>Die wei\u00dfen K\u00fcchenschr\u00e4nke von Jamie Lee Curtis pr\u00e4sentieren einen zeitlosen, traumhaften Farbton, der nach Meinung der Designer jeden Raum sofort aufwerten kann - Nachrichten - Stra\u00dfenweb<\/title>\n<meta name=\"robots\" content=\"index, follow, max-snippet:-1, max-image-preview:large, max-video-preview:-1\" \/>\n<link rel=\"canonical\" href=\"https:\/\/www.strassenweb.de\/nachrichten\/die-weissen-kuechenschraenke-von-jamie-lee-curtis-praesentieren-einen-zeitlosen-traumhaften-farbton-der-nach-meinung-der-designer-jeden-raum-sofort-aufwerten-kann\/\" \/>\n<meta property=\"og:locale\" content=\"de_DE\" \/>\n<meta property=\"og:type\" content=\"article\" \/>\n<meta property=\"og:title\" content=\"Die wei\u00dfen K\u00fcchenschr\u00e4nke von Jamie Lee Curtis pr\u00e4sentieren einen zeitlosen, traumhaften Farbton, der nach Meinung der Designer jeden Raum sofort aufwerten kann - Nachrichten - Stra\u00dfenweb\" \/>\n<meta property=\"og:description\" content=\"Die vereinende Kraft wei\u00dfer Schr\u00e4nke ist ein seltener Punkt, \u00fcber den sich Designer einig sind. Dieser Farbton wird oft als \u201eewig\u201c bezeichnet, weil er vielseitig\" \/>\n<meta property=\"og:url\" content=\"https:\/\/www.strassenweb.de\/nachrichten\/die-weissen-kuechenschraenke-von-jamie-lee-curtis-praesentieren-einen-zeitlosen-traumhaften-farbton-der-nach-meinung-der-designer-jeden-raum-sofort-aufwerten-kann\/\" \/>\n<meta property=\"og:site_name\" content=\"Stra\u00dfenweb\" \/>\n<meta property=\"article:publisher\" content=\"https:\/\/www.facebook.com\/strassenweb\/\" \/>\n<meta property=\"article:published_time\" content=\"2025-10-19T14:39:59+00:00\" \/>\n<meta property=\"og:image\" content=\"https:\/\/www.strassenweb.de\/nachrichten\/wp-content\/uploads\/2025\/10\/Die-weissen-Kuechenschraenke-von-Jamie-Lee-Curtis-praesentieren-einen-zeitlosen.jpg\" \/>\n\t<meta property=\"og:image:width\" content=\"1600\" \/>\n\t<meta property=\"og:image:height\" content=\"900\" \/>\n\t<meta property=\"og:image:type\" content=\"image\/jpeg\" \/>\n<meta name=\"author\" content=\"Robert Hoffmann\" \/>\n<meta name=\"twitter:card\" content=\"summary_large_image\" \/>\n<meta name=\"twitter:label1\" content=\"Verfasst von\" \/>\n\t<meta name=\"twitter:data1\" content=\"Robert Hoffmann\" \/>\n\t<meta name=\"twitter:label2\" content=\"Gesch\u00e4tzte Lesezeit\" \/>\n\t<meta name=\"twitter:data2\" content=\"2\u00a0Minuten\" \/>\n<script type=\"application\/ld+json\" class=\"yoast-schema-graph\">{\"@context\":\"https:\\\/\\\/schema.org\",\"@graph\":[{\"@type\":\"Article\",\"@id\":\"https:\\\/\\\/www.strassenweb.de\\\/nachrichten\\\/die-weissen-kuechenschraenke-von-jamie-lee-curtis-praesentieren-einen-zeitlosen-traumhaften-farbton-der-nach-meinung-der-designer-jeden-raum-sofort-aufwerten-kann\\\/#article\",\"isPartOf\":{\"@id\":\"https:\\\/\\\/www.strassenweb.de\\\/nachrichten\\\/die-weissen-kuechenschraenke-von-jamie-lee-curtis-praesentieren-einen-zeitlosen-traumhaften-farbton-der-nach-meinung-der-designer-jeden-raum-sofort-aufwerten-kann\\\/\"},\"author\":{\"name\":\"Robert Hoffmann\",\"@id\":\"https:\\\/\\\/www.strassenweb.de\\\/nachrichten\\\/#\\\/schema\\\/person\\\/87c9c9067f1211da429a744dc5a5aa41\"},\"headline\":\"Die wei\u00dfen K\u00fcchenschr\u00e4nke von Jamie Lee Curtis pr\u00e4sentieren einen zeitlosen, traumhaften Farbton, der nach Meinung der Designer jeden Raum sofort aufwerten kann\",\"datePublished\":\"2025-10-19T14:39:59+00:00\",\"mainEntityOfPage\":{\"@id\":\"https:\\\/\\\/www.strassenweb.de\\\/nachrichten\\\/die-weissen-kuechenschraenke-von-jamie-lee-curtis-praesentieren-einen-zeitlosen-traumhaften-farbton-der-nach-meinung-der-designer-jeden-raum-sofort-aufwerten-kann\\\/\"},\"wordCount\":524,\"publisher\":{\"@id\":\"https:\\\/\\\/www.strassenweb.de\\\/nachrichten\\\/#organization\"},\"image\":{\"@id\":\"https:\\\/\\\/www.strassenweb.de\\\/nachrichten\\\/die-weissen-kuechenschraenke-von-jamie-lee-curtis-praesentieren-einen-zeitlosen-traumhaften-farbton-der-nach-meinung-der-designer-jeden-raum-sofort-aufwerten-kann\\\/#primaryimage\"},\"thumbnailUrl\":\"https:\\\/\\\/www.strassenweb.de\\\/nachrichten\\\/wp-content\\\/uploads\\\/2025\\\/10\\\/Die-weissen-Kuechenschraenke-von-Jamie-Lee-Curtis-praesentieren-einen-zeitlosen.jpg\",\"keywords\":[\"aufwerten\",\"Curtis\",\"der\",\"Designer\",\"die\",\"einen\",\"Farbton\",\"Jamie\",\"jeden\",\"kann\",\"K\u00fcchenschr\u00e4nke\",\"Lee\",\"Meinung\",\"Nach\",\"pr\u00e4sentieren\",\"Raum\",\"sofort\",\"traumhaften\",\"von\",\"wei\u00dfen\",\"zeitlosen\"],\"articleSection\":[\"Haus &amp; Garten\"],\"inLanguage\":\"de\"},{\"@type\":\"WebPage\",\"@id\":\"https:\\\/\\\/www.strassenweb.de\\\/nachrichten\\\/die-weissen-kuechenschraenke-von-jamie-lee-curtis-praesentieren-einen-zeitlosen-traumhaften-farbton-der-nach-meinung-der-designer-jeden-raum-sofort-aufwerten-kann\\\/\",\"url\":\"https:\\\/\\\/www.strassenweb.de\\\/nachrichten\\\/die-weissen-kuechenschraenke-von-jamie-lee-curtis-praesentieren-einen-zeitlosen-traumhaften-farbton-der-nach-meinung-der-designer-jeden-raum-sofort-aufwerten-kann\\\/\",\"name\":\"Die wei\u00dfen K\u00fcchenschr\u00e4nke von Jamie Lee Curtis pr\u00e4sentieren einen zeitlosen, traumhaften Farbton, der nach Meinung der Designer jeden Raum sofort aufwerten kann - Nachrichten - Stra\u00dfenweb\",\"isPartOf\":{\"@id\":\"https:\\\/\\\/www.strassenweb.de\\\/nachrichten\\\/#website\"},\"primaryImageOfPage\":{\"@id\":\"https:\\\/\\\/www.strassenweb.de\\\/nachrichten\\\/die-weissen-kuechenschraenke-von-jamie-lee-curtis-praesentieren-einen-zeitlosen-traumhaften-farbton-der-nach-meinung-der-designer-jeden-raum-sofort-aufwerten-kann\\\/#primaryimage\"},\"image\":{\"@id\":\"https:\\\/\\\/www.strassenweb.de\\\/nachrichten\\\/die-weissen-kuechenschraenke-von-jamie-lee-curtis-praesentieren-einen-zeitlosen-traumhaften-farbton-der-nach-meinung-der-designer-jeden-raum-sofort-aufwerten-kann\\\/#primaryimage\"},\"thumbnailUrl\":\"https:\\\/\\\/www.strassenweb.de\\\/nachrichten\\\/wp-content\\\/uploads\\\/2025\\\/10\\\/Die-weissen-Kuechenschraenke-von-Jamie-Lee-Curtis-praesentieren-einen-zeitlosen.jpg\",\"datePublished\":\"2025-10-19T14:39:59+00:00\",\"breadcrumb\":{\"@id\":\"https:\\\/\\\/www.strassenweb.de\\\/nachrichten\\\/die-weissen-kuechenschraenke-von-jamie-lee-curtis-praesentieren-einen-zeitlosen-traumhaften-farbton-der-nach-meinung-der-designer-jeden-raum-sofort-aufwerten-kann\\\/#breadcrumb\"},\"inLanguage\":\"de\",\"potentialAction\":[{\"@type\":\"ReadAction\",\"target\":[\"https:\\\/\\\/www.strassenweb.de\\\/nachrichten\\\/die-weissen-kuechenschraenke-von-jamie-lee-curtis-praesentieren-einen-zeitlosen-traumhaften-farbton-der-nach-meinung-der-designer-jeden-raum-sofort-aufwerten-kann\\\/\"]}]},{\"@type\":\"ImageObject\",\"inLanguage\":\"de\",\"@id\":\"https:\\\/\\\/www.strassenweb.de\\\/nachrichten\\\/die-weissen-kuechenschraenke-von-jamie-lee-curtis-praesentieren-einen-zeitlosen-traumhaften-farbton-der-nach-meinung-der-designer-jeden-raum-sofort-aufwerten-kann\\\/#primaryimage\",\"url\":\"https:\\\/\\\/www.strassenweb.de\\\/nachrichten\\\/wp-content\\\/uploads\\\/2025\\\/10\\\/Die-weissen-Kuechenschraenke-von-Jamie-Lee-Curtis-praesentieren-einen-zeitlosen.jpg\",\"contentUrl\":\"https:\\\/\\\/www.strassenweb.de\\\/nachrichten\\\/wp-content\\\/uploads\\\/2025\\\/10\\\/Die-weissen-Kuechenschraenke-von-Jamie-Lee-Curtis-praesentieren-einen-zeitlosen.jpg\",\"width\":1600,\"height\":900,\"caption\":\"Jamie Lee Curtis\"},{\"@type\":\"BreadcrumbList\",\"@id\":\"https:\\\/\\\/www.strassenweb.de\\\/nachrichten\\\/die-weissen-kuechenschraenke-von-jamie-lee-curtis-praesentieren-einen-zeitlosen-traumhaften-farbton-der-nach-meinung-der-designer-jeden-raum-sofort-aufwerten-kann\\\/#breadcrumb\",\"itemListElement\":[{\"@type\":\"ListItem\",\"position\":1,\"name\":\"Home\",\"item\":\"https:\\\/\\\/www.strassenweb.de\\\/nachrichten\\\/\"},{\"@type\":\"ListItem\",\"position\":2,\"name\":\"Die wei\u00dfen K\u00fcchenschr\u00e4nke von Jamie Lee Curtis pr\u00e4sentieren einen zeitlosen, traumhaften Farbton, der nach Meinung der Designer jeden Raum sofort aufwerten kann\"}]},{\"@type\":\"WebSite\",\"@id\":\"https:\\\/\\\/www.strassenweb.de\\\/nachrichten\\\/#website\",\"url\":\"https:\\\/\\\/www.strassenweb.de\\\/nachrichten\\\/\",\"name\":\"Stra\u00dfenweb\",\"description\":\"Stra\u00dfenverzeichnis f\u00fcr Deutschland\",\"publisher\":{\"@id\":\"https:\\\/\\\/www.strassenweb.de\\\/nachrichten\\\/#organization\"},\"potentialAction\":[{\"@type\":\"SearchAction\",\"target\":{\"@type\":\"EntryPoint\",\"urlTemplate\":\"https:\\\/\\\/www.strassenweb.de\\\/nachrichten\\\/?s={search_term_string}\"},\"query-input\":{\"@type\":\"PropertyValueSpecification\",\"valueRequired\":true,\"valueName\":\"search_term_string\"}}],\"inLanguage\":\"de\"},{\"@type\":\"Organization\",\"@id\":\"https:\\\/\\\/www.strassenweb.de\\\/nachrichten\\\/#organization\",\"name\":\"Stra\u00dfenweb\",\"url\":\"https:\\\/\\\/www.strassenweb.de\\\/nachrichten\\\/\",\"logo\":{\"@type\":\"ImageObject\",\"inLanguage\":\"de\",\"@id\":\"https:\\\/\\\/www.strassenweb.de\\\/nachrichten\\\/#\\\/schema\\\/logo\\\/image\\\/\",\"url\":\"https:\\\/\\\/www.strassenweb.de\\\/nachrichten\\\/wp-content\\\/uploads\\\/2024\\\/09\\\/cropped-favicon.png\",\"contentUrl\":\"https:\\\/\\\/www.strassenweb.de\\\/nachrichten\\\/wp-content\\\/uploads\\\/2024\\\/09\\\/cropped-favicon.png\",\"width\":512,\"height\":512,\"caption\":\"Stra\u00dfenweb\"},\"image\":{\"@id\":\"https:\\\/\\\/www.strassenweb.de\\\/nachrichten\\\/#\\\/schema\\\/logo\\\/image\\\/\"},\"sameAs\":[\"https:\\\/\\\/www.facebook.com\\\/strassenweb\\\/\"]},{\"@type\":\"Person\",\"@id\":\"https:\\\/\\\/www.strassenweb.de\\\/nachrichten\\\/#\\\/schema\\\/person\\\/87c9c9067f1211da429a744dc5a5aa41\",\"name\":\"Robert Hoffmann\",\"image\":{\"@type\":\"ImageObject\",\"inLanguage\":\"de\",\"@id\":\"https:\\\/\\\/www.strassenweb.de\\\/nachrichten\\\/wp-content\\\/uploads\\\/2024\\\/09\\\/strassenweb-150x150.jpg\",\"url\":\"https:\\\/\\\/www.strassenweb.de\\\/nachrichten\\\/wp-content\\\/uploads\\\/2024\\\/09\\\/strassenweb-150x150.jpg\",\"contentUrl\":\"https:\\\/\\\/www.strassenweb.de\\\/nachrichten\\\/wp-content\\\/uploads\\\/2024\\\/09\\\/strassenweb-150x150.jpg\",\"caption\":\"Robert Hoffmann\"},\"description\":\"Ich hei\u00dfe Robert Hoffmann und ich bin ein leidenschaftlicher Verfechter von \u00d6kologie und Biodiversit\u00e4t. Seit meiner Kindheit in den W\u00e4ldern Bayerns f\u00fchle ich mich mit der Natur verbunden und bin entschlossen, sie zu sch\u00fctzen. Heute widme ich mein Leben der Sensibilisierung anderer f\u00fcr die Bedeutung des Umweltschutzes f\u00fcr zuk\u00fcnftige Generationen.\",\"sameAs\":[\"https:\\\/\\\/www.strassenweb.de\\\/\"]}]}<\/script>\n<!-- \/ Yoast SEO plugin. -->","yoast_head_json":{"title":"Die wei\u00dfen K\u00fcchenschr\u00e4nke von Jamie Lee Curtis pr\u00e4sentieren einen zeitlosen, traumhaften Farbton, der nach Meinung der Designer jeden Raum sofort aufwerten kann - Nachrichten - Stra\u00dfenweb","robots":{"index":"index","follow":"follow","max-snippet":"max-snippet:-1","max-image-preview":"max-image-preview:large","max-video-preview":"max-video-preview:-1"},"canonical":"https:\/\/www.strassenweb.de\/nachrichten\/die-weissen-kuechenschraenke-von-jamie-lee-curtis-praesentieren-einen-zeitlosen-traumhaften-farbton-der-nach-meinung-der-designer-jeden-raum-sofort-aufwerten-kann\/","og_locale":"de_DE","og_type":"article","og_title":"Die wei\u00dfen K\u00fcchenschr\u00e4nke von Jamie Lee Curtis pr\u00e4sentieren einen zeitlosen, traumhaften Farbton, der nach Meinung der Designer jeden Raum sofort aufwerten kann - Nachrichten - Stra\u00dfenweb","og_description":"Die vereinende Kraft wei\u00dfer Schr\u00e4nke ist ein seltener Punkt, \u00fcber den sich Designer einig sind. Dieser Farbton wird oft als \u201eewig\u201c bezeichnet, weil er vielseitig","og_url":"https:\/\/www.strassenweb.de\/nachrichten\/die-weissen-kuechenschraenke-von-jamie-lee-curtis-praesentieren-einen-zeitlosen-traumhaften-farbton-der-nach-meinung-der-designer-jeden-raum-sofort-aufwerten-kann\/","og_site_name":"Stra\u00dfenweb","article_publisher":"https:\/\/www.facebook.com\/strassenweb\/","article_published_time":"2025-10-19T14:39:59+00:00","og_image":[{"width":1600,"height":900,"url":"https:\/\/www.strassenweb.de\/nachrichten\/wp-content\/uploads\/2025\/10\/Die-weissen-Kuechenschraenke-von-Jamie-Lee-Curtis-praesentieren-einen-zeitlosen.jpg","type":"image\/jpeg"}],"author":"Robert Hoffmann","twitter_card":"summary_large_image","twitter_misc":{"Verfasst von":"Robert Hoffmann","Gesch\u00e4tzte Lesezeit":"2\u00a0Minuten"},"schema":{"@context":"https:\/\/schema.org","@graph":[{"@type":"Article","@id":"https:\/\/www.strassenweb.de\/nachrichten\/die-weissen-kuechenschraenke-von-jamie-lee-curtis-praesentieren-einen-zeitlosen-traumhaften-farbton-der-nach-meinung-der-designer-jeden-raum-sofort-aufwerten-kann\/#article","isPartOf":{"@id":"https:\/\/www.strassenweb.de\/nachrichten\/die-weissen-kuechenschraenke-von-jamie-lee-curtis-praesentieren-einen-zeitlosen-traumhaften-farbton-der-nach-meinung-der-designer-jeden-raum-sofort-aufwerten-kann\/"},"author":{"name":"Robert Hoffmann","@id":"https:\/\/www.strassenweb.de\/nachrichten\/#\/schema\/person\/87c9c9067f1211da429a744dc5a5aa41"},"headline":"Die wei\u00dfen K\u00fcchenschr\u00e4nke von Jamie Lee Curtis pr\u00e4sentieren einen zeitlosen, traumhaften Farbton, der nach Meinung der Designer jeden Raum sofort aufwerten kann","datePublished":"2025-10-19T14:39:59+00:00","mainEntityOfPage":{"@id":"https:\/\/www.strassenweb.de\/nachrichten\/die-weissen-kuechenschraenke-von-jamie-lee-curtis-praesentieren-einen-zeitlosen-traumhaften-farbton-der-nach-meinung-der-designer-jeden-raum-sofort-aufwerten-kann\/"},"wordCount":524,"publisher":{"@id":"https:\/\/www.strassenweb.de\/nachrichten\/#organization"},"image":{"@id":"https:\/\/www.strassenweb.de\/nachrichten\/die-weissen-kuechenschraenke-von-jamie-lee-curtis-praesentieren-einen-zeitlosen-traumhaften-farbton-der-nach-meinung-der-designer-jeden-raum-sofort-aufwerten-kann\/#primaryimage"},"thumbnailUrl":"https:\/\/www.strassenweb.de\/nachrichten\/wp-content\/uploads\/2025\/10\/Die-weissen-Kuechenschraenke-von-Jamie-Lee-Curtis-praesentieren-einen-zeitlosen.jpg","keywords":["aufwerten","Curtis","der","Designer","die","einen","Farbton","Jamie","jeden","kann","K\u00fcchenschr\u00e4nke","Lee","Meinung","Nach","pr\u00e4sentieren","Raum","sofort","traumhaften","von","wei\u00dfen","zeitlosen"],"articleSection":["Haus &amp; Garten"],"inLanguage":"de"},{"@type":"WebPage","@id":"https:\/\/www.strassenweb.de\/nachrichten\/die-weissen-kuechenschraenke-von-jamie-lee-curtis-praesentieren-einen-zeitlosen-traumhaften-farbton-der-nach-meinung-der-designer-jeden-raum-sofort-aufwerten-kann\/","url":"https:\/\/www.strassenweb.de\/nachrichten\/die-weissen-kuechenschraenke-von-jamie-lee-curtis-praesentieren-einen-zeitlosen-traumhaften-farbton-der-nach-meinung-der-designer-jeden-raum-sofort-aufwerten-kann\/","name":"Die wei\u00dfen K\u00fcchenschr\u00e4nke von Jamie Lee Curtis pr\u00e4sentieren einen zeitlosen, traumhaften Farbton, der nach Meinung der Designer jeden Raum sofort aufwerten kann - Nachrichten - Stra\u00dfenweb","isPartOf":{"@id":"https:\/\/www.strassenweb.de\/nachrichten\/#website"},"primaryImageOfPage":{"@id":"https:\/\/www.strassenweb.de\/nachrichten\/die-weissen-kuechenschraenke-von-jamie-lee-curtis-praesentieren-einen-zeitlosen-traumhaften-farbton-der-nach-meinung-der-designer-jeden-raum-sofort-aufwerten-kann\/#primaryimage"},"image":{"@id":"https:\/\/www.strassenweb.de\/nachrichten\/die-weissen-kuechenschraenke-von-jamie-lee-curtis-praesentieren-einen-zeitlosen-traumhaften-farbton-der-nach-meinung-der-designer-jeden-raum-sofort-aufwerten-kann\/#primaryimage"},"thumbnailUrl":"https:\/\/www.strassenweb.de\/nachrichten\/wp-content\/uploads\/2025\/10\/Die-weissen-Kuechenschraenke-von-Jamie-Lee-Curtis-praesentieren-einen-zeitlosen.jpg","datePublished":"2025-10-19T14:39:59+00:00","breadcrumb":{"@id":"https:\/\/www.strassenweb.de\/nachrichten\/die-weissen-kuechenschraenke-von-jamie-lee-curtis-praesentieren-einen-zeitlosen-traumhaften-farbton-der-nach-meinung-der-designer-jeden-raum-sofort-aufwerten-kann\/#breadcrumb"},"inLanguage":"de","potentialAction":[{"@type":"ReadAction","target":["https:\/\/www.strassenweb.de\/nachrichten\/die-weissen-kuechenschraenke-von-jamie-lee-curtis-praesentieren-einen-zeitlosen-traumhaften-farbton-der-nach-meinung-der-designer-jeden-raum-sofort-aufwerten-kann\/"]}]},{"@type":"ImageObject","inLanguage":"de","@id":"https:\/\/www.strassenweb.de\/nachrichten\/die-weissen-kuechenschraenke-von-jamie-lee-curtis-praesentieren-einen-zeitlosen-traumhaften-farbton-der-nach-meinung-der-designer-jeden-raum-sofort-aufwerten-kann\/#primaryimage","url":"https:\/\/www.strassenweb.de\/nachrichten\/wp-content\/uploads\/2025\/10\/Die-weissen-Kuechenschraenke-von-Jamie-Lee-Curtis-praesentieren-einen-zeitlosen.jpg","contentUrl":"https:\/\/www.strassenweb.de\/nachrichten\/wp-content\/uploads\/2025\/10\/Die-weissen-Kuechenschraenke-von-Jamie-Lee-Curtis-praesentieren-einen-zeitlosen.jpg","width":1600,"height":900,"caption":"Jamie Lee Curtis"},{"@type":"BreadcrumbList","@id":"https:\/\/www.strassenweb.de\/nachrichten\/die-weissen-kuechenschraenke-von-jamie-lee-curtis-praesentieren-einen-zeitlosen-traumhaften-farbton-der-nach-meinung-der-designer-jeden-raum-sofort-aufwerten-kann\/#breadcrumb","itemListElement":[{"@type":"ListItem","position":1,"name":"Home","item":"https:\/\/www.strassenweb.de\/nachrichten\/"},{"@type":"ListItem","position":2,"name":"Die wei\u00dfen K\u00fcchenschr\u00e4nke von Jamie Lee Curtis pr\u00e4sentieren einen zeitlosen, traumhaften Farbton, der nach Meinung der Designer jeden Raum sofort aufwerten kann"}]},{"@type":"WebSite","@id":"https:\/\/www.strassenweb.de\/nachrichten\/#website","url":"https:\/\/www.strassenweb.de\/nachrichten\/","name":"Stra\u00dfenweb","description":"Stra\u00dfenverzeichnis f\u00fcr Deutschland","publisher":{"@id":"https:\/\/www.strassenweb.de\/nachrichten\/#organization"},"potentialAction":[{"@type":"SearchAction","target":{"@type":"EntryPoint","urlTemplate":"https:\/\/www.strassenweb.de\/nachrichten\/?s={search_term_string}"},"query-input":{"@type":"PropertyValueSpecification","valueRequired":true,"valueName":"search_term_string"}}],"inLanguage":"de"},{"@type":"Organization","@id":"https:\/\/www.strassenweb.de\/nachrichten\/#organization","name":"Stra\u00dfenweb","url":"https:\/\/www.strassenweb.de\/nachrichten\/","logo":{"@type":"ImageObject","inLanguage":"de","@id":"https:\/\/www.strassenweb.de\/nachrichten\/#\/schema\/logo\/image\/","url":"https:\/\/www.strassenweb.de\/nachrichten\/wp-content\/uploads\/2024\/09\/cropped-favicon.png","contentUrl":"https:\/\/www.strassenweb.de\/nachrichten\/wp-content\/uploads\/2024\/09\/cropped-favicon.png","width":512,"height":512,"caption":"Stra\u00dfenweb"},"image":{"@id":"https:\/\/www.strassenweb.de\/nachrichten\/#\/schema\/logo\/image\/"},"sameAs":["https:\/\/www.facebook.com\/strassenweb\/"]},{"@type":"Person","@id":"https:\/\/www.strassenweb.de\/nachrichten\/#\/schema\/person\/87c9c9067f1211da429a744dc5a5aa41","name":"Robert Hoffmann","image":{"@type":"ImageObject","inLanguage":"de","@id":"https:\/\/www.strassenweb.de\/nachrichten\/wp-content\/uploads\/2024\/09\/strassenweb-150x150.jpg","url":"https:\/\/www.strassenweb.de\/nachrichten\/wp-content\/uploads\/2024\/09\/strassenweb-150x150.jpg","contentUrl":"https:\/\/www.strassenweb.de\/nachrichten\/wp-content\/uploads\/2024\/09\/strassenweb-150x150.jpg","caption":"Robert Hoffmann"},"description":"Ich hei\u00dfe Robert Hoffmann und ich bin ein leidenschaftlicher Verfechter von \u00d6kologie und Biodiversit\u00e4t. Seit meiner Kindheit in den W\u00e4ldern Bayerns f\u00fchle ich mich mit der Natur verbunden und bin entschlossen, sie zu sch\u00fctzen. Heute widme ich mein Leben der Sensibilisierung anderer f\u00fcr die Bedeutung des Umweltschutzes f\u00fcr zuk\u00fcnftige Generationen.","sameAs":["https:\/\/www.strassenweb.de\/"]}]}},"_links":{"self":[{"href":"https:\/\/www.strassenweb.de\/nachrichten\/wp-json\/wp\/v2\/posts\/8599","targetHints":{"allow":["GET"]}}],"collection":[{"href":"https:\/\/www.strassenweb.de\/nachrichten\/wp-json\/wp\/v2\/posts"}],"about":[{"href":"https:\/\/www.strassenweb.de\/nachrichten\/wp-json\/wp\/v2\/types\/post"}],"author":[{"embeddable":true,"href":"https:\/\/www.strassenweb.de\/nachrichten\/wp-json\/wp\/v2\/users\/1"}],"replies":[{"embeddable":true,"href":"https:\/\/www.strassenweb.de\/nachrichten\/wp-json\/wp\/v2\/comments?post=8599"}],"version-history":[{"count":0,"href":"https:\/\/www.strassenweb.de\/nachrichten\/wp-json\/wp\/v2\/posts\/8599\/revisions"}],"wp:featuredmedia":[{"embeddable":true,"href":"https:\/\/www.strassenweb.de\/nachrichten\/wp-json\/wp\/v2\/media\/8600"}],"wp:attachment":[{"href":"https:\/\/www.strassenweb.de\/nachrichten\/wp-json\/wp\/v2\/media?parent=8599"}],"wp:term":[{"taxonomy":"category","embeddable":true,"href":"https:\/\/www.strassenweb.de\/nachrichten\/wp-json\/wp\/v2\/categories?post=8599"},{"taxonomy":"post_tag","embeddable":true,"href":"https:\/\/www.strassenweb.de\/nachrichten\/wp-json\/wp\/v2\/tags?post=8599"}],"curies":[{"name":"wp","href":"https:\/\/api.w.org\/{rel}","templated":true}]}}