{"id":8590,"date":"2025-10-19T07:41:23","date_gmt":"2025-10-19T05:41:23","guid":{"rendered":"https:\/\/www.strassenweb.de\/nachrichten\/troye-sivan-kanalisiert-erinnerungen-stimmung-und-maennliche-gemuetlichkeit-in-seiner-neuen-kerze-dem-ultimativen-herbstduft-fuer-sich-selbst-zuflucht-und-stil\/"},"modified":"2025-10-19T07:41:24","modified_gmt":"2025-10-19T05:41:24","slug":"troye-sivan-kanalisiert-erinnerungen-stimmung-und-maennliche-gemuetlichkeit-in-seiner-neuen-kerze-dem-ultimativen-herbstduft-fuer-sich-selbst-zuflucht-und-stil","status":"publish","type":"post","link":"https:\/\/www.strassenweb.de\/nachrichten\/troye-sivan-kanalisiert-erinnerungen-stimmung-und-maennliche-gemuetlichkeit-in-seiner-neuen-kerze-dem-ultimativen-herbstduft-fuer-sich-selbst-zuflucht-und-stil\/","title":{"rendered":"Troye Sivan kanalisiert Erinnerungen, Stimmung und m\u00e4nnliche Gem\u00fctlichkeit in seiner neuen Kerze \u2013 dem ultimativen Herbstduft f\u00fcr sich selbst, Zuflucht und Stil"},"content":{"rendered":"<p><\/p>\n<div id=\"article-body\" class=\"article__body \">\n<p id=\"5483f6d3-5632-4b27-8e30-43e0434aae79\">Ein gut duftendes Zuhause zu betreten, kann sich wie Magie anf\u00fchlen. Es ist der Sinn, der am meisten mit Erinnerung und Emotionen verbunden ist und ein Zuhause sofort warm, einladend und gem\u00fctlich macht. Jetzt gibt uns Troye Sivan mit seiner bei SSENSE erh\u00e4ltlichen Sassafras-Kerze, derzeit unsere erste Wahl f\u00fcr die beste Herbstkerze, ein neues Werkzeug, um dies zu erreichen.<\/p>\n<div id=\"ad-unit-1\" class=\"ad-unit\"><\/div>\n<p>Die S\u00e4ngerin ist Kreativdirektorin der Lifestyle-Marke Tsu Lange Yor, was auf Jiddisch \u201eauf lange Jahre und auf gute Jahre\u201c bedeutet. Es handelt sich um eine australische Marke, die sich dem Selbst, dem Schutz und dem Erbe verschrieben hat und eine Reihe von Produkten f\u00fcr den K\u00f6rper und das Zuhause f\u00fchrt.<\/p>\n<aside data-block-type=\"embed\" data-render-type=\"fte\" data-skip=\"dealsy\" data-widget-type=\"seasonal\" class=\"hawk-root\"><\/aside>\n<p id=\"5483f6d3-5632-4b27-8e30-43e0434aae79-2\" class=\"paywall\" aria-hidden=\"true\">Die gem\u00fctliche Sassafras-Kerze wird durchweg als wunderbare M\u00f6glichkeit angesehen, Ihrem Zuhause einen angenehmen Duft zu verleihen. In der Produktbeschreibung werden Begriffe wie \u201esanftes Feiern\u201c, \u201eunbeschwerter Komfort\u201c und \u201eguter Schlaf\u201c verwendet, die auf einen sinnlichen Duft hinweisen, der Gef\u00fchle der Entspannung vermittelt.<\/p>\n<div class=\"van_vid_carousel\">\n<div class=\"van_vid_carousel__padding\">\n<div class=\"van_vid_carousel__container\"><\/div>\n<\/div>\n<\/div>\n<div class=\"product-container horizontal-product-container\">\n<div class=\"product-block-row\"><\/div>\n<\/div>\n<p id=\"4b780e7d-0b2c-4244-bc0b-039620674063\">Seine Notizen zeichnen eine ebenso verlockende Geschichte; Von Holzfeuer \u00fcber Rauch und Vanille bis hin zu Bourbon verk\u00f6rpert es eine einladende M\u00e4nnlichkeit, von der G\u00e4ste nicht genug bekommen k\u00f6nnen. Es besteht aus Sojawachs, das frei von Paraffin und Parabenen ist und f\u00fcr eine saubere, gesunde Verbrennung sorgt.<\/p>\n<div id=\"ad-unit-2\" class=\"ad-unit\"><\/div>\n<h3 class=\"article-body__section\" id=\"section-shop-the-best-fall-candles\"><span>Kaufen Sie die besten Herbstkerzen<\/span><\/h3>\n<p id=\"bb6d385b-8a84-4d82-9ef3-e73b39a1c5da\">Was auch immer Ihr Geschmack ist, die besten Kerzen sind eine gute Wahl, um Ihr Zuhause aufzuw\u00e4rmen. Hier sind die Top-Tipps unserer Redaktion f\u00fcr diesen Herbst, nat\u00fcrlich neben denen von Troye.<\/p>\n<div class=\"product-container hero-product-container product-block-no-wrap\">\n<div class=\"product-block-row\"><\/div>\n<div class=\"product-block-row\"><\/div>\n<div class=\"product-block-row\"><\/div>\n<\/div>\n<h3 class=\"article-body__section\" id=\"section-shop-the-candle-care-edit\"><span>Kaufen Sie The Candle Care Edit<\/span><\/h3>\n<p id=\"12d0edb4-d827-4dd6-a4fe-c494c420e1f7\">Wenn sie Ihr Zuhause so gut duften lassen, m\u00f6chten Sie, dass Ihre Kerzen l\u00e4nger halten. Diese luxuri\u00f6sen St\u00fccke sind perfekt, um sie frisch zu halten und gleichzeitig auf Ihren Arbeitsplatten sch\u00f6n auszusehen.<\/p>\n<div class=\"product-container hero-product-container product-block-no-wrap\">\n<div class=\"product-block-row\"><\/div>\n<div class=\"product-block-row\"><\/div>\n<div class=\"product-block-row\"><\/div>\n<\/div>\n<hr id=\"ea2057a8-2bae-4a69-8525-59ebd2647a71\">\n<p id=\"1057946c-45e2-452c-9d67-af5012f5785e\">Troye Sivan wei\u00df, wie man eine Atmosph\u00e4re schafft, und sein Kerzensortiment ist ein noch st\u00e4rkerer Beweis daf\u00fcr. Wenn es in Ihrem Zuhause so gem\u00fctlich riecht, m\u00f6chten Sie es nie mehr verlassen.<\/p>\n<div id=\"slice-container-newsletterForm-articleInbodyContent-3XSgRApPhW9rsJBcxAeqnE\" class=\"slice-container newsletter-inbodyContent-slice newsletterForm-articleInbodyContent-3XSgRApPhW9rsJBcxAeqnE slice-container-newsletterForm\"><\/div>\n<div class=\"min-h-(270px) mb-4 viafoura-twig-component\" id=\"viafoura-engagement-starter-wrapper\" data-component-name=\"Elk:Embed:EngagementStarter\">\n<div class=\"viafoura\">\n<div>\n<vf-conversation-starter target=\"viafoura-comments\" minimum-comment-count=\"1\"><br \/>\n<\/vf-conversation-starter>\n<\/div>\n<\/div>\n<\/div>\n<hr id=\"7e40c4cf-3dc0-4361-bae3-707592c333db\">\n<\/div>\n","protected":false},"excerpt":{"rendered":"<p>Ein gut duftendes Zuhause zu betreten, kann sich wie Magie anf\u00fchlen. Es ist der Sinn, der am meisten mit Erinnerung und Emotionen verbunden ist und<\/p>\n","protected":false},"author":1,"featured_media":8591,"comment_status":"closed","ping_status":"","sticky":false,"template":"","format":"standard","meta":{"footnotes":""},"categories":[118],"tags":[91,3763,55,4473,10930,10928,4202,10929,494,239,1697,142,10927,322,1392,10926,3149,37,10931],"class_list":["post-8590","post","type-post","status-publish","format-standard","has-post-thumbnail","hentry","category-haus-garten","tag-dem","tag-erinnerungen","tag-fuer","tag-gemuetlichkeit","tag-herbstduft","tag-kanalisiert","tag-kerze","tag-maennliche","tag-neuen","tag-seiner","tag-selbst","tag-sich","tag-sivan","tag-stil","tag-stimmung","tag-troye","tag-ultimativen","tag-und","tag-zuflucht","generate-columns","tablet-grid-50","mobile-grid-100","grid-parent","grid-50"],"yoast_head":"<!-- This site is optimized with the Yoast SEO plugin v27.3 - https:\/\/yoast.com\/product\/yoast-seo-wordpress\/ -->\n<title>Troye Sivan kanalisiert Erinnerungen, Stimmung und m\u00e4nnliche Gem\u00fctlichkeit in seiner neuen Kerze \u2013 dem ultimativen Herbstduft f\u00fcr sich selbst, Zuflucht und Stil - Nachrichten - Stra\u00dfenweb<\/title>\n<meta name=\"robots\" content=\"index, follow, max-snippet:-1, max-image-preview:large, max-video-preview:-1\" \/>\n<link rel=\"canonical\" href=\"https:\/\/www.strassenweb.de\/nachrichten\/troye-sivan-kanalisiert-erinnerungen-stimmung-und-maennliche-gemuetlichkeit-in-seiner-neuen-kerze-dem-ultimativen-herbstduft-fuer-sich-selbst-zuflucht-und-stil\/\" \/>\n<meta property=\"og:locale\" content=\"de_DE\" \/>\n<meta property=\"og:type\" content=\"article\" \/>\n<meta property=\"og:title\" content=\"Troye Sivan kanalisiert Erinnerungen, Stimmung und m\u00e4nnliche Gem\u00fctlichkeit in seiner neuen Kerze \u2013 dem ultimativen Herbstduft f\u00fcr sich selbst, Zuflucht und Stil - Nachrichten - Stra\u00dfenweb\" \/>\n<meta property=\"og:description\" content=\"Ein gut duftendes Zuhause zu betreten, kann sich wie Magie anf\u00fchlen. Es ist der Sinn, der am meisten mit Erinnerung und Emotionen verbunden ist und\" \/>\n<meta property=\"og:url\" content=\"https:\/\/www.strassenweb.de\/nachrichten\/troye-sivan-kanalisiert-erinnerungen-stimmung-und-maennliche-gemuetlichkeit-in-seiner-neuen-kerze-dem-ultimativen-herbstduft-fuer-sich-selbst-zuflucht-und-stil\/\" \/>\n<meta property=\"og:site_name\" content=\"Stra\u00dfenweb\" \/>\n<meta property=\"article:publisher\" content=\"https:\/\/www.facebook.com\/strassenweb\/\" \/>\n<meta property=\"article:published_time\" content=\"2025-10-19T05:41:23+00:00\" \/>\n<meta property=\"article:modified_time\" content=\"2025-10-19T05:41:24+00:00\" \/>\n<meta property=\"og:image\" content=\"https:\/\/www.strassenweb.de\/nachrichten\/wp-content\/uploads\/2025\/10\/Troye-Sivan-kanalisiert-Erinnerungen-Stimmung-und-maennliche-Gemuetlichkeit-in-seiner.jpg\" \/>\n\t<meta property=\"og:image:width\" content=\"1600\" \/>\n\t<meta property=\"og:image:height\" content=\"900\" \/>\n\t<meta property=\"og:image:type\" content=\"image\/jpeg\" \/>\n<meta name=\"author\" content=\"Robert Hoffmann\" \/>\n<meta name=\"twitter:card\" content=\"summary_large_image\" \/>\n<meta name=\"twitter:label1\" content=\"Verfasst von\" \/>\n\t<meta name=\"twitter:data1\" content=\"Robert Hoffmann\" \/>\n\t<meta name=\"twitter:label2\" content=\"Gesch\u00e4tzte Lesezeit\" \/>\n\t<meta name=\"twitter:data2\" content=\"2\u00a0Minuten\" \/>\n<script type=\"application\/ld+json\" class=\"yoast-schema-graph\">{\"@context\":\"https:\\\/\\\/schema.org\",\"@graph\":[{\"@type\":\"Article\",\"@id\":\"https:\\\/\\\/www.strassenweb.de\\\/nachrichten\\\/troye-sivan-kanalisiert-erinnerungen-stimmung-und-maennliche-gemuetlichkeit-in-seiner-neuen-kerze-dem-ultimativen-herbstduft-fuer-sich-selbst-zuflucht-und-stil\\\/#article\",\"isPartOf\":{\"@id\":\"https:\\\/\\\/www.strassenweb.de\\\/nachrichten\\\/troye-sivan-kanalisiert-erinnerungen-stimmung-und-maennliche-gemuetlichkeit-in-seiner-neuen-kerze-dem-ultimativen-herbstduft-fuer-sich-selbst-zuflucht-und-stil\\\/\"},\"author\":{\"name\":\"Robert Hoffmann\",\"@id\":\"https:\\\/\\\/www.strassenweb.de\\\/nachrichten\\\/#\\\/schema\\\/person\\\/87c9c9067f1211da429a744dc5a5aa41\"},\"headline\":\"Troye Sivan kanalisiert Erinnerungen, Stimmung und m\u00e4nnliche Gem\u00fctlichkeit in seiner neuen Kerze \u2013 dem ultimativen Herbstduft f\u00fcr sich selbst, Zuflucht und Stil\",\"datePublished\":\"2025-10-19T05:41:23+00:00\",\"dateModified\":\"2025-10-19T05:41:24+00:00\",\"mainEntityOfPage\":{\"@id\":\"https:\\\/\\\/www.strassenweb.de\\\/nachrichten\\\/troye-sivan-kanalisiert-erinnerungen-stimmung-und-maennliche-gemuetlichkeit-in-seiner-neuen-kerze-dem-ultimativen-herbstduft-fuer-sich-selbst-zuflucht-und-stil\\\/\"},\"wordCount\":355,\"publisher\":{\"@id\":\"https:\\\/\\\/www.strassenweb.de\\\/nachrichten\\\/#organization\"},\"image\":{\"@id\":\"https:\\\/\\\/www.strassenweb.de\\\/nachrichten\\\/troye-sivan-kanalisiert-erinnerungen-stimmung-und-maennliche-gemuetlichkeit-in-seiner-neuen-kerze-dem-ultimativen-herbstduft-fuer-sich-selbst-zuflucht-und-stil\\\/#primaryimage\"},\"thumbnailUrl\":\"https:\\\/\\\/www.strassenweb.de\\\/nachrichten\\\/wp-content\\\/uploads\\\/2025\\\/10\\\/Troye-Sivan-kanalisiert-Erinnerungen-Stimmung-und-maennliche-Gemuetlichkeit-in-seiner.jpg\",\"keywords\":[\"dem\",\"Erinnerungen\",\"f\u00fcr\",\"Gem\u00fctlichkeit\",\"Herbstduft\",\"kanalisiert\",\"Kerze\",\"m\u00e4nnliche\",\"neuen\",\"seiner\",\"selbst\",\"sich\",\"Sivan\",\"Stil\",\"Stimmung\",\"Troye\",\"ultimativen\",\"und\",\"Zuflucht\"],\"articleSection\":[\"Haus &amp; Garten\"],\"inLanguage\":\"de\"},{\"@type\":\"WebPage\",\"@id\":\"https:\\\/\\\/www.strassenweb.de\\\/nachrichten\\\/troye-sivan-kanalisiert-erinnerungen-stimmung-und-maennliche-gemuetlichkeit-in-seiner-neuen-kerze-dem-ultimativen-herbstduft-fuer-sich-selbst-zuflucht-und-stil\\\/\",\"url\":\"https:\\\/\\\/www.strassenweb.de\\\/nachrichten\\\/troye-sivan-kanalisiert-erinnerungen-stimmung-und-maennliche-gemuetlichkeit-in-seiner-neuen-kerze-dem-ultimativen-herbstduft-fuer-sich-selbst-zuflucht-und-stil\\\/\",\"name\":\"Troye Sivan kanalisiert Erinnerungen, Stimmung und m\u00e4nnliche Gem\u00fctlichkeit in seiner neuen Kerze \u2013 dem ultimativen Herbstduft f\u00fcr sich selbst, Zuflucht und Stil - Nachrichten - Stra\u00dfenweb\",\"isPartOf\":{\"@id\":\"https:\\\/\\\/www.strassenweb.de\\\/nachrichten\\\/#website\"},\"primaryImageOfPage\":{\"@id\":\"https:\\\/\\\/www.strassenweb.de\\\/nachrichten\\\/troye-sivan-kanalisiert-erinnerungen-stimmung-und-maennliche-gemuetlichkeit-in-seiner-neuen-kerze-dem-ultimativen-herbstduft-fuer-sich-selbst-zuflucht-und-stil\\\/#primaryimage\"},\"image\":{\"@id\":\"https:\\\/\\\/www.strassenweb.de\\\/nachrichten\\\/troye-sivan-kanalisiert-erinnerungen-stimmung-und-maennliche-gemuetlichkeit-in-seiner-neuen-kerze-dem-ultimativen-herbstduft-fuer-sich-selbst-zuflucht-und-stil\\\/#primaryimage\"},\"thumbnailUrl\":\"https:\\\/\\\/www.strassenweb.de\\\/nachrichten\\\/wp-content\\\/uploads\\\/2025\\\/10\\\/Troye-Sivan-kanalisiert-Erinnerungen-Stimmung-und-maennliche-Gemuetlichkeit-in-seiner.jpg\",\"datePublished\":\"2025-10-19T05:41:23+00:00\",\"dateModified\":\"2025-10-19T05:41:24+00:00\",\"breadcrumb\":{\"@id\":\"https:\\\/\\\/www.strassenweb.de\\\/nachrichten\\\/troye-sivan-kanalisiert-erinnerungen-stimmung-und-maennliche-gemuetlichkeit-in-seiner-neuen-kerze-dem-ultimativen-herbstduft-fuer-sich-selbst-zuflucht-und-stil\\\/#breadcrumb\"},\"inLanguage\":\"de\",\"potentialAction\":[{\"@type\":\"ReadAction\",\"target\":[\"https:\\\/\\\/www.strassenweb.de\\\/nachrichten\\\/troye-sivan-kanalisiert-erinnerungen-stimmung-und-maennliche-gemuetlichkeit-in-seiner-neuen-kerze-dem-ultimativen-herbstduft-fuer-sich-selbst-zuflucht-und-stil\\\/\"]}]},{\"@type\":\"ImageObject\",\"inLanguage\":\"de\",\"@id\":\"https:\\\/\\\/www.strassenweb.de\\\/nachrichten\\\/troye-sivan-kanalisiert-erinnerungen-stimmung-und-maennliche-gemuetlichkeit-in-seiner-neuen-kerze-dem-ultimativen-herbstduft-fuer-sich-selbst-zuflucht-und-stil\\\/#primaryimage\",\"url\":\"https:\\\/\\\/www.strassenweb.de\\\/nachrichten\\\/wp-content\\\/uploads\\\/2025\\\/10\\\/Troye-Sivan-kanalisiert-Erinnerungen-Stimmung-und-maennliche-Gemuetlichkeit-in-seiner.jpg\",\"contentUrl\":\"https:\\\/\\\/www.strassenweb.de\\\/nachrichten\\\/wp-content\\\/uploads\\\/2025\\\/10\\\/Troye-Sivan-kanalisiert-Erinnerungen-Stimmung-und-maennliche-Gemuetlichkeit-in-seiner.jpg\",\"width\":1600,\"height\":900,\"caption\":\"troye sivan on a leafy background\"},{\"@type\":\"BreadcrumbList\",\"@id\":\"https:\\\/\\\/www.strassenweb.de\\\/nachrichten\\\/troye-sivan-kanalisiert-erinnerungen-stimmung-und-maennliche-gemuetlichkeit-in-seiner-neuen-kerze-dem-ultimativen-herbstduft-fuer-sich-selbst-zuflucht-und-stil\\\/#breadcrumb\",\"itemListElement\":[{\"@type\":\"ListItem\",\"position\":1,\"name\":\"Home\",\"item\":\"https:\\\/\\\/www.strassenweb.de\\\/nachrichten\\\/\"},{\"@type\":\"ListItem\",\"position\":2,\"name\":\"Troye Sivan kanalisiert Erinnerungen, Stimmung und m\u00e4nnliche Gem\u00fctlichkeit in seiner neuen Kerze \u2013 dem ultimativen Herbstduft f\u00fcr sich selbst, Zuflucht und Stil\"}]},{\"@type\":\"WebSite\",\"@id\":\"https:\\\/\\\/www.strassenweb.de\\\/nachrichten\\\/#website\",\"url\":\"https:\\\/\\\/www.strassenweb.de\\\/nachrichten\\\/\",\"name\":\"Stra\u00dfenweb\",\"description\":\"Stra\u00dfenverzeichnis f\u00fcr Deutschland\",\"publisher\":{\"@id\":\"https:\\\/\\\/www.strassenweb.de\\\/nachrichten\\\/#organization\"},\"potentialAction\":[{\"@type\":\"SearchAction\",\"target\":{\"@type\":\"EntryPoint\",\"urlTemplate\":\"https:\\\/\\\/www.strassenweb.de\\\/nachrichten\\\/?s={search_term_string}\"},\"query-input\":{\"@type\":\"PropertyValueSpecification\",\"valueRequired\":true,\"valueName\":\"search_term_string\"}}],\"inLanguage\":\"de\"},{\"@type\":\"Organization\",\"@id\":\"https:\\\/\\\/www.strassenweb.de\\\/nachrichten\\\/#organization\",\"name\":\"Stra\u00dfenweb\",\"url\":\"https:\\\/\\\/www.strassenweb.de\\\/nachrichten\\\/\",\"logo\":{\"@type\":\"ImageObject\",\"inLanguage\":\"de\",\"@id\":\"https:\\\/\\\/www.strassenweb.de\\\/nachrichten\\\/#\\\/schema\\\/logo\\\/image\\\/\",\"url\":\"https:\\\/\\\/www.strassenweb.de\\\/nachrichten\\\/wp-content\\\/uploads\\\/2024\\\/09\\\/cropped-favicon.png\",\"contentUrl\":\"https:\\\/\\\/www.strassenweb.de\\\/nachrichten\\\/wp-content\\\/uploads\\\/2024\\\/09\\\/cropped-favicon.png\",\"width\":512,\"height\":512,\"caption\":\"Stra\u00dfenweb\"},\"image\":{\"@id\":\"https:\\\/\\\/www.strassenweb.de\\\/nachrichten\\\/#\\\/schema\\\/logo\\\/image\\\/\"},\"sameAs\":[\"https:\\\/\\\/www.facebook.com\\\/strassenweb\\\/\"]},{\"@type\":\"Person\",\"@id\":\"https:\\\/\\\/www.strassenweb.de\\\/nachrichten\\\/#\\\/schema\\\/person\\\/87c9c9067f1211da429a744dc5a5aa41\",\"name\":\"Robert Hoffmann\",\"image\":{\"@type\":\"ImageObject\",\"inLanguage\":\"de\",\"@id\":\"https:\\\/\\\/www.strassenweb.de\\\/nachrichten\\\/wp-content\\\/uploads\\\/2024\\\/09\\\/strassenweb-150x150.jpg\",\"url\":\"https:\\\/\\\/www.strassenweb.de\\\/nachrichten\\\/wp-content\\\/uploads\\\/2024\\\/09\\\/strassenweb-150x150.jpg\",\"contentUrl\":\"https:\\\/\\\/www.strassenweb.de\\\/nachrichten\\\/wp-content\\\/uploads\\\/2024\\\/09\\\/strassenweb-150x150.jpg\",\"caption\":\"Robert Hoffmann\"},\"description\":\"Ich hei\u00dfe Robert Hoffmann und ich bin ein leidenschaftlicher Verfechter von \u00d6kologie und Biodiversit\u00e4t. Seit meiner Kindheit in den W\u00e4ldern Bayerns f\u00fchle ich mich mit der Natur verbunden und bin entschlossen, sie zu sch\u00fctzen. Heute widme ich mein Leben der Sensibilisierung anderer f\u00fcr die Bedeutung des Umweltschutzes f\u00fcr zuk\u00fcnftige Generationen.\",\"sameAs\":[\"https:\\\/\\\/www.strassenweb.de\\\/\"]}]}<\/script>\n<!-- \/ Yoast SEO plugin. -->","yoast_head_json":{"title":"Troye Sivan kanalisiert Erinnerungen, Stimmung und m\u00e4nnliche Gem\u00fctlichkeit in seiner neuen Kerze \u2013 dem ultimativen Herbstduft f\u00fcr sich selbst, Zuflucht und Stil - Nachrichten - Stra\u00dfenweb","robots":{"index":"index","follow":"follow","max-snippet":"max-snippet:-1","max-image-preview":"max-image-preview:large","max-video-preview":"max-video-preview:-1"},"canonical":"https:\/\/www.strassenweb.de\/nachrichten\/troye-sivan-kanalisiert-erinnerungen-stimmung-und-maennliche-gemuetlichkeit-in-seiner-neuen-kerze-dem-ultimativen-herbstduft-fuer-sich-selbst-zuflucht-und-stil\/","og_locale":"de_DE","og_type":"article","og_title":"Troye Sivan kanalisiert Erinnerungen, Stimmung und m\u00e4nnliche Gem\u00fctlichkeit in seiner neuen Kerze \u2013 dem ultimativen Herbstduft f\u00fcr sich selbst, Zuflucht und Stil - Nachrichten - Stra\u00dfenweb","og_description":"Ein gut duftendes Zuhause zu betreten, kann sich wie Magie anf\u00fchlen. Es ist der Sinn, der am meisten mit Erinnerung und Emotionen verbunden ist und","og_url":"https:\/\/www.strassenweb.de\/nachrichten\/troye-sivan-kanalisiert-erinnerungen-stimmung-und-maennliche-gemuetlichkeit-in-seiner-neuen-kerze-dem-ultimativen-herbstduft-fuer-sich-selbst-zuflucht-und-stil\/","og_site_name":"Stra\u00dfenweb","article_publisher":"https:\/\/www.facebook.com\/strassenweb\/","article_published_time":"2025-10-19T05:41:23+00:00","article_modified_time":"2025-10-19T05:41:24+00:00","og_image":[{"width":1600,"height":900,"url":"https:\/\/www.strassenweb.de\/nachrichten\/wp-content\/uploads\/2025\/10\/Troye-Sivan-kanalisiert-Erinnerungen-Stimmung-und-maennliche-Gemuetlichkeit-in-seiner.jpg","type":"image\/jpeg"}],"author":"Robert Hoffmann","twitter_card":"summary_large_image","twitter_misc":{"Verfasst von":"Robert Hoffmann","Gesch\u00e4tzte Lesezeit":"2\u00a0Minuten"},"schema":{"@context":"https:\/\/schema.org","@graph":[{"@type":"Article","@id":"https:\/\/www.strassenweb.de\/nachrichten\/troye-sivan-kanalisiert-erinnerungen-stimmung-und-maennliche-gemuetlichkeit-in-seiner-neuen-kerze-dem-ultimativen-herbstduft-fuer-sich-selbst-zuflucht-und-stil\/#article","isPartOf":{"@id":"https:\/\/www.strassenweb.de\/nachrichten\/troye-sivan-kanalisiert-erinnerungen-stimmung-und-maennliche-gemuetlichkeit-in-seiner-neuen-kerze-dem-ultimativen-herbstduft-fuer-sich-selbst-zuflucht-und-stil\/"},"author":{"name":"Robert Hoffmann","@id":"https:\/\/www.strassenweb.de\/nachrichten\/#\/schema\/person\/87c9c9067f1211da429a744dc5a5aa41"},"headline":"Troye Sivan kanalisiert Erinnerungen, Stimmung und m\u00e4nnliche Gem\u00fctlichkeit in seiner neuen Kerze \u2013 dem ultimativen Herbstduft f\u00fcr sich selbst, Zuflucht und Stil","datePublished":"2025-10-19T05:41:23+00:00","dateModified":"2025-10-19T05:41:24+00:00","mainEntityOfPage":{"@id":"https:\/\/www.strassenweb.de\/nachrichten\/troye-sivan-kanalisiert-erinnerungen-stimmung-und-maennliche-gemuetlichkeit-in-seiner-neuen-kerze-dem-ultimativen-herbstduft-fuer-sich-selbst-zuflucht-und-stil\/"},"wordCount":355,"publisher":{"@id":"https:\/\/www.strassenweb.de\/nachrichten\/#organization"},"image":{"@id":"https:\/\/www.strassenweb.de\/nachrichten\/troye-sivan-kanalisiert-erinnerungen-stimmung-und-maennliche-gemuetlichkeit-in-seiner-neuen-kerze-dem-ultimativen-herbstduft-fuer-sich-selbst-zuflucht-und-stil\/#primaryimage"},"thumbnailUrl":"https:\/\/www.strassenweb.de\/nachrichten\/wp-content\/uploads\/2025\/10\/Troye-Sivan-kanalisiert-Erinnerungen-Stimmung-und-maennliche-Gemuetlichkeit-in-seiner.jpg","keywords":["dem","Erinnerungen","f\u00fcr","Gem\u00fctlichkeit","Herbstduft","kanalisiert","Kerze","m\u00e4nnliche","neuen","seiner","selbst","sich","Sivan","Stil","Stimmung","Troye","ultimativen","und","Zuflucht"],"articleSection":["Haus &amp; Garten"],"inLanguage":"de"},{"@type":"WebPage","@id":"https:\/\/www.strassenweb.de\/nachrichten\/troye-sivan-kanalisiert-erinnerungen-stimmung-und-maennliche-gemuetlichkeit-in-seiner-neuen-kerze-dem-ultimativen-herbstduft-fuer-sich-selbst-zuflucht-und-stil\/","url":"https:\/\/www.strassenweb.de\/nachrichten\/troye-sivan-kanalisiert-erinnerungen-stimmung-und-maennliche-gemuetlichkeit-in-seiner-neuen-kerze-dem-ultimativen-herbstduft-fuer-sich-selbst-zuflucht-und-stil\/","name":"Troye Sivan kanalisiert Erinnerungen, Stimmung und m\u00e4nnliche Gem\u00fctlichkeit in seiner neuen Kerze \u2013 dem ultimativen Herbstduft f\u00fcr sich selbst, Zuflucht und Stil - Nachrichten - Stra\u00dfenweb","isPartOf":{"@id":"https:\/\/www.strassenweb.de\/nachrichten\/#website"},"primaryImageOfPage":{"@id":"https:\/\/www.strassenweb.de\/nachrichten\/troye-sivan-kanalisiert-erinnerungen-stimmung-und-maennliche-gemuetlichkeit-in-seiner-neuen-kerze-dem-ultimativen-herbstduft-fuer-sich-selbst-zuflucht-und-stil\/#primaryimage"},"image":{"@id":"https:\/\/www.strassenweb.de\/nachrichten\/troye-sivan-kanalisiert-erinnerungen-stimmung-und-maennliche-gemuetlichkeit-in-seiner-neuen-kerze-dem-ultimativen-herbstduft-fuer-sich-selbst-zuflucht-und-stil\/#primaryimage"},"thumbnailUrl":"https:\/\/www.strassenweb.de\/nachrichten\/wp-content\/uploads\/2025\/10\/Troye-Sivan-kanalisiert-Erinnerungen-Stimmung-und-maennliche-Gemuetlichkeit-in-seiner.jpg","datePublished":"2025-10-19T05:41:23+00:00","dateModified":"2025-10-19T05:41:24+00:00","breadcrumb":{"@id":"https:\/\/www.strassenweb.de\/nachrichten\/troye-sivan-kanalisiert-erinnerungen-stimmung-und-maennliche-gemuetlichkeit-in-seiner-neuen-kerze-dem-ultimativen-herbstduft-fuer-sich-selbst-zuflucht-und-stil\/#breadcrumb"},"inLanguage":"de","potentialAction":[{"@type":"ReadAction","target":["https:\/\/www.strassenweb.de\/nachrichten\/troye-sivan-kanalisiert-erinnerungen-stimmung-und-maennliche-gemuetlichkeit-in-seiner-neuen-kerze-dem-ultimativen-herbstduft-fuer-sich-selbst-zuflucht-und-stil\/"]}]},{"@type":"ImageObject","inLanguage":"de","@id":"https:\/\/www.strassenweb.de\/nachrichten\/troye-sivan-kanalisiert-erinnerungen-stimmung-und-maennliche-gemuetlichkeit-in-seiner-neuen-kerze-dem-ultimativen-herbstduft-fuer-sich-selbst-zuflucht-und-stil\/#primaryimage","url":"https:\/\/www.strassenweb.de\/nachrichten\/wp-content\/uploads\/2025\/10\/Troye-Sivan-kanalisiert-Erinnerungen-Stimmung-und-maennliche-Gemuetlichkeit-in-seiner.jpg","contentUrl":"https:\/\/www.strassenweb.de\/nachrichten\/wp-content\/uploads\/2025\/10\/Troye-Sivan-kanalisiert-Erinnerungen-Stimmung-und-maennliche-Gemuetlichkeit-in-seiner.jpg","width":1600,"height":900,"caption":"troye sivan on a leafy background"},{"@type":"BreadcrumbList","@id":"https:\/\/www.strassenweb.de\/nachrichten\/troye-sivan-kanalisiert-erinnerungen-stimmung-und-maennliche-gemuetlichkeit-in-seiner-neuen-kerze-dem-ultimativen-herbstduft-fuer-sich-selbst-zuflucht-und-stil\/#breadcrumb","itemListElement":[{"@type":"ListItem","position":1,"name":"Home","item":"https:\/\/www.strassenweb.de\/nachrichten\/"},{"@type":"ListItem","position":2,"name":"Troye Sivan kanalisiert Erinnerungen, Stimmung und m\u00e4nnliche Gem\u00fctlichkeit in seiner neuen Kerze \u2013 dem ultimativen Herbstduft f\u00fcr sich selbst, Zuflucht und Stil"}]},{"@type":"WebSite","@id":"https:\/\/www.strassenweb.de\/nachrichten\/#website","url":"https:\/\/www.strassenweb.de\/nachrichten\/","name":"Stra\u00dfenweb","description":"Stra\u00dfenverzeichnis f\u00fcr Deutschland","publisher":{"@id":"https:\/\/www.strassenweb.de\/nachrichten\/#organization"},"potentialAction":[{"@type":"SearchAction","target":{"@type":"EntryPoint","urlTemplate":"https:\/\/www.strassenweb.de\/nachrichten\/?s={search_term_string}"},"query-input":{"@type":"PropertyValueSpecification","valueRequired":true,"valueName":"search_term_string"}}],"inLanguage":"de"},{"@type":"Organization","@id":"https:\/\/www.strassenweb.de\/nachrichten\/#organization","name":"Stra\u00dfenweb","url":"https:\/\/www.strassenweb.de\/nachrichten\/","logo":{"@type":"ImageObject","inLanguage":"de","@id":"https:\/\/www.strassenweb.de\/nachrichten\/#\/schema\/logo\/image\/","url":"https:\/\/www.strassenweb.de\/nachrichten\/wp-content\/uploads\/2024\/09\/cropped-favicon.png","contentUrl":"https:\/\/www.strassenweb.de\/nachrichten\/wp-content\/uploads\/2024\/09\/cropped-favicon.png","width":512,"height":512,"caption":"Stra\u00dfenweb"},"image":{"@id":"https:\/\/www.strassenweb.de\/nachrichten\/#\/schema\/logo\/image\/"},"sameAs":["https:\/\/www.facebook.com\/strassenweb\/"]},{"@type":"Person","@id":"https:\/\/www.strassenweb.de\/nachrichten\/#\/schema\/person\/87c9c9067f1211da429a744dc5a5aa41","name":"Robert Hoffmann","image":{"@type":"ImageObject","inLanguage":"de","@id":"https:\/\/www.strassenweb.de\/nachrichten\/wp-content\/uploads\/2024\/09\/strassenweb-150x150.jpg","url":"https:\/\/www.strassenweb.de\/nachrichten\/wp-content\/uploads\/2024\/09\/strassenweb-150x150.jpg","contentUrl":"https:\/\/www.strassenweb.de\/nachrichten\/wp-content\/uploads\/2024\/09\/strassenweb-150x150.jpg","caption":"Robert Hoffmann"},"description":"Ich hei\u00dfe Robert Hoffmann und ich bin ein leidenschaftlicher Verfechter von \u00d6kologie und Biodiversit\u00e4t. Seit meiner Kindheit in den W\u00e4ldern Bayerns f\u00fchle ich mich mit der Natur verbunden und bin entschlossen, sie zu sch\u00fctzen. Heute widme ich mein Leben der Sensibilisierung anderer f\u00fcr die Bedeutung des Umweltschutzes f\u00fcr zuk\u00fcnftige Generationen.","sameAs":["https:\/\/www.strassenweb.de\/"]}]}},"_links":{"self":[{"href":"https:\/\/www.strassenweb.de\/nachrichten\/wp-json\/wp\/v2\/posts\/8590","targetHints":{"allow":["GET"]}}],"collection":[{"href":"https:\/\/www.strassenweb.de\/nachrichten\/wp-json\/wp\/v2\/posts"}],"about":[{"href":"https:\/\/www.strassenweb.de\/nachrichten\/wp-json\/wp\/v2\/types\/post"}],"author":[{"embeddable":true,"href":"https:\/\/www.strassenweb.de\/nachrichten\/wp-json\/wp\/v2\/users\/1"}],"replies":[{"embeddable":true,"href":"https:\/\/www.strassenweb.de\/nachrichten\/wp-json\/wp\/v2\/comments?post=8590"}],"version-history":[{"count":0,"href":"https:\/\/www.strassenweb.de\/nachrichten\/wp-json\/wp\/v2\/posts\/8590\/revisions"}],"wp:featuredmedia":[{"embeddable":true,"href":"https:\/\/www.strassenweb.de\/nachrichten\/wp-json\/wp\/v2\/media\/8591"}],"wp:attachment":[{"href":"https:\/\/www.strassenweb.de\/nachrichten\/wp-json\/wp\/v2\/media?parent=8590"}],"wp:term":[{"taxonomy":"category","embeddable":true,"href":"https:\/\/www.strassenweb.de\/nachrichten\/wp-json\/wp\/v2\/categories?post=8590"},{"taxonomy":"post_tag","embeddable":true,"href":"https:\/\/www.strassenweb.de\/nachrichten\/wp-json\/wp\/v2\/tags?post=8590"}],"curies":[{"name":"wp","href":"https:\/\/api.w.org\/{rel}","templated":true}]}}