{"id":8575,"date":"2025-10-18T17:39:51","date_gmt":"2025-10-18T15:39:51","guid":{"rendered":"https:\/\/www.strassenweb.de\/nachrichten\/natur-in-gefahr-bericht-warnt-vor-hinweisen-auf-ein-schwarzes-loch-im-planungsgesetz\/"},"modified":"2025-10-18T17:39:51","modified_gmt":"2025-10-18T15:39:51","slug":"natur-in-gefahr-bericht-warnt-vor-hinweisen-auf-ein-schwarzes-loch-im-planungsgesetz","status":"publish","type":"post","link":"https:\/\/www.strassenweb.de\/nachrichten\/natur-in-gefahr-bericht-warnt-vor-hinweisen-auf-ein-schwarzes-loch-im-planungsgesetz\/","title":{"rendered":"Natur in Gefahr \u2013 Bericht warnt vor Hinweisen auf ein schwarzes Loch im Planungsgesetz"},"content":{"rendered":"<p>Ein neuer Bericht von Wildlife and Countryside Link, einer Koalition aus 90 Naturschutzorganisationen, warnt davor, dass es keine wissenschaftlichen Beweise daf\u00fcr gibt, dass die vorgeschlagene \u201eNature Restoration Levy\u201c f\u00fcr die meisten Wildtiere funktionieren wird. Die Anwendung des neuen Systems auf gesch\u00fctzte Arten ohne stichhaltige Beweise und wirksame Feldversuche w\u00fcrde ernsthafte Risiken f\u00fcr die Tierwelt mit sich bringen.<\/p>\n<p>Die vorgeschlagene \u201eNature Restoration Levy\u201c w\u00fcrde es Wohnungsbau- und Infrastrukturentwicklern erm\u00f6glichen, eine Geb\u00fchr zu zahlen, anstatt bestehende Gesetze zum Schutz von Lebensr\u00e4umen und Arten zu befolgen. Die Mittel w\u00fcrden zur Finanzierung von Landschaftsschutzma\u00dfnahmen anstelle bestehender strenger Schutzma\u00dfnahmen f\u00fcr einzelne Tiere oder Lebensr\u00e4ume verwendet.<\/p>\n<p>F\u00fcr einige Umweltprobleme (z. B. Wasserverschmutzung und Wasserverf\u00fcgbarkeit) gibt es gute wissenschaftliche Erkenntnisse und Beweise daf\u00fcr, dass strategische Ma\u00dfnahmen auf breiterer Ebene ein wirksames Mittel zum Schutz der Natur sein k\u00f6nnen. Derzeit gibt es jedoch keine Hinweise darauf, dass der Ansatz des Gesetzentwurfs f\u00fcr gesch\u00fctzte Arten funktioniert, insbesondere f\u00fcr solche, die weniger mobil sind oder auf ganz bestimmte Standorte oder Lebensr\u00e4ume angewiesen sind.<\/p>\n<p>Als Vorbild nennt die Regierung die entwickelten Lizenzans\u00e4tze auf Bezirksebene oder Kammmolche. Wo diese Programme mit vorhandenen Sicherheitsvorkehrungen vorangetrieben wurden, gibt es Anzeichen f\u00fcr positive Ergebnisse. Der Gesetzentwurf befasst sich jedoch mit neuen M\u00f6glichkeiten zur Regulierung, Finanzierung und Bereitstellung von Entsch\u00e4digungsma\u00dfnahmen, was selbst f\u00fcr Kammmolche noch nicht bewiesen ist, und viele wichtige Details bleiben undefiniert, was Unsicherheit mit sich bringt, die sowohl f\u00fcr Wildtiere als auch f\u00fcr Entwickler Risiken birgt.<\/p>\n<p>Die Regierung hat zugestimmt, sich bei der Gestaltung neuer Pl\u00e4ne an \u201eden besten verf\u00fcgbaren wissenschaftlichen Erkenntnissen\u201c zu orientieren und der \u201eNotwendigkeit, einen g\u00fcnstigen Erhaltungszustand\u201c f\u00fcr die betroffene Tierwelt zu erreichen, Rechnung zu tragen.<\/p>\n<p>Zu den gesch\u00fctzten Arten, bei denen es keine Hinweise darauf gibt, dass der neue Ansatz funktionieren w\u00fcrde, geh\u00f6ren:<\/p>\n<ul class=\"wp-block-list\">\n<li>Haselmaus, eine im R\u00fcckgang begriffene Art, die auf alte Hecken, W\u00e4lder und Gestr\u00fcpp angewiesen ist.<\/li>\n<li>Otter, ein Symbol f\u00fcr die Gesundheit von Fl\u00fcssen, sind sehr territorial und schwer umzusiedeln.<\/li>\n<li>Schleiereulen sind zum Nisten auf offenes Gel\u00e4nde und Scheunen angewiesen.<\/li>\n<li>Echsenorchidee, eine wundersch\u00f6ne Orchidee, die nach Ziegen riecht, selten und schwer zu verpflanzen.<\/li>\n<li>Kegelrobben kommen im Nordatlantik vor und beherbergen ein Drittel der Weltbev\u00f6lkerung.<\/li>\n<li>Der Atlantische Lachs ist im gesamten Nordatlantik innerhalb weniger Jahrzehnte um etwa 70 % zur\u00fcckgegangen, was auf den Verlust von Lebensr\u00e4umen, Migrationshindernisse und Wasserverschmutzung zur\u00fcckzuf\u00fchren ist.<\/li>\n<\/ul>\n<p><strong>Richard Benwell, CEO von Wildlife and Countryside Link, sagte:<\/strong> \u201eWenn es um gesch\u00fctzte Arten geht, gibt es ein klaffendes schwarzes Loch. Wenn man es auf die falschen Wildtiere anwendet, k\u00f6nnte der neue Ansatz den R\u00fcckgang von chronisch zu katastrophal beschleunigen. Die Regierung hat zu Recht versprochen, sich an den besten wissenschaftlichen Erkenntnissen zu orientieren, aber es sind detaillierte Prozesse erforderlich, um sicherzustellen, dass das neue System nicht f\u00fcr Profit oder politische Zwecke missbraucht werden kann. Wir fordern einen transparenten wissenschaftlichen Prozess, einen strikten Vorsorgeansatz und reale Daten, um sicherzustellen, dass Wildtiere dies nicht k\u00f6nnen.\u201c im Namen des Wachstums unter einen Betonteppich gekehrt.\u201c<strong><\/p>\n<p>Gill Perkins, CEO des Bumblebee Conservation Trust, sagte: <\/strong>\u201eWenn wir \u00f6rtliche Schutzma\u00dfnahmen durch vage Kompensationsversprechen an anderer Stelle ersetzen, sind Arten wie die Zwerghummel, die derzeit kaum gesch\u00fctzt wird, noch st\u00e4rker gef\u00e4hrdet als je zuvor. Strategische Abhilfema\u00dfnahmen au\u00dferhalb des Standorts k\u00f6nnten auf dem Papier funktionieren, aber die Natur lebt nicht in Tabellenkalkulationen. Es gibt jedoch Tabellenkalkulationen voller \u00fcbersehener, gef\u00e4hrdeter Arten, die an den Orten, an denen sie sich noch befinden, st\u00e4rkere Schutzma\u00dfnahmen und sinnvollere Abhilfema\u00dfnahmen verdienen.\u201c gefunden.&#8220;<strong><\/p>\n<p>Becky Pullinger, Leiterin der Landnutzungsplanung bei The Wildlife Trusts, sagte: <\/strong>\u201eDas Planungs- und Infrastrukturgesetz droht eine gewaltige Ersch\u00fctterung der Vorschriften zum Schutz der Tierwelt und stellt ein erhebliches Risiko dar. Wissenschaftliche Erkenntnisse sollten die Grundlage jedes Planungsprozesses sein, und wenn die Wirksamkeit dieser Erkenntnisse untergraben wird, wird dies schwerwiegende Folgen f\u00fcr die Natur und die wilden Orte haben, auf die die Gemeinschaften stolz sind; Arten wie Haselschl\u00e4fer, Otter und Schleiereule k\u00f6nnten alle betroffen sein. Es ist m\u00f6glich, dass neue Entwicklungen und die Wiederherstellung der Natur Hand in Hand gehen, und deshalb flehen wir die Regierung an.\u201c mit Kollegen zusammenzuarbeiten, um sicherzustellen, dass der Schutz der Natur im Mittelpunkt der neuen Gesetzgebung steht.\u201c<strong><\/p>\n<p>Kit Stoner, CEO des Bat Conservation Trust, sagte: <\/strong>\u201eAlle Flederm\u00e4use sind gesch\u00fctzt, weil sie in der Vergangenheit erhebliche R\u00fcckg\u00e4nge erlitten haben. Flederm\u00e4use sind nicht nur Teil unseres nat\u00fcrlichen Erbes; unsere 18 Arten machen \u00fcber ein Viertel unserer Lands\u00e4ugetierarten aus, sondern spielen auch eine wichtige Rolle in gesunden \u00d6kosystemen, einschlie\u00dflich der Bek\u00e4mpfung erntesch\u00e4digender Insekten. Ohne weitere \u00c4nderungen wird das Planungs- und Infrastrukturgesetz eine Lizenz zum T\u00f6ten schaffen, mit verheerenden Folgen f\u00fcr alle Wildtiere und die Umwelt insgesamt.\u201c<\/p>\n<p>Weitere zus\u00e4tzliche Zitate finden Sie hier. Die Naturschutzorganisationen fordern Richtlinien und Vorschriften zur Festlegung von:<\/p>\n<ul class=\"wp-block-list\">\n<li>Strikte Einhaltung des Vorsorgeprinzips, um sicherzustellen, dass der neue Ansatz gesch\u00fctzte Arten nicht erfasst, ohne dass strenge, unabh\u00e4ngige und reale Beweise daf\u00fcr vorliegen, dass er funktioniert;<\/li>\n<li>Ein transparenter wissenschaftlicher Prozess zur Bewertung der Qualit\u00e4t jeglicher wissenschaftlicher Erkenntnisse; Und<\/li>\n<li>Standortspezifische \u00f6kologische Basisbewertungen, um sicherzustellen, dass die Natur tats\u00e4chlich davon profitiert.<\/li>\n<\/ul>\n<p>Lesen Sie hier mehr im Bericht.<\/p>\n<h2 class=\"wp-block-heading\">Statistiken zum Artenr\u00fcckgang:<\/h2>\n<ol class=\"wp-block-list\">\n<li>Haselschl\u00e4fer, scheue und r\u00fcckl\u00e4ufige Tiere, die auf alte Hecken, W\u00e4lder und Gestr\u00fcpp angewiesen sind, haben seit dem Jahr 2000 einen Bev\u00f6lkerungsr\u00fcckgang um 70 % erlebt. Ihre Populationen sind fragmentiert und sie ben\u00f6tigen gut vernetzte Lebensr\u00e4ume, um zu gedeihen.<\/li>\n<li>Otter, Symbole f\u00fcr die Gesundheit des Flusses, sehr territorial und schwer umzusiedeln. Sie ben\u00f6tigen ausgedehnte, unverschmutzte Flusssysteme mit reichlich Nahrung. Der Verlust von Lebensr\u00e4umen kann zu einem langfristigen Bev\u00f6lkerungsr\u00fcckgang f\u00fchren.<\/li>\n<li>Schleiereulen sind zur Brut auf offenes Gel\u00e4nde und Scheunen angewiesen. Schleiereulen haben durch die Intensivierung der Landwirtschaft und den Umbau alter Geb\u00e4ude unter dem Verlust ihres Lebensraums gelitten. Nistk\u00e4sten haben eine gewisse Erleichterung gebracht, aber der Verlust traditioneller Nistpl\u00e4tze stellt weiterhin eine Bedrohung dar.<\/li>\n<li>Eidechsenorchidee, eine wundersch\u00f6ne Orchidee, die nach Ziege duftet. Sie wachsen nur in bestimmten Gebieten im S\u00fcdosten Englands und sind aufgrund komplexer Beziehungen zu Mykorrhizapilzen und anderen Bodenorganismen schwer zu verpflanzen.<\/li>\n<li>Kegelrobben, die nur im Nordatlantik vorkommen, sind stark von den K\u00fcsten des Vereinigten K\u00f6nigreichs abh\u00e4ngig, wo \u00fcber ein Drittel der Weltbev\u00f6lkerung lebt, w\u00e4hrend es vor 25 Jahren noch 50 % waren.<\/li>\n<li>Atlantischer Lachs, ein Symbol f\u00fcr britische Fl\u00fcsse, ist im gesamten Nordatlantik innerhalb weniger Jahrzehnte um etwa 70 % zur\u00fcckgegangen. In Gro\u00dfbritannien ist die Art gef\u00e4hrdet, da zwischen 2010 und 2025 ein R\u00fcckgang um 50\u201380 % zu verzeichnen ist, der auf den Verlust von Lebensr\u00e4umen, Migrationshindernisse und Wasserverschmutzung zur\u00fcckzuf\u00fchren ist.<\/li>\n<\/ol>\n","protected":false},"excerpt":{"rendered":"<p>Ein neuer Bericht von Wildlife and Countryside Link, einer Koalition aus 90 Naturschutzorganisationen, warnt davor, dass es keine wissenschaftlichen Beweise daf\u00fcr gibt, dass die vorgeschlagene<\/p>\n","protected":false},"author":1,"featured_media":8576,"comment_status":"closed","ping_status":"","sticky":false,"template":"","format":"standard","meta":{"footnotes":""},"categories":[101],"tags":[46,2146,43,7097,10910,1626,805,10912,10911,524,3658],"class_list":["post-8575","post","type-post","status-publish","format-standard","has-post-thumbnail","hentry","category-oekologie","tag-auf","tag-bericht","tag-ein","tag-gefahr","tag-hinweisen","tag-loch","tag-natur","tag-planungsgesetz","tag-schwarzes","tag-vor","tag-warnt","generate-columns","tablet-grid-50","mobile-grid-100","grid-parent","grid-50"],"yoast_head":"<!-- This site is optimized with the Yoast SEO plugin v27.3 - https:\/\/yoast.com\/product\/yoast-seo-wordpress\/ -->\n<title>Natur in Gefahr \u2013 Bericht warnt vor Hinweisen auf ein schwarzes Loch im Planungsgesetz - Nachrichten - Stra\u00dfenweb<\/title>\n<meta name=\"robots\" content=\"index, follow, max-snippet:-1, max-image-preview:large, max-video-preview:-1\" \/>\n<link rel=\"canonical\" href=\"https:\/\/www.strassenweb.de\/nachrichten\/natur-in-gefahr-bericht-warnt-vor-hinweisen-auf-ein-schwarzes-loch-im-planungsgesetz\/\" \/>\n<meta property=\"og:locale\" content=\"de_DE\" \/>\n<meta property=\"og:type\" content=\"article\" \/>\n<meta property=\"og:title\" content=\"Natur in Gefahr \u2013 Bericht warnt vor Hinweisen auf ein schwarzes Loch im Planungsgesetz - Nachrichten - Stra\u00dfenweb\" \/>\n<meta property=\"og:description\" content=\"Ein neuer Bericht von Wildlife and Countryside Link, einer Koalition aus 90 Naturschutzorganisationen, warnt davor, dass es keine wissenschaftlichen Beweise daf\u00fcr gibt, dass die vorgeschlagene\" \/>\n<meta property=\"og:url\" content=\"https:\/\/www.strassenweb.de\/nachrichten\/natur-in-gefahr-bericht-warnt-vor-hinweisen-auf-ein-schwarzes-loch-im-planungsgesetz\/\" \/>\n<meta property=\"og:site_name\" content=\"Stra\u00dfenweb\" \/>\n<meta property=\"article:publisher\" content=\"https:\/\/www.facebook.com\/strassenweb\/\" \/>\n<meta property=\"article:published_time\" content=\"2025-10-18T15:39:51+00:00\" \/>\n<meta property=\"og:image\" content=\"https:\/\/www.strassenweb.de\/nachrichten\/wp-content\/uploads\/2025\/10\/Natur-in-Gefahr-\u2013-Bericht-warnt-vor-Hinweisen-auf-ein.jpg\" \/>\n\t<meta property=\"og:image:width\" content=\"900\" \/>\n\t<meta property=\"og:image:height\" content=\"575\" \/>\n\t<meta property=\"og:image:type\" content=\"image\/jpeg\" \/>\n<meta name=\"author\" content=\"Robert Hoffmann\" \/>\n<meta name=\"twitter:card\" content=\"summary_large_image\" \/>\n<meta name=\"twitter:label1\" content=\"Verfasst von\" \/>\n\t<meta name=\"twitter:data1\" content=\"Robert Hoffmann\" \/>\n\t<meta name=\"twitter:label2\" content=\"Gesch\u00e4tzte Lesezeit\" \/>\n\t<meta name=\"twitter:data2\" content=\"6\u00a0Minuten\" \/>\n<script type=\"application\/ld+json\" class=\"yoast-schema-graph\">{\"@context\":\"https:\\\/\\\/schema.org\",\"@graph\":[{\"@type\":\"Article\",\"@id\":\"https:\\\/\\\/www.strassenweb.de\\\/nachrichten\\\/natur-in-gefahr-bericht-warnt-vor-hinweisen-auf-ein-schwarzes-loch-im-planungsgesetz\\\/#article\",\"isPartOf\":{\"@id\":\"https:\\\/\\\/www.strassenweb.de\\\/nachrichten\\\/natur-in-gefahr-bericht-warnt-vor-hinweisen-auf-ein-schwarzes-loch-im-planungsgesetz\\\/\"},\"author\":{\"name\":\"Robert Hoffmann\",\"@id\":\"https:\\\/\\\/www.strassenweb.de\\\/nachrichten\\\/#\\\/schema\\\/person\\\/87c9c9067f1211da429a744dc5a5aa41\"},\"headline\":\"Natur in Gefahr \u2013 Bericht warnt vor Hinweisen auf ein schwarzes Loch im Planungsgesetz\",\"datePublished\":\"2025-10-18T15:39:51+00:00\",\"mainEntityOfPage\":{\"@id\":\"https:\\\/\\\/www.strassenweb.de\\\/nachrichten\\\/natur-in-gefahr-bericht-warnt-vor-hinweisen-auf-ein-schwarzes-loch-im-planungsgesetz\\\/\"},\"wordCount\":1157,\"publisher\":{\"@id\":\"https:\\\/\\\/www.strassenweb.de\\\/nachrichten\\\/#organization\"},\"image\":{\"@id\":\"https:\\\/\\\/www.strassenweb.de\\\/nachrichten\\\/natur-in-gefahr-bericht-warnt-vor-hinweisen-auf-ein-schwarzes-loch-im-planungsgesetz\\\/#primaryimage\"},\"thumbnailUrl\":\"https:\\\/\\\/www.strassenweb.de\\\/nachrichten\\\/wp-content\\\/uploads\\\/2025\\\/10\\\/Natur-in-Gefahr-\u2013-Bericht-warnt-vor-Hinweisen-auf-ein.jpg\",\"keywords\":[\"auf\",\"Bericht\",\"ein\",\"Gefahr\",\"Hinweisen\",\"Loch\",\"Natur\",\"Planungsgesetz\",\"schwarzes\",\"vor\",\"warnt\"],\"articleSection\":[\"\u00d6kologie\"],\"inLanguage\":\"de\"},{\"@type\":\"WebPage\",\"@id\":\"https:\\\/\\\/www.strassenweb.de\\\/nachrichten\\\/natur-in-gefahr-bericht-warnt-vor-hinweisen-auf-ein-schwarzes-loch-im-planungsgesetz\\\/\",\"url\":\"https:\\\/\\\/www.strassenweb.de\\\/nachrichten\\\/natur-in-gefahr-bericht-warnt-vor-hinweisen-auf-ein-schwarzes-loch-im-planungsgesetz\\\/\",\"name\":\"Natur in Gefahr \u2013 Bericht warnt vor Hinweisen auf ein schwarzes Loch im Planungsgesetz - Nachrichten - Stra\u00dfenweb\",\"isPartOf\":{\"@id\":\"https:\\\/\\\/www.strassenweb.de\\\/nachrichten\\\/#website\"},\"primaryImageOfPage\":{\"@id\":\"https:\\\/\\\/www.strassenweb.de\\\/nachrichten\\\/natur-in-gefahr-bericht-warnt-vor-hinweisen-auf-ein-schwarzes-loch-im-planungsgesetz\\\/#primaryimage\"},\"image\":{\"@id\":\"https:\\\/\\\/www.strassenweb.de\\\/nachrichten\\\/natur-in-gefahr-bericht-warnt-vor-hinweisen-auf-ein-schwarzes-loch-im-planungsgesetz\\\/#primaryimage\"},\"thumbnailUrl\":\"https:\\\/\\\/www.strassenweb.de\\\/nachrichten\\\/wp-content\\\/uploads\\\/2025\\\/10\\\/Natur-in-Gefahr-\u2013-Bericht-warnt-vor-Hinweisen-auf-ein.jpg\",\"datePublished\":\"2025-10-18T15:39:51+00:00\",\"breadcrumb\":{\"@id\":\"https:\\\/\\\/www.strassenweb.de\\\/nachrichten\\\/natur-in-gefahr-bericht-warnt-vor-hinweisen-auf-ein-schwarzes-loch-im-planungsgesetz\\\/#breadcrumb\"},\"inLanguage\":\"de\",\"potentialAction\":[{\"@type\":\"ReadAction\",\"target\":[\"https:\\\/\\\/www.strassenweb.de\\\/nachrichten\\\/natur-in-gefahr-bericht-warnt-vor-hinweisen-auf-ein-schwarzes-loch-im-planungsgesetz\\\/\"]}]},{\"@type\":\"ImageObject\",\"inLanguage\":\"de\",\"@id\":\"https:\\\/\\\/www.strassenweb.de\\\/nachrichten\\\/natur-in-gefahr-bericht-warnt-vor-hinweisen-auf-ein-schwarzes-loch-im-planungsgesetz\\\/#primaryimage\",\"url\":\"https:\\\/\\\/www.strassenweb.de\\\/nachrichten\\\/wp-content\\\/uploads\\\/2025\\\/10\\\/Natur-in-Gefahr-\u2013-Bericht-warnt-vor-Hinweisen-auf-ein.jpg\",\"contentUrl\":\"https:\\\/\\\/www.strassenweb.de\\\/nachrichten\\\/wp-content\\\/uploads\\\/2025\\\/10\\\/Natur-in-Gefahr-\u2013-Bericht-warnt-vor-Hinweisen-auf-ein.jpg\",\"width\":900,\"height\":575,\"caption\":\"Nature at risk \u2013 report warns of evidence there&#039;s a black hole in the Planning Bill\"},{\"@type\":\"BreadcrumbList\",\"@id\":\"https:\\\/\\\/www.strassenweb.de\\\/nachrichten\\\/natur-in-gefahr-bericht-warnt-vor-hinweisen-auf-ein-schwarzes-loch-im-planungsgesetz\\\/#breadcrumb\",\"itemListElement\":[{\"@type\":\"ListItem\",\"position\":1,\"name\":\"Home\",\"item\":\"https:\\\/\\\/www.strassenweb.de\\\/nachrichten\\\/\"},{\"@type\":\"ListItem\",\"position\":2,\"name\":\"Natur in Gefahr \u2013 Bericht warnt vor Hinweisen auf ein schwarzes Loch im Planungsgesetz\"}]},{\"@type\":\"WebSite\",\"@id\":\"https:\\\/\\\/www.strassenweb.de\\\/nachrichten\\\/#website\",\"url\":\"https:\\\/\\\/www.strassenweb.de\\\/nachrichten\\\/\",\"name\":\"Stra\u00dfenweb\",\"description\":\"Stra\u00dfenverzeichnis f\u00fcr Deutschland\",\"publisher\":{\"@id\":\"https:\\\/\\\/www.strassenweb.de\\\/nachrichten\\\/#organization\"},\"potentialAction\":[{\"@type\":\"SearchAction\",\"target\":{\"@type\":\"EntryPoint\",\"urlTemplate\":\"https:\\\/\\\/www.strassenweb.de\\\/nachrichten\\\/?s={search_term_string}\"},\"query-input\":{\"@type\":\"PropertyValueSpecification\",\"valueRequired\":true,\"valueName\":\"search_term_string\"}}],\"inLanguage\":\"de\"},{\"@type\":\"Organization\",\"@id\":\"https:\\\/\\\/www.strassenweb.de\\\/nachrichten\\\/#organization\",\"name\":\"Stra\u00dfenweb\",\"url\":\"https:\\\/\\\/www.strassenweb.de\\\/nachrichten\\\/\",\"logo\":{\"@type\":\"ImageObject\",\"inLanguage\":\"de\",\"@id\":\"https:\\\/\\\/www.strassenweb.de\\\/nachrichten\\\/#\\\/schema\\\/logo\\\/image\\\/\",\"url\":\"https:\\\/\\\/www.strassenweb.de\\\/nachrichten\\\/wp-content\\\/uploads\\\/2024\\\/09\\\/cropped-favicon.png\",\"contentUrl\":\"https:\\\/\\\/www.strassenweb.de\\\/nachrichten\\\/wp-content\\\/uploads\\\/2024\\\/09\\\/cropped-favicon.png\",\"width\":512,\"height\":512,\"caption\":\"Stra\u00dfenweb\"},\"image\":{\"@id\":\"https:\\\/\\\/www.strassenweb.de\\\/nachrichten\\\/#\\\/schema\\\/logo\\\/image\\\/\"},\"sameAs\":[\"https:\\\/\\\/www.facebook.com\\\/strassenweb\\\/\"]},{\"@type\":\"Person\",\"@id\":\"https:\\\/\\\/www.strassenweb.de\\\/nachrichten\\\/#\\\/schema\\\/person\\\/87c9c9067f1211da429a744dc5a5aa41\",\"name\":\"Robert Hoffmann\",\"image\":{\"@type\":\"ImageObject\",\"inLanguage\":\"de\",\"@id\":\"https:\\\/\\\/www.strassenweb.de\\\/nachrichten\\\/wp-content\\\/uploads\\\/2024\\\/09\\\/strassenweb-150x150.jpg\",\"url\":\"https:\\\/\\\/www.strassenweb.de\\\/nachrichten\\\/wp-content\\\/uploads\\\/2024\\\/09\\\/strassenweb-150x150.jpg\",\"contentUrl\":\"https:\\\/\\\/www.strassenweb.de\\\/nachrichten\\\/wp-content\\\/uploads\\\/2024\\\/09\\\/strassenweb-150x150.jpg\",\"caption\":\"Robert Hoffmann\"},\"description\":\"Ich hei\u00dfe Robert Hoffmann und ich bin ein leidenschaftlicher Verfechter von \u00d6kologie und Biodiversit\u00e4t. Seit meiner Kindheit in den W\u00e4ldern Bayerns f\u00fchle ich mich mit der Natur verbunden und bin entschlossen, sie zu sch\u00fctzen. Heute widme ich mein Leben der Sensibilisierung anderer f\u00fcr die Bedeutung des Umweltschutzes f\u00fcr zuk\u00fcnftige Generationen.\",\"sameAs\":[\"https:\\\/\\\/www.strassenweb.de\\\/\"]}]}<\/script>\n<!-- \/ Yoast SEO plugin. -->","yoast_head_json":{"title":"Natur in Gefahr \u2013 Bericht warnt vor Hinweisen auf ein schwarzes Loch im Planungsgesetz - Nachrichten - Stra\u00dfenweb","robots":{"index":"index","follow":"follow","max-snippet":"max-snippet:-1","max-image-preview":"max-image-preview:large","max-video-preview":"max-video-preview:-1"},"canonical":"https:\/\/www.strassenweb.de\/nachrichten\/natur-in-gefahr-bericht-warnt-vor-hinweisen-auf-ein-schwarzes-loch-im-planungsgesetz\/","og_locale":"de_DE","og_type":"article","og_title":"Natur in Gefahr \u2013 Bericht warnt vor Hinweisen auf ein schwarzes Loch im Planungsgesetz - Nachrichten - Stra\u00dfenweb","og_description":"Ein neuer Bericht von Wildlife and Countryside Link, einer Koalition aus 90 Naturschutzorganisationen, warnt davor, dass es keine wissenschaftlichen Beweise daf\u00fcr gibt, dass die vorgeschlagene","og_url":"https:\/\/www.strassenweb.de\/nachrichten\/natur-in-gefahr-bericht-warnt-vor-hinweisen-auf-ein-schwarzes-loch-im-planungsgesetz\/","og_site_name":"Stra\u00dfenweb","article_publisher":"https:\/\/www.facebook.com\/strassenweb\/","article_published_time":"2025-10-18T15:39:51+00:00","og_image":[{"width":900,"height":575,"url":"https:\/\/www.strassenweb.de\/nachrichten\/wp-content\/uploads\/2025\/10\/Natur-in-Gefahr-\u2013-Bericht-warnt-vor-Hinweisen-auf-ein.jpg","type":"image\/jpeg"}],"author":"Robert Hoffmann","twitter_card":"summary_large_image","twitter_misc":{"Verfasst von":"Robert Hoffmann","Gesch\u00e4tzte Lesezeit":"6\u00a0Minuten"},"schema":{"@context":"https:\/\/schema.org","@graph":[{"@type":"Article","@id":"https:\/\/www.strassenweb.de\/nachrichten\/natur-in-gefahr-bericht-warnt-vor-hinweisen-auf-ein-schwarzes-loch-im-planungsgesetz\/#article","isPartOf":{"@id":"https:\/\/www.strassenweb.de\/nachrichten\/natur-in-gefahr-bericht-warnt-vor-hinweisen-auf-ein-schwarzes-loch-im-planungsgesetz\/"},"author":{"name":"Robert Hoffmann","@id":"https:\/\/www.strassenweb.de\/nachrichten\/#\/schema\/person\/87c9c9067f1211da429a744dc5a5aa41"},"headline":"Natur in Gefahr \u2013 Bericht warnt vor Hinweisen auf ein schwarzes Loch im Planungsgesetz","datePublished":"2025-10-18T15:39:51+00:00","mainEntityOfPage":{"@id":"https:\/\/www.strassenweb.de\/nachrichten\/natur-in-gefahr-bericht-warnt-vor-hinweisen-auf-ein-schwarzes-loch-im-planungsgesetz\/"},"wordCount":1157,"publisher":{"@id":"https:\/\/www.strassenweb.de\/nachrichten\/#organization"},"image":{"@id":"https:\/\/www.strassenweb.de\/nachrichten\/natur-in-gefahr-bericht-warnt-vor-hinweisen-auf-ein-schwarzes-loch-im-planungsgesetz\/#primaryimage"},"thumbnailUrl":"https:\/\/www.strassenweb.de\/nachrichten\/wp-content\/uploads\/2025\/10\/Natur-in-Gefahr-\u2013-Bericht-warnt-vor-Hinweisen-auf-ein.jpg","keywords":["auf","Bericht","ein","Gefahr","Hinweisen","Loch","Natur","Planungsgesetz","schwarzes","vor","warnt"],"articleSection":["\u00d6kologie"],"inLanguage":"de"},{"@type":"WebPage","@id":"https:\/\/www.strassenweb.de\/nachrichten\/natur-in-gefahr-bericht-warnt-vor-hinweisen-auf-ein-schwarzes-loch-im-planungsgesetz\/","url":"https:\/\/www.strassenweb.de\/nachrichten\/natur-in-gefahr-bericht-warnt-vor-hinweisen-auf-ein-schwarzes-loch-im-planungsgesetz\/","name":"Natur in Gefahr \u2013 Bericht warnt vor Hinweisen auf ein schwarzes Loch im Planungsgesetz - Nachrichten - Stra\u00dfenweb","isPartOf":{"@id":"https:\/\/www.strassenweb.de\/nachrichten\/#website"},"primaryImageOfPage":{"@id":"https:\/\/www.strassenweb.de\/nachrichten\/natur-in-gefahr-bericht-warnt-vor-hinweisen-auf-ein-schwarzes-loch-im-planungsgesetz\/#primaryimage"},"image":{"@id":"https:\/\/www.strassenweb.de\/nachrichten\/natur-in-gefahr-bericht-warnt-vor-hinweisen-auf-ein-schwarzes-loch-im-planungsgesetz\/#primaryimage"},"thumbnailUrl":"https:\/\/www.strassenweb.de\/nachrichten\/wp-content\/uploads\/2025\/10\/Natur-in-Gefahr-\u2013-Bericht-warnt-vor-Hinweisen-auf-ein.jpg","datePublished":"2025-10-18T15:39:51+00:00","breadcrumb":{"@id":"https:\/\/www.strassenweb.de\/nachrichten\/natur-in-gefahr-bericht-warnt-vor-hinweisen-auf-ein-schwarzes-loch-im-planungsgesetz\/#breadcrumb"},"inLanguage":"de","potentialAction":[{"@type":"ReadAction","target":["https:\/\/www.strassenweb.de\/nachrichten\/natur-in-gefahr-bericht-warnt-vor-hinweisen-auf-ein-schwarzes-loch-im-planungsgesetz\/"]}]},{"@type":"ImageObject","inLanguage":"de","@id":"https:\/\/www.strassenweb.de\/nachrichten\/natur-in-gefahr-bericht-warnt-vor-hinweisen-auf-ein-schwarzes-loch-im-planungsgesetz\/#primaryimage","url":"https:\/\/www.strassenweb.de\/nachrichten\/wp-content\/uploads\/2025\/10\/Natur-in-Gefahr-\u2013-Bericht-warnt-vor-Hinweisen-auf-ein.jpg","contentUrl":"https:\/\/www.strassenweb.de\/nachrichten\/wp-content\/uploads\/2025\/10\/Natur-in-Gefahr-\u2013-Bericht-warnt-vor-Hinweisen-auf-ein.jpg","width":900,"height":575,"caption":"Nature at risk \u2013 report warns of evidence there&#039;s a black hole in the Planning Bill"},{"@type":"BreadcrumbList","@id":"https:\/\/www.strassenweb.de\/nachrichten\/natur-in-gefahr-bericht-warnt-vor-hinweisen-auf-ein-schwarzes-loch-im-planungsgesetz\/#breadcrumb","itemListElement":[{"@type":"ListItem","position":1,"name":"Home","item":"https:\/\/www.strassenweb.de\/nachrichten\/"},{"@type":"ListItem","position":2,"name":"Natur in Gefahr \u2013 Bericht warnt vor Hinweisen auf ein schwarzes Loch im Planungsgesetz"}]},{"@type":"WebSite","@id":"https:\/\/www.strassenweb.de\/nachrichten\/#website","url":"https:\/\/www.strassenweb.de\/nachrichten\/","name":"Stra\u00dfenweb","description":"Stra\u00dfenverzeichnis f\u00fcr Deutschland","publisher":{"@id":"https:\/\/www.strassenweb.de\/nachrichten\/#organization"},"potentialAction":[{"@type":"SearchAction","target":{"@type":"EntryPoint","urlTemplate":"https:\/\/www.strassenweb.de\/nachrichten\/?s={search_term_string}"},"query-input":{"@type":"PropertyValueSpecification","valueRequired":true,"valueName":"search_term_string"}}],"inLanguage":"de"},{"@type":"Organization","@id":"https:\/\/www.strassenweb.de\/nachrichten\/#organization","name":"Stra\u00dfenweb","url":"https:\/\/www.strassenweb.de\/nachrichten\/","logo":{"@type":"ImageObject","inLanguage":"de","@id":"https:\/\/www.strassenweb.de\/nachrichten\/#\/schema\/logo\/image\/","url":"https:\/\/www.strassenweb.de\/nachrichten\/wp-content\/uploads\/2024\/09\/cropped-favicon.png","contentUrl":"https:\/\/www.strassenweb.de\/nachrichten\/wp-content\/uploads\/2024\/09\/cropped-favicon.png","width":512,"height":512,"caption":"Stra\u00dfenweb"},"image":{"@id":"https:\/\/www.strassenweb.de\/nachrichten\/#\/schema\/logo\/image\/"},"sameAs":["https:\/\/www.facebook.com\/strassenweb\/"]},{"@type":"Person","@id":"https:\/\/www.strassenweb.de\/nachrichten\/#\/schema\/person\/87c9c9067f1211da429a744dc5a5aa41","name":"Robert Hoffmann","image":{"@type":"ImageObject","inLanguage":"de","@id":"https:\/\/www.strassenweb.de\/nachrichten\/wp-content\/uploads\/2024\/09\/strassenweb-150x150.jpg","url":"https:\/\/www.strassenweb.de\/nachrichten\/wp-content\/uploads\/2024\/09\/strassenweb-150x150.jpg","contentUrl":"https:\/\/www.strassenweb.de\/nachrichten\/wp-content\/uploads\/2024\/09\/strassenweb-150x150.jpg","caption":"Robert Hoffmann"},"description":"Ich hei\u00dfe Robert Hoffmann und ich bin ein leidenschaftlicher Verfechter von \u00d6kologie und Biodiversit\u00e4t. Seit meiner Kindheit in den W\u00e4ldern Bayerns f\u00fchle ich mich mit der Natur verbunden und bin entschlossen, sie zu sch\u00fctzen. Heute widme ich mein Leben der Sensibilisierung anderer f\u00fcr die Bedeutung des Umweltschutzes f\u00fcr zuk\u00fcnftige Generationen.","sameAs":["https:\/\/www.strassenweb.de\/"]}]}},"_links":{"self":[{"href":"https:\/\/www.strassenweb.de\/nachrichten\/wp-json\/wp\/v2\/posts\/8575","targetHints":{"allow":["GET"]}}],"collection":[{"href":"https:\/\/www.strassenweb.de\/nachrichten\/wp-json\/wp\/v2\/posts"}],"about":[{"href":"https:\/\/www.strassenweb.de\/nachrichten\/wp-json\/wp\/v2\/types\/post"}],"author":[{"embeddable":true,"href":"https:\/\/www.strassenweb.de\/nachrichten\/wp-json\/wp\/v2\/users\/1"}],"replies":[{"embeddable":true,"href":"https:\/\/www.strassenweb.de\/nachrichten\/wp-json\/wp\/v2\/comments?post=8575"}],"version-history":[{"count":0,"href":"https:\/\/www.strassenweb.de\/nachrichten\/wp-json\/wp\/v2\/posts\/8575\/revisions"}],"wp:featuredmedia":[{"embeddable":true,"href":"https:\/\/www.strassenweb.de\/nachrichten\/wp-json\/wp\/v2\/media\/8576"}],"wp:attachment":[{"href":"https:\/\/www.strassenweb.de\/nachrichten\/wp-json\/wp\/v2\/media?parent=8575"}],"wp:term":[{"taxonomy":"category","embeddable":true,"href":"https:\/\/www.strassenweb.de\/nachrichten\/wp-json\/wp\/v2\/categories?post=8575"},{"taxonomy":"post_tag","embeddable":true,"href":"https:\/\/www.strassenweb.de\/nachrichten\/wp-json\/wp\/v2\/tags?post=8575"}],"curies":[{"name":"wp","href":"https:\/\/api.w.org\/{rel}","templated":true}]}}