{"id":8557,"date":"2025-10-18T01:39:24","date_gmt":"2025-10-17T23:39:24","guid":{"rendered":"https:\/\/www.strassenweb.de\/nachrichten\/dieser-veraltete-wandtrend-ist-dank-josh-brolins-maximalist-living-room-wieder-in-mode-ein-schluessellook-fuer-2026\/"},"modified":"2025-10-18T01:39:29","modified_gmt":"2025-10-17T23:39:29","slug":"dieser-veraltete-wandtrend-ist-dank-josh-brolins-maximalist-living-room-wieder-in-mode-ein-schluessellook-fuer-2026","status":"publish","type":"post","link":"https:\/\/www.strassenweb.de\/nachrichten\/dieser-veraltete-wandtrend-ist-dank-josh-brolins-maximalist-living-room-wieder-in-mode-ein-schluessellook-fuer-2026\/","title":{"rendered":"Dieser veraltete Wandtrend ist dank Josh Brolins \u201eMaximalist Living Room\u201c wieder in Mode \u2013 ein Schl\u00fcssellook f\u00fcr 2026"},"content":{"rendered":"<p><\/p>\n<div id=\"article-body\" class=\"article__body \">\n<p id=\"ef17d09b-4d4e-4bef-a1fe-99e81bad2b5b\">Galeriew\u00e4nde waren im Jahr 2010 eine gro\u00dfe Neuigkeit in der Innenarchitektur. Als Raum, in dem Sie Ihren dekorativen Geschmack zur Geltung bringen und eine einzigartige Geschichte erz\u00e4hlen k\u00f6nnen, ist dieser einst \u00fcberholte Wanddekorationstrend wieder zur\u00fcckgekehrt und hat sich in eine anspruchsvolle Pr\u00e4sentation verwandelt, die Charakter, Tiefe und pers\u00f6nliche Erz\u00e4hlung in den Vordergrund stellt \u2013 Schl\u00fcsselelemente des Luxusdesigns f\u00fcr 2025 und 2026.<\/p>\n<div id=\"ad-unit-1\" class=\"ad-unit\"><\/div>\n<p>Das Dekorieren mit Kunstwerken an der Wand ist eine einfache M\u00f6glichkeit, einen sofortigen Effekt zu erzielen \u2013 jeder Raum hat mehr Wandfl\u00e4che als alles andere. Da R\u00e4ume zunehmend f\u00fcr den individuellen Ausdruck gestaltet werden, sind W\u00e4nde zu entscheidenden Merkmalen geworden.<\/p>\n<aside data-block-type=\"embed\" data-render-type=\"fte\" data-skip=\"dealsy\" data-widget-type=\"seasonal\" class=\"hawk-root\"><\/aside>\n<p id=\"ef17d09b-4d4e-4bef-a1fe-99e81bad2b5b-2\">\u201eIch denke oft, dass die Leute ihren W\u00e4nden nicht ann\u00e4hernd genug Aufmerksamkeit schenken und Monate damit verbringen, nach Stoffen oder M\u00f6beln zu recherchieren, sondern nur wenige Minuten damit verbringen, zu entscheiden, wie sie ihre Wand dekorieren oder welche Kunst sie aufh\u00e4ngen wollen\u201c, sagt Martin Waller, Gr\u00fcnder von Andrew Martin.<\/p>\n<div class=\"van_vid_carousel\">\n<div class=\"van_vid_carousel__padding\">\n<div class=\"van_vid_carousel__container\"><\/div>\n<\/div>\n<\/div>\n<p class=\"paywall\" aria-hidden=\"true\">Als der amerikanische Schauspieler Josh Brolin der Star von <em>Waffen<\/em> Und <em>Dune: Teil Zwei<\/em>Als er vor zwei Jahren sein Haus in Malibu enth\u00fcllte, bemerkten die Designer die au\u00dfergew\u00f6hnliche Galeriewand, die vom Innenarchitektenduo Pierce &#038; Ward, Louisa Pierce und Emily Ward kuratiert wurde und alle Hebel in Bewegung setzte, um eine authentische Geschichte zu erz\u00e4hlen.<\/p>\n<div id=\"ad-unit-2\" class=\"ad-unit\"><\/div>\n<div class=\"instagram-embed\" id=\"C4MOxjZPV8c\">\n<blockquote class=\"instagram-media\" data-instgrm-captioned data-instgrm-version=\"6\" style=\"width:99.375%; width:-webkit-calc(100% - 2px); width:calc(100% - 2px);\">\n<p>Ein von Pierce &#038; Ward (@pierceandward) geteilter Beitrag<\/p>\n<p>Ein Foto gepostet von am <\/p>\n<\/blockquote>\n<\/div>\n<p id=\"de7e0943-488c-419f-a9e2-80ec39baa314\">Storytelling im Design ist f\u00fcr 2026 von entscheidender Bedeutung. Sch\u00f6ne Dinge allein reichen nicht aus; Die Erz\u00e4hlung Ihres Lebens und Ihre pers\u00f6nlichen Sammlungen sollten in Ihren Innenr\u00e4umen eine zentrale Resonanz haben. Die traditionelle Galeriewand, die wir einst liebten, wurde zu einem leistungsstarken Werkzeug f\u00fcr diesen Zweck weiterentwickelt.<\/p>\n<p>Wundersch\u00f6ne Ideen f\u00fcr eine Galeriewand waren noch nie so m\u00fchelos. Erschwingliche Kunstmessen, Vintage-M\u00e4rkte und Online-Plattformen boomen \u2013 die Gestaltung Ihrer eigenen kuratierten Wand zu Hause ist einfacher denn je.<\/p>\n<p>Es gibt mehrere M\u00f6glichkeiten, Ihre Galeriewand so auff\u00e4llig aussehen zu lassen wie die von Josh Brolin. Definieren Sie zun\u00e4chst Ihren Stil, sei es der eklektische, ruhige Minimalismus oder ein ma\u00dfgeschneiderter, moderner, klassischer Ansatz. Dies wird Sie bei Ihrer Auswahl leiten, vom Motiv und der Farbpalette (z. B. Schwarz-Wei\u00df-Fotografie oder Erdt\u00f6ne) bis hin zum Rahmen.<\/p>\n<div id=\"slice-container-newsletterForm-articleInbodyContent-oXYqtJ8UTkbihLBJQGhL4V\" class=\"slice-container newsletter-inbodyContent-slice newsletterForm-articleInbodyContent-oXYqtJ8UTkbihLBJQGhL4V slice-container-newsletterForm\"><\/div>\n<p>\u201eBei der Entscheidung, wo eine gro\u00dfe Galeriewand mit Bildern platziert werden soll, m\u00fcssen einige Faktoren ber\u00fccksichtigt werden\u201c, sagt Designerin Sophie Ashby. \u201eBedenken Sie die Position der M\u00f6bel, den Eingang zum Raum und die Fenster \u2013 hinter einem Sofa oder \u00fcber dem Kamin ist immer ein zuverl\u00e4ssiger Standort.\u201c<\/p>\n<p>\u201eGaleriew\u00e4nde k\u00f6nnen pers\u00f6nlich und gem\u00fctlich wirken \u2013 und sind eine gro\u00dfartige M\u00f6glichkeit, eine Kunstsammlung zu pr\u00e4sentieren\u201c, sagt Innenarchitektin Leonora Hamill, die an Projekten zwischen New York und London arbeitet. \u201eOft h\u00e4nge ich ein Arrangement aus gerahmten Arbeiten auf Papier mit dem einen oder anderen kleinen Stoff auf einer Trage im Eingangsbereich oder \u00fcber einem Sofa oder einer Kommode auf.\u201c Auch wenn ein Werk nicht wertvoll ist, sieht es in der Regel gro\u00dfartig aus, wenn es von anderer Kunst umgeben wird. Das Geheimnis besteht darin, kleine St\u00fccke neu zu gestalten. \u201eEin neuer Rahmen reicht weit.\u201c<\/p>\n<figure class=\"van-image-figure inline-layout \" data-bordeaux-image-check id=\"1562ddd9-bc78-4414-82c6-068d5943a025\">\n<div class=\"image-full-width-wrapper\">\n<div class=\"image-widthsetter\" style=\"max-width:2000px;\"><\/div>\n<\/div><figcaption class=\"inline-layout \">\n<div class=\"caption-text\">\n<p>\u00c4hnliche Galeriewand<\/p>\n<\/div>\n<\/figcaption><\/figure>\n<p id=\"5d6d4728-4bf8-4004-be04-2eec73472dfc\">Das Einrahmen von Kunstwerken ist eine Kunstform f\u00fcr sich, und die Art und Weise, wie Sie Ihr ausgew\u00e4hltes Kunstwerk einrahmen, ist entscheidend f\u00fcr die anspruchsvolle, vielschichtige \u00c4sthetik des Jahres 2026.<\/p>\n<p>Marcus Crane, Direktor von McCully &#038; Crane, stimmt dieser Meinung zu: \u201eBei McCully &#038; Crane geht es uns vor allem darum, eine Wand mit Kunst unterschiedlichen Ma\u00dfstabs zu kuratieren, um eine vielseitige Sammlung zu schaffen.\u201c Es geht darum, ein wenig Spontaneit\u00e4t zuzulassen; Perfektion ist nicht immer das Ziel. \u201eWir verwenden in jeder Gruppe auch gerne verschiedene Themen und Medien \u2013 eine Zusammenfassung, ein Portr\u00e4t, ein Stillleben \u2013 und mischen die Rahmung.\u201c<\/p>\n<p>Die Entscheidung, wie ein Kunstwerk gerahmt werden soll, kann genauso schwierig sein wie die Auswahl eines Kunstwerks. Durch die sorgf\u00e4ltige Kombination von Rahmen \u2013 von antik vergoldet bis hin zu eleganten, modernen dunklen Holz- oder Metallakzenten \u2013 und die Einbeziehung verschiedener Medien wird Ihr Kunstwerk zu einer musealen, ma\u00dfgeschneiderten Installation.<\/p>\n<h3 class=\"article-body__section\" id=\"section-shop-the-edit\"><span>Kaufen Sie die Bearbeitung<\/span><\/h3>\n<p id=\"e63343f4-1f65-40d7-98fd-b255a6acde9a\">Der einfachste Weg, an Kunst zu gelangen, waren viele Jahre lang Galerien und Kunstausstellungen. Heute, da High-Street-Marken die Attraktivit\u00e4t von Originalkunstwerken und -drucken erkannt haben, sind die M\u00f6glichkeiten explodiert. Arbeiten k\u00f6nnen schon ab 100 US-Dollar beginnen, und es geht nicht immer darum, den n\u00e4chsten Rothko oder Hockney zu entdecken \u2013 es geht darum, ein St\u00fcck \u2013 und einen Rahmen \u2013 zu finden, der Sie wirklich anspricht.<\/p>\n<div class=\"product-container hero-product-container product-block-no-wrap\">\n<div class=\"product-block-row\"><\/div>\n<div class=\"product-block-row\"><\/div>\n<div class=\"product-block-row\"><\/div>\n<\/div>\n<p id=\"110e7806-5f44-429f-8f21-67abc010c788\">Zusammenfassend l\u00e4sst sich sagen, dass die moderne Galeriewand weit mehr als nur ein fl\u00fcchtiger Dekorationstrend ist \u2013 sie ist eine kraftvolle M\u00f6glichkeit, einem Luxushaus Individualit\u00e4t und Erz\u00e4hlung zu verleihen. Mit einer Mischung aus Spontaneit\u00e4t, verschiedenen Materialien und durchdachter Rahmung k\u00f6nnen Sie eine lebendige, charaktervolle Pr\u00e4sentation entwerfen, die sich nahtlos in die vielschichtigen Innenr\u00e4ume einf\u00fcgt, die das Jahr 2026 pr\u00e4gen werden.<\/p>\n<div class=\"block\" id=\"articleTag\" data-component-name=\"PostArticleLinks\">\n<div class=\"border-b border-b-black border-solid py-2.5 text-black font-bold uppercase\">THEMEN<\/div>\n<nav class=\"py-2.5 flex gap-2.5 flex-wrap\" data-analytics-id=\"article-tag\">\n<p>Josh Brolin<\/p>\n<\/nav>\n<\/div>\n<\/div>\n<p><script async src=\"\/\/www.instagram.com\/embed.js\"><\/script><\/p>\n","protected":false},"excerpt":{"rendered":"<p>Galeriew\u00e4nde waren im Jahr 2010 eine gro\u00dfe Neuigkeit in der Innenarchitektur. Als Raum, in dem Sie Ihren dekorativen Geschmack zur Geltung bringen und eine einzigartige<\/p>\n","protected":false},"author":1,"featured_media":8558,"comment_status":"closed","ping_status":"","sticky":false,"template":"","format":"standard","meta":{"footnotes":""},"categories":[118],"tags":[10891,365,1554,43,55,15,2380,4850,10525,2252,1779,10892,2656,10890,1440],"class_list":["post-8557","post","type-post","status-publish","format-standard","has-post-thumbnail","hentry","category-haus-garten","tag-brolins","tag-dank","tag-dieser","tag-ein","tag-fuer","tag-ist","tag-josh","tag-living","tag-maximalist","tag-mode","tag-room","tag-schluessellook","tag-veraltete","tag-wandtrend","tag-wieder","generate-columns","tablet-grid-50","mobile-grid-100","grid-parent","grid-50"],"yoast_head":"<!-- This site is optimized with the Yoast SEO plugin v27.3 - https:\/\/yoast.com\/product\/yoast-seo-wordpress\/ -->\n<title>Dieser veraltete Wandtrend ist dank Josh Brolins \u201eMaximalist Living Room\u201c wieder in Mode \u2013 ein Schl\u00fcssellook f\u00fcr 2026 - Nachrichten - Stra\u00dfenweb<\/title>\n<meta name=\"robots\" content=\"index, follow, max-snippet:-1, max-image-preview:large, max-video-preview:-1\" \/>\n<link rel=\"canonical\" href=\"https:\/\/www.strassenweb.de\/nachrichten\/dieser-veraltete-wandtrend-ist-dank-josh-brolins-maximalist-living-room-wieder-in-mode-ein-schluessellook-fuer-2026\/\" \/>\n<meta property=\"og:locale\" content=\"de_DE\" \/>\n<meta property=\"og:type\" content=\"article\" \/>\n<meta property=\"og:title\" content=\"Dieser veraltete Wandtrend ist dank Josh Brolins \u201eMaximalist Living Room\u201c wieder in Mode \u2013 ein Schl\u00fcssellook f\u00fcr 2026 - Nachrichten - Stra\u00dfenweb\" \/>\n<meta property=\"og:description\" content=\"Galeriew\u00e4nde waren im Jahr 2010 eine gro\u00dfe Neuigkeit in der Innenarchitektur. Als Raum, in dem Sie Ihren dekorativen Geschmack zur Geltung bringen und eine einzigartige\" \/>\n<meta property=\"og:url\" content=\"https:\/\/www.strassenweb.de\/nachrichten\/dieser-veraltete-wandtrend-ist-dank-josh-brolins-maximalist-living-room-wieder-in-mode-ein-schluessellook-fuer-2026\/\" \/>\n<meta property=\"og:site_name\" content=\"Stra\u00dfenweb\" \/>\n<meta property=\"article:publisher\" content=\"https:\/\/www.facebook.com\/strassenweb\/\" \/>\n<meta property=\"article:published_time\" content=\"2025-10-17T23:39:24+00:00\" \/>\n<meta property=\"article:modified_time\" content=\"2025-10-17T23:39:29+00:00\" \/>\n<meta property=\"og:image\" content=\"https:\/\/www.strassenweb.de\/nachrichten\/wp-content\/uploads\/2025\/10\/Dieser-veraltete-Wandtrend-ist-dank-Josh-Brolins-\u201eMaximalist-Living-Room.jpg\" \/>\n\t<meta property=\"og:image:width\" content=\"2560\" \/>\n\t<meta property=\"og:image:height\" content=\"1440\" \/>\n\t<meta property=\"og:image:type\" content=\"image\/jpeg\" \/>\n<meta name=\"author\" content=\"Robert Hoffmann\" \/>\n<meta name=\"twitter:card\" content=\"summary_large_image\" \/>\n<meta name=\"twitter:label1\" content=\"Verfasst von\" \/>\n\t<meta name=\"twitter:data1\" content=\"Robert Hoffmann\" \/>\n\t<meta name=\"twitter:label2\" content=\"Gesch\u00e4tzte Lesezeit\" \/>\n\t<meta name=\"twitter:data2\" content=\"4\u00a0Minuten\" \/>\n<script type=\"application\/ld+json\" class=\"yoast-schema-graph\">{\"@context\":\"https:\\\/\\\/schema.org\",\"@graph\":[{\"@type\":\"Article\",\"@id\":\"https:\\\/\\\/www.strassenweb.de\\\/nachrichten\\\/dieser-veraltete-wandtrend-ist-dank-josh-brolins-maximalist-living-room-wieder-in-mode-ein-schluessellook-fuer-2026\\\/#article\",\"isPartOf\":{\"@id\":\"https:\\\/\\\/www.strassenweb.de\\\/nachrichten\\\/dieser-veraltete-wandtrend-ist-dank-josh-brolins-maximalist-living-room-wieder-in-mode-ein-schluessellook-fuer-2026\\\/\"},\"author\":{\"name\":\"Robert Hoffmann\",\"@id\":\"https:\\\/\\\/www.strassenweb.de\\\/nachrichten\\\/#\\\/schema\\\/person\\\/87c9c9067f1211da429a744dc5a5aa41\"},\"headline\":\"Dieser veraltete Wandtrend ist dank Josh Brolins \u201eMaximalist Living Room\u201c wieder in Mode \u2013 ein Schl\u00fcssellook f\u00fcr 2026\",\"datePublished\":\"2025-10-17T23:39:24+00:00\",\"dateModified\":\"2025-10-17T23:39:29+00:00\",\"mainEntityOfPage\":{\"@id\":\"https:\\\/\\\/www.strassenweb.de\\\/nachrichten\\\/dieser-veraltete-wandtrend-ist-dank-josh-brolins-maximalist-living-room-wieder-in-mode-ein-schluessellook-fuer-2026\\\/\"},\"wordCount\":847,\"publisher\":{\"@id\":\"https:\\\/\\\/www.strassenweb.de\\\/nachrichten\\\/#organization\"},\"image\":{\"@id\":\"https:\\\/\\\/www.strassenweb.de\\\/nachrichten\\\/dieser-veraltete-wandtrend-ist-dank-josh-brolins-maximalist-living-room-wieder-in-mode-ein-schluessellook-fuer-2026\\\/#primaryimage\"},\"thumbnailUrl\":\"https:\\\/\\\/www.strassenweb.de\\\/nachrichten\\\/wp-content\\\/uploads\\\/2025\\\/10\\\/Dieser-veraltete-Wandtrend-ist-dank-Josh-Brolins-\u201eMaximalist-Living-Room.jpg\",\"keywords\":[\"Brolins\",\"dank\",\"dieser\",\"ein\",\"f\u00fcr\",\"ist\",\"Josh\",\"living\",\"Maximalist\",\"Mode\",\"Room\",\"Schl\u00fcssellook\",\"veraltete\",\"Wandtrend\",\"wieder\"],\"articleSection\":[\"Haus &amp; Garten\"],\"inLanguage\":\"de\"},{\"@type\":\"WebPage\",\"@id\":\"https:\\\/\\\/www.strassenweb.de\\\/nachrichten\\\/dieser-veraltete-wandtrend-ist-dank-josh-brolins-maximalist-living-room-wieder-in-mode-ein-schluessellook-fuer-2026\\\/\",\"url\":\"https:\\\/\\\/www.strassenweb.de\\\/nachrichten\\\/dieser-veraltete-wandtrend-ist-dank-josh-brolins-maximalist-living-room-wieder-in-mode-ein-schluessellook-fuer-2026\\\/\",\"name\":\"Dieser veraltete Wandtrend ist dank Josh Brolins \u201eMaximalist Living Room\u201c wieder in Mode \u2013 ein Schl\u00fcssellook f\u00fcr 2026 - Nachrichten - Stra\u00dfenweb\",\"isPartOf\":{\"@id\":\"https:\\\/\\\/www.strassenweb.de\\\/nachrichten\\\/#website\"},\"primaryImageOfPage\":{\"@id\":\"https:\\\/\\\/www.strassenweb.de\\\/nachrichten\\\/dieser-veraltete-wandtrend-ist-dank-josh-brolins-maximalist-living-room-wieder-in-mode-ein-schluessellook-fuer-2026\\\/#primaryimage\"},\"image\":{\"@id\":\"https:\\\/\\\/www.strassenweb.de\\\/nachrichten\\\/dieser-veraltete-wandtrend-ist-dank-josh-brolins-maximalist-living-room-wieder-in-mode-ein-schluessellook-fuer-2026\\\/#primaryimage\"},\"thumbnailUrl\":\"https:\\\/\\\/www.strassenweb.de\\\/nachrichten\\\/wp-content\\\/uploads\\\/2025\\\/10\\\/Dieser-veraltete-Wandtrend-ist-dank-Josh-Brolins-\u201eMaximalist-Living-Room.jpg\",\"datePublished\":\"2025-10-17T23:39:24+00:00\",\"dateModified\":\"2025-10-17T23:39:29+00:00\",\"breadcrumb\":{\"@id\":\"https:\\\/\\\/www.strassenweb.de\\\/nachrichten\\\/dieser-veraltete-wandtrend-ist-dank-josh-brolins-maximalist-living-room-wieder-in-mode-ein-schluessellook-fuer-2026\\\/#breadcrumb\"},\"inLanguage\":\"de\",\"potentialAction\":[{\"@type\":\"ReadAction\",\"target\":[\"https:\\\/\\\/www.strassenweb.de\\\/nachrichten\\\/dieser-veraltete-wandtrend-ist-dank-josh-brolins-maximalist-living-room-wieder-in-mode-ein-schluessellook-fuer-2026\\\/\"]}]},{\"@type\":\"ImageObject\",\"inLanguage\":\"de\",\"@id\":\"https:\\\/\\\/www.strassenweb.de\\\/nachrichten\\\/dieser-veraltete-wandtrend-ist-dank-josh-brolins-maximalist-living-room-wieder-in-mode-ein-schluessellook-fuer-2026\\\/#primaryimage\",\"url\":\"https:\\\/\\\/www.strassenweb.de\\\/nachrichten\\\/wp-content\\\/uploads\\\/2025\\\/10\\\/Dieser-veraltete-Wandtrend-ist-dank-Josh-Brolins-\u201eMaximalist-Living-Room.jpg\",\"contentUrl\":\"https:\\\/\\\/www.strassenweb.de\\\/nachrichten\\\/wp-content\\\/uploads\\\/2025\\\/10\\\/Dieser-veraltete-Wandtrend-ist-dank-Josh-Brolins-\u201eMaximalist-Living-Room.jpg\",\"width\":2560,\"height\":1440,\"caption\":\"Dieser veraltete Wandtrend ist dank Josh Brolins \u201eMaximalist Living Room\u201c wieder in Mode \u2013 ein Schl\u00fcssellook f\u00fcr 2026\"},{\"@type\":\"BreadcrumbList\",\"@id\":\"https:\\\/\\\/www.strassenweb.de\\\/nachrichten\\\/dieser-veraltete-wandtrend-ist-dank-josh-brolins-maximalist-living-room-wieder-in-mode-ein-schluessellook-fuer-2026\\\/#breadcrumb\",\"itemListElement\":[{\"@type\":\"ListItem\",\"position\":1,\"name\":\"Home\",\"item\":\"https:\\\/\\\/www.strassenweb.de\\\/nachrichten\\\/\"},{\"@type\":\"ListItem\",\"position\":2,\"name\":\"Dieser veraltete Wandtrend ist dank Josh Brolins \u201eMaximalist Living Room\u201c wieder in Mode \u2013 ein Schl\u00fcssellook f\u00fcr 2026\"}]},{\"@type\":\"WebSite\",\"@id\":\"https:\\\/\\\/www.strassenweb.de\\\/nachrichten\\\/#website\",\"url\":\"https:\\\/\\\/www.strassenweb.de\\\/nachrichten\\\/\",\"name\":\"Stra\u00dfenweb\",\"description\":\"Stra\u00dfenverzeichnis f\u00fcr Deutschland\",\"publisher\":{\"@id\":\"https:\\\/\\\/www.strassenweb.de\\\/nachrichten\\\/#organization\"},\"potentialAction\":[{\"@type\":\"SearchAction\",\"target\":{\"@type\":\"EntryPoint\",\"urlTemplate\":\"https:\\\/\\\/www.strassenweb.de\\\/nachrichten\\\/?s={search_term_string}\"},\"query-input\":{\"@type\":\"PropertyValueSpecification\",\"valueRequired\":true,\"valueName\":\"search_term_string\"}}],\"inLanguage\":\"de\"},{\"@type\":\"Organization\",\"@id\":\"https:\\\/\\\/www.strassenweb.de\\\/nachrichten\\\/#organization\",\"name\":\"Stra\u00dfenweb\",\"url\":\"https:\\\/\\\/www.strassenweb.de\\\/nachrichten\\\/\",\"logo\":{\"@type\":\"ImageObject\",\"inLanguage\":\"de\",\"@id\":\"https:\\\/\\\/www.strassenweb.de\\\/nachrichten\\\/#\\\/schema\\\/logo\\\/image\\\/\",\"url\":\"https:\\\/\\\/www.strassenweb.de\\\/nachrichten\\\/wp-content\\\/uploads\\\/2024\\\/09\\\/cropped-favicon.png\",\"contentUrl\":\"https:\\\/\\\/www.strassenweb.de\\\/nachrichten\\\/wp-content\\\/uploads\\\/2024\\\/09\\\/cropped-favicon.png\",\"width\":512,\"height\":512,\"caption\":\"Stra\u00dfenweb\"},\"image\":{\"@id\":\"https:\\\/\\\/www.strassenweb.de\\\/nachrichten\\\/#\\\/schema\\\/logo\\\/image\\\/\"},\"sameAs\":[\"https:\\\/\\\/www.facebook.com\\\/strassenweb\\\/\"]},{\"@type\":\"Person\",\"@id\":\"https:\\\/\\\/www.strassenweb.de\\\/nachrichten\\\/#\\\/schema\\\/person\\\/87c9c9067f1211da429a744dc5a5aa41\",\"name\":\"Robert Hoffmann\",\"image\":{\"@type\":\"ImageObject\",\"inLanguage\":\"de\",\"@id\":\"https:\\\/\\\/www.strassenweb.de\\\/nachrichten\\\/wp-content\\\/uploads\\\/2024\\\/09\\\/strassenweb-150x150.jpg\",\"url\":\"https:\\\/\\\/www.strassenweb.de\\\/nachrichten\\\/wp-content\\\/uploads\\\/2024\\\/09\\\/strassenweb-150x150.jpg\",\"contentUrl\":\"https:\\\/\\\/www.strassenweb.de\\\/nachrichten\\\/wp-content\\\/uploads\\\/2024\\\/09\\\/strassenweb-150x150.jpg\",\"caption\":\"Robert Hoffmann\"},\"description\":\"Ich hei\u00dfe Robert Hoffmann und ich bin ein leidenschaftlicher Verfechter von \u00d6kologie und Biodiversit\u00e4t. Seit meiner Kindheit in den W\u00e4ldern Bayerns f\u00fchle ich mich mit der Natur verbunden und bin entschlossen, sie zu sch\u00fctzen. Heute widme ich mein Leben der Sensibilisierung anderer f\u00fcr die Bedeutung des Umweltschutzes f\u00fcr zuk\u00fcnftige Generationen.\",\"sameAs\":[\"https:\\\/\\\/www.strassenweb.de\\\/\"]}]}<\/script>\n<!-- \/ Yoast SEO plugin. -->","yoast_head_json":{"title":"Dieser veraltete Wandtrend ist dank Josh Brolins \u201eMaximalist Living Room\u201c wieder in Mode \u2013 ein Schl\u00fcssellook f\u00fcr 2026 - Nachrichten - Stra\u00dfenweb","robots":{"index":"index","follow":"follow","max-snippet":"max-snippet:-1","max-image-preview":"max-image-preview:large","max-video-preview":"max-video-preview:-1"},"canonical":"https:\/\/www.strassenweb.de\/nachrichten\/dieser-veraltete-wandtrend-ist-dank-josh-brolins-maximalist-living-room-wieder-in-mode-ein-schluessellook-fuer-2026\/","og_locale":"de_DE","og_type":"article","og_title":"Dieser veraltete Wandtrend ist dank Josh Brolins \u201eMaximalist Living Room\u201c wieder in Mode \u2013 ein Schl\u00fcssellook f\u00fcr 2026 - Nachrichten - Stra\u00dfenweb","og_description":"Galeriew\u00e4nde waren im Jahr 2010 eine gro\u00dfe Neuigkeit in der Innenarchitektur. Als Raum, in dem Sie Ihren dekorativen Geschmack zur Geltung bringen und eine einzigartige","og_url":"https:\/\/www.strassenweb.de\/nachrichten\/dieser-veraltete-wandtrend-ist-dank-josh-brolins-maximalist-living-room-wieder-in-mode-ein-schluessellook-fuer-2026\/","og_site_name":"Stra\u00dfenweb","article_publisher":"https:\/\/www.facebook.com\/strassenweb\/","article_published_time":"2025-10-17T23:39:24+00:00","article_modified_time":"2025-10-17T23:39:29+00:00","og_image":[{"width":2560,"height":1440,"url":"https:\/\/www.strassenweb.de\/nachrichten\/wp-content\/uploads\/2025\/10\/Dieser-veraltete-Wandtrend-ist-dank-Josh-Brolins-\u201eMaximalist-Living-Room.jpg","type":"image\/jpeg"}],"author":"Robert Hoffmann","twitter_card":"summary_large_image","twitter_misc":{"Verfasst von":"Robert Hoffmann","Gesch\u00e4tzte Lesezeit":"4\u00a0Minuten"},"schema":{"@context":"https:\/\/schema.org","@graph":[{"@type":"Article","@id":"https:\/\/www.strassenweb.de\/nachrichten\/dieser-veraltete-wandtrend-ist-dank-josh-brolins-maximalist-living-room-wieder-in-mode-ein-schluessellook-fuer-2026\/#article","isPartOf":{"@id":"https:\/\/www.strassenweb.de\/nachrichten\/dieser-veraltete-wandtrend-ist-dank-josh-brolins-maximalist-living-room-wieder-in-mode-ein-schluessellook-fuer-2026\/"},"author":{"name":"Robert Hoffmann","@id":"https:\/\/www.strassenweb.de\/nachrichten\/#\/schema\/person\/87c9c9067f1211da429a744dc5a5aa41"},"headline":"Dieser veraltete Wandtrend ist dank Josh Brolins \u201eMaximalist Living Room\u201c wieder in Mode \u2013 ein Schl\u00fcssellook f\u00fcr 2026","datePublished":"2025-10-17T23:39:24+00:00","dateModified":"2025-10-17T23:39:29+00:00","mainEntityOfPage":{"@id":"https:\/\/www.strassenweb.de\/nachrichten\/dieser-veraltete-wandtrend-ist-dank-josh-brolins-maximalist-living-room-wieder-in-mode-ein-schluessellook-fuer-2026\/"},"wordCount":847,"publisher":{"@id":"https:\/\/www.strassenweb.de\/nachrichten\/#organization"},"image":{"@id":"https:\/\/www.strassenweb.de\/nachrichten\/dieser-veraltete-wandtrend-ist-dank-josh-brolins-maximalist-living-room-wieder-in-mode-ein-schluessellook-fuer-2026\/#primaryimage"},"thumbnailUrl":"https:\/\/www.strassenweb.de\/nachrichten\/wp-content\/uploads\/2025\/10\/Dieser-veraltete-Wandtrend-ist-dank-Josh-Brolins-\u201eMaximalist-Living-Room.jpg","keywords":["Brolins","dank","dieser","ein","f\u00fcr","ist","Josh","living","Maximalist","Mode","Room","Schl\u00fcssellook","veraltete","Wandtrend","wieder"],"articleSection":["Haus &amp; Garten"],"inLanguage":"de"},{"@type":"WebPage","@id":"https:\/\/www.strassenweb.de\/nachrichten\/dieser-veraltete-wandtrend-ist-dank-josh-brolins-maximalist-living-room-wieder-in-mode-ein-schluessellook-fuer-2026\/","url":"https:\/\/www.strassenweb.de\/nachrichten\/dieser-veraltete-wandtrend-ist-dank-josh-brolins-maximalist-living-room-wieder-in-mode-ein-schluessellook-fuer-2026\/","name":"Dieser veraltete Wandtrend ist dank Josh Brolins \u201eMaximalist Living Room\u201c wieder in Mode \u2013 ein Schl\u00fcssellook f\u00fcr 2026 - Nachrichten - Stra\u00dfenweb","isPartOf":{"@id":"https:\/\/www.strassenweb.de\/nachrichten\/#website"},"primaryImageOfPage":{"@id":"https:\/\/www.strassenweb.de\/nachrichten\/dieser-veraltete-wandtrend-ist-dank-josh-brolins-maximalist-living-room-wieder-in-mode-ein-schluessellook-fuer-2026\/#primaryimage"},"image":{"@id":"https:\/\/www.strassenweb.de\/nachrichten\/dieser-veraltete-wandtrend-ist-dank-josh-brolins-maximalist-living-room-wieder-in-mode-ein-schluessellook-fuer-2026\/#primaryimage"},"thumbnailUrl":"https:\/\/www.strassenweb.de\/nachrichten\/wp-content\/uploads\/2025\/10\/Dieser-veraltete-Wandtrend-ist-dank-Josh-Brolins-\u201eMaximalist-Living-Room.jpg","datePublished":"2025-10-17T23:39:24+00:00","dateModified":"2025-10-17T23:39:29+00:00","breadcrumb":{"@id":"https:\/\/www.strassenweb.de\/nachrichten\/dieser-veraltete-wandtrend-ist-dank-josh-brolins-maximalist-living-room-wieder-in-mode-ein-schluessellook-fuer-2026\/#breadcrumb"},"inLanguage":"de","potentialAction":[{"@type":"ReadAction","target":["https:\/\/www.strassenweb.de\/nachrichten\/dieser-veraltete-wandtrend-ist-dank-josh-brolins-maximalist-living-room-wieder-in-mode-ein-schluessellook-fuer-2026\/"]}]},{"@type":"ImageObject","inLanguage":"de","@id":"https:\/\/www.strassenweb.de\/nachrichten\/dieser-veraltete-wandtrend-ist-dank-josh-brolins-maximalist-living-room-wieder-in-mode-ein-schluessellook-fuer-2026\/#primaryimage","url":"https:\/\/www.strassenweb.de\/nachrichten\/wp-content\/uploads\/2025\/10\/Dieser-veraltete-Wandtrend-ist-dank-Josh-Brolins-\u201eMaximalist-Living-Room.jpg","contentUrl":"https:\/\/www.strassenweb.de\/nachrichten\/wp-content\/uploads\/2025\/10\/Dieser-veraltete-Wandtrend-ist-dank-Josh-Brolins-\u201eMaximalist-Living-Room.jpg","width":2560,"height":1440,"caption":"Dieser veraltete Wandtrend ist dank Josh Brolins \u201eMaximalist Living Room\u201c wieder in Mode \u2013 ein Schl\u00fcssellook f\u00fcr 2026"},{"@type":"BreadcrumbList","@id":"https:\/\/www.strassenweb.de\/nachrichten\/dieser-veraltete-wandtrend-ist-dank-josh-brolins-maximalist-living-room-wieder-in-mode-ein-schluessellook-fuer-2026\/#breadcrumb","itemListElement":[{"@type":"ListItem","position":1,"name":"Home","item":"https:\/\/www.strassenweb.de\/nachrichten\/"},{"@type":"ListItem","position":2,"name":"Dieser veraltete Wandtrend ist dank Josh Brolins \u201eMaximalist Living Room\u201c wieder in Mode \u2013 ein Schl\u00fcssellook f\u00fcr 2026"}]},{"@type":"WebSite","@id":"https:\/\/www.strassenweb.de\/nachrichten\/#website","url":"https:\/\/www.strassenweb.de\/nachrichten\/","name":"Stra\u00dfenweb","description":"Stra\u00dfenverzeichnis f\u00fcr Deutschland","publisher":{"@id":"https:\/\/www.strassenweb.de\/nachrichten\/#organization"},"potentialAction":[{"@type":"SearchAction","target":{"@type":"EntryPoint","urlTemplate":"https:\/\/www.strassenweb.de\/nachrichten\/?s={search_term_string}"},"query-input":{"@type":"PropertyValueSpecification","valueRequired":true,"valueName":"search_term_string"}}],"inLanguage":"de"},{"@type":"Organization","@id":"https:\/\/www.strassenweb.de\/nachrichten\/#organization","name":"Stra\u00dfenweb","url":"https:\/\/www.strassenweb.de\/nachrichten\/","logo":{"@type":"ImageObject","inLanguage":"de","@id":"https:\/\/www.strassenweb.de\/nachrichten\/#\/schema\/logo\/image\/","url":"https:\/\/www.strassenweb.de\/nachrichten\/wp-content\/uploads\/2024\/09\/cropped-favicon.png","contentUrl":"https:\/\/www.strassenweb.de\/nachrichten\/wp-content\/uploads\/2024\/09\/cropped-favicon.png","width":512,"height":512,"caption":"Stra\u00dfenweb"},"image":{"@id":"https:\/\/www.strassenweb.de\/nachrichten\/#\/schema\/logo\/image\/"},"sameAs":["https:\/\/www.facebook.com\/strassenweb\/"]},{"@type":"Person","@id":"https:\/\/www.strassenweb.de\/nachrichten\/#\/schema\/person\/87c9c9067f1211da429a744dc5a5aa41","name":"Robert Hoffmann","image":{"@type":"ImageObject","inLanguage":"de","@id":"https:\/\/www.strassenweb.de\/nachrichten\/wp-content\/uploads\/2024\/09\/strassenweb-150x150.jpg","url":"https:\/\/www.strassenweb.de\/nachrichten\/wp-content\/uploads\/2024\/09\/strassenweb-150x150.jpg","contentUrl":"https:\/\/www.strassenweb.de\/nachrichten\/wp-content\/uploads\/2024\/09\/strassenweb-150x150.jpg","caption":"Robert Hoffmann"},"description":"Ich hei\u00dfe Robert Hoffmann und ich bin ein leidenschaftlicher Verfechter von \u00d6kologie und Biodiversit\u00e4t. Seit meiner Kindheit in den W\u00e4ldern Bayerns f\u00fchle ich mich mit der Natur verbunden und bin entschlossen, sie zu sch\u00fctzen. Heute widme ich mein Leben der Sensibilisierung anderer f\u00fcr die Bedeutung des Umweltschutzes f\u00fcr zuk\u00fcnftige Generationen.","sameAs":["https:\/\/www.strassenweb.de\/"]}]}},"_links":{"self":[{"href":"https:\/\/www.strassenweb.de\/nachrichten\/wp-json\/wp\/v2\/posts\/8557","targetHints":{"allow":["GET"]}}],"collection":[{"href":"https:\/\/www.strassenweb.de\/nachrichten\/wp-json\/wp\/v2\/posts"}],"about":[{"href":"https:\/\/www.strassenweb.de\/nachrichten\/wp-json\/wp\/v2\/types\/post"}],"author":[{"embeddable":true,"href":"https:\/\/www.strassenweb.de\/nachrichten\/wp-json\/wp\/v2\/users\/1"}],"replies":[{"embeddable":true,"href":"https:\/\/www.strassenweb.de\/nachrichten\/wp-json\/wp\/v2\/comments?post=8557"}],"version-history":[{"count":0,"href":"https:\/\/www.strassenweb.de\/nachrichten\/wp-json\/wp\/v2\/posts\/8557\/revisions"}],"wp:featuredmedia":[{"embeddable":true,"href":"https:\/\/www.strassenweb.de\/nachrichten\/wp-json\/wp\/v2\/media\/8558"}],"wp:attachment":[{"href":"https:\/\/www.strassenweb.de\/nachrichten\/wp-json\/wp\/v2\/media?parent=8557"}],"wp:term":[{"taxonomy":"category","embeddable":true,"href":"https:\/\/www.strassenweb.de\/nachrichten\/wp-json\/wp\/v2\/categories?post=8557"},{"taxonomy":"post_tag","embeddable":true,"href":"https:\/\/www.strassenweb.de\/nachrichten\/wp-json\/wp\/v2\/tags?post=8557"}],"curies":[{"name":"wp","href":"https:\/\/api.w.org\/{rel}","templated":true}]}}