{"id":8545,"date":"2025-10-17T16:39:16","date_gmt":"2025-10-17T14:39:16","guid":{"rendered":"https:\/\/www.strassenweb.de\/nachrichten\/benjamin-moore-hat-gerade-seine-farbe-des-jahres-bekannt-gegeben-und-das-ist-ein-100-prozentiger-beweis-dafuer-dass-braun-das-neue-beige-fuer-2026-ist\/"},"modified":"2025-10-17T16:39:18","modified_gmt":"2025-10-17T14:39:18","slug":"benjamin-moore-hat-gerade-seine-farbe-des-jahres-bekannt-gegeben-und-das-ist-ein-100-prozentiger-beweis-dafuer-dass-braun-das-neue-beige-fuer-2026-ist","status":"publish","type":"post","link":"https:\/\/www.strassenweb.de\/nachrichten\/benjamin-moore-hat-gerade-seine-farbe-des-jahres-bekannt-gegeben-und-das-ist-ein-100-prozentiger-beweis-dafuer-dass-braun-das-neue-beige-fuer-2026-ist\/","title":{"rendered":"Benjamin Moore hat gerade seine Farbe des Jahres bekannt gegeben \u2013 und das ist ein 100-prozentiger Beweis daf\u00fcr, dass Braun das neue Beige f\u00fcr 2026 ist"},"content":{"rendered":"<p><\/p>\n<div id=\"article-body\" class=\"article__body \">\n<p id=\"b2c6faf0-93d9-4529-bdfe-351dead88b2c\">Mode und Innenarchitektur m\u00f6gen zwei unterschiedliche Branchen sein, aber sie sind von Natur aus eng miteinander verbunden und inspirieren sich st\u00e4ndig gegenseitig. Benjamin Moores Wahl zur Farbe des Jahres 2026 ist ein Beweis daf\u00fcr.<\/p>\n<div id=\"ad-unit-1\" class=\"ad-unit\"><\/div>\n<p>Passender Name &#8218;<em>Silhouette<\/em>&#8218;, die Farbauswahl der Lackmarke ist ein luxuri\u00f6ser Farbton, der satte Espressot\u00f6ne mit schattigen Anthrazitt\u00f6nen verbindet. Es handelt sich um einen Farbtrend, der vom Benjamin Moore-Team entwickelt wurde, um die ma\u00dfgeschneiderten Anzugsstile widerzuspiegeln, die viele als zeitlose Grundbestandteile der Modebranche betrachten.<\/p>\n<p>&#8218;<em>Silhouette <\/em>verk\u00f6rpert ein erneutes Interesse an Anz\u00fcgen und klassischen Silhouetten, das Wiederaufleben zeitloser St\u00fccke und eine wachsende Wertsch\u00e4tzung f\u00fcr die braune Farbfamilie \u2013 reich an Tiefe und einer luxuri\u00f6sen Mischung aus gebranntem Umbra und zarten Anthrazit-Untert\u00f6nen\u201c, erkl\u00e4rt Andrea Magno, Direktorin f\u00fcr Farbmarketing und -entwicklung der Marke. \u201eWie ein perfekt geschnittener Anzug verf\u00fcgt dieser Farbton \u00fcber die Vielseitigkeit und Weichheit, um einem Raum etwas Au\u00dfergew\u00f6hnliches zu verleihen.\u201c<\/p>\n<div class=\"van_vid_carousel\">\n<div class=\"van_vid_carousel__padding\">\n<div class=\"van_vid_carousel__container\"><\/div>\n<\/div>\n<\/div>\n<figure class=\"van-image-figure inline-layout \" data-bordeaux-image-check id=\"ecff4f1d-3595-4d03-b2ff-499b9131706a\">\n<div class=\"image-full-width-wrapper\">\n<div class=\"image-widthsetter\" style=\"max-width:2000px;\"><\/div>\n<\/div>\n<\/figure>\n<p id=\"14124650-b68b-4160-b7a2-b878a753accf\">Um die Farbe zu entwickeln, verbringen Andrea und das Farbteam von Benjamin Moore Monate damit, Inspirationspunkte zu sammeln, Trends zu recherchieren und beliebte Raumfarbideen zu analysieren. Dies f\u00fchrt sie zur Wahl der Farbe des Jahres.<\/p>\n<div id=\"ad-unit-2\" class=\"ad-unit\"><\/div>\n<aside data-block-type=\"embed\" data-render-type=\"fte\" data-skip=\"dealsy\" data-widget-type=\"seasonal\" class=\"hawk-root\"><\/aside>\n<p id=\"14124650-b68b-4160-b7a2-b878a753accf-1\">Bei <em>Silhouette<\/em>Auf der Launch-Party von . in Midtown Manhattan sprach Andrea \u00fcber die Arbeit ihres Teams und erkl\u00e4rte, dass Mode f\u00fcr Benjamin Moore immer eine Inspirationsquelle sei. In diesem Jahr bemerkte das Team jedoch ein erneutes Interesse an Anz\u00fcgen, klassischen Silhouetten und zeitlosen Arbeitskleidungsst\u00fccken, die vom Laufsteg kamen.<\/p>\n<p>Daher, <em>Silhouette <\/em>wurde geboren.<\/p>\n<p>Und wenn man sich die anderen Ank\u00fcndigungen zur Farbe des Jahres ansieht, die wir bisher gesehen haben, passt sie perfekt zu den stimmungsvollen, dramatischen Farbt\u00f6nen, die den Ton f\u00fcr 2026 angeben. Wir hatten Behrs tiefblaugr\u00fcnes Hidden Gem, Sherwin-Williams\u2018 stimmungsvolles Braun Universal Khaki, Little Greenes pflaumenviolettes Adventurer und Graham &#038; Browns sattes Kirschrot Divine Damson. <em>Silhouette <\/em>reiht sich in eine Reihe von Farbt\u00f6nen ein, die deutlich machen, dass das Dekorieren mit stimmungsvollen Farbt\u00f6nen im Jahr 2026 eine gro\u00dfe Rolle spielen wird.<\/p>\n<div id=\"slice-container-newsletterForm-articleInbodyContent-QZXJsZtijVfqXXpP86PXL\" class=\"slice-container newsletter-inbodyContent-slice newsletterForm-articleInbodyContent-QZXJsZtijVfqXXpP86PXL slice-container-newsletterForm\"><\/div>\n<figure class=\"van-image-figure inline-layout \" data-bordeaux-image-check id=\"52a02cd0-2352-4ba1-b005-7736bb0fcee7\">\n<div class=\"image-full-width-wrapper\">\n<div class=\"image-widthsetter\" style=\"max-width:2000px;\"><\/div>\n<\/div>\n<\/figure>\n<p id=\"22df1b81-2896-4ef9-a209-0681d54b64d5\">Selbst unter seinen anderen launischen Geschwistern <em>Silhouette <\/em>ist das dramatischste von allen. Das hei\u00dft jedoch nicht, dass es sich nicht um einen brauchbaren Farbton handelt. Mehr noch als ein kr\u00e4ftiges Blaugr\u00fcn oder ein tiefes Rot l\u00e4sst sich diese weiche, braun get\u00f6nte Holzkohle ganz einfach in einem neutralen Farbschema einsetzen, einer K\u00fcche etwas Tiefe verleihen oder T\u00fcren und Fr\u00e4sarbeiten einfach eleganter aussehen lassen. Das Dekorieren mit Braun erfreut sich dieses Jahr gro\u00dfer Beliebtheit <em>Silhouette <\/em>ist die perfekte Farbe, um diese Farbe in Ihr Zuhause zu bringen, unabh\u00e4ngig von Ihrem Stil.<\/p>\n<p>\u201eWir lieben es f\u00fcr einen allumfassenden, umh\u00fcllenden Look, und es eignet sich auch hervorragend f\u00fcr einen kontrastreicheren Look, wenn es mit helleren Farben kombiniert wird\u201c, erkl\u00e4rte Andrea <em>Silhouette<\/em>&#8217;s-Launchparty bei der Enth\u00fcllung der unterst\u00fctzenden Farbtrends-Palette 2026. Diese sieben Farbt\u00f6ne, die \u201eMa\u00dfgeschneiderte Klassiker\u201c genannt werden \u2013 bestehend aus Raindance, First Crush, Batik, Narragansett Green, Southwest Pottery, Sherwood Tan und dem allseits beliebten Swiss Coffee \u2013 passen perfekt zusammen <em>Silhouette<\/em>. Diese Farben helfen dabei, die Geschichte der Farbe des Jahres zu erz\u00e4hlen.<\/p>\n<p>Wenn Sie gemeinsam die Palette betrachten, k\u00f6nnen Sie sehen, wie <em>Silhouette <\/em>ist das nicht der dramatische Farbton, den es bei alleiniger Anwendung erh\u00e4lt? Als Teil dieses sanften, ged\u00e4mpften Schemas wird daraus ein geerdeter, neutraler Farbton, der helleren Farben einen Hauch von Luxus verleihen kann.<\/p>\n<figure class=\"van-image-figure inline-layout \" data-bordeaux-image-check id=\"eb401fc4-a092-4be0-bd48-3babafaa5d65\">\n<div class=\"image-full-width-wrapper\">\n<div class=\"image-widthsetter\" style=\"max-width:2000px;\"><\/div>\n<\/div>\n<\/figure>\n<h2 id=\"shop-the-silhouette-inspired-decor-edit-3\">Kaufen Sie den von Silhouetten inspirierten Dekor-Edit<\/h2>\n<p id=\"705e5716-0364-4aec-b2ad-296439591466\">Sie sind nicht bereit, sich auf eine Lack\u00fcberholung einzulassen? Die Braun-\/Kohlet\u00f6ne von <em>Silhouette<\/em> finden Sie in all diesen Dekorationsst\u00fccken, die Sie Ihren R\u00e4umen hinzuf\u00fcgen k\u00f6nnen, ohne einen Pinsel in die Hand nehmen zu m\u00fcssen.<\/p>\n<div class=\"product-container hero-product-container product-block-no-wrap\">\n<div class=\"product-block-row\"><\/div>\n<div class=\"product-block-row\"><\/div>\n<div class=\"product-block-row\"><\/div>\n<div class=\"product-block-row\"><\/div>\n<div class=\"product-block-row\"><\/div>\n<div class=\"product-block-row\"><\/div>\n<\/div>\n<div class=\"block\" id=\"articleTag\" data-component-name=\"PostArticleLinks\">\n<div class=\"border-b border-b-black border-solid py-2.5 text-black font-bold uppercase\">THEMEN<\/div>\n<nav class=\"py-2.5 flex gap-2.5 flex-wrap\" data-analytics-id=\"article-tag\">\n<p>Farbschemata<\/p>\n<\/nav>\n<\/div>\n<\/div>\n","protected":false},"excerpt":{"rendered":"<p>Mode und Innenarchitektur m\u00f6gen zwei unterschiedliche Branchen sein, aber sie sind von Natur aus eng miteinander verbunden und inspirieren sich st\u00e4ndig gegenseitig. Benjamin Moores Wahl<\/p>\n","protected":false},"author":1,"featured_media":8546,"comment_status":"closed","ping_status":"","sticky":false,"template":"","format":"standard","meta":{"footnotes":""},"categories":[118],"tags":[10876,3478,1147,4312,6725,3448,932,112,51,281,43,1202,55,7144,495,189,15,282,4313,108,186,37],"class_list":["post-8545","post","type-post","status-publish","format-standard","has-post-thumbnail","hentry","category-haus-garten","tag-100prozentiger","tag-beige","tag-bekannt","tag-benjamin","tag-beweis","tag-braun","tag-dafuer","tag-das","tag-dass","tag-des","tag-ein","tag-farbe","tag-fuer","tag-gegeben","tag-gerade","tag-hat","tag-ist","tag-jahres","tag-moore","tag-neue","tag-seine","tag-und","generate-columns","tablet-grid-50","mobile-grid-100","grid-parent","grid-50"],"yoast_head":"<!-- This site is optimized with the Yoast SEO plugin v27.3 - https:\/\/yoast.com\/product\/yoast-seo-wordpress\/ -->\n<title>Benjamin Moore hat gerade seine Farbe des Jahres bekannt gegeben \u2013 und das ist ein 100-prozentiger Beweis daf\u00fcr, dass Braun das neue Beige f\u00fcr 2026 ist - Nachrichten - Stra\u00dfenweb<\/title>\n<meta name=\"robots\" content=\"index, follow, max-snippet:-1, max-image-preview:large, max-video-preview:-1\" \/>\n<link rel=\"canonical\" href=\"https:\/\/www.strassenweb.de\/nachrichten\/benjamin-moore-hat-gerade-seine-farbe-des-jahres-bekannt-gegeben-und-das-ist-ein-100-prozentiger-beweis-dafuer-dass-braun-das-neue-beige-fuer-2026-ist\/\" \/>\n<meta property=\"og:locale\" content=\"de_DE\" \/>\n<meta property=\"og:type\" content=\"article\" \/>\n<meta property=\"og:title\" content=\"Benjamin Moore hat gerade seine Farbe des Jahres bekannt gegeben \u2013 und das ist ein 100-prozentiger Beweis daf\u00fcr, dass Braun das neue Beige f\u00fcr 2026 ist - Nachrichten - Stra\u00dfenweb\" \/>\n<meta property=\"og:description\" content=\"Mode und Innenarchitektur m\u00f6gen zwei unterschiedliche Branchen sein, aber sie sind von Natur aus eng miteinander verbunden und inspirieren sich st\u00e4ndig gegenseitig. Benjamin Moores Wahl\" \/>\n<meta property=\"og:url\" content=\"https:\/\/www.strassenweb.de\/nachrichten\/benjamin-moore-hat-gerade-seine-farbe-des-jahres-bekannt-gegeben-und-das-ist-ein-100-prozentiger-beweis-dafuer-dass-braun-das-neue-beige-fuer-2026-ist\/\" \/>\n<meta property=\"og:site_name\" content=\"Stra\u00dfenweb\" \/>\n<meta property=\"article:publisher\" content=\"https:\/\/www.facebook.com\/strassenweb\/\" \/>\n<meta property=\"article:published_time\" content=\"2025-10-17T14:39:16+00:00\" \/>\n<meta property=\"article:modified_time\" content=\"2025-10-17T14:39:18+00:00\" \/>\n<meta property=\"og:image\" content=\"https:\/\/www.strassenweb.de\/nachrichten\/wp-content\/uploads\/2025\/10\/Benjamin-Moore-hat-gerade-seine-Farbe-des-Jahres-bekannt-gegeben.png\" \/>\n\t<meta property=\"og:image:width\" content=\"1600\" \/>\n\t<meta property=\"og:image:height\" content=\"900\" \/>\n\t<meta property=\"og:image:type\" content=\"image\/png\" \/>\n<meta name=\"author\" content=\"Robert Hoffmann\" \/>\n<meta name=\"twitter:card\" content=\"summary_large_image\" \/>\n<meta name=\"twitter:label1\" content=\"Verfasst von\" \/>\n\t<meta name=\"twitter:data1\" content=\"Robert Hoffmann\" \/>\n\t<meta name=\"twitter:label2\" content=\"Gesch\u00e4tzte Lesezeit\" \/>\n\t<meta name=\"twitter:data2\" content=\"3\u00a0Minuten\" \/>\n<script type=\"application\/ld+json\" class=\"yoast-schema-graph\">{\"@context\":\"https:\\\/\\\/schema.org\",\"@graph\":[{\"@type\":\"Article\",\"@id\":\"https:\\\/\\\/www.strassenweb.de\\\/nachrichten\\\/benjamin-moore-hat-gerade-seine-farbe-des-jahres-bekannt-gegeben-und-das-ist-ein-100-prozentiger-beweis-dafuer-dass-braun-das-neue-beige-fuer-2026-ist\\\/#article\",\"isPartOf\":{\"@id\":\"https:\\\/\\\/www.strassenweb.de\\\/nachrichten\\\/benjamin-moore-hat-gerade-seine-farbe-des-jahres-bekannt-gegeben-und-das-ist-ein-100-prozentiger-beweis-dafuer-dass-braun-das-neue-beige-fuer-2026-ist\\\/\"},\"author\":{\"name\":\"Robert Hoffmann\",\"@id\":\"https:\\\/\\\/www.strassenweb.de\\\/nachrichten\\\/#\\\/schema\\\/person\\\/87c9c9067f1211da429a744dc5a5aa41\"},\"headline\":\"Benjamin Moore hat gerade seine Farbe des Jahres bekannt gegeben \u2013 und das ist ein 100-prozentiger Beweis daf\u00fcr, dass Braun das neue Beige f\u00fcr 2026 ist\",\"datePublished\":\"2025-10-17T14:39:16+00:00\",\"dateModified\":\"2025-10-17T14:39:18+00:00\",\"mainEntityOfPage\":{\"@id\":\"https:\\\/\\\/www.strassenweb.de\\\/nachrichten\\\/benjamin-moore-hat-gerade-seine-farbe-des-jahres-bekannt-gegeben-und-das-ist-ein-100-prozentiger-beweis-dafuer-dass-braun-das-neue-beige-fuer-2026-ist\\\/\"},\"wordCount\":644,\"publisher\":{\"@id\":\"https:\\\/\\\/www.strassenweb.de\\\/nachrichten\\\/#organization\"},\"image\":{\"@id\":\"https:\\\/\\\/www.strassenweb.de\\\/nachrichten\\\/benjamin-moore-hat-gerade-seine-farbe-des-jahres-bekannt-gegeben-und-das-ist-ein-100-prozentiger-beweis-dafuer-dass-braun-das-neue-beige-fuer-2026-ist\\\/#primaryimage\"},\"thumbnailUrl\":\"https:\\\/\\\/www.strassenweb.de\\\/nachrichten\\\/wp-content\\\/uploads\\\/2025\\\/10\\\/Benjamin-Moore-hat-gerade-seine-Farbe-des-Jahres-bekannt-gegeben.png\",\"keywords\":[\"100prozentiger\",\"Beige\",\"bekannt\",\"Benjamin\",\"Beweis\",\"Braun\",\"daf\u00fcr\",\"das\",\"dass\",\"des\",\"ein\",\"Farbe\",\"f\u00fcr\",\"gegeben\",\"gerade\",\"hat\",\"ist\",\"Jahres\",\"Moore\",\"Neue\",\"seine\",\"und\"],\"articleSection\":[\"Haus &amp; Garten\"],\"inLanguage\":\"de\"},{\"@type\":\"WebPage\",\"@id\":\"https:\\\/\\\/www.strassenweb.de\\\/nachrichten\\\/benjamin-moore-hat-gerade-seine-farbe-des-jahres-bekannt-gegeben-und-das-ist-ein-100-prozentiger-beweis-dafuer-dass-braun-das-neue-beige-fuer-2026-ist\\\/\",\"url\":\"https:\\\/\\\/www.strassenweb.de\\\/nachrichten\\\/benjamin-moore-hat-gerade-seine-farbe-des-jahres-bekannt-gegeben-und-das-ist-ein-100-prozentiger-beweis-dafuer-dass-braun-das-neue-beige-fuer-2026-ist\\\/\",\"name\":\"Benjamin Moore hat gerade seine Farbe des Jahres bekannt gegeben \u2013 und das ist ein 100-prozentiger Beweis daf\u00fcr, dass Braun das neue Beige f\u00fcr 2026 ist - Nachrichten - Stra\u00dfenweb\",\"isPartOf\":{\"@id\":\"https:\\\/\\\/www.strassenweb.de\\\/nachrichten\\\/#website\"},\"primaryImageOfPage\":{\"@id\":\"https:\\\/\\\/www.strassenweb.de\\\/nachrichten\\\/benjamin-moore-hat-gerade-seine-farbe-des-jahres-bekannt-gegeben-und-das-ist-ein-100-prozentiger-beweis-dafuer-dass-braun-das-neue-beige-fuer-2026-ist\\\/#primaryimage\"},\"image\":{\"@id\":\"https:\\\/\\\/www.strassenweb.de\\\/nachrichten\\\/benjamin-moore-hat-gerade-seine-farbe-des-jahres-bekannt-gegeben-und-das-ist-ein-100-prozentiger-beweis-dafuer-dass-braun-das-neue-beige-fuer-2026-ist\\\/#primaryimage\"},\"thumbnailUrl\":\"https:\\\/\\\/www.strassenweb.de\\\/nachrichten\\\/wp-content\\\/uploads\\\/2025\\\/10\\\/Benjamin-Moore-hat-gerade-seine-Farbe-des-Jahres-bekannt-gegeben.png\",\"datePublished\":\"2025-10-17T14:39:16+00:00\",\"dateModified\":\"2025-10-17T14:39:18+00:00\",\"breadcrumb\":{\"@id\":\"https:\\\/\\\/www.strassenweb.de\\\/nachrichten\\\/benjamin-moore-hat-gerade-seine-farbe-des-jahres-bekannt-gegeben-und-das-ist-ein-100-prozentiger-beweis-dafuer-dass-braun-das-neue-beige-fuer-2026-ist\\\/#breadcrumb\"},\"inLanguage\":\"de\",\"potentialAction\":[{\"@type\":\"ReadAction\",\"target\":[\"https:\\\/\\\/www.strassenweb.de\\\/nachrichten\\\/benjamin-moore-hat-gerade-seine-farbe-des-jahres-bekannt-gegeben-und-das-ist-ein-100-prozentiger-beweis-dafuer-dass-braun-das-neue-beige-fuer-2026-ist\\\/\"]}]},{\"@type\":\"ImageObject\",\"inLanguage\":\"de\",\"@id\":\"https:\\\/\\\/www.strassenweb.de\\\/nachrichten\\\/benjamin-moore-hat-gerade-seine-farbe-des-jahres-bekannt-gegeben-und-das-ist-ein-100-prozentiger-beweis-dafuer-dass-braun-das-neue-beige-fuer-2026-ist\\\/#primaryimage\",\"url\":\"https:\\\/\\\/www.strassenweb.de\\\/nachrichten\\\/wp-content\\\/uploads\\\/2025\\\/10\\\/Benjamin-Moore-hat-gerade-seine-Farbe-des-Jahres-bekannt-gegeben.png\",\"contentUrl\":\"https:\\\/\\\/www.strassenweb.de\\\/nachrichten\\\/wp-content\\\/uploads\\\/2025\\\/10\\\/Benjamin-Moore-hat-gerade-seine-Farbe-des-Jahres-bekannt-gegeben.png\",\"width\":1600,\"height\":900,\"caption\":\"a table and chairs, a basket, a lamp, and wall art in a room with walls painted in Benjamin Moore&amp;#039;s 2026 color of the year, a shade of charcoal gray with subtle notes of espresso titled Silhouette\"},{\"@type\":\"BreadcrumbList\",\"@id\":\"https:\\\/\\\/www.strassenweb.de\\\/nachrichten\\\/benjamin-moore-hat-gerade-seine-farbe-des-jahres-bekannt-gegeben-und-das-ist-ein-100-prozentiger-beweis-dafuer-dass-braun-das-neue-beige-fuer-2026-ist\\\/#breadcrumb\",\"itemListElement\":[{\"@type\":\"ListItem\",\"position\":1,\"name\":\"Home\",\"item\":\"https:\\\/\\\/www.strassenweb.de\\\/nachrichten\\\/\"},{\"@type\":\"ListItem\",\"position\":2,\"name\":\"Benjamin Moore hat gerade seine Farbe des Jahres bekannt gegeben \u2013 und das ist ein 100-prozentiger Beweis daf\u00fcr, dass Braun das neue Beige f\u00fcr 2026 ist\"}]},{\"@type\":\"WebSite\",\"@id\":\"https:\\\/\\\/www.strassenweb.de\\\/nachrichten\\\/#website\",\"url\":\"https:\\\/\\\/www.strassenweb.de\\\/nachrichten\\\/\",\"name\":\"Stra\u00dfenweb\",\"description\":\"Stra\u00dfenverzeichnis f\u00fcr Deutschland\",\"publisher\":{\"@id\":\"https:\\\/\\\/www.strassenweb.de\\\/nachrichten\\\/#organization\"},\"potentialAction\":[{\"@type\":\"SearchAction\",\"target\":{\"@type\":\"EntryPoint\",\"urlTemplate\":\"https:\\\/\\\/www.strassenweb.de\\\/nachrichten\\\/?s={search_term_string}\"},\"query-input\":{\"@type\":\"PropertyValueSpecification\",\"valueRequired\":true,\"valueName\":\"search_term_string\"}}],\"inLanguage\":\"de\"},{\"@type\":\"Organization\",\"@id\":\"https:\\\/\\\/www.strassenweb.de\\\/nachrichten\\\/#organization\",\"name\":\"Stra\u00dfenweb\",\"url\":\"https:\\\/\\\/www.strassenweb.de\\\/nachrichten\\\/\",\"logo\":{\"@type\":\"ImageObject\",\"inLanguage\":\"de\",\"@id\":\"https:\\\/\\\/www.strassenweb.de\\\/nachrichten\\\/#\\\/schema\\\/logo\\\/image\\\/\",\"url\":\"https:\\\/\\\/www.strassenweb.de\\\/nachrichten\\\/wp-content\\\/uploads\\\/2024\\\/09\\\/cropped-favicon.png\",\"contentUrl\":\"https:\\\/\\\/www.strassenweb.de\\\/nachrichten\\\/wp-content\\\/uploads\\\/2024\\\/09\\\/cropped-favicon.png\",\"width\":512,\"height\":512,\"caption\":\"Stra\u00dfenweb\"},\"image\":{\"@id\":\"https:\\\/\\\/www.strassenweb.de\\\/nachrichten\\\/#\\\/schema\\\/logo\\\/image\\\/\"},\"sameAs\":[\"https:\\\/\\\/www.facebook.com\\\/strassenweb\\\/\"]},{\"@type\":\"Person\",\"@id\":\"https:\\\/\\\/www.strassenweb.de\\\/nachrichten\\\/#\\\/schema\\\/person\\\/87c9c9067f1211da429a744dc5a5aa41\",\"name\":\"Robert Hoffmann\",\"image\":{\"@type\":\"ImageObject\",\"inLanguage\":\"de\",\"@id\":\"https:\\\/\\\/www.strassenweb.de\\\/nachrichten\\\/wp-content\\\/uploads\\\/2024\\\/09\\\/strassenweb-150x150.jpg\",\"url\":\"https:\\\/\\\/www.strassenweb.de\\\/nachrichten\\\/wp-content\\\/uploads\\\/2024\\\/09\\\/strassenweb-150x150.jpg\",\"contentUrl\":\"https:\\\/\\\/www.strassenweb.de\\\/nachrichten\\\/wp-content\\\/uploads\\\/2024\\\/09\\\/strassenweb-150x150.jpg\",\"caption\":\"Robert Hoffmann\"},\"description\":\"Ich hei\u00dfe Robert Hoffmann und ich bin ein leidenschaftlicher Verfechter von \u00d6kologie und Biodiversit\u00e4t. Seit meiner Kindheit in den W\u00e4ldern Bayerns f\u00fchle ich mich mit der Natur verbunden und bin entschlossen, sie zu sch\u00fctzen. Heute widme ich mein Leben der Sensibilisierung anderer f\u00fcr die Bedeutung des Umweltschutzes f\u00fcr zuk\u00fcnftige Generationen.\",\"sameAs\":[\"https:\\\/\\\/www.strassenweb.de\\\/\"]}]}<\/script>\n<!-- \/ Yoast SEO plugin. -->","yoast_head_json":{"title":"Benjamin Moore hat gerade seine Farbe des Jahres bekannt gegeben \u2013 und das ist ein 100-prozentiger Beweis daf\u00fcr, dass Braun das neue Beige f\u00fcr 2026 ist - Nachrichten - Stra\u00dfenweb","robots":{"index":"index","follow":"follow","max-snippet":"max-snippet:-1","max-image-preview":"max-image-preview:large","max-video-preview":"max-video-preview:-1"},"canonical":"https:\/\/www.strassenweb.de\/nachrichten\/benjamin-moore-hat-gerade-seine-farbe-des-jahres-bekannt-gegeben-und-das-ist-ein-100-prozentiger-beweis-dafuer-dass-braun-das-neue-beige-fuer-2026-ist\/","og_locale":"de_DE","og_type":"article","og_title":"Benjamin Moore hat gerade seine Farbe des Jahres bekannt gegeben \u2013 und das ist ein 100-prozentiger Beweis daf\u00fcr, dass Braun das neue Beige f\u00fcr 2026 ist - Nachrichten - Stra\u00dfenweb","og_description":"Mode und Innenarchitektur m\u00f6gen zwei unterschiedliche Branchen sein, aber sie sind von Natur aus eng miteinander verbunden und inspirieren sich st\u00e4ndig gegenseitig. Benjamin Moores Wahl","og_url":"https:\/\/www.strassenweb.de\/nachrichten\/benjamin-moore-hat-gerade-seine-farbe-des-jahres-bekannt-gegeben-und-das-ist-ein-100-prozentiger-beweis-dafuer-dass-braun-das-neue-beige-fuer-2026-ist\/","og_site_name":"Stra\u00dfenweb","article_publisher":"https:\/\/www.facebook.com\/strassenweb\/","article_published_time":"2025-10-17T14:39:16+00:00","article_modified_time":"2025-10-17T14:39:18+00:00","og_image":[{"width":1600,"height":900,"url":"https:\/\/www.strassenweb.de\/nachrichten\/wp-content\/uploads\/2025\/10\/Benjamin-Moore-hat-gerade-seine-Farbe-des-Jahres-bekannt-gegeben.png","type":"image\/png"}],"author":"Robert Hoffmann","twitter_card":"summary_large_image","twitter_misc":{"Verfasst von":"Robert Hoffmann","Gesch\u00e4tzte Lesezeit":"3\u00a0Minuten"},"schema":{"@context":"https:\/\/schema.org","@graph":[{"@type":"Article","@id":"https:\/\/www.strassenweb.de\/nachrichten\/benjamin-moore-hat-gerade-seine-farbe-des-jahres-bekannt-gegeben-und-das-ist-ein-100-prozentiger-beweis-dafuer-dass-braun-das-neue-beige-fuer-2026-ist\/#article","isPartOf":{"@id":"https:\/\/www.strassenweb.de\/nachrichten\/benjamin-moore-hat-gerade-seine-farbe-des-jahres-bekannt-gegeben-und-das-ist-ein-100-prozentiger-beweis-dafuer-dass-braun-das-neue-beige-fuer-2026-ist\/"},"author":{"name":"Robert Hoffmann","@id":"https:\/\/www.strassenweb.de\/nachrichten\/#\/schema\/person\/87c9c9067f1211da429a744dc5a5aa41"},"headline":"Benjamin Moore hat gerade seine Farbe des Jahres bekannt gegeben \u2013 und das ist ein 100-prozentiger Beweis daf\u00fcr, dass Braun das neue Beige f\u00fcr 2026 ist","datePublished":"2025-10-17T14:39:16+00:00","dateModified":"2025-10-17T14:39:18+00:00","mainEntityOfPage":{"@id":"https:\/\/www.strassenweb.de\/nachrichten\/benjamin-moore-hat-gerade-seine-farbe-des-jahres-bekannt-gegeben-und-das-ist-ein-100-prozentiger-beweis-dafuer-dass-braun-das-neue-beige-fuer-2026-ist\/"},"wordCount":644,"publisher":{"@id":"https:\/\/www.strassenweb.de\/nachrichten\/#organization"},"image":{"@id":"https:\/\/www.strassenweb.de\/nachrichten\/benjamin-moore-hat-gerade-seine-farbe-des-jahres-bekannt-gegeben-und-das-ist-ein-100-prozentiger-beweis-dafuer-dass-braun-das-neue-beige-fuer-2026-ist\/#primaryimage"},"thumbnailUrl":"https:\/\/www.strassenweb.de\/nachrichten\/wp-content\/uploads\/2025\/10\/Benjamin-Moore-hat-gerade-seine-Farbe-des-Jahres-bekannt-gegeben.png","keywords":["100prozentiger","Beige","bekannt","Benjamin","Beweis","Braun","daf\u00fcr","das","dass","des","ein","Farbe","f\u00fcr","gegeben","gerade","hat","ist","Jahres","Moore","Neue","seine","und"],"articleSection":["Haus &amp; Garten"],"inLanguage":"de"},{"@type":"WebPage","@id":"https:\/\/www.strassenweb.de\/nachrichten\/benjamin-moore-hat-gerade-seine-farbe-des-jahres-bekannt-gegeben-und-das-ist-ein-100-prozentiger-beweis-dafuer-dass-braun-das-neue-beige-fuer-2026-ist\/","url":"https:\/\/www.strassenweb.de\/nachrichten\/benjamin-moore-hat-gerade-seine-farbe-des-jahres-bekannt-gegeben-und-das-ist-ein-100-prozentiger-beweis-dafuer-dass-braun-das-neue-beige-fuer-2026-ist\/","name":"Benjamin Moore hat gerade seine Farbe des Jahres bekannt gegeben \u2013 und das ist ein 100-prozentiger Beweis daf\u00fcr, dass Braun das neue Beige f\u00fcr 2026 ist - Nachrichten - Stra\u00dfenweb","isPartOf":{"@id":"https:\/\/www.strassenweb.de\/nachrichten\/#website"},"primaryImageOfPage":{"@id":"https:\/\/www.strassenweb.de\/nachrichten\/benjamin-moore-hat-gerade-seine-farbe-des-jahres-bekannt-gegeben-und-das-ist-ein-100-prozentiger-beweis-dafuer-dass-braun-das-neue-beige-fuer-2026-ist\/#primaryimage"},"image":{"@id":"https:\/\/www.strassenweb.de\/nachrichten\/benjamin-moore-hat-gerade-seine-farbe-des-jahres-bekannt-gegeben-und-das-ist-ein-100-prozentiger-beweis-dafuer-dass-braun-das-neue-beige-fuer-2026-ist\/#primaryimage"},"thumbnailUrl":"https:\/\/www.strassenweb.de\/nachrichten\/wp-content\/uploads\/2025\/10\/Benjamin-Moore-hat-gerade-seine-Farbe-des-Jahres-bekannt-gegeben.png","datePublished":"2025-10-17T14:39:16+00:00","dateModified":"2025-10-17T14:39:18+00:00","breadcrumb":{"@id":"https:\/\/www.strassenweb.de\/nachrichten\/benjamin-moore-hat-gerade-seine-farbe-des-jahres-bekannt-gegeben-und-das-ist-ein-100-prozentiger-beweis-dafuer-dass-braun-das-neue-beige-fuer-2026-ist\/#breadcrumb"},"inLanguage":"de","potentialAction":[{"@type":"ReadAction","target":["https:\/\/www.strassenweb.de\/nachrichten\/benjamin-moore-hat-gerade-seine-farbe-des-jahres-bekannt-gegeben-und-das-ist-ein-100-prozentiger-beweis-dafuer-dass-braun-das-neue-beige-fuer-2026-ist\/"]}]},{"@type":"ImageObject","inLanguage":"de","@id":"https:\/\/www.strassenweb.de\/nachrichten\/benjamin-moore-hat-gerade-seine-farbe-des-jahres-bekannt-gegeben-und-das-ist-ein-100-prozentiger-beweis-dafuer-dass-braun-das-neue-beige-fuer-2026-ist\/#primaryimage","url":"https:\/\/www.strassenweb.de\/nachrichten\/wp-content\/uploads\/2025\/10\/Benjamin-Moore-hat-gerade-seine-Farbe-des-Jahres-bekannt-gegeben.png","contentUrl":"https:\/\/www.strassenweb.de\/nachrichten\/wp-content\/uploads\/2025\/10\/Benjamin-Moore-hat-gerade-seine-Farbe-des-Jahres-bekannt-gegeben.png","width":1600,"height":900,"caption":"a table and chairs, a basket, a lamp, and wall art in a room with walls painted in Benjamin Moore&amp;#039;s 2026 color of the year, a shade of charcoal gray with subtle notes of espresso titled Silhouette"},{"@type":"BreadcrumbList","@id":"https:\/\/www.strassenweb.de\/nachrichten\/benjamin-moore-hat-gerade-seine-farbe-des-jahres-bekannt-gegeben-und-das-ist-ein-100-prozentiger-beweis-dafuer-dass-braun-das-neue-beige-fuer-2026-ist\/#breadcrumb","itemListElement":[{"@type":"ListItem","position":1,"name":"Home","item":"https:\/\/www.strassenweb.de\/nachrichten\/"},{"@type":"ListItem","position":2,"name":"Benjamin Moore hat gerade seine Farbe des Jahres bekannt gegeben \u2013 und das ist ein 100-prozentiger Beweis daf\u00fcr, dass Braun das neue Beige f\u00fcr 2026 ist"}]},{"@type":"WebSite","@id":"https:\/\/www.strassenweb.de\/nachrichten\/#website","url":"https:\/\/www.strassenweb.de\/nachrichten\/","name":"Stra\u00dfenweb","description":"Stra\u00dfenverzeichnis f\u00fcr Deutschland","publisher":{"@id":"https:\/\/www.strassenweb.de\/nachrichten\/#organization"},"potentialAction":[{"@type":"SearchAction","target":{"@type":"EntryPoint","urlTemplate":"https:\/\/www.strassenweb.de\/nachrichten\/?s={search_term_string}"},"query-input":{"@type":"PropertyValueSpecification","valueRequired":true,"valueName":"search_term_string"}}],"inLanguage":"de"},{"@type":"Organization","@id":"https:\/\/www.strassenweb.de\/nachrichten\/#organization","name":"Stra\u00dfenweb","url":"https:\/\/www.strassenweb.de\/nachrichten\/","logo":{"@type":"ImageObject","inLanguage":"de","@id":"https:\/\/www.strassenweb.de\/nachrichten\/#\/schema\/logo\/image\/","url":"https:\/\/www.strassenweb.de\/nachrichten\/wp-content\/uploads\/2024\/09\/cropped-favicon.png","contentUrl":"https:\/\/www.strassenweb.de\/nachrichten\/wp-content\/uploads\/2024\/09\/cropped-favicon.png","width":512,"height":512,"caption":"Stra\u00dfenweb"},"image":{"@id":"https:\/\/www.strassenweb.de\/nachrichten\/#\/schema\/logo\/image\/"},"sameAs":["https:\/\/www.facebook.com\/strassenweb\/"]},{"@type":"Person","@id":"https:\/\/www.strassenweb.de\/nachrichten\/#\/schema\/person\/87c9c9067f1211da429a744dc5a5aa41","name":"Robert Hoffmann","image":{"@type":"ImageObject","inLanguage":"de","@id":"https:\/\/www.strassenweb.de\/nachrichten\/wp-content\/uploads\/2024\/09\/strassenweb-150x150.jpg","url":"https:\/\/www.strassenweb.de\/nachrichten\/wp-content\/uploads\/2024\/09\/strassenweb-150x150.jpg","contentUrl":"https:\/\/www.strassenweb.de\/nachrichten\/wp-content\/uploads\/2024\/09\/strassenweb-150x150.jpg","caption":"Robert Hoffmann"},"description":"Ich hei\u00dfe Robert Hoffmann und ich bin ein leidenschaftlicher Verfechter von \u00d6kologie und Biodiversit\u00e4t. Seit meiner Kindheit in den W\u00e4ldern Bayerns f\u00fchle ich mich mit der Natur verbunden und bin entschlossen, sie zu sch\u00fctzen. Heute widme ich mein Leben der Sensibilisierung anderer f\u00fcr die Bedeutung des Umweltschutzes f\u00fcr zuk\u00fcnftige Generationen.","sameAs":["https:\/\/www.strassenweb.de\/"]}]}},"_links":{"self":[{"href":"https:\/\/www.strassenweb.de\/nachrichten\/wp-json\/wp\/v2\/posts\/8545","targetHints":{"allow":["GET"]}}],"collection":[{"href":"https:\/\/www.strassenweb.de\/nachrichten\/wp-json\/wp\/v2\/posts"}],"about":[{"href":"https:\/\/www.strassenweb.de\/nachrichten\/wp-json\/wp\/v2\/types\/post"}],"author":[{"embeddable":true,"href":"https:\/\/www.strassenweb.de\/nachrichten\/wp-json\/wp\/v2\/users\/1"}],"replies":[{"embeddable":true,"href":"https:\/\/www.strassenweb.de\/nachrichten\/wp-json\/wp\/v2\/comments?post=8545"}],"version-history":[{"count":0,"href":"https:\/\/www.strassenweb.de\/nachrichten\/wp-json\/wp\/v2\/posts\/8545\/revisions"}],"wp:featuredmedia":[{"embeddable":true,"href":"https:\/\/www.strassenweb.de\/nachrichten\/wp-json\/wp\/v2\/media\/8546"}],"wp:attachment":[{"href":"https:\/\/www.strassenweb.de\/nachrichten\/wp-json\/wp\/v2\/media?parent=8545"}],"wp:term":[{"taxonomy":"category","embeddable":true,"href":"https:\/\/www.strassenweb.de\/nachrichten\/wp-json\/wp\/v2\/categories?post=8545"},{"taxonomy":"post_tag","embeddable":true,"href":"https:\/\/www.strassenweb.de\/nachrichten\/wp-json\/wp\/v2\/tags?post=8545"}],"curies":[{"name":"wp","href":"https:\/\/api.w.org\/{rel}","templated":true}]}}