{"id":8530,"date":"2025-10-17T01:39:57","date_gmt":"2025-10-16T23:39:57","guid":{"rendered":"https:\/\/www.strassenweb.de\/nachrichten\/ich-prognostiziere-dass-martha-stewarts-kuechenrueckblick-in-den-1980er-jahren-auf-ein-comeback-dieses-veralteten-farbtrends-im-jahr-2026-hindeutet\/"},"modified":"2025-10-17T01:39:58","modified_gmt":"2025-10-16T23:39:58","slug":"ich-prognostiziere-dass-martha-stewarts-kuechenrueckblick-in-den-1980er-jahren-auf-ein-comeback-dieses-veralteten-farbtrends-im-jahr-2026-hindeutet","status":"publish","type":"post","link":"https:\/\/www.strassenweb.de\/nachrichten\/ich-prognostiziere-dass-martha-stewarts-kuechenrueckblick-in-den-1980er-jahren-auf-ein-comeback-dieses-veralteten-farbtrends-im-jahr-2026-hindeutet\/","title":{"rendered":"Ich prognostiziere, dass Martha Stewarts K\u00fcchenr\u00fcckblick in den 1980er-Jahren auf ein Comeback dieses veralteten Farbtrends im Jahr 2026 hindeutet"},"content":{"rendered":"<p><\/p>\n<div id=\"article-body\" class=\"article__body \">\n<p id=\"3874a907-5f97-4372-85d7-067ad3c4a1c1\">Martha Stewart, die legend\u00e4re amerikanische Einzelhandelsgesch\u00e4ftsfrau, Autorin und Fernsehpers\u00f6nlichkeit, erkennt einen Farbtrend, wenn sie einen sieht.<\/p>\n<div id=\"ad-unit-1\" class=\"ad-unit\"><\/div>\n<p>Martha hat jahrzehntelang unser Zuhause mitgepr\u00e4gt \u2013 Produkte aus ihrer Martha-Stewart-Kollektion auf Amazon nehmen in meiner K\u00fcche einen Ehrenplatz ein \u2013 und als sie ein Foto ihres kulinarischen Raums aus den 80er-Jahren teilte, stach ihr sofort die hellblaue Farbgebung ins Auge. Blau, das endlose Himmel und unendliche Meere heraufbeschw\u00f6rt, ist auch im Jahr 2026 wieder die Farbe des Augenblicks im Luxusdesign, genau wie vor Jahrzehnten.<\/p>\n<aside data-block-type=\"embed\" data-render-type=\"fte\" data-skip=\"dealsy\" data-widget-type=\"seasonal\" class=\"hawk-root\"><\/aside>\n<p id=\"3874a907-5f97-4372-85d7-067ad3c4a1c1-2\" class=\"paywall\" aria-hidden=\"true\">Frisch, luftig und eng mit der Natur verbunden, wird die Dekoration mit Blau von Experten als perfekte Kulisse f\u00fcr modernes Leben und den wachsenden Wunsch nach erholsamen, beruhigenden Innenr\u00e4umen gefeiert.<\/p>\n<div class=\"van_vid_carousel\">\n<div class=\"van_vid_carousel__padding\">\n<div class=\"van_vid_carousel__container\"><\/div>\n<\/div>\n<\/div>\n<p>\u201eOb wir arbeiten oder entspannen, kreativ sind oder Sport treiben, es ist wichtig, einen Raum zu haben, der den Optimismus und den Wunsch nach einem Neuanfang widerspiegelt, der f\u00fcr das kommende Jahr ganz oben auf der Agenda steht\u201c, sagt Marianne Shillingford, Kreativdirektorin von Dulux. Der von Natur aus beruhigende, aber ebenso belebende und hoffnungsvolle Farbton verspricht, das \u00c4u\u00dfere nach innen zu holen, das Wohlbefinden zu steigern und der \u00dcbers\u00e4ttigung kr\u00e4ftigerer T\u00f6ne entgegenzuwirken.<\/p>\n<div id=\"ad-unit-2\" class=\"ad-unit\"><\/div>\n<div class=\"instagram-embed\" id=\"C9FL1EoNZo6\">\n<blockquote class=\"instagram-media\" data-instgrm-captioned data-instgrm-version=\"6\" style=\"width:99.375%; width:-webkit-calc(100% - 2px); width:calc(100% - 2px);\">\n<p>Ein von Martha Stewart (@marthastewart) geteilter Beitrag<\/p>\n<p>Ein Foto gepostet von am <\/p>\n<\/blockquote>\n<\/div>\n<p id=\"e50581aa-7a59-4e96-ae2e-3684226c2e30\">F\u00fcr eine moderne K\u00fcche, die den Test der Zeit bestehen wird, sind Wandfliesen und M\u00f6bel in einem sanften, ged\u00e4mpften Farbton, wie z. B. einem hellen Entenei oder einem nebligen Blaugrau, eine benutzerfreundliche Wahl, die wunderbar zu allen Stilen passt, einschlie\u00dflich klassischer Shaker und moderner Flachbildschirme.<\/p>\n<p>\u201eUm das Beste aus einem Blau wie diesem herauszuholen, kombinieren Sie es mit Neutralt\u00f6nen, damit es singen kann\u201c, sagt Sarah Davies-Bennion, leitende Designerin von Kate Guinness Design. \u201eWenn man es mit zu vielen anderen kr\u00e4ftigen Farben mischt, entsteht ein verwirrtes Aussehen, das einem Unfall im Malkasten eines Kindes \u00e4hnelt.\u201c Dies spricht f\u00fcr die aufkommende \u00c4sthetik des \u201eruhigen Luxus\u201c, die anspruchsvolle Zur\u00fcckhaltung bevorzugt.<\/p>\n<p>Blau und Wei\u00df ist eine weitere fantastische Farbkombination f\u00fcr R\u00e4ume, die zeitlos bleiben. Diese klassische Kombination f\u00fcr die K\u00fcche ist bei Hausbesitzern und Innenarchitekten gleicherma\u00dfen beliebt und wunderbar vielseitig. Die Palette ist keineswegs zweidimensional, sondern kann f\u00fcr alle m\u00f6glichen Looks verwendet werden, von elegant und raffiniert bis hin zu dezent und gelassen, abh\u00e4ngig von den verwendeten Farbt\u00f6nen und den Proportionen, in denen sie eingearbeitet werden.<\/p>\n<div id=\"slice-container-newsletterForm-articleInbodyContent-oM3u5KuxNbCzYyCLKczWfZ\" class=\"slice-container newsletter-inbodyContent-slice newsletterForm-articleInbodyContent-oM3u5KuxNbCzYyCLKczWfZ slice-container-newsletterForm\"><\/div>\n<p>Als Synonym f\u00fcr Meer und Himmel sind Blaut\u00f6ne eine gute Wahl, um dem Zuhause Frische und Ruhe einzuhauchen. \u201eBlau und Wei\u00df schaffen eine ruhige Atmosph\u00e4re\u201c, sagt Debbie Leigh, Designmanagerin der Stoffmarke Iliv. \u201eBlau wird oft mit Gef\u00fchlen der Gelassenheit und Entspannung in Verbindung gebracht, w\u00e4hrend Wei\u00df daf\u00fcr sorgt, dass ein Raum luftig und ger\u00e4umig wirkt.\u201c Zusammengenommen schaffen diese Farben eine friedliche und einladende Atmosph\u00e4re \u2013 perfekt in einer hektischen Familienk\u00fcche.\u201c<\/p>\n<p>Das Farbduo passt wunderbar zu Komplement\u00e4rt\u00f6nen wie Orange und Gr\u00fcn; F\u00fcr diejenigen, die sich jedoch f\u00fcr ein reines Zweitonschema entscheiden, ist es wichtig, viel Struktur einzubringen, um den Raum einladend zu halten und zu verhindern, dass er kahl wirkt. Die Dekoration mit verschiedenen Blaut\u00f6nen, gemusterten Stoffen und Materialien mit wundersch\u00f6ner Patina, wie Naturholz, handgefertigten Zellige-Fliesen oder geb\u00fcrsteten Metallen, tr\u00e4gt dazu bei, den Look zum Leben zu erwecken und ihm die Tiefe zu verleihen, die das Luxusdesign 2026 ausmacht.<\/p>\n<h3 class=\"article-body__section\" id=\"section-shop-the-pale-blue-kitchen-edit\"><span>Kaufen Sie die hellblaue K\u00fcchenauswahl<\/span><\/h3>\n<div class=\"product-container hero-product-container product-block-no-wrap\">\n<div class=\"product-block-row\"><\/div>\n<div class=\"product-block-row\"><\/div>\n<div class=\"product-block-row\"><\/div>\n<\/div>\n<p id=\"acd96b17-5e8f-4234-be34-e0fbb571c092\">Kurz gesagt, Blau ist alles andere als ein fl\u00fcchtiger Trend \u2013 es ist eine zeitlose Wahl, die perfekt zum aktuellen Wunsch nach K\u00fcchen passt, die sowohl beruhigend als auch \u00e4u\u00dferst anspruchsvoll sind. Durch die Verwendung subtiler Blaut\u00f6ne und deren Kombination mit nat\u00fcrlichen Texturen und Neutralt\u00f6nen k\u00f6nnen Sie eine K\u00fcchen\u00e4sthetik erzielen, die bis weit ins Jahr 2026 und dar\u00fcber hinaus frisch und relevant wirkt.<\/p>\n<div class=\"block\" id=\"articleTag\" data-component-name=\"PostArticleLinks\">\n<div class=\"border-b border-b-black border-solid py-2.5 text-black font-bold uppercase\">THEMEN<\/div>\n<nav class=\"py-2.5 flex gap-2.5 flex-wrap\" data-analytics-id=\"article-tag\">\n<p>Martha Stewart<\/p>\n<\/nav>\n<\/div>\n<\/div>\n<p><script async src=\"\/\/www.instagram.com\/embed.js\"><\/script><\/p>\n","protected":false},"excerpt":{"rendered":"<p>Martha Stewart, die legend\u00e4re amerikanische Einzelhandelsgesch\u00e4ftsfrau, Autorin und Fernsehpers\u00f6nlichkeit, erkennt einen Farbtrend, wenn sie einen sieht. Martha hat jahrzehntelang unser Zuhause mitgepr\u00e4gt \u2013 Produkte aus<\/p>\n","protected":false},"author":1,"featured_media":8531,"comment_status":"closed","ping_status":"","sticky":false,"template":"","format":"standard","meta":{"footnotes":""},"categories":[118],"tags":[10858,46,2187,51,78,531,43,10185,10859,129,384,10857,2894,9591,2895,948],"class_list":["post-8530","post","type-post","status-publish","format-standard","has-post-thumbnail","hentry","category-haus-garten","tag-1980erjahren","tag-auf","tag-comeback","tag-dass","tag-den","tag-dieses","tag-ein","tag-farbtrends","tag-hindeutet","tag-ich","tag-jahr","tag-kuechenrueckblick","tag-martha","tag-prognostiziere","tag-stewarts","tag-veralteten","generate-columns","tablet-grid-50","mobile-grid-100","grid-parent","grid-50"],"yoast_head":"<!-- This site is optimized with the Yoast SEO plugin v27.3 - https:\/\/yoast.com\/product\/yoast-seo-wordpress\/ -->\n<title>Ich prognostiziere, dass Martha Stewarts K\u00fcchenr\u00fcckblick in den 1980er-Jahren auf ein Comeback dieses veralteten Farbtrends im Jahr 2026 hindeutet - Nachrichten - Stra\u00dfenweb<\/title>\n<meta name=\"robots\" content=\"index, follow, max-snippet:-1, max-image-preview:large, max-video-preview:-1\" \/>\n<link rel=\"canonical\" href=\"https:\/\/www.strassenweb.de\/nachrichten\/ich-prognostiziere-dass-martha-stewarts-kuechenrueckblick-in-den-1980er-jahren-auf-ein-comeback-dieses-veralteten-farbtrends-im-jahr-2026-hindeutet\/\" \/>\n<meta property=\"og:locale\" content=\"de_DE\" \/>\n<meta property=\"og:type\" content=\"article\" \/>\n<meta property=\"og:title\" content=\"Ich prognostiziere, dass Martha Stewarts K\u00fcchenr\u00fcckblick in den 1980er-Jahren auf ein Comeback dieses veralteten Farbtrends im Jahr 2026 hindeutet - Nachrichten - Stra\u00dfenweb\" \/>\n<meta property=\"og:description\" content=\"Martha Stewart, die legend\u00e4re amerikanische Einzelhandelsgesch\u00e4ftsfrau, Autorin und Fernsehpers\u00f6nlichkeit, erkennt einen Farbtrend, wenn sie einen sieht. Martha hat jahrzehntelang unser Zuhause mitgepr\u00e4gt \u2013 Produkte aus\" \/>\n<meta property=\"og:url\" content=\"https:\/\/www.strassenweb.de\/nachrichten\/ich-prognostiziere-dass-martha-stewarts-kuechenrueckblick-in-den-1980er-jahren-auf-ein-comeback-dieses-veralteten-farbtrends-im-jahr-2026-hindeutet\/\" \/>\n<meta property=\"og:site_name\" content=\"Stra\u00dfenweb\" \/>\n<meta property=\"article:publisher\" content=\"https:\/\/www.facebook.com\/strassenweb\/\" \/>\n<meta property=\"article:published_time\" content=\"2025-10-16T23:39:57+00:00\" \/>\n<meta property=\"article:modified_time\" content=\"2025-10-16T23:39:58+00:00\" \/>\n<meta property=\"og:image\" content=\"https:\/\/www.strassenweb.de\/nachrichten\/wp-content\/uploads\/2025\/10\/Ich-prognostiziere-dass-Martha-Stewarts-Kuechenrueckblick-in-den-1980er-Jahren-auf.jpg\" \/>\n\t<meta property=\"og:image:width\" content=\"1600\" \/>\n\t<meta property=\"og:image:height\" content=\"900\" \/>\n\t<meta property=\"og:image:type\" content=\"image\/jpeg\" \/>\n<meta name=\"author\" content=\"Robert Hoffmann\" \/>\n<meta name=\"twitter:card\" content=\"summary_large_image\" \/>\n<meta name=\"twitter:label1\" content=\"Verfasst von\" \/>\n\t<meta name=\"twitter:data1\" content=\"Robert Hoffmann\" \/>\n\t<meta name=\"twitter:label2\" content=\"Gesch\u00e4tzte Lesezeit\" \/>\n\t<meta name=\"twitter:data2\" content=\"3\u00a0Minuten\" \/>\n<script type=\"application\/ld+json\" class=\"yoast-schema-graph\">{\"@context\":\"https:\\\/\\\/schema.org\",\"@graph\":[{\"@type\":\"Article\",\"@id\":\"https:\\\/\\\/www.strassenweb.de\\\/nachrichten\\\/ich-prognostiziere-dass-martha-stewarts-kuechenrueckblick-in-den-1980er-jahren-auf-ein-comeback-dieses-veralteten-farbtrends-im-jahr-2026-hindeutet\\\/#article\",\"isPartOf\":{\"@id\":\"https:\\\/\\\/www.strassenweb.de\\\/nachrichten\\\/ich-prognostiziere-dass-martha-stewarts-kuechenrueckblick-in-den-1980er-jahren-auf-ein-comeback-dieses-veralteten-farbtrends-im-jahr-2026-hindeutet\\\/\"},\"author\":{\"name\":\"Robert Hoffmann\",\"@id\":\"https:\\\/\\\/www.strassenweb.de\\\/nachrichten\\\/#\\\/schema\\\/person\\\/87c9c9067f1211da429a744dc5a5aa41\"},\"headline\":\"Ich prognostiziere, dass Martha Stewarts K\u00fcchenr\u00fcckblick in den 1980er-Jahren auf ein Comeback dieses veralteten Farbtrends im Jahr 2026 hindeutet\",\"datePublished\":\"2025-10-16T23:39:57+00:00\",\"dateModified\":\"2025-10-16T23:39:58+00:00\",\"mainEntityOfPage\":{\"@id\":\"https:\\\/\\\/www.strassenweb.de\\\/nachrichten\\\/ich-prognostiziere-dass-martha-stewarts-kuechenrueckblick-in-den-1980er-jahren-auf-ein-comeback-dieses-veralteten-farbtrends-im-jahr-2026-hindeutet\\\/\"},\"wordCount\":659,\"publisher\":{\"@id\":\"https:\\\/\\\/www.strassenweb.de\\\/nachrichten\\\/#organization\"},\"image\":{\"@id\":\"https:\\\/\\\/www.strassenweb.de\\\/nachrichten\\\/ich-prognostiziere-dass-martha-stewarts-kuechenrueckblick-in-den-1980er-jahren-auf-ein-comeback-dieses-veralteten-farbtrends-im-jahr-2026-hindeutet\\\/#primaryimage\"},\"thumbnailUrl\":\"https:\\\/\\\/www.strassenweb.de\\\/nachrichten\\\/wp-content\\\/uploads\\\/2025\\\/10\\\/Ich-prognostiziere-dass-Martha-Stewarts-Kuechenrueckblick-in-den-1980er-Jahren-auf.jpg\",\"keywords\":[\"1980erJahren\",\"auf\",\"Comeback\",\"dass\",\"den\",\"dieses\",\"ein\",\"Farbtrends\",\"hindeutet\",\"ich\",\"Jahr\",\"K\u00fcchenr\u00fcckblick\",\"Martha\",\"prognostiziere\",\"Stewarts\",\"veralteten\"],\"articleSection\":[\"Haus &amp; Garten\"],\"inLanguage\":\"de\"},{\"@type\":\"WebPage\",\"@id\":\"https:\\\/\\\/www.strassenweb.de\\\/nachrichten\\\/ich-prognostiziere-dass-martha-stewarts-kuechenrueckblick-in-den-1980er-jahren-auf-ein-comeback-dieses-veralteten-farbtrends-im-jahr-2026-hindeutet\\\/\",\"url\":\"https:\\\/\\\/www.strassenweb.de\\\/nachrichten\\\/ich-prognostiziere-dass-martha-stewarts-kuechenrueckblick-in-den-1980er-jahren-auf-ein-comeback-dieses-veralteten-farbtrends-im-jahr-2026-hindeutet\\\/\",\"name\":\"Ich prognostiziere, dass Martha Stewarts K\u00fcchenr\u00fcckblick in den 1980er-Jahren auf ein Comeback dieses veralteten Farbtrends im Jahr 2026 hindeutet - Nachrichten - Stra\u00dfenweb\",\"isPartOf\":{\"@id\":\"https:\\\/\\\/www.strassenweb.de\\\/nachrichten\\\/#website\"},\"primaryImageOfPage\":{\"@id\":\"https:\\\/\\\/www.strassenweb.de\\\/nachrichten\\\/ich-prognostiziere-dass-martha-stewarts-kuechenrueckblick-in-den-1980er-jahren-auf-ein-comeback-dieses-veralteten-farbtrends-im-jahr-2026-hindeutet\\\/#primaryimage\"},\"image\":{\"@id\":\"https:\\\/\\\/www.strassenweb.de\\\/nachrichten\\\/ich-prognostiziere-dass-martha-stewarts-kuechenrueckblick-in-den-1980er-jahren-auf-ein-comeback-dieses-veralteten-farbtrends-im-jahr-2026-hindeutet\\\/#primaryimage\"},\"thumbnailUrl\":\"https:\\\/\\\/www.strassenweb.de\\\/nachrichten\\\/wp-content\\\/uploads\\\/2025\\\/10\\\/Ich-prognostiziere-dass-Martha-Stewarts-Kuechenrueckblick-in-den-1980er-Jahren-auf.jpg\",\"datePublished\":\"2025-10-16T23:39:57+00:00\",\"dateModified\":\"2025-10-16T23:39:58+00:00\",\"breadcrumb\":{\"@id\":\"https:\\\/\\\/www.strassenweb.de\\\/nachrichten\\\/ich-prognostiziere-dass-martha-stewarts-kuechenrueckblick-in-den-1980er-jahren-auf-ein-comeback-dieses-veralteten-farbtrends-im-jahr-2026-hindeutet\\\/#breadcrumb\"},\"inLanguage\":\"de\",\"potentialAction\":[{\"@type\":\"ReadAction\",\"target\":[\"https:\\\/\\\/www.strassenweb.de\\\/nachrichten\\\/ich-prognostiziere-dass-martha-stewarts-kuechenrueckblick-in-den-1980er-jahren-auf-ein-comeback-dieses-veralteten-farbtrends-im-jahr-2026-hindeutet\\\/\"]}]},{\"@type\":\"ImageObject\",\"inLanguage\":\"de\",\"@id\":\"https:\\\/\\\/www.strassenweb.de\\\/nachrichten\\\/ich-prognostiziere-dass-martha-stewarts-kuechenrueckblick-in-den-1980er-jahren-auf-ein-comeback-dieses-veralteten-farbtrends-im-jahr-2026-hindeutet\\\/#primaryimage\",\"url\":\"https:\\\/\\\/www.strassenweb.de\\\/nachrichten\\\/wp-content\\\/uploads\\\/2025\\\/10\\\/Ich-prognostiziere-dass-Martha-Stewarts-Kuechenrueckblick-in-den-1980er-Jahren-auf.jpg\",\"contentUrl\":\"https:\\\/\\\/www.strassenweb.de\\\/nachrichten\\\/wp-content\\\/uploads\\\/2025\\\/10\\\/Ich-prognostiziere-dass-Martha-Stewarts-Kuechenrueckblick-in-den-1980er-Jahren-auf.jpg\",\"width\":1600,\"height\":900,\"caption\":\"Martha Stewart\"},{\"@type\":\"BreadcrumbList\",\"@id\":\"https:\\\/\\\/www.strassenweb.de\\\/nachrichten\\\/ich-prognostiziere-dass-martha-stewarts-kuechenrueckblick-in-den-1980er-jahren-auf-ein-comeback-dieses-veralteten-farbtrends-im-jahr-2026-hindeutet\\\/#breadcrumb\",\"itemListElement\":[{\"@type\":\"ListItem\",\"position\":1,\"name\":\"Home\",\"item\":\"https:\\\/\\\/www.strassenweb.de\\\/nachrichten\\\/\"},{\"@type\":\"ListItem\",\"position\":2,\"name\":\"Ich prognostiziere, dass Martha Stewarts K\u00fcchenr\u00fcckblick in den 1980er-Jahren auf ein Comeback dieses veralteten Farbtrends im Jahr 2026 hindeutet\"}]},{\"@type\":\"WebSite\",\"@id\":\"https:\\\/\\\/www.strassenweb.de\\\/nachrichten\\\/#website\",\"url\":\"https:\\\/\\\/www.strassenweb.de\\\/nachrichten\\\/\",\"name\":\"Stra\u00dfenweb\",\"description\":\"Stra\u00dfenverzeichnis f\u00fcr Deutschland\",\"publisher\":{\"@id\":\"https:\\\/\\\/www.strassenweb.de\\\/nachrichten\\\/#organization\"},\"potentialAction\":[{\"@type\":\"SearchAction\",\"target\":{\"@type\":\"EntryPoint\",\"urlTemplate\":\"https:\\\/\\\/www.strassenweb.de\\\/nachrichten\\\/?s={search_term_string}\"},\"query-input\":{\"@type\":\"PropertyValueSpecification\",\"valueRequired\":true,\"valueName\":\"search_term_string\"}}],\"inLanguage\":\"de\"},{\"@type\":\"Organization\",\"@id\":\"https:\\\/\\\/www.strassenweb.de\\\/nachrichten\\\/#organization\",\"name\":\"Stra\u00dfenweb\",\"url\":\"https:\\\/\\\/www.strassenweb.de\\\/nachrichten\\\/\",\"logo\":{\"@type\":\"ImageObject\",\"inLanguage\":\"de\",\"@id\":\"https:\\\/\\\/www.strassenweb.de\\\/nachrichten\\\/#\\\/schema\\\/logo\\\/image\\\/\",\"url\":\"https:\\\/\\\/www.strassenweb.de\\\/nachrichten\\\/wp-content\\\/uploads\\\/2024\\\/09\\\/cropped-favicon.png\",\"contentUrl\":\"https:\\\/\\\/www.strassenweb.de\\\/nachrichten\\\/wp-content\\\/uploads\\\/2024\\\/09\\\/cropped-favicon.png\",\"width\":512,\"height\":512,\"caption\":\"Stra\u00dfenweb\"},\"image\":{\"@id\":\"https:\\\/\\\/www.strassenweb.de\\\/nachrichten\\\/#\\\/schema\\\/logo\\\/image\\\/\"},\"sameAs\":[\"https:\\\/\\\/www.facebook.com\\\/strassenweb\\\/\"]},{\"@type\":\"Person\",\"@id\":\"https:\\\/\\\/www.strassenweb.de\\\/nachrichten\\\/#\\\/schema\\\/person\\\/87c9c9067f1211da429a744dc5a5aa41\",\"name\":\"Robert Hoffmann\",\"image\":{\"@type\":\"ImageObject\",\"inLanguage\":\"de\",\"@id\":\"https:\\\/\\\/www.strassenweb.de\\\/nachrichten\\\/wp-content\\\/uploads\\\/2024\\\/09\\\/strassenweb-150x150.jpg\",\"url\":\"https:\\\/\\\/www.strassenweb.de\\\/nachrichten\\\/wp-content\\\/uploads\\\/2024\\\/09\\\/strassenweb-150x150.jpg\",\"contentUrl\":\"https:\\\/\\\/www.strassenweb.de\\\/nachrichten\\\/wp-content\\\/uploads\\\/2024\\\/09\\\/strassenweb-150x150.jpg\",\"caption\":\"Robert Hoffmann\"},\"description\":\"Ich hei\u00dfe Robert Hoffmann und ich bin ein leidenschaftlicher Verfechter von \u00d6kologie und Biodiversit\u00e4t. Seit meiner Kindheit in den W\u00e4ldern Bayerns f\u00fchle ich mich mit der Natur verbunden und bin entschlossen, sie zu sch\u00fctzen. Heute widme ich mein Leben der Sensibilisierung anderer f\u00fcr die Bedeutung des Umweltschutzes f\u00fcr zuk\u00fcnftige Generationen.\",\"sameAs\":[\"https:\\\/\\\/www.strassenweb.de\\\/\"]}]}<\/script>\n<!-- \/ Yoast SEO plugin. -->","yoast_head_json":{"title":"Ich prognostiziere, dass Martha Stewarts K\u00fcchenr\u00fcckblick in den 1980er-Jahren auf ein Comeback dieses veralteten Farbtrends im Jahr 2026 hindeutet - Nachrichten - Stra\u00dfenweb","robots":{"index":"index","follow":"follow","max-snippet":"max-snippet:-1","max-image-preview":"max-image-preview:large","max-video-preview":"max-video-preview:-1"},"canonical":"https:\/\/www.strassenweb.de\/nachrichten\/ich-prognostiziere-dass-martha-stewarts-kuechenrueckblick-in-den-1980er-jahren-auf-ein-comeback-dieses-veralteten-farbtrends-im-jahr-2026-hindeutet\/","og_locale":"de_DE","og_type":"article","og_title":"Ich prognostiziere, dass Martha Stewarts K\u00fcchenr\u00fcckblick in den 1980er-Jahren auf ein Comeback dieses veralteten Farbtrends im Jahr 2026 hindeutet - Nachrichten - Stra\u00dfenweb","og_description":"Martha Stewart, die legend\u00e4re amerikanische Einzelhandelsgesch\u00e4ftsfrau, Autorin und Fernsehpers\u00f6nlichkeit, erkennt einen Farbtrend, wenn sie einen sieht. Martha hat jahrzehntelang unser Zuhause mitgepr\u00e4gt \u2013 Produkte aus","og_url":"https:\/\/www.strassenweb.de\/nachrichten\/ich-prognostiziere-dass-martha-stewarts-kuechenrueckblick-in-den-1980er-jahren-auf-ein-comeback-dieses-veralteten-farbtrends-im-jahr-2026-hindeutet\/","og_site_name":"Stra\u00dfenweb","article_publisher":"https:\/\/www.facebook.com\/strassenweb\/","article_published_time":"2025-10-16T23:39:57+00:00","article_modified_time":"2025-10-16T23:39:58+00:00","og_image":[{"width":1600,"height":900,"url":"https:\/\/www.strassenweb.de\/nachrichten\/wp-content\/uploads\/2025\/10\/Ich-prognostiziere-dass-Martha-Stewarts-Kuechenrueckblick-in-den-1980er-Jahren-auf.jpg","type":"image\/jpeg"}],"author":"Robert Hoffmann","twitter_card":"summary_large_image","twitter_misc":{"Verfasst von":"Robert Hoffmann","Gesch\u00e4tzte Lesezeit":"3\u00a0Minuten"},"schema":{"@context":"https:\/\/schema.org","@graph":[{"@type":"Article","@id":"https:\/\/www.strassenweb.de\/nachrichten\/ich-prognostiziere-dass-martha-stewarts-kuechenrueckblick-in-den-1980er-jahren-auf-ein-comeback-dieses-veralteten-farbtrends-im-jahr-2026-hindeutet\/#article","isPartOf":{"@id":"https:\/\/www.strassenweb.de\/nachrichten\/ich-prognostiziere-dass-martha-stewarts-kuechenrueckblick-in-den-1980er-jahren-auf-ein-comeback-dieses-veralteten-farbtrends-im-jahr-2026-hindeutet\/"},"author":{"name":"Robert Hoffmann","@id":"https:\/\/www.strassenweb.de\/nachrichten\/#\/schema\/person\/87c9c9067f1211da429a744dc5a5aa41"},"headline":"Ich prognostiziere, dass Martha Stewarts K\u00fcchenr\u00fcckblick in den 1980er-Jahren auf ein Comeback dieses veralteten Farbtrends im Jahr 2026 hindeutet","datePublished":"2025-10-16T23:39:57+00:00","dateModified":"2025-10-16T23:39:58+00:00","mainEntityOfPage":{"@id":"https:\/\/www.strassenweb.de\/nachrichten\/ich-prognostiziere-dass-martha-stewarts-kuechenrueckblick-in-den-1980er-jahren-auf-ein-comeback-dieses-veralteten-farbtrends-im-jahr-2026-hindeutet\/"},"wordCount":659,"publisher":{"@id":"https:\/\/www.strassenweb.de\/nachrichten\/#organization"},"image":{"@id":"https:\/\/www.strassenweb.de\/nachrichten\/ich-prognostiziere-dass-martha-stewarts-kuechenrueckblick-in-den-1980er-jahren-auf-ein-comeback-dieses-veralteten-farbtrends-im-jahr-2026-hindeutet\/#primaryimage"},"thumbnailUrl":"https:\/\/www.strassenweb.de\/nachrichten\/wp-content\/uploads\/2025\/10\/Ich-prognostiziere-dass-Martha-Stewarts-Kuechenrueckblick-in-den-1980er-Jahren-auf.jpg","keywords":["1980erJahren","auf","Comeback","dass","den","dieses","ein","Farbtrends","hindeutet","ich","Jahr","K\u00fcchenr\u00fcckblick","Martha","prognostiziere","Stewarts","veralteten"],"articleSection":["Haus &amp; Garten"],"inLanguage":"de"},{"@type":"WebPage","@id":"https:\/\/www.strassenweb.de\/nachrichten\/ich-prognostiziere-dass-martha-stewarts-kuechenrueckblick-in-den-1980er-jahren-auf-ein-comeback-dieses-veralteten-farbtrends-im-jahr-2026-hindeutet\/","url":"https:\/\/www.strassenweb.de\/nachrichten\/ich-prognostiziere-dass-martha-stewarts-kuechenrueckblick-in-den-1980er-jahren-auf-ein-comeback-dieses-veralteten-farbtrends-im-jahr-2026-hindeutet\/","name":"Ich prognostiziere, dass Martha Stewarts K\u00fcchenr\u00fcckblick in den 1980er-Jahren auf ein Comeback dieses veralteten Farbtrends im Jahr 2026 hindeutet - Nachrichten - Stra\u00dfenweb","isPartOf":{"@id":"https:\/\/www.strassenweb.de\/nachrichten\/#website"},"primaryImageOfPage":{"@id":"https:\/\/www.strassenweb.de\/nachrichten\/ich-prognostiziere-dass-martha-stewarts-kuechenrueckblick-in-den-1980er-jahren-auf-ein-comeback-dieses-veralteten-farbtrends-im-jahr-2026-hindeutet\/#primaryimage"},"image":{"@id":"https:\/\/www.strassenweb.de\/nachrichten\/ich-prognostiziere-dass-martha-stewarts-kuechenrueckblick-in-den-1980er-jahren-auf-ein-comeback-dieses-veralteten-farbtrends-im-jahr-2026-hindeutet\/#primaryimage"},"thumbnailUrl":"https:\/\/www.strassenweb.de\/nachrichten\/wp-content\/uploads\/2025\/10\/Ich-prognostiziere-dass-Martha-Stewarts-Kuechenrueckblick-in-den-1980er-Jahren-auf.jpg","datePublished":"2025-10-16T23:39:57+00:00","dateModified":"2025-10-16T23:39:58+00:00","breadcrumb":{"@id":"https:\/\/www.strassenweb.de\/nachrichten\/ich-prognostiziere-dass-martha-stewarts-kuechenrueckblick-in-den-1980er-jahren-auf-ein-comeback-dieses-veralteten-farbtrends-im-jahr-2026-hindeutet\/#breadcrumb"},"inLanguage":"de","potentialAction":[{"@type":"ReadAction","target":["https:\/\/www.strassenweb.de\/nachrichten\/ich-prognostiziere-dass-martha-stewarts-kuechenrueckblick-in-den-1980er-jahren-auf-ein-comeback-dieses-veralteten-farbtrends-im-jahr-2026-hindeutet\/"]}]},{"@type":"ImageObject","inLanguage":"de","@id":"https:\/\/www.strassenweb.de\/nachrichten\/ich-prognostiziere-dass-martha-stewarts-kuechenrueckblick-in-den-1980er-jahren-auf-ein-comeback-dieses-veralteten-farbtrends-im-jahr-2026-hindeutet\/#primaryimage","url":"https:\/\/www.strassenweb.de\/nachrichten\/wp-content\/uploads\/2025\/10\/Ich-prognostiziere-dass-Martha-Stewarts-Kuechenrueckblick-in-den-1980er-Jahren-auf.jpg","contentUrl":"https:\/\/www.strassenweb.de\/nachrichten\/wp-content\/uploads\/2025\/10\/Ich-prognostiziere-dass-Martha-Stewarts-Kuechenrueckblick-in-den-1980er-Jahren-auf.jpg","width":1600,"height":900,"caption":"Martha Stewart"},{"@type":"BreadcrumbList","@id":"https:\/\/www.strassenweb.de\/nachrichten\/ich-prognostiziere-dass-martha-stewarts-kuechenrueckblick-in-den-1980er-jahren-auf-ein-comeback-dieses-veralteten-farbtrends-im-jahr-2026-hindeutet\/#breadcrumb","itemListElement":[{"@type":"ListItem","position":1,"name":"Home","item":"https:\/\/www.strassenweb.de\/nachrichten\/"},{"@type":"ListItem","position":2,"name":"Ich prognostiziere, dass Martha Stewarts K\u00fcchenr\u00fcckblick in den 1980er-Jahren auf ein Comeback dieses veralteten Farbtrends im Jahr 2026 hindeutet"}]},{"@type":"WebSite","@id":"https:\/\/www.strassenweb.de\/nachrichten\/#website","url":"https:\/\/www.strassenweb.de\/nachrichten\/","name":"Stra\u00dfenweb","description":"Stra\u00dfenverzeichnis f\u00fcr Deutschland","publisher":{"@id":"https:\/\/www.strassenweb.de\/nachrichten\/#organization"},"potentialAction":[{"@type":"SearchAction","target":{"@type":"EntryPoint","urlTemplate":"https:\/\/www.strassenweb.de\/nachrichten\/?s={search_term_string}"},"query-input":{"@type":"PropertyValueSpecification","valueRequired":true,"valueName":"search_term_string"}}],"inLanguage":"de"},{"@type":"Organization","@id":"https:\/\/www.strassenweb.de\/nachrichten\/#organization","name":"Stra\u00dfenweb","url":"https:\/\/www.strassenweb.de\/nachrichten\/","logo":{"@type":"ImageObject","inLanguage":"de","@id":"https:\/\/www.strassenweb.de\/nachrichten\/#\/schema\/logo\/image\/","url":"https:\/\/www.strassenweb.de\/nachrichten\/wp-content\/uploads\/2024\/09\/cropped-favicon.png","contentUrl":"https:\/\/www.strassenweb.de\/nachrichten\/wp-content\/uploads\/2024\/09\/cropped-favicon.png","width":512,"height":512,"caption":"Stra\u00dfenweb"},"image":{"@id":"https:\/\/www.strassenweb.de\/nachrichten\/#\/schema\/logo\/image\/"},"sameAs":["https:\/\/www.facebook.com\/strassenweb\/"]},{"@type":"Person","@id":"https:\/\/www.strassenweb.de\/nachrichten\/#\/schema\/person\/87c9c9067f1211da429a744dc5a5aa41","name":"Robert Hoffmann","image":{"@type":"ImageObject","inLanguage":"de","@id":"https:\/\/www.strassenweb.de\/nachrichten\/wp-content\/uploads\/2024\/09\/strassenweb-150x150.jpg","url":"https:\/\/www.strassenweb.de\/nachrichten\/wp-content\/uploads\/2024\/09\/strassenweb-150x150.jpg","contentUrl":"https:\/\/www.strassenweb.de\/nachrichten\/wp-content\/uploads\/2024\/09\/strassenweb-150x150.jpg","caption":"Robert Hoffmann"},"description":"Ich hei\u00dfe Robert Hoffmann und ich bin ein leidenschaftlicher Verfechter von \u00d6kologie und Biodiversit\u00e4t. Seit meiner Kindheit in den W\u00e4ldern Bayerns f\u00fchle ich mich mit der Natur verbunden und bin entschlossen, sie zu sch\u00fctzen. Heute widme ich mein Leben der Sensibilisierung anderer f\u00fcr die Bedeutung des Umweltschutzes f\u00fcr zuk\u00fcnftige Generationen.","sameAs":["https:\/\/www.strassenweb.de\/"]}]}},"_links":{"self":[{"href":"https:\/\/www.strassenweb.de\/nachrichten\/wp-json\/wp\/v2\/posts\/8530","targetHints":{"allow":["GET"]}}],"collection":[{"href":"https:\/\/www.strassenweb.de\/nachrichten\/wp-json\/wp\/v2\/posts"}],"about":[{"href":"https:\/\/www.strassenweb.de\/nachrichten\/wp-json\/wp\/v2\/types\/post"}],"author":[{"embeddable":true,"href":"https:\/\/www.strassenweb.de\/nachrichten\/wp-json\/wp\/v2\/users\/1"}],"replies":[{"embeddable":true,"href":"https:\/\/www.strassenweb.de\/nachrichten\/wp-json\/wp\/v2\/comments?post=8530"}],"version-history":[{"count":0,"href":"https:\/\/www.strassenweb.de\/nachrichten\/wp-json\/wp\/v2\/posts\/8530\/revisions"}],"wp:featuredmedia":[{"embeddable":true,"href":"https:\/\/www.strassenweb.de\/nachrichten\/wp-json\/wp\/v2\/media\/8531"}],"wp:attachment":[{"href":"https:\/\/www.strassenweb.de\/nachrichten\/wp-json\/wp\/v2\/media?parent=8530"}],"wp:term":[{"taxonomy":"category","embeddable":true,"href":"https:\/\/www.strassenweb.de\/nachrichten\/wp-json\/wp\/v2\/categories?post=8530"},{"taxonomy":"post_tag","embeddable":true,"href":"https:\/\/www.strassenweb.de\/nachrichten\/wp-json\/wp\/v2\/tags?post=8530"}],"curies":[{"name":"wp","href":"https:\/\/api.w.org\/{rel}","templated":true}]}}