{"id":8527,"date":"2025-10-16T22:39:23","date_gmt":"2025-10-16T20:39:23","guid":{"rendered":"https:\/\/www.strassenweb.de\/nachrichten\/so-zuechten-sie-einen-walnussbaum-aus-samen-5-schritte-zum-anbau-ihrer-eigenen-nussernte\/"},"modified":"2025-10-16T22:39:24","modified_gmt":"2025-10-16T20:39:24","slug":"so-zuechten-sie-einen-walnussbaum-aus-samen-5-schritte-zum-anbau-ihrer-eigenen-nussernte","status":"publish","type":"post","link":"https:\/\/www.strassenweb.de\/nachrichten\/so-zuechten-sie-einen-walnussbaum-aus-samen-5-schritte-zum-anbau-ihrer-eigenen-nussernte\/","title":{"rendered":"So z\u00fcchten Sie einen Walnussbaum aus Samen \u2013 5 Schritte zum Anbau Ihrer eigenen Nussernte"},"content":{"rendered":"<p><\/p>\n<div id=\"article-body\" class=\"article__body \">\n<p id=\"cadd62b6-f3f8-4706-b19f-e6fb4e725976\">Walnussb\u00e4ume sind eine ganz besondere Bereicherung f\u00fcr den Garten und bieten im Fr\u00fchling gelbgr\u00fcne K\u00e4tzchen und im Herbst k\u00f6stliche Waln\u00fcsse. Auch wenn das Wachstum einsch\u00fcchternd wirken kann, kann ein wenig Ausdauer zum erfolgreichen Anbau Ihrer Waln\u00fcsse f\u00fchren. Es ist sogar m\u00f6glich, einen Walnussbaum aus Samen zu z\u00fcchten. Seien Sie jedoch gewarnt, es dauert ziemlich lange.<\/p>\n<div id=\"ad-unit-1\" class=\"ad-unit\"><\/div>\n<p>Beachten Sie, dass Walnussb\u00e4ume nicht zu den einfachsten Obstb\u00e4umen geh\u00f6ren. Sie sind daf\u00fcr bekannt, dass sie eine kleine Herausforderung darstellen und viel Platz, gleichm\u00e4\u00dfige Feuchtigkeit und volle Sonne ben\u00f6tigen, um wirklich zu gedeihen. Allerdings wird die Pflege eines Walnussbaums, sobald Sie ihn aus Samen gezogen haben, mit zunehmender Reife immer pflegeleichter.<\/p>\n<p class=\"paywall\" aria-hidden=\"true\">Um erfolgreich einen Walnussbaum aus Samen zu z\u00fcchten, m\u00fcssen Sie ein paar Schritte befolgen, aber wir haben es in dieser Anleitung ganz einfach gemacht. Im Folgenden finden Sie nur f\u00fcnf Schritte zum Z\u00fcchten eines Walnussbaums aus Samen sowie Expertenratschl\u00e4ge f\u00fcr die richtige Pflege. Bald werden Sie Eimer voller Waln\u00fcsse haben, egal ob Sie einen englischen Walnussbaum z\u00fcchten oder schwarze Waln\u00fcsse in Ihrem Garten ernten m\u00f6chten.<\/p>\n<div class=\"van_vid_carousel\">\n<div class=\"van_vid_carousel__padding\">\n<div class=\"van_vid_carousel__container\"><\/div>\n<\/div>\n<\/div>\n<figure class=\"van-image-figure inline-layout \" data-bordeaux-image-check id=\"962cf6aa-9448-430a-b1c4-33b8933d87b2\">\n<div class=\"image-full-width-wrapper\">\n<div class=\"image-widthsetter\" style=\"max-width:2400px;\"><\/div>\n<\/div>\n<\/figure>\n<h3 class=\"article-body__section\" id=\"section-5-steps-to-grow-a-walnut-tree-from-seed\"><span>5 Schritte zum Z\u00fcchten eines Walnussbaums aus Samen<\/span><\/h3>\n<aside data-block-type=\"embed\" data-render-type=\"fte\" data-skip=\"dealsy\" data-widget-type=\"seasonal\" class=\"hawk-root\"><\/aside>\n<p id=\"db46aa3b-b307-402a-aa5e-dfc90b73c6a4-0\">Wie bei allen B\u00e4umen gibt es auch beim Anbau und der Pflege eines Walnussbaums einige Baumfehler zu beachten. Dazu geh\u00f6rt, dass Sie Ihren Walnussbaum am falschen Standort pflanzen und die falsche Sorte f\u00fcr Ihre Region ausw\u00e4hlen.<\/p>\n<div id=\"ad-unit-2\" class=\"ad-unit\"><\/div>\n<p>\u201eDaher ist es f\u00fcr solche Regionen besser, sp\u00e4ter bl\u00fchende Sorten zu w\u00e4hlen\u201c, f\u00fcgt er hinzu. Einige Beispiele sind \u201eLara\u201c und \u201eParisienne\u201c, die beide im Mai bl\u00fchen.<\/p>\n<p>Wenn Sie die folgenden Schritte befolgen, k\u00f6nnen Sie einen gesunden Walnussbaum in Ihrem Garten z\u00fcchten:<\/p>\n<div id=\"slice-container-newsletterForm-articleInbodyContent-fk94icuYTKNfZJYs72o29Q\" class=\"slice-container newsletter-inbodyContent-slice newsletterForm-articleInbodyContent-fk94icuYTKNfZJYs72o29Q slice-container-newsletterForm\"><\/div>\n<h2 id=\"1-harvest-fresh-walnut-seeds-3\">1. Ernten Sie frische Walnusssamen<\/h2>\n<figure class=\"van-image-figure inline-layout \" data-bordeaux-image-check id=\"0e53f68d-5415-44a1-b420-0bd11aa9410c\">\n<div class=\"image-full-width-wrapper\">\n<div class=\"image-widthsetter\" style=\"max-width:2400px;\"><\/div>\n<\/div>\n<\/figure>\n<p id=\"f1fd977a-4590-4f1b-ba58-5a04033d6bb0\">Der erste Schritt bei der Z\u00fcchtung eines Walnussbaums aus Samen ist die Suche nach den Samen.<\/p>\n<p>Sie k\u00f6nnen entweder Samen von einem vorhandenen Walnussbaum sammeln oder Walnusssamen zum Anpflanzen kaufen \u2013 wei\u00dfe Walnussbaumsamen finden Sie bei Amazon und schwarze Walnussbaumsamen bei Amazon.<\/p>\n<p>Um Walnusskerne zu ernten, tun Sie dies im Herbst, wenn die \u00e4u\u00dferen gr\u00fcnen Schalen der Waln\u00fcsse dunkel sind und aufgeplatzt sind.<\/p>\n<p>Entfernen Sie die Schale, um an die harte Schale (dh den Samen, den Sie pflanzen m\u00f6chten) zu gelangen. Die Samen m\u00fcssen ganz und fest sein und m\u00f6glichst keine Risse oder L\u00f6cher aufweisen.<\/p>\n<p>Reinigen Sie die Samen anschlie\u00dfend unbedingt, um eventuelle Schalenreste zu entfernen. Die Samen sollten etwa 24 Stunden lang eingeweicht werden, um die Schale weicher zu machen und sie auf die Keimung vorzubereiten.<\/p>\n<h2 id=\"2-stratify-the-walnut-seeds-3\">2. Stratifizieren Sie die Walnusssamen<\/h2>\n<figure class=\"van-image-figure inline-layout \" data-bordeaux-image-check id=\"5542b880-d47b-40db-bced-cc74a3c25e6f\">\n<div class=\"image-full-width-wrapper\">\n<div class=\"image-widthsetter\" style=\"max-width:2000px;\"><\/div>\n<\/div>\n<\/figure>\n<p id=\"f1f15d07-4549-466c-b1b1-3231a2f34ebe\">Nach der 24-st\u00fcndigen Einweichzeit ist es Zeit f\u00fcr die Samenschichtung. Dabei handelt es sich um eine Phase der K\u00e4ltebehandlung, die dabei hilft, die Keimruhe zu unterbrechen und die Keimung einzuleiten.<\/p>\n<p>Sie k\u00f6nnen dies tun, indem Sie die Walnusskerne in einem versiegelten Plastikbeutel in ein Medium wie feuchten Sand oder Vermiculit legen. Dieser Gartensand von Amazon w\u00fcrde gut funktionieren.<\/p>\n<p>Anschlie\u00dfend k\u00f6nnen Sie den Beutel f\u00fcr l\u00e4ngere Zeit drei bis vier Monate in Ihrem K\u00fchlschrank aufbewahren.<\/p>\n<p>W\u00e4hrend dieser Zeit sollten Sie das Medium regelm\u00e4\u00dfig \u00fcberpr\u00fcfen, um sicherzustellen, dass es noch feucht, aber nicht durchn\u00e4sst ist. Bei Bedarf etwas Wasser hinzuf\u00fcgen.<\/p>\n<div class=\"min-h-(270px) mb-4 viafoura-twig-component\" id=\"viafoura-engagement-starter-wrapper\" data-component-name=\"Elk:Embed:EngagementStarter\">\n<div class=\"viafoura\">\n<div>\n<vf-conversation-starter target=\"viafoura-comments\" title=\"Do you have any other nuts growing in your yard?\" description=\"Let us know in the comments.\" minimum-comment-count=\"5\"><br \/>\n<\/vf-conversation-starter>\n<\/div>\n<\/div>\n<\/div>\n<h2 id=\"3-plant-the-seeds-in-a-sunny-location-3\">3. Pflanzen Sie die Samen an einem sonnigen Ort<\/h2>\n<figure class=\"van-image-figure inline-layout \" data-bordeaux-image-check id=\"3599160d-6241-419d-949b-b0e5b7db1298\">\n<div class=\"image-full-width-wrapper\">\n<div class=\"image-widthsetter\" style=\"max-width:2400px;\"><\/div>\n<\/div>\n<\/figure>\n<p id=\"1e5c2a86-43a1-4003-9962-cba4a76f508e\">Wenn Sie das Ende der Kaltschichtungsperiode erreicht haben, ist es Zeit, Ihre Walnusssamen zu pflanzen.<\/p>\n<p>Der beste Zeitpunkt hierf\u00fcr ist der zeitige Fr\u00fchling, da Sie die Samen direkt ins Freiland pflanzen k\u00f6nnen. Alternativ k\u00f6nnen Sie die Aussaat auch drinnen durchf\u00fchren, beispielsweise in einem Gew\u00e4chshaus.<\/p>\n<p>Ber\u00fccksichtigen Sie bei der Auswahl eines Standorts im Freien f\u00fcr Ihren Walnussbaum die endg\u00fcltige H\u00f6he und Verbreitung der Sorte, die Sie anbauen, und stellen Sie ihr ausreichend Platz zur Verf\u00fcgung.<\/p>\n<p>Ebenso ben\u00f6tigt es t\u00e4glich etwa sechs bis acht Stunden direkte Sonneneinstrahlung und profitiert von einem gut durchl\u00e4ssigen, aber feuchtigkeitsspeichernden Bodentyp.<\/p>\n<p>\u201eUnabh\u00e4ngig von der Art des Walnussbaums wollen sie alle in fruchtbarem und gut durchl\u00e4ssigem Boden und fern von kalten Winden und Frostnester wachsen\u201c, sagt Drew.<\/p>\n<p>\u201eEine Warnung beim Anbau von Waln\u00fcssen ist, dass sie eine nat\u00fcrliche Verbindung namens Juglon produzieren, die das Wachstum von Pflanzen in der N\u00e4he hemmt\u201c, f\u00fcgt er hinzu.<\/p>\n<p>\u201eSchwarze Waln\u00fcsse produzieren bekannterma\u00dfen den meisten Juglon, und Sie m\u00fcssen vorsichtig sein, welche Pflanzen sich in der gleichen Gegend wie der Baum befinden, und diejenigen ausw\u00e4hlen, die Juglon toleranter sind.\u201c<\/p>\n<p>Die Samen sollten etwa 2,5 bis 5 cm tief eingepflanzt werden, wobei die spitze Kante nach unten zeigt.<\/p>\n<p>Dieses Blumenzwiebelpflanzwerkzeug mit Tiefenmarkierung von Amazon kann Ihnen dabei helfen, die richtigen Ma\u00dfe zu ermitteln und gleichzeitig ein sauberes Pflanzloch zu schneiden.<\/p>\n<h2 id=\"4-water-the-seeds-well-3\">4. Gie\u00dfen Sie die Samen gut<\/h2>\n<figure class=\"van-image-figure inline-layout \" data-bordeaux-image-check id=\"4dc73d9f-941a-47a7-aae8-498f61b7a4f7\">\n<div class=\"image-full-width-wrapper\">\n<div class=\"image-widthsetter\" style=\"max-width:2400px;\"><\/div>\n<\/div>\n<\/figure>\n<p id=\"8ed50348-4b0e-40bf-82cf-1be8e5ab4201\">W\u00e4hrend Ihre Walnusskerne keimen, ben\u00f6tigen sie gleichm\u00e4\u00dfige Feuchtigkeit.<\/p>\n<p>Bew\u00e4ssern Sie die Samen beim ersten Pflanzen gut und \u00fcberwachen Sie den Boden weiterhin, um sicherzustellen, dass er nicht vollst\u00e4ndig austrocknet. Dabei kann dieses Bodenfeuchtigkeitsmessger\u00e4t von Amazon helfen.<\/p>\n<p>Wenn die S\u00e4mlinge zu schl\u00fcpfen beginnen (Sie werden sehen, wie sich die Schale \u00f6ffnet und abbricht), k\u00f6nnen Sie auch mulchen, um die Feuchtigkeit zu speichern und Unkraut zu ersticken.<\/p>\n<h2 id=\"5-transplant-seedlings-started-indoors-3\">5. Umpflanzen der S\u00e4mlinge im Innenbereich<\/h2>\n<figure class=\"van-image-figure inline-layout \" data-bordeaux-image-check id=\"0687fde1-eb0d-40ec-baaf-62b58d6d1419\">\n<div class=\"image-full-width-wrapper\">\n<div class=\"image-widthsetter\" style=\"max-width:5242px;\"><\/div>\n<\/div>\n<\/figure>\n<p id=\"1af97f44-c12a-4349-913f-3db5598eb87a\">Wenn Sie Ihre Walnusssamen nicht an ihrem endg\u00fcltigen festen Standort gepflanzt haben, m\u00fcssen Sie die Setzlinge ins Freiland verpflanzen.<\/p>\n<p>Dies sollte geschehen, wenn die S\u00e4mlinge mehrere Blatts\u00e4tze haben und etwa 15 cm hoch sind.<\/p>\n<p>Au\u00dferdem sollten Sie die S\u00e4mlinge abh\u00e4rten, bevor Sie sie in die Erde pflanzen. Sie k\u00f6nnen dies erreichen, indem Sie sie im Laufe einer Woche schrittweise den Au\u00dfentemperaturen aussetzen.<\/p>\n<p>Um ihr \u00dcberleben zu sichern, sollten die S\u00e4mlinge dann nach dem letzten Frost an einen festen Standort verpflanzt werden.<\/p>\n<p>Achten Sie auch darauf, vorsichtig mit den S\u00e4mlingen umzugehen, damit keine Wurzeln besch\u00e4digt werden. Sie k\u00f6nnen dies erreichen, indem Sie so viel Erde wie m\u00f6glich um die Wurzeln herum pflegen.<\/p>\n<h3 class=\"article-body__section\" id=\"section-faqs\"><span>FAQs<\/span><\/h3>\n<h2 id=\"are-walnut-trees-self-fertile-3\">Sind Walnussb\u00e4ume selbstfruchtbar?<\/h2>\n<hr id=\"6f7c2acf-5b2c-45df-97a0-8e6319102a95\">\n<p id=\"4af957b8-4559-485e-875c-7b17f3f55179\">Sobald Ihr Walnussbaum etabliert ist, ist es wichtig, ihn zu beschneiden, damit er Jahr f\u00fcr Jahr gesund bleibt. Dies geschieht am besten im Sp\u00e4twinter, wenn der Baum in der Ruhephase ist, und Sie sollten die notwendigen Schnittwerkzeuge verwenden, um saubere Schnitte zu erzielen. Diese Fiskars-Astschere von Amazon ist eine gute Wahl.<\/p>\n<div class=\"block\" id=\"articleTag\" data-component-name=\"PostArticleLinks\">\n<div class=\"border-b border-b-black border-solid py-2.5 text-black font-bold uppercase\">THEMEN<\/div>\n<nav class=\"py-2.5 flex gap-2.5 flex-wrap\" data-analytics-id=\"article-tag\">\n<p>B\u00e4ume<\/p>\n<\/nav>\n<\/div>\n<\/div>\n","protected":false},"excerpt":{"rendered":"<p>Walnussb\u00e4ume sind eine ganz besondere Bereicherung f\u00fcr den Garten und bieten im Fr\u00fchling gelbgr\u00fcne K\u00e4tzchen und im Herbst k\u00f6stliche Waln\u00fcsse. Auch wenn das Wachstum einsch\u00fcchternd<\/p>\n","protected":false},"author":1,"featured_media":8528,"comment_status":"closed","ping_status":"","sticky":false,"template":"","format":"standard","meta":{"footnotes":""},"categories":[118],"tags":[687,287,1703,166,11,10856,1310,839,165,10855,3360,67],"class_list":["post-8527","post","type-post","status-publish","format-standard","has-post-thumbnail","hentry","category-haus-garten","tag-anbau","tag-aus","tag-eigenen","tag-einen","tag-ihrer","tag-nussernte","tag-samen","tag-schritte","tag-sie","tag-walnussbaum","tag-zuechten","tag-zum","generate-columns","tablet-grid-50","mobile-grid-100","grid-parent","grid-50"],"yoast_head":"<!-- This site is optimized with the Yoast SEO plugin v27.3 - https:\/\/yoast.com\/product\/yoast-seo-wordpress\/ -->\n<title>So z\u00fcchten Sie einen Walnussbaum aus Samen \u2013 5 Schritte zum Anbau Ihrer eigenen Nussernte - Nachrichten - Stra\u00dfenweb<\/title>\n<meta name=\"robots\" content=\"index, follow, max-snippet:-1, max-image-preview:large, max-video-preview:-1\" \/>\n<link rel=\"canonical\" href=\"https:\/\/www.strassenweb.de\/nachrichten\/so-zuechten-sie-einen-walnussbaum-aus-samen-5-schritte-zum-anbau-ihrer-eigenen-nussernte\/\" \/>\n<meta property=\"og:locale\" content=\"de_DE\" \/>\n<meta property=\"og:type\" content=\"article\" \/>\n<meta property=\"og:title\" content=\"So z\u00fcchten Sie einen Walnussbaum aus Samen \u2013 5 Schritte zum Anbau Ihrer eigenen Nussernte - Nachrichten - Stra\u00dfenweb\" \/>\n<meta property=\"og:description\" content=\"Walnussb\u00e4ume sind eine ganz besondere Bereicherung f\u00fcr den Garten und bieten im Fr\u00fchling gelbgr\u00fcne K\u00e4tzchen und im Herbst k\u00f6stliche Waln\u00fcsse. Auch wenn das Wachstum einsch\u00fcchternd\" \/>\n<meta property=\"og:url\" content=\"https:\/\/www.strassenweb.de\/nachrichten\/so-zuechten-sie-einen-walnussbaum-aus-samen-5-schritte-zum-anbau-ihrer-eigenen-nussernte\/\" \/>\n<meta property=\"og:site_name\" content=\"Stra\u00dfenweb\" \/>\n<meta property=\"article:publisher\" content=\"https:\/\/www.facebook.com\/strassenweb\/\" \/>\n<meta property=\"article:published_time\" content=\"2025-10-16T20:39:23+00:00\" \/>\n<meta property=\"article:modified_time\" content=\"2025-10-16T20:39:24+00:00\" \/>\n<meta property=\"og:image\" content=\"https:\/\/www.strassenweb.de\/nachrichten\/wp-content\/uploads\/2025\/10\/So-zuechten-Sie-einen-Walnussbaum-aus-Samen-\u2013-5-Schritte.jpg\" \/>\n\t<meta property=\"og:image:width\" content=\"1600\" \/>\n\t<meta property=\"og:image:height\" content=\"900\" \/>\n\t<meta property=\"og:image:type\" content=\"image\/jpeg\" \/>\n<meta name=\"author\" content=\"Robert Hoffmann\" \/>\n<meta name=\"twitter:card\" content=\"summary_large_image\" \/>\n<meta name=\"twitter:label1\" content=\"Verfasst von\" \/>\n\t<meta name=\"twitter:data1\" content=\"Robert Hoffmann\" \/>\n\t<meta name=\"twitter:label2\" content=\"Gesch\u00e4tzte Lesezeit\" \/>\n\t<meta name=\"twitter:data2\" content=\"5\u00a0Minuten\" \/>\n<script type=\"application\/ld+json\" class=\"yoast-schema-graph\">{\"@context\":\"https:\\\/\\\/schema.org\",\"@graph\":[{\"@type\":\"Article\",\"@id\":\"https:\\\/\\\/www.strassenweb.de\\\/nachrichten\\\/so-zuechten-sie-einen-walnussbaum-aus-samen-5-schritte-zum-anbau-ihrer-eigenen-nussernte\\\/#article\",\"isPartOf\":{\"@id\":\"https:\\\/\\\/www.strassenweb.de\\\/nachrichten\\\/so-zuechten-sie-einen-walnussbaum-aus-samen-5-schritte-zum-anbau-ihrer-eigenen-nussernte\\\/\"},\"author\":{\"name\":\"Robert Hoffmann\",\"@id\":\"https:\\\/\\\/www.strassenweb.de\\\/nachrichten\\\/#\\\/schema\\\/person\\\/87c9c9067f1211da429a744dc5a5aa41\"},\"headline\":\"So z\u00fcchten Sie einen Walnussbaum aus Samen \u2013 5 Schritte zum Anbau Ihrer eigenen Nussernte\",\"datePublished\":\"2025-10-16T20:39:23+00:00\",\"dateModified\":\"2025-10-16T20:39:24+00:00\",\"mainEntityOfPage\":{\"@id\":\"https:\\\/\\\/www.strassenweb.de\\\/nachrichten\\\/so-zuechten-sie-einen-walnussbaum-aus-samen-5-schritte-zum-anbau-ihrer-eigenen-nussernte\\\/\"},\"wordCount\":1085,\"publisher\":{\"@id\":\"https:\\\/\\\/www.strassenweb.de\\\/nachrichten\\\/#organization\"},\"image\":{\"@id\":\"https:\\\/\\\/www.strassenweb.de\\\/nachrichten\\\/so-zuechten-sie-einen-walnussbaum-aus-samen-5-schritte-zum-anbau-ihrer-eigenen-nussernte\\\/#primaryimage\"},\"thumbnailUrl\":\"https:\\\/\\\/www.strassenweb.de\\\/nachrichten\\\/wp-content\\\/uploads\\\/2025\\\/10\\\/So-zuechten-Sie-einen-Walnussbaum-aus-Samen-\u2013-5-Schritte.jpg\",\"keywords\":[\"Anbau\",\"aus\",\"eigenen\",\"einen\",\"ihrer\",\"Nussernte\",\"Samen\",\"Schritte\",\"Sie\",\"Walnussbaum\",\"Z\u00fcchten\",\"zum\"],\"articleSection\":[\"Haus &amp; Garten\"],\"inLanguage\":\"de\"},{\"@type\":\"WebPage\",\"@id\":\"https:\\\/\\\/www.strassenweb.de\\\/nachrichten\\\/so-zuechten-sie-einen-walnussbaum-aus-samen-5-schritte-zum-anbau-ihrer-eigenen-nussernte\\\/\",\"url\":\"https:\\\/\\\/www.strassenweb.de\\\/nachrichten\\\/so-zuechten-sie-einen-walnussbaum-aus-samen-5-schritte-zum-anbau-ihrer-eigenen-nussernte\\\/\",\"name\":\"So z\u00fcchten Sie einen Walnussbaum aus Samen \u2013 5 Schritte zum Anbau Ihrer eigenen Nussernte - Nachrichten - Stra\u00dfenweb\",\"isPartOf\":{\"@id\":\"https:\\\/\\\/www.strassenweb.de\\\/nachrichten\\\/#website\"},\"primaryImageOfPage\":{\"@id\":\"https:\\\/\\\/www.strassenweb.de\\\/nachrichten\\\/so-zuechten-sie-einen-walnussbaum-aus-samen-5-schritte-zum-anbau-ihrer-eigenen-nussernte\\\/#primaryimage\"},\"image\":{\"@id\":\"https:\\\/\\\/www.strassenweb.de\\\/nachrichten\\\/so-zuechten-sie-einen-walnussbaum-aus-samen-5-schritte-zum-anbau-ihrer-eigenen-nussernte\\\/#primaryimage\"},\"thumbnailUrl\":\"https:\\\/\\\/www.strassenweb.de\\\/nachrichten\\\/wp-content\\\/uploads\\\/2025\\\/10\\\/So-zuechten-Sie-einen-Walnussbaum-aus-Samen-\u2013-5-Schritte.jpg\",\"datePublished\":\"2025-10-16T20:39:23+00:00\",\"dateModified\":\"2025-10-16T20:39:24+00:00\",\"breadcrumb\":{\"@id\":\"https:\\\/\\\/www.strassenweb.de\\\/nachrichten\\\/so-zuechten-sie-einen-walnussbaum-aus-samen-5-schritte-zum-anbau-ihrer-eigenen-nussernte\\\/#breadcrumb\"},\"inLanguage\":\"de\",\"potentialAction\":[{\"@type\":\"ReadAction\",\"target\":[\"https:\\\/\\\/www.strassenweb.de\\\/nachrichten\\\/so-zuechten-sie-einen-walnussbaum-aus-samen-5-schritte-zum-anbau-ihrer-eigenen-nussernte\\\/\"]}]},{\"@type\":\"ImageObject\",\"inLanguage\":\"de\",\"@id\":\"https:\\\/\\\/www.strassenweb.de\\\/nachrichten\\\/so-zuechten-sie-einen-walnussbaum-aus-samen-5-schritte-zum-anbau-ihrer-eigenen-nussernte\\\/#primaryimage\",\"url\":\"https:\\\/\\\/www.strassenweb.de\\\/nachrichten\\\/wp-content\\\/uploads\\\/2025\\\/10\\\/So-zuechten-Sie-einen-Walnussbaum-aus-Samen-\u2013-5-Schritte.jpg\",\"contentUrl\":\"https:\\\/\\\/www.strassenweb.de\\\/nachrichten\\\/wp-content\\\/uploads\\\/2025\\\/10\\\/So-zuechten-Sie-einen-Walnussbaum-aus-Samen-\u2013-5-Schritte.jpg\",\"width\":1600,\"height\":900,\"caption\":\"Walnut tree\"},{\"@type\":\"BreadcrumbList\",\"@id\":\"https:\\\/\\\/www.strassenweb.de\\\/nachrichten\\\/so-zuechten-sie-einen-walnussbaum-aus-samen-5-schritte-zum-anbau-ihrer-eigenen-nussernte\\\/#breadcrumb\",\"itemListElement\":[{\"@type\":\"ListItem\",\"position\":1,\"name\":\"Home\",\"item\":\"https:\\\/\\\/www.strassenweb.de\\\/nachrichten\\\/\"},{\"@type\":\"ListItem\",\"position\":2,\"name\":\"So z\u00fcchten Sie einen Walnussbaum aus Samen \u2013 5 Schritte zum Anbau Ihrer eigenen Nussernte\"}]},{\"@type\":\"WebSite\",\"@id\":\"https:\\\/\\\/www.strassenweb.de\\\/nachrichten\\\/#website\",\"url\":\"https:\\\/\\\/www.strassenweb.de\\\/nachrichten\\\/\",\"name\":\"Stra\u00dfenweb\",\"description\":\"Stra\u00dfenverzeichnis f\u00fcr Deutschland\",\"publisher\":{\"@id\":\"https:\\\/\\\/www.strassenweb.de\\\/nachrichten\\\/#organization\"},\"potentialAction\":[{\"@type\":\"SearchAction\",\"target\":{\"@type\":\"EntryPoint\",\"urlTemplate\":\"https:\\\/\\\/www.strassenweb.de\\\/nachrichten\\\/?s={search_term_string}\"},\"query-input\":{\"@type\":\"PropertyValueSpecification\",\"valueRequired\":true,\"valueName\":\"search_term_string\"}}],\"inLanguage\":\"de\"},{\"@type\":\"Organization\",\"@id\":\"https:\\\/\\\/www.strassenweb.de\\\/nachrichten\\\/#organization\",\"name\":\"Stra\u00dfenweb\",\"url\":\"https:\\\/\\\/www.strassenweb.de\\\/nachrichten\\\/\",\"logo\":{\"@type\":\"ImageObject\",\"inLanguage\":\"de\",\"@id\":\"https:\\\/\\\/www.strassenweb.de\\\/nachrichten\\\/#\\\/schema\\\/logo\\\/image\\\/\",\"url\":\"https:\\\/\\\/www.strassenweb.de\\\/nachrichten\\\/wp-content\\\/uploads\\\/2024\\\/09\\\/cropped-favicon.png\",\"contentUrl\":\"https:\\\/\\\/www.strassenweb.de\\\/nachrichten\\\/wp-content\\\/uploads\\\/2024\\\/09\\\/cropped-favicon.png\",\"width\":512,\"height\":512,\"caption\":\"Stra\u00dfenweb\"},\"image\":{\"@id\":\"https:\\\/\\\/www.strassenweb.de\\\/nachrichten\\\/#\\\/schema\\\/logo\\\/image\\\/\"},\"sameAs\":[\"https:\\\/\\\/www.facebook.com\\\/strassenweb\\\/\"]},{\"@type\":\"Person\",\"@id\":\"https:\\\/\\\/www.strassenweb.de\\\/nachrichten\\\/#\\\/schema\\\/person\\\/87c9c9067f1211da429a744dc5a5aa41\",\"name\":\"Robert Hoffmann\",\"image\":{\"@type\":\"ImageObject\",\"inLanguage\":\"de\",\"@id\":\"https:\\\/\\\/www.strassenweb.de\\\/nachrichten\\\/wp-content\\\/uploads\\\/2024\\\/09\\\/strassenweb-150x150.jpg\",\"url\":\"https:\\\/\\\/www.strassenweb.de\\\/nachrichten\\\/wp-content\\\/uploads\\\/2024\\\/09\\\/strassenweb-150x150.jpg\",\"contentUrl\":\"https:\\\/\\\/www.strassenweb.de\\\/nachrichten\\\/wp-content\\\/uploads\\\/2024\\\/09\\\/strassenweb-150x150.jpg\",\"caption\":\"Robert Hoffmann\"},\"description\":\"Ich hei\u00dfe Robert Hoffmann und ich bin ein leidenschaftlicher Verfechter von \u00d6kologie und Biodiversit\u00e4t. Seit meiner Kindheit in den W\u00e4ldern Bayerns f\u00fchle ich mich mit der Natur verbunden und bin entschlossen, sie zu sch\u00fctzen. Heute widme ich mein Leben der Sensibilisierung anderer f\u00fcr die Bedeutung des Umweltschutzes f\u00fcr zuk\u00fcnftige Generationen.\",\"sameAs\":[\"https:\\\/\\\/www.strassenweb.de\\\/\"]}]}<\/script>\n<!-- \/ Yoast SEO plugin. -->","yoast_head_json":{"title":"So z\u00fcchten Sie einen Walnussbaum aus Samen \u2013 5 Schritte zum Anbau Ihrer eigenen Nussernte - Nachrichten - Stra\u00dfenweb","robots":{"index":"index","follow":"follow","max-snippet":"max-snippet:-1","max-image-preview":"max-image-preview:large","max-video-preview":"max-video-preview:-1"},"canonical":"https:\/\/www.strassenweb.de\/nachrichten\/so-zuechten-sie-einen-walnussbaum-aus-samen-5-schritte-zum-anbau-ihrer-eigenen-nussernte\/","og_locale":"de_DE","og_type":"article","og_title":"So z\u00fcchten Sie einen Walnussbaum aus Samen \u2013 5 Schritte zum Anbau Ihrer eigenen Nussernte - Nachrichten - Stra\u00dfenweb","og_description":"Walnussb\u00e4ume sind eine ganz besondere Bereicherung f\u00fcr den Garten und bieten im Fr\u00fchling gelbgr\u00fcne K\u00e4tzchen und im Herbst k\u00f6stliche Waln\u00fcsse. Auch wenn das Wachstum einsch\u00fcchternd","og_url":"https:\/\/www.strassenweb.de\/nachrichten\/so-zuechten-sie-einen-walnussbaum-aus-samen-5-schritte-zum-anbau-ihrer-eigenen-nussernte\/","og_site_name":"Stra\u00dfenweb","article_publisher":"https:\/\/www.facebook.com\/strassenweb\/","article_published_time":"2025-10-16T20:39:23+00:00","article_modified_time":"2025-10-16T20:39:24+00:00","og_image":[{"width":1600,"height":900,"url":"https:\/\/www.strassenweb.de\/nachrichten\/wp-content\/uploads\/2025\/10\/So-zuechten-Sie-einen-Walnussbaum-aus-Samen-\u2013-5-Schritte.jpg","type":"image\/jpeg"}],"author":"Robert Hoffmann","twitter_card":"summary_large_image","twitter_misc":{"Verfasst von":"Robert Hoffmann","Gesch\u00e4tzte Lesezeit":"5\u00a0Minuten"},"schema":{"@context":"https:\/\/schema.org","@graph":[{"@type":"Article","@id":"https:\/\/www.strassenweb.de\/nachrichten\/so-zuechten-sie-einen-walnussbaum-aus-samen-5-schritte-zum-anbau-ihrer-eigenen-nussernte\/#article","isPartOf":{"@id":"https:\/\/www.strassenweb.de\/nachrichten\/so-zuechten-sie-einen-walnussbaum-aus-samen-5-schritte-zum-anbau-ihrer-eigenen-nussernte\/"},"author":{"name":"Robert Hoffmann","@id":"https:\/\/www.strassenweb.de\/nachrichten\/#\/schema\/person\/87c9c9067f1211da429a744dc5a5aa41"},"headline":"So z\u00fcchten Sie einen Walnussbaum aus Samen \u2013 5 Schritte zum Anbau Ihrer eigenen Nussernte","datePublished":"2025-10-16T20:39:23+00:00","dateModified":"2025-10-16T20:39:24+00:00","mainEntityOfPage":{"@id":"https:\/\/www.strassenweb.de\/nachrichten\/so-zuechten-sie-einen-walnussbaum-aus-samen-5-schritte-zum-anbau-ihrer-eigenen-nussernte\/"},"wordCount":1085,"publisher":{"@id":"https:\/\/www.strassenweb.de\/nachrichten\/#organization"},"image":{"@id":"https:\/\/www.strassenweb.de\/nachrichten\/so-zuechten-sie-einen-walnussbaum-aus-samen-5-schritte-zum-anbau-ihrer-eigenen-nussernte\/#primaryimage"},"thumbnailUrl":"https:\/\/www.strassenweb.de\/nachrichten\/wp-content\/uploads\/2025\/10\/So-zuechten-Sie-einen-Walnussbaum-aus-Samen-\u2013-5-Schritte.jpg","keywords":["Anbau","aus","eigenen","einen","ihrer","Nussernte","Samen","Schritte","Sie","Walnussbaum","Z\u00fcchten","zum"],"articleSection":["Haus &amp; Garten"],"inLanguage":"de"},{"@type":"WebPage","@id":"https:\/\/www.strassenweb.de\/nachrichten\/so-zuechten-sie-einen-walnussbaum-aus-samen-5-schritte-zum-anbau-ihrer-eigenen-nussernte\/","url":"https:\/\/www.strassenweb.de\/nachrichten\/so-zuechten-sie-einen-walnussbaum-aus-samen-5-schritte-zum-anbau-ihrer-eigenen-nussernte\/","name":"So z\u00fcchten Sie einen Walnussbaum aus Samen \u2013 5 Schritte zum Anbau Ihrer eigenen Nussernte - Nachrichten - Stra\u00dfenweb","isPartOf":{"@id":"https:\/\/www.strassenweb.de\/nachrichten\/#website"},"primaryImageOfPage":{"@id":"https:\/\/www.strassenweb.de\/nachrichten\/so-zuechten-sie-einen-walnussbaum-aus-samen-5-schritte-zum-anbau-ihrer-eigenen-nussernte\/#primaryimage"},"image":{"@id":"https:\/\/www.strassenweb.de\/nachrichten\/so-zuechten-sie-einen-walnussbaum-aus-samen-5-schritte-zum-anbau-ihrer-eigenen-nussernte\/#primaryimage"},"thumbnailUrl":"https:\/\/www.strassenweb.de\/nachrichten\/wp-content\/uploads\/2025\/10\/So-zuechten-Sie-einen-Walnussbaum-aus-Samen-\u2013-5-Schritte.jpg","datePublished":"2025-10-16T20:39:23+00:00","dateModified":"2025-10-16T20:39:24+00:00","breadcrumb":{"@id":"https:\/\/www.strassenweb.de\/nachrichten\/so-zuechten-sie-einen-walnussbaum-aus-samen-5-schritte-zum-anbau-ihrer-eigenen-nussernte\/#breadcrumb"},"inLanguage":"de","potentialAction":[{"@type":"ReadAction","target":["https:\/\/www.strassenweb.de\/nachrichten\/so-zuechten-sie-einen-walnussbaum-aus-samen-5-schritte-zum-anbau-ihrer-eigenen-nussernte\/"]}]},{"@type":"ImageObject","inLanguage":"de","@id":"https:\/\/www.strassenweb.de\/nachrichten\/so-zuechten-sie-einen-walnussbaum-aus-samen-5-schritte-zum-anbau-ihrer-eigenen-nussernte\/#primaryimage","url":"https:\/\/www.strassenweb.de\/nachrichten\/wp-content\/uploads\/2025\/10\/So-zuechten-Sie-einen-Walnussbaum-aus-Samen-\u2013-5-Schritte.jpg","contentUrl":"https:\/\/www.strassenweb.de\/nachrichten\/wp-content\/uploads\/2025\/10\/So-zuechten-Sie-einen-Walnussbaum-aus-Samen-\u2013-5-Schritte.jpg","width":1600,"height":900,"caption":"Walnut tree"},{"@type":"BreadcrumbList","@id":"https:\/\/www.strassenweb.de\/nachrichten\/so-zuechten-sie-einen-walnussbaum-aus-samen-5-schritte-zum-anbau-ihrer-eigenen-nussernte\/#breadcrumb","itemListElement":[{"@type":"ListItem","position":1,"name":"Home","item":"https:\/\/www.strassenweb.de\/nachrichten\/"},{"@type":"ListItem","position":2,"name":"So z\u00fcchten Sie einen Walnussbaum aus Samen \u2013 5 Schritte zum Anbau Ihrer eigenen Nussernte"}]},{"@type":"WebSite","@id":"https:\/\/www.strassenweb.de\/nachrichten\/#website","url":"https:\/\/www.strassenweb.de\/nachrichten\/","name":"Stra\u00dfenweb","description":"Stra\u00dfenverzeichnis f\u00fcr Deutschland","publisher":{"@id":"https:\/\/www.strassenweb.de\/nachrichten\/#organization"},"potentialAction":[{"@type":"SearchAction","target":{"@type":"EntryPoint","urlTemplate":"https:\/\/www.strassenweb.de\/nachrichten\/?s={search_term_string}"},"query-input":{"@type":"PropertyValueSpecification","valueRequired":true,"valueName":"search_term_string"}}],"inLanguage":"de"},{"@type":"Organization","@id":"https:\/\/www.strassenweb.de\/nachrichten\/#organization","name":"Stra\u00dfenweb","url":"https:\/\/www.strassenweb.de\/nachrichten\/","logo":{"@type":"ImageObject","inLanguage":"de","@id":"https:\/\/www.strassenweb.de\/nachrichten\/#\/schema\/logo\/image\/","url":"https:\/\/www.strassenweb.de\/nachrichten\/wp-content\/uploads\/2024\/09\/cropped-favicon.png","contentUrl":"https:\/\/www.strassenweb.de\/nachrichten\/wp-content\/uploads\/2024\/09\/cropped-favicon.png","width":512,"height":512,"caption":"Stra\u00dfenweb"},"image":{"@id":"https:\/\/www.strassenweb.de\/nachrichten\/#\/schema\/logo\/image\/"},"sameAs":["https:\/\/www.facebook.com\/strassenweb\/"]},{"@type":"Person","@id":"https:\/\/www.strassenweb.de\/nachrichten\/#\/schema\/person\/87c9c9067f1211da429a744dc5a5aa41","name":"Robert Hoffmann","image":{"@type":"ImageObject","inLanguage":"de","@id":"https:\/\/www.strassenweb.de\/nachrichten\/wp-content\/uploads\/2024\/09\/strassenweb-150x150.jpg","url":"https:\/\/www.strassenweb.de\/nachrichten\/wp-content\/uploads\/2024\/09\/strassenweb-150x150.jpg","contentUrl":"https:\/\/www.strassenweb.de\/nachrichten\/wp-content\/uploads\/2024\/09\/strassenweb-150x150.jpg","caption":"Robert Hoffmann"},"description":"Ich hei\u00dfe Robert Hoffmann und ich bin ein leidenschaftlicher Verfechter von \u00d6kologie und Biodiversit\u00e4t. Seit meiner Kindheit in den W\u00e4ldern Bayerns f\u00fchle ich mich mit der Natur verbunden und bin entschlossen, sie zu sch\u00fctzen. Heute widme ich mein Leben der Sensibilisierung anderer f\u00fcr die Bedeutung des Umweltschutzes f\u00fcr zuk\u00fcnftige Generationen.","sameAs":["https:\/\/www.strassenweb.de\/"]}]}},"_links":{"self":[{"href":"https:\/\/www.strassenweb.de\/nachrichten\/wp-json\/wp\/v2\/posts\/8527","targetHints":{"allow":["GET"]}}],"collection":[{"href":"https:\/\/www.strassenweb.de\/nachrichten\/wp-json\/wp\/v2\/posts"}],"about":[{"href":"https:\/\/www.strassenweb.de\/nachrichten\/wp-json\/wp\/v2\/types\/post"}],"author":[{"embeddable":true,"href":"https:\/\/www.strassenweb.de\/nachrichten\/wp-json\/wp\/v2\/users\/1"}],"replies":[{"embeddable":true,"href":"https:\/\/www.strassenweb.de\/nachrichten\/wp-json\/wp\/v2\/comments?post=8527"}],"version-history":[{"count":0,"href":"https:\/\/www.strassenweb.de\/nachrichten\/wp-json\/wp\/v2\/posts\/8527\/revisions"}],"wp:featuredmedia":[{"embeddable":true,"href":"https:\/\/www.strassenweb.de\/nachrichten\/wp-json\/wp\/v2\/media\/8528"}],"wp:attachment":[{"href":"https:\/\/www.strassenweb.de\/nachrichten\/wp-json\/wp\/v2\/media?parent=8527"}],"wp:term":[{"taxonomy":"category","embeddable":true,"href":"https:\/\/www.strassenweb.de\/nachrichten\/wp-json\/wp\/v2\/categories?post=8527"},{"taxonomy":"post_tag","embeddable":true,"href":"https:\/\/www.strassenweb.de\/nachrichten\/wp-json\/wp\/v2\/tags?post=8527"}],"curies":[{"name":"wp","href":"https:\/\/api.w.org\/{rel}","templated":true}]}}